{"id":10043,"date":"2025-11-06T10:08:37","date_gmt":"2025-11-06T09:08:37","guid":{"rendered":"https:\/\/www.youthforequality.sk\/?p=10043"},"modified":"2025-11-12T15:54:43","modified_gmt":"2025-11-12T14:54:43","slug":"youth-connect-discovereu-inclusion-action","status":"publish","type":"post","link":"https:\/\/www.youthforequality.sk\/index.php\/2025\/11\/06\/youth-connect-discovereu-inclusion-action\/","title":{"rendered":"Youth Connect: DiscoverEU Inclusion Action"},"content":{"rendered":"\t\t<div data-elementor-type=\"wp-post\" data-elementor-id=\"10043\" class=\"elementor elementor-10043\">\n\t\t\t\t\t\t<section class=\"elementor-section elementor-top-section elementor-element elementor-element-e9bf8c6 elementor-section-boxed elementor-section-height-default elementor-section-height-default\" data-id=\"e9bf8c6\" data-element_type=\"section\" data-e-type=\"section\">\n\t\t\t\t\t\t<div class=\"elementor-container elementor-column-gap-default\">\n\t\t\t\t\t<div class=\"elementor-column elementor-col-100 elementor-top-column elementor-element elementor-element-c202c79\" data-id=\"c202c79\" data-element_type=\"column\" data-e-type=\"column\">\n\t\t\t<div class=\"elementor-widget-wrap elementor-element-populated\">\n\t\t\t\t\t\t<div class=\"elementor-element elementor-element-8d75811 elementor-widget elementor-widget-text-editor\" data-id=\"8d75811\" data-element_type=\"widget\" data-e-type=\"widget\" data-widget_type=\"text-editor.default\">\n\t\t\t\t<div class=\"elementor-widget-container\">\n\t\t\t\t\t\t\t\t\t<p><strong>Youth Connect<\/strong> je projekt realizovan\u00fd v r\u00e1mci programu <strong>Erasmus+ DiscoverEU Inclusion<\/strong><br \/><strong>Action (KA155-YOU)<\/strong>, ktor\u00fd pon\u00faka mlad\u00fdm \u013eu\u010fom jedine\u010dn\u00fa mo\u017enos\u0165 <strong>objavi\u0165 Eur\u00f3pu<\/strong><br \/><strong>prostredn\u00edctvom cestovania, u\u010denia sa a vz\u00e1jomn\u00e9ho spozn\u00e1vania kult\u00far.<\/strong><\/p><p>\u00a0<\/p><p>Projekt je ur\u010den\u00fd pre mlad\u00fdch \u013eud\u00ed, ktor\u00ed maj\u00fa menej pr\u00edle\u017eitost\u00ed zapoji\u0165 sa do<br \/>medzin\u00e1rodn\u00fdch mobil\u00edt \u2013 \u010di u\u017e z ekonomick\u00fdch, geografick\u00fdch alebo soci\u00e1lnych d\u00f4vodov.<br \/>Cie\u013eom je umo\u017eni\u0165 im <strong>za\u017ei\u0165 Eur\u00f3pu zbl\u00edzka<\/strong>, podpori\u0165 ich <strong>sebad\u00f4veru, samostatnos\u0165 a<\/strong><br \/><strong>zmysel pre eur\u00f3pske ob\u010dianstvo.<\/strong><\/p><p>\u00a0<\/p>\t\t\t\t\t\t\t\t<\/div>\n\t\t\t\t<\/div>\n\t\t\t\t\t<\/div>\n\t\t<\/div>\n\t\t\t\t\t<\/div>\n\t\t<\/section>\n\t\t\t\t<section class=\"elementor-section elementor-top-section elementor-element elementor-element-583c248 elementor-section-boxed elementor-section-height-default elementor-section-height-default\" data-id=\"583c248\" data-element_type=\"section\" data-e-type=\"section\">\n\t\t\t\t\t\t<div class=\"elementor-container elementor-column-gap-default\">\n\t\t\t\t\t<div class=\"elementor-column elementor-col-100 elementor-top-column elementor-element elementor-element-eb49b76\" data-id=\"eb49b76\" data-element_type=\"column\" data-e-type=\"column\">\n\t\t\t<div class=\"elementor-widget-wrap elementor-element-populated\">\n\t\t\t\t\t\t<div class=\"elementor-element elementor-element-ffd095e elementor-widget elementor-widget-heading\" data-id=\"ffd095e\" data-element_type=\"widget\" data-e-type=\"widget\" data-widget_type=\"heading.default\">\n\t\t\t\t<div class=\"elementor-widget-container\">\n\t\t\t\t\t<h6 class=\"elementor-heading-title elementor-size-default\">Tri eur\u00f3pske cesty \u2013 tri skupiny mlad\u00fdch cestovate\u013eov<\/h6>\t\t\t\t<\/div>\n\t\t\t\t<\/div>\n\t\t\t\t\t<\/div>\n\t\t<\/div>\n\t\t\t\t\t<\/div>\n\t\t<\/section>\n\t\t\t\t<section class=\"elementor-section elementor-top-section elementor-element elementor-element-37a42fbc elementor-section-boxed elementor-section-height-default elementor-section-height-default\" data-id=\"37a42fbc\" data-element_type=\"section\" data-e-type=\"section\">\n\t\t\t\t\t\t<div class=\"elementor-container elementor-column-gap-default\">\n\t\t\t\t\t<div class=\"elementor-column elementor-col-100 elementor-top-column elementor-element elementor-element-3de99841\" data-id=\"3de99841\" data-element_type=\"column\" data-e-type=\"column\">\n\t\t\t<div class=\"elementor-widget-wrap elementor-element-populated\">\n\t\t\t\t\t\t<div class=\"elementor-element elementor-element-2408a63e elementor-widget elementor-widget-text-editor\" data-id=\"2408a63e\" data-element_type=\"widget\" data-e-type=\"widget\" data-widget_type=\"text-editor.default\">\n\t\t\t\t<div class=\"elementor-widget-container\">\n\t\t\t\t\t\t\t\t\t<p><br \/>Po\u010das jesene 2025 sa na cesty po Eur\u00f3pe vydali <strong>tri slovensk\u00e9 skupiny mlad\u00fdch \u013eud\u00ed<\/strong> v<br \/>sprievode svojich l\u00eddrov.<br \/>Ka\u017ed\u00e1 trasa pon\u00fakla in\u00fd poh\u013ead na Eur\u00f3pu, jej kult\u00faru, hist\u00f3riu a rozmanitos\u0165.<\/p><p>\u00a0<\/p><h5>Cesta 1 &#8211; Z\u00e1padn\u00e1 Eur\u00f3pa<\/h5><p><strong>16 \u2013 25 November 2025<\/strong><br \/><em>(Dresden \u2013 Dortmund \u2013 Brussels \u2013 Luxembourg \u2013 Nuremberg )<\/em><br \/>Prv\u00e1 skupina mlad\u00fdch \u00fa\u010dastn\u00edkov objavovala Nemecko, Belgicko a Luxembursko.<br \/>Nav\u0161t\u00edvili historick\u00e9 mest\u00e1, eur\u00f3pske in\u0161tit\u00facie v Bruseli a debatovali o tom, ako E\u00da<br \/>ovplyv\u0148uje ka\u017edodenn\u00fd \u017eivot mlad\u00fdch \u013eud\u00ed. Skupinu tvorilo 5 \u00fa\u010dastn\u00edkov a 1 sprievodn\u00e1<br \/>osoba.<\/p><p>\u00a0<\/p><h5>Cesta 2: Stredn\u00e1 Eur\u00f3pa<\/h5><p><strong>8 \u2013 17 Okt\u00f3ber 2025<\/strong><br \/><em>(Prague \u2013 Berlin \u2013 Hamburg \u2013 Frankfurt \u2013 Munich )<\/em><br \/>Druh\u00e1 skupina cestovala po strednej Eur\u00f3pe.<br \/>Po\u010das svojej desa\u0165d\u0148ovej cesty spoznali mest\u00e1 ako Praha, Berl\u00edn \u010di Hamburg, nav\u0161t\u00edvili<br \/>m\u00faze\u00e1, miesta spojen\u00e9 s eur\u00f3pskou hist\u00f3riou a diskutovali o udr\u017eate\u013enom cestovan\u00ed a<br \/>klimatickej politike.<br \/>Skupinu tvorilo 5 \u00fa\u010dastn\u00edkov a 1 sprievodn\u00e1 osoba.<\/p><p>\u00a0<\/p><h5>Cesta 3: Ju\u017en\u00e1 Eur\u00f3pa<\/h5><p><strong>30 Okt\u00f3ber \u2013 8 November 2025<\/strong><br \/><em>(Ljubljana \u2013 Venice \u2013 Bologna \u2013 Milan \u2013 Trieste)<\/em><br \/>Tretia skupina sa vydala na juh Eur\u00f3py, kde objavovala kult\u00farne bohatstvo Slovinska a<br \/>Talianska.<br \/>\u00da\u010dastn\u00edci spozn\u00e1vali lok\u00e1lne komunity, nav\u0161tevovali m\u00faze\u00e1, kult\u00farne priestory a diskutovali<br \/>o tom, ako m\u00f4\u017eu by\u0165 mlad\u00ed \u013eudia akt\u00edvni ob\u010dania aj mimo hran\u00edc svojej krajiny.<br \/>Aj t\u00fato skupinu tvorilo 5 mlad\u00fdch \u013eud\u00ed a 1 sprievodn\u00e1 osoba.\u00a0<\/p>\t\t\t\t\t\t\t\t<\/div>\n\t\t\t\t<\/div>\n\t\t\t\t\t<\/div>\n\t\t<\/div>\n\t\t\t\t\t<\/div>\n\t\t<\/section>\n\t\t\t\t<section class=\"elementor-section elementor-top-section elementor-element elementor-element-5038a93 elementor-section-boxed elementor-section-height-default elementor-section-height-default\" data-id=\"5038a93\" data-element_type=\"section\" data-e-type=\"section\">\n\t\t\t\t\t\t<div class=\"elementor-container elementor-column-gap-default\">\n\t\t\t\t\t<div class=\"elementor-column elementor-col-100 elementor-top-column elementor-element elementor-element-9f8428a\" data-id=\"9f8428a\" data-element_type=\"column\" data-e-type=\"column\">\n\t\t\t<div class=\"elementor-widget-wrap elementor-element-populated\">\n\t\t\t\t\t\t<div class=\"elementor-element elementor-element-683f4cb elementor-widget elementor-widget-heading\" data-id=\"683f4cb\" data-element_type=\"widget\" data-e-type=\"widget\" data-widget_type=\"heading.default\">\n\t\t\t\t<div class=\"elementor-widget-container\">\n\t\t\t\t\t<h6 class=\"elementor-heading-title elementor-size-default\">Ciele projektu<\/h6>\t\t\t\t<\/div>\n\t\t\t\t<\/div>\n\t\t\t\t\t<\/div>\n\t\t<\/div>\n\t\t\t\t\t<\/div>\n\t\t<\/section>\n\t\t\t\t<section class=\"elementor-section elementor-top-section elementor-element elementor-element-f8a2d5f elementor-section-boxed elementor-section-height-default elementor-section-height-default\" data-id=\"f8a2d5f\" data-element_type=\"section\" data-e-type=\"section\">\n\t\t\t\t\t\t<div class=\"elementor-container elementor-column-gap-default\">\n\t\t\t\t\t<div class=\"elementor-column elementor-col-100 elementor-top-column elementor-element elementor-element-b50e4a8\" data-id=\"b50e4a8\" data-element_type=\"column\" data-e-type=\"column\">\n\t\t\t<div class=\"elementor-widget-wrap elementor-element-populated\">\n\t\t\t\t\t\t<div class=\"elementor-element elementor-element-5bc1f88 elementor-widget elementor-widget-text-editor\" data-id=\"5bc1f88\" data-element_type=\"widget\" data-e-type=\"widget\" data-widget_type=\"text-editor.default\">\n\t\t\t\t<div class=\"elementor-widget-container\">\n\t\t\t\t\t\t\t\t\t<p>\u25cf umo\u017eni\u0165 mlad\u00fdm \u013eu\u010fom spozna\u0165 Eur\u00f3pu prostredn\u00edctvom u\u010denia v pohybe,<br \/>\u25cf podpori\u0165 soci\u00e1lne za\u010dlenenie a osobnostn\u00fd rozvoj,<br \/>\u25cf rozv\u00edja\u0165 interkult\u00farny dial\u00f3g, toleranciu a eur\u00f3pske hodnoty,<br \/>\u25cf posilni\u0165 z\u00e1ujem o akt\u00edvne ob\u010dianstvo a \u00fa\u010das\u0165 na eur\u00f3pskom dian\u00ed.\u00a0<\/p><p>\u00a0<\/p>\t\t\t\t\t\t\t\t<\/div>\n\t\t\t\t<\/div>\n\t\t\t\t\t<\/div>\n\t\t<\/div>\n\t\t\t\t\t<\/div>\n\t\t<\/section>\n\t\t\t\t<section class=\"elementor-section elementor-top-section elementor-element elementor-element-e5a5972 elementor-section-boxed elementor-section-height-default elementor-section-height-default\" data-id=\"e5a5972\" data-element_type=\"section\" data-e-type=\"section\">\n\t\t\t\t\t\t<div class=\"elementor-container elementor-column-gap-default\">\n\t\t\t\t\t<div class=\"elementor-column elementor-col-100 elementor-top-column elementor-element elementor-element-c026df7\" data-id=\"c026df7\" data-element_type=\"column\" data-e-type=\"column\">\n\t\t\t<div class=\"elementor-widget-wrap elementor-element-populated\">\n\t\t\t\t\t\t<div class=\"elementor-element elementor-element-6925368 elementor-widget elementor-widget-heading\" data-id=\"6925368\" data-element_type=\"widget\" data-e-type=\"widget\" data-widget_type=\"heading.default\">\n\t\t\t\t<div class=\"elementor-widget-container\">\n\t\t\t\t\t<h6 class=\"elementor-heading-title elementor-size-default\">V\u00fdsledky a dopad<\/h6>\t\t\t\t<\/div>\n\t\t\t\t<\/div>\n\t\t\t\t\t<\/div>\n\t\t<\/div>\n\t\t\t\t\t<\/div>\n\t\t<\/section>\n\t\t\t\t<section class=\"elementor-section elementor-top-section elementor-element elementor-element-6286df4 elementor-section-boxed elementor-section-height-default elementor-section-height-default\" data-id=\"6286df4\" data-element_type=\"section\" data-e-type=\"section\">\n\t\t\t\t\t\t<div class=\"elementor-container elementor-column-gap-default\">\n\t\t\t\t\t<div class=\"elementor-column elementor-col-100 elementor-top-column elementor-element elementor-element-154d662\" data-id=\"154d662\" data-element_type=\"column\" data-e-type=\"column\">\n\t\t\t<div class=\"elementor-widget-wrap elementor-element-populated\">\n\t\t\t\t\t\t<div class=\"elementor-element elementor-element-960e591 elementor-widget elementor-widget-text-editor\" data-id=\"960e591\" data-element_type=\"widget\" data-e-type=\"widget\" data-widget_type=\"text-editor.default\">\n\t\t\t\t<div class=\"elementor-widget-container\">\n\t\t\t\t\t\t\t\t\t<p>Ka\u017ed\u00e1 z ciest bola nielen cestovate\u013esk\u00fdm dobrodru\u017estvom, ale aj <strong>vzdel\u00e1vac\u00edm z\u00e1\u017eitkom<\/strong>, ktor\u00fd posilnil nez\u00e1vislos\u0165, t\u00edmov\u00e9ho ducha a schopnos\u0165 orientova\u0165 sa v novom prostred\u00ed.<br \/>\u00da\u010dastn\u00edci po n\u00e1vrate zdie\u013eaj\u00fa svoje sk\u00fasenosti v lok\u00e1lnych komunit\u00e1ch, \u0161kol\u00e1ch a na soci\u00e1lnych sie\u0165ach \u2013 ako in\u0161pir\u00e1ciu pre \u010fal\u0161\u00edch mlad\u00fdch \u013eud\u00ed, \u017ee Eur\u00f3pa je im otvoren\u00e1.<\/p>\t\t\t\t\t\t\t\t<\/div>\n\t\t\t\t<\/div>\n\t\t\t\t\t<\/div>\n\t\t<\/div>\n\t\t\t\t\t<\/div>\n\t\t<\/section>\n\t\t\t\t<section class=\"elementor-section elementor-top-section elementor-element elementor-element-6e9456b elementor-section-boxed elementor-section-height-default elementor-section-height-default\" data-id=\"6e9456b\" data-element_type=\"section\" data-e-type=\"section\">\n\t\t\t\t\t\t<div class=\"elementor-container elementor-column-gap-default\">\n\t\t\t\t\t<div class=\"elementor-column elementor-col-100 elementor-top-column elementor-element elementor-element-78647d0\" data-id=\"78647d0\" data-element_type=\"column\" data-e-type=\"column\">\n\t\t\t<div class=\"elementor-widget-wrap\">\n\t\t\t\t\t\t\t<\/div>\n\t\t<\/div>\n\t\t\t\t\t<\/div>\n\t\t<\/section>\n\t\t\t\t<section class=\"elementor-section elementor-top-section elementor-element elementor-element-1cbd894 elementor-section-boxed elementor-section-height-default elementor-section-height-default\" data-id=\"1cbd894\" data-element_type=\"section\" data-e-type=\"section\">\n\t\t\t\t\t\t<div class=\"elementor-container elementor-column-gap-default\">\n\t\t\t\t\t<div class=\"elementor-column elementor-col-33 elementor-top-column elementor-element elementor-element-c3bfdf6\" data-id=\"c3bfdf6\" data-element_type=\"column\" data-e-type=\"column\">\n\t\t\t<div class=\"elementor-widget-wrap\">\n\t\t\t\t\t\t\t<\/div>\n\t\t<\/div>\n\t\t\t\t<div class=\"elementor-column elementor-col-33 elementor-top-column elementor-element elementor-element-4e01e34\" data-id=\"4e01e34\" data-element_type=\"column\" data-e-type=\"column\">\n\t\t\t<div class=\"elementor-widget-wrap elementor-element-populated\">\n\t\t\t\t\t\t<div class=\"elementor-element elementor-element-9b54033 elementor-widget__width-initial elementor-widget elementor-widget-image\" data-id=\"9b54033\" data-element_type=\"widget\" data-e-type=\"widget\" data-widget_type=\"image.default\">\n\t\t\t\t<div class=\"elementor-widget-container\">\n\t\t\t\t\t\t\t\t\t\t\t\t\t\t\t<img fetchpriority=\"high\" decoding=\"async\" width=\"1024\" height=\"215\" src=\"https:\/\/www.youthforequality.sk\/wp-content\/uploads\/2023\/10\/EN-Co-funded-by-the-EU_POS-1024x215.jpg\" class=\"attachment-large size-large wp-image-6940\" alt=\"\" srcset=\"https:\/\/www.youthforequality.sk\/wp-content\/uploads\/2023\/10\/EN-Co-funded-by-the-EU_POS-1024x215.jpg 1024w, https:\/\/www.youthforequality.sk\/wp-content\/uploads\/2023\/10\/EN-Co-funded-by-the-EU_POS-300x63.jpg 300w, https:\/\/www.youthforequality.sk\/wp-content\/uploads\/2023\/10\/EN-Co-funded-by-the-EU_POS-768x161.jpg 768w, https:\/\/www.youthforequality.sk\/wp-content\/uploads\/2023\/10\/EN-Co-funded-by-the-EU_POS-1536x322.jpg 1536w, https:\/\/www.youthforequality.sk\/wp-content\/uploads\/2023\/10\/EN-Co-funded-by-the-EU_POS-2048x430.jpg 2048w\" sizes=\"(max-width: 1024px) 100vw, 1024px\" \/>\t\t\t\t\t\t\t\t\t\t\t\t\t\t\t<\/div>\n\t\t\t\t<\/div>\n\t\t\t\t\t<\/div>\n\t\t<\/div>\n\t\t\t\t<div class=\"elementor-column elementor-col-33 elementor-top-column elementor-element elementor-element-ea91462\" data-id=\"ea91462\" data-element_type=\"column\" data-e-type=\"column\">\n\t\t\t<div class=\"elementor-widget-wrap\">\n\t\t\t\t\t\t\t<\/div>\n\t\t<\/div>\n\t\t\t\t\t<\/div>\n\t\t<\/section>\n\t\t\t\t<\/div>\n\t\t","protected":false},"excerpt":{"rendered":"<p>Youth Connect je projekt realizovan\u00fd v r\u00e1mci programu Erasmus+ DiscoverEU InclusionAction (KA155-YOU), ktor\u00fd pon\u00faka mlad\u00fdm \u013eu\u010fom jedine\u010dn\u00fa mo\u017enos\u0165 objavi\u0165 Eur\u00f3puprostredn\u00edctvom cestovania, u\u010denia sa a vz\u00e1jomn\u00e9ho spozn\u00e1vania kult\u00far. \u00a0 Projekt je ur\u010den\u00fd pre mlad\u00fdch \u013eud\u00ed, ktor\u00ed maj\u00fa menej pr\u00edle\u017eitost\u00ed zapoji\u0165 sa domedzin\u00e1rodn\u00fdch mobil\u00edt \u2013 \u010di u\u017e z ekonomick\u00fdch, geografick\u00fdch alebo soci\u00e1lnych d\u00f4vodov.Cie\u013eom je umo\u017eni\u0165 im za\u017ei\u0165&hellip;&nbsp;<a href=\"https:\/\/www.youthforequality.sk\/index.php\/2025\/11\/06\/youth-connect-discovereu-inclusion-action\/\" class=\"\" rel=\"bookmark\">\u010c\u00edta\u0165 viac &raquo;<span class=\"screen-reader-text\">Youth Connect: DiscoverEU Inclusion Action<\/span><\/a><\/p>\n","protected":false},"author":2,"featured_media":10218,"comment_status":"closed","ping_status":"open","sticky":false,"template":"","format":"standard","meta":{"_uf_show_specific_survey":0,"_uf_disable_surveys":false,"neve_meta_sidebar":"","neve_meta_container":"","neve_meta_enable_content_width":"off","neve_meta_content_width":70,"neve_meta_title_alignment":"","neve_meta_author_avatar":"","neve_post_elements_order":"","neve_meta_disable_header":"","neve_meta_disable_footer":"","neve_meta_disable_title":"","_themeisle_gutenberg_block_has_review":false,"footnotes":""},"categories":[52],"tags":[],"class_list":["post-10043","post","type-post","status-publish","format-standard","has-post-thumbnail","hentry","category-pripravujeme-discovereu"],"yoast_head":"<!-- This site is optimized with the Yoast SEO plugin v27.4 - https:\/\/yoast.com\/product\/yoast-seo-wordpress\/ -->\n<title>Youth Connect: DiscoverEU Inclusion Action |<\/title>\n<meta name=\"robots\" content=\"index, follow, max-snippet:-1, max-image-preview:large, max-video-preview:-1\" \/>\n<link rel=\"canonical\" href=\"https:\/\/www.youthforequality.sk\/index.php\/2025\/11\/06\/youth-connect-discovereu-inclusion-action\/\" \/>\n<meta property=\"og:locale\" content=\"sk_SK\" \/>\n<meta property=\"og:type\" content=\"article\" \/>\n<meta property=\"og:title\" content=\"Youth Connect: DiscoverEU Inclusion Action |\" \/>\n<meta property=\"og:description\" content=\"Youth Connect je projekt realizovan\u00fd v r\u00e1mci programu Erasmus+ DiscoverEU InclusionAction (KA155-YOU), ktor\u00fd pon\u00faka mlad\u00fdm \u013eu\u010fom jedine\u010dn\u00fa mo\u017enos\u0165 objavi\u0165 Eur\u00f3puprostredn\u00edctvom cestovania, u\u010denia sa a vz\u00e1jomn\u00e9ho spozn\u00e1vania kult\u00far. \u00a0 Projekt je ur\u010den\u00fd pre mlad\u00fdch \u013eud\u00ed, ktor\u00ed maj\u00fa menej pr\u00edle\u017eitost\u00ed zapoji\u0165 sa domedzin\u00e1rodn\u00fdch mobil\u00edt \u2013 \u010di u\u017e z ekonomick\u00fdch, geografick\u00fdch alebo soci\u00e1lnych d\u00f4vodov.Cie\u013eom je umo\u017eni\u0165 im za\u017ei\u0165&hellip;&nbsp;\u010c\u00edta\u0165 viac &raquo;Youth Connect: DiscoverEU Inclusion Action\" \/>\n<meta property=\"og:url\" content=\"https:\/\/www.youthforequality.sk\/index.php\/2025\/11\/06\/youth-connect-discovereu-inclusion-action\/\" \/>\n<meta property=\"article:publisher\" content=\"https:\/\/www.facebook.com\/yeslovakia\" \/>\n<meta property=\"article:published_time\" content=\"2025-11-06T09:08:37+00:00\" \/>\n<meta property=\"article:modified_time\" content=\"2025-11-12T14:54:43+00:00\" \/>\n<meta property=\"og:image\" content=\"https:\/\/www.youthforequality.sk\/wp-content\/uploads\/2025\/11\/Screenshot-2025-11-12-at-13.37.59.png\" \/>\n\t<meta property=\"og:image:width\" content=\"1968\" \/>\n\t<meta property=\"og:image:height\" content=\"1390\" \/>\n\t<meta property=\"og:image:type\" content=\"image\/png\" \/>\n<meta name=\"author\" content=\"Diana Ja\u0161ekov\u00e1\" \/>\n<meta name=\"twitter:card\" content=\"summary_large_image\" \/>\n<meta name=\"twitter:label1\" content=\"Autor\" \/>\n\t<meta name=\"twitter:data1\" content=\"Diana Ja\u0161ekov\u00e1\" \/>\n\t<meta name=\"twitter:label2\" content=\"Predpokladan\u00fd \u010das \u010d\u00edtania\" \/>\n\t<meta name=\"twitter:data2\" content=\"3 min\u00faty\" \/>\n<script type=\"application\/ld+json\" class=\"yoast-schema-graph\">{\"@context\":\"https:\\\/\\\/schema.org\",\"@graph\":[{\"@type\":\"Article\",\"@id\":\"https:\\\/\\\/www.youthforequality.sk\\\/index.php\\\/2025\\\/11\\\/06\\\/youth-connect-discovereu-inclusion-action\\\/#article\",\"isPartOf\":{\"@id\":\"https:\\\/\\\/www.youthforequality.sk\\\/index.php\\\/2025\\\/11\\\/06\\\/youth-connect-discovereu-inclusion-action\\\/\"},\"author\":{\"name\":\"Diana Ja\u0161ekov\u00e1\",\"@id\":\"https:\\\/\\\/www.youthforequality.sk\\\/#\\\/schema\\\/person\\\/be8fe75a4ed9c28400bc99a029218b24\"},\"headline\":\"Youth Connect: DiscoverEU Inclusion Action\",\"datePublished\":\"2025-11-06T09:08:37+00:00\",\"dateModified\":\"2025-11-12T14:54:43+00:00\",\"mainEntityOfPage\":{\"@id\":\"https:\\\/\\\/www.youthforequality.sk\\\/index.php\\\/2025\\\/11\\\/06\\\/youth-connect-discovereu-inclusion-action\\\/\"},\"wordCount\":467,\"publisher\":{\"@id\":\"https:\\\/\\\/www.youthforequality.sk\\\/#organization\"},\"image\":{\"@id\":\"https:\\\/\\\/www.youthforequality.sk\\\/index.php\\\/2025\\\/11\\\/06\\\/youth-connect-discovereu-inclusion-action\\\/#primaryimage\"},\"thumbnailUrl\":\"https:\\\/\\\/www.youthforequality.sk\\\/wp-content\\\/uploads\\\/2025\\\/11\\\/Screenshot-2025-11-12-at-13.37.59.png\",\"articleSection\":[\"pripravujeme discoverEU\"],\"inLanguage\":\"sk-SK\"},{\"@type\":\"WebPage\",\"@id\":\"https:\\\/\\\/www.youthforequality.sk\\\/index.php\\\/2025\\\/11\\\/06\\\/youth-connect-discovereu-inclusion-action\\\/\",\"url\":\"https:\\\/\\\/www.youthforequality.sk\\\/index.php\\\/2025\\\/11\\\/06\\\/youth-connect-discovereu-inclusion-action\\\/\",\"name\":\"Youth Connect: DiscoverEU Inclusion Action |\",\"isPartOf\":{\"@id\":\"https:\\\/\\\/www.youthforequality.sk\\\/#website\"},\"primaryImageOfPage\":{\"@id\":\"https:\\\/\\\/www.youthforequality.sk\\\/index.php\\\/2025\\\/11\\\/06\\\/youth-connect-discovereu-inclusion-action\\\/#primaryimage\"},\"image\":{\"@id\":\"https:\\\/\\\/www.youthforequality.sk\\\/index.php\\\/2025\\\/11\\\/06\\\/youth-connect-discovereu-inclusion-action\\\/#primaryimage\"},\"thumbnailUrl\":\"https:\\\/\\\/www.youthforequality.sk\\\/wp-content\\\/uploads\\\/2025\\\/11\\\/Screenshot-2025-11-12-at-13.37.59.png\",\"datePublished\":\"2025-11-06T09:08:37+00:00\",\"dateModified\":\"2025-11-12T14:54:43+00:00\",\"breadcrumb\":{\"@id\":\"https:\\\/\\\/www.youthforequality.sk\\\/index.php\\\/2025\\\/11\\\/06\\\/youth-connect-discovereu-inclusion-action\\\/#breadcrumb\"},\"inLanguage\":\"sk-SK\",\"potentialAction\":[{\"@type\":\"ReadAction\",\"target\":[\"https:\\\/\\\/www.youthforequality.sk\\\/index.php\\\/2025\\\/11\\\/06\\\/youth-connect-discovereu-inclusion-action\\\/\"]}]},{\"@type\":\"ImageObject\",\"inLanguage\":\"sk-SK\",\"@id\":\"https:\\\/\\\/www.youthforequality.sk\\\/index.php\\\/2025\\\/11\\\/06\\\/youth-connect-discovereu-inclusion-action\\\/#primaryimage\",\"url\":\"https:\\\/\\\/www.youthforequality.sk\\\/wp-content\\\/uploads\\\/2025\\\/11\\\/Screenshot-2025-11-12-at-13.37.59.png\",\"contentUrl\":\"https:\\\/\\\/www.youthforequality.sk\\\/wp-content\\\/uploads\\\/2025\\\/11\\\/Screenshot-2025-11-12-at-13.37.59.png\",\"width\":1968,\"height\":1390},{\"@type\":\"BreadcrumbList\",\"@id\":\"https:\\\/\\\/www.youthforequality.sk\\\/index.php\\\/2025\\\/11\\\/06\\\/youth-connect-discovereu-inclusion-action\\\/#breadcrumb\",\"itemListElement\":[{\"@type\":\"ListItem\",\"position\":1,\"name\":\"Home\",\"item\":\"https:\\\/\\\/www.youthforequality.sk\\\/\"},{\"@type\":\"ListItem\",\"position\":2,\"name\":\"Youth Connect: DiscoverEU Inclusion Action\"}]},{\"@type\":\"WebSite\",\"@id\":\"https:\\\/\\\/www.youthforequality.sk\\\/#website\",\"url\":\"https:\\\/\\\/www.youthforequality.sk\\\/\",\"name\":\"\",\"description\":\"\",\"publisher\":{\"@id\":\"https:\\\/\\\/www.youthforequality.sk\\\/#organization\"},\"potentialAction\":[{\"@type\":\"SearchAction\",\"target\":{\"@type\":\"EntryPoint\",\"urlTemplate\":\"https:\\\/\\\/www.youthforequality.sk\\\/?s={search_term_string}\"},\"query-input\":{\"@type\":\"PropertyValueSpecification\",\"valueRequired\":true,\"valueName\":\"search_term_string\"}}],\"inLanguage\":\"sk-SK\"},{\"@type\":\"Organization\",\"@id\":\"https:\\\/\\\/www.youthforequality.sk\\\/#organization\",\"name\":\"Youth for Equality\",\"url\":\"https:\\\/\\\/www.youthforequality.sk\\\/\",\"logo\":{\"@type\":\"ImageObject\",\"inLanguage\":\"sk-SK\",\"@id\":\"https:\\\/\\\/www.youthforequality.sk\\\/#\\\/schema\\\/logo\\\/image\\\/\",\"url\":\"https:\\\/\\\/www.youthforequality.sk\\\/wp-content\\\/uploads\\\/2021\\\/01\\\/vynovene-logo-nove-farby_modra-na-web.png\",\"contentUrl\":\"https:\\\/\\\/www.youthforequality.sk\\\/wp-content\\\/uploads\\\/2021\\\/01\\\/vynovene-logo-nove-farby_modra-na-web.png\",\"width\":1,\"height\":1,\"caption\":\"Youth for Equality\"},\"image\":{\"@id\":\"https:\\\/\\\/www.youthforequality.sk\\\/#\\\/schema\\\/logo\\\/image\\\/\"},\"sameAs\":[\"https:\\\/\\\/www.facebook.com\\\/yeslovakia\"]},{\"@type\":\"Person\",\"@id\":\"https:\\\/\\\/www.youthforequality.sk\\\/#\\\/schema\\\/person\\\/be8fe75a4ed9c28400bc99a029218b24\",\"name\":\"Diana Ja\u0161ekov\u00e1\",\"image\":{\"@type\":\"ImageObject\",\"inLanguage\":\"sk-SK\",\"@id\":\"https:\\\/\\\/secure.gravatar.com\\\/avatar\\\/8c7454049523c9673804cf321f89b38fd4fcd5aa5ad8961f32caaf292dfd996f?s=96&d=mm&r=g\",\"url\":\"https:\\\/\\\/secure.gravatar.com\\\/avatar\\\/8c7454049523c9673804cf321f89b38fd4fcd5aa5ad8961f32caaf292dfd996f?s=96&d=mm&r=g\",\"contentUrl\":\"https:\\\/\\\/secure.gravatar.com\\\/avatar\\\/8c7454049523c9673804cf321f89b38fd4fcd5aa5ad8961f32caaf292dfd996f?s=96&d=mm&r=g\",\"caption\":\"Diana Ja\u0161ekov\u00e1\"},\"url\":\"https:\\\/\\\/www.youthforequality.sk\\\/index.php\\\/author\\\/diajas\\\/\"}]}<\/script>\n<!-- \/ Yoast SEO plugin. -->","yoast_head_json":{"title":"Youth Connect: DiscoverEU Inclusion Action |","robots":{"index":"index","follow":"follow","max-snippet":"max-snippet:-1","max-image-preview":"max-image-preview:large","max-video-preview":"max-video-preview:-1"},"canonical":"https:\/\/www.youthforequality.sk\/index.php\/2025\/11\/06\/youth-connect-discovereu-inclusion-action\/","og_locale":"sk_SK","og_type":"article","og_title":"Youth Connect: DiscoverEU Inclusion Action |","og_description":"Youth Connect je projekt realizovan\u00fd v r\u00e1mci programu Erasmus+ DiscoverEU InclusionAction (KA155-YOU), ktor\u00fd pon\u00faka mlad\u00fdm \u013eu\u010fom jedine\u010dn\u00fa mo\u017enos\u0165 objavi\u0165 Eur\u00f3puprostredn\u00edctvom cestovania, u\u010denia sa a vz\u00e1jomn\u00e9ho spozn\u00e1vania kult\u00far. \u00a0 Projekt je ur\u010den\u00fd pre mlad\u00fdch \u013eud\u00ed, ktor\u00ed maj\u00fa menej pr\u00edle\u017eitost\u00ed zapoji\u0165 sa domedzin\u00e1rodn\u00fdch mobil\u00edt \u2013 \u010di u\u017e z ekonomick\u00fdch, geografick\u00fdch alebo soci\u00e1lnych d\u00f4vodov.Cie\u013eom je umo\u017eni\u0165 im za\u017ei\u0165&hellip;&nbsp;\u010c\u00edta\u0165 viac &raquo;Youth Connect: DiscoverEU Inclusion Action","og_url":"https:\/\/www.youthforequality.sk\/index.php\/2025\/11\/06\/youth-connect-discovereu-inclusion-action\/","article_publisher":"https:\/\/www.facebook.com\/yeslovakia","article_published_time":"2025-11-06T09:08:37+00:00","article_modified_time":"2025-11-12T14:54:43+00:00","og_image":[{"width":1968,"height":1390,"url":"https:\/\/www.youthforequality.sk\/wp-content\/uploads\/2025\/11\/Screenshot-2025-11-12-at-13.37.59.png","type":"image\/png"}],"author":"Diana Ja\u0161ekov\u00e1","twitter_card":"summary_large_image","twitter_misc":{"Autor":"Diana Ja\u0161ekov\u00e1","Predpokladan\u00fd \u010das \u010d\u00edtania":"3 min\u00faty"},"schema":{"@context":"https:\/\/schema.org","@graph":[{"@type":"Article","@id":"https:\/\/www.youthforequality.sk\/index.php\/2025\/11\/06\/youth-connect-discovereu-inclusion-action\/#article","isPartOf":{"@id":"https:\/\/www.youthforequality.sk\/index.php\/2025\/11\/06\/youth-connect-discovereu-inclusion-action\/"},"author":{"name":"Diana Ja\u0161ekov\u00e1","@id":"https:\/\/www.youthforequality.sk\/#\/schema\/person\/be8fe75a4ed9c28400bc99a029218b24"},"headline":"Youth Connect: DiscoverEU Inclusion Action","datePublished":"2025-11-06T09:08:37+00:00","dateModified":"2025-11-12T14:54:43+00:00","mainEntityOfPage":{"@id":"https:\/\/www.youthforequality.sk\/index.php\/2025\/11\/06\/youth-connect-discovereu-inclusion-action\/"},"wordCount":467,"publisher":{"@id":"https:\/\/www.youthforequality.sk\/#organization"},"image":{"@id":"https:\/\/www.youthforequality.sk\/index.php\/2025\/11\/06\/youth-connect-discovereu-inclusion-action\/#primaryimage"},"thumbnailUrl":"https:\/\/www.youthforequality.sk\/wp-content\/uploads\/2025\/11\/Screenshot-2025-11-12-at-13.37.59.png","articleSection":["pripravujeme discoverEU"],"inLanguage":"sk-SK"},{"@type":"WebPage","@id":"https:\/\/www.youthforequality.sk\/index.php\/2025\/11\/06\/youth-connect-discovereu-inclusion-action\/","url":"https:\/\/www.youthforequality.sk\/index.php\/2025\/11\/06\/youth-connect-discovereu-inclusion-action\/","name":"Youth Connect: DiscoverEU Inclusion Action |","isPartOf":{"@id":"https:\/\/www.youthforequality.sk\/#website"},"primaryImageOfPage":{"@id":"https:\/\/www.youthforequality.sk\/index.php\/2025\/11\/06\/youth-connect-discovereu-inclusion-action\/#primaryimage"},"image":{"@id":"https:\/\/www.youthforequality.sk\/index.php\/2025\/11\/06\/youth-connect-discovereu-inclusion-action\/#primaryimage"},"thumbnailUrl":"https:\/\/www.youthforequality.sk\/wp-content\/uploads\/2025\/11\/Screenshot-2025-11-12-at-13.37.59.png","datePublished":"2025-11-06T09:08:37+00:00","dateModified":"2025-11-12T14:54:43+00:00","breadcrumb":{"@id":"https:\/\/www.youthforequality.sk\/index.php\/2025\/11\/06\/youth-connect-discovereu-inclusion-action\/#breadcrumb"},"inLanguage":"sk-SK","potentialAction":[{"@type":"ReadAction","target":["https:\/\/www.youthforequality.sk\/index.php\/2025\/11\/06\/youth-connect-discovereu-inclusion-action\/"]}]},{"@type":"ImageObject","inLanguage":"sk-SK","@id":"https:\/\/www.youthforequality.sk\/index.php\/2025\/11\/06\/youth-connect-discovereu-inclusion-action\/#primaryimage","url":"https:\/\/www.youthforequality.sk\/wp-content\/uploads\/2025\/11\/Screenshot-2025-11-12-at-13.37.59.png","contentUrl":"https:\/\/www.youthforequality.sk\/wp-content\/uploads\/2025\/11\/Screenshot-2025-11-12-at-13.37.59.png","width":1968,"height":1390},{"@type":"BreadcrumbList","@id":"https:\/\/www.youthforequality.sk\/index.php\/2025\/11\/06\/youth-connect-discovereu-inclusion-action\/#breadcrumb","itemListElement":[{"@type":"ListItem","position":1,"name":"Home","item":"https:\/\/www.youthforequality.sk\/"},{"@type":"ListItem","position":2,"name":"Youth Connect: DiscoverEU Inclusion Action"}]},{"@type":"WebSite","@id":"https:\/\/www.youthforequality.sk\/#website","url":"https:\/\/www.youthforequality.sk\/","name":"","description":"","publisher":{"@id":"https:\/\/www.youthforequality.sk\/#organization"},"potentialAction":[{"@type":"SearchAction","target":{"@type":"EntryPoint","urlTemplate":"https:\/\/www.youthforequality.sk\/?s={search_term_string}"},"query-input":{"@type":"PropertyValueSpecification","valueRequired":true,"valueName":"search_term_string"}}],"inLanguage":"sk-SK"},{"@type":"Organization","@id":"https:\/\/www.youthforequality.sk\/#organization","name":"Youth for Equality","url":"https:\/\/www.youthforequality.sk\/","logo":{"@type":"ImageObject","inLanguage":"sk-SK","@id":"https:\/\/www.youthforequality.sk\/#\/schema\/logo\/image\/","url":"https:\/\/www.youthforequality.sk\/wp-content\/uploads\/2021\/01\/vynovene-logo-nove-farby_modra-na-web.png","contentUrl":"https:\/\/www.youthforequality.sk\/wp-content\/uploads\/2021\/01\/vynovene-logo-nove-farby_modra-na-web.png","width":1,"height":1,"caption":"Youth for Equality"},"image":{"@id":"https:\/\/www.youthforequality.sk\/#\/schema\/logo\/image\/"},"sameAs":["https:\/\/www.facebook.com\/yeslovakia"]},{"@type":"Person","@id":"https:\/\/www.youthforequality.sk\/#\/schema\/person\/be8fe75a4ed9c28400bc99a029218b24","name":"Diana Ja\u0161ekov\u00e1","image":{"@type":"ImageObject","inLanguage":"sk-SK","@id":"https:\/\/secure.gravatar.com\/avatar\/8c7454049523c9673804cf321f89b38fd4fcd5aa5ad8961f32caaf292dfd996f?s=96&d=mm&r=g","url":"https:\/\/secure.gravatar.com\/avatar\/8c7454049523c9673804cf321f89b38fd4fcd5aa5ad8961f32caaf292dfd996f?s=96&d=mm&r=g","contentUrl":"https:\/\/secure.gravatar.com\/avatar\/8c7454049523c9673804cf321f89b38fd4fcd5aa5ad8961f32caaf292dfd996f?s=96&d=mm&r=g","caption":"Diana Ja\u0161ekov\u00e1"},"url":"https:\/\/www.youthforequality.sk\/index.php\/author\/diajas\/"}]}},"_links":{"self":[{"href":"https:\/\/www.youthforequality.sk\/index.php\/wp-json\/wp\/v2\/posts\/10043","targetHints":{"allow":["GET"]}}],"collection":[{"href":"https:\/\/www.youthforequality.sk\/index.php\/wp-json\/wp\/v2\/posts"}],"about":[{"href":"https:\/\/www.youthforequality.sk\/index.php\/wp-json\/wp\/v2\/types\/post"}],"author":[{"embeddable":true,"href":"https:\/\/www.youthforequality.sk\/index.php\/wp-json\/wp\/v2\/users\/2"}],"replies":[{"embeddable":true,"href":"https:\/\/www.youthforequality.sk\/index.php\/wp-json\/wp\/v2\/comments?post=10043"}],"version-history":[{"count":8,"href":"https:\/\/www.youthforequality.sk\/index.php\/wp-json\/wp\/v2\/posts\/10043\/revisions"}],"predecessor-version":[{"id":10225,"href":"https:\/\/www.youthforequality.sk\/index.php\/wp-json\/wp\/v2\/posts\/10043\/revisions\/10225"}],"wp:featuredmedia":[{"embeddable":true,"href":"https:\/\/www.youthforequality.sk\/index.php\/wp-json\/wp\/v2\/media\/10218"}],"wp:attachment":[{"href":"https:\/\/www.youthforequality.sk\/index.php\/wp-json\/wp\/v2\/media?parent=10043"}],"wp:term":[{"taxonomy":"category","embeddable":true,"href":"https:\/\/www.youthforequality.sk\/index.php\/wp-json\/wp\/v2\/categories?post=10043"},{"taxonomy":"post_tag","embeddable":true,"href":"https:\/\/www.youthforequality.sk\/index.php\/wp-json\/wp\/v2\/tags?post=10043"}],"curies":[{"name":"wp","href":"https:\/\/api.w.org\/{rel}","templated":true}]}}