{"id":10169,"date":"2025-11-11T14:37:35","date_gmt":"2025-11-11T13:37:35","guid":{"rendered":"https:\/\/www.youthforequality.sk\/?p=10169"},"modified":"2025-12-03T20:10:56","modified_gmt":"2025-12-03T19:10:56","slug":"move-for-health-moving-towards-better-health-2","status":"publish","type":"post","link":"https:\/\/www.youthforequality.sk\/index.php\/2025\/11\/11\/move-for-health-moving-towards-better-health-2\/","title":{"rendered":"Move for Health: Moving Towards Better Health 2"},"content":{"rendered":"\t\t<div data-elementor-type=\"wp-post\" data-elementor-id=\"10169\" class=\"elementor elementor-10169\">\n\t\t\t\t\t\t<section class=\"elementor-section elementor-top-section elementor-element elementor-element-e9bf8c6 elementor-section-boxed elementor-section-height-default elementor-section-height-default\" data-id=\"e9bf8c6\" data-element_type=\"section\" data-e-type=\"section\">\n\t\t\t\t\t\t<div class=\"elementor-container elementor-column-gap-default\">\n\t\t\t\t\t<div class=\"elementor-column elementor-col-100 elementor-top-column elementor-element elementor-element-c202c79\" data-id=\"c202c79\" data-element_type=\"column\" data-e-type=\"column\">\n\t\t\t<div class=\"elementor-widget-wrap elementor-element-populated\">\n\t\t\t\t\t\t<div class=\"elementor-element elementor-element-8d75811 elementor-widget elementor-widget-text-editor\" data-id=\"8d75811\" data-element_type=\"widget\" data-e-type=\"widget\" data-widget_type=\"text-editor.default\">\n\t\t\t\t<div class=\"elementor-widget-container\">\n\t\t\t\t\t\t\t\t\t<p>September bol pre n\u00e1\u0161 projekt <strong data-start=\"293\" data-end=\"342\">Move for Health: Pohybom k lep\u0161iemu zdraviu<\/strong>\u00a0mesiacom pln\u00fdm energie, \u0161portu a spolo\u010dn\u00fdch z\u00e1\u017eitkov. Cie\u013eom bolo spoji\u0165 \u013eud\u00ed prostredn\u00edctvom pohybu, pr\u00edrody a aktiv\u00edt, ktor\u00e9 podporuj\u00fa nielen fyzick\u00e9, ale aj du\u0161evn\u00e9 zdravie.<\/p>\t\t\t\t\t\t\t\t<\/div>\n\t\t\t\t<\/div>\n\t\t\t\t\t<\/div>\n\t\t<\/div>\n\t\t\t\t\t<\/div>\n\t\t<\/section>\n\t\t\t\t<section class=\"elementor-section elementor-top-section elementor-element elementor-element-0dd78ce elementor-section-boxed elementor-section-height-default elementor-section-height-default\" data-id=\"0dd78ce\" data-element_type=\"section\" data-e-type=\"section\">\n\t\t\t\t\t\t<div class=\"elementor-container elementor-column-gap-default\">\n\t\t\t\t\t<div class=\"elementor-column elementor-col-100 elementor-top-column elementor-element elementor-element-463bcd0\" data-id=\"463bcd0\" data-element_type=\"column\" data-e-type=\"column\">\n\t\t\t<div class=\"elementor-widget-wrap elementor-element-populated\">\n\t\t\t\t\t\t<div class=\"elementor-element elementor-element-b0a00aa elementor-widget elementor-widget-heading\" data-id=\"b0a00aa\" data-element_type=\"widget\" data-e-type=\"widget\" data-widget_type=\"heading.default\">\n\t\t\t\t<div class=\"elementor-widget-container\">\n\t\t\t\t\t<h6 class=\"elementor-heading-title elementor-size-default\">Ak\u00e9 boli na\u0161e aktivity?<\/h6>\t\t\t\t<\/div>\n\t\t\t\t<\/div>\n\t\t\t\t\t<\/div>\n\t\t<\/div>\n\t\t\t\t\t<\/div>\n\t\t<\/section>\n\t\t\t\t<section class=\"elementor-section elementor-top-section elementor-element elementor-element-48bbf66 elementor-section-boxed elementor-section-height-default elementor-section-height-default\" data-id=\"48bbf66\" data-element_type=\"section\" data-e-type=\"section\">\n\t\t\t\t\t\t<div class=\"elementor-container elementor-column-gap-default\">\n\t\t\t\t\t<div class=\"elementor-column elementor-col-100 elementor-top-column elementor-element elementor-element-b6af402\" data-id=\"b6af402\" data-element_type=\"column\" data-e-type=\"column\">\n\t\t\t<div class=\"elementor-widget-wrap elementor-element-populated\">\n\t\t\t\t\t\t<div class=\"elementor-element elementor-element-d3e304e elementor-widget elementor-widget-text-editor\" data-id=\"d3e304e\" data-element_type=\"widget\" data-e-type=\"widget\" data-widget_type=\"text-editor.default\">\n\t\t\t\t<div class=\"elementor-widget-container\">\n\t\t\t\t\t\t\t\t\t<h5 data-start=\"523\" data-end=\"553\">Spolo\u010dn\u00fd beh komunity<\/h5><p data-start=\"554\" data-end=\"806\">Mesiac sme od\u0161tartovali <strong data-start=\"578\" data-end=\"606\">spolo\u010dn\u00fdm behom komunity<\/strong>, ktor\u00fd spojil dobrovo\u013en\u00edkov a miestnych obyvate\u013eov. Nebolo d\u00f4le\u017eit\u00e9, kto dobehol prv\u00fd, i\u0161lo o rados\u0165 z pohybu, vz\u00e1jomn\u00fa podporu a o to, aby sme sa spolo\u010dne motivovali k zdrav\u0161iemu \u017eivotn\u00e9mu \u0161t\u00fdlu.<\/p>\t\t\t\t\t\t\t\t<\/div>\n\t\t\t\t<\/div>\n\t\t\t\t\t<\/div>\n\t\t<\/div>\n\t\t\t\t\t<\/div>\n\t\t<\/section>\n\t\t\t\t<section class=\"elementor-section elementor-top-section elementor-element elementor-element-467093c elementor-section-boxed elementor-section-height-default elementor-section-height-default\" data-id=\"467093c\" data-element_type=\"section\" data-e-type=\"section\">\n\t\t\t\t\t\t<div class=\"elementor-container elementor-column-gap-default\">\n\t\t\t\t\t<div class=\"elementor-column elementor-col-100 elementor-top-column elementor-element elementor-element-eecb116\" data-id=\"eecb116\" data-element_type=\"column\" data-e-type=\"column\">\n\t\t\t<div class=\"elementor-widget-wrap elementor-element-populated\">\n\t\t\t\t\t\t<div class=\"elementor-element elementor-element-e7bb832 elementor-widget elementor-widget-image\" data-id=\"e7bb832\" data-element_type=\"widget\" data-e-type=\"widget\" data-widget_type=\"image.default\">\n\t\t\t\t<div class=\"elementor-widget-container\">\n\t\t\t\t\t\t\t\t\t\t\t\t\t\t\t<img fetchpriority=\"high\" decoding=\"async\" width=\"1024\" height=\"768\" src=\"https:\/\/www.youthforequality.sk\/wp-content\/uploads\/2025\/11\/1-3-1024x768.jpg\" class=\"attachment-large size-large wp-image-10177\" alt=\"\" srcset=\"https:\/\/www.youthforequality.sk\/wp-content\/uploads\/2025\/11\/1-3-1024x768.jpg 1024w, https:\/\/www.youthforequality.sk\/wp-content\/uploads\/2025\/11\/1-3-300x225.jpg 300w, https:\/\/www.youthforequality.sk\/wp-content\/uploads\/2025\/11\/1-3-768x576.jpg 768w, https:\/\/www.youthforequality.sk\/wp-content\/uploads\/2025\/11\/1-3-1536x1152.jpg 1536w, https:\/\/www.youthforequality.sk\/wp-content\/uploads\/2025\/11\/1-3-2048x1536.jpg 2048w\" sizes=\"(max-width: 1024px) 100vw, 1024px\" \/>\t\t\t\t\t\t\t\t\t\t\t\t\t\t\t<\/div>\n\t\t\t\t<\/div>\n\t\t\t\t\t<\/div>\n\t\t<\/div>\n\t\t\t\t\t<\/div>\n\t\t<\/section>\n\t\t\t\t<section class=\"elementor-section elementor-top-section elementor-element elementor-element-584ed50 elementor-section-boxed elementor-section-height-default elementor-section-height-default\" data-id=\"584ed50\" data-element_type=\"section\" data-e-type=\"section\">\n\t\t\t\t\t\t<div class=\"elementor-container elementor-column-gap-default\">\n\t\t\t\t\t<div class=\"elementor-column elementor-col-100 elementor-top-column elementor-element elementor-element-62856db\" data-id=\"62856db\" data-element_type=\"column\" data-e-type=\"column\">\n\t\t\t<div class=\"elementor-widget-wrap elementor-element-populated\">\n\t\t\t\t\t\t<div class=\"elementor-element elementor-element-6b303d7 elementor-widget elementor-widget-text-editor\" data-id=\"6b303d7\" data-element_type=\"widget\" data-e-type=\"widget\" data-widget_type=\"text-editor.default\">\n\t\t\t\t<div class=\"elementor-widget-container\">\n\t\t\t\t\t\t\t\t\t<h5 data-start=\"1570\" data-end=\"1622\">Arteterapia: Kreativita pre du\u0161evn\u00e9 zdravie<\/h5><p data-start=\"1623\" data-end=\"1819\">Zdravie nie je len o fyzickej kond\u00edcii. Po\u010das <strong data-start=\"1669\" data-end=\"1684\">arteterapie<\/strong> mali \u00fa\u010dastn\u00edci mo\u017enos\u0165 vyjadri\u0165 svoje pocity pomocou farieb a tvarov, objavi\u0165 silu tvorivosti a zn\u00ed\u017ei\u0165 stres prostredn\u00edctvom umenia.<\/p><p data-start=\"1623\" data-end=\"1819\">\u00a0<\/p><h5 data-start=\"1821\" data-end=\"1837\">Joga<\/h5><p data-start=\"1838\" data-end=\"2116\">\u010eal\u0161ou z na\u0161ich septembrov\u00fdch aktiv\u00edt bola <strong data-start=\"1881\" data-end=\"1889\">joga<\/strong>, zameran\u00e1 na uvo\u013enenie tela a mysle. \u00da\u010dastn\u00edci si pod veden\u00edm in\u0161truktorky vysk\u00fa\u0161ali s\u00e9riu cvi\u010den\u00ed na zlep\u0161enie flexibility, rovnov\u00e1hy a koncentr\u00e1cie, ktor\u00e9 pom\u00e1haj\u00fa prinies\u0165 pokoj a vn\u00fatorn\u00fa harm\u00f3niu do ka\u017edodenn\u00e9ho \u017eivota.<\/p><p data-start=\"1838\" data-end=\"2116\">\u00a0<\/p><h5 data-start=\"2118\" data-end=\"2143\">Medit\u00e1cia v lese<\/h5><p data-start=\"2144\" data-end=\"2371\">Mesiac sme ukon\u010dili <strong data-start=\"2164\" data-end=\"2185\">medit\u00e1ciou v lese<\/strong>, kde sme spomalili, nad\u00fdchli sa \u010derstv\u00e9ho vzduchu a na\u010derpali nov\u00fa energiu. Pr\u00edtomnos\u0165 pr\u00edrody a ticho lesa vytvorili dokonal\u00e9 prostredie na uvo\u013enenie mysle a spojenie so sebou sam\u00fdm.<\/p>\t\t\t\t\t\t\t\t<\/div>\n\t\t\t\t<\/div>\n\t\t\t\t\t<\/div>\n\t\t<\/div>\n\t\t\t\t\t<\/div>\n\t\t<\/section>\n\t\t\t\t<section class=\"elementor-section elementor-top-section elementor-element elementor-element-f838a66 elementor-section-boxed elementor-section-height-default elementor-section-height-default\" data-id=\"f838a66\" data-element_type=\"section\" data-e-type=\"section\">\n\t\t\t\t\t\t<div class=\"elementor-container elementor-column-gap-default\">\n\t\t\t\t\t<div class=\"elementor-column elementor-col-33 elementor-top-column elementor-element elementor-element-f6414fd\" data-id=\"f6414fd\" data-element_type=\"column\" data-e-type=\"column\">\n\t\t\t<div class=\"elementor-widget-wrap elementor-element-populated\">\n\t\t\t\t\t\t<div class=\"elementor-element elementor-element-c48b525 elementor-widget elementor-widget-image\" data-id=\"c48b525\" data-element_type=\"widget\" data-e-type=\"widget\" data-widget_type=\"image.default\">\n\t\t\t\t<div class=\"elementor-widget-container\">\n\t\t\t\t\t\t\t\t\t\t\t\t\t\t\t<img decoding=\"async\" width=\"768\" height=\"1024\" src=\"https:\/\/www.youthforequality.sk\/wp-content\/uploads\/2025\/11\/2-3-768x1024.jpg\" class=\"attachment-large size-large wp-image-10180\" alt=\"\" srcset=\"https:\/\/www.youthforequality.sk\/wp-content\/uploads\/2025\/11\/2-3-768x1024.jpg 768w, https:\/\/www.youthforequality.sk\/wp-content\/uploads\/2025\/11\/2-3-225x300.jpg 225w, https:\/\/www.youthforequality.sk\/wp-content\/uploads\/2025\/11\/2-3-1152x1536.jpg 1152w, https:\/\/www.youthforequality.sk\/wp-content\/uploads\/2025\/11\/2-3-1536x2048.jpg 1536w, https:\/\/www.youthforequality.sk\/wp-content\/uploads\/2025\/11\/2-3-scaled.jpg 1920w\" sizes=\"(max-width: 768px) 100vw, 768px\" \/>\t\t\t\t\t\t\t\t\t\t\t\t\t\t\t<\/div>\n\t\t\t\t<\/div>\n\t\t\t\t\t<\/div>\n\t\t<\/div>\n\t\t\t\t<div class=\"elementor-column elementor-col-33 elementor-top-column elementor-element elementor-element-d408dbb\" data-id=\"d408dbb\" data-element_type=\"column\" data-e-type=\"column\">\n\t\t\t<div class=\"elementor-widget-wrap elementor-element-populated\">\n\t\t\t\t\t\t<div class=\"elementor-element elementor-element-efb731c elementor-widget elementor-widget-image\" data-id=\"efb731c\" data-element_type=\"widget\" data-e-type=\"widget\" data-widget_type=\"image.default\">\n\t\t\t\t<div class=\"elementor-widget-container\">\n\t\t\t\t\t\t\t\t\t\t\t\t\t\t\t<img decoding=\"async\" width=\"768\" height=\"1024\" src=\"https:\/\/www.youthforequality.sk\/wp-content\/uploads\/2025\/11\/2-1-768x1024.jpg\" class=\"attachment-large size-large wp-image-10181\" alt=\"\" srcset=\"https:\/\/www.youthforequality.sk\/wp-content\/uploads\/2025\/11\/2-1-768x1024.jpg 768w, https:\/\/www.youthforequality.sk\/wp-content\/uploads\/2025\/11\/2-1-225x300.jpg 225w, https:\/\/www.youthforequality.sk\/wp-content\/uploads\/2025\/11\/2-1-1152x1536.jpg 1152w, https:\/\/www.youthforequality.sk\/wp-content\/uploads\/2025\/11\/2-1-1536x2048.jpg 1536w, https:\/\/www.youthforequality.sk\/wp-content\/uploads\/2025\/11\/2-1-scaled.jpg 1920w\" sizes=\"(max-width: 768px) 100vw, 768px\" \/>\t\t\t\t\t\t\t\t\t\t\t\t\t\t\t<\/div>\n\t\t\t\t<\/div>\n\t\t\t\t\t<\/div>\n\t\t<\/div>\n\t\t\t\t<div class=\"elementor-column elementor-col-33 elementor-top-column elementor-element elementor-element-0e8b553\" data-id=\"0e8b553\" data-element_type=\"column\" data-e-type=\"column\">\n\t\t\t<div class=\"elementor-widget-wrap elementor-element-populated\">\n\t\t\t\t\t\t<div class=\"elementor-element elementor-element-79be838 elementor-widget elementor-widget-image\" data-id=\"79be838\" data-element_type=\"widget\" data-e-type=\"widget\" data-widget_type=\"image.default\">\n\t\t\t\t<div class=\"elementor-widget-container\">\n\t\t\t\t\t\t\t\t\t\t\t\t\t\t\t<img loading=\"lazy\" decoding=\"async\" width=\"768\" height=\"1024\" src=\"https:\/\/www.youthforequality.sk\/wp-content\/uploads\/2025\/11\/2-2-768x1024.jpg\" class=\"attachment-large size-large wp-image-10179\" alt=\"\" srcset=\"https:\/\/www.youthforequality.sk\/wp-content\/uploads\/2025\/11\/2-2-768x1024.jpg 768w, https:\/\/www.youthforequality.sk\/wp-content\/uploads\/2025\/11\/2-2-225x300.jpg 225w, https:\/\/www.youthforequality.sk\/wp-content\/uploads\/2025\/11\/2-2-1152x1536.jpg 1152w, https:\/\/www.youthforequality.sk\/wp-content\/uploads\/2025\/11\/2-2-1536x2048.jpg 1536w, https:\/\/www.youthforequality.sk\/wp-content\/uploads\/2025\/11\/2-2-scaled.jpg 1920w\" sizes=\"(max-width: 768px) 100vw, 768px\" \/>\t\t\t\t\t\t\t\t\t\t\t\t\t\t\t<\/div>\n\t\t\t\t<\/div>\n\t\t\t\t\t<\/div>\n\t\t<\/div>\n\t\t\t\t\t<\/div>\n\t\t<\/section>\n\t\t\t\t<section class=\"elementor-section elementor-top-section elementor-element elementor-element-1615ba1 elementor-section-boxed elementor-section-height-default elementor-section-height-default\" data-id=\"1615ba1\" data-element_type=\"section\" data-e-type=\"section\">\n\t\t\t\t\t\t<div class=\"elementor-container elementor-column-gap-default\">\n\t\t\t\t\t<div class=\"elementor-column elementor-col-100 elementor-top-column elementor-element elementor-element-ea8a44d\" data-id=\"ea8a44d\" data-element_type=\"column\" data-e-type=\"column\">\n\t\t\t<div class=\"elementor-widget-wrap elementor-element-populated\">\n\t\t\t\t\t\t<div class=\"elementor-element elementor-element-3b06587 elementor-widget elementor-widget-text-editor\" data-id=\"3b06587\" data-element_type=\"widget\" data-e-type=\"widget\" data-widget_type=\"text-editor.default\">\n\t\t\t\t<div class=\"elementor-widget-container\">\n\t\t\t\t\t\t\t\t\t<h5 data-start=\"751\" data-end=\"790\">Volejbalov\u00e9 turnaje s miestnymi<\/h5><p data-start=\"791\" data-end=\"1001\">Na\u0161e <strong data-start=\"795\" data-end=\"817\">volejbalov\u00e9 turnaje<\/strong> sa stali oslavou t\u00edmov\u00e9ho ducha a komunity. Z\u00fa\u010dastnili sa ich \u013eudia r\u00f4zneho veku aj \u00farovne zru\u010dnost\u00ed, \u010do vytvorilo priate\u013esk\u00fa atmosf\u00e9ru pln\u00fa smiechu, spolupr\u00e1ce a \u0161portov\u00e9ho nad\u0161enia.<\/p>\t\t\t\t\t\t\t\t<\/div>\n\t\t\t\t<\/div>\n\t\t\t\t\t<\/div>\n\t\t<\/div>\n\t\t\t\t\t<\/div>\n\t\t<\/section>\n\t\t\t\t<section class=\"elementor-section elementor-top-section elementor-element elementor-element-fe0273d elementor-section-boxed elementor-section-height-default elementor-section-height-default\" data-id=\"fe0273d\" data-element_type=\"section\" data-e-type=\"section\">\n\t\t\t\t\t\t<div class=\"elementor-container elementor-column-gap-default\">\n\t\t\t\t\t<div class=\"elementor-column elementor-col-50 elementor-top-column elementor-element elementor-element-f21a689\" data-id=\"f21a689\" data-element_type=\"column\" data-e-type=\"column\">\n\t\t\t<div class=\"elementor-widget-wrap elementor-element-populated\">\n\t\t\t\t\t\t<div class=\"elementor-element elementor-element-3dededf elementor-widget elementor-widget-image\" data-id=\"3dededf\" data-element_type=\"widget\" data-e-type=\"widget\" data-widget_type=\"image.default\">\n\t\t\t\t<div class=\"elementor-widget-container\">\n\t\t\t\t\t\t\t\t\t\t\t\t\t\t\t<img loading=\"lazy\" decoding=\"async\" width=\"768\" height=\"1024\" src=\"https:\/\/www.youthforequality.sk\/wp-content\/uploads\/2025\/11\/IMG_4011-768x1024.jpg\" class=\"attachment-large size-large wp-image-10186\" alt=\"\" srcset=\"https:\/\/www.youthforequality.sk\/wp-content\/uploads\/2025\/11\/IMG_4011-768x1024.jpg 768w, https:\/\/www.youthforequality.sk\/wp-content\/uploads\/2025\/11\/IMG_4011-225x300.jpg 225w, https:\/\/www.youthforequality.sk\/wp-content\/uploads\/2025\/11\/IMG_4011-1152x1536.jpg 1152w, https:\/\/www.youthforequality.sk\/wp-content\/uploads\/2025\/11\/IMG_4011-1536x2048.jpg 1536w, https:\/\/www.youthforequality.sk\/wp-content\/uploads\/2025\/11\/IMG_4011-scaled.jpg 1920w\" sizes=\"(max-width: 768px) 100vw, 768px\" \/>\t\t\t\t\t\t\t\t\t\t\t\t\t\t\t<\/div>\n\t\t\t\t<\/div>\n\t\t\t\t\t<\/div>\n\t\t<\/div>\n\t\t\t\t<div class=\"elementor-column elementor-col-50 elementor-top-column elementor-element elementor-element-7932ad6\" data-id=\"7932ad6\" data-element_type=\"column\" data-e-type=\"column\">\n\t\t\t<div class=\"elementor-widget-wrap elementor-element-populated\">\n\t\t\t\t\t\t<div class=\"elementor-element elementor-element-12735f5 elementor-widget elementor-widget-image\" data-id=\"12735f5\" data-element_type=\"widget\" data-e-type=\"widget\" data-widget_type=\"image.default\">\n\t\t\t\t<div class=\"elementor-widget-container\">\n\t\t\t\t\t\t\t\t\t\t\t\t\t\t\t<img loading=\"lazy\" decoding=\"async\" width=\"731\" height=\"1024\" src=\"https:\/\/www.youthforequality.sk\/wp-content\/uploads\/2025\/11\/3-1-731x1024.jpg\" class=\"attachment-large size-large wp-image-10182\" alt=\"\" srcset=\"https:\/\/www.youthforequality.sk\/wp-content\/uploads\/2025\/11\/3-1-731x1024.jpg 731w, https:\/\/www.youthforequality.sk\/wp-content\/uploads\/2025\/11\/3-1-214x300.jpg 214w, https:\/\/www.youthforequality.sk\/wp-content\/uploads\/2025\/11\/3-1-768x1075.jpg 768w, https:\/\/www.youthforequality.sk\/wp-content\/uploads\/2025\/11\/3-1-1097x1536.jpg 1097w, https:\/\/www.youthforequality.sk\/wp-content\/uploads\/2025\/11\/3-1-1463x2048.jpg 1463w, https:\/\/www.youthforequality.sk\/wp-content\/uploads\/2025\/11\/3-1-scaled.jpg 1828w\" sizes=\"(max-width: 731px) 100vw, 731px\" \/>\t\t\t\t\t\t\t\t\t\t\t\t\t\t\t<\/div>\n\t\t\t\t<\/div>\n\t\t\t\t\t<\/div>\n\t\t<\/div>\n\t\t\t\t\t<\/div>\n\t\t<\/section>\n\t\t\t\t<section class=\"elementor-section elementor-top-section elementor-element elementor-element-1d4244d elementor-section-boxed elementor-section-height-default elementor-section-height-default\" data-id=\"1d4244d\" data-element_type=\"section\" data-e-type=\"section\">\n\t\t\t\t\t\t<div class=\"elementor-container elementor-column-gap-default\">\n\t\t\t\t\t<div class=\"elementor-column elementor-col-100 elementor-top-column elementor-element elementor-element-e427dfd\" data-id=\"e427dfd\" data-element_type=\"column\" data-e-type=\"column\">\n\t\t\t<div class=\"elementor-widget-wrap elementor-element-populated\">\n\t\t\t\t\t\t<div class=\"elementor-element elementor-element-426a08f elementor-widget elementor-widget-text-editor\" data-id=\"426a08f\" data-element_type=\"widget\" data-e-type=\"widget\" data-widget_type=\"text-editor.default\">\n\t\t\t\t<div class=\"elementor-widget-container\">\n\t\t\t\t\t\t\t\t\t<h5 data-start=\"1003\" data-end=\"1042\">Cykloworkshop a spolo\u010dn\u00e1 jazda<\/h5><p data-start=\"1043\" data-end=\"1361\">V septembri sme sa zamerali aj na udr\u017eate\u013en\u00fa mobilitu po\u010das <strong data-start=\"1103\" data-end=\"1121\">cykloworkshopu<\/strong>, kde sa \u00fa\u010dastn\u00edci nau\u010dili, ako sa stara\u0165 o bicykel, ako jazdi\u0165 bezpe\u010dne a ktor\u00e9 trasy v Trnave stoja za objavenie. Vyvrcholen\u00edm bola <strong data-start=\"1255\" data-end=\"1280\">spolo\u010dn\u00e1 jazda mestom<\/strong>, po\u010das ktorej sme si u\u017eili zdrav\u00fd pohyb a podporili ekologick\u00fd sp\u00f4sob dopravy.<\/p>\t\t\t\t\t\t\t\t<\/div>\n\t\t\t\t<\/div>\n\t\t\t\t\t<\/div>\n\t\t<\/div>\n\t\t\t\t\t<\/div>\n\t\t<\/section>\n\t\t\t\t<section class=\"elementor-section elementor-top-section elementor-element elementor-element-ab30a33 elementor-section-boxed elementor-section-height-default elementor-section-height-default\" data-id=\"ab30a33\" data-element_type=\"section\" data-e-type=\"section\">\n\t\t\t\t\t\t<div class=\"elementor-container elementor-column-gap-default\">\n\t\t\t\t\t<div class=\"elementor-column elementor-col-50 elementor-top-column elementor-element elementor-element-db62ad1\" data-id=\"db62ad1\" data-element_type=\"column\" data-e-type=\"column\">\n\t\t\t<div class=\"elementor-widget-wrap elementor-element-populated\">\n\t\t\t\t\t\t<div class=\"elementor-element elementor-element-c34a9f9 elementor-widget elementor-widget-image\" data-id=\"c34a9f9\" data-element_type=\"widget\" data-e-type=\"widget\" data-widget_type=\"image.default\">\n\t\t\t\t<div class=\"elementor-widget-container\">\n\t\t\t\t\t\t\t\t\t\t\t\t\t\t\t<img loading=\"lazy\" decoding=\"async\" width=\"768\" height=\"1024\" src=\"https:\/\/www.youthforequality.sk\/wp-content\/uploads\/2025\/11\/4-2-768x1024.jpg\" class=\"attachment-large size-large wp-image-10184\" alt=\"\" srcset=\"https:\/\/www.youthforequality.sk\/wp-content\/uploads\/2025\/11\/4-2-768x1024.jpg 768w, https:\/\/www.youthforequality.sk\/wp-content\/uploads\/2025\/11\/4-2-225x300.jpg 225w, https:\/\/www.youthforequality.sk\/wp-content\/uploads\/2025\/11\/4-2-1152x1536.jpg 1152w, https:\/\/www.youthforequality.sk\/wp-content\/uploads\/2025\/11\/4-2-1536x2048.jpg 1536w, https:\/\/www.youthforequality.sk\/wp-content\/uploads\/2025\/11\/4-2-scaled.jpg 1920w\" sizes=\"(max-width: 768px) 100vw, 768px\" \/>\t\t\t\t\t\t\t\t\t\t\t\t\t\t\t<\/div>\n\t\t\t\t<\/div>\n\t\t\t\t\t<\/div>\n\t\t<\/div>\n\t\t\t\t<div class=\"elementor-column elementor-col-50 elementor-top-column elementor-element elementor-element-7fe805a\" data-id=\"7fe805a\" data-element_type=\"column\" data-e-type=\"column\">\n\t\t\t<div class=\"elementor-widget-wrap elementor-element-populated\">\n\t\t\t\t\t\t<div class=\"elementor-element elementor-element-48f01c8 elementor-widget elementor-widget-image\" data-id=\"48f01c8\" data-element_type=\"widget\" data-e-type=\"widget\" data-widget_type=\"image.default\">\n\t\t\t\t<div class=\"elementor-widget-container\">\n\t\t\t\t\t\t\t\t\t\t\t\t\t\t\t<img loading=\"lazy\" decoding=\"async\" width=\"731\" height=\"1024\" src=\"https:\/\/www.youthforequality.sk\/wp-content\/uploads\/2025\/11\/4-1-731x1024.jpg\" class=\"attachment-large size-large wp-image-10183\" alt=\"\" srcset=\"https:\/\/www.youthforequality.sk\/wp-content\/uploads\/2025\/11\/4-1-731x1024.jpg 731w, https:\/\/www.youthforequality.sk\/wp-content\/uploads\/2025\/11\/4-1-214x300.jpg 214w, https:\/\/www.youthforequality.sk\/wp-content\/uploads\/2025\/11\/4-1-768x1075.jpg 768w, https:\/\/www.youthforequality.sk\/wp-content\/uploads\/2025\/11\/4-1-1097x1536.jpg 1097w, https:\/\/www.youthforequality.sk\/wp-content\/uploads\/2025\/11\/4-1.jpg 1179w\" sizes=\"(max-width: 731px) 100vw, 731px\" \/>\t\t\t\t\t\t\t\t\t\t\t\t\t\t\t<\/div>\n\t\t\t\t<\/div>\n\t\t\t\t\t<\/div>\n\t\t<\/div>\n\t\t\t\t\t<\/div>\n\t\t<\/section>\n\t\t\t\t<section class=\"elementor-section elementor-top-section elementor-element elementor-element-56d1c45 elementor-section-boxed elementor-section-height-default elementor-section-height-default\" data-id=\"56d1c45\" data-element_type=\"section\" data-e-type=\"section\">\n\t\t\t\t\t\t<div class=\"elementor-container elementor-column-gap-default\">\n\t\t\t\t\t<div class=\"elementor-column elementor-col-100 elementor-top-column elementor-element elementor-element-3f55797\" data-id=\"3f55797\" data-element_type=\"column\" data-e-type=\"column\">\n\t\t\t<div class=\"elementor-widget-wrap elementor-element-populated\">\n\t\t\t\t\t\t<div class=\"elementor-element elementor-element-3a49957 elementor-widget elementor-widget-text-editor\" data-id=\"3a49957\" data-element_type=\"widget\" data-e-type=\"widget\" data-widget_type=\"text-editor.default\">\n\t\t\t\t<div class=\"elementor-widget-container\">\n\t\t\t\t\t\t\t\t\t<h5 data-start=\"1363\" data-end=\"1398\">Turistika na \u010cerven\u00fd Kame\u0148<\/h5><p data-start=\"1399\" data-end=\"1568\">Jedn\u00fdm z najkraj\u0161\u00edch z\u00e1\u017eitkov mesiaca bol <strong data-start=\"1441\" data-end=\"1472\">v\u00fdlet na hrad \u010cerven\u00fd Kame\u0148<\/strong>. Po\u010das t\u00fary sme si u\u017eili jesenn\u00fa pr\u00edrodu, rozhovory a chv\u00edle oddychu mimo ka\u017edodenn\u00e9ho zhonu.<\/p>\t\t\t\t\t\t\t\t<\/div>\n\t\t\t\t<\/div>\n\t\t\t\t\t<\/div>\n\t\t<\/div>\n\t\t\t\t\t<\/div>\n\t\t<\/section>\n\t\t\t\t<section class=\"elementor-section elementor-top-section elementor-element elementor-element-c50433b elementor-section-boxed elementor-section-height-default elementor-section-height-default\" data-id=\"c50433b\" data-element_type=\"section\" data-e-type=\"section\">\n\t\t\t\t\t\t<div class=\"elementor-container elementor-column-gap-default\">\n\t\t\t\t\t<div class=\"elementor-column elementor-col-100 elementor-top-column elementor-element elementor-element-86b9a3b\" data-id=\"86b9a3b\" data-element_type=\"column\" data-e-type=\"column\">\n\t\t\t<div class=\"elementor-widget-wrap elementor-element-populated\">\n\t\t\t\t\t\t<div class=\"elementor-element elementor-element-dc789d5 elementor-widget elementor-widget-image\" data-id=\"dc789d5\" data-element_type=\"widget\" data-e-type=\"widget\" data-widget_type=\"image.default\">\n\t\t\t\t<div class=\"elementor-widget-container\">\n\t\t\t\t\t\t\t\t\t\t\t\t\t\t\t<img loading=\"lazy\" decoding=\"async\" width=\"1024\" height=\"768\" src=\"https:\/\/www.youthforequality.sk\/wp-content\/uploads\/2025\/11\/5-1024x768.jpg\" class=\"attachment-large size-large wp-image-10185\" alt=\"\" srcset=\"https:\/\/www.youthforequality.sk\/wp-content\/uploads\/2025\/11\/5-1024x768.jpg 1024w, https:\/\/www.youthforequality.sk\/wp-content\/uploads\/2025\/11\/5-300x225.jpg 300w, https:\/\/www.youthforequality.sk\/wp-content\/uploads\/2025\/11\/5-768x576.jpg 768w, https:\/\/www.youthforequality.sk\/wp-content\/uploads\/2025\/11\/5-1536x1152.jpg 1536w, https:\/\/www.youthforequality.sk\/wp-content\/uploads\/2025\/11\/5-2048x1536.jpg 2048w\" sizes=\"(max-width: 1024px) 100vw, 1024px\" \/>\t\t\t\t\t\t\t\t\t\t\t\t\t\t\t<\/div>\n\t\t\t\t<\/div>\n\t\t\t\t\t<\/div>\n\t\t<\/div>\n\t\t\t\t\t<\/div>\n\t\t<\/section>\n\t\t\t\t<section class=\"elementor-section elementor-top-section elementor-element elementor-element-d97c2a7 elementor-section-boxed elementor-section-height-default elementor-section-height-default\" data-id=\"d97c2a7\" data-element_type=\"section\" data-e-type=\"section\">\n\t\t\t\t\t\t<div class=\"elementor-container elementor-column-gap-default\">\n\t\t\t\t\t<div class=\"elementor-column elementor-col-100 elementor-top-column elementor-element elementor-element-7defbc3\" data-id=\"7defbc3\" data-element_type=\"column\" data-e-type=\"column\">\n\t\t\t<div class=\"elementor-widget-wrap elementor-element-populated\">\n\t\t\t\t\t\t<div class=\"elementor-element elementor-element-f55a079 elementor-widget elementor-widget-text-editor\" data-id=\"f55a079\" data-element_type=\"widget\" data-e-type=\"widget\" data-widget_type=\"text-editor.default\">\n\t\t\t\t<div class=\"elementor-widget-container\">\n\t\t\t\t\t\t\t\t\t<hr \/><p data-start=\"2403\" data-end=\"2641\">Projekt <strong data-start=\"2411\" data-end=\"2430\">Move for Health<\/strong> podporuje nielen fyzick\u00fa aktivitu, ale aj du\u0161evn\u00fa odolnos\u0165 a zdrav\u00e9 n\u00e1vyky mlad\u00fdch \u013eud\u00ed. Cie\u013eom je vytv\u00e1ra\u0165 prostredie, kde sa pohyb a starostlivos\u0165 o zdravie st\u00e1vaj\u00fa prirodzenou s\u00fa\u010das\u0165ou ka\u017edodenn\u00e9ho \u017eivota.<\/p><h5 data-start=\"2643\" data-end=\"2836\">September a okt\u00f3ber n\u00e1m uk\u00e1zali, \u017ee pohyb m\u00f4\u017ee by\u0165 z\u00e1bavn\u00fd, tvoriv\u00fd a sp\u00e1ja\u0165 \u013eud\u00ed. <strong>\ud83d\udc9a<\/strong><\/h5><p>\u201eTento projekt sa uskuto\u010dnil v\u010faka finan\u010dn\u00e9mu pr\u00edspevku z grantov\u00e9ho programu DOBROprogram Dobrovo\u013en\u00edckeho centra Trnavsk\u00e9ho kraja.\u201c<\/p>\t\t\t\t\t\t\t\t<\/div>\n\t\t\t\t<\/div>\n\t\t\t\t\t<\/div>\n\t\t<\/div>\n\t\t\t\t\t<\/div>\n\t\t<\/section>\n\t\t\t\t<section class=\"elementor-section elementor-top-section elementor-element elementor-element-c3a4142 elementor-section-boxed elementor-section-height-default elementor-section-height-default\" data-id=\"c3a4142\" data-element_type=\"section\" data-e-type=\"section\">\n\t\t\t\t\t\t<div class=\"elementor-container elementor-column-gap-default\">\n\t\t\t\t\t<div class=\"elementor-column elementor-col-100 elementor-top-column elementor-element elementor-element-b97a1be\" data-id=\"b97a1be\" data-element_type=\"column\" data-e-type=\"column\">\n\t\t\t<div class=\"elementor-widget-wrap elementor-element-populated\">\n\t\t\t\t\t\t<div class=\"elementor-element elementor-element-71a5cd8 elementor-widget elementor-widget-image\" data-id=\"71a5cd8\" data-element_type=\"widget\" data-e-type=\"widget\" data-widget_type=\"image.default\">\n\t\t\t\t<div class=\"elementor-widget-container\">\n\t\t\t\t\t\t\t\t\t\t\t\t\t\t\t<img loading=\"lazy\" decoding=\"async\" width=\"300\" height=\"110\" src=\"https:\/\/www.youthforequality.sk\/wp-content\/uploads\/2025\/11\/Screenshot-2025-12-03-at-19.55.45-300x110.png\" class=\"attachment-medium size-medium wp-image-10411\" alt=\"\" srcset=\"https:\/\/www.youthforequality.sk\/wp-content\/uploads\/2025\/11\/Screenshot-2025-12-03-at-19.55.45-300x110.png 300w, https:\/\/www.youthforequality.sk\/wp-content\/uploads\/2025\/11\/Screenshot-2025-12-03-at-19.55.45.png 514w\" sizes=\"(max-width: 300px) 100vw, 300px\" \/>\t\t\t\t\t\t\t\t\t\t\t\t\t\t\t<\/div>\n\t\t\t\t<\/div>\n\t\t\t\t\t<\/div>\n\t\t<\/div>\n\t\t\t\t\t<\/div>\n\t\t<\/section>\n\t\t\t\t<\/div>\n\t\t","protected":false},"excerpt":{"rendered":"<p>September bol pre n\u00e1\u0161 projekt Move for Health: Pohybom k lep\u0161iemu zdraviu\u00a0mesiacom pln\u00fdm energie, \u0161portu a spolo\u010dn\u00fdch z\u00e1\u017eitkov. Cie\u013eom bolo spoji\u0165 \u013eud\u00ed prostredn\u00edctvom pohybu, pr\u00edrody a aktiv\u00edt, ktor\u00e9 podporuj\u00fa nielen fyzick\u00e9, ale aj du\u0161evn\u00e9 zdravie. Ak\u00e9 boli na\u0161e aktivity? Spolo\u010dn\u00fd beh komunity Mesiac sme od\u0161tartovali spolo\u010dn\u00fdm behom komunity, ktor\u00fd spojil dobrovo\u013en\u00edkov a miestnych obyvate\u013eov. Nebolo&hellip;&nbsp;<a href=\"https:\/\/www.youthforequality.sk\/index.php\/2025\/11\/11\/move-for-health-moving-towards-better-health-2\/\" class=\"\" rel=\"bookmark\">\u010c\u00edta\u0165 viac &raquo;<span class=\"screen-reader-text\">Move for Health: Moving Towards Better Health 2<\/span><\/a><\/p>\n","protected":false},"author":13,"featured_media":10171,"comment_status":"closed","ping_status":"open","sticky":false,"template":"","format":"standard","meta":{"_uf_show_specific_survey":0,"_uf_disable_surveys":false,"neve_meta_sidebar":"","neve_meta_container":"","neve_meta_enable_content_width":"off","neve_meta_content_width":70,"neve_meta_title_alignment":"","neve_meta_author_avatar":"","neve_post_elements_order":"","neve_meta_disable_header":"","neve_meta_disable_footer":"","neve_meta_disable_title":"","_themeisle_gutenberg_block_has_review":false,"footnotes":""},"categories":[3],"tags":[],"class_list":["post-10169","post","type-post","status-publish","format-standard","has-post-thumbnail","hentry","category-blog"],"yoast_head":"<!-- This site is optimized with the Yoast SEO plugin v27.4 - https:\/\/yoast.com\/product\/yoast-seo-wordpress\/ -->\n<title>Move for Health: Moving Towards Better Health 2 |<\/title>\n<meta name=\"robots\" content=\"index, follow, max-snippet:-1, max-image-preview:large, max-video-preview:-1\" \/>\n<link rel=\"canonical\" href=\"https:\/\/www.youthforequality.sk\/index.php\/2025\/11\/11\/move-for-health-moving-towards-better-health-2\/\" \/>\n<meta property=\"og:locale\" content=\"sk_SK\" \/>\n<meta property=\"og:type\" content=\"article\" \/>\n<meta property=\"og:title\" content=\"Move for Health: Moving Towards Better Health 2 |\" \/>\n<meta property=\"og:description\" content=\"September bol pre n\u00e1\u0161 projekt Move for Health: Pohybom k lep\u0161iemu zdraviu\u00a0mesiacom pln\u00fdm energie, \u0161portu a spolo\u010dn\u00fdch z\u00e1\u017eitkov. Cie\u013eom bolo spoji\u0165 \u013eud\u00ed prostredn\u00edctvom pohybu, pr\u00edrody a aktiv\u00edt, ktor\u00e9 podporuj\u00fa nielen fyzick\u00e9, ale aj du\u0161evn\u00e9 zdravie. Ak\u00e9 boli na\u0161e aktivity? Spolo\u010dn\u00fd beh komunity Mesiac sme od\u0161tartovali spolo\u010dn\u00fdm behom komunity, ktor\u00fd spojil dobrovo\u013en\u00edkov a miestnych obyvate\u013eov. Nebolo&hellip;&nbsp;\u010c\u00edta\u0165 viac &raquo;Move for Health: Moving Towards Better Health 2\" \/>\n<meta property=\"og:url\" content=\"https:\/\/www.youthforequality.sk\/index.php\/2025\/11\/11\/move-for-health-moving-towards-better-health-2\/\" \/>\n<meta property=\"article:publisher\" content=\"https:\/\/www.facebook.com\/yeslovakia\" \/>\n<meta property=\"article:published_time\" content=\"2025-11-11T13:37:35+00:00\" \/>\n<meta property=\"article:modified_time\" content=\"2025-12-03T19:10:56+00:00\" \/>\n<meta property=\"og:image\" content=\"https:\/\/www.youthforequality.sk\/wp-content\/uploads\/2025\/11\/Move-for-health-2-1024x576.png\" \/>\n\t<meta property=\"og:image:width\" content=\"1024\" \/>\n\t<meta property=\"og:image:height\" content=\"576\" \/>\n\t<meta property=\"og:image:type\" content=\"image\/png\" \/>\n<meta name=\"author\" content=\"Volunteers\" \/>\n<meta name=\"twitter:card\" content=\"summary_large_image\" \/>\n<meta name=\"twitter:label1\" content=\"Autor\" \/>\n\t<meta name=\"twitter:data1\" content=\"Volunteers\" \/>\n\t<meta name=\"twitter:label2\" content=\"Predpokladan\u00fd \u010das \u010d\u00edtania\" \/>\n\t<meta name=\"twitter:data2\" content=\"5 min\u00fat\" \/>\n<script type=\"application\/ld+json\" class=\"yoast-schema-graph\">{\"@context\":\"https:\\\/\\\/schema.org\",\"@graph\":[{\"@type\":\"Article\",\"@id\":\"https:\\\/\\\/www.youthforequality.sk\\\/index.php\\\/2025\\\/11\\\/11\\\/move-for-health-moving-towards-better-health-2\\\/#article\",\"isPartOf\":{\"@id\":\"https:\\\/\\\/www.youthforequality.sk\\\/index.php\\\/2025\\\/11\\\/11\\\/move-for-health-moving-towards-better-health-2\\\/\"},\"author\":{\"name\":\"Volunteers\",\"@id\":\"https:\\\/\\\/www.youthforequality.sk\\\/#\\\/schema\\\/person\\\/55f3a5ce6c3bf59030ee945357c0831b\"},\"headline\":\"Move for Health: Moving Towards Better Health 2\",\"datePublished\":\"2025-11-11T13:37:35+00:00\",\"dateModified\":\"2025-12-03T19:10:56+00:00\",\"mainEntityOfPage\":{\"@id\":\"https:\\\/\\\/www.youthforequality.sk\\\/index.php\\\/2025\\\/11\\\/11\\\/move-for-health-moving-towards-better-health-2\\\/\"},\"wordCount\":489,\"publisher\":{\"@id\":\"https:\\\/\\\/www.youthforequality.sk\\\/#organization\"},\"image\":{\"@id\":\"https:\\\/\\\/www.youthforequality.sk\\\/index.php\\\/2025\\\/11\\\/11\\\/move-for-health-moving-towards-better-health-2\\\/#primaryimage\"},\"thumbnailUrl\":\"https:\\\/\\\/www.youthforequality.sk\\\/wp-content\\\/uploads\\\/2025\\\/11\\\/Move-for-health-2.png\",\"articleSection\":[\"Blog\"],\"inLanguage\":\"sk-SK\"},{\"@type\":\"WebPage\",\"@id\":\"https:\\\/\\\/www.youthforequality.sk\\\/index.php\\\/2025\\\/11\\\/11\\\/move-for-health-moving-towards-better-health-2\\\/\",\"url\":\"https:\\\/\\\/www.youthforequality.sk\\\/index.php\\\/2025\\\/11\\\/11\\\/move-for-health-moving-towards-better-health-2\\\/\",\"name\":\"Move for Health: Moving Towards Better Health 2 |\",\"isPartOf\":{\"@id\":\"https:\\\/\\\/www.youthforequality.sk\\\/#website\"},\"primaryImageOfPage\":{\"@id\":\"https:\\\/\\\/www.youthforequality.sk\\\/index.php\\\/2025\\\/11\\\/11\\\/move-for-health-moving-towards-better-health-2\\\/#primaryimage\"},\"image\":{\"@id\":\"https:\\\/\\\/www.youthforequality.sk\\\/index.php\\\/2025\\\/11\\\/11\\\/move-for-health-moving-towards-better-health-2\\\/#primaryimage\"},\"thumbnailUrl\":\"https:\\\/\\\/www.youthforequality.sk\\\/wp-content\\\/uploads\\\/2025\\\/11\\\/Move-for-health-2.png\",\"datePublished\":\"2025-11-11T13:37:35+00:00\",\"dateModified\":\"2025-12-03T19:10:56+00:00\",\"breadcrumb\":{\"@id\":\"https:\\\/\\\/www.youthforequality.sk\\\/index.php\\\/2025\\\/11\\\/11\\\/move-for-health-moving-towards-better-health-2\\\/#breadcrumb\"},\"inLanguage\":\"sk-SK\",\"potentialAction\":[{\"@type\":\"ReadAction\",\"target\":[\"https:\\\/\\\/www.youthforequality.sk\\\/index.php\\\/2025\\\/11\\\/11\\\/move-for-health-moving-towards-better-health-2\\\/\"]}]},{\"@type\":\"ImageObject\",\"inLanguage\":\"sk-SK\",\"@id\":\"https:\\\/\\\/www.youthforequality.sk\\\/index.php\\\/2025\\\/11\\\/11\\\/move-for-health-moving-towards-better-health-2\\\/#primaryimage\",\"url\":\"https:\\\/\\\/www.youthforequality.sk\\\/wp-content\\\/uploads\\\/2025\\\/11\\\/Move-for-health-2.png\",\"contentUrl\":\"https:\\\/\\\/www.youthforequality.sk\\\/wp-content\\\/uploads\\\/2025\\\/11\\\/Move-for-health-2.png\",\"width\":1920,\"height\":1080},{\"@type\":\"BreadcrumbList\",\"@id\":\"https:\\\/\\\/www.youthforequality.sk\\\/index.php\\\/2025\\\/11\\\/11\\\/move-for-health-moving-towards-better-health-2\\\/#breadcrumb\",\"itemListElement\":[{\"@type\":\"ListItem\",\"position\":1,\"name\":\"Home\",\"item\":\"https:\\\/\\\/www.youthforequality.sk\\\/\"},{\"@type\":\"ListItem\",\"position\":2,\"name\":\"Move for Health: Moving Towards Better Health 2\"}]},{\"@type\":\"WebSite\",\"@id\":\"https:\\\/\\\/www.youthforequality.sk\\\/#website\",\"url\":\"https:\\\/\\\/www.youthforequality.sk\\\/\",\"name\":\"\",\"description\":\"\",\"publisher\":{\"@id\":\"https:\\\/\\\/www.youthforequality.sk\\\/#organization\"},\"potentialAction\":[{\"@type\":\"SearchAction\",\"target\":{\"@type\":\"EntryPoint\",\"urlTemplate\":\"https:\\\/\\\/www.youthforequality.sk\\\/?s={search_term_string}\"},\"query-input\":{\"@type\":\"PropertyValueSpecification\",\"valueRequired\":true,\"valueName\":\"search_term_string\"}}],\"inLanguage\":\"sk-SK\"},{\"@type\":\"Organization\",\"@id\":\"https:\\\/\\\/www.youthforequality.sk\\\/#organization\",\"name\":\"Youth for Equality\",\"url\":\"https:\\\/\\\/www.youthforequality.sk\\\/\",\"logo\":{\"@type\":\"ImageObject\",\"inLanguage\":\"sk-SK\",\"@id\":\"https:\\\/\\\/www.youthforequality.sk\\\/#\\\/schema\\\/logo\\\/image\\\/\",\"url\":\"https:\\\/\\\/www.youthforequality.sk\\\/wp-content\\\/uploads\\\/2021\\\/01\\\/vynovene-logo-nove-farby_modra-na-web.png\",\"contentUrl\":\"https:\\\/\\\/www.youthforequality.sk\\\/wp-content\\\/uploads\\\/2021\\\/01\\\/vynovene-logo-nove-farby_modra-na-web.png\",\"width\":1,\"height\":1,\"caption\":\"Youth for Equality\"},\"image\":{\"@id\":\"https:\\\/\\\/www.youthforequality.sk\\\/#\\\/schema\\\/logo\\\/image\\\/\"},\"sameAs\":[\"https:\\\/\\\/www.facebook.com\\\/yeslovakia\"]},{\"@type\":\"Person\",\"@id\":\"https:\\\/\\\/www.youthforequality.sk\\\/#\\\/schema\\\/person\\\/55f3a5ce6c3bf59030ee945357c0831b\",\"name\":\"Volunteers\",\"image\":{\"@type\":\"ImageObject\",\"inLanguage\":\"sk-SK\",\"@id\":\"https:\\\/\\\/secure.gravatar.com\\\/avatar\\\/877e8b8b1c7141289d8fa98d9c34bac243a6398eab80927213700d9ba7888055?s=96&d=mm&r=g\",\"url\":\"https:\\\/\\\/secure.gravatar.com\\\/avatar\\\/877e8b8b1c7141289d8fa98d9c34bac243a6398eab80927213700d9ba7888055?s=96&d=mm&r=g\",\"contentUrl\":\"https:\\\/\\\/secure.gravatar.com\\\/avatar\\\/877e8b8b1c7141289d8fa98d9c34bac243a6398eab80927213700d9ba7888055?s=96&d=mm&r=g\",\"caption\":\"Volunteers\"},\"url\":\"https:\\\/\\\/www.youthforequality.sk\\\/index.php\\\/author\\\/volunteers\\\/\"}]}<\/script>\n<!-- \/ Yoast SEO plugin. -->","yoast_head_json":{"title":"Move for Health: Moving Towards Better Health 2 |","robots":{"index":"index","follow":"follow","max-snippet":"max-snippet:-1","max-image-preview":"max-image-preview:large","max-video-preview":"max-video-preview:-1"},"canonical":"https:\/\/www.youthforequality.sk\/index.php\/2025\/11\/11\/move-for-health-moving-towards-better-health-2\/","og_locale":"sk_SK","og_type":"article","og_title":"Move for Health: Moving Towards Better Health 2 |","og_description":"September bol pre n\u00e1\u0161 projekt Move for Health: Pohybom k lep\u0161iemu zdraviu\u00a0mesiacom pln\u00fdm energie, \u0161portu a spolo\u010dn\u00fdch z\u00e1\u017eitkov. Cie\u013eom bolo spoji\u0165 \u013eud\u00ed prostredn\u00edctvom pohybu, pr\u00edrody a aktiv\u00edt, ktor\u00e9 podporuj\u00fa nielen fyzick\u00e9, ale aj du\u0161evn\u00e9 zdravie. Ak\u00e9 boli na\u0161e aktivity? Spolo\u010dn\u00fd beh komunity Mesiac sme od\u0161tartovali spolo\u010dn\u00fdm behom komunity, ktor\u00fd spojil dobrovo\u013en\u00edkov a miestnych obyvate\u013eov. Nebolo&hellip;&nbsp;\u010c\u00edta\u0165 viac &raquo;Move for Health: Moving Towards Better Health 2","og_url":"https:\/\/www.youthforequality.sk\/index.php\/2025\/11\/11\/move-for-health-moving-towards-better-health-2\/","article_publisher":"https:\/\/www.facebook.com\/yeslovakia","article_published_time":"2025-11-11T13:37:35+00:00","article_modified_time":"2025-12-03T19:10:56+00:00","og_image":[{"width":1024,"height":576,"url":"https:\/\/www.youthforequality.sk\/wp-content\/uploads\/2025\/11\/Move-for-health-2-1024x576.png","type":"image\/png"}],"author":"Volunteers","twitter_card":"summary_large_image","twitter_misc":{"Autor":"Volunteers","Predpokladan\u00fd \u010das \u010d\u00edtania":"5 min\u00fat"},"schema":{"@context":"https:\/\/schema.org","@graph":[{"@type":"Article","@id":"https:\/\/www.youthforequality.sk\/index.php\/2025\/11\/11\/move-for-health-moving-towards-better-health-2\/#article","isPartOf":{"@id":"https:\/\/www.youthforequality.sk\/index.php\/2025\/11\/11\/move-for-health-moving-towards-better-health-2\/"},"author":{"name":"Volunteers","@id":"https:\/\/www.youthforequality.sk\/#\/schema\/person\/55f3a5ce6c3bf59030ee945357c0831b"},"headline":"Move for Health: Moving Towards Better Health 2","datePublished":"2025-11-11T13:37:35+00:00","dateModified":"2025-12-03T19:10:56+00:00","mainEntityOfPage":{"@id":"https:\/\/www.youthforequality.sk\/index.php\/2025\/11\/11\/move-for-health-moving-towards-better-health-2\/"},"wordCount":489,"publisher":{"@id":"https:\/\/www.youthforequality.sk\/#organization"},"image":{"@id":"https:\/\/www.youthforequality.sk\/index.php\/2025\/11\/11\/move-for-health-moving-towards-better-health-2\/#primaryimage"},"thumbnailUrl":"https:\/\/www.youthforequality.sk\/wp-content\/uploads\/2025\/11\/Move-for-health-2.png","articleSection":["Blog"],"inLanguage":"sk-SK"},{"@type":"WebPage","@id":"https:\/\/www.youthforequality.sk\/index.php\/2025\/11\/11\/move-for-health-moving-towards-better-health-2\/","url":"https:\/\/www.youthforequality.sk\/index.php\/2025\/11\/11\/move-for-health-moving-towards-better-health-2\/","name":"Move for Health: Moving Towards Better Health 2 |","isPartOf":{"@id":"https:\/\/www.youthforequality.sk\/#website"},"primaryImageOfPage":{"@id":"https:\/\/www.youthforequality.sk\/index.php\/2025\/11\/11\/move-for-health-moving-towards-better-health-2\/#primaryimage"},"image":{"@id":"https:\/\/www.youthforequality.sk\/index.php\/2025\/11\/11\/move-for-health-moving-towards-better-health-2\/#primaryimage"},"thumbnailUrl":"https:\/\/www.youthforequality.sk\/wp-content\/uploads\/2025\/11\/Move-for-health-2.png","datePublished":"2025-11-11T13:37:35+00:00","dateModified":"2025-12-03T19:10:56+00:00","breadcrumb":{"@id":"https:\/\/www.youthforequality.sk\/index.php\/2025\/11\/11\/move-for-health-moving-towards-better-health-2\/#breadcrumb"},"inLanguage":"sk-SK","potentialAction":[{"@type":"ReadAction","target":["https:\/\/www.youthforequality.sk\/index.php\/2025\/11\/11\/move-for-health-moving-towards-better-health-2\/"]}]},{"@type":"ImageObject","inLanguage":"sk-SK","@id":"https:\/\/www.youthforequality.sk\/index.php\/2025\/11\/11\/move-for-health-moving-towards-better-health-2\/#primaryimage","url":"https:\/\/www.youthforequality.sk\/wp-content\/uploads\/2025\/11\/Move-for-health-2.png","contentUrl":"https:\/\/www.youthforequality.sk\/wp-content\/uploads\/2025\/11\/Move-for-health-2.png","width":1920,"height":1080},{"@type":"BreadcrumbList","@id":"https:\/\/www.youthforequality.sk\/index.php\/2025\/11\/11\/move-for-health-moving-towards-better-health-2\/#breadcrumb","itemListElement":[{"@type":"ListItem","position":1,"name":"Home","item":"https:\/\/www.youthforequality.sk\/"},{"@type":"ListItem","position":2,"name":"Move for Health: Moving Towards Better Health 2"}]},{"@type":"WebSite","@id":"https:\/\/www.youthforequality.sk\/#website","url":"https:\/\/www.youthforequality.sk\/","name":"","description":"","publisher":{"@id":"https:\/\/www.youthforequality.sk\/#organization"},"potentialAction":[{"@type":"SearchAction","target":{"@type":"EntryPoint","urlTemplate":"https:\/\/www.youthforequality.sk\/?s={search_term_string}"},"query-input":{"@type":"PropertyValueSpecification","valueRequired":true,"valueName":"search_term_string"}}],"inLanguage":"sk-SK"},{"@type":"Organization","@id":"https:\/\/www.youthforequality.sk\/#organization","name":"Youth for Equality","url":"https:\/\/www.youthforequality.sk\/","logo":{"@type":"ImageObject","inLanguage":"sk-SK","@id":"https:\/\/www.youthforequality.sk\/#\/schema\/logo\/image\/","url":"https:\/\/www.youthforequality.sk\/wp-content\/uploads\/2021\/01\/vynovene-logo-nove-farby_modra-na-web.png","contentUrl":"https:\/\/www.youthforequality.sk\/wp-content\/uploads\/2021\/01\/vynovene-logo-nove-farby_modra-na-web.png","width":1,"height":1,"caption":"Youth for Equality"},"image":{"@id":"https:\/\/www.youthforequality.sk\/#\/schema\/logo\/image\/"},"sameAs":["https:\/\/www.facebook.com\/yeslovakia"]},{"@type":"Person","@id":"https:\/\/www.youthforequality.sk\/#\/schema\/person\/55f3a5ce6c3bf59030ee945357c0831b","name":"Volunteers","image":{"@type":"ImageObject","inLanguage":"sk-SK","@id":"https:\/\/secure.gravatar.com\/avatar\/877e8b8b1c7141289d8fa98d9c34bac243a6398eab80927213700d9ba7888055?s=96&d=mm&r=g","url":"https:\/\/secure.gravatar.com\/avatar\/877e8b8b1c7141289d8fa98d9c34bac243a6398eab80927213700d9ba7888055?s=96&d=mm&r=g","contentUrl":"https:\/\/secure.gravatar.com\/avatar\/877e8b8b1c7141289d8fa98d9c34bac243a6398eab80927213700d9ba7888055?s=96&d=mm&r=g","caption":"Volunteers"},"url":"https:\/\/www.youthforequality.sk\/index.php\/author\/volunteers\/"}]}},"_links":{"self":[{"href":"https:\/\/www.youthforequality.sk\/index.php\/wp-json\/wp\/v2\/posts\/10169","targetHints":{"allow":["GET"]}}],"collection":[{"href":"https:\/\/www.youthforequality.sk\/index.php\/wp-json\/wp\/v2\/posts"}],"about":[{"href":"https:\/\/www.youthforequality.sk\/index.php\/wp-json\/wp\/v2\/types\/post"}],"author":[{"embeddable":true,"href":"https:\/\/www.youthforequality.sk\/index.php\/wp-json\/wp\/v2\/users\/13"}],"replies":[{"embeddable":true,"href":"https:\/\/www.youthforequality.sk\/index.php\/wp-json\/wp\/v2\/comments?post=10169"}],"version-history":[{"count":14,"href":"https:\/\/www.youthforequality.sk\/index.php\/wp-json\/wp\/v2\/posts\/10169\/revisions"}],"predecessor-version":[{"id":10420,"href":"https:\/\/www.youthforequality.sk\/index.php\/wp-json\/wp\/v2\/posts\/10169\/revisions\/10420"}],"wp:featuredmedia":[{"embeddable":true,"href":"https:\/\/www.youthforequality.sk\/index.php\/wp-json\/wp\/v2\/media\/10171"}],"wp:attachment":[{"href":"https:\/\/www.youthforequality.sk\/index.php\/wp-json\/wp\/v2\/media?parent=10169"}],"wp:term":[{"taxonomy":"category","embeddable":true,"href":"https:\/\/www.youthforequality.sk\/index.php\/wp-json\/wp\/v2\/categories?post=10169"},{"taxonomy":"post_tag","embeddable":true,"href":"https:\/\/www.youthforequality.sk\/index.php\/wp-json\/wp\/v2\/tags?post=10169"}],"curies":[{"name":"wp","href":"https:\/\/api.w.org\/{rel}","templated":true}]}}