{"id":1022,"date":"2018-06-05T10:00:00","date_gmt":"2018-06-05T10:00:00","guid":{"rendered":"https:\/\/www.youthforequality.sk\/?p=1022"},"modified":"2020-10-26T16:42:27","modified_gmt":"2020-10-26T16:42:27","slug":"mladeznicka-vymena-healthy-for-life-1-13-juna-2017","status":"publish","type":"post","link":"https:\/\/www.youthforequality.sk\/index.php\/2018\/06\/05\/mladeznicka-vymena-healthy-for-life-1-13-juna-2017\/","title":{"rendered":"Ml\u00e1de\u017en\u00edcka v\u00fdmena Healthy for Life, 1. &#8211; 13.j\u00fana 2017"},"content":{"rendered":"\n<p>&#8222;U\u017e po\u010das svojho prv\u00e9ho projektu pod z\u00e1\u0161titou Erasmus+ som si uvedomila, \u017ee hoci je toto moja premi\u00e9ra, tak derni\u00e9ra je v nedoh\u013eadne. Takto to u\u017e s t\u00fdmito projektmi chod\u00ed &#8211; kto sa do toho raz dostane, vyh\u013ead\u00e1va \u010fal\u0161ie, podobn\u00e9 pr\u00edle\u017eitosti a prv\u00fd raz je zriedkakedy aj posledn\u00fd. Viem, t\u00e1 predch\u00e1dzaj\u00faca veta znie trochu (dos\u0165) ako slov\u00e1 ak\u00e9hosi narkomana, len\u017ee s\u013eubujem, \u017ee to, \u010do tu chcem pribl\u00ed\u017ei\u0165, m\u00e1 o \u010dosi pozit\u00edvnej\u0161\u00ed dopad na \u017eivot. Ale \u017earty bokom- neporovnate\u013ene pozit\u00edvnej\u0161\u00ed. Pomaly sa kon\u010dil \u0161kolsk\u00fd rok, \u0161tudenti sa s popieranou \u0161tipkou paniky za\u010dali sna\u017ei\u0165 opravi\u0165 a zachr\u00e1ni\u0165, \u010do sa d\u00e1, na ich koncoro\u010dn\u00fdch vysved\u010deniach. Ja, ako spr\u00e1vny \u010dlen v\u0161etk\u00fdch facebookov\u00fdch skup\u00edn venuj\u00facich sa ml\u00e1de\u017en\u00edckym projektom, ktor\u00e9 som kedy na\u0161la, som v\u0161ak objavila ponuku na \u00fa\u010das\u0165 na v\u00fdmene (\u010di\u017ee youth exchange), ktor\u00e1 ma zaujala. Takmer cel\u00e9 prv\u00e9 dva j\u00fanov\u00e9 t\u00fd\u017edne na projekte v Rumunsku t\u00fdkaj\u00faceho sa zdrav\u00e9ho \u017eivotn\u00e9ho \u0161t\u00fdlu. Konkr\u00e9tnej\u0161ie, jej n\u00e1zov bol &#8222;Healthy for Life 3rd edition&#8220;. Mala som dilemu: prihl\u00e1sim sa, hoci sa mi potom v\u0161etky p\u00edsomky nahrn\u00fa na posledn\u00fd t\u00fd\u017ede\u0148 pred uzatvoren\u00edm zn\u00e1mok a hoci od pohybu a \u0161portu som akosi za\u010dala pomaly up\u00fa\u0161\u0165a\u0165 pred p\u00e1r rokmi po pr\u00edchode na stredn\u00fa \u0161kolu? Vlastne, a\u017e tak\u00e1 dilema to nebola, ke\u010f\u017ee po istej chv\u00edli bola jednozna\u010dn\u00e1 odpove\u010f \u00e1no ( a st\u00e1lo to za to v\u0161etko a ove\u013ea viac). Vravela som si, mo\u017eno pr\u00e1ve toto je pr\u00edle\u017eitos\u0165, ktor\u00e1 ma zase posunie z miesta &#8211; a to doslova aj obrazne. To bolo radosti, ke\u010f mi pri\u0161iel mail so spr\u00e1vou, \u017ee som bola vybran\u00e1 z\u00fa\u010dastni\u0165 sa. Ve\u010f u\u017e o nieko\u013eko t\u00fd\u017ed\u0148ov si budem tvori\u0165 skvel\u00e9 spomienky na cel\u00fd \u017eivot, neform\u00e1lne sa vzdel\u00e1va\u0165 a nabera\u0165 sk\u00fasenosti s viac ako 40 \u010fal\u0161\u00edmi mlad\u00fdmi \u013eu\u010fmi zo Slovenska, Rumunska, Loty\u0161ska, Gr\u00e9cka, Malty, \u0160k\u00f3tska a Nemecka! V nasleduj\u00facich t\u00fd\u017ed\u0148och som svoju \u00fa\u010das\u0165 ozn\u00e1mila v \u0161kole, spolu s ostatn\u00fdmi Slov\u00e1kmi sme sa dohodli na detailoch cesty, na veciach, ktor\u00e9 za \u00fa\u010delom prezent\u00e1cie na\u0161ej krajiny so sebou donesieme, urobili sme kr\u00e1tke video prezentuj\u00face n\u00e1s siedmich a zavesili ho do spolo\u010dnej projektovej skupiny, zbalila som sa a u\u017e sme sedeli v minibuse, po prieskume uznanom sa najvhodnej\u0161\u00ed transport na miesto konania, na nieko\u013ekohodinovej ceste za dobrodru\u017estvom naplnenej hran\u00edm vskutku zauj\u00edmav\u00fdch a miestami frustruj\u00facich z\u00e1bavn\u00fdch hier. \u010co sme za\u017eili, v skratke zhrnut\u00e9 do p\u00e1r riadkov? Zozn\u00e1mili sme sa s \u00fa\u017easn\u00fdmi \u013eu\u010fmi z r\u00f4znych k\u00fatov Eur\u00f3py, ktor\u00ed boli na rovnakej vlne a predsa ka\u017ed\u00fd in\u00fd. Zahodili stereotypy. Vysk\u00fa\u0161ali najr\u00f4znej\u0161ie druhy \u0161portov a pohybu. Rie\u0161ili probl\u00e9my odr\u00e1dzaj\u00face \u013eud\u00ed od \u0161portu. Z\u00fa\u010dastnili sa kr\u00e1snej celodennej t\u00fary. Z\u00fa\u010dastnili sa kr\u00e1snej dvojd\u0148ovej t\u00fary s prespan\u00edm na horskej chate s ve\u010derom pri ohnisku. Liezli po prek\u00e1\u017ekach v \u0161estn\u00e1s\u0165metrovej v\u00fd\u0161ke v adventure parku. Kajakovali sa. Sp\u00fa\u0161\u0165ali sa na zipline cez rieku. Nau\u010dili sa ve\u013ea o ostatn\u00fdch kult\u00farach. Spropagovali t\u00fa na\u0161u. Zistili, \u017ee vlastne toho m\u00e1me spolo\u010dn\u00e9ho omnoho viac, ako sme si mysleli. Spoznali \u013eud\u00ed, na ktor\u00fdch nikdy nezabudneme. Smiali sa. U\u017e\u00edvali sme si \u017eivot. Tancovali sme. Prekon\u00e1vali sme sa. Nat\u00e1\u010dali filmy. Dost\u00e1vali za ne Oscarov. To v\u0161etko v angli\u010dtine, ktorou tu kone\u010dne m\u00e1te mo\u017enos\u0165 a vlastne aj mus\u00edte komunikova\u0165, a tak si ju v priamom prenose zlep\u0161ova\u0165. A takto, pomedzi to v\u0161etko, n\u00e1s neform\u00e1lne vzdel\u00e1vanie nau\u010dilo by\u0165 otvorenej\u0161\u00ed, rozhodnej\u0161\u00ed, viac si veri\u0165, by\u0165 tolerantnej\u0161\u00ed, neb\u00e1\u0165 sa vyst\u00fapi\u0165 z davu, spolupracova\u0165, u\u010di\u0165 sa z\u00e1\u017eitkami (a zjes\u0165 dos\u0165 ve\u013ea sladk\u00fdch doma vyroben\u00fdch \u0161i\u0161iek &#8211; nie pr\u00e1ve najzdrav\u0161ie, ale fakt dobr\u00e9) a najm\u00e4 \u017ei\u0165 v momente. To v\u0161etko (a na\u017eivo fakt o ve\u013ea viac), len v trochu inej podobe, m\u00f4\u017ee\u0161 pre\u017ei\u0165 aj ty. Pr\u00edle\u017eitosti s\u00fa tu, u\u017e len za nimi \u00eds\u0165. Tak si n\u00e1jdi ten projekt. Po\u0161li t\u00fa prihl\u00e1\u0161ku. D\u00fafaj, \u017ee \u0165a vyber\u00fa. Za\u017ei to. Lebo ono to stoj\u00ed za to.&#8220; KARINA<\/p>\n","protected":false},"excerpt":{"rendered":"<p>&#8222;U\u017e po\u010das svojho prv\u00e9ho projektu pod z\u00e1\u0161titou Erasmus+ som si uvedomila, \u017ee hoci je toto moja premi\u00e9ra, tak derni\u00e9ra je v nedoh\u013eadne. Takto to u\u017e s t\u00fdmito projektmi chod\u00ed &#8211; kto sa do toho raz dostane, vyh\u013ead\u00e1va \u010fal\u0161ie, podobn\u00e9 pr\u00edle\u017eitosti a prv\u00fd raz je zriedkakedy aj posledn\u00fd. Viem, t\u00e1 predch\u00e1dzaj\u00faca veta znie trochu (dos\u0165) ako&hellip;&nbsp;<a href=\"https:\/\/www.youthforequality.sk\/index.php\/2018\/06\/05\/mladeznicka-vymena-healthy-for-life-1-13-juna-2017\/\" class=\"\" rel=\"bookmark\">\u010c\u00edta\u0165 viac &raquo;<span class=\"screen-reader-text\">Ml\u00e1de\u017en\u00edcka v\u00fdmena Healthy for Life, 1. &#8211; 13.j\u00fana 2017<\/span><\/a><\/p>\n","protected":false},"author":1,"featured_media":0,"comment_status":"open","ping_status":"open","sticky":false,"template":"template-full-width.php","format":"standard","meta":{"_uf_show_specific_survey":0,"_uf_disable_surveys":false,"neve_meta_sidebar":"","neve_meta_container":"","neve_meta_enable_content_width":"","neve_meta_content_width":0,"neve_meta_title_alignment":"","neve_meta_author_avatar":"","neve_post_elements_order":"","neve_meta_disable_header":"","neve_meta_disable_footer":"","neve_meta_disable_title":"","_themeisle_gutenberg_block_has_review":false,"footnotes":""},"categories":[3],"tags":[],"class_list":["post-1022","post","type-post","status-publish","format-standard","hentry","category-blog"],"yoast_head":"<!-- This site is optimized with the Yoast SEO plugin v27.4 - https:\/\/yoast.com\/product\/yoast-seo-wordpress\/ -->\n<title>Ml\u00e1de\u017en\u00edcka v\u00fdmena Healthy for Life, 1. - 13.j\u00fana 2017 |<\/title>\n<meta name=\"robots\" content=\"index, follow, max-snippet:-1, max-image-preview:large, max-video-preview:-1\" \/>\n<link rel=\"canonical\" href=\"https:\/\/www.youthforequality.sk\/index.php\/2018\/06\/05\/mladeznicka-vymena-healthy-for-life-1-13-juna-2017\/\" \/>\n<meta property=\"og:locale\" content=\"sk_SK\" \/>\n<meta property=\"og:type\" content=\"article\" \/>\n<meta property=\"og:title\" content=\"Ml\u00e1de\u017en\u00edcka v\u00fdmena Healthy for Life, 1. - 13.j\u00fana 2017 |\" \/>\n<meta property=\"og:description\" content=\"&#8222;U\u017e po\u010das svojho prv\u00e9ho projektu pod z\u00e1\u0161titou Erasmus+ som si uvedomila, \u017ee hoci je toto moja premi\u00e9ra, tak derni\u00e9ra je v nedoh\u013eadne. Takto to u\u017e s t\u00fdmito projektmi chod\u00ed &#8211; kto sa do toho raz dostane, vyh\u013ead\u00e1va \u010fal\u0161ie, podobn\u00e9 pr\u00edle\u017eitosti a prv\u00fd raz je zriedkakedy aj posledn\u00fd. Viem, t\u00e1 predch\u00e1dzaj\u00faca veta znie trochu (dos\u0165) ako&hellip;&nbsp;\u010c\u00edta\u0165 viac &raquo;Ml\u00e1de\u017en\u00edcka v\u00fdmena Healthy for Life, 1. &#8211; 13.j\u00fana 2017\" \/>\n<meta property=\"og:url\" content=\"https:\/\/www.youthforequality.sk\/index.php\/2018\/06\/05\/mladeznicka-vymena-healthy-for-life-1-13-juna-2017\/\" \/>\n<meta property=\"article:publisher\" content=\"https:\/\/www.facebook.com\/yeslovakia\" \/>\n<meta property=\"article:published_time\" content=\"2018-06-05T10:00:00+00:00\" \/>\n<meta property=\"article:modified_time\" content=\"2020-10-26T16:42:27+00:00\" \/>\n<meta name=\"author\" content=\"Filip Ku\u017ema\" \/>\n<meta name=\"twitter:card\" content=\"summary_large_image\" \/>\n<meta name=\"twitter:label1\" content=\"Autor\" \/>\n\t<meta name=\"twitter:data1\" content=\"Filip Ku\u017ema\" \/>\n\t<meta name=\"twitter:label2\" content=\"Predpokladan\u00fd \u010das \u010d\u00edtania\" \/>\n\t<meta name=\"twitter:data2\" content=\"4 min\u00faty\" \/>\n<script type=\"application\/ld+json\" class=\"yoast-schema-graph\">{\"@context\":\"https:\\\/\\\/schema.org\",\"@graph\":[{\"@type\":\"Article\",\"@id\":\"https:\\\/\\\/www.youthforequality.sk\\\/index.php\\\/2018\\\/06\\\/05\\\/mladeznicka-vymena-healthy-for-life-1-13-juna-2017\\\/#article\",\"isPartOf\":{\"@id\":\"https:\\\/\\\/www.youthforequality.sk\\\/index.php\\\/2018\\\/06\\\/05\\\/mladeznicka-vymena-healthy-for-life-1-13-juna-2017\\\/\"},\"author\":{\"name\":\"Filip Ku\u017ema\",\"@id\":\"https:\\\/\\\/www.youthforequality.sk\\\/#\\\/schema\\\/person\\\/13a1342f9669c039035c15166bfaf7dd\"},\"headline\":\"Ml\u00e1de\u017en\u00edcka v\u00fdmena Healthy for Life, 1. &#8211; 13.j\u00fana 2017\",\"datePublished\":\"2018-06-05T10:00:00+00:00\",\"dateModified\":\"2020-10-26T16:42:27+00:00\",\"mainEntityOfPage\":{\"@id\":\"https:\\\/\\\/www.youthforequality.sk\\\/index.php\\\/2018\\\/06\\\/05\\\/mladeznicka-vymena-healthy-for-life-1-13-juna-2017\\\/\"},\"wordCount\":789,\"commentCount\":0,\"publisher\":{\"@id\":\"https:\\\/\\\/www.youthforequality.sk\\\/#organization\"},\"articleSection\":[\"Blog\"],\"inLanguage\":\"sk-SK\",\"potentialAction\":[{\"@type\":\"CommentAction\",\"name\":\"Comment\",\"target\":[\"https:\\\/\\\/www.youthforequality.sk\\\/index.php\\\/2018\\\/06\\\/05\\\/mladeznicka-vymena-healthy-for-life-1-13-juna-2017\\\/#respond\"]}]},{\"@type\":\"WebPage\",\"@id\":\"https:\\\/\\\/www.youthforequality.sk\\\/index.php\\\/2018\\\/06\\\/05\\\/mladeznicka-vymena-healthy-for-life-1-13-juna-2017\\\/\",\"url\":\"https:\\\/\\\/www.youthforequality.sk\\\/index.php\\\/2018\\\/06\\\/05\\\/mladeznicka-vymena-healthy-for-life-1-13-juna-2017\\\/\",\"name\":\"Ml\u00e1de\u017en\u00edcka v\u00fdmena Healthy for Life, 1. - 13.j\u00fana 2017 |\",\"isPartOf\":{\"@id\":\"https:\\\/\\\/www.youthforequality.sk\\\/#website\"},\"datePublished\":\"2018-06-05T10:00:00+00:00\",\"dateModified\":\"2020-10-26T16:42:27+00:00\",\"breadcrumb\":{\"@id\":\"https:\\\/\\\/www.youthforequality.sk\\\/index.php\\\/2018\\\/06\\\/05\\\/mladeznicka-vymena-healthy-for-life-1-13-juna-2017\\\/#breadcrumb\"},\"inLanguage\":\"sk-SK\",\"potentialAction\":[{\"@type\":\"ReadAction\",\"target\":[\"https:\\\/\\\/www.youthforequality.sk\\\/index.php\\\/2018\\\/06\\\/05\\\/mladeznicka-vymena-healthy-for-life-1-13-juna-2017\\\/\"]}]},{\"@type\":\"BreadcrumbList\",\"@id\":\"https:\\\/\\\/www.youthforequality.sk\\\/index.php\\\/2018\\\/06\\\/05\\\/mladeznicka-vymena-healthy-for-life-1-13-juna-2017\\\/#breadcrumb\",\"itemListElement\":[{\"@type\":\"ListItem\",\"position\":1,\"name\":\"Home\",\"item\":\"https:\\\/\\\/www.youthforequality.sk\\\/\"},{\"@type\":\"ListItem\",\"position\":2,\"name\":\"Ml\u00e1de\u017en\u00edcka v\u00fdmena Healthy for Life, 1. &#8211; 13.j\u00fana 2017\"}]},{\"@type\":\"WebSite\",\"@id\":\"https:\\\/\\\/www.youthforequality.sk\\\/#website\",\"url\":\"https:\\\/\\\/www.youthforequality.sk\\\/\",\"name\":\"\",\"description\":\"\",\"publisher\":{\"@id\":\"https:\\\/\\\/www.youthforequality.sk\\\/#organization\"},\"potentialAction\":[{\"@type\":\"SearchAction\",\"target\":{\"@type\":\"EntryPoint\",\"urlTemplate\":\"https:\\\/\\\/www.youthforequality.sk\\\/?s={search_term_string}\"},\"query-input\":{\"@type\":\"PropertyValueSpecification\",\"valueRequired\":true,\"valueName\":\"search_term_string\"}}],\"inLanguage\":\"sk-SK\"},{\"@type\":\"Organization\",\"@id\":\"https:\\\/\\\/www.youthforequality.sk\\\/#organization\",\"name\":\"Youth for Equality\",\"url\":\"https:\\\/\\\/www.youthforequality.sk\\\/\",\"logo\":{\"@type\":\"ImageObject\",\"inLanguage\":\"sk-SK\",\"@id\":\"https:\\\/\\\/www.youthforequality.sk\\\/#\\\/schema\\\/logo\\\/image\\\/\",\"url\":\"https:\\\/\\\/www.youthforequality.sk\\\/wp-content\\\/uploads\\\/2021\\\/01\\\/vynovene-logo-nove-farby_modra-na-web.png\",\"contentUrl\":\"https:\\\/\\\/www.youthforequality.sk\\\/wp-content\\\/uploads\\\/2021\\\/01\\\/vynovene-logo-nove-farby_modra-na-web.png\",\"width\":1,\"height\":1,\"caption\":\"Youth for Equality\"},\"image\":{\"@id\":\"https:\\\/\\\/www.youthforequality.sk\\\/#\\\/schema\\\/logo\\\/image\\\/\"},\"sameAs\":[\"https:\\\/\\\/www.facebook.com\\\/yeslovakia\"]},{\"@type\":\"Person\",\"@id\":\"https:\\\/\\\/www.youthforequality.sk\\\/#\\\/schema\\\/person\\\/13a1342f9669c039035c15166bfaf7dd\",\"name\":\"Filip Ku\u017ema\",\"image\":{\"@type\":\"ImageObject\",\"inLanguage\":\"sk-SK\",\"@id\":\"https:\\\/\\\/secure.gravatar.com\\\/avatar\\\/5f16b953992f889ac33be959cbb81fab7225cec203e13cff27b25f35459dbc06?s=96&d=mm&r=g\",\"url\":\"https:\\\/\\\/secure.gravatar.com\\\/avatar\\\/5f16b953992f889ac33be959cbb81fab7225cec203e13cff27b25f35459dbc06?s=96&d=mm&r=g\",\"contentUrl\":\"https:\\\/\\\/secure.gravatar.com\\\/avatar\\\/5f16b953992f889ac33be959cbb81fab7225cec203e13cff27b25f35459dbc06?s=96&d=mm&r=g\",\"caption\":\"Filip Ku\u017ema\"},\"sameAs\":[\"https:\\\/\\\/www.youthforequality.sk\"],\"url\":\"https:\\\/\\\/www.youthforequality.sk\\\/index.php\\\/author\\\/filkuz\\\/\"}]}<\/script>\n<!-- \/ Yoast SEO plugin. -->","yoast_head_json":{"title":"Ml\u00e1de\u017en\u00edcka v\u00fdmena Healthy for Life, 1. - 13.j\u00fana 2017 |","robots":{"index":"index","follow":"follow","max-snippet":"max-snippet:-1","max-image-preview":"max-image-preview:large","max-video-preview":"max-video-preview:-1"},"canonical":"https:\/\/www.youthforequality.sk\/index.php\/2018\/06\/05\/mladeznicka-vymena-healthy-for-life-1-13-juna-2017\/","og_locale":"sk_SK","og_type":"article","og_title":"Ml\u00e1de\u017en\u00edcka v\u00fdmena Healthy for Life, 1. - 13.j\u00fana 2017 |","og_description":"&#8222;U\u017e po\u010das svojho prv\u00e9ho projektu pod z\u00e1\u0161titou Erasmus+ som si uvedomila, \u017ee hoci je toto moja premi\u00e9ra, tak derni\u00e9ra je v nedoh\u013eadne. Takto to u\u017e s t\u00fdmito projektmi chod\u00ed &#8211; kto sa do toho raz dostane, vyh\u013ead\u00e1va \u010fal\u0161ie, podobn\u00e9 pr\u00edle\u017eitosti a prv\u00fd raz je zriedkakedy aj posledn\u00fd. Viem, t\u00e1 predch\u00e1dzaj\u00faca veta znie trochu (dos\u0165) ako&hellip;&nbsp;\u010c\u00edta\u0165 viac &raquo;Ml\u00e1de\u017en\u00edcka v\u00fdmena Healthy for Life, 1. &#8211; 13.j\u00fana 2017","og_url":"https:\/\/www.youthforequality.sk\/index.php\/2018\/06\/05\/mladeznicka-vymena-healthy-for-life-1-13-juna-2017\/","article_publisher":"https:\/\/www.facebook.com\/yeslovakia","article_published_time":"2018-06-05T10:00:00+00:00","article_modified_time":"2020-10-26T16:42:27+00:00","author":"Filip Ku\u017ema","twitter_card":"summary_large_image","twitter_misc":{"Autor":"Filip Ku\u017ema","Predpokladan\u00fd \u010das \u010d\u00edtania":"4 min\u00faty"},"schema":{"@context":"https:\/\/schema.org","@graph":[{"@type":"Article","@id":"https:\/\/www.youthforequality.sk\/index.php\/2018\/06\/05\/mladeznicka-vymena-healthy-for-life-1-13-juna-2017\/#article","isPartOf":{"@id":"https:\/\/www.youthforequality.sk\/index.php\/2018\/06\/05\/mladeznicka-vymena-healthy-for-life-1-13-juna-2017\/"},"author":{"name":"Filip Ku\u017ema","@id":"https:\/\/www.youthforequality.sk\/#\/schema\/person\/13a1342f9669c039035c15166bfaf7dd"},"headline":"Ml\u00e1de\u017en\u00edcka v\u00fdmena Healthy for Life, 1. &#8211; 13.j\u00fana 2017","datePublished":"2018-06-05T10:00:00+00:00","dateModified":"2020-10-26T16:42:27+00:00","mainEntityOfPage":{"@id":"https:\/\/www.youthforequality.sk\/index.php\/2018\/06\/05\/mladeznicka-vymena-healthy-for-life-1-13-juna-2017\/"},"wordCount":789,"commentCount":0,"publisher":{"@id":"https:\/\/www.youthforequality.sk\/#organization"},"articleSection":["Blog"],"inLanguage":"sk-SK","potentialAction":[{"@type":"CommentAction","name":"Comment","target":["https:\/\/www.youthforequality.sk\/index.php\/2018\/06\/05\/mladeznicka-vymena-healthy-for-life-1-13-juna-2017\/#respond"]}]},{"@type":"WebPage","@id":"https:\/\/www.youthforequality.sk\/index.php\/2018\/06\/05\/mladeznicka-vymena-healthy-for-life-1-13-juna-2017\/","url":"https:\/\/www.youthforequality.sk\/index.php\/2018\/06\/05\/mladeznicka-vymena-healthy-for-life-1-13-juna-2017\/","name":"Ml\u00e1de\u017en\u00edcka v\u00fdmena Healthy for Life, 1. - 13.j\u00fana 2017 |","isPartOf":{"@id":"https:\/\/www.youthforequality.sk\/#website"},"datePublished":"2018-06-05T10:00:00+00:00","dateModified":"2020-10-26T16:42:27+00:00","breadcrumb":{"@id":"https:\/\/www.youthforequality.sk\/index.php\/2018\/06\/05\/mladeznicka-vymena-healthy-for-life-1-13-juna-2017\/#breadcrumb"},"inLanguage":"sk-SK","potentialAction":[{"@type":"ReadAction","target":["https:\/\/www.youthforequality.sk\/index.php\/2018\/06\/05\/mladeznicka-vymena-healthy-for-life-1-13-juna-2017\/"]}]},{"@type":"BreadcrumbList","@id":"https:\/\/www.youthforequality.sk\/index.php\/2018\/06\/05\/mladeznicka-vymena-healthy-for-life-1-13-juna-2017\/#breadcrumb","itemListElement":[{"@type":"ListItem","position":1,"name":"Home","item":"https:\/\/www.youthforequality.sk\/"},{"@type":"ListItem","position":2,"name":"Ml\u00e1de\u017en\u00edcka v\u00fdmena Healthy for Life, 1. &#8211; 13.j\u00fana 2017"}]},{"@type":"WebSite","@id":"https:\/\/www.youthforequality.sk\/#website","url":"https:\/\/www.youthforequality.sk\/","name":"","description":"","publisher":{"@id":"https:\/\/www.youthforequality.sk\/#organization"},"potentialAction":[{"@type":"SearchAction","target":{"@type":"EntryPoint","urlTemplate":"https:\/\/www.youthforequality.sk\/?s={search_term_string}"},"query-input":{"@type":"PropertyValueSpecification","valueRequired":true,"valueName":"search_term_string"}}],"inLanguage":"sk-SK"},{"@type":"Organization","@id":"https:\/\/www.youthforequality.sk\/#organization","name":"Youth for Equality","url":"https:\/\/www.youthforequality.sk\/","logo":{"@type":"ImageObject","inLanguage":"sk-SK","@id":"https:\/\/www.youthforequality.sk\/#\/schema\/logo\/image\/","url":"https:\/\/www.youthforequality.sk\/wp-content\/uploads\/2021\/01\/vynovene-logo-nove-farby_modra-na-web.png","contentUrl":"https:\/\/www.youthforequality.sk\/wp-content\/uploads\/2021\/01\/vynovene-logo-nove-farby_modra-na-web.png","width":1,"height":1,"caption":"Youth for Equality"},"image":{"@id":"https:\/\/www.youthforequality.sk\/#\/schema\/logo\/image\/"},"sameAs":["https:\/\/www.facebook.com\/yeslovakia"]},{"@type":"Person","@id":"https:\/\/www.youthforequality.sk\/#\/schema\/person\/13a1342f9669c039035c15166bfaf7dd","name":"Filip Ku\u017ema","image":{"@type":"ImageObject","inLanguage":"sk-SK","@id":"https:\/\/secure.gravatar.com\/avatar\/5f16b953992f889ac33be959cbb81fab7225cec203e13cff27b25f35459dbc06?s=96&d=mm&r=g","url":"https:\/\/secure.gravatar.com\/avatar\/5f16b953992f889ac33be959cbb81fab7225cec203e13cff27b25f35459dbc06?s=96&d=mm&r=g","contentUrl":"https:\/\/secure.gravatar.com\/avatar\/5f16b953992f889ac33be959cbb81fab7225cec203e13cff27b25f35459dbc06?s=96&d=mm&r=g","caption":"Filip Ku\u017ema"},"sameAs":["https:\/\/www.youthforequality.sk"],"url":"https:\/\/www.youthforequality.sk\/index.php\/author\/filkuz\/"}]}},"_links":{"self":[{"href":"https:\/\/www.youthforequality.sk\/index.php\/wp-json\/wp\/v2\/posts\/1022","targetHints":{"allow":["GET"]}}],"collection":[{"href":"https:\/\/www.youthforequality.sk\/index.php\/wp-json\/wp\/v2\/posts"}],"about":[{"href":"https:\/\/www.youthforequality.sk\/index.php\/wp-json\/wp\/v2\/types\/post"}],"author":[{"embeddable":true,"href":"https:\/\/www.youthforequality.sk\/index.php\/wp-json\/wp\/v2\/users\/1"}],"replies":[{"embeddable":true,"href":"https:\/\/www.youthforequality.sk\/index.php\/wp-json\/wp\/v2\/comments?post=1022"}],"version-history":[{"count":1,"href":"https:\/\/www.youthforequality.sk\/index.php\/wp-json\/wp\/v2\/posts\/1022\/revisions"}],"predecessor-version":[{"id":1023,"href":"https:\/\/www.youthforequality.sk\/index.php\/wp-json\/wp\/v2\/posts\/1022\/revisions\/1023"}],"wp:attachment":[{"href":"https:\/\/www.youthforequality.sk\/index.php\/wp-json\/wp\/v2\/media?parent=1022"}],"wp:term":[{"taxonomy":"category","embeddable":true,"href":"https:\/\/www.youthforequality.sk\/index.php\/wp-json\/wp\/v2\/categories?post=1022"},{"taxonomy":"post_tag","embeddable":true,"href":"https:\/\/www.youthforequality.sk\/index.php\/wp-json\/wp\/v2\/tags?post=1022"}],"curies":[{"name":"wp","href":"https:\/\/api.w.org\/{rel}","templated":true}]}}