{"id":10226,"date":"2025-11-17T09:28:12","date_gmt":"2025-11-17T08:28:12","guid":{"rendered":"https:\/\/www.youthforequality.sk\/?p=10226"},"modified":"2025-11-17T10:37:11","modified_gmt":"2025-11-17T09:37:11","slug":"youth-democraid-education-debate-action","status":"publish","type":"post","link":"https:\/\/www.youthforequality.sk\/index.php\/2025\/11\/17\/youth-democraid-education-debate-action\/","title":{"rendered":"Youth DemocrAID: Education, Debate, Action"},"content":{"rendered":"\t\t<div data-elementor-type=\"wp-post\" data-elementor-id=\"10226\" class=\"elementor elementor-10226\">\n\t\t\t\t\t\t<section class=\"elementor-section elementor-top-section elementor-element elementor-element-5f12270 elementor-section-boxed elementor-section-height-default elementor-section-height-default\" data-id=\"5f12270\" data-element_type=\"section\" data-e-type=\"section\">\n\t\t\t\t\t\t<div class=\"elementor-container elementor-column-gap-default\">\n\t\t\t\t\t<div class=\"elementor-column elementor-col-100 elementor-top-column elementor-element elementor-element-caae2a9\" data-id=\"caae2a9\" data-element_type=\"column\" data-e-type=\"column\">\n\t\t\t<div class=\"elementor-widget-wrap elementor-element-populated\">\n\t\t\t\t\t\t<div class=\"elementor-element elementor-element-3e0e235 elementor-widget__width-initial elementor-widget elementor-widget-text-editor\" data-id=\"3e0e235\" data-element_type=\"widget\" data-e-type=\"widget\" data-widget_type=\"text-editor.default\">\n\t\t\t\t<div class=\"elementor-widget-container\">\n\t\t\t\t\t\t\t\t\t<p><strong>Youth DemocrAID<\/strong> je dvojro\u010dn\u00fd eur\u00f3psky projekt (2024\u20132026) podporen\u00fd z programu <strong>CERV \u2013 Citizens, Equality, Rights and Values<\/strong>, ktor\u00fd sp\u00e1ja organiz\u00e1cie z <strong>Talianska,<\/strong> <strong>Po\u013eska, Slovenska, Gr\u00e9cka a Portugalska.<\/strong><\/p><p>\u00a0<\/p><p>Jeho cie\u013eom je podpori\u0165 mlad\u00fdch \u013eud\u00ed, aby <strong>lep\u0161ie rozumeli demokracii, zap\u00e1jali sa do<\/strong> <strong>verejn\u00e9ho \u017eivota a prispievali k pozit\u00edvnym zmen\u00e1m vo svojich komunit\u00e1ch.<\/strong><\/p><p>\u00a0<\/p><p>Projekt vyu\u017e\u00edva met\u00f3dy neform\u00e1lneho vzdel\u00e1vania \u2013 <strong>diskusie, workshopy, podcasty,<\/strong> <strong>simul\u00e1cie a gamifik\u00e1ciu<\/strong>, ktor\u00e9 prep\u00e1jaj\u00fa vzdel\u00e1vanie, z\u00e1bavu a akt\u00edvne u\u010denie sa o demokracii.<\/p>\t\t\t\t\t\t\t\t<\/div>\n\t\t\t\t<\/div>\n\t\t\t\t\t<\/div>\n\t\t<\/div>\n\t\t\t\t\t<\/div>\n\t\t<\/section>\n\t\t\t\t<section class=\"elementor-section elementor-top-section elementor-element elementor-element-31d75e7 elementor-section-boxed elementor-section-height-default elementor-section-height-default\" data-id=\"31d75e7\" data-element_type=\"section\" data-e-type=\"section\">\n\t\t\t\t\t\t<div class=\"elementor-container elementor-column-gap-default\">\n\t\t\t\t\t<div class=\"elementor-column elementor-col-100 elementor-top-column elementor-element elementor-element-3fd5fd5\" data-id=\"3fd5fd5\" data-element_type=\"column\" data-e-type=\"column\">\n\t\t\t<div class=\"elementor-widget-wrap elementor-element-populated\">\n\t\t\t\t\t\t<div class=\"elementor-element elementor-element-c41b149 elementor-widget elementor-widget-text-editor\" data-id=\"c41b149\" data-element_type=\"widget\" data-e-type=\"widget\" data-widget_type=\"text-editor.default\">\n\t\t\t\t<div class=\"elementor-widget-container\">\n\t\t\t\t\t\t\t\t\t<h4>Youth DemocrAID na Slovensku<\/h4><p>Ako slovensk\u00fd partner projektu realizuje <strong>Youth for Equality<\/strong> s\u00e9riu aktiv\u00edt zameran\u00fdch na t\u00e9mu <strong>\u201eYouth and Civic Engagement\u201c \u2013 Ml\u00e1de\u017e a ob\u010dianska anga\u017eovanos\u0165.<\/strong><\/p><p>\u00a0<\/p><p><strong>Od za\u010diatku projektu sme:<\/strong><\/p><p>\u25cf \u00a0<strong>zorganizovali p\u00e4\u0165 interakt\u00edvnych workshopov<\/strong> na \u0161kol\u00e1ch v Trnave a okol\u00ed, po\u010das ktor\u00fdch mlad\u00ed \u013eudia diskutovali o tom, ako m\u00f4\u017eu ovplyvni\u0165 svoje komunity a podpori\u0165 demokratick\u00fa kult\u00faru,<br \/>\u25cf \u00a0<strong>pracujeme na s\u00e9rii podcastov \u201eYouth DemocrAID Talks\u201c<\/strong>, ktor\u00e9 prin\u00e1\u0161aj\u00fa rozhovory s mlad\u00fdmi l\u00eddrami, aktivistami a odborn\u00edkmi o ob\u010dianskej particip\u00e1cii, dezinform\u00e1ci\u00e1ch a eur\u00f3pskych hodnot\u00e1ch, viac o podkastoch tu<br \/>\u25cf \u00a0<strong>z\u00fa\u010dastnili sme sa medzin\u00e1rodn\u00e9ho Youth DemocrAID F\u00f3ra \u201eEducate, Debate,<\/strong> <strong>Act\u201c v Po\u013esku<\/strong> (okt\u00f3ber 2025), ktor\u00e9 spojilo 140 mlad\u00fdch \u013eud\u00ed z piatich kraj\u00edn Eur\u00f3py.<\/p>\t\t\t\t\t\t\t\t<\/div>\n\t\t\t\t<\/div>\n\t\t\t\t\t<\/div>\n\t\t<\/div>\n\t\t\t\t\t<\/div>\n\t\t<\/section>\n\t\t\t\t<section class=\"elementor-section elementor-top-section elementor-element elementor-element-57a1e39 elementor-section-boxed elementor-section-height-default elementor-section-height-default\" data-id=\"57a1e39\" data-element_type=\"section\" data-e-type=\"section\">\n\t\t\t\t\t\t<div class=\"elementor-container elementor-column-gap-default\">\n\t\t\t\t\t<div class=\"elementor-column elementor-col-100 elementor-top-column elementor-element elementor-element-b1b41a7\" data-id=\"b1b41a7\" data-element_type=\"column\" data-e-type=\"column\">\n\t\t\t<div class=\"elementor-widget-wrap elementor-element-populated\">\n\t\t\t\t\t\t<div class=\"elementor-element elementor-element-d739953 elementor-widget elementor-widget-text-editor\" data-id=\"d739953\" data-element_type=\"widget\" data-e-type=\"widget\" data-widget_type=\"text-editor.default\">\n\t\t\t\t<div class=\"elementor-widget-container\">\n\t\t\t\t\t\t\t\t\t<h4>O Youth Democr<strong>AID<\/strong> F\u00f3re<\/h4><p>Medzin\u00e1rodn\u00e9 f\u00f3rum <strong>\u201eEducate, Debate, Act\u201c<\/strong> sa uskuto\u010dnilo v okt\u00f3bri 2025 v po\u013eskom Mi\u0119dzybrodzie Bialskie a prinieslo jedine\u010dn\u00fd priestor na vzdel\u00e1vanie, v\u00fdmenu a spolupr\u00e1cu.<\/p><p>\u00a0<\/p><p>Po\u010das \u0161tyroch dn\u00ed sa mlad\u00ed \u00fa\u010dastn\u00edci z\u00fa\u010dastnili diskusi\u00ed o \u00falohe ml\u00e1de\u017ee v politike, simul\u00e1cie <em>City of the Future<\/em>, panelov\u00fdch deb\u00e1t a workshopov o mo\u017enostiach ob\u010dianskej particip\u00e1cie.<\/p><p>\u00a0<\/p><p><strong>F\u00f3rum pomohlo:<\/strong><\/p><p>\u25cf rozv\u00edja\u0165 <strong>argumenta\u010dn\u00e9 a komunika\u010dn\u00e9 zru\u010dnosti mlad\u00fdch \u013eud\u00ed,<\/strong><br \/>\u25cf posilni\u0165 ich <strong>pochopenie demokratick\u00fdch procesov<\/strong>,<\/p><p>\u25cf vytvori\u0165 <strong>sie\u0165 mlad\u00fdch ambas\u00e1dorov demokracie<\/strong> naprie\u010d Eur\u00f3pou.<\/p><p>\u00a0<\/p><p>Z\u00e1\u017eitky z f\u00f3ra s\u00fa spracovan\u00e9 v pripravovanom <strong>Youth DemocrAID Toolkit<\/strong>, ktor\u00fd zhroma\u017e\u010fuje met\u00f3dy, n\u00e1pady a odpor\u00fa\u010dania pre u\u010dite\u013eov, pracovn\u00edkov s ml\u00e1de\u017eou a organiz\u00e1cie, a ktor\u00fd zverejn\u00edme na na\u0161om webe.<\/p>\t\t\t\t\t\t\t\t<\/div>\n\t\t\t\t<\/div>\n\t\t\t\t\t<\/div>\n\t\t<\/div>\n\t\t\t\t\t<\/div>\n\t\t<\/section>\n\t\t\t\t<section class=\"elementor-section elementor-top-section elementor-element elementor-element-ba1687e elementor-section-boxed elementor-section-height-default elementor-section-height-default\" data-id=\"ba1687e\" data-element_type=\"section\" data-e-type=\"section\">\n\t\t\t\t\t\t<div class=\"elementor-container elementor-column-gap-default\">\n\t\t\t\t\t<div class=\"elementor-column elementor-col-100 elementor-top-column elementor-element elementor-element-67da017\" data-id=\"67da017\" data-element_type=\"column\" data-e-type=\"column\">\n\t\t\t<div class=\"elementor-widget-wrap elementor-element-populated\">\n\t\t\t\t\t\t<div class=\"elementor-element elementor-element-fe605ae elementor-widget elementor-widget-text-editor\" data-id=\"fe605ae\" data-element_type=\"widget\" data-e-type=\"widget\" data-widget_type=\"text-editor.default\">\n\t\t\t\t<div class=\"elementor-widget-container\">\n\t\t\t\t\t\t\t\t\t<h4>Ciele projektu<\/h4><p>\u25cf posilni\u0165 <strong>demokratick\u00e9 povedomie<\/strong> a ob\u010dianske kompetencie mlad\u00fdch \u013eud\u00ed,<br \/>\u25cf rozv\u00edja\u0165 <strong>kritick\u00e9 myslenie a medi\u00e1lnu gramotnos\u0165,<\/strong><br \/>\u25cf podpori\u0165 <strong>eur\u00f3psku identitu a hodnoty<\/strong> solidarity, rovnosti a tolerancie,<br \/>\u25cf vytvori\u0165 priestor na <strong>skuto\u010dn\u00fd dial\u00f3g medzi ml\u00e1de\u017eou a rozhodovac\u00edmi org\u00e1nmi.<\/strong><\/p><h4>\u00a0<\/h4><h4>Partneri projektu<\/h4><p>\u25cf <strong>YouNet APS<\/strong> (Taliansko \u2013 koordin\u00e1tor)<br \/>\u25cf <strong>Klaster Innowacji Spo\u0142ecznych<\/strong> (Po\u013esko)<br \/>\u25cf <strong>Youth for Equality<\/strong> (Slovensko)<br \/>\u25cf <strong>Citizens Crossroads<\/strong> (Gr\u00e9cko)<br \/>\u25cf <strong>GloUni<\/strong> (Portugalsko)<\/p>\t\t\t\t\t\t\t\t<\/div>\n\t\t\t\t<\/div>\n\t\t\t\t\t<\/div>\n\t\t<\/div>\n\t\t\t\t\t<\/div>\n\t\t<\/section>\n\t\t\t\t<section class=\"elementor-section elementor-top-section elementor-element elementor-element-a801e9e elementor-section-boxed elementor-section-height-default elementor-section-height-default\" data-id=\"a801e9e\" data-element_type=\"section\" data-e-type=\"section\">\n\t\t\t\t\t\t<div class=\"elementor-container elementor-column-gap-default\">\n\t\t\t\t\t<div class=\"elementor-column elementor-col-100 elementor-top-column elementor-element elementor-element-2750a43\" data-id=\"2750a43\" data-element_type=\"column\" data-e-type=\"column\">\n\t\t\t<div class=\"elementor-widget-wrap elementor-element-populated\">\n\t\t\t\t\t\t<div class=\"elementor-element elementor-element-60f065e elementor-widget elementor-widget-text-editor\" data-id=\"60f065e\" data-element_type=\"widget\" data-e-type=\"widget\" data-widget_type=\"text-editor.default\">\n\t\t\t\t<div class=\"elementor-widget-container\">\n\t\t\t\t\t\t\t\t\t<h4><strong>O programe CERV<\/strong><\/h4><p><strong>Citizens, Equality, Rights and Values (CERV)<\/strong> je program Eur\u00f3pskej \u00fanie, ktor\u00fd podporuje projekty zameran\u00e9 na <strong>demokraciu, rovnos\u0165, \u013eudsk\u00e9 pr\u00e1va a akt\u00edvne ob\u010dianstvo.<\/strong><\/p><p>\u00a0<\/p><p>Jeho cie\u013eom je rozv\u00edja\u0165 <strong>otvoren\u00e9, spravodliv\u00e9 a participat\u00edvne spolo\u010dnosti<\/strong> postaven\u00e9 na re\u0161pekte, rozmanitosti a solidarite.<\/p><p>\u00a0<\/p><p><strong>Viac o projekte<\/strong><br \/><a href=\"https:\/\/youthdemocraid.weebly.com\/\">https:\/\/youthdemocraid.weebly.com\/<\/a>\u00a0<br \/><a href=\"https:\/\/www.facebook.com\/profile.php?id=61561181339531\">https:\/\/www.facebook.com\/profile.php?id=61561181339531<\/a><\/p>\t\t\t\t\t\t\t\t<\/div>\n\t\t\t\t<\/div>\n\t\t\t\t\t<\/div>\n\t\t<\/div>\n\t\t\t\t\t<\/div>\n\t\t<\/section>\n\t\t\t\t<section class=\"elementor-section elementor-top-section elementor-element elementor-element-e92a112 elementor-section-boxed elementor-section-height-default elementor-section-height-default\" data-id=\"e92a112\" data-element_type=\"section\" data-e-type=\"section\">\n\t\t\t\t\t\t<div class=\"elementor-container elementor-column-gap-default\">\n\t\t\t\t\t<div class=\"elementor-column elementor-col-100 elementor-top-column elementor-element elementor-element-031fec8\" data-id=\"031fec8\" data-element_type=\"column\" data-e-type=\"column\">\n\t\t\t<div class=\"elementor-widget-wrap elementor-element-populated\">\n\t\t\t\t\t\t\t<\/div>\n\t\t<\/div>\n\t\t\t\t\t<\/div>\n\t\t<\/section>\n\t\t\t\t<section class=\"elementor-section elementor-top-section elementor-element elementor-element-5d35f8a elementor-section-boxed elementor-section-height-default elementor-section-height-default\" data-id=\"5d35f8a\" data-element_type=\"section\" data-e-type=\"section\">\n\t\t\t\t\t\t<div class=\"elementor-container elementor-column-gap-default\">\n\t\t\t\t\t<div class=\"elementor-column elementor-col-100 elementor-top-column elementor-element elementor-element-c647e8b\" data-id=\"c647e8b\" data-element_type=\"column\" data-e-type=\"column\">\n\t\t\t<div class=\"elementor-widget-wrap elementor-element-populated\">\n\t\t\t\t\t\t<div class=\"elementor-element elementor-element-07cc8e2 elementor-widget elementor-widget-image\" data-id=\"07cc8e2\" data-element_type=\"widget\" data-e-type=\"widget\" data-widget_type=\"image.default\">\n\t\t\t\t<div class=\"elementor-widget-container\">\n\t\t\t\t\t\t\t\t\t\t\t\t\t\t\t<img decoding=\"async\" width=\"300\" height=\"63\" src=\"https:\/\/www.youthforequality.sk\/wp-content\/uploads\/2023\/10\/EN-Co-funded-by-the-EU_POS-300x63.jpg\" class=\"attachment-medium size-medium wp-image-6940\" alt=\"\" srcset=\"https:\/\/www.youthforequality.sk\/wp-content\/uploads\/2023\/10\/EN-Co-funded-by-the-EU_POS-300x63.jpg 300w, https:\/\/www.youthforequality.sk\/wp-content\/uploads\/2023\/10\/EN-Co-funded-by-the-EU_POS-1024x215.jpg 1024w, https:\/\/www.youthforequality.sk\/wp-content\/uploads\/2023\/10\/EN-Co-funded-by-the-EU_POS-768x161.jpg 768w, https:\/\/www.youthforequality.sk\/wp-content\/uploads\/2023\/10\/EN-Co-funded-by-the-EU_POS-1536x322.jpg 1536w, https:\/\/www.youthforequality.sk\/wp-content\/uploads\/2023\/10\/EN-Co-funded-by-the-EU_POS-2048x430.jpg 2048w\" sizes=\"(max-width: 300px) 100vw, 300px\" \/>\t\t\t\t\t\t\t\t\t\t\t\t\t\t\t<\/div>\n\t\t\t\t<\/div>\n\t\t\t\t\t<\/div>\n\t\t<\/div>\n\t\t\t\t\t<\/div>\n\t\t<\/section>\n\t\t\t\t<section class=\"elementor-section elementor-top-section elementor-element elementor-element-00254bd elementor-section-boxed elementor-section-height-default elementor-section-height-default\" data-id=\"00254bd\" data-element_type=\"section\" data-e-type=\"section\">\n\t\t\t\t\t\t<div class=\"elementor-container elementor-column-gap-default\">\n\t\t\t\t\t<div class=\"elementor-column elementor-col-100 elementor-top-column elementor-element elementor-element-884856b\" data-id=\"884856b\" data-element_type=\"column\" data-e-type=\"column\">\n\t\t\t<div class=\"elementor-widget-wrap elementor-element-populated\">\n\t\t\t\t\t\t<div class=\"elementor-element elementor-element-0efe350 elementor-widget elementor-widget-text-editor\" data-id=\"0efe350\" data-element_type=\"widget\" data-e-type=\"widget\" data-widget_type=\"text-editor.default\">\n\t\t\t\t<div class=\"elementor-widget-container\">\n\t\t\t\t\t\t\t\t\t<p class=\"cvGsUA direction-ltr align-center para-style-body\">&#8222;Funded by the European Union. Views and opinions expressed are however those of the author(s) only and do not necessarily reflect those of the European Union or the European Education and Culture Executive Agency (EACEA). Neither the European Union nor EACEA can be held responsible for them.&#8220;<\/p>\t\t\t\t\t\t\t\t<\/div>\n\t\t\t\t<\/div>\n\t\t\t\t\t<\/div>\n\t\t<\/div>\n\t\t\t\t\t<\/div>\n\t\t<\/section>\n\t\t\t\t<\/div>\n\t\t","protected":false},"excerpt":{"rendered":"<p>Youth DemocrAID je dvojro\u010dn\u00fd eur\u00f3psky projekt (2024\u20132026) podporen\u00fd z programu CERV \u2013 Citizens, Equality, Rights and Values, ktor\u00fd sp\u00e1ja organiz\u00e1cie z Talianska, Po\u013eska, Slovenska, Gr\u00e9cka a Portugalska. \u00a0 Jeho cie\u013eom je podpori\u0165 mlad\u00fdch \u013eud\u00ed, aby lep\u0161ie rozumeli demokracii, zap\u00e1jali sa do verejn\u00e9ho \u017eivota a prispievali k pozit\u00edvnym zmen\u00e1m vo svojich komunit\u00e1ch. \u00a0 Projekt vyu\u017e\u00edva met\u00f3dy&hellip;&nbsp;<a href=\"https:\/\/www.youthforequality.sk\/index.php\/2025\/11\/17\/youth-democraid-education-debate-action\/\" class=\"\" rel=\"bookmark\">\u010c\u00edta\u0165 viac &raquo;<span class=\"screen-reader-text\">Youth DemocrAID: Education, Debate, Action<\/span><\/a><\/p>\n","protected":false},"author":13,"featured_media":10232,"comment_status":"closed","ping_status":"open","sticky":false,"template":"","format":"standard","meta":{"_uf_show_specific_survey":0,"_uf_disable_surveys":false,"neve_meta_sidebar":"","neve_meta_container":"","neve_meta_enable_content_width":"off","neve_meta_content_width":70,"neve_meta_title_alignment":"","neve_meta_author_avatar":"","neve_post_elements_order":"","neve_meta_disable_header":"","neve_meta_disable_footer":"","neve_meta_disable_title":"","_themeisle_gutenberg_block_has_review":false,"footnotes":""},"categories":[36],"tags":[],"class_list":["post-10226","post","type-post","status-publish","format-standard","has-post-thumbnail","hentry","category-strategicke-partnerstva"],"yoast_head":"<!-- This site is optimized with the Yoast SEO plugin v27.4 - https:\/\/yoast.com\/product\/yoast-seo-wordpress\/ -->\n<title>Youth DemocrAID: Education, Debate, Action |<\/title>\n<meta name=\"robots\" content=\"index, follow, max-snippet:-1, max-image-preview:large, max-video-preview:-1\" \/>\n<link rel=\"canonical\" href=\"https:\/\/www.youthforequality.sk\/index.php\/2025\/11\/17\/youth-democraid-education-debate-action\/\" \/>\n<meta property=\"og:locale\" content=\"sk_SK\" \/>\n<meta property=\"og:type\" content=\"article\" \/>\n<meta property=\"og:title\" content=\"Youth DemocrAID: Education, Debate, Action |\" \/>\n<meta property=\"og:description\" content=\"Youth DemocrAID je dvojro\u010dn\u00fd eur\u00f3psky projekt (2024\u20132026) podporen\u00fd z programu CERV \u2013 Citizens, Equality, Rights and Values, ktor\u00fd sp\u00e1ja organiz\u00e1cie z Talianska, Po\u013eska, Slovenska, Gr\u00e9cka a Portugalska. \u00a0 Jeho cie\u013eom je podpori\u0165 mlad\u00fdch \u013eud\u00ed, aby lep\u0161ie rozumeli demokracii, zap\u00e1jali sa do verejn\u00e9ho \u017eivota a prispievali k pozit\u00edvnym zmen\u00e1m vo svojich komunit\u00e1ch. \u00a0 Projekt vyu\u017e\u00edva met\u00f3dy&hellip;&nbsp;\u010c\u00edta\u0165 viac &raquo;Youth DemocrAID: Education, Debate, Action\" \/>\n<meta property=\"og:url\" content=\"https:\/\/www.youthforequality.sk\/index.php\/2025\/11\/17\/youth-democraid-education-debate-action\/\" \/>\n<meta property=\"article:publisher\" content=\"https:\/\/www.facebook.com\/yeslovakia\" \/>\n<meta property=\"article:published_time\" content=\"2025-11-17T08:28:12+00:00\" \/>\n<meta property=\"article:modified_time\" content=\"2025-11-17T09:37:11+00:00\" \/>\n<meta property=\"og:image\" content=\"https:\/\/www.youthforequality.sk\/wp-content\/uploads\/2025\/11\/discover-eu-2025.png\" \/>\n\t<meta property=\"og:image:width\" content=\"2000\" \/>\n\t<meta property=\"og:image:height\" content=\"1414\" \/>\n\t<meta property=\"og:image:type\" content=\"image\/png\" \/>\n<meta name=\"author\" content=\"Volunteers\" \/>\n<meta name=\"twitter:card\" content=\"summary_large_image\" \/>\n<meta name=\"twitter:label1\" content=\"Autor\" \/>\n\t<meta name=\"twitter:data1\" content=\"Volunteers\" \/>\n\t<meta name=\"twitter:label2\" content=\"Predpokladan\u00fd \u010das \u010d\u00edtania\" \/>\n\t<meta name=\"twitter:data2\" content=\"3 min\u00faty\" \/>\n<script type=\"application\/ld+json\" class=\"yoast-schema-graph\">{\"@context\":\"https:\\\/\\\/schema.org\",\"@graph\":[{\"@type\":\"Article\",\"@id\":\"https:\\\/\\\/www.youthforequality.sk\\\/index.php\\\/2025\\\/11\\\/17\\\/youth-democraid-education-debate-action\\\/#article\",\"isPartOf\":{\"@id\":\"https:\\\/\\\/www.youthforequality.sk\\\/index.php\\\/2025\\\/11\\\/17\\\/youth-democraid-education-debate-action\\\/\"},\"author\":{\"name\":\"Volunteers\",\"@id\":\"https:\\\/\\\/www.youthforequality.sk\\\/#\\\/schema\\\/person\\\/55f3a5ce6c3bf59030ee945357c0831b\"},\"headline\":\"Youth DemocrAID: Education, Debate, Action\",\"datePublished\":\"2025-11-17T08:28:12+00:00\",\"dateModified\":\"2025-11-17T09:37:11+00:00\",\"mainEntityOfPage\":{\"@id\":\"https:\\\/\\\/www.youthforequality.sk\\\/index.php\\\/2025\\\/11\\\/17\\\/youth-democraid-education-debate-action\\\/\"},\"wordCount\":564,\"publisher\":{\"@id\":\"https:\\\/\\\/www.youthforequality.sk\\\/#organization\"},\"image\":{\"@id\":\"https:\\\/\\\/www.youthforequality.sk\\\/index.php\\\/2025\\\/11\\\/17\\\/youth-democraid-education-debate-action\\\/#primaryimage\"},\"thumbnailUrl\":\"https:\\\/\\\/www.youthforequality.sk\\\/wp-content\\\/uploads\\\/2025\\\/11\\\/discover-eu-2025.png\",\"articleSection\":[\"Strategick\u00e9 partnerstv\u00e1\"],\"inLanguage\":\"sk-SK\"},{\"@type\":\"WebPage\",\"@id\":\"https:\\\/\\\/www.youthforequality.sk\\\/index.php\\\/2025\\\/11\\\/17\\\/youth-democraid-education-debate-action\\\/\",\"url\":\"https:\\\/\\\/www.youthforequality.sk\\\/index.php\\\/2025\\\/11\\\/17\\\/youth-democraid-education-debate-action\\\/\",\"name\":\"Youth DemocrAID: Education, Debate, Action |\",\"isPartOf\":{\"@id\":\"https:\\\/\\\/www.youthforequality.sk\\\/#website\"},\"primaryImageOfPage\":{\"@id\":\"https:\\\/\\\/www.youthforequality.sk\\\/index.php\\\/2025\\\/11\\\/17\\\/youth-democraid-education-debate-action\\\/#primaryimage\"},\"image\":{\"@id\":\"https:\\\/\\\/www.youthforequality.sk\\\/index.php\\\/2025\\\/11\\\/17\\\/youth-democraid-education-debate-action\\\/#primaryimage\"},\"thumbnailUrl\":\"https:\\\/\\\/www.youthforequality.sk\\\/wp-content\\\/uploads\\\/2025\\\/11\\\/discover-eu-2025.png\",\"datePublished\":\"2025-11-17T08:28:12+00:00\",\"dateModified\":\"2025-11-17T09:37:11+00:00\",\"breadcrumb\":{\"@id\":\"https:\\\/\\\/www.youthforequality.sk\\\/index.php\\\/2025\\\/11\\\/17\\\/youth-democraid-education-debate-action\\\/#breadcrumb\"},\"inLanguage\":\"sk-SK\",\"potentialAction\":[{\"@type\":\"ReadAction\",\"target\":[\"https:\\\/\\\/www.youthforequality.sk\\\/index.php\\\/2025\\\/11\\\/17\\\/youth-democraid-education-debate-action\\\/\"]}]},{\"@type\":\"ImageObject\",\"inLanguage\":\"sk-SK\",\"@id\":\"https:\\\/\\\/www.youthforequality.sk\\\/index.php\\\/2025\\\/11\\\/17\\\/youth-democraid-education-debate-action\\\/#primaryimage\",\"url\":\"https:\\\/\\\/www.youthforequality.sk\\\/wp-content\\\/uploads\\\/2025\\\/11\\\/discover-eu-2025.png\",\"contentUrl\":\"https:\\\/\\\/www.youthforequality.sk\\\/wp-content\\\/uploads\\\/2025\\\/11\\\/discover-eu-2025.png\",\"width\":2000,\"height\":1414},{\"@type\":\"BreadcrumbList\",\"@id\":\"https:\\\/\\\/www.youthforequality.sk\\\/index.php\\\/2025\\\/11\\\/17\\\/youth-democraid-education-debate-action\\\/#breadcrumb\",\"itemListElement\":[{\"@type\":\"ListItem\",\"position\":1,\"name\":\"Home\",\"item\":\"https:\\\/\\\/www.youthforequality.sk\\\/\"},{\"@type\":\"ListItem\",\"position\":2,\"name\":\"Youth DemocrAID: Education, Debate, Action\"}]},{\"@type\":\"WebSite\",\"@id\":\"https:\\\/\\\/www.youthforequality.sk\\\/#website\",\"url\":\"https:\\\/\\\/www.youthforequality.sk\\\/\",\"name\":\"\",\"description\":\"\",\"publisher\":{\"@id\":\"https:\\\/\\\/www.youthforequality.sk\\\/#organization\"},\"potentialAction\":[{\"@type\":\"SearchAction\",\"target\":{\"@type\":\"EntryPoint\",\"urlTemplate\":\"https:\\\/\\\/www.youthforequality.sk\\\/?s={search_term_string}\"},\"query-input\":{\"@type\":\"PropertyValueSpecification\",\"valueRequired\":true,\"valueName\":\"search_term_string\"}}],\"inLanguage\":\"sk-SK\"},{\"@type\":\"Organization\",\"@id\":\"https:\\\/\\\/www.youthforequality.sk\\\/#organization\",\"name\":\"Youth for Equality\",\"url\":\"https:\\\/\\\/www.youthforequality.sk\\\/\",\"logo\":{\"@type\":\"ImageObject\",\"inLanguage\":\"sk-SK\",\"@id\":\"https:\\\/\\\/www.youthforequality.sk\\\/#\\\/schema\\\/logo\\\/image\\\/\",\"url\":\"https:\\\/\\\/www.youthforequality.sk\\\/wp-content\\\/uploads\\\/2021\\\/01\\\/vynovene-logo-nove-farby_modra-na-web.png\",\"contentUrl\":\"https:\\\/\\\/www.youthforequality.sk\\\/wp-content\\\/uploads\\\/2021\\\/01\\\/vynovene-logo-nove-farby_modra-na-web.png\",\"width\":1,\"height\":1,\"caption\":\"Youth for Equality\"},\"image\":{\"@id\":\"https:\\\/\\\/www.youthforequality.sk\\\/#\\\/schema\\\/logo\\\/image\\\/\"},\"sameAs\":[\"https:\\\/\\\/www.facebook.com\\\/yeslovakia\"]},{\"@type\":\"Person\",\"@id\":\"https:\\\/\\\/www.youthforequality.sk\\\/#\\\/schema\\\/person\\\/55f3a5ce6c3bf59030ee945357c0831b\",\"name\":\"Volunteers\",\"image\":{\"@type\":\"ImageObject\",\"inLanguage\":\"sk-SK\",\"@id\":\"https:\\\/\\\/secure.gravatar.com\\\/avatar\\\/877e8b8b1c7141289d8fa98d9c34bac243a6398eab80927213700d9ba7888055?s=96&d=mm&r=g\",\"url\":\"https:\\\/\\\/secure.gravatar.com\\\/avatar\\\/877e8b8b1c7141289d8fa98d9c34bac243a6398eab80927213700d9ba7888055?s=96&d=mm&r=g\",\"contentUrl\":\"https:\\\/\\\/secure.gravatar.com\\\/avatar\\\/877e8b8b1c7141289d8fa98d9c34bac243a6398eab80927213700d9ba7888055?s=96&d=mm&r=g\",\"caption\":\"Volunteers\"},\"url\":\"https:\\\/\\\/www.youthforequality.sk\\\/index.php\\\/author\\\/volunteers\\\/\"}]}<\/script>\n<!-- \/ Yoast SEO plugin. -->","yoast_head_json":{"title":"Youth DemocrAID: Education, Debate, Action |","robots":{"index":"index","follow":"follow","max-snippet":"max-snippet:-1","max-image-preview":"max-image-preview:large","max-video-preview":"max-video-preview:-1"},"canonical":"https:\/\/www.youthforequality.sk\/index.php\/2025\/11\/17\/youth-democraid-education-debate-action\/","og_locale":"sk_SK","og_type":"article","og_title":"Youth DemocrAID: Education, Debate, Action |","og_description":"Youth DemocrAID je dvojro\u010dn\u00fd eur\u00f3psky projekt (2024\u20132026) podporen\u00fd z programu CERV \u2013 Citizens, Equality, Rights and Values, ktor\u00fd sp\u00e1ja organiz\u00e1cie z Talianska, Po\u013eska, Slovenska, Gr\u00e9cka a Portugalska. \u00a0 Jeho cie\u013eom je podpori\u0165 mlad\u00fdch \u013eud\u00ed, aby lep\u0161ie rozumeli demokracii, zap\u00e1jali sa do verejn\u00e9ho \u017eivota a prispievali k pozit\u00edvnym zmen\u00e1m vo svojich komunit\u00e1ch. \u00a0 Projekt vyu\u017e\u00edva met\u00f3dy&hellip;&nbsp;\u010c\u00edta\u0165 viac &raquo;Youth DemocrAID: Education, Debate, Action","og_url":"https:\/\/www.youthforequality.sk\/index.php\/2025\/11\/17\/youth-democraid-education-debate-action\/","article_publisher":"https:\/\/www.facebook.com\/yeslovakia","article_published_time":"2025-11-17T08:28:12+00:00","article_modified_time":"2025-11-17T09:37:11+00:00","og_image":[{"width":2000,"height":1414,"url":"https:\/\/www.youthforequality.sk\/wp-content\/uploads\/2025\/11\/discover-eu-2025.png","type":"image\/png"}],"author":"Volunteers","twitter_card":"summary_large_image","twitter_misc":{"Autor":"Volunteers","Predpokladan\u00fd \u010das \u010d\u00edtania":"3 min\u00faty"},"schema":{"@context":"https:\/\/schema.org","@graph":[{"@type":"Article","@id":"https:\/\/www.youthforequality.sk\/index.php\/2025\/11\/17\/youth-democraid-education-debate-action\/#article","isPartOf":{"@id":"https:\/\/www.youthforequality.sk\/index.php\/2025\/11\/17\/youth-democraid-education-debate-action\/"},"author":{"name":"Volunteers","@id":"https:\/\/www.youthforequality.sk\/#\/schema\/person\/55f3a5ce6c3bf59030ee945357c0831b"},"headline":"Youth DemocrAID: Education, Debate, Action","datePublished":"2025-11-17T08:28:12+00:00","dateModified":"2025-11-17T09:37:11+00:00","mainEntityOfPage":{"@id":"https:\/\/www.youthforequality.sk\/index.php\/2025\/11\/17\/youth-democraid-education-debate-action\/"},"wordCount":564,"publisher":{"@id":"https:\/\/www.youthforequality.sk\/#organization"},"image":{"@id":"https:\/\/www.youthforequality.sk\/index.php\/2025\/11\/17\/youth-democraid-education-debate-action\/#primaryimage"},"thumbnailUrl":"https:\/\/www.youthforequality.sk\/wp-content\/uploads\/2025\/11\/discover-eu-2025.png","articleSection":["Strategick\u00e9 partnerstv\u00e1"],"inLanguage":"sk-SK"},{"@type":"WebPage","@id":"https:\/\/www.youthforequality.sk\/index.php\/2025\/11\/17\/youth-democraid-education-debate-action\/","url":"https:\/\/www.youthforequality.sk\/index.php\/2025\/11\/17\/youth-democraid-education-debate-action\/","name":"Youth DemocrAID: Education, Debate, Action |","isPartOf":{"@id":"https:\/\/www.youthforequality.sk\/#website"},"primaryImageOfPage":{"@id":"https:\/\/www.youthforequality.sk\/index.php\/2025\/11\/17\/youth-democraid-education-debate-action\/#primaryimage"},"image":{"@id":"https:\/\/www.youthforequality.sk\/index.php\/2025\/11\/17\/youth-democraid-education-debate-action\/#primaryimage"},"thumbnailUrl":"https:\/\/www.youthforequality.sk\/wp-content\/uploads\/2025\/11\/discover-eu-2025.png","datePublished":"2025-11-17T08:28:12+00:00","dateModified":"2025-11-17T09:37:11+00:00","breadcrumb":{"@id":"https:\/\/www.youthforequality.sk\/index.php\/2025\/11\/17\/youth-democraid-education-debate-action\/#breadcrumb"},"inLanguage":"sk-SK","potentialAction":[{"@type":"ReadAction","target":["https:\/\/www.youthforequality.sk\/index.php\/2025\/11\/17\/youth-democraid-education-debate-action\/"]}]},{"@type":"ImageObject","inLanguage":"sk-SK","@id":"https:\/\/www.youthforequality.sk\/index.php\/2025\/11\/17\/youth-democraid-education-debate-action\/#primaryimage","url":"https:\/\/www.youthforequality.sk\/wp-content\/uploads\/2025\/11\/discover-eu-2025.png","contentUrl":"https:\/\/www.youthforequality.sk\/wp-content\/uploads\/2025\/11\/discover-eu-2025.png","width":2000,"height":1414},{"@type":"BreadcrumbList","@id":"https:\/\/www.youthforequality.sk\/index.php\/2025\/11\/17\/youth-democraid-education-debate-action\/#breadcrumb","itemListElement":[{"@type":"ListItem","position":1,"name":"Home","item":"https:\/\/www.youthforequality.sk\/"},{"@type":"ListItem","position":2,"name":"Youth DemocrAID: Education, Debate, Action"}]},{"@type":"WebSite","@id":"https:\/\/www.youthforequality.sk\/#website","url":"https:\/\/www.youthforequality.sk\/","name":"","description":"","publisher":{"@id":"https:\/\/www.youthforequality.sk\/#organization"},"potentialAction":[{"@type":"SearchAction","target":{"@type":"EntryPoint","urlTemplate":"https:\/\/www.youthforequality.sk\/?s={search_term_string}"},"query-input":{"@type":"PropertyValueSpecification","valueRequired":true,"valueName":"search_term_string"}}],"inLanguage":"sk-SK"},{"@type":"Organization","@id":"https:\/\/www.youthforequality.sk\/#organization","name":"Youth for Equality","url":"https:\/\/www.youthforequality.sk\/","logo":{"@type":"ImageObject","inLanguage":"sk-SK","@id":"https:\/\/www.youthforequality.sk\/#\/schema\/logo\/image\/","url":"https:\/\/www.youthforequality.sk\/wp-content\/uploads\/2021\/01\/vynovene-logo-nove-farby_modra-na-web.png","contentUrl":"https:\/\/www.youthforequality.sk\/wp-content\/uploads\/2021\/01\/vynovene-logo-nove-farby_modra-na-web.png","width":1,"height":1,"caption":"Youth for Equality"},"image":{"@id":"https:\/\/www.youthforequality.sk\/#\/schema\/logo\/image\/"},"sameAs":["https:\/\/www.facebook.com\/yeslovakia"]},{"@type":"Person","@id":"https:\/\/www.youthforequality.sk\/#\/schema\/person\/55f3a5ce6c3bf59030ee945357c0831b","name":"Volunteers","image":{"@type":"ImageObject","inLanguage":"sk-SK","@id":"https:\/\/secure.gravatar.com\/avatar\/877e8b8b1c7141289d8fa98d9c34bac243a6398eab80927213700d9ba7888055?s=96&d=mm&r=g","url":"https:\/\/secure.gravatar.com\/avatar\/877e8b8b1c7141289d8fa98d9c34bac243a6398eab80927213700d9ba7888055?s=96&d=mm&r=g","contentUrl":"https:\/\/secure.gravatar.com\/avatar\/877e8b8b1c7141289d8fa98d9c34bac243a6398eab80927213700d9ba7888055?s=96&d=mm&r=g","caption":"Volunteers"},"url":"https:\/\/www.youthforequality.sk\/index.php\/author\/volunteers\/"}]}},"_links":{"self":[{"href":"https:\/\/www.youthforequality.sk\/index.php\/wp-json\/wp\/v2\/posts\/10226","targetHints":{"allow":["GET"]}}],"collection":[{"href":"https:\/\/www.youthforequality.sk\/index.php\/wp-json\/wp\/v2\/posts"}],"about":[{"href":"https:\/\/www.youthforequality.sk\/index.php\/wp-json\/wp\/v2\/types\/post"}],"author":[{"embeddable":true,"href":"https:\/\/www.youthforequality.sk\/index.php\/wp-json\/wp\/v2\/users\/13"}],"replies":[{"embeddable":true,"href":"https:\/\/www.youthforequality.sk\/index.php\/wp-json\/wp\/v2\/comments?post=10226"}],"version-history":[{"count":13,"href":"https:\/\/www.youthforequality.sk\/index.php\/wp-json\/wp\/v2\/posts\/10226\/revisions"}],"predecessor-version":[{"id":10242,"href":"https:\/\/www.youthforequality.sk\/index.php\/wp-json\/wp\/v2\/posts\/10226\/revisions\/10242"}],"wp:featuredmedia":[{"embeddable":true,"href":"https:\/\/www.youthforequality.sk\/index.php\/wp-json\/wp\/v2\/media\/10232"}],"wp:attachment":[{"href":"https:\/\/www.youthforequality.sk\/index.php\/wp-json\/wp\/v2\/media?parent=10226"}],"wp:term":[{"taxonomy":"category","embeddable":true,"href":"https:\/\/www.youthforequality.sk\/index.php\/wp-json\/wp\/v2\/categories?post=10226"},{"taxonomy":"post_tag","embeddable":true,"href":"https:\/\/www.youthforequality.sk\/index.php\/wp-json\/wp\/v2\/tags?post=10226"}],"curies":[{"name":"wp","href":"https:\/\/api.w.org\/{rel}","templated":true}]}}