{"id":10243,"date":"2025-11-13T11:43:15","date_gmt":"2025-11-13T10:43:15","guid":{"rendered":"https:\/\/www.youthforequality.sk\/?p=10243"},"modified":"2025-11-17T13:06:39","modified_gmt":"2025-11-17T12:06:39","slug":"mind-over-screens-empowering-youth-in-the-digital-world","status":"publish","type":"post","link":"https:\/\/www.youthforequality.sk\/index.php\/2025\/11\/13\/mind-over-screens-empowering-youth-in-the-digital-world\/","title":{"rendered":"Mind Over Screens: Empowering Youth in the Digital World"},"content":{"rendered":"\t\t<div data-elementor-type=\"wp-post\" data-elementor-id=\"10243\" class=\"elementor elementor-10243\">\n\t\t\t\t\t\t<section class=\"elementor-section elementor-top-section elementor-element elementor-element-5f12270 elementor-section-boxed elementor-section-height-default elementor-section-height-default\" data-id=\"5f12270\" data-element_type=\"section\" data-e-type=\"section\">\n\t\t\t\t\t\t<div class=\"elementor-container elementor-column-gap-default\">\n\t\t\t\t\t<div class=\"elementor-column elementor-col-100 elementor-top-column elementor-element elementor-element-caae2a9\" data-id=\"caae2a9\" data-element_type=\"column\" data-e-type=\"column\">\n\t\t\t<div class=\"elementor-widget-wrap elementor-element-populated\">\n\t\t\t\t\t\t<div class=\"elementor-element elementor-element-3e0e235 elementor-widget__width-initial elementor-widget elementor-widget-text-editor\" data-id=\"3e0e235\" data-element_type=\"widget\" data-e-type=\"widget\" data-widget_type=\"text-editor.default\">\n\t\t\t\t<div class=\"elementor-widget-container\">\n\t\t\t\t\t\t\t\t\t<p><strong>Mind Over Screens<\/strong> je dvojro\u010dn\u00fd medzin\u00e1rodn\u00fd projekt (2024\u20132026) podporen\u00fd z programu <strong>Erasmus+ Capacity Building in the Field of Youth<\/strong>, ktor\u00fd sp\u00e1ja organiz\u00e1cie z <strong>E\u00da a<\/strong> <strong>Z\u00e1padn\u00e9ho Balk\u00e1nu<\/strong> v \u00fasil\u00ed posilni\u0165 <strong>digit\u00e1lnu gramotnos\u0165, medi\u00e1lne povedomie a<\/strong> <strong>du\u0161evn\u00fa pohodu mlad\u00fdch \u013eud\u00ed.<\/strong><\/p><p><br \/>Projekt reaguje na v\u00fdzvy digit\u00e1lnej \u00e9ry \u2013 od nadmern\u00e9ho pou\u017e\u00edvania obrazoviek a soci\u00e1lnych m\u00e9di\u00ed, cez \u0161\u00edrenie dezinform\u00e1ci\u00ed a\u017e po ich vplyv na du\u0161evn\u00e9 zdravie. Cie\u013eom je pom\u00f4c\u0165 ml\u00e1de\u017ei aj pracovn\u00edkom s ml\u00e1de\u017eou z\u00edska\u0165 <strong>zru\u010dnosti a n\u00e1stroje<\/strong>, ktor\u00e9 im umo\u017enia <strong>vyu\u017e\u00edva\u0165 digit\u00e1lne technol\u00f3gie vedome, bezpe\u010dne a zdravo.<\/strong><\/p><h4>\u00a0<\/h4><h4>Ciele projektu<\/h4><p>\u25cf rozv\u00edja\u0165 <strong>digit\u00e1lne a medi\u00e1lne kompetencie<\/strong> mlad\u00fdch \u013eud\u00ed,<br \/>\u25cf posilni\u0165 <strong>kritick\u00e9 myslenie a digit\u00e1lnu odolnos\u0165,<\/strong><br \/>\u25cf podpori\u0165 <strong>du\u0161evn\u00fa pohodu v online prostred\u00ed,<\/strong><br \/>\u25cf vybavi\u0165 <strong>pracovn\u00edkov s ml\u00e1de\u017eou<\/strong> met\u00f3dami a n\u00e1strojmi, ako o t\u00fdchto t\u00e9mach<br \/>efekt\u00edvne vzdel\u00e1va\u0165,<br \/>\u25cf rozv\u00edja\u0165 <strong>spolupr\u00e1cu medzi organiz\u00e1ciami z E\u00da a Z\u00e1padn\u00e9ho Balk\u00e1nu<\/strong> v oblasti digit\u00e1lneho ob\u010dianstva a vzdel\u00e1vania.<\/p>\t\t\t\t\t\t\t\t<\/div>\n\t\t\t\t<\/div>\n\t\t\t\t\t<\/div>\n\t\t<\/div>\n\t\t\t\t\t<\/div>\n\t\t<\/section>\n\t\t\t\t<section class=\"elementor-section elementor-top-section elementor-element elementor-element-31d75e7 elementor-section-boxed elementor-section-height-default elementor-section-height-default\" data-id=\"31d75e7\" data-element_type=\"section\" data-e-type=\"section\">\n\t\t\t\t\t\t<div class=\"elementor-container elementor-column-gap-default\">\n\t\t\t\t\t<div class=\"elementor-column elementor-col-100 elementor-top-column elementor-element elementor-element-3fd5fd5\" data-id=\"3fd5fd5\" data-element_type=\"column\" data-e-type=\"column\">\n\t\t\t<div class=\"elementor-widget-wrap elementor-element-populated\">\n\t\t\t\t\t\t<div class=\"elementor-element elementor-element-c41b149 elementor-widget elementor-widget-text-editor\" data-id=\"c41b149\" data-element_type=\"widget\" data-e-type=\"widget\" data-widget_type=\"text-editor.default\">\n\t\t\t\t<div class=\"elementor-widget-container\">\n\t\t\t\t\t\t\t\t\t<h4>Slovensk\u00e9 aktivity: Youth for Equality<\/h4><p>Organiz\u00e1cia <strong>Youth for Equality<\/strong> zastre\u0161uje slovensk\u00fa \u010das\u0165 projektu, zameran\u00fa na vzdel\u00e1vanie pracovn\u00edkov s ml\u00e1de\u017eou a tvorbu tr\u00e9ningov\u00fdch aktiv\u00edt o digit\u00e1lnej gramotnosti, rovnov\u00e1he a du\u0161evnom zdrav\u00ed.<\/p><p>\u00a0<\/p><p>V <strong>okt\u00f3bri 2025<\/strong> sa n\u00e1\u0161 t\u00edm z\u00fa\u010dastnil <strong>medzin\u00e1rodn\u00e9ho \u0161kolenia \u201eTraining of Trainers\u201c v<\/strong> <strong>Rimini (Taliansko)<\/strong>, organizovan\u00e9ho koordin\u00e1torom <strong>YouNet APS<\/strong>.<\/p><p>Toto \u0161kolenie (12.\u201318. okt\u00f3bra 2025) spojilo <strong>30 pracovn\u00edkov s ml\u00e1de\u017eou<\/strong> z Talianska, Slovenska, Alb\u00e1nska, F\u00ednska, \u010ciernej Hory a Bosny a Hercegoviny.<\/p><p>\u00a0<\/p><p><strong>Po\u010das intenz\u00edvneho t\u00fd\u017ed\u0148a \u00fa\u010dastn\u00edci:<\/strong><br \/>\u25cf rozv\u00edjali <strong>praktick\u00e9 tr\u00e9nersk\u00e9 zru\u010dnosti,<\/strong><br \/>\u25cf testovali moduly o <strong>digit\u00e1lnej rovnov\u00e1he, medi\u00e1lnej gramotnosti a du\u0161evnej<\/strong><br \/><strong>pohode,<\/strong><\/p><p>\u25cf a pripravili <strong>n\u00e1vrhy vlastn\u00fdch workshopov<\/strong>, ktor\u00e9 teraz bud\u00fa realizova\u0165 vo svojich<br \/>krajin\u00e1ch.<\/p>\t\t\t\t\t\t\t\t<\/div>\n\t\t\t\t<\/div>\n\t\t\t\t\t<\/div>\n\t\t<\/div>\n\t\t\t\t\t<\/div>\n\t\t<\/section>\n\t\t\t\t<section class=\"elementor-section elementor-top-section elementor-element elementor-element-ba1687e elementor-section-boxed elementor-section-height-default elementor-section-height-default\" data-id=\"ba1687e\" data-element_type=\"section\" data-e-type=\"section\">\n\t\t\t\t\t\t<div class=\"elementor-container elementor-column-gap-default\">\n\t\t\t\t\t<div class=\"elementor-column elementor-col-100 elementor-top-column elementor-element elementor-element-67da017\" data-id=\"67da017\" data-element_type=\"column\" data-e-type=\"column\">\n\t\t\t<div class=\"elementor-widget-wrap elementor-element-populated\">\n\t\t\t\t\t\t<div class=\"elementor-element elementor-element-fe605ae elementor-widget elementor-widget-text-editor\" data-id=\"fe605ae\" data-element_type=\"widget\" data-e-type=\"widget\" data-widget_type=\"text-editor.default\">\n\t\t\t\t<div class=\"elementor-widget-container\">\n\t\t\t\t\t\t\t\t\t<h4>\u010co nasleduje na Slovensku<\/h4><p><strong>Na jese\u0148 a zimu 2025\/2026 pl\u00e1nujeme:<\/strong><br \/>\u25cf <strong>lok\u00e1lne \u0161kolenia pre pracovn\u00edkov s ml\u00e1de\u017eou, <\/strong>kde vy\u0161kolen\u00ed \u00fa\u010dastn\u00edci z Rimini odovzdaj\u00fa svoje poznatky \u010fal\u0161\u00edm kolegom,<br \/>\u25cf <strong>workshopy pre mlad\u00fdch \u013eud\u00ed<\/strong> vo veku 14\u201325 rokov, zameran\u00e9 na <strong>kritick\u00e9 myslenie, digit\u00e1lnu pohodu a zdrav\u00e9 pou\u017e\u00edvanie<\/strong> <strong>technol\u00f3gi\u00ed,<\/strong><br \/>\u25cf pr\u00edprav <strong>interakt\u00edvnych materi\u00e1lov<\/strong> \u2013 metodick\u00fdch listov, digit\u00e1lnych hier a podcastov, ktor\u00e9 bud\u00fa spr\u00edstupnen\u00e9 v r\u00e1mci <strong>\u201eMind Over Screens Toolkit\u201c<\/strong>.<\/p><h4>\u00a0<\/h4><h4>Medzin\u00e1rodn\u00ed partneri projektu<\/h4><p>\u25cf <strong>YouNet APS<\/strong> (Taliansko \u2013 koordin\u00e1tor)<br \/>\u25cf <strong>REBUS<\/strong> (Alb\u00e1nsko)<br \/>\u25cf <strong>Youth for Equality<\/strong> (Slovensko)<br \/>\u25cf <strong>Juvenia Center<\/strong> (F\u00ednsko)<br \/>\u25cf <strong>Mladiinfo Montenegro<\/strong> (\u010cierna Hora)<br \/>\u25cf <strong>Omladinska organizacija Svitac<\/strong> (Bosna a Hercegovina)<\/p><p>\u00a0<\/p><p><strong>Viac o projekte:<\/strong><br \/><a href=\"https:\/\/www.facebook.com\/profile.php?id=61572249434305\">https:\/\/www.facebook.com\/profile.php?id=61572249434305<\/a><br \/><a href=\"https:\/\/www.instagram.com\/mind_over_screens\/\">https:\/\/www.instagram.com\/mind_over_screens\/<\/a><\/p>\t\t\t\t\t\t\t\t<\/div>\n\t\t\t\t<\/div>\n\t\t\t\t\t<\/div>\n\t\t<\/div>\n\t\t\t\t\t<\/div>\n\t\t<\/section>\n\t\t\t\t<section class=\"elementor-section elementor-top-section elementor-element elementor-element-2ac7a7e elementor-section-boxed elementor-section-height-default elementor-section-height-default\" data-id=\"2ac7a7e\" data-element_type=\"section\" data-e-type=\"section\">\n\t\t\t\t\t\t<div class=\"elementor-container elementor-column-gap-default\">\n\t\t\t\t\t<div class=\"elementor-column elementor-col-100 elementor-top-column elementor-element elementor-element-09bb820\" data-id=\"09bb820\" data-element_type=\"column\" data-e-type=\"column\">\n\t\t\t<div class=\"elementor-widget-wrap elementor-element-populated\">\n\t\t\t\t\t\t<div class=\"elementor-element elementor-element-bacf9ae elementor-widget elementor-widget-pdf_viewer\" data-id=\"bacf9ae\" data-element_type=\"widget\" data-e-type=\"widget\" data-widget_type=\"pdf_viewer.default\">\n\t\t\t\t<div class=\"elementor-widget-container\">\n\t\t\t\t\t<iframe src=\"https:\/\/docs.google.com\/viewer?url=https:\/\/www.youthforequality.sk\/wp-content\/uploads\/2025\/11\/Mind-Over-Screens-Brochure-1.pdf&amp;embedded=true\" style=\"display: block; margin-left: auto; margin-right: auto; width: 640px; height: 355px;\" frameborder=\"1\" marginheight=\"0px\" marginwidth=\"0px\" allowfullscreen><\/iframe>\t\t\t\t<\/div>\n\t\t\t\t<\/div>\n\t\t\t\t\t<\/div>\n\t\t<\/div>\n\t\t\t\t\t<\/div>\n\t\t<\/section>\n\t\t\t\t<section class=\"elementor-section elementor-top-section elementor-element elementor-element-5d35f8a elementor-section-boxed elementor-section-height-default elementor-section-height-default\" data-id=\"5d35f8a\" data-element_type=\"section\" data-e-type=\"section\">\n\t\t\t\t\t\t<div class=\"elementor-container elementor-column-gap-default\">\n\t\t\t\t\t<div class=\"elementor-column elementor-col-100 elementor-top-column elementor-element elementor-element-c647e8b\" data-id=\"c647e8b\" data-element_type=\"column\" data-e-type=\"column\">\n\t\t\t<div class=\"elementor-widget-wrap elementor-element-populated\">\n\t\t\t\t\t\t<div class=\"elementor-element elementor-element-07cc8e2 elementor-widget elementor-widget-image\" data-id=\"07cc8e2\" data-element_type=\"widget\" data-e-type=\"widget\" data-widget_type=\"image.default\">\n\t\t\t\t<div class=\"elementor-widget-container\">\n\t\t\t\t\t\t\t\t\t\t\t\t\t\t\t<img decoding=\"async\" width=\"300\" height=\"63\" src=\"https:\/\/www.youthforequality.sk\/wp-content\/uploads\/2023\/10\/EN-Co-funded-by-the-EU_POS-300x63.jpg\" class=\"attachment-medium size-medium wp-image-6940\" alt=\"\" srcset=\"https:\/\/www.youthforequality.sk\/wp-content\/uploads\/2023\/10\/EN-Co-funded-by-the-EU_POS-300x63.jpg 300w, https:\/\/www.youthforequality.sk\/wp-content\/uploads\/2023\/10\/EN-Co-funded-by-the-EU_POS-1024x215.jpg 1024w, https:\/\/www.youthforequality.sk\/wp-content\/uploads\/2023\/10\/EN-Co-funded-by-the-EU_POS-768x161.jpg 768w, https:\/\/www.youthforequality.sk\/wp-content\/uploads\/2023\/10\/EN-Co-funded-by-the-EU_POS-1536x322.jpg 1536w, https:\/\/www.youthforequality.sk\/wp-content\/uploads\/2023\/10\/EN-Co-funded-by-the-EU_POS-2048x430.jpg 2048w\" sizes=\"(max-width: 300px) 100vw, 300px\" \/>\t\t\t\t\t\t\t\t\t\t\t\t\t\t\t<\/div>\n\t\t\t\t<\/div>\n\t\t\t\t\t<\/div>\n\t\t<\/div>\n\t\t\t\t\t<\/div>\n\t\t<\/section>\n\t\t\t\t<section class=\"elementor-section elementor-top-section elementor-element elementor-element-00254bd elementor-section-boxed elementor-section-height-default elementor-section-height-default\" data-id=\"00254bd\" data-element_type=\"section\" data-e-type=\"section\">\n\t\t\t\t\t\t<div class=\"elementor-container elementor-column-gap-default\">\n\t\t\t\t\t<div class=\"elementor-column elementor-col-100 elementor-top-column elementor-element elementor-element-884856b\" data-id=\"884856b\" data-element_type=\"column\" data-e-type=\"column\">\n\t\t\t<div class=\"elementor-widget-wrap elementor-element-populated\">\n\t\t\t\t\t\t<div class=\"elementor-element elementor-element-0efe350 elementor-widget elementor-widget-text-editor\" data-id=\"0efe350\" data-element_type=\"widget\" data-e-type=\"widget\" data-widget_type=\"text-editor.default\">\n\t\t\t\t<div class=\"elementor-widget-container\">\n\t\t\t\t\t\t\t\t\t<p class=\"cvGsUA direction-ltr align-center para-style-body\">&#8222;Funded by the European Union. Views and opinions expressed are however those of the author(s) only and do not necessarily reflect those of the European Union or the European Education and Culture Executive Agency (EACEA). Neither the European Union nor EACEA can be held responsible for them.&#8220;<\/p>\t\t\t\t\t\t\t\t<\/div>\n\t\t\t\t<\/div>\n\t\t\t\t\t<\/div>\n\t\t<\/div>\n\t\t\t\t\t<\/div>\n\t\t<\/section>\n\t\t\t\t<\/div>\n\t\t","protected":false},"excerpt":{"rendered":"<p>Mind Over Screens je dvojro\u010dn\u00fd medzin\u00e1rodn\u00fd projekt (2024\u20132026) podporen\u00fd z programu Erasmus+ Capacity Building in the Field of Youth, ktor\u00fd sp\u00e1ja organiz\u00e1cie z E\u00da a Z\u00e1padn\u00e9ho Balk\u00e1nu v \u00fasil\u00ed posilni\u0165 digit\u00e1lnu gramotnos\u0165, medi\u00e1lne povedomie a du\u0161evn\u00fa pohodu mlad\u00fdch \u013eud\u00ed. Projekt reaguje na v\u00fdzvy digit\u00e1lnej \u00e9ry \u2013 od nadmern\u00e9ho pou\u017e\u00edvania obrazoviek a soci\u00e1lnych m\u00e9di\u00ed, cez \u0161\u00edrenie&hellip;&nbsp;<a href=\"https:\/\/www.youthforequality.sk\/index.php\/2025\/11\/13\/mind-over-screens-empowering-youth-in-the-digital-world\/\" class=\"\" rel=\"bookmark\">\u010c\u00edta\u0165 viac &raquo;<span class=\"screen-reader-text\">Mind Over Screens: Empowering Youth in the Digital World<\/span><\/a><\/p>\n","protected":false},"author":13,"featured_media":10245,"comment_status":"closed","ping_status":"open","sticky":false,"template":"","format":"standard","meta":{"_uf_show_specific_survey":0,"_uf_disable_surveys":false,"neve_meta_sidebar":"","neve_meta_container":"","neve_meta_enable_content_width":"off","neve_meta_content_width":70,"neve_meta_title_alignment":"","neve_meta_author_avatar":"","neve_post_elements_order":"","neve_meta_disable_header":"","neve_meta_disable_footer":"","neve_meta_disable_title":"","_themeisle_gutenberg_block_has_review":false,"footnotes":""},"categories":[36],"tags":[],"class_list":["post-10243","post","type-post","status-publish","format-standard","has-post-thumbnail","hentry","category-strategicke-partnerstva"],"yoast_head":"<!-- This site is optimized with the Yoast SEO plugin v27.4 - https:\/\/yoast.com\/product\/yoast-seo-wordpress\/ -->\n<title>Mind Over Screens: Empowering Youth in the Digital World |<\/title>\n<meta name=\"robots\" content=\"index, follow, max-snippet:-1, max-image-preview:large, max-video-preview:-1\" \/>\n<link rel=\"canonical\" href=\"https:\/\/www.youthforequality.sk\/index.php\/2025\/11\/13\/mind-over-screens-empowering-youth-in-the-digital-world\/\" \/>\n<meta property=\"og:locale\" content=\"sk_SK\" \/>\n<meta property=\"og:type\" content=\"article\" \/>\n<meta property=\"og:title\" content=\"Mind Over Screens: Empowering Youth in the Digital World |\" \/>\n<meta property=\"og:description\" content=\"Mind Over Screens je dvojro\u010dn\u00fd medzin\u00e1rodn\u00fd projekt (2024\u20132026) podporen\u00fd z programu Erasmus+ Capacity Building in the Field of Youth, ktor\u00fd sp\u00e1ja organiz\u00e1cie z E\u00da a Z\u00e1padn\u00e9ho Balk\u00e1nu v \u00fasil\u00ed posilni\u0165 digit\u00e1lnu gramotnos\u0165, medi\u00e1lne povedomie a du\u0161evn\u00fa pohodu mlad\u00fdch \u013eud\u00ed. Projekt reaguje na v\u00fdzvy digit\u00e1lnej \u00e9ry \u2013 od nadmern\u00e9ho pou\u017e\u00edvania obrazoviek a soci\u00e1lnych m\u00e9di\u00ed, cez \u0161\u00edrenie&hellip;&nbsp;\u010c\u00edta\u0165 viac &raquo;Mind Over Screens: Empowering Youth in the Digital World\" \/>\n<meta property=\"og:url\" content=\"https:\/\/www.youthforequality.sk\/index.php\/2025\/11\/13\/mind-over-screens-empowering-youth-in-the-digital-world\/\" \/>\n<meta property=\"article:publisher\" content=\"https:\/\/www.facebook.com\/yeslovakia\" \/>\n<meta property=\"article:published_time\" content=\"2025-11-13T10:43:15+00:00\" \/>\n<meta property=\"article:modified_time\" content=\"2025-11-17T12:06:39+00:00\" \/>\n<meta property=\"og:image\" content=\"https:\/\/www.youthforequality.sk\/wp-content\/uploads\/2025\/11\/mind-over-screen.png\" \/>\n\t<meta property=\"og:image:width\" content=\"2000\" \/>\n\t<meta property=\"og:image:height\" content=\"1414\" \/>\n\t<meta property=\"og:image:type\" content=\"image\/png\" \/>\n<meta name=\"author\" content=\"Volunteers\" \/>\n<meta name=\"twitter:card\" content=\"summary_large_image\" \/>\n<meta name=\"twitter:label1\" content=\"Autor\" \/>\n\t<meta name=\"twitter:data1\" content=\"Volunteers\" \/>\n\t<meta name=\"twitter:label2\" content=\"Predpokladan\u00fd \u010das \u010d\u00edtania\" \/>\n\t<meta name=\"twitter:data2\" content=\"3 min\u00faty\" \/>\n<script type=\"application\/ld+json\" class=\"yoast-schema-graph\">{\"@context\":\"https:\\\/\\\/schema.org\",\"@graph\":[{\"@type\":\"Article\",\"@id\":\"https:\\\/\\\/www.youthforequality.sk\\\/index.php\\\/2025\\\/11\\\/13\\\/mind-over-screens-empowering-youth-in-the-digital-world\\\/#article\",\"isPartOf\":{\"@id\":\"https:\\\/\\\/www.youthforequality.sk\\\/index.php\\\/2025\\\/11\\\/13\\\/mind-over-screens-empowering-youth-in-the-digital-world\\\/\"},\"author\":{\"name\":\"Volunteers\",\"@id\":\"https:\\\/\\\/www.youthforequality.sk\\\/#\\\/schema\\\/person\\\/55f3a5ce6c3bf59030ee945357c0831b\"},\"headline\":\"Mind Over Screens: Empowering Youth in the Digital World\",\"datePublished\":\"2025-11-13T10:43:15+00:00\",\"dateModified\":\"2025-11-17T12:06:39+00:00\",\"mainEntityOfPage\":{\"@id\":\"https:\\\/\\\/www.youthforequality.sk\\\/index.php\\\/2025\\\/11\\\/13\\\/mind-over-screens-empowering-youth-in-the-digital-world\\\/\"},\"wordCount\":507,\"publisher\":{\"@id\":\"https:\\\/\\\/www.youthforequality.sk\\\/#organization\"},\"image\":{\"@id\":\"https:\\\/\\\/www.youthforequality.sk\\\/index.php\\\/2025\\\/11\\\/13\\\/mind-over-screens-empowering-youth-in-the-digital-world\\\/#primaryimage\"},\"thumbnailUrl\":\"https:\\\/\\\/www.youthforequality.sk\\\/wp-content\\\/uploads\\\/2025\\\/11\\\/mind-over-screen.png\",\"articleSection\":[\"Strategick\u00e9 partnerstv\u00e1\"],\"inLanguage\":\"sk-SK\"},{\"@type\":\"WebPage\",\"@id\":\"https:\\\/\\\/www.youthforequality.sk\\\/index.php\\\/2025\\\/11\\\/13\\\/mind-over-screens-empowering-youth-in-the-digital-world\\\/\",\"url\":\"https:\\\/\\\/www.youthforequality.sk\\\/index.php\\\/2025\\\/11\\\/13\\\/mind-over-screens-empowering-youth-in-the-digital-world\\\/\",\"name\":\"Mind Over Screens: Empowering Youth in the Digital World |\",\"isPartOf\":{\"@id\":\"https:\\\/\\\/www.youthforequality.sk\\\/#website\"},\"primaryImageOfPage\":{\"@id\":\"https:\\\/\\\/www.youthforequality.sk\\\/index.php\\\/2025\\\/11\\\/13\\\/mind-over-screens-empowering-youth-in-the-digital-world\\\/#primaryimage\"},\"image\":{\"@id\":\"https:\\\/\\\/www.youthforequality.sk\\\/index.php\\\/2025\\\/11\\\/13\\\/mind-over-screens-empowering-youth-in-the-digital-world\\\/#primaryimage\"},\"thumbnailUrl\":\"https:\\\/\\\/www.youthforequality.sk\\\/wp-content\\\/uploads\\\/2025\\\/11\\\/mind-over-screen.png\",\"datePublished\":\"2025-11-13T10:43:15+00:00\",\"dateModified\":\"2025-11-17T12:06:39+00:00\",\"breadcrumb\":{\"@id\":\"https:\\\/\\\/www.youthforequality.sk\\\/index.php\\\/2025\\\/11\\\/13\\\/mind-over-screens-empowering-youth-in-the-digital-world\\\/#breadcrumb\"},\"inLanguage\":\"sk-SK\",\"potentialAction\":[{\"@type\":\"ReadAction\",\"target\":[\"https:\\\/\\\/www.youthforequality.sk\\\/index.php\\\/2025\\\/11\\\/13\\\/mind-over-screens-empowering-youth-in-the-digital-world\\\/\"]}]},{\"@type\":\"ImageObject\",\"inLanguage\":\"sk-SK\",\"@id\":\"https:\\\/\\\/www.youthforequality.sk\\\/index.php\\\/2025\\\/11\\\/13\\\/mind-over-screens-empowering-youth-in-the-digital-world\\\/#primaryimage\",\"url\":\"https:\\\/\\\/www.youthforequality.sk\\\/wp-content\\\/uploads\\\/2025\\\/11\\\/mind-over-screen.png\",\"contentUrl\":\"https:\\\/\\\/www.youthforequality.sk\\\/wp-content\\\/uploads\\\/2025\\\/11\\\/mind-over-screen.png\",\"width\":2000,\"height\":1414},{\"@type\":\"BreadcrumbList\",\"@id\":\"https:\\\/\\\/www.youthforequality.sk\\\/index.php\\\/2025\\\/11\\\/13\\\/mind-over-screens-empowering-youth-in-the-digital-world\\\/#breadcrumb\",\"itemListElement\":[{\"@type\":\"ListItem\",\"position\":1,\"name\":\"Home\",\"item\":\"https:\\\/\\\/www.youthforequality.sk\\\/\"},{\"@type\":\"ListItem\",\"position\":2,\"name\":\"Mind Over Screens: Empowering Youth in the Digital World\"}]},{\"@type\":\"WebSite\",\"@id\":\"https:\\\/\\\/www.youthforequality.sk\\\/#website\",\"url\":\"https:\\\/\\\/www.youthforequality.sk\\\/\",\"name\":\"\",\"description\":\"\",\"publisher\":{\"@id\":\"https:\\\/\\\/www.youthforequality.sk\\\/#organization\"},\"potentialAction\":[{\"@type\":\"SearchAction\",\"target\":{\"@type\":\"EntryPoint\",\"urlTemplate\":\"https:\\\/\\\/www.youthforequality.sk\\\/?s={search_term_string}\"},\"query-input\":{\"@type\":\"PropertyValueSpecification\",\"valueRequired\":true,\"valueName\":\"search_term_string\"}}],\"inLanguage\":\"sk-SK\"},{\"@type\":\"Organization\",\"@id\":\"https:\\\/\\\/www.youthforequality.sk\\\/#organization\",\"name\":\"Youth for Equality\",\"url\":\"https:\\\/\\\/www.youthforequality.sk\\\/\",\"logo\":{\"@type\":\"ImageObject\",\"inLanguage\":\"sk-SK\",\"@id\":\"https:\\\/\\\/www.youthforequality.sk\\\/#\\\/schema\\\/logo\\\/image\\\/\",\"url\":\"https:\\\/\\\/www.youthforequality.sk\\\/wp-content\\\/uploads\\\/2021\\\/01\\\/vynovene-logo-nove-farby_modra-na-web.png\",\"contentUrl\":\"https:\\\/\\\/www.youthforequality.sk\\\/wp-content\\\/uploads\\\/2021\\\/01\\\/vynovene-logo-nove-farby_modra-na-web.png\",\"width\":1,\"height\":1,\"caption\":\"Youth for Equality\"},\"image\":{\"@id\":\"https:\\\/\\\/www.youthforequality.sk\\\/#\\\/schema\\\/logo\\\/image\\\/\"},\"sameAs\":[\"https:\\\/\\\/www.facebook.com\\\/yeslovakia\"]},{\"@type\":\"Person\",\"@id\":\"https:\\\/\\\/www.youthforequality.sk\\\/#\\\/schema\\\/person\\\/55f3a5ce6c3bf59030ee945357c0831b\",\"name\":\"Volunteers\",\"image\":{\"@type\":\"ImageObject\",\"inLanguage\":\"sk-SK\",\"@id\":\"https:\\\/\\\/secure.gravatar.com\\\/avatar\\\/877e8b8b1c7141289d8fa98d9c34bac243a6398eab80927213700d9ba7888055?s=96&d=mm&r=g\",\"url\":\"https:\\\/\\\/secure.gravatar.com\\\/avatar\\\/877e8b8b1c7141289d8fa98d9c34bac243a6398eab80927213700d9ba7888055?s=96&d=mm&r=g\",\"contentUrl\":\"https:\\\/\\\/secure.gravatar.com\\\/avatar\\\/877e8b8b1c7141289d8fa98d9c34bac243a6398eab80927213700d9ba7888055?s=96&d=mm&r=g\",\"caption\":\"Volunteers\"},\"url\":\"https:\\\/\\\/www.youthforequality.sk\\\/index.php\\\/author\\\/volunteers\\\/\"}]}<\/script>\n<!-- \/ Yoast SEO plugin. -->","yoast_head_json":{"title":"Mind Over Screens: Empowering Youth in the Digital World |","robots":{"index":"index","follow":"follow","max-snippet":"max-snippet:-1","max-image-preview":"max-image-preview:large","max-video-preview":"max-video-preview:-1"},"canonical":"https:\/\/www.youthforequality.sk\/index.php\/2025\/11\/13\/mind-over-screens-empowering-youth-in-the-digital-world\/","og_locale":"sk_SK","og_type":"article","og_title":"Mind Over Screens: Empowering Youth in the Digital World |","og_description":"Mind Over Screens je dvojro\u010dn\u00fd medzin\u00e1rodn\u00fd projekt (2024\u20132026) podporen\u00fd z programu Erasmus+ Capacity Building in the Field of Youth, ktor\u00fd sp\u00e1ja organiz\u00e1cie z E\u00da a Z\u00e1padn\u00e9ho Balk\u00e1nu v \u00fasil\u00ed posilni\u0165 digit\u00e1lnu gramotnos\u0165, medi\u00e1lne povedomie a du\u0161evn\u00fa pohodu mlad\u00fdch \u013eud\u00ed. Projekt reaguje na v\u00fdzvy digit\u00e1lnej \u00e9ry \u2013 od nadmern\u00e9ho pou\u017e\u00edvania obrazoviek a soci\u00e1lnych m\u00e9di\u00ed, cez \u0161\u00edrenie&hellip;&nbsp;\u010c\u00edta\u0165 viac &raquo;Mind Over Screens: Empowering Youth in the Digital World","og_url":"https:\/\/www.youthforequality.sk\/index.php\/2025\/11\/13\/mind-over-screens-empowering-youth-in-the-digital-world\/","article_publisher":"https:\/\/www.facebook.com\/yeslovakia","article_published_time":"2025-11-13T10:43:15+00:00","article_modified_time":"2025-11-17T12:06:39+00:00","og_image":[{"width":2000,"height":1414,"url":"https:\/\/www.youthforequality.sk\/wp-content\/uploads\/2025\/11\/mind-over-screen.png","type":"image\/png"}],"author":"Volunteers","twitter_card":"summary_large_image","twitter_misc":{"Autor":"Volunteers","Predpokladan\u00fd \u010das \u010d\u00edtania":"3 min\u00faty"},"schema":{"@context":"https:\/\/schema.org","@graph":[{"@type":"Article","@id":"https:\/\/www.youthforequality.sk\/index.php\/2025\/11\/13\/mind-over-screens-empowering-youth-in-the-digital-world\/#article","isPartOf":{"@id":"https:\/\/www.youthforequality.sk\/index.php\/2025\/11\/13\/mind-over-screens-empowering-youth-in-the-digital-world\/"},"author":{"name":"Volunteers","@id":"https:\/\/www.youthforequality.sk\/#\/schema\/person\/55f3a5ce6c3bf59030ee945357c0831b"},"headline":"Mind Over Screens: Empowering Youth in the Digital World","datePublished":"2025-11-13T10:43:15+00:00","dateModified":"2025-11-17T12:06:39+00:00","mainEntityOfPage":{"@id":"https:\/\/www.youthforequality.sk\/index.php\/2025\/11\/13\/mind-over-screens-empowering-youth-in-the-digital-world\/"},"wordCount":507,"publisher":{"@id":"https:\/\/www.youthforequality.sk\/#organization"},"image":{"@id":"https:\/\/www.youthforequality.sk\/index.php\/2025\/11\/13\/mind-over-screens-empowering-youth-in-the-digital-world\/#primaryimage"},"thumbnailUrl":"https:\/\/www.youthforequality.sk\/wp-content\/uploads\/2025\/11\/mind-over-screen.png","articleSection":["Strategick\u00e9 partnerstv\u00e1"],"inLanguage":"sk-SK"},{"@type":"WebPage","@id":"https:\/\/www.youthforequality.sk\/index.php\/2025\/11\/13\/mind-over-screens-empowering-youth-in-the-digital-world\/","url":"https:\/\/www.youthforequality.sk\/index.php\/2025\/11\/13\/mind-over-screens-empowering-youth-in-the-digital-world\/","name":"Mind Over Screens: Empowering Youth in the Digital World |","isPartOf":{"@id":"https:\/\/www.youthforequality.sk\/#website"},"primaryImageOfPage":{"@id":"https:\/\/www.youthforequality.sk\/index.php\/2025\/11\/13\/mind-over-screens-empowering-youth-in-the-digital-world\/#primaryimage"},"image":{"@id":"https:\/\/www.youthforequality.sk\/index.php\/2025\/11\/13\/mind-over-screens-empowering-youth-in-the-digital-world\/#primaryimage"},"thumbnailUrl":"https:\/\/www.youthforequality.sk\/wp-content\/uploads\/2025\/11\/mind-over-screen.png","datePublished":"2025-11-13T10:43:15+00:00","dateModified":"2025-11-17T12:06:39+00:00","breadcrumb":{"@id":"https:\/\/www.youthforequality.sk\/index.php\/2025\/11\/13\/mind-over-screens-empowering-youth-in-the-digital-world\/#breadcrumb"},"inLanguage":"sk-SK","potentialAction":[{"@type":"ReadAction","target":["https:\/\/www.youthforequality.sk\/index.php\/2025\/11\/13\/mind-over-screens-empowering-youth-in-the-digital-world\/"]}]},{"@type":"ImageObject","inLanguage":"sk-SK","@id":"https:\/\/www.youthforequality.sk\/index.php\/2025\/11\/13\/mind-over-screens-empowering-youth-in-the-digital-world\/#primaryimage","url":"https:\/\/www.youthforequality.sk\/wp-content\/uploads\/2025\/11\/mind-over-screen.png","contentUrl":"https:\/\/www.youthforequality.sk\/wp-content\/uploads\/2025\/11\/mind-over-screen.png","width":2000,"height":1414},{"@type":"BreadcrumbList","@id":"https:\/\/www.youthforequality.sk\/index.php\/2025\/11\/13\/mind-over-screens-empowering-youth-in-the-digital-world\/#breadcrumb","itemListElement":[{"@type":"ListItem","position":1,"name":"Home","item":"https:\/\/www.youthforequality.sk\/"},{"@type":"ListItem","position":2,"name":"Mind Over Screens: Empowering Youth in the Digital World"}]},{"@type":"WebSite","@id":"https:\/\/www.youthforequality.sk\/#website","url":"https:\/\/www.youthforequality.sk\/","name":"","description":"","publisher":{"@id":"https:\/\/www.youthforequality.sk\/#organization"},"potentialAction":[{"@type":"SearchAction","target":{"@type":"EntryPoint","urlTemplate":"https:\/\/www.youthforequality.sk\/?s={search_term_string}"},"query-input":{"@type":"PropertyValueSpecification","valueRequired":true,"valueName":"search_term_string"}}],"inLanguage":"sk-SK"},{"@type":"Organization","@id":"https:\/\/www.youthforequality.sk\/#organization","name":"Youth for Equality","url":"https:\/\/www.youthforequality.sk\/","logo":{"@type":"ImageObject","inLanguage":"sk-SK","@id":"https:\/\/www.youthforequality.sk\/#\/schema\/logo\/image\/","url":"https:\/\/www.youthforequality.sk\/wp-content\/uploads\/2021\/01\/vynovene-logo-nove-farby_modra-na-web.png","contentUrl":"https:\/\/www.youthforequality.sk\/wp-content\/uploads\/2021\/01\/vynovene-logo-nove-farby_modra-na-web.png","width":1,"height":1,"caption":"Youth for Equality"},"image":{"@id":"https:\/\/www.youthforequality.sk\/#\/schema\/logo\/image\/"},"sameAs":["https:\/\/www.facebook.com\/yeslovakia"]},{"@type":"Person","@id":"https:\/\/www.youthforequality.sk\/#\/schema\/person\/55f3a5ce6c3bf59030ee945357c0831b","name":"Volunteers","image":{"@type":"ImageObject","inLanguage":"sk-SK","@id":"https:\/\/secure.gravatar.com\/avatar\/877e8b8b1c7141289d8fa98d9c34bac243a6398eab80927213700d9ba7888055?s=96&d=mm&r=g","url":"https:\/\/secure.gravatar.com\/avatar\/877e8b8b1c7141289d8fa98d9c34bac243a6398eab80927213700d9ba7888055?s=96&d=mm&r=g","contentUrl":"https:\/\/secure.gravatar.com\/avatar\/877e8b8b1c7141289d8fa98d9c34bac243a6398eab80927213700d9ba7888055?s=96&d=mm&r=g","caption":"Volunteers"},"url":"https:\/\/www.youthforequality.sk\/index.php\/author\/volunteers\/"}]}},"_links":{"self":[{"href":"https:\/\/www.youthforequality.sk\/index.php\/wp-json\/wp\/v2\/posts\/10243","targetHints":{"allow":["GET"]}}],"collection":[{"href":"https:\/\/www.youthforequality.sk\/index.php\/wp-json\/wp\/v2\/posts"}],"about":[{"href":"https:\/\/www.youthforequality.sk\/index.php\/wp-json\/wp\/v2\/types\/post"}],"author":[{"embeddable":true,"href":"https:\/\/www.youthforequality.sk\/index.php\/wp-json\/wp\/v2\/users\/13"}],"replies":[{"embeddable":true,"href":"https:\/\/www.youthforequality.sk\/index.php\/wp-json\/wp\/v2\/comments?post=10243"}],"version-history":[{"count":16,"href":"https:\/\/www.youthforequality.sk\/index.php\/wp-json\/wp\/v2\/posts\/10243\/revisions"}],"predecessor-version":[{"id":10263,"href":"https:\/\/www.youthforequality.sk\/index.php\/wp-json\/wp\/v2\/posts\/10243\/revisions\/10263"}],"wp:featuredmedia":[{"embeddable":true,"href":"https:\/\/www.youthforequality.sk\/index.php\/wp-json\/wp\/v2\/media\/10245"}],"wp:attachment":[{"href":"https:\/\/www.youthforequality.sk\/index.php\/wp-json\/wp\/v2\/media?parent=10243"}],"wp:term":[{"taxonomy":"category","embeddable":true,"href":"https:\/\/www.youthforequality.sk\/index.php\/wp-json\/wp\/v2\/categories?post=10243"},{"taxonomy":"post_tag","embeddable":true,"href":"https:\/\/www.youthforequality.sk\/index.php\/wp-json\/wp\/v2\/tags?post=10243"}],"curies":[{"name":"wp","href":"https:\/\/api.w.org\/{rel}","templated":true}]}}