{"id":10266,"date":"2025-01-07T14:04:05","date_gmt":"2025-01-07T13:04:05","guid":{"rendered":"https:\/\/www.youthforequality.sk\/?p=10266"},"modified":"2025-11-17T14:24:44","modified_gmt":"2025-11-17T13:24:44","slug":"preco-je-digitalna-gramotnost-dolezita-be-online-spaja-trnavu-s-digitalnym-svetom","status":"publish","type":"post","link":"https:\/\/www.youthforequality.sk\/index.php\/2025\/01\/07\/preco-je-digitalna-gramotnost-dolezita-be-online-spaja-trnavu-s-digitalnym-svetom\/","title":{"rendered":"Pre\u010do je digit\u00e1lna gramotnos\u0165 d\u00f4le\u017eit\u00e1? BE-ONLINE sp\u00e1ja Trnavu s digit\u00e1lnym svetom"},"content":{"rendered":"\t\t<div data-elementor-type=\"wp-post\" data-elementor-id=\"10266\" class=\"elementor elementor-10266\">\n\t\t\t\t\t\t<section class=\"elementor-section elementor-top-section elementor-element elementor-element-3ce3f95 elementor-section-boxed elementor-section-height-default elementor-section-height-default\" data-id=\"3ce3f95\" data-element_type=\"section\" data-e-type=\"section\">\n\t\t\t\t\t\t<div class=\"elementor-container elementor-column-gap-default\">\n\t\t\t\t\t<div class=\"elementor-column elementor-col-100 elementor-top-column elementor-element elementor-element-e04348c\" data-id=\"e04348c\" data-element_type=\"column\" data-e-type=\"column\">\n\t\t\t<div class=\"elementor-widget-wrap elementor-element-populated\">\n\t\t\t\t\t\t<div class=\"elementor-element elementor-element-73a0b50 elementor-widget elementor-widget-text-editor\" data-id=\"73a0b50\" data-element_type=\"widget\" data-e-type=\"widget\" data-widget_type=\"text-editor.default\">\n\t\t\t\t<div class=\"elementor-widget-container\">\n\t\t\t\t\t\t\t\t\t<p><span style=\"font-weight: 400;\">V s\u00fa\u010dasnosti sa v\u00e4\u010d\u0161ina pracovn\u00fdch, spolo\u010densk\u00fdch a vzdel\u00e1vac\u00edch aktiv\u00edt pres\u00fava do online priestoru. Aj napriek tomu, \u017ee sa digit\u00e1lne technol\u00f3gie pova\u017euj\u00fa za \u0161tandard mnoho \u013eud\u00ed zost\u00e1va \u201eoffline\u201d. Nie preto, \u017ee by chceli, ale preto, \u017ee im ch\u00fdbaj\u00fa z\u00e1kladn\u00e9 digit\u00e1lne zru\u010dnosti alebo samotn\u00fd pr\u00edstup k technol\u00f3gi\u00e1m.\u00a0<\/span><\/p><p>\u00a0<\/p><p><span style=\"font-weight: 400;\">Pod\u013ea <\/span><a href=\"https:\/\/aap.umb.sk\/wp-content\/uploads\/2025\/05\/Jan-Hunady-Veronika-Chylakova-1.5.2025-pdf-1.pdf\"><span style=\"font-weight: 400;\">prieskumu Univerzity Mateja Bela v Banskej Bystrici<\/span><\/a><span style=\"font-weight: 400;\"> nem\u00e1 \u017eiadne digit\u00e1lne zru\u010dnosti 3,1% Slov\u00e1kov vo veku 16 &#8211; 24 rokov a 26,7% vo veku 55 &#8211; 64 rokov. Pr\u00e1ve na t\u00fato v\u00fdzvu reaguje organiz\u00e1cia Youth for Equality s nov\u00fdm projektom <\/span><a href=\"https:\/\/www.youthforequality.sk\/index.php\/2024\/12\/06\/be-online\/\"><span style=\"font-weight: 400;\">BE-ONLINE<\/span><\/a><span style=\"font-weight: 400;\"> s podporou Nad\u00e1cie \u010cSOB.\u00a0<\/span><\/p><p>\u00a0<\/p><p><span style=\"font-weight: 400;\">Cie\u013eom projektu je prekona\u0165 digit\u00e1lnu priepas\u0165 v Trnavskom kraji. Da\u0165 v\u0161etk\u00fdm \u013eu\u010fom rovnak\u00fa \u0161ancu by\u0165 s\u00fa\u010das\u0165ou digit\u00e1lneho sveta. Projekt je realizovan\u00fd od 1. novembra 2024 do 19. decembra 2025. Po\u010das tohto obdobia prebehne s\u00e9ria workshopov, \u0161kolen\u00ed a online aktiv\u00edt. V\u010faka nim \u00fa\u010dastn\u00edci z\u00edskaj\u00fa praktick\u00e9 digit\u00e1lne zru\u010dnosti potrebn\u00e9 pre z\u00e1kladn\u00e9 pou\u017e\u00edvanie zariaden\u00ed. Venuj\u00fa sa aj pokro\u010dilej\u0161\u00edm t\u00e9mam, ako je tvorba digit\u00e1lneho obsahu \u010di kybernetick\u00e1 bezpe\u010dnos\u0165.\u00a0<\/span><\/p><p>\u00a0<\/p><p><b>Koho sa projekt BE-ONLINE t\u00fdka?<\/b><b>\u00a0<\/b><\/p><p>\u00a0<\/p><p><span style=\"font-weight: 400;\">Projekt BE-ONLINE je navrhnut\u00fd ako komplexn\u00fd vzdel\u00e1vac\u00ed program. Zameriava sa na inkl\u00faziu, pr\u00edstupnos\u0165 a praktick\u00e9 u\u010denie. Cie\u013eov\u00fdmi skupinami s\u00fa mlad\u00ed \u013eudia, star\u0161ia gener\u00e1cia, uch\u00e1dza\u010di o zamestnanie a dobrovo\u013en\u00edci, ktor\u00ed \u010delia digit\u00e1lnemu vyl\u00fa\u010deniu.\u00a0<\/span><\/p>\t\t\t\t\t\t\t\t<\/div>\n\t\t\t\t<\/div>\n\t\t\t\t\t<\/div>\n\t\t<\/div>\n\t\t\t\t\t<\/div>\n\t\t<\/section>\n\t\t\t\t<section class=\"elementor-section elementor-top-section elementor-element elementor-element-39721e6 elementor-section-boxed elementor-section-height-default elementor-section-height-default\" data-id=\"39721e6\" data-element_type=\"section\" data-e-type=\"section\">\n\t\t\t\t\t\t<div class=\"elementor-container elementor-column-gap-default\">\n\t\t\t\t\t<div class=\"elementor-column elementor-col-100 elementor-top-column elementor-element elementor-element-31bccb2\" data-id=\"31bccb2\" data-element_type=\"column\" data-e-type=\"column\">\n\t\t\t<div class=\"elementor-widget-wrap elementor-element-populated\">\n\t\t\t\t\t\t<div class=\"elementor-element elementor-element-1054335 elementor-widget elementor-widget-image\" data-id=\"1054335\" data-element_type=\"widget\" data-e-type=\"widget\" data-widget_type=\"image.default\">\n\t\t\t\t<div class=\"elementor-widget-container\">\n\t\t\t\t\t\t\t\t\t\t\t\t\t\t\t<img fetchpriority=\"high\" decoding=\"async\" width=\"1024\" height=\"642\" src=\"https:\/\/www.youthforequality.sk\/wp-content\/uploads\/2025\/01\/Screenshot-2025-11-17-at-14.20.06-1024x642.png\" class=\"attachment-large size-large wp-image-10271\" alt=\"\" srcset=\"https:\/\/www.youthforequality.sk\/wp-content\/uploads\/2025\/01\/Screenshot-2025-11-17-at-14.20.06-1024x642.png 1024w, https:\/\/www.youthforequality.sk\/wp-content\/uploads\/2025\/01\/Screenshot-2025-11-17-at-14.20.06-300x188.png 300w, https:\/\/www.youthforequality.sk\/wp-content\/uploads\/2025\/01\/Screenshot-2025-11-17-at-14.20.06-768x481.png 768w, https:\/\/www.youthforequality.sk\/wp-content\/uploads\/2025\/01\/Screenshot-2025-11-17-at-14.20.06.png 1190w\" sizes=\"(max-width: 1024px) 100vw, 1024px\" \/>\t\t\t\t\t\t\t\t\t\t\t\t\t\t\t<\/div>\n\t\t\t\t<\/div>\n\t\t\t\t\t<\/div>\n\t\t<\/div>\n\t\t\t\t\t<\/div>\n\t\t<\/section>\n\t\t\t\t<section class=\"elementor-section elementor-top-section elementor-element elementor-element-80e5596 elementor-section-boxed elementor-section-height-default elementor-section-height-default\" data-id=\"80e5596\" data-element_type=\"section\" data-e-type=\"section\">\n\t\t\t\t\t\t<div class=\"elementor-container elementor-column-gap-default\">\n\t\t\t\t\t<div class=\"elementor-column elementor-col-100 elementor-top-column elementor-element elementor-element-e850160\" data-id=\"e850160\" data-element_type=\"column\" data-e-type=\"column\">\n\t\t\t<div class=\"elementor-widget-wrap elementor-element-populated\">\n\t\t\t\t\t\t<div class=\"elementor-element elementor-element-3d9cf78 elementor-widget elementor-widget-text-editor\" data-id=\"3d9cf78\" data-element_type=\"widget\" data-e-type=\"widget\" data-widget_type=\"text-editor.default\">\n\t\t\t\t<div class=\"elementor-widget-container\">\n\t\t\t\t\t\t\t\t\t<p dir=\"ltr\" style=\"line-height: 1.3800000000000001; margin-top: 0pt; margin-bottom: 0pt;\"><span style=\"font-size: 11pt; font-family: Arial,sans-serif; color: #000000; background-color: transparent; font-weight: 400; font-style: normal; font-variant: normal; text-decoration: none; vertical-align: baseline; white-space: pre-wrap;\">K\u00fdm mlad\u00ed \u013eudia potrebuj\u00fa usmernenie pri efekt\u00edvnom vyu\u017e\u00edvan\u00ed technol\u00f3gi\u00ed, vytv\u00e1ran\u00ed kontentu, pou\u017e\u00edvan\u00ed AI, star\u0161\u00ed \u013eudia sa zameriavaj\u00fa na podporu pri zvl\u00e1dan\u00ed pou\u017e\u00edvania nov\u00fdch n\u00e1strojov a aplik\u00e1ci\u00ed. BE-ONLINE ich n\u00e1vz\u00e1jom prep\u00e1ja a pom\u00e1ha im spolo\u010dne r\u00e1s\u0165.<\/span><\/p><p><b id=\"docs-internal-guid-f9bed3e5-7fff-0fa9-cdff-26f048504047\" style=\"font-weight: normal;\">\u00a0<\/b><\/p><p dir=\"ltr\" style=\"line-height: 1.3800000000000001; margin-top: 0pt; margin-bottom: 0pt;\"><span style=\"font-size: 11pt; font-family: Arial,sans-serif; color: #000000; background-color: transparent; font-weight: 400; font-style: italic; font-variant: normal; text-decoration: none; vertical-align: baseline; white-space: pre-wrap;\">\u201eNa\u0161\u00edm cie\u013eom je, aby sa \u00fa\u010dastn\u00edci nec\u00edtili v digit\u00e1lnom svete straten\u00ed, ale aby ho dok\u00e1zali vyu\u017e\u00edva\u0165 na svoj osobn\u00fd aj profesion\u00e1lny rozvoj,\u201d<\/span><span style=\"font-size: 11pt; font-family: Arial,sans-serif; color: #000000; background-color: transparent; font-weight: 400; font-style: normal; font-variant: normal; text-decoration: none; vertical-align: baseline; white-space: pre-wrap;\"> hovor\u00ed Hakan Oguz, projektov\u00fd mana\u017e\u00e9r Youth for Equality.\u00a0<\/span><\/p><p><b style=\"font-weight: normal;\">\u00a0<\/b><\/p><p dir=\"ltr\" style=\"line-height: 1.3800000000000001; margin-top: 0pt; margin-bottom: 0pt;\"><span style=\"font-size: 13.999999999999998pt; font-family: Arial,sans-serif; color: #000000; background-color: transparent; font-weight: bold; font-style: normal; font-variant: normal; text-decoration: none; vertical-align: baseline; white-space: pre-wrap;\">Desa\u0165 mesiacov praktick\u00e9ho u\u010denia<\/span><span style=\"font-size: 11pt; font-family: Arial,sans-serif; color: #000000; background-color: transparent; font-weight: 400; font-style: normal; font-variant: normal; text-decoration: none; vertical-align: baseline; white-space: pre-wrap;\">\u00a0<\/span><\/p><p><b style=\"font-weight: normal;\">\u00a0<\/b><\/p><p dir=\"ltr\" style=\"line-height: 1.3800000000000001; margin-top: 0pt; margin-bottom: 0pt;\"><span style=\"font-size: 11pt; font-family: Arial,sans-serif; color: #000000; background-color: transparent; font-weight: 400; font-style: normal; font-variant: normal; text-decoration: none; vertical-align: baseline; white-space: pre-wrap;\">Po\u010das desiatich mesiacov sa uskuto\u010dn\u00ed s\u00e9ria tematick\u00fdch workshopov. Ka\u017ed\u00fd mesiac bude venovan\u00fd jednej z desiatich t\u00e9m. \u00da\u010dastn\u00edci sa napr\u00edklad nau\u010dia:<\/span><\/p><p><b style=\"font-weight: normal;\">\u00a0<\/b><\/p><ul style=\"margin-top: 0; margin-bottom: 0; padding-inline-start: 48px;\"><li dir=\"ltr\" style=\"list-style-type: disc; font-size: 11pt; font-family: Arial,sans-serif; color: #000000; background-color: transparent; font-weight: 400; font-style: normal; font-variant: normal; text-decoration: none; vertical-align: baseline; white-space: pre; margin-left: 36pt;\" aria-level=\"1\"><p dir=\"ltr\" style=\"line-height: 1.3800000000000001; margin-top: 0pt; margin-bottom: 0pt;\" role=\"presentation\"><span style=\"font-size: 11pt; font-family: Arial,sans-serif; color: #000000; background-color: transparent; font-weight: 400; font-style: normal; font-variant: normal; text-decoration: none; vertical-align: baseline; white-space: pre-wrap;\">chr\u00e1ni\u0165 svoje \u00fadaje na internete,<\/span><\/p><\/li><li dir=\"ltr\" style=\"list-style-type: disc; font-size: 11pt; font-family: Arial,sans-serif; color: #000000; background-color: transparent; font-weight: 400; font-style: normal; font-variant: normal; text-decoration: none; vertical-align: baseline; white-space: pre; margin-left: 36pt;\" aria-level=\"1\"><p dir=\"ltr\" style=\"line-height: 1.3800000000000001; margin-top: 0pt; margin-bottom: 0pt;\" role=\"presentation\"><span style=\"font-size: 11pt; font-family: Arial,sans-serif; color: #000000; background-color: transparent; font-weight: 400; font-style: normal; font-variant: normal; text-decoration: none; vertical-align: baseline; white-space: pre-wrap;\">pou\u017e\u00edva\u0165 be\u017en\u00e9 aplik\u00e1cie a kancel\u00e1rske programy,<\/span><\/p><\/li><li dir=\"ltr\" style=\"list-style-type: disc; font-size: 11pt; font-family: Arial,sans-serif; color: #000000; background-color: transparent; font-weight: 400; font-style: normal; font-variant: normal; text-decoration: none; vertical-align: baseline; white-space: pre; margin-left: 36pt;\" aria-level=\"1\"><p dir=\"ltr\" style=\"line-height: 1.3800000000000001; margin-top: 0pt; margin-bottom: 0pt;\" role=\"presentation\"><span style=\"font-size: 11pt; font-family: Arial,sans-serif; color: #000000; background-color: transparent; font-weight: 400; font-style: normal; font-variant: normal; text-decoration: none; vertical-align: baseline; white-space: pre-wrap;\">vytv\u00e1ra\u0165 vlastn\u00fd online obsah,<\/span><\/p><\/li><li dir=\"ltr\" style=\"list-style-type: disc; font-size: 11pt; font-family: Arial,sans-serif; color: #000000; background-color: transparent; font-weight: 400; font-style: normal; font-variant: normal; text-decoration: none; vertical-align: baseline; white-space: pre; margin-left: 36pt;\" aria-level=\"1\"><p dir=\"ltr\" style=\"line-height: 1.3800000000000001; margin-top: 0pt; margin-bottom: 0pt;\" role=\"presentation\"><span style=\"font-size: 11pt; font-family: Arial,sans-serif; color: #000000; background-color: transparent; font-weight: 400; font-style: normal; font-variant: normal; text-decoration: none; vertical-align: baseline; white-space: pre-wrap;\">efekt\u00edvne komunikova\u0165 a prezentova\u0165 sa v digit\u00e1lnom prostred\u00ed.<\/span><\/p><\/li><\/ul><p>\u00a0<\/p><p dir=\"ltr\" style=\"line-height: 1.3800000000000001; margin-top: 0pt; margin-bottom: 0pt;\"><span style=\"font-size: 11pt; font-family: Arial,sans-serif; color: #000000; background-color: transparent; font-weight: 400; font-style: normal; font-variant: normal; text-decoration: none; vertical-align: baseline; white-space: pre-wrap;\">Ka\u017ed\u00fd workshop je navrhnut\u00fd tak, aby kombinoval praktick\u00e9 sk\u00fasenosti s interakt\u00edvnym u\u010den\u00edm a priamym zapojen\u00edm \u00fa\u010dastn\u00edkov. Do projektu sa celkovo zapoj\u00ed 200 \u00fa\u010dastn\u00edkov. V r\u00e1mci ka\u017ed\u00e9ho workshopu sa budeme zameriava\u0165 na individu\u00e1lny pr\u00edstup, sp\u00e4tn\u00fa v\u00e4zbu a komunitn\u00e9 prepojenie.\u00a0<\/span><\/p>\t\t\t\t\t\t\t\t<\/div>\n\t\t\t\t<\/div>\n\t\t\t\t\t<\/div>\n\t\t<\/div>\n\t\t\t\t\t<\/div>\n\t\t<\/section>\n\t\t\t\t<section class=\"elementor-section elementor-top-section elementor-element elementor-element-53ad110 elementor-section-boxed elementor-section-height-default elementor-section-height-default\" data-id=\"53ad110\" data-element_type=\"section\" data-e-type=\"section\">\n\t\t\t\t\t\t<div class=\"elementor-container elementor-column-gap-default\">\n\t\t\t\t\t<div class=\"elementor-column elementor-col-100 elementor-top-column elementor-element elementor-element-7c2b3c9\" data-id=\"7c2b3c9\" data-element_type=\"column\" data-e-type=\"column\">\n\t\t\t<div class=\"elementor-widget-wrap elementor-element-populated\">\n\t\t\t\t\t\t<div class=\"elementor-element elementor-element-d041350 elementor-widget elementor-widget-image\" data-id=\"d041350\" data-element_type=\"widget\" data-e-type=\"widget\" data-widget_type=\"image.default\">\n\t\t\t\t<div class=\"elementor-widget-container\">\n\t\t\t\t\t\t\t\t\t\t\t\t\t\t\t<img decoding=\"async\" width=\"1024\" height=\"682\" src=\"https:\/\/www.youthforequality.sk\/wp-content\/uploads\/2025\/01\/Screenshot-2025-11-17-at-14.22.28-1024x682.png\" class=\"attachment-large size-large wp-image-10272\" alt=\"\" srcset=\"https:\/\/www.youthforequality.sk\/wp-content\/uploads\/2025\/01\/Screenshot-2025-11-17-at-14.22.28-1024x682.png 1024w, https:\/\/www.youthforequality.sk\/wp-content\/uploads\/2025\/01\/Screenshot-2025-11-17-at-14.22.28-300x200.png 300w, https:\/\/www.youthforequality.sk\/wp-content\/uploads\/2025\/01\/Screenshot-2025-11-17-at-14.22.28-768x511.png 768w, https:\/\/www.youthforequality.sk\/wp-content\/uploads\/2025\/01\/Screenshot-2025-11-17-at-14.22.28-930x620.png 930w, https:\/\/www.youthforequality.sk\/wp-content\/uploads\/2025\/01\/Screenshot-2025-11-17-at-14.22.28.png 1196w\" sizes=\"(max-width: 1024px) 100vw, 1024px\" \/>\t\t\t\t\t\t\t\t\t\t\t\t\t\t\t<\/div>\n\t\t\t\t<\/div>\n\t\t\t\t\t<\/div>\n\t\t<\/div>\n\t\t\t\t\t<\/div>\n\t\t<\/section>\n\t\t\t\t<section class=\"elementor-section elementor-top-section elementor-element elementor-element-732e3f9 elementor-section-boxed elementor-section-height-default elementor-section-height-default\" data-id=\"732e3f9\" data-element_type=\"section\" data-e-type=\"section\">\n\t\t\t\t\t\t<div class=\"elementor-container elementor-column-gap-default\">\n\t\t\t\t\t<div class=\"elementor-column elementor-col-100 elementor-top-column elementor-element elementor-element-caf1b49\" data-id=\"caf1b49\" data-element_type=\"column\" data-e-type=\"column\">\n\t\t\t<div class=\"elementor-widget-wrap elementor-element-populated\">\n\t\t\t\t\t\t<div class=\"elementor-element elementor-element-0d0798c elementor-widget elementor-widget-text-editor\" data-id=\"0d0798c\" data-element_type=\"widget\" data-e-type=\"widget\" data-widget_type=\"text-editor.default\">\n\t\t\t\t<div class=\"elementor-widget-container\">\n\t\t\t\t\t\t\t\t\t<p dir=\"ltr\" style=\"line-height: 1.3800000000000001; margin-top: 0pt; margin-bottom: 0pt;\"><span style=\"font-size: 13.999999999999998pt; font-family: Arial,sans-serif; color: #000000; background-color: transparent; font-weight: bold; font-style: normal; font-variant: normal; text-decoration: none; vertical-align: baseline; white-space: pre-wrap;\">Projekt BE-ONLINE chce by\u0165 pre regi\u00f3n dlhodob\u00fdm pr\u00ednosom<\/span><\/p><p><b id=\"docs-internal-guid-4a1e1efa-7fff-d174-3d56-a169e03d8737\" style=\"font-weight: normal;\">\u00a0<\/b><\/p><p dir=\"ltr\" style=\"line-height: 1.3800000000000001; margin-top: 0pt; margin-bottom: 0pt;\"><span style=\"font-size: 11pt; font-family: Arial,sans-serif; color: #000000; background-color: transparent; font-weight: 400; font-style: normal; font-variant: normal; text-decoration: none; vertical-align: baseline; white-space: pre-wrap;\">Youth for Equality pl\u00e1nuje vo vzdel\u00e1vac\u00edch aktivit\u00e1ch pokra\u010dova\u0165 aj po skon\u010den\u00ed projektu. Posiln\u00ed \u00fa\u010das\u0165 komunity prostredn\u00edctvom spolupr\u00e1ce s miestnymi \u0161kolami, kni\u017enicami a komunitn\u00fdmi organiz\u00e1ciami a organizovan\u00edm workshopov, ktor\u00e9 pouk\u00e1\u017eu na pr\u00ednosy digit\u00e1lnej gramotnosti. Na z\u00e1klade \u00faspechu projektu BE-ONLINE v Trnavskom kraji vyvin\u00fa strat\u00e9gie udr\u017eate\u013enosti a presk\u00famaj\u00fa mo\u017enosti expanzie aj do in\u00fdch regi\u00f3nov.<\/span><\/p><p><b style=\"font-weight: normal;\">\u00a0<\/b><\/p><p dir=\"ltr\" style=\"line-height: 1.3800000000000001; margin-top: 0pt; margin-bottom: 0pt;\"><span style=\"font-size: 13.999999999999998pt; font-family: Arial,sans-serif; color: #000000; background-color: transparent; font-weight: bold; font-style: normal; font-variant: normal; text-decoration: none; vertical-align: baseline; white-space: pre-wrap;\">BE-ONLINE spolo\u010dne\u00a0<\/span><\/p><p><b style=\"font-weight: normal;\">\u00a0<\/b><\/p><p dir=\"ltr\" style=\"line-height: 1.3800000000000001; margin-top: 0pt; margin-bottom: 0pt;\"><span style=\"font-size: 11pt; font-family: Arial,sans-serif; color: #000000; background-color: transparent; font-weight: 400; font-style: normal; font-variant: normal; text-decoration: none; vertical-align: baseline; white-space: pre-wrap;\">Projekt BE-ONLINE ukazuje, \u017ee digit\u00e1lna gramotnos\u0165 nie je len o technol\u00f3gi\u00e1ch. Rovnako je aj o rovnosti pr\u00edle\u017eitost\u00ed, spojen\u00ed komunity a rozvoji \u013eudsk\u00e9ho potenci\u00e1lu bez oh\u013eadu na vek, vzdelanie a soci\u00e1lny status.\u00a0<\/span><\/p><p>\u00a0<\/p><p dir=\"ltr\" style=\"line-height: 1.3800000000000001; margin-top: 0pt; margin-bottom: 0pt;\"><span style=\"font-size: 11pt; font-family: Arial,sans-serif; color: #000000; background-color: transparent; font-weight: 400; font-style: normal; font-variant: normal; text-decoration: none; vertical-align: baseline; white-space: pre-wrap;\">V\u010faka grantov\u00e9mu poskytovate\u013eovi Nad\u00e1cii \u010cSOB a nasadeniu t\u00edmu Youth for Equality sa Trnavsk\u00fd kraj stane miestom, kde sa nikto nec\u00edti \u201eoffline\u201d. Ka\u017ed\u00fd z n\u00e1s si zasl\u00fa\u017ei by\u0165 online sebavedomo, bezpe\u010dne a s \u00fasmevom online.\u00a0 \u00a0 <\/span><\/p>\t\t\t\t\t\t\t\t<\/div>\n\t\t\t\t<\/div>\n\t\t\t\t\t<\/div>\n\t\t<\/div>\n\t\t\t\t\t<\/div>\n\t\t<\/section>\n\t\t\t\t<section class=\"elementor-section elementor-top-section elementor-element elementor-element-f933bdd elementor-section-boxed elementor-section-height-default elementor-section-height-default\" data-id=\"f933bdd\" data-element_type=\"section\" data-e-type=\"section\">\n\t\t\t\t\t\t<div class=\"elementor-container elementor-column-gap-default\">\n\t\t\t\t\t<div class=\"elementor-column elementor-col-100 elementor-top-column elementor-element elementor-element-6577a03\" data-id=\"6577a03\" data-element_type=\"column\" data-e-type=\"column\">\n\t\t\t<div class=\"elementor-widget-wrap elementor-element-populated\">\n\t\t\t\t\t\t<div class=\"elementor-element elementor-element-b89b53d elementor-widget elementor-widget-image\" data-id=\"b89b53d\" data-element_type=\"widget\" data-e-type=\"widget\" data-widget_type=\"image.default\">\n\t\t\t\t<div class=\"elementor-widget-container\">\n\t\t\t\t\t\t\t\t\t\t\t\t\t\t\t<img decoding=\"async\" width=\"1024\" height=\"517\" src=\"https:\/\/www.youthforequality.sk\/wp-content\/uploads\/2025\/01\/1507491-1024x517.png\" class=\"attachment-large size-large wp-image-10273\" alt=\"\" srcset=\"https:\/\/www.youthforequality.sk\/wp-content\/uploads\/2025\/01\/1507491-1024x517.png 1024w, https:\/\/www.youthforequality.sk\/wp-content\/uploads\/2025\/01\/1507491-300x152.png 300w, https:\/\/www.youthforequality.sk\/wp-content\/uploads\/2025\/01\/1507491-768x388.png 768w, https:\/\/www.youthforequality.sk\/wp-content\/uploads\/2025\/01\/1507491.png 1275w\" sizes=\"(max-width: 1024px) 100vw, 1024px\" \/>\t\t\t\t\t\t\t\t\t\t\t\t\t\t\t<\/div>\n\t\t\t\t<\/div>\n\t\t\t\t\t<\/div>\n\t\t<\/div>\n\t\t\t\t\t<\/div>\n\t\t<\/section>\n\t\t\t\t<\/div>\n\t\t","protected":false},"excerpt":{"rendered":"<p>V s\u00fa\u010dasnosti sa v\u00e4\u010d\u0161ina pracovn\u00fdch, spolo\u010densk\u00fdch a vzdel\u00e1vac\u00edch aktiv\u00edt pres\u00fava do online priestoru. Aj napriek tomu, \u017ee sa digit\u00e1lne technol\u00f3gie pova\u017euj\u00fa za \u0161tandard mnoho \u013eud\u00ed zost\u00e1va \u201eoffline\u201d. Nie preto, \u017ee by chceli, ale preto, \u017ee im ch\u00fdbaj\u00fa z\u00e1kladn\u00e9 digit\u00e1lne zru\u010dnosti alebo samotn\u00fd pr\u00edstup k technol\u00f3gi\u00e1m.\u00a0 \u00a0 Pod\u013ea prieskumu Univerzity Mateja Bela v Banskej Bystrici nem\u00e1&hellip;&nbsp;<a href=\"https:\/\/www.youthforequality.sk\/index.php\/2025\/01\/07\/preco-je-digitalna-gramotnost-dolezita-be-online-spaja-trnavu-s-digitalnym-svetom\/\" class=\"\" rel=\"bookmark\">\u010c\u00edta\u0165 viac &raquo;<span class=\"screen-reader-text\">Pre\u010do je digit\u00e1lna gramotnos\u0165 d\u00f4le\u017eit\u00e1? BE-ONLINE sp\u00e1ja Trnavu s digit\u00e1lnym svetom<\/span><\/a><\/p>\n","protected":false},"author":2,"featured_media":0,"comment_status":"closed","ping_status":"open","sticky":false,"template":"","format":"standard","meta":{"_uf_show_specific_survey":0,"_uf_disable_surveys":false,"neve_meta_sidebar":"","neve_meta_container":"","neve_meta_enable_content_width":"","neve_meta_content_width":0,"neve_meta_title_alignment":"","neve_meta_author_avatar":"","neve_post_elements_order":"","neve_meta_disable_header":"","neve_meta_disable_footer":"","neve_meta_disable_title":"","_themeisle_gutenberg_block_has_review":false,"footnotes":""},"categories":[3],"tags":[],"class_list":["post-10266","post","type-post","status-publish","format-standard","hentry","category-blog"],"yoast_head":"<!-- This site is optimized with the Yoast SEO plugin v27.4 - https:\/\/yoast.com\/product\/yoast-seo-wordpress\/ -->\n<title>Pre\u010do je digit\u00e1lna gramotnos\u0165 d\u00f4le\u017eit\u00e1? BE-ONLINE sp\u00e1ja Trnavu s digit\u00e1lnym svetom |<\/title>\n<meta name=\"robots\" content=\"index, follow, max-snippet:-1, max-image-preview:large, max-video-preview:-1\" \/>\n<link rel=\"canonical\" href=\"https:\/\/www.youthforequality.sk\/index.php\/2025\/01\/07\/preco-je-digitalna-gramotnost-dolezita-be-online-spaja-trnavu-s-digitalnym-svetom\/\" \/>\n<meta property=\"og:locale\" content=\"sk_SK\" \/>\n<meta property=\"og:type\" content=\"article\" \/>\n<meta property=\"og:title\" content=\"Pre\u010do je digit\u00e1lna gramotnos\u0165 d\u00f4le\u017eit\u00e1? BE-ONLINE sp\u00e1ja Trnavu s digit\u00e1lnym svetom |\" \/>\n<meta property=\"og:description\" content=\"V s\u00fa\u010dasnosti sa v\u00e4\u010d\u0161ina pracovn\u00fdch, spolo\u010densk\u00fdch a vzdel\u00e1vac\u00edch aktiv\u00edt pres\u00fava do online priestoru. Aj napriek tomu, \u017ee sa digit\u00e1lne technol\u00f3gie pova\u017euj\u00fa za \u0161tandard mnoho \u013eud\u00ed zost\u00e1va \u201eoffline\u201d. Nie preto, \u017ee by chceli, ale preto, \u017ee im ch\u00fdbaj\u00fa z\u00e1kladn\u00e9 digit\u00e1lne zru\u010dnosti alebo samotn\u00fd pr\u00edstup k technol\u00f3gi\u00e1m.\u00a0 \u00a0 Pod\u013ea prieskumu Univerzity Mateja Bela v Banskej Bystrici nem\u00e1&hellip;&nbsp;\u010c\u00edta\u0165 viac &raquo;Pre\u010do je digit\u00e1lna gramotnos\u0165 d\u00f4le\u017eit\u00e1? BE-ONLINE sp\u00e1ja Trnavu s digit\u00e1lnym svetom\" \/>\n<meta property=\"og:url\" content=\"https:\/\/www.youthforequality.sk\/index.php\/2025\/01\/07\/preco-je-digitalna-gramotnost-dolezita-be-online-spaja-trnavu-s-digitalnym-svetom\/\" \/>\n<meta property=\"article:publisher\" content=\"https:\/\/www.facebook.com\/yeslovakia\" \/>\n<meta property=\"article:published_time\" content=\"2025-01-07T13:04:05+00:00\" \/>\n<meta property=\"article:modified_time\" content=\"2025-11-17T13:24:44+00:00\" \/>\n<meta property=\"og:image\" content=\"https:\/\/www.youthforequality.sk\/wp-content\/uploads\/2025\/01\/Screenshot-2025-11-17-at-14.20.06.png\" \/>\n\t<meta property=\"og:image:width\" content=\"1190\" \/>\n\t<meta property=\"og:image:height\" content=\"746\" \/>\n\t<meta property=\"og:image:type\" content=\"image\/png\" \/>\n<meta name=\"author\" content=\"Diana Ja\u0161ekov\u00e1\" \/>\n<meta name=\"twitter:card\" content=\"summary_large_image\" \/>\n<meta name=\"twitter:label1\" content=\"Autor\" \/>\n\t<meta name=\"twitter:data1\" content=\"Diana Ja\u0161ekov\u00e1\" \/>\n\t<meta name=\"twitter:label2\" content=\"Predpokladan\u00fd \u010das \u010d\u00edtania\" \/>\n\t<meta name=\"twitter:data2\" content=\"4 min\u00faty\" \/>\n<script type=\"application\/ld+json\" class=\"yoast-schema-graph\">{\"@context\":\"https:\\\/\\\/schema.org\",\"@graph\":[{\"@type\":\"Article\",\"@id\":\"https:\\\/\\\/www.youthforequality.sk\\\/index.php\\\/2025\\\/01\\\/07\\\/preco-je-digitalna-gramotnost-dolezita-be-online-spaja-trnavu-s-digitalnym-svetom\\\/#article\",\"isPartOf\":{\"@id\":\"https:\\\/\\\/www.youthforequality.sk\\\/index.php\\\/2025\\\/01\\\/07\\\/preco-je-digitalna-gramotnost-dolezita-be-online-spaja-trnavu-s-digitalnym-svetom\\\/\"},\"author\":{\"name\":\"Diana Ja\u0161ekov\u00e1\",\"@id\":\"https:\\\/\\\/www.youthforequality.sk\\\/#\\\/schema\\\/person\\\/be8fe75a4ed9c28400bc99a029218b24\"},\"headline\":\"Pre\u010do je digit\u00e1lna gramotnos\u0165 d\u00f4le\u017eit\u00e1? BE-ONLINE sp\u00e1ja Trnavu s digit\u00e1lnym svetom\",\"datePublished\":\"2025-01-07T13:04:05+00:00\",\"dateModified\":\"2025-11-17T13:24:44+00:00\",\"mainEntityOfPage\":{\"@id\":\"https:\\\/\\\/www.youthforequality.sk\\\/index.php\\\/2025\\\/01\\\/07\\\/preco-je-digitalna-gramotnost-dolezita-be-online-spaja-trnavu-s-digitalnym-svetom\\\/\"},\"wordCount\":648,\"publisher\":{\"@id\":\"https:\\\/\\\/www.youthforequality.sk\\\/#organization\"},\"image\":{\"@id\":\"https:\\\/\\\/www.youthforequality.sk\\\/index.php\\\/2025\\\/01\\\/07\\\/preco-je-digitalna-gramotnost-dolezita-be-online-spaja-trnavu-s-digitalnym-svetom\\\/#primaryimage\"},\"thumbnailUrl\":\"https:\\\/\\\/www.youthforequality.sk\\\/wp-content\\\/uploads\\\/2025\\\/01\\\/Screenshot-2025-11-17-at-14.20.06-1024x642.png\",\"articleSection\":[\"Blog\"],\"inLanguage\":\"sk-SK\"},{\"@type\":\"WebPage\",\"@id\":\"https:\\\/\\\/www.youthforequality.sk\\\/index.php\\\/2025\\\/01\\\/07\\\/preco-je-digitalna-gramotnost-dolezita-be-online-spaja-trnavu-s-digitalnym-svetom\\\/\",\"url\":\"https:\\\/\\\/www.youthforequality.sk\\\/index.php\\\/2025\\\/01\\\/07\\\/preco-je-digitalna-gramotnost-dolezita-be-online-spaja-trnavu-s-digitalnym-svetom\\\/\",\"name\":\"Pre\u010do je digit\u00e1lna gramotnos\u0165 d\u00f4le\u017eit\u00e1? BE-ONLINE sp\u00e1ja Trnavu s digit\u00e1lnym svetom |\",\"isPartOf\":{\"@id\":\"https:\\\/\\\/www.youthforequality.sk\\\/#website\"},\"primaryImageOfPage\":{\"@id\":\"https:\\\/\\\/www.youthforequality.sk\\\/index.php\\\/2025\\\/01\\\/07\\\/preco-je-digitalna-gramotnost-dolezita-be-online-spaja-trnavu-s-digitalnym-svetom\\\/#primaryimage\"},\"image\":{\"@id\":\"https:\\\/\\\/www.youthforequality.sk\\\/index.php\\\/2025\\\/01\\\/07\\\/preco-je-digitalna-gramotnost-dolezita-be-online-spaja-trnavu-s-digitalnym-svetom\\\/#primaryimage\"},\"thumbnailUrl\":\"https:\\\/\\\/www.youthforequality.sk\\\/wp-content\\\/uploads\\\/2025\\\/01\\\/Screenshot-2025-11-17-at-14.20.06-1024x642.png\",\"datePublished\":\"2025-01-07T13:04:05+00:00\",\"dateModified\":\"2025-11-17T13:24:44+00:00\",\"breadcrumb\":{\"@id\":\"https:\\\/\\\/www.youthforequality.sk\\\/index.php\\\/2025\\\/01\\\/07\\\/preco-je-digitalna-gramotnost-dolezita-be-online-spaja-trnavu-s-digitalnym-svetom\\\/#breadcrumb\"},\"inLanguage\":\"sk-SK\",\"potentialAction\":[{\"@type\":\"ReadAction\",\"target\":[\"https:\\\/\\\/www.youthforequality.sk\\\/index.php\\\/2025\\\/01\\\/07\\\/preco-je-digitalna-gramotnost-dolezita-be-online-spaja-trnavu-s-digitalnym-svetom\\\/\"]}]},{\"@type\":\"ImageObject\",\"inLanguage\":\"sk-SK\",\"@id\":\"https:\\\/\\\/www.youthforequality.sk\\\/index.php\\\/2025\\\/01\\\/07\\\/preco-je-digitalna-gramotnost-dolezita-be-online-spaja-trnavu-s-digitalnym-svetom\\\/#primaryimage\",\"url\":\"https:\\\/\\\/www.youthforequality.sk\\\/wp-content\\\/uploads\\\/2025\\\/01\\\/Screenshot-2025-11-17-at-14.20.06.png\",\"contentUrl\":\"https:\\\/\\\/www.youthforequality.sk\\\/wp-content\\\/uploads\\\/2025\\\/01\\\/Screenshot-2025-11-17-at-14.20.06.png\",\"width\":1190,\"height\":746},{\"@type\":\"BreadcrumbList\",\"@id\":\"https:\\\/\\\/www.youthforequality.sk\\\/index.php\\\/2025\\\/01\\\/07\\\/preco-je-digitalna-gramotnost-dolezita-be-online-spaja-trnavu-s-digitalnym-svetom\\\/#breadcrumb\",\"itemListElement\":[{\"@type\":\"ListItem\",\"position\":1,\"name\":\"Home\",\"item\":\"https:\\\/\\\/www.youthforequality.sk\\\/\"},{\"@type\":\"ListItem\",\"position\":2,\"name\":\"Pre\u010do je digit\u00e1lna gramotnos\u0165 d\u00f4le\u017eit\u00e1? BE-ONLINE sp\u00e1ja Trnavu s digit\u00e1lnym svetom\"}]},{\"@type\":\"WebSite\",\"@id\":\"https:\\\/\\\/www.youthforequality.sk\\\/#website\",\"url\":\"https:\\\/\\\/www.youthforequality.sk\\\/\",\"name\":\"\",\"description\":\"\",\"publisher\":{\"@id\":\"https:\\\/\\\/www.youthforequality.sk\\\/#organization\"},\"potentialAction\":[{\"@type\":\"SearchAction\",\"target\":{\"@type\":\"EntryPoint\",\"urlTemplate\":\"https:\\\/\\\/www.youthforequality.sk\\\/?s={search_term_string}\"},\"query-input\":{\"@type\":\"PropertyValueSpecification\",\"valueRequired\":true,\"valueName\":\"search_term_string\"}}],\"inLanguage\":\"sk-SK\"},{\"@type\":\"Organization\",\"@id\":\"https:\\\/\\\/www.youthforequality.sk\\\/#organization\",\"name\":\"Youth for Equality\",\"url\":\"https:\\\/\\\/www.youthforequality.sk\\\/\",\"logo\":{\"@type\":\"ImageObject\",\"inLanguage\":\"sk-SK\",\"@id\":\"https:\\\/\\\/www.youthforequality.sk\\\/#\\\/schema\\\/logo\\\/image\\\/\",\"url\":\"https:\\\/\\\/www.youthforequality.sk\\\/wp-content\\\/uploads\\\/2021\\\/01\\\/vynovene-logo-nove-farby_modra-na-web.png\",\"contentUrl\":\"https:\\\/\\\/www.youthforequality.sk\\\/wp-content\\\/uploads\\\/2021\\\/01\\\/vynovene-logo-nove-farby_modra-na-web.png\",\"width\":1,\"height\":1,\"caption\":\"Youth for Equality\"},\"image\":{\"@id\":\"https:\\\/\\\/www.youthforequality.sk\\\/#\\\/schema\\\/logo\\\/image\\\/\"},\"sameAs\":[\"https:\\\/\\\/www.facebook.com\\\/yeslovakia\"]},{\"@type\":\"Person\",\"@id\":\"https:\\\/\\\/www.youthforequality.sk\\\/#\\\/schema\\\/person\\\/be8fe75a4ed9c28400bc99a029218b24\",\"name\":\"Diana Ja\u0161ekov\u00e1\",\"image\":{\"@type\":\"ImageObject\",\"inLanguage\":\"sk-SK\",\"@id\":\"https:\\\/\\\/secure.gravatar.com\\\/avatar\\\/8c7454049523c9673804cf321f89b38fd4fcd5aa5ad8961f32caaf292dfd996f?s=96&d=mm&r=g\",\"url\":\"https:\\\/\\\/secure.gravatar.com\\\/avatar\\\/8c7454049523c9673804cf321f89b38fd4fcd5aa5ad8961f32caaf292dfd996f?s=96&d=mm&r=g\",\"contentUrl\":\"https:\\\/\\\/secure.gravatar.com\\\/avatar\\\/8c7454049523c9673804cf321f89b38fd4fcd5aa5ad8961f32caaf292dfd996f?s=96&d=mm&r=g\",\"caption\":\"Diana Ja\u0161ekov\u00e1\"},\"url\":\"https:\\\/\\\/www.youthforequality.sk\\\/index.php\\\/author\\\/diajas\\\/\"}]}<\/script>\n<!-- \/ Yoast SEO plugin. -->","yoast_head_json":{"title":"Pre\u010do je digit\u00e1lna gramotnos\u0165 d\u00f4le\u017eit\u00e1? BE-ONLINE sp\u00e1ja Trnavu s digit\u00e1lnym svetom |","robots":{"index":"index","follow":"follow","max-snippet":"max-snippet:-1","max-image-preview":"max-image-preview:large","max-video-preview":"max-video-preview:-1"},"canonical":"https:\/\/www.youthforequality.sk\/index.php\/2025\/01\/07\/preco-je-digitalna-gramotnost-dolezita-be-online-spaja-trnavu-s-digitalnym-svetom\/","og_locale":"sk_SK","og_type":"article","og_title":"Pre\u010do je digit\u00e1lna gramotnos\u0165 d\u00f4le\u017eit\u00e1? BE-ONLINE sp\u00e1ja Trnavu s digit\u00e1lnym svetom |","og_description":"V s\u00fa\u010dasnosti sa v\u00e4\u010d\u0161ina pracovn\u00fdch, spolo\u010densk\u00fdch a vzdel\u00e1vac\u00edch aktiv\u00edt pres\u00fava do online priestoru. Aj napriek tomu, \u017ee sa digit\u00e1lne technol\u00f3gie pova\u017euj\u00fa za \u0161tandard mnoho \u013eud\u00ed zost\u00e1va \u201eoffline\u201d. Nie preto, \u017ee by chceli, ale preto, \u017ee im ch\u00fdbaj\u00fa z\u00e1kladn\u00e9 digit\u00e1lne zru\u010dnosti alebo samotn\u00fd pr\u00edstup k technol\u00f3gi\u00e1m.\u00a0 \u00a0 Pod\u013ea prieskumu Univerzity Mateja Bela v Banskej Bystrici nem\u00e1&hellip;&nbsp;\u010c\u00edta\u0165 viac &raquo;Pre\u010do je digit\u00e1lna gramotnos\u0165 d\u00f4le\u017eit\u00e1? BE-ONLINE sp\u00e1ja Trnavu s digit\u00e1lnym svetom","og_url":"https:\/\/www.youthforequality.sk\/index.php\/2025\/01\/07\/preco-je-digitalna-gramotnost-dolezita-be-online-spaja-trnavu-s-digitalnym-svetom\/","article_publisher":"https:\/\/www.facebook.com\/yeslovakia","article_published_time":"2025-01-07T13:04:05+00:00","article_modified_time":"2025-11-17T13:24:44+00:00","og_image":[{"width":1190,"height":746,"url":"https:\/\/www.youthforequality.sk\/wp-content\/uploads\/2025\/01\/Screenshot-2025-11-17-at-14.20.06.png","type":"image\/png"}],"author":"Diana Ja\u0161ekov\u00e1","twitter_card":"summary_large_image","twitter_misc":{"Autor":"Diana Ja\u0161ekov\u00e1","Predpokladan\u00fd \u010das \u010d\u00edtania":"4 min\u00faty"},"schema":{"@context":"https:\/\/schema.org","@graph":[{"@type":"Article","@id":"https:\/\/www.youthforequality.sk\/index.php\/2025\/01\/07\/preco-je-digitalna-gramotnost-dolezita-be-online-spaja-trnavu-s-digitalnym-svetom\/#article","isPartOf":{"@id":"https:\/\/www.youthforequality.sk\/index.php\/2025\/01\/07\/preco-je-digitalna-gramotnost-dolezita-be-online-spaja-trnavu-s-digitalnym-svetom\/"},"author":{"name":"Diana Ja\u0161ekov\u00e1","@id":"https:\/\/www.youthforequality.sk\/#\/schema\/person\/be8fe75a4ed9c28400bc99a029218b24"},"headline":"Pre\u010do je digit\u00e1lna gramotnos\u0165 d\u00f4le\u017eit\u00e1? BE-ONLINE sp\u00e1ja Trnavu s digit\u00e1lnym svetom","datePublished":"2025-01-07T13:04:05+00:00","dateModified":"2025-11-17T13:24:44+00:00","mainEntityOfPage":{"@id":"https:\/\/www.youthforequality.sk\/index.php\/2025\/01\/07\/preco-je-digitalna-gramotnost-dolezita-be-online-spaja-trnavu-s-digitalnym-svetom\/"},"wordCount":648,"publisher":{"@id":"https:\/\/www.youthforequality.sk\/#organization"},"image":{"@id":"https:\/\/www.youthforequality.sk\/index.php\/2025\/01\/07\/preco-je-digitalna-gramotnost-dolezita-be-online-spaja-trnavu-s-digitalnym-svetom\/#primaryimage"},"thumbnailUrl":"https:\/\/www.youthforequality.sk\/wp-content\/uploads\/2025\/01\/Screenshot-2025-11-17-at-14.20.06-1024x642.png","articleSection":["Blog"],"inLanguage":"sk-SK"},{"@type":"WebPage","@id":"https:\/\/www.youthforequality.sk\/index.php\/2025\/01\/07\/preco-je-digitalna-gramotnost-dolezita-be-online-spaja-trnavu-s-digitalnym-svetom\/","url":"https:\/\/www.youthforequality.sk\/index.php\/2025\/01\/07\/preco-je-digitalna-gramotnost-dolezita-be-online-spaja-trnavu-s-digitalnym-svetom\/","name":"Pre\u010do je digit\u00e1lna gramotnos\u0165 d\u00f4le\u017eit\u00e1? BE-ONLINE sp\u00e1ja Trnavu s digit\u00e1lnym svetom |","isPartOf":{"@id":"https:\/\/www.youthforequality.sk\/#website"},"primaryImageOfPage":{"@id":"https:\/\/www.youthforequality.sk\/index.php\/2025\/01\/07\/preco-je-digitalna-gramotnost-dolezita-be-online-spaja-trnavu-s-digitalnym-svetom\/#primaryimage"},"image":{"@id":"https:\/\/www.youthforequality.sk\/index.php\/2025\/01\/07\/preco-je-digitalna-gramotnost-dolezita-be-online-spaja-trnavu-s-digitalnym-svetom\/#primaryimage"},"thumbnailUrl":"https:\/\/www.youthforequality.sk\/wp-content\/uploads\/2025\/01\/Screenshot-2025-11-17-at-14.20.06-1024x642.png","datePublished":"2025-01-07T13:04:05+00:00","dateModified":"2025-11-17T13:24:44+00:00","breadcrumb":{"@id":"https:\/\/www.youthforequality.sk\/index.php\/2025\/01\/07\/preco-je-digitalna-gramotnost-dolezita-be-online-spaja-trnavu-s-digitalnym-svetom\/#breadcrumb"},"inLanguage":"sk-SK","potentialAction":[{"@type":"ReadAction","target":["https:\/\/www.youthforequality.sk\/index.php\/2025\/01\/07\/preco-je-digitalna-gramotnost-dolezita-be-online-spaja-trnavu-s-digitalnym-svetom\/"]}]},{"@type":"ImageObject","inLanguage":"sk-SK","@id":"https:\/\/www.youthforequality.sk\/index.php\/2025\/01\/07\/preco-je-digitalna-gramotnost-dolezita-be-online-spaja-trnavu-s-digitalnym-svetom\/#primaryimage","url":"https:\/\/www.youthforequality.sk\/wp-content\/uploads\/2025\/01\/Screenshot-2025-11-17-at-14.20.06.png","contentUrl":"https:\/\/www.youthforequality.sk\/wp-content\/uploads\/2025\/01\/Screenshot-2025-11-17-at-14.20.06.png","width":1190,"height":746},{"@type":"BreadcrumbList","@id":"https:\/\/www.youthforequality.sk\/index.php\/2025\/01\/07\/preco-je-digitalna-gramotnost-dolezita-be-online-spaja-trnavu-s-digitalnym-svetom\/#breadcrumb","itemListElement":[{"@type":"ListItem","position":1,"name":"Home","item":"https:\/\/www.youthforequality.sk\/"},{"@type":"ListItem","position":2,"name":"Pre\u010do je digit\u00e1lna gramotnos\u0165 d\u00f4le\u017eit\u00e1? BE-ONLINE sp\u00e1ja Trnavu s digit\u00e1lnym svetom"}]},{"@type":"WebSite","@id":"https:\/\/www.youthforequality.sk\/#website","url":"https:\/\/www.youthforequality.sk\/","name":"","description":"","publisher":{"@id":"https:\/\/www.youthforequality.sk\/#organization"},"potentialAction":[{"@type":"SearchAction","target":{"@type":"EntryPoint","urlTemplate":"https:\/\/www.youthforequality.sk\/?s={search_term_string}"},"query-input":{"@type":"PropertyValueSpecification","valueRequired":true,"valueName":"search_term_string"}}],"inLanguage":"sk-SK"},{"@type":"Organization","@id":"https:\/\/www.youthforequality.sk\/#organization","name":"Youth for Equality","url":"https:\/\/www.youthforequality.sk\/","logo":{"@type":"ImageObject","inLanguage":"sk-SK","@id":"https:\/\/www.youthforequality.sk\/#\/schema\/logo\/image\/","url":"https:\/\/www.youthforequality.sk\/wp-content\/uploads\/2021\/01\/vynovene-logo-nove-farby_modra-na-web.png","contentUrl":"https:\/\/www.youthforequality.sk\/wp-content\/uploads\/2021\/01\/vynovene-logo-nove-farby_modra-na-web.png","width":1,"height":1,"caption":"Youth for Equality"},"image":{"@id":"https:\/\/www.youthforequality.sk\/#\/schema\/logo\/image\/"},"sameAs":["https:\/\/www.facebook.com\/yeslovakia"]},{"@type":"Person","@id":"https:\/\/www.youthforequality.sk\/#\/schema\/person\/be8fe75a4ed9c28400bc99a029218b24","name":"Diana Ja\u0161ekov\u00e1","image":{"@type":"ImageObject","inLanguage":"sk-SK","@id":"https:\/\/secure.gravatar.com\/avatar\/8c7454049523c9673804cf321f89b38fd4fcd5aa5ad8961f32caaf292dfd996f?s=96&d=mm&r=g","url":"https:\/\/secure.gravatar.com\/avatar\/8c7454049523c9673804cf321f89b38fd4fcd5aa5ad8961f32caaf292dfd996f?s=96&d=mm&r=g","contentUrl":"https:\/\/secure.gravatar.com\/avatar\/8c7454049523c9673804cf321f89b38fd4fcd5aa5ad8961f32caaf292dfd996f?s=96&d=mm&r=g","caption":"Diana Ja\u0161ekov\u00e1"},"url":"https:\/\/www.youthforequality.sk\/index.php\/author\/diajas\/"}]}},"_links":{"self":[{"href":"https:\/\/www.youthforequality.sk\/index.php\/wp-json\/wp\/v2\/posts\/10266","targetHints":{"allow":["GET"]}}],"collection":[{"href":"https:\/\/www.youthforequality.sk\/index.php\/wp-json\/wp\/v2\/posts"}],"about":[{"href":"https:\/\/www.youthforequality.sk\/index.php\/wp-json\/wp\/v2\/types\/post"}],"author":[{"embeddable":true,"href":"https:\/\/www.youthforequality.sk\/index.php\/wp-json\/wp\/v2\/users\/2"}],"replies":[{"embeddable":true,"href":"https:\/\/www.youthforequality.sk\/index.php\/wp-json\/wp\/v2\/comments?post=10266"}],"version-history":[{"count":7,"href":"https:\/\/www.youthforequality.sk\/index.php\/wp-json\/wp\/v2\/posts\/10266\/revisions"}],"predecessor-version":[{"id":10277,"href":"https:\/\/www.youthforequality.sk\/index.php\/wp-json\/wp\/v2\/posts\/10266\/revisions\/10277"}],"wp:attachment":[{"href":"https:\/\/www.youthforequality.sk\/index.php\/wp-json\/wp\/v2\/media?parent=10266"}],"wp:term":[{"taxonomy":"category","embeddable":true,"href":"https:\/\/www.youthforequality.sk\/index.php\/wp-json\/wp\/v2\/categories?post=10266"},{"taxonomy":"post_tag","embeddable":true,"href":"https:\/\/www.youthforequality.sk\/index.php\/wp-json\/wp\/v2\/tags?post=10266"}],"curies":[{"name":"wp","href":"https:\/\/api.w.org\/{rel}","templated":true}]}}