{"id":1027,"date":"2018-06-07T10:00:00","date_gmt":"2018-06-07T10:00:00","guid":{"rendered":"https:\/\/www.youthforequality.sk\/index.php\/2020\/06\/23\/eat-to-live-copy\/"},"modified":"2020-10-26T16:41:52","modified_gmt":"2020-10-26T16:41:52","slug":"zdrave-telo-zdravy-duch","status":"publish","type":"post","link":"https:\/\/www.youthforequality.sk\/index.php\/2018\/06\/07\/zdrave-telo-zdravy-duch\/","title":{"rendered":"V zdravom tele, zdrav\u00fd duch!"},"content":{"rendered":"\n<p>&#8222;Dzie\u0144 dobry, Hyv\u00e4 p\u00e4iv\u00e4 \u010di Buenos dias a samozrejme omnoho viac sme mali mo\u017enos\u0165 sa nau\u010di\u0165 na ml\u00e1de\u017en\u00edckej v\u00fdmene v Turecku, ktor\u00e1 sa konala koncom apr\u00edla. N\u00e1\u0161 t\u00fd\u017ede\u0148 sme str\u00e1vili v malom, ale n\u00e1dhernom a \u00fatulnom meste\u010dku Ilgaz, stovky kilometrov od turistami okukanej Antalye. Po\u010das v\u00fdmeny sme diskutovali na t\u00e9mu zdrav\u00e9ho \u017eivotn\u00e9ho \u0161t\u00fdlu, spr\u00e1vnej stravy \u010di prevencii proti obezite. Samozrejme, ako \u0161portov\u00fd nad\u0161enci, ani my sme nevydr\u017eali sedie\u0165 cel\u00e9 dni vo vn\u00fatri, preto sme str\u00e1vili v\u00e4\u010d\u0161inu poobed\u00ed outdoorov\u00fdmi aktivitami. K najzauj\u00edmavej\u0161\u00edm treba samozrejme prip\u00edsa\u0165 aj kult\u00farne ve\u010dery, na ktor\u00fdch nech\u00fdbala ochutn\u00e1vka tradi\u010dn\u00fdch jed\u00e1l \u010di n\u00e1rodn\u00e1 hudba. A t\u00e1 veru hrala a\u017e do r\u00e1na! V\u017edy sme sa ale r\u00e1no znova na\u0161tartovali a s odhodlan\u00edm vybrali do ul\u00edc Ilgazu prekon\u00e1va\u0165 kult\u00farne \u010di n\u00e1bo\u017eensk\u00e9 predsudky a roz\u0161irova\u0165 povedomie o tom, \u017ee predsa v zdravom tele s\u00eddli zdrav\u00fd duch.&#8220;<\/p>\n\n\n\n<p>Autor: Miriama Sokol\u00e1kov\u00e1<\/p>\n","protected":false},"excerpt":{"rendered":"<p>&#8222;Dzie\u0144 dobry, Hyv\u00e4 p\u00e4iv\u00e4 \u010di Buenos dias a samozrejme omnoho viac sme mali mo\u017enos\u0165 sa nau\u010di\u0165 na ml\u00e1de\u017en\u00edckej v\u00fdmene v Turecku, ktor\u00e1 sa konala koncom apr\u00edla. N\u00e1\u0161 t\u00fd\u017ede\u0148 sme str\u00e1vili v malom, ale n\u00e1dhernom a \u00fatulnom meste\u010dku Ilgaz, stovky kilometrov od turistami okukanej Antalye. Po\u010das v\u00fdmeny sme diskutovali na t\u00e9mu zdrav\u00e9ho \u017eivotn\u00e9ho \u0161t\u00fdlu, spr\u00e1vnej stravy&hellip;&nbsp;<a href=\"https:\/\/www.youthforequality.sk\/index.php\/2018\/06\/07\/zdrave-telo-zdravy-duch\/\" class=\"\" rel=\"bookmark\">\u010c\u00edta\u0165 viac &raquo;<span class=\"screen-reader-text\">V zdravom tele, zdrav\u00fd duch!<\/span><\/a><\/p>\n","protected":false},"author":1,"featured_media":1028,"comment_status":"open","ping_status":"open","sticky":false,"template":"template-full-width.php","format":"standard","meta":{"_uf_show_specific_survey":0,"_uf_disable_surveys":false,"neve_meta_sidebar":"","neve_meta_container":"","neve_meta_enable_content_width":"","neve_meta_content_width":0,"neve_meta_title_alignment":"","neve_meta_author_avatar":"","neve_post_elements_order":"","neve_meta_disable_header":"","neve_meta_disable_footer":"","neve_meta_disable_title":"","_themeisle_gutenberg_block_has_review":false,"footnotes":""},"categories":[3],"tags":[],"class_list":["post-1027","post","type-post","status-publish","format-standard","has-post-thumbnail","hentry","category-blog"],"yoast_head":"<!-- This site is optimized with the Yoast SEO plugin v27.4 - https:\/\/yoast.com\/product\/yoast-seo-wordpress\/ -->\n<title>V zdravom tele, zdrav\u00fd duch! |<\/title>\n<meta name=\"robots\" content=\"index, follow, max-snippet:-1, max-image-preview:large, max-video-preview:-1\" \/>\n<link rel=\"canonical\" href=\"https:\/\/www.youthforequality.sk\/index.php\/2018\/06\/07\/zdrave-telo-zdravy-duch\/\" \/>\n<meta property=\"og:locale\" content=\"sk_SK\" \/>\n<meta property=\"og:type\" content=\"article\" \/>\n<meta property=\"og:title\" content=\"V zdravom tele, zdrav\u00fd duch! |\" \/>\n<meta property=\"og:description\" content=\"&#8222;Dzie\u0144 dobry, Hyv\u00e4 p\u00e4iv\u00e4 \u010di Buenos dias a samozrejme omnoho viac sme mali mo\u017enos\u0165 sa nau\u010di\u0165 na ml\u00e1de\u017en\u00edckej v\u00fdmene v Turecku, ktor\u00e1 sa konala koncom apr\u00edla. N\u00e1\u0161 t\u00fd\u017ede\u0148 sme str\u00e1vili v malom, ale n\u00e1dhernom a \u00fatulnom meste\u010dku Ilgaz, stovky kilometrov od turistami okukanej Antalye. Po\u010das v\u00fdmeny sme diskutovali na t\u00e9mu zdrav\u00e9ho \u017eivotn\u00e9ho \u0161t\u00fdlu, spr\u00e1vnej stravy&hellip;&nbsp;\u010c\u00edta\u0165 viac &raquo;V zdravom tele, zdrav\u00fd duch!\" \/>\n<meta property=\"og:url\" content=\"https:\/\/www.youthforequality.sk\/index.php\/2018\/06\/07\/zdrave-telo-zdravy-duch\/\" \/>\n<meta property=\"article:publisher\" content=\"https:\/\/www.facebook.com\/yeslovakia\" \/>\n<meta property=\"article:published_time\" content=\"2018-06-07T10:00:00+00:00\" \/>\n<meta property=\"article:modified_time\" content=\"2020-10-26T16:41:52+00:00\" \/>\n<meta property=\"og:image\" content=\"https:\/\/www.youthforequality.sk\/wp-content\/uploads\/2020\/06\/V-zdravom-tele-zdravy\u0301-duch.jpg\" \/>\n\t<meta property=\"og:image:width\" content=\"450\" \/>\n\t<meta property=\"og:image:height\" content=\"299\" \/>\n\t<meta property=\"og:image:type\" content=\"image\/jpeg\" \/>\n<meta name=\"author\" content=\"Filip Ku\u017ema\" \/>\n<meta name=\"twitter:card\" content=\"summary_large_image\" \/>\n<meta name=\"twitter:label1\" content=\"Autor\" \/>\n\t<meta name=\"twitter:data1\" content=\"Filip Ku\u017ema\" \/>\n\t<meta name=\"twitter:label2\" content=\"Predpokladan\u00fd \u010das \u010d\u00edtania\" \/>\n\t<meta name=\"twitter:data2\" content=\"1 min\u00fata\" \/>\n<script type=\"application\/ld+json\" class=\"yoast-schema-graph\">{\"@context\":\"https:\\\/\\\/schema.org\",\"@graph\":[{\"@type\":\"Article\",\"@id\":\"https:\\\/\\\/www.youthforequality.sk\\\/index.php\\\/2018\\\/06\\\/07\\\/zdrave-telo-zdravy-duch\\\/#article\",\"isPartOf\":{\"@id\":\"https:\\\/\\\/www.youthforequality.sk\\\/index.php\\\/2018\\\/06\\\/07\\\/zdrave-telo-zdravy-duch\\\/\"},\"author\":{\"name\":\"Filip Ku\u017ema\",\"@id\":\"https:\\\/\\\/www.youthforequality.sk\\\/#\\\/schema\\\/person\\\/13a1342f9669c039035c15166bfaf7dd\"},\"headline\":\"V zdravom tele, zdrav\u00fd duch!\",\"datePublished\":\"2018-06-07T10:00:00+00:00\",\"dateModified\":\"2020-10-26T16:41:52+00:00\",\"mainEntityOfPage\":{\"@id\":\"https:\\\/\\\/www.youthforequality.sk\\\/index.php\\\/2018\\\/06\\\/07\\\/zdrave-telo-zdravy-duch\\\/\"},\"wordCount\":193,\"commentCount\":0,\"publisher\":{\"@id\":\"https:\\\/\\\/www.youthforequality.sk\\\/#organization\"},\"image\":{\"@id\":\"https:\\\/\\\/www.youthforequality.sk\\\/index.php\\\/2018\\\/06\\\/07\\\/zdrave-telo-zdravy-duch\\\/#primaryimage\"},\"thumbnailUrl\":\"https:\\\/\\\/www.youthforequality.sk\\\/wp-content\\\/uploads\\\/2020\\\/06\\\/V-zdravom-tele-zdravy\u0301-duch.jpg\",\"articleSection\":[\"Blog\"],\"inLanguage\":\"sk-SK\",\"potentialAction\":[{\"@type\":\"CommentAction\",\"name\":\"Comment\",\"target\":[\"https:\\\/\\\/www.youthforequality.sk\\\/index.php\\\/2018\\\/06\\\/07\\\/zdrave-telo-zdravy-duch\\\/#respond\"]}]},{\"@type\":\"WebPage\",\"@id\":\"https:\\\/\\\/www.youthforequality.sk\\\/index.php\\\/2018\\\/06\\\/07\\\/zdrave-telo-zdravy-duch\\\/\",\"url\":\"https:\\\/\\\/www.youthforequality.sk\\\/index.php\\\/2018\\\/06\\\/07\\\/zdrave-telo-zdravy-duch\\\/\",\"name\":\"V zdravom tele, zdrav\u00fd duch! |\",\"isPartOf\":{\"@id\":\"https:\\\/\\\/www.youthforequality.sk\\\/#website\"},\"primaryImageOfPage\":{\"@id\":\"https:\\\/\\\/www.youthforequality.sk\\\/index.php\\\/2018\\\/06\\\/07\\\/zdrave-telo-zdravy-duch\\\/#primaryimage\"},\"image\":{\"@id\":\"https:\\\/\\\/www.youthforequality.sk\\\/index.php\\\/2018\\\/06\\\/07\\\/zdrave-telo-zdravy-duch\\\/#primaryimage\"},\"thumbnailUrl\":\"https:\\\/\\\/www.youthforequality.sk\\\/wp-content\\\/uploads\\\/2020\\\/06\\\/V-zdravom-tele-zdravy\u0301-duch.jpg\",\"datePublished\":\"2018-06-07T10:00:00+00:00\",\"dateModified\":\"2020-10-26T16:41:52+00:00\",\"breadcrumb\":{\"@id\":\"https:\\\/\\\/www.youthforequality.sk\\\/index.php\\\/2018\\\/06\\\/07\\\/zdrave-telo-zdravy-duch\\\/#breadcrumb\"},\"inLanguage\":\"sk-SK\",\"potentialAction\":[{\"@type\":\"ReadAction\",\"target\":[\"https:\\\/\\\/www.youthforequality.sk\\\/index.php\\\/2018\\\/06\\\/07\\\/zdrave-telo-zdravy-duch\\\/\"]}]},{\"@type\":\"ImageObject\",\"inLanguage\":\"sk-SK\",\"@id\":\"https:\\\/\\\/www.youthforequality.sk\\\/index.php\\\/2018\\\/06\\\/07\\\/zdrave-telo-zdravy-duch\\\/#primaryimage\",\"url\":\"https:\\\/\\\/www.youthforequality.sk\\\/wp-content\\\/uploads\\\/2020\\\/06\\\/V-zdravom-tele-zdravy\u0301-duch.jpg\",\"contentUrl\":\"https:\\\/\\\/www.youthforequality.sk\\\/wp-content\\\/uploads\\\/2020\\\/06\\\/V-zdravom-tele-zdravy\u0301-duch.jpg\",\"width\":450,\"height\":299},{\"@type\":\"BreadcrumbList\",\"@id\":\"https:\\\/\\\/www.youthforequality.sk\\\/index.php\\\/2018\\\/06\\\/07\\\/zdrave-telo-zdravy-duch\\\/#breadcrumb\",\"itemListElement\":[{\"@type\":\"ListItem\",\"position\":1,\"name\":\"Home\",\"item\":\"https:\\\/\\\/www.youthforequality.sk\\\/\"},{\"@type\":\"ListItem\",\"position\":2,\"name\":\"V zdravom tele, zdrav\u00fd duch!\"}]},{\"@type\":\"WebSite\",\"@id\":\"https:\\\/\\\/www.youthforequality.sk\\\/#website\",\"url\":\"https:\\\/\\\/www.youthforequality.sk\\\/\",\"name\":\"\",\"description\":\"\",\"publisher\":{\"@id\":\"https:\\\/\\\/www.youthforequality.sk\\\/#organization\"},\"potentialAction\":[{\"@type\":\"SearchAction\",\"target\":{\"@type\":\"EntryPoint\",\"urlTemplate\":\"https:\\\/\\\/www.youthforequality.sk\\\/?s={search_term_string}\"},\"query-input\":{\"@type\":\"PropertyValueSpecification\",\"valueRequired\":true,\"valueName\":\"search_term_string\"}}],\"inLanguage\":\"sk-SK\"},{\"@type\":\"Organization\",\"@id\":\"https:\\\/\\\/www.youthforequality.sk\\\/#organization\",\"name\":\"Youth for Equality\",\"url\":\"https:\\\/\\\/www.youthforequality.sk\\\/\",\"logo\":{\"@type\":\"ImageObject\",\"inLanguage\":\"sk-SK\",\"@id\":\"https:\\\/\\\/www.youthforequality.sk\\\/#\\\/schema\\\/logo\\\/image\\\/\",\"url\":\"https:\\\/\\\/www.youthforequality.sk\\\/wp-content\\\/uploads\\\/2021\\\/01\\\/vynovene-logo-nove-farby_modra-na-web.png\",\"contentUrl\":\"https:\\\/\\\/www.youthforequality.sk\\\/wp-content\\\/uploads\\\/2021\\\/01\\\/vynovene-logo-nove-farby_modra-na-web.png\",\"width\":1,\"height\":1,\"caption\":\"Youth for Equality\"},\"image\":{\"@id\":\"https:\\\/\\\/www.youthforequality.sk\\\/#\\\/schema\\\/logo\\\/image\\\/\"},\"sameAs\":[\"https:\\\/\\\/www.facebook.com\\\/yeslovakia\"]},{\"@type\":\"Person\",\"@id\":\"https:\\\/\\\/www.youthforequality.sk\\\/#\\\/schema\\\/person\\\/13a1342f9669c039035c15166bfaf7dd\",\"name\":\"Filip Ku\u017ema\",\"image\":{\"@type\":\"ImageObject\",\"inLanguage\":\"sk-SK\",\"@id\":\"https:\\\/\\\/secure.gravatar.com\\\/avatar\\\/5f16b953992f889ac33be959cbb81fab7225cec203e13cff27b25f35459dbc06?s=96&d=mm&r=g\",\"url\":\"https:\\\/\\\/secure.gravatar.com\\\/avatar\\\/5f16b953992f889ac33be959cbb81fab7225cec203e13cff27b25f35459dbc06?s=96&d=mm&r=g\",\"contentUrl\":\"https:\\\/\\\/secure.gravatar.com\\\/avatar\\\/5f16b953992f889ac33be959cbb81fab7225cec203e13cff27b25f35459dbc06?s=96&d=mm&r=g\",\"caption\":\"Filip Ku\u017ema\"},\"sameAs\":[\"https:\\\/\\\/www.youthforequality.sk\"],\"url\":\"https:\\\/\\\/www.youthforequality.sk\\\/index.php\\\/author\\\/filkuz\\\/\"}]}<\/script>\n<!-- \/ Yoast SEO plugin. -->","yoast_head_json":{"title":"V zdravom tele, zdrav\u00fd duch! |","robots":{"index":"index","follow":"follow","max-snippet":"max-snippet:-1","max-image-preview":"max-image-preview:large","max-video-preview":"max-video-preview:-1"},"canonical":"https:\/\/www.youthforequality.sk\/index.php\/2018\/06\/07\/zdrave-telo-zdravy-duch\/","og_locale":"sk_SK","og_type":"article","og_title":"V zdravom tele, zdrav\u00fd duch! |","og_description":"&#8222;Dzie\u0144 dobry, Hyv\u00e4 p\u00e4iv\u00e4 \u010di Buenos dias a samozrejme omnoho viac sme mali mo\u017enos\u0165 sa nau\u010di\u0165 na ml\u00e1de\u017en\u00edckej v\u00fdmene v Turecku, ktor\u00e1 sa konala koncom apr\u00edla. N\u00e1\u0161 t\u00fd\u017ede\u0148 sme str\u00e1vili v malom, ale n\u00e1dhernom a \u00fatulnom meste\u010dku Ilgaz, stovky kilometrov od turistami okukanej Antalye. Po\u010das v\u00fdmeny sme diskutovali na t\u00e9mu zdrav\u00e9ho \u017eivotn\u00e9ho \u0161t\u00fdlu, spr\u00e1vnej stravy&hellip;&nbsp;\u010c\u00edta\u0165 viac &raquo;V zdravom tele, zdrav\u00fd duch!","og_url":"https:\/\/www.youthforequality.sk\/index.php\/2018\/06\/07\/zdrave-telo-zdravy-duch\/","article_publisher":"https:\/\/www.facebook.com\/yeslovakia","article_published_time":"2018-06-07T10:00:00+00:00","article_modified_time":"2020-10-26T16:41:52+00:00","og_image":[{"width":450,"height":299,"url":"https:\/\/www.youthforequality.sk\/wp-content\/uploads\/2020\/06\/V-zdravom-tele-zdravy\u0301-duch.jpg","type":"image\/jpeg"}],"author":"Filip Ku\u017ema","twitter_card":"summary_large_image","twitter_misc":{"Autor":"Filip Ku\u017ema","Predpokladan\u00fd \u010das \u010d\u00edtania":"1 min\u00fata"},"schema":{"@context":"https:\/\/schema.org","@graph":[{"@type":"Article","@id":"https:\/\/www.youthforequality.sk\/index.php\/2018\/06\/07\/zdrave-telo-zdravy-duch\/#article","isPartOf":{"@id":"https:\/\/www.youthforequality.sk\/index.php\/2018\/06\/07\/zdrave-telo-zdravy-duch\/"},"author":{"name":"Filip Ku\u017ema","@id":"https:\/\/www.youthforequality.sk\/#\/schema\/person\/13a1342f9669c039035c15166bfaf7dd"},"headline":"V zdravom tele, zdrav\u00fd duch!","datePublished":"2018-06-07T10:00:00+00:00","dateModified":"2020-10-26T16:41:52+00:00","mainEntityOfPage":{"@id":"https:\/\/www.youthforequality.sk\/index.php\/2018\/06\/07\/zdrave-telo-zdravy-duch\/"},"wordCount":193,"commentCount":0,"publisher":{"@id":"https:\/\/www.youthforequality.sk\/#organization"},"image":{"@id":"https:\/\/www.youthforequality.sk\/index.php\/2018\/06\/07\/zdrave-telo-zdravy-duch\/#primaryimage"},"thumbnailUrl":"https:\/\/www.youthforequality.sk\/wp-content\/uploads\/2020\/06\/V-zdravom-tele-zdravy\u0301-duch.jpg","articleSection":["Blog"],"inLanguage":"sk-SK","potentialAction":[{"@type":"CommentAction","name":"Comment","target":["https:\/\/www.youthforequality.sk\/index.php\/2018\/06\/07\/zdrave-telo-zdravy-duch\/#respond"]}]},{"@type":"WebPage","@id":"https:\/\/www.youthforequality.sk\/index.php\/2018\/06\/07\/zdrave-telo-zdravy-duch\/","url":"https:\/\/www.youthforequality.sk\/index.php\/2018\/06\/07\/zdrave-telo-zdravy-duch\/","name":"V zdravom tele, zdrav\u00fd duch! |","isPartOf":{"@id":"https:\/\/www.youthforequality.sk\/#website"},"primaryImageOfPage":{"@id":"https:\/\/www.youthforequality.sk\/index.php\/2018\/06\/07\/zdrave-telo-zdravy-duch\/#primaryimage"},"image":{"@id":"https:\/\/www.youthforequality.sk\/index.php\/2018\/06\/07\/zdrave-telo-zdravy-duch\/#primaryimage"},"thumbnailUrl":"https:\/\/www.youthforequality.sk\/wp-content\/uploads\/2020\/06\/V-zdravom-tele-zdravy\u0301-duch.jpg","datePublished":"2018-06-07T10:00:00+00:00","dateModified":"2020-10-26T16:41:52+00:00","breadcrumb":{"@id":"https:\/\/www.youthforequality.sk\/index.php\/2018\/06\/07\/zdrave-telo-zdravy-duch\/#breadcrumb"},"inLanguage":"sk-SK","potentialAction":[{"@type":"ReadAction","target":["https:\/\/www.youthforequality.sk\/index.php\/2018\/06\/07\/zdrave-telo-zdravy-duch\/"]}]},{"@type":"ImageObject","inLanguage":"sk-SK","@id":"https:\/\/www.youthforequality.sk\/index.php\/2018\/06\/07\/zdrave-telo-zdravy-duch\/#primaryimage","url":"https:\/\/www.youthforequality.sk\/wp-content\/uploads\/2020\/06\/V-zdravom-tele-zdravy\u0301-duch.jpg","contentUrl":"https:\/\/www.youthforequality.sk\/wp-content\/uploads\/2020\/06\/V-zdravom-tele-zdravy\u0301-duch.jpg","width":450,"height":299},{"@type":"BreadcrumbList","@id":"https:\/\/www.youthforequality.sk\/index.php\/2018\/06\/07\/zdrave-telo-zdravy-duch\/#breadcrumb","itemListElement":[{"@type":"ListItem","position":1,"name":"Home","item":"https:\/\/www.youthforequality.sk\/"},{"@type":"ListItem","position":2,"name":"V zdravom tele, zdrav\u00fd duch!"}]},{"@type":"WebSite","@id":"https:\/\/www.youthforequality.sk\/#website","url":"https:\/\/www.youthforequality.sk\/","name":"","description":"","publisher":{"@id":"https:\/\/www.youthforequality.sk\/#organization"},"potentialAction":[{"@type":"SearchAction","target":{"@type":"EntryPoint","urlTemplate":"https:\/\/www.youthforequality.sk\/?s={search_term_string}"},"query-input":{"@type":"PropertyValueSpecification","valueRequired":true,"valueName":"search_term_string"}}],"inLanguage":"sk-SK"},{"@type":"Organization","@id":"https:\/\/www.youthforequality.sk\/#organization","name":"Youth for Equality","url":"https:\/\/www.youthforequality.sk\/","logo":{"@type":"ImageObject","inLanguage":"sk-SK","@id":"https:\/\/www.youthforequality.sk\/#\/schema\/logo\/image\/","url":"https:\/\/www.youthforequality.sk\/wp-content\/uploads\/2021\/01\/vynovene-logo-nove-farby_modra-na-web.png","contentUrl":"https:\/\/www.youthforequality.sk\/wp-content\/uploads\/2021\/01\/vynovene-logo-nove-farby_modra-na-web.png","width":1,"height":1,"caption":"Youth for Equality"},"image":{"@id":"https:\/\/www.youthforequality.sk\/#\/schema\/logo\/image\/"},"sameAs":["https:\/\/www.facebook.com\/yeslovakia"]},{"@type":"Person","@id":"https:\/\/www.youthforequality.sk\/#\/schema\/person\/13a1342f9669c039035c15166bfaf7dd","name":"Filip Ku\u017ema","image":{"@type":"ImageObject","inLanguage":"sk-SK","@id":"https:\/\/secure.gravatar.com\/avatar\/5f16b953992f889ac33be959cbb81fab7225cec203e13cff27b25f35459dbc06?s=96&d=mm&r=g","url":"https:\/\/secure.gravatar.com\/avatar\/5f16b953992f889ac33be959cbb81fab7225cec203e13cff27b25f35459dbc06?s=96&d=mm&r=g","contentUrl":"https:\/\/secure.gravatar.com\/avatar\/5f16b953992f889ac33be959cbb81fab7225cec203e13cff27b25f35459dbc06?s=96&d=mm&r=g","caption":"Filip Ku\u017ema"},"sameAs":["https:\/\/www.youthforequality.sk"],"url":"https:\/\/www.youthforequality.sk\/index.php\/author\/filkuz\/"}]}},"_links":{"self":[{"href":"https:\/\/www.youthforequality.sk\/index.php\/wp-json\/wp\/v2\/posts\/1027","targetHints":{"allow":["GET"]}}],"collection":[{"href":"https:\/\/www.youthforequality.sk\/index.php\/wp-json\/wp\/v2\/posts"}],"about":[{"href":"https:\/\/www.youthforequality.sk\/index.php\/wp-json\/wp\/v2\/types\/post"}],"author":[{"embeddable":true,"href":"https:\/\/www.youthforequality.sk\/index.php\/wp-json\/wp\/v2\/users\/1"}],"replies":[{"embeddable":true,"href":"https:\/\/www.youthforequality.sk\/index.php\/wp-json\/wp\/v2\/comments?post=1027"}],"version-history":[{"count":1,"href":"https:\/\/www.youthforequality.sk\/index.php\/wp-json\/wp\/v2\/posts\/1027\/revisions"}],"predecessor-version":[{"id":1029,"href":"https:\/\/www.youthforequality.sk\/index.php\/wp-json\/wp\/v2\/posts\/1027\/revisions\/1029"}],"wp:featuredmedia":[{"embeddable":true,"href":"https:\/\/www.youthforequality.sk\/index.php\/wp-json\/wp\/v2\/media\/1028"}],"wp:attachment":[{"href":"https:\/\/www.youthforequality.sk\/index.php\/wp-json\/wp\/v2\/media?parent=1027"}],"wp:term":[{"taxonomy":"category","embeddable":true,"href":"https:\/\/www.youthforequality.sk\/index.php\/wp-json\/wp\/v2\/categories?post=1027"},{"taxonomy":"post_tag","embeddable":true,"href":"https:\/\/www.youthforequality.sk\/index.php\/wp-json\/wp\/v2\/tags?post=1027"}],"curies":[{"name":"wp","href":"https:\/\/api.w.org\/{rel}","templated":true}]}}