{"id":10284,"date":"2025-08-31T14:34:50","date_gmt":"2025-08-31T12:34:50","guid":{"rendered":"https:\/\/www.youthforequality.sk\/?p=10284"},"modified":"2025-11-17T14:42:06","modified_gmt":"2025-11-17T13:42:06","slug":"dalsich-pat-mesiacov-digitalneho-rastu-s-projektom-be-online","status":"publish","type":"post","link":"https:\/\/www.youthforequality.sk\/index.php\/2025\/08\/31\/dalsich-pat-mesiacov-digitalneho-rastu-s-projektom-be-online\/","title":{"rendered":"\u010eal\u0161\u00edch p\u00e4\u0165 mesiacov digit\u00e1lneho rastu s projektom BE ONLINE"},"content":{"rendered":"\t\t<div data-elementor-type=\"wp-post\" data-elementor-id=\"10284\" class=\"elementor elementor-10284\">\n\t\t\t\t\t\t<section class=\"elementor-section elementor-top-section elementor-element elementor-element-d4d8fa3 elementor-section-boxed elementor-section-height-default elementor-section-height-default\" data-id=\"d4d8fa3\" data-element_type=\"section\" data-e-type=\"section\">\n\t\t\t\t\t\t<div class=\"elementor-container elementor-column-gap-default\">\n\t\t\t\t\t<div class=\"elementor-column elementor-col-100 elementor-top-column elementor-element elementor-element-6997c6a\" data-id=\"6997c6a\" data-element_type=\"column\" data-e-type=\"column\">\n\t\t\t<div class=\"elementor-widget-wrap elementor-element-populated\">\n\t\t\t\t\t\t<div class=\"elementor-element elementor-element-c979393 elementor-widget elementor-widget-text-editor\" data-id=\"c979393\" data-element_type=\"widget\" data-e-type=\"widget\" data-widget_type=\"text-editor.default\">\n\t\t\t\t<div class=\"elementor-widget-container\">\n\t\t\t\t\t\t\t\t\t<p dir=\"ltr\" style=\"line-height: 1.3800000000000001; background-color: #ffffff; margin-top: 0pt; margin-bottom: 0pt;\"><span style=\"font-size: 12pt; font-family: Roboto,sans-serif; color: #000000; background-color: transparent; font-weight: 400; font-style: normal; font-variant: normal; text-decoration: none; vertical-align: baseline; white-space: pre-wrap;\">Projekt BE-ONLINE \u00faspe\u0161ne pokra\u010duje vo svojich vzdel\u00e1vac\u00edch workshopoch. V predch\u00e1dzaj\u00facom \u010dl\u00e1nku s n\u00e1zvom <\/span><span style=\"font-size: 12pt; font-family: Roboto,sans-serif; color: #1155cc; background-color: transparent; font-weight: 400; font-style: normal; font-variant: normal; text-decoration: underline; -webkit-text-decoration-skip: none; text-decoration-skip-ink: none; vertical-align: baseline; white-space: pre-wrap;\">\u201eProjekt BE-ONLINE napreduje a sp\u00e1ja \u013eud\u00ed s digit\u00e1lnym svetom\u201c<\/span><span style=\"font-size: 12pt; font-family: Roboto,sans-serif; color: #000000; background-color: transparent; font-weight: 400; font-style: normal; font-variant: normal; text-decoration: none; vertical-align: baseline; white-space: pre-wrap;\"> sa do\u010d\u00edtate o prv\u00fdch mesiacoch \u017eivota projektu BE-ONLINE.<\/span><\/p><p dir=\"ltr\" style=\"line-height: 1.3800000000000001; background-color: #ffffff; margin-top: 0pt; margin-bottom: 0pt;\">\u00a0<\/p><p dir=\"ltr\" style=\"line-height: 1.3800000000000001; background-color: #ffffff; margin-top: 0pt; margin-bottom: 0pt;\"><span style=\"font-size: 12pt; font-family: Roboto,sans-serif; color: #1155cc; background-color: transparent; font-weight: 400; font-style: normal; font-variant: normal; text-decoration: underline; -webkit-text-decoration-skip: none; text-decoration-skip-ink: none; vertical-align: baseline; white-space: pre-wrap;\">BE-ONLINE<\/span><span style=\"font-size: 12pt; font-family: Roboto,sans-serif; color: #000000; background-color: transparent; font-weight: 400; font-style: normal; font-variant: normal; text-decoration: none; vertical-align: baseline; white-space: pre-wrap;\"> kladie d\u00f4raz na inkl\u00faziu, pr\u00edstupnos\u0165 a praktick\u00e9 vzdel\u00e1vanie.<\/span><\/p><p dir=\"ltr\" style=\"line-height: 1.3800000000000001; background-color: #ffffff; margin-top: 0pt; margin-bottom: 0pt;\"><span style=\"font-size: 12pt; font-family: Roboto,sans-serif; color: #000000; background-color: transparent; font-weight: 400; font-style: normal; font-variant: normal; text-decoration: none; vertical-align: baseline; white-space: pre-wrap;\">Cie\u013eom projektu je zmen\u0161i\u0165 digit\u00e1lnu nerovnos\u0165 a poskytn\u00fa\u0165 vzdel\u00e1vanie t\u00fdm, ktor\u00ed maj\u00fa len minim\u00e1lne alebo \u017eiadne sk\u00fasenosti s modern\u00fdmi technol\u00f3giami.<\/span><\/p><p>\u00a0<\/p><p dir=\"ltr\" style=\"line-height: 1.3800000000000001; background-color: #ffffff; margin-top: 0pt; margin-bottom: 0pt;\"><span style=\"font-size: 12pt; font-family: Roboto,sans-serif; color: #000000; background-color: transparent; font-weight: 400; font-style: normal; font-variant: normal; text-decoration: none; vertical-align: baseline; white-space: pre-wrap;\">V Trnavskom kraji u\u017e takmer 8 mesiacov podporujeme \u013eud\u00ed v rozvoji digit\u00e1lnych zru\u010dnost\u00ed a v osvojovan\u00ed si z\u00e1sad bezpe\u010dn\u00e9ho spr\u00e1vania na internete. Dne\u0161n\u00fd \u010dl\u00e1nok prin\u00e1\u0161a rekapitul\u00e1ciu druhej polovice workshopov, ktor\u00e9 sme v r\u00e1mci projektu BE-ONLINE uskuto\u010dnili. <\/span><\/p>\t\t\t\t\t\t\t\t<\/div>\n\t\t\t\t<\/div>\n\t\t\t\t\t<\/div>\n\t\t<\/div>\n\t\t\t\t\t<\/div>\n\t\t<\/section>\n\t\t\t\t<section class=\"elementor-section elementor-top-section elementor-element elementor-element-ef5e064 elementor-section-boxed elementor-section-height-default elementor-section-height-default\" data-id=\"ef5e064\" data-element_type=\"section\" data-e-type=\"section\">\n\t\t\t\t\t\t<div class=\"elementor-container elementor-column-gap-default\">\n\t\t\t\t\t<div class=\"elementor-column elementor-col-100 elementor-top-column elementor-element elementor-element-981b7f8\" data-id=\"981b7f8\" data-element_type=\"column\" data-e-type=\"column\">\n\t\t\t<div class=\"elementor-widget-wrap elementor-element-populated\">\n\t\t\t\t\t\t<div class=\"elementor-element elementor-element-3b805d1 elementor-widget elementor-widget-image\" data-id=\"3b805d1\" data-element_type=\"widget\" data-e-type=\"widget\" data-widget_type=\"image.default\">\n\t\t\t\t<div class=\"elementor-widget-container\">\n\t\t\t\t\t\t\t\t\t\t\t\t\t\t\t<img fetchpriority=\"high\" decoding=\"async\" width=\"1024\" height=\"673\" src=\"https:\/\/www.youthforequality.sk\/wp-content\/uploads\/2025\/11\/Screenshot-2025-11-17-at-14.36.58-1024x673.png\" class=\"attachment-large size-large wp-image-10285\" alt=\"\" srcset=\"https:\/\/www.youthforequality.sk\/wp-content\/uploads\/2025\/11\/Screenshot-2025-11-17-at-14.36.58-1024x673.png 1024w, https:\/\/www.youthforequality.sk\/wp-content\/uploads\/2025\/11\/Screenshot-2025-11-17-at-14.36.58-300x197.png 300w, https:\/\/www.youthforequality.sk\/wp-content\/uploads\/2025\/11\/Screenshot-2025-11-17-at-14.36.58-768x505.png 768w, https:\/\/www.youthforequality.sk\/wp-content\/uploads\/2025\/11\/Screenshot-2025-11-17-at-14.36.58.png 1196w\" sizes=\"(max-width: 1024px) 100vw, 1024px\" \/>\t\t\t\t\t\t\t\t\t\t\t\t\t\t\t<\/div>\n\t\t\t\t<\/div>\n\t\t\t\t\t<\/div>\n\t\t<\/div>\n\t\t\t\t\t<\/div>\n\t\t<\/section>\n\t\t\t\t<section class=\"elementor-section elementor-top-section elementor-element elementor-element-4d19652 elementor-section-boxed elementor-section-height-default elementor-section-height-default\" data-id=\"4d19652\" data-element_type=\"section\" data-e-type=\"section\">\n\t\t\t\t\t\t<div class=\"elementor-container elementor-column-gap-default\">\n\t\t\t\t\t<div class=\"elementor-column elementor-col-100 elementor-top-column elementor-element elementor-element-8d2a043\" data-id=\"8d2a043\" data-element_type=\"column\" data-e-type=\"column\">\n\t\t\t<div class=\"elementor-widget-wrap elementor-element-populated\">\n\t\t\t\t\t\t<div class=\"elementor-element elementor-element-ba290a4 elementor-widget elementor-widget-text-editor\" data-id=\"ba290a4\" data-element_type=\"widget\" data-e-type=\"widget\" data-widget_type=\"text-editor.default\">\n\t\t\t\t<div class=\"elementor-widget-container\">\n\t\t\t\t\t\t\t\t\t<p dir=\"ltr\" style=\"line-height: 1.3800000000000001; background-color: #ffffff; margin-top: 0pt; margin-bottom: 0pt;\"><span style=\"font-size: 13.999999999999998pt; font-family: Roboto,sans-serif; color: #000000; background-color: transparent; font-weight: bold; font-style: normal; font-variant: normal; text-decoration: none; vertical-align: baseline; white-space: pre-wrap;\">M\u00e4kk\u00e9 zru\u010dnosti (motiv\u00e1cia, rie\u0161enie probl\u00e9mov a adaptabilita)<\/span><\/p><p dir=\"ltr\" style=\"line-height: 1.3800000000000001; background-color: #ffffff; margin-top: 0pt; margin-bottom: 0pt;\">\u00a0<\/p><p dir=\"ltr\" style=\"line-height: 1.3800000000000001; background-color: #ffffff; margin-top: 0pt; margin-bottom: 0pt;\"><span style=\"font-size: 12pt; font-family: Roboto,sans-serif; color: #000000; background-color: transparent; font-weight: 400; font-style: normal; font-variant: normal; text-decoration: none; vertical-align: baseline; white-space: pre-wrap;\">Druh\u00fa polovicu projektu BE-ONLINE sme otvorili workshopom so zameran\u00edm na rozv\u00edjanie motiv\u00e1cie, rie\u0161enie probl\u00e9mov a prisp\u00f4sobivos\u0165.\u00a0\u00a0<\/span><\/p><p dir=\"ltr\" style=\"line-height: 1.3800000000000001; background-color: #ffffff; margin-top: 0pt; margin-bottom: 0pt;\">\u00a0<\/p><p dir=\"ltr\" style=\"line-height: 1.3800000000000001; background-color: #ffffff; margin-top: 0pt; margin-bottom: 0pt;\"><span style=\"font-size: 12pt; font-family: Roboto,sans-serif; color: #000000; background-color: transparent; font-weight: 400; font-style: normal; font-variant: normal; text-decoration: none; vertical-align: baseline; white-space: pre-wrap;\">Za\u010dali sme s interakt\u00edvnou aktivitou \u201e\u013eudsk\u00fd uzol\u201c. Rovnakej aktivite sme sa venovali aj v predch\u00e1dzaj\u00facom workshope zameranom na vedenie t\u00edmu, spolupr\u00e1cu a inovat\u00edvne myslenie. \u00da\u010dastn\u00edkov sme tak vyzvali na spolupr\u00e1cu, efekt\u00edvnu komunik\u00e1ciu a schopnos\u0165 vies\u0165 skupinu. T\u00e1to z\u00e1bavn\u00e1 aktivita bola siln\u00fdm \u00favodom do t\u00e9m t\u00edmovej pr\u00e1ce, leadershipu a budovaniu d\u00f4very.\u00a0<\/span><\/p><p dir=\"ltr\" style=\"line-height: 1.3800000000000001; background-color: #ffffff; margin-top: 0pt; margin-bottom: 0pt;\">\u00a0<\/p><p>\u00a0<\/p><p dir=\"ltr\" style=\"line-height: 1.3800000000000001; background-color: #ffffff; margin-top: 0pt; margin-bottom: 0pt;\"><span style=\"font-size: 12pt; font-family: Roboto,sans-serif; color: #000000; background-color: transparent; font-weight: 400; font-style: normal; font-variant: normal; text-decoration: none; vertical-align: baseline; white-space: pre-wrap;\">Pokra\u010dovali sme tangram workshopom, kde \u0161tudenti spolupracovali v t\u00edmoch a skladali r\u00f4zne obrazce z puzzle dielikov. Aj ke\u010f i\u0161lo o hrav\u00fa aktivitu, rozv\u00edjala ich tvoriv\u00e9 myslenie, schopnos\u0165 rie\u0161i\u0165 probl\u00e9my a koordinova\u0165 sa v skupine.<\/span><\/p>\t\t\t\t\t\t\t\t<\/div>\n\t\t\t\t<\/div>\n\t\t\t\t\t<\/div>\n\t\t<\/div>\n\t\t\t\t\t<\/div>\n\t\t<\/section>\n\t\t\t\t<section class=\"elementor-section elementor-top-section elementor-element elementor-element-43be3a3 elementor-section-boxed elementor-section-height-default elementor-section-height-default\" data-id=\"43be3a3\" data-element_type=\"section\" data-e-type=\"section\">\n\t\t\t\t\t\t<div class=\"elementor-container elementor-column-gap-default\">\n\t\t\t\t\t<div class=\"elementor-column elementor-col-100 elementor-top-column elementor-element elementor-element-3e13b97\" data-id=\"3e13b97\" data-element_type=\"column\" data-e-type=\"column\">\n\t\t\t<div class=\"elementor-widget-wrap elementor-element-populated\">\n\t\t\t\t\t\t<div class=\"elementor-element elementor-element-1dcbd24 elementor-widget elementor-widget-image\" data-id=\"1dcbd24\" data-element_type=\"widget\" data-e-type=\"widget\" data-widget_type=\"image.default\">\n\t\t\t\t<div class=\"elementor-widget-container\">\n\t\t\t\t\t\t\t\t\t\t\t\t\t\t\t<img decoding=\"async\" width=\"1024\" height=\"676\" src=\"https:\/\/www.youthforequality.sk\/wp-content\/uploads\/2025\/11\/Screenshot-2025-11-17-at-14.38.00-1024x676.png\" class=\"attachment-large size-large wp-image-10286\" alt=\"\" srcset=\"https:\/\/www.youthforequality.sk\/wp-content\/uploads\/2025\/11\/Screenshot-2025-11-17-at-14.38.00-1024x676.png 1024w, https:\/\/www.youthforequality.sk\/wp-content\/uploads\/2025\/11\/Screenshot-2025-11-17-at-14.38.00-300x198.png 300w, https:\/\/www.youthforequality.sk\/wp-content\/uploads\/2025\/11\/Screenshot-2025-11-17-at-14.38.00-768x507.png 768w, https:\/\/www.youthforequality.sk\/wp-content\/uploads\/2025\/11\/Screenshot-2025-11-17-at-14.38.00.png 1196w\" sizes=\"(max-width: 1024px) 100vw, 1024px\" \/>\t\t\t\t\t\t\t\t\t\t\t\t\t\t\t<\/div>\n\t\t\t\t<\/div>\n\t\t\t\t\t<\/div>\n\t\t<\/div>\n\t\t\t\t\t<\/div>\n\t\t<\/section>\n\t\t\t\t<section class=\"elementor-section elementor-top-section elementor-element elementor-element-3d063f6 elementor-section-boxed elementor-section-height-default elementor-section-height-default\" data-id=\"3d063f6\" data-element_type=\"section\" data-e-type=\"section\">\n\t\t\t\t\t\t<div class=\"elementor-container elementor-column-gap-default\">\n\t\t\t\t\t<div class=\"elementor-column elementor-col-100 elementor-top-column elementor-element elementor-element-f8a4f04\" data-id=\"f8a4f04\" data-element_type=\"column\" data-e-type=\"column\">\n\t\t\t<div class=\"elementor-widget-wrap elementor-element-populated\">\n\t\t\t\t\t\t<div class=\"elementor-element elementor-element-a9bcb3d elementor-widget elementor-widget-text-editor\" data-id=\"a9bcb3d\" data-element_type=\"widget\" data-e-type=\"widget\" data-widget_type=\"text-editor.default\">\n\t\t\t\t<div class=\"elementor-widget-container\">\n\t\t\t\t\t\t\t\t\t<p dir=\"ltr\" style=\"line-height: 1.3800000000000001; background-color: #ffffff; margin-top: 0pt; margin-bottom: 0pt;\"><span style=\"font-size: 12pt; font-family: Roboto,sans-serif; color: #000000; background-color: transparent; font-weight: 400; font-style: normal; font-variant: normal; text-decoration: none; vertical-align: baseline; white-space: pre-wrap;\">N\u00e1sledne sme sa venovali tvorbe motiva\u010dnej my\u0161lienkovej mapy, kde \u0161tudenti vizualizovali, \u010do ich poh\u00e1\u0148a, ak\u00fdm v\u00fdzvam \u010delia a ako sa prisp\u00f4sobuj\u00fa zmen\u00e1m. Aktivita im pomohla lep\u0161ie pochopi\u0165 vlastn\u00fa vn\u00fatorn\u00fa motiv\u00e1ciu, z\u00edska\u0165 preh\u013ead o osobn\u00fdch cie\u013eoch a nau\u010di\u0165 sa odol\u00e1va\u0165 neistote.<\/span><\/p><p dir=\"ltr\" style=\"line-height: 1.3800000000000001; background-color: #ffffff; margin-top: 0pt; margin-bottom: 0pt;\">\u00a0<\/p><p dir=\"ltr\" style=\"line-height: 1.3800000000000001; background-color: #ffffff; margin-top: 0pt; margin-bottom: 0pt;\"><span style=\"font-size: 12pt; font-family: Roboto,sans-serif; color: #000000; background-color: transparent; font-weight: 400; font-style: normal; font-variant: normal; text-decoration: none; vertical-align: baseline; white-space: pre-wrap;\">Na z\u00e1ver \u0161tudenti transformovali svoje poznatky do kr\u00e1tkych motiva\u010dn\u00fdch vide\u00ed. V mal\u00fdch t\u00edmoch vytv\u00e1rali odkazy ur\u010den\u00e9 na in\u0161pir\u00e1ciu svojich rovesn\u00edkov. Prepojili pritom kreativitu, storytelling a digit\u00e1lnu komunik\u00e1ciu. T\u00e1to aktivita preh\u013abila ich porozumenie t\u00e9me motiv\u00e1cie a z\u00e1rove\u0148 im poskytla praktick\u00fa sk\u00fasenos\u0165 s prezent\u00e1ciou vlastn\u00fdch my\u0161lienok.<\/span><\/p><p><b id=\"docs-internal-guid-0c0ba2e7-7fff-d9b0-002b-236f3e4b1149\" style=\"font-weight: normal;\">\u00a0<\/b><\/p><p dir=\"ltr\" style=\"line-height: 1.3800000000000001; margin-top: 0pt; margin-bottom: 0pt;\"><span style=\"font-size: 13.999999999999998pt; font-family: Roboto,sans-serif; color: #000000; background-color: transparent; font-weight: bold; font-style: normal; font-variant: normal; text-decoration: none; vertical-align: baseline; white-space: pre-wrap;\">Pou\u017eitie a aplik\u00e1cia technologick\u00fdch produktov\u00a0<\/span><\/p><p><b style=\"font-weight: normal;\">\u00a0<\/b><\/p><p dir=\"ltr\" style=\"line-height: 1.3800000000000001; margin-top: 0pt; margin-bottom: 0pt;\"><span style=\"font-size: 12pt; font-family: Roboto,sans-serif; color: #000000; background-color: transparent; font-weight: 400; font-style: normal; font-variant: normal; text-decoration: none; vertical-align: baseline; white-space: pre-wrap;\">Po\u010das j\u00falov\u00e9ho workshopu sme sa venovali pou\u017e\u00edvaniu a aplik\u00e1cii technologick\u00fdch produktov. V dne\u0161nom digit\u00e1lnom svete m\u00e1 mnoho \u013eud\u00ed probl\u00e9my s pou\u017e\u00edvan\u00edm modern\u00fdch technologick\u00fdch zariaden\u00ed. To m\u00f4\u017ee br\u00e1ni\u0165 ich schopnosti efekt\u00edvne vykon\u00e1va\u0165 ka\u017edodenn\u00e9 \u00falohy.\u00a0<\/span><\/p><p><b style=\"font-weight: normal;\">\u00a0<\/b><\/p><p dir=\"ltr\" style=\"line-height: 1.3800000000000001; margin-top: 0pt; margin-bottom: 0pt;\"><span style=\"font-size: 12pt; font-family: Roboto,sans-serif; color: #000000; background-color: transparent; font-weight: 400; font-style: normal; font-variant: normal; text-decoration: none; vertical-align: baseline; white-space: pre-wrap;\">Cie\u013eom tohto workshopu bolo preklen\u00fa\u0165 medzeru poskytovan\u00edm praktick\u00fdch \u0161kolen\u00ed s be\u017en\u00fdmi zariadeniami, ako s\u00fa po\u010d\u00edta\u010de, tablety a smartf\u00f3ny. \u00da\u010dastn\u00edci absolvovali praktick\u00e9 \u0161kolenia o tom, ako ovl\u00e1da\u0165 r\u00f4zne technologick\u00e9 zariadenia, odstra\u0148ova\u0165 be\u017en\u00e9 probl\u00e9my a pou\u017e\u00edva\u0165 z\u00e1kladn\u00e9 aplik\u00e1cie. Z workshopu odi\u0161li so zlep\u0161en\u00fdmi digit\u00e1lnymi zru\u010dnos\u0165ami, ktor\u00e9 zlep\u0161uj\u00fa ich ka\u017edodenn\u00fd \u017eivot a profesion\u00e1lnu produktivitu. Vo v\u00fdsledku \u00fa\u010dastn\u00edci z\u00edskali:<\/span><\/p><p dir=\"ltr\" style=\"line-height: 1.3800000000000001; margin-top: 0pt; margin-bottom: 0pt;\"><span style=\"font-size: 12pt; font-family: Roboto,sans-serif; color: #000000; background-color: transparent; font-weight: 400; font-style: normal; font-variant: normal; text-decoration: none; vertical-align: baseline; white-space: pre-wrap;\">\u00a0<\/span><\/p><ul style=\"margin-top: 0; margin-bottom: 0; padding-inline-start: 48px;\"><li dir=\"ltr\" style=\"list-style-type: disc; font-size: 12pt; font-family: Roboto,sans-serif; color: #000000; background-color: transparent; font-weight: 400; font-style: normal; font-variant: normal; text-decoration: none; vertical-align: baseline; white-space: pre;\" aria-level=\"1\"><p dir=\"ltr\" style=\"line-height: 1.3800000000000001; margin-top: 0pt; margin-bottom: 0pt;\" role=\"presentation\"><span style=\"font-size: 12pt; font-family: Roboto,sans-serif; color: #000000; background-color: transparent; font-weight: 400; font-style: normal; font-variant: normal; text-decoration: none; vertical-align: baseline; white-space: pre-wrap;\">vy\u0161\u0161iu kompetenciu pri pou\u017e\u00edvan\u00ed ka\u017edodenn\u00fdch technol\u00f3gi\u00ed,<\/span><\/p><\/li><li dir=\"ltr\" style=\"list-style-type: disc; font-size: 12pt; font-family: Roboto,sans-serif; color: #000000; background-color: transparent; font-weight: 400; font-style: normal; font-variant: normal; text-decoration: none; vertical-align: baseline; white-space: pre;\" aria-level=\"1\"><p dir=\"ltr\" style=\"line-height: 1.3800000000000001; margin-top: 0pt; margin-bottom: 0pt;\" role=\"presentation\"><span style=\"font-size: 12pt; font-family: Roboto,sans-serif; color: #000000; background-color: transparent; font-weight: 400; font-style: normal; font-variant: normal; text-decoration: none; vertical-align: baseline; white-space: pre-wrap;\">zv\u00fd\u0161en\u00fd komfort a istotu pri manipul\u00e1cii s novou technol\u00f3giou,<\/span><\/p><\/li><li dir=\"ltr\" style=\"list-style-type: disc; font-size: 12pt; font-family: Roboto,sans-serif; color: #000000; background-color: transparent; font-weight: 400; font-style: normal; font-variant: normal; text-decoration: none; vertical-align: baseline; white-space: pre;\" aria-level=\"1\"><p dir=\"ltr\" style=\"line-height: 1.3800000000000001; margin-top: 0pt; margin-bottom: 0pt;\" role=\"presentation\"><span style=\"font-size: 12pt; font-family: Roboto,sans-serif; color: #000000; background-color: transparent; font-weight: 400; font-style: normal; font-variant: normal; text-decoration: none; vertical-align: baseline; white-space: pre-wrap;\">pr\u00edstup k v\u00fdukov\u00fdm vide\u00e1m pre bud\u00face pou\u017eitie.<\/span><\/p><\/li><\/ul><p><b style=\"font-weight: normal;\">\u00a0<\/b><\/p><p dir=\"ltr\" style=\"line-height: 1.3800000000000001; background-color: #ffffff; margin-top: 0pt; margin-bottom: 0pt;\"><span style=\"font-size: 13.999999999999998pt; font-family: Roboto,sans-serif; color: #000000; background-color: transparent; font-weight: bold; font-style: normal; font-variant: normal; text-decoration: none; vertical-align: baseline; white-space: pre-wrap;\">Vytv\u00e1ranie digit\u00e1lneho obsahu<\/span><\/p><p dir=\"ltr\" style=\"line-height: 1.3800000000000001; background-color: #ffffff; margin-top: 0pt; margin-bottom: 0pt;\">\u00a0<\/p><p dir=\"ltr\" style=\"line-height: 1.3800000000000001; background-color: #ffffff; margin-top: 0pt; margin-bottom: 0pt;\"><span style=\"font-size: 12pt; font-family: Roboto,sans-serif; color: #000000; background-color: transparent; font-weight: 400; font-style: normal; font-variant: normal; text-decoration: none; vertical-align: baseline; white-space: pre-wrap;\">Augustov\u00fd workshop patril tvorbe digit\u00e1lneho obsahu a rozvoj digit\u00e1lnej kreativity. \u00da\u010dastn\u00edci sa nau\u010dili, ako vytvori\u0165 a spravova\u0165 obsah pre blogy a soci\u00e1lne siete. Pri tvorbe obsahu sme postupovali v nasleduj\u00facich krokoch:<\/span><\/p><p dir=\"ltr\" style=\"line-height: 1.3800000000000001; background-color: #ffffff; margin-top: 0pt; margin-bottom: 0pt;\">\u00a0<\/p><ul style=\"margin-top: 0; margin-bottom: 0; padding-inline-start: 48px;\"><li dir=\"ltr\" style=\"list-style-type: disc; font-size: 12pt; font-family: Roboto,sans-serif; color: #000000; background-color: transparent; font-weight: 400; font-style: normal; font-variant: normal; text-decoration: none; vertical-align: baseline; white-space: pre;\" aria-level=\"1\"><p dir=\"ltr\" style=\"line-height: 1.3800000000000001; background-color: #ffffff; margin-top: 0pt; margin-bottom: 0pt;\" role=\"presentation\"><span style=\"font-size: 12pt; font-family: Roboto,sans-serif; color: #000000; background-color: transparent; font-weight: bold; font-style: normal; font-variant: normal; text-decoration: none; vertical-align: baseline; white-space: pre-wrap;\">Brainstorming<\/span><span style=\"font-size: 12pt; font-family: Roboto,sans-serif; color: #000000; background-color: transparent; font-weight: 400; font-style: normal; font-variant: normal; text-decoration: none; vertical-align: baseline; white-space: pre-wrap;\"> &#8211; \u00da\u010dastn\u00edci prem\u00fd\u0161\u013eali nad t\u00fdm, ak\u00fd odkaz chc\u00fa prostredn\u00edctvom svojho obsahu zdie\u013ea\u0165. Diskutovali o tom, ako zauja\u0165 publikum, zvoli\u0165 vhodn\u00fd t\u00f3n komunik\u00e1cie a premeni\u0165 n\u00e1pad na vizu\u00e1lne atrakt\u00edvny pr\u00edspevok.<\/span><\/p><\/li><li dir=\"ltr\" style=\"list-style-type: disc; font-size: 12pt; font-family: Roboto,sans-serif; color: #000000; background-color: transparent; font-weight: 400; font-style: normal; font-variant: normal; text-decoration: none; vertical-align: baseline; white-space: pre;\" aria-level=\"1\"><p dir=\"ltr\" style=\"line-height: 1.3800000000000001; background-color: #ffffff; margin-top: 0pt; margin-bottom: 0pt;\" role=\"presentation\"><span style=\"font-size: 12pt; font-family: Roboto,sans-serif; color: #000000; background-color: transparent; font-weight: bold; font-style: normal; font-variant: normal; text-decoration: none; vertical-align: baseline; white-space: pre-wrap;\">Tvorba obsahu <\/span><span style=\"font-size: 12pt; font-family: Roboto,sans-serif; color: #000000; background-color: transparent; font-weight: 400; font-style: normal; font-variant: normal; text-decoration: none; vertical-align: baseline; white-space: pre-wrap;\">&#8211; T\u00edmy vysk\u00fa\u0161ali p\u00edsanie blogov\u00fdch \u010dl\u00e1nkov, n\u00e1vrh pr\u00edspevkov na soci\u00e1lne siete a \u00fapravu vizu\u00e1lov. Vyu\u017e\u00edvali tie\u017e digit\u00e1lne n\u00e1stroje na edit\u00e1ciu textu, fotografi\u00ed a vide\u00ed.<\/span><\/p><\/li><li dir=\"ltr\" style=\"list-style-type: disc; font-size: 12pt; font-family: Roboto,sans-serif; color: #000000; background-color: transparent; font-weight: 400; font-style: normal; font-variant: normal; text-decoration: none; vertical-align: baseline; white-space: pre;\" aria-level=\"1\"><p dir=\"ltr\" style=\"line-height: 1.3800000000000001; background-color: #ffffff; margin-top: 0pt; margin-bottom: 0pt;\" role=\"presentation\"><span style=\"font-size: 12pt; font-family: Roboto,sans-serif; color: #000000; background-color: transparent; font-weight: bold; font-style: normal; font-variant: normal; text-decoration: none; vertical-align: baseline; white-space: pre-wrap;\">Sp\u00e4tn\u00e1 v\u00e4zba a hodnotenie v\u00fdstupov<\/span><span style=\"font-size: 12pt; font-family: Roboto,sans-serif; color: #000000; background-color: transparent; font-weight: 400; font-style: normal; font-variant: normal; text-decoration: none; vertical-align: baseline; white-space: pre-wrap;\"> &#8211; \u00da\u010dastn\u00edci si navz\u00e1jom predstavili svoje pr\u00e1ce, diskutovali o siln\u00fdch str\u00e1nkach aj mo\u017enostiach zlep\u0161enia a spolo\u010dne h\u013eadali nov\u00e9 sp\u00f4soby, ako oslovi\u0165 online publikum.\u00a0<\/span><\/p><\/li><li dir=\"ltr\" style=\"list-style-type: disc; font-size: 12pt; font-family: Roboto,sans-serif; color: #000000; background-color: transparent; font-weight: 400; font-style: normal; font-variant: normal; text-decoration: none; vertical-align: baseline; white-space: pre;\" aria-level=\"1\"><p dir=\"ltr\" style=\"line-height: 1.3800000000000001; background-color: #ffffff; margin-top: 0pt; margin-bottom: 0pt;\" role=\"presentation\"><span style=\"font-size: 12pt; font-family: Roboto,sans-serif; color: #000000; background-color: transparent; font-weight: bold; font-style: normal; font-variant: normal; text-decoration: none; vertical-align: baseline; white-space: pre-wrap;\">Tvorba mini kampan\u00ed na soci\u00e1lnych sie\u0165ach<\/span><span style=\"font-size: 12pt; font-family: Roboto,sans-serif; color: #000000; background-color: transparent; font-weight: 400; font-style: normal; font-variant: normal; text-decoration: none; vertical-align: baseline; white-space: pre-wrap;\"> &#8211; \u00da\u010dastn\u00edci z\u00edskali praktick\u00fa sk\u00fasenos\u0165 s pl\u00e1novan\u00edm, tvorbou aj publikovan\u00edm obsahu.\u00a0<\/span><\/p><\/li><\/ul><p dir=\"ltr\" style=\"line-height: 1.3800000000000001; background-color: #ffffff; margin-top: 0pt; margin-bottom: 0pt;\">\u00a0<\/p><p>\u00a0<\/p><p dir=\"ltr\" style=\"line-height: 1.3800000000000001; background-color: #ffffff; margin-top: 0pt; margin-bottom: 0pt;\"><span style=\"font-size: 12pt; font-family: Roboto,sans-serif; color: #000000; background-color: transparent; font-weight: 400; font-style: normal; font-variant: normal; text-decoration: none; vertical-align: baseline; white-space: pre-wrap;\">Najlep\u0161ie pr\u00edspevky bud\u00fa zverejnen\u00e9 na webovej str\u00e1nke projektu ako in\u0161pir\u00e1cia pre ostatn\u00fdch.<\/span><\/p><div><span style=\"font-size: 12pt; font-family: Roboto,sans-serif; color: #000000; background-color: transparent; font-weight: 400; font-style: normal; font-variant: normal; text-decoration: none; vertical-align: baseline; white-space: pre-wrap;\">\u00a0<\/span><\/div>\t\t\t\t\t\t\t\t<\/div>\n\t\t\t\t<\/div>\n\t\t\t\t\t<\/div>\n\t\t<\/div>\n\t\t\t\t\t<\/div>\n\t\t<\/section>\n\t\t\t\t<section class=\"elementor-section elementor-top-section elementor-element elementor-element-c295284 elementor-section-boxed elementor-section-height-default elementor-section-height-default\" data-id=\"c295284\" data-element_type=\"section\" data-e-type=\"section\">\n\t\t\t\t\t\t<div class=\"elementor-container elementor-column-gap-default\">\n\t\t\t\t\t<div class=\"elementor-column elementor-col-100 elementor-top-column elementor-element elementor-element-473387b\" data-id=\"473387b\" data-element_type=\"column\" data-e-type=\"column\">\n\t\t\t<div class=\"elementor-widget-wrap elementor-element-populated\">\n\t\t\t\t\t\t<div class=\"elementor-element elementor-element-fb523e2 elementor-widget elementor-widget-image\" data-id=\"fb523e2\" data-element_type=\"widget\" data-e-type=\"widget\" data-widget_type=\"image.default\">\n\t\t\t\t<div class=\"elementor-widget-container\">\n\t\t\t\t\t\t\t\t\t\t\t\t\t\t\t<img decoding=\"async\" width=\"1024\" height=\"683\" src=\"https:\/\/www.youthforequality.sk\/wp-content\/uploads\/2025\/11\/Screenshot-2025-11-17-at-14.39.16-1024x683.png\" class=\"attachment-large size-large wp-image-10287\" alt=\"\" srcset=\"https:\/\/www.youthforequality.sk\/wp-content\/uploads\/2025\/11\/Screenshot-2025-11-17-at-14.39.16-1024x683.png 1024w, https:\/\/www.youthforequality.sk\/wp-content\/uploads\/2025\/11\/Screenshot-2025-11-17-at-14.39.16-300x200.png 300w, https:\/\/www.youthforequality.sk\/wp-content\/uploads\/2025\/11\/Screenshot-2025-11-17-at-14.39.16-768x512.png 768w, https:\/\/www.youthforequality.sk\/wp-content\/uploads\/2025\/11\/Screenshot-2025-11-17-at-14.39.16-930x620.png 930w, https:\/\/www.youthforequality.sk\/wp-content\/uploads\/2025\/11\/Screenshot-2025-11-17-at-14.39.16.png 1194w\" sizes=\"(max-width: 1024px) 100vw, 1024px\" \/>\t\t\t\t\t\t\t\t\t\t\t\t\t\t\t<\/div>\n\t\t\t\t<\/div>\n\t\t\t\t\t<\/div>\n\t\t<\/div>\n\t\t\t\t\t<\/div>\n\t\t<\/section>\n\t\t\t\t<section class=\"elementor-section elementor-top-section elementor-element elementor-element-4072886 elementor-section-boxed elementor-section-height-default elementor-section-height-default\" data-id=\"4072886\" data-element_type=\"section\" data-e-type=\"section\">\n\t\t\t\t\t\t<div class=\"elementor-container elementor-column-gap-default\">\n\t\t\t\t\t<div class=\"elementor-column elementor-col-100 elementor-top-column elementor-element elementor-element-e88ad3c\" data-id=\"e88ad3c\" data-element_type=\"column\" data-e-type=\"column\">\n\t\t\t<div class=\"elementor-widget-wrap elementor-element-populated\">\n\t\t\t\t\t\t<div class=\"elementor-element elementor-element-20e91aa elementor-widget elementor-widget-text-editor\" data-id=\"20e91aa\" data-element_type=\"widget\" data-e-type=\"widget\" data-widget_type=\"text-editor.default\">\n\t\t\t\t<div class=\"elementor-widget-container\">\n\t\t\t\t\t\t\t\t\t<p dir=\"ltr\" style=\"line-height: 1.3800000000000001; background-color: #ffffff; margin-top: 0pt; margin-bottom: 0pt;\"><span style=\"font-size: 13.999999999999998pt; font-family: Roboto,sans-serif; color: #000000; background-color: transparent; font-weight: bold; font-style: normal; font-variant: normal; text-decoration: none; vertical-align: baseline; white-space: pre-wrap;\">Kancel\u00e1rske programy a podobn\u00e9 aplik\u00e1cie<\/span><\/p><p dir=\"ltr\" style=\"line-height: 1.3800000000000001; background-color: #ffffff; margin-top: 0pt; margin-bottom: 0pt;\"><span style=\"font-size: 12pt; font-family: Roboto,sans-serif; color: #000000; background-color: transparent; font-weight: 400; font-style: normal; font-variant: normal; text-decoration: none; vertical-align: baseline; white-space: pre-wrap;\">\u00a0<\/span><\/p><p dir=\"ltr\" style=\"line-height: 1.3800000000000001; background-color: #ffffff; margin-top: 0pt; margin-bottom: 0pt;\"><span style=\"font-size: 12pt; font-family: Roboto,sans-serif; color: #000000; background-color: transparent; font-weight: 400; font-style: normal; font-variant: normal; text-decoration: none; vertical-align: baseline; white-space: pre-wrap;\">Po\u010das predposledn\u00e9ho workshopu sa \u00fa\u010dastn\u00edci nau\u010dili pou\u017e\u00edva\u0165 Microsoft Office (Word, Excel, PowerPoint) a Google Workspace (Docs, Sheets, Slides). Cie\u013eom bolo zvl\u00e1dnu\u0165 ich technick\u00e9 pou\u017e\u00edvanie a pochopi\u0165, ako ich prepoji\u0165 s umelou inteligenciou pre r\u00fdchlej\u0161iu a tvorivej\u0161iu pr\u00e1cu. Presk\u00famali sme:<\/span><\/p><p dir=\"ltr\" style=\"line-height: 1.3800000000000001; background-color: #ffffff; margin-top: 0pt; margin-bottom: 0pt;\"><span style=\"font-size: 12pt; font-family: Roboto,sans-serif; color: #000000; background-color: transparent; font-weight: 400; font-style: normal; font-variant: normal; text-decoration: none; vertical-align: baseline; white-space: pre-wrap;\">\u00a0<\/span><\/p><ul style=\"margin-top: 0; margin-bottom: 0; padding-inline-start: 48px;\"><li dir=\"ltr\" style=\"list-style-type: disc; font-size: 12pt; font-family: Roboto,sans-serif; color: #000000; background-color: transparent; font-weight: 400; font-style: normal; font-variant: normal; text-decoration: none; vertical-align: baseline; white-space: pre;\" aria-level=\"1\"><p dir=\"ltr\" style=\"line-height: 1.3800000000000001; background-color: #ffffff; margin-top: 0pt; margin-bottom: 0pt;\" role=\"presentation\"><span style=\"font-size: 12pt; font-family: Roboto,sans-serif; color: #000000; background-color: transparent; font-weight: 400; font-style: normal; font-variant: normal; text-decoration: none; vertical-align: baseline; white-space: pre-wrap;\">Ako m\u00f4\u017eu n\u00e1stroje ako Copilot \u010di Gemini pom\u00f4c\u0165 pri p\u00edsan\u00ed textov, sumarizovan\u00ed inform\u00e1ci\u00ed alebo tvorbe prezent\u00e1ci\u00ed.<\/span><\/p><\/li><li dir=\"ltr\" style=\"list-style-type: disc; font-size: 12pt; font-family: Roboto,sans-serif; color: #000000; background-color: transparent; font-weight: 400; font-style: normal; font-variant: normal; text-decoration: none; vertical-align: baseline; white-space: pre;\" aria-level=\"1\"><p dir=\"ltr\" style=\"line-height: 1.3800000000000001; background-color: #ffffff; margin-top: 0pt; margin-bottom: 0pt;\" role=\"presentation\"><span style=\"font-size: 12pt; font-family: Roboto,sans-serif; color: #000000; background-color: transparent; font-weight: 400; font-style: normal; font-variant: normal; text-decoration: none; vertical-align: baseline; white-space: pre-wrap;\">Form\u00e1tovanie dokumentov, vkladanie obr\u00e1zkov, spolupr\u00e1cu v re\u00e1lnom \u010dase a automatick\u00e9 \u00fapravy pomocou AI.<\/span><\/p><\/li><li dir=\"ltr\" style=\"list-style-type: disc; font-size: 12pt; font-family: Roboto,sans-serif; color: #000000; background-color: transparent; font-weight: 400; font-style: normal; font-variant: normal; text-decoration: none; vertical-align: baseline; white-space: pre;\" aria-level=\"1\"><p dir=\"ltr\" style=\"line-height: 1.3800000000000001; background-color: #ffffff; margin-top: 0pt; margin-bottom: 0pt;\" role=\"presentation\"><span style=\"font-size: 12pt; font-family: Roboto,sans-serif; color: #000000; background-color: transparent; font-weight: 400; font-style: normal; font-variant: normal; text-decoration: none; vertical-align: baseline; white-space: pre-wrap;\">Nau\u010dili sa z\u00e1kladn\u00e9 vzorce, pr\u00e1cu s tabu\u013ekami a grafmi v programoch <\/span><span style=\"font-size: 12pt; font-family: Roboto,sans-serif; color: #000000; background-color: transparent; font-weight: bold; font-style: normal; font-variant: normal; text-decoration: none; vertical-align: baseline; white-space: pre-wrap;\">Excel<\/span><span style=\"font-size: 12pt; font-family: Roboto,sans-serif; color: #000000; background-color: transparent; font-weight: 400; font-style: normal; font-variant: normal; text-decoration: none; vertical-align: baseline; white-space: pre-wrap;\"> a <\/span><span style=\"font-size: 12pt; font-family: Roboto,sans-serif; color: #000000; background-color: transparent; font-weight: bold; font-style: normal; font-variant: normal; text-decoration: none; vertical-align: baseline; white-space: pre-wrap;\">Google Sheets.<\/span><span style=\"font-size: 12pt; font-family: Roboto,sans-serif; color: #000000; background-color: transparent; font-weight: 400; font-style: normal; font-variant: normal; text-decoration: none; vertical-align: baseline; white-space: pre-wrap;\"> Objavili, ako AI dok\u00e1\u017ee analyzova\u0165 d\u00e1ta a vizualizova\u0165 ich preh\u013eadne a r\u00fdchlo.<\/span><\/p><\/li><li dir=\"ltr\" style=\"list-style-type: disc; font-size: 12pt; font-family: Roboto,sans-serif; color: #000000; background-color: transparent; font-weight: 400; font-style: normal; font-variant: normal; text-decoration: none; vertical-align: baseline; white-space: pre;\" aria-level=\"1\"><p dir=\"ltr\" style=\"line-height: 1.3800000000000001; background-color: #ffffff; margin-top: 0pt; margin-bottom: 0pt;\" role=\"presentation\"><span style=\"font-size: 12pt; font-family: Roboto,sans-serif; color: #000000; background-color: transparent; font-weight: 400; font-style: normal; font-variant: normal; text-decoration: none; vertical-align: baseline; white-space: pre-wrap;\">V programoch <\/span><span style=\"font-size: 12pt; font-family: Roboto,sans-serif; color: #000000; background-color: transparent; font-weight: bold; font-style: normal; font-variant: normal; text-decoration: none; vertical-align: baseline; white-space: pre-wrap;\">PowerPoint<\/span><span style=\"font-size: 12pt; font-family: Roboto,sans-serif; color: #000000; background-color: transparent; font-weight: 400; font-style: normal; font-variant: normal; text-decoration: none; vertical-align: baseline; white-space: pre-wrap;\"> a <\/span><span style=\"font-size: 12pt; font-family: Roboto,sans-serif; color: #000000; background-color: transparent; font-weight: bold; font-style: normal; font-variant: normal; text-decoration: none; vertical-align: baseline; white-space: pre-wrap;\">Google Slides<\/span><span style=\"font-size: 12pt; font-family: Roboto,sans-serif; color: #000000; background-color: transparent; font-weight: 400; font-style: normal; font-variant: normal; text-decoration: none; vertical-align: baseline; white-space: pre-wrap;\"> sme spolo\u010dne vytvorili interakt\u00edvne prezent\u00e1cie a vyu\u017eili AI na n\u00e1vrh dizajnu, textov a vizu\u00e1lov.<\/span><\/p><\/li><\/ul><ul style=\"margin-top: 0; margin-bottom: 0; padding-inline-start: 48px;\"><li dir=\"ltr\" style=\"list-style-type: disc; font-size: 12pt; font-family: Roboto,sans-serif; color: #000000; background-color: transparent; font-weight: 400; font-style: normal; font-variant: normal; text-decoration: none; vertical-align: baseline; white-space: pre;\" aria-level=\"1\"><p dir=\"ltr\" style=\"line-height: 1.3800000000000001; background-color: #ffffff; margin-top: 0pt; margin-bottom: 0pt;\" role=\"presentation\"><span style=\"font-size: 12pt; font-family: Roboto,sans-serif; color: #000000; background-color: transparent; font-weight: 400; font-style: normal; font-variant: normal; text-decoration: none; vertical-align: baseline; white-space: pre-wrap;\">\u00da\u010dastn\u00edci z\u00edskali pr\u00edstup k doplnkov\u00fdm tutorialom, vide\u00e1m a odpor\u00fa\u010daniam na \u010fal\u0161ie zlep\u0161ovanie svojich digit\u00e1lnych zru\u010dnost\u00ed.<\/span><\/p><\/li><\/ul><p dir=\"ltr\" style=\"line-height: 1.3800000000000001; background-color: #ffffff; margin-top: 0pt; margin-bottom: 0pt;\">\u00a0<\/p><p dir=\"ltr\" style=\"line-height: 1.3800000000000001; background-color: #ffffff; margin-top: 0pt; margin-bottom: 0pt;\">\u00a0<\/p><p dir=\"ltr\" style=\"line-height: 1.3800000000000001; background-color: #ffffff; margin-top: 0pt; margin-bottom: 0pt;\">\u00a0<\/p><p dir=\"ltr\" style=\"line-height: 1.3800000000000001; background-color: #ffffff; margin-top: 0pt; margin-bottom: 0pt;\">\u00a0<\/p><p dir=\"ltr\" style=\"line-height: 1.3800000000000001; background-color: #ffffff; margin-top: 0pt; margin-bottom: 0pt;\"><span style=\"font-size: 13.999999999999998pt; font-family: Roboto,sans-serif; color: #000000; background-color: transparent; font-weight: bold; font-style: normal; font-variant: normal; text-decoration: none; vertical-align: baseline; white-space: pre-wrap;\">Sp\u00f4soby dizajnu a prezent\u00e1cie<\/span><\/p><p dir=\"ltr\" style=\"line-height: 1.3800000000000001; background-color: #ffffff; margin-top: 0pt; margin-bottom: 0pt;\"><span style=\"font-size: 12pt; font-family: Roboto,sans-serif; color: #000000; background-color: transparent; font-weight: 400; font-style: normal; font-variant: normal; text-decoration: none; vertical-align: baseline; white-space: pre-wrap;\">\u00a0<\/span><\/p><p dir=\"ltr\" style=\"line-height: 1.3800000000000001; background-color: #ffffff; margin-top: 0pt; margin-bottom: 0pt;\"><span style=\"font-size: 12pt; font-family: Roboto,sans-serif; color: #000000; background-color: transparent; font-weight: 400; font-style: normal; font-variant: normal; text-decoration: none; vertical-align: baseline; white-space: pre-wrap;\">Posledn\u00fd vzdel\u00e1vac\u00ed workshop v r\u00e1mci projektu BE-ONLINE bol venovan\u00fd sp\u00f4sobom dizajnu a prezenta\u010dn\u00fdm schopnostiam. \u00da\u010dastn\u00edci sa po\u010das workshopu nau\u010dili z\u00e1klady dizajnov\u00fdch princ\u00edpov, tvorbu p\u00fatav\u00fdch a preh\u013eadn\u00fdch prezent\u00e1ci\u00ed a z\u00edskali praktick\u00e9 tipy pre verejn\u00e9 vystupovanie. Cie\u013eom bolo uk\u00e1za\u0165, \u017ee dobr\u00fd dizajn a jasn\u00e1 komunik\u00e1cia id\u00fa ruka v ruke. Obsahom workshopu boli:<\/span><\/p><p dir=\"ltr\" style=\"line-height: 1.3800000000000001; background-color: #ffffff; margin-top: 0pt; margin-bottom: 0pt;\"><span style=\"font-size: 12pt; font-family: Roboto,sans-serif; color: #000000; background-color: transparent; font-weight: 400; font-style: normal; font-variant: normal; text-decoration: none; vertical-align: baseline; white-space: pre-wrap;\">\u00a0<\/span><\/p><ul style=\"margin-top: 0; margin-bottom: 0; padding-inline-start: 48px;\"><li dir=\"ltr\" style=\"list-style-type: disc; font-size: 12pt; font-family: Roboto,sans-serif; color: #000000; background-color: transparent; font-weight: 400; font-style: normal; font-variant: normal; text-decoration: none; vertical-align: baseline; white-space: pre;\" aria-level=\"1\"><p dir=\"ltr\" style=\"line-height: 1.3800000000000001; background-color: #ffffff; margin-top: 0pt; margin-bottom: 0pt;\" role=\"presentation\"><span style=\"font-size: 12pt; font-family: Roboto,sans-serif; color: #000000; background-color: transparent; font-weight: bold; font-style: normal; font-variant: normal; text-decoration: none; vertical-align: baseline; white-space: pre-wrap;\">Z\u00e1sady dizajnu<\/span><span style=\"font-size: 12pt; font-family: Roboto,sans-serif; color: #000000; background-color: transparent; font-weight: 400; font-style: normal; font-variant: normal; text-decoration: none; vertical-align: baseline; white-space: pre-wrap;\"> \u2013 \u00da\u010dastn\u00edci sa obozn\u00e1mili s princ\u00edpmi kompoz\u00edcie, farieb, kontrastu a typografie.\u00a0<\/span><\/p><\/li><li dir=\"ltr\" style=\"list-style-type: disc; font-size: 12pt; font-family: Roboto,sans-serif; color: #000000; background-color: transparent; font-weight: 400; font-style: normal; font-variant: normal; text-decoration: none; vertical-align: baseline; white-space: pre;\" aria-level=\"1\"><p dir=\"ltr\" style=\"line-height: 1.3800000000000001; background-color: #ffffff; margin-top: 0pt; margin-bottom: 0pt;\" role=\"presentation\"><span style=\"font-size: 12pt; font-family: Roboto,sans-serif; color: #000000; background-color: transparent; font-weight: bold; font-style: normal; font-variant: normal; text-decoration: none; vertical-align: baseline; white-space: pre-wrap;\">Tvorba prezent\u00e1ci\u00ed<\/span><span style=\"font-size: 12pt; font-family: Roboto,sans-serif; color: #000000; background-color: transparent; font-weight: 400; font-style: normal; font-variant: normal; text-decoration: none; vertical-align: baseline; white-space: pre-wrap;\"> \u2013 Pracovali sme s n\u00e1strojmi ako PowerPoint a Google Slides, kde si vysk\u00fa\u0161ali navrhovanie sn\u00edmok, pr\u00e1cu s obr\u00e1zkami, grafmi a minimalistick\u00fdmi \u0161abl\u00f3nami.<\/span><\/p><\/li><li dir=\"ltr\" style=\"list-style-type: disc; font-size: 12pt; font-family: Roboto,sans-serif; color: #000000; background-color: transparent; font-weight: 400; font-style: normal; font-variant: normal; text-decoration: none; vertical-align: baseline; white-space: pre;\" aria-level=\"1\"><p dir=\"ltr\" style=\"line-height: 1.3800000000000001; background-color: #ffffff; margin-top: 0pt; margin-bottom: 0pt;\" role=\"presentation\"><span style=\"font-size: 12pt; font-family: Roboto,sans-serif; color: #000000; background-color: transparent; font-weight: bold; font-style: normal; font-variant: normal; text-decoration: none; vertical-align: baseline; white-space: pre-wrap;\">Re\u010dn\u00edcke zru\u010dnosti a vystupovanie<\/span><span style=\"font-size: 12pt; font-family: Roboto,sans-serif; color: #000000; background-color: transparent; font-weight: 400; font-style: normal; font-variant: normal; text-decoration: none; vertical-align: baseline; white-space: pre-wrap;\"> \u2013 Diskutovali sme o tom, ako prekona\u0165 tr\u00e9mu, zauja\u0165 publikum a prisp\u00f4sobi\u0165 re\u010d aj gestikul\u00e1ciu obsahu prezent\u00e1cie.<\/span><\/p><\/li><li dir=\"ltr\" style=\"list-style-type: disc; font-size: 12pt; font-family: Roboto,sans-serif; color: #000000; background-color: transparent; font-weight: 400; font-style: normal; font-variant: normal; text-decoration: none; vertical-align: baseline; white-space: pre;\" aria-level=\"1\"><p dir=\"ltr\" style=\"line-height: 1.3800000000000001; background-color: #ffffff; margin-top: 0pt; margin-bottom: 0pt;\" role=\"presentation\"><span style=\"font-size: 12pt; font-family: Roboto,sans-serif; color: #000000; background-color: transparent; font-weight: bold; font-style: normal; font-variant: normal; text-decoration: none; vertical-align: baseline; white-space: pre-wrap;\">Sp\u00e4tn\u00e1 v\u00e4zba a prezentovanie<\/span><span style=\"font-size: 12pt; font-family: Roboto,sans-serif; color: #000000; background-color: transparent; font-weight: 400; font-style: normal; font-variant: normal; text-decoration: none; vertical-align: baseline; white-space: pre-wrap;\"> \u2013 \u00da\u010dastn\u00edci si navz\u00e1jom hodnotili svoje v\u00fdstupy, dostali kon\u0161trukt\u00edvnu sp\u00e4tn\u00fa v\u00e4zbu a spolo\u010dne sme usporiadali mal\u00e9 prezenta\u010dn\u00e9 podujatie, kde mohli predstavi\u0165 svoje pr\u00e1ce pred ostatn\u00fdmi.<\/span><\/p><\/li><\/ul><p dir=\"ltr\" style=\"line-height: 1.3800000000000001; background-color: #ffffff; margin-top: 0pt; margin-bottom: 0pt;\">\u00a0<\/p><p dir=\"ltr\" style=\"line-height: 1.3800000000000001; margin-top: 0pt; margin-bottom: 0pt;\"><span style=\"font-size: 13.999999999999998pt; font-family: Roboto,sans-serif; color: #000000; background-color: transparent; font-weight: bold; font-style: normal; font-variant: normal; text-decoration: none; vertical-align: baseline; white-space: pre-wrap;\">Z\u00e1ver\u00a0<\/span><\/p><p dir=\"ltr\" style=\"line-height: 1.3800000000000001; margin-top: 12pt; margin-bottom: 12pt;\"><span style=\"font-size: 12pt; font-family: Roboto,sans-serif; color: #000000; background-color: transparent; font-weight: 400; font-style: normal; font-variant: normal; text-decoration: none; vertical-align: baseline; white-space: pre-wrap;\">Projekt BE-ONLINE priniesol s\u00e9riu vzdel\u00e1vac\u00edch workshopov. V\u0161etky boli zameran\u00e9 na zmen\u0161ovanie digit\u00e1lnej priepasti v Trnavskom kraji. Prostredn\u00edctvom praktick\u00fdch aktiv\u00edt, spolupr\u00e1ce v t\u00edmoch a vyu\u017e\u00edvania modern\u00fdch technol\u00f3gi\u00ed si \u00fa\u010dastn\u00edci rozv\u00edjali schopnos\u0165 kriticky myslie\u0165, tvori\u0165, komunikova\u0165 a prisp\u00f4sobova\u0165 sa neust\u00e1le sa meniacemu digit\u00e1lnemu prostrediu.\u00a0<\/span><\/p><p>\u00a0<\/p><p dir=\"ltr\" style=\"line-height: 1.3800000000000001; margin-top: 12pt; margin-bottom: 12pt;\"><span style=\"font-size: 12pt; font-family: Roboto,sans-serif; color: #000000; background-color: transparent; font-weight: 400; font-style: normal; font-variant: normal; text-decoration: none; vertical-align: baseline; white-space: pre-wrap;\">BE-ONLINE mohol uzrie\u0165 svetlo sveta v\u010faka grantov\u00e9mu poskytovate\u013eovi Nad\u00e1cii \u010cSOB. Sme v\u010fa\u010dn\u00ed za zdie\u013eanie rovnakej my\u0161lienky, \u017ee ka\u017ed\u00fd bez rozdielu na vek, pohlavie \u010di spolo\u010densk\u00e9 postavenie by mal ma\u0165 pr\u00edstup k digit\u00e1lnemu vzdel\u00e1vaniu a technol\u00f3gi\u00e1m. Preto\u017ee naozaj ka\u017ed\u00fd si zasl\u00fa\u017ei by\u0165 online. <\/span><\/p>\t\t\t\t\t\t\t\t<\/div>\n\t\t\t\t<\/div>\n\t\t\t\t\t<\/div>\n\t\t<\/div>\n\t\t\t\t\t<\/div>\n\t\t<\/section>\n\t\t\t\t<section class=\"elementor-section elementor-top-section elementor-element elementor-element-5a40f83 elementor-section-boxed elementor-section-height-default elementor-section-height-default\" data-id=\"5a40f83\" data-element_type=\"section\" data-e-type=\"section\">\n\t\t\t\t\t\t<div class=\"elementor-container elementor-column-gap-default\">\n\t\t\t\t\t<div class=\"elementor-column elementor-col-100 elementor-top-column elementor-element elementor-element-fdfe911\" data-id=\"fdfe911\" data-element_type=\"column\" data-e-type=\"column\">\n\t\t\t<div class=\"elementor-widget-wrap elementor-element-populated\">\n\t\t\t\t\t\t<div class=\"elementor-element elementor-element-4f7fafd elementor-widget elementor-widget-image\" data-id=\"4f7fafd\" data-element_type=\"widget\" data-e-type=\"widget\" data-widget_type=\"image.default\">\n\t\t\t\t<div class=\"elementor-widget-container\">\n\t\t\t\t\t\t\t\t\t\t\t\t\t\t\t<img loading=\"lazy\" decoding=\"async\" width=\"1024\" height=\"517\" src=\"https:\/\/www.youthforequality.sk\/wp-content\/uploads\/2025\/01\/1507491-1024x517.png\" class=\"attachment-large size-large wp-image-10273\" alt=\"\" srcset=\"https:\/\/www.youthforequality.sk\/wp-content\/uploads\/2025\/01\/1507491-1024x517.png 1024w, https:\/\/www.youthforequality.sk\/wp-content\/uploads\/2025\/01\/1507491-300x152.png 300w, https:\/\/www.youthforequality.sk\/wp-content\/uploads\/2025\/01\/1507491-768x388.png 768w, https:\/\/www.youthforequality.sk\/wp-content\/uploads\/2025\/01\/1507491.png 1275w\" sizes=\"(max-width: 1024px) 100vw, 1024px\" \/>\t\t\t\t\t\t\t\t\t\t\t\t\t\t\t<\/div>\n\t\t\t\t<\/div>\n\t\t\t\t\t<\/div>\n\t\t<\/div>\n\t\t\t\t\t<\/div>\n\t\t<\/section>\n\t\t\t\t<\/div>\n\t\t","protected":false},"excerpt":{"rendered":"<p>Projekt BE-ONLINE \u00faspe\u0161ne pokra\u010duje vo svojich vzdel\u00e1vac\u00edch workshopoch. V predch\u00e1dzaj\u00facom \u010dl\u00e1nku s n\u00e1zvom \u201eProjekt BE-ONLINE napreduje a sp\u00e1ja \u013eud\u00ed s digit\u00e1lnym svetom\u201c sa do\u010d\u00edtate o prv\u00fdch mesiacoch \u017eivota projektu BE-ONLINE. \u00a0 BE-ONLINE kladie d\u00f4raz na inkl\u00faziu, pr\u00edstupnos\u0165 a praktick\u00e9 vzdel\u00e1vanie. Cie\u013eom projektu je zmen\u0161i\u0165 digit\u00e1lnu nerovnos\u0165 a poskytn\u00fa\u0165 vzdel\u00e1vanie t\u00fdm, ktor\u00ed maj\u00fa len minim\u00e1lne alebo&hellip;&nbsp;<a href=\"https:\/\/www.youthforequality.sk\/index.php\/2025\/08\/31\/dalsich-pat-mesiacov-digitalneho-rastu-s-projektom-be-online\/\" class=\"\" rel=\"bookmark\">\u010c\u00edta\u0165 viac &raquo;<span class=\"screen-reader-text\">\u010eal\u0161\u00edch p\u00e4\u0165 mesiacov digit\u00e1lneho rastu s projektom BE ONLINE<\/span><\/a><\/p>\n","protected":false},"author":2,"featured_media":0,"comment_status":"closed","ping_status":"open","sticky":false,"template":"","format":"standard","meta":{"_uf_show_specific_survey":0,"_uf_disable_surveys":false,"neve_meta_sidebar":"","neve_meta_container":"","neve_meta_enable_content_width":"","neve_meta_content_width":0,"neve_meta_title_alignment":"","neve_meta_author_avatar":"","neve_post_elements_order":"","neve_meta_disable_header":"","neve_meta_disable_footer":"","neve_meta_disable_title":"","_themeisle_gutenberg_block_has_review":false,"footnotes":""},"categories":[3,1],"tags":[],"class_list":["post-10284","post","type-post","status-publish","format-standard","hentry","category-blog","category-uncategorized"],"yoast_head":"<!-- This site is optimized with the Yoast SEO plugin v27.4 - https:\/\/yoast.com\/product\/yoast-seo-wordpress\/ -->\n<title>\u010eal\u0161\u00edch p\u00e4\u0165 mesiacov digit\u00e1lneho rastu s projektom BE ONLINE |<\/title>\n<meta name=\"robots\" content=\"index, follow, max-snippet:-1, max-image-preview:large, max-video-preview:-1\" \/>\n<link rel=\"canonical\" href=\"https:\/\/www.youthforequality.sk\/index.php\/2025\/08\/31\/dalsich-pat-mesiacov-digitalneho-rastu-s-projektom-be-online\/\" \/>\n<meta property=\"og:locale\" content=\"sk_SK\" \/>\n<meta property=\"og:type\" content=\"article\" \/>\n<meta property=\"og:title\" content=\"\u010eal\u0161\u00edch p\u00e4\u0165 mesiacov digit\u00e1lneho rastu s projektom BE ONLINE |\" \/>\n<meta property=\"og:description\" content=\"Projekt BE-ONLINE \u00faspe\u0161ne pokra\u010duje vo svojich vzdel\u00e1vac\u00edch workshopoch. V predch\u00e1dzaj\u00facom \u010dl\u00e1nku s n\u00e1zvom \u201eProjekt BE-ONLINE napreduje a sp\u00e1ja \u013eud\u00ed s digit\u00e1lnym svetom\u201c sa do\u010d\u00edtate o prv\u00fdch mesiacoch \u017eivota projektu BE-ONLINE. \u00a0 BE-ONLINE kladie d\u00f4raz na inkl\u00faziu, pr\u00edstupnos\u0165 a praktick\u00e9 vzdel\u00e1vanie. Cie\u013eom projektu je zmen\u0161i\u0165 digit\u00e1lnu nerovnos\u0165 a poskytn\u00fa\u0165 vzdel\u00e1vanie t\u00fdm, ktor\u00ed maj\u00fa len minim\u00e1lne alebo&hellip;&nbsp;\u010c\u00edta\u0165 viac &raquo;\u010eal\u0161\u00edch p\u00e4\u0165 mesiacov digit\u00e1lneho rastu s projektom BE ONLINE\" \/>\n<meta property=\"og:url\" content=\"https:\/\/www.youthforequality.sk\/index.php\/2025\/08\/31\/dalsich-pat-mesiacov-digitalneho-rastu-s-projektom-be-online\/\" \/>\n<meta property=\"article:publisher\" content=\"https:\/\/www.facebook.com\/yeslovakia\" \/>\n<meta property=\"article:published_time\" content=\"2025-08-31T12:34:50+00:00\" \/>\n<meta property=\"article:modified_time\" content=\"2025-11-17T13:42:06+00:00\" \/>\n<meta property=\"og:image\" content=\"https:\/\/www.youthforequality.sk\/wp-content\/uploads\/2025\/11\/Screenshot-2025-11-17-at-14.36.58.png\" \/>\n\t<meta property=\"og:image:width\" content=\"1196\" \/>\n\t<meta property=\"og:image:height\" content=\"786\" \/>\n\t<meta property=\"og:image:type\" content=\"image\/png\" \/>\n<meta name=\"author\" content=\"Diana Ja\u0161ekov\u00e1\" \/>\n<meta name=\"twitter:card\" content=\"summary_large_image\" \/>\n<meta name=\"twitter:label1\" content=\"Autor\" \/>\n\t<meta name=\"twitter:data1\" content=\"Diana Ja\u0161ekov\u00e1\" \/>\n\t<meta name=\"twitter:label2\" content=\"Predpokladan\u00fd \u010das \u010d\u00edtania\" \/>\n\t<meta name=\"twitter:data2\" content=\"6 min\u00fat\" \/>\n<script type=\"application\/ld+json\" class=\"yoast-schema-graph\">{\"@context\":\"https:\\\/\\\/schema.org\",\"@graph\":[{\"@type\":\"Article\",\"@id\":\"https:\\\/\\\/www.youthforequality.sk\\\/index.php\\\/2025\\\/08\\\/31\\\/dalsich-pat-mesiacov-digitalneho-rastu-s-projektom-be-online\\\/#article\",\"isPartOf\":{\"@id\":\"https:\\\/\\\/www.youthforequality.sk\\\/index.php\\\/2025\\\/08\\\/31\\\/dalsich-pat-mesiacov-digitalneho-rastu-s-projektom-be-online\\\/\"},\"author\":{\"name\":\"Diana Ja\u0161ekov\u00e1\",\"@id\":\"https:\\\/\\\/www.youthforequality.sk\\\/#\\\/schema\\\/person\\\/be8fe75a4ed9c28400bc99a029218b24\"},\"headline\":\"\u010eal\u0161\u00edch p\u00e4\u0165 mesiacov digit\u00e1lneho rastu s projektom BE ONLINE\",\"datePublished\":\"2025-08-31T12:34:50+00:00\",\"dateModified\":\"2025-11-17T13:42:06+00:00\",\"mainEntityOfPage\":{\"@id\":\"https:\\\/\\\/www.youthforequality.sk\\\/index.php\\\/2025\\\/08\\\/31\\\/dalsich-pat-mesiacov-digitalneho-rastu-s-projektom-be-online\\\/\"},\"wordCount\":1292,\"publisher\":{\"@id\":\"https:\\\/\\\/www.youthforequality.sk\\\/#organization\"},\"image\":{\"@id\":\"https:\\\/\\\/www.youthforequality.sk\\\/index.php\\\/2025\\\/08\\\/31\\\/dalsich-pat-mesiacov-digitalneho-rastu-s-projektom-be-online\\\/#primaryimage\"},\"thumbnailUrl\":\"https:\\\/\\\/www.youthforequality.sk\\\/wp-content\\\/uploads\\\/2025\\\/11\\\/Screenshot-2025-11-17-at-14.36.58-1024x673.png\",\"articleSection\":[\"Blog\",\"Uncategorized\"],\"inLanguage\":\"sk-SK\"},{\"@type\":\"WebPage\",\"@id\":\"https:\\\/\\\/www.youthforequality.sk\\\/index.php\\\/2025\\\/08\\\/31\\\/dalsich-pat-mesiacov-digitalneho-rastu-s-projektom-be-online\\\/\",\"url\":\"https:\\\/\\\/www.youthforequality.sk\\\/index.php\\\/2025\\\/08\\\/31\\\/dalsich-pat-mesiacov-digitalneho-rastu-s-projektom-be-online\\\/\",\"name\":\"\u010eal\u0161\u00edch p\u00e4\u0165 mesiacov digit\u00e1lneho rastu s projektom BE ONLINE |\",\"isPartOf\":{\"@id\":\"https:\\\/\\\/www.youthforequality.sk\\\/#website\"},\"primaryImageOfPage\":{\"@id\":\"https:\\\/\\\/www.youthforequality.sk\\\/index.php\\\/2025\\\/08\\\/31\\\/dalsich-pat-mesiacov-digitalneho-rastu-s-projektom-be-online\\\/#primaryimage\"},\"image\":{\"@id\":\"https:\\\/\\\/www.youthforequality.sk\\\/index.php\\\/2025\\\/08\\\/31\\\/dalsich-pat-mesiacov-digitalneho-rastu-s-projektom-be-online\\\/#primaryimage\"},\"thumbnailUrl\":\"https:\\\/\\\/www.youthforequality.sk\\\/wp-content\\\/uploads\\\/2025\\\/11\\\/Screenshot-2025-11-17-at-14.36.58-1024x673.png\",\"datePublished\":\"2025-08-31T12:34:50+00:00\",\"dateModified\":\"2025-11-17T13:42:06+00:00\",\"breadcrumb\":{\"@id\":\"https:\\\/\\\/www.youthforequality.sk\\\/index.php\\\/2025\\\/08\\\/31\\\/dalsich-pat-mesiacov-digitalneho-rastu-s-projektom-be-online\\\/#breadcrumb\"},\"inLanguage\":\"sk-SK\",\"potentialAction\":[{\"@type\":\"ReadAction\",\"target\":[\"https:\\\/\\\/www.youthforequality.sk\\\/index.php\\\/2025\\\/08\\\/31\\\/dalsich-pat-mesiacov-digitalneho-rastu-s-projektom-be-online\\\/\"]}]},{\"@type\":\"ImageObject\",\"inLanguage\":\"sk-SK\",\"@id\":\"https:\\\/\\\/www.youthforequality.sk\\\/index.php\\\/2025\\\/08\\\/31\\\/dalsich-pat-mesiacov-digitalneho-rastu-s-projektom-be-online\\\/#primaryimage\",\"url\":\"https:\\\/\\\/www.youthforequality.sk\\\/wp-content\\\/uploads\\\/2025\\\/11\\\/Screenshot-2025-11-17-at-14.36.58.png\",\"contentUrl\":\"https:\\\/\\\/www.youthforequality.sk\\\/wp-content\\\/uploads\\\/2025\\\/11\\\/Screenshot-2025-11-17-at-14.36.58.png\",\"width\":1196,\"height\":786},{\"@type\":\"BreadcrumbList\",\"@id\":\"https:\\\/\\\/www.youthforequality.sk\\\/index.php\\\/2025\\\/08\\\/31\\\/dalsich-pat-mesiacov-digitalneho-rastu-s-projektom-be-online\\\/#breadcrumb\",\"itemListElement\":[{\"@type\":\"ListItem\",\"position\":1,\"name\":\"Home\",\"item\":\"https:\\\/\\\/www.youthforequality.sk\\\/\"},{\"@type\":\"ListItem\",\"position\":2,\"name\":\"\u010eal\u0161\u00edch p\u00e4\u0165 mesiacov digit\u00e1lneho rastu s projektom BE ONLINE\"}]},{\"@type\":\"WebSite\",\"@id\":\"https:\\\/\\\/www.youthforequality.sk\\\/#website\",\"url\":\"https:\\\/\\\/www.youthforequality.sk\\\/\",\"name\":\"\",\"description\":\"\",\"publisher\":{\"@id\":\"https:\\\/\\\/www.youthforequality.sk\\\/#organization\"},\"potentialAction\":[{\"@type\":\"SearchAction\",\"target\":{\"@type\":\"EntryPoint\",\"urlTemplate\":\"https:\\\/\\\/www.youthforequality.sk\\\/?s={search_term_string}\"},\"query-input\":{\"@type\":\"PropertyValueSpecification\",\"valueRequired\":true,\"valueName\":\"search_term_string\"}}],\"inLanguage\":\"sk-SK\"},{\"@type\":\"Organization\",\"@id\":\"https:\\\/\\\/www.youthforequality.sk\\\/#organization\",\"name\":\"Youth for Equality\",\"url\":\"https:\\\/\\\/www.youthforequality.sk\\\/\",\"logo\":{\"@type\":\"ImageObject\",\"inLanguage\":\"sk-SK\",\"@id\":\"https:\\\/\\\/www.youthforequality.sk\\\/#\\\/schema\\\/logo\\\/image\\\/\",\"url\":\"https:\\\/\\\/www.youthforequality.sk\\\/wp-content\\\/uploads\\\/2021\\\/01\\\/vynovene-logo-nove-farby_modra-na-web.png\",\"contentUrl\":\"https:\\\/\\\/www.youthforequality.sk\\\/wp-content\\\/uploads\\\/2021\\\/01\\\/vynovene-logo-nove-farby_modra-na-web.png\",\"width\":1,\"height\":1,\"caption\":\"Youth for Equality\"},\"image\":{\"@id\":\"https:\\\/\\\/www.youthforequality.sk\\\/#\\\/schema\\\/logo\\\/image\\\/\"},\"sameAs\":[\"https:\\\/\\\/www.facebook.com\\\/yeslovakia\"]},{\"@type\":\"Person\",\"@id\":\"https:\\\/\\\/www.youthforequality.sk\\\/#\\\/schema\\\/person\\\/be8fe75a4ed9c28400bc99a029218b24\",\"name\":\"Diana Ja\u0161ekov\u00e1\",\"image\":{\"@type\":\"ImageObject\",\"inLanguage\":\"sk-SK\",\"@id\":\"https:\\\/\\\/secure.gravatar.com\\\/avatar\\\/8c7454049523c9673804cf321f89b38fd4fcd5aa5ad8961f32caaf292dfd996f?s=96&d=mm&r=g\",\"url\":\"https:\\\/\\\/secure.gravatar.com\\\/avatar\\\/8c7454049523c9673804cf321f89b38fd4fcd5aa5ad8961f32caaf292dfd996f?s=96&d=mm&r=g\",\"contentUrl\":\"https:\\\/\\\/secure.gravatar.com\\\/avatar\\\/8c7454049523c9673804cf321f89b38fd4fcd5aa5ad8961f32caaf292dfd996f?s=96&d=mm&r=g\",\"caption\":\"Diana Ja\u0161ekov\u00e1\"},\"url\":\"https:\\\/\\\/www.youthforequality.sk\\\/index.php\\\/author\\\/diajas\\\/\"}]}<\/script>\n<!-- \/ Yoast SEO plugin. -->","yoast_head_json":{"title":"\u010eal\u0161\u00edch p\u00e4\u0165 mesiacov digit\u00e1lneho rastu s projektom BE ONLINE |","robots":{"index":"index","follow":"follow","max-snippet":"max-snippet:-1","max-image-preview":"max-image-preview:large","max-video-preview":"max-video-preview:-1"},"canonical":"https:\/\/www.youthforequality.sk\/index.php\/2025\/08\/31\/dalsich-pat-mesiacov-digitalneho-rastu-s-projektom-be-online\/","og_locale":"sk_SK","og_type":"article","og_title":"\u010eal\u0161\u00edch p\u00e4\u0165 mesiacov digit\u00e1lneho rastu s projektom BE ONLINE |","og_description":"Projekt BE-ONLINE \u00faspe\u0161ne pokra\u010duje vo svojich vzdel\u00e1vac\u00edch workshopoch. V predch\u00e1dzaj\u00facom \u010dl\u00e1nku s n\u00e1zvom \u201eProjekt BE-ONLINE napreduje a sp\u00e1ja \u013eud\u00ed s digit\u00e1lnym svetom\u201c sa do\u010d\u00edtate o prv\u00fdch mesiacoch \u017eivota projektu BE-ONLINE. \u00a0 BE-ONLINE kladie d\u00f4raz na inkl\u00faziu, pr\u00edstupnos\u0165 a praktick\u00e9 vzdel\u00e1vanie. Cie\u013eom projektu je zmen\u0161i\u0165 digit\u00e1lnu nerovnos\u0165 a poskytn\u00fa\u0165 vzdel\u00e1vanie t\u00fdm, ktor\u00ed maj\u00fa len minim\u00e1lne alebo&hellip;&nbsp;\u010c\u00edta\u0165 viac &raquo;\u010eal\u0161\u00edch p\u00e4\u0165 mesiacov digit\u00e1lneho rastu s projektom BE ONLINE","og_url":"https:\/\/www.youthforequality.sk\/index.php\/2025\/08\/31\/dalsich-pat-mesiacov-digitalneho-rastu-s-projektom-be-online\/","article_publisher":"https:\/\/www.facebook.com\/yeslovakia","article_published_time":"2025-08-31T12:34:50+00:00","article_modified_time":"2025-11-17T13:42:06+00:00","og_image":[{"width":1196,"height":786,"url":"https:\/\/www.youthforequality.sk\/wp-content\/uploads\/2025\/11\/Screenshot-2025-11-17-at-14.36.58.png","type":"image\/png"}],"author":"Diana Ja\u0161ekov\u00e1","twitter_card":"summary_large_image","twitter_misc":{"Autor":"Diana Ja\u0161ekov\u00e1","Predpokladan\u00fd \u010das \u010d\u00edtania":"6 min\u00fat"},"schema":{"@context":"https:\/\/schema.org","@graph":[{"@type":"Article","@id":"https:\/\/www.youthforequality.sk\/index.php\/2025\/08\/31\/dalsich-pat-mesiacov-digitalneho-rastu-s-projektom-be-online\/#article","isPartOf":{"@id":"https:\/\/www.youthforequality.sk\/index.php\/2025\/08\/31\/dalsich-pat-mesiacov-digitalneho-rastu-s-projektom-be-online\/"},"author":{"name":"Diana Ja\u0161ekov\u00e1","@id":"https:\/\/www.youthforequality.sk\/#\/schema\/person\/be8fe75a4ed9c28400bc99a029218b24"},"headline":"\u010eal\u0161\u00edch p\u00e4\u0165 mesiacov digit\u00e1lneho rastu s projektom BE ONLINE","datePublished":"2025-08-31T12:34:50+00:00","dateModified":"2025-11-17T13:42:06+00:00","mainEntityOfPage":{"@id":"https:\/\/www.youthforequality.sk\/index.php\/2025\/08\/31\/dalsich-pat-mesiacov-digitalneho-rastu-s-projektom-be-online\/"},"wordCount":1292,"publisher":{"@id":"https:\/\/www.youthforequality.sk\/#organization"},"image":{"@id":"https:\/\/www.youthforequality.sk\/index.php\/2025\/08\/31\/dalsich-pat-mesiacov-digitalneho-rastu-s-projektom-be-online\/#primaryimage"},"thumbnailUrl":"https:\/\/www.youthforequality.sk\/wp-content\/uploads\/2025\/11\/Screenshot-2025-11-17-at-14.36.58-1024x673.png","articleSection":["Blog","Uncategorized"],"inLanguage":"sk-SK"},{"@type":"WebPage","@id":"https:\/\/www.youthforequality.sk\/index.php\/2025\/08\/31\/dalsich-pat-mesiacov-digitalneho-rastu-s-projektom-be-online\/","url":"https:\/\/www.youthforequality.sk\/index.php\/2025\/08\/31\/dalsich-pat-mesiacov-digitalneho-rastu-s-projektom-be-online\/","name":"\u010eal\u0161\u00edch p\u00e4\u0165 mesiacov digit\u00e1lneho rastu s projektom BE ONLINE |","isPartOf":{"@id":"https:\/\/www.youthforequality.sk\/#website"},"primaryImageOfPage":{"@id":"https:\/\/www.youthforequality.sk\/index.php\/2025\/08\/31\/dalsich-pat-mesiacov-digitalneho-rastu-s-projektom-be-online\/#primaryimage"},"image":{"@id":"https:\/\/www.youthforequality.sk\/index.php\/2025\/08\/31\/dalsich-pat-mesiacov-digitalneho-rastu-s-projektom-be-online\/#primaryimage"},"thumbnailUrl":"https:\/\/www.youthforequality.sk\/wp-content\/uploads\/2025\/11\/Screenshot-2025-11-17-at-14.36.58-1024x673.png","datePublished":"2025-08-31T12:34:50+00:00","dateModified":"2025-11-17T13:42:06+00:00","breadcrumb":{"@id":"https:\/\/www.youthforequality.sk\/index.php\/2025\/08\/31\/dalsich-pat-mesiacov-digitalneho-rastu-s-projektom-be-online\/#breadcrumb"},"inLanguage":"sk-SK","potentialAction":[{"@type":"ReadAction","target":["https:\/\/www.youthforequality.sk\/index.php\/2025\/08\/31\/dalsich-pat-mesiacov-digitalneho-rastu-s-projektom-be-online\/"]}]},{"@type":"ImageObject","inLanguage":"sk-SK","@id":"https:\/\/www.youthforequality.sk\/index.php\/2025\/08\/31\/dalsich-pat-mesiacov-digitalneho-rastu-s-projektom-be-online\/#primaryimage","url":"https:\/\/www.youthforequality.sk\/wp-content\/uploads\/2025\/11\/Screenshot-2025-11-17-at-14.36.58.png","contentUrl":"https:\/\/www.youthforequality.sk\/wp-content\/uploads\/2025\/11\/Screenshot-2025-11-17-at-14.36.58.png","width":1196,"height":786},{"@type":"BreadcrumbList","@id":"https:\/\/www.youthforequality.sk\/index.php\/2025\/08\/31\/dalsich-pat-mesiacov-digitalneho-rastu-s-projektom-be-online\/#breadcrumb","itemListElement":[{"@type":"ListItem","position":1,"name":"Home","item":"https:\/\/www.youthforequality.sk\/"},{"@type":"ListItem","position":2,"name":"\u010eal\u0161\u00edch p\u00e4\u0165 mesiacov digit\u00e1lneho rastu s projektom BE ONLINE"}]},{"@type":"WebSite","@id":"https:\/\/www.youthforequality.sk\/#website","url":"https:\/\/www.youthforequality.sk\/","name":"","description":"","publisher":{"@id":"https:\/\/www.youthforequality.sk\/#organization"},"potentialAction":[{"@type":"SearchAction","target":{"@type":"EntryPoint","urlTemplate":"https:\/\/www.youthforequality.sk\/?s={search_term_string}"},"query-input":{"@type":"PropertyValueSpecification","valueRequired":true,"valueName":"search_term_string"}}],"inLanguage":"sk-SK"},{"@type":"Organization","@id":"https:\/\/www.youthforequality.sk\/#organization","name":"Youth for Equality","url":"https:\/\/www.youthforequality.sk\/","logo":{"@type":"ImageObject","inLanguage":"sk-SK","@id":"https:\/\/www.youthforequality.sk\/#\/schema\/logo\/image\/","url":"https:\/\/www.youthforequality.sk\/wp-content\/uploads\/2021\/01\/vynovene-logo-nove-farby_modra-na-web.png","contentUrl":"https:\/\/www.youthforequality.sk\/wp-content\/uploads\/2021\/01\/vynovene-logo-nove-farby_modra-na-web.png","width":1,"height":1,"caption":"Youth for Equality"},"image":{"@id":"https:\/\/www.youthforequality.sk\/#\/schema\/logo\/image\/"},"sameAs":["https:\/\/www.facebook.com\/yeslovakia"]},{"@type":"Person","@id":"https:\/\/www.youthforequality.sk\/#\/schema\/person\/be8fe75a4ed9c28400bc99a029218b24","name":"Diana Ja\u0161ekov\u00e1","image":{"@type":"ImageObject","inLanguage":"sk-SK","@id":"https:\/\/secure.gravatar.com\/avatar\/8c7454049523c9673804cf321f89b38fd4fcd5aa5ad8961f32caaf292dfd996f?s=96&d=mm&r=g","url":"https:\/\/secure.gravatar.com\/avatar\/8c7454049523c9673804cf321f89b38fd4fcd5aa5ad8961f32caaf292dfd996f?s=96&d=mm&r=g","contentUrl":"https:\/\/secure.gravatar.com\/avatar\/8c7454049523c9673804cf321f89b38fd4fcd5aa5ad8961f32caaf292dfd996f?s=96&d=mm&r=g","caption":"Diana Ja\u0161ekov\u00e1"},"url":"https:\/\/www.youthforequality.sk\/index.php\/author\/diajas\/"}]}},"_links":{"self":[{"href":"https:\/\/www.youthforequality.sk\/index.php\/wp-json\/wp\/v2\/posts\/10284","targetHints":{"allow":["GET"]}}],"collection":[{"href":"https:\/\/www.youthforequality.sk\/index.php\/wp-json\/wp\/v2\/posts"}],"about":[{"href":"https:\/\/www.youthforequality.sk\/index.php\/wp-json\/wp\/v2\/types\/post"}],"author":[{"embeddable":true,"href":"https:\/\/www.youthforequality.sk\/index.php\/wp-json\/wp\/v2\/users\/2"}],"replies":[{"embeddable":true,"href":"https:\/\/www.youthforequality.sk\/index.php\/wp-json\/wp\/v2\/comments?post=10284"}],"version-history":[{"count":3,"href":"https:\/\/www.youthforequality.sk\/index.php\/wp-json\/wp\/v2\/posts\/10284\/revisions"}],"predecessor-version":[{"id":10290,"href":"https:\/\/www.youthforequality.sk\/index.php\/wp-json\/wp\/v2\/posts\/10284\/revisions\/10290"}],"wp:attachment":[{"href":"https:\/\/www.youthforequality.sk\/index.php\/wp-json\/wp\/v2\/media?parent=10284"}],"wp:term":[{"taxonomy":"category","embeddable":true,"href":"https:\/\/www.youthforequality.sk\/index.php\/wp-json\/wp\/v2\/categories?post=10284"},{"taxonomy":"post_tag","embeddable":true,"href":"https:\/\/www.youthforequality.sk\/index.php\/wp-json\/wp\/v2\/tags?post=10284"}],"curies":[{"name":"wp","href":"https:\/\/api.w.org\/{rel}","templated":true}]}}