{"id":1030,"date":"2018-06-12T10:00:00","date_gmt":"2018-06-12T10:00:00","guid":{"rendered":"https:\/\/www.youthforequality.sk\/index.php\/2020\/06\/23\/zdrave-telo-zdravy-duch-copy\/"},"modified":"2020-10-26T16:40:40","modified_gmt":"2020-10-26T16:40:40","slug":"ako-podporit-nepocujucich","status":"publish","type":"post","link":"https:\/\/www.youthforequality.sk\/index.php\/2018\/06\/12\/ako-podporit-nepocujucich\/","title":{"rendered":"Ako podpori\u0165 nepo\u010duj\u00facich?"},"content":{"rendered":"\n<p>&#8222;Let me hear you&#8220; projekt, kde sa na\u0161i \u00fa\u010dastn\u00edci mohli dozvedie\u0165 viac o invalidite, nau\u010di\u0165 sa z\u00e1klady posunkovej re\u010di, nav\u0161t\u00edvi\u0165 \u0161kolu so sluchovo postihnut\u00fdmi mlad\u00fdmi \u013eu\u010fmi a zorganizova\u0165 flashmob na podporu porozumenia pre takto znev\u00fdhodnen\u00fdch \u013eud\u00ed. Ml\u00e1de\u017en\u00edcku v\u00fdmenu organizovala organiz\u00e1cia Group Symrnes v Turecku, ktorej projekty s\u00fa pre na\u0161ich \u00fa\u010dastn\u00edkov v\u017edy v\u00fdnimo\u010dnou a nezabudnute\u013enou sk\u00fasenos\u0165ou. \u010eakujeme za skvel\u00fa spolupr\u00e1cu a prajeme e\u0161te mnoho \u010fal\u0161\u00edch \u00faspe\u0161n\u00fdch projektov.&nbsp;<\/p>\n\n\n\n<p>Pozrite si video zo z\u00e1vere\u010dn\u00e9ho flashmobu&nbsp;<a href=\"https:\/\/www.youtube.com\/watch?v=Q8orLyrSCH4&amp;feature=share\" target=\"_blank\" rel=\"noreferrer noopener\">TU<\/a>.We are here todayWe may come across in the bus or in the bus stop tomorrow.But we are afraid of talkingI am afraid of not being understood and not hearing you.Let me hear you\u0130\u015faret dilini \u00f6\u011frenRemove the obstacles between usBecause being disabled is not my fault&nbsp;<\/p>\n","protected":false},"excerpt":{"rendered":"<p>&#8222;Let me hear you&#8220; projekt, kde sa na\u0161i \u00fa\u010dastn\u00edci mohli dozvedie\u0165 viac o invalidite, nau\u010di\u0165 sa z\u00e1klady posunkovej re\u010di, nav\u0161t\u00edvi\u0165 \u0161kolu so sluchovo postihnut\u00fdmi mlad\u00fdmi \u013eu\u010fmi a zorganizova\u0165 flashmob na podporu porozumenia pre takto znev\u00fdhodnen\u00fdch \u013eud\u00ed. Ml\u00e1de\u017en\u00edcku v\u00fdmenu organizovala organiz\u00e1cia Group Symrnes v Turecku, ktorej projekty s\u00fa pre na\u0161ich \u00fa\u010dastn\u00edkov v\u017edy v\u00fdnimo\u010dnou a nezabudnute\u013enou sk\u00fasenos\u0165ou.&hellip;&nbsp;<a href=\"https:\/\/www.youthforequality.sk\/index.php\/2018\/06\/12\/ako-podporit-nepocujucich\/\" class=\"\" rel=\"bookmark\">\u010c\u00edta\u0165 viac &raquo;<span class=\"screen-reader-text\">Ako podpori\u0165 nepo\u010duj\u00facich?<\/span><\/a><\/p>\n","protected":false},"author":1,"featured_media":0,"comment_status":"open","ping_status":"open","sticky":false,"template":"template-full-width.php","format":"standard","meta":{"_uf_show_specific_survey":0,"_uf_disable_surveys":false,"neve_meta_sidebar":"","neve_meta_container":"","neve_meta_enable_content_width":"","neve_meta_content_width":0,"neve_meta_title_alignment":"","neve_meta_author_avatar":"","neve_post_elements_order":"","neve_meta_disable_header":"","neve_meta_disable_footer":"","neve_meta_disable_title":"","_themeisle_gutenberg_block_has_review":false,"footnotes":""},"categories":[3],"tags":[],"class_list":["post-1030","post","type-post","status-publish","format-standard","hentry","category-blog"],"yoast_head":"<!-- This site is optimized with the Yoast SEO plugin v27.4 - https:\/\/yoast.com\/product\/yoast-seo-wordpress\/ -->\n<title>Ako podpori\u0165 nepo\u010duj\u00facich? |<\/title>\n<meta name=\"robots\" content=\"index, follow, max-snippet:-1, max-image-preview:large, max-video-preview:-1\" \/>\n<link rel=\"canonical\" href=\"https:\/\/www.youthforequality.sk\/index.php\/2018\/06\/12\/ako-podporit-nepocujucich\/\" \/>\n<meta property=\"og:locale\" content=\"sk_SK\" \/>\n<meta property=\"og:type\" content=\"article\" \/>\n<meta property=\"og:title\" content=\"Ako podpori\u0165 nepo\u010duj\u00facich? |\" \/>\n<meta property=\"og:description\" content=\"&#8222;Let me hear you&#8220; projekt, kde sa na\u0161i \u00fa\u010dastn\u00edci mohli dozvedie\u0165 viac o invalidite, nau\u010di\u0165 sa z\u00e1klady posunkovej re\u010di, nav\u0161t\u00edvi\u0165 \u0161kolu so sluchovo postihnut\u00fdmi mlad\u00fdmi \u013eu\u010fmi a zorganizova\u0165 flashmob na podporu porozumenia pre takto znev\u00fdhodnen\u00fdch \u013eud\u00ed. Ml\u00e1de\u017en\u00edcku v\u00fdmenu organizovala organiz\u00e1cia Group Symrnes v Turecku, ktorej projekty s\u00fa pre na\u0161ich \u00fa\u010dastn\u00edkov v\u017edy v\u00fdnimo\u010dnou a nezabudnute\u013enou sk\u00fasenos\u0165ou.&hellip;&nbsp;\u010c\u00edta\u0165 viac &raquo;Ako podpori\u0165 nepo\u010duj\u00facich?\" \/>\n<meta property=\"og:url\" content=\"https:\/\/www.youthforequality.sk\/index.php\/2018\/06\/12\/ako-podporit-nepocujucich\/\" \/>\n<meta property=\"article:publisher\" content=\"https:\/\/www.facebook.com\/yeslovakia\" \/>\n<meta property=\"article:published_time\" content=\"2018-06-12T10:00:00+00:00\" \/>\n<meta property=\"article:modified_time\" content=\"2020-10-26T16:40:40+00:00\" \/>\n<meta name=\"author\" content=\"Filip Ku\u017ema\" \/>\n<meta name=\"twitter:card\" content=\"summary_large_image\" \/>\n<meta name=\"twitter:label1\" content=\"Autor\" \/>\n\t<meta name=\"twitter:data1\" content=\"Filip Ku\u017ema\" \/>\n\t<meta name=\"twitter:label2\" content=\"Predpokladan\u00fd \u010das \u010d\u00edtania\" \/>\n\t<meta name=\"twitter:data2\" content=\"1 min\u00fata\" \/>\n<script type=\"application\/ld+json\" class=\"yoast-schema-graph\">{\"@context\":\"https:\\\/\\\/schema.org\",\"@graph\":[{\"@type\":\"Article\",\"@id\":\"https:\\\/\\\/www.youthforequality.sk\\\/index.php\\\/2018\\\/06\\\/12\\\/ako-podporit-nepocujucich\\\/#article\",\"isPartOf\":{\"@id\":\"https:\\\/\\\/www.youthforequality.sk\\\/index.php\\\/2018\\\/06\\\/12\\\/ako-podporit-nepocujucich\\\/\"},\"author\":{\"name\":\"Filip Ku\u017ema\",\"@id\":\"https:\\\/\\\/www.youthforequality.sk\\\/#\\\/schema\\\/person\\\/13a1342f9669c039035c15166bfaf7dd\"},\"headline\":\"Ako podpori\u0165 nepo\u010duj\u00facich?\",\"datePublished\":\"2018-06-12T10:00:00+00:00\",\"dateModified\":\"2020-10-26T16:40:40+00:00\",\"mainEntityOfPage\":{\"@id\":\"https:\\\/\\\/www.youthforequality.sk\\\/index.php\\\/2018\\\/06\\\/12\\\/ako-podporit-nepocujucich\\\/\"},\"wordCount\":163,\"commentCount\":0,\"publisher\":{\"@id\":\"https:\\\/\\\/www.youthforequality.sk\\\/#organization\"},\"articleSection\":[\"Blog\"],\"inLanguage\":\"sk-SK\",\"potentialAction\":[{\"@type\":\"CommentAction\",\"name\":\"Comment\",\"target\":[\"https:\\\/\\\/www.youthforequality.sk\\\/index.php\\\/2018\\\/06\\\/12\\\/ako-podporit-nepocujucich\\\/#respond\"]}]},{\"@type\":\"WebPage\",\"@id\":\"https:\\\/\\\/www.youthforequality.sk\\\/index.php\\\/2018\\\/06\\\/12\\\/ako-podporit-nepocujucich\\\/\",\"url\":\"https:\\\/\\\/www.youthforequality.sk\\\/index.php\\\/2018\\\/06\\\/12\\\/ako-podporit-nepocujucich\\\/\",\"name\":\"Ako podpori\u0165 nepo\u010duj\u00facich? |\",\"isPartOf\":{\"@id\":\"https:\\\/\\\/www.youthforequality.sk\\\/#website\"},\"datePublished\":\"2018-06-12T10:00:00+00:00\",\"dateModified\":\"2020-10-26T16:40:40+00:00\",\"breadcrumb\":{\"@id\":\"https:\\\/\\\/www.youthforequality.sk\\\/index.php\\\/2018\\\/06\\\/12\\\/ako-podporit-nepocujucich\\\/#breadcrumb\"},\"inLanguage\":\"sk-SK\",\"potentialAction\":[{\"@type\":\"ReadAction\",\"target\":[\"https:\\\/\\\/www.youthforequality.sk\\\/index.php\\\/2018\\\/06\\\/12\\\/ako-podporit-nepocujucich\\\/\"]}]},{\"@type\":\"BreadcrumbList\",\"@id\":\"https:\\\/\\\/www.youthforequality.sk\\\/index.php\\\/2018\\\/06\\\/12\\\/ako-podporit-nepocujucich\\\/#breadcrumb\",\"itemListElement\":[{\"@type\":\"ListItem\",\"position\":1,\"name\":\"Home\",\"item\":\"https:\\\/\\\/www.youthforequality.sk\\\/\"},{\"@type\":\"ListItem\",\"position\":2,\"name\":\"Ako podpori\u0165 nepo\u010duj\u00facich?\"}]},{\"@type\":\"WebSite\",\"@id\":\"https:\\\/\\\/www.youthforequality.sk\\\/#website\",\"url\":\"https:\\\/\\\/www.youthforequality.sk\\\/\",\"name\":\"\",\"description\":\"\",\"publisher\":{\"@id\":\"https:\\\/\\\/www.youthforequality.sk\\\/#organization\"},\"potentialAction\":[{\"@type\":\"SearchAction\",\"target\":{\"@type\":\"EntryPoint\",\"urlTemplate\":\"https:\\\/\\\/www.youthforequality.sk\\\/?s={search_term_string}\"},\"query-input\":{\"@type\":\"PropertyValueSpecification\",\"valueRequired\":true,\"valueName\":\"search_term_string\"}}],\"inLanguage\":\"sk-SK\"},{\"@type\":\"Organization\",\"@id\":\"https:\\\/\\\/www.youthforequality.sk\\\/#organization\",\"name\":\"Youth for Equality\",\"url\":\"https:\\\/\\\/www.youthforequality.sk\\\/\",\"logo\":{\"@type\":\"ImageObject\",\"inLanguage\":\"sk-SK\",\"@id\":\"https:\\\/\\\/www.youthforequality.sk\\\/#\\\/schema\\\/logo\\\/image\\\/\",\"url\":\"https:\\\/\\\/www.youthforequality.sk\\\/wp-content\\\/uploads\\\/2021\\\/01\\\/vynovene-logo-nove-farby_modra-na-web.png\",\"contentUrl\":\"https:\\\/\\\/www.youthforequality.sk\\\/wp-content\\\/uploads\\\/2021\\\/01\\\/vynovene-logo-nove-farby_modra-na-web.png\",\"width\":1,\"height\":1,\"caption\":\"Youth for Equality\"},\"image\":{\"@id\":\"https:\\\/\\\/www.youthforequality.sk\\\/#\\\/schema\\\/logo\\\/image\\\/\"},\"sameAs\":[\"https:\\\/\\\/www.facebook.com\\\/yeslovakia\"]},{\"@type\":\"Person\",\"@id\":\"https:\\\/\\\/www.youthforequality.sk\\\/#\\\/schema\\\/person\\\/13a1342f9669c039035c15166bfaf7dd\",\"name\":\"Filip Ku\u017ema\",\"image\":{\"@type\":\"ImageObject\",\"inLanguage\":\"sk-SK\",\"@id\":\"https:\\\/\\\/secure.gravatar.com\\\/avatar\\\/5f16b953992f889ac33be959cbb81fab7225cec203e13cff27b25f35459dbc06?s=96&d=mm&r=g\",\"url\":\"https:\\\/\\\/secure.gravatar.com\\\/avatar\\\/5f16b953992f889ac33be959cbb81fab7225cec203e13cff27b25f35459dbc06?s=96&d=mm&r=g\",\"contentUrl\":\"https:\\\/\\\/secure.gravatar.com\\\/avatar\\\/5f16b953992f889ac33be959cbb81fab7225cec203e13cff27b25f35459dbc06?s=96&d=mm&r=g\",\"caption\":\"Filip Ku\u017ema\"},\"sameAs\":[\"https:\\\/\\\/www.youthforequality.sk\"],\"url\":\"https:\\\/\\\/www.youthforequality.sk\\\/index.php\\\/author\\\/filkuz\\\/\"}]}<\/script>\n<!-- \/ Yoast SEO plugin. -->","yoast_head_json":{"title":"Ako podpori\u0165 nepo\u010duj\u00facich? |","robots":{"index":"index","follow":"follow","max-snippet":"max-snippet:-1","max-image-preview":"max-image-preview:large","max-video-preview":"max-video-preview:-1"},"canonical":"https:\/\/www.youthforequality.sk\/index.php\/2018\/06\/12\/ako-podporit-nepocujucich\/","og_locale":"sk_SK","og_type":"article","og_title":"Ako podpori\u0165 nepo\u010duj\u00facich? |","og_description":"&#8222;Let me hear you&#8220; projekt, kde sa na\u0161i \u00fa\u010dastn\u00edci mohli dozvedie\u0165 viac o invalidite, nau\u010di\u0165 sa z\u00e1klady posunkovej re\u010di, nav\u0161t\u00edvi\u0165 \u0161kolu so sluchovo postihnut\u00fdmi mlad\u00fdmi \u013eu\u010fmi a zorganizova\u0165 flashmob na podporu porozumenia pre takto znev\u00fdhodnen\u00fdch \u013eud\u00ed. Ml\u00e1de\u017en\u00edcku v\u00fdmenu organizovala organiz\u00e1cia Group Symrnes v Turecku, ktorej projekty s\u00fa pre na\u0161ich \u00fa\u010dastn\u00edkov v\u017edy v\u00fdnimo\u010dnou a nezabudnute\u013enou sk\u00fasenos\u0165ou.&hellip;&nbsp;\u010c\u00edta\u0165 viac &raquo;Ako podpori\u0165 nepo\u010duj\u00facich?","og_url":"https:\/\/www.youthforequality.sk\/index.php\/2018\/06\/12\/ako-podporit-nepocujucich\/","article_publisher":"https:\/\/www.facebook.com\/yeslovakia","article_published_time":"2018-06-12T10:00:00+00:00","article_modified_time":"2020-10-26T16:40:40+00:00","author":"Filip Ku\u017ema","twitter_card":"summary_large_image","twitter_misc":{"Autor":"Filip Ku\u017ema","Predpokladan\u00fd \u010das \u010d\u00edtania":"1 min\u00fata"},"schema":{"@context":"https:\/\/schema.org","@graph":[{"@type":"Article","@id":"https:\/\/www.youthforequality.sk\/index.php\/2018\/06\/12\/ako-podporit-nepocujucich\/#article","isPartOf":{"@id":"https:\/\/www.youthforequality.sk\/index.php\/2018\/06\/12\/ako-podporit-nepocujucich\/"},"author":{"name":"Filip Ku\u017ema","@id":"https:\/\/www.youthforequality.sk\/#\/schema\/person\/13a1342f9669c039035c15166bfaf7dd"},"headline":"Ako podpori\u0165 nepo\u010duj\u00facich?","datePublished":"2018-06-12T10:00:00+00:00","dateModified":"2020-10-26T16:40:40+00:00","mainEntityOfPage":{"@id":"https:\/\/www.youthforequality.sk\/index.php\/2018\/06\/12\/ako-podporit-nepocujucich\/"},"wordCount":163,"commentCount":0,"publisher":{"@id":"https:\/\/www.youthforequality.sk\/#organization"},"articleSection":["Blog"],"inLanguage":"sk-SK","potentialAction":[{"@type":"CommentAction","name":"Comment","target":["https:\/\/www.youthforequality.sk\/index.php\/2018\/06\/12\/ako-podporit-nepocujucich\/#respond"]}]},{"@type":"WebPage","@id":"https:\/\/www.youthforequality.sk\/index.php\/2018\/06\/12\/ako-podporit-nepocujucich\/","url":"https:\/\/www.youthforequality.sk\/index.php\/2018\/06\/12\/ako-podporit-nepocujucich\/","name":"Ako podpori\u0165 nepo\u010duj\u00facich? |","isPartOf":{"@id":"https:\/\/www.youthforequality.sk\/#website"},"datePublished":"2018-06-12T10:00:00+00:00","dateModified":"2020-10-26T16:40:40+00:00","breadcrumb":{"@id":"https:\/\/www.youthforequality.sk\/index.php\/2018\/06\/12\/ako-podporit-nepocujucich\/#breadcrumb"},"inLanguage":"sk-SK","potentialAction":[{"@type":"ReadAction","target":["https:\/\/www.youthforequality.sk\/index.php\/2018\/06\/12\/ako-podporit-nepocujucich\/"]}]},{"@type":"BreadcrumbList","@id":"https:\/\/www.youthforequality.sk\/index.php\/2018\/06\/12\/ako-podporit-nepocujucich\/#breadcrumb","itemListElement":[{"@type":"ListItem","position":1,"name":"Home","item":"https:\/\/www.youthforequality.sk\/"},{"@type":"ListItem","position":2,"name":"Ako podpori\u0165 nepo\u010duj\u00facich?"}]},{"@type":"WebSite","@id":"https:\/\/www.youthforequality.sk\/#website","url":"https:\/\/www.youthforequality.sk\/","name":"","description":"","publisher":{"@id":"https:\/\/www.youthforequality.sk\/#organization"},"potentialAction":[{"@type":"SearchAction","target":{"@type":"EntryPoint","urlTemplate":"https:\/\/www.youthforequality.sk\/?s={search_term_string}"},"query-input":{"@type":"PropertyValueSpecification","valueRequired":true,"valueName":"search_term_string"}}],"inLanguage":"sk-SK"},{"@type":"Organization","@id":"https:\/\/www.youthforequality.sk\/#organization","name":"Youth for Equality","url":"https:\/\/www.youthforequality.sk\/","logo":{"@type":"ImageObject","inLanguage":"sk-SK","@id":"https:\/\/www.youthforequality.sk\/#\/schema\/logo\/image\/","url":"https:\/\/www.youthforequality.sk\/wp-content\/uploads\/2021\/01\/vynovene-logo-nove-farby_modra-na-web.png","contentUrl":"https:\/\/www.youthforequality.sk\/wp-content\/uploads\/2021\/01\/vynovene-logo-nove-farby_modra-na-web.png","width":1,"height":1,"caption":"Youth for Equality"},"image":{"@id":"https:\/\/www.youthforequality.sk\/#\/schema\/logo\/image\/"},"sameAs":["https:\/\/www.facebook.com\/yeslovakia"]},{"@type":"Person","@id":"https:\/\/www.youthforequality.sk\/#\/schema\/person\/13a1342f9669c039035c15166bfaf7dd","name":"Filip Ku\u017ema","image":{"@type":"ImageObject","inLanguage":"sk-SK","@id":"https:\/\/secure.gravatar.com\/avatar\/5f16b953992f889ac33be959cbb81fab7225cec203e13cff27b25f35459dbc06?s=96&d=mm&r=g","url":"https:\/\/secure.gravatar.com\/avatar\/5f16b953992f889ac33be959cbb81fab7225cec203e13cff27b25f35459dbc06?s=96&d=mm&r=g","contentUrl":"https:\/\/secure.gravatar.com\/avatar\/5f16b953992f889ac33be959cbb81fab7225cec203e13cff27b25f35459dbc06?s=96&d=mm&r=g","caption":"Filip Ku\u017ema"},"sameAs":["https:\/\/www.youthforequality.sk"],"url":"https:\/\/www.youthforequality.sk\/index.php\/author\/filkuz\/"}]}},"_links":{"self":[{"href":"https:\/\/www.youthforequality.sk\/index.php\/wp-json\/wp\/v2\/posts\/1030","targetHints":{"allow":["GET"]}}],"collection":[{"href":"https:\/\/www.youthforequality.sk\/index.php\/wp-json\/wp\/v2\/posts"}],"about":[{"href":"https:\/\/www.youthforequality.sk\/index.php\/wp-json\/wp\/v2\/types\/post"}],"author":[{"embeddable":true,"href":"https:\/\/www.youthforequality.sk\/index.php\/wp-json\/wp\/v2\/users\/1"}],"replies":[{"embeddable":true,"href":"https:\/\/www.youthforequality.sk\/index.php\/wp-json\/wp\/v2\/comments?post=1030"}],"version-history":[{"count":1,"href":"https:\/\/www.youthforequality.sk\/index.php\/wp-json\/wp\/v2\/posts\/1030\/revisions"}],"predecessor-version":[{"id":1031,"href":"https:\/\/www.youthforequality.sk\/index.php\/wp-json\/wp\/v2\/posts\/1030\/revisions\/1031"}],"wp:attachment":[{"href":"https:\/\/www.youthforequality.sk\/index.php\/wp-json\/wp\/v2\/media?parent=1030"}],"wp:term":[{"taxonomy":"category","embeddable":true,"href":"https:\/\/www.youthforequality.sk\/index.php\/wp-json\/wp\/v2\/categories?post=1030"},{"taxonomy":"post_tag","embeddable":true,"href":"https:\/\/www.youthforequality.sk\/index.php\/wp-json\/wp\/v2\/tags?post=1030"}],"curies":[{"name":"wp","href":"https:\/\/api.w.org\/{rel}","templated":true}]}}