{"id":1032,"date":"2018-06-12T10:00:00","date_gmt":"2018-06-12T10:00:00","guid":{"rendered":"https:\/\/www.youthforequality.sk\/index.php\/2020\/06\/23\/ako-podporit-nepocujucich-copy\/"},"modified":"2020-10-26T16:40:59","modified_gmt":"2020-10-26T16:40:59","slug":"ekologicky-projekt-v-turecku","status":"publish","type":"post","link":"https:\/\/www.youthforequality.sk\/index.php\/2018\/06\/12\/ekologicky-projekt-v-turecku\/","title":{"rendered":"Ekologick\u00fd projekt v Turecku"},"content":{"rendered":"\n<p>&#8222;Turecko. Krajina mimo EU. Pre mnoh\u00fdch pln\u00e1 predsudkov, vzbudzuj\u00faca strach, religi\u00f3zne nepochopenie.. Ale krajina, ktor\u00fa mus\u00edte za\u017ei\u0165. Odpor\u00fa\u010dam to v\u0161etko hodi\u0165 za hlavu, a ako sa vrav\u00ed &#8211; lep\u0161ie raz vidie\u0165, ako stokr\u00e1t po\u010du\u0165. Ke\u010f som sa dozvedela o projekte, nev\u00e1hala som a hne\u010f som sa prihl\u00e1sila, zabookovala letenku a \u010dakala na ten \u010das, kedy to pr\u00edde. Ke\u010f\u017ee \u0161tudujem na V\u0160, mal to by\u0165 projekt za odmenu po sk\u00fa\u0161kovom obdob\u00ed. S\u00edce sa mi nepodarilo spravi\u0165 v\u0161etky sk\u00fa\u0161ky do tohto term\u00ednu, no u\u017eila som si ho na pln\u00e9 d\u00fa\u0161ky. \u010co vieme, \u010dert nikdy nesp\u00ed a u\u017e od za\u010diatku cesty som mala trampoty. E\u0161te je len piatok a moja SIM karta sa hne\u010f po pr\u00edchode do Bratislavy rozhodla presta\u0165 fungova\u0165, zme\u0161kala som nejak\u00e9 lety a in\u00e9 drobnosti, ktor\u00e9 by mi jeden neuveril. Nevad\u00ed, dobr\u00fdch \u013eud\u00ed je v\u0161ade ve\u013ea a o tom som sa presvied\u010dala cel\u00fd projekt aj cestu. Bez oh\u013eadu na n\u00e1rodnos\u0165, rasu, n\u00e1bo\u017eensk\u00e9 presved\u010denie, re\u010d prejavu\u2026 V\u0161etci sme \u013eudia, pam\u00e4tajte. I ke\u010f som let z Istanbulu do Izmiru zme\u0161kala, \u00faspe\u0161ne som sa dostala do cie\u013eov\u00e9ho miesta. Zo slovenskej deleg\u00e1cie som bola prv\u00e1. \u010cakalo ma pr\u00edjemn\u00e9 zv\u00edtanie s ostatn\u00fdmi krajinami a pohodov\u00fd ve\u010der. Sledoval sa futbal, len tak sa kl\u00e1bosilo a vy\u010dk\u00e1valo na ostatn\u00fdch \u010dlenov deleg\u00e1ci\u00ed. Na druhej strane ale\u2026! \u0160ok. Izby, v ktor\u00fdch sme mali b\u00fdva\u0165, absol\u00fatne nezodpovedali obr\u00e1zkom a popisu, ktor\u00e9 n\u00e1m boli prezentovan\u00e9. To, ako vyzerali, v\u00e1m rad\u0161ej ani nepopisujem. Tr\u00e9ner projektu v hoteli e\u0161te nebol, preto\u017ee mal in\u00e9 povinnosti a hlavne zabezpe\u010doval transport ostatn\u00fdch \u00fa\u010dastn\u00edkov na miesto projektu. Aj on bol z toho ubytovania v \u0161oku. Ke\u010f\u017ee nebol hlavn\u00fdm organiz\u00e1torom, netu\u0161il, ako hotel vyzer\u00e1. Vedel ale, \u017ee si svoju reput\u00e1ciu nesmie a nechce zni\u010di\u0165. Preto sme na druh\u00fd de\u0148 zmenili hotel, kde sme u\u017e mali kr\u00e1sny v\u00fdh\u013ead z okna na more, gr\u00e9cke ostrovy a po\u010das vo\u013en\u00e9ho \u010dasu sme sa k\u00fapali v hotelovom baz\u00e9ne. Organiz\u00e1torom v tomto smere patr\u00ed ve\u013ek\u00e1 v\u010faka za trpezlivos\u0165 a ochotu po\u010das noci n\u00e1js\u0165 n\u00e1hradn\u00e9 ubytovanie pre takmer 50 \u00fa\u010dastn\u00edkov. Projekt sa mohol za\u010da\u0165. Po\u010das cel\u00e9ho t\u00fd\u017ed\u0148a sme sa informovali o mo\u017en\u00fdch znovu obnovite\u013en\u00fdch zdrojoch a alternat\u00edvnej energii, a tie\u017e sme zis\u0165ovali, ak\u00fd m\u00e1 ktor\u00e1 krajina vyu\u017eite\u013en\u00fd potenci\u00e1l. V\u00fdstupom cel\u00e9ho projektu bolo &#8222;postavi\u0165&#8220; GREEN-ENERGY HOUSE. V piatich skupin\u00e1ch vzniklo 5 r\u00f4znych projektov. Domy boli situovan\u00e9 v r\u00f4znych krajin\u00e1ch tak, aby dok\u00e1zali vyrobi\u0165 energiu pre cel\u00fa dom\u00e1cnos\u0165 z \u010do najviac obnovite\u013en\u00fdch zdrojov. Patr\u00ed tu vodn\u00e1 energia, vetern\u00e1, geoterm\u00e1lne pramene a biomasa. Ka\u017ed\u00fd z t\u00fdchto zdrojov m\u00e1 viacero alternat\u00edv a tie si u\u017e ka\u017ed\u00fd dom prisp\u00f4sobil svojim potreb\u00e1m a mo\u017enostiam vyu\u017eitia. Cie\u013eom tak\u00fdchto projektov je neform\u00e1lne vzdel\u00e1vanie. A ke\u010f\u017ee sa v\u017edy stret\u00e1va nieko\u013eko kraj\u00edn, in\u00fdm cie\u013eom je tie\u017e poznanie ostatn\u00fdch kult\u00far. T\u00fdm sme sa u\u010dili nielen skrz be\u017en\u00fa konverz\u00e1ciu a pr\u00e1cu v spolo\u010dn\u00fdch skupink\u00e1ch, ale aj prostredn\u00edctvom jazykov\u00fdch r\u00fdchlokurzov a kult\u00farnych ve\u010derov. Mali sme mo\u017enos\u0165 bli\u017e\u0161ie spozna\u0165 Maced\u00f3nsko, Portugalsko, Gr\u00e9cko, Rumunsko, Litvu a samozrejme Turecko. Turci, ako hostitelia, n\u00e1m v r\u00e1mci prezent\u00e1cie svojej kult\u00fary, zvykov, pohostinnosti, ale aj be\u017en\u00e9ho \u017eivota uk\u00e1zali mesto, zozn\u00e1mili sme sa s predstavite\u013emi mesta a z\u00e1stupcami riadenia \u0161kolstva v danom regi\u00f3ne a tie\u017e sme sa pozreli, ako to na ich be\u017enej strednej \u0161kole vyzer\u00e1. Verte, m\u00e1me im \u010do z\u00e1vidie\u0165! Modern\u00e9 triedy, \u0161pecializovan\u00e9 u\u010debne, smart tabule vo v\u0161etk\u00fdch miestnostiach, priestor na oddych po\u010das prest\u00e1vok, priestrann\u00e1 \u0161tudov\u0148a, \u010di mo\u017enos\u0165 obedova\u0165 na vonkaj\u0161ej terase s v\u00fdh\u013eadom na more. Jednoducho \u00fa\u017easn\u00e9! Do takej \u0161koly &#8211; rados\u0165 chodi\u0165. Nu\u017e, t\u00fd\u017ede\u0148 zbehol ako voda a neostalo n\u00e1m u\u017e ni\u010d in\u00e9, len sa rozl\u00fa\u010di\u0165 a vr\u00e1ti\u0165 sa sp\u00e4\u0165 do na\u0161ich domovov. Spoznala som ve\u013ea mlad\u00fdch \u013eud\u00ed z r\u00f4znych kraj\u00edn. Z\u00e1\u017eitky a spomienky zostan\u00fa zachyten\u00e9 na fotografi\u00e1ch, ale o to intenz\u00edvnej\u0161ie v na\u0161ich pam\u00e4tiach. Ver\u00edm, \u017ee ich stretnem e\u0161te na in\u00fdch projektoch alebo len tak &#8211; na cest\u00e1ch po Eur\u00f3pe aj mimo nej. Erasmus+ mi d\u00e1va neobmedzen\u00e9 mo\u017enosti nav\u0161t\u00edvi\u0165 mnoho kraj\u00edn a rovnako spozna\u0165 \u013eud\u00ed t\u00fdchto n\u00e1rodnost\u00ed. Ka\u017ed\u00fd sme in\u00fd. V\u0161etci sa od seba nie\u010d\u00edm l\u00ed\u0161ime, m\u00e1me svoje zvyky, trad\u00edcie, n\u00e1bo\u017eenstvo, jazyk\u2026 No sme \u013eudia a sme Eur\u00f3pania. Erasmus+ ma u\u010d\u00ed by\u0165 viac otvorenou a zbavuje ma predsudkov a stereotypov. Ak st\u00e1le v\u00e1ha\u0161 \u010di sa tak\u00e9ho projektu z\u00fa\u010dastni\u0165, tak to r\u00fdchlo zme\u0148! E\u00da ti d\u00e1va mo\u017enos\u0165 \u010derpa\u0165 vedomosti neform\u00e1lnym vzdel\u00e1van\u00edm, roz\u0161irova\u0165 si obzory, nau\u010di\u0165 sa nov\u00e9 veci od profesion\u00e1lov a pozn\u00e1va\u0165 n\u00e1rody a ich mentality. \u010co vie\u0161?\u2026 Mo\u017eno ti niekde u\u010dar\u00ed. Premrha\u0165 tak\u00fato mo\u017enos\u0165 tvojej mladosti je ve\u013ek\u00e1 \u0161koda. Preto cho\u010f a z\u00edskaj sk\u00fasenos\u0165. Lebo: &#8222;Investment in travel is an investment in yourself.&#8220; ~ Matthew Karsten&#8220;<\/p>\n\n\n\n<p>MAJKA<\/p>\n","protected":false},"excerpt":{"rendered":"<p>&#8222;Turecko. Krajina mimo EU. Pre mnoh\u00fdch pln\u00e1 predsudkov, vzbudzuj\u00faca strach, religi\u00f3zne nepochopenie.. Ale krajina, ktor\u00fa mus\u00edte za\u017ei\u0165. Odpor\u00fa\u010dam to v\u0161etko hodi\u0165 za hlavu, a ako sa vrav\u00ed &#8211; lep\u0161ie raz vidie\u0165, ako stokr\u00e1t po\u010du\u0165. Ke\u010f som sa dozvedela o projekte, nev\u00e1hala som a hne\u010f som sa prihl\u00e1sila, zabookovala letenku a \u010dakala na ten \u010das, kedy&hellip;&nbsp;<a href=\"https:\/\/www.youthforequality.sk\/index.php\/2018\/06\/12\/ekologicky-projekt-v-turecku\/\" class=\"\" rel=\"bookmark\">\u010c\u00edta\u0165 viac &raquo;<span class=\"screen-reader-text\">Ekologick\u00fd projekt v Turecku<\/span><\/a><\/p>\n","protected":false},"author":1,"featured_media":1033,"comment_status":"open","ping_status":"open","sticky":false,"template":"template-full-width.php","format":"standard","meta":{"_uf_show_specific_survey":0,"_uf_disable_surveys":false,"neve_meta_sidebar":"","neve_meta_container":"","neve_meta_enable_content_width":"","neve_meta_content_width":0,"neve_meta_title_alignment":"","neve_meta_author_avatar":"","neve_post_elements_order":"","neve_meta_disable_header":"","neve_meta_disable_footer":"","neve_meta_disable_title":"","_themeisle_gutenberg_block_has_review":false,"footnotes":""},"categories":[3],"tags":[],"class_list":["post-1032","post","type-post","status-publish","format-standard","has-post-thumbnail","hentry","category-blog"],"yoast_head":"<!-- This site is optimized with the Yoast SEO plugin v27.4 - https:\/\/yoast.com\/product\/yoast-seo-wordpress\/ -->\n<title>Ekologick\u00fd projekt v Turecku |<\/title>\n<meta name=\"robots\" content=\"index, follow, max-snippet:-1, max-image-preview:large, max-video-preview:-1\" \/>\n<link rel=\"canonical\" href=\"https:\/\/www.youthforequality.sk\/index.php\/2018\/06\/12\/ekologicky-projekt-v-turecku\/\" \/>\n<meta property=\"og:locale\" content=\"sk_SK\" \/>\n<meta property=\"og:type\" content=\"article\" \/>\n<meta property=\"og:title\" content=\"Ekologick\u00fd projekt v Turecku |\" \/>\n<meta property=\"og:description\" content=\"&#8222;Turecko. Krajina mimo EU. Pre mnoh\u00fdch pln\u00e1 predsudkov, vzbudzuj\u00faca strach, religi\u00f3zne nepochopenie.. Ale krajina, ktor\u00fa mus\u00edte za\u017ei\u0165. Odpor\u00fa\u010dam to v\u0161etko hodi\u0165 za hlavu, a ako sa vrav\u00ed &#8211; lep\u0161ie raz vidie\u0165, ako stokr\u00e1t po\u010du\u0165. Ke\u010f som sa dozvedela o projekte, nev\u00e1hala som a hne\u010f som sa prihl\u00e1sila, zabookovala letenku a \u010dakala na ten \u010das, kedy&hellip;&nbsp;\u010c\u00edta\u0165 viac &raquo;Ekologick\u00fd projekt v Turecku\" \/>\n<meta property=\"og:url\" content=\"https:\/\/www.youthforequality.sk\/index.php\/2018\/06\/12\/ekologicky-projekt-v-turecku\/\" \/>\n<meta property=\"article:publisher\" content=\"https:\/\/www.facebook.com\/yeslovakia\" \/>\n<meta property=\"article:published_time\" content=\"2018-06-12T10:00:00+00:00\" \/>\n<meta property=\"article:modified_time\" content=\"2020-10-26T16:40:59+00:00\" \/>\n<meta property=\"og:image\" content=\"https:\/\/www.youthforequality.sk\/wp-content\/uploads\/2020\/06\/turecko.jpg\" \/>\n\t<meta property=\"og:image:width\" content=\"960\" \/>\n\t<meta property=\"og:image:height\" content=\"720\" \/>\n\t<meta property=\"og:image:type\" content=\"image\/jpeg\" \/>\n<meta name=\"author\" content=\"Filip Ku\u017ema\" \/>\n<meta name=\"twitter:card\" content=\"summary_large_image\" \/>\n<meta name=\"twitter:label1\" content=\"Autor\" \/>\n\t<meta name=\"twitter:data1\" content=\"Filip Ku\u017ema\" \/>\n\t<meta name=\"twitter:label2\" content=\"Predpokladan\u00fd \u010das \u010d\u00edtania\" \/>\n\t<meta name=\"twitter:data2\" content=\"5 min\u00fat\" \/>\n<script type=\"application\/ld+json\" class=\"yoast-schema-graph\">{\"@context\":\"https:\\\/\\\/schema.org\",\"@graph\":[{\"@type\":\"Article\",\"@id\":\"https:\\\/\\\/www.youthforequality.sk\\\/index.php\\\/2018\\\/06\\\/12\\\/ekologicky-projekt-v-turecku\\\/#article\",\"isPartOf\":{\"@id\":\"https:\\\/\\\/www.youthforequality.sk\\\/index.php\\\/2018\\\/06\\\/12\\\/ekologicky-projekt-v-turecku\\\/\"},\"author\":{\"name\":\"Filip Ku\u017ema\",\"@id\":\"https:\\\/\\\/www.youthforequality.sk\\\/#\\\/schema\\\/person\\\/13a1342f9669c039035c15166bfaf7dd\"},\"headline\":\"Ekologick\u00fd projekt v Turecku\",\"datePublished\":\"2018-06-12T10:00:00+00:00\",\"dateModified\":\"2020-10-26T16:40:59+00:00\",\"mainEntityOfPage\":{\"@id\":\"https:\\\/\\\/www.youthforequality.sk\\\/index.php\\\/2018\\\/06\\\/12\\\/ekologicky-projekt-v-turecku\\\/\"},\"wordCount\":957,\"commentCount\":0,\"publisher\":{\"@id\":\"https:\\\/\\\/www.youthforequality.sk\\\/#organization\"},\"image\":{\"@id\":\"https:\\\/\\\/www.youthforequality.sk\\\/index.php\\\/2018\\\/06\\\/12\\\/ekologicky-projekt-v-turecku\\\/#primaryimage\"},\"thumbnailUrl\":\"https:\\\/\\\/www.youthforequality.sk\\\/wp-content\\\/uploads\\\/2020\\\/06\\\/turecko.jpg\",\"articleSection\":[\"Blog\"],\"inLanguage\":\"sk-SK\",\"potentialAction\":[{\"@type\":\"CommentAction\",\"name\":\"Comment\",\"target\":[\"https:\\\/\\\/www.youthforequality.sk\\\/index.php\\\/2018\\\/06\\\/12\\\/ekologicky-projekt-v-turecku\\\/#respond\"]}]},{\"@type\":\"WebPage\",\"@id\":\"https:\\\/\\\/www.youthforequality.sk\\\/index.php\\\/2018\\\/06\\\/12\\\/ekologicky-projekt-v-turecku\\\/\",\"url\":\"https:\\\/\\\/www.youthforequality.sk\\\/index.php\\\/2018\\\/06\\\/12\\\/ekologicky-projekt-v-turecku\\\/\",\"name\":\"Ekologick\u00fd projekt v Turecku |\",\"isPartOf\":{\"@id\":\"https:\\\/\\\/www.youthforequality.sk\\\/#website\"},\"primaryImageOfPage\":{\"@id\":\"https:\\\/\\\/www.youthforequality.sk\\\/index.php\\\/2018\\\/06\\\/12\\\/ekologicky-projekt-v-turecku\\\/#primaryimage\"},\"image\":{\"@id\":\"https:\\\/\\\/www.youthforequality.sk\\\/index.php\\\/2018\\\/06\\\/12\\\/ekologicky-projekt-v-turecku\\\/#primaryimage\"},\"thumbnailUrl\":\"https:\\\/\\\/www.youthforequality.sk\\\/wp-content\\\/uploads\\\/2020\\\/06\\\/turecko.jpg\",\"datePublished\":\"2018-06-12T10:00:00+00:00\",\"dateModified\":\"2020-10-26T16:40:59+00:00\",\"breadcrumb\":{\"@id\":\"https:\\\/\\\/www.youthforequality.sk\\\/index.php\\\/2018\\\/06\\\/12\\\/ekologicky-projekt-v-turecku\\\/#breadcrumb\"},\"inLanguage\":\"sk-SK\",\"potentialAction\":[{\"@type\":\"ReadAction\",\"target\":[\"https:\\\/\\\/www.youthforequality.sk\\\/index.php\\\/2018\\\/06\\\/12\\\/ekologicky-projekt-v-turecku\\\/\"]}]},{\"@type\":\"ImageObject\",\"inLanguage\":\"sk-SK\",\"@id\":\"https:\\\/\\\/www.youthforequality.sk\\\/index.php\\\/2018\\\/06\\\/12\\\/ekologicky-projekt-v-turecku\\\/#primaryimage\",\"url\":\"https:\\\/\\\/www.youthforequality.sk\\\/wp-content\\\/uploads\\\/2020\\\/06\\\/turecko.jpg\",\"contentUrl\":\"https:\\\/\\\/www.youthforequality.sk\\\/wp-content\\\/uploads\\\/2020\\\/06\\\/turecko.jpg\",\"width\":960,\"height\":720},{\"@type\":\"BreadcrumbList\",\"@id\":\"https:\\\/\\\/www.youthforequality.sk\\\/index.php\\\/2018\\\/06\\\/12\\\/ekologicky-projekt-v-turecku\\\/#breadcrumb\",\"itemListElement\":[{\"@type\":\"ListItem\",\"position\":1,\"name\":\"Home\",\"item\":\"https:\\\/\\\/www.youthforequality.sk\\\/\"},{\"@type\":\"ListItem\",\"position\":2,\"name\":\"Ekologick\u00fd projekt v Turecku\"}]},{\"@type\":\"WebSite\",\"@id\":\"https:\\\/\\\/www.youthforequality.sk\\\/#website\",\"url\":\"https:\\\/\\\/www.youthforequality.sk\\\/\",\"name\":\"\",\"description\":\"\",\"publisher\":{\"@id\":\"https:\\\/\\\/www.youthforequality.sk\\\/#organization\"},\"potentialAction\":[{\"@type\":\"SearchAction\",\"target\":{\"@type\":\"EntryPoint\",\"urlTemplate\":\"https:\\\/\\\/www.youthforequality.sk\\\/?s={search_term_string}\"},\"query-input\":{\"@type\":\"PropertyValueSpecification\",\"valueRequired\":true,\"valueName\":\"search_term_string\"}}],\"inLanguage\":\"sk-SK\"},{\"@type\":\"Organization\",\"@id\":\"https:\\\/\\\/www.youthforequality.sk\\\/#organization\",\"name\":\"Youth for Equality\",\"url\":\"https:\\\/\\\/www.youthforequality.sk\\\/\",\"logo\":{\"@type\":\"ImageObject\",\"inLanguage\":\"sk-SK\",\"@id\":\"https:\\\/\\\/www.youthforequality.sk\\\/#\\\/schema\\\/logo\\\/image\\\/\",\"url\":\"https:\\\/\\\/www.youthforequality.sk\\\/wp-content\\\/uploads\\\/2021\\\/01\\\/vynovene-logo-nove-farby_modra-na-web.png\",\"contentUrl\":\"https:\\\/\\\/www.youthforequality.sk\\\/wp-content\\\/uploads\\\/2021\\\/01\\\/vynovene-logo-nove-farby_modra-na-web.png\",\"width\":1,\"height\":1,\"caption\":\"Youth for Equality\"},\"image\":{\"@id\":\"https:\\\/\\\/www.youthforequality.sk\\\/#\\\/schema\\\/logo\\\/image\\\/\"},\"sameAs\":[\"https:\\\/\\\/www.facebook.com\\\/yeslovakia\"]},{\"@type\":\"Person\",\"@id\":\"https:\\\/\\\/www.youthforequality.sk\\\/#\\\/schema\\\/person\\\/13a1342f9669c039035c15166bfaf7dd\",\"name\":\"Filip Ku\u017ema\",\"image\":{\"@type\":\"ImageObject\",\"inLanguage\":\"sk-SK\",\"@id\":\"https:\\\/\\\/secure.gravatar.com\\\/avatar\\\/5f16b953992f889ac33be959cbb81fab7225cec203e13cff27b25f35459dbc06?s=96&d=mm&r=g\",\"url\":\"https:\\\/\\\/secure.gravatar.com\\\/avatar\\\/5f16b953992f889ac33be959cbb81fab7225cec203e13cff27b25f35459dbc06?s=96&d=mm&r=g\",\"contentUrl\":\"https:\\\/\\\/secure.gravatar.com\\\/avatar\\\/5f16b953992f889ac33be959cbb81fab7225cec203e13cff27b25f35459dbc06?s=96&d=mm&r=g\",\"caption\":\"Filip Ku\u017ema\"},\"sameAs\":[\"https:\\\/\\\/www.youthforequality.sk\"],\"url\":\"https:\\\/\\\/www.youthforequality.sk\\\/index.php\\\/author\\\/filkuz\\\/\"}]}<\/script>\n<!-- \/ Yoast SEO plugin. -->","yoast_head_json":{"title":"Ekologick\u00fd projekt v Turecku |","robots":{"index":"index","follow":"follow","max-snippet":"max-snippet:-1","max-image-preview":"max-image-preview:large","max-video-preview":"max-video-preview:-1"},"canonical":"https:\/\/www.youthforequality.sk\/index.php\/2018\/06\/12\/ekologicky-projekt-v-turecku\/","og_locale":"sk_SK","og_type":"article","og_title":"Ekologick\u00fd projekt v Turecku |","og_description":"&#8222;Turecko. Krajina mimo EU. Pre mnoh\u00fdch pln\u00e1 predsudkov, vzbudzuj\u00faca strach, religi\u00f3zne nepochopenie.. Ale krajina, ktor\u00fa mus\u00edte za\u017ei\u0165. Odpor\u00fa\u010dam to v\u0161etko hodi\u0165 za hlavu, a ako sa vrav\u00ed &#8211; lep\u0161ie raz vidie\u0165, ako stokr\u00e1t po\u010du\u0165. Ke\u010f som sa dozvedela o projekte, nev\u00e1hala som a hne\u010f som sa prihl\u00e1sila, zabookovala letenku a \u010dakala na ten \u010das, kedy&hellip;&nbsp;\u010c\u00edta\u0165 viac &raquo;Ekologick\u00fd projekt v Turecku","og_url":"https:\/\/www.youthforequality.sk\/index.php\/2018\/06\/12\/ekologicky-projekt-v-turecku\/","article_publisher":"https:\/\/www.facebook.com\/yeslovakia","article_published_time":"2018-06-12T10:00:00+00:00","article_modified_time":"2020-10-26T16:40:59+00:00","og_image":[{"width":960,"height":720,"url":"https:\/\/www.youthforequality.sk\/wp-content\/uploads\/2020\/06\/turecko.jpg","type":"image\/jpeg"}],"author":"Filip Ku\u017ema","twitter_card":"summary_large_image","twitter_misc":{"Autor":"Filip Ku\u017ema","Predpokladan\u00fd \u010das \u010d\u00edtania":"5 min\u00fat"},"schema":{"@context":"https:\/\/schema.org","@graph":[{"@type":"Article","@id":"https:\/\/www.youthforequality.sk\/index.php\/2018\/06\/12\/ekologicky-projekt-v-turecku\/#article","isPartOf":{"@id":"https:\/\/www.youthforequality.sk\/index.php\/2018\/06\/12\/ekologicky-projekt-v-turecku\/"},"author":{"name":"Filip Ku\u017ema","@id":"https:\/\/www.youthforequality.sk\/#\/schema\/person\/13a1342f9669c039035c15166bfaf7dd"},"headline":"Ekologick\u00fd projekt v Turecku","datePublished":"2018-06-12T10:00:00+00:00","dateModified":"2020-10-26T16:40:59+00:00","mainEntityOfPage":{"@id":"https:\/\/www.youthforequality.sk\/index.php\/2018\/06\/12\/ekologicky-projekt-v-turecku\/"},"wordCount":957,"commentCount":0,"publisher":{"@id":"https:\/\/www.youthforequality.sk\/#organization"},"image":{"@id":"https:\/\/www.youthforequality.sk\/index.php\/2018\/06\/12\/ekologicky-projekt-v-turecku\/#primaryimage"},"thumbnailUrl":"https:\/\/www.youthforequality.sk\/wp-content\/uploads\/2020\/06\/turecko.jpg","articleSection":["Blog"],"inLanguage":"sk-SK","potentialAction":[{"@type":"CommentAction","name":"Comment","target":["https:\/\/www.youthforequality.sk\/index.php\/2018\/06\/12\/ekologicky-projekt-v-turecku\/#respond"]}]},{"@type":"WebPage","@id":"https:\/\/www.youthforequality.sk\/index.php\/2018\/06\/12\/ekologicky-projekt-v-turecku\/","url":"https:\/\/www.youthforequality.sk\/index.php\/2018\/06\/12\/ekologicky-projekt-v-turecku\/","name":"Ekologick\u00fd projekt v Turecku |","isPartOf":{"@id":"https:\/\/www.youthforequality.sk\/#website"},"primaryImageOfPage":{"@id":"https:\/\/www.youthforequality.sk\/index.php\/2018\/06\/12\/ekologicky-projekt-v-turecku\/#primaryimage"},"image":{"@id":"https:\/\/www.youthforequality.sk\/index.php\/2018\/06\/12\/ekologicky-projekt-v-turecku\/#primaryimage"},"thumbnailUrl":"https:\/\/www.youthforequality.sk\/wp-content\/uploads\/2020\/06\/turecko.jpg","datePublished":"2018-06-12T10:00:00+00:00","dateModified":"2020-10-26T16:40:59+00:00","breadcrumb":{"@id":"https:\/\/www.youthforequality.sk\/index.php\/2018\/06\/12\/ekologicky-projekt-v-turecku\/#breadcrumb"},"inLanguage":"sk-SK","potentialAction":[{"@type":"ReadAction","target":["https:\/\/www.youthforequality.sk\/index.php\/2018\/06\/12\/ekologicky-projekt-v-turecku\/"]}]},{"@type":"ImageObject","inLanguage":"sk-SK","@id":"https:\/\/www.youthforequality.sk\/index.php\/2018\/06\/12\/ekologicky-projekt-v-turecku\/#primaryimage","url":"https:\/\/www.youthforequality.sk\/wp-content\/uploads\/2020\/06\/turecko.jpg","contentUrl":"https:\/\/www.youthforequality.sk\/wp-content\/uploads\/2020\/06\/turecko.jpg","width":960,"height":720},{"@type":"BreadcrumbList","@id":"https:\/\/www.youthforequality.sk\/index.php\/2018\/06\/12\/ekologicky-projekt-v-turecku\/#breadcrumb","itemListElement":[{"@type":"ListItem","position":1,"name":"Home","item":"https:\/\/www.youthforequality.sk\/"},{"@type":"ListItem","position":2,"name":"Ekologick\u00fd projekt v Turecku"}]},{"@type":"WebSite","@id":"https:\/\/www.youthforequality.sk\/#website","url":"https:\/\/www.youthforequality.sk\/","name":"","description":"","publisher":{"@id":"https:\/\/www.youthforequality.sk\/#organization"},"potentialAction":[{"@type":"SearchAction","target":{"@type":"EntryPoint","urlTemplate":"https:\/\/www.youthforequality.sk\/?s={search_term_string}"},"query-input":{"@type":"PropertyValueSpecification","valueRequired":true,"valueName":"search_term_string"}}],"inLanguage":"sk-SK"},{"@type":"Organization","@id":"https:\/\/www.youthforequality.sk\/#organization","name":"Youth for Equality","url":"https:\/\/www.youthforequality.sk\/","logo":{"@type":"ImageObject","inLanguage":"sk-SK","@id":"https:\/\/www.youthforequality.sk\/#\/schema\/logo\/image\/","url":"https:\/\/www.youthforequality.sk\/wp-content\/uploads\/2021\/01\/vynovene-logo-nove-farby_modra-na-web.png","contentUrl":"https:\/\/www.youthforequality.sk\/wp-content\/uploads\/2021\/01\/vynovene-logo-nove-farby_modra-na-web.png","width":1,"height":1,"caption":"Youth for Equality"},"image":{"@id":"https:\/\/www.youthforequality.sk\/#\/schema\/logo\/image\/"},"sameAs":["https:\/\/www.facebook.com\/yeslovakia"]},{"@type":"Person","@id":"https:\/\/www.youthforequality.sk\/#\/schema\/person\/13a1342f9669c039035c15166bfaf7dd","name":"Filip Ku\u017ema","image":{"@type":"ImageObject","inLanguage":"sk-SK","@id":"https:\/\/secure.gravatar.com\/avatar\/5f16b953992f889ac33be959cbb81fab7225cec203e13cff27b25f35459dbc06?s=96&d=mm&r=g","url":"https:\/\/secure.gravatar.com\/avatar\/5f16b953992f889ac33be959cbb81fab7225cec203e13cff27b25f35459dbc06?s=96&d=mm&r=g","contentUrl":"https:\/\/secure.gravatar.com\/avatar\/5f16b953992f889ac33be959cbb81fab7225cec203e13cff27b25f35459dbc06?s=96&d=mm&r=g","caption":"Filip Ku\u017ema"},"sameAs":["https:\/\/www.youthforequality.sk"],"url":"https:\/\/www.youthforequality.sk\/index.php\/author\/filkuz\/"}]}},"_links":{"self":[{"href":"https:\/\/www.youthforequality.sk\/index.php\/wp-json\/wp\/v2\/posts\/1032","targetHints":{"allow":["GET"]}}],"collection":[{"href":"https:\/\/www.youthforequality.sk\/index.php\/wp-json\/wp\/v2\/posts"}],"about":[{"href":"https:\/\/www.youthforequality.sk\/index.php\/wp-json\/wp\/v2\/types\/post"}],"author":[{"embeddable":true,"href":"https:\/\/www.youthforequality.sk\/index.php\/wp-json\/wp\/v2\/users\/1"}],"replies":[{"embeddable":true,"href":"https:\/\/www.youthforequality.sk\/index.php\/wp-json\/wp\/v2\/comments?post=1032"}],"version-history":[{"count":1,"href":"https:\/\/www.youthforequality.sk\/index.php\/wp-json\/wp\/v2\/posts\/1032\/revisions"}],"predecessor-version":[{"id":1034,"href":"https:\/\/www.youthforequality.sk\/index.php\/wp-json\/wp\/v2\/posts\/1032\/revisions\/1034"}],"wp:featuredmedia":[{"embeddable":true,"href":"https:\/\/www.youthforequality.sk\/index.php\/wp-json\/wp\/v2\/media\/1033"}],"wp:attachment":[{"href":"https:\/\/www.youthforequality.sk\/index.php\/wp-json\/wp\/v2\/media?parent=1032"}],"wp:term":[{"taxonomy":"category","embeddable":true,"href":"https:\/\/www.youthforequality.sk\/index.php\/wp-json\/wp\/v2\/categories?post=1032"},{"taxonomy":"post_tag","embeddable":true,"href":"https:\/\/www.youthforequality.sk\/index.php\/wp-json\/wp\/v2\/tags?post=1032"}],"curies":[{"name":"wp","href":"https:\/\/api.w.org\/{rel}","templated":true}]}}