{"id":1035,"date":"2018-06-12T10:00:00","date_gmt":"2018-06-12T10:00:00","guid":{"rendered":"https:\/\/www.youthforequality.sk\/index.php\/2020\/06\/23\/ako-podporit-nepocujucich-copy\/"},"modified":"2020-10-26T16:41:13","modified_gmt":"2020-10-26T16:41:13","slug":"skus-nas-rozosmiat","status":"publish","type":"post","link":"https:\/\/www.youthforequality.sk\/index.php\/2018\/06\/12\/skus-nas-rozosmiat\/","title":{"rendered":"Sk\u00fas n\u00e1s rozosmia\u0165"},"content":{"rendered":"\n<p>&#8222;Ml\u00e1de\u017en\u00edcka v\u00fdmena &#8222;All-round Entertainer&#8220; v Po\u013esku. Mus\u00edm sa za seba prizna\u0165, \u017ee som si ve\u013emi nepre\u0161tudovala, kam presne sa chyst\u00e1me, dedinka Star\u00e9 Juchy mi pod\u013ea n\u00e1zvu ni\u010d nehovorila, ale po dlh\u0161om \u010dase v meste som si povedala, \u017ee to bude okrem z\u00edskania nov\u00fdch vedomost\u00ed ur\u010dite aj skvel\u00fd relax v pr\u00edrode. Na ubytovanie sme dorazili v skor\u00fdch rann\u00fdch hodin\u00e1ch a ako n\u00e1m povedali ostatn\u00ed, neboli sme jedin\u00ed, kto bol prekvapen\u00ed, \u017ee sme v\u0161etci ubytovan\u00ed v jednej obrovskej izbe. Najprv som si hovorila, \u017ee to sn\u00e1\u010f ani nep\u00f4jde, ale za nieko\u013eko dn\u00ed sme to u\u017e ani nevn\u00edmali, vedeli sme si vyjs\u0165 v \u00fastrety \u2026 a\u017e na 28 rann\u00fdch bud\u00edkov :D. Vzh\u013eadom na to, \u017ee projekt trval a\u017e 10 dn\u00ed prv\u00e9 dva dni boli viac menej zoznamovacie tj. icebreakers, team building aktivity a samozrejme sme rie\u0161ili ako vlastne vyzer\u00e1 spr\u00e1vny &#8222;All-roundentertainer&#8220;. Za tento \u010das sme sa postupne stihli zozn\u00e1mi\u0165 s \u010fal\u0161\u00edmi \u00fa\u010dastn\u00edkmi z Litvy, Rumunska, Portugalska a samozrejme Po\u013eska a mysl\u00edm, \u017ee sme sa zi\u0161li fakt perfektn\u00e1 partia! Aj v\u010faka organiz\u00e1torom sa n\u00e1m podarilo celkom r\u00fdchlo prelomi\u0165 \u013eady a mohli sme prejs\u0165 k tomu pre \u010do sme tam pri\u0161li. Ka\u017ed\u00e1 krajina mala svoju cie\u013eov\u00fa skupinu (my sme mali KIDS ENTERTAINER&#8217;S DAY OF LIFE ) a cie\u013eom bolo zorganizova\u0165 program pre deti, ktor\u00fd by sme potom mohli vyu\u017ei\u0165 na evente organizovanom v ne\u010falekej dedine a nau\u010di\u0165 sa, ako tak\u00fato udalos\u0165 zorganizova\u0165 \u010do najlep\u0161ie. Mysl\u00edm, \u017ee sa n\u00e1m n\u00e1\u0161 de\u0148 vydaril, v\u0161etci sa zabavili a ur\u010dite aj nie\u010do nau\u010dili. A nesk\u00f4r, ke\u010f sme v\u0161etci spojili sily dohromady, podarilo sa n\u00e1m zorganizova\u0165 \u00faspe\u0161n\u00fd event, a aj ke\u010f sa jednalo o mali\u010dk\u00fa dedinku, m\u00e1lo \u013eud\u00ed, v\u0161etci sa skvele bavili a my sme mali pocit zados\u0165u\u010dinenia. Slovak culturalnight sa zas niesla v znamen\u00ed tanca, spevu a samozrejme nemohli ch\u00fdba\u0165 horalky,slaninka \u010di borovi\u010dka, ktor\u00fa si e\u0161te na druh\u00fd de\u0148 v\u0161etci chv\u00e1lili :D. Projekt samozrejme nebol iba o pr\u00e1ci a po p\u00e1r d\u0148och sme objavili \u010daro &#8222;Krajiny tis\u00edcich jazier&#8220; ako mazursk\u00fa oblas\u0165 Po\u013eska naz\u00fdvaj\u00fa. A to zasl\u00fa\u017eene.Kr\u00e1sna pr\u00edroda, pieskov\u00fdvrch, z\u00e1bava pri jazere, vodn\u00e9 bicykle v ne\u010falekom Elku, skvel\u00e9 jedlo, spievalo sa pri ohni, tancovalo, do noci rozpr\u00e1valo, spozn\u00e1valo \u2026 a desa\u0165 dn\u00ed prebehlo ako voda \ud83d\ude09 . Ml\u00e1de\u017en\u00edcke v\u00fdmeny s\u00fa skvel\u00e1 pr\u00edle\u017eitos\u0165 pracova\u0165 na svojom osobnom v\u00fdvoji i spozna\u0165 kopu perfektn\u00fdch \u013eud\u00ed a zabavi\u0165 sa. Stoj\u00ed za to investova\u0165 trochu svojho z\u00e1ujmu a energie.Projekt, organiz\u00e1tori aj \u00fa\u010dastn\u00edci, v\u0161etci boli skvel\u00ed a hne\u010f by som sa vr\u00e1tila sp\u00e4\u0165!&#8220;<\/p>\n\n\n\n<p>NIKOLKA<\/p>\n","protected":false},"excerpt":{"rendered":"<p>&#8222;Ml\u00e1de\u017en\u00edcka v\u00fdmena &#8222;All-round Entertainer&#8220; v Po\u013esku. Mus\u00edm sa za seba prizna\u0165, \u017ee som si ve\u013emi nepre\u0161tudovala, kam presne sa chyst\u00e1me, dedinka Star\u00e9 Juchy mi pod\u013ea n\u00e1zvu ni\u010d nehovorila, ale po dlh\u0161om \u010dase v meste som si povedala, \u017ee to bude okrem z\u00edskania nov\u00fdch vedomost\u00ed ur\u010dite aj skvel\u00fd relax v pr\u00edrode. Na ubytovanie sme dorazili v&hellip;&nbsp;<a href=\"https:\/\/www.youthforequality.sk\/index.php\/2018\/06\/12\/skus-nas-rozosmiat\/\" class=\"\" rel=\"bookmark\">\u010c\u00edta\u0165 viac &raquo;<span class=\"screen-reader-text\">Sk\u00fas n\u00e1s rozosmia\u0165<\/span><\/a><\/p>\n","protected":false},"author":1,"featured_media":0,"comment_status":"open","ping_status":"open","sticky":false,"template":"template-full-width.php","format":"standard","meta":{"_uf_show_specific_survey":0,"_uf_disable_surveys":false,"neve_meta_sidebar":"","neve_meta_container":"","neve_meta_enable_content_width":"","neve_meta_content_width":0,"neve_meta_title_alignment":"","neve_meta_author_avatar":"","neve_post_elements_order":"","neve_meta_disable_header":"","neve_meta_disable_footer":"","neve_meta_disable_title":"","_themeisle_gutenberg_block_has_review":false,"footnotes":""},"categories":[3],"tags":[],"class_list":["post-1035","post","type-post","status-publish","format-standard","hentry","category-blog"],"yoast_head":"<!-- This site is optimized with the Yoast SEO plugin v27.4 - https:\/\/yoast.com\/product\/yoast-seo-wordpress\/ -->\n<title>Sk\u00fas n\u00e1s rozosmia\u0165 |<\/title>\n<meta name=\"robots\" content=\"index, follow, max-snippet:-1, max-image-preview:large, max-video-preview:-1\" \/>\n<link rel=\"canonical\" href=\"https:\/\/www.youthforequality.sk\/index.php\/2018\/06\/12\/skus-nas-rozosmiat\/\" \/>\n<meta property=\"og:locale\" content=\"sk_SK\" \/>\n<meta property=\"og:type\" content=\"article\" \/>\n<meta property=\"og:title\" content=\"Sk\u00fas n\u00e1s rozosmia\u0165 |\" \/>\n<meta property=\"og:description\" content=\"&#8222;Ml\u00e1de\u017en\u00edcka v\u00fdmena &#8222;All-round Entertainer&#8220; v Po\u013esku. Mus\u00edm sa za seba prizna\u0165, \u017ee som si ve\u013emi nepre\u0161tudovala, kam presne sa chyst\u00e1me, dedinka Star\u00e9 Juchy mi pod\u013ea n\u00e1zvu ni\u010d nehovorila, ale po dlh\u0161om \u010dase v meste som si povedala, \u017ee to bude okrem z\u00edskania nov\u00fdch vedomost\u00ed ur\u010dite aj skvel\u00fd relax v pr\u00edrode. Na ubytovanie sme dorazili v&hellip;&nbsp;\u010c\u00edta\u0165 viac &raquo;Sk\u00fas n\u00e1s rozosmia\u0165\" \/>\n<meta property=\"og:url\" content=\"https:\/\/www.youthforequality.sk\/index.php\/2018\/06\/12\/skus-nas-rozosmiat\/\" \/>\n<meta property=\"article:publisher\" content=\"https:\/\/www.facebook.com\/yeslovakia\" \/>\n<meta property=\"article:published_time\" content=\"2018-06-12T10:00:00+00:00\" \/>\n<meta property=\"article:modified_time\" content=\"2020-10-26T16:41:13+00:00\" \/>\n<meta name=\"author\" content=\"Filip Ku\u017ema\" \/>\n<meta name=\"twitter:card\" content=\"summary_large_image\" \/>\n<meta name=\"twitter:label1\" content=\"Autor\" \/>\n\t<meta name=\"twitter:data1\" content=\"Filip Ku\u017ema\" \/>\n\t<meta name=\"twitter:label2\" content=\"Predpokladan\u00fd \u010das \u010d\u00edtania\" \/>\n\t<meta name=\"twitter:data2\" content=\"2 min\u00faty\" \/>\n<script type=\"application\/ld+json\" class=\"yoast-schema-graph\">{\"@context\":\"https:\\\/\\\/schema.org\",\"@graph\":[{\"@type\":\"Article\",\"@id\":\"https:\\\/\\\/www.youthforequality.sk\\\/index.php\\\/2018\\\/06\\\/12\\\/skus-nas-rozosmiat\\\/#article\",\"isPartOf\":{\"@id\":\"https:\\\/\\\/www.youthforequality.sk\\\/index.php\\\/2018\\\/06\\\/12\\\/skus-nas-rozosmiat\\\/\"},\"author\":{\"name\":\"Filip Ku\u017ema\",\"@id\":\"https:\\\/\\\/www.youthforequality.sk\\\/#\\\/schema\\\/person\\\/13a1342f9669c039035c15166bfaf7dd\"},\"headline\":\"Sk\u00fas n\u00e1s rozosmia\u0165\",\"datePublished\":\"2018-06-12T10:00:00+00:00\",\"dateModified\":\"2020-10-26T16:41:13+00:00\",\"mainEntityOfPage\":{\"@id\":\"https:\\\/\\\/www.youthforequality.sk\\\/index.php\\\/2018\\\/06\\\/12\\\/skus-nas-rozosmiat\\\/\"},\"wordCount\":495,\"commentCount\":0,\"publisher\":{\"@id\":\"https:\\\/\\\/www.youthforequality.sk\\\/#organization\"},\"articleSection\":[\"Blog\"],\"inLanguage\":\"sk-SK\",\"potentialAction\":[{\"@type\":\"CommentAction\",\"name\":\"Comment\",\"target\":[\"https:\\\/\\\/www.youthforequality.sk\\\/index.php\\\/2018\\\/06\\\/12\\\/skus-nas-rozosmiat\\\/#respond\"]}]},{\"@type\":\"WebPage\",\"@id\":\"https:\\\/\\\/www.youthforequality.sk\\\/index.php\\\/2018\\\/06\\\/12\\\/skus-nas-rozosmiat\\\/\",\"url\":\"https:\\\/\\\/www.youthforequality.sk\\\/index.php\\\/2018\\\/06\\\/12\\\/skus-nas-rozosmiat\\\/\",\"name\":\"Sk\u00fas n\u00e1s rozosmia\u0165 |\",\"isPartOf\":{\"@id\":\"https:\\\/\\\/www.youthforequality.sk\\\/#website\"},\"datePublished\":\"2018-06-12T10:00:00+00:00\",\"dateModified\":\"2020-10-26T16:41:13+00:00\",\"breadcrumb\":{\"@id\":\"https:\\\/\\\/www.youthforequality.sk\\\/index.php\\\/2018\\\/06\\\/12\\\/skus-nas-rozosmiat\\\/#breadcrumb\"},\"inLanguage\":\"sk-SK\",\"potentialAction\":[{\"@type\":\"ReadAction\",\"target\":[\"https:\\\/\\\/www.youthforequality.sk\\\/index.php\\\/2018\\\/06\\\/12\\\/skus-nas-rozosmiat\\\/\"]}]},{\"@type\":\"BreadcrumbList\",\"@id\":\"https:\\\/\\\/www.youthforequality.sk\\\/index.php\\\/2018\\\/06\\\/12\\\/skus-nas-rozosmiat\\\/#breadcrumb\",\"itemListElement\":[{\"@type\":\"ListItem\",\"position\":1,\"name\":\"Home\",\"item\":\"https:\\\/\\\/www.youthforequality.sk\\\/\"},{\"@type\":\"ListItem\",\"position\":2,\"name\":\"Sk\u00fas n\u00e1s rozosmia\u0165\"}]},{\"@type\":\"WebSite\",\"@id\":\"https:\\\/\\\/www.youthforequality.sk\\\/#website\",\"url\":\"https:\\\/\\\/www.youthforequality.sk\\\/\",\"name\":\"\",\"description\":\"\",\"publisher\":{\"@id\":\"https:\\\/\\\/www.youthforequality.sk\\\/#organization\"},\"potentialAction\":[{\"@type\":\"SearchAction\",\"target\":{\"@type\":\"EntryPoint\",\"urlTemplate\":\"https:\\\/\\\/www.youthforequality.sk\\\/?s={search_term_string}\"},\"query-input\":{\"@type\":\"PropertyValueSpecification\",\"valueRequired\":true,\"valueName\":\"search_term_string\"}}],\"inLanguage\":\"sk-SK\"},{\"@type\":\"Organization\",\"@id\":\"https:\\\/\\\/www.youthforequality.sk\\\/#organization\",\"name\":\"Youth for Equality\",\"url\":\"https:\\\/\\\/www.youthforequality.sk\\\/\",\"logo\":{\"@type\":\"ImageObject\",\"inLanguage\":\"sk-SK\",\"@id\":\"https:\\\/\\\/www.youthforequality.sk\\\/#\\\/schema\\\/logo\\\/image\\\/\",\"url\":\"https:\\\/\\\/www.youthforequality.sk\\\/wp-content\\\/uploads\\\/2021\\\/01\\\/vynovene-logo-nove-farby_modra-na-web.png\",\"contentUrl\":\"https:\\\/\\\/www.youthforequality.sk\\\/wp-content\\\/uploads\\\/2021\\\/01\\\/vynovene-logo-nove-farby_modra-na-web.png\",\"width\":1,\"height\":1,\"caption\":\"Youth for Equality\"},\"image\":{\"@id\":\"https:\\\/\\\/www.youthforequality.sk\\\/#\\\/schema\\\/logo\\\/image\\\/\"},\"sameAs\":[\"https:\\\/\\\/www.facebook.com\\\/yeslovakia\"]},{\"@type\":\"Person\",\"@id\":\"https:\\\/\\\/www.youthforequality.sk\\\/#\\\/schema\\\/person\\\/13a1342f9669c039035c15166bfaf7dd\",\"name\":\"Filip Ku\u017ema\",\"image\":{\"@type\":\"ImageObject\",\"inLanguage\":\"sk-SK\",\"@id\":\"https:\\\/\\\/secure.gravatar.com\\\/avatar\\\/5f16b953992f889ac33be959cbb81fab7225cec203e13cff27b25f35459dbc06?s=96&d=mm&r=g\",\"url\":\"https:\\\/\\\/secure.gravatar.com\\\/avatar\\\/5f16b953992f889ac33be959cbb81fab7225cec203e13cff27b25f35459dbc06?s=96&d=mm&r=g\",\"contentUrl\":\"https:\\\/\\\/secure.gravatar.com\\\/avatar\\\/5f16b953992f889ac33be959cbb81fab7225cec203e13cff27b25f35459dbc06?s=96&d=mm&r=g\",\"caption\":\"Filip Ku\u017ema\"},\"sameAs\":[\"https:\\\/\\\/www.youthforequality.sk\"],\"url\":\"https:\\\/\\\/www.youthforequality.sk\\\/index.php\\\/author\\\/filkuz\\\/\"}]}<\/script>\n<!-- \/ Yoast SEO plugin. -->","yoast_head_json":{"title":"Sk\u00fas n\u00e1s rozosmia\u0165 |","robots":{"index":"index","follow":"follow","max-snippet":"max-snippet:-1","max-image-preview":"max-image-preview:large","max-video-preview":"max-video-preview:-1"},"canonical":"https:\/\/www.youthforequality.sk\/index.php\/2018\/06\/12\/skus-nas-rozosmiat\/","og_locale":"sk_SK","og_type":"article","og_title":"Sk\u00fas n\u00e1s rozosmia\u0165 |","og_description":"&#8222;Ml\u00e1de\u017en\u00edcka v\u00fdmena &#8222;All-round Entertainer&#8220; v Po\u013esku. Mus\u00edm sa za seba prizna\u0165, \u017ee som si ve\u013emi nepre\u0161tudovala, kam presne sa chyst\u00e1me, dedinka Star\u00e9 Juchy mi pod\u013ea n\u00e1zvu ni\u010d nehovorila, ale po dlh\u0161om \u010dase v meste som si povedala, \u017ee to bude okrem z\u00edskania nov\u00fdch vedomost\u00ed ur\u010dite aj skvel\u00fd relax v pr\u00edrode. Na ubytovanie sme dorazili v&hellip;&nbsp;\u010c\u00edta\u0165 viac &raquo;Sk\u00fas n\u00e1s rozosmia\u0165","og_url":"https:\/\/www.youthforequality.sk\/index.php\/2018\/06\/12\/skus-nas-rozosmiat\/","article_publisher":"https:\/\/www.facebook.com\/yeslovakia","article_published_time":"2018-06-12T10:00:00+00:00","article_modified_time":"2020-10-26T16:41:13+00:00","author":"Filip Ku\u017ema","twitter_card":"summary_large_image","twitter_misc":{"Autor":"Filip Ku\u017ema","Predpokladan\u00fd \u010das \u010d\u00edtania":"2 min\u00faty"},"schema":{"@context":"https:\/\/schema.org","@graph":[{"@type":"Article","@id":"https:\/\/www.youthforequality.sk\/index.php\/2018\/06\/12\/skus-nas-rozosmiat\/#article","isPartOf":{"@id":"https:\/\/www.youthforequality.sk\/index.php\/2018\/06\/12\/skus-nas-rozosmiat\/"},"author":{"name":"Filip Ku\u017ema","@id":"https:\/\/www.youthforequality.sk\/#\/schema\/person\/13a1342f9669c039035c15166bfaf7dd"},"headline":"Sk\u00fas n\u00e1s rozosmia\u0165","datePublished":"2018-06-12T10:00:00+00:00","dateModified":"2020-10-26T16:41:13+00:00","mainEntityOfPage":{"@id":"https:\/\/www.youthforequality.sk\/index.php\/2018\/06\/12\/skus-nas-rozosmiat\/"},"wordCount":495,"commentCount":0,"publisher":{"@id":"https:\/\/www.youthforequality.sk\/#organization"},"articleSection":["Blog"],"inLanguage":"sk-SK","potentialAction":[{"@type":"CommentAction","name":"Comment","target":["https:\/\/www.youthforequality.sk\/index.php\/2018\/06\/12\/skus-nas-rozosmiat\/#respond"]}]},{"@type":"WebPage","@id":"https:\/\/www.youthforequality.sk\/index.php\/2018\/06\/12\/skus-nas-rozosmiat\/","url":"https:\/\/www.youthforequality.sk\/index.php\/2018\/06\/12\/skus-nas-rozosmiat\/","name":"Sk\u00fas n\u00e1s rozosmia\u0165 |","isPartOf":{"@id":"https:\/\/www.youthforequality.sk\/#website"},"datePublished":"2018-06-12T10:00:00+00:00","dateModified":"2020-10-26T16:41:13+00:00","breadcrumb":{"@id":"https:\/\/www.youthforequality.sk\/index.php\/2018\/06\/12\/skus-nas-rozosmiat\/#breadcrumb"},"inLanguage":"sk-SK","potentialAction":[{"@type":"ReadAction","target":["https:\/\/www.youthforequality.sk\/index.php\/2018\/06\/12\/skus-nas-rozosmiat\/"]}]},{"@type":"BreadcrumbList","@id":"https:\/\/www.youthforequality.sk\/index.php\/2018\/06\/12\/skus-nas-rozosmiat\/#breadcrumb","itemListElement":[{"@type":"ListItem","position":1,"name":"Home","item":"https:\/\/www.youthforequality.sk\/"},{"@type":"ListItem","position":2,"name":"Sk\u00fas n\u00e1s rozosmia\u0165"}]},{"@type":"WebSite","@id":"https:\/\/www.youthforequality.sk\/#website","url":"https:\/\/www.youthforequality.sk\/","name":"","description":"","publisher":{"@id":"https:\/\/www.youthforequality.sk\/#organization"},"potentialAction":[{"@type":"SearchAction","target":{"@type":"EntryPoint","urlTemplate":"https:\/\/www.youthforequality.sk\/?s={search_term_string}"},"query-input":{"@type":"PropertyValueSpecification","valueRequired":true,"valueName":"search_term_string"}}],"inLanguage":"sk-SK"},{"@type":"Organization","@id":"https:\/\/www.youthforequality.sk\/#organization","name":"Youth for Equality","url":"https:\/\/www.youthforequality.sk\/","logo":{"@type":"ImageObject","inLanguage":"sk-SK","@id":"https:\/\/www.youthforequality.sk\/#\/schema\/logo\/image\/","url":"https:\/\/www.youthforequality.sk\/wp-content\/uploads\/2021\/01\/vynovene-logo-nove-farby_modra-na-web.png","contentUrl":"https:\/\/www.youthforequality.sk\/wp-content\/uploads\/2021\/01\/vynovene-logo-nove-farby_modra-na-web.png","width":1,"height":1,"caption":"Youth for Equality"},"image":{"@id":"https:\/\/www.youthforequality.sk\/#\/schema\/logo\/image\/"},"sameAs":["https:\/\/www.facebook.com\/yeslovakia"]},{"@type":"Person","@id":"https:\/\/www.youthforequality.sk\/#\/schema\/person\/13a1342f9669c039035c15166bfaf7dd","name":"Filip Ku\u017ema","image":{"@type":"ImageObject","inLanguage":"sk-SK","@id":"https:\/\/secure.gravatar.com\/avatar\/5f16b953992f889ac33be959cbb81fab7225cec203e13cff27b25f35459dbc06?s=96&d=mm&r=g","url":"https:\/\/secure.gravatar.com\/avatar\/5f16b953992f889ac33be959cbb81fab7225cec203e13cff27b25f35459dbc06?s=96&d=mm&r=g","contentUrl":"https:\/\/secure.gravatar.com\/avatar\/5f16b953992f889ac33be959cbb81fab7225cec203e13cff27b25f35459dbc06?s=96&d=mm&r=g","caption":"Filip Ku\u017ema"},"sameAs":["https:\/\/www.youthforequality.sk"],"url":"https:\/\/www.youthforequality.sk\/index.php\/author\/filkuz\/"}]}},"_links":{"self":[{"href":"https:\/\/www.youthforequality.sk\/index.php\/wp-json\/wp\/v2\/posts\/1035","targetHints":{"allow":["GET"]}}],"collection":[{"href":"https:\/\/www.youthforequality.sk\/index.php\/wp-json\/wp\/v2\/posts"}],"about":[{"href":"https:\/\/www.youthforequality.sk\/index.php\/wp-json\/wp\/v2\/types\/post"}],"author":[{"embeddable":true,"href":"https:\/\/www.youthforequality.sk\/index.php\/wp-json\/wp\/v2\/users\/1"}],"replies":[{"embeddable":true,"href":"https:\/\/www.youthforequality.sk\/index.php\/wp-json\/wp\/v2\/comments?post=1035"}],"version-history":[{"count":1,"href":"https:\/\/www.youthforequality.sk\/index.php\/wp-json\/wp\/v2\/posts\/1035\/revisions"}],"predecessor-version":[{"id":1036,"href":"https:\/\/www.youthforequality.sk\/index.php\/wp-json\/wp\/v2\/posts\/1035\/revisions\/1036"}],"wp:attachment":[{"href":"https:\/\/www.youthforequality.sk\/index.php\/wp-json\/wp\/v2\/media?parent=1035"}],"wp:term":[{"taxonomy":"category","embeddable":true,"href":"https:\/\/www.youthforequality.sk\/index.php\/wp-json\/wp\/v2\/categories?post=1035"},{"taxonomy":"post_tag","embeddable":true,"href":"https:\/\/www.youthforequality.sk\/index.php\/wp-json\/wp\/v2\/tags?post=1035"}],"curies":[{"name":"wp","href":"https:\/\/api.w.org\/{rel}","templated":true}]}}