{"id":1037,"date":"2018-06-12T10:00:00","date_gmt":"2018-06-12T10:00:00","guid":{"rendered":"https:\/\/www.youthforequality.sk\/index.php\/2020\/06\/23\/ako-podporit-nepocujucich-copy\/"},"modified":"2020-10-26T16:41:31","modified_gmt":"2020-10-26T16:41:31","slug":"inkluzia-na-azorskych-ostrovoch","status":"publish","type":"post","link":"https:\/\/www.youthforequality.sk\/index.php\/2018\/06\/12\/inkluzia-na-azorskych-ostrovoch\/","title":{"rendered":"Inkl\u00fazia na Azorsk\u00fdch ostrovoch"},"content":{"rendered":"\n<p>&#8222;Sao Miguel, hoci najv\u00e4\u010d\u0161\u00ed z 12 Azorsk\u00fdch ostrovov, bol na\u0161im mal\u00fdm rajom na zemi na 9 dn\u00ed. Tento zelen\u00fd ostrov IIha Verde vznikol vulkanickou \u010dinnos\u0165ou, \u0161\u00edrka ostrova 8 &#8211; 14 km V\u00e1m dovo\u013euje z niektor\u00fdch bodov vidie\u0165 ako V\u00e1s obklopuje \u0161\u00edri Atlantick\u00fd oce\u00e1n.&nbsp;Ako by ste nazvali miesto, kde namiesto buriny rast\u00fa kvety, skaly s\u00fa porasten\u00e9 machom, b\u00farliv\u00e9 vlny nar\u00e1\u017eaj\u00fa do \u00fatesov, \u010dierny sope\u010dn\u00fd p\u00e1liv\u00fd piesok pokr\u00fdva pl\u00e1\u017e, miesto, kde sa nach\u00e1dzaj\u00fa hor\u00face natur\u00e1lne pramene a k\u00fapele, vulkanick\u00e9 diery s vriacou vodou a parou s v\u00f4\u0148ou s\u00edry, pr\u00edrodn\u00e9 divy v podobe lag\u00fan a jazier? &#8222;Vysn\u00edvan\u00e1 destin\u00e1cia&#8220; \u010di &#8222;jedine\u010dn\u00e1 dovolenka&#8220;? V skuto\u010dnosti ml\u00e1de\u017en\u00edcka v\u00fdmena programu Erasmus+ \ud83d\ude42 \u00c1no, nie je to obvykl\u00e9 miesto, kam V\u00e1s tento program zavedie, ale ak ste \u0161ikovn\u00ed a h\u013ead\u00e1te, n\u00e1jdete aj mal\u00fd ostrov v kope oce\u00e1nu.&nbsp;Na projekte Building Pathways sa v d\u0148och 5. &#8211; 13. septembra z\u00fa\u010dastnilo 35 mlad\u00fdch \u013eud\u00ed z r\u00f4znych kraj\u00edn, z toho 4 Slov\u00e1ci. Hoci pri tomto projekte n\u00e1s str\u00e1nka mo\u017enosti nav\u0161t\u00edvi\u0165 uveden\u00fd ostrov zaujala najviac, t\u00e9ma projektu a aktivity sa vyrovnali na\u0161im o\u010dak\u00e1vaniam o mieste konania. Po\u010das projektu sme sa obozn\u00e1mili s dom\u00e1cimi ru\u010dn\u00fdmi remeslami, vytv\u00e1rali sme napr\u00edklad kvety z ryb\u00edch \u0161up\u00edn, nav\u0161t\u00edvili tov\u00e1re\u0148 na v\u00fdrobu mlieka, absolvovali predn\u00e1\u0161ku personalistu, dozvedeli sa nie\u010do viac o priemysle, podnikan\u00ed, funk\u010dn\u00fdch strat\u00e9gi\u00e1ch pre ostrovn\u00e9, izolovan\u00e9 a vidiecke oblasti. V adventure parku sme si zahrali tradi\u010dn\u00e9 dom\u00e1ce hry, paintball. Po\u010das d\u0148a, ktor\u00fd bol venovan\u00fd solidarite a rovnosti pr\u00edle\u017eitost\u00ed sme aj formou hry \u017eivotnej ve\u013ekosti zlep\u0161ili na\u0161e vedomosti o diverzite a rovnost\u00ed pohlav\u00ed, n\u00e1bo\u017eenstva, kult\u00far, znev\u00fdhodnen\u00ed. Odborn\u00fa predn\u00e1\u0161ku a aktivity neform\u00e1lneho vzdel\u00e1vania na t\u00e9mu dom\u00e1ce n\u00e1silie pre n\u00e1s vytvorila portugalsk\u00e1 mimovl\u00e1dna organiz\u00e1cia, ktor\u00e1 pracuje s mlad\u00fdmi \u013eu\u010fmi z tohto soci\u00e1lneho prostredia, a pol\u00edcia n\u00e1s obozn\u00e1mila s postupom pri odha\u013eovan\u00ed drogovej trestnej \u010dinnosti. Na kult\u00farnych ve\u010deroch sme pripravovali tradi\u010dn\u00fa ve\u010deru pre v\u0161etk\u00fdch \u00fa\u010dastn\u00edkov. Bryndzov\u00e1 pomaz\u00e1nka, tajn\u00fd recept cesnakovej, 100ks zemiakov\u00fdch placiek a bublanina, interakt\u00edvna prezent\u00e1cia o Slovensku vzbudili ich z\u00e1ujem nav\u0161t\u00edvi\u0165 na\u0161u krajinu a potla\u010dili n\u00e1\u0161 z\u00e1ujem o zemiakov\u00e9 placky \ud83d\ude00&nbsp;\u013dud\u00ed sme stretli ve\u013emi \u00fastretov\u00fdch u\u017e len pri ceste na pl\u00e1\u017e, ke\u010f sme si kv\u00f4li kopcovit\u00fdm cest\u00e1m v\u017edy rad\u0161ej stopli auto. Ochutnali sme varen\u00e9 jedlo zo sope\u010dn\u00fdch dier, z\u00fa\u010dastnili sme sa tradi\u010dn\u00e9ho festivalu s hrozn\u00fdm v\u00ednom, sl\u00e1vnostnej ve\u010dere v dom\u00e1cej ryb\u00e1rskej re\u0161taur\u00e1cii, v nieko\u013eko kilometrovej z\u00e1pche kr\u00e1v, n\u00e1ro\u010dnej turistiky po kopcoch, kde sme motivovan\u00ed z posledn\u00fdch s\u00edl vybehli na kopce, aby sme mohli vidie\u0165 neskuto\u010dn\u00e9 v\u00fdh\u013eady, potom si rad\u0161ej po\u017ei\u010dali auto, aby sme na \u010dajov\u00fdch plant\u00e1\u017each ochutnali ekologick\u00fd zelen\u00fd a \u010dierny \u010daj, ok\u00fapali sa v pr\u00edrodnej jacuzzi akoby v strede pralesa s vodop\u00e1dom.&nbsp;Mno\u017estvo z\u00e1\u017eitkov prostredn\u00edctvom jedn\u00e9ho programu. Erasmus+ je jedin\u010den\u00fd program neform\u00e1lneho vzdel\u00e1vania, ktor\u00fd roz\u0161\u00edri tvoje obzory, dovol\u00ed ti cestova\u0165, spozn\u00e1va\u0165 in\u00e9 zvyky, kult\u00fary, \u013eud\u00ed, prekon\u00e1va\u0165 predsudky, jazykov\u00e9 bari\u00e9ry, z\u00edska\u0165 mnoho vedomost\u00ed, re\u00e1lny poh\u013ead na aktu\u00e1lne t\u00e9my spolo\u010dnosti a umo\u017en\u00ed ti sta\u0165 sa akt\u00edvnym vo formovan\u00ed pozit\u00edvnej zmeny a bud\u00facnosti.&#8220;<\/p>\n\n\n\n<p>ELI\u0160KA<\/p>\n","protected":false},"excerpt":{"rendered":"<p>&#8222;Sao Miguel, hoci najv\u00e4\u010d\u0161\u00ed z 12 Azorsk\u00fdch ostrovov, bol na\u0161im mal\u00fdm rajom na zemi na 9 dn\u00ed. Tento zelen\u00fd ostrov IIha Verde vznikol vulkanickou \u010dinnos\u0165ou, \u0161\u00edrka ostrova 8 &#8211; 14 km V\u00e1m dovo\u013euje z niektor\u00fdch bodov vidie\u0165 ako V\u00e1s obklopuje \u0161\u00edri Atlantick\u00fd oce\u00e1n.&nbsp;Ako by ste nazvali miesto, kde namiesto buriny rast\u00fa kvety, skaly s\u00fa porasten\u00e9&hellip;&nbsp;<a href=\"https:\/\/www.youthforequality.sk\/index.php\/2018\/06\/12\/inkluzia-na-azorskych-ostrovoch\/\" class=\"\" rel=\"bookmark\">\u010c\u00edta\u0165 viac &raquo;<span class=\"screen-reader-text\">Inkl\u00fazia na Azorsk\u00fdch ostrovoch<\/span><\/a><\/p>\n","protected":false},"author":1,"featured_media":0,"comment_status":"open","ping_status":"open","sticky":false,"template":"template-full-width.php","format":"standard","meta":{"_uf_show_specific_survey":0,"_uf_disable_surveys":false,"neve_meta_sidebar":"","neve_meta_container":"","neve_meta_enable_content_width":"","neve_meta_content_width":0,"neve_meta_title_alignment":"","neve_meta_author_avatar":"","neve_post_elements_order":"","neve_meta_disable_header":"","neve_meta_disable_footer":"","neve_meta_disable_title":"","_themeisle_gutenberg_block_has_review":false,"footnotes":""},"categories":[3],"tags":[],"class_list":["post-1037","post","type-post","status-publish","format-standard","hentry","category-blog"],"yoast_head":"<!-- This site is optimized with the Yoast SEO plugin v27.4 - https:\/\/yoast.com\/product\/yoast-seo-wordpress\/ -->\n<title>Inkl\u00fazia na Azorsk\u00fdch ostrovoch |<\/title>\n<meta name=\"robots\" content=\"index, follow, max-snippet:-1, max-image-preview:large, max-video-preview:-1\" \/>\n<link rel=\"canonical\" href=\"https:\/\/www.youthforequality.sk\/index.php\/2018\/06\/12\/inkluzia-na-azorskych-ostrovoch\/\" \/>\n<meta property=\"og:locale\" content=\"sk_SK\" \/>\n<meta property=\"og:type\" content=\"article\" \/>\n<meta property=\"og:title\" content=\"Inkl\u00fazia na Azorsk\u00fdch ostrovoch |\" \/>\n<meta property=\"og:description\" content=\"&#8222;Sao Miguel, hoci najv\u00e4\u010d\u0161\u00ed z 12 Azorsk\u00fdch ostrovov, bol na\u0161im mal\u00fdm rajom na zemi na 9 dn\u00ed. Tento zelen\u00fd ostrov IIha Verde vznikol vulkanickou \u010dinnos\u0165ou, \u0161\u00edrka ostrova 8 &#8211; 14 km V\u00e1m dovo\u013euje z niektor\u00fdch bodov vidie\u0165 ako V\u00e1s obklopuje \u0161\u00edri Atlantick\u00fd oce\u00e1n.&nbsp;Ako by ste nazvali miesto, kde namiesto buriny rast\u00fa kvety, skaly s\u00fa porasten\u00e9&hellip;&nbsp;\u010c\u00edta\u0165 viac &raquo;Inkl\u00fazia na Azorsk\u00fdch ostrovoch\" \/>\n<meta property=\"og:url\" content=\"https:\/\/www.youthforequality.sk\/index.php\/2018\/06\/12\/inkluzia-na-azorskych-ostrovoch\/\" \/>\n<meta property=\"article:publisher\" content=\"https:\/\/www.facebook.com\/yeslovakia\" \/>\n<meta property=\"article:published_time\" content=\"2018-06-12T10:00:00+00:00\" \/>\n<meta property=\"article:modified_time\" content=\"2020-10-26T16:41:31+00:00\" \/>\n<meta name=\"author\" content=\"Filip Ku\u017ema\" \/>\n<meta name=\"twitter:card\" content=\"summary_large_image\" \/>\n<meta name=\"twitter:label1\" content=\"Autor\" \/>\n\t<meta name=\"twitter:data1\" content=\"Filip Ku\u017ema\" \/>\n\t<meta name=\"twitter:label2\" content=\"Predpokladan\u00fd \u010das \u010d\u00edtania\" \/>\n\t<meta name=\"twitter:data2\" content=\"3 min\u00faty\" \/>\n<script type=\"application\/ld+json\" class=\"yoast-schema-graph\">{\"@context\":\"https:\\\/\\\/schema.org\",\"@graph\":[{\"@type\":\"Article\",\"@id\":\"https:\\\/\\\/www.youthforequality.sk\\\/index.php\\\/2018\\\/06\\\/12\\\/inkluzia-na-azorskych-ostrovoch\\\/#article\",\"isPartOf\":{\"@id\":\"https:\\\/\\\/www.youthforequality.sk\\\/index.php\\\/2018\\\/06\\\/12\\\/inkluzia-na-azorskych-ostrovoch\\\/\"},\"author\":{\"name\":\"Filip Ku\u017ema\",\"@id\":\"https:\\\/\\\/www.youthforequality.sk\\\/#\\\/schema\\\/person\\\/13a1342f9669c039035c15166bfaf7dd\"},\"headline\":\"Inkl\u00fazia na Azorsk\u00fdch ostrovoch\",\"datePublished\":\"2018-06-12T10:00:00+00:00\",\"dateModified\":\"2020-10-26T16:41:31+00:00\",\"mainEntityOfPage\":{\"@id\":\"https:\\\/\\\/www.youthforequality.sk\\\/index.php\\\/2018\\\/06\\\/12\\\/inkluzia-na-azorskych-ostrovoch\\\/\"},\"wordCount\":644,\"commentCount\":0,\"publisher\":{\"@id\":\"https:\\\/\\\/www.youthforequality.sk\\\/#organization\"},\"articleSection\":[\"Blog\"],\"inLanguage\":\"sk-SK\",\"potentialAction\":[{\"@type\":\"CommentAction\",\"name\":\"Comment\",\"target\":[\"https:\\\/\\\/www.youthforequality.sk\\\/index.php\\\/2018\\\/06\\\/12\\\/inkluzia-na-azorskych-ostrovoch\\\/#respond\"]}]},{\"@type\":\"WebPage\",\"@id\":\"https:\\\/\\\/www.youthforequality.sk\\\/index.php\\\/2018\\\/06\\\/12\\\/inkluzia-na-azorskych-ostrovoch\\\/\",\"url\":\"https:\\\/\\\/www.youthforequality.sk\\\/index.php\\\/2018\\\/06\\\/12\\\/inkluzia-na-azorskych-ostrovoch\\\/\",\"name\":\"Inkl\u00fazia na Azorsk\u00fdch ostrovoch |\",\"isPartOf\":{\"@id\":\"https:\\\/\\\/www.youthforequality.sk\\\/#website\"},\"datePublished\":\"2018-06-12T10:00:00+00:00\",\"dateModified\":\"2020-10-26T16:41:31+00:00\",\"breadcrumb\":{\"@id\":\"https:\\\/\\\/www.youthforequality.sk\\\/index.php\\\/2018\\\/06\\\/12\\\/inkluzia-na-azorskych-ostrovoch\\\/#breadcrumb\"},\"inLanguage\":\"sk-SK\",\"potentialAction\":[{\"@type\":\"ReadAction\",\"target\":[\"https:\\\/\\\/www.youthforequality.sk\\\/index.php\\\/2018\\\/06\\\/12\\\/inkluzia-na-azorskych-ostrovoch\\\/\"]}]},{\"@type\":\"BreadcrumbList\",\"@id\":\"https:\\\/\\\/www.youthforequality.sk\\\/index.php\\\/2018\\\/06\\\/12\\\/inkluzia-na-azorskych-ostrovoch\\\/#breadcrumb\",\"itemListElement\":[{\"@type\":\"ListItem\",\"position\":1,\"name\":\"Home\",\"item\":\"https:\\\/\\\/www.youthforequality.sk\\\/\"},{\"@type\":\"ListItem\",\"position\":2,\"name\":\"Inkl\u00fazia na Azorsk\u00fdch ostrovoch\"}]},{\"@type\":\"WebSite\",\"@id\":\"https:\\\/\\\/www.youthforequality.sk\\\/#website\",\"url\":\"https:\\\/\\\/www.youthforequality.sk\\\/\",\"name\":\"\",\"description\":\"\",\"publisher\":{\"@id\":\"https:\\\/\\\/www.youthforequality.sk\\\/#organization\"},\"potentialAction\":[{\"@type\":\"SearchAction\",\"target\":{\"@type\":\"EntryPoint\",\"urlTemplate\":\"https:\\\/\\\/www.youthforequality.sk\\\/?s={search_term_string}\"},\"query-input\":{\"@type\":\"PropertyValueSpecification\",\"valueRequired\":true,\"valueName\":\"search_term_string\"}}],\"inLanguage\":\"sk-SK\"},{\"@type\":\"Organization\",\"@id\":\"https:\\\/\\\/www.youthforequality.sk\\\/#organization\",\"name\":\"Youth for Equality\",\"url\":\"https:\\\/\\\/www.youthforequality.sk\\\/\",\"logo\":{\"@type\":\"ImageObject\",\"inLanguage\":\"sk-SK\",\"@id\":\"https:\\\/\\\/www.youthforequality.sk\\\/#\\\/schema\\\/logo\\\/image\\\/\",\"url\":\"https:\\\/\\\/www.youthforequality.sk\\\/wp-content\\\/uploads\\\/2021\\\/01\\\/vynovene-logo-nove-farby_modra-na-web.png\",\"contentUrl\":\"https:\\\/\\\/www.youthforequality.sk\\\/wp-content\\\/uploads\\\/2021\\\/01\\\/vynovene-logo-nove-farby_modra-na-web.png\",\"width\":1,\"height\":1,\"caption\":\"Youth for Equality\"},\"image\":{\"@id\":\"https:\\\/\\\/www.youthforequality.sk\\\/#\\\/schema\\\/logo\\\/image\\\/\"},\"sameAs\":[\"https:\\\/\\\/www.facebook.com\\\/yeslovakia\"]},{\"@type\":\"Person\",\"@id\":\"https:\\\/\\\/www.youthforequality.sk\\\/#\\\/schema\\\/person\\\/13a1342f9669c039035c15166bfaf7dd\",\"name\":\"Filip Ku\u017ema\",\"image\":{\"@type\":\"ImageObject\",\"inLanguage\":\"sk-SK\",\"@id\":\"https:\\\/\\\/secure.gravatar.com\\\/avatar\\\/5f16b953992f889ac33be959cbb81fab7225cec203e13cff27b25f35459dbc06?s=96&d=mm&r=g\",\"url\":\"https:\\\/\\\/secure.gravatar.com\\\/avatar\\\/5f16b953992f889ac33be959cbb81fab7225cec203e13cff27b25f35459dbc06?s=96&d=mm&r=g\",\"contentUrl\":\"https:\\\/\\\/secure.gravatar.com\\\/avatar\\\/5f16b953992f889ac33be959cbb81fab7225cec203e13cff27b25f35459dbc06?s=96&d=mm&r=g\",\"caption\":\"Filip Ku\u017ema\"},\"sameAs\":[\"https:\\\/\\\/www.youthforequality.sk\"],\"url\":\"https:\\\/\\\/www.youthforequality.sk\\\/index.php\\\/author\\\/filkuz\\\/\"}]}<\/script>\n<!-- \/ Yoast SEO plugin. -->","yoast_head_json":{"title":"Inkl\u00fazia na Azorsk\u00fdch ostrovoch |","robots":{"index":"index","follow":"follow","max-snippet":"max-snippet:-1","max-image-preview":"max-image-preview:large","max-video-preview":"max-video-preview:-1"},"canonical":"https:\/\/www.youthforequality.sk\/index.php\/2018\/06\/12\/inkluzia-na-azorskych-ostrovoch\/","og_locale":"sk_SK","og_type":"article","og_title":"Inkl\u00fazia na Azorsk\u00fdch ostrovoch |","og_description":"&#8222;Sao Miguel, hoci najv\u00e4\u010d\u0161\u00ed z 12 Azorsk\u00fdch ostrovov, bol na\u0161im mal\u00fdm rajom na zemi na 9 dn\u00ed. Tento zelen\u00fd ostrov IIha Verde vznikol vulkanickou \u010dinnos\u0165ou, \u0161\u00edrka ostrova 8 &#8211; 14 km V\u00e1m dovo\u013euje z niektor\u00fdch bodov vidie\u0165 ako V\u00e1s obklopuje \u0161\u00edri Atlantick\u00fd oce\u00e1n.&nbsp;Ako by ste nazvali miesto, kde namiesto buriny rast\u00fa kvety, skaly s\u00fa porasten\u00e9&hellip;&nbsp;\u010c\u00edta\u0165 viac &raquo;Inkl\u00fazia na Azorsk\u00fdch ostrovoch","og_url":"https:\/\/www.youthforequality.sk\/index.php\/2018\/06\/12\/inkluzia-na-azorskych-ostrovoch\/","article_publisher":"https:\/\/www.facebook.com\/yeslovakia","article_published_time":"2018-06-12T10:00:00+00:00","article_modified_time":"2020-10-26T16:41:31+00:00","author":"Filip Ku\u017ema","twitter_card":"summary_large_image","twitter_misc":{"Autor":"Filip Ku\u017ema","Predpokladan\u00fd \u010das \u010d\u00edtania":"3 min\u00faty"},"schema":{"@context":"https:\/\/schema.org","@graph":[{"@type":"Article","@id":"https:\/\/www.youthforequality.sk\/index.php\/2018\/06\/12\/inkluzia-na-azorskych-ostrovoch\/#article","isPartOf":{"@id":"https:\/\/www.youthforequality.sk\/index.php\/2018\/06\/12\/inkluzia-na-azorskych-ostrovoch\/"},"author":{"name":"Filip Ku\u017ema","@id":"https:\/\/www.youthforequality.sk\/#\/schema\/person\/13a1342f9669c039035c15166bfaf7dd"},"headline":"Inkl\u00fazia na Azorsk\u00fdch ostrovoch","datePublished":"2018-06-12T10:00:00+00:00","dateModified":"2020-10-26T16:41:31+00:00","mainEntityOfPage":{"@id":"https:\/\/www.youthforequality.sk\/index.php\/2018\/06\/12\/inkluzia-na-azorskych-ostrovoch\/"},"wordCount":644,"commentCount":0,"publisher":{"@id":"https:\/\/www.youthforequality.sk\/#organization"},"articleSection":["Blog"],"inLanguage":"sk-SK","potentialAction":[{"@type":"CommentAction","name":"Comment","target":["https:\/\/www.youthforequality.sk\/index.php\/2018\/06\/12\/inkluzia-na-azorskych-ostrovoch\/#respond"]}]},{"@type":"WebPage","@id":"https:\/\/www.youthforequality.sk\/index.php\/2018\/06\/12\/inkluzia-na-azorskych-ostrovoch\/","url":"https:\/\/www.youthforequality.sk\/index.php\/2018\/06\/12\/inkluzia-na-azorskych-ostrovoch\/","name":"Inkl\u00fazia na Azorsk\u00fdch ostrovoch |","isPartOf":{"@id":"https:\/\/www.youthforequality.sk\/#website"},"datePublished":"2018-06-12T10:00:00+00:00","dateModified":"2020-10-26T16:41:31+00:00","breadcrumb":{"@id":"https:\/\/www.youthforequality.sk\/index.php\/2018\/06\/12\/inkluzia-na-azorskych-ostrovoch\/#breadcrumb"},"inLanguage":"sk-SK","potentialAction":[{"@type":"ReadAction","target":["https:\/\/www.youthforequality.sk\/index.php\/2018\/06\/12\/inkluzia-na-azorskych-ostrovoch\/"]}]},{"@type":"BreadcrumbList","@id":"https:\/\/www.youthforequality.sk\/index.php\/2018\/06\/12\/inkluzia-na-azorskych-ostrovoch\/#breadcrumb","itemListElement":[{"@type":"ListItem","position":1,"name":"Home","item":"https:\/\/www.youthforequality.sk\/"},{"@type":"ListItem","position":2,"name":"Inkl\u00fazia na Azorsk\u00fdch ostrovoch"}]},{"@type":"WebSite","@id":"https:\/\/www.youthforequality.sk\/#website","url":"https:\/\/www.youthforequality.sk\/","name":"","description":"","publisher":{"@id":"https:\/\/www.youthforequality.sk\/#organization"},"potentialAction":[{"@type":"SearchAction","target":{"@type":"EntryPoint","urlTemplate":"https:\/\/www.youthforequality.sk\/?s={search_term_string}"},"query-input":{"@type":"PropertyValueSpecification","valueRequired":true,"valueName":"search_term_string"}}],"inLanguage":"sk-SK"},{"@type":"Organization","@id":"https:\/\/www.youthforequality.sk\/#organization","name":"Youth for Equality","url":"https:\/\/www.youthforequality.sk\/","logo":{"@type":"ImageObject","inLanguage":"sk-SK","@id":"https:\/\/www.youthforequality.sk\/#\/schema\/logo\/image\/","url":"https:\/\/www.youthforequality.sk\/wp-content\/uploads\/2021\/01\/vynovene-logo-nove-farby_modra-na-web.png","contentUrl":"https:\/\/www.youthforequality.sk\/wp-content\/uploads\/2021\/01\/vynovene-logo-nove-farby_modra-na-web.png","width":1,"height":1,"caption":"Youth for Equality"},"image":{"@id":"https:\/\/www.youthforequality.sk\/#\/schema\/logo\/image\/"},"sameAs":["https:\/\/www.facebook.com\/yeslovakia"]},{"@type":"Person","@id":"https:\/\/www.youthforequality.sk\/#\/schema\/person\/13a1342f9669c039035c15166bfaf7dd","name":"Filip Ku\u017ema","image":{"@type":"ImageObject","inLanguage":"sk-SK","@id":"https:\/\/secure.gravatar.com\/avatar\/5f16b953992f889ac33be959cbb81fab7225cec203e13cff27b25f35459dbc06?s=96&d=mm&r=g","url":"https:\/\/secure.gravatar.com\/avatar\/5f16b953992f889ac33be959cbb81fab7225cec203e13cff27b25f35459dbc06?s=96&d=mm&r=g","contentUrl":"https:\/\/secure.gravatar.com\/avatar\/5f16b953992f889ac33be959cbb81fab7225cec203e13cff27b25f35459dbc06?s=96&d=mm&r=g","caption":"Filip Ku\u017ema"},"sameAs":["https:\/\/www.youthforequality.sk"],"url":"https:\/\/www.youthforequality.sk\/index.php\/author\/filkuz\/"}]}},"_links":{"self":[{"href":"https:\/\/www.youthforequality.sk\/index.php\/wp-json\/wp\/v2\/posts\/1037","targetHints":{"allow":["GET"]}}],"collection":[{"href":"https:\/\/www.youthforequality.sk\/index.php\/wp-json\/wp\/v2\/posts"}],"about":[{"href":"https:\/\/www.youthforequality.sk\/index.php\/wp-json\/wp\/v2\/types\/post"}],"author":[{"embeddable":true,"href":"https:\/\/www.youthforequality.sk\/index.php\/wp-json\/wp\/v2\/users\/1"}],"replies":[{"embeddable":true,"href":"https:\/\/www.youthforequality.sk\/index.php\/wp-json\/wp\/v2\/comments?post=1037"}],"version-history":[{"count":2,"href":"https:\/\/www.youthforequality.sk\/index.php\/wp-json\/wp\/v2\/posts\/1037\/revisions"}],"predecessor-version":[{"id":1587,"href":"https:\/\/www.youthforequality.sk\/index.php\/wp-json\/wp\/v2\/posts\/1037\/revisions\/1587"}],"wp:attachment":[{"href":"https:\/\/www.youthforequality.sk\/index.php\/wp-json\/wp\/v2\/media?parent=1037"}],"wp:term":[{"taxonomy":"category","embeddable":true,"href":"https:\/\/www.youthforequality.sk\/index.php\/wp-json\/wp\/v2\/categories?post=1037"},{"taxonomy":"post_tag","embeddable":true,"href":"https:\/\/www.youthforequality.sk\/index.php\/wp-json\/wp\/v2\/tags?post=1037"}],"curies":[{"name":"wp","href":"https:\/\/api.w.org\/{rel}","templated":true}]}}