{"id":1045,"date":"2018-07-30T22:00:06","date_gmt":"2018-07-30T22:00:06","guid":{"rendered":"https:\/\/www.youthforequality.sk\/index.php\/2020\/06\/23\/ako-sa-stat-lidrom-copy\/"},"modified":"2020-10-26T16:39:41","modified_gmt":"2020-10-26T16:39:41","slug":"youth-combating-radicalization","status":"publish","type":"post","link":"https:\/\/www.youthforequality.sk\/index.php\/2018\/07\/30\/youth-combating-radicalization\/","title":{"rendered":"Youth combating radicalization"},"content":{"rendered":"\n<p>Tr\u00e9ningov\u00fd kurz&nbsp;<strong>Youth combathing Radicalization<\/strong>, ktor\u00e9ho som sa z\u00fa\u010dastnila&nbsp;<strong>12-19.7. v arm\u00e9nskom horskom meste\u010dku Dilijan<\/strong>&nbsp;bol jeden z top projektov, ktor\u00fdch som sa z\u00fa\u010dastnila. Leteli sme do Tbilisi u\u017e 2 dni pred projektom, tak\u017ee sme okrem arm\u00e9nskej kult\u00fary mali mo\u017enos\u0165 spozna\u0165 aj toto o\u010daruj\u00face gruz\u00ednske hlavn\u00e9 mesto. Na za\u010diatok mus\u00edm poveda\u0165, \u017ee&nbsp;<strong>slovensk\u00e1 skupinka sme si sadli skvele<\/strong>&nbsp;a hne\u010f sme vedeli, \u017ee m\u00e1me pred sebou zauj\u00edmav\u00fdch 10 dn\u00ed. Do Dilijanu, ktor\u00fd sa mimochodom nach\u00e1dza v n\u00e1rodnom parku, sme cestovali pln\u00ed optimizmu.<\/p>\n\n\n\n<p><strong>Projekt pod veden\u00edm tr\u00e9neriek Silvie a Goharik naplnil moje o\u010dak\u00e1vania.<\/strong>&nbsp;Vzh\u013eadom na to, \u017ee sa jednalo o tr\u00e9ning, pracovali sme svedomite, dozvedeli sme sa&nbsp;<strong>zauj\u00edmav\u00e9 inform\u00e1cie o radikalizme a extr\u00e9mizme v ostatn\u00fdch participuj\u00facich krajin\u00e1ch<\/strong>&nbsp;( Ma\u010farsko, Po\u013esko, Arm\u00e9nsko, Gruz\u00ednsko, Ukrajina),&nbsp;<strong>z\u00edskali nov\u00e9 poznatky o \u013eudsk\u00fdch pr\u00e1vach, demokracii<\/strong>&nbsp;a mnoho in\u00e9ho. Po\u010das&nbsp;<strong>tr\u00e9ningu sme sa obozn\u00e1mili aj s n\u00e1strojmi &#8222;vizu\u00e1lneho myslenia&#8220;,<\/strong>&nbsp;pomocou ktor\u00fdch sme nakoniec vytvorili&nbsp;<strong>plag\u00e1ty a vide\u00e1 pomocou met\u00f3dy stop motion<\/strong>&nbsp;(bolo to super\ud83d\ude0a).<\/p>\n\n\n\n<p>Po pr\u00e1ci samozrejme pri\u0161la aj z\u00e1bava.&nbsp;<strong>Na projekte sme sa stretli skvel\u00e1 partia!&nbsp;<\/strong>Najviac n\u00e1s spojili interkult\u00farne ve\u010dery&#8230; mo\u017eno v tom bude ma\u0165 prsty aj nejak\u00e1 t\u00e1 p\u00e1lenka \ud83d\ude00 . Hne\u010f v prv\u00fd ve\u010der Slovensko, Ma\u010farsko, Po\u013esko a druh\u00fd ve\u010der Arm\u00e9nsko, Gruz\u00ednsko a Ukrajina.&nbsp;<strong>Po dvoch d\u0148och sme mali pocit, \u017ee sa s niektor\u00fdmi \u00fa\u010dastn\u00edkmi pozn\u00e1me minim\u00e1lne nieko\u013eko mesiacov<\/strong>&nbsp;a utu\u017eovanie vz\u0165ahov podporovali aj r\u00f4zne aktivity v t\u00edmoch.<\/p>\n\n\n\n<p><strong>Okrem in\u00e9ho sa n\u00e1m po\u010das projektu podarilo nav\u0161t\u00edvi\u0165 ne\u010falek\u00fd kl\u00e1\u0161tor Haghartsin<\/strong>&nbsp;a 18.7 n\u00e1s \u010dakalo prekvapenie.&nbsp;<strong>\u0160li sme do Jerevanu!<\/strong>&nbsp;\u010co sme vlastne ani nepredpokladali, \u017ee stihneme nav\u0161t\u00edvi\u0165 \ud83d\ude0a.&nbsp;<strong>\u0160koda len, \u017ee \u010dasu bolo m\u00e1lo, Jerevan, Dilijan a vlastne cel\u00e9 Arm\u00e9nsko a Gruz\u00ednsko si zasl\u00fa\u017eia aspo\u0148 2-3 t\u00fd\u017edne cestovania, na to aby sa podarilo spozna\u0165 v\u0161etky ich kr\u00e1sy.<\/strong>&nbsp;U\u017e teraz viem, \u017ee sa tam ve\u013emi rada vr\u00e1tim! Po Jerevane sme s na\u0161\u00edm slovensko-ma\u010farsk\u00fdm t\u00edmom s pracovn\u00fdm n\u00e1zvom&nbsp;<strong>&#8222;Kukorica&#8220;&nbsp;<\/strong>cestovali op\u00e4\u0165 do Tbilisi a v r\u00e1mci mo\u017enost\u00ed &#8211; ke\u010f\u017ee sme u\u017e boli dos\u0165 u\u0165ahan\u00ed po celom projekte &#8211; sme si u\u017eili posledn\u00fd ve\u010der :).<\/p>\n\n\n\n<p>Konkr\u00e9tne metodol\u00f3gie, ktor\u00e9 sme pou\u017eili a v\u00fdstupy, ktor\u00e9 sme vytvorili pl\u00e1nujeme vyu\u017ei\u0165 v spolupr\u00e1ci s na\u0161ou vysielaj\u00facou organiz\u00e1ciou Youth for Equality v praci s ml\u00e1de\u017eou v projektoch, ktor\u00e9 organizuj\u00fa.<\/p>\n\n\n\n<p>Pozrite si na\u0161e video&nbsp;<a href=\"https:\/\/www.facebook.com\/EuroFrc\/videos\/939902412848188\/UzpfSTEwMDAwMDA4MzgzMzU5MjoyMDgyNTMxNjkxNzU5NjA1\/\" target=\"_blank\" rel=\"noreferrer noopener\">TU<\/a><\/p>\n\n\n\n<p>Niki Bart\u00f3kov\u00e1<\/p>\n","protected":false},"excerpt":{"rendered":"<p>Tr\u00e9ningov\u00fd kurz&nbsp;Youth combathing Radicalization, ktor\u00e9ho som sa z\u00fa\u010dastnila&nbsp;12-19.7. v arm\u00e9nskom horskom meste\u010dku Dilijan&nbsp;bol jeden z top projektov, ktor\u00fdch som sa z\u00fa\u010dastnila. Leteli sme do Tbilisi u\u017e 2 dni pred projektom, tak\u017ee sme okrem arm\u00e9nskej kult\u00fary mali mo\u017enos\u0165 spozna\u0165 aj toto o\u010daruj\u00face gruz\u00ednske hlavn\u00e9 mesto. Na za\u010diatok mus\u00edm poveda\u0165, \u017ee&nbsp;slovensk\u00e1 skupinka sme si sadli skvele&nbsp;a hne\u010f&hellip;&nbsp;<a href=\"https:\/\/www.youthforequality.sk\/index.php\/2018\/07\/30\/youth-combating-radicalization\/\" class=\"\" rel=\"bookmark\">\u010c\u00edta\u0165 viac &raquo;<span class=\"screen-reader-text\">Youth combating radicalization<\/span><\/a><\/p>\n","protected":false},"author":1,"featured_media":0,"comment_status":"open","ping_status":"open","sticky":false,"template":"template-full-width.php","format":"standard","meta":{"_uf_show_specific_survey":0,"_uf_disable_surveys":false,"neve_meta_sidebar":"","neve_meta_container":"","neve_meta_enable_content_width":"","neve_meta_content_width":0,"neve_meta_title_alignment":"","neve_meta_author_avatar":"","neve_post_elements_order":"","neve_meta_disable_header":"","neve_meta_disable_footer":"","neve_meta_disable_title":"","_themeisle_gutenberg_block_has_review":false,"footnotes":""},"categories":[3],"tags":[],"class_list":["post-1045","post","type-post","status-publish","format-standard","hentry","category-blog"],"yoast_head":"<!-- This site is optimized with the Yoast SEO plugin v27.4 - https:\/\/yoast.com\/product\/yoast-seo-wordpress\/ -->\n<title>Youth combating radicalization |<\/title>\n<meta name=\"robots\" content=\"index, follow, max-snippet:-1, max-image-preview:large, max-video-preview:-1\" \/>\n<link rel=\"canonical\" href=\"https:\/\/www.youthforequality.sk\/index.php\/2018\/07\/30\/youth-combating-radicalization\/\" \/>\n<meta property=\"og:locale\" content=\"sk_SK\" \/>\n<meta property=\"og:type\" content=\"article\" \/>\n<meta property=\"og:title\" content=\"Youth combating radicalization |\" \/>\n<meta property=\"og:description\" content=\"Tr\u00e9ningov\u00fd kurz&nbsp;Youth combathing Radicalization, ktor\u00e9ho som sa z\u00fa\u010dastnila&nbsp;12-19.7. v arm\u00e9nskom horskom meste\u010dku Dilijan&nbsp;bol jeden z top projektov, ktor\u00fdch som sa z\u00fa\u010dastnila. Leteli sme do Tbilisi u\u017e 2 dni pred projektom, tak\u017ee sme okrem arm\u00e9nskej kult\u00fary mali mo\u017enos\u0165 spozna\u0165 aj toto o\u010daruj\u00face gruz\u00ednske hlavn\u00e9 mesto. Na za\u010diatok mus\u00edm poveda\u0165, \u017ee&nbsp;slovensk\u00e1 skupinka sme si sadli skvele&nbsp;a hne\u010f&hellip;&nbsp;\u010c\u00edta\u0165 viac &raquo;Youth combating radicalization\" \/>\n<meta property=\"og:url\" content=\"https:\/\/www.youthforequality.sk\/index.php\/2018\/07\/30\/youth-combating-radicalization\/\" \/>\n<meta property=\"article:publisher\" content=\"https:\/\/www.facebook.com\/yeslovakia\" \/>\n<meta property=\"article:published_time\" content=\"2018-07-30T22:00:06+00:00\" \/>\n<meta property=\"article:modified_time\" content=\"2020-10-26T16:39:41+00:00\" \/>\n<meta name=\"author\" content=\"Filip Ku\u017ema\" \/>\n<meta name=\"twitter:card\" content=\"summary_large_image\" \/>\n<meta name=\"twitter:label1\" content=\"Autor\" \/>\n\t<meta name=\"twitter:data1\" content=\"Filip Ku\u017ema\" \/>\n\t<meta name=\"twitter:label2\" content=\"Predpokladan\u00fd \u010das \u010d\u00edtania\" \/>\n\t<meta name=\"twitter:data2\" content=\"3 min\u00faty\" \/>\n<script type=\"application\/ld+json\" class=\"yoast-schema-graph\">{\"@context\":\"https:\\\/\\\/schema.org\",\"@graph\":[{\"@type\":\"Article\",\"@id\":\"https:\\\/\\\/www.youthforequality.sk\\\/index.php\\\/2018\\\/07\\\/30\\\/youth-combating-radicalization\\\/#article\",\"isPartOf\":{\"@id\":\"https:\\\/\\\/www.youthforequality.sk\\\/index.php\\\/2018\\\/07\\\/30\\\/youth-combating-radicalization\\\/\"},\"author\":{\"name\":\"Filip Ku\u017ema\",\"@id\":\"https:\\\/\\\/www.youthforequality.sk\\\/#\\\/schema\\\/person\\\/13a1342f9669c039035c15166bfaf7dd\"},\"headline\":\"Youth combating radicalization\",\"datePublished\":\"2018-07-30T22:00:06+00:00\",\"dateModified\":\"2020-10-26T16:39:41+00:00\",\"mainEntityOfPage\":{\"@id\":\"https:\\\/\\\/www.youthforequality.sk\\\/index.php\\\/2018\\\/07\\\/30\\\/youth-combating-radicalization\\\/\"},\"wordCount\":504,\"commentCount\":0,\"publisher\":{\"@id\":\"https:\\\/\\\/www.youthforequality.sk\\\/#organization\"},\"articleSection\":[\"Blog\"],\"inLanguage\":\"sk-SK\",\"potentialAction\":[{\"@type\":\"CommentAction\",\"name\":\"Comment\",\"target\":[\"https:\\\/\\\/www.youthforequality.sk\\\/index.php\\\/2018\\\/07\\\/30\\\/youth-combating-radicalization\\\/#respond\"]}]},{\"@type\":\"WebPage\",\"@id\":\"https:\\\/\\\/www.youthforequality.sk\\\/index.php\\\/2018\\\/07\\\/30\\\/youth-combating-radicalization\\\/\",\"url\":\"https:\\\/\\\/www.youthforequality.sk\\\/index.php\\\/2018\\\/07\\\/30\\\/youth-combating-radicalization\\\/\",\"name\":\"Youth combating radicalization |\",\"isPartOf\":{\"@id\":\"https:\\\/\\\/www.youthforequality.sk\\\/#website\"},\"datePublished\":\"2018-07-30T22:00:06+00:00\",\"dateModified\":\"2020-10-26T16:39:41+00:00\",\"breadcrumb\":{\"@id\":\"https:\\\/\\\/www.youthforequality.sk\\\/index.php\\\/2018\\\/07\\\/30\\\/youth-combating-radicalization\\\/#breadcrumb\"},\"inLanguage\":\"sk-SK\",\"potentialAction\":[{\"@type\":\"ReadAction\",\"target\":[\"https:\\\/\\\/www.youthforequality.sk\\\/index.php\\\/2018\\\/07\\\/30\\\/youth-combating-radicalization\\\/\"]}]},{\"@type\":\"BreadcrumbList\",\"@id\":\"https:\\\/\\\/www.youthforequality.sk\\\/index.php\\\/2018\\\/07\\\/30\\\/youth-combating-radicalization\\\/#breadcrumb\",\"itemListElement\":[{\"@type\":\"ListItem\",\"position\":1,\"name\":\"Home\",\"item\":\"https:\\\/\\\/www.youthforequality.sk\\\/\"},{\"@type\":\"ListItem\",\"position\":2,\"name\":\"Youth combating radicalization\"}]},{\"@type\":\"WebSite\",\"@id\":\"https:\\\/\\\/www.youthforequality.sk\\\/#website\",\"url\":\"https:\\\/\\\/www.youthforequality.sk\\\/\",\"name\":\"\",\"description\":\"\",\"publisher\":{\"@id\":\"https:\\\/\\\/www.youthforequality.sk\\\/#organization\"},\"potentialAction\":[{\"@type\":\"SearchAction\",\"target\":{\"@type\":\"EntryPoint\",\"urlTemplate\":\"https:\\\/\\\/www.youthforequality.sk\\\/?s={search_term_string}\"},\"query-input\":{\"@type\":\"PropertyValueSpecification\",\"valueRequired\":true,\"valueName\":\"search_term_string\"}}],\"inLanguage\":\"sk-SK\"},{\"@type\":\"Organization\",\"@id\":\"https:\\\/\\\/www.youthforequality.sk\\\/#organization\",\"name\":\"Youth for Equality\",\"url\":\"https:\\\/\\\/www.youthforequality.sk\\\/\",\"logo\":{\"@type\":\"ImageObject\",\"inLanguage\":\"sk-SK\",\"@id\":\"https:\\\/\\\/www.youthforequality.sk\\\/#\\\/schema\\\/logo\\\/image\\\/\",\"url\":\"https:\\\/\\\/www.youthforequality.sk\\\/wp-content\\\/uploads\\\/2021\\\/01\\\/vynovene-logo-nove-farby_modra-na-web.png\",\"contentUrl\":\"https:\\\/\\\/www.youthforequality.sk\\\/wp-content\\\/uploads\\\/2021\\\/01\\\/vynovene-logo-nove-farby_modra-na-web.png\",\"width\":1,\"height\":1,\"caption\":\"Youth for Equality\"},\"image\":{\"@id\":\"https:\\\/\\\/www.youthforequality.sk\\\/#\\\/schema\\\/logo\\\/image\\\/\"},\"sameAs\":[\"https:\\\/\\\/www.facebook.com\\\/yeslovakia\"]},{\"@type\":\"Person\",\"@id\":\"https:\\\/\\\/www.youthforequality.sk\\\/#\\\/schema\\\/person\\\/13a1342f9669c039035c15166bfaf7dd\",\"name\":\"Filip Ku\u017ema\",\"image\":{\"@type\":\"ImageObject\",\"inLanguage\":\"sk-SK\",\"@id\":\"https:\\\/\\\/secure.gravatar.com\\\/avatar\\\/5f16b953992f889ac33be959cbb81fab7225cec203e13cff27b25f35459dbc06?s=96&d=mm&r=g\",\"url\":\"https:\\\/\\\/secure.gravatar.com\\\/avatar\\\/5f16b953992f889ac33be959cbb81fab7225cec203e13cff27b25f35459dbc06?s=96&d=mm&r=g\",\"contentUrl\":\"https:\\\/\\\/secure.gravatar.com\\\/avatar\\\/5f16b953992f889ac33be959cbb81fab7225cec203e13cff27b25f35459dbc06?s=96&d=mm&r=g\",\"caption\":\"Filip Ku\u017ema\"},\"sameAs\":[\"https:\\\/\\\/www.youthforequality.sk\"],\"url\":\"https:\\\/\\\/www.youthforequality.sk\\\/index.php\\\/author\\\/filkuz\\\/\"}]}<\/script>\n<!-- \/ Yoast SEO plugin. -->","yoast_head_json":{"title":"Youth combating radicalization |","robots":{"index":"index","follow":"follow","max-snippet":"max-snippet:-1","max-image-preview":"max-image-preview:large","max-video-preview":"max-video-preview:-1"},"canonical":"https:\/\/www.youthforequality.sk\/index.php\/2018\/07\/30\/youth-combating-radicalization\/","og_locale":"sk_SK","og_type":"article","og_title":"Youth combating radicalization |","og_description":"Tr\u00e9ningov\u00fd kurz&nbsp;Youth combathing Radicalization, ktor\u00e9ho som sa z\u00fa\u010dastnila&nbsp;12-19.7. v arm\u00e9nskom horskom meste\u010dku Dilijan&nbsp;bol jeden z top projektov, ktor\u00fdch som sa z\u00fa\u010dastnila. Leteli sme do Tbilisi u\u017e 2 dni pred projektom, tak\u017ee sme okrem arm\u00e9nskej kult\u00fary mali mo\u017enos\u0165 spozna\u0165 aj toto o\u010daruj\u00face gruz\u00ednske hlavn\u00e9 mesto. Na za\u010diatok mus\u00edm poveda\u0165, \u017ee&nbsp;slovensk\u00e1 skupinka sme si sadli skvele&nbsp;a hne\u010f&hellip;&nbsp;\u010c\u00edta\u0165 viac &raquo;Youth combating radicalization","og_url":"https:\/\/www.youthforequality.sk\/index.php\/2018\/07\/30\/youth-combating-radicalization\/","article_publisher":"https:\/\/www.facebook.com\/yeslovakia","article_published_time":"2018-07-30T22:00:06+00:00","article_modified_time":"2020-10-26T16:39:41+00:00","author":"Filip Ku\u017ema","twitter_card":"summary_large_image","twitter_misc":{"Autor":"Filip Ku\u017ema","Predpokladan\u00fd \u010das \u010d\u00edtania":"3 min\u00faty"},"schema":{"@context":"https:\/\/schema.org","@graph":[{"@type":"Article","@id":"https:\/\/www.youthforequality.sk\/index.php\/2018\/07\/30\/youth-combating-radicalization\/#article","isPartOf":{"@id":"https:\/\/www.youthforequality.sk\/index.php\/2018\/07\/30\/youth-combating-radicalization\/"},"author":{"name":"Filip Ku\u017ema","@id":"https:\/\/www.youthforequality.sk\/#\/schema\/person\/13a1342f9669c039035c15166bfaf7dd"},"headline":"Youth combating radicalization","datePublished":"2018-07-30T22:00:06+00:00","dateModified":"2020-10-26T16:39:41+00:00","mainEntityOfPage":{"@id":"https:\/\/www.youthforequality.sk\/index.php\/2018\/07\/30\/youth-combating-radicalization\/"},"wordCount":504,"commentCount":0,"publisher":{"@id":"https:\/\/www.youthforequality.sk\/#organization"},"articleSection":["Blog"],"inLanguage":"sk-SK","potentialAction":[{"@type":"CommentAction","name":"Comment","target":["https:\/\/www.youthforequality.sk\/index.php\/2018\/07\/30\/youth-combating-radicalization\/#respond"]}]},{"@type":"WebPage","@id":"https:\/\/www.youthforequality.sk\/index.php\/2018\/07\/30\/youth-combating-radicalization\/","url":"https:\/\/www.youthforequality.sk\/index.php\/2018\/07\/30\/youth-combating-radicalization\/","name":"Youth combating radicalization |","isPartOf":{"@id":"https:\/\/www.youthforequality.sk\/#website"},"datePublished":"2018-07-30T22:00:06+00:00","dateModified":"2020-10-26T16:39:41+00:00","breadcrumb":{"@id":"https:\/\/www.youthforequality.sk\/index.php\/2018\/07\/30\/youth-combating-radicalization\/#breadcrumb"},"inLanguage":"sk-SK","potentialAction":[{"@type":"ReadAction","target":["https:\/\/www.youthforequality.sk\/index.php\/2018\/07\/30\/youth-combating-radicalization\/"]}]},{"@type":"BreadcrumbList","@id":"https:\/\/www.youthforequality.sk\/index.php\/2018\/07\/30\/youth-combating-radicalization\/#breadcrumb","itemListElement":[{"@type":"ListItem","position":1,"name":"Home","item":"https:\/\/www.youthforequality.sk\/"},{"@type":"ListItem","position":2,"name":"Youth combating radicalization"}]},{"@type":"WebSite","@id":"https:\/\/www.youthforequality.sk\/#website","url":"https:\/\/www.youthforequality.sk\/","name":"","description":"","publisher":{"@id":"https:\/\/www.youthforequality.sk\/#organization"},"potentialAction":[{"@type":"SearchAction","target":{"@type":"EntryPoint","urlTemplate":"https:\/\/www.youthforequality.sk\/?s={search_term_string}"},"query-input":{"@type":"PropertyValueSpecification","valueRequired":true,"valueName":"search_term_string"}}],"inLanguage":"sk-SK"},{"@type":"Organization","@id":"https:\/\/www.youthforequality.sk\/#organization","name":"Youth for Equality","url":"https:\/\/www.youthforequality.sk\/","logo":{"@type":"ImageObject","inLanguage":"sk-SK","@id":"https:\/\/www.youthforequality.sk\/#\/schema\/logo\/image\/","url":"https:\/\/www.youthforequality.sk\/wp-content\/uploads\/2021\/01\/vynovene-logo-nove-farby_modra-na-web.png","contentUrl":"https:\/\/www.youthforequality.sk\/wp-content\/uploads\/2021\/01\/vynovene-logo-nove-farby_modra-na-web.png","width":1,"height":1,"caption":"Youth for Equality"},"image":{"@id":"https:\/\/www.youthforequality.sk\/#\/schema\/logo\/image\/"},"sameAs":["https:\/\/www.facebook.com\/yeslovakia"]},{"@type":"Person","@id":"https:\/\/www.youthforequality.sk\/#\/schema\/person\/13a1342f9669c039035c15166bfaf7dd","name":"Filip Ku\u017ema","image":{"@type":"ImageObject","inLanguage":"sk-SK","@id":"https:\/\/secure.gravatar.com\/avatar\/5f16b953992f889ac33be959cbb81fab7225cec203e13cff27b25f35459dbc06?s=96&d=mm&r=g","url":"https:\/\/secure.gravatar.com\/avatar\/5f16b953992f889ac33be959cbb81fab7225cec203e13cff27b25f35459dbc06?s=96&d=mm&r=g","contentUrl":"https:\/\/secure.gravatar.com\/avatar\/5f16b953992f889ac33be959cbb81fab7225cec203e13cff27b25f35459dbc06?s=96&d=mm&r=g","caption":"Filip Ku\u017ema"},"sameAs":["https:\/\/www.youthforequality.sk"],"url":"https:\/\/www.youthforequality.sk\/index.php\/author\/filkuz\/"}]}},"_links":{"self":[{"href":"https:\/\/www.youthforequality.sk\/index.php\/wp-json\/wp\/v2\/posts\/1045","targetHints":{"allow":["GET"]}}],"collection":[{"href":"https:\/\/www.youthforequality.sk\/index.php\/wp-json\/wp\/v2\/posts"}],"about":[{"href":"https:\/\/www.youthforequality.sk\/index.php\/wp-json\/wp\/v2\/types\/post"}],"author":[{"embeddable":true,"href":"https:\/\/www.youthforequality.sk\/index.php\/wp-json\/wp\/v2\/users\/1"}],"replies":[{"embeddable":true,"href":"https:\/\/www.youthforequality.sk\/index.php\/wp-json\/wp\/v2\/comments?post=1045"}],"version-history":[{"count":1,"href":"https:\/\/www.youthforequality.sk\/index.php\/wp-json\/wp\/v2\/posts\/1045\/revisions"}],"predecessor-version":[{"id":1046,"href":"https:\/\/www.youthforequality.sk\/index.php\/wp-json\/wp\/v2\/posts\/1045\/revisions\/1046"}],"wp:attachment":[{"href":"https:\/\/www.youthforequality.sk\/index.php\/wp-json\/wp\/v2\/media?parent=1045"}],"wp:term":[{"taxonomy":"category","embeddable":true,"href":"https:\/\/www.youthforequality.sk\/index.php\/wp-json\/wp\/v2\/categories?post=1045"},{"taxonomy":"post_tag","embeddable":true,"href":"https:\/\/www.youthforequality.sk\/index.php\/wp-json\/wp\/v2\/tags?post=1045"}],"curies":[{"name":"wp","href":"https:\/\/api.w.org\/{rel}","templated":true}]}}