{"id":1047,"date":"2018-08-15T10:00:25","date_gmt":"2018-08-15T10:00:25","guid":{"rendered":"https:\/\/www.youthforequality.sk\/index.php\/2020\/06\/23\/youth-combating-radicalization-copy\/"},"modified":"2020-10-26T16:39:24","modified_gmt":"2020-10-26T16:39:24","slug":"remesla-davno-prec","status":"publish","type":"post","link":"https:\/\/www.youthforequality.sk\/index.php\/2018\/08\/15\/remesla-davno-prec\/","title":{"rendered":"Remesl\u00e1? Ve\u010f to je u\u017e d\u00e1vno pre\u010d&#8230;"},"content":{"rendered":"\n<p>V\u00fdmena ml\u00e1de\u017ee, ktor\u00e1 sa konala v d\u0148och 1-10.8.2018 v pr\u00edjemnom prostred\u00ed k\u00fape\u013en\u00e9ho,&nbsp;rumunsk\u00e9ho meste\u010dka Caciulata sa mi nav\u017edy zaryje do pam\u00e4ti. Pre\u010do? Ani neviem, kde za\u010da\u0165.<\/p>\n\n\n\n<p>T\u00fd\u017ede\u0148 pln\u00fd nabit\u00e9ho programu, ktor\u00fd bol postaven\u00fd na zdie\u013ean\u00ed, sk\u00fa\u0161an\u00ed a prezentovan\u00ed n\u00e1rodn\u00fdch&nbsp;remesiel ma mnoho nau\u010dil. Spo\u010diatku som nevedela, \u010do \u010daka\u0165 &#8211; &#8222;Remesl\u00e1? Ve\u010f to je u\u017e d\u00e1vno pre\u010d.&#8220;&nbsp;hovorila som si.&nbsp;<\/p>\n\n\n\n<p>Prv\u00fd de\u0148, ako ka\u017ed\u00fd prv\u00fd na v\u00fdmen\u00e1ch, bol dos\u0165 n\u00e1ro\u010dn\u00fd a to hlavne z poh\u013eadu&nbsp;zapam\u00e4ta\u0165 si sedemdesiat mien! \u0160lo to v\u0161ak dos\u0165 r\u00fdchlo a \u00fa\u010dastn\u00edkov&nbsp; z Talianska, \u0160panielska,&nbsp;Portugalska, Bulharska, Turecka, Litvy, Loty\u0161ska, Slovenska a Rumunska spojila dobr\u00e1 n\u00e1lada&nbsp;a spolo\u010dn\u00e9 aktivity. Po prvom dni to u\u017e \u0161lo r\u00fdchlo, ani som sa nestihla nazda\u0165. \u0160panielske kvety do&nbsp;vlasov, talianske z\u00e1pisn\u00edky vyroben\u00e9 starou met\u00f3dou zdobenia skla v Ben\u00e1tkach \u010di tureck\u00e9 makrom\u00e9&nbsp;sme si mohli sami vysk\u00fa\u0161a\u0165, \u010do bol pre m\u0148a \u00fa\u017easn\u00fd praktick\u00fd z\u00e1\u017eitok aj do bud\u00facna. A nielen to, ale aj&nbsp;omnoho viac &#8211; v\u0161etko neform\u00e1lnou met\u00f3dou vzdel\u00e1vania. Workshopy, na ktor\u00fdch n\u00e1s jednotliv\u00e9&nbsp;krajiny u\u010dili \u013eudov\u00e9mu remeslu boli pre m\u0148a ve\u013emi zauj\u00edmav\u00e9 a som v\u010fa\u010dn\u00e1, \u017ee sme im aj my, Slov\u00e1ci,&nbsp;predviedli nie\u010do z na\u0161ej slovenskej kult\u00fary. \u00da\u010dastn\u00edci si mohli vysk\u00fa\u0161a\u0165 h\u00e1\u010dkovanie a cel\u00fd proces&nbsp;pe\u010denia i zdobenia na\u0161ich viano\u010dn\u00fdch pern\u00edkov. Niektor\u00ed z n\u00e1s sa dokonca mohli sta\u0165 na chv\u00ed\u013eku aj&nbsp;miestnou hviezdou, ke\u010f\u017ee ka\u017ed\u00e1 deleg\u00e1cia si vybrala jedn\u00e9ho \u010dlena, ktor\u00fd krajinu reprezentoval&nbsp;v miestnej telev\u00edzi\u00ed. Na\u0161e ve\u010dere boli obohaten\u00e9 o kult\u00farne noci, kde sme sa mohli nie\u010do nov\u00e9 nau\u010di\u0165&nbsp;o in\u00fdch kult\u00farach, spolo\u010dne si zatancova\u0165, zaspieva\u0165 a samozrejme aj ochutna\u0165 \u0161peciality, ktor\u00e9 len&nbsp;tak \u013eahko v jednej krajine neochutn\u00e1me. Po\u010das projektu sme mali mo\u017enos\u0165 vidie\u0165 a vysk\u00fa\u0161a\u0165 si aj&nbsp;tradi\u010dn\u00e9 rumunsk\u00e9 remesl\u00e1 ako hrn\u010diarstvo, kraj\u010d\u00edrstvo, drev\u00e1rstvo, ko\u0161ik\u00e1rstvo \u010di ko\u017eiarstvo. Na&nbsp;v\u00fdlete objavovania remesiel sme nahliadli aj do kl\u00e1\u0161torov, kde n\u00e1s miestny bohato pohostili.&nbsp;<\/p>\n\n\n\n<p>Tak&nbsp;a zrazu to bolo tu. \u010cas l\u00fa\u010denia &#8211; v\u017edy naj\u0165a\u017e\u0161\u00ed. Mus\u00edm poveda\u0165, \u017ee som ve\u013emi rada a v\u010fa\u010dn\u00e1 za t\u00fato&nbsp;sk\u00fasenos\u0165 a t\u00fdmto by som chcela po\u010fakova\u0165 aj mojej skupine za skvel\u00fd v\u00fdkon a dobr\u00fa n\u00e1ladu. Aj ke\u010f&nbsp;sa niekomu mohlo zda\u0165, \u017ee to mohlo by\u0165 aj lep\u0161ie, v\u017edy nakoniec z\u00e1le\u017e\u00ed na \u013eu\u010foch, ak\u00fdch stretneme&nbsp;a ak\u00e9 siln\u00e9 priate\u013estv\u00e1 si s nimi vytvor\u00edme. Tak sa n\u00e1m aj &#8222;mal\u00e9 muchy&#8220; pretavia na najkraj\u0161ie chv\u00edle&nbsp;a z\u00e1\u017eitky, ktor\u00e9 ostan\u00fa v na\u0161om srdci nav\u017edy.<\/p>\n\n\n\n<p>Video z projektu&nbsp;<a href=\"https:\/\/www.facebook.com\/yeslovakia\/videos\/318597278885357\/\" target=\"_blank\" rel=\"noreferrer noopener\">TU<\/a><\/p>\n\n\n\n<p>Martina Pitrovsk\u00e1<\/p>\n\n\n\n<figure class=\"wp-block-gallery columns-3 is-cropped wp-block-gallery-1 is-layout-flex wp-block-gallery-is-layout-flex\"><ul class=\"blocks-gallery-grid\"><li class=\"blocks-gallery-item\"><figure><img fetchpriority=\"high\" decoding=\"async\" width=\"960\" height=\"720\" src=\"https:\/\/www.youthforequality.sk\/wp-content\/uploads\/2020\/06\/rural-1.jpg\" alt=\"\" data-id=\"1049\" data-link=\"https:\/\/www.youthforequality.sk\/index.php\/2020\/06\/23\/youth-combating-radicalization-copy\/rural-1\/\" class=\"wp-image-1049\" srcset=\"https:\/\/www.youthforequality.sk\/wp-content\/uploads\/2020\/06\/rural-1.jpg 960w, https:\/\/www.youthforequality.sk\/wp-content\/uploads\/2020\/06\/rural-1-300x225.jpg 300w, https:\/\/www.youthforequality.sk\/wp-content\/uploads\/2020\/06\/rural-1-768x576.jpg 768w, https:\/\/www.youthforequality.sk\/wp-content\/uploads\/2020\/06\/rural-1-540x405.jpg 540w\" sizes=\"(max-width: 960px) 100vw, 960px\" \/><\/figure><\/li><li class=\"blocks-gallery-item\"><figure><img decoding=\"async\" width=\"1024\" height=\"768\" src=\"https:\/\/www.youthforequality.sk\/wp-content\/uploads\/2020\/06\/rural-3-1024x768.jpg\" alt=\"\" data-id=\"1050\" data-full-url=\"https:\/\/www.youthforequality.sk\/wp-content\/uploads\/2020\/06\/rural-3.jpg\" data-link=\"https:\/\/www.youthforequality.sk\/index.php\/2020\/06\/23\/youth-combating-radicalization-copy\/rural-3\/\" class=\"wp-image-1050\" srcset=\"https:\/\/www.youthforequality.sk\/wp-content\/uploads\/2020\/06\/rural-3-1024x768.jpg 1024w, https:\/\/www.youthforequality.sk\/wp-content\/uploads\/2020\/06\/rural-3-300x225.jpg 300w, https:\/\/www.youthforequality.sk\/wp-content\/uploads\/2020\/06\/rural-3-768x576.jpg 768w, https:\/\/www.youthforequality.sk\/wp-content\/uploads\/2020\/06\/rural-3-1536x1152.jpg 1536w, https:\/\/www.youthforequality.sk\/wp-content\/uploads\/2020\/06\/rural-3-540x405.jpg 540w, https:\/\/www.youthforequality.sk\/wp-content\/uploads\/2020\/06\/rural-3-1080x810.jpg 1080w, https:\/\/www.youthforequality.sk\/wp-content\/uploads\/2020\/06\/rural-3.jpg 1920w\" sizes=\"(max-width: 1024px) 100vw, 1024px\" \/><\/figure><\/li><li class=\"blocks-gallery-item\"><figure><img decoding=\"async\" width=\"960\" height=\"540\" src=\"https:\/\/www.youthforequality.sk\/wp-content\/uploads\/2020\/06\/rural-4.jpg\" alt=\"\" data-id=\"1051\" data-full-url=\"https:\/\/www.youthforequality.sk\/wp-content\/uploads\/2020\/06\/rural-4.jpg\" data-link=\"https:\/\/www.youthforequality.sk\/index.php\/2020\/06\/23\/youth-combating-radicalization-copy\/rural-4\/\" class=\"wp-image-1051\" srcset=\"https:\/\/www.youthforequality.sk\/wp-content\/uploads\/2020\/06\/rural-4.jpg 960w, https:\/\/www.youthforequality.sk\/wp-content\/uploads\/2020\/06\/rural-4-300x169.jpg 300w, https:\/\/www.youthforequality.sk\/wp-content\/uploads\/2020\/06\/rural-4-768x432.jpg 768w, https:\/\/www.youthforequality.sk\/wp-content\/uploads\/2020\/06\/rural-4-540x304.jpg 540w\" sizes=\"(max-width: 960px) 100vw, 960px\" \/><\/figure><\/li><\/ul><\/figure>\n","protected":false},"excerpt":{"rendered":"<p>V\u00fdmena ml\u00e1de\u017ee, ktor\u00e1 sa konala v d\u0148och 1-10.8.2018 v pr\u00edjemnom prostred\u00ed k\u00fape\u013en\u00e9ho,&nbsp;rumunsk\u00e9ho meste\u010dka Caciulata sa mi nav\u017edy zaryje do pam\u00e4ti. Pre\u010do? Ani neviem, kde za\u010da\u0165. T\u00fd\u017ede\u0148 pln\u00fd nabit\u00e9ho programu, ktor\u00fd bol postaven\u00fd na zdie\u013ean\u00ed, sk\u00fa\u0161an\u00ed a prezentovan\u00ed n\u00e1rodn\u00fdch&nbsp;remesiel ma mnoho nau\u010dil. Spo\u010diatku som nevedela, \u010do \u010daka\u0165 &#8211; &#8222;Remesl\u00e1? Ve\u010f to je u\u017e d\u00e1vno pre\u010d.&#8220;&nbsp;hovorila som&hellip;&nbsp;<a href=\"https:\/\/www.youthforequality.sk\/index.php\/2018\/08\/15\/remesla-davno-prec\/\" class=\"\" rel=\"bookmark\">\u010c\u00edta\u0165 viac &raquo;<span class=\"screen-reader-text\">Remesl\u00e1? Ve\u010f to je u\u017e d\u00e1vno pre\u010d&#8230;<\/span><\/a><\/p>\n","protected":false},"author":1,"featured_media":1052,"comment_status":"open","ping_status":"open","sticky":false,"template":"template-full-width.php","format":"standard","meta":{"_uf_show_specific_survey":0,"_uf_disable_surveys":false,"neve_meta_sidebar":"","neve_meta_container":"","neve_meta_enable_content_width":"","neve_meta_content_width":0,"neve_meta_title_alignment":"","neve_meta_author_avatar":"","neve_post_elements_order":"","neve_meta_disable_header":"","neve_meta_disable_footer":"","neve_meta_disable_title":"","_themeisle_gutenberg_block_has_review":false,"footnotes":""},"categories":[3],"tags":[],"class_list":["post-1047","post","type-post","status-publish","format-standard","has-post-thumbnail","hentry","category-blog"],"yoast_head":"<!-- This site is optimized with the Yoast SEO plugin v27.4 - https:\/\/yoast.com\/product\/yoast-seo-wordpress\/ -->\n<title>Remesl\u00e1? Ve\u010f to je u\u017e d\u00e1vno pre\u010d... |<\/title>\n<meta name=\"robots\" content=\"index, follow, max-snippet:-1, max-image-preview:large, max-video-preview:-1\" \/>\n<link rel=\"canonical\" href=\"https:\/\/www.youthforequality.sk\/index.php\/2018\/08\/15\/remesla-davno-prec\/\" \/>\n<meta property=\"og:locale\" content=\"sk_SK\" \/>\n<meta property=\"og:type\" content=\"article\" \/>\n<meta property=\"og:title\" content=\"Remesl\u00e1? Ve\u010f to je u\u017e d\u00e1vno pre\u010d... |\" \/>\n<meta property=\"og:description\" content=\"V\u00fdmena ml\u00e1de\u017ee, ktor\u00e1 sa konala v d\u0148och 1-10.8.2018 v pr\u00edjemnom prostred\u00ed k\u00fape\u013en\u00e9ho,&nbsp;rumunsk\u00e9ho meste\u010dka Caciulata sa mi nav\u017edy zaryje do pam\u00e4ti. Pre\u010do? Ani neviem, kde za\u010da\u0165. T\u00fd\u017ede\u0148 pln\u00fd nabit\u00e9ho programu, ktor\u00fd bol postaven\u00fd na zdie\u013ean\u00ed, sk\u00fa\u0161an\u00ed a prezentovan\u00ed n\u00e1rodn\u00fdch&nbsp;remesiel ma mnoho nau\u010dil. Spo\u010diatku som nevedela, \u010do \u010daka\u0165 &#8211; &#8222;Remesl\u00e1? Ve\u010f to je u\u017e d\u00e1vno pre\u010d.&#8220;&nbsp;hovorila som&hellip;&nbsp;\u010c\u00edta\u0165 viac &raquo;Remesl\u00e1? Ve\u010f to je u\u017e d\u00e1vno pre\u010d&#8230;\" \/>\n<meta property=\"og:url\" content=\"https:\/\/www.youthforequality.sk\/index.php\/2018\/08\/15\/remesla-davno-prec\/\" \/>\n<meta property=\"article:publisher\" content=\"https:\/\/www.facebook.com\/yeslovakia\" \/>\n<meta property=\"article:published_time\" content=\"2018-08-15T10:00:25+00:00\" \/>\n<meta property=\"article:modified_time\" content=\"2020-10-26T16:39:24+00:00\" \/>\n<meta property=\"og:image\" content=\"https:\/\/www.youthforequality.sk\/wp-content\/uploads\/2020\/06\/rural-2.jpg\" \/>\n\t<meta property=\"og:image:width\" content=\"1088\" \/>\n\t<meta property=\"og:image:height\" content=\"816\" \/>\n\t<meta property=\"og:image:type\" content=\"image\/jpeg\" \/>\n<meta name=\"author\" content=\"Filip Ku\u017ema\" \/>\n<meta name=\"twitter:card\" content=\"summary_large_image\" \/>\n<meta name=\"twitter:label1\" content=\"Autor\" \/>\n\t<meta name=\"twitter:data1\" content=\"Filip Ku\u017ema\" \/>\n\t<meta name=\"twitter:label2\" content=\"Predpokladan\u00fd \u010das \u010d\u00edtania\" \/>\n\t<meta name=\"twitter:data2\" content=\"3 min\u00faty\" \/>\n<script type=\"application\/ld+json\" class=\"yoast-schema-graph\">{\"@context\":\"https:\\\/\\\/schema.org\",\"@graph\":[{\"@type\":\"Article\",\"@id\":\"https:\\\/\\\/www.youthforequality.sk\\\/index.php\\\/2018\\\/08\\\/15\\\/remesla-davno-prec\\\/#article\",\"isPartOf\":{\"@id\":\"https:\\\/\\\/www.youthforequality.sk\\\/index.php\\\/2018\\\/08\\\/15\\\/remesla-davno-prec\\\/\"},\"author\":{\"name\":\"Filip Ku\u017ema\",\"@id\":\"https:\\\/\\\/www.youthforequality.sk\\\/#\\\/schema\\\/person\\\/13a1342f9669c039035c15166bfaf7dd\"},\"headline\":\"Remesl\u00e1? Ve\u010f to je u\u017e d\u00e1vno pre\u010d&#8230;\",\"datePublished\":\"2018-08-15T10:00:25+00:00\",\"dateModified\":\"2020-10-26T16:39:24+00:00\",\"mainEntityOfPage\":{\"@id\":\"https:\\\/\\\/www.youthforequality.sk\\\/index.php\\\/2018\\\/08\\\/15\\\/remesla-davno-prec\\\/\"},\"wordCount\":541,\"commentCount\":0,\"publisher\":{\"@id\":\"https:\\\/\\\/www.youthforequality.sk\\\/#organization\"},\"image\":{\"@id\":\"https:\\\/\\\/www.youthforequality.sk\\\/index.php\\\/2018\\\/08\\\/15\\\/remesla-davno-prec\\\/#primaryimage\"},\"thumbnailUrl\":\"https:\\\/\\\/www.youthforequality.sk\\\/wp-content\\\/uploads\\\/2020\\\/06\\\/rural-2.jpg\",\"articleSection\":[\"Blog\"],\"inLanguage\":\"sk-SK\",\"potentialAction\":[{\"@type\":\"CommentAction\",\"name\":\"Comment\",\"target\":[\"https:\\\/\\\/www.youthforequality.sk\\\/index.php\\\/2018\\\/08\\\/15\\\/remesla-davno-prec\\\/#respond\"]}]},{\"@type\":\"WebPage\",\"@id\":\"https:\\\/\\\/www.youthforequality.sk\\\/index.php\\\/2018\\\/08\\\/15\\\/remesla-davno-prec\\\/\",\"url\":\"https:\\\/\\\/www.youthforequality.sk\\\/index.php\\\/2018\\\/08\\\/15\\\/remesla-davno-prec\\\/\",\"name\":\"Remesl\u00e1? Ve\u010f to je u\u017e d\u00e1vno pre\u010d... |\",\"isPartOf\":{\"@id\":\"https:\\\/\\\/www.youthforequality.sk\\\/#website\"},\"primaryImageOfPage\":{\"@id\":\"https:\\\/\\\/www.youthforequality.sk\\\/index.php\\\/2018\\\/08\\\/15\\\/remesla-davno-prec\\\/#primaryimage\"},\"image\":{\"@id\":\"https:\\\/\\\/www.youthforequality.sk\\\/index.php\\\/2018\\\/08\\\/15\\\/remesla-davno-prec\\\/#primaryimage\"},\"thumbnailUrl\":\"https:\\\/\\\/www.youthforequality.sk\\\/wp-content\\\/uploads\\\/2020\\\/06\\\/rural-2.jpg\",\"datePublished\":\"2018-08-15T10:00:25+00:00\",\"dateModified\":\"2020-10-26T16:39:24+00:00\",\"breadcrumb\":{\"@id\":\"https:\\\/\\\/www.youthforequality.sk\\\/index.php\\\/2018\\\/08\\\/15\\\/remesla-davno-prec\\\/#breadcrumb\"},\"inLanguage\":\"sk-SK\",\"potentialAction\":[{\"@type\":\"ReadAction\",\"target\":[\"https:\\\/\\\/www.youthforequality.sk\\\/index.php\\\/2018\\\/08\\\/15\\\/remesla-davno-prec\\\/\"]}]},{\"@type\":\"ImageObject\",\"inLanguage\":\"sk-SK\",\"@id\":\"https:\\\/\\\/www.youthforequality.sk\\\/index.php\\\/2018\\\/08\\\/15\\\/remesla-davno-prec\\\/#primaryimage\",\"url\":\"https:\\\/\\\/www.youthforequality.sk\\\/wp-content\\\/uploads\\\/2020\\\/06\\\/rural-2.jpg\",\"contentUrl\":\"https:\\\/\\\/www.youthforequality.sk\\\/wp-content\\\/uploads\\\/2020\\\/06\\\/rural-2.jpg\",\"width\":1088,\"height\":816},{\"@type\":\"BreadcrumbList\",\"@id\":\"https:\\\/\\\/www.youthforequality.sk\\\/index.php\\\/2018\\\/08\\\/15\\\/remesla-davno-prec\\\/#breadcrumb\",\"itemListElement\":[{\"@type\":\"ListItem\",\"position\":1,\"name\":\"Home\",\"item\":\"https:\\\/\\\/www.youthforequality.sk\\\/\"},{\"@type\":\"ListItem\",\"position\":2,\"name\":\"Remesl\u00e1? Ve\u010f to je u\u017e d\u00e1vno pre\u010d&#8230;\"}]},{\"@type\":\"WebSite\",\"@id\":\"https:\\\/\\\/www.youthforequality.sk\\\/#website\",\"url\":\"https:\\\/\\\/www.youthforequality.sk\\\/\",\"name\":\"\",\"description\":\"\",\"publisher\":{\"@id\":\"https:\\\/\\\/www.youthforequality.sk\\\/#organization\"},\"potentialAction\":[{\"@type\":\"SearchAction\",\"target\":{\"@type\":\"EntryPoint\",\"urlTemplate\":\"https:\\\/\\\/www.youthforequality.sk\\\/?s={search_term_string}\"},\"query-input\":{\"@type\":\"PropertyValueSpecification\",\"valueRequired\":true,\"valueName\":\"search_term_string\"}}],\"inLanguage\":\"sk-SK\"},{\"@type\":\"Organization\",\"@id\":\"https:\\\/\\\/www.youthforequality.sk\\\/#organization\",\"name\":\"Youth for Equality\",\"url\":\"https:\\\/\\\/www.youthforequality.sk\\\/\",\"logo\":{\"@type\":\"ImageObject\",\"inLanguage\":\"sk-SK\",\"@id\":\"https:\\\/\\\/www.youthforequality.sk\\\/#\\\/schema\\\/logo\\\/image\\\/\",\"url\":\"https:\\\/\\\/www.youthforequality.sk\\\/wp-content\\\/uploads\\\/2021\\\/01\\\/vynovene-logo-nove-farby_modra-na-web.png\",\"contentUrl\":\"https:\\\/\\\/www.youthforequality.sk\\\/wp-content\\\/uploads\\\/2021\\\/01\\\/vynovene-logo-nove-farby_modra-na-web.png\",\"width\":1,\"height\":1,\"caption\":\"Youth for Equality\"},\"image\":{\"@id\":\"https:\\\/\\\/www.youthforequality.sk\\\/#\\\/schema\\\/logo\\\/image\\\/\"},\"sameAs\":[\"https:\\\/\\\/www.facebook.com\\\/yeslovakia\"]},{\"@type\":\"Person\",\"@id\":\"https:\\\/\\\/www.youthforequality.sk\\\/#\\\/schema\\\/person\\\/13a1342f9669c039035c15166bfaf7dd\",\"name\":\"Filip Ku\u017ema\",\"image\":{\"@type\":\"ImageObject\",\"inLanguage\":\"sk-SK\",\"@id\":\"https:\\\/\\\/secure.gravatar.com\\\/avatar\\\/5f16b953992f889ac33be959cbb81fab7225cec203e13cff27b25f35459dbc06?s=96&d=mm&r=g\",\"url\":\"https:\\\/\\\/secure.gravatar.com\\\/avatar\\\/5f16b953992f889ac33be959cbb81fab7225cec203e13cff27b25f35459dbc06?s=96&d=mm&r=g\",\"contentUrl\":\"https:\\\/\\\/secure.gravatar.com\\\/avatar\\\/5f16b953992f889ac33be959cbb81fab7225cec203e13cff27b25f35459dbc06?s=96&d=mm&r=g\",\"caption\":\"Filip Ku\u017ema\"},\"sameAs\":[\"https:\\\/\\\/www.youthforequality.sk\"],\"url\":\"https:\\\/\\\/www.youthforequality.sk\\\/index.php\\\/author\\\/filkuz\\\/\"}]}<\/script>\n<!-- \/ Yoast SEO plugin. -->","yoast_head_json":{"title":"Remesl\u00e1? Ve\u010f to je u\u017e d\u00e1vno pre\u010d... |","robots":{"index":"index","follow":"follow","max-snippet":"max-snippet:-1","max-image-preview":"max-image-preview:large","max-video-preview":"max-video-preview:-1"},"canonical":"https:\/\/www.youthforequality.sk\/index.php\/2018\/08\/15\/remesla-davno-prec\/","og_locale":"sk_SK","og_type":"article","og_title":"Remesl\u00e1? Ve\u010f to je u\u017e d\u00e1vno pre\u010d... |","og_description":"V\u00fdmena ml\u00e1de\u017ee, ktor\u00e1 sa konala v d\u0148och 1-10.8.2018 v pr\u00edjemnom prostred\u00ed k\u00fape\u013en\u00e9ho,&nbsp;rumunsk\u00e9ho meste\u010dka Caciulata sa mi nav\u017edy zaryje do pam\u00e4ti. Pre\u010do? Ani neviem, kde za\u010da\u0165. T\u00fd\u017ede\u0148 pln\u00fd nabit\u00e9ho programu, ktor\u00fd bol postaven\u00fd na zdie\u013ean\u00ed, sk\u00fa\u0161an\u00ed a prezentovan\u00ed n\u00e1rodn\u00fdch&nbsp;remesiel ma mnoho nau\u010dil. Spo\u010diatku som nevedela, \u010do \u010daka\u0165 &#8211; &#8222;Remesl\u00e1? Ve\u010f to je u\u017e d\u00e1vno pre\u010d.&#8220;&nbsp;hovorila som&hellip;&nbsp;\u010c\u00edta\u0165 viac &raquo;Remesl\u00e1? Ve\u010f to je u\u017e d\u00e1vno pre\u010d&#8230;","og_url":"https:\/\/www.youthforequality.sk\/index.php\/2018\/08\/15\/remesla-davno-prec\/","article_publisher":"https:\/\/www.facebook.com\/yeslovakia","article_published_time":"2018-08-15T10:00:25+00:00","article_modified_time":"2020-10-26T16:39:24+00:00","og_image":[{"width":1088,"height":816,"url":"https:\/\/www.youthforequality.sk\/wp-content\/uploads\/2020\/06\/rural-2.jpg","type":"image\/jpeg"}],"author":"Filip Ku\u017ema","twitter_card":"summary_large_image","twitter_misc":{"Autor":"Filip Ku\u017ema","Predpokladan\u00fd \u010das \u010d\u00edtania":"3 min\u00faty"},"schema":{"@context":"https:\/\/schema.org","@graph":[{"@type":"Article","@id":"https:\/\/www.youthforequality.sk\/index.php\/2018\/08\/15\/remesla-davno-prec\/#article","isPartOf":{"@id":"https:\/\/www.youthforequality.sk\/index.php\/2018\/08\/15\/remesla-davno-prec\/"},"author":{"name":"Filip Ku\u017ema","@id":"https:\/\/www.youthforequality.sk\/#\/schema\/person\/13a1342f9669c039035c15166bfaf7dd"},"headline":"Remesl\u00e1? Ve\u010f to je u\u017e d\u00e1vno pre\u010d&#8230;","datePublished":"2018-08-15T10:00:25+00:00","dateModified":"2020-10-26T16:39:24+00:00","mainEntityOfPage":{"@id":"https:\/\/www.youthforequality.sk\/index.php\/2018\/08\/15\/remesla-davno-prec\/"},"wordCount":541,"commentCount":0,"publisher":{"@id":"https:\/\/www.youthforequality.sk\/#organization"},"image":{"@id":"https:\/\/www.youthforequality.sk\/index.php\/2018\/08\/15\/remesla-davno-prec\/#primaryimage"},"thumbnailUrl":"https:\/\/www.youthforequality.sk\/wp-content\/uploads\/2020\/06\/rural-2.jpg","articleSection":["Blog"],"inLanguage":"sk-SK","potentialAction":[{"@type":"CommentAction","name":"Comment","target":["https:\/\/www.youthforequality.sk\/index.php\/2018\/08\/15\/remesla-davno-prec\/#respond"]}]},{"@type":"WebPage","@id":"https:\/\/www.youthforequality.sk\/index.php\/2018\/08\/15\/remesla-davno-prec\/","url":"https:\/\/www.youthforequality.sk\/index.php\/2018\/08\/15\/remesla-davno-prec\/","name":"Remesl\u00e1? Ve\u010f to je u\u017e d\u00e1vno pre\u010d... |","isPartOf":{"@id":"https:\/\/www.youthforequality.sk\/#website"},"primaryImageOfPage":{"@id":"https:\/\/www.youthforequality.sk\/index.php\/2018\/08\/15\/remesla-davno-prec\/#primaryimage"},"image":{"@id":"https:\/\/www.youthforequality.sk\/index.php\/2018\/08\/15\/remesla-davno-prec\/#primaryimage"},"thumbnailUrl":"https:\/\/www.youthforequality.sk\/wp-content\/uploads\/2020\/06\/rural-2.jpg","datePublished":"2018-08-15T10:00:25+00:00","dateModified":"2020-10-26T16:39:24+00:00","breadcrumb":{"@id":"https:\/\/www.youthforequality.sk\/index.php\/2018\/08\/15\/remesla-davno-prec\/#breadcrumb"},"inLanguage":"sk-SK","potentialAction":[{"@type":"ReadAction","target":["https:\/\/www.youthforequality.sk\/index.php\/2018\/08\/15\/remesla-davno-prec\/"]}]},{"@type":"ImageObject","inLanguage":"sk-SK","@id":"https:\/\/www.youthforequality.sk\/index.php\/2018\/08\/15\/remesla-davno-prec\/#primaryimage","url":"https:\/\/www.youthforequality.sk\/wp-content\/uploads\/2020\/06\/rural-2.jpg","contentUrl":"https:\/\/www.youthforequality.sk\/wp-content\/uploads\/2020\/06\/rural-2.jpg","width":1088,"height":816},{"@type":"BreadcrumbList","@id":"https:\/\/www.youthforequality.sk\/index.php\/2018\/08\/15\/remesla-davno-prec\/#breadcrumb","itemListElement":[{"@type":"ListItem","position":1,"name":"Home","item":"https:\/\/www.youthforequality.sk\/"},{"@type":"ListItem","position":2,"name":"Remesl\u00e1? Ve\u010f to je u\u017e d\u00e1vno pre\u010d&#8230;"}]},{"@type":"WebSite","@id":"https:\/\/www.youthforequality.sk\/#website","url":"https:\/\/www.youthforequality.sk\/","name":"","description":"","publisher":{"@id":"https:\/\/www.youthforequality.sk\/#organization"},"potentialAction":[{"@type":"SearchAction","target":{"@type":"EntryPoint","urlTemplate":"https:\/\/www.youthforequality.sk\/?s={search_term_string}"},"query-input":{"@type":"PropertyValueSpecification","valueRequired":true,"valueName":"search_term_string"}}],"inLanguage":"sk-SK"},{"@type":"Organization","@id":"https:\/\/www.youthforequality.sk\/#organization","name":"Youth for Equality","url":"https:\/\/www.youthforequality.sk\/","logo":{"@type":"ImageObject","inLanguage":"sk-SK","@id":"https:\/\/www.youthforequality.sk\/#\/schema\/logo\/image\/","url":"https:\/\/www.youthforequality.sk\/wp-content\/uploads\/2021\/01\/vynovene-logo-nove-farby_modra-na-web.png","contentUrl":"https:\/\/www.youthforequality.sk\/wp-content\/uploads\/2021\/01\/vynovene-logo-nove-farby_modra-na-web.png","width":1,"height":1,"caption":"Youth for Equality"},"image":{"@id":"https:\/\/www.youthforequality.sk\/#\/schema\/logo\/image\/"},"sameAs":["https:\/\/www.facebook.com\/yeslovakia"]},{"@type":"Person","@id":"https:\/\/www.youthforequality.sk\/#\/schema\/person\/13a1342f9669c039035c15166bfaf7dd","name":"Filip Ku\u017ema","image":{"@type":"ImageObject","inLanguage":"sk-SK","@id":"https:\/\/secure.gravatar.com\/avatar\/5f16b953992f889ac33be959cbb81fab7225cec203e13cff27b25f35459dbc06?s=96&d=mm&r=g","url":"https:\/\/secure.gravatar.com\/avatar\/5f16b953992f889ac33be959cbb81fab7225cec203e13cff27b25f35459dbc06?s=96&d=mm&r=g","contentUrl":"https:\/\/secure.gravatar.com\/avatar\/5f16b953992f889ac33be959cbb81fab7225cec203e13cff27b25f35459dbc06?s=96&d=mm&r=g","caption":"Filip Ku\u017ema"},"sameAs":["https:\/\/www.youthforequality.sk"],"url":"https:\/\/www.youthforequality.sk\/index.php\/author\/filkuz\/"}]}},"_links":{"self":[{"href":"https:\/\/www.youthforequality.sk\/index.php\/wp-json\/wp\/v2\/posts\/1047","targetHints":{"allow":["GET"]}}],"collection":[{"href":"https:\/\/www.youthforequality.sk\/index.php\/wp-json\/wp\/v2\/posts"}],"about":[{"href":"https:\/\/www.youthforequality.sk\/index.php\/wp-json\/wp\/v2\/types\/post"}],"author":[{"embeddable":true,"href":"https:\/\/www.youthforequality.sk\/index.php\/wp-json\/wp\/v2\/users\/1"}],"replies":[{"embeddable":true,"href":"https:\/\/www.youthforequality.sk\/index.php\/wp-json\/wp\/v2\/comments?post=1047"}],"version-history":[{"count":1,"href":"https:\/\/www.youthforequality.sk\/index.php\/wp-json\/wp\/v2\/posts\/1047\/revisions"}],"predecessor-version":[{"id":1053,"href":"https:\/\/www.youthforequality.sk\/index.php\/wp-json\/wp\/v2\/posts\/1047\/revisions\/1053"}],"wp:featuredmedia":[{"embeddable":true,"href":"https:\/\/www.youthforequality.sk\/index.php\/wp-json\/wp\/v2\/media\/1052"}],"wp:attachment":[{"href":"https:\/\/www.youthforequality.sk\/index.php\/wp-json\/wp\/v2\/media?parent=1047"}],"wp:term":[{"taxonomy":"category","embeddable":true,"href":"https:\/\/www.youthforequality.sk\/index.php\/wp-json\/wp\/v2\/categories?post=1047"},{"taxonomy":"post_tag","embeddable":true,"href":"https:\/\/www.youthforequality.sk\/index.php\/wp-json\/wp\/v2\/tags?post=1047"}],"curies":[{"name":"wp","href":"https:\/\/api.w.org\/{rel}","templated":true}]}}