{"id":1054,"date":"2018-10-28T10:00:51","date_gmt":"2018-10-28T10:00:51","guid":{"rendered":"https:\/\/www.youthforequality.sk\/index.php\/2020\/06\/23\/remesla-davno-prec-copy\/"},"modified":"2020-10-26T16:39:02","modified_gmt":"2020-10-26T16:39:02","slug":"mladeznicka-vymena-pre-mladych-podnikatelov","status":"publish","type":"post","link":"https:\/\/www.youthforequality.sk\/index.php\/2018\/10\/28\/mladeznicka-vymena-pre-mladych-podnikatelov\/","title":{"rendered":"Ml\u00e1de\u017en\u00edcka v\u00fdmena pre mlad\u00fdch podnikate\u013eov"},"content":{"rendered":"\n<p>&#8222;Yout(th) Can Be an Entrepreneur&#8220; v Turecku v marci 2018 bol projekt prekypuj\u00faci nov\u00fdmi inform\u00e1ciami, in\u0161pir\u00e1ciou, motiv\u00e1ciou do bud\u00faceho vzdel\u00e1vania a rozbiehania vlastn\u00fdch projektov, z\u00e1\u017eitkami a nepoznan\u00fdmi dobrodru\u017estvami. Po\u010das netradi\u010dn\u00fdch a ve\u013emi interakt\u00edvnych aktiv\u00edt sme sa dozvedeli mno\u017estvo inform\u00e1ci\u00ed o t\u00e9me projektu, podnikate\u013estve, ale aj o samotn\u00fdch \u00fa\u010dastn\u00edkoch a odli\u0161nostiach kult\u00far a kraj\u00edn, z ktor\u00fdch poch\u00e1dzaj\u00fa. V priebehu cel\u00e9ho projektu bol kladen\u00fd d\u00f4raz na premie\u0161avanie skup\u00edn, v ktor\u00fdch pracujeme, aby naozaj ka\u017ed\u00fd mal mo\u017enos\u0165 zozn\u00e1mi\u0165 sa so v\u0161etk\u00fdmi. Ve\u013emi zauj\u00edmav\u00e9 boli predn\u00e1\u0161ky o pr\u00edle\u017eitostiach, ktor\u00e9 existuj\u00fa pre \u0161tudentov v podobe r\u00f4znych v\u00fdmenn\u00fdch programov, \u010di projektov priamo zameran\u00fdch na podporu podnikate\u013estva, ktor\u00e9 nie s\u00fa a\u017e tak roz\u0161\u00edren\u00e9 napriek ich kvalite. Na konferencii n\u00e1rodov za \u00fa\u010dasti zboru report\u00e9rov sme mali mo\u017enos\u0165 dozvedie\u0165 sa o ekonomickej situ\u00e1cii, podnikate\u013eskom z\u00e1zem\u00ed v \u00fa\u010dastn\u00edckych krajin\u00e1ch, r\u00f4znych form\u00e1ch podpory podnikov, ich rozvrstveniu, krachovosti a pod. Svoju kreativitu a pr\u00edpadn\u00fd \u00faspech na\u0161ich n\u00e1padov pre zalo\u017eenie vlastn\u00e9ho biznisu sme mali nesk\u00f4r mo\u017enos\u0165 si otestova\u0165 na simulovanom ve\u013etrhu startupov plnom potenci\u00e1lnych sponzorov &#8211; prvotn\u00fd \u00faspech tu v\u0161ak e\u0161te neznamenal re\u00e1lny profit, ako to b\u00fdva aj na skuto\u010dnom trhu. V\u00ed\u0165azn\u00e9 projekty boli preto podroben\u00e9 anal\u00fdzam, ktor\u00e9 s\u00edce nevy\u017eaduj\u00fa ve\u013ea financi\u00ed, ani v pr\u00edpade, \u017ee by sa u\u017e nejednalo iba o simulovan\u00fa aktivitu, no zato m\u00f4\u017eu odhali\u0165 ve\u013ea medzier v na\u0161ich finan\u010dn\u00fdch pl\u00e1noch, technickom zabezpe\u010den\u00ed, \u010di sp\u00f4sobe informovania na\u0161ej cie\u013eovej z\u00e1kazn\u00edckej skupiny o na\u0161om uveden\u00ed na trh.<\/p>\n\n\n\n<p>Okrem vedomost\u00ed pre n\u00e1s pripraven\u00fdch vzdel\u00e1vac\u00edmi aktivitami, sme sa navz\u00e1jom obohatili o ove\u013ea viac. \u017divotn\u00e9 pr\u00edbehy jednotliv\u00fdch \u00fa\u010dastn\u00edkov boli netradi\u010dn\u00e9 a ve\u013emi in\u0161pirat\u00edvne, nikto nebol sk\u00fapy na radu, \u010di odporu\u010denie, a v\u0161etci boli nad\u0161en\u00ed pre nov\u00e9 z\u00e1\u017eitky a spomienky, \u010do dokopy vytvorilo atmosf\u00e9ru, ktor\u00e1 priam vtiahla ka\u017ed\u00e9ho do v\u00edru nov\u00fdch n\u00e1zorov, poh\u013eadov na svet, odli\u0161n\u00fdch kult\u00farnych filoz\u00f3fi\u00ed, tancov, chut\u00ed, hudby, vtipov, r\u00f4znych \u017eivotn\u00fdch pr\u00edbehov zapaluj\u00facich iskru in\u0161pir\u00e1cie a odhodlania dosiahnu\u0165 podobn\u00e9 a u\u017e naveky t\u00fa\u017ei\u0165 po objavovan\u00ed nov\u00fdch a dosia\u013e nepoznan\u00fdch svetov. \u010ci u\u017e po\u010das kult\u00farnych ve\u010derov, Eurov\u00edzie \u00e1 la karaoke, vo\u013en\u00fdch prest\u00e1vok alebo skupinovej pr\u00e1ce, v\u017edy bol priestor dozvedie\u0165 sa nie\u010do dosia\u013e netu\u0161en\u00e9.<\/p>\n\n\n\n<p>\u010eakujem!<\/p>\n","protected":false},"excerpt":{"rendered":"<p>&#8222;Yout(th) Can Be an Entrepreneur&#8220; v Turecku v marci 2018 bol projekt prekypuj\u00faci nov\u00fdmi inform\u00e1ciami, in\u0161pir\u00e1ciou, motiv\u00e1ciou do bud\u00faceho vzdel\u00e1vania a rozbiehania vlastn\u00fdch projektov, z\u00e1\u017eitkami a nepoznan\u00fdmi dobrodru\u017estvami. Po\u010das netradi\u010dn\u00fdch a ve\u013emi interakt\u00edvnych aktiv\u00edt sme sa dozvedeli mno\u017estvo inform\u00e1ci\u00ed o t\u00e9me projektu, podnikate\u013estve, ale aj o samotn\u00fdch \u00fa\u010dastn\u00edkoch a odli\u0161nostiach kult\u00far a kraj\u00edn, z ktor\u00fdch&hellip;&nbsp;<a href=\"https:\/\/www.youthforequality.sk\/index.php\/2018\/10\/28\/mladeznicka-vymena-pre-mladych-podnikatelov\/\" class=\"\" rel=\"bookmark\">\u010c\u00edta\u0165 viac &raquo;<span class=\"screen-reader-text\">Ml\u00e1de\u017en\u00edcka v\u00fdmena pre mlad\u00fdch podnikate\u013eov<\/span><\/a><\/p>\n","protected":false},"author":1,"featured_media":1052,"comment_status":"open","ping_status":"open","sticky":false,"template":"template-full-width.php","format":"standard","meta":{"_uf_show_specific_survey":0,"_uf_disable_surveys":false,"neve_meta_sidebar":"","neve_meta_container":"","neve_meta_enable_content_width":"","neve_meta_content_width":0,"neve_meta_title_alignment":"","neve_meta_author_avatar":"","neve_post_elements_order":"","neve_meta_disable_header":"","neve_meta_disable_footer":"","neve_meta_disable_title":"","_themeisle_gutenberg_block_has_review":false,"footnotes":""},"categories":[3],"tags":[],"class_list":["post-1054","post","type-post","status-publish","format-standard","has-post-thumbnail","hentry","category-blog"],"yoast_head":"<!-- This site is optimized with the Yoast SEO plugin v27.4 - https:\/\/yoast.com\/product\/yoast-seo-wordpress\/ -->\n<title>Ml\u00e1de\u017en\u00edcka v\u00fdmena pre mlad\u00fdch podnikate\u013eov |<\/title>\n<meta name=\"robots\" content=\"index, follow, max-snippet:-1, max-image-preview:large, max-video-preview:-1\" \/>\n<link rel=\"canonical\" href=\"https:\/\/www.youthforequality.sk\/index.php\/2018\/10\/28\/mladeznicka-vymena-pre-mladych-podnikatelov\/\" \/>\n<meta property=\"og:locale\" content=\"sk_SK\" \/>\n<meta property=\"og:type\" content=\"article\" \/>\n<meta property=\"og:title\" content=\"Ml\u00e1de\u017en\u00edcka v\u00fdmena pre mlad\u00fdch podnikate\u013eov |\" \/>\n<meta property=\"og:description\" content=\"&#8222;Yout(th) Can Be an Entrepreneur&#8220; v Turecku v marci 2018 bol projekt prekypuj\u00faci nov\u00fdmi inform\u00e1ciami, in\u0161pir\u00e1ciou, motiv\u00e1ciou do bud\u00faceho vzdel\u00e1vania a rozbiehania vlastn\u00fdch projektov, z\u00e1\u017eitkami a nepoznan\u00fdmi dobrodru\u017estvami. Po\u010das netradi\u010dn\u00fdch a ve\u013emi interakt\u00edvnych aktiv\u00edt sme sa dozvedeli mno\u017estvo inform\u00e1ci\u00ed o t\u00e9me projektu, podnikate\u013estve, ale aj o samotn\u00fdch \u00fa\u010dastn\u00edkoch a odli\u0161nostiach kult\u00far a kraj\u00edn, z ktor\u00fdch&hellip;&nbsp;\u010c\u00edta\u0165 viac &raquo;Ml\u00e1de\u017en\u00edcka v\u00fdmena pre mlad\u00fdch podnikate\u013eov\" \/>\n<meta property=\"og:url\" content=\"https:\/\/www.youthforequality.sk\/index.php\/2018\/10\/28\/mladeznicka-vymena-pre-mladych-podnikatelov\/\" \/>\n<meta property=\"article:publisher\" content=\"https:\/\/www.facebook.com\/yeslovakia\" \/>\n<meta property=\"article:published_time\" content=\"2018-10-28T10:00:51+00:00\" \/>\n<meta property=\"article:modified_time\" content=\"2020-10-26T16:39:02+00:00\" \/>\n<meta property=\"og:image\" content=\"https:\/\/www.youthforequality.sk\/wp-content\/uploads\/2020\/06\/rural-2.jpg\" \/>\n\t<meta property=\"og:image:width\" content=\"1088\" \/>\n\t<meta property=\"og:image:height\" content=\"816\" \/>\n\t<meta property=\"og:image:type\" content=\"image\/jpeg\" \/>\n<meta name=\"author\" content=\"Filip Ku\u017ema\" \/>\n<meta name=\"twitter:card\" content=\"summary_large_image\" \/>\n<meta name=\"twitter:label1\" content=\"Autor\" \/>\n\t<meta name=\"twitter:data1\" content=\"Filip Ku\u017ema\" \/>\n\t<meta name=\"twitter:label2\" content=\"Predpokladan\u00fd \u010das \u010d\u00edtania\" \/>\n\t<meta name=\"twitter:data2\" content=\"2 min\u00faty\" \/>\n<script type=\"application\/ld+json\" class=\"yoast-schema-graph\">{\"@context\":\"https:\\\/\\\/schema.org\",\"@graph\":[{\"@type\":\"Article\",\"@id\":\"https:\\\/\\\/www.youthforequality.sk\\\/index.php\\\/2018\\\/10\\\/28\\\/mladeznicka-vymena-pre-mladych-podnikatelov\\\/#article\",\"isPartOf\":{\"@id\":\"https:\\\/\\\/www.youthforequality.sk\\\/index.php\\\/2018\\\/10\\\/28\\\/mladeznicka-vymena-pre-mladych-podnikatelov\\\/\"},\"author\":{\"name\":\"Filip Ku\u017ema\",\"@id\":\"https:\\\/\\\/www.youthforequality.sk\\\/#\\\/schema\\\/person\\\/13a1342f9669c039035c15166bfaf7dd\"},\"headline\":\"Ml\u00e1de\u017en\u00edcka v\u00fdmena pre mlad\u00fdch podnikate\u013eov\",\"datePublished\":\"2018-10-28T10:00:51+00:00\",\"dateModified\":\"2020-10-26T16:39:02+00:00\",\"mainEntityOfPage\":{\"@id\":\"https:\\\/\\\/www.youthforequality.sk\\\/index.php\\\/2018\\\/10\\\/28\\\/mladeznicka-vymena-pre-mladych-podnikatelov\\\/\"},\"wordCount\":482,\"commentCount\":0,\"publisher\":{\"@id\":\"https:\\\/\\\/www.youthforequality.sk\\\/#organization\"},\"image\":{\"@id\":\"https:\\\/\\\/www.youthforequality.sk\\\/index.php\\\/2018\\\/10\\\/28\\\/mladeznicka-vymena-pre-mladych-podnikatelov\\\/#primaryimage\"},\"thumbnailUrl\":\"https:\\\/\\\/www.youthforequality.sk\\\/wp-content\\\/uploads\\\/2020\\\/06\\\/rural-2.jpg\",\"articleSection\":[\"Blog\"],\"inLanguage\":\"sk-SK\",\"potentialAction\":[{\"@type\":\"CommentAction\",\"name\":\"Comment\",\"target\":[\"https:\\\/\\\/www.youthforequality.sk\\\/index.php\\\/2018\\\/10\\\/28\\\/mladeznicka-vymena-pre-mladych-podnikatelov\\\/#respond\"]}]},{\"@type\":\"WebPage\",\"@id\":\"https:\\\/\\\/www.youthforequality.sk\\\/index.php\\\/2018\\\/10\\\/28\\\/mladeznicka-vymena-pre-mladych-podnikatelov\\\/\",\"url\":\"https:\\\/\\\/www.youthforequality.sk\\\/index.php\\\/2018\\\/10\\\/28\\\/mladeznicka-vymena-pre-mladych-podnikatelov\\\/\",\"name\":\"Ml\u00e1de\u017en\u00edcka v\u00fdmena pre mlad\u00fdch podnikate\u013eov |\",\"isPartOf\":{\"@id\":\"https:\\\/\\\/www.youthforequality.sk\\\/#website\"},\"primaryImageOfPage\":{\"@id\":\"https:\\\/\\\/www.youthforequality.sk\\\/index.php\\\/2018\\\/10\\\/28\\\/mladeznicka-vymena-pre-mladych-podnikatelov\\\/#primaryimage\"},\"image\":{\"@id\":\"https:\\\/\\\/www.youthforequality.sk\\\/index.php\\\/2018\\\/10\\\/28\\\/mladeznicka-vymena-pre-mladych-podnikatelov\\\/#primaryimage\"},\"thumbnailUrl\":\"https:\\\/\\\/www.youthforequality.sk\\\/wp-content\\\/uploads\\\/2020\\\/06\\\/rural-2.jpg\",\"datePublished\":\"2018-10-28T10:00:51+00:00\",\"dateModified\":\"2020-10-26T16:39:02+00:00\",\"breadcrumb\":{\"@id\":\"https:\\\/\\\/www.youthforequality.sk\\\/index.php\\\/2018\\\/10\\\/28\\\/mladeznicka-vymena-pre-mladych-podnikatelov\\\/#breadcrumb\"},\"inLanguage\":\"sk-SK\",\"potentialAction\":[{\"@type\":\"ReadAction\",\"target\":[\"https:\\\/\\\/www.youthforequality.sk\\\/index.php\\\/2018\\\/10\\\/28\\\/mladeznicka-vymena-pre-mladych-podnikatelov\\\/\"]}]},{\"@type\":\"ImageObject\",\"inLanguage\":\"sk-SK\",\"@id\":\"https:\\\/\\\/www.youthforequality.sk\\\/index.php\\\/2018\\\/10\\\/28\\\/mladeznicka-vymena-pre-mladych-podnikatelov\\\/#primaryimage\",\"url\":\"https:\\\/\\\/www.youthforequality.sk\\\/wp-content\\\/uploads\\\/2020\\\/06\\\/rural-2.jpg\",\"contentUrl\":\"https:\\\/\\\/www.youthforequality.sk\\\/wp-content\\\/uploads\\\/2020\\\/06\\\/rural-2.jpg\",\"width\":1088,\"height\":816},{\"@type\":\"BreadcrumbList\",\"@id\":\"https:\\\/\\\/www.youthforequality.sk\\\/index.php\\\/2018\\\/10\\\/28\\\/mladeznicka-vymena-pre-mladych-podnikatelov\\\/#breadcrumb\",\"itemListElement\":[{\"@type\":\"ListItem\",\"position\":1,\"name\":\"Home\",\"item\":\"https:\\\/\\\/www.youthforequality.sk\\\/\"},{\"@type\":\"ListItem\",\"position\":2,\"name\":\"Ml\u00e1de\u017en\u00edcka v\u00fdmena pre mlad\u00fdch podnikate\u013eov\"}]},{\"@type\":\"WebSite\",\"@id\":\"https:\\\/\\\/www.youthforequality.sk\\\/#website\",\"url\":\"https:\\\/\\\/www.youthforequality.sk\\\/\",\"name\":\"\",\"description\":\"\",\"publisher\":{\"@id\":\"https:\\\/\\\/www.youthforequality.sk\\\/#organization\"},\"potentialAction\":[{\"@type\":\"SearchAction\",\"target\":{\"@type\":\"EntryPoint\",\"urlTemplate\":\"https:\\\/\\\/www.youthforequality.sk\\\/?s={search_term_string}\"},\"query-input\":{\"@type\":\"PropertyValueSpecification\",\"valueRequired\":true,\"valueName\":\"search_term_string\"}}],\"inLanguage\":\"sk-SK\"},{\"@type\":\"Organization\",\"@id\":\"https:\\\/\\\/www.youthforequality.sk\\\/#organization\",\"name\":\"Youth for Equality\",\"url\":\"https:\\\/\\\/www.youthforequality.sk\\\/\",\"logo\":{\"@type\":\"ImageObject\",\"inLanguage\":\"sk-SK\",\"@id\":\"https:\\\/\\\/www.youthforequality.sk\\\/#\\\/schema\\\/logo\\\/image\\\/\",\"url\":\"https:\\\/\\\/www.youthforequality.sk\\\/wp-content\\\/uploads\\\/2021\\\/01\\\/vynovene-logo-nove-farby_modra-na-web.png\",\"contentUrl\":\"https:\\\/\\\/www.youthforequality.sk\\\/wp-content\\\/uploads\\\/2021\\\/01\\\/vynovene-logo-nove-farby_modra-na-web.png\",\"width\":1,\"height\":1,\"caption\":\"Youth for Equality\"},\"image\":{\"@id\":\"https:\\\/\\\/www.youthforequality.sk\\\/#\\\/schema\\\/logo\\\/image\\\/\"},\"sameAs\":[\"https:\\\/\\\/www.facebook.com\\\/yeslovakia\"]},{\"@type\":\"Person\",\"@id\":\"https:\\\/\\\/www.youthforequality.sk\\\/#\\\/schema\\\/person\\\/13a1342f9669c039035c15166bfaf7dd\",\"name\":\"Filip Ku\u017ema\",\"image\":{\"@type\":\"ImageObject\",\"inLanguage\":\"sk-SK\",\"@id\":\"https:\\\/\\\/secure.gravatar.com\\\/avatar\\\/5f16b953992f889ac33be959cbb81fab7225cec203e13cff27b25f35459dbc06?s=96&d=mm&r=g\",\"url\":\"https:\\\/\\\/secure.gravatar.com\\\/avatar\\\/5f16b953992f889ac33be959cbb81fab7225cec203e13cff27b25f35459dbc06?s=96&d=mm&r=g\",\"contentUrl\":\"https:\\\/\\\/secure.gravatar.com\\\/avatar\\\/5f16b953992f889ac33be959cbb81fab7225cec203e13cff27b25f35459dbc06?s=96&d=mm&r=g\",\"caption\":\"Filip Ku\u017ema\"},\"sameAs\":[\"https:\\\/\\\/www.youthforequality.sk\"],\"url\":\"https:\\\/\\\/www.youthforequality.sk\\\/index.php\\\/author\\\/filkuz\\\/\"}]}<\/script>\n<!-- \/ Yoast SEO plugin. -->","yoast_head_json":{"title":"Ml\u00e1de\u017en\u00edcka v\u00fdmena pre mlad\u00fdch podnikate\u013eov |","robots":{"index":"index","follow":"follow","max-snippet":"max-snippet:-1","max-image-preview":"max-image-preview:large","max-video-preview":"max-video-preview:-1"},"canonical":"https:\/\/www.youthforequality.sk\/index.php\/2018\/10\/28\/mladeznicka-vymena-pre-mladych-podnikatelov\/","og_locale":"sk_SK","og_type":"article","og_title":"Ml\u00e1de\u017en\u00edcka v\u00fdmena pre mlad\u00fdch podnikate\u013eov |","og_description":"&#8222;Yout(th) Can Be an Entrepreneur&#8220; v Turecku v marci 2018 bol projekt prekypuj\u00faci nov\u00fdmi inform\u00e1ciami, in\u0161pir\u00e1ciou, motiv\u00e1ciou do bud\u00faceho vzdel\u00e1vania a rozbiehania vlastn\u00fdch projektov, z\u00e1\u017eitkami a nepoznan\u00fdmi dobrodru\u017estvami. Po\u010das netradi\u010dn\u00fdch a ve\u013emi interakt\u00edvnych aktiv\u00edt sme sa dozvedeli mno\u017estvo inform\u00e1ci\u00ed o t\u00e9me projektu, podnikate\u013estve, ale aj o samotn\u00fdch \u00fa\u010dastn\u00edkoch a odli\u0161nostiach kult\u00far a kraj\u00edn, z ktor\u00fdch&hellip;&nbsp;\u010c\u00edta\u0165 viac &raquo;Ml\u00e1de\u017en\u00edcka v\u00fdmena pre mlad\u00fdch podnikate\u013eov","og_url":"https:\/\/www.youthforequality.sk\/index.php\/2018\/10\/28\/mladeznicka-vymena-pre-mladych-podnikatelov\/","article_publisher":"https:\/\/www.facebook.com\/yeslovakia","article_published_time":"2018-10-28T10:00:51+00:00","article_modified_time":"2020-10-26T16:39:02+00:00","og_image":[{"width":1088,"height":816,"url":"https:\/\/www.youthforequality.sk\/wp-content\/uploads\/2020\/06\/rural-2.jpg","type":"image\/jpeg"}],"author":"Filip Ku\u017ema","twitter_card":"summary_large_image","twitter_misc":{"Autor":"Filip Ku\u017ema","Predpokladan\u00fd \u010das \u010d\u00edtania":"2 min\u00faty"},"schema":{"@context":"https:\/\/schema.org","@graph":[{"@type":"Article","@id":"https:\/\/www.youthforequality.sk\/index.php\/2018\/10\/28\/mladeznicka-vymena-pre-mladych-podnikatelov\/#article","isPartOf":{"@id":"https:\/\/www.youthforequality.sk\/index.php\/2018\/10\/28\/mladeznicka-vymena-pre-mladych-podnikatelov\/"},"author":{"name":"Filip Ku\u017ema","@id":"https:\/\/www.youthforequality.sk\/#\/schema\/person\/13a1342f9669c039035c15166bfaf7dd"},"headline":"Ml\u00e1de\u017en\u00edcka v\u00fdmena pre mlad\u00fdch podnikate\u013eov","datePublished":"2018-10-28T10:00:51+00:00","dateModified":"2020-10-26T16:39:02+00:00","mainEntityOfPage":{"@id":"https:\/\/www.youthforequality.sk\/index.php\/2018\/10\/28\/mladeznicka-vymena-pre-mladych-podnikatelov\/"},"wordCount":482,"commentCount":0,"publisher":{"@id":"https:\/\/www.youthforequality.sk\/#organization"},"image":{"@id":"https:\/\/www.youthforequality.sk\/index.php\/2018\/10\/28\/mladeznicka-vymena-pre-mladych-podnikatelov\/#primaryimage"},"thumbnailUrl":"https:\/\/www.youthforequality.sk\/wp-content\/uploads\/2020\/06\/rural-2.jpg","articleSection":["Blog"],"inLanguage":"sk-SK","potentialAction":[{"@type":"CommentAction","name":"Comment","target":["https:\/\/www.youthforequality.sk\/index.php\/2018\/10\/28\/mladeznicka-vymena-pre-mladych-podnikatelov\/#respond"]}]},{"@type":"WebPage","@id":"https:\/\/www.youthforequality.sk\/index.php\/2018\/10\/28\/mladeznicka-vymena-pre-mladych-podnikatelov\/","url":"https:\/\/www.youthforequality.sk\/index.php\/2018\/10\/28\/mladeznicka-vymena-pre-mladych-podnikatelov\/","name":"Ml\u00e1de\u017en\u00edcka v\u00fdmena pre mlad\u00fdch podnikate\u013eov |","isPartOf":{"@id":"https:\/\/www.youthforequality.sk\/#website"},"primaryImageOfPage":{"@id":"https:\/\/www.youthforequality.sk\/index.php\/2018\/10\/28\/mladeznicka-vymena-pre-mladych-podnikatelov\/#primaryimage"},"image":{"@id":"https:\/\/www.youthforequality.sk\/index.php\/2018\/10\/28\/mladeznicka-vymena-pre-mladych-podnikatelov\/#primaryimage"},"thumbnailUrl":"https:\/\/www.youthforequality.sk\/wp-content\/uploads\/2020\/06\/rural-2.jpg","datePublished":"2018-10-28T10:00:51+00:00","dateModified":"2020-10-26T16:39:02+00:00","breadcrumb":{"@id":"https:\/\/www.youthforequality.sk\/index.php\/2018\/10\/28\/mladeznicka-vymena-pre-mladych-podnikatelov\/#breadcrumb"},"inLanguage":"sk-SK","potentialAction":[{"@type":"ReadAction","target":["https:\/\/www.youthforequality.sk\/index.php\/2018\/10\/28\/mladeznicka-vymena-pre-mladych-podnikatelov\/"]}]},{"@type":"ImageObject","inLanguage":"sk-SK","@id":"https:\/\/www.youthforequality.sk\/index.php\/2018\/10\/28\/mladeznicka-vymena-pre-mladych-podnikatelov\/#primaryimage","url":"https:\/\/www.youthforequality.sk\/wp-content\/uploads\/2020\/06\/rural-2.jpg","contentUrl":"https:\/\/www.youthforequality.sk\/wp-content\/uploads\/2020\/06\/rural-2.jpg","width":1088,"height":816},{"@type":"BreadcrumbList","@id":"https:\/\/www.youthforequality.sk\/index.php\/2018\/10\/28\/mladeznicka-vymena-pre-mladych-podnikatelov\/#breadcrumb","itemListElement":[{"@type":"ListItem","position":1,"name":"Home","item":"https:\/\/www.youthforequality.sk\/"},{"@type":"ListItem","position":2,"name":"Ml\u00e1de\u017en\u00edcka v\u00fdmena pre mlad\u00fdch podnikate\u013eov"}]},{"@type":"WebSite","@id":"https:\/\/www.youthforequality.sk\/#website","url":"https:\/\/www.youthforequality.sk\/","name":"","description":"","publisher":{"@id":"https:\/\/www.youthforequality.sk\/#organization"},"potentialAction":[{"@type":"SearchAction","target":{"@type":"EntryPoint","urlTemplate":"https:\/\/www.youthforequality.sk\/?s={search_term_string}"},"query-input":{"@type":"PropertyValueSpecification","valueRequired":true,"valueName":"search_term_string"}}],"inLanguage":"sk-SK"},{"@type":"Organization","@id":"https:\/\/www.youthforequality.sk\/#organization","name":"Youth for Equality","url":"https:\/\/www.youthforequality.sk\/","logo":{"@type":"ImageObject","inLanguage":"sk-SK","@id":"https:\/\/www.youthforequality.sk\/#\/schema\/logo\/image\/","url":"https:\/\/www.youthforequality.sk\/wp-content\/uploads\/2021\/01\/vynovene-logo-nove-farby_modra-na-web.png","contentUrl":"https:\/\/www.youthforequality.sk\/wp-content\/uploads\/2021\/01\/vynovene-logo-nove-farby_modra-na-web.png","width":1,"height":1,"caption":"Youth for Equality"},"image":{"@id":"https:\/\/www.youthforequality.sk\/#\/schema\/logo\/image\/"},"sameAs":["https:\/\/www.facebook.com\/yeslovakia"]},{"@type":"Person","@id":"https:\/\/www.youthforequality.sk\/#\/schema\/person\/13a1342f9669c039035c15166bfaf7dd","name":"Filip Ku\u017ema","image":{"@type":"ImageObject","inLanguage":"sk-SK","@id":"https:\/\/secure.gravatar.com\/avatar\/5f16b953992f889ac33be959cbb81fab7225cec203e13cff27b25f35459dbc06?s=96&d=mm&r=g","url":"https:\/\/secure.gravatar.com\/avatar\/5f16b953992f889ac33be959cbb81fab7225cec203e13cff27b25f35459dbc06?s=96&d=mm&r=g","contentUrl":"https:\/\/secure.gravatar.com\/avatar\/5f16b953992f889ac33be959cbb81fab7225cec203e13cff27b25f35459dbc06?s=96&d=mm&r=g","caption":"Filip Ku\u017ema"},"sameAs":["https:\/\/www.youthforequality.sk"],"url":"https:\/\/www.youthforequality.sk\/index.php\/author\/filkuz\/"}]}},"_links":{"self":[{"href":"https:\/\/www.youthforequality.sk\/index.php\/wp-json\/wp\/v2\/posts\/1054","targetHints":{"allow":["GET"]}}],"collection":[{"href":"https:\/\/www.youthforequality.sk\/index.php\/wp-json\/wp\/v2\/posts"}],"about":[{"href":"https:\/\/www.youthforequality.sk\/index.php\/wp-json\/wp\/v2\/types\/post"}],"author":[{"embeddable":true,"href":"https:\/\/www.youthforequality.sk\/index.php\/wp-json\/wp\/v2\/users\/1"}],"replies":[{"embeddable":true,"href":"https:\/\/www.youthforequality.sk\/index.php\/wp-json\/wp\/v2\/comments?post=1054"}],"version-history":[{"count":1,"href":"https:\/\/www.youthforequality.sk\/index.php\/wp-json\/wp\/v2\/posts\/1054\/revisions"}],"predecessor-version":[{"id":1055,"href":"https:\/\/www.youthforequality.sk\/index.php\/wp-json\/wp\/v2\/posts\/1054\/revisions\/1055"}],"wp:featuredmedia":[{"embeddable":true,"href":"https:\/\/www.youthforequality.sk\/index.php\/wp-json\/wp\/v2\/media\/1052"}],"wp:attachment":[{"href":"https:\/\/www.youthforequality.sk\/index.php\/wp-json\/wp\/v2\/media?parent=1054"}],"wp:term":[{"taxonomy":"category","embeddable":true,"href":"https:\/\/www.youthforequality.sk\/index.php\/wp-json\/wp\/v2\/categories?post=1054"},{"taxonomy":"post_tag","embeddable":true,"href":"https:\/\/www.youthforequality.sk\/index.php\/wp-json\/wp\/v2\/tags?post=1054"}],"curies":[{"name":"wp","href":"https:\/\/api.w.org\/{rel}","templated":true}]}}