{"id":1056,"date":"2018-12-15T10:00:12","date_gmt":"2018-12-15T10:00:12","guid":{"rendered":"https:\/\/www.youthforequality.sk\/index.php\/2020\/06\/23\/mladeznicka-vymena-pre-mladych-podnikatelov-copy\/"},"modified":"2020-10-26T16:38:42","modified_gmt":"2020-10-26T16:38:42","slug":"mladeznicka-vymena-pre-mladych-podnikatelov-copy","status":"publish","type":"post","link":"https:\/\/www.youthforequality.sk\/index.php\/2018\/12\/15\/mladeznicka-vymena-pre-mladych-podnikatelov-copy\/","title":{"rendered":"Cirkus em\u00f3cii"},"content":{"rendered":"\n<p>Kde m\u00e1me za\u010da\u0165? Projekt, ktor\u00fd sa konal 25.11. &#8211; 3.12.2018 v slne\u010dnom Taliansku bol in\u00fd. Na predch\u00e1dzaj\u00facich projektoch to bolo formou ur\u010dit\u00e9ho tr\u00e9ningu alebo kurzu, zatia\u013e \u010do projekt Cirkus em\u00f3cii sa niesol sk\u00f4r v duchu tvorenia nie\u010doho nov\u00e9ho.<\/p>\n\n\n\n<p>U\u010dili sme sa od ostatn\u00fdch \u00fa\u010dastn\u00edkov rovnako ako od host\u00ed, \u010do ve\u013emi podporovalo soci\u00e1lne interakcie. Projekt bol zameran\u00fd na emo\u010dn\u00fa str\u00e1nku ml\u00e1de\u017ee, \u010do v\u0161ak nebolo v\u017edy \u013eahk\u00e9 uchopi\u0165 a n\u00e1sledne s t\u00fdm pracova\u0165. Z\u00e1rove\u0148 to ale predstavovalo ist\u00fa v\u00fdzvu, s ktorou sme sa museli popasova\u0165 a to n\u00e1s tla\u010dilo vpred. Na\u010drtli sme ist\u00e9 sp\u00f4soby rie\u0161enia probl\u00e9mu dysfunk\u010dn\u00e9ho spr\u00e1vania ml\u00e1de\u017ee z d\u00f4vodu nezvl\u00e1dania svojich em\u00f3ci\u00ed. Sna\u017eili sme sa probl\u00e9my najprv identifikova\u0165 a rozdeli\u0165 do skup\u00edn, n\u00e1sledne sme spolo\u010dne vytv\u00e1rali hry a r\u00f4zne in\u00e9 cvi\u010denia, pri\u010dom sme sa zameriavali na p\u00e1r ur\u010dit\u00fdch probl\u00e9mov. Pracovali sme aj formou divadla a hereck\u00e9 v\u00fdkony boli niekedy ve\u013emi profesion\u00e1lne.&nbsp;<\/p>\n\n\n\n<p>Priu\u010dili sme sa aj pri varen\u00ed &#8211;&nbsp;talianska kuchy\u0148a n\u00e1s nikdy nesklamala. Na projekte sme si u\u017eili ve\u013ea z\u00e1bavy.&nbsp;Ostatn\u00ed \u00fa\u010dastn\u00edci boli ve\u013emi mil\u00ed, ochotn\u00ed a \u010do je azda najd\u00f4le\u017eitej\u0161ie nadviazali sme nov\u00e9 kontakty. U\u017e teraz d\u00fafame, \u017ee sa op\u00e4\u0165 stretneme.<\/p>\n\n\n\n<p>\u010eakujeme.<\/p>\n\n\n\n<p>Chiara a Samue<\/p>\n\n\n\n<figure class=\"wp-block-gallery columns-3 is-cropped wp-block-gallery-1 is-layout-flex wp-block-gallery-is-layout-flex\"><ul class=\"blocks-gallery-grid\"><li class=\"blocks-gallery-item\"><figure><img fetchpriority=\"high\" decoding=\"async\" width=\"1024\" height=\"610\" src=\"https:\/\/www.youthforequality.sk\/wp-content\/uploads\/2020\/06\/cirkus-emocii-1-1024x610.jpg\" alt=\"\" data-id=\"1060\" data-link=\"https:\/\/www.youthforequality.sk\/index.php\/2020\/06\/23\/mladeznicka-vymena-pre-mladych-podnikatelov-copy\/cirkus-emocii-1\/\" class=\"wp-image-1060\" srcset=\"https:\/\/www.youthforequality.sk\/wp-content\/uploads\/2020\/06\/cirkus-emocii-1-1024x610.jpg 1024w, https:\/\/www.youthforequality.sk\/wp-content\/uploads\/2020\/06\/cirkus-emocii-1-300x179.jpg 300w, https:\/\/www.youthforequality.sk\/wp-content\/uploads\/2020\/06\/cirkus-emocii-1-768x458.jpg 768w, https:\/\/www.youthforequality.sk\/wp-content\/uploads\/2020\/06\/cirkus-emocii-1-1536x915.jpg 1536w, https:\/\/www.youthforequality.sk\/wp-content\/uploads\/2020\/06\/cirkus-emocii-1-540x322.jpg 540w, https:\/\/www.youthforequality.sk\/wp-content\/uploads\/2020\/06\/cirkus-emocii-1-1080x644.jpg 1080w, https:\/\/www.youthforequality.sk\/wp-content\/uploads\/2020\/06\/cirkus-emocii-1.jpg 1812w\" sizes=\"(max-width: 1024px) 100vw, 1024px\" \/><\/figure><\/li><li class=\"blocks-gallery-item\"><figure><img decoding=\"async\" width=\"1024\" height=\"279\" src=\"https:\/\/www.youthforequality.sk\/wp-content\/uploads\/2020\/06\/cirkus-emocii-2.jpg\" alt=\"\" data-id=\"1061\" data-link=\"https:\/\/www.youthforequality.sk\/index.php\/2020\/06\/23\/mladeznicka-vymena-pre-mladych-podnikatelov-copy\/cirkus-emocii-2\/\" class=\"wp-image-1061\" srcset=\"https:\/\/www.youthforequality.sk\/wp-content\/uploads\/2020\/06\/cirkus-emocii-2.jpg 1024w, https:\/\/www.youthforequality.sk\/wp-content\/uploads\/2020\/06\/cirkus-emocii-2-300x82.jpg 300w, https:\/\/www.youthforequality.sk\/wp-content\/uploads\/2020\/06\/cirkus-emocii-2-768x209.jpg 768w, https:\/\/www.youthforequality.sk\/wp-content\/uploads\/2020\/06\/cirkus-emocii-2-540x147.jpg 540w\" sizes=\"(max-width: 1024px) 100vw, 1024px\" \/><\/figure><\/li><li class=\"blocks-gallery-item\"><figure><img decoding=\"async\" width=\"1024\" height=\"773\" src=\"https:\/\/www.youthforequality.sk\/wp-content\/uploads\/2020\/06\/cirkus-emocii-4-1024x773.jpg\" alt=\"\" data-id=\"1062\" data-full-url=\"https:\/\/www.youthforequality.sk\/wp-content\/uploads\/2020\/06\/cirkus-emocii-4.jpg\" data-link=\"https:\/\/www.youthforequality.sk\/index.php\/2020\/06\/23\/mladeznicka-vymena-pre-mladych-podnikatelov-copy\/cirkus-emocii-4\/\" class=\"wp-image-1062\" srcset=\"https:\/\/www.youthforequality.sk\/wp-content\/uploads\/2020\/06\/cirkus-emocii-4-1024x773.jpg 1024w, https:\/\/www.youthforequality.sk\/wp-content\/uploads\/2020\/06\/cirkus-emocii-4-300x226.jpg 300w, https:\/\/www.youthforequality.sk\/wp-content\/uploads\/2020\/06\/cirkus-emocii-4-768x580.jpg 768w, https:\/\/www.youthforequality.sk\/wp-content\/uploads\/2020\/06\/cirkus-emocii-4-1536x1159.jpg 1536w, https:\/\/www.youthforequality.sk\/wp-content\/uploads\/2020\/06\/cirkus-emocii-4-540x408.jpg 540w, https:\/\/www.youthforequality.sk\/wp-content\/uploads\/2020\/06\/cirkus-emocii-4-1080x815.jpg 1080w, https:\/\/www.youthforequality.sk\/wp-content\/uploads\/2020\/06\/cirkus-emocii-4.jpg 1920w\" sizes=\"(max-width: 1024px) 100vw, 1024px\" \/><\/figure><\/li><\/ul><\/figure>\n","protected":false},"excerpt":{"rendered":"<p>Kde m\u00e1me za\u010da\u0165? Projekt, ktor\u00fd sa konal 25.11. &#8211; 3.12.2018 v slne\u010dnom Taliansku bol in\u00fd. Na predch\u00e1dzaj\u00facich projektoch to bolo formou ur\u010dit\u00e9ho tr\u00e9ningu alebo kurzu, zatia\u013e \u010do projekt Cirkus em\u00f3cii sa niesol sk\u00f4r v duchu tvorenia nie\u010doho nov\u00e9ho. U\u010dili sme sa od ostatn\u00fdch \u00fa\u010dastn\u00edkov rovnako ako od host\u00ed, \u010do ve\u013emi podporovalo soci\u00e1lne interakcie. Projekt bol&hellip;&nbsp;<a href=\"https:\/\/www.youthforequality.sk\/index.php\/2018\/12\/15\/mladeznicka-vymena-pre-mladych-podnikatelov-copy\/\" class=\"\" rel=\"bookmark\">\u010c\u00edta\u0165 viac &raquo;<span class=\"screen-reader-text\">Cirkus em\u00f3cii<\/span><\/a><\/p>\n","protected":false},"author":1,"featured_media":1064,"comment_status":"open","ping_status":"open","sticky":false,"template":"template-full-width.php","format":"standard","meta":{"_uf_show_specific_survey":0,"_uf_disable_surveys":false,"neve_meta_sidebar":"","neve_meta_container":"","neve_meta_enable_content_width":"","neve_meta_content_width":0,"neve_meta_title_alignment":"","neve_meta_author_avatar":"","neve_post_elements_order":"","neve_meta_disable_header":"","neve_meta_disable_footer":"","neve_meta_disable_title":"","_themeisle_gutenberg_block_has_review":false,"footnotes":""},"categories":[3],"tags":[],"class_list":["post-1056","post","type-post","status-publish","format-standard","has-post-thumbnail","hentry","category-blog"],"yoast_head":"<!-- This site is optimized with the Yoast SEO plugin v27.4 - https:\/\/yoast.com\/product\/yoast-seo-wordpress\/ -->\n<title>Cirkus em\u00f3cii |<\/title>\n<meta name=\"robots\" content=\"index, follow, max-snippet:-1, max-image-preview:large, max-video-preview:-1\" \/>\n<link rel=\"canonical\" href=\"https:\/\/www.youthforequality.sk\/index.php\/2018\/12\/15\/mladeznicka-vymena-pre-mladych-podnikatelov-copy\/\" \/>\n<meta property=\"og:locale\" content=\"sk_SK\" \/>\n<meta property=\"og:type\" content=\"article\" \/>\n<meta property=\"og:title\" content=\"Cirkus em\u00f3cii |\" \/>\n<meta property=\"og:description\" content=\"Kde m\u00e1me za\u010da\u0165? Projekt, ktor\u00fd sa konal 25.11. &#8211; 3.12.2018 v slne\u010dnom Taliansku bol in\u00fd. Na predch\u00e1dzaj\u00facich projektoch to bolo formou ur\u010dit\u00e9ho tr\u00e9ningu alebo kurzu, zatia\u013e \u010do projekt Cirkus em\u00f3cii sa niesol sk\u00f4r v duchu tvorenia nie\u010doho nov\u00e9ho. U\u010dili sme sa od ostatn\u00fdch \u00fa\u010dastn\u00edkov rovnako ako od host\u00ed, \u010do ve\u013emi podporovalo soci\u00e1lne interakcie. Projekt bol&hellip;&nbsp;\u010c\u00edta\u0165 viac &raquo;Cirkus em\u00f3cii\" \/>\n<meta property=\"og:url\" content=\"https:\/\/www.youthforequality.sk\/index.php\/2018\/12\/15\/mladeznicka-vymena-pre-mladych-podnikatelov-copy\/\" \/>\n<meta property=\"article:publisher\" content=\"https:\/\/www.facebook.com\/yeslovakia\" \/>\n<meta property=\"article:published_time\" content=\"2018-12-15T10:00:12+00:00\" \/>\n<meta property=\"article:modified_time\" content=\"2020-10-26T16:38:42+00:00\" \/>\n<meta property=\"og:image\" content=\"https:\/\/www.youthforequality.sk\/wp-content\/uploads\/2020\/06\/cirkus-emocii-3.jpg\" \/>\n\t<meta property=\"og:image:width\" content=\"1920\" \/>\n\t<meta property=\"og:image:height\" content=\"1440\" \/>\n\t<meta property=\"og:image:type\" content=\"image\/jpeg\" \/>\n<meta name=\"author\" content=\"Filip Ku\u017ema\" \/>\n<meta name=\"twitter:card\" content=\"summary_large_image\" \/>\n<meta name=\"twitter:label1\" content=\"Autor\" \/>\n\t<meta name=\"twitter:data1\" content=\"Filip Ku\u017ema\" \/>\n\t<meta name=\"twitter:label2\" content=\"Predpokladan\u00fd \u010das \u010d\u00edtania\" \/>\n\t<meta name=\"twitter:data2\" content=\"1 min\u00fata\" \/>\n<script type=\"application\/ld+json\" class=\"yoast-schema-graph\">{\"@context\":\"https:\\\/\\\/schema.org\",\"@graph\":[{\"@type\":\"Article\",\"@id\":\"https:\\\/\\\/www.youthforequality.sk\\\/index.php\\\/2018\\\/12\\\/15\\\/mladeznicka-vymena-pre-mladych-podnikatelov-copy\\\/#article\",\"isPartOf\":{\"@id\":\"https:\\\/\\\/www.youthforequality.sk\\\/index.php\\\/2018\\\/12\\\/15\\\/mladeznicka-vymena-pre-mladych-podnikatelov-copy\\\/\"},\"author\":{\"name\":\"Filip Ku\u017ema\",\"@id\":\"https:\\\/\\\/www.youthforequality.sk\\\/#\\\/schema\\\/person\\\/13a1342f9669c039035c15166bfaf7dd\"},\"headline\":\"Cirkus em\u00f3cii\",\"datePublished\":\"2018-12-15T10:00:12+00:00\",\"dateModified\":\"2020-10-26T16:38:42+00:00\",\"mainEntityOfPage\":{\"@id\":\"https:\\\/\\\/www.youthforequality.sk\\\/index.php\\\/2018\\\/12\\\/15\\\/mladeznicka-vymena-pre-mladych-podnikatelov-copy\\\/\"},\"wordCount\":259,\"commentCount\":0,\"publisher\":{\"@id\":\"https:\\\/\\\/www.youthforequality.sk\\\/#organization\"},\"image\":{\"@id\":\"https:\\\/\\\/www.youthforequality.sk\\\/index.php\\\/2018\\\/12\\\/15\\\/mladeznicka-vymena-pre-mladych-podnikatelov-copy\\\/#primaryimage\"},\"thumbnailUrl\":\"https:\\\/\\\/www.youthforequality.sk\\\/wp-content\\\/uploads\\\/2020\\\/06\\\/cirkus-emocii-3.jpg\",\"articleSection\":[\"Blog\"],\"inLanguage\":\"sk-SK\",\"potentialAction\":[{\"@type\":\"CommentAction\",\"name\":\"Comment\",\"target\":[\"https:\\\/\\\/www.youthforequality.sk\\\/index.php\\\/2018\\\/12\\\/15\\\/mladeznicka-vymena-pre-mladych-podnikatelov-copy\\\/#respond\"]}]},{\"@type\":\"WebPage\",\"@id\":\"https:\\\/\\\/www.youthforequality.sk\\\/index.php\\\/2018\\\/12\\\/15\\\/mladeznicka-vymena-pre-mladych-podnikatelov-copy\\\/\",\"url\":\"https:\\\/\\\/www.youthforequality.sk\\\/index.php\\\/2018\\\/12\\\/15\\\/mladeznicka-vymena-pre-mladych-podnikatelov-copy\\\/\",\"name\":\"Cirkus em\u00f3cii |\",\"isPartOf\":{\"@id\":\"https:\\\/\\\/www.youthforequality.sk\\\/#website\"},\"primaryImageOfPage\":{\"@id\":\"https:\\\/\\\/www.youthforequality.sk\\\/index.php\\\/2018\\\/12\\\/15\\\/mladeznicka-vymena-pre-mladych-podnikatelov-copy\\\/#primaryimage\"},\"image\":{\"@id\":\"https:\\\/\\\/www.youthforequality.sk\\\/index.php\\\/2018\\\/12\\\/15\\\/mladeznicka-vymena-pre-mladych-podnikatelov-copy\\\/#primaryimage\"},\"thumbnailUrl\":\"https:\\\/\\\/www.youthforequality.sk\\\/wp-content\\\/uploads\\\/2020\\\/06\\\/cirkus-emocii-3.jpg\",\"datePublished\":\"2018-12-15T10:00:12+00:00\",\"dateModified\":\"2020-10-26T16:38:42+00:00\",\"breadcrumb\":{\"@id\":\"https:\\\/\\\/www.youthforequality.sk\\\/index.php\\\/2018\\\/12\\\/15\\\/mladeznicka-vymena-pre-mladych-podnikatelov-copy\\\/#breadcrumb\"},\"inLanguage\":\"sk-SK\",\"potentialAction\":[{\"@type\":\"ReadAction\",\"target\":[\"https:\\\/\\\/www.youthforequality.sk\\\/index.php\\\/2018\\\/12\\\/15\\\/mladeznicka-vymena-pre-mladych-podnikatelov-copy\\\/\"]}]},{\"@type\":\"ImageObject\",\"inLanguage\":\"sk-SK\",\"@id\":\"https:\\\/\\\/www.youthforequality.sk\\\/index.php\\\/2018\\\/12\\\/15\\\/mladeznicka-vymena-pre-mladych-podnikatelov-copy\\\/#primaryimage\",\"url\":\"https:\\\/\\\/www.youthforequality.sk\\\/wp-content\\\/uploads\\\/2020\\\/06\\\/cirkus-emocii-3.jpg\",\"contentUrl\":\"https:\\\/\\\/www.youthforequality.sk\\\/wp-content\\\/uploads\\\/2020\\\/06\\\/cirkus-emocii-3.jpg\",\"width\":1920,\"height\":1440},{\"@type\":\"BreadcrumbList\",\"@id\":\"https:\\\/\\\/www.youthforequality.sk\\\/index.php\\\/2018\\\/12\\\/15\\\/mladeznicka-vymena-pre-mladych-podnikatelov-copy\\\/#breadcrumb\",\"itemListElement\":[{\"@type\":\"ListItem\",\"position\":1,\"name\":\"Home\",\"item\":\"https:\\\/\\\/www.youthforequality.sk\\\/\"},{\"@type\":\"ListItem\",\"position\":2,\"name\":\"Cirkus em\u00f3cii\"}]},{\"@type\":\"WebSite\",\"@id\":\"https:\\\/\\\/www.youthforequality.sk\\\/#website\",\"url\":\"https:\\\/\\\/www.youthforequality.sk\\\/\",\"name\":\"\",\"description\":\"\",\"publisher\":{\"@id\":\"https:\\\/\\\/www.youthforequality.sk\\\/#organization\"},\"potentialAction\":[{\"@type\":\"SearchAction\",\"target\":{\"@type\":\"EntryPoint\",\"urlTemplate\":\"https:\\\/\\\/www.youthforequality.sk\\\/?s={search_term_string}\"},\"query-input\":{\"@type\":\"PropertyValueSpecification\",\"valueRequired\":true,\"valueName\":\"search_term_string\"}}],\"inLanguage\":\"sk-SK\"},{\"@type\":\"Organization\",\"@id\":\"https:\\\/\\\/www.youthforequality.sk\\\/#organization\",\"name\":\"Youth for Equality\",\"url\":\"https:\\\/\\\/www.youthforequality.sk\\\/\",\"logo\":{\"@type\":\"ImageObject\",\"inLanguage\":\"sk-SK\",\"@id\":\"https:\\\/\\\/www.youthforequality.sk\\\/#\\\/schema\\\/logo\\\/image\\\/\",\"url\":\"https:\\\/\\\/www.youthforequality.sk\\\/wp-content\\\/uploads\\\/2021\\\/01\\\/vynovene-logo-nove-farby_modra-na-web.png\",\"contentUrl\":\"https:\\\/\\\/www.youthforequality.sk\\\/wp-content\\\/uploads\\\/2021\\\/01\\\/vynovene-logo-nove-farby_modra-na-web.png\",\"width\":1,\"height\":1,\"caption\":\"Youth for Equality\"},\"image\":{\"@id\":\"https:\\\/\\\/www.youthforequality.sk\\\/#\\\/schema\\\/logo\\\/image\\\/\"},\"sameAs\":[\"https:\\\/\\\/www.facebook.com\\\/yeslovakia\"]},{\"@type\":\"Person\",\"@id\":\"https:\\\/\\\/www.youthforequality.sk\\\/#\\\/schema\\\/person\\\/13a1342f9669c039035c15166bfaf7dd\",\"name\":\"Filip Ku\u017ema\",\"image\":{\"@type\":\"ImageObject\",\"inLanguage\":\"sk-SK\",\"@id\":\"https:\\\/\\\/secure.gravatar.com\\\/avatar\\\/5f16b953992f889ac33be959cbb81fab7225cec203e13cff27b25f35459dbc06?s=96&d=mm&r=g\",\"url\":\"https:\\\/\\\/secure.gravatar.com\\\/avatar\\\/5f16b953992f889ac33be959cbb81fab7225cec203e13cff27b25f35459dbc06?s=96&d=mm&r=g\",\"contentUrl\":\"https:\\\/\\\/secure.gravatar.com\\\/avatar\\\/5f16b953992f889ac33be959cbb81fab7225cec203e13cff27b25f35459dbc06?s=96&d=mm&r=g\",\"caption\":\"Filip Ku\u017ema\"},\"sameAs\":[\"https:\\\/\\\/www.youthforequality.sk\"],\"url\":\"https:\\\/\\\/www.youthforequality.sk\\\/index.php\\\/author\\\/filkuz\\\/\"}]}<\/script>\n<!-- \/ Yoast SEO plugin. -->","yoast_head_json":{"title":"Cirkus em\u00f3cii |","robots":{"index":"index","follow":"follow","max-snippet":"max-snippet:-1","max-image-preview":"max-image-preview:large","max-video-preview":"max-video-preview:-1"},"canonical":"https:\/\/www.youthforequality.sk\/index.php\/2018\/12\/15\/mladeznicka-vymena-pre-mladych-podnikatelov-copy\/","og_locale":"sk_SK","og_type":"article","og_title":"Cirkus em\u00f3cii |","og_description":"Kde m\u00e1me za\u010da\u0165? Projekt, ktor\u00fd sa konal 25.11. &#8211; 3.12.2018 v slne\u010dnom Taliansku bol in\u00fd. Na predch\u00e1dzaj\u00facich projektoch to bolo formou ur\u010dit\u00e9ho tr\u00e9ningu alebo kurzu, zatia\u013e \u010do projekt Cirkus em\u00f3cii sa niesol sk\u00f4r v duchu tvorenia nie\u010doho nov\u00e9ho. U\u010dili sme sa od ostatn\u00fdch \u00fa\u010dastn\u00edkov rovnako ako od host\u00ed, \u010do ve\u013emi podporovalo soci\u00e1lne interakcie. Projekt bol&hellip;&nbsp;\u010c\u00edta\u0165 viac &raquo;Cirkus em\u00f3cii","og_url":"https:\/\/www.youthforequality.sk\/index.php\/2018\/12\/15\/mladeznicka-vymena-pre-mladych-podnikatelov-copy\/","article_publisher":"https:\/\/www.facebook.com\/yeslovakia","article_published_time":"2018-12-15T10:00:12+00:00","article_modified_time":"2020-10-26T16:38:42+00:00","og_image":[{"width":1920,"height":1440,"url":"https:\/\/www.youthforequality.sk\/wp-content\/uploads\/2020\/06\/cirkus-emocii-3.jpg","type":"image\/jpeg"}],"author":"Filip Ku\u017ema","twitter_card":"summary_large_image","twitter_misc":{"Autor":"Filip Ku\u017ema","Predpokladan\u00fd \u010das \u010d\u00edtania":"1 min\u00fata"},"schema":{"@context":"https:\/\/schema.org","@graph":[{"@type":"Article","@id":"https:\/\/www.youthforequality.sk\/index.php\/2018\/12\/15\/mladeznicka-vymena-pre-mladych-podnikatelov-copy\/#article","isPartOf":{"@id":"https:\/\/www.youthforequality.sk\/index.php\/2018\/12\/15\/mladeznicka-vymena-pre-mladych-podnikatelov-copy\/"},"author":{"name":"Filip Ku\u017ema","@id":"https:\/\/www.youthforequality.sk\/#\/schema\/person\/13a1342f9669c039035c15166bfaf7dd"},"headline":"Cirkus em\u00f3cii","datePublished":"2018-12-15T10:00:12+00:00","dateModified":"2020-10-26T16:38:42+00:00","mainEntityOfPage":{"@id":"https:\/\/www.youthforequality.sk\/index.php\/2018\/12\/15\/mladeznicka-vymena-pre-mladych-podnikatelov-copy\/"},"wordCount":259,"commentCount":0,"publisher":{"@id":"https:\/\/www.youthforequality.sk\/#organization"},"image":{"@id":"https:\/\/www.youthforequality.sk\/index.php\/2018\/12\/15\/mladeznicka-vymena-pre-mladych-podnikatelov-copy\/#primaryimage"},"thumbnailUrl":"https:\/\/www.youthforequality.sk\/wp-content\/uploads\/2020\/06\/cirkus-emocii-3.jpg","articleSection":["Blog"],"inLanguage":"sk-SK","potentialAction":[{"@type":"CommentAction","name":"Comment","target":["https:\/\/www.youthforequality.sk\/index.php\/2018\/12\/15\/mladeznicka-vymena-pre-mladych-podnikatelov-copy\/#respond"]}]},{"@type":"WebPage","@id":"https:\/\/www.youthforequality.sk\/index.php\/2018\/12\/15\/mladeznicka-vymena-pre-mladych-podnikatelov-copy\/","url":"https:\/\/www.youthforequality.sk\/index.php\/2018\/12\/15\/mladeznicka-vymena-pre-mladych-podnikatelov-copy\/","name":"Cirkus em\u00f3cii |","isPartOf":{"@id":"https:\/\/www.youthforequality.sk\/#website"},"primaryImageOfPage":{"@id":"https:\/\/www.youthforequality.sk\/index.php\/2018\/12\/15\/mladeznicka-vymena-pre-mladych-podnikatelov-copy\/#primaryimage"},"image":{"@id":"https:\/\/www.youthforequality.sk\/index.php\/2018\/12\/15\/mladeznicka-vymena-pre-mladych-podnikatelov-copy\/#primaryimage"},"thumbnailUrl":"https:\/\/www.youthforequality.sk\/wp-content\/uploads\/2020\/06\/cirkus-emocii-3.jpg","datePublished":"2018-12-15T10:00:12+00:00","dateModified":"2020-10-26T16:38:42+00:00","breadcrumb":{"@id":"https:\/\/www.youthforequality.sk\/index.php\/2018\/12\/15\/mladeznicka-vymena-pre-mladych-podnikatelov-copy\/#breadcrumb"},"inLanguage":"sk-SK","potentialAction":[{"@type":"ReadAction","target":["https:\/\/www.youthforequality.sk\/index.php\/2018\/12\/15\/mladeznicka-vymena-pre-mladych-podnikatelov-copy\/"]}]},{"@type":"ImageObject","inLanguage":"sk-SK","@id":"https:\/\/www.youthforequality.sk\/index.php\/2018\/12\/15\/mladeznicka-vymena-pre-mladych-podnikatelov-copy\/#primaryimage","url":"https:\/\/www.youthforequality.sk\/wp-content\/uploads\/2020\/06\/cirkus-emocii-3.jpg","contentUrl":"https:\/\/www.youthforequality.sk\/wp-content\/uploads\/2020\/06\/cirkus-emocii-3.jpg","width":1920,"height":1440},{"@type":"BreadcrumbList","@id":"https:\/\/www.youthforequality.sk\/index.php\/2018\/12\/15\/mladeznicka-vymena-pre-mladych-podnikatelov-copy\/#breadcrumb","itemListElement":[{"@type":"ListItem","position":1,"name":"Home","item":"https:\/\/www.youthforequality.sk\/"},{"@type":"ListItem","position":2,"name":"Cirkus em\u00f3cii"}]},{"@type":"WebSite","@id":"https:\/\/www.youthforequality.sk\/#website","url":"https:\/\/www.youthforequality.sk\/","name":"","description":"","publisher":{"@id":"https:\/\/www.youthforequality.sk\/#organization"},"potentialAction":[{"@type":"SearchAction","target":{"@type":"EntryPoint","urlTemplate":"https:\/\/www.youthforequality.sk\/?s={search_term_string}"},"query-input":{"@type":"PropertyValueSpecification","valueRequired":true,"valueName":"search_term_string"}}],"inLanguage":"sk-SK"},{"@type":"Organization","@id":"https:\/\/www.youthforequality.sk\/#organization","name":"Youth for Equality","url":"https:\/\/www.youthforequality.sk\/","logo":{"@type":"ImageObject","inLanguage":"sk-SK","@id":"https:\/\/www.youthforequality.sk\/#\/schema\/logo\/image\/","url":"https:\/\/www.youthforequality.sk\/wp-content\/uploads\/2021\/01\/vynovene-logo-nove-farby_modra-na-web.png","contentUrl":"https:\/\/www.youthforequality.sk\/wp-content\/uploads\/2021\/01\/vynovene-logo-nove-farby_modra-na-web.png","width":1,"height":1,"caption":"Youth for Equality"},"image":{"@id":"https:\/\/www.youthforequality.sk\/#\/schema\/logo\/image\/"},"sameAs":["https:\/\/www.facebook.com\/yeslovakia"]},{"@type":"Person","@id":"https:\/\/www.youthforequality.sk\/#\/schema\/person\/13a1342f9669c039035c15166bfaf7dd","name":"Filip Ku\u017ema","image":{"@type":"ImageObject","inLanguage":"sk-SK","@id":"https:\/\/secure.gravatar.com\/avatar\/5f16b953992f889ac33be959cbb81fab7225cec203e13cff27b25f35459dbc06?s=96&d=mm&r=g","url":"https:\/\/secure.gravatar.com\/avatar\/5f16b953992f889ac33be959cbb81fab7225cec203e13cff27b25f35459dbc06?s=96&d=mm&r=g","contentUrl":"https:\/\/secure.gravatar.com\/avatar\/5f16b953992f889ac33be959cbb81fab7225cec203e13cff27b25f35459dbc06?s=96&d=mm&r=g","caption":"Filip Ku\u017ema"},"sameAs":["https:\/\/www.youthforequality.sk"],"url":"https:\/\/www.youthforequality.sk\/index.php\/author\/filkuz\/"}]}},"_links":{"self":[{"href":"https:\/\/www.youthforequality.sk\/index.php\/wp-json\/wp\/v2\/posts\/1056","targetHints":{"allow":["GET"]}}],"collection":[{"href":"https:\/\/www.youthforequality.sk\/index.php\/wp-json\/wp\/v2\/posts"}],"about":[{"href":"https:\/\/www.youthforequality.sk\/index.php\/wp-json\/wp\/v2\/types\/post"}],"author":[{"embeddable":true,"href":"https:\/\/www.youthforequality.sk\/index.php\/wp-json\/wp\/v2\/users\/1"}],"replies":[{"embeddable":true,"href":"https:\/\/www.youthforequality.sk\/index.php\/wp-json\/wp\/v2\/comments?post=1056"}],"version-history":[{"count":1,"href":"https:\/\/www.youthforequality.sk\/index.php\/wp-json\/wp\/v2\/posts\/1056\/revisions"}],"predecessor-version":[{"id":1065,"href":"https:\/\/www.youthforequality.sk\/index.php\/wp-json\/wp\/v2\/posts\/1056\/revisions\/1065"}],"wp:featuredmedia":[{"embeddable":true,"href":"https:\/\/www.youthforequality.sk\/index.php\/wp-json\/wp\/v2\/media\/1064"}],"wp:attachment":[{"href":"https:\/\/www.youthforequality.sk\/index.php\/wp-json\/wp\/v2\/media?parent=1056"}],"wp:term":[{"taxonomy":"category","embeddable":true,"href":"https:\/\/www.youthforequality.sk\/index.php\/wp-json\/wp\/v2\/categories?post=1056"},{"taxonomy":"post_tag","embeddable":true,"href":"https:\/\/www.youthforequality.sk\/index.php\/wp-json\/wp\/v2\/tags?post=1056"}],"curies":[{"name":"wp","href":"https:\/\/api.w.org\/{rel}","templated":true}]}}