{"id":1066,"date":"2019-02-12T16:27:16","date_gmt":"2019-02-12T16:27:16","guid":{"rendered":"https:\/\/www.youthforequality.sk\/index.php\/2020\/06\/23\/greenovation-copy\/"},"modified":"2020-10-26T16:38:21","modified_gmt":"2020-10-26T16:38:21","slug":"young-leaders","status":"publish","type":"post","link":"https:\/\/www.youthforequality.sk\/index.php\/2019\/02\/12\/young-leaders\/","title":{"rendered":"Young leaders"},"content":{"rendered":"\n<p>D\u0148a 28 &#8211; 30 janu\u00e1ra sme sa z\u00fa\u010dastnili druh\u00e9ho ro\u010dn\u00edka medzin\u00e1rodn\u00e9ho stretnutia YOUNG LEADERS v R\u00edme, ktor\u00e9 organizovala partnersk\u00e1 organiz\u00e1cia SOS EUROPA.<\/p>\n\n\n\n<p>Hlavn\u00fdm cie\u013eom trojd\u0148ov\u00e9ho eventu bola podpora akt\u00edvnej \u00fa\u010dasti mlad\u00fdch \u013eud\u00ed v demokratickom \u017eivote; podpora \u0161trukt\u00farovan\u00e9ho dial\u00f3gu medzi novou gener\u00e1ciou a eur\u00f3pskymi in\u0161tit\u00faciami. Udalosti sa spolu s nami z\u00fa\u010dastnilo viac ako 55 mlad\u00fdch \u013eud\u00ed z 11 r\u00f4znych kraj\u00edn (Taliansko, Nemecko, \u0160panielsko, Portugalsko, Slovensko, Rumunsko, Bulharsko, Gr\u00e9cko, Gruz\u00ednsko, Jord\u00e1nsko a b\u00fdval\u00e1 juhoslovansk\u00e1 republika Maced\u00f3nsko). Po\u010das podujatia sme mali pr\u00edle\u017eitos\u0165 pracova\u0165 v mal\u00fdch medzin\u00e1rodn\u00fdch t\u00edmoch na legislat\u00edvnych n\u00e1vrhoch t\u00fdkaj\u00facich sa ot\u00e1zok mlad\u00fdch \u013eud\u00ed a ich postavenia v eur\u00f3pskej spolo\u010dnosti, ktor\u00e9 boli n\u00e1sledne form\u00e1lne zaslan\u00e9 do eur\u00f3pskeho parlamentu. Program bol skuto\u010dne bohat\u00fd, zah\u0155\u0148al aktivity ako LAW MARKET (identifikovanie probl\u00e9mov mlad\u00fdch v eur\u00f3pskych krajin\u00e1ch) LAW PROPOSALS (samotn\u00e1 tvorba n\u00e1vrhu z\u00e1konov) a VOTING (diskusia a hlasovanie o predlo\u017een\u00fdch n\u00e1vrhoch). Po\u010das troch dn\u00ed sme sa z\u00fa\u010dastnili r\u00f4znych workshopov, posledn\u00fd z nich sa konal v s\u00eddle Eur\u00f3pskeho parlamentu v R\u00edme.<\/p>\n\n\n\n<p>Tu s\u00fa niektor\u00e9 z n\u00e1vrhov, na ktor\u00fdch sme pracovali a boli zaslan\u00e9 do Eur\u00f3pskeho parlamentu:<\/p>\n\n\n\n<p>&#8211; zavedenie v\u00fdu\u010dby politick\u00e9ho a demokratick\u00e9ho syst\u00e9mu v \u0161kol\u00e1ch<\/p>\n\n\n\n<p>&#8211; zavedenie eur\u00f3pskej verejnej dopravy &#8211; zadarmo, pre v\u0161etk\u00fdch mlad\u00fdch do veku 30 rokov<\/p>\n\n\n\n<p>&#8211; zavedenie programu integr\u00e1cie mlad\u00fdch prostredn\u00edctvom pracovn\u00fdch pr\u00edle\u017eitost\u00ed<\/p>\n\n\n\n<p>&#8211; zavedenie opatren\u00ed na rodov\u00fa rovnos\u0165 v pracovnej sf\u00e9re z h\u013eadiska miezd<\/p>\n\n\n\n<p>Okrem in\u00e9ho, sme mali mo\u017enos\u0165 bli\u017e\u0161ie spozna\u0165 kult\u00faru dan\u00fdch z\u00fa\u010dastnen\u00fdch kraj\u00edn, vypo\u010du\u0165 si problematiku ml\u00e1de\u017ee a popri tom v\u0161etkom spozna\u0165 n\u00e1dhern\u00e9 historick\u00e9 mesto R\u00edm. A to v\u0161etko za podpory Erasmus + programu a na\u0161ej vysielaj\u00facej organiz\u00e1cie Youth for Equality. \ud83d\ude42<\/p>\n\n\n\n<p>\u010eakujeme za t\u00fato mo\u017enos\u0165: Zuzka, Katka, Iva, Juraj a Simona<\/p>\n\n\n\n<figure class=\"wp-block-gallery columns-2 is-cropped wp-block-gallery-1 is-layout-flex wp-block-gallery-is-layout-flex\"><ul class=\"blocks-gallery-grid\"><li class=\"blocks-gallery-item\"><figure><img fetchpriority=\"high\" decoding=\"async\" width=\"1024\" height=\"577\" src=\"https:\/\/www.youthforequality.sk\/wp-content\/uploads\/2020\/06\/young-leaders-1-1024x577.jpeg\" alt=\"\" data-id=\"1068\" data-link=\"https:\/\/www.youthforequality.sk\/index.php\/2020\/06\/23\/greenovation-copy\/young-leaders-1\/\" class=\"wp-image-1068\" srcset=\"https:\/\/www.youthforequality.sk\/wp-content\/uploads\/2020\/06\/young-leaders-1-1024x577.jpeg 1024w, https:\/\/www.youthforequality.sk\/wp-content\/uploads\/2020\/06\/young-leaders-1-300x169.jpeg 300w, https:\/\/www.youthforequality.sk\/wp-content\/uploads\/2020\/06\/young-leaders-1-768x432.jpeg 768w, https:\/\/www.youthforequality.sk\/wp-content\/uploads\/2020\/06\/young-leaders-1-1536x865.jpeg 1536w, https:\/\/www.youthforequality.sk\/wp-content\/uploads\/2020\/06\/young-leaders-1-540x304.jpeg 540w, https:\/\/www.youthforequality.sk\/wp-content\/uploads\/2020\/06\/young-leaders-1-1080x608.jpeg 1080w, https:\/\/www.youthforequality.sk\/wp-content\/uploads\/2020\/06\/young-leaders-1.jpeg 1737w\" sizes=\"(max-width: 1024px) 100vw, 1024px\" \/><\/figure><\/li><li class=\"blocks-gallery-item\"><figure><img decoding=\"async\" width=\"960\" height=\"720\" src=\"https:\/\/www.youthforequality.sk\/wp-content\/uploads\/2020\/06\/young-leaders-3.jpeg\" alt=\"\" data-id=\"1069\" data-full-url=\"https:\/\/www.youthforequality.sk\/wp-content\/uploads\/2020\/06\/young-leaders-3.jpeg\" data-link=\"https:\/\/www.youthforequality.sk\/index.php\/2020\/06\/23\/greenovation-copy\/young-leaders-3\/\" class=\"wp-image-1069\" srcset=\"https:\/\/www.youthforequality.sk\/wp-content\/uploads\/2020\/06\/young-leaders-3.jpeg 960w, https:\/\/www.youthforequality.sk\/wp-content\/uploads\/2020\/06\/young-leaders-3-300x225.jpeg 300w, https:\/\/www.youthforequality.sk\/wp-content\/uploads\/2020\/06\/young-leaders-3-768x576.jpeg 768w, https:\/\/www.youthforequality.sk\/wp-content\/uploads\/2020\/06\/young-leaders-3-540x405.jpeg 540w\" sizes=\"(max-width: 960px) 100vw, 960px\" \/><\/figure><\/li><\/ul><\/figure>\n","protected":false},"excerpt":{"rendered":"<p>D\u0148a 28 &#8211; 30 janu\u00e1ra sme sa z\u00fa\u010dastnili druh\u00e9ho ro\u010dn\u00edka medzin\u00e1rodn\u00e9ho stretnutia YOUNG LEADERS v R\u00edme, ktor\u00e9 organizovala partnersk\u00e1 organiz\u00e1cia SOS EUROPA. Hlavn\u00fdm cie\u013eom trojd\u0148ov\u00e9ho eventu bola podpora akt\u00edvnej \u00fa\u010dasti mlad\u00fdch \u013eud\u00ed v demokratickom \u017eivote; podpora \u0161trukt\u00farovan\u00e9ho dial\u00f3gu medzi novou gener\u00e1ciou a eur\u00f3pskymi in\u0161tit\u00faciami. Udalosti sa spolu s nami z\u00fa\u010dastnilo viac ako 55 mlad\u00fdch \u013eud\u00ed&hellip;&nbsp;<a href=\"https:\/\/www.youthforequality.sk\/index.php\/2019\/02\/12\/young-leaders\/\" class=\"\" rel=\"bookmark\">\u010c\u00edta\u0165 viac &raquo;<span class=\"screen-reader-text\">Young leaders<\/span><\/a><\/p>\n","protected":false},"author":1,"featured_media":1067,"comment_status":"open","ping_status":"open","sticky":false,"template":"template-full-width.php","format":"standard","meta":{"_uf_show_specific_survey":0,"_uf_disable_surveys":false,"neve_meta_sidebar":"","neve_meta_container":"","neve_meta_enable_content_width":"","neve_meta_content_width":0,"neve_meta_title_alignment":"","neve_meta_author_avatar":"","neve_post_elements_order":"","neve_meta_disable_header":"","neve_meta_disable_footer":"","neve_meta_disable_title":"","_themeisle_gutenberg_block_has_review":false,"footnotes":""},"categories":[3],"tags":[],"class_list":["post-1066","post","type-post","status-publish","format-standard","has-post-thumbnail","hentry","category-blog"],"yoast_head":"<!-- This site is optimized with the Yoast SEO plugin v27.4 - https:\/\/yoast.com\/product\/yoast-seo-wordpress\/ -->\n<title>Young leaders |<\/title>\n<meta name=\"robots\" content=\"index, follow, max-snippet:-1, max-image-preview:large, max-video-preview:-1\" \/>\n<link rel=\"canonical\" href=\"https:\/\/www.youthforequality.sk\/index.php\/2019\/02\/12\/young-leaders\/\" \/>\n<meta property=\"og:locale\" content=\"sk_SK\" \/>\n<meta property=\"og:type\" content=\"article\" \/>\n<meta property=\"og:title\" content=\"Young leaders |\" \/>\n<meta property=\"og:description\" content=\"D\u0148a 28 &#8211; 30 janu\u00e1ra sme sa z\u00fa\u010dastnili druh\u00e9ho ro\u010dn\u00edka medzin\u00e1rodn\u00e9ho stretnutia YOUNG LEADERS v R\u00edme, ktor\u00e9 organizovala partnersk\u00e1 organiz\u00e1cia SOS EUROPA. Hlavn\u00fdm cie\u013eom trojd\u0148ov\u00e9ho eventu bola podpora akt\u00edvnej \u00fa\u010dasti mlad\u00fdch \u013eud\u00ed v demokratickom \u017eivote; podpora \u0161trukt\u00farovan\u00e9ho dial\u00f3gu medzi novou gener\u00e1ciou a eur\u00f3pskymi in\u0161tit\u00faciami. Udalosti sa spolu s nami z\u00fa\u010dastnilo viac ako 55 mlad\u00fdch \u013eud\u00ed&hellip;&nbsp;\u010c\u00edta\u0165 viac &raquo;Young leaders\" \/>\n<meta property=\"og:url\" content=\"https:\/\/www.youthforequality.sk\/index.php\/2019\/02\/12\/young-leaders\/\" \/>\n<meta property=\"article:publisher\" content=\"https:\/\/www.facebook.com\/yeslovakia\" \/>\n<meta property=\"article:published_time\" content=\"2019-02-12T16:27:16+00:00\" \/>\n<meta property=\"article:modified_time\" content=\"2020-10-26T16:38:21+00:00\" \/>\n<meta property=\"og:image\" content=\"https:\/\/www.youthforequality.sk\/wp-content\/uploads\/2020\/06\/young-leaders-2.jpeg\" \/>\n\t<meta property=\"og:image:width\" content=\"1728\" \/>\n\t<meta property=\"og:image:height\" content=\"864\" \/>\n\t<meta property=\"og:image:type\" content=\"image\/jpeg\" \/>\n<meta name=\"author\" content=\"Filip Ku\u017ema\" \/>\n<meta name=\"twitter:card\" content=\"summary_large_image\" \/>\n<meta name=\"twitter:label1\" content=\"Autor\" \/>\n\t<meta name=\"twitter:data1\" content=\"Filip Ku\u017ema\" \/>\n\t<meta name=\"twitter:label2\" content=\"Predpokladan\u00fd \u010das \u010d\u00edtania\" \/>\n\t<meta name=\"twitter:data2\" content=\"2 min\u00faty\" \/>\n<script type=\"application\/ld+json\" class=\"yoast-schema-graph\">{\"@context\":\"https:\\\/\\\/schema.org\",\"@graph\":[{\"@type\":\"Article\",\"@id\":\"https:\\\/\\\/www.youthforequality.sk\\\/index.php\\\/2019\\\/02\\\/12\\\/young-leaders\\\/#article\",\"isPartOf\":{\"@id\":\"https:\\\/\\\/www.youthforequality.sk\\\/index.php\\\/2019\\\/02\\\/12\\\/young-leaders\\\/\"},\"author\":{\"name\":\"Filip Ku\u017ema\",\"@id\":\"https:\\\/\\\/www.youthforequality.sk\\\/#\\\/schema\\\/person\\\/13a1342f9669c039035c15166bfaf7dd\"},\"headline\":\"Young leaders\",\"datePublished\":\"2019-02-12T16:27:16+00:00\",\"dateModified\":\"2020-10-26T16:38:21+00:00\",\"mainEntityOfPage\":{\"@id\":\"https:\\\/\\\/www.youthforequality.sk\\\/index.php\\\/2019\\\/02\\\/12\\\/young-leaders\\\/\"},\"wordCount\":365,\"commentCount\":0,\"publisher\":{\"@id\":\"https:\\\/\\\/www.youthforequality.sk\\\/#organization\"},\"image\":{\"@id\":\"https:\\\/\\\/www.youthforequality.sk\\\/index.php\\\/2019\\\/02\\\/12\\\/young-leaders\\\/#primaryimage\"},\"thumbnailUrl\":\"https:\\\/\\\/www.youthforequality.sk\\\/wp-content\\\/uploads\\\/2020\\\/06\\\/young-leaders-2.jpeg\",\"articleSection\":[\"Blog\"],\"inLanguage\":\"sk-SK\",\"potentialAction\":[{\"@type\":\"CommentAction\",\"name\":\"Comment\",\"target\":[\"https:\\\/\\\/www.youthforequality.sk\\\/index.php\\\/2019\\\/02\\\/12\\\/young-leaders\\\/#respond\"]}]},{\"@type\":\"WebPage\",\"@id\":\"https:\\\/\\\/www.youthforequality.sk\\\/index.php\\\/2019\\\/02\\\/12\\\/young-leaders\\\/\",\"url\":\"https:\\\/\\\/www.youthforequality.sk\\\/index.php\\\/2019\\\/02\\\/12\\\/young-leaders\\\/\",\"name\":\"Young leaders |\",\"isPartOf\":{\"@id\":\"https:\\\/\\\/www.youthforequality.sk\\\/#website\"},\"primaryImageOfPage\":{\"@id\":\"https:\\\/\\\/www.youthforequality.sk\\\/index.php\\\/2019\\\/02\\\/12\\\/young-leaders\\\/#primaryimage\"},\"image\":{\"@id\":\"https:\\\/\\\/www.youthforequality.sk\\\/index.php\\\/2019\\\/02\\\/12\\\/young-leaders\\\/#primaryimage\"},\"thumbnailUrl\":\"https:\\\/\\\/www.youthforequality.sk\\\/wp-content\\\/uploads\\\/2020\\\/06\\\/young-leaders-2.jpeg\",\"datePublished\":\"2019-02-12T16:27:16+00:00\",\"dateModified\":\"2020-10-26T16:38:21+00:00\",\"breadcrumb\":{\"@id\":\"https:\\\/\\\/www.youthforequality.sk\\\/index.php\\\/2019\\\/02\\\/12\\\/young-leaders\\\/#breadcrumb\"},\"inLanguage\":\"sk-SK\",\"potentialAction\":[{\"@type\":\"ReadAction\",\"target\":[\"https:\\\/\\\/www.youthforequality.sk\\\/index.php\\\/2019\\\/02\\\/12\\\/young-leaders\\\/\"]}]},{\"@type\":\"ImageObject\",\"inLanguage\":\"sk-SK\",\"@id\":\"https:\\\/\\\/www.youthforequality.sk\\\/index.php\\\/2019\\\/02\\\/12\\\/young-leaders\\\/#primaryimage\",\"url\":\"https:\\\/\\\/www.youthforequality.sk\\\/wp-content\\\/uploads\\\/2020\\\/06\\\/young-leaders-2.jpeg\",\"contentUrl\":\"https:\\\/\\\/www.youthforequality.sk\\\/wp-content\\\/uploads\\\/2020\\\/06\\\/young-leaders-2.jpeg\",\"width\":1728,\"height\":864},{\"@type\":\"BreadcrumbList\",\"@id\":\"https:\\\/\\\/www.youthforequality.sk\\\/index.php\\\/2019\\\/02\\\/12\\\/young-leaders\\\/#breadcrumb\",\"itemListElement\":[{\"@type\":\"ListItem\",\"position\":1,\"name\":\"Home\",\"item\":\"https:\\\/\\\/www.youthforequality.sk\\\/\"},{\"@type\":\"ListItem\",\"position\":2,\"name\":\"Young leaders\"}]},{\"@type\":\"WebSite\",\"@id\":\"https:\\\/\\\/www.youthforequality.sk\\\/#website\",\"url\":\"https:\\\/\\\/www.youthforequality.sk\\\/\",\"name\":\"\",\"description\":\"\",\"publisher\":{\"@id\":\"https:\\\/\\\/www.youthforequality.sk\\\/#organization\"},\"potentialAction\":[{\"@type\":\"SearchAction\",\"target\":{\"@type\":\"EntryPoint\",\"urlTemplate\":\"https:\\\/\\\/www.youthforequality.sk\\\/?s={search_term_string}\"},\"query-input\":{\"@type\":\"PropertyValueSpecification\",\"valueRequired\":true,\"valueName\":\"search_term_string\"}}],\"inLanguage\":\"sk-SK\"},{\"@type\":\"Organization\",\"@id\":\"https:\\\/\\\/www.youthforequality.sk\\\/#organization\",\"name\":\"Youth for Equality\",\"url\":\"https:\\\/\\\/www.youthforequality.sk\\\/\",\"logo\":{\"@type\":\"ImageObject\",\"inLanguage\":\"sk-SK\",\"@id\":\"https:\\\/\\\/www.youthforequality.sk\\\/#\\\/schema\\\/logo\\\/image\\\/\",\"url\":\"https:\\\/\\\/www.youthforequality.sk\\\/wp-content\\\/uploads\\\/2021\\\/01\\\/vynovene-logo-nove-farby_modra-na-web.png\",\"contentUrl\":\"https:\\\/\\\/www.youthforequality.sk\\\/wp-content\\\/uploads\\\/2021\\\/01\\\/vynovene-logo-nove-farby_modra-na-web.png\",\"width\":1,\"height\":1,\"caption\":\"Youth for Equality\"},\"image\":{\"@id\":\"https:\\\/\\\/www.youthforequality.sk\\\/#\\\/schema\\\/logo\\\/image\\\/\"},\"sameAs\":[\"https:\\\/\\\/www.facebook.com\\\/yeslovakia\"]},{\"@type\":\"Person\",\"@id\":\"https:\\\/\\\/www.youthforequality.sk\\\/#\\\/schema\\\/person\\\/13a1342f9669c039035c15166bfaf7dd\",\"name\":\"Filip Ku\u017ema\",\"image\":{\"@type\":\"ImageObject\",\"inLanguage\":\"sk-SK\",\"@id\":\"https:\\\/\\\/secure.gravatar.com\\\/avatar\\\/5f16b953992f889ac33be959cbb81fab7225cec203e13cff27b25f35459dbc06?s=96&d=mm&r=g\",\"url\":\"https:\\\/\\\/secure.gravatar.com\\\/avatar\\\/5f16b953992f889ac33be959cbb81fab7225cec203e13cff27b25f35459dbc06?s=96&d=mm&r=g\",\"contentUrl\":\"https:\\\/\\\/secure.gravatar.com\\\/avatar\\\/5f16b953992f889ac33be959cbb81fab7225cec203e13cff27b25f35459dbc06?s=96&d=mm&r=g\",\"caption\":\"Filip Ku\u017ema\"},\"sameAs\":[\"https:\\\/\\\/www.youthforequality.sk\"],\"url\":\"https:\\\/\\\/www.youthforequality.sk\\\/index.php\\\/author\\\/filkuz\\\/\"}]}<\/script>\n<!-- \/ Yoast SEO plugin. -->","yoast_head_json":{"title":"Young leaders |","robots":{"index":"index","follow":"follow","max-snippet":"max-snippet:-1","max-image-preview":"max-image-preview:large","max-video-preview":"max-video-preview:-1"},"canonical":"https:\/\/www.youthforequality.sk\/index.php\/2019\/02\/12\/young-leaders\/","og_locale":"sk_SK","og_type":"article","og_title":"Young leaders |","og_description":"D\u0148a 28 &#8211; 30 janu\u00e1ra sme sa z\u00fa\u010dastnili druh\u00e9ho ro\u010dn\u00edka medzin\u00e1rodn\u00e9ho stretnutia YOUNG LEADERS v R\u00edme, ktor\u00e9 organizovala partnersk\u00e1 organiz\u00e1cia SOS EUROPA. Hlavn\u00fdm cie\u013eom trojd\u0148ov\u00e9ho eventu bola podpora akt\u00edvnej \u00fa\u010dasti mlad\u00fdch \u013eud\u00ed v demokratickom \u017eivote; podpora \u0161trukt\u00farovan\u00e9ho dial\u00f3gu medzi novou gener\u00e1ciou a eur\u00f3pskymi in\u0161tit\u00faciami. Udalosti sa spolu s nami z\u00fa\u010dastnilo viac ako 55 mlad\u00fdch \u013eud\u00ed&hellip;&nbsp;\u010c\u00edta\u0165 viac &raquo;Young leaders","og_url":"https:\/\/www.youthforequality.sk\/index.php\/2019\/02\/12\/young-leaders\/","article_publisher":"https:\/\/www.facebook.com\/yeslovakia","article_published_time":"2019-02-12T16:27:16+00:00","article_modified_time":"2020-10-26T16:38:21+00:00","og_image":[{"width":1728,"height":864,"url":"https:\/\/www.youthforequality.sk\/wp-content\/uploads\/2020\/06\/young-leaders-2.jpeg","type":"image\/jpeg"}],"author":"Filip Ku\u017ema","twitter_card":"summary_large_image","twitter_misc":{"Autor":"Filip Ku\u017ema","Predpokladan\u00fd \u010das \u010d\u00edtania":"2 min\u00faty"},"schema":{"@context":"https:\/\/schema.org","@graph":[{"@type":"Article","@id":"https:\/\/www.youthforequality.sk\/index.php\/2019\/02\/12\/young-leaders\/#article","isPartOf":{"@id":"https:\/\/www.youthforequality.sk\/index.php\/2019\/02\/12\/young-leaders\/"},"author":{"name":"Filip Ku\u017ema","@id":"https:\/\/www.youthforequality.sk\/#\/schema\/person\/13a1342f9669c039035c15166bfaf7dd"},"headline":"Young leaders","datePublished":"2019-02-12T16:27:16+00:00","dateModified":"2020-10-26T16:38:21+00:00","mainEntityOfPage":{"@id":"https:\/\/www.youthforequality.sk\/index.php\/2019\/02\/12\/young-leaders\/"},"wordCount":365,"commentCount":0,"publisher":{"@id":"https:\/\/www.youthforequality.sk\/#organization"},"image":{"@id":"https:\/\/www.youthforequality.sk\/index.php\/2019\/02\/12\/young-leaders\/#primaryimage"},"thumbnailUrl":"https:\/\/www.youthforequality.sk\/wp-content\/uploads\/2020\/06\/young-leaders-2.jpeg","articleSection":["Blog"],"inLanguage":"sk-SK","potentialAction":[{"@type":"CommentAction","name":"Comment","target":["https:\/\/www.youthforequality.sk\/index.php\/2019\/02\/12\/young-leaders\/#respond"]}]},{"@type":"WebPage","@id":"https:\/\/www.youthforequality.sk\/index.php\/2019\/02\/12\/young-leaders\/","url":"https:\/\/www.youthforequality.sk\/index.php\/2019\/02\/12\/young-leaders\/","name":"Young leaders |","isPartOf":{"@id":"https:\/\/www.youthforequality.sk\/#website"},"primaryImageOfPage":{"@id":"https:\/\/www.youthforequality.sk\/index.php\/2019\/02\/12\/young-leaders\/#primaryimage"},"image":{"@id":"https:\/\/www.youthforequality.sk\/index.php\/2019\/02\/12\/young-leaders\/#primaryimage"},"thumbnailUrl":"https:\/\/www.youthforequality.sk\/wp-content\/uploads\/2020\/06\/young-leaders-2.jpeg","datePublished":"2019-02-12T16:27:16+00:00","dateModified":"2020-10-26T16:38:21+00:00","breadcrumb":{"@id":"https:\/\/www.youthforequality.sk\/index.php\/2019\/02\/12\/young-leaders\/#breadcrumb"},"inLanguage":"sk-SK","potentialAction":[{"@type":"ReadAction","target":["https:\/\/www.youthforequality.sk\/index.php\/2019\/02\/12\/young-leaders\/"]}]},{"@type":"ImageObject","inLanguage":"sk-SK","@id":"https:\/\/www.youthforequality.sk\/index.php\/2019\/02\/12\/young-leaders\/#primaryimage","url":"https:\/\/www.youthforequality.sk\/wp-content\/uploads\/2020\/06\/young-leaders-2.jpeg","contentUrl":"https:\/\/www.youthforequality.sk\/wp-content\/uploads\/2020\/06\/young-leaders-2.jpeg","width":1728,"height":864},{"@type":"BreadcrumbList","@id":"https:\/\/www.youthforequality.sk\/index.php\/2019\/02\/12\/young-leaders\/#breadcrumb","itemListElement":[{"@type":"ListItem","position":1,"name":"Home","item":"https:\/\/www.youthforequality.sk\/"},{"@type":"ListItem","position":2,"name":"Young leaders"}]},{"@type":"WebSite","@id":"https:\/\/www.youthforequality.sk\/#website","url":"https:\/\/www.youthforequality.sk\/","name":"","description":"","publisher":{"@id":"https:\/\/www.youthforequality.sk\/#organization"},"potentialAction":[{"@type":"SearchAction","target":{"@type":"EntryPoint","urlTemplate":"https:\/\/www.youthforequality.sk\/?s={search_term_string}"},"query-input":{"@type":"PropertyValueSpecification","valueRequired":true,"valueName":"search_term_string"}}],"inLanguage":"sk-SK"},{"@type":"Organization","@id":"https:\/\/www.youthforequality.sk\/#organization","name":"Youth for Equality","url":"https:\/\/www.youthforequality.sk\/","logo":{"@type":"ImageObject","inLanguage":"sk-SK","@id":"https:\/\/www.youthforequality.sk\/#\/schema\/logo\/image\/","url":"https:\/\/www.youthforequality.sk\/wp-content\/uploads\/2021\/01\/vynovene-logo-nove-farby_modra-na-web.png","contentUrl":"https:\/\/www.youthforequality.sk\/wp-content\/uploads\/2021\/01\/vynovene-logo-nove-farby_modra-na-web.png","width":1,"height":1,"caption":"Youth for Equality"},"image":{"@id":"https:\/\/www.youthforequality.sk\/#\/schema\/logo\/image\/"},"sameAs":["https:\/\/www.facebook.com\/yeslovakia"]},{"@type":"Person","@id":"https:\/\/www.youthforequality.sk\/#\/schema\/person\/13a1342f9669c039035c15166bfaf7dd","name":"Filip Ku\u017ema","image":{"@type":"ImageObject","inLanguage":"sk-SK","@id":"https:\/\/secure.gravatar.com\/avatar\/5f16b953992f889ac33be959cbb81fab7225cec203e13cff27b25f35459dbc06?s=96&d=mm&r=g","url":"https:\/\/secure.gravatar.com\/avatar\/5f16b953992f889ac33be959cbb81fab7225cec203e13cff27b25f35459dbc06?s=96&d=mm&r=g","contentUrl":"https:\/\/secure.gravatar.com\/avatar\/5f16b953992f889ac33be959cbb81fab7225cec203e13cff27b25f35459dbc06?s=96&d=mm&r=g","caption":"Filip Ku\u017ema"},"sameAs":["https:\/\/www.youthforequality.sk"],"url":"https:\/\/www.youthforequality.sk\/index.php\/author\/filkuz\/"}]}},"_links":{"self":[{"href":"https:\/\/www.youthforequality.sk\/index.php\/wp-json\/wp\/v2\/posts\/1066","targetHints":{"allow":["GET"]}}],"collection":[{"href":"https:\/\/www.youthforequality.sk\/index.php\/wp-json\/wp\/v2\/posts"}],"about":[{"href":"https:\/\/www.youthforequality.sk\/index.php\/wp-json\/wp\/v2\/types\/post"}],"author":[{"embeddable":true,"href":"https:\/\/www.youthforequality.sk\/index.php\/wp-json\/wp\/v2\/users\/1"}],"replies":[{"embeddable":true,"href":"https:\/\/www.youthforequality.sk\/index.php\/wp-json\/wp\/v2\/comments?post=1066"}],"version-history":[{"count":1,"href":"https:\/\/www.youthforequality.sk\/index.php\/wp-json\/wp\/v2\/posts\/1066\/revisions"}],"predecessor-version":[{"id":1070,"href":"https:\/\/www.youthforequality.sk\/index.php\/wp-json\/wp\/v2\/posts\/1066\/revisions\/1070"}],"wp:featuredmedia":[{"embeddable":true,"href":"https:\/\/www.youthforequality.sk\/index.php\/wp-json\/wp\/v2\/media\/1067"}],"wp:attachment":[{"href":"https:\/\/www.youthforequality.sk\/index.php\/wp-json\/wp\/v2\/media?parent=1066"}],"wp:term":[{"taxonomy":"category","embeddable":true,"href":"https:\/\/www.youthforequality.sk\/index.php\/wp-json\/wp\/v2\/categories?post=1066"},{"taxonomy":"post_tag","embeddable":true,"href":"https:\/\/www.youthforequality.sk\/index.php\/wp-json\/wp\/v2\/tags?post=1066"}],"curies":[{"name":"wp","href":"https:\/\/api.w.org\/{rel}","templated":true}]}}