{"id":1071,"date":"2019-03-04T10:00:23","date_gmt":"2019-03-04T10:00:23","guid":{"rendered":"https:\/\/www.youthforequality.sk\/index.php\/2020\/06\/23\/mladeznicka-vymena-pre-mladych-podnikatelov-copy-2\/"},"modified":"2020-10-26T16:38:02","modified_gmt":"2020-10-26T16:38:02","slug":"creativity-takes-courage","status":"publish","type":"post","link":"https:\/\/www.youthforequality.sk\/index.php\/2019\/03\/04\/creativity-takes-courage\/","title":{"rendered":"Creativity takes courage"},"content":{"rendered":"\n<p>Medzi 31. janu\u00e1rom a 8. febru\u00e1rom 2019 sme na tr\u00e9ningovom kurze Erasmus plus v Istanbule stretli 27 pracovn\u00edkov s ml\u00e1de\u017eou. \u00da\u010dastn\u00edci tr\u00e9ningu poch\u00e1dzali z kult\u00farne \u00faplne rozdielnych kraj\u00edn v r\u00e1mci celej Eur\u00f3py, a to konkr\u00e9tne z Portugalska, Holandska, Talianska, Bulharska, Slovenska, Po\u013eska, \u010ceskej republiky, \u0160v\u00e9dska a Turecka. U\u017e zo samotnej t\u00e9my Creativity takes courage bolo zrejm\u00e9, \u017ee sa ve\u013ea nau\u010d\u00edme a budeme to m\u00f4c\u0165 vyu\u017ei\u0165 aj v bud\u00facnosti. V r\u00e1mci tr\u00e9ningu sme naplnili jeden z najhlavnej\u0161\u00edch cie\u013eov, ktor\u00fdm bolo zlep\u0161i\u0165 tvoriv\u00e9 zru\u010dnosti pracovn\u00edkov s ml\u00e1de\u017eou, ktor\u00ed pracuj\u00fa s mlad\u00fdmi \u013eu\u010fmi prostredn\u00edctvom umenia a kult\u00fary. V s\u00fa\u010dasnosti je obzvl\u00e1\u0161\u0165 d\u00f4le\u017eit\u00e9 oslovi\u0165 ml\u00e1de\u017e, preto\u017ee soci\u00e1lne za\u010dlenenie sa postupne st\u00e1va minulos\u0165ou v d\u00f4sledku narastaj\u00faceho v\u00fdznamu soci\u00e1lnych m\u00e9di\u00ed v spolo\u010dnosti. Okrem kreat\u00edvnych workshopov a diskusi\u00ed sme mali mo\u017enos\u0165 stretn\u00fa\u0165 sa a pochopi\u0165 miestnu kult\u00faru v Istanbule, \u010do bolo jedn\u00fdm z najsilnej\u0161\u00edch z\u00e1\u017eitkov v r\u00e1mci tr\u00e9ningu. Samozrejme sme sa tie\u017e ve\u013ea nau\u010dili aj zo sk\u00fasenost\u00ed ka\u017ed\u00e9ho z \u00fa\u010dastn\u00edkov.<\/p>\n\n\n\n<p>\u010eakujeme, \u017ee sme mali t\u00fa mo\u017enos\u0165 prekro\u010di\u0165 hranice na\u0161ej komfortnej z\u00f3ny, by\u0165 odhodlan\u00ed a zmeni\u0165 pr\u00e1cu s ml\u00e1de\u017eou k lep\u0161iemu.&nbsp;<\/p>\n\n\n\n<p>Denisa Brven\u00edkov\u00e1<\/p>\n\n\n\n<figure class=\"wp-block-gallery columns-3 is-cropped wp-block-gallery-1 is-layout-flex wp-block-gallery-is-layout-flex\"><ul class=\"blocks-gallery-grid\"><li class=\"blocks-gallery-item\"><figure><img fetchpriority=\"high\" decoding=\"async\" width=\"1024\" height=\"634\" src=\"https:\/\/www.youthforequality.sk\/wp-content\/uploads\/2020\/06\/courage-2-1024x634.jpg\" alt=\"\" data-id=\"1074\" data-full-url=\"https:\/\/www.youthforequality.sk\/wp-content\/uploads\/2020\/06\/courage-2.jpg\" data-link=\"https:\/\/www.youthforequality.sk\/index.php\/2020\/06\/23\/mladeznicka-vymena-pre-mladych-podnikatelov-copy-2\/courage-2\/\" class=\"wp-image-1074\" srcset=\"https:\/\/www.youthforequality.sk\/wp-content\/uploads\/2020\/06\/courage-2-1024x634.jpg 1024w, https:\/\/www.youthforequality.sk\/wp-content\/uploads\/2020\/06\/courage-2-300x186.jpg 300w, https:\/\/www.youthforequality.sk\/wp-content\/uploads\/2020\/06\/courage-2-768x476.jpg 768w, https:\/\/www.youthforequality.sk\/wp-content\/uploads\/2020\/06\/courage-2-1536x951.jpg 1536w, https:\/\/www.youthforequality.sk\/wp-content\/uploads\/2020\/06\/courage-2-540x334.jpg 540w, https:\/\/www.youthforequality.sk\/wp-content\/uploads\/2020\/06\/courage-2-1080x669.jpg 1080w, https:\/\/www.youthforequality.sk\/wp-content\/uploads\/2020\/06\/courage-2.jpg 1728w\" sizes=\"(max-width: 1024px) 100vw, 1024px\" \/><\/figure><\/li><li class=\"blocks-gallery-item\"><figure><img decoding=\"async\" width=\"768\" height=\"1024\" src=\"https:\/\/www.youthforequality.sk\/wp-content\/uploads\/2020\/06\/courage-3-768x1024.jpg\" alt=\"\" data-id=\"1075\" data-full-url=\"https:\/\/www.youthforequality.sk\/wp-content\/uploads\/2020\/06\/courage-3.jpg\" data-link=\"https:\/\/www.youthforequality.sk\/index.php\/2020\/06\/23\/mladeznicka-vymena-pre-mladych-podnikatelov-copy-2\/courage-3\/\" class=\"wp-image-1075\" srcset=\"https:\/\/www.youthforequality.sk\/wp-content\/uploads\/2020\/06\/courage-3-768x1024.jpg 768w, https:\/\/www.youthforequality.sk\/wp-content\/uploads\/2020\/06\/courage-3-225x300.jpg 225w, https:\/\/www.youthforequality.sk\/wp-content\/uploads\/2020\/06\/courage-3-1152x1536.jpg 1152w, https:\/\/www.youthforequality.sk\/wp-content\/uploads\/2020\/06\/courage-3-540x720.jpg 540w, https:\/\/www.youthforequality.sk\/wp-content\/uploads\/2020\/06\/courage-3-1080x1440.jpg 1080w, https:\/\/www.youthforequality.sk\/wp-content\/uploads\/2020\/06\/courage-3.jpg 1440w\" sizes=\"(max-width: 768px) 100vw, 768px\" \/><\/figure><\/li><li class=\"blocks-gallery-item\"><figure><img decoding=\"async\" width=\"1024\" height=\"768\" src=\"https:\/\/www.youthforequality.sk\/wp-content\/uploads\/2020\/06\/courage-4-1024x768.jpg\" alt=\"\" data-id=\"1076\" data-full-url=\"https:\/\/www.youthforequality.sk\/wp-content\/uploads\/2020\/06\/courage-4.jpg\" data-link=\"https:\/\/www.youthforequality.sk\/index.php\/2020\/06\/23\/mladeznicka-vymena-pre-mladych-podnikatelov-copy-2\/courage-4\/\" class=\"wp-image-1076\" srcset=\"https:\/\/www.youthforequality.sk\/wp-content\/uploads\/2020\/06\/courage-4-1024x768.jpg 1024w, https:\/\/www.youthforequality.sk\/wp-content\/uploads\/2020\/06\/courage-4-300x225.jpg 300w, https:\/\/www.youthforequality.sk\/wp-content\/uploads\/2020\/06\/courage-4-768x576.jpg 768w, https:\/\/www.youthforequality.sk\/wp-content\/uploads\/2020\/06\/courage-4-1536x1152.jpg 1536w, https:\/\/www.youthforequality.sk\/wp-content\/uploads\/2020\/06\/courage-4-540x405.jpg 540w, https:\/\/www.youthforequality.sk\/wp-content\/uploads\/2020\/06\/courage-4-1080x810.jpg 1080w, https:\/\/www.youthforequality.sk\/wp-content\/uploads\/2020\/06\/courage-4.jpg 1920w\" sizes=\"(max-width: 1024px) 100vw, 1024px\" \/><\/figure><\/li><li class=\"blocks-gallery-item\"><figure><img loading=\"lazy\" decoding=\"async\" width=\"1024\" height=\"768\" src=\"https:\/\/www.youthforequality.sk\/wp-content\/uploads\/2020\/06\/courage-5-1024x768.jpg\" alt=\"\" data-id=\"1077\" data-full-url=\"https:\/\/www.youthforequality.sk\/wp-content\/uploads\/2020\/06\/courage-5.jpg\" data-link=\"https:\/\/www.youthforequality.sk\/index.php\/2020\/06\/23\/mladeznicka-vymena-pre-mladych-podnikatelov-copy-2\/courage-5\/\" class=\"wp-image-1077\" srcset=\"https:\/\/www.youthforequality.sk\/wp-content\/uploads\/2020\/06\/courage-5-1024x768.jpg 1024w, https:\/\/www.youthforequality.sk\/wp-content\/uploads\/2020\/06\/courage-5-300x225.jpg 300w, https:\/\/www.youthforequality.sk\/wp-content\/uploads\/2020\/06\/courage-5-768x576.jpg 768w, https:\/\/www.youthforequality.sk\/wp-content\/uploads\/2020\/06\/courage-5-1536x1152.jpg 1536w, https:\/\/www.youthforequality.sk\/wp-content\/uploads\/2020\/06\/courage-5-540x405.jpg 540w, https:\/\/www.youthforequality.sk\/wp-content\/uploads\/2020\/06\/courage-5-1080x810.jpg 1080w, https:\/\/www.youthforequality.sk\/wp-content\/uploads\/2020\/06\/courage-5.jpg 1920w\" sizes=\"(max-width: 1024px) 100vw, 1024px\" \/><\/figure><\/li><\/ul><\/figure>\n","protected":false},"excerpt":{"rendered":"<p>Medzi 31. janu\u00e1rom a 8. febru\u00e1rom 2019 sme na tr\u00e9ningovom kurze Erasmus plus v Istanbule stretli 27 pracovn\u00edkov s ml\u00e1de\u017eou. \u00da\u010dastn\u00edci tr\u00e9ningu poch\u00e1dzali z kult\u00farne \u00faplne rozdielnych kraj\u00edn v r\u00e1mci celej Eur\u00f3py, a to konkr\u00e9tne z Portugalska, Holandska, Talianska, Bulharska, Slovenska, Po\u013eska, \u010ceskej republiky, \u0160v\u00e9dska a Turecka. U\u017e zo samotnej t\u00e9my Creativity takes courage bolo&hellip;&nbsp;<a href=\"https:\/\/www.youthforequality.sk\/index.php\/2019\/03\/04\/creativity-takes-courage\/\" class=\"\" rel=\"bookmark\">\u010c\u00edta\u0165 viac &raquo;<span class=\"screen-reader-text\">Creativity takes courage<\/span><\/a><\/p>\n","protected":false},"author":1,"featured_media":1073,"comment_status":"open","ping_status":"open","sticky":false,"template":"template-full-width.php","format":"standard","meta":{"_uf_show_specific_survey":0,"_uf_disable_surveys":false,"neve_meta_sidebar":"","neve_meta_container":"","neve_meta_enable_content_width":"","neve_meta_content_width":0,"neve_meta_title_alignment":"","neve_meta_author_avatar":"","neve_post_elements_order":"","neve_meta_disable_header":"","neve_meta_disable_footer":"","neve_meta_disable_title":"","_themeisle_gutenberg_block_has_review":false,"footnotes":""},"categories":[3],"tags":[],"class_list":["post-1071","post","type-post","status-publish","format-standard","has-post-thumbnail","hentry","category-blog"],"yoast_head":"<!-- This site is optimized with the Yoast SEO plugin v27.4 - https:\/\/yoast.com\/product\/yoast-seo-wordpress\/ -->\n<title>Creativity takes courage |<\/title>\n<meta name=\"robots\" content=\"index, follow, max-snippet:-1, max-image-preview:large, max-video-preview:-1\" \/>\n<link rel=\"canonical\" href=\"https:\/\/www.youthforequality.sk\/index.php\/2019\/03\/04\/creativity-takes-courage\/\" \/>\n<meta property=\"og:locale\" content=\"sk_SK\" \/>\n<meta property=\"og:type\" content=\"article\" \/>\n<meta property=\"og:title\" content=\"Creativity takes courage |\" \/>\n<meta property=\"og:description\" content=\"Medzi 31. janu\u00e1rom a 8. febru\u00e1rom 2019 sme na tr\u00e9ningovom kurze Erasmus plus v Istanbule stretli 27 pracovn\u00edkov s ml\u00e1de\u017eou. \u00da\u010dastn\u00edci tr\u00e9ningu poch\u00e1dzali z kult\u00farne \u00faplne rozdielnych kraj\u00edn v r\u00e1mci celej Eur\u00f3py, a to konkr\u00e9tne z Portugalska, Holandska, Talianska, Bulharska, Slovenska, Po\u013eska, \u010ceskej republiky, \u0160v\u00e9dska a Turecka. U\u017e zo samotnej t\u00e9my Creativity takes courage bolo&hellip;&nbsp;\u010c\u00edta\u0165 viac &raquo;Creativity takes courage\" \/>\n<meta property=\"og:url\" content=\"https:\/\/www.youthforequality.sk\/index.php\/2019\/03\/04\/creativity-takes-courage\/\" \/>\n<meta property=\"article:publisher\" content=\"https:\/\/www.facebook.com\/yeslovakia\" \/>\n<meta property=\"article:published_time\" content=\"2019-03-04T10:00:23+00:00\" \/>\n<meta property=\"article:modified_time\" content=\"2020-10-26T16:38:02+00:00\" \/>\n<meta property=\"og:image\" content=\"https:\/\/www.youthforequality.sk\/wp-content\/uploads\/2020\/06\/courage-1.jpg\" \/>\n\t<meta property=\"og:image:width\" content=\"960\" \/>\n\t<meta property=\"og:image:height\" content=\"720\" \/>\n\t<meta property=\"og:image:type\" content=\"image\/jpeg\" \/>\n<meta name=\"author\" content=\"Filip Ku\u017ema\" \/>\n<meta name=\"twitter:card\" content=\"summary_large_image\" \/>\n<meta name=\"twitter:label1\" content=\"Autor\" \/>\n\t<meta name=\"twitter:data1\" content=\"Filip Ku\u017ema\" \/>\n\t<meta name=\"twitter:label2\" content=\"Predpokladan\u00fd \u010das \u010d\u00edtania\" \/>\n\t<meta name=\"twitter:data2\" content=\"1 min\u00fata\" \/>\n<script type=\"application\/ld+json\" class=\"yoast-schema-graph\">{\"@context\":\"https:\\\/\\\/schema.org\",\"@graph\":[{\"@type\":\"Article\",\"@id\":\"https:\\\/\\\/www.youthforequality.sk\\\/index.php\\\/2019\\\/03\\\/04\\\/creativity-takes-courage\\\/#article\",\"isPartOf\":{\"@id\":\"https:\\\/\\\/www.youthforequality.sk\\\/index.php\\\/2019\\\/03\\\/04\\\/creativity-takes-courage\\\/\"},\"author\":{\"name\":\"Filip Ku\u017ema\",\"@id\":\"https:\\\/\\\/www.youthforequality.sk\\\/#\\\/schema\\\/person\\\/13a1342f9669c039035c15166bfaf7dd\"},\"headline\":\"Creativity takes courage\",\"datePublished\":\"2019-03-04T10:00:23+00:00\",\"dateModified\":\"2020-10-26T16:38:02+00:00\",\"mainEntityOfPage\":{\"@id\":\"https:\\\/\\\/www.youthforequality.sk\\\/index.php\\\/2019\\\/03\\\/04\\\/creativity-takes-courage\\\/\"},\"wordCount\":249,\"commentCount\":0,\"publisher\":{\"@id\":\"https:\\\/\\\/www.youthforequality.sk\\\/#organization\"},\"image\":{\"@id\":\"https:\\\/\\\/www.youthforequality.sk\\\/index.php\\\/2019\\\/03\\\/04\\\/creativity-takes-courage\\\/#primaryimage\"},\"thumbnailUrl\":\"https:\\\/\\\/www.youthforequality.sk\\\/wp-content\\\/uploads\\\/2020\\\/06\\\/courage-1.jpg\",\"articleSection\":[\"Blog\"],\"inLanguage\":\"sk-SK\",\"potentialAction\":[{\"@type\":\"CommentAction\",\"name\":\"Comment\",\"target\":[\"https:\\\/\\\/www.youthforequality.sk\\\/index.php\\\/2019\\\/03\\\/04\\\/creativity-takes-courage\\\/#respond\"]}]},{\"@type\":\"WebPage\",\"@id\":\"https:\\\/\\\/www.youthforequality.sk\\\/index.php\\\/2019\\\/03\\\/04\\\/creativity-takes-courage\\\/\",\"url\":\"https:\\\/\\\/www.youthforequality.sk\\\/index.php\\\/2019\\\/03\\\/04\\\/creativity-takes-courage\\\/\",\"name\":\"Creativity takes courage |\",\"isPartOf\":{\"@id\":\"https:\\\/\\\/www.youthforequality.sk\\\/#website\"},\"primaryImageOfPage\":{\"@id\":\"https:\\\/\\\/www.youthforequality.sk\\\/index.php\\\/2019\\\/03\\\/04\\\/creativity-takes-courage\\\/#primaryimage\"},\"image\":{\"@id\":\"https:\\\/\\\/www.youthforequality.sk\\\/index.php\\\/2019\\\/03\\\/04\\\/creativity-takes-courage\\\/#primaryimage\"},\"thumbnailUrl\":\"https:\\\/\\\/www.youthforequality.sk\\\/wp-content\\\/uploads\\\/2020\\\/06\\\/courage-1.jpg\",\"datePublished\":\"2019-03-04T10:00:23+00:00\",\"dateModified\":\"2020-10-26T16:38:02+00:00\",\"breadcrumb\":{\"@id\":\"https:\\\/\\\/www.youthforequality.sk\\\/index.php\\\/2019\\\/03\\\/04\\\/creativity-takes-courage\\\/#breadcrumb\"},\"inLanguage\":\"sk-SK\",\"potentialAction\":[{\"@type\":\"ReadAction\",\"target\":[\"https:\\\/\\\/www.youthforequality.sk\\\/index.php\\\/2019\\\/03\\\/04\\\/creativity-takes-courage\\\/\"]}]},{\"@type\":\"ImageObject\",\"inLanguage\":\"sk-SK\",\"@id\":\"https:\\\/\\\/www.youthforequality.sk\\\/index.php\\\/2019\\\/03\\\/04\\\/creativity-takes-courage\\\/#primaryimage\",\"url\":\"https:\\\/\\\/www.youthforequality.sk\\\/wp-content\\\/uploads\\\/2020\\\/06\\\/courage-1.jpg\",\"contentUrl\":\"https:\\\/\\\/www.youthforequality.sk\\\/wp-content\\\/uploads\\\/2020\\\/06\\\/courage-1.jpg\",\"width\":960,\"height\":720},{\"@type\":\"BreadcrumbList\",\"@id\":\"https:\\\/\\\/www.youthforequality.sk\\\/index.php\\\/2019\\\/03\\\/04\\\/creativity-takes-courage\\\/#breadcrumb\",\"itemListElement\":[{\"@type\":\"ListItem\",\"position\":1,\"name\":\"Home\",\"item\":\"https:\\\/\\\/www.youthforequality.sk\\\/\"},{\"@type\":\"ListItem\",\"position\":2,\"name\":\"Creativity takes courage\"}]},{\"@type\":\"WebSite\",\"@id\":\"https:\\\/\\\/www.youthforequality.sk\\\/#website\",\"url\":\"https:\\\/\\\/www.youthforequality.sk\\\/\",\"name\":\"\",\"description\":\"\",\"publisher\":{\"@id\":\"https:\\\/\\\/www.youthforequality.sk\\\/#organization\"},\"potentialAction\":[{\"@type\":\"SearchAction\",\"target\":{\"@type\":\"EntryPoint\",\"urlTemplate\":\"https:\\\/\\\/www.youthforequality.sk\\\/?s={search_term_string}\"},\"query-input\":{\"@type\":\"PropertyValueSpecification\",\"valueRequired\":true,\"valueName\":\"search_term_string\"}}],\"inLanguage\":\"sk-SK\"},{\"@type\":\"Organization\",\"@id\":\"https:\\\/\\\/www.youthforequality.sk\\\/#organization\",\"name\":\"Youth for Equality\",\"url\":\"https:\\\/\\\/www.youthforequality.sk\\\/\",\"logo\":{\"@type\":\"ImageObject\",\"inLanguage\":\"sk-SK\",\"@id\":\"https:\\\/\\\/www.youthforequality.sk\\\/#\\\/schema\\\/logo\\\/image\\\/\",\"url\":\"https:\\\/\\\/www.youthforequality.sk\\\/wp-content\\\/uploads\\\/2021\\\/01\\\/vynovene-logo-nove-farby_modra-na-web.png\",\"contentUrl\":\"https:\\\/\\\/www.youthforequality.sk\\\/wp-content\\\/uploads\\\/2021\\\/01\\\/vynovene-logo-nove-farby_modra-na-web.png\",\"width\":1,\"height\":1,\"caption\":\"Youth for Equality\"},\"image\":{\"@id\":\"https:\\\/\\\/www.youthforequality.sk\\\/#\\\/schema\\\/logo\\\/image\\\/\"},\"sameAs\":[\"https:\\\/\\\/www.facebook.com\\\/yeslovakia\"]},{\"@type\":\"Person\",\"@id\":\"https:\\\/\\\/www.youthforequality.sk\\\/#\\\/schema\\\/person\\\/13a1342f9669c039035c15166bfaf7dd\",\"name\":\"Filip Ku\u017ema\",\"image\":{\"@type\":\"ImageObject\",\"inLanguage\":\"sk-SK\",\"@id\":\"https:\\\/\\\/secure.gravatar.com\\\/avatar\\\/5f16b953992f889ac33be959cbb81fab7225cec203e13cff27b25f35459dbc06?s=96&d=mm&r=g\",\"url\":\"https:\\\/\\\/secure.gravatar.com\\\/avatar\\\/5f16b953992f889ac33be959cbb81fab7225cec203e13cff27b25f35459dbc06?s=96&d=mm&r=g\",\"contentUrl\":\"https:\\\/\\\/secure.gravatar.com\\\/avatar\\\/5f16b953992f889ac33be959cbb81fab7225cec203e13cff27b25f35459dbc06?s=96&d=mm&r=g\",\"caption\":\"Filip Ku\u017ema\"},\"sameAs\":[\"https:\\\/\\\/www.youthforequality.sk\"],\"url\":\"https:\\\/\\\/www.youthforequality.sk\\\/index.php\\\/author\\\/filkuz\\\/\"}]}<\/script>\n<!-- \/ Yoast SEO plugin. -->","yoast_head_json":{"title":"Creativity takes courage |","robots":{"index":"index","follow":"follow","max-snippet":"max-snippet:-1","max-image-preview":"max-image-preview:large","max-video-preview":"max-video-preview:-1"},"canonical":"https:\/\/www.youthforequality.sk\/index.php\/2019\/03\/04\/creativity-takes-courage\/","og_locale":"sk_SK","og_type":"article","og_title":"Creativity takes courage |","og_description":"Medzi 31. janu\u00e1rom a 8. febru\u00e1rom 2019 sme na tr\u00e9ningovom kurze Erasmus plus v Istanbule stretli 27 pracovn\u00edkov s ml\u00e1de\u017eou. \u00da\u010dastn\u00edci tr\u00e9ningu poch\u00e1dzali z kult\u00farne \u00faplne rozdielnych kraj\u00edn v r\u00e1mci celej Eur\u00f3py, a to konkr\u00e9tne z Portugalska, Holandska, Talianska, Bulharska, Slovenska, Po\u013eska, \u010ceskej republiky, \u0160v\u00e9dska a Turecka. U\u017e zo samotnej t\u00e9my Creativity takes courage bolo&hellip;&nbsp;\u010c\u00edta\u0165 viac &raquo;Creativity takes courage","og_url":"https:\/\/www.youthforequality.sk\/index.php\/2019\/03\/04\/creativity-takes-courage\/","article_publisher":"https:\/\/www.facebook.com\/yeslovakia","article_published_time":"2019-03-04T10:00:23+00:00","article_modified_time":"2020-10-26T16:38:02+00:00","og_image":[{"width":960,"height":720,"url":"https:\/\/www.youthforequality.sk\/wp-content\/uploads\/2020\/06\/courage-1.jpg","type":"image\/jpeg"}],"author":"Filip Ku\u017ema","twitter_card":"summary_large_image","twitter_misc":{"Autor":"Filip Ku\u017ema","Predpokladan\u00fd \u010das \u010d\u00edtania":"1 min\u00fata"},"schema":{"@context":"https:\/\/schema.org","@graph":[{"@type":"Article","@id":"https:\/\/www.youthforequality.sk\/index.php\/2019\/03\/04\/creativity-takes-courage\/#article","isPartOf":{"@id":"https:\/\/www.youthforequality.sk\/index.php\/2019\/03\/04\/creativity-takes-courage\/"},"author":{"name":"Filip Ku\u017ema","@id":"https:\/\/www.youthforequality.sk\/#\/schema\/person\/13a1342f9669c039035c15166bfaf7dd"},"headline":"Creativity takes courage","datePublished":"2019-03-04T10:00:23+00:00","dateModified":"2020-10-26T16:38:02+00:00","mainEntityOfPage":{"@id":"https:\/\/www.youthforequality.sk\/index.php\/2019\/03\/04\/creativity-takes-courage\/"},"wordCount":249,"commentCount":0,"publisher":{"@id":"https:\/\/www.youthforequality.sk\/#organization"},"image":{"@id":"https:\/\/www.youthforequality.sk\/index.php\/2019\/03\/04\/creativity-takes-courage\/#primaryimage"},"thumbnailUrl":"https:\/\/www.youthforequality.sk\/wp-content\/uploads\/2020\/06\/courage-1.jpg","articleSection":["Blog"],"inLanguage":"sk-SK","potentialAction":[{"@type":"CommentAction","name":"Comment","target":["https:\/\/www.youthforequality.sk\/index.php\/2019\/03\/04\/creativity-takes-courage\/#respond"]}]},{"@type":"WebPage","@id":"https:\/\/www.youthforequality.sk\/index.php\/2019\/03\/04\/creativity-takes-courage\/","url":"https:\/\/www.youthforequality.sk\/index.php\/2019\/03\/04\/creativity-takes-courage\/","name":"Creativity takes courage |","isPartOf":{"@id":"https:\/\/www.youthforequality.sk\/#website"},"primaryImageOfPage":{"@id":"https:\/\/www.youthforequality.sk\/index.php\/2019\/03\/04\/creativity-takes-courage\/#primaryimage"},"image":{"@id":"https:\/\/www.youthforequality.sk\/index.php\/2019\/03\/04\/creativity-takes-courage\/#primaryimage"},"thumbnailUrl":"https:\/\/www.youthforequality.sk\/wp-content\/uploads\/2020\/06\/courage-1.jpg","datePublished":"2019-03-04T10:00:23+00:00","dateModified":"2020-10-26T16:38:02+00:00","breadcrumb":{"@id":"https:\/\/www.youthforequality.sk\/index.php\/2019\/03\/04\/creativity-takes-courage\/#breadcrumb"},"inLanguage":"sk-SK","potentialAction":[{"@type":"ReadAction","target":["https:\/\/www.youthforequality.sk\/index.php\/2019\/03\/04\/creativity-takes-courage\/"]}]},{"@type":"ImageObject","inLanguage":"sk-SK","@id":"https:\/\/www.youthforequality.sk\/index.php\/2019\/03\/04\/creativity-takes-courage\/#primaryimage","url":"https:\/\/www.youthforequality.sk\/wp-content\/uploads\/2020\/06\/courage-1.jpg","contentUrl":"https:\/\/www.youthforequality.sk\/wp-content\/uploads\/2020\/06\/courage-1.jpg","width":960,"height":720},{"@type":"BreadcrumbList","@id":"https:\/\/www.youthforequality.sk\/index.php\/2019\/03\/04\/creativity-takes-courage\/#breadcrumb","itemListElement":[{"@type":"ListItem","position":1,"name":"Home","item":"https:\/\/www.youthforequality.sk\/"},{"@type":"ListItem","position":2,"name":"Creativity takes courage"}]},{"@type":"WebSite","@id":"https:\/\/www.youthforequality.sk\/#website","url":"https:\/\/www.youthforequality.sk\/","name":"","description":"","publisher":{"@id":"https:\/\/www.youthforequality.sk\/#organization"},"potentialAction":[{"@type":"SearchAction","target":{"@type":"EntryPoint","urlTemplate":"https:\/\/www.youthforequality.sk\/?s={search_term_string}"},"query-input":{"@type":"PropertyValueSpecification","valueRequired":true,"valueName":"search_term_string"}}],"inLanguage":"sk-SK"},{"@type":"Organization","@id":"https:\/\/www.youthforequality.sk\/#organization","name":"Youth for Equality","url":"https:\/\/www.youthforequality.sk\/","logo":{"@type":"ImageObject","inLanguage":"sk-SK","@id":"https:\/\/www.youthforequality.sk\/#\/schema\/logo\/image\/","url":"https:\/\/www.youthforequality.sk\/wp-content\/uploads\/2021\/01\/vynovene-logo-nove-farby_modra-na-web.png","contentUrl":"https:\/\/www.youthforequality.sk\/wp-content\/uploads\/2021\/01\/vynovene-logo-nove-farby_modra-na-web.png","width":1,"height":1,"caption":"Youth for Equality"},"image":{"@id":"https:\/\/www.youthforequality.sk\/#\/schema\/logo\/image\/"},"sameAs":["https:\/\/www.facebook.com\/yeslovakia"]},{"@type":"Person","@id":"https:\/\/www.youthforequality.sk\/#\/schema\/person\/13a1342f9669c039035c15166bfaf7dd","name":"Filip Ku\u017ema","image":{"@type":"ImageObject","inLanguage":"sk-SK","@id":"https:\/\/secure.gravatar.com\/avatar\/5f16b953992f889ac33be959cbb81fab7225cec203e13cff27b25f35459dbc06?s=96&d=mm&r=g","url":"https:\/\/secure.gravatar.com\/avatar\/5f16b953992f889ac33be959cbb81fab7225cec203e13cff27b25f35459dbc06?s=96&d=mm&r=g","contentUrl":"https:\/\/secure.gravatar.com\/avatar\/5f16b953992f889ac33be959cbb81fab7225cec203e13cff27b25f35459dbc06?s=96&d=mm&r=g","caption":"Filip Ku\u017ema"},"sameAs":["https:\/\/www.youthforequality.sk"],"url":"https:\/\/www.youthforequality.sk\/index.php\/author\/filkuz\/"}]}},"_links":{"self":[{"href":"https:\/\/www.youthforequality.sk\/index.php\/wp-json\/wp\/v2\/posts\/1071","targetHints":{"allow":["GET"]}}],"collection":[{"href":"https:\/\/www.youthforequality.sk\/index.php\/wp-json\/wp\/v2\/posts"}],"about":[{"href":"https:\/\/www.youthforequality.sk\/index.php\/wp-json\/wp\/v2\/types\/post"}],"author":[{"embeddable":true,"href":"https:\/\/www.youthforequality.sk\/index.php\/wp-json\/wp\/v2\/users\/1"}],"replies":[{"embeddable":true,"href":"https:\/\/www.youthforequality.sk\/index.php\/wp-json\/wp\/v2\/comments?post=1071"}],"version-history":[{"count":1,"href":"https:\/\/www.youthforequality.sk\/index.php\/wp-json\/wp\/v2\/posts\/1071\/revisions"}],"predecessor-version":[{"id":1078,"href":"https:\/\/www.youthforequality.sk\/index.php\/wp-json\/wp\/v2\/posts\/1071\/revisions\/1078"}],"wp:featuredmedia":[{"embeddable":true,"href":"https:\/\/www.youthforequality.sk\/index.php\/wp-json\/wp\/v2\/media\/1073"}],"wp:attachment":[{"href":"https:\/\/www.youthforequality.sk\/index.php\/wp-json\/wp\/v2\/media?parent=1071"}],"wp:term":[{"taxonomy":"category","embeddable":true,"href":"https:\/\/www.youthforequality.sk\/index.php\/wp-json\/wp\/v2\/categories?post=1071"},{"taxonomy":"post_tag","embeddable":true,"href":"https:\/\/www.youthforequality.sk\/index.php\/wp-json\/wp\/v2\/tags?post=1071"}],"curies":[{"name":"wp","href":"https:\/\/api.w.org\/{rel}","templated":true}]}}