{"id":1079,"date":"2019-03-12T10:00:28","date_gmt":"2019-03-12T10:00:28","guid":{"rendered":"https:\/\/www.youthforequality.sk\/index.php\/2020\/06\/23\/mladeznicka-vymena-pre-mladych-podnikatelov-copy-2-copy\/"},"modified":"2021-04-12T20:49:57","modified_gmt":"2021-04-12T18:49:57","slug":"prosana","status":"publish","type":"post","link":"https:\/\/www.youthforequality.sk\/index.php\/2019\/03\/12\/prosana\/","title":{"rendered":"ProSana II"},"content":{"rendered":"\t\t<div data-elementor-type=\"wp-post\" data-elementor-id=\"1079\" class=\"elementor elementor-1079\">\n\t\t\t\t\t\t<section class=\"elementor-section elementor-top-section elementor-element elementor-element-441e98ac elementor-section-boxed elementor-section-height-default elementor-section-height-default\" data-id=\"441e98ac\" data-element_type=\"section\" data-e-type=\"section\">\n\t\t\t\t\t\t<div class=\"elementor-container elementor-column-gap-default\">\n\t\t\t\t\t<div class=\"elementor-column elementor-col-100 elementor-top-column elementor-element elementor-element-ab970b5\" data-id=\"ab970b5\" data-element_type=\"column\" data-e-type=\"column\">\n\t\t\t<div class=\"elementor-widget-wrap elementor-element-populated\">\n\t\t\t\t\t\t<div class=\"elementor-element elementor-element-6c83f3c2 elementor-widget elementor-widget-text-editor\" data-id=\"6c83f3c2\" data-element_type=\"widget\" data-e-type=\"widget\" data-widget_type=\"text-editor.default\">\n\t\t\t\t<div class=\"elementor-widget-container\">\n\t\t\t\t\t\t\t\t\t\n<p><span style=\"font-weight: 400;\">Mala som \u00fa\u017easn\u00fa pr\u00edle\u017eitos\u0165 sta\u0165 sa \u00fa\u010dastn\u00edkom \u00fa\u017easnej ml\u00e1de\u017en\u00edckej v\u00fdmeny s n\u00e1zvom \u201eProSana 2\u201c zalo\u017eenej v r\u00e1mci programu Erasmus Plus. Mlad\u00ed \u013eudia z Talianska, Po\u013eska, Slovenska, Gr\u00e9cka, Bulharska a Rumunska sa zhroma\u017edili v rumunskej Poiana Negrii. Zdie\u013eali sme neuverite\u013en\u00e9 medzikult\u00farne dobrodru\u017estvo a u\u017eili sme si rumunsk\u00fa zimn\u00fa r\u00ed\u0161u divov.<\/span><\/p>\n<p>\u00a0<\/p>\n<p><span style=\"font-weight: 400;\">\u00da\u010delom projektu ProSana 2 bolo udr\u017ea\u0165 motiv\u00e1ciu eur\u00f3pskych mlad\u00fdch \u013eud\u00ed prejs\u0165 na zdrav\u0161\u00ed \u017eivotn\u00fd \u0161t\u00fdl vyv\u00e1\u017eenou stravou a pravideln\u00fdm \u0161portovan\u00edm. To v\u0161etko sa stalo prostredn\u00edctvom neform\u00e1lneho vzdel\u00e1vania v multikult\u00farnom kontexte zalo\u017eenom na tolerancii a vz\u00e1jomnom re\u0161pekte.<\/span><\/p>\n<p>\u00a0<\/p>\n<p><span style=\"font-weight: 400;\">Pre m\u0148a to bol jeden z najkraj\u0161\u00edch a najneo\u010dak\u00e1vanej\u0161\u00edch z\u00e1\u017eitkov, ak\u00e9 som kedy za\u017eila. Trochu som sa b\u00e1la unikn\u00fa\u0165 zo svojej komfortnej z\u00f3ny, ale teraz m\u00f4\u017eem \u010destne poveda\u0165, \u017ee to bola najlep\u0161ia vo\u013eba, ak\u00fa som zatia\u013e v \u017eivote urobila. Pred pr\u00edchodom som nemala \u017eiadne skuto\u010dn\u00e9 o\u010dak\u00e1vania, ale na\u0161la som si tam \u00fa\u017easn\u00fa skupinu \u013eud\u00ed a t\u00e1to sk\u00fasenos\u0165 by bez ich pr\u00edtomnosti nebola tak\u00e1 fantastick\u00e1. Budem si pam\u00e4ta\u0165 tieto dva t\u00fd\u017edne, v\u0161etk\u00fdch \u013eud\u00ed a miesta, ktor\u00e9 som videla do konca \u017eivota.<\/span><\/p>\n<p>\u00a0<\/p>\n<p><span style=\"font-weight: 400;\">Karina Be\u0161enejov\u00e1<\/span><\/p>\n\n<figure class=\"wp-block-gallery columns-2 is-cropped wp-block-gallery-2 is-layout-flex wp-block-gallery-is-layout-flex\">\n<ul class=\"blocks-gallery-grid\">\n<li class=\"blocks-gallery-item\">\n<figure><img fetchpriority=\"high\" decoding=\"async\" width=\"1024\" height=\"768\" class=\"wp-image-1081\" src=\"https:\/\/www.youthforequality.sk\/wp-content\/uploads\/2020\/06\/prosana-2-1024x768.jpg\" alt=\"\" data-id=\"1081\" data-link=\"https:\/\/www.youthforequality.sk\/index.php\/2020\/06\/23\/mladeznicka-vymena-pre-mladych-podnikatelov-copy-2-copy\/prosana-2\/\" srcset=\"https:\/\/www.youthforequality.sk\/wp-content\/uploads\/2020\/06\/prosana-2-1024x768.jpg 1024w, https:\/\/www.youthforequality.sk\/wp-content\/uploads\/2020\/06\/prosana-2-300x225.jpg 300w, https:\/\/www.youthforequality.sk\/wp-content\/uploads\/2020\/06\/prosana-2-768x576.jpg 768w, https:\/\/www.youthforequality.sk\/wp-content\/uploads\/2020\/06\/prosana-2-1536x1152.jpg 1536w, https:\/\/www.youthforequality.sk\/wp-content\/uploads\/2020\/06\/prosana-2-540x405.jpg 540w, https:\/\/www.youthforequality.sk\/wp-content\/uploads\/2020\/06\/prosana-2-1080x810.jpg 1080w, https:\/\/www.youthforequality.sk\/wp-content\/uploads\/2020\/06\/prosana-2.jpg 1920w\" sizes=\"(max-width: 1024px) 100vw, 1024px\" \/><\/figure>\n<\/li>\n<li class=\"blocks-gallery-item\">\n<figure><img decoding=\"async\" width=\"1024\" height=\"768\" class=\"wp-image-1082\" src=\"https:\/\/www.youthforequality.sk\/wp-content\/uploads\/2020\/06\/prosana-3-1024x768.jpg\" alt=\"\" data-id=\"1082\" data-full-url=\"https:\/\/www.youthforequality.sk\/wp-content\/uploads\/2020\/06\/prosana-3.jpg\" data-link=\"https:\/\/www.youthforequality.sk\/index.php\/2020\/06\/23\/mladeznicka-vymena-pre-mladych-podnikatelov-copy-2-copy\/prosana-3\/\" srcset=\"https:\/\/www.youthforequality.sk\/wp-content\/uploads\/2020\/06\/prosana-3-1024x768.jpg 1024w, https:\/\/www.youthforequality.sk\/wp-content\/uploads\/2020\/06\/prosana-3-300x225.jpg 300w, https:\/\/www.youthforequality.sk\/wp-content\/uploads\/2020\/06\/prosana-3-768x576.jpg 768w, https:\/\/www.youthforequality.sk\/wp-content\/uploads\/2020\/06\/prosana-3-540x405.jpg 540w, https:\/\/www.youthforequality.sk\/wp-content\/uploads\/2020\/06\/prosana-3-1080x810.jpg 1080w, https:\/\/www.youthforequality.sk\/wp-content\/uploads\/2020\/06\/prosana-3.jpg 1260w\" sizes=\"(max-width: 1024px) 100vw, 1024px\" \/><\/figure>\n<\/li>\n<\/ul>\n<\/figure>\n\t\t\t\t\t\t\t\t<\/div>\n\t\t\t\t<\/div>\n\t\t\t\t\t<\/div>\n\t\t<\/div>\n\t\t\t\t\t<\/div>\n\t\t<\/section>\n\t\t\t\t<\/div>\n\t\t","protected":false},"excerpt":{"rendered":"<p>Mala som \u00fa\u017easn\u00fa pr\u00edle\u017eitos\u0165 sta\u0165 sa \u00fa\u010dastn\u00edkom \u00fa\u017easnej ml\u00e1de\u017en\u00edckej v\u00fdmeny s n\u00e1zvom \u201eProSana 2\u201c zalo\u017eenej v r\u00e1mci programu Erasmus Plus. Mlad\u00ed \u013eudia z Talianska, Po\u013eska, Slovenska, Gr\u00e9cka, Bulharska a Rumunska sa zhroma\u017edili v rumunskej Poiana Negrii. Zdie\u013eali sme neuverite\u013en\u00e9 medzikult\u00farne dobrodru\u017estvo a u\u017eili sme si rumunsk\u00fa zimn\u00fa r\u00ed\u0161u divov. \u00a0 \u00da\u010delom projektu ProSana 2 bolo&hellip;&nbsp;<a href=\"https:\/\/www.youthforequality.sk\/index.php\/2019\/03\/12\/prosana\/\" class=\"\" rel=\"bookmark\">\u010c\u00edta\u0165 viac &raquo;<span class=\"screen-reader-text\">ProSana II<\/span><\/a><\/p>\n","protected":false},"author":1,"featured_media":1080,"comment_status":"open","ping_status":"open","sticky":false,"template":"","format":"standard","meta":{"_uf_show_specific_survey":0,"_uf_disable_surveys":false,"neve_meta_sidebar":"","neve_meta_container":"","neve_meta_enable_content_width":"","neve_meta_content_width":0,"neve_meta_title_alignment":"","neve_meta_author_avatar":"","neve_post_elements_order":"","neve_meta_disable_header":"","neve_meta_disable_footer":"","neve_meta_disable_title":"","_themeisle_gutenberg_block_has_review":false,"footnotes":""},"categories":[3],"tags":[],"class_list":["post-1079","post","type-post","status-publish","format-standard","has-post-thumbnail","hentry","category-blog"],"yoast_head":"<!-- This site is optimized with the Yoast SEO plugin v27.4 - https:\/\/yoast.com\/product\/yoast-seo-wordpress\/ -->\n<title>ProSana II |<\/title>\n<meta name=\"robots\" content=\"index, follow, max-snippet:-1, max-image-preview:large, max-video-preview:-1\" \/>\n<link rel=\"canonical\" href=\"https:\/\/www.youthforequality.sk\/index.php\/2019\/03\/12\/prosana\/\" \/>\n<meta property=\"og:locale\" content=\"sk_SK\" \/>\n<meta property=\"og:type\" content=\"article\" \/>\n<meta property=\"og:title\" content=\"ProSana II |\" \/>\n<meta property=\"og:description\" content=\"Mala som \u00fa\u017easn\u00fa pr\u00edle\u017eitos\u0165 sta\u0165 sa \u00fa\u010dastn\u00edkom \u00fa\u017easnej ml\u00e1de\u017en\u00edckej v\u00fdmeny s n\u00e1zvom \u201eProSana 2\u201c zalo\u017eenej v r\u00e1mci programu Erasmus Plus. Mlad\u00ed \u013eudia z Talianska, Po\u013eska, Slovenska, Gr\u00e9cka, Bulharska a Rumunska sa zhroma\u017edili v rumunskej Poiana Negrii. Zdie\u013eali sme neuverite\u013en\u00e9 medzikult\u00farne dobrodru\u017estvo a u\u017eili sme si rumunsk\u00fa zimn\u00fa r\u00ed\u0161u divov. \u00a0 \u00da\u010delom projektu ProSana 2 bolo&hellip;&nbsp;\u010c\u00edta\u0165 viac &raquo;ProSana II\" \/>\n<meta property=\"og:url\" content=\"https:\/\/www.youthforequality.sk\/index.php\/2019\/03\/12\/prosana\/\" \/>\n<meta property=\"article:publisher\" content=\"https:\/\/www.facebook.com\/yeslovakia\" \/>\n<meta property=\"article:published_time\" content=\"2019-03-12T10:00:28+00:00\" \/>\n<meta property=\"article:modified_time\" content=\"2021-04-12T18:49:57+00:00\" \/>\n<meta property=\"og:image\" content=\"https:\/\/www.youthforequality.sk\/wp-content\/uploads\/2020\/06\/prosana-1.jpg\" \/>\n\t<meta property=\"og:image:width\" content=\"1260\" \/>\n\t<meta property=\"og:image:height\" content=\"945\" \/>\n\t<meta property=\"og:image:type\" content=\"image\/jpeg\" \/>\n<meta name=\"author\" content=\"Filip Ku\u017ema\" \/>\n<meta name=\"twitter:card\" content=\"summary_large_image\" \/>\n<meta name=\"twitter:label1\" content=\"Autor\" \/>\n\t<meta name=\"twitter:data1\" content=\"Filip Ku\u017ema\" \/>\n\t<meta name=\"twitter:label2\" content=\"Predpokladan\u00fd \u010das \u010d\u00edtania\" \/>\n\t<meta name=\"twitter:data2\" content=\"2 min\u00faty\" \/>\n<script type=\"application\/ld+json\" class=\"yoast-schema-graph\">{\"@context\":\"https:\\\/\\\/schema.org\",\"@graph\":[{\"@type\":\"Article\",\"@id\":\"https:\\\/\\\/www.youthforequality.sk\\\/index.php\\\/2019\\\/03\\\/12\\\/prosana\\\/#article\",\"isPartOf\":{\"@id\":\"https:\\\/\\\/www.youthforequality.sk\\\/index.php\\\/2019\\\/03\\\/12\\\/prosana\\\/\"},\"author\":{\"name\":\"Filip Ku\u017ema\",\"@id\":\"https:\\\/\\\/www.youthforequality.sk\\\/#\\\/schema\\\/person\\\/13a1342f9669c039035c15166bfaf7dd\"},\"headline\":\"ProSana II\",\"datePublished\":\"2019-03-12T10:00:28+00:00\",\"dateModified\":\"2021-04-12T18:49:57+00:00\",\"mainEntityOfPage\":{\"@id\":\"https:\\\/\\\/www.youthforequality.sk\\\/index.php\\\/2019\\\/03\\\/12\\\/prosana\\\/\"},\"wordCount\":227,\"commentCount\":0,\"publisher\":{\"@id\":\"https:\\\/\\\/www.youthforequality.sk\\\/#organization\"},\"image\":{\"@id\":\"https:\\\/\\\/www.youthforequality.sk\\\/index.php\\\/2019\\\/03\\\/12\\\/prosana\\\/#primaryimage\"},\"thumbnailUrl\":\"https:\\\/\\\/www.youthforequality.sk\\\/wp-content\\\/uploads\\\/2020\\\/06\\\/prosana-1.jpg\",\"articleSection\":[\"Blog\"],\"inLanguage\":\"sk-SK\",\"potentialAction\":[{\"@type\":\"CommentAction\",\"name\":\"Comment\",\"target\":[\"https:\\\/\\\/www.youthforequality.sk\\\/index.php\\\/2019\\\/03\\\/12\\\/prosana\\\/#respond\"]}]},{\"@type\":\"WebPage\",\"@id\":\"https:\\\/\\\/www.youthforequality.sk\\\/index.php\\\/2019\\\/03\\\/12\\\/prosana\\\/\",\"url\":\"https:\\\/\\\/www.youthforequality.sk\\\/index.php\\\/2019\\\/03\\\/12\\\/prosana\\\/\",\"name\":\"ProSana II |\",\"isPartOf\":{\"@id\":\"https:\\\/\\\/www.youthforequality.sk\\\/#website\"},\"primaryImageOfPage\":{\"@id\":\"https:\\\/\\\/www.youthforequality.sk\\\/index.php\\\/2019\\\/03\\\/12\\\/prosana\\\/#primaryimage\"},\"image\":{\"@id\":\"https:\\\/\\\/www.youthforequality.sk\\\/index.php\\\/2019\\\/03\\\/12\\\/prosana\\\/#primaryimage\"},\"thumbnailUrl\":\"https:\\\/\\\/www.youthforequality.sk\\\/wp-content\\\/uploads\\\/2020\\\/06\\\/prosana-1.jpg\",\"datePublished\":\"2019-03-12T10:00:28+00:00\",\"dateModified\":\"2021-04-12T18:49:57+00:00\",\"breadcrumb\":{\"@id\":\"https:\\\/\\\/www.youthforequality.sk\\\/index.php\\\/2019\\\/03\\\/12\\\/prosana\\\/#breadcrumb\"},\"inLanguage\":\"sk-SK\",\"potentialAction\":[{\"@type\":\"ReadAction\",\"target\":[\"https:\\\/\\\/www.youthforequality.sk\\\/index.php\\\/2019\\\/03\\\/12\\\/prosana\\\/\"]}]},{\"@type\":\"ImageObject\",\"inLanguage\":\"sk-SK\",\"@id\":\"https:\\\/\\\/www.youthforequality.sk\\\/index.php\\\/2019\\\/03\\\/12\\\/prosana\\\/#primaryimage\",\"url\":\"https:\\\/\\\/www.youthforequality.sk\\\/wp-content\\\/uploads\\\/2020\\\/06\\\/prosana-1.jpg\",\"contentUrl\":\"https:\\\/\\\/www.youthforequality.sk\\\/wp-content\\\/uploads\\\/2020\\\/06\\\/prosana-1.jpg\",\"width\":1260,\"height\":945},{\"@type\":\"BreadcrumbList\",\"@id\":\"https:\\\/\\\/www.youthforequality.sk\\\/index.php\\\/2019\\\/03\\\/12\\\/prosana\\\/#breadcrumb\",\"itemListElement\":[{\"@type\":\"ListItem\",\"position\":1,\"name\":\"Home\",\"item\":\"https:\\\/\\\/www.youthforequality.sk\\\/\"},{\"@type\":\"ListItem\",\"position\":2,\"name\":\"ProSana II\"}]},{\"@type\":\"WebSite\",\"@id\":\"https:\\\/\\\/www.youthforequality.sk\\\/#website\",\"url\":\"https:\\\/\\\/www.youthforequality.sk\\\/\",\"name\":\"\",\"description\":\"\",\"publisher\":{\"@id\":\"https:\\\/\\\/www.youthforequality.sk\\\/#organization\"},\"potentialAction\":[{\"@type\":\"SearchAction\",\"target\":{\"@type\":\"EntryPoint\",\"urlTemplate\":\"https:\\\/\\\/www.youthforequality.sk\\\/?s={search_term_string}\"},\"query-input\":{\"@type\":\"PropertyValueSpecification\",\"valueRequired\":true,\"valueName\":\"search_term_string\"}}],\"inLanguage\":\"sk-SK\"},{\"@type\":\"Organization\",\"@id\":\"https:\\\/\\\/www.youthforequality.sk\\\/#organization\",\"name\":\"Youth for Equality\",\"url\":\"https:\\\/\\\/www.youthforequality.sk\\\/\",\"logo\":{\"@type\":\"ImageObject\",\"inLanguage\":\"sk-SK\",\"@id\":\"https:\\\/\\\/www.youthforequality.sk\\\/#\\\/schema\\\/logo\\\/image\\\/\",\"url\":\"https:\\\/\\\/www.youthforequality.sk\\\/wp-content\\\/uploads\\\/2021\\\/01\\\/vynovene-logo-nove-farby_modra-na-web.png\",\"contentUrl\":\"https:\\\/\\\/www.youthforequality.sk\\\/wp-content\\\/uploads\\\/2021\\\/01\\\/vynovene-logo-nove-farby_modra-na-web.png\",\"width\":1,\"height\":1,\"caption\":\"Youth for Equality\"},\"image\":{\"@id\":\"https:\\\/\\\/www.youthforequality.sk\\\/#\\\/schema\\\/logo\\\/image\\\/\"},\"sameAs\":[\"https:\\\/\\\/www.facebook.com\\\/yeslovakia\"]},{\"@type\":\"Person\",\"@id\":\"https:\\\/\\\/www.youthforequality.sk\\\/#\\\/schema\\\/person\\\/13a1342f9669c039035c15166bfaf7dd\",\"name\":\"Filip Ku\u017ema\",\"image\":{\"@type\":\"ImageObject\",\"inLanguage\":\"sk-SK\",\"@id\":\"https:\\\/\\\/secure.gravatar.com\\\/avatar\\\/5f16b953992f889ac33be959cbb81fab7225cec203e13cff27b25f35459dbc06?s=96&d=mm&r=g\",\"url\":\"https:\\\/\\\/secure.gravatar.com\\\/avatar\\\/5f16b953992f889ac33be959cbb81fab7225cec203e13cff27b25f35459dbc06?s=96&d=mm&r=g\",\"contentUrl\":\"https:\\\/\\\/secure.gravatar.com\\\/avatar\\\/5f16b953992f889ac33be959cbb81fab7225cec203e13cff27b25f35459dbc06?s=96&d=mm&r=g\",\"caption\":\"Filip Ku\u017ema\"},\"sameAs\":[\"https:\\\/\\\/www.youthforequality.sk\"],\"url\":\"https:\\\/\\\/www.youthforequality.sk\\\/index.php\\\/author\\\/filkuz\\\/\"}]}<\/script>\n<!-- \/ Yoast SEO plugin. -->","yoast_head_json":{"title":"ProSana II |","robots":{"index":"index","follow":"follow","max-snippet":"max-snippet:-1","max-image-preview":"max-image-preview:large","max-video-preview":"max-video-preview:-1"},"canonical":"https:\/\/www.youthforequality.sk\/index.php\/2019\/03\/12\/prosana\/","og_locale":"sk_SK","og_type":"article","og_title":"ProSana II |","og_description":"Mala som \u00fa\u017easn\u00fa pr\u00edle\u017eitos\u0165 sta\u0165 sa \u00fa\u010dastn\u00edkom \u00fa\u017easnej ml\u00e1de\u017en\u00edckej v\u00fdmeny s n\u00e1zvom \u201eProSana 2\u201c zalo\u017eenej v r\u00e1mci programu Erasmus Plus. Mlad\u00ed \u013eudia z Talianska, Po\u013eska, Slovenska, Gr\u00e9cka, Bulharska a Rumunska sa zhroma\u017edili v rumunskej Poiana Negrii. Zdie\u013eali sme neuverite\u013en\u00e9 medzikult\u00farne dobrodru\u017estvo a u\u017eili sme si rumunsk\u00fa zimn\u00fa r\u00ed\u0161u divov. \u00a0 \u00da\u010delom projektu ProSana 2 bolo&hellip;&nbsp;\u010c\u00edta\u0165 viac &raquo;ProSana II","og_url":"https:\/\/www.youthforequality.sk\/index.php\/2019\/03\/12\/prosana\/","article_publisher":"https:\/\/www.facebook.com\/yeslovakia","article_published_time":"2019-03-12T10:00:28+00:00","article_modified_time":"2021-04-12T18:49:57+00:00","og_image":[{"width":1260,"height":945,"url":"https:\/\/www.youthforequality.sk\/wp-content\/uploads\/2020\/06\/prosana-1.jpg","type":"image\/jpeg"}],"author":"Filip Ku\u017ema","twitter_card":"summary_large_image","twitter_misc":{"Autor":"Filip Ku\u017ema","Predpokladan\u00fd \u010das \u010d\u00edtania":"2 min\u00faty"},"schema":{"@context":"https:\/\/schema.org","@graph":[{"@type":"Article","@id":"https:\/\/www.youthforequality.sk\/index.php\/2019\/03\/12\/prosana\/#article","isPartOf":{"@id":"https:\/\/www.youthforequality.sk\/index.php\/2019\/03\/12\/prosana\/"},"author":{"name":"Filip Ku\u017ema","@id":"https:\/\/www.youthforequality.sk\/#\/schema\/person\/13a1342f9669c039035c15166bfaf7dd"},"headline":"ProSana II","datePublished":"2019-03-12T10:00:28+00:00","dateModified":"2021-04-12T18:49:57+00:00","mainEntityOfPage":{"@id":"https:\/\/www.youthforequality.sk\/index.php\/2019\/03\/12\/prosana\/"},"wordCount":227,"commentCount":0,"publisher":{"@id":"https:\/\/www.youthforequality.sk\/#organization"},"image":{"@id":"https:\/\/www.youthforequality.sk\/index.php\/2019\/03\/12\/prosana\/#primaryimage"},"thumbnailUrl":"https:\/\/www.youthforequality.sk\/wp-content\/uploads\/2020\/06\/prosana-1.jpg","articleSection":["Blog"],"inLanguage":"sk-SK","potentialAction":[{"@type":"CommentAction","name":"Comment","target":["https:\/\/www.youthforequality.sk\/index.php\/2019\/03\/12\/prosana\/#respond"]}]},{"@type":"WebPage","@id":"https:\/\/www.youthforequality.sk\/index.php\/2019\/03\/12\/prosana\/","url":"https:\/\/www.youthforequality.sk\/index.php\/2019\/03\/12\/prosana\/","name":"ProSana II |","isPartOf":{"@id":"https:\/\/www.youthforequality.sk\/#website"},"primaryImageOfPage":{"@id":"https:\/\/www.youthforequality.sk\/index.php\/2019\/03\/12\/prosana\/#primaryimage"},"image":{"@id":"https:\/\/www.youthforequality.sk\/index.php\/2019\/03\/12\/prosana\/#primaryimage"},"thumbnailUrl":"https:\/\/www.youthforequality.sk\/wp-content\/uploads\/2020\/06\/prosana-1.jpg","datePublished":"2019-03-12T10:00:28+00:00","dateModified":"2021-04-12T18:49:57+00:00","breadcrumb":{"@id":"https:\/\/www.youthforequality.sk\/index.php\/2019\/03\/12\/prosana\/#breadcrumb"},"inLanguage":"sk-SK","potentialAction":[{"@type":"ReadAction","target":["https:\/\/www.youthforequality.sk\/index.php\/2019\/03\/12\/prosana\/"]}]},{"@type":"ImageObject","inLanguage":"sk-SK","@id":"https:\/\/www.youthforequality.sk\/index.php\/2019\/03\/12\/prosana\/#primaryimage","url":"https:\/\/www.youthforequality.sk\/wp-content\/uploads\/2020\/06\/prosana-1.jpg","contentUrl":"https:\/\/www.youthforequality.sk\/wp-content\/uploads\/2020\/06\/prosana-1.jpg","width":1260,"height":945},{"@type":"BreadcrumbList","@id":"https:\/\/www.youthforequality.sk\/index.php\/2019\/03\/12\/prosana\/#breadcrumb","itemListElement":[{"@type":"ListItem","position":1,"name":"Home","item":"https:\/\/www.youthforequality.sk\/"},{"@type":"ListItem","position":2,"name":"ProSana II"}]},{"@type":"WebSite","@id":"https:\/\/www.youthforequality.sk\/#website","url":"https:\/\/www.youthforequality.sk\/","name":"","description":"","publisher":{"@id":"https:\/\/www.youthforequality.sk\/#organization"},"potentialAction":[{"@type":"SearchAction","target":{"@type":"EntryPoint","urlTemplate":"https:\/\/www.youthforequality.sk\/?s={search_term_string}"},"query-input":{"@type":"PropertyValueSpecification","valueRequired":true,"valueName":"search_term_string"}}],"inLanguage":"sk-SK"},{"@type":"Organization","@id":"https:\/\/www.youthforequality.sk\/#organization","name":"Youth for Equality","url":"https:\/\/www.youthforequality.sk\/","logo":{"@type":"ImageObject","inLanguage":"sk-SK","@id":"https:\/\/www.youthforequality.sk\/#\/schema\/logo\/image\/","url":"https:\/\/www.youthforequality.sk\/wp-content\/uploads\/2021\/01\/vynovene-logo-nove-farby_modra-na-web.png","contentUrl":"https:\/\/www.youthforequality.sk\/wp-content\/uploads\/2021\/01\/vynovene-logo-nove-farby_modra-na-web.png","width":1,"height":1,"caption":"Youth for Equality"},"image":{"@id":"https:\/\/www.youthforequality.sk\/#\/schema\/logo\/image\/"},"sameAs":["https:\/\/www.facebook.com\/yeslovakia"]},{"@type":"Person","@id":"https:\/\/www.youthforequality.sk\/#\/schema\/person\/13a1342f9669c039035c15166bfaf7dd","name":"Filip Ku\u017ema","image":{"@type":"ImageObject","inLanguage":"sk-SK","@id":"https:\/\/secure.gravatar.com\/avatar\/5f16b953992f889ac33be959cbb81fab7225cec203e13cff27b25f35459dbc06?s=96&d=mm&r=g","url":"https:\/\/secure.gravatar.com\/avatar\/5f16b953992f889ac33be959cbb81fab7225cec203e13cff27b25f35459dbc06?s=96&d=mm&r=g","contentUrl":"https:\/\/secure.gravatar.com\/avatar\/5f16b953992f889ac33be959cbb81fab7225cec203e13cff27b25f35459dbc06?s=96&d=mm&r=g","caption":"Filip Ku\u017ema"},"sameAs":["https:\/\/www.youthforequality.sk"],"url":"https:\/\/www.youthforequality.sk\/index.php\/author\/filkuz\/"}]}},"_links":{"self":[{"href":"https:\/\/www.youthforequality.sk\/index.php\/wp-json\/wp\/v2\/posts\/1079","targetHints":{"allow":["GET"]}}],"collection":[{"href":"https:\/\/www.youthforequality.sk\/index.php\/wp-json\/wp\/v2\/posts"}],"about":[{"href":"https:\/\/www.youthforequality.sk\/index.php\/wp-json\/wp\/v2\/types\/post"}],"author":[{"embeddable":true,"href":"https:\/\/www.youthforequality.sk\/index.php\/wp-json\/wp\/v2\/users\/1"}],"replies":[{"embeddable":true,"href":"https:\/\/www.youthforequality.sk\/index.php\/wp-json\/wp\/v2\/comments?post=1079"}],"version-history":[{"count":5,"href":"https:\/\/www.youthforequality.sk\/index.php\/wp-json\/wp\/v2\/posts\/1079\/revisions"}],"predecessor-version":[{"id":2909,"href":"https:\/\/www.youthforequality.sk\/index.php\/wp-json\/wp\/v2\/posts\/1079\/revisions\/2909"}],"wp:featuredmedia":[{"embeddable":true,"href":"https:\/\/www.youthforequality.sk\/index.php\/wp-json\/wp\/v2\/media\/1080"}],"wp:attachment":[{"href":"https:\/\/www.youthforequality.sk\/index.php\/wp-json\/wp\/v2\/media?parent=1079"}],"wp:term":[{"taxonomy":"category","embeddable":true,"href":"https:\/\/www.youthforequality.sk\/index.php\/wp-json\/wp\/v2\/categories?post=1079"},{"taxonomy":"post_tag","embeddable":true,"href":"https:\/\/www.youthforequality.sk\/index.php\/wp-json\/wp\/v2\/tags?post=1079"}],"curies":[{"name":"wp","href":"https:\/\/api.w.org\/{rel}","templated":true}]}}