{"id":11115,"date":"2026-03-05T15:25:47","date_gmt":"2026-03-05T14:25:47","guid":{"rendered":"https:\/\/www.youthforequality.sk\/?p=11115"},"modified":"2026-03-27T13:13:28","modified_gmt":"2026-03-27T12:13:28","slug":"inkluzvny-program-discovereu-2","status":"publish","type":"post","link":"https:\/\/www.youthforequality.sk\/index.php\/2026\/03\/05\/inkluzvny-program-discovereu-2\/","title":{"rendered":"Inkluz\u00edvny program DiscoverEU"},"content":{"rendered":"\t\t<div data-elementor-type=\"wp-post\" data-elementor-id=\"11115\" class=\"elementor elementor-11115\">\n\t\t\t\t\t\t<section class=\"elementor-section elementor-top-section elementor-element elementor-element-af69628 elementor-section-boxed elementor-section-height-default elementor-section-height-default\" data-id=\"af69628\" data-element_type=\"section\" data-e-type=\"section\">\n\t\t\t\t\t\t<div class=\"elementor-container elementor-column-gap-default\">\n\t\t\t\t\t<div class=\"elementor-column elementor-col-100 elementor-top-column elementor-element elementor-element-b755780\" data-id=\"b755780\" data-element_type=\"column\" data-e-type=\"column\">\n\t\t\t<div class=\"elementor-widget-wrap elementor-element-populated\">\n\t\t\t\t\t\t<div class=\"elementor-element elementor-element-973ef99 elementor-widget elementor-widget-text-editor\" data-id=\"973ef99\" data-element_type=\"widget\" data-e-type=\"widget\" data-widget_type=\"text-editor.default\">\n\t\t\t\t<div class=\"elementor-widget-container\">\n\t\t\t\t\t\t\t\t\t<p>Od 30. okt\u00f3bra do 8. novembra som mohol v\u010faka programu Erasmus+ v projekte DiscoverEU spolu s mojimi spolu\u017eiakmi absolvova\u0165 n\u00e1v\u0161tevu piatich miest, z toho jedno v Slovinsku a \u0161tyri v Taliansku. Hovor\u00edm za v\u0161etk\u00fdch z\u00fa\u010dastnen\u00fdch, \u017ee na tento z\u00e1\u017eitok budeme skvelo spom\u00edna\u0165 a nikdy na\u0148 nezabudneme.<\/p><p>\u00a0<\/p><p>Cie\u013e na\u0161ej cesty bolo ekol\u00f3gia a zelen\u00e9 cestovanie vlakom. Za t\u00fdchto 10 dn\u00ed sme vo vlaku str\u00e1vili 35 hod\u00edn a precestovali sme 2217 km. Mali sme sa aj nau\u010di\u0165 zaobch\u00e1dza\u0165 s peniazmi na ur\u010den\u00fd \u010das, z\u00fa\u010dastni\u0165 sa a akt\u00edvne organizova\u0165 workshopy, v\u00fdlety, vyu\u017ei\u0165 hromadn\u00fa dopravu, ale hlavne spozna\u0165 kult\u00faru in\u00fdch kraj\u00edn.<br \/>Na ubehnutie dlhej chv\u00edle nech\u00fdbala z\u00e1bava, \u00fa\u017eas z pr\u00edrody, p\u00e1r slab\u0161\u00edch chv\u00ed\u013e, ale hlavne ve\u013ea t\u00fdch pozit\u00edvnych.<\/p><p>\u00a0<\/p><p>V ka\u017edom meste sme str\u00e1vili dve noci. Ljubljanu sme si spr\u00edjemnili ve\u010dern\u00fdm pozn\u00e1van\u00edm mesta a druh\u00fd de\u0148 sme sa vybrali na \u0160marnu Goru. Po \u00faspe\u0161ne absolvovanej turistike sme sa rozhodli objavi\u0165 \u010fal\u0161iu mestsk\u00fa \u010das\u0165, kde sme spozn\u00e1vali udr\u017eate\u013en\u00e9 rie\u0161enia mesta. Nasleduj\u00faci de\u0148 sme pricestovali do Ben\u00e1tok. Po\u010das n\u00e1\u0161ho pobytu sme sa vybrali na ostrov Sv\u00e4t\u00e1 Lucia, kde sme nav\u0161t\u00edvili n\u00e1mestie Sv\u00e4t\u00e9ho Marca, most Rialto, ostrov Murano a Burano a taktie\u017e ben\u00e1tsky cintor\u00edn. \u010eal\u0161ou zast\u00e1vkou bola Bologna. Bolognu sme presk\u00famali skrz-naskrz a z\u00fa\u010dastnili sme sa aj dvoch workshopov na t\u00e9mu ekol\u00f3gia prostredn\u00edctvom stretnut\u00ed s Europe direct.\u00a0 Nasledovalo Mil\u00e1no, kde sme boli na prehliadke katedr\u00e1ly Duomo, \u0161tadi\u00f3na San Siro a Gal\u00e9rie Vittorio Emanuele. A v neposlednom rade sme sa presunuli do pr\u00edstavn\u00e9ho mesta Triest. Aj ke\u010f sa n\u00e1\u0161 v\u00fdlet u\u017e ch\u00fdlil ku koncu, napriek tomu n\u00e1s to nezastavilo od pozn\u00e1vania. Str\u00e1vili sme tam kr\u00e1sne chv\u00edle pri mori a kr\u00e1snej pr\u00edmorskej pr\u00edrode a u\u010dili sme sa o ochrane pr\u00edrodn\u00e9ho bohatstva prostredn\u00edctvom workshopu..<\/p><p>\u00a0<\/p><p>Tento v\u00fdlet bol pre n\u00e1s v\u0161etk\u00fdch jedn\u00fdm zo z\u00e1\u017eitkov, na ktor\u00fd sa nezab\u00fada. Nau\u010dili sme sa zodpovednosti, organizovania harmonogramu v cudzej krajine s jazykovou bari\u00e9rou, ale zvl\u00e1dli sme to s odret\u00fdmi u\u0161ami. M\u0148a a \u010fal\u0161\u00edch \u00fa\u010dastn\u00edkov to ve\u013emi zbl\u00ed\u017eilo a \u00faplne sme na seba zmenili n\u00e1zor na\u0161ich jedine\u010dn\u00fdch osobnost\u00ed.<br \/>Ve\u013emi sme za t\u00fato pr\u00edle\u017eitos\u0165 v\u010fa\u010dn\u00ed a t\u00fdmto e\u0161te jedenkr\u00e1t \u010fakujem programu Erasmus+ za \u00fa\u017easn\u00fa pr\u00edle\u017eitos\u0165 a organiz\u00e1cii Youth for Equality za ich mentorovanie, koordin\u00e1ciu a podporu.<\/p><p>\u00a0<\/p><p>(Juraj, Jakub, Dano, Boris a\u00a0L\u00edvia)<\/p><p>\u00a0<\/p>\t\t\t\t\t\t\t\t<\/div>\n\t\t\t\t<\/div>\n\t\t\t\t\t<\/div>\n\t\t<\/div>\n\t\t\t\t\t<\/div>\n\t\t<\/section>\n\t\t\t\t<section class=\"elementor-section elementor-top-section elementor-element elementor-element-23a2ebe elementor-section-boxed elementor-section-height-default elementor-section-height-default\" data-id=\"23a2ebe\" data-element_type=\"section\" data-e-type=\"section\">\n\t\t\t\t\t\t<div class=\"elementor-container elementor-column-gap-default\">\n\t\t\t\t\t<div class=\"elementor-column elementor-col-100 elementor-top-column elementor-element elementor-element-ee127dc\" data-id=\"ee127dc\" data-element_type=\"column\" data-e-type=\"column\">\n\t\t\t<div class=\"elementor-widget-wrap elementor-element-populated\">\n\t\t\t\t\t\t<div class=\"elementor-element elementor-element-25c1464 elementor-widget elementor-widget-image\" data-id=\"25c1464\" data-element_type=\"widget\" data-e-type=\"widget\" data-widget_type=\"image.default\">\n\t\t\t\t<div class=\"elementor-widget-container\">\n\t\t\t\t\t\t\t\t\t\t\t\t\t\t\t<img fetchpriority=\"high\" decoding=\"async\" width=\"1024\" height=\"1024\" src=\"https:\/\/www.youthforequality.sk\/wp-content\/uploads\/2026\/03\/WhatsApp-Image-2025-10-31-at-19.42.21-1-1024x1024.jpeg\" class=\"attachment-large size-large wp-image-11124\" alt=\"\" srcset=\"https:\/\/www.youthforequality.sk\/wp-content\/uploads\/2026\/03\/WhatsApp-Image-2025-10-31-at-19.42.21-1-1024x1024.jpeg 1024w, https:\/\/www.youthforequality.sk\/wp-content\/uploads\/2026\/03\/WhatsApp-Image-2025-10-31-at-19.42.21-1-300x300.jpeg 300w, https:\/\/www.youthforequality.sk\/wp-content\/uploads\/2026\/03\/WhatsApp-Image-2025-10-31-at-19.42.21-1-150x150.jpeg 150w, https:\/\/www.youthforequality.sk\/wp-content\/uploads\/2026\/03\/WhatsApp-Image-2025-10-31-at-19.42.21-1-768x768.jpeg 768w, https:\/\/www.youthforequality.sk\/wp-content\/uploads\/2026\/03\/WhatsApp-Image-2025-10-31-at-19.42.21-1-1536x1536.jpeg 1536w, https:\/\/www.youthforequality.sk\/wp-content\/uploads\/2026\/03\/WhatsApp-Image-2025-10-31-at-19.42.21-1.jpeg 2048w\" sizes=\"(max-width: 1024px) 100vw, 1024px\" \/>\t\t\t\t\t\t\t\t\t\t\t\t\t\t\t<\/div>\n\t\t\t\t<\/div>\n\t\t\t\t<div class=\"elementor-element elementor-element-31b995f elementor-widget elementor-widget-image\" data-id=\"31b995f\" data-element_type=\"widget\" data-e-type=\"widget\" data-widget_type=\"image.default\">\n\t\t\t\t<div class=\"elementor-widget-container\">\n\t\t\t\t\t\t\t\t\t\t\t\t\t\t\t<img decoding=\"async\" width=\"768\" height=\"1024\" src=\"https:\/\/www.youthforequality.sk\/wp-content\/uploads\/2026\/03\/kjvfs-768x1024.jpg\" class=\"attachment-large size-large wp-image-11125\" alt=\"\" srcset=\"https:\/\/www.youthforequality.sk\/wp-content\/uploads\/2026\/03\/kjvfs-768x1024.jpg 768w, https:\/\/www.youthforequality.sk\/wp-content\/uploads\/2026\/03\/kjvfs-225x300.jpg 225w, https:\/\/www.youthforequality.sk\/wp-content\/uploads\/2026\/03\/kjvfs-1152x1536.jpg 1152w, https:\/\/www.youthforequality.sk\/wp-content\/uploads\/2026\/03\/kjvfs.jpg 1200w\" sizes=\"(max-width: 768px) 100vw, 768px\" \/>\t\t\t\t\t\t\t\t\t\t\t\t\t\t\t<\/div>\n\t\t\t\t<\/div>\n\t\t\t\t<div class=\"elementor-element elementor-element-6d5226e elementor-widget elementor-widget-image\" data-id=\"6d5226e\" data-element_type=\"widget\" data-e-type=\"widget\" data-widget_type=\"image.default\">\n\t\t\t\t<div class=\"elementor-widget-container\">\n\t\t\t\t\t\t\t\t\t\t\t\t\t\t\t<img decoding=\"async\" width=\"1024\" height=\"1024\" src=\"https:\/\/www.youthforequality.sk\/wp-content\/uploads\/2026\/03\/fgf-1024x1024.jpg\" class=\"attachment-large size-large wp-image-11126\" alt=\"\" srcset=\"https:\/\/www.youthforequality.sk\/wp-content\/uploads\/2026\/03\/fgf-1024x1024.jpg 1024w, https:\/\/www.youthforequality.sk\/wp-content\/uploads\/2026\/03\/fgf-300x300.jpg 300w, https:\/\/www.youthforequality.sk\/wp-content\/uploads\/2026\/03\/fgf-150x150.jpg 150w, https:\/\/www.youthforequality.sk\/wp-content\/uploads\/2026\/03\/fgf-768x768.jpg 768w, https:\/\/www.youthforequality.sk\/wp-content\/uploads\/2026\/03\/fgf.jpg 1224w\" sizes=\"(max-width: 1024px) 100vw, 1024px\" \/>\t\t\t\t\t\t\t\t\t\t\t\t\t\t\t<\/div>\n\t\t\t\t<\/div>\n\t\t\t\t\t<\/div>\n\t\t<\/div>\n\t\t\t\t\t<\/div>\n\t\t<\/section>\n\t\t\t\t<\/div>\n\t\t","protected":false},"excerpt":{"rendered":"<p>Od 30. okt\u00f3bra do 8. novembra som mohol v\u010faka programu Erasmus+ v projekte DiscoverEU spolu s mojimi spolu\u017eiakmi absolvova\u0165 n\u00e1v\u0161tevu piatich miest, z toho jedno v Slovinsku a \u0161tyri v Taliansku. Hovor\u00edm za v\u0161etk\u00fdch z\u00fa\u010dastnen\u00fdch, \u017ee na tento z\u00e1\u017eitok budeme skvelo spom\u00edna\u0165 a nikdy na\u0148 nezabudneme. Cie\u013e na\u0161ej cesty bolo ekol\u00f3gia a zelen\u00e9 cestovanie vlakom.&hellip;&nbsp;<a href=\"https:\/\/www.youthforequality.sk\/index.php\/2026\/03\/05\/inkluzvny-program-discovereu-2\/\" class=\"\" rel=\"bookmark\">\u010c\u00edta\u0165 viac &raquo;<span class=\"screen-reader-text\">Inkluz\u00edvny program DiscoverEU<\/span><\/a><\/p>\n","protected":false},"author":2,"featured_media":11146,"comment_status":"closed","ping_status":"open","sticky":false,"template":"","format":"standard","meta":{"_uf_show_specific_survey":0,"_uf_disable_surveys":false,"neve_meta_sidebar":"","neve_meta_container":"","neve_meta_enable_content_width":"off","neve_meta_content_width":70,"neve_meta_title_alignment":"","neve_meta_author_avatar":"","neve_post_elements_order":"","neve_meta_disable_header":"","neve_meta_disable_footer":"","neve_meta_disable_title":"","_themeisle_gutenberg_block_has_review":false,"footnotes":""},"categories":[3,49,52],"tags":[],"class_list":["post-11115","post","type-post","status-publish","format-standard","has-post-thumbnail","hentry","category-blog","category-predosle-discovereu","category-pripravujeme-discovereu"],"yoast_head":"<!-- This site is optimized with the Yoast SEO plugin v27.4 - https:\/\/yoast.com\/product\/yoast-seo-wordpress\/ -->\n<title>Inkluz\u00edvny program DiscoverEU |<\/title>\n<meta name=\"robots\" content=\"index, follow, max-snippet:-1, max-image-preview:large, max-video-preview:-1\" \/>\n<link rel=\"canonical\" href=\"https:\/\/www.youthforequality.sk\/index.php\/2026\/03\/05\/inkluzvny-program-discovereu-2\/\" \/>\n<meta property=\"og:locale\" content=\"sk_SK\" \/>\n<meta property=\"og:type\" content=\"article\" \/>\n<meta property=\"og:title\" content=\"Inkluz\u00edvny program DiscoverEU |\" \/>\n<meta property=\"og:description\" content=\"Od 30. okt\u00f3bra do 8. novembra som mohol v\u010faka programu Erasmus+ v projekte DiscoverEU spolu s mojimi spolu\u017eiakmi absolvova\u0165 n\u00e1v\u0161tevu piatich miest, z toho jedno v Slovinsku a \u0161tyri v Taliansku. Hovor\u00edm za v\u0161etk\u00fdch z\u00fa\u010dastnen\u00fdch, \u017ee na tento z\u00e1\u017eitok budeme skvelo spom\u00edna\u0165 a nikdy na\u0148 nezabudneme. Cie\u013e na\u0161ej cesty bolo ekol\u00f3gia a zelen\u00e9 cestovanie vlakom.&hellip;&nbsp;\u010c\u00edta\u0165 viac &raquo;Inkluz\u00edvny program DiscoverEU\" \/>\n<meta property=\"og:url\" content=\"https:\/\/www.youthforequality.sk\/index.php\/2026\/03\/05\/inkluzvny-program-discovereu-2\/\" \/>\n<meta property=\"article:publisher\" content=\"https:\/\/www.facebook.com\/yeslovakia\" \/>\n<meta property=\"article:published_time\" content=\"2026-03-05T14:25:47+00:00\" \/>\n<meta property=\"article:modified_time\" content=\"2026-03-27T12:13:28+00:00\" \/>\n<meta property=\"og:image\" content=\"https:\/\/www.youthforequality.sk\/wp-content\/uploads\/2026\/03\/hdimg94950d85b4d1cf3bd1e2c55f488f34.jpg\" \/>\n\t<meta property=\"og:image:width\" content=\"1920\" \/>\n\t<meta property=\"og:image:height\" content=\"1920\" \/>\n\t<meta property=\"og:image:type\" content=\"image\/jpeg\" \/>\n<meta name=\"author\" content=\"Diana Ja\u0161ekov\u00e1\" \/>\n<meta name=\"twitter:card\" content=\"summary_large_image\" \/>\n<meta name=\"twitter:label1\" content=\"Autor\" \/>\n\t<meta name=\"twitter:data1\" content=\"Diana Ja\u0161ekov\u00e1\" \/>\n\t<meta name=\"twitter:label2\" content=\"Predpokladan\u00fd \u010das \u010d\u00edtania\" \/>\n\t<meta name=\"twitter:data2\" content=\"3 min\u00faty\" \/>\n<script type=\"application\/ld+json\" class=\"yoast-schema-graph\">{\"@context\":\"https:\\\/\\\/schema.org\",\"@graph\":[{\"@type\":\"Article\",\"@id\":\"https:\\\/\\\/www.youthforequality.sk\\\/index.php\\\/2026\\\/03\\\/05\\\/inkluzvny-program-discovereu-2\\\/#article\",\"isPartOf\":{\"@id\":\"https:\\\/\\\/www.youthforequality.sk\\\/index.php\\\/2026\\\/03\\\/05\\\/inkluzvny-program-discovereu-2\\\/\"},\"author\":{\"name\":\"Diana Ja\u0161ekov\u00e1\",\"@id\":\"https:\\\/\\\/www.youthforequality.sk\\\/#\\\/schema\\\/person\\\/be8fe75a4ed9c28400bc99a029218b24\"},\"headline\":\"Inkluz\u00edvny program DiscoverEU\",\"datePublished\":\"2026-03-05T14:25:47+00:00\",\"dateModified\":\"2026-03-27T12:13:28+00:00\",\"mainEntityOfPage\":{\"@id\":\"https:\\\/\\\/www.youthforequality.sk\\\/index.php\\\/2026\\\/03\\\/05\\\/inkluzvny-program-discovereu-2\\\/\"},\"wordCount\":477,\"publisher\":{\"@id\":\"https:\\\/\\\/www.youthforequality.sk\\\/#organization\"},\"image\":{\"@id\":\"https:\\\/\\\/www.youthforequality.sk\\\/index.php\\\/2026\\\/03\\\/05\\\/inkluzvny-program-discovereu-2\\\/#primaryimage\"},\"thumbnailUrl\":\"https:\\\/\\\/www.youthforequality.sk\\\/wp-content\\\/uploads\\\/2026\\\/03\\\/hdimg94950d85b4d1cf3bd1e2c55f488f34.jpg\",\"articleSection\":[\"Blog\",\"Predo\u0161l\u00e9 DiscoverEU\",\"pripravujeme discoverEU\"],\"inLanguage\":\"sk-SK\"},{\"@type\":\"WebPage\",\"@id\":\"https:\\\/\\\/www.youthforequality.sk\\\/index.php\\\/2026\\\/03\\\/05\\\/inkluzvny-program-discovereu-2\\\/\",\"url\":\"https:\\\/\\\/www.youthforequality.sk\\\/index.php\\\/2026\\\/03\\\/05\\\/inkluzvny-program-discovereu-2\\\/\",\"name\":\"Inkluz\u00edvny program DiscoverEU |\",\"isPartOf\":{\"@id\":\"https:\\\/\\\/www.youthforequality.sk\\\/#website\"},\"primaryImageOfPage\":{\"@id\":\"https:\\\/\\\/www.youthforequality.sk\\\/index.php\\\/2026\\\/03\\\/05\\\/inkluzvny-program-discovereu-2\\\/#primaryimage\"},\"image\":{\"@id\":\"https:\\\/\\\/www.youthforequality.sk\\\/index.php\\\/2026\\\/03\\\/05\\\/inkluzvny-program-discovereu-2\\\/#primaryimage\"},\"thumbnailUrl\":\"https:\\\/\\\/www.youthforequality.sk\\\/wp-content\\\/uploads\\\/2026\\\/03\\\/hdimg94950d85b4d1cf3bd1e2c55f488f34.jpg\",\"datePublished\":\"2026-03-05T14:25:47+00:00\",\"dateModified\":\"2026-03-27T12:13:28+00:00\",\"breadcrumb\":{\"@id\":\"https:\\\/\\\/www.youthforequality.sk\\\/index.php\\\/2026\\\/03\\\/05\\\/inkluzvny-program-discovereu-2\\\/#breadcrumb\"},\"inLanguage\":\"sk-SK\",\"potentialAction\":[{\"@type\":\"ReadAction\",\"target\":[\"https:\\\/\\\/www.youthforequality.sk\\\/index.php\\\/2026\\\/03\\\/05\\\/inkluzvny-program-discovereu-2\\\/\"]}]},{\"@type\":\"ImageObject\",\"inLanguage\":\"sk-SK\",\"@id\":\"https:\\\/\\\/www.youthforequality.sk\\\/index.php\\\/2026\\\/03\\\/05\\\/inkluzvny-program-discovereu-2\\\/#primaryimage\",\"url\":\"https:\\\/\\\/www.youthforequality.sk\\\/wp-content\\\/uploads\\\/2026\\\/03\\\/hdimg94950d85b4d1cf3bd1e2c55f488f34.jpg\",\"contentUrl\":\"https:\\\/\\\/www.youthforequality.sk\\\/wp-content\\\/uploads\\\/2026\\\/03\\\/hdimg94950d85b4d1cf3bd1e2c55f488f34.jpg\",\"width\":1920,\"height\":1920},{\"@type\":\"BreadcrumbList\",\"@id\":\"https:\\\/\\\/www.youthforequality.sk\\\/index.php\\\/2026\\\/03\\\/05\\\/inkluzvny-program-discovereu-2\\\/#breadcrumb\",\"itemListElement\":[{\"@type\":\"ListItem\",\"position\":1,\"name\":\"Home\",\"item\":\"https:\\\/\\\/www.youthforequality.sk\\\/\"},{\"@type\":\"ListItem\",\"position\":2,\"name\":\"Inkluz\u00edvny program DiscoverEU\"}]},{\"@type\":\"WebSite\",\"@id\":\"https:\\\/\\\/www.youthforequality.sk\\\/#website\",\"url\":\"https:\\\/\\\/www.youthforequality.sk\\\/\",\"name\":\"\",\"description\":\"\",\"publisher\":{\"@id\":\"https:\\\/\\\/www.youthforequality.sk\\\/#organization\"},\"potentialAction\":[{\"@type\":\"SearchAction\",\"target\":{\"@type\":\"EntryPoint\",\"urlTemplate\":\"https:\\\/\\\/www.youthforequality.sk\\\/?s={search_term_string}\"},\"query-input\":{\"@type\":\"PropertyValueSpecification\",\"valueRequired\":true,\"valueName\":\"search_term_string\"}}],\"inLanguage\":\"sk-SK\"},{\"@type\":\"Organization\",\"@id\":\"https:\\\/\\\/www.youthforequality.sk\\\/#organization\",\"name\":\"Youth for Equality\",\"url\":\"https:\\\/\\\/www.youthforequality.sk\\\/\",\"logo\":{\"@type\":\"ImageObject\",\"inLanguage\":\"sk-SK\",\"@id\":\"https:\\\/\\\/www.youthforequality.sk\\\/#\\\/schema\\\/logo\\\/image\\\/\",\"url\":\"https:\\\/\\\/www.youthforequality.sk\\\/wp-content\\\/uploads\\\/2021\\\/01\\\/vynovene-logo-nove-farby_modra-na-web.png\",\"contentUrl\":\"https:\\\/\\\/www.youthforequality.sk\\\/wp-content\\\/uploads\\\/2021\\\/01\\\/vynovene-logo-nove-farby_modra-na-web.png\",\"width\":1,\"height\":1,\"caption\":\"Youth for Equality\"},\"image\":{\"@id\":\"https:\\\/\\\/www.youthforequality.sk\\\/#\\\/schema\\\/logo\\\/image\\\/\"},\"sameAs\":[\"https:\\\/\\\/www.facebook.com\\\/yeslovakia\"]},{\"@type\":\"Person\",\"@id\":\"https:\\\/\\\/www.youthforequality.sk\\\/#\\\/schema\\\/person\\\/be8fe75a4ed9c28400bc99a029218b24\",\"name\":\"Diana Ja\u0161ekov\u00e1\",\"image\":{\"@type\":\"ImageObject\",\"inLanguage\":\"sk-SK\",\"@id\":\"https:\\\/\\\/secure.gravatar.com\\\/avatar\\\/8c7454049523c9673804cf321f89b38fd4fcd5aa5ad8961f32caaf292dfd996f?s=96&d=mm&r=g\",\"url\":\"https:\\\/\\\/secure.gravatar.com\\\/avatar\\\/8c7454049523c9673804cf321f89b38fd4fcd5aa5ad8961f32caaf292dfd996f?s=96&d=mm&r=g\",\"contentUrl\":\"https:\\\/\\\/secure.gravatar.com\\\/avatar\\\/8c7454049523c9673804cf321f89b38fd4fcd5aa5ad8961f32caaf292dfd996f?s=96&d=mm&r=g\",\"caption\":\"Diana Ja\u0161ekov\u00e1\"},\"url\":\"https:\\\/\\\/www.youthforequality.sk\\\/index.php\\\/author\\\/diajas\\\/\"}]}<\/script>\n<!-- \/ Yoast SEO plugin. -->","yoast_head_json":{"title":"Inkluz\u00edvny program DiscoverEU |","robots":{"index":"index","follow":"follow","max-snippet":"max-snippet:-1","max-image-preview":"max-image-preview:large","max-video-preview":"max-video-preview:-1"},"canonical":"https:\/\/www.youthforequality.sk\/index.php\/2026\/03\/05\/inkluzvny-program-discovereu-2\/","og_locale":"sk_SK","og_type":"article","og_title":"Inkluz\u00edvny program DiscoverEU |","og_description":"Od 30. okt\u00f3bra do 8. novembra som mohol v\u010faka programu Erasmus+ v projekte DiscoverEU spolu s mojimi spolu\u017eiakmi absolvova\u0165 n\u00e1v\u0161tevu piatich miest, z toho jedno v Slovinsku a \u0161tyri v Taliansku. Hovor\u00edm za v\u0161etk\u00fdch z\u00fa\u010dastnen\u00fdch, \u017ee na tento z\u00e1\u017eitok budeme skvelo spom\u00edna\u0165 a nikdy na\u0148 nezabudneme. Cie\u013e na\u0161ej cesty bolo ekol\u00f3gia a zelen\u00e9 cestovanie vlakom.&hellip;&nbsp;\u010c\u00edta\u0165 viac &raquo;Inkluz\u00edvny program DiscoverEU","og_url":"https:\/\/www.youthforequality.sk\/index.php\/2026\/03\/05\/inkluzvny-program-discovereu-2\/","article_publisher":"https:\/\/www.facebook.com\/yeslovakia","article_published_time":"2026-03-05T14:25:47+00:00","article_modified_time":"2026-03-27T12:13:28+00:00","og_image":[{"width":1920,"height":1920,"url":"https:\/\/www.youthforequality.sk\/wp-content\/uploads\/2026\/03\/hdimg94950d85b4d1cf3bd1e2c55f488f34.jpg","type":"image\/jpeg"}],"author":"Diana Ja\u0161ekov\u00e1","twitter_card":"summary_large_image","twitter_misc":{"Autor":"Diana Ja\u0161ekov\u00e1","Predpokladan\u00fd \u010das \u010d\u00edtania":"3 min\u00faty"},"schema":{"@context":"https:\/\/schema.org","@graph":[{"@type":"Article","@id":"https:\/\/www.youthforequality.sk\/index.php\/2026\/03\/05\/inkluzvny-program-discovereu-2\/#article","isPartOf":{"@id":"https:\/\/www.youthforequality.sk\/index.php\/2026\/03\/05\/inkluzvny-program-discovereu-2\/"},"author":{"name":"Diana Ja\u0161ekov\u00e1","@id":"https:\/\/www.youthforequality.sk\/#\/schema\/person\/be8fe75a4ed9c28400bc99a029218b24"},"headline":"Inkluz\u00edvny program DiscoverEU","datePublished":"2026-03-05T14:25:47+00:00","dateModified":"2026-03-27T12:13:28+00:00","mainEntityOfPage":{"@id":"https:\/\/www.youthforequality.sk\/index.php\/2026\/03\/05\/inkluzvny-program-discovereu-2\/"},"wordCount":477,"publisher":{"@id":"https:\/\/www.youthforequality.sk\/#organization"},"image":{"@id":"https:\/\/www.youthforequality.sk\/index.php\/2026\/03\/05\/inkluzvny-program-discovereu-2\/#primaryimage"},"thumbnailUrl":"https:\/\/www.youthforequality.sk\/wp-content\/uploads\/2026\/03\/hdimg94950d85b4d1cf3bd1e2c55f488f34.jpg","articleSection":["Blog","Predo\u0161l\u00e9 DiscoverEU","pripravujeme discoverEU"],"inLanguage":"sk-SK"},{"@type":"WebPage","@id":"https:\/\/www.youthforequality.sk\/index.php\/2026\/03\/05\/inkluzvny-program-discovereu-2\/","url":"https:\/\/www.youthforequality.sk\/index.php\/2026\/03\/05\/inkluzvny-program-discovereu-2\/","name":"Inkluz\u00edvny program DiscoverEU |","isPartOf":{"@id":"https:\/\/www.youthforequality.sk\/#website"},"primaryImageOfPage":{"@id":"https:\/\/www.youthforequality.sk\/index.php\/2026\/03\/05\/inkluzvny-program-discovereu-2\/#primaryimage"},"image":{"@id":"https:\/\/www.youthforequality.sk\/index.php\/2026\/03\/05\/inkluzvny-program-discovereu-2\/#primaryimage"},"thumbnailUrl":"https:\/\/www.youthforequality.sk\/wp-content\/uploads\/2026\/03\/hdimg94950d85b4d1cf3bd1e2c55f488f34.jpg","datePublished":"2026-03-05T14:25:47+00:00","dateModified":"2026-03-27T12:13:28+00:00","breadcrumb":{"@id":"https:\/\/www.youthforequality.sk\/index.php\/2026\/03\/05\/inkluzvny-program-discovereu-2\/#breadcrumb"},"inLanguage":"sk-SK","potentialAction":[{"@type":"ReadAction","target":["https:\/\/www.youthforequality.sk\/index.php\/2026\/03\/05\/inkluzvny-program-discovereu-2\/"]}]},{"@type":"ImageObject","inLanguage":"sk-SK","@id":"https:\/\/www.youthforequality.sk\/index.php\/2026\/03\/05\/inkluzvny-program-discovereu-2\/#primaryimage","url":"https:\/\/www.youthforequality.sk\/wp-content\/uploads\/2026\/03\/hdimg94950d85b4d1cf3bd1e2c55f488f34.jpg","contentUrl":"https:\/\/www.youthforequality.sk\/wp-content\/uploads\/2026\/03\/hdimg94950d85b4d1cf3bd1e2c55f488f34.jpg","width":1920,"height":1920},{"@type":"BreadcrumbList","@id":"https:\/\/www.youthforequality.sk\/index.php\/2026\/03\/05\/inkluzvny-program-discovereu-2\/#breadcrumb","itemListElement":[{"@type":"ListItem","position":1,"name":"Home","item":"https:\/\/www.youthforequality.sk\/"},{"@type":"ListItem","position":2,"name":"Inkluz\u00edvny program DiscoverEU"}]},{"@type":"WebSite","@id":"https:\/\/www.youthforequality.sk\/#website","url":"https:\/\/www.youthforequality.sk\/","name":"","description":"","publisher":{"@id":"https:\/\/www.youthforequality.sk\/#organization"},"potentialAction":[{"@type":"SearchAction","target":{"@type":"EntryPoint","urlTemplate":"https:\/\/www.youthforequality.sk\/?s={search_term_string}"},"query-input":{"@type":"PropertyValueSpecification","valueRequired":true,"valueName":"search_term_string"}}],"inLanguage":"sk-SK"},{"@type":"Organization","@id":"https:\/\/www.youthforequality.sk\/#organization","name":"Youth for Equality","url":"https:\/\/www.youthforequality.sk\/","logo":{"@type":"ImageObject","inLanguage":"sk-SK","@id":"https:\/\/www.youthforequality.sk\/#\/schema\/logo\/image\/","url":"https:\/\/www.youthforequality.sk\/wp-content\/uploads\/2021\/01\/vynovene-logo-nove-farby_modra-na-web.png","contentUrl":"https:\/\/www.youthforequality.sk\/wp-content\/uploads\/2021\/01\/vynovene-logo-nove-farby_modra-na-web.png","width":1,"height":1,"caption":"Youth for Equality"},"image":{"@id":"https:\/\/www.youthforequality.sk\/#\/schema\/logo\/image\/"},"sameAs":["https:\/\/www.facebook.com\/yeslovakia"]},{"@type":"Person","@id":"https:\/\/www.youthforequality.sk\/#\/schema\/person\/be8fe75a4ed9c28400bc99a029218b24","name":"Diana Ja\u0161ekov\u00e1","image":{"@type":"ImageObject","inLanguage":"sk-SK","@id":"https:\/\/secure.gravatar.com\/avatar\/8c7454049523c9673804cf321f89b38fd4fcd5aa5ad8961f32caaf292dfd996f?s=96&d=mm&r=g","url":"https:\/\/secure.gravatar.com\/avatar\/8c7454049523c9673804cf321f89b38fd4fcd5aa5ad8961f32caaf292dfd996f?s=96&d=mm&r=g","contentUrl":"https:\/\/secure.gravatar.com\/avatar\/8c7454049523c9673804cf321f89b38fd4fcd5aa5ad8961f32caaf292dfd996f?s=96&d=mm&r=g","caption":"Diana Ja\u0161ekov\u00e1"},"url":"https:\/\/www.youthforequality.sk\/index.php\/author\/diajas\/"}]}},"_links":{"self":[{"href":"https:\/\/www.youthforequality.sk\/index.php\/wp-json\/wp\/v2\/posts\/11115","targetHints":{"allow":["GET"]}}],"collection":[{"href":"https:\/\/www.youthforequality.sk\/index.php\/wp-json\/wp\/v2\/posts"}],"about":[{"href":"https:\/\/www.youthforequality.sk\/index.php\/wp-json\/wp\/v2\/types\/post"}],"author":[{"embeddable":true,"href":"https:\/\/www.youthforequality.sk\/index.php\/wp-json\/wp\/v2\/users\/2"}],"replies":[{"embeddable":true,"href":"https:\/\/www.youthforequality.sk\/index.php\/wp-json\/wp\/v2\/comments?post=11115"}],"version-history":[{"count":10,"href":"https:\/\/www.youthforequality.sk\/index.php\/wp-json\/wp\/v2\/posts\/11115\/revisions"}],"predecessor-version":[{"id":11147,"href":"https:\/\/www.youthforequality.sk\/index.php\/wp-json\/wp\/v2\/posts\/11115\/revisions\/11147"}],"wp:featuredmedia":[{"embeddable":true,"href":"https:\/\/www.youthforequality.sk\/index.php\/wp-json\/wp\/v2\/media\/11146"}],"wp:attachment":[{"href":"https:\/\/www.youthforequality.sk\/index.php\/wp-json\/wp\/v2\/media?parent=11115"}],"wp:term":[{"taxonomy":"category","embeddable":true,"href":"https:\/\/www.youthforequality.sk\/index.php\/wp-json\/wp\/v2\/categories?post=11115"},{"taxonomy":"post_tag","embeddable":true,"href":"https:\/\/www.youthforequality.sk\/index.php\/wp-json\/wp\/v2\/tags?post=11115"}],"curies":[{"name":"wp","href":"https:\/\/api.w.org\/{rel}","templated":true}]}}