{"id":11122,"date":"2026-03-04T15:33:14","date_gmt":"2026-03-04T14:33:14","guid":{"rendered":"https:\/\/www.youthforequality.sk\/?p=11122"},"modified":"2026-03-27T13:12:57","modified_gmt":"2026-03-27T12:12:57","slug":"inkluzvny-program-discovereu","status":"publish","type":"post","link":"https:\/\/www.youthforequality.sk\/index.php\/2026\/03\/04\/inkluzvny-program-discovereu\/","title":{"rendered":"Inkluz\u00edvny program DiscoverEU"},"content":{"rendered":"\t\t<div data-elementor-type=\"wp-post\" data-elementor-id=\"11122\" class=\"elementor elementor-11122\">\n\t\t\t\t\t\t<section class=\"elementor-section elementor-top-section elementor-element elementor-element-af69628 elementor-section-boxed elementor-section-height-default elementor-section-height-default\" data-id=\"af69628\" data-element_type=\"section\" data-e-type=\"section\">\n\t\t\t\t\t\t<div class=\"elementor-container elementor-column-gap-default\">\n\t\t\t\t\t<div class=\"elementor-column elementor-col-100 elementor-top-column elementor-element elementor-element-b755780\" data-id=\"b755780\" data-element_type=\"column\" data-e-type=\"column\">\n\t\t\t<div class=\"elementor-widget-wrap elementor-element-populated\">\n\t\t\t\t\t\t<div class=\"elementor-element elementor-element-973ef99 elementor-widget elementor-widget-text-editor\" data-id=\"973ef99\" data-element_type=\"widget\" data-e-type=\"widget\" data-widget_type=\"text-editor.default\">\n\t\t\t\t<div class=\"elementor-widget-container\">\n\t\t\t\t\t\t\t\t\t<p>V\u010faka podpore Eur\u00f3pskej \u00fanie cez program Erasmus+ a projektu DiscoverEU sme sa v novembri 2025 spolu ( jeden l\u00edder a p\u00e4\u0165 \u00fa\u010dastn\u00edkov) vydali na nezabudnute\u013en\u00fa cestu po Eur\u00f3pe so zameran\u00edm na ekologick\u00e9 t\u00e9my.<\/p><p>\u00a0<\/p><p>Na\u0161a prv\u00e1 zast\u00e1vka boli Dr\u00e1\u017e\u010fany, kde sme obdivovali Frauenkirche, Zwinger, Semperovu operu a pre\u0161li sa po Br\u00fchlskej terase. Ekologick\u00e1 \u010das\u0165 programu zah\u0155\u0148ala Flood Educational Trail, kde sme sa dozvedeli, ako sa mesto chr\u00e1ni pred povod\u0148ami a ak\u00e9 opatrenia s\u00fa d\u00f4le\u017eit\u00e9 pri klimatick\u00fdch zmen\u00e1ch. Nav\u0161t\u00edvili sme aj Panometer, kde bola fascinuj\u00faca v\u00fdstava o Amazonskom pralese \u2013 pochopili sme v\u00fdznam biodiverzity a dopad odles\u0148ovania na glob\u00e1lnu kl\u00edmu.<\/p><p>\u00a0<\/p><p>\u010eal\u0161ia zast\u00e1vka bola v Dortmunde, kde sme si prezreli Westfalenpark a historick\u00e9 centrum mesta. Ekologick\u00e1 t\u00e9ma n\u00e1s zaviedla do b\u00fdvalej uho\u013enej bane, ktor\u00e1 dnes sl\u00fa\u017ei ako m\u00fazeum \u2013\u00a0 z\u00edskali sme poh\u013ead na transform\u00e1ciu priemyseln\u00fdch oblast\u00ed na kult\u00farne a vzdel\u00e1vacie centr\u00e1. Nav\u0161t\u00edvili sme aj Museum f\u00fcr Kunst und Kulturgeschichte, \u010do roz\u0161\u00edrilo na\u0161e kult\u00farne obzory.<\/p><p>\u00a0<\/p><p>Potom sme sa presunuli do Bruselu, kde sme obdivovali Grand Place, Atomium a historick\u00e9 uli\u010dky mesta. Nav\u0161t\u00edvili sme Parlamentarium, kde sme pochopili v\u00fdznam Eur\u00f3pskej \u00fanie pri tvorbe ekologick\u00fdch polit\u00edk a ochrane \u017eivotn\u00e9ho prostredia.<\/p><p>\u00a0<\/p><p>\u010eal\u0161\u00edm zauj\u00edmav\u00fdm miestom bola La Ferme du Parc Maximilien \u2013 mestsk\u00e1 farma, ktor\u00e1 ukazuje, ako mo\u017eno udr\u017eate\u013ene hospod\u00e1ri\u0165 aj v srdci ve\u013ekomesta. V Luxemburgu sme si pre\u0161li malebn\u00e9 centrum mesta a nav\u0161t\u00edvili National Museum of Natural History, kde sme z\u00edskali poznatky o pr\u00edrodn\u00fdch ekosyst\u00e9moch a ochrane ohrozen\u00fdch druhov.<\/p><p>\u00a0<\/p><p>Posledn\u00e1 zast\u00e1vka n\u00e1\u0161ho v\u00fdletu bol Norimberg, kde sme obdivovali historick\u00e9 centrum, Norimbersk\u00fd hrad a\u00a0\u010fal\u0161ie pamiatky. Tento z\u00e1ver cesty bol spojen\u00fd s\u00a0diskusiou o\u00a0udr\u017eate\u013enom turizme a\u00a0jeho v\u00fdzname pre\u00a0mest\u00e1 s\u00a0bohatou hist\u00f3riou.<\/p><p>\u00a0<\/p><p>Celkov\u00e1 vzdialenos\u0165, ktor\u00fa sme precestovali, bola pribli\u017ene 2 400 kilometrov. \u010eakujeme organiz\u00e1cii Youth for Equality, ktor\u00e1 n\u00e1s spr\u00e9v\u00e1dzala touto \u00fa\u017easnou cesstovate\u013eskou a vzdel\u00e1vacou cestou. Bez ich podpory by sme nemohli za\u017ei\u0165 tak in\u0161pirat\u00edvnu cestu pln\u00fa nov\u00fdch poznatkov, kult\u00fary a ekologick\u00fdch t\u00e9m.<\/p>\t\t\t\t\t\t\t\t<\/div>\n\t\t\t\t<\/div>\n\t\t\t\t\t<\/div>\n\t\t<\/div>\n\t\t\t\t\t<\/div>\n\t\t<\/section>\n\t\t\t\t<section class=\"elementor-section elementor-top-section elementor-element elementor-element-1cf9e27 elementor-section-boxed elementor-section-height-default elementor-section-height-default\" data-id=\"1cf9e27\" data-element_type=\"section\" data-e-type=\"section\">\n\t\t\t\t\t\t<div class=\"elementor-container elementor-column-gap-default\">\n\t\t\t\t\t<div class=\"elementor-column elementor-col-100 elementor-top-column elementor-element elementor-element-2fcda4c\" data-id=\"2fcda4c\" data-element_type=\"column\" data-e-type=\"column\">\n\t\t\t<div class=\"elementor-widget-wrap elementor-element-populated\">\n\t\t\t\t\t\t<div class=\"elementor-element elementor-element-f886da8 elementor-widget elementor-widget-image\" data-id=\"f886da8\" data-element_type=\"widget\" data-e-type=\"widget\" data-widget_type=\"image.default\">\n\t\t\t\t<div class=\"elementor-widget-container\">\n\t\t\t\t\t\t\t\t\t\t\t\t\t\t\t<img fetchpriority=\"high\" decoding=\"async\" width=\"1024\" height=\"769\" src=\"https:\/\/www.youthforequality.sk\/wp-content\/uploads\/2026\/03\/WhatsApp-Image-2025-11-20-at-07.44.50-1024x769.jpeg\" class=\"attachment-large size-large wp-image-11116\" alt=\"\" srcset=\"https:\/\/www.youthforequality.sk\/wp-content\/uploads\/2026\/03\/WhatsApp-Image-2025-11-20-at-07.44.50-1024x769.jpeg 1024w, https:\/\/www.youthforequality.sk\/wp-content\/uploads\/2026\/03\/WhatsApp-Image-2025-11-20-at-07.44.50-300x225.jpeg 300w, https:\/\/www.youthforequality.sk\/wp-content\/uploads\/2026\/03\/WhatsApp-Image-2025-11-20-at-07.44.50-768x576.jpeg 768w, https:\/\/www.youthforequality.sk\/wp-content\/uploads\/2026\/03\/WhatsApp-Image-2025-11-20-at-07.44.50-1536x1153.jpeg 1536w, https:\/\/www.youthforequality.sk\/wp-content\/uploads\/2026\/03\/WhatsApp-Image-2025-11-20-at-07.44.50.jpeg 2048w\" sizes=\"(max-width: 1024px) 100vw, 1024px\" \/>\t\t\t\t\t\t\t\t\t\t\t\t\t\t\t<\/div>\n\t\t\t\t<\/div>\n\t\t\t\t<div class=\"elementor-element elementor-element-276ea1e elementor-widget elementor-widget-image\" data-id=\"276ea1e\" data-element_type=\"widget\" data-e-type=\"widget\" data-widget_type=\"image.default\">\n\t\t\t\t<div class=\"elementor-widget-container\">\n\t\t\t\t\t\t\t\t\t\t\t\t\t\t\t<img decoding=\"async\" width=\"1024\" height=\"769\" src=\"https:\/\/www.youthforequality.sk\/wp-content\/uploads\/2026\/03\/WhatsApp-Image-2025-11-20-at-07.44.51-1024x769.jpeg\" class=\"attachment-large size-large wp-image-11117\" alt=\"\" srcset=\"https:\/\/www.youthforequality.sk\/wp-content\/uploads\/2026\/03\/WhatsApp-Image-2025-11-20-at-07.44.51-1024x769.jpeg 1024w, https:\/\/www.youthforequality.sk\/wp-content\/uploads\/2026\/03\/WhatsApp-Image-2025-11-20-at-07.44.51-300x225.jpeg 300w, https:\/\/www.youthforequality.sk\/wp-content\/uploads\/2026\/03\/WhatsApp-Image-2025-11-20-at-07.44.51-768x576.jpeg 768w, https:\/\/www.youthforequality.sk\/wp-content\/uploads\/2026\/03\/WhatsApp-Image-2025-11-20-at-07.44.51-1536x1153.jpeg 1536w, https:\/\/www.youthforequality.sk\/wp-content\/uploads\/2026\/03\/WhatsApp-Image-2025-11-20-at-07.44.51.jpeg 2048w\" sizes=\"(max-width: 1024px) 100vw, 1024px\" \/>\t\t\t\t\t\t\t\t\t\t\t\t\t\t\t<\/div>\n\t\t\t\t<\/div>\n\t\t\t\t\t<\/div>\n\t\t<\/div>\n\t\t\t\t\t<\/div>\n\t\t<\/section>\n\t\t\t\t<\/div>\n\t\t","protected":false},"excerpt":{"rendered":"<p>V\u010faka podpore Eur\u00f3pskej \u00fanie cez program Erasmus+ a projektu DiscoverEU sme sa v novembri 2025 spolu ( jeden l\u00edder a p\u00e4\u0165 \u00fa\u010dastn\u00edkov) vydali na nezabudnute\u013en\u00fa cestu po Eur\u00f3pe so zameran\u00edm na ekologick\u00e9 t\u00e9my. Na\u0161a prv\u00e1 zast\u00e1vka boli Dr\u00e1\u017e\u010fany, kde sme obdivovali Frauenkirche, Zwinger, Semperovu operu a pre\u0161li sa po Br\u00fchlskej terase. Ekologick\u00e1 \u010das\u0165 programu zah\u0155\u0148ala&hellip;&nbsp;<a href=\"https:\/\/www.youthforequality.sk\/index.php\/2026\/03\/04\/inkluzvny-program-discovereu\/\" class=\"\" rel=\"bookmark\">\u010c\u00edta\u0165 viac &raquo;<span class=\"screen-reader-text\">Inkluz\u00edvny program DiscoverEU<\/span><\/a><\/p>\n","protected":false},"author":2,"featured_media":11148,"comment_status":"closed","ping_status":"open","sticky":false,"template":"","format":"standard","meta":{"_uf_show_specific_survey":0,"_uf_disable_surveys":false,"neve_meta_sidebar":"","neve_meta_container":"","neve_meta_enable_content_width":"off","neve_meta_content_width":70,"neve_meta_title_alignment":"","neve_meta_author_avatar":"","neve_post_elements_order":"","neve_meta_disable_header":"","neve_meta_disable_footer":"","neve_meta_disable_title":"","_themeisle_gutenberg_block_has_review":false,"footnotes":""},"categories":[3,49,52],"tags":[],"class_list":["post-11122","post","type-post","status-publish","format-standard","has-post-thumbnail","hentry","category-blog","category-predosle-discovereu","category-pripravujeme-discovereu"],"yoast_head":"<!-- This site is optimized with the Yoast SEO plugin v27.4 - https:\/\/yoast.com\/product\/yoast-seo-wordpress\/ -->\n<title>Inkluz\u00edvny program DiscoverEU |<\/title>\n<meta name=\"robots\" content=\"index, follow, max-snippet:-1, max-image-preview:large, max-video-preview:-1\" \/>\n<link rel=\"canonical\" href=\"https:\/\/www.youthforequality.sk\/index.php\/2026\/03\/04\/inkluzvny-program-discovereu\/\" \/>\n<meta property=\"og:locale\" content=\"sk_SK\" \/>\n<meta property=\"og:type\" content=\"article\" \/>\n<meta property=\"og:title\" content=\"Inkluz\u00edvny program DiscoverEU |\" \/>\n<meta property=\"og:description\" content=\"V\u010faka podpore Eur\u00f3pskej \u00fanie cez program Erasmus+ a projektu DiscoverEU sme sa v novembri 2025 spolu ( jeden l\u00edder a p\u00e4\u0165 \u00fa\u010dastn\u00edkov) vydali na nezabudnute\u013en\u00fa cestu po Eur\u00f3pe so zameran\u00edm na ekologick\u00e9 t\u00e9my. Na\u0161a prv\u00e1 zast\u00e1vka boli Dr\u00e1\u017e\u010fany, kde sme obdivovali Frauenkirche, Zwinger, Semperovu operu a pre\u0161li sa po Br\u00fchlskej terase. Ekologick\u00e1 \u010das\u0165 programu zah\u0155\u0148ala&hellip;&nbsp;\u010c\u00edta\u0165 viac &raquo;Inkluz\u00edvny program DiscoverEU\" \/>\n<meta property=\"og:url\" content=\"https:\/\/www.youthforequality.sk\/index.php\/2026\/03\/04\/inkluzvny-program-discovereu\/\" \/>\n<meta property=\"article:publisher\" content=\"https:\/\/www.facebook.com\/yeslovakia\" \/>\n<meta property=\"article:published_time\" content=\"2026-03-04T14:33:14+00:00\" \/>\n<meta property=\"article:modified_time\" content=\"2026-03-27T12:12:57+00:00\" \/>\n<meta property=\"og:image\" content=\"https:\/\/www.youthforequality.sk\/wp-content\/uploads\/2026\/03\/WhatsApp-Image-2025-11-24-at-07.56.28-1.jpeg\" \/>\n\t<meta property=\"og:image:width\" content=\"1600\" \/>\n\t<meta property=\"og:image:height\" content=\"1200\" \/>\n\t<meta property=\"og:image:type\" content=\"image\/jpeg\" \/>\n<meta name=\"author\" content=\"Diana Ja\u0161ekov\u00e1\" \/>\n<meta name=\"twitter:card\" content=\"summary_large_image\" \/>\n<meta name=\"twitter:label1\" content=\"Autor\" \/>\n\t<meta name=\"twitter:data1\" content=\"Diana Ja\u0161ekov\u00e1\" \/>\n\t<meta name=\"twitter:label2\" content=\"Predpokladan\u00fd \u010das \u010d\u00edtania\" \/>\n\t<meta name=\"twitter:data2\" content=\"3 min\u00faty\" \/>\n<script type=\"application\/ld+json\" class=\"yoast-schema-graph\">{\"@context\":\"https:\\\/\\\/schema.org\",\"@graph\":[{\"@type\":\"Article\",\"@id\":\"https:\\\/\\\/www.youthforequality.sk\\\/index.php\\\/2026\\\/03\\\/04\\\/inkluzvny-program-discovereu\\\/#article\",\"isPartOf\":{\"@id\":\"https:\\\/\\\/www.youthforequality.sk\\\/index.php\\\/2026\\\/03\\\/04\\\/inkluzvny-program-discovereu\\\/\"},\"author\":{\"name\":\"Diana Ja\u0161ekov\u00e1\",\"@id\":\"https:\\\/\\\/www.youthforequality.sk\\\/#\\\/schema\\\/person\\\/be8fe75a4ed9c28400bc99a029218b24\"},\"headline\":\"Inkluz\u00edvny program DiscoverEU\",\"datePublished\":\"2026-03-04T14:33:14+00:00\",\"dateModified\":\"2026-03-27T12:12:57+00:00\",\"mainEntityOfPage\":{\"@id\":\"https:\\\/\\\/www.youthforequality.sk\\\/index.php\\\/2026\\\/03\\\/04\\\/inkluzvny-program-discovereu\\\/\"},\"wordCount\":399,\"publisher\":{\"@id\":\"https:\\\/\\\/www.youthforequality.sk\\\/#organization\"},\"image\":{\"@id\":\"https:\\\/\\\/www.youthforequality.sk\\\/index.php\\\/2026\\\/03\\\/04\\\/inkluzvny-program-discovereu\\\/#primaryimage\"},\"thumbnailUrl\":\"https:\\\/\\\/www.youthforequality.sk\\\/wp-content\\\/uploads\\\/2026\\\/03\\\/WhatsApp-Image-2025-11-24-at-07.56.28-1.jpeg\",\"articleSection\":[\"Blog\",\"Predo\u0161l\u00e9 DiscoverEU\",\"pripravujeme discoverEU\"],\"inLanguage\":\"sk-SK\"},{\"@type\":\"WebPage\",\"@id\":\"https:\\\/\\\/www.youthforequality.sk\\\/index.php\\\/2026\\\/03\\\/04\\\/inkluzvny-program-discovereu\\\/\",\"url\":\"https:\\\/\\\/www.youthforequality.sk\\\/index.php\\\/2026\\\/03\\\/04\\\/inkluzvny-program-discovereu\\\/\",\"name\":\"Inkluz\u00edvny program DiscoverEU |\",\"isPartOf\":{\"@id\":\"https:\\\/\\\/www.youthforequality.sk\\\/#website\"},\"primaryImageOfPage\":{\"@id\":\"https:\\\/\\\/www.youthforequality.sk\\\/index.php\\\/2026\\\/03\\\/04\\\/inkluzvny-program-discovereu\\\/#primaryimage\"},\"image\":{\"@id\":\"https:\\\/\\\/www.youthforequality.sk\\\/index.php\\\/2026\\\/03\\\/04\\\/inkluzvny-program-discovereu\\\/#primaryimage\"},\"thumbnailUrl\":\"https:\\\/\\\/www.youthforequality.sk\\\/wp-content\\\/uploads\\\/2026\\\/03\\\/WhatsApp-Image-2025-11-24-at-07.56.28-1.jpeg\",\"datePublished\":\"2026-03-04T14:33:14+00:00\",\"dateModified\":\"2026-03-27T12:12:57+00:00\",\"breadcrumb\":{\"@id\":\"https:\\\/\\\/www.youthforequality.sk\\\/index.php\\\/2026\\\/03\\\/04\\\/inkluzvny-program-discovereu\\\/#breadcrumb\"},\"inLanguage\":\"sk-SK\",\"potentialAction\":[{\"@type\":\"ReadAction\",\"target\":[\"https:\\\/\\\/www.youthforequality.sk\\\/index.php\\\/2026\\\/03\\\/04\\\/inkluzvny-program-discovereu\\\/\"]}]},{\"@type\":\"ImageObject\",\"inLanguage\":\"sk-SK\",\"@id\":\"https:\\\/\\\/www.youthforequality.sk\\\/index.php\\\/2026\\\/03\\\/04\\\/inkluzvny-program-discovereu\\\/#primaryimage\",\"url\":\"https:\\\/\\\/www.youthforequality.sk\\\/wp-content\\\/uploads\\\/2026\\\/03\\\/WhatsApp-Image-2025-11-24-at-07.56.28-1.jpeg\",\"contentUrl\":\"https:\\\/\\\/www.youthforequality.sk\\\/wp-content\\\/uploads\\\/2026\\\/03\\\/WhatsApp-Image-2025-11-24-at-07.56.28-1.jpeg\",\"width\":1600,\"height\":1200},{\"@type\":\"BreadcrumbList\",\"@id\":\"https:\\\/\\\/www.youthforequality.sk\\\/index.php\\\/2026\\\/03\\\/04\\\/inkluzvny-program-discovereu\\\/#breadcrumb\",\"itemListElement\":[{\"@type\":\"ListItem\",\"position\":1,\"name\":\"Home\",\"item\":\"https:\\\/\\\/www.youthforequality.sk\\\/\"},{\"@type\":\"ListItem\",\"position\":2,\"name\":\"Inkluz\u00edvny program DiscoverEU\"}]},{\"@type\":\"WebSite\",\"@id\":\"https:\\\/\\\/www.youthforequality.sk\\\/#website\",\"url\":\"https:\\\/\\\/www.youthforequality.sk\\\/\",\"name\":\"\",\"description\":\"\",\"publisher\":{\"@id\":\"https:\\\/\\\/www.youthforequality.sk\\\/#organization\"},\"potentialAction\":[{\"@type\":\"SearchAction\",\"target\":{\"@type\":\"EntryPoint\",\"urlTemplate\":\"https:\\\/\\\/www.youthforequality.sk\\\/?s={search_term_string}\"},\"query-input\":{\"@type\":\"PropertyValueSpecification\",\"valueRequired\":true,\"valueName\":\"search_term_string\"}}],\"inLanguage\":\"sk-SK\"},{\"@type\":\"Organization\",\"@id\":\"https:\\\/\\\/www.youthforequality.sk\\\/#organization\",\"name\":\"Youth for Equality\",\"url\":\"https:\\\/\\\/www.youthforequality.sk\\\/\",\"logo\":{\"@type\":\"ImageObject\",\"inLanguage\":\"sk-SK\",\"@id\":\"https:\\\/\\\/www.youthforequality.sk\\\/#\\\/schema\\\/logo\\\/image\\\/\",\"url\":\"https:\\\/\\\/www.youthforequality.sk\\\/wp-content\\\/uploads\\\/2021\\\/01\\\/vynovene-logo-nove-farby_modra-na-web.png\",\"contentUrl\":\"https:\\\/\\\/www.youthforequality.sk\\\/wp-content\\\/uploads\\\/2021\\\/01\\\/vynovene-logo-nove-farby_modra-na-web.png\",\"width\":1,\"height\":1,\"caption\":\"Youth for Equality\"},\"image\":{\"@id\":\"https:\\\/\\\/www.youthforequality.sk\\\/#\\\/schema\\\/logo\\\/image\\\/\"},\"sameAs\":[\"https:\\\/\\\/www.facebook.com\\\/yeslovakia\"]},{\"@type\":\"Person\",\"@id\":\"https:\\\/\\\/www.youthforequality.sk\\\/#\\\/schema\\\/person\\\/be8fe75a4ed9c28400bc99a029218b24\",\"name\":\"Diana Ja\u0161ekov\u00e1\",\"image\":{\"@type\":\"ImageObject\",\"inLanguage\":\"sk-SK\",\"@id\":\"https:\\\/\\\/secure.gravatar.com\\\/avatar\\\/8c7454049523c9673804cf321f89b38fd4fcd5aa5ad8961f32caaf292dfd996f?s=96&d=mm&r=g\",\"url\":\"https:\\\/\\\/secure.gravatar.com\\\/avatar\\\/8c7454049523c9673804cf321f89b38fd4fcd5aa5ad8961f32caaf292dfd996f?s=96&d=mm&r=g\",\"contentUrl\":\"https:\\\/\\\/secure.gravatar.com\\\/avatar\\\/8c7454049523c9673804cf321f89b38fd4fcd5aa5ad8961f32caaf292dfd996f?s=96&d=mm&r=g\",\"caption\":\"Diana Ja\u0161ekov\u00e1\"},\"url\":\"https:\\\/\\\/www.youthforequality.sk\\\/index.php\\\/author\\\/diajas\\\/\"}]}<\/script>\n<!-- \/ Yoast SEO plugin. -->","yoast_head_json":{"title":"Inkluz\u00edvny program DiscoverEU |","robots":{"index":"index","follow":"follow","max-snippet":"max-snippet:-1","max-image-preview":"max-image-preview:large","max-video-preview":"max-video-preview:-1"},"canonical":"https:\/\/www.youthforequality.sk\/index.php\/2026\/03\/04\/inkluzvny-program-discovereu\/","og_locale":"sk_SK","og_type":"article","og_title":"Inkluz\u00edvny program DiscoverEU |","og_description":"V\u010faka podpore Eur\u00f3pskej \u00fanie cez program Erasmus+ a projektu DiscoverEU sme sa v novembri 2025 spolu ( jeden l\u00edder a p\u00e4\u0165 \u00fa\u010dastn\u00edkov) vydali na nezabudnute\u013en\u00fa cestu po Eur\u00f3pe so zameran\u00edm na ekologick\u00e9 t\u00e9my. Na\u0161a prv\u00e1 zast\u00e1vka boli Dr\u00e1\u017e\u010fany, kde sme obdivovali Frauenkirche, Zwinger, Semperovu operu a pre\u0161li sa po Br\u00fchlskej terase. Ekologick\u00e1 \u010das\u0165 programu zah\u0155\u0148ala&hellip;&nbsp;\u010c\u00edta\u0165 viac &raquo;Inkluz\u00edvny program DiscoverEU","og_url":"https:\/\/www.youthforequality.sk\/index.php\/2026\/03\/04\/inkluzvny-program-discovereu\/","article_publisher":"https:\/\/www.facebook.com\/yeslovakia","article_published_time":"2026-03-04T14:33:14+00:00","article_modified_time":"2026-03-27T12:12:57+00:00","og_image":[{"width":1600,"height":1200,"url":"https:\/\/www.youthforequality.sk\/wp-content\/uploads\/2026\/03\/WhatsApp-Image-2025-11-24-at-07.56.28-1.jpeg","type":"image\/jpeg"}],"author":"Diana Ja\u0161ekov\u00e1","twitter_card":"summary_large_image","twitter_misc":{"Autor":"Diana Ja\u0161ekov\u00e1","Predpokladan\u00fd \u010das \u010d\u00edtania":"3 min\u00faty"},"schema":{"@context":"https:\/\/schema.org","@graph":[{"@type":"Article","@id":"https:\/\/www.youthforequality.sk\/index.php\/2026\/03\/04\/inkluzvny-program-discovereu\/#article","isPartOf":{"@id":"https:\/\/www.youthforequality.sk\/index.php\/2026\/03\/04\/inkluzvny-program-discovereu\/"},"author":{"name":"Diana Ja\u0161ekov\u00e1","@id":"https:\/\/www.youthforequality.sk\/#\/schema\/person\/be8fe75a4ed9c28400bc99a029218b24"},"headline":"Inkluz\u00edvny program DiscoverEU","datePublished":"2026-03-04T14:33:14+00:00","dateModified":"2026-03-27T12:12:57+00:00","mainEntityOfPage":{"@id":"https:\/\/www.youthforequality.sk\/index.php\/2026\/03\/04\/inkluzvny-program-discovereu\/"},"wordCount":399,"publisher":{"@id":"https:\/\/www.youthforequality.sk\/#organization"},"image":{"@id":"https:\/\/www.youthforequality.sk\/index.php\/2026\/03\/04\/inkluzvny-program-discovereu\/#primaryimage"},"thumbnailUrl":"https:\/\/www.youthforequality.sk\/wp-content\/uploads\/2026\/03\/WhatsApp-Image-2025-11-24-at-07.56.28-1.jpeg","articleSection":["Blog","Predo\u0161l\u00e9 DiscoverEU","pripravujeme discoverEU"],"inLanguage":"sk-SK"},{"@type":"WebPage","@id":"https:\/\/www.youthforequality.sk\/index.php\/2026\/03\/04\/inkluzvny-program-discovereu\/","url":"https:\/\/www.youthforequality.sk\/index.php\/2026\/03\/04\/inkluzvny-program-discovereu\/","name":"Inkluz\u00edvny program DiscoverEU |","isPartOf":{"@id":"https:\/\/www.youthforequality.sk\/#website"},"primaryImageOfPage":{"@id":"https:\/\/www.youthforequality.sk\/index.php\/2026\/03\/04\/inkluzvny-program-discovereu\/#primaryimage"},"image":{"@id":"https:\/\/www.youthforequality.sk\/index.php\/2026\/03\/04\/inkluzvny-program-discovereu\/#primaryimage"},"thumbnailUrl":"https:\/\/www.youthforequality.sk\/wp-content\/uploads\/2026\/03\/WhatsApp-Image-2025-11-24-at-07.56.28-1.jpeg","datePublished":"2026-03-04T14:33:14+00:00","dateModified":"2026-03-27T12:12:57+00:00","breadcrumb":{"@id":"https:\/\/www.youthforequality.sk\/index.php\/2026\/03\/04\/inkluzvny-program-discovereu\/#breadcrumb"},"inLanguage":"sk-SK","potentialAction":[{"@type":"ReadAction","target":["https:\/\/www.youthforequality.sk\/index.php\/2026\/03\/04\/inkluzvny-program-discovereu\/"]}]},{"@type":"ImageObject","inLanguage":"sk-SK","@id":"https:\/\/www.youthforequality.sk\/index.php\/2026\/03\/04\/inkluzvny-program-discovereu\/#primaryimage","url":"https:\/\/www.youthforequality.sk\/wp-content\/uploads\/2026\/03\/WhatsApp-Image-2025-11-24-at-07.56.28-1.jpeg","contentUrl":"https:\/\/www.youthforequality.sk\/wp-content\/uploads\/2026\/03\/WhatsApp-Image-2025-11-24-at-07.56.28-1.jpeg","width":1600,"height":1200},{"@type":"BreadcrumbList","@id":"https:\/\/www.youthforequality.sk\/index.php\/2026\/03\/04\/inkluzvny-program-discovereu\/#breadcrumb","itemListElement":[{"@type":"ListItem","position":1,"name":"Home","item":"https:\/\/www.youthforequality.sk\/"},{"@type":"ListItem","position":2,"name":"Inkluz\u00edvny program DiscoverEU"}]},{"@type":"WebSite","@id":"https:\/\/www.youthforequality.sk\/#website","url":"https:\/\/www.youthforequality.sk\/","name":"","description":"","publisher":{"@id":"https:\/\/www.youthforequality.sk\/#organization"},"potentialAction":[{"@type":"SearchAction","target":{"@type":"EntryPoint","urlTemplate":"https:\/\/www.youthforequality.sk\/?s={search_term_string}"},"query-input":{"@type":"PropertyValueSpecification","valueRequired":true,"valueName":"search_term_string"}}],"inLanguage":"sk-SK"},{"@type":"Organization","@id":"https:\/\/www.youthforequality.sk\/#organization","name":"Youth for Equality","url":"https:\/\/www.youthforequality.sk\/","logo":{"@type":"ImageObject","inLanguage":"sk-SK","@id":"https:\/\/www.youthforequality.sk\/#\/schema\/logo\/image\/","url":"https:\/\/www.youthforequality.sk\/wp-content\/uploads\/2021\/01\/vynovene-logo-nove-farby_modra-na-web.png","contentUrl":"https:\/\/www.youthforequality.sk\/wp-content\/uploads\/2021\/01\/vynovene-logo-nove-farby_modra-na-web.png","width":1,"height":1,"caption":"Youth for Equality"},"image":{"@id":"https:\/\/www.youthforequality.sk\/#\/schema\/logo\/image\/"},"sameAs":["https:\/\/www.facebook.com\/yeslovakia"]},{"@type":"Person","@id":"https:\/\/www.youthforequality.sk\/#\/schema\/person\/be8fe75a4ed9c28400bc99a029218b24","name":"Diana Ja\u0161ekov\u00e1","image":{"@type":"ImageObject","inLanguage":"sk-SK","@id":"https:\/\/secure.gravatar.com\/avatar\/8c7454049523c9673804cf321f89b38fd4fcd5aa5ad8961f32caaf292dfd996f?s=96&d=mm&r=g","url":"https:\/\/secure.gravatar.com\/avatar\/8c7454049523c9673804cf321f89b38fd4fcd5aa5ad8961f32caaf292dfd996f?s=96&d=mm&r=g","contentUrl":"https:\/\/secure.gravatar.com\/avatar\/8c7454049523c9673804cf321f89b38fd4fcd5aa5ad8961f32caaf292dfd996f?s=96&d=mm&r=g","caption":"Diana Ja\u0161ekov\u00e1"},"url":"https:\/\/www.youthforequality.sk\/index.php\/author\/diajas\/"}]}},"_links":{"self":[{"href":"https:\/\/www.youthforequality.sk\/index.php\/wp-json\/wp\/v2\/posts\/11122","targetHints":{"allow":["GET"]}}],"collection":[{"href":"https:\/\/www.youthforequality.sk\/index.php\/wp-json\/wp\/v2\/posts"}],"about":[{"href":"https:\/\/www.youthforequality.sk\/index.php\/wp-json\/wp\/v2\/types\/post"}],"author":[{"embeddable":true,"href":"https:\/\/www.youthforequality.sk\/index.php\/wp-json\/wp\/v2\/users\/2"}],"replies":[{"embeddable":true,"href":"https:\/\/www.youthforequality.sk\/index.php\/wp-json\/wp\/v2\/comments?post=11122"}],"version-history":[{"count":8,"href":"https:\/\/www.youthforequality.sk\/index.php\/wp-json\/wp\/v2\/posts\/11122\/revisions"}],"predecessor-version":[{"id":11180,"href":"https:\/\/www.youthforequality.sk\/index.php\/wp-json\/wp\/v2\/posts\/11122\/revisions\/11180"}],"wp:featuredmedia":[{"embeddable":true,"href":"https:\/\/www.youthforequality.sk\/index.php\/wp-json\/wp\/v2\/media\/11148"}],"wp:attachment":[{"href":"https:\/\/www.youthforequality.sk\/index.php\/wp-json\/wp\/v2\/media?parent=11122"}],"wp:term":[{"taxonomy":"category","embeddable":true,"href":"https:\/\/www.youthforequality.sk\/index.php\/wp-json\/wp\/v2\/categories?post=11122"},{"taxonomy":"post_tag","embeddable":true,"href":"https:\/\/www.youthforequality.sk\/index.php\/wp-json\/wp\/v2\/tags?post=11122"}],"curies":[{"name":"wp","href":"https:\/\/api.w.org\/{rel}","templated":true}]}}