{"id":11133,"date":"2026-03-03T15:48:44","date_gmt":"2026-03-03T14:48:44","guid":{"rendered":"https:\/\/www.youthforequality.sk\/?p=11133"},"modified":"2026-03-27T13:11:54","modified_gmt":"2026-03-27T12:11:54","slug":"inkluzvny-program-discovereu-3","status":"publish","type":"post","link":"https:\/\/www.youthforequality.sk\/index.php\/2026\/03\/03\/inkluzvny-program-discovereu-3\/","title":{"rendered":"Inkluz\u00edvny program DiscoverEU"},"content":{"rendered":"\t\t<div data-elementor-type=\"wp-post\" data-elementor-id=\"11133\" class=\"elementor elementor-11133\">\n\t\t\t\t\t\t<section class=\"elementor-section elementor-top-section elementor-element elementor-element-af69628 elementor-section-boxed elementor-section-height-default elementor-section-height-default\" data-id=\"af69628\" data-element_type=\"section\" data-e-type=\"section\">\n\t\t\t\t\t\t<div class=\"elementor-container elementor-column-gap-default\">\n\t\t\t\t\t<div class=\"elementor-column elementor-col-100 elementor-top-column elementor-element elementor-element-b755780\" data-id=\"b755780\" data-element_type=\"column\" data-e-type=\"column\">\n\t\t\t<div class=\"elementor-widget-wrap elementor-element-populated\">\n\t\t\t\t\t\t<div class=\"elementor-element elementor-element-973ef99 elementor-widget elementor-widget-text-editor\" data-id=\"973ef99\" data-element_type=\"widget\" data-e-type=\"widget\" data-widget_type=\"text-editor.default\">\n\t\t\t\t<div class=\"elementor-widget-container\">\n\t\t\t\t\t\t\t\t\t<p>Ke\u010f sa sp\u00e4tne pozer\u00e1m na na\u0161u cestu, m\u00e1m pocit, akoby som pre\u017eila nieko\u013eko dn\u00ed, ktor\u00e9 boli dlh\u00e9 aj kr\u00e1tke z\u00e1rove\u0148. Tak\u00e9, \u010do \u010dlovek vn\u00edma intenz\u00edvne, ale a\u017e nesk\u00f4r pochop\u00ed, ko\u013eko mu vlastne dali&#8230;<\/p><p>\u00a0<\/p><p>Na\u0161a cesta Green Journey trvala od 8. do 17. okt\u00f3bra a po\u010das t\u00fdchto dn\u00ed sme nav\u0161t\u00edvili Prahu, Berl\u00edn, Hamburg, Frankfurt a\u00a0Mn\u00edchov.<\/p><p>\u00a0<\/p><p>Bola tam na\u0161a mal\u00e1, ale dokonal\u00e1 zostava \u2013 ja-T\u00e1ni\u010dka, Stanka, Mirka, Ninka a S\u00e1rka \u2013 spolu s pani\u00a0 Maliarikovou, ktor\u00e1 by si zasl\u00fa\u017eila ve\u013ek\u00fa pochvalu za jej v\u00fdkon, lebo to s nami nemala popravde v\u00f4bec jednoduch\u00e9 \u2013 boli sme hlu\u010dn\u00e9, nad\u0161en\u00e9, unaven\u00e9, otravn\u00e9 a robili sme neust\u00e1le blbosti. Kontrolova\u0165 n\u00e1s bola \u00faloha, ktor\u00e1 si vy\u017eadovala pevn\u00fa v\u00f4\u013eu, pevn\u00e9 nervy a ob\u010das aj hlbok\u00e9 n\u00e1dychy. Napriek tomu v\u0161etk\u00e9mu to zvl\u00e1dla neuverite\u013ene dobre.<br \/><br \/><\/p><p>Cesta bola ve\u013emi zauj\u00edmav\u00e1, pln\u00e1 r\u00f4znych \u013eud\u00ed, miest a nov\u00fdch z\u00e1\u017eitkov. Na ka\u017edej zast\u00e1vke sme sa sna\u017eili spozna\u0165 s\u00a0nov\u00fdmi \u013eu\u010fmi (v\u00e4\u010d\u0161inou opa\u010dn\u00e9ho pohlavia), sk\u00fa\u0161ali na\u0161u nem\u010dinu (niekedy \u00faspe\u0161ne, niekedy sme im narovinu povedali, \u017ee po nemecky v\u00f4bec nevieme). Popritom sme sa navz\u00e1jom spozn\u00e1vali ove\u013ea<br \/>viac, ne\u017e by sme \u010dakali \u2013 v situ\u00e1ci\u00e1ch vtipn\u00fdch, chaotick\u00fdch aj t\u00fdch, \u010do zostan\u00fa medzi nami(niektor\u00e9 by mali fakt rad\u0161ej zosta\u0165 len medzi nami).<\/p><p>\u00a0<\/p><p>Okrem toho v\u00e4\u010d\u0161inu \u010dasu sme sa vzdel\u00e1vali, \u010di u\u017e prostredn\u00edctvom workshopov na t\u00e9mu ekol\u00f3gie, alebo n\u00e1v\u0161tev ekeologick\u00fdch organiz\u00e1ci\u00ed, zlep\u0161ovan\u00edm organiza\u010dn\u00fdch zru\u010dnost\u00ed, pl\u00e1novan\u00edm budgetu, medzukult\u00farnymi z\u00e1\u017eitkami.\u00a0<\/p><p>\u00a0<\/p><p>Videli sme mnoho, pre\u017eili e\u0161te viac a odniesli si spomienky, ktor\u00e9 zostan\u00fa dlho. A ak by som mala poveda\u0165, \u010di podobn\u00fa cestu odpor\u00fa\u010dam?<br \/>Ur\u010dite \u00e1no.<\/p><p>\u00a0<\/p><p>Preto\u017ee presne tak\u00e1to cesta \u010dloveku pripomenie, ak\u00e9 kr\u00e1sne je vidie\u0165 svet a neust\u00e1le sa u\u010di\u0165 nov\u00e9 veci.\u00a0<\/p>\t\t\t\t\t\t\t\t<\/div>\n\t\t\t\t<\/div>\n\t\t\t\t\t<\/div>\n\t\t<\/div>\n\t\t\t\t\t<\/div>\n\t\t<\/section>\n\t\t\t\t<section class=\"elementor-section elementor-top-section elementor-element elementor-element-4f6153b elementor-section-boxed elementor-section-height-default elementor-section-height-default\" data-id=\"4f6153b\" data-element_type=\"section\" data-e-type=\"section\">\n\t\t\t\t\t\t<div class=\"elementor-container elementor-column-gap-default\">\n\t\t\t\t\t<div class=\"elementor-column elementor-col-100 elementor-top-column elementor-element elementor-element-d2a0134\" data-id=\"d2a0134\" data-element_type=\"column\" data-e-type=\"column\">\n\t\t\t<div class=\"elementor-widget-wrap elementor-element-populated\">\n\t\t\t\t\t\t<div class=\"elementor-element elementor-element-0906c81 elementor-widget elementor-widget-image\" data-id=\"0906c81\" data-element_type=\"widget\" data-e-type=\"widget\" data-widget_type=\"image.default\">\n\t\t\t\t<div class=\"elementor-widget-container\">\n\t\t\t\t\t\t\t\t\t\t\t\t\t\t\t<img fetchpriority=\"high\" decoding=\"async\" width=\"768\" height=\"1024\" src=\"https:\/\/www.youthforequality.sk\/wp-content\/uploads\/2026\/03\/WhatsApp-Image-2025-10-16-at-00.16.16-768x1024.jpeg\" class=\"attachment-large size-large wp-image-11134\" alt=\"\" srcset=\"https:\/\/www.youthforequality.sk\/wp-content\/uploads\/2026\/03\/WhatsApp-Image-2025-10-16-at-00.16.16-768x1024.jpeg 768w, https:\/\/www.youthforequality.sk\/wp-content\/uploads\/2026\/03\/WhatsApp-Image-2025-10-16-at-00.16.16-225x300.jpeg 225w, https:\/\/www.youthforequality.sk\/wp-content\/uploads\/2026\/03\/WhatsApp-Image-2025-10-16-at-00.16.16-1152x1536.jpeg 1152w, https:\/\/www.youthforequality.sk\/wp-content\/uploads\/2026\/03\/WhatsApp-Image-2025-10-16-at-00.16.16.jpeg 1200w\" sizes=\"(max-width: 768px) 100vw, 768px\" \/>\t\t\t\t\t\t\t\t\t\t\t\t\t\t\t<\/div>\n\t\t\t\t<\/div>\n\t\t\t\t<div class=\"elementor-element elementor-element-5bb6c22 elementor-widget elementor-widget-image\" data-id=\"5bb6c22\" data-element_type=\"widget\" data-e-type=\"widget\" data-widget_type=\"image.default\">\n\t\t\t\t<div class=\"elementor-widget-container\">\n\t\t\t\t\t\t\t\t\t\t\t\t\t\t\t<img decoding=\"async\" width=\"1024\" height=\"576\" src=\"https:\/\/www.youthforequality.sk\/wp-content\/uploads\/2026\/03\/WhatsApp-Image-2025-10-17-at-00.25.26-2-1024x576.jpeg\" class=\"attachment-large size-large wp-image-11136\" alt=\"\" srcset=\"https:\/\/www.youthforequality.sk\/wp-content\/uploads\/2026\/03\/WhatsApp-Image-2025-10-17-at-00.25.26-2-1024x576.jpeg 1024w, https:\/\/www.youthforequality.sk\/wp-content\/uploads\/2026\/03\/WhatsApp-Image-2025-10-17-at-00.25.26-2-300x169.jpeg 300w, https:\/\/www.youthforequality.sk\/wp-content\/uploads\/2026\/03\/WhatsApp-Image-2025-10-17-at-00.25.26-2-768x432.jpeg 768w, https:\/\/www.youthforequality.sk\/wp-content\/uploads\/2026\/03\/WhatsApp-Image-2025-10-17-at-00.25.26-2-1536x864.jpeg 1536w, https:\/\/www.youthforequality.sk\/wp-content\/uploads\/2026\/03\/WhatsApp-Image-2025-10-17-at-00.25.26-2.jpeg 2048w\" sizes=\"(max-width: 1024px) 100vw, 1024px\" \/>\t\t\t\t\t\t\t\t\t\t\t\t\t\t\t<\/div>\n\t\t\t\t<\/div>\n\t\t\t\t\t<\/div>\n\t\t<\/div>\n\t\t\t\t\t<\/div>\n\t\t<\/section>\n\t\t\t\t<\/div>\n\t\t","protected":false},"excerpt":{"rendered":"<p>Ke\u010f sa sp\u00e4tne pozer\u00e1m na na\u0161u cestu, m\u00e1m pocit, akoby som pre\u017eila nieko\u013eko dn\u00ed, ktor\u00e9 boli dlh\u00e9 aj kr\u00e1tke z\u00e1rove\u0148. Tak\u00e9, \u010do \u010dlovek vn\u00edma intenz\u00edvne, ale a\u017e nesk\u00f4r pochop\u00ed, ko\u013eko mu vlastne dali&#8230; Na\u0161a cesta Green Journey trvala od 8. do 17. okt\u00f3bra a po\u010das t\u00fdchto dn\u00ed sme nav\u0161t\u00edvili Prahu, Berl\u00edn, Hamburg, Frankfurt a\u00a0Mn\u00edchov. Bola&hellip;&nbsp;<a href=\"https:\/\/www.youthforequality.sk\/index.php\/2026\/03\/03\/inkluzvny-program-discovereu-3\/\" class=\"\" rel=\"bookmark\">\u010c\u00edta\u0165 viac &raquo;<span class=\"screen-reader-text\">Inkluz\u00edvny program DiscoverEU<\/span><\/a><\/p>\n","protected":false},"author":2,"featured_media":11135,"comment_status":"closed","ping_status":"open","sticky":false,"template":"","format":"standard","meta":{"_uf_show_specific_survey":0,"_uf_disable_surveys":false,"neve_meta_sidebar":"","neve_meta_container":"","neve_meta_enable_content_width":"off","neve_meta_content_width":70,"neve_meta_title_alignment":"","neve_meta_author_avatar":"","neve_post_elements_order":"","neve_meta_disable_header":"","neve_meta_disable_footer":"","neve_meta_disable_title":"","_themeisle_gutenberg_block_has_review":false,"footnotes":""},"categories":[3,49,52],"tags":[],"class_list":["post-11133","post","type-post","status-publish","format-standard","has-post-thumbnail","hentry","category-blog","category-predosle-discovereu","category-pripravujeme-discovereu"],"yoast_head":"<!-- This site is optimized with the Yoast SEO plugin v27.4 - https:\/\/yoast.com\/product\/yoast-seo-wordpress\/ -->\n<title>Inkluz\u00edvny program DiscoverEU |<\/title>\n<meta name=\"robots\" content=\"index, follow, max-snippet:-1, max-image-preview:large, max-video-preview:-1\" \/>\n<link rel=\"canonical\" href=\"https:\/\/www.youthforequality.sk\/index.php\/2026\/03\/03\/inkluzvny-program-discovereu-3\/\" \/>\n<meta property=\"og:locale\" content=\"sk_SK\" \/>\n<meta property=\"og:type\" content=\"article\" \/>\n<meta property=\"og:title\" content=\"Inkluz\u00edvny program DiscoverEU |\" \/>\n<meta property=\"og:description\" content=\"Ke\u010f sa sp\u00e4tne pozer\u00e1m na na\u0161u cestu, m\u00e1m pocit, akoby som pre\u017eila nieko\u013eko dn\u00ed, ktor\u00e9 boli dlh\u00e9 aj kr\u00e1tke z\u00e1rove\u0148. Tak\u00e9, \u010do \u010dlovek vn\u00edma intenz\u00edvne, ale a\u017e nesk\u00f4r pochop\u00ed, ko\u013eko mu vlastne dali&#8230; Na\u0161a cesta Green Journey trvala od 8. do 17. okt\u00f3bra a po\u010das t\u00fdchto dn\u00ed sme nav\u0161t\u00edvili Prahu, Berl\u00edn, Hamburg, Frankfurt a\u00a0Mn\u00edchov. Bola&hellip;&nbsp;\u010c\u00edta\u0165 viac &raquo;Inkluz\u00edvny program DiscoverEU\" \/>\n<meta property=\"og:url\" content=\"https:\/\/www.youthforequality.sk\/index.php\/2026\/03\/03\/inkluzvny-program-discovereu-3\/\" \/>\n<meta property=\"article:publisher\" content=\"https:\/\/www.facebook.com\/yeslovakia\" \/>\n<meta property=\"article:published_time\" content=\"2026-03-03T14:48:44+00:00\" \/>\n<meta property=\"article:modified_time\" content=\"2026-03-27T12:11:54+00:00\" \/>\n<meta property=\"og:image\" content=\"https:\/\/www.youthforequality.sk\/wp-content\/uploads\/2026\/03\/WhatsApp-Image-2025-10-16-at-00.17.01.jpeg\" \/>\n\t<meta property=\"og:image:width\" content=\"900\" \/>\n\t<meta property=\"og:image:height\" content=\"1600\" \/>\n\t<meta property=\"og:image:type\" content=\"image\/jpeg\" \/>\n<meta name=\"author\" content=\"Diana Ja\u0161ekov\u00e1\" \/>\n<meta name=\"twitter:card\" content=\"summary_large_image\" \/>\n<meta name=\"twitter:label1\" content=\"Autor\" \/>\n\t<meta name=\"twitter:data1\" content=\"Diana Ja\u0161ekov\u00e1\" \/>\n\t<meta name=\"twitter:label2\" content=\"Predpokladan\u00fd \u010das \u010d\u00edtania\" \/>\n\t<meta name=\"twitter:data2\" content=\"3 min\u00faty\" \/>\n<script type=\"application\/ld+json\" class=\"yoast-schema-graph\">{\"@context\":\"https:\\\/\\\/schema.org\",\"@graph\":[{\"@type\":\"Article\",\"@id\":\"https:\\\/\\\/www.youthforequality.sk\\\/index.php\\\/2026\\\/03\\\/03\\\/inkluzvny-program-discovereu-3\\\/#article\",\"isPartOf\":{\"@id\":\"https:\\\/\\\/www.youthforequality.sk\\\/index.php\\\/2026\\\/03\\\/03\\\/inkluzvny-program-discovereu-3\\\/\"},\"author\":{\"name\":\"Diana Ja\u0161ekov\u00e1\",\"@id\":\"https:\\\/\\\/www.youthforequality.sk\\\/#\\\/schema\\\/person\\\/be8fe75a4ed9c28400bc99a029218b24\"},\"headline\":\"Inkluz\u00edvny program DiscoverEU\",\"datePublished\":\"2026-03-03T14:48:44+00:00\",\"dateModified\":\"2026-03-27T12:11:54+00:00\",\"mainEntityOfPage\":{\"@id\":\"https:\\\/\\\/www.youthforequality.sk\\\/index.php\\\/2026\\\/03\\\/03\\\/inkluzvny-program-discovereu-3\\\/\"},\"wordCount\":355,\"publisher\":{\"@id\":\"https:\\\/\\\/www.youthforequality.sk\\\/#organization\"},\"image\":{\"@id\":\"https:\\\/\\\/www.youthforequality.sk\\\/index.php\\\/2026\\\/03\\\/03\\\/inkluzvny-program-discovereu-3\\\/#primaryimage\"},\"thumbnailUrl\":\"https:\\\/\\\/www.youthforequality.sk\\\/wp-content\\\/uploads\\\/2026\\\/03\\\/WhatsApp-Image-2025-10-16-at-00.17.01.jpeg\",\"articleSection\":[\"Blog\",\"Predo\u0161l\u00e9 DiscoverEU\",\"pripravujeme discoverEU\"],\"inLanguage\":\"sk-SK\"},{\"@type\":\"WebPage\",\"@id\":\"https:\\\/\\\/www.youthforequality.sk\\\/index.php\\\/2026\\\/03\\\/03\\\/inkluzvny-program-discovereu-3\\\/\",\"url\":\"https:\\\/\\\/www.youthforequality.sk\\\/index.php\\\/2026\\\/03\\\/03\\\/inkluzvny-program-discovereu-3\\\/\",\"name\":\"Inkluz\u00edvny program DiscoverEU |\",\"isPartOf\":{\"@id\":\"https:\\\/\\\/www.youthforequality.sk\\\/#website\"},\"primaryImageOfPage\":{\"@id\":\"https:\\\/\\\/www.youthforequality.sk\\\/index.php\\\/2026\\\/03\\\/03\\\/inkluzvny-program-discovereu-3\\\/#primaryimage\"},\"image\":{\"@id\":\"https:\\\/\\\/www.youthforequality.sk\\\/index.php\\\/2026\\\/03\\\/03\\\/inkluzvny-program-discovereu-3\\\/#primaryimage\"},\"thumbnailUrl\":\"https:\\\/\\\/www.youthforequality.sk\\\/wp-content\\\/uploads\\\/2026\\\/03\\\/WhatsApp-Image-2025-10-16-at-00.17.01.jpeg\",\"datePublished\":\"2026-03-03T14:48:44+00:00\",\"dateModified\":\"2026-03-27T12:11:54+00:00\",\"breadcrumb\":{\"@id\":\"https:\\\/\\\/www.youthforequality.sk\\\/index.php\\\/2026\\\/03\\\/03\\\/inkluzvny-program-discovereu-3\\\/#breadcrumb\"},\"inLanguage\":\"sk-SK\",\"potentialAction\":[{\"@type\":\"ReadAction\",\"target\":[\"https:\\\/\\\/www.youthforequality.sk\\\/index.php\\\/2026\\\/03\\\/03\\\/inkluzvny-program-discovereu-3\\\/\"]}]},{\"@type\":\"ImageObject\",\"inLanguage\":\"sk-SK\",\"@id\":\"https:\\\/\\\/www.youthforequality.sk\\\/index.php\\\/2026\\\/03\\\/03\\\/inkluzvny-program-discovereu-3\\\/#primaryimage\",\"url\":\"https:\\\/\\\/www.youthforequality.sk\\\/wp-content\\\/uploads\\\/2026\\\/03\\\/WhatsApp-Image-2025-10-16-at-00.17.01.jpeg\",\"contentUrl\":\"https:\\\/\\\/www.youthforequality.sk\\\/wp-content\\\/uploads\\\/2026\\\/03\\\/WhatsApp-Image-2025-10-16-at-00.17.01.jpeg\",\"width\":900,\"height\":1600},{\"@type\":\"BreadcrumbList\",\"@id\":\"https:\\\/\\\/www.youthforequality.sk\\\/index.php\\\/2026\\\/03\\\/03\\\/inkluzvny-program-discovereu-3\\\/#breadcrumb\",\"itemListElement\":[{\"@type\":\"ListItem\",\"position\":1,\"name\":\"Home\",\"item\":\"https:\\\/\\\/www.youthforequality.sk\\\/\"},{\"@type\":\"ListItem\",\"position\":2,\"name\":\"Inkluz\u00edvny program DiscoverEU\"}]},{\"@type\":\"WebSite\",\"@id\":\"https:\\\/\\\/www.youthforequality.sk\\\/#website\",\"url\":\"https:\\\/\\\/www.youthforequality.sk\\\/\",\"name\":\"\",\"description\":\"\",\"publisher\":{\"@id\":\"https:\\\/\\\/www.youthforequality.sk\\\/#organization\"},\"potentialAction\":[{\"@type\":\"SearchAction\",\"target\":{\"@type\":\"EntryPoint\",\"urlTemplate\":\"https:\\\/\\\/www.youthforequality.sk\\\/?s={search_term_string}\"},\"query-input\":{\"@type\":\"PropertyValueSpecification\",\"valueRequired\":true,\"valueName\":\"search_term_string\"}}],\"inLanguage\":\"sk-SK\"},{\"@type\":\"Organization\",\"@id\":\"https:\\\/\\\/www.youthforequality.sk\\\/#organization\",\"name\":\"Youth for Equality\",\"url\":\"https:\\\/\\\/www.youthforequality.sk\\\/\",\"logo\":{\"@type\":\"ImageObject\",\"inLanguage\":\"sk-SK\",\"@id\":\"https:\\\/\\\/www.youthforequality.sk\\\/#\\\/schema\\\/logo\\\/image\\\/\",\"url\":\"https:\\\/\\\/www.youthforequality.sk\\\/wp-content\\\/uploads\\\/2021\\\/01\\\/vynovene-logo-nove-farby_modra-na-web.png\",\"contentUrl\":\"https:\\\/\\\/www.youthforequality.sk\\\/wp-content\\\/uploads\\\/2021\\\/01\\\/vynovene-logo-nove-farby_modra-na-web.png\",\"width\":1,\"height\":1,\"caption\":\"Youth for Equality\"},\"image\":{\"@id\":\"https:\\\/\\\/www.youthforequality.sk\\\/#\\\/schema\\\/logo\\\/image\\\/\"},\"sameAs\":[\"https:\\\/\\\/www.facebook.com\\\/yeslovakia\"]},{\"@type\":\"Person\",\"@id\":\"https:\\\/\\\/www.youthforequality.sk\\\/#\\\/schema\\\/person\\\/be8fe75a4ed9c28400bc99a029218b24\",\"name\":\"Diana Ja\u0161ekov\u00e1\",\"image\":{\"@type\":\"ImageObject\",\"inLanguage\":\"sk-SK\",\"@id\":\"https:\\\/\\\/secure.gravatar.com\\\/avatar\\\/8c7454049523c9673804cf321f89b38fd4fcd5aa5ad8961f32caaf292dfd996f?s=96&d=mm&r=g\",\"url\":\"https:\\\/\\\/secure.gravatar.com\\\/avatar\\\/8c7454049523c9673804cf321f89b38fd4fcd5aa5ad8961f32caaf292dfd996f?s=96&d=mm&r=g\",\"contentUrl\":\"https:\\\/\\\/secure.gravatar.com\\\/avatar\\\/8c7454049523c9673804cf321f89b38fd4fcd5aa5ad8961f32caaf292dfd996f?s=96&d=mm&r=g\",\"caption\":\"Diana Ja\u0161ekov\u00e1\"},\"url\":\"https:\\\/\\\/www.youthforequality.sk\\\/index.php\\\/author\\\/diajas\\\/\"}]}<\/script>\n<!-- \/ Yoast SEO plugin. -->","yoast_head_json":{"title":"Inkluz\u00edvny program DiscoverEU |","robots":{"index":"index","follow":"follow","max-snippet":"max-snippet:-1","max-image-preview":"max-image-preview:large","max-video-preview":"max-video-preview:-1"},"canonical":"https:\/\/www.youthforequality.sk\/index.php\/2026\/03\/03\/inkluzvny-program-discovereu-3\/","og_locale":"sk_SK","og_type":"article","og_title":"Inkluz\u00edvny program DiscoverEU |","og_description":"Ke\u010f sa sp\u00e4tne pozer\u00e1m na na\u0161u cestu, m\u00e1m pocit, akoby som pre\u017eila nieko\u013eko dn\u00ed, ktor\u00e9 boli dlh\u00e9 aj kr\u00e1tke z\u00e1rove\u0148. Tak\u00e9, \u010do \u010dlovek vn\u00edma intenz\u00edvne, ale a\u017e nesk\u00f4r pochop\u00ed, ko\u013eko mu vlastne dali&#8230; Na\u0161a cesta Green Journey trvala od 8. do 17. okt\u00f3bra a po\u010das t\u00fdchto dn\u00ed sme nav\u0161t\u00edvili Prahu, Berl\u00edn, Hamburg, Frankfurt a\u00a0Mn\u00edchov. Bola&hellip;&nbsp;\u010c\u00edta\u0165 viac &raquo;Inkluz\u00edvny program DiscoverEU","og_url":"https:\/\/www.youthforequality.sk\/index.php\/2026\/03\/03\/inkluzvny-program-discovereu-3\/","article_publisher":"https:\/\/www.facebook.com\/yeslovakia","article_published_time":"2026-03-03T14:48:44+00:00","article_modified_time":"2026-03-27T12:11:54+00:00","og_image":[{"width":900,"height":1600,"url":"https:\/\/www.youthforequality.sk\/wp-content\/uploads\/2026\/03\/WhatsApp-Image-2025-10-16-at-00.17.01.jpeg","type":"image\/jpeg"}],"author":"Diana Ja\u0161ekov\u00e1","twitter_card":"summary_large_image","twitter_misc":{"Autor":"Diana Ja\u0161ekov\u00e1","Predpokladan\u00fd \u010das \u010d\u00edtania":"3 min\u00faty"},"schema":{"@context":"https:\/\/schema.org","@graph":[{"@type":"Article","@id":"https:\/\/www.youthforequality.sk\/index.php\/2026\/03\/03\/inkluzvny-program-discovereu-3\/#article","isPartOf":{"@id":"https:\/\/www.youthforequality.sk\/index.php\/2026\/03\/03\/inkluzvny-program-discovereu-3\/"},"author":{"name":"Diana Ja\u0161ekov\u00e1","@id":"https:\/\/www.youthforequality.sk\/#\/schema\/person\/be8fe75a4ed9c28400bc99a029218b24"},"headline":"Inkluz\u00edvny program DiscoverEU","datePublished":"2026-03-03T14:48:44+00:00","dateModified":"2026-03-27T12:11:54+00:00","mainEntityOfPage":{"@id":"https:\/\/www.youthforequality.sk\/index.php\/2026\/03\/03\/inkluzvny-program-discovereu-3\/"},"wordCount":355,"publisher":{"@id":"https:\/\/www.youthforequality.sk\/#organization"},"image":{"@id":"https:\/\/www.youthforequality.sk\/index.php\/2026\/03\/03\/inkluzvny-program-discovereu-3\/#primaryimage"},"thumbnailUrl":"https:\/\/www.youthforequality.sk\/wp-content\/uploads\/2026\/03\/WhatsApp-Image-2025-10-16-at-00.17.01.jpeg","articleSection":["Blog","Predo\u0161l\u00e9 DiscoverEU","pripravujeme discoverEU"],"inLanguage":"sk-SK"},{"@type":"WebPage","@id":"https:\/\/www.youthforequality.sk\/index.php\/2026\/03\/03\/inkluzvny-program-discovereu-3\/","url":"https:\/\/www.youthforequality.sk\/index.php\/2026\/03\/03\/inkluzvny-program-discovereu-3\/","name":"Inkluz\u00edvny program DiscoverEU |","isPartOf":{"@id":"https:\/\/www.youthforequality.sk\/#website"},"primaryImageOfPage":{"@id":"https:\/\/www.youthforequality.sk\/index.php\/2026\/03\/03\/inkluzvny-program-discovereu-3\/#primaryimage"},"image":{"@id":"https:\/\/www.youthforequality.sk\/index.php\/2026\/03\/03\/inkluzvny-program-discovereu-3\/#primaryimage"},"thumbnailUrl":"https:\/\/www.youthforequality.sk\/wp-content\/uploads\/2026\/03\/WhatsApp-Image-2025-10-16-at-00.17.01.jpeg","datePublished":"2026-03-03T14:48:44+00:00","dateModified":"2026-03-27T12:11:54+00:00","breadcrumb":{"@id":"https:\/\/www.youthforequality.sk\/index.php\/2026\/03\/03\/inkluzvny-program-discovereu-3\/#breadcrumb"},"inLanguage":"sk-SK","potentialAction":[{"@type":"ReadAction","target":["https:\/\/www.youthforequality.sk\/index.php\/2026\/03\/03\/inkluzvny-program-discovereu-3\/"]}]},{"@type":"ImageObject","inLanguage":"sk-SK","@id":"https:\/\/www.youthforequality.sk\/index.php\/2026\/03\/03\/inkluzvny-program-discovereu-3\/#primaryimage","url":"https:\/\/www.youthforequality.sk\/wp-content\/uploads\/2026\/03\/WhatsApp-Image-2025-10-16-at-00.17.01.jpeg","contentUrl":"https:\/\/www.youthforequality.sk\/wp-content\/uploads\/2026\/03\/WhatsApp-Image-2025-10-16-at-00.17.01.jpeg","width":900,"height":1600},{"@type":"BreadcrumbList","@id":"https:\/\/www.youthforequality.sk\/index.php\/2026\/03\/03\/inkluzvny-program-discovereu-3\/#breadcrumb","itemListElement":[{"@type":"ListItem","position":1,"name":"Home","item":"https:\/\/www.youthforequality.sk\/"},{"@type":"ListItem","position":2,"name":"Inkluz\u00edvny program DiscoverEU"}]},{"@type":"WebSite","@id":"https:\/\/www.youthforequality.sk\/#website","url":"https:\/\/www.youthforequality.sk\/","name":"","description":"","publisher":{"@id":"https:\/\/www.youthforequality.sk\/#organization"},"potentialAction":[{"@type":"SearchAction","target":{"@type":"EntryPoint","urlTemplate":"https:\/\/www.youthforequality.sk\/?s={search_term_string}"},"query-input":{"@type":"PropertyValueSpecification","valueRequired":true,"valueName":"search_term_string"}}],"inLanguage":"sk-SK"},{"@type":"Organization","@id":"https:\/\/www.youthforequality.sk\/#organization","name":"Youth for Equality","url":"https:\/\/www.youthforequality.sk\/","logo":{"@type":"ImageObject","inLanguage":"sk-SK","@id":"https:\/\/www.youthforequality.sk\/#\/schema\/logo\/image\/","url":"https:\/\/www.youthforequality.sk\/wp-content\/uploads\/2021\/01\/vynovene-logo-nove-farby_modra-na-web.png","contentUrl":"https:\/\/www.youthforequality.sk\/wp-content\/uploads\/2021\/01\/vynovene-logo-nove-farby_modra-na-web.png","width":1,"height":1,"caption":"Youth for Equality"},"image":{"@id":"https:\/\/www.youthforequality.sk\/#\/schema\/logo\/image\/"},"sameAs":["https:\/\/www.facebook.com\/yeslovakia"]},{"@type":"Person","@id":"https:\/\/www.youthforequality.sk\/#\/schema\/person\/be8fe75a4ed9c28400bc99a029218b24","name":"Diana Ja\u0161ekov\u00e1","image":{"@type":"ImageObject","inLanguage":"sk-SK","@id":"https:\/\/secure.gravatar.com\/avatar\/8c7454049523c9673804cf321f89b38fd4fcd5aa5ad8961f32caaf292dfd996f?s=96&d=mm&r=g","url":"https:\/\/secure.gravatar.com\/avatar\/8c7454049523c9673804cf321f89b38fd4fcd5aa5ad8961f32caaf292dfd996f?s=96&d=mm&r=g","contentUrl":"https:\/\/secure.gravatar.com\/avatar\/8c7454049523c9673804cf321f89b38fd4fcd5aa5ad8961f32caaf292dfd996f?s=96&d=mm&r=g","caption":"Diana Ja\u0161ekov\u00e1"},"url":"https:\/\/www.youthforequality.sk\/index.php\/author\/diajas\/"}]}},"_links":{"self":[{"href":"https:\/\/www.youthforequality.sk\/index.php\/wp-json\/wp\/v2\/posts\/11133","targetHints":{"allow":["GET"]}}],"collection":[{"href":"https:\/\/www.youthforequality.sk\/index.php\/wp-json\/wp\/v2\/posts"}],"about":[{"href":"https:\/\/www.youthforequality.sk\/index.php\/wp-json\/wp\/v2\/types\/post"}],"author":[{"embeddable":true,"href":"https:\/\/www.youthforequality.sk\/index.php\/wp-json\/wp\/v2\/users\/2"}],"replies":[{"embeddable":true,"href":"https:\/\/www.youthforequality.sk\/index.php\/wp-json\/wp\/v2\/comments?post=11133"}],"version-history":[{"count":11,"href":"https:\/\/www.youthforequality.sk\/index.php\/wp-json\/wp\/v2\/posts\/11133\/revisions"}],"predecessor-version":[{"id":11179,"href":"https:\/\/www.youthforequality.sk\/index.php\/wp-json\/wp\/v2\/posts\/11133\/revisions\/11179"}],"wp:featuredmedia":[{"embeddable":true,"href":"https:\/\/www.youthforequality.sk\/index.php\/wp-json\/wp\/v2\/media\/11135"}],"wp:attachment":[{"href":"https:\/\/www.youthforequality.sk\/index.php\/wp-json\/wp\/v2\/media?parent=11133"}],"wp:term":[{"taxonomy":"category","embeddable":true,"href":"https:\/\/www.youthforequality.sk\/index.php\/wp-json\/wp\/v2\/categories?post=11133"},{"taxonomy":"post_tag","embeddable":true,"href":"https:\/\/www.youthforequality.sk\/index.php\/wp-json\/wp\/v2\/tags?post=11133"}],"curies":[{"name":"wp","href":"https:\/\/api.w.org\/{rel}","templated":true}]}}