{"id":11175,"date":"2026-03-27T13:01:06","date_gmt":"2026-03-27T12:01:06","guid":{"rendered":"https:\/\/www.youthforequality.sk\/?p=11175"},"modified":"2026-03-27T13:04:51","modified_gmt":"2026-03-27T12:04:51","slug":"green-journeys-cesta-za-sksenosami-ktor-menia-pohad-na-svet","status":"publish","type":"post","link":"https:\/\/www.youthforequality.sk\/index.php\/2026\/03\/27\/green-journeys-cesta-za-sksenosami-ktor-menia-pohad-na-svet\/","title":{"rendered":"Green Journeys: cesta za sk\u00fasenos\u0165ami, ktor\u00e9 menia poh\u013ead na svet"},"content":{"rendered":"\t\t<div data-elementor-type=\"wp-post\" data-elementor-id=\"11175\" class=\"elementor elementor-11175\">\n\t\t\t\t\t\t<section class=\"elementor-section elementor-top-section elementor-element elementor-element-af69628 elementor-section-boxed elementor-section-height-default elementor-section-height-default\" data-id=\"af69628\" data-element_type=\"section\" data-e-type=\"section\">\n\t\t\t\t\t\t<div class=\"elementor-container elementor-column-gap-default\">\n\t\t\t\t\t<div class=\"elementor-column elementor-col-100 elementor-top-column elementor-element elementor-element-b755780\" data-id=\"b755780\" data-element_type=\"column\" data-e-type=\"column\">\n\t\t\t<div class=\"elementor-widget-wrap elementor-element-populated\">\n\t\t\t\t\t\t<div class=\"elementor-element elementor-element-973ef99 elementor-widget elementor-widget-text-editor\" data-id=\"973ef99\" data-element_type=\"widget\" data-e-type=\"widget\" data-widget_type=\"text-editor.default\">\n\t\t\t\t<div class=\"elementor-widget-container\">\n\t\t\t\t\t\t\t\t\t<p data-start=\"1496\" data-end=\"1776\">Projekt <strong data-start=\"1504\" data-end=\"1522\">Green Journeys<\/strong>, realizovan\u00fd v r\u00e1mci programu DiscoverEU Inclusion Action, priniesol jedine\u010dn\u00fa pr\u00edle\u017eitos\u0165 pre mlad\u00fdch \u013eud\u00ed s men\u0161\u00edmi pr\u00edle\u017eitos\u0165ami za\u017ei\u0165 medzin\u00e1rodn\u00fa mobilitu, rozv\u00edja\u0165 svoje kompetencie a objavi\u0165 Eur\u00f3pu nov\u00fdm sp\u00f4sobom.<\/p><p data-start=\"1496\" data-end=\"1776\">\u00a0<\/p><h3 data-section-id=\"dxbji\" data-start=\"1778\" data-end=\"1812\">\ud83d\ude80 Pr\u00edprava ako k\u013e\u00fa\u010d k \u00faspechu<\/h3><p data-start=\"1814\" data-end=\"1918\">Projekt neza\u010dal samotn\u00fdm cestovan\u00edm. Ka\u017ed\u00e1 skupina absolvovala <strong data-start=\"1877\" data-end=\"1901\">pr\u00edpravn\u00e9 stretnutia<\/strong>, ktor\u00e9 zah\u0155\u0148ali:<\/p><ul data-start=\"1919\" data-end=\"2100\"><li data-section-id=\"18p6h8a\" data-start=\"1919\" data-end=\"1967\">praktick\u00e9 inform\u00e1cie o cestovan\u00ed a logistike<\/li><li data-section-id=\"176jrwb\" data-start=\"1968\" data-end=\"2021\">workshop zameran\u00fd na inkl\u00faziu a t\u00edmov\u00fa spolupr\u00e1cu<\/li><li data-section-id=\"j2awr9\" data-start=\"2022\" data-end=\"2100\">bezpe\u010dnostn\u00e9 pokyny a rie\u0161enie riz\u00edk<\/li><\/ul><p data-start=\"2102\" data-end=\"2202\">Tieto stretnutia pomohli \u00fa\u010dastn\u00edkom z\u00edska\u0165 istotu a pripravi\u0165 sa na svoju prv\u00fa zahrani\u010dn\u00fa sk\u00fasenos\u0165.<\/p><hr data-start=\"2204\" data-end=\"2207\" \/><h3 data-section-id=\"17int6l\" data-start=\"2209\" data-end=\"2241\">\u00a0<\/h3><h3 data-section-id=\"17int6l\" data-start=\"2209\" data-end=\"2241\">\ud83d\ude86 Tri cesty naprie\u010d Eur\u00f3pou<\/h3><p data-start=\"2243\" data-end=\"2418\">Projekt zah\u0155\u0148al tri samostatn\u00e9 mobility (Nemecko a Taliansko), do ktor\u00fdch sa zapojilo spolu <strong data-start=\"2335\" data-end=\"2378\">15 mlad\u00fdch \u013eud\u00ed a 3 sprev\u00e1dzaj\u00face osoby<\/strong><\/p><p data-start=\"2420\" data-end=\"2430\">\u00da\u010dastn\u00edci:<\/p><ul data-start=\"2431\" data-end=\"2623\"><li data-section-id=\"1tvdiul\" data-start=\"2431\" data-end=\"2479\">cestovali vlakom (udr\u017eate\u013en\u00e1 forma mobility)<\/li><li data-section-id=\"1yov2nx\" data-start=\"2480\" data-end=\"2529\">nav\u0161t\u00edvili mest\u00e1 ako Berl\u00edn, Brusel \u010di Mil\u00e1no<\/li><li data-section-id=\"g4ng1p\" data-start=\"2530\" data-end=\"2623\">absolvovali \u0161tudijn\u00e9 n\u00e1v\u0161tevy NGO a green iniciat\u00edv<\/li><\/ul><p data-start=\"2625\" data-end=\"2747\">S\u00fa\u010das\u0165ou programu bola aj n\u00e1v\u0161teva Eur\u00f3pskeho parlamentu, ktor\u00e1 posilnila ich porozumenie eur\u00f3pskym hodnot\u00e1m a demokracii.<\/p><hr data-start=\"2749\" data-end=\"2752\" \/><h3 data-section-id=\"110jvq\" data-start=\"2754\" data-end=\"2782\">\u00a0<\/h3><h3 data-section-id=\"110jvq\" data-start=\"2754\" data-end=\"2782\">\ud83c\udf31 U\u010denie sa cez z\u00e1\u017eitok<\/h3><p data-start=\"2784\" data-end=\"2832\">Projekt bol postaven\u00fd na neform\u00e1lnom vzdel\u00e1van\u00ed:<\/p><ul data-start=\"2833\" data-end=\"2914\"><li data-section-id=\"16cee0t\" data-start=\"2833\" data-end=\"2855\">skupinov\u00e9 diskusie<\/li><li data-section-id=\"jwwm64\" data-start=\"2856\" data-end=\"2880\">reflexie po\u010das cesty<\/li><li data-section-id=\"jxipi5\" data-start=\"2881\" data-end=\"2914\">u\u010denie sa cez re\u00e1lne situ\u00e1cie<\/li><\/ul><p data-start=\"2916\" data-end=\"3112\">\u00da\u010dastn\u00edci rozv\u00edjali:<br \/>\u2714\ufe0f komunik\u00e1ciu a t\u00edmov\u00fa spolupr\u00e1cu<br data-start=\"2971\" data-end=\"2974\" \/>\u2714\ufe0f samostatnos\u0165 a rie\u0161enie probl\u00e9mov<br data-start=\"3010\" data-end=\"3013\" \/>\u2714\ufe0f interkult\u00farne kompetencie<br data-start=\"3041\" data-end=\"3044\" \/>\u2714\ufe0f environment\u00e1lne povedomie<\/p><hr data-start=\"3114\" data-end=\"3117\" \/><h3 data-section-id=\"1c0hj5d\" data-start=\"3119\" data-end=\"3154\">\u00a0<\/h3><h3 data-section-id=\"1c0hj5d\" data-start=\"3119\" data-end=\"3154\">\ud83c\udfa4 Zdie\u013eanie sk\u00fasenost\u00ed a dopad<\/h3><p data-start=\"3156\" data-end=\"3186\">Po n\u00e1vrate projekt pokra\u010doval:<\/p><ul data-start=\"3188\" data-end=\"3410\"><li data-section-id=\"1xwe9t8\" data-start=\"3188\" data-end=\"3243\">\u00fa\u010dastn\u00edci <strong data-start=\"3200\" data-end=\"3241\">prezentovali svoje z\u00e1\u017eitky na \u0161kol\u00e1ch<\/strong><\/li><li data-section-id=\"g5eyzz\" data-start=\"3244\" data-end=\"3323\">z\u00fa\u010dastnili sa <strong data-start=\"3260\" data-end=\"3298\">spolo\u010dn\u00e9ho hodnotiaceho stretnutia<\/strong>, kde zdie\u013eali reflexie<\/li><li data-section-id=\"1o85mj2\" data-start=\"3324\" data-end=\"3410\">svoje sk\u00fasenosti predstavili aj po\u010das komunitn\u00fdch podujat\u00ed (napr. viano\u010dn\u00fd ve\u010dierok)<\/li><\/ul><p data-start=\"3412\" data-end=\"3497\">Tieto aktivity posilnili ich schopnos\u0165 komunikova\u0165 a in\u0161pirova\u0165 \u010fal\u0161\u00edch mlad\u00fdch \u013eud\u00ed.<\/p><hr data-start=\"3499\" data-end=\"3502\" \/><h3 data-section-id=\"1j89yyp\" data-start=\"3504\" data-end=\"3536\">\u00a0<\/h3><h3 data-section-id=\"1j89yyp\" data-start=\"3504\" data-end=\"3536\">\ud83d\udcca V\u00fdsledky a dopad projektu<\/h3><p data-start=\"3538\" data-end=\"3573\">Projekt priniesol v\u00fdrazn\u00e9 v\u00fdsledky:<\/p><ul data-start=\"3575\" data-end=\"3828\"><li data-section-id=\"7znufu\" data-start=\"3575\" data-end=\"3630\">100 % \u00fa\u010dastn\u00edkov uviedlo, \u017ee z projektu profitovali<\/li><li data-section-id=\"a3w8aw\" data-start=\"3631\" data-end=\"3673\">93 % zv\u00fd\u0161ilo povedomie o udr\u017eate\u013enosti<\/li><li data-section-id=\"8a2aua\" data-start=\"3674\" data-end=\"3739\">80 % zmenilo svoje spr\u00e1vanie smerom k ekologickej\u0161iemu \u017eivotu<\/li><li data-section-id=\"g1bbxj\" data-start=\"3740\" data-end=\"3828\">80 % posilnilo z\u00e1ujem o ob\u010diansku particip\u00e1ciu<\/li><\/ul><p data-start=\"3830\" data-end=\"3958\">Pre mnoh\u00fdch \u00fa\u010dastn\u00edkov i\u0161lo o prv\u00fa cestu do zahrani\u010dia \u2013 a z\u00e1rove\u0148 o d\u00f4le\u017eit\u00fd krok k v\u00e4\u010d\u0161ej sebad\u00f4vere a aktivite v spolo\u010dnosti.<\/p><hr data-start=\"3960\" data-end=\"3963\" \/><h3 data-section-id=\"ifbke3\" data-start=\"3965\" data-end=\"3977\">\u00a0<\/h3><h3 data-section-id=\"ifbke3\" data-start=\"3965\" data-end=\"3977\">\ud83d\udc9a Z\u00e1ver<\/h3><p data-start=\"3979\" data-end=\"4103\">Green Journeys uk\u00e1zal, \u017ee aj mlad\u00ed \u013eudia s men\u0161\u00edmi pr\u00edle\u017eitos\u0165ami m\u00f4\u017eu za\u017ei\u0165 medzin\u00e1rodn\u00fa mobilitu, ak maj\u00fa spr\u00e1vnu podporu.<\/p><p data-start=\"4105\" data-end=\"4216\">Projekt nebol len o cestovan\u00ed \u2013 bol o:<br \/>\ud83d\udc49 raste<br data-start=\"4152\" data-end=\"4155\" \/>\ud83d\udc49 prekon\u00e1van\u00ed bari\u00e9r<br data-start=\"4176\" data-end=\"4179\" \/>\ud83d\udc49 a h\u013eadan\u00ed svojho miesta v Eur\u00f3pe<\/p>\t\t\t\t\t\t\t\t<\/div>\n\t\t\t\t<\/div>\n\t\t\t\t\t<\/div>\n\t\t<\/div>\n\t\t\t\t\t<\/div>\n\t\t<\/section>\n\t\t\t\t<\/div>\n\t\t","protected":false},"excerpt":{"rendered":"<p>Projekt Green Journeys, realizovan\u00fd v r\u00e1mci programu DiscoverEU Inclusion Action, priniesol jedine\u010dn\u00fa pr\u00edle\u017eitos\u0165 pre mlad\u00fdch \u013eud\u00ed s men\u0161\u00edmi pr\u00edle\u017eitos\u0165ami za\u017ei\u0165 medzin\u00e1rodn\u00fa mobilitu, rozv\u00edja\u0165 svoje kompetencie a objavi\u0165 Eur\u00f3pu nov\u00fdm sp\u00f4sobom. \u00a0 \ud83d\ude80 Pr\u00edprava ako k\u013e\u00fa\u010d k \u00faspechu Projekt neza\u010dal samotn\u00fdm cestovan\u00edm. Ka\u017ed\u00e1 skupina absolvovala pr\u00edpravn\u00e9 stretnutia, ktor\u00e9 zah\u0155\u0148ali: praktick\u00e9 inform\u00e1cie o cestovan\u00ed a logistike workshop&hellip;&nbsp;<a href=\"https:\/\/www.youthforequality.sk\/index.php\/2026\/03\/27\/green-journeys-cesta-za-sksenosami-ktor-menia-pohad-na-svet\/\" class=\"\" rel=\"bookmark\">\u010c\u00edta\u0165 viac &raquo;<span class=\"screen-reader-text\">Green Journeys: cesta za sk\u00fasenos\u0165ami, ktor\u00e9 menia poh\u013ead na svet<\/span><\/a><\/p>\n","protected":false},"author":2,"featured_media":11174,"comment_status":"closed","ping_status":"open","sticky":false,"template":"","format":"standard","meta":{"_uf_show_specific_survey":0,"_uf_disable_surveys":false,"neve_meta_sidebar":"","neve_meta_container":"","neve_meta_enable_content_width":"off","neve_meta_content_width":70,"neve_meta_title_alignment":"","neve_meta_author_avatar":"","neve_post_elements_order":"","neve_meta_disable_header":"","neve_meta_disable_footer":"","neve_meta_disable_title":"","_themeisle_gutenberg_block_has_review":false,"footnotes":""},"categories":[3,49,52],"tags":[],"class_list":["post-11175","post","type-post","status-publish","format-standard","has-post-thumbnail","hentry","category-blog","category-predosle-discovereu","category-pripravujeme-discovereu"],"yoast_head":"<!-- This site is optimized with the Yoast SEO plugin v27.4 - https:\/\/yoast.com\/product\/yoast-seo-wordpress\/ -->\n<title>Green Journeys: cesta za sk\u00fasenos\u0165ami, ktor\u00e9 menia poh\u013ead na svet |<\/title>\n<meta name=\"robots\" content=\"index, follow, max-snippet:-1, max-image-preview:large, max-video-preview:-1\" \/>\n<link rel=\"canonical\" href=\"https:\/\/www.youthforequality.sk\/index.php\/2026\/03\/27\/green-journeys-cesta-za-sksenosami-ktor-menia-pohad-na-svet\/\" \/>\n<meta property=\"og:locale\" content=\"sk_SK\" \/>\n<meta property=\"og:type\" content=\"article\" \/>\n<meta property=\"og:title\" content=\"Green Journeys: cesta za sk\u00fasenos\u0165ami, ktor\u00e9 menia poh\u013ead na svet |\" \/>\n<meta property=\"og:description\" content=\"Projekt Green Journeys, realizovan\u00fd v r\u00e1mci programu DiscoverEU Inclusion Action, priniesol jedine\u010dn\u00fa pr\u00edle\u017eitos\u0165 pre mlad\u00fdch \u013eud\u00ed s men\u0161\u00edmi pr\u00edle\u017eitos\u0165ami za\u017ei\u0165 medzin\u00e1rodn\u00fa mobilitu, rozv\u00edja\u0165 svoje kompetencie a objavi\u0165 Eur\u00f3pu nov\u00fdm sp\u00f4sobom. \u00a0 \ud83d\ude80 Pr\u00edprava ako k\u013e\u00fa\u010d k \u00faspechu Projekt neza\u010dal samotn\u00fdm cestovan\u00edm. Ka\u017ed\u00e1 skupina absolvovala pr\u00edpravn\u00e9 stretnutia, ktor\u00e9 zah\u0155\u0148ali: praktick\u00e9 inform\u00e1cie o cestovan\u00ed a logistike workshop&hellip;&nbsp;\u010c\u00edta\u0165 viac &raquo;Green Journeys: cesta za sk\u00fasenos\u0165ami, ktor\u00e9 menia poh\u013ead na svet\" \/>\n<meta property=\"og:url\" content=\"https:\/\/www.youthforequality.sk\/index.php\/2026\/03\/27\/green-journeys-cesta-za-sksenosami-ktor-menia-pohad-na-svet\/\" \/>\n<meta property=\"article:publisher\" content=\"https:\/\/www.facebook.com\/yeslovakia\" \/>\n<meta property=\"article:published_time\" content=\"2026-03-27T12:01:06+00:00\" \/>\n<meta property=\"article:modified_time\" content=\"2026-03-27T12:04:51+00:00\" \/>\n<meta property=\"og:image\" content=\"https:\/\/www.youthforequality.sk\/wp-content\/uploads\/2026\/03\/WhatsApp-Image-2025-10-31-at-19.42.20-1.jpeg\" \/>\n\t<meta property=\"og:image:width\" content=\"2048\" \/>\n\t<meta property=\"og:image:height\" content=\"2048\" \/>\n\t<meta property=\"og:image:type\" content=\"image\/jpeg\" \/>\n<meta name=\"author\" content=\"Diana Ja\u0161ekov\u00e1\" \/>\n<meta name=\"twitter:card\" content=\"summary_large_image\" \/>\n<meta name=\"twitter:label1\" content=\"Autor\" \/>\n\t<meta name=\"twitter:data1\" content=\"Diana Ja\u0161ekov\u00e1\" \/>\n\t<meta name=\"twitter:label2\" content=\"Predpokladan\u00fd \u010das \u010d\u00edtania\" \/>\n\t<meta name=\"twitter:data2\" content=\"5 min\u00fat\" \/>\n<script type=\"application\/ld+json\" class=\"yoast-schema-graph\">{\"@context\":\"https:\\\/\\\/schema.org\",\"@graph\":[{\"@type\":\"Article\",\"@id\":\"https:\\\/\\\/www.youthforequality.sk\\\/index.php\\\/2026\\\/03\\\/27\\\/green-journeys-cesta-za-sksenosami-ktor-menia-pohad-na-svet\\\/#article\",\"isPartOf\":{\"@id\":\"https:\\\/\\\/www.youthforequality.sk\\\/index.php\\\/2026\\\/03\\\/27\\\/green-journeys-cesta-za-sksenosami-ktor-menia-pohad-na-svet\\\/\"},\"author\":{\"name\":\"Diana Ja\u0161ekov\u00e1\",\"@id\":\"https:\\\/\\\/www.youthforequality.sk\\\/#\\\/schema\\\/person\\\/be8fe75a4ed9c28400bc99a029218b24\"},\"headline\":\"Green Journeys: cesta za sk\u00fasenos\u0165ami, ktor\u00e9 menia poh\u013ead na svet\",\"datePublished\":\"2026-03-27T12:01:06+00:00\",\"dateModified\":\"2026-03-27T12:04:51+00:00\",\"mainEntityOfPage\":{\"@id\":\"https:\\\/\\\/www.youthforequality.sk\\\/index.php\\\/2026\\\/03\\\/27\\\/green-journeys-cesta-za-sksenosami-ktor-menia-pohad-na-svet\\\/\"},\"wordCount\":439,\"publisher\":{\"@id\":\"https:\\\/\\\/www.youthforequality.sk\\\/#organization\"},\"image\":{\"@id\":\"https:\\\/\\\/www.youthforequality.sk\\\/index.php\\\/2026\\\/03\\\/27\\\/green-journeys-cesta-za-sksenosami-ktor-menia-pohad-na-svet\\\/#primaryimage\"},\"thumbnailUrl\":\"https:\\\/\\\/www.youthforequality.sk\\\/wp-content\\\/uploads\\\/2026\\\/03\\\/WhatsApp-Image-2025-10-31-at-19.42.20-1.jpeg\",\"articleSection\":[\"Blog\",\"Predo\u0161l\u00e9 DiscoverEU\",\"pripravujeme discoverEU\"],\"inLanguage\":\"sk-SK\"},{\"@type\":\"WebPage\",\"@id\":\"https:\\\/\\\/www.youthforequality.sk\\\/index.php\\\/2026\\\/03\\\/27\\\/green-journeys-cesta-za-sksenosami-ktor-menia-pohad-na-svet\\\/\",\"url\":\"https:\\\/\\\/www.youthforequality.sk\\\/index.php\\\/2026\\\/03\\\/27\\\/green-journeys-cesta-za-sksenosami-ktor-menia-pohad-na-svet\\\/\",\"name\":\"Green Journeys: cesta za sk\u00fasenos\u0165ami, ktor\u00e9 menia poh\u013ead na svet |\",\"isPartOf\":{\"@id\":\"https:\\\/\\\/www.youthforequality.sk\\\/#website\"},\"primaryImageOfPage\":{\"@id\":\"https:\\\/\\\/www.youthforequality.sk\\\/index.php\\\/2026\\\/03\\\/27\\\/green-journeys-cesta-za-sksenosami-ktor-menia-pohad-na-svet\\\/#primaryimage\"},\"image\":{\"@id\":\"https:\\\/\\\/www.youthforequality.sk\\\/index.php\\\/2026\\\/03\\\/27\\\/green-journeys-cesta-za-sksenosami-ktor-menia-pohad-na-svet\\\/#primaryimage\"},\"thumbnailUrl\":\"https:\\\/\\\/www.youthforequality.sk\\\/wp-content\\\/uploads\\\/2026\\\/03\\\/WhatsApp-Image-2025-10-31-at-19.42.20-1.jpeg\",\"datePublished\":\"2026-03-27T12:01:06+00:00\",\"dateModified\":\"2026-03-27T12:04:51+00:00\",\"breadcrumb\":{\"@id\":\"https:\\\/\\\/www.youthforequality.sk\\\/index.php\\\/2026\\\/03\\\/27\\\/green-journeys-cesta-za-sksenosami-ktor-menia-pohad-na-svet\\\/#breadcrumb\"},\"inLanguage\":\"sk-SK\",\"potentialAction\":[{\"@type\":\"ReadAction\",\"target\":[\"https:\\\/\\\/www.youthforequality.sk\\\/index.php\\\/2026\\\/03\\\/27\\\/green-journeys-cesta-za-sksenosami-ktor-menia-pohad-na-svet\\\/\"]}]},{\"@type\":\"ImageObject\",\"inLanguage\":\"sk-SK\",\"@id\":\"https:\\\/\\\/www.youthforequality.sk\\\/index.php\\\/2026\\\/03\\\/27\\\/green-journeys-cesta-za-sksenosami-ktor-menia-pohad-na-svet\\\/#primaryimage\",\"url\":\"https:\\\/\\\/www.youthforequality.sk\\\/wp-content\\\/uploads\\\/2026\\\/03\\\/WhatsApp-Image-2025-10-31-at-19.42.20-1.jpeg\",\"contentUrl\":\"https:\\\/\\\/www.youthforequality.sk\\\/wp-content\\\/uploads\\\/2026\\\/03\\\/WhatsApp-Image-2025-10-31-at-19.42.20-1.jpeg\",\"width\":2048,\"height\":2048},{\"@type\":\"BreadcrumbList\",\"@id\":\"https:\\\/\\\/www.youthforequality.sk\\\/index.php\\\/2026\\\/03\\\/27\\\/green-journeys-cesta-za-sksenosami-ktor-menia-pohad-na-svet\\\/#breadcrumb\",\"itemListElement\":[{\"@type\":\"ListItem\",\"position\":1,\"name\":\"Home\",\"item\":\"https:\\\/\\\/www.youthforequality.sk\\\/\"},{\"@type\":\"ListItem\",\"position\":2,\"name\":\"Green Journeys: cesta za sk\u00fasenos\u0165ami, ktor\u00e9 menia poh\u013ead na svet\"}]},{\"@type\":\"WebSite\",\"@id\":\"https:\\\/\\\/www.youthforequality.sk\\\/#website\",\"url\":\"https:\\\/\\\/www.youthforequality.sk\\\/\",\"name\":\"\",\"description\":\"\",\"publisher\":{\"@id\":\"https:\\\/\\\/www.youthforequality.sk\\\/#organization\"},\"potentialAction\":[{\"@type\":\"SearchAction\",\"target\":{\"@type\":\"EntryPoint\",\"urlTemplate\":\"https:\\\/\\\/www.youthforequality.sk\\\/?s={search_term_string}\"},\"query-input\":{\"@type\":\"PropertyValueSpecification\",\"valueRequired\":true,\"valueName\":\"search_term_string\"}}],\"inLanguage\":\"sk-SK\"},{\"@type\":\"Organization\",\"@id\":\"https:\\\/\\\/www.youthforequality.sk\\\/#organization\",\"name\":\"Youth for Equality\",\"url\":\"https:\\\/\\\/www.youthforequality.sk\\\/\",\"logo\":{\"@type\":\"ImageObject\",\"inLanguage\":\"sk-SK\",\"@id\":\"https:\\\/\\\/www.youthforequality.sk\\\/#\\\/schema\\\/logo\\\/image\\\/\",\"url\":\"https:\\\/\\\/www.youthforequality.sk\\\/wp-content\\\/uploads\\\/2021\\\/01\\\/vynovene-logo-nove-farby_modra-na-web.png\",\"contentUrl\":\"https:\\\/\\\/www.youthforequality.sk\\\/wp-content\\\/uploads\\\/2021\\\/01\\\/vynovene-logo-nove-farby_modra-na-web.png\",\"width\":1,\"height\":1,\"caption\":\"Youth for Equality\"},\"image\":{\"@id\":\"https:\\\/\\\/www.youthforequality.sk\\\/#\\\/schema\\\/logo\\\/image\\\/\"},\"sameAs\":[\"https:\\\/\\\/www.facebook.com\\\/yeslovakia\"]},{\"@type\":\"Person\",\"@id\":\"https:\\\/\\\/www.youthforequality.sk\\\/#\\\/schema\\\/person\\\/be8fe75a4ed9c28400bc99a029218b24\",\"name\":\"Diana Ja\u0161ekov\u00e1\",\"image\":{\"@type\":\"ImageObject\",\"inLanguage\":\"sk-SK\",\"@id\":\"https:\\\/\\\/secure.gravatar.com\\\/avatar\\\/8c7454049523c9673804cf321f89b38fd4fcd5aa5ad8961f32caaf292dfd996f?s=96&d=mm&r=g\",\"url\":\"https:\\\/\\\/secure.gravatar.com\\\/avatar\\\/8c7454049523c9673804cf321f89b38fd4fcd5aa5ad8961f32caaf292dfd996f?s=96&d=mm&r=g\",\"contentUrl\":\"https:\\\/\\\/secure.gravatar.com\\\/avatar\\\/8c7454049523c9673804cf321f89b38fd4fcd5aa5ad8961f32caaf292dfd996f?s=96&d=mm&r=g\",\"caption\":\"Diana Ja\u0161ekov\u00e1\"},\"url\":\"https:\\\/\\\/www.youthforequality.sk\\\/index.php\\\/author\\\/diajas\\\/\"}]}<\/script>\n<!-- \/ Yoast SEO plugin. -->","yoast_head_json":{"title":"Green Journeys: cesta za sk\u00fasenos\u0165ami, ktor\u00e9 menia poh\u013ead na svet |","robots":{"index":"index","follow":"follow","max-snippet":"max-snippet:-1","max-image-preview":"max-image-preview:large","max-video-preview":"max-video-preview:-1"},"canonical":"https:\/\/www.youthforequality.sk\/index.php\/2026\/03\/27\/green-journeys-cesta-za-sksenosami-ktor-menia-pohad-na-svet\/","og_locale":"sk_SK","og_type":"article","og_title":"Green Journeys: cesta za sk\u00fasenos\u0165ami, ktor\u00e9 menia poh\u013ead na svet |","og_description":"Projekt Green Journeys, realizovan\u00fd v r\u00e1mci programu DiscoverEU Inclusion Action, priniesol jedine\u010dn\u00fa pr\u00edle\u017eitos\u0165 pre mlad\u00fdch \u013eud\u00ed s men\u0161\u00edmi pr\u00edle\u017eitos\u0165ami za\u017ei\u0165 medzin\u00e1rodn\u00fa mobilitu, rozv\u00edja\u0165 svoje kompetencie a objavi\u0165 Eur\u00f3pu nov\u00fdm sp\u00f4sobom. \u00a0 \ud83d\ude80 Pr\u00edprava ako k\u013e\u00fa\u010d k \u00faspechu Projekt neza\u010dal samotn\u00fdm cestovan\u00edm. Ka\u017ed\u00e1 skupina absolvovala pr\u00edpravn\u00e9 stretnutia, ktor\u00e9 zah\u0155\u0148ali: praktick\u00e9 inform\u00e1cie o cestovan\u00ed a logistike workshop&hellip;&nbsp;\u010c\u00edta\u0165 viac &raquo;Green Journeys: cesta za sk\u00fasenos\u0165ami, ktor\u00e9 menia poh\u013ead na svet","og_url":"https:\/\/www.youthforequality.sk\/index.php\/2026\/03\/27\/green-journeys-cesta-za-sksenosami-ktor-menia-pohad-na-svet\/","article_publisher":"https:\/\/www.facebook.com\/yeslovakia","article_published_time":"2026-03-27T12:01:06+00:00","article_modified_time":"2026-03-27T12:04:51+00:00","og_image":[{"width":2048,"height":2048,"url":"https:\/\/www.youthforequality.sk\/wp-content\/uploads\/2026\/03\/WhatsApp-Image-2025-10-31-at-19.42.20-1.jpeg","type":"image\/jpeg"}],"author":"Diana Ja\u0161ekov\u00e1","twitter_card":"summary_large_image","twitter_misc":{"Autor":"Diana Ja\u0161ekov\u00e1","Predpokladan\u00fd \u010das \u010d\u00edtania":"5 min\u00fat"},"schema":{"@context":"https:\/\/schema.org","@graph":[{"@type":"Article","@id":"https:\/\/www.youthforequality.sk\/index.php\/2026\/03\/27\/green-journeys-cesta-za-sksenosami-ktor-menia-pohad-na-svet\/#article","isPartOf":{"@id":"https:\/\/www.youthforequality.sk\/index.php\/2026\/03\/27\/green-journeys-cesta-za-sksenosami-ktor-menia-pohad-na-svet\/"},"author":{"name":"Diana Ja\u0161ekov\u00e1","@id":"https:\/\/www.youthforequality.sk\/#\/schema\/person\/be8fe75a4ed9c28400bc99a029218b24"},"headline":"Green Journeys: cesta za sk\u00fasenos\u0165ami, ktor\u00e9 menia poh\u013ead na svet","datePublished":"2026-03-27T12:01:06+00:00","dateModified":"2026-03-27T12:04:51+00:00","mainEntityOfPage":{"@id":"https:\/\/www.youthforequality.sk\/index.php\/2026\/03\/27\/green-journeys-cesta-za-sksenosami-ktor-menia-pohad-na-svet\/"},"wordCount":439,"publisher":{"@id":"https:\/\/www.youthforequality.sk\/#organization"},"image":{"@id":"https:\/\/www.youthforequality.sk\/index.php\/2026\/03\/27\/green-journeys-cesta-za-sksenosami-ktor-menia-pohad-na-svet\/#primaryimage"},"thumbnailUrl":"https:\/\/www.youthforequality.sk\/wp-content\/uploads\/2026\/03\/WhatsApp-Image-2025-10-31-at-19.42.20-1.jpeg","articleSection":["Blog","Predo\u0161l\u00e9 DiscoverEU","pripravujeme discoverEU"],"inLanguage":"sk-SK"},{"@type":"WebPage","@id":"https:\/\/www.youthforequality.sk\/index.php\/2026\/03\/27\/green-journeys-cesta-za-sksenosami-ktor-menia-pohad-na-svet\/","url":"https:\/\/www.youthforequality.sk\/index.php\/2026\/03\/27\/green-journeys-cesta-za-sksenosami-ktor-menia-pohad-na-svet\/","name":"Green Journeys: cesta za sk\u00fasenos\u0165ami, ktor\u00e9 menia poh\u013ead na svet |","isPartOf":{"@id":"https:\/\/www.youthforequality.sk\/#website"},"primaryImageOfPage":{"@id":"https:\/\/www.youthforequality.sk\/index.php\/2026\/03\/27\/green-journeys-cesta-za-sksenosami-ktor-menia-pohad-na-svet\/#primaryimage"},"image":{"@id":"https:\/\/www.youthforequality.sk\/index.php\/2026\/03\/27\/green-journeys-cesta-za-sksenosami-ktor-menia-pohad-na-svet\/#primaryimage"},"thumbnailUrl":"https:\/\/www.youthforequality.sk\/wp-content\/uploads\/2026\/03\/WhatsApp-Image-2025-10-31-at-19.42.20-1.jpeg","datePublished":"2026-03-27T12:01:06+00:00","dateModified":"2026-03-27T12:04:51+00:00","breadcrumb":{"@id":"https:\/\/www.youthforequality.sk\/index.php\/2026\/03\/27\/green-journeys-cesta-za-sksenosami-ktor-menia-pohad-na-svet\/#breadcrumb"},"inLanguage":"sk-SK","potentialAction":[{"@type":"ReadAction","target":["https:\/\/www.youthforequality.sk\/index.php\/2026\/03\/27\/green-journeys-cesta-za-sksenosami-ktor-menia-pohad-na-svet\/"]}]},{"@type":"ImageObject","inLanguage":"sk-SK","@id":"https:\/\/www.youthforequality.sk\/index.php\/2026\/03\/27\/green-journeys-cesta-za-sksenosami-ktor-menia-pohad-na-svet\/#primaryimage","url":"https:\/\/www.youthforequality.sk\/wp-content\/uploads\/2026\/03\/WhatsApp-Image-2025-10-31-at-19.42.20-1.jpeg","contentUrl":"https:\/\/www.youthforequality.sk\/wp-content\/uploads\/2026\/03\/WhatsApp-Image-2025-10-31-at-19.42.20-1.jpeg","width":2048,"height":2048},{"@type":"BreadcrumbList","@id":"https:\/\/www.youthforequality.sk\/index.php\/2026\/03\/27\/green-journeys-cesta-za-sksenosami-ktor-menia-pohad-na-svet\/#breadcrumb","itemListElement":[{"@type":"ListItem","position":1,"name":"Home","item":"https:\/\/www.youthforequality.sk\/"},{"@type":"ListItem","position":2,"name":"Green Journeys: cesta za sk\u00fasenos\u0165ami, ktor\u00e9 menia poh\u013ead na svet"}]},{"@type":"WebSite","@id":"https:\/\/www.youthforequality.sk\/#website","url":"https:\/\/www.youthforequality.sk\/","name":"","description":"","publisher":{"@id":"https:\/\/www.youthforequality.sk\/#organization"},"potentialAction":[{"@type":"SearchAction","target":{"@type":"EntryPoint","urlTemplate":"https:\/\/www.youthforequality.sk\/?s={search_term_string}"},"query-input":{"@type":"PropertyValueSpecification","valueRequired":true,"valueName":"search_term_string"}}],"inLanguage":"sk-SK"},{"@type":"Organization","@id":"https:\/\/www.youthforequality.sk\/#organization","name":"Youth for Equality","url":"https:\/\/www.youthforequality.sk\/","logo":{"@type":"ImageObject","inLanguage":"sk-SK","@id":"https:\/\/www.youthforequality.sk\/#\/schema\/logo\/image\/","url":"https:\/\/www.youthforequality.sk\/wp-content\/uploads\/2021\/01\/vynovene-logo-nove-farby_modra-na-web.png","contentUrl":"https:\/\/www.youthforequality.sk\/wp-content\/uploads\/2021\/01\/vynovene-logo-nove-farby_modra-na-web.png","width":1,"height":1,"caption":"Youth for Equality"},"image":{"@id":"https:\/\/www.youthforequality.sk\/#\/schema\/logo\/image\/"},"sameAs":["https:\/\/www.facebook.com\/yeslovakia"]},{"@type":"Person","@id":"https:\/\/www.youthforequality.sk\/#\/schema\/person\/be8fe75a4ed9c28400bc99a029218b24","name":"Diana Ja\u0161ekov\u00e1","image":{"@type":"ImageObject","inLanguage":"sk-SK","@id":"https:\/\/secure.gravatar.com\/avatar\/8c7454049523c9673804cf321f89b38fd4fcd5aa5ad8961f32caaf292dfd996f?s=96&d=mm&r=g","url":"https:\/\/secure.gravatar.com\/avatar\/8c7454049523c9673804cf321f89b38fd4fcd5aa5ad8961f32caaf292dfd996f?s=96&d=mm&r=g","contentUrl":"https:\/\/secure.gravatar.com\/avatar\/8c7454049523c9673804cf321f89b38fd4fcd5aa5ad8961f32caaf292dfd996f?s=96&d=mm&r=g","caption":"Diana Ja\u0161ekov\u00e1"},"url":"https:\/\/www.youthforequality.sk\/index.php\/author\/diajas\/"}]}},"_links":{"self":[{"href":"https:\/\/www.youthforequality.sk\/index.php\/wp-json\/wp\/v2\/posts\/11175","targetHints":{"allow":["GET"]}}],"collection":[{"href":"https:\/\/www.youthforequality.sk\/index.php\/wp-json\/wp\/v2\/posts"}],"about":[{"href":"https:\/\/www.youthforequality.sk\/index.php\/wp-json\/wp\/v2\/types\/post"}],"author":[{"embeddable":true,"href":"https:\/\/www.youthforequality.sk\/index.php\/wp-json\/wp\/v2\/users\/2"}],"replies":[{"embeddable":true,"href":"https:\/\/www.youthforequality.sk\/index.php\/wp-json\/wp\/v2\/comments?post=11175"}],"version-history":[{"count":3,"href":"https:\/\/www.youthforequality.sk\/index.php\/wp-json\/wp\/v2\/posts\/11175\/revisions"}],"predecessor-version":[{"id":11178,"href":"https:\/\/www.youthforequality.sk\/index.php\/wp-json\/wp\/v2\/posts\/11175\/revisions\/11178"}],"wp:featuredmedia":[{"embeddable":true,"href":"https:\/\/www.youthforequality.sk\/index.php\/wp-json\/wp\/v2\/media\/11174"}],"wp:attachment":[{"href":"https:\/\/www.youthforequality.sk\/index.php\/wp-json\/wp\/v2\/media?parent=11175"}],"wp:term":[{"taxonomy":"category","embeddable":true,"href":"https:\/\/www.youthforequality.sk\/index.php\/wp-json\/wp\/v2\/categories?post=11175"},{"taxonomy":"post_tag","embeddable":true,"href":"https:\/\/www.youthforequality.sk\/index.php\/wp-json\/wp\/v2\/tags?post=11175"}],"curies":[{"name":"wp","href":"https:\/\/api.w.org\/{rel}","templated":true}]}}