{"id":11308,"date":"2026-04-22T12:03:59","date_gmt":"2026-04-22T10:03:59","guid":{"rendered":"https:\/\/www.youthforequality.sk\/?p=11308"},"modified":"2026-04-22T12:53:28","modified_gmt":"2026-04-22T10:53:28","slug":"youth-exchange-prompt-your-future-ai-powered-career-lab-copy-2","status":"publish","type":"post","link":"https:\/\/www.youthforequality.sk\/index.php\/2026\/04\/22\/youth-exchange-prompt-your-future-ai-powered-career-lab-copy-2\/","title":{"rendered":"Migrant Lisa: The Portrait of Today\u2019s Europe"},"content":{"rendered":"\t\t<div data-elementor-type=\"wp-post\" data-elementor-id=\"11308\" class=\"elementor elementor-11308\">\n\t\t\t\t\t\t<section class=\"elementor-section elementor-top-section elementor-element elementor-element-5c458f2 elementor-section-boxed elementor-section-height-default elementor-section-height-default\" data-id=\"5c458f2\" data-element_type=\"section\" data-e-type=\"section\">\n\t\t\t\t\t\t<div class=\"elementor-container elementor-column-gap-default\">\n\t\t\t\t\t<div class=\"elementor-column elementor-col-100 elementor-top-column elementor-element elementor-element-bb6789f\" data-id=\"bb6789f\" data-element_type=\"column\" data-e-type=\"column\">\n\t\t\t<div class=\"elementor-widget-wrap elementor-element-populated\">\n\t\t\t\t\t\t<div class=\"elementor-element elementor-element-188ce84 elementor-widget elementor-widget-text-editor\" data-id=\"188ce84\" data-element_type=\"widget\" data-e-type=\"widget\" data-widget_type=\"text-editor.default\">\n\t\t\t\t<div class=\"elementor-widget-container\">\n\t\t\t\t\t\t\t\t\t<p><img decoding=\"async\" class=\"emoji\" role=\"img\" draggable=\"false\" src=\"https:\/\/s.w.org\/images\/core\/emoji\/17.0.2\/svg\/1f30d.svg\" alt=\"\ud83c\udf0d\"> Open Call: Erasmus+ Youth Exchange<\/p>\n<p>\u201cMigrant Lisa: The Portrait of Today\u2019s Europe\u201d<\/p>\n<p>We are looking for motivated young people to take part in an international Erasmus+ Youth Exchange exploring migration, asylum, and the realities shaping today\u2019s Europe.<\/p>\n<p><img decoding=\"async\" class=\"emoji\" role=\"img\" draggable=\"false\" src=\"https:\/\/s.w.org\/images\/core\/emoji\/17.0.2\/svg\/1f4cd.svg\" alt=\"\ud83d\udccd\"> Location :R\u00e2mnicu V\u00e2lcea, Romania<br><img decoding=\"async\" class=\"emoji\" role=\"img\" draggable=\"false\" src=\"https:\/\/s.w.org\/images\/core\/emoji\/17.0.2\/svg\/1f4c5.svg\" alt=\"\ud83d\udcc5\"> Dates<br>Arrival: 08 July 2026<br>Activities: 09\u201316 July 2026<br>Departure: 17 July 2026<\/p><p><br><\/p>\n<p><b>About the Project<\/b><\/p>\n<p>This youth exchange will bring together participants from Romania, Slovakia, Sweden, T\u00fcrkiye, and North Macedonia.Through non-formal education methods, we will explore:<\/p>\n<p>Migration and refugee experiences<br>European values and inclusion<br>Intercultural dialogue and understanding<br>Critical thinking and active participation<\/p>\n<p>Participants will also co-create project outputs and contribute to dissemination activities.<\/p><p><br><\/p>\n<p><b><img decoding=\"async\" class=\"emoji\" role=\"img\" draggable=\"false\" src=\"https:\/\/s.w.org\/images\/core\/emoji\/17.0.2\/svg\/1f465.svg\" alt=\"\ud83d\udc65\"> Who Can Apply?<\/b><\/p>\n<p>We are looking for:<\/p>\n<p>Young people aged 18\u201330<br>Interested in migration and social topics<br>Open-minded and willing to engage in intercultural learning<br>Motivated to actively participate<\/p>\n<p>Each group will include:<\/p>\n<p>6 participants<br>1 group leader (no age limit)<\/p>\n<p>We especially encourage:<\/p>\n<p>First-time Erasmus+ participants<br>Young people with fewer opportunities<\/p><p><br><\/p>\n<p><b><img decoding=\"async\" class=\"emoji\" role=\"img\" draggable=\"false\" src=\"https:\/\/s.w.org\/images\/core\/emoji\/17.0.2\/svg\/1f3e1.svg\" alt=\"\ud83c\udfe1\"> Accommodation &amp; Food<\/b><\/p>\n<p>Participants will stay in shared rooms (2\u20134 people) in nearby accommodations in R\u00e2mnicu V\u00e2lcea.<br>All accommodation and meals are covered by the project.<\/p><p><br><\/p>\n<p><b><img decoding=\"async\" class=\"emoji\" role=\"img\" draggable=\"false\" src=\"https:\/\/s.w.org\/images\/core\/emoji\/17.0.2\/svg\/2708.svg\" alt=\"\u2708\ufe0f\"> Travel &amp; Costs<\/b><br>Travel costs are reimbursed based on Erasmus+ distance bands<br>Participants must use economical travel options<br>A 50 EUR transport fee will be deducted (except for green travel participants)<br>Participants must keep all tickets and boarding passes<\/p><p><br><\/p>\n<p><strong>T<\/strong><b>o apply,<\/b> please fill in the application form https:<a href=\"https:\/\/docs.google.com\/forms\/d\/14RW6MZBZxb6BSwnYCPKPUkjNtmG13u5cpFbAFDJfI8I\/\">\/\/docs.google.com\/forms\/d\/14RW6MZBZxb6BSwnYCPKPUkjNtmG13u5cpFbAFDJfI8I\/<\/a><\/p>\n<p><strong>H<\/strong><b>ere Infopack<\/b> : <a href=\"https:\/\/drive.google.com\/file\/d\/1h9I0VwA0YfPz078FrklIx_2LjdtBRG-C\/view?usp=sharing\">https:\/\/drive.google.com\/file\/d\/1h9I0VwA0YfPz078FrklIx_2LjdtBRG-C\/view?usp=sharing<\/a><\/p>\t\t\t\t\t\t\t\t<\/div>\n\t\t\t\t<\/div>\n\t\t\t\t\t<\/div>\n\t\t<\/div>\n\t\t\t\t\t<\/div>\n\t\t<\/section>\n\t\t\t\t<\/div>\n\t\t","protected":false},"excerpt":{"rendered":"<p>Open Call: Erasmus+ Youth Exchange \u201cMigrant Lisa: The Portrait of Today\u2019s Europe\u201d We are looking for motivated young people to take part in an international Erasmus+ Youth Exchange exploring migration, asylum, and the realities shaping today\u2019s Europe. Location :R\u00e2mnicu V\u00e2lcea, Romania DatesArrival: 08 July 2026Activities: 09\u201316 July 2026Departure: 17 July 2026 About the Project This&hellip;&nbsp;<a href=\"https:\/\/www.youthforequality.sk\/index.php\/2026\/04\/22\/youth-exchange-prompt-your-future-ai-powered-career-lab-copy-2\/\" class=\"\" rel=\"bookmark\">\u010c\u00edta\u0165 viac &raquo;<span class=\"screen-reader-text\">Migrant Lisa: The Portrait of Today\u2019s Europe<\/span><\/a><\/p>\n","protected":false},"author":13,"featured_media":11309,"comment_status":"closed","ping_status":"open","sticky":false,"template":"","format":"standard","meta":{"_uf_show_specific_survey":0,"_uf_disable_surveys":false,"neve_meta_sidebar":"","neve_meta_container":"","neve_meta_enable_content_width":"off","neve_meta_content_width":70,"neve_meta_title_alignment":"","neve_meta_author_avatar":"","neve_post_elements_order":"","neve_meta_disable_header":"","neve_meta_disable_footer":"","neve_meta_disable_title":"","_themeisle_gutenberg_block_has_review":false,"footnotes":""},"categories":[42],"tags":[],"class_list":["post-11308","post","type-post","status-publish","format-standard","has-post-thumbnail","hentry","category-zapoj-sa"],"yoast_head":"<!-- This site is optimized with the Yoast SEO plugin v27.4 - https:\/\/yoast.com\/product\/yoast-seo-wordpress\/ -->\n<title>Migrant Lisa: The Portrait of Today\u2019s Europe |<\/title>\n<meta name=\"robots\" content=\"index, follow, max-snippet:-1, max-image-preview:large, max-video-preview:-1\" \/>\n<link rel=\"canonical\" href=\"https:\/\/www.youthforequality.sk\/index.php\/2026\/04\/22\/youth-exchange-prompt-your-future-ai-powered-career-lab-copy-2\/\" \/>\n<meta property=\"og:locale\" content=\"sk_SK\" \/>\n<meta property=\"og:type\" content=\"article\" \/>\n<meta property=\"og:title\" content=\"Migrant Lisa: The Portrait of Today\u2019s Europe |\" \/>\n<meta property=\"og:description\" content=\"Open Call: Erasmus+ Youth Exchange \u201cMigrant Lisa: The Portrait of Today\u2019s Europe\u201d We are looking for motivated young people to take part in an international Erasmus+ Youth Exchange exploring migration, asylum, and the realities shaping today\u2019s Europe. Location :R\u00e2mnicu V\u00e2lcea, Romania DatesArrival: 08 July 2026Activities: 09\u201316 July 2026Departure: 17 July 2026 About the Project This&hellip;&nbsp;\u010c\u00edta\u0165 viac &raquo;Migrant Lisa: The Portrait of Today\u2019s Europe\" \/>\n<meta property=\"og:url\" content=\"https:\/\/www.youthforequality.sk\/index.php\/2026\/04\/22\/youth-exchange-prompt-your-future-ai-powered-career-lab-copy-2\/\" \/>\n<meta property=\"article:publisher\" content=\"https:\/\/www.facebook.com\/yeslovakia\" \/>\n<meta property=\"article:published_time\" content=\"2026-04-22T10:03:59+00:00\" \/>\n<meta property=\"article:modified_time\" content=\"2026-04-22T10:53:28+00:00\" \/>\n<meta property=\"og:image\" content=\"https:\/\/www.youthforequality.sk\/wp-content\/uploads\/2026\/04\/Website-Covers.png\" \/>\n\t<meta property=\"og:image:width\" content=\"1576\" \/>\n\t<meta property=\"og:image:height\" content=\"960\" \/>\n\t<meta property=\"og:image:type\" content=\"image\/png\" \/>\n<meta name=\"author\" content=\"Volunteers\" \/>\n<meta name=\"twitter:card\" content=\"summary_large_image\" \/>\n<meta name=\"twitter:label1\" content=\"Autor\" \/>\n\t<meta name=\"twitter:data1\" content=\"Volunteers\" \/>\n\t<meta name=\"twitter:label2\" content=\"Predpokladan\u00fd \u010das \u010d\u00edtania\" \/>\n\t<meta name=\"twitter:data2\" content=\"3 min\u00faty\" \/>\n<script type=\"application\/ld+json\" class=\"yoast-schema-graph\">{\"@context\":\"https:\\\/\\\/schema.org\",\"@graph\":[{\"@type\":\"Article\",\"@id\":\"https:\\\/\\\/www.youthforequality.sk\\\/index.php\\\/2026\\\/04\\\/22\\\/youth-exchange-prompt-your-future-ai-powered-career-lab-copy-2\\\/#article\",\"isPartOf\":{\"@id\":\"https:\\\/\\\/www.youthforequality.sk\\\/index.php\\\/2026\\\/04\\\/22\\\/youth-exchange-prompt-your-future-ai-powered-career-lab-copy-2\\\/\"},\"author\":{\"name\":\"Volunteers\",\"@id\":\"https:\\\/\\\/www.youthforequality.sk\\\/#\\\/schema\\\/person\\\/55f3a5ce6c3bf59030ee945357c0831b\"},\"headline\":\"Migrant Lisa: The Portrait of Today\u2019s Europe\",\"datePublished\":\"2026-04-22T10:03:59+00:00\",\"dateModified\":\"2026-04-22T10:53:28+00:00\",\"mainEntityOfPage\":{\"@id\":\"https:\\\/\\\/www.youthforequality.sk\\\/index.php\\\/2026\\\/04\\\/22\\\/youth-exchange-prompt-your-future-ai-powered-career-lab-copy-2\\\/\"},\"wordCount\":258,\"publisher\":{\"@id\":\"https:\\\/\\\/www.youthforequality.sk\\\/#organization\"},\"image\":{\"@id\":\"https:\\\/\\\/www.youthforequality.sk\\\/index.php\\\/2026\\\/04\\\/22\\\/youth-exchange-prompt-your-future-ai-powered-career-lab-copy-2\\\/#primaryimage\"},\"thumbnailUrl\":\"https:\\\/\\\/www.youthforequality.sk\\\/wp-content\\\/uploads\\\/2026\\\/04\\\/Website-Covers.png\",\"articleSection\":[\"Zapoj sa\"],\"inLanguage\":\"sk-SK\"},{\"@type\":\"WebPage\",\"@id\":\"https:\\\/\\\/www.youthforequality.sk\\\/index.php\\\/2026\\\/04\\\/22\\\/youth-exchange-prompt-your-future-ai-powered-career-lab-copy-2\\\/\",\"url\":\"https:\\\/\\\/www.youthforequality.sk\\\/index.php\\\/2026\\\/04\\\/22\\\/youth-exchange-prompt-your-future-ai-powered-career-lab-copy-2\\\/\",\"name\":\"Migrant Lisa: The Portrait of Today\u2019s Europe |\",\"isPartOf\":{\"@id\":\"https:\\\/\\\/www.youthforequality.sk\\\/#website\"},\"primaryImageOfPage\":{\"@id\":\"https:\\\/\\\/www.youthforequality.sk\\\/index.php\\\/2026\\\/04\\\/22\\\/youth-exchange-prompt-your-future-ai-powered-career-lab-copy-2\\\/#primaryimage\"},\"image\":{\"@id\":\"https:\\\/\\\/www.youthforequality.sk\\\/index.php\\\/2026\\\/04\\\/22\\\/youth-exchange-prompt-your-future-ai-powered-career-lab-copy-2\\\/#primaryimage\"},\"thumbnailUrl\":\"https:\\\/\\\/www.youthforequality.sk\\\/wp-content\\\/uploads\\\/2026\\\/04\\\/Website-Covers.png\",\"datePublished\":\"2026-04-22T10:03:59+00:00\",\"dateModified\":\"2026-04-22T10:53:28+00:00\",\"breadcrumb\":{\"@id\":\"https:\\\/\\\/www.youthforequality.sk\\\/index.php\\\/2026\\\/04\\\/22\\\/youth-exchange-prompt-your-future-ai-powered-career-lab-copy-2\\\/#breadcrumb\"},\"inLanguage\":\"sk-SK\",\"potentialAction\":[{\"@type\":\"ReadAction\",\"target\":[\"https:\\\/\\\/www.youthforequality.sk\\\/index.php\\\/2026\\\/04\\\/22\\\/youth-exchange-prompt-your-future-ai-powered-career-lab-copy-2\\\/\"]}]},{\"@type\":\"ImageObject\",\"inLanguage\":\"sk-SK\",\"@id\":\"https:\\\/\\\/www.youthforequality.sk\\\/index.php\\\/2026\\\/04\\\/22\\\/youth-exchange-prompt-your-future-ai-powered-career-lab-copy-2\\\/#primaryimage\",\"url\":\"https:\\\/\\\/www.youthforequality.sk\\\/wp-content\\\/uploads\\\/2026\\\/04\\\/Website-Covers.png\",\"contentUrl\":\"https:\\\/\\\/www.youthforequality.sk\\\/wp-content\\\/uploads\\\/2026\\\/04\\\/Website-Covers.png\",\"width\":1576,\"height\":960},{\"@type\":\"BreadcrumbList\",\"@id\":\"https:\\\/\\\/www.youthforequality.sk\\\/index.php\\\/2026\\\/04\\\/22\\\/youth-exchange-prompt-your-future-ai-powered-career-lab-copy-2\\\/#breadcrumb\",\"itemListElement\":[{\"@type\":\"ListItem\",\"position\":1,\"name\":\"Home\",\"item\":\"https:\\\/\\\/www.youthforequality.sk\\\/\"},{\"@type\":\"ListItem\",\"position\":2,\"name\":\"Migrant Lisa: The Portrait of Today\u2019s Europe\"}]},{\"@type\":\"WebSite\",\"@id\":\"https:\\\/\\\/www.youthforequality.sk\\\/#website\",\"url\":\"https:\\\/\\\/www.youthforequality.sk\\\/\",\"name\":\"\",\"description\":\"\",\"publisher\":{\"@id\":\"https:\\\/\\\/www.youthforequality.sk\\\/#organization\"},\"potentialAction\":[{\"@type\":\"SearchAction\",\"target\":{\"@type\":\"EntryPoint\",\"urlTemplate\":\"https:\\\/\\\/www.youthforequality.sk\\\/?s={search_term_string}\"},\"query-input\":{\"@type\":\"PropertyValueSpecification\",\"valueRequired\":true,\"valueName\":\"search_term_string\"}}],\"inLanguage\":\"sk-SK\"},{\"@type\":\"Organization\",\"@id\":\"https:\\\/\\\/www.youthforequality.sk\\\/#organization\",\"name\":\"Youth for Equality\",\"url\":\"https:\\\/\\\/www.youthforequality.sk\\\/\",\"logo\":{\"@type\":\"ImageObject\",\"inLanguage\":\"sk-SK\",\"@id\":\"https:\\\/\\\/www.youthforequality.sk\\\/#\\\/schema\\\/logo\\\/image\\\/\",\"url\":\"https:\\\/\\\/www.youthforequality.sk\\\/wp-content\\\/uploads\\\/2021\\\/01\\\/vynovene-logo-nove-farby_modra-na-web.png\",\"contentUrl\":\"https:\\\/\\\/www.youthforequality.sk\\\/wp-content\\\/uploads\\\/2021\\\/01\\\/vynovene-logo-nove-farby_modra-na-web.png\",\"width\":1,\"height\":1,\"caption\":\"Youth for Equality\"},\"image\":{\"@id\":\"https:\\\/\\\/www.youthforequality.sk\\\/#\\\/schema\\\/logo\\\/image\\\/\"},\"sameAs\":[\"https:\\\/\\\/www.facebook.com\\\/yeslovakia\"]},{\"@type\":\"Person\",\"@id\":\"https:\\\/\\\/www.youthforequality.sk\\\/#\\\/schema\\\/person\\\/55f3a5ce6c3bf59030ee945357c0831b\",\"name\":\"Volunteers\",\"image\":{\"@type\":\"ImageObject\",\"inLanguage\":\"sk-SK\",\"@id\":\"https:\\\/\\\/secure.gravatar.com\\\/avatar\\\/877e8b8b1c7141289d8fa98d9c34bac243a6398eab80927213700d9ba7888055?s=96&d=mm&r=g\",\"url\":\"https:\\\/\\\/secure.gravatar.com\\\/avatar\\\/877e8b8b1c7141289d8fa98d9c34bac243a6398eab80927213700d9ba7888055?s=96&d=mm&r=g\",\"contentUrl\":\"https:\\\/\\\/secure.gravatar.com\\\/avatar\\\/877e8b8b1c7141289d8fa98d9c34bac243a6398eab80927213700d9ba7888055?s=96&d=mm&r=g\",\"caption\":\"Volunteers\"},\"url\":\"https:\\\/\\\/www.youthforequality.sk\\\/index.php\\\/author\\\/volunteers\\\/\"}]}<\/script>\n<!-- \/ Yoast SEO plugin. -->","yoast_head_json":{"title":"Migrant Lisa: The Portrait of Today\u2019s Europe |","robots":{"index":"index","follow":"follow","max-snippet":"max-snippet:-1","max-image-preview":"max-image-preview:large","max-video-preview":"max-video-preview:-1"},"canonical":"https:\/\/www.youthforequality.sk\/index.php\/2026\/04\/22\/youth-exchange-prompt-your-future-ai-powered-career-lab-copy-2\/","og_locale":"sk_SK","og_type":"article","og_title":"Migrant Lisa: The Portrait of Today\u2019s Europe |","og_description":"Open Call: Erasmus+ Youth Exchange \u201cMigrant Lisa: The Portrait of Today\u2019s Europe\u201d We are looking for motivated young people to take part in an international Erasmus+ Youth Exchange exploring migration, asylum, and the realities shaping today\u2019s Europe. Location :R\u00e2mnicu V\u00e2lcea, Romania DatesArrival: 08 July 2026Activities: 09\u201316 July 2026Departure: 17 July 2026 About the Project This&hellip;&nbsp;\u010c\u00edta\u0165 viac &raquo;Migrant Lisa: The Portrait of Today\u2019s Europe","og_url":"https:\/\/www.youthforequality.sk\/index.php\/2026\/04\/22\/youth-exchange-prompt-your-future-ai-powered-career-lab-copy-2\/","article_publisher":"https:\/\/www.facebook.com\/yeslovakia","article_published_time":"2026-04-22T10:03:59+00:00","article_modified_time":"2026-04-22T10:53:28+00:00","og_image":[{"width":1576,"height":960,"url":"https:\/\/www.youthforequality.sk\/wp-content\/uploads\/2026\/04\/Website-Covers.png","type":"image\/png"}],"author":"Volunteers","twitter_card":"summary_large_image","twitter_misc":{"Autor":"Volunteers","Predpokladan\u00fd \u010das \u010d\u00edtania":"3 min\u00faty"},"schema":{"@context":"https:\/\/schema.org","@graph":[{"@type":"Article","@id":"https:\/\/www.youthforequality.sk\/index.php\/2026\/04\/22\/youth-exchange-prompt-your-future-ai-powered-career-lab-copy-2\/#article","isPartOf":{"@id":"https:\/\/www.youthforequality.sk\/index.php\/2026\/04\/22\/youth-exchange-prompt-your-future-ai-powered-career-lab-copy-2\/"},"author":{"name":"Volunteers","@id":"https:\/\/www.youthforequality.sk\/#\/schema\/person\/55f3a5ce6c3bf59030ee945357c0831b"},"headline":"Migrant Lisa: The Portrait of Today\u2019s Europe","datePublished":"2026-04-22T10:03:59+00:00","dateModified":"2026-04-22T10:53:28+00:00","mainEntityOfPage":{"@id":"https:\/\/www.youthforequality.sk\/index.php\/2026\/04\/22\/youth-exchange-prompt-your-future-ai-powered-career-lab-copy-2\/"},"wordCount":258,"publisher":{"@id":"https:\/\/www.youthforequality.sk\/#organization"},"image":{"@id":"https:\/\/www.youthforequality.sk\/index.php\/2026\/04\/22\/youth-exchange-prompt-your-future-ai-powered-career-lab-copy-2\/#primaryimage"},"thumbnailUrl":"https:\/\/www.youthforequality.sk\/wp-content\/uploads\/2026\/04\/Website-Covers.png","articleSection":["Zapoj sa"],"inLanguage":"sk-SK"},{"@type":"WebPage","@id":"https:\/\/www.youthforequality.sk\/index.php\/2026\/04\/22\/youth-exchange-prompt-your-future-ai-powered-career-lab-copy-2\/","url":"https:\/\/www.youthforequality.sk\/index.php\/2026\/04\/22\/youth-exchange-prompt-your-future-ai-powered-career-lab-copy-2\/","name":"Migrant Lisa: The Portrait of Today\u2019s Europe |","isPartOf":{"@id":"https:\/\/www.youthforequality.sk\/#website"},"primaryImageOfPage":{"@id":"https:\/\/www.youthforequality.sk\/index.php\/2026\/04\/22\/youth-exchange-prompt-your-future-ai-powered-career-lab-copy-2\/#primaryimage"},"image":{"@id":"https:\/\/www.youthforequality.sk\/index.php\/2026\/04\/22\/youth-exchange-prompt-your-future-ai-powered-career-lab-copy-2\/#primaryimage"},"thumbnailUrl":"https:\/\/www.youthforequality.sk\/wp-content\/uploads\/2026\/04\/Website-Covers.png","datePublished":"2026-04-22T10:03:59+00:00","dateModified":"2026-04-22T10:53:28+00:00","breadcrumb":{"@id":"https:\/\/www.youthforequality.sk\/index.php\/2026\/04\/22\/youth-exchange-prompt-your-future-ai-powered-career-lab-copy-2\/#breadcrumb"},"inLanguage":"sk-SK","potentialAction":[{"@type":"ReadAction","target":["https:\/\/www.youthforequality.sk\/index.php\/2026\/04\/22\/youth-exchange-prompt-your-future-ai-powered-career-lab-copy-2\/"]}]},{"@type":"ImageObject","inLanguage":"sk-SK","@id":"https:\/\/www.youthforequality.sk\/index.php\/2026\/04\/22\/youth-exchange-prompt-your-future-ai-powered-career-lab-copy-2\/#primaryimage","url":"https:\/\/www.youthforequality.sk\/wp-content\/uploads\/2026\/04\/Website-Covers.png","contentUrl":"https:\/\/www.youthforequality.sk\/wp-content\/uploads\/2026\/04\/Website-Covers.png","width":1576,"height":960},{"@type":"BreadcrumbList","@id":"https:\/\/www.youthforequality.sk\/index.php\/2026\/04\/22\/youth-exchange-prompt-your-future-ai-powered-career-lab-copy-2\/#breadcrumb","itemListElement":[{"@type":"ListItem","position":1,"name":"Home","item":"https:\/\/www.youthforequality.sk\/"},{"@type":"ListItem","position":2,"name":"Migrant Lisa: The Portrait of Today\u2019s Europe"}]},{"@type":"WebSite","@id":"https:\/\/www.youthforequality.sk\/#website","url":"https:\/\/www.youthforequality.sk\/","name":"","description":"","publisher":{"@id":"https:\/\/www.youthforequality.sk\/#organization"},"potentialAction":[{"@type":"SearchAction","target":{"@type":"EntryPoint","urlTemplate":"https:\/\/www.youthforequality.sk\/?s={search_term_string}"},"query-input":{"@type":"PropertyValueSpecification","valueRequired":true,"valueName":"search_term_string"}}],"inLanguage":"sk-SK"},{"@type":"Organization","@id":"https:\/\/www.youthforequality.sk\/#organization","name":"Youth for Equality","url":"https:\/\/www.youthforequality.sk\/","logo":{"@type":"ImageObject","inLanguage":"sk-SK","@id":"https:\/\/www.youthforequality.sk\/#\/schema\/logo\/image\/","url":"https:\/\/www.youthforequality.sk\/wp-content\/uploads\/2021\/01\/vynovene-logo-nove-farby_modra-na-web.png","contentUrl":"https:\/\/www.youthforequality.sk\/wp-content\/uploads\/2021\/01\/vynovene-logo-nove-farby_modra-na-web.png","width":1,"height":1,"caption":"Youth for Equality"},"image":{"@id":"https:\/\/www.youthforequality.sk\/#\/schema\/logo\/image\/"},"sameAs":["https:\/\/www.facebook.com\/yeslovakia"]},{"@type":"Person","@id":"https:\/\/www.youthforequality.sk\/#\/schema\/person\/55f3a5ce6c3bf59030ee945357c0831b","name":"Volunteers","image":{"@type":"ImageObject","inLanguage":"sk-SK","@id":"https:\/\/secure.gravatar.com\/avatar\/877e8b8b1c7141289d8fa98d9c34bac243a6398eab80927213700d9ba7888055?s=96&d=mm&r=g","url":"https:\/\/secure.gravatar.com\/avatar\/877e8b8b1c7141289d8fa98d9c34bac243a6398eab80927213700d9ba7888055?s=96&d=mm&r=g","contentUrl":"https:\/\/secure.gravatar.com\/avatar\/877e8b8b1c7141289d8fa98d9c34bac243a6398eab80927213700d9ba7888055?s=96&d=mm&r=g","caption":"Volunteers"},"url":"https:\/\/www.youthforequality.sk\/index.php\/author\/volunteers\/"}]}},"_links":{"self":[{"href":"https:\/\/www.youthforequality.sk\/index.php\/wp-json\/wp\/v2\/posts\/11308","targetHints":{"allow":["GET"]}}],"collection":[{"href":"https:\/\/www.youthforequality.sk\/index.php\/wp-json\/wp\/v2\/posts"}],"about":[{"href":"https:\/\/www.youthforequality.sk\/index.php\/wp-json\/wp\/v2\/types\/post"}],"author":[{"embeddable":true,"href":"https:\/\/www.youthforequality.sk\/index.php\/wp-json\/wp\/v2\/users\/13"}],"replies":[{"embeddable":true,"href":"https:\/\/www.youthforequality.sk\/index.php\/wp-json\/wp\/v2\/comments?post=11308"}],"version-history":[{"count":16,"href":"https:\/\/www.youthforequality.sk\/index.php\/wp-json\/wp\/v2\/posts\/11308\/revisions"}],"predecessor-version":[{"id":11328,"href":"https:\/\/www.youthforequality.sk\/index.php\/wp-json\/wp\/v2\/posts\/11308\/revisions\/11328"}],"wp:featuredmedia":[{"embeddable":true,"href":"https:\/\/www.youthforequality.sk\/index.php\/wp-json\/wp\/v2\/media\/11309"}],"wp:attachment":[{"href":"https:\/\/www.youthforequality.sk\/index.php\/wp-json\/wp\/v2\/media?parent=11308"}],"wp:term":[{"taxonomy":"category","embeddable":true,"href":"https:\/\/www.youthforequality.sk\/index.php\/wp-json\/wp\/v2\/categories?post=11308"},{"taxonomy":"post_tag","embeddable":true,"href":"https:\/\/www.youthforequality.sk\/index.php\/wp-json\/wp\/v2\/tags?post=11308"}],"curies":[{"name":"wp","href":"https:\/\/api.w.org\/{rel}","templated":true}]}}