{"id":1134,"date":"2019-06-11T10:00:00","date_gmt":"2019-06-11T10:00:00","guid":{"rendered":"https:\/\/www.youthforequality.sk\/index.php\/2020\/06\/24\/green-life-difference-copy\/"},"modified":"2020-10-26T16:35:58","modified_gmt":"2020-10-26T16:35:58","slug":"ciri","status":"publish","type":"post","link":"https:\/\/www.youthforequality.sk\/index.php\/2019\/06\/11\/ciri\/","title":{"rendered":"CIRI &#8211; Cooperation on Improvement of Refugees Integration"},"content":{"rendered":"\n<p>Na facebookovej str\u00e1nke na m\u0148a vysko\u010dil pr\u00edspevok o projekte v Gr\u00e9cku. Po rozklinut\u00ed som sa dozvedela, \u017ee projekt je zameran\u00fd na t\u00e9mu o ute\u010dencoch a pr\u00e1cu s nimi. S\u00edce som s nimi nemala nikdy re\u00e1lnu sk\u00fasenos\u0165, t\u00e9ma ma nato\u013eko zaujala \u017ee som sa nev\u00e1hala prihl\u00e1si\u0165 . Po p\u00e1r d\u0148och mi na\u0161a slovensk\u00e1 organiz\u00e1cia Youth for Equality odp\u00edsala, \u017ee ma na projekt vybrali . Projekt sa konal v meste Ioaninna, o ktorom som nikdy nepo\u010dula a popravde som si myslela, \u017ee to bude Bohom zabudnut\u00fd kraj. Letela som z Viedne do Sol\u00fana, kde som noc prenocovala. Tam som sa z\u00e1rove\u0148 pripojila k \u010fal\u0161\u00edm trom \u010dlenom projektu, ktor\u00ed boli p\u00f4vodom zo S\u00fdrie. Hne\u010f na \u00favod ma t\u00fdm uviedli do deja na t\u00e9mu ute\u010denci a rozpovedali pr\u00edbehy o ich \u00fateku z krajiny. Ich cie\u013eov\u00e1 krajina bola Nemecko, kde u\u017e \u017eij\u00fa 4 roky. Zo v\u0161etk\u00fdch troch \u0161la neskuto\u010dn\u00e1 pokora. Na rozpr\u00e1vanie sme mali \u010dasu dos\u0165, ke\u010f\u017ee n\u00e1m u\u0161iel autobus a druh\u00fd n\u00e1m i\u0161iel o 4 hodiny nesk\u00f4r. Cesta do Ioanniny trvala 3 hodiny. Ke\u010f sme dorazili, priv\u00edtali n\u00e1s v hoteli kde sme mali str\u00e1vi\u0165 v\u0161etky dni projektu. Hne\u010f sme sa so v\u0161etk\u00fdmi zozn\u00e1mili a pobrali sa spa\u0165 po n\u00e1ro\u010dnej ceste. Prv\u00fd de\u0148 projektu sme sa v\u0161etci o\u0165uk\u00e1vali a sna\u017eili sa zapam\u00e4ta\u0165 si men\u00e1 ostatn\u00fdch participantov. Poviem V\u00e1m \u017ee zapam\u00e4ta\u0165 si 40 mien z 11 rozli\u010dn\u00fdch kraj\u00edn nie je v\u00f4bec jednoduch\u00e9. Na druh\u00fd de\u0148 sme za\u010dali rie\u0161i\u0165 problematiku o ute\u010dencoch. V ka\u017edej krajine s\u00fa in\u00e9 z\u00e1kony a tak ka\u017ed\u00fd jeden z n\u00e1s priniesol nov\u00e9, obohacuj\u00face inform\u00e1cie s ktor\u00fdmi sme nesk\u00f4r pracovali. Nesk\u00f4r sme boli pripravovan\u00ed na n\u00e1v\u0161tevu ute\u010denck\u00e9ho kepmu, ktor\u00fd sa nach\u00e1dza priamo v Ioannine. Na\u0161ou \u00falohou bola interakcia s de\u0165mi. Pripravili sme si pre nich r\u00f4zne zauj\u00edmav\u00e9 \u00falohy a hry. Nie v\u0161etky deti vedeli anglicky, preto je ve\u013emi d\u00f4le\u017eit\u00e9 vedie\u0165 komunikova\u0165 neverb\u00e1lne. Do hier sa zapojilo asi 50 det\u00ed vo veku od 3 a\u017e do 10 rokov. Najviac sa im p\u00e1\u010dilo ma\u013eovanie na tv\u00e1r. Pre m\u0148a osobne bol najkraj\u0161\u00ed pocit vy\u010darova\u0165 im \u00fasmev na tv\u00e1ri. A e\u0161te kraj\u0161ie bolo to, \u017ee oni ho vy\u010darovali mne. Doslova ma naplnili l\u00e1skou. Do hier sa zapojili aj niektor\u00ed rodi\u010dia. Som rada \u017ee sme kemp nav\u0161t\u00edvili. \u010clovek si potom \u010doraz viac uvedomuje skuto\u010dn\u00e9 \u013eudsk\u00e9 hodnoty. De\u0148 po tom sme mali diskusiu o ute\u010deneck\u00fdch t\u00e1boroch v Gr\u00e9cku. O tom ak\u00e9 etnicity migruj\u00fa najviac a ak\u00e9 hlavn\u00e9 d\u00f4vody ich n\u00fatia opusti\u0165 rodn\u00fa krajinu. Ve\u010der sme si k tomu pozreli film Human flow, ktor\u00fd n\u00e1m n\u00e1dherne op\u00edsal cel\u00fa situ\u00e1ciu. Odpor\u00fa\u010dam ho pozrie\u0165 ka\u017ed\u00e9mu. Po filme ostalo v s\u00e1le iba hrobov\u00e9 ticho. Sn\u00edmky boli nato\u013eko siln\u00e9, \u017ee nejedno oko ostalo such\u00e9. Pr\u00edbeh opisuje r\u00f4zne migruj\u00face skupiny, situ\u00e1cie, \u017eivot v stanoch, brodenie sa vodou v sychravom po\u010das\u00ed a podobne. \u010eal\u0161\u00ed de\u0148 sme mali vo\u013en\u00e9 dopoludnie. Rozhodli sme sa po\u017ei\u010da\u0165 si auto a nav\u0161t\u00edvi\u0165 Gr\u00e9cky ka\u0148on. U\u017e to pre m\u0148a nebol Bohom zabudnut\u00fd kraj ale jedn\u00e1 pren\u00e1dhern\u00e1 krajina. Zvolili si ma za hlavn\u00e9ho \u0161of\u00e9ra, \u010do bola moja prv\u00e1 sk\u00fasenos\u0165 za volantom v zahrani\u010d\u00ed. Najprv som sa ob\u00e1vala ale nakoniec som bola rada za t\u00fato sk\u00fasenos\u0165. Ka\u0148on bol priam skvostn\u00fd. V \u0148om sa rozj\u00edmala mala dedinka a domy v nej boli postaven\u00e9 z kame\u0148a. V\u0161etci sme sa prech\u00e1dzali s otvoren\u00fdmi \u00fastami. V pozad\u00ed sme mali panor\u00e1mu h\u00f4r, ktor\u00fdch vrchy boli pokryt\u00e9 snehom. No povedzte, kto by \u010dakal v Gr\u00e9cku na konci m\u00e1ja sneh ? V zime sa tam dokonca ly\u017euje. Po n\u00e1vrate sme sa znova vrhli do na\u0161ej hlavnej t\u00e9my. Ka\u017ed\u00fd si pripravil kr\u00e1tku prezent\u00e1ciu o na\u0161ej vysielacej organiz\u00e1cii.&nbsp;Ve\u010der sme sa \u0161li pozrie\u0165 na s\u00eddlo gr\u00e9ckej organiz\u00e1cie Youth Center of Epirus, ktor\u00e1 projekt organizovala. Tam sme si spolo\u010dne zahrali r\u00f4zne hry. Je to nesmierne obohacuj\u00face nadob\u00fada\u0165 priate\u013estv\u00e1 z r\u00f4znych k\u00fatov sveta. Zdie\u013ea\u0165 poznatky o na\u0161ich krajin\u00e1ch, u\u010di\u0165 sa nov\u00e9 veci, zdokona\u013eova\u0165 sa v angli\u010dtine a sna\u017ei\u0165 sa vyslovi\u0165 slov\u00e1 napr\u00edklad po hebrejsky. K tomu v\u0161etk\u00e9mu bol vytvoren\u00fd kult\u00farny ve\u010der. Ka\u017ed\u00fd z n\u00e1s prezentoval svoju krajinu. Ochutn\u00e1vali sme r\u00f4zne jedl\u00e1 od po\u013eskej klob\u00e1sy a\u017e po moldavsk\u00fa \u010dokol\u00e1du. Ukrajinsk\u00fd t\u00edm n\u00e1m predviedol \u013eudov\u00fd tanec. Ja som si napr\u00edklad pripravila kr\u00e1tky kv\u00edz, v ktorom sa hralo o skvel\u00e9 ceny. Hlavn\u00e1 cena bola na\u0161a dobre zn\u00e1ma &#8211; horalka. O tom ako bolo, \u010do v\u0161etko sme sa nau\u010dili, ak\u00e9 poznatky mi projekt priniesol by som mohla p\u00edsa\u0165 do r\u00e1na. Av\u0161ak nikto nem\u00e1 r\u00e1d dlh\u00e9 pr\u00edbehy. Som neskuto\u010dne v\u010fa\u010dn\u00e1 za to, \u017ee som sa mohla projektu z\u00fa\u010dastni\u0165. Spoznala som \u013eud\u00ed ktor\u00ed maj\u00fa obrovsk\u00e9 \u017eerav\u00e9 srdcia. Staraj\u00fa sa o blaho ostatn\u00fdch, \u010di je to \u010dlovek z Afriky alebo ich krajan. Maj\u00fa odhodlanie pracova\u0165 na tom, aby sme \u017eili v lep\u0161om svete &#8211; vo svete mieru. A tak\u00fd by sme mali by\u0165 v\u0161etci. Ka\u017ed\u00fd jeden z n\u00e1s. Nepozera\u0165 sa len na seba.&nbsp;<\/p>\n\n\n\n<p>A tak jedno ve\u013ek\u00e9 \u010eakujem patr\u00ed organiz\u00e1torom projektu, organiz\u00e1cii Youth for Equality a najm\u00e4 v\u0161etk\u00fdm z\u00fa\u010dastnen\u00edm !!!<\/p>\n\n\n\n<p>\u010eAKUJEM<\/p>\n\n\n\n<p>Lucia Petr\u00edkov\u00e1<\/p>\n\n\n\n<div class=\"wp-block-coblocks-gallery-carousel\"><div class=\"is-cropped coblocks-gallery has-no-alignment has-caption-style-dark has-horizontal-gutter\"><div class=\"has-carousel has-carousel-lrg\" style=\"height:400px\" data-flickity=\"{&quot;autoPlay&quot;:false,&quot;draggable&quot;:true,&quot;pageDots&quot;:false,&quot;prevNextButtons&quot;:true,&quot;wrapAround&quot;:true,&quot;cellAlign&quot;:&quot;center&quot;,&quot;pauseAutoPlayOnHover&quot;:false,&quot;freeScroll&quot;:false,&quot;arrowShape&quot;:{&quot;x0&quot;:10,&quot;x1&quot;:60,&quot;y1&quot;:50,&quot;x2&quot;:65,&quot;y2&quot;:45,&quot;x3&quot;:20},&quot;thumbnails&quot;:false,&quot;responsiveHeight&quot;:false}\"><div class=\"coblocks-gallery--item\"><figure class=\"coblocks-gallery--figure has-margin-left-5 has-margin-left-mobile-5 has-margin-right-5 has-margin-right-mobile-5\"><img fetchpriority=\"high\" decoding=\"async\" width=\"1024\" height=\"768\" src=\"https:\/\/www.youthforequality.sk\/wp-content\/uploads\/2020\/06\/CIRI-2-1-1024x768.jpeg\" alt=\"\" data-id=\"1138\" data-link=\"https:\/\/www.youthforequality.sk\/index.php\/2020\/06\/24\/green-life-difference-copy\/ciri-2-1\/\" class=\"wp-image-1138\" srcset=\"https:\/\/www.youthforequality.sk\/wp-content\/uploads\/2020\/06\/CIRI-2-1-1024x768.jpeg 1024w, https:\/\/www.youthforequality.sk\/wp-content\/uploads\/2020\/06\/CIRI-2-1-300x225.jpeg 300w, https:\/\/www.youthforequality.sk\/wp-content\/uploads\/2020\/06\/CIRI-2-1-768x576.jpeg 768w, https:\/\/www.youthforequality.sk\/wp-content\/uploads\/2020\/06\/CIRI-2-1-1536x1152.jpeg 1536w, https:\/\/www.youthforequality.sk\/wp-content\/uploads\/2020\/06\/CIRI-2-1-540x405.jpeg 540w, https:\/\/www.youthforequality.sk\/wp-content\/uploads\/2020\/06\/CIRI-2-1-1080x810.jpeg 1080w, https:\/\/www.youthforequality.sk\/wp-content\/uploads\/2020\/06\/CIRI-2-1.jpeg 1920w\" sizes=\"(max-width: 1024px) 100vw, 1024px\" \/><\/figure><\/div><div class=\"coblocks-gallery--item\"><figure class=\"coblocks-gallery--figure has-margin-left-5 has-margin-left-mobile-5 has-margin-right-5 has-margin-right-mobile-5\"><img decoding=\"async\" width=\"1024\" height=\"768\" src=\"https:\/\/www.youthforequality.sk\/wp-content\/uploads\/2020\/06\/CIRI-3-1-1024x768.jpeg\" alt=\"\" data-id=\"1140\" data-link=\"https:\/\/www.youthforequality.sk\/index.php\/2020\/06\/24\/green-life-difference-copy\/ciri-3-1\/\" class=\"wp-image-1140\" srcset=\"https:\/\/www.youthforequality.sk\/wp-content\/uploads\/2020\/06\/CIRI-3-1-1024x768.jpeg 1024w, https:\/\/www.youthforequality.sk\/wp-content\/uploads\/2020\/06\/CIRI-3-1-300x225.jpeg 300w, https:\/\/www.youthforequality.sk\/wp-content\/uploads\/2020\/06\/CIRI-3-1-768x576.jpeg 768w, https:\/\/www.youthforequality.sk\/wp-content\/uploads\/2020\/06\/CIRI-3-1-1536x1152.jpeg 1536w, https:\/\/www.youthforequality.sk\/wp-content\/uploads\/2020\/06\/CIRI-3-1-540x405.jpeg 540w, https:\/\/www.youthforequality.sk\/wp-content\/uploads\/2020\/06\/CIRI-3-1-1080x810.jpeg 1080w, https:\/\/www.youthforequality.sk\/wp-content\/uploads\/2020\/06\/CIRI-3-1.jpeg 1920w\" sizes=\"(max-width: 1024px) 100vw, 1024px\" \/><\/figure><\/div><div class=\"coblocks-gallery--item\"><figure class=\"coblocks-gallery--figure has-margin-left-5 has-margin-left-mobile-5 has-margin-right-5 has-margin-right-mobile-5\"><img decoding=\"async\" width=\"1024\" height=\"683\" src=\"https:\/\/www.youthforequality.sk\/wp-content\/uploads\/2020\/06\/CIRI-4-1-1024x683.jpg\" alt=\"\" data-id=\"1142\" data-link=\"https:\/\/www.youthforequality.sk\/index.php\/2020\/06\/24\/green-life-difference-copy\/ciri-4-1\/\" class=\"wp-image-1142\" srcset=\"https:\/\/www.youthforequality.sk\/wp-content\/uploads\/2020\/06\/CIRI-4-1-1024x683.jpg 1024w, https:\/\/www.youthforequality.sk\/wp-content\/uploads\/2020\/06\/CIRI-4-1-300x200.jpg 300w, https:\/\/www.youthforequality.sk\/wp-content\/uploads\/2020\/06\/CIRI-4-1-768x512.jpg 768w, https:\/\/www.youthforequality.sk\/wp-content\/uploads\/2020\/06\/CIRI-4-1-540x360.jpg 540w, https:\/\/www.youthforequality.sk\/wp-content\/uploads\/2020\/06\/CIRI-4-1-1080x720.jpg 1080w, https:\/\/www.youthforequality.sk\/wp-content\/uploads\/2020\/06\/CIRI-4-1.jpg 1500w\" sizes=\"(max-width: 1024px) 100vw, 1024px\" \/><\/figure><\/div><div class=\"coblocks-gallery--item\"><figure class=\"coblocks-gallery--figure has-margin-left-5 has-margin-left-mobile-5 has-margin-right-5 has-margin-right-mobile-5\"><img loading=\"lazy\" decoding=\"async\" width=\"819\" height=\"1024\" src=\"https:\/\/www.youthforequality.sk\/wp-content\/uploads\/2020\/06\/CIRI-5-1-819x1024.jpeg\" alt=\"\" data-id=\"1144\" data-link=\"https:\/\/www.youthforequality.sk\/index.php\/2020\/06\/24\/green-life-difference-copy\/ciri-5-1\/\" class=\"wp-image-1144\" srcset=\"https:\/\/www.youthforequality.sk\/wp-content\/uploads\/2020\/06\/CIRI-5-1-819x1024.jpeg 819w, https:\/\/www.youthforequality.sk\/wp-content\/uploads\/2020\/06\/CIRI-5-1-240x300.jpeg 240w, https:\/\/www.youthforequality.sk\/wp-content\/uploads\/2020\/06\/CIRI-5-1-768x960.jpeg 768w, https:\/\/www.youthforequality.sk\/wp-content\/uploads\/2020\/06\/CIRI-5-1-1229x1536.jpeg 1229w, https:\/\/www.youthforequality.sk\/wp-content\/uploads\/2020\/06\/CIRI-5-1-540x675.jpeg 540w, https:\/\/www.youthforequality.sk\/wp-content\/uploads\/2020\/06\/CIRI-5-1-1080x1350.jpeg 1080w, https:\/\/www.youthforequality.sk\/wp-content\/uploads\/2020\/06\/CIRI-5-1.jpeg 1536w\" sizes=\"(max-width: 819px) 100vw, 819px\" \/><\/figure><\/div><div class=\"coblocks-gallery--item\"><figure class=\"coblocks-gallery--figure has-margin-left-5 has-margin-left-mobile-5 has-margin-right-5 has-margin-right-mobile-5\"><img loading=\"lazy\" decoding=\"async\" width=\"1024\" height=\"768\" src=\"https:\/\/www.youthforequality.sk\/wp-content\/uploads\/2020\/06\/CIRI-6-1-1024x768.jpeg\" alt=\"\" data-id=\"1146\" data-link=\"https:\/\/www.youthforequality.sk\/index.php\/2020\/06\/24\/green-life-difference-copy\/ciri-6-1\/\" class=\"wp-image-1146\" srcset=\"https:\/\/www.youthforequality.sk\/wp-content\/uploads\/2020\/06\/CIRI-6-1-1024x768.jpeg 1024w, https:\/\/www.youthforequality.sk\/wp-content\/uploads\/2020\/06\/CIRI-6-1-300x225.jpeg 300w, https:\/\/www.youthforequality.sk\/wp-content\/uploads\/2020\/06\/CIRI-6-1-768x576.jpeg 768w, https:\/\/www.youthforequality.sk\/wp-content\/uploads\/2020\/06\/CIRI-6-1-1536x1152.jpeg 1536w, https:\/\/www.youthforequality.sk\/wp-content\/uploads\/2020\/06\/CIRI-6-1-540x405.jpeg 540w, https:\/\/www.youthforequality.sk\/wp-content\/uploads\/2020\/06\/CIRI-6-1-1080x810.jpeg 1080w, https:\/\/www.youthforequality.sk\/wp-content\/uploads\/2020\/06\/CIRI-6-1.jpeg 1920w\" sizes=\"(max-width: 1024px) 100vw, 1024px\" \/><\/figure><\/div><div class=\"coblocks-gallery--item\"><figure class=\"coblocks-gallery--figure has-margin-left-5 has-margin-left-mobile-5 has-margin-right-5 has-margin-right-mobile-5\"><img loading=\"lazy\" decoding=\"async\" width=\"768\" height=\"1024\" src=\"https:\/\/www.youthforequality.sk\/wp-content\/uploads\/2020\/06\/CIRI-7-1-768x1024.jpeg\" alt=\"\" data-id=\"1148\" data-link=\"https:\/\/www.youthforequality.sk\/index.php\/2020\/06\/24\/green-life-difference-copy\/ciri-7-1\/\" class=\"wp-image-1148\" srcset=\"https:\/\/www.youthforequality.sk\/wp-content\/uploads\/2020\/06\/CIRI-7-1-768x1024.jpeg 768w, https:\/\/www.youthforequality.sk\/wp-content\/uploads\/2020\/06\/CIRI-7-1-225x300.jpeg 225w, https:\/\/www.youthforequality.sk\/wp-content\/uploads\/2020\/06\/CIRI-7-1-1152x1536.jpeg 1152w, https:\/\/www.youthforequality.sk\/wp-content\/uploads\/2020\/06\/CIRI-7-1-540x720.jpeg 540w, https:\/\/www.youthforequality.sk\/wp-content\/uploads\/2020\/06\/CIRI-7-1-1080x1440.jpeg 1080w, https:\/\/www.youthforequality.sk\/wp-content\/uploads\/2020\/06\/CIRI-7-1.jpeg 1440w\" sizes=\"(max-width: 768px) 100vw, 768px\" \/><\/figure><\/div><div class=\"coblocks-gallery--item\"><figure class=\"coblocks-gallery--figure has-margin-left-5 has-margin-left-mobile-5 has-margin-right-5 has-margin-right-mobile-5\"><img loading=\"lazy\" decoding=\"async\" width=\"1024\" height=\"768\" src=\"https:\/\/www.youthforequality.sk\/wp-content\/uploads\/2020\/06\/CIRI-8-1-1024x768.jpeg\" alt=\"\" data-id=\"1150\" data-link=\"https:\/\/www.youthforequality.sk\/index.php\/2020\/06\/24\/green-life-difference-copy\/ciri-8-1\/\" class=\"wp-image-1150\" srcset=\"https:\/\/www.youthforequality.sk\/wp-content\/uploads\/2020\/06\/CIRI-8-1-1024x768.jpeg 1024w, https:\/\/www.youthforequality.sk\/wp-content\/uploads\/2020\/06\/CIRI-8-1-300x225.jpeg 300w, https:\/\/www.youthforequality.sk\/wp-content\/uploads\/2020\/06\/CIRI-8-1-768x576.jpeg 768w, https:\/\/www.youthforequality.sk\/wp-content\/uploads\/2020\/06\/CIRI-8-1-1536x1152.jpeg 1536w, https:\/\/www.youthforequality.sk\/wp-content\/uploads\/2020\/06\/CIRI-8-1-540x405.jpeg 540w, https:\/\/www.youthforequality.sk\/wp-content\/uploads\/2020\/06\/CIRI-8-1-1080x810.jpeg 1080w, https:\/\/www.youthforequality.sk\/wp-content\/uploads\/2020\/06\/CIRI-8-1.jpeg 1920w\" sizes=\"(max-width: 1024px) 100vw, 1024px\" \/><\/figure><\/div><div class=\"coblocks-gallery--item\"><figure class=\"coblocks-gallery--figure has-margin-left-5 has-margin-left-mobile-5 has-margin-right-5 has-margin-right-mobile-5\"><img loading=\"lazy\" decoding=\"async\" width=\"1024\" height=\"768\" src=\"https:\/\/www.youthforequality.sk\/wp-content\/uploads\/2020\/06\/CIRI-9-1-1024x768.jpeg\" alt=\"\" data-id=\"1152\" data-link=\"https:\/\/www.youthforequality.sk\/index.php\/2020\/06\/24\/green-life-difference-copy\/ciri-9-1\/\" class=\"wp-image-1152\" srcset=\"https:\/\/www.youthforequality.sk\/wp-content\/uploads\/2020\/06\/CIRI-9-1-1024x768.jpeg 1024w, https:\/\/www.youthforequality.sk\/wp-content\/uploads\/2020\/06\/CIRI-9-1-300x225.jpeg 300w, https:\/\/www.youthforequality.sk\/wp-content\/uploads\/2020\/06\/CIRI-9-1-768x576.jpeg 768w, https:\/\/www.youthforequality.sk\/wp-content\/uploads\/2020\/06\/CIRI-9-1-1536x1152.jpeg 1536w, https:\/\/www.youthforequality.sk\/wp-content\/uploads\/2020\/06\/CIRI-9-1-540x405.jpeg 540w, https:\/\/www.youthforequality.sk\/wp-content\/uploads\/2020\/06\/CIRI-9-1-1080x810.jpeg 1080w, https:\/\/www.youthforequality.sk\/wp-content\/uploads\/2020\/06\/CIRI-9-1.jpeg 1920w\" sizes=\"(max-width: 1024px) 100vw, 1024px\" \/><\/figure><\/div><\/div><\/div><\/div>\n","protected":false},"excerpt":{"rendered":"<p>Na facebookovej str\u00e1nke na m\u0148a vysko\u010dil pr\u00edspevok o projekte v Gr\u00e9cku. Po rozklinut\u00ed som sa dozvedela, \u017ee projekt je zameran\u00fd na t\u00e9mu o ute\u010dencoch a pr\u00e1cu s nimi. S\u00edce som s nimi nemala nikdy re\u00e1lnu sk\u00fasenos\u0165, t\u00e9ma ma nato\u013eko zaujala \u017ee som sa nev\u00e1hala prihl\u00e1si\u0165 . Po p\u00e1r d\u0148och mi na\u0161a slovensk\u00e1 organiz\u00e1cia Youth for&hellip;&nbsp;<a href=\"https:\/\/www.youthforequality.sk\/index.php\/2019\/06\/11\/ciri\/\" class=\"\" rel=\"bookmark\">\u010c\u00edta\u0165 viac &raquo;<span class=\"screen-reader-text\">CIRI &#8211; Cooperation on Improvement of Refugees Integration<\/span><\/a><\/p>\n","protected":false},"author":1,"featured_media":1136,"comment_status":"open","ping_status":"open","sticky":false,"template":"template-full-width.php","format":"standard","meta":{"_uf_show_specific_survey":0,"_uf_disable_surveys":false,"neve_meta_sidebar":"","neve_meta_container":"","neve_meta_enable_content_width":"","neve_meta_content_width":0,"neve_meta_title_alignment":"","neve_meta_author_avatar":"","neve_post_elements_order":"","neve_meta_disable_header":"","neve_meta_disable_footer":"","neve_meta_disable_title":"","_themeisle_gutenberg_block_has_review":false,"footnotes":""},"categories":[3],"tags":[],"class_list":["post-1134","post","type-post","status-publish","format-standard","has-post-thumbnail","hentry","category-blog"],"yoast_head":"<!-- This site is optimized with the Yoast SEO plugin v27.4 - https:\/\/yoast.com\/product\/yoast-seo-wordpress\/ -->\n<title>CIRI - Cooperation on Improvement of Refugees Integration |<\/title>\n<meta name=\"robots\" content=\"index, follow, max-snippet:-1, max-image-preview:large, max-video-preview:-1\" \/>\n<link rel=\"canonical\" href=\"https:\/\/www.youthforequality.sk\/index.php\/2019\/06\/11\/ciri\/\" \/>\n<meta property=\"og:locale\" content=\"sk_SK\" \/>\n<meta property=\"og:type\" content=\"article\" \/>\n<meta property=\"og:title\" content=\"CIRI - Cooperation on Improvement of Refugees Integration |\" \/>\n<meta property=\"og:description\" content=\"Na facebookovej str\u00e1nke na m\u0148a vysko\u010dil pr\u00edspevok o projekte v Gr\u00e9cku. Po rozklinut\u00ed som sa dozvedela, \u017ee projekt je zameran\u00fd na t\u00e9mu o ute\u010dencoch a pr\u00e1cu s nimi. S\u00edce som s nimi nemala nikdy re\u00e1lnu sk\u00fasenos\u0165, t\u00e9ma ma nato\u013eko zaujala \u017ee som sa nev\u00e1hala prihl\u00e1si\u0165 . Po p\u00e1r d\u0148och mi na\u0161a slovensk\u00e1 organiz\u00e1cia Youth for&hellip;&nbsp;\u010c\u00edta\u0165 viac &raquo;CIRI &#8211; Cooperation on Improvement of Refugees Integration\" \/>\n<meta property=\"og:url\" content=\"https:\/\/www.youthforequality.sk\/index.php\/2019\/06\/11\/ciri\/\" \/>\n<meta property=\"article:publisher\" content=\"https:\/\/www.facebook.com\/yeslovakia\" \/>\n<meta property=\"article:published_time\" content=\"2019-06-11T10:00:00+00:00\" \/>\n<meta property=\"article:modified_time\" content=\"2020-10-26T16:35:58+00:00\" \/>\n<meta property=\"og:image\" content=\"https:\/\/www.youthforequality.sk\/wp-content\/uploads\/2020\/06\/CIRI-1.jpeg\" \/>\n\t<meta property=\"og:image:width\" content=\"1500\" \/>\n\t<meta property=\"og:image:height\" content=\"999\" \/>\n\t<meta property=\"og:image:type\" content=\"image\/jpeg\" \/>\n<meta name=\"author\" content=\"Filip Ku\u017ema\" \/>\n<meta name=\"twitter:card\" content=\"summary_large_image\" \/>\n<meta name=\"twitter:label1\" content=\"Autor\" \/>\n\t<meta name=\"twitter:data1\" content=\"Filip Ku\u017ema\" \/>\n\t<meta name=\"twitter:label2\" content=\"Predpokladan\u00fd \u010das \u010d\u00edtania\" \/>\n\t<meta name=\"twitter:data2\" content=\"5 min\u00fat\" \/>\n<script type=\"application\/ld+json\" class=\"yoast-schema-graph\">{\"@context\":\"https:\\\/\\\/schema.org\",\"@graph\":[{\"@type\":\"Article\",\"@id\":\"https:\\\/\\\/www.youthforequality.sk\\\/index.php\\\/2019\\\/06\\\/11\\\/ciri\\\/#article\",\"isPartOf\":{\"@id\":\"https:\\\/\\\/www.youthforequality.sk\\\/index.php\\\/2019\\\/06\\\/11\\\/ciri\\\/\"},\"author\":{\"name\":\"Filip Ku\u017ema\",\"@id\":\"https:\\\/\\\/www.youthforequality.sk\\\/#\\\/schema\\\/person\\\/13a1342f9669c039035c15166bfaf7dd\"},\"headline\":\"CIRI &#8211; Cooperation on Improvement of Refugees Integration\",\"datePublished\":\"2019-06-11T10:00:00+00:00\",\"dateModified\":\"2020-10-26T16:35:58+00:00\",\"mainEntityOfPage\":{\"@id\":\"https:\\\/\\\/www.youthforequality.sk\\\/index.php\\\/2019\\\/06\\\/11\\\/ciri\\\/\"},\"wordCount\":1008,\"commentCount\":0,\"publisher\":{\"@id\":\"https:\\\/\\\/www.youthforequality.sk\\\/#organization\"},\"image\":{\"@id\":\"https:\\\/\\\/www.youthforequality.sk\\\/index.php\\\/2019\\\/06\\\/11\\\/ciri\\\/#primaryimage\"},\"thumbnailUrl\":\"https:\\\/\\\/www.youthforequality.sk\\\/wp-content\\\/uploads\\\/2020\\\/06\\\/CIRI-1.jpeg\",\"articleSection\":[\"Blog\"],\"inLanguage\":\"sk-SK\",\"potentialAction\":[{\"@type\":\"CommentAction\",\"name\":\"Comment\",\"target\":[\"https:\\\/\\\/www.youthforequality.sk\\\/index.php\\\/2019\\\/06\\\/11\\\/ciri\\\/#respond\"]}]},{\"@type\":\"WebPage\",\"@id\":\"https:\\\/\\\/www.youthforequality.sk\\\/index.php\\\/2019\\\/06\\\/11\\\/ciri\\\/\",\"url\":\"https:\\\/\\\/www.youthforequality.sk\\\/index.php\\\/2019\\\/06\\\/11\\\/ciri\\\/\",\"name\":\"CIRI - Cooperation on Improvement of Refugees Integration |\",\"isPartOf\":{\"@id\":\"https:\\\/\\\/www.youthforequality.sk\\\/#website\"},\"primaryImageOfPage\":{\"@id\":\"https:\\\/\\\/www.youthforequality.sk\\\/index.php\\\/2019\\\/06\\\/11\\\/ciri\\\/#primaryimage\"},\"image\":{\"@id\":\"https:\\\/\\\/www.youthforequality.sk\\\/index.php\\\/2019\\\/06\\\/11\\\/ciri\\\/#primaryimage\"},\"thumbnailUrl\":\"https:\\\/\\\/www.youthforequality.sk\\\/wp-content\\\/uploads\\\/2020\\\/06\\\/CIRI-1.jpeg\",\"datePublished\":\"2019-06-11T10:00:00+00:00\",\"dateModified\":\"2020-10-26T16:35:58+00:00\",\"breadcrumb\":{\"@id\":\"https:\\\/\\\/www.youthforequality.sk\\\/index.php\\\/2019\\\/06\\\/11\\\/ciri\\\/#breadcrumb\"},\"inLanguage\":\"sk-SK\",\"potentialAction\":[{\"@type\":\"ReadAction\",\"target\":[\"https:\\\/\\\/www.youthforequality.sk\\\/index.php\\\/2019\\\/06\\\/11\\\/ciri\\\/\"]}]},{\"@type\":\"ImageObject\",\"inLanguage\":\"sk-SK\",\"@id\":\"https:\\\/\\\/www.youthforequality.sk\\\/index.php\\\/2019\\\/06\\\/11\\\/ciri\\\/#primaryimage\",\"url\":\"https:\\\/\\\/www.youthforequality.sk\\\/wp-content\\\/uploads\\\/2020\\\/06\\\/CIRI-1.jpeg\",\"contentUrl\":\"https:\\\/\\\/www.youthforequality.sk\\\/wp-content\\\/uploads\\\/2020\\\/06\\\/CIRI-1.jpeg\",\"width\":1500,\"height\":999},{\"@type\":\"BreadcrumbList\",\"@id\":\"https:\\\/\\\/www.youthforequality.sk\\\/index.php\\\/2019\\\/06\\\/11\\\/ciri\\\/#breadcrumb\",\"itemListElement\":[{\"@type\":\"ListItem\",\"position\":1,\"name\":\"Home\",\"item\":\"https:\\\/\\\/www.youthforequality.sk\\\/\"},{\"@type\":\"ListItem\",\"position\":2,\"name\":\"CIRI &#8211; Cooperation on Improvement of Refugees Integration\"}]},{\"@type\":\"WebSite\",\"@id\":\"https:\\\/\\\/www.youthforequality.sk\\\/#website\",\"url\":\"https:\\\/\\\/www.youthforequality.sk\\\/\",\"name\":\"\",\"description\":\"\",\"publisher\":{\"@id\":\"https:\\\/\\\/www.youthforequality.sk\\\/#organization\"},\"potentialAction\":[{\"@type\":\"SearchAction\",\"target\":{\"@type\":\"EntryPoint\",\"urlTemplate\":\"https:\\\/\\\/www.youthforequality.sk\\\/?s={search_term_string}\"},\"query-input\":{\"@type\":\"PropertyValueSpecification\",\"valueRequired\":true,\"valueName\":\"search_term_string\"}}],\"inLanguage\":\"sk-SK\"},{\"@type\":\"Organization\",\"@id\":\"https:\\\/\\\/www.youthforequality.sk\\\/#organization\",\"name\":\"Youth for Equality\",\"url\":\"https:\\\/\\\/www.youthforequality.sk\\\/\",\"logo\":{\"@type\":\"ImageObject\",\"inLanguage\":\"sk-SK\",\"@id\":\"https:\\\/\\\/www.youthforequality.sk\\\/#\\\/schema\\\/logo\\\/image\\\/\",\"url\":\"https:\\\/\\\/www.youthforequality.sk\\\/wp-content\\\/uploads\\\/2021\\\/01\\\/vynovene-logo-nove-farby_modra-na-web.png\",\"contentUrl\":\"https:\\\/\\\/www.youthforequality.sk\\\/wp-content\\\/uploads\\\/2021\\\/01\\\/vynovene-logo-nove-farby_modra-na-web.png\",\"width\":1,\"height\":1,\"caption\":\"Youth for Equality\"},\"image\":{\"@id\":\"https:\\\/\\\/www.youthforequality.sk\\\/#\\\/schema\\\/logo\\\/image\\\/\"},\"sameAs\":[\"https:\\\/\\\/www.facebook.com\\\/yeslovakia\"]},{\"@type\":\"Person\",\"@id\":\"https:\\\/\\\/www.youthforequality.sk\\\/#\\\/schema\\\/person\\\/13a1342f9669c039035c15166bfaf7dd\",\"name\":\"Filip Ku\u017ema\",\"image\":{\"@type\":\"ImageObject\",\"inLanguage\":\"sk-SK\",\"@id\":\"https:\\\/\\\/secure.gravatar.com\\\/avatar\\\/5f16b953992f889ac33be959cbb81fab7225cec203e13cff27b25f35459dbc06?s=96&d=mm&r=g\",\"url\":\"https:\\\/\\\/secure.gravatar.com\\\/avatar\\\/5f16b953992f889ac33be959cbb81fab7225cec203e13cff27b25f35459dbc06?s=96&d=mm&r=g\",\"contentUrl\":\"https:\\\/\\\/secure.gravatar.com\\\/avatar\\\/5f16b953992f889ac33be959cbb81fab7225cec203e13cff27b25f35459dbc06?s=96&d=mm&r=g\",\"caption\":\"Filip Ku\u017ema\"},\"sameAs\":[\"https:\\\/\\\/www.youthforequality.sk\"],\"url\":\"https:\\\/\\\/www.youthforequality.sk\\\/index.php\\\/author\\\/filkuz\\\/\"}]}<\/script>\n<!-- \/ Yoast SEO plugin. -->","yoast_head_json":{"title":"CIRI - Cooperation on Improvement of Refugees Integration |","robots":{"index":"index","follow":"follow","max-snippet":"max-snippet:-1","max-image-preview":"max-image-preview:large","max-video-preview":"max-video-preview:-1"},"canonical":"https:\/\/www.youthforequality.sk\/index.php\/2019\/06\/11\/ciri\/","og_locale":"sk_SK","og_type":"article","og_title":"CIRI - Cooperation on Improvement of Refugees Integration |","og_description":"Na facebookovej str\u00e1nke na m\u0148a vysko\u010dil pr\u00edspevok o projekte v Gr\u00e9cku. Po rozklinut\u00ed som sa dozvedela, \u017ee projekt je zameran\u00fd na t\u00e9mu o ute\u010dencoch a pr\u00e1cu s nimi. S\u00edce som s nimi nemala nikdy re\u00e1lnu sk\u00fasenos\u0165, t\u00e9ma ma nato\u013eko zaujala \u017ee som sa nev\u00e1hala prihl\u00e1si\u0165 . Po p\u00e1r d\u0148och mi na\u0161a slovensk\u00e1 organiz\u00e1cia Youth for&hellip;&nbsp;\u010c\u00edta\u0165 viac &raquo;CIRI &#8211; Cooperation on Improvement of Refugees Integration","og_url":"https:\/\/www.youthforequality.sk\/index.php\/2019\/06\/11\/ciri\/","article_publisher":"https:\/\/www.facebook.com\/yeslovakia","article_published_time":"2019-06-11T10:00:00+00:00","article_modified_time":"2020-10-26T16:35:58+00:00","og_image":[{"width":1500,"height":999,"url":"https:\/\/www.youthforequality.sk\/wp-content\/uploads\/2020\/06\/CIRI-1.jpeg","type":"image\/jpeg"}],"author":"Filip Ku\u017ema","twitter_card":"summary_large_image","twitter_misc":{"Autor":"Filip Ku\u017ema","Predpokladan\u00fd \u010das \u010d\u00edtania":"5 min\u00fat"},"schema":{"@context":"https:\/\/schema.org","@graph":[{"@type":"Article","@id":"https:\/\/www.youthforequality.sk\/index.php\/2019\/06\/11\/ciri\/#article","isPartOf":{"@id":"https:\/\/www.youthforequality.sk\/index.php\/2019\/06\/11\/ciri\/"},"author":{"name":"Filip Ku\u017ema","@id":"https:\/\/www.youthforequality.sk\/#\/schema\/person\/13a1342f9669c039035c15166bfaf7dd"},"headline":"CIRI &#8211; Cooperation on Improvement of Refugees Integration","datePublished":"2019-06-11T10:00:00+00:00","dateModified":"2020-10-26T16:35:58+00:00","mainEntityOfPage":{"@id":"https:\/\/www.youthforequality.sk\/index.php\/2019\/06\/11\/ciri\/"},"wordCount":1008,"commentCount":0,"publisher":{"@id":"https:\/\/www.youthforequality.sk\/#organization"},"image":{"@id":"https:\/\/www.youthforequality.sk\/index.php\/2019\/06\/11\/ciri\/#primaryimage"},"thumbnailUrl":"https:\/\/www.youthforequality.sk\/wp-content\/uploads\/2020\/06\/CIRI-1.jpeg","articleSection":["Blog"],"inLanguage":"sk-SK","potentialAction":[{"@type":"CommentAction","name":"Comment","target":["https:\/\/www.youthforequality.sk\/index.php\/2019\/06\/11\/ciri\/#respond"]}]},{"@type":"WebPage","@id":"https:\/\/www.youthforequality.sk\/index.php\/2019\/06\/11\/ciri\/","url":"https:\/\/www.youthforequality.sk\/index.php\/2019\/06\/11\/ciri\/","name":"CIRI - Cooperation on Improvement of Refugees Integration |","isPartOf":{"@id":"https:\/\/www.youthforequality.sk\/#website"},"primaryImageOfPage":{"@id":"https:\/\/www.youthforequality.sk\/index.php\/2019\/06\/11\/ciri\/#primaryimage"},"image":{"@id":"https:\/\/www.youthforequality.sk\/index.php\/2019\/06\/11\/ciri\/#primaryimage"},"thumbnailUrl":"https:\/\/www.youthforequality.sk\/wp-content\/uploads\/2020\/06\/CIRI-1.jpeg","datePublished":"2019-06-11T10:00:00+00:00","dateModified":"2020-10-26T16:35:58+00:00","breadcrumb":{"@id":"https:\/\/www.youthforequality.sk\/index.php\/2019\/06\/11\/ciri\/#breadcrumb"},"inLanguage":"sk-SK","potentialAction":[{"@type":"ReadAction","target":["https:\/\/www.youthforequality.sk\/index.php\/2019\/06\/11\/ciri\/"]}]},{"@type":"ImageObject","inLanguage":"sk-SK","@id":"https:\/\/www.youthforequality.sk\/index.php\/2019\/06\/11\/ciri\/#primaryimage","url":"https:\/\/www.youthforequality.sk\/wp-content\/uploads\/2020\/06\/CIRI-1.jpeg","contentUrl":"https:\/\/www.youthforequality.sk\/wp-content\/uploads\/2020\/06\/CIRI-1.jpeg","width":1500,"height":999},{"@type":"BreadcrumbList","@id":"https:\/\/www.youthforequality.sk\/index.php\/2019\/06\/11\/ciri\/#breadcrumb","itemListElement":[{"@type":"ListItem","position":1,"name":"Home","item":"https:\/\/www.youthforequality.sk\/"},{"@type":"ListItem","position":2,"name":"CIRI &#8211; Cooperation on Improvement of Refugees Integration"}]},{"@type":"WebSite","@id":"https:\/\/www.youthforequality.sk\/#website","url":"https:\/\/www.youthforequality.sk\/","name":"","description":"","publisher":{"@id":"https:\/\/www.youthforequality.sk\/#organization"},"potentialAction":[{"@type":"SearchAction","target":{"@type":"EntryPoint","urlTemplate":"https:\/\/www.youthforequality.sk\/?s={search_term_string}"},"query-input":{"@type":"PropertyValueSpecification","valueRequired":true,"valueName":"search_term_string"}}],"inLanguage":"sk-SK"},{"@type":"Organization","@id":"https:\/\/www.youthforequality.sk\/#organization","name":"Youth for Equality","url":"https:\/\/www.youthforequality.sk\/","logo":{"@type":"ImageObject","inLanguage":"sk-SK","@id":"https:\/\/www.youthforequality.sk\/#\/schema\/logo\/image\/","url":"https:\/\/www.youthforequality.sk\/wp-content\/uploads\/2021\/01\/vynovene-logo-nove-farby_modra-na-web.png","contentUrl":"https:\/\/www.youthforequality.sk\/wp-content\/uploads\/2021\/01\/vynovene-logo-nove-farby_modra-na-web.png","width":1,"height":1,"caption":"Youth for Equality"},"image":{"@id":"https:\/\/www.youthforequality.sk\/#\/schema\/logo\/image\/"},"sameAs":["https:\/\/www.facebook.com\/yeslovakia"]},{"@type":"Person","@id":"https:\/\/www.youthforequality.sk\/#\/schema\/person\/13a1342f9669c039035c15166bfaf7dd","name":"Filip Ku\u017ema","image":{"@type":"ImageObject","inLanguage":"sk-SK","@id":"https:\/\/secure.gravatar.com\/avatar\/5f16b953992f889ac33be959cbb81fab7225cec203e13cff27b25f35459dbc06?s=96&d=mm&r=g","url":"https:\/\/secure.gravatar.com\/avatar\/5f16b953992f889ac33be959cbb81fab7225cec203e13cff27b25f35459dbc06?s=96&d=mm&r=g","contentUrl":"https:\/\/secure.gravatar.com\/avatar\/5f16b953992f889ac33be959cbb81fab7225cec203e13cff27b25f35459dbc06?s=96&d=mm&r=g","caption":"Filip Ku\u017ema"},"sameAs":["https:\/\/www.youthforequality.sk"],"url":"https:\/\/www.youthforequality.sk\/index.php\/author\/filkuz\/"}]}},"_links":{"self":[{"href":"https:\/\/www.youthforequality.sk\/index.php\/wp-json\/wp\/v2\/posts\/1134","targetHints":{"allow":["GET"]}}],"collection":[{"href":"https:\/\/www.youthforequality.sk\/index.php\/wp-json\/wp\/v2\/posts"}],"about":[{"href":"https:\/\/www.youthforequality.sk\/index.php\/wp-json\/wp\/v2\/types\/post"}],"author":[{"embeddable":true,"href":"https:\/\/www.youthforequality.sk\/index.php\/wp-json\/wp\/v2\/users\/1"}],"replies":[{"embeddable":true,"href":"https:\/\/www.youthforequality.sk\/index.php\/wp-json\/wp\/v2\/comments?post=1134"}],"version-history":[{"count":2,"href":"https:\/\/www.youthforequality.sk\/index.php\/wp-json\/wp\/v2\/posts\/1134\/revisions"}],"predecessor-version":[{"id":1154,"href":"https:\/\/www.youthforequality.sk\/index.php\/wp-json\/wp\/v2\/posts\/1134\/revisions\/1154"}],"wp:featuredmedia":[{"embeddable":true,"href":"https:\/\/www.youthforequality.sk\/index.php\/wp-json\/wp\/v2\/media\/1136"}],"wp:attachment":[{"href":"https:\/\/www.youthforequality.sk\/index.php\/wp-json\/wp\/v2\/media?parent=1134"}],"wp:term":[{"taxonomy":"category","embeddable":true,"href":"https:\/\/www.youthforequality.sk\/index.php\/wp-json\/wp\/v2\/categories?post=1134"},{"taxonomy":"post_tag","embeddable":true,"href":"https:\/\/www.youthforequality.sk\/index.php\/wp-json\/wp\/v2\/tags?post=1134"}],"curies":[{"name":"wp","href":"https:\/\/api.w.org\/{rel}","templated":true}]}}