{"id":1155,"date":"2019-07-22T09:52:34","date_gmt":"2019-07-22T09:52:34","guid":{"rendered":"https:\/\/www.youthforequality.sk\/index.php\/2020\/06\/24\/ciri-copy\/"},"modified":"2021-04-12T20:44:16","modified_gmt":"2021-04-12T18:44:16","slug":"centrered-2","status":"publish","type":"post","link":"https:\/\/www.youthforequality.sk\/index.php\/2019\/07\/22\/centrered-2\/","title":{"rendered":"CentreRED II"},"content":{"rendered":"\t\t<div data-elementor-type=\"wp-post\" data-elementor-id=\"1155\" class=\"elementor elementor-1155\">\n\t\t\t\t\t\t<section class=\"elementor-section elementor-top-section elementor-element elementor-element-3415ed35 elementor-section-boxed elementor-section-height-default elementor-section-height-default\" data-id=\"3415ed35\" data-element_type=\"section\" data-e-type=\"section\">\n\t\t\t\t\t\t<div class=\"elementor-container elementor-column-gap-default\">\n\t\t\t\t\t<div class=\"elementor-column elementor-col-100 elementor-top-column elementor-element elementor-element-525efb1e\" data-id=\"525efb1e\" data-element_type=\"column\" data-e-type=\"column\">\n\t\t\t<div class=\"elementor-widget-wrap elementor-element-populated\">\n\t\t\t\t\t\t<div class=\"elementor-element elementor-element-64fbff1 elementor-widget elementor-widget-text-editor\" data-id=\"64fbff1\" data-element_type=\"widget\" data-e-type=\"widget\" data-widget_type=\"text-editor.default\">\n\t\t\t\t<div class=\"elementor-widget-container\">\n\t\t\t\t\t\t\t\t\t\n<p><span style=\"font-weight: 400;\">Po\u010das 24.6.-1.7.2019 sa p\u00e4\u0165 slovensk\u00fdch ml\u00e1de\u017en\u00edkov z\u00fa\u010dastnilo na ml\u00e1de\u017en\u00edckej v\u00fdmene CentreRED II v \u0161panielskej Lorce. Za\u010diatok projektu bol zameran\u00fd na vytvorenie pravidiel projektu a samozrejme na vz\u00e1jomn\u00e9 spozn\u00e1vanie sa prostredn\u00edctvom hier, teambuildingov\u00fdch aktiv\u00edt s cie\u013eom spoji\u0165 multikult\u00farnu skupinu a pok\u00fasi\u0165 sa zapam\u00e4ta\u0165 si men\u00e1 v\u0161etk\u00fdch \u00fa\u010dastn\u00edkov.<\/span><\/p>\n<p>\u00a0<\/p>\n<p><span style=\"font-weight: 400;\">Prv\u00e1 otvoren\u00e1 diskusia bola o v\u00fdzname programu Erasmus +, mo\u017enostiach bud\u00facich dobrovo\u013en\u00edckych aktiv\u00edt a postupe ako h\u013eada\u0165 a dlh\u0161ie v\u00fdmeny \/ dobrovo\u013en\u00edctva.<\/span><\/p>\n<p>\u00a0<\/p>\n<p><span style=\"font-weight: 400;\">\u010eal\u0161ia \u010das\u0165 v\u00fdmeny bola tvoren\u00e1 workshopmi. \u010clenovia ka\u017ed\u00e9ho n\u00e1rodn\u00e9ho t\u00edmu boli vybran\u00ed dobrovo\u013enou registr\u00e1ciou na jednu t\u00e9mu. Po rozdelen\u00ed do skup\u00edn museli \u00fa\u010dastn\u00edci pripravi\u0165 sch\u00e9mu pre workshop a po ukon\u010den\u00ed ho predstavili a prediskutovali s jedn\u00fdm nez\u00e1visl\u00fdm pomocn\u00edkom z hostite\u013esk\u00e9ho centra, ktor\u00fd im poskytol n\u00e1pady a rady na jeho vylep\u0161enie do z\u00e1vere\u010dnej prezent\u00e1cie.<\/span><\/p>\n<p>\u00a0<\/p>\n<p><span style=\"font-weight: 400;\">\u010co v\u0161ak bolo hlavnou t\u00e9mou tohto projektu? I\u0161lo o \u201epomoc spolo\u010dnosti\u201c a v\u0161etky mo\u017en\u00e9 sp\u00f4soby ako tento cie\u013e dosiahnu\u0165. \u00da\u010dastn\u00edci diskutovali o mo\u017enostiach v ich vlastn\u00fdch regi\u00f3noch. Ve\u013ea vec\u00ed bolo povedan\u00fdch a ve\u013ea hier bolo pou\u017eit\u00fdch na osvojenie si kval\u00edt potrebn\u00fdch pre pr\u00e1cu s \u013eu\u010fmi. V skuto\u010dnosti sa jednalo o jednu hru, ktor\u00e1 pekne vystihla, \u010do si \u00fa\u010dastn\u00edci myslia &#8211; boli tu dve skupiny a dve r\u00f4zne skupiny, ktor\u00e9 potrebovali urobi\u0165 kompromis&#8230; A zmysel bolo pr\u00eds\u0165 na to, ako m\u00f4\u017eeme uspie\u0165 obaja, nie len jedenotlivec.<\/span><\/p>\n<p>\u00a0<\/p>\n<p><span style=\"font-weight: 400;\">Na zlep\u0161enie aktu\u00e1lneho projektu a tie\u017e projektov do bud\u00facnosti sa ka\u017ed\u00fd de\u0148 konala sp\u00e4tn\u00e1 v\u00e4zba \u00fa\u010dastn\u00edci.<\/span><\/p>\n<p>\u00a0<\/p>\n<p><span style=\"font-weight: 400;\">Najlep\u0161ie na budovanie t\u00edmu boli kult\u00farne ve\u010dery, kde ka\u017ed\u00e1 krajina predstavila svoju odli\u0161n\u00fa kult\u00faru a samozrejme hudbu spojen\u00fa s tradi\u010dn\u00fdmi tancami, ktor\u00e9 sme v\u0161etci spolu tancovali.<\/span><\/p>\n<p>\u00a0<\/p>\n<p><span style=\"font-weight: 400;\">Slovensk\u00e1 skupina sa na tejto v\u00fdmene pekne bavila a rozv\u00edjala sa mnoh\u00fdmi sp\u00f4sobmi. Bolo to n\u00e1ro\u010dn\u00e9 pre v\u0161etk\u00fdch, vr\u00e1tane ved\u00faceho skupiny. Ka\u017ed\u00fd z nich z\u00edskal v tomto n\u00e1dhernom \u010dase nov\u00e9 zru\u010dnosti, z\u00edskal nov\u00e9 vedomosti a nadobudol mnoho z\u00e1\u017eitkov a spomienok.<\/span><\/p>\n<p>\u00a0<\/p>\n<p><span style=\"font-weight: 400;\">V\u0161etci sme v\u010fa\u010dn\u00ed za mo\u017enos\u0165 by\u0165 s\u00fa\u010das\u0165ou tohto projektu, za \u010do v\u010fa\u010d\u00edme na\u0161ej vysielaj\u00facej organiz\u00e1cii Ml\u00e1de\u017e rovnosti a ich podpore a superv\u00edzorovi po\u010das cel\u00e9ho procesu projektu.<\/span><\/p>\n<p>\u00a0<\/p>\n<p><span style=\"font-weight: 400;\">Pavol Guman\u010d\u00edk<\/span><\/p>\n<p>\u00a0<\/p>\n\n<div class=\"wp-block-coblocks-gallery-carousel\">\n<div class=\"is-cropped coblocks-gallery has-no-alignment has-caption-style-dark has-horizontal-gutter\">\n<div class=\"has-carousel has-carousel-lrg\" style=\"height: 400px;\" draggable=\"\" data-flickity=\"{\">\n<div class=\"coblocks-gallery--item\">\n<figure class=\"coblocks-gallery--figure has-margin-left-5 has-margin-left-mobile-5 has-margin-right-5 has-margin-right-mobile-5\"><img fetchpriority=\"high\" decoding=\"async\" width=\"1024\" height=\"768\" class=\"wp-image-1159\" src=\"https:\/\/www.youthforequality.sk\/wp-content\/uploads\/2020\/06\/CentreRED-2-1-1024x768.jpg\" alt=\"\" data-id=\"1159\" data-link=\"https:\/\/www.youthforequality.sk\/index.php\/2020\/06\/24\/ciri-copy\/centrered-2-1\/\" srcset=\"https:\/\/www.youthforequality.sk\/wp-content\/uploads\/2020\/06\/CentreRED-2-1-1024x768.jpg 1024w, https:\/\/www.youthforequality.sk\/wp-content\/uploads\/2020\/06\/CentreRED-2-1-300x225.jpg 300w, https:\/\/www.youthforequality.sk\/wp-content\/uploads\/2020\/06\/CentreRED-2-1-768x576.jpg 768w, https:\/\/www.youthforequality.sk\/wp-content\/uploads\/2020\/06\/CentreRED-2-1-1536x1152.jpg 1536w, https:\/\/www.youthforequality.sk\/wp-content\/uploads\/2020\/06\/CentreRED-2-1-540x405.jpg 540w, https:\/\/www.youthforequality.sk\/wp-content\/uploads\/2020\/06\/CentreRED-2-1-1080x810.jpg 1080w, https:\/\/www.youthforequality.sk\/wp-content\/uploads\/2020\/06\/CentreRED-2-1.jpg 1920w\" sizes=\"(max-width: 1024px) 100vw, 1024px\" \/><\/figure>\n<\/div>\n<div class=\"coblocks-gallery--item\">\n<figure class=\"coblocks-gallery--figure has-margin-left-5 has-margin-left-mobile-5 has-margin-right-5 has-margin-right-mobile-5\"><img decoding=\"async\" width=\"1024\" height=\"768\" class=\"wp-image-1161\" src=\"https:\/\/www.youthforequality.sk\/wp-content\/uploads\/2020\/06\/CentreRED-3-1-1024x768.jpg\" alt=\"\" data-id=\"1161\" data-link=\"https:\/\/www.youthforequality.sk\/index.php\/2020\/06\/24\/ciri-copy\/centrered-3-1\/\" srcset=\"https:\/\/www.youthforequality.sk\/wp-content\/uploads\/2020\/06\/CentreRED-3-1-1024x768.jpg 1024w, https:\/\/www.youthforequality.sk\/wp-content\/uploads\/2020\/06\/CentreRED-3-1-300x225.jpg 300w, https:\/\/www.youthforequality.sk\/wp-content\/uploads\/2020\/06\/CentreRED-3-1-768x576.jpg 768w, https:\/\/www.youthforequality.sk\/wp-content\/uploads\/2020\/06\/CentreRED-3-1-1536x1152.jpg 1536w, https:\/\/www.youthforequality.sk\/wp-content\/uploads\/2020\/06\/CentreRED-3-1-540x405.jpg 540w, https:\/\/www.youthforequality.sk\/wp-content\/uploads\/2020\/06\/CentreRED-3-1-1080x810.jpg 1080w, https:\/\/www.youthforequality.sk\/wp-content\/uploads\/2020\/06\/CentreRED-3-1.jpg 1920w\" sizes=\"(max-width: 1024px) 100vw, 1024px\" \/><\/figure>\n<\/div>\n<div class=\"coblocks-gallery--item\">\n<figure class=\"coblocks-gallery--figure has-margin-left-5 has-margin-left-mobile-5 has-margin-right-5 has-margin-right-mobile-5\"><img decoding=\"async\" width=\"1024\" height=\"768\" class=\"wp-image-1163\" src=\"https:\/\/www.youthforequality.sk\/wp-content\/uploads\/2020\/06\/CentreRED-4-1-1024x768.jpg\" alt=\"\" data-id=\"1163\" data-link=\"https:\/\/www.youthforequality.sk\/index.php\/2020\/06\/24\/ciri-copy\/centrered-4-1\/\" srcset=\"https:\/\/www.youthforequality.sk\/wp-content\/uploads\/2020\/06\/CentreRED-4-1-1024x768.jpg 1024w, https:\/\/www.youthforequality.sk\/wp-content\/uploads\/2020\/06\/CentreRED-4-1-300x225.jpg 300w, https:\/\/www.youthforequality.sk\/wp-content\/uploads\/2020\/06\/CentreRED-4-1-768x576.jpg 768w, https:\/\/www.youthforequality.sk\/wp-content\/uploads\/2020\/06\/CentreRED-4-1-1536x1152.jpg 1536w, https:\/\/www.youthforequality.sk\/wp-content\/uploads\/2020\/06\/CentreRED-4-1-540x405.jpg 540w, https:\/\/www.youthforequality.sk\/wp-content\/uploads\/2020\/06\/CentreRED-4-1-1080x810.jpg 1080w, https:\/\/www.youthforequality.sk\/wp-content\/uploads\/2020\/06\/CentreRED-4-1.jpg 1920w\" sizes=\"(max-width: 1024px) 100vw, 1024px\" \/><\/figure>\n<\/div>\n<div class=\"coblocks-gallery--item\">\n<figure class=\"coblocks-gallery--figure has-margin-left-5 has-margin-left-mobile-5 has-margin-right-5 has-margin-right-mobile-5\"><img loading=\"lazy\" decoding=\"async\" width=\"1024\" height=\"768\" class=\"wp-image-1165\" src=\"https:\/\/www.youthforequality.sk\/wp-content\/uploads\/2020\/06\/CentreRED-5-1-1024x768.jpg\" alt=\"\" data-id=\"1165\" data-link=\"https:\/\/www.youthforequality.sk\/index.php\/2020\/06\/24\/ciri-copy\/centrered-5-1\/\" srcset=\"https:\/\/www.youthforequality.sk\/wp-content\/uploads\/2020\/06\/CentreRED-5-1-1024x768.jpg 1024w, https:\/\/www.youthforequality.sk\/wp-content\/uploads\/2020\/06\/CentreRED-5-1-300x225.jpg 300w, https:\/\/www.youthforequality.sk\/wp-content\/uploads\/2020\/06\/CentreRED-5-1-768x576.jpg 768w, https:\/\/www.youthforequality.sk\/wp-content\/uploads\/2020\/06\/CentreRED-5-1-1536x1152.jpg 1536w, https:\/\/www.youthforequality.sk\/wp-content\/uploads\/2020\/06\/CentreRED-5-1-540x405.jpg 540w, https:\/\/www.youthforequality.sk\/wp-content\/uploads\/2020\/06\/CentreRED-5-1-1080x810.jpg 1080w, https:\/\/www.youthforequality.sk\/wp-content\/uploads\/2020\/06\/CentreRED-5-1.jpg 1920w\" sizes=\"(max-width: 1024px) 100vw, 1024px\" \/><\/figure>\n<\/div>\n<div class=\"coblocks-gallery--item\">\n<figure class=\"coblocks-gallery--figure has-margin-left-5 has-margin-left-mobile-5 has-margin-right-5 has-margin-right-mobile-5\"><img loading=\"lazy\" decoding=\"async\" width=\"1024\" height=\"768\" class=\"wp-image-1168\" src=\"https:\/\/www.youthforequality.sk\/wp-content\/uploads\/2020\/06\/CentreRED-6-1-1024x768.jpg\" alt=\"\" data-id=\"1168\" data-link=\"https:\/\/www.youthforequality.sk\/index.php\/2019\/07\/22\/centrered-2\/centrered-6-1\/\" srcset=\"https:\/\/www.youthforequality.sk\/wp-content\/uploads\/2020\/06\/CentreRED-6-1-1024x768.jpg 1024w, https:\/\/www.youthforequality.sk\/wp-content\/uploads\/2020\/06\/CentreRED-6-1-300x225.jpg 300w, https:\/\/www.youthforequality.sk\/wp-content\/uploads\/2020\/06\/CentreRED-6-1-768x576.jpg 768w, https:\/\/www.youthforequality.sk\/wp-content\/uploads\/2020\/06\/CentreRED-6-1-1536x1152.jpg 1536w, https:\/\/www.youthforequality.sk\/wp-content\/uploads\/2020\/06\/CentreRED-6-1-540x405.jpg 540w, https:\/\/www.youthforequality.sk\/wp-content\/uploads\/2020\/06\/CentreRED-6-1-1080x810.jpg 1080w, https:\/\/www.youthforequality.sk\/wp-content\/uploads\/2020\/06\/CentreRED-6-1.jpg 1920w\" sizes=\"(max-width: 1024px) 100vw, 1024px\" \/><\/figure>\n<\/div>\n<div class=\"coblocks-gallery--item\">\n<figure class=\"coblocks-gallery--figure has-margin-left-5 has-margin-left-mobile-5 has-margin-right-5 has-margin-right-mobile-5\"><img loading=\"lazy\" decoding=\"async\" width=\"1024\" height=\"768\" class=\"wp-image-1170\" src=\"https:\/\/www.youthforequality.sk\/wp-content\/uploads\/2020\/06\/CentreRED-7-1-1024x768.jpg\" alt=\"\" data-id=\"1170\" data-link=\"https:\/\/www.youthforequality.sk\/index.php\/2019\/07\/22\/centrered-2\/centrered-7-1\/\" srcset=\"https:\/\/www.youthforequality.sk\/wp-content\/uploads\/2020\/06\/CentreRED-7-1-1024x768.jpg 1024w, https:\/\/www.youthforequality.sk\/wp-content\/uploads\/2020\/06\/CentreRED-7-1-300x225.jpg 300w, https:\/\/www.youthforequality.sk\/wp-content\/uploads\/2020\/06\/CentreRED-7-1-768x576.jpg 768w, https:\/\/www.youthforequality.sk\/wp-content\/uploads\/2020\/06\/CentreRED-7-1-1536x1152.jpg 1536w, https:\/\/www.youthforequality.sk\/wp-content\/uploads\/2020\/06\/CentreRED-7-1-540x405.jpg 540w, https:\/\/www.youthforequality.sk\/wp-content\/uploads\/2020\/06\/CentreRED-7-1-1080x810.jpg 1080w, https:\/\/www.youthforequality.sk\/wp-content\/uploads\/2020\/06\/CentreRED-7-1.jpg 1920w\" sizes=\"(max-width: 1024px) 100vw, 1024px\" \/><\/figure>\n<\/div>\n<\/div>\n<\/div>\n<\/div>\n\t\t\t\t\t\t\t\t<\/div>\n\t\t\t\t<\/div>\n\t\t\t\t\t<\/div>\n\t\t<\/div>\n\t\t\t\t\t<\/div>\n\t\t<\/section>\n\t\t\t\t<\/div>\n\t\t","protected":false},"excerpt":{"rendered":"<p>Po\u010das 24.6.-1.7.2019 sa p\u00e4\u0165 slovensk\u00fdch ml\u00e1de\u017en\u00edkov z\u00fa\u010dastnilo na ml\u00e1de\u017en\u00edckej v\u00fdmene CentreRED II v \u0161panielskej Lorce. Za\u010diatok projektu bol zameran\u00fd na vytvorenie pravidiel projektu a samozrejme na vz\u00e1jomn\u00e9 spozn\u00e1vanie sa prostredn\u00edctvom hier, teambuildingov\u00fdch aktiv\u00edt s cie\u013eom spoji\u0165 multikult\u00farnu skupinu a pok\u00fasi\u0165 sa zapam\u00e4ta\u0165 si men\u00e1 v\u0161etk\u00fdch \u00fa\u010dastn\u00edkov. \u00a0 Prv\u00e1 otvoren\u00e1 diskusia bola o v\u00fdzname programu Erasmus&hellip;&nbsp;<a href=\"https:\/\/www.youthforequality.sk\/index.php\/2019\/07\/22\/centrered-2\/\" class=\"\" rel=\"bookmark\">\u010c\u00edta\u0165 viac &raquo;<span class=\"screen-reader-text\">CentreRED II<\/span><\/a><\/p>\n","protected":false},"author":1,"featured_media":1157,"comment_status":"open","ping_status":"open","sticky":false,"template":"","format":"standard","meta":{"_uf_show_specific_survey":0,"_uf_disable_surveys":false,"neve_meta_sidebar":"","neve_meta_container":"","neve_meta_enable_content_width":"","neve_meta_content_width":0,"neve_meta_title_alignment":"","neve_meta_author_avatar":"","neve_post_elements_order":"","neve_meta_disable_header":"","neve_meta_disable_footer":"","neve_meta_disable_title":"","_themeisle_gutenberg_block_has_review":false,"footnotes":""},"categories":[3],"tags":[],"class_list":["post-1155","post","type-post","status-publish","format-standard","has-post-thumbnail","hentry","category-blog"],"yoast_head":"<!-- This site is optimized with the Yoast SEO plugin v27.4 - https:\/\/yoast.com\/product\/yoast-seo-wordpress\/ -->\n<title>CentreRED II |<\/title>\n<meta name=\"robots\" content=\"index, follow, max-snippet:-1, max-image-preview:large, max-video-preview:-1\" \/>\n<link rel=\"canonical\" href=\"https:\/\/www.youthforequality.sk\/index.php\/2019\/07\/22\/centrered-2\/\" \/>\n<meta property=\"og:locale\" content=\"sk_SK\" \/>\n<meta property=\"og:type\" content=\"article\" \/>\n<meta property=\"og:title\" content=\"CentreRED II |\" \/>\n<meta property=\"og:description\" content=\"Po\u010das 24.6.-1.7.2019 sa p\u00e4\u0165 slovensk\u00fdch ml\u00e1de\u017en\u00edkov z\u00fa\u010dastnilo na ml\u00e1de\u017en\u00edckej v\u00fdmene CentreRED II v \u0161panielskej Lorce. Za\u010diatok projektu bol zameran\u00fd na vytvorenie pravidiel projektu a samozrejme na vz\u00e1jomn\u00e9 spozn\u00e1vanie sa prostredn\u00edctvom hier, teambuildingov\u00fdch aktiv\u00edt s cie\u013eom spoji\u0165 multikult\u00farnu skupinu a pok\u00fasi\u0165 sa zapam\u00e4ta\u0165 si men\u00e1 v\u0161etk\u00fdch \u00fa\u010dastn\u00edkov. \u00a0 Prv\u00e1 otvoren\u00e1 diskusia bola o v\u00fdzname programu Erasmus&hellip;&nbsp;\u010c\u00edta\u0165 viac &raquo;CentreRED II\" \/>\n<meta property=\"og:url\" content=\"https:\/\/www.youthforequality.sk\/index.php\/2019\/07\/22\/centrered-2\/\" \/>\n<meta property=\"article:publisher\" content=\"https:\/\/www.facebook.com\/yeslovakia\" \/>\n<meta property=\"article:published_time\" content=\"2019-07-22T09:52:34+00:00\" \/>\n<meta property=\"article:modified_time\" content=\"2021-04-12T18:44:16+00:00\" \/>\n<meta property=\"og:image\" content=\"https:\/\/www.youthforequality.sk\/wp-content\/uploads\/2020\/06\/CentreRED-1.jpg\" \/>\n\t<meta property=\"og:image:width\" content=\"1920\" \/>\n\t<meta property=\"og:image:height\" content=\"1440\" \/>\n\t<meta property=\"og:image:type\" content=\"image\/jpeg\" \/>\n<meta name=\"author\" content=\"Filip Ku\u017ema\" \/>\n<meta name=\"twitter:card\" content=\"summary_large_image\" \/>\n<meta name=\"twitter:label1\" content=\"Autor\" \/>\n\t<meta name=\"twitter:data1\" content=\"Filip Ku\u017ema\" \/>\n\t<meta name=\"twitter:label2\" content=\"Predpokladan\u00fd \u010das \u010d\u00edtania\" \/>\n\t<meta name=\"twitter:data2\" content=\"3 min\u00faty\" \/>\n<script type=\"application\/ld+json\" class=\"yoast-schema-graph\">{\"@context\":\"https:\\\/\\\/schema.org\",\"@graph\":[{\"@type\":\"Article\",\"@id\":\"https:\\\/\\\/www.youthforequality.sk\\\/index.php\\\/2019\\\/07\\\/22\\\/centrered-2\\\/#article\",\"isPartOf\":{\"@id\":\"https:\\\/\\\/www.youthforequality.sk\\\/index.php\\\/2019\\\/07\\\/22\\\/centrered-2\\\/\"},\"author\":{\"name\":\"Filip Ku\u017ema\",\"@id\":\"https:\\\/\\\/www.youthforequality.sk\\\/#\\\/schema\\\/person\\\/13a1342f9669c039035c15166bfaf7dd\"},\"headline\":\"CentreRED II\",\"datePublished\":\"2019-07-22T09:52:34+00:00\",\"dateModified\":\"2021-04-12T18:44:16+00:00\",\"mainEntityOfPage\":{\"@id\":\"https:\\\/\\\/www.youthforequality.sk\\\/index.php\\\/2019\\\/07\\\/22\\\/centrered-2\\\/\"},\"wordCount\":449,\"commentCount\":0,\"publisher\":{\"@id\":\"https:\\\/\\\/www.youthforequality.sk\\\/#organization\"},\"image\":{\"@id\":\"https:\\\/\\\/www.youthforequality.sk\\\/index.php\\\/2019\\\/07\\\/22\\\/centrered-2\\\/#primaryimage\"},\"thumbnailUrl\":\"https:\\\/\\\/www.youthforequality.sk\\\/wp-content\\\/uploads\\\/2020\\\/06\\\/CentreRED-1.jpg\",\"articleSection\":[\"Blog\"],\"inLanguage\":\"sk-SK\",\"potentialAction\":[{\"@type\":\"CommentAction\",\"name\":\"Comment\",\"target\":[\"https:\\\/\\\/www.youthforequality.sk\\\/index.php\\\/2019\\\/07\\\/22\\\/centrered-2\\\/#respond\"]}]},{\"@type\":\"WebPage\",\"@id\":\"https:\\\/\\\/www.youthforequality.sk\\\/index.php\\\/2019\\\/07\\\/22\\\/centrered-2\\\/\",\"url\":\"https:\\\/\\\/www.youthforequality.sk\\\/index.php\\\/2019\\\/07\\\/22\\\/centrered-2\\\/\",\"name\":\"CentreRED II |\",\"isPartOf\":{\"@id\":\"https:\\\/\\\/www.youthforequality.sk\\\/#website\"},\"primaryImageOfPage\":{\"@id\":\"https:\\\/\\\/www.youthforequality.sk\\\/index.php\\\/2019\\\/07\\\/22\\\/centrered-2\\\/#primaryimage\"},\"image\":{\"@id\":\"https:\\\/\\\/www.youthforequality.sk\\\/index.php\\\/2019\\\/07\\\/22\\\/centrered-2\\\/#primaryimage\"},\"thumbnailUrl\":\"https:\\\/\\\/www.youthforequality.sk\\\/wp-content\\\/uploads\\\/2020\\\/06\\\/CentreRED-1.jpg\",\"datePublished\":\"2019-07-22T09:52:34+00:00\",\"dateModified\":\"2021-04-12T18:44:16+00:00\",\"breadcrumb\":{\"@id\":\"https:\\\/\\\/www.youthforequality.sk\\\/index.php\\\/2019\\\/07\\\/22\\\/centrered-2\\\/#breadcrumb\"},\"inLanguage\":\"sk-SK\",\"potentialAction\":[{\"@type\":\"ReadAction\",\"target\":[\"https:\\\/\\\/www.youthforequality.sk\\\/index.php\\\/2019\\\/07\\\/22\\\/centrered-2\\\/\"]}]},{\"@type\":\"ImageObject\",\"inLanguage\":\"sk-SK\",\"@id\":\"https:\\\/\\\/www.youthforequality.sk\\\/index.php\\\/2019\\\/07\\\/22\\\/centrered-2\\\/#primaryimage\",\"url\":\"https:\\\/\\\/www.youthforequality.sk\\\/wp-content\\\/uploads\\\/2020\\\/06\\\/CentreRED-1.jpg\",\"contentUrl\":\"https:\\\/\\\/www.youthforequality.sk\\\/wp-content\\\/uploads\\\/2020\\\/06\\\/CentreRED-1.jpg\",\"width\":1920,\"height\":1440},{\"@type\":\"BreadcrumbList\",\"@id\":\"https:\\\/\\\/www.youthforequality.sk\\\/index.php\\\/2019\\\/07\\\/22\\\/centrered-2\\\/#breadcrumb\",\"itemListElement\":[{\"@type\":\"ListItem\",\"position\":1,\"name\":\"Home\",\"item\":\"https:\\\/\\\/www.youthforequality.sk\\\/\"},{\"@type\":\"ListItem\",\"position\":2,\"name\":\"CentreRED II\"}]},{\"@type\":\"WebSite\",\"@id\":\"https:\\\/\\\/www.youthforequality.sk\\\/#website\",\"url\":\"https:\\\/\\\/www.youthforequality.sk\\\/\",\"name\":\"\",\"description\":\"\",\"publisher\":{\"@id\":\"https:\\\/\\\/www.youthforequality.sk\\\/#organization\"},\"potentialAction\":[{\"@type\":\"SearchAction\",\"target\":{\"@type\":\"EntryPoint\",\"urlTemplate\":\"https:\\\/\\\/www.youthforequality.sk\\\/?s={search_term_string}\"},\"query-input\":{\"@type\":\"PropertyValueSpecification\",\"valueRequired\":true,\"valueName\":\"search_term_string\"}}],\"inLanguage\":\"sk-SK\"},{\"@type\":\"Organization\",\"@id\":\"https:\\\/\\\/www.youthforequality.sk\\\/#organization\",\"name\":\"Youth for Equality\",\"url\":\"https:\\\/\\\/www.youthforequality.sk\\\/\",\"logo\":{\"@type\":\"ImageObject\",\"inLanguage\":\"sk-SK\",\"@id\":\"https:\\\/\\\/www.youthforequality.sk\\\/#\\\/schema\\\/logo\\\/image\\\/\",\"url\":\"https:\\\/\\\/www.youthforequality.sk\\\/wp-content\\\/uploads\\\/2021\\\/01\\\/vynovene-logo-nove-farby_modra-na-web.png\",\"contentUrl\":\"https:\\\/\\\/www.youthforequality.sk\\\/wp-content\\\/uploads\\\/2021\\\/01\\\/vynovene-logo-nove-farby_modra-na-web.png\",\"width\":1,\"height\":1,\"caption\":\"Youth for Equality\"},\"image\":{\"@id\":\"https:\\\/\\\/www.youthforequality.sk\\\/#\\\/schema\\\/logo\\\/image\\\/\"},\"sameAs\":[\"https:\\\/\\\/www.facebook.com\\\/yeslovakia\"]},{\"@type\":\"Person\",\"@id\":\"https:\\\/\\\/www.youthforequality.sk\\\/#\\\/schema\\\/person\\\/13a1342f9669c039035c15166bfaf7dd\",\"name\":\"Filip Ku\u017ema\",\"image\":{\"@type\":\"ImageObject\",\"inLanguage\":\"sk-SK\",\"@id\":\"https:\\\/\\\/secure.gravatar.com\\\/avatar\\\/5f16b953992f889ac33be959cbb81fab7225cec203e13cff27b25f35459dbc06?s=96&d=mm&r=g\",\"url\":\"https:\\\/\\\/secure.gravatar.com\\\/avatar\\\/5f16b953992f889ac33be959cbb81fab7225cec203e13cff27b25f35459dbc06?s=96&d=mm&r=g\",\"contentUrl\":\"https:\\\/\\\/secure.gravatar.com\\\/avatar\\\/5f16b953992f889ac33be959cbb81fab7225cec203e13cff27b25f35459dbc06?s=96&d=mm&r=g\",\"caption\":\"Filip Ku\u017ema\"},\"sameAs\":[\"https:\\\/\\\/www.youthforequality.sk\"],\"url\":\"https:\\\/\\\/www.youthforequality.sk\\\/index.php\\\/author\\\/filkuz\\\/\"}]}<\/script>\n<!-- \/ Yoast SEO plugin. -->","yoast_head_json":{"title":"CentreRED II |","robots":{"index":"index","follow":"follow","max-snippet":"max-snippet:-1","max-image-preview":"max-image-preview:large","max-video-preview":"max-video-preview:-1"},"canonical":"https:\/\/www.youthforequality.sk\/index.php\/2019\/07\/22\/centrered-2\/","og_locale":"sk_SK","og_type":"article","og_title":"CentreRED II |","og_description":"Po\u010das 24.6.-1.7.2019 sa p\u00e4\u0165 slovensk\u00fdch ml\u00e1de\u017en\u00edkov z\u00fa\u010dastnilo na ml\u00e1de\u017en\u00edckej v\u00fdmene CentreRED II v \u0161panielskej Lorce. Za\u010diatok projektu bol zameran\u00fd na vytvorenie pravidiel projektu a samozrejme na vz\u00e1jomn\u00e9 spozn\u00e1vanie sa prostredn\u00edctvom hier, teambuildingov\u00fdch aktiv\u00edt s cie\u013eom spoji\u0165 multikult\u00farnu skupinu a pok\u00fasi\u0165 sa zapam\u00e4ta\u0165 si men\u00e1 v\u0161etk\u00fdch \u00fa\u010dastn\u00edkov. \u00a0 Prv\u00e1 otvoren\u00e1 diskusia bola o v\u00fdzname programu Erasmus&hellip;&nbsp;\u010c\u00edta\u0165 viac &raquo;CentreRED II","og_url":"https:\/\/www.youthforequality.sk\/index.php\/2019\/07\/22\/centrered-2\/","article_publisher":"https:\/\/www.facebook.com\/yeslovakia","article_published_time":"2019-07-22T09:52:34+00:00","article_modified_time":"2021-04-12T18:44:16+00:00","og_image":[{"width":1920,"height":1440,"url":"https:\/\/www.youthforequality.sk\/wp-content\/uploads\/2020\/06\/CentreRED-1.jpg","type":"image\/jpeg"}],"author":"Filip Ku\u017ema","twitter_card":"summary_large_image","twitter_misc":{"Autor":"Filip Ku\u017ema","Predpokladan\u00fd \u010das \u010d\u00edtania":"3 min\u00faty"},"schema":{"@context":"https:\/\/schema.org","@graph":[{"@type":"Article","@id":"https:\/\/www.youthforequality.sk\/index.php\/2019\/07\/22\/centrered-2\/#article","isPartOf":{"@id":"https:\/\/www.youthforequality.sk\/index.php\/2019\/07\/22\/centrered-2\/"},"author":{"name":"Filip Ku\u017ema","@id":"https:\/\/www.youthforequality.sk\/#\/schema\/person\/13a1342f9669c039035c15166bfaf7dd"},"headline":"CentreRED II","datePublished":"2019-07-22T09:52:34+00:00","dateModified":"2021-04-12T18:44:16+00:00","mainEntityOfPage":{"@id":"https:\/\/www.youthforequality.sk\/index.php\/2019\/07\/22\/centrered-2\/"},"wordCount":449,"commentCount":0,"publisher":{"@id":"https:\/\/www.youthforequality.sk\/#organization"},"image":{"@id":"https:\/\/www.youthforequality.sk\/index.php\/2019\/07\/22\/centrered-2\/#primaryimage"},"thumbnailUrl":"https:\/\/www.youthforequality.sk\/wp-content\/uploads\/2020\/06\/CentreRED-1.jpg","articleSection":["Blog"],"inLanguage":"sk-SK","potentialAction":[{"@type":"CommentAction","name":"Comment","target":["https:\/\/www.youthforequality.sk\/index.php\/2019\/07\/22\/centrered-2\/#respond"]}]},{"@type":"WebPage","@id":"https:\/\/www.youthforequality.sk\/index.php\/2019\/07\/22\/centrered-2\/","url":"https:\/\/www.youthforequality.sk\/index.php\/2019\/07\/22\/centrered-2\/","name":"CentreRED II |","isPartOf":{"@id":"https:\/\/www.youthforequality.sk\/#website"},"primaryImageOfPage":{"@id":"https:\/\/www.youthforequality.sk\/index.php\/2019\/07\/22\/centrered-2\/#primaryimage"},"image":{"@id":"https:\/\/www.youthforequality.sk\/index.php\/2019\/07\/22\/centrered-2\/#primaryimage"},"thumbnailUrl":"https:\/\/www.youthforequality.sk\/wp-content\/uploads\/2020\/06\/CentreRED-1.jpg","datePublished":"2019-07-22T09:52:34+00:00","dateModified":"2021-04-12T18:44:16+00:00","breadcrumb":{"@id":"https:\/\/www.youthforequality.sk\/index.php\/2019\/07\/22\/centrered-2\/#breadcrumb"},"inLanguage":"sk-SK","potentialAction":[{"@type":"ReadAction","target":["https:\/\/www.youthforequality.sk\/index.php\/2019\/07\/22\/centrered-2\/"]}]},{"@type":"ImageObject","inLanguage":"sk-SK","@id":"https:\/\/www.youthforequality.sk\/index.php\/2019\/07\/22\/centrered-2\/#primaryimage","url":"https:\/\/www.youthforequality.sk\/wp-content\/uploads\/2020\/06\/CentreRED-1.jpg","contentUrl":"https:\/\/www.youthforequality.sk\/wp-content\/uploads\/2020\/06\/CentreRED-1.jpg","width":1920,"height":1440},{"@type":"BreadcrumbList","@id":"https:\/\/www.youthforequality.sk\/index.php\/2019\/07\/22\/centrered-2\/#breadcrumb","itemListElement":[{"@type":"ListItem","position":1,"name":"Home","item":"https:\/\/www.youthforequality.sk\/"},{"@type":"ListItem","position":2,"name":"CentreRED II"}]},{"@type":"WebSite","@id":"https:\/\/www.youthforequality.sk\/#website","url":"https:\/\/www.youthforequality.sk\/","name":"","description":"","publisher":{"@id":"https:\/\/www.youthforequality.sk\/#organization"},"potentialAction":[{"@type":"SearchAction","target":{"@type":"EntryPoint","urlTemplate":"https:\/\/www.youthforequality.sk\/?s={search_term_string}"},"query-input":{"@type":"PropertyValueSpecification","valueRequired":true,"valueName":"search_term_string"}}],"inLanguage":"sk-SK"},{"@type":"Organization","@id":"https:\/\/www.youthforequality.sk\/#organization","name":"Youth for Equality","url":"https:\/\/www.youthforequality.sk\/","logo":{"@type":"ImageObject","inLanguage":"sk-SK","@id":"https:\/\/www.youthforequality.sk\/#\/schema\/logo\/image\/","url":"https:\/\/www.youthforequality.sk\/wp-content\/uploads\/2021\/01\/vynovene-logo-nove-farby_modra-na-web.png","contentUrl":"https:\/\/www.youthforequality.sk\/wp-content\/uploads\/2021\/01\/vynovene-logo-nove-farby_modra-na-web.png","width":1,"height":1,"caption":"Youth for Equality"},"image":{"@id":"https:\/\/www.youthforequality.sk\/#\/schema\/logo\/image\/"},"sameAs":["https:\/\/www.facebook.com\/yeslovakia"]},{"@type":"Person","@id":"https:\/\/www.youthforequality.sk\/#\/schema\/person\/13a1342f9669c039035c15166bfaf7dd","name":"Filip Ku\u017ema","image":{"@type":"ImageObject","inLanguage":"sk-SK","@id":"https:\/\/secure.gravatar.com\/avatar\/5f16b953992f889ac33be959cbb81fab7225cec203e13cff27b25f35459dbc06?s=96&d=mm&r=g","url":"https:\/\/secure.gravatar.com\/avatar\/5f16b953992f889ac33be959cbb81fab7225cec203e13cff27b25f35459dbc06?s=96&d=mm&r=g","contentUrl":"https:\/\/secure.gravatar.com\/avatar\/5f16b953992f889ac33be959cbb81fab7225cec203e13cff27b25f35459dbc06?s=96&d=mm&r=g","caption":"Filip Ku\u017ema"},"sameAs":["https:\/\/www.youthforequality.sk"],"url":"https:\/\/www.youthforequality.sk\/index.php\/author\/filkuz\/"}]}},"_links":{"self":[{"href":"https:\/\/www.youthforequality.sk\/index.php\/wp-json\/wp\/v2\/posts\/1155","targetHints":{"allow":["GET"]}}],"collection":[{"href":"https:\/\/www.youthforequality.sk\/index.php\/wp-json\/wp\/v2\/posts"}],"about":[{"href":"https:\/\/www.youthforequality.sk\/index.php\/wp-json\/wp\/v2\/types\/post"}],"author":[{"embeddable":true,"href":"https:\/\/www.youthforequality.sk\/index.php\/wp-json\/wp\/v2\/users\/1"}],"replies":[{"embeddable":true,"href":"https:\/\/www.youthforequality.sk\/index.php\/wp-json\/wp\/v2\/comments?post=1155"}],"version-history":[{"count":6,"href":"https:\/\/www.youthforequality.sk\/index.php\/wp-json\/wp\/v2\/posts\/1155\/revisions"}],"predecessor-version":[{"id":2897,"href":"https:\/\/www.youthforequality.sk\/index.php\/wp-json\/wp\/v2\/posts\/1155\/revisions\/2897"}],"wp:featuredmedia":[{"embeddable":true,"href":"https:\/\/www.youthforequality.sk\/index.php\/wp-json\/wp\/v2\/media\/1157"}],"wp:attachment":[{"href":"https:\/\/www.youthforequality.sk\/index.php\/wp-json\/wp\/v2\/media?parent=1155"}],"wp:term":[{"taxonomy":"category","embeddable":true,"href":"https:\/\/www.youthforequality.sk\/index.php\/wp-json\/wp\/v2\/categories?post=1155"},{"taxonomy":"post_tag","embeddable":true,"href":"https:\/\/www.youthforequality.sk\/index.php\/wp-json\/wp\/v2\/tags?post=1155"}],"curies":[{"name":"wp","href":"https:\/\/api.w.org\/{rel}","templated":true}]}}