{"id":1184,"date":"2019-07-30T10:00:00","date_gmt":"2019-07-30T10:00:00","guid":{"rendered":"https:\/\/www.youthforequality.sk\/index.php\/2020\/06\/24\/centrered-2-copy\/"},"modified":"2021-04-12T20:42:55","modified_gmt":"2021-04-12T18:42:55","slug":"let-the-youngsters-run-the-world","status":"publish","type":"post","link":"https:\/\/www.youthforequality.sk\/index.php\/2019\/07\/30\/let-the-youngsters-run-the-world\/","title":{"rendered":"Let the youngsters run the world!"},"content":{"rendered":"\t\t<div data-elementor-type=\"wp-post\" data-elementor-id=\"1184\" class=\"elementor elementor-1184\">\n\t\t\t\t\t\t<section class=\"elementor-section elementor-top-section elementor-element elementor-element-588d87a9 elementor-section-boxed elementor-section-height-default elementor-section-height-default\" data-id=\"588d87a9\" data-element_type=\"section\" data-e-type=\"section\">\n\t\t\t\t\t\t<div class=\"elementor-container elementor-column-gap-default\">\n\t\t\t\t\t<div class=\"elementor-column elementor-col-100 elementor-top-column elementor-element elementor-element-32a352ef\" data-id=\"32a352ef\" data-element_type=\"column\" data-e-type=\"column\">\n\t\t\t<div class=\"elementor-widget-wrap elementor-element-populated\">\n\t\t\t\t\t\t<div class=\"elementor-element elementor-element-35656cf2 elementor-widget elementor-widget-text-editor\" data-id=\"35656cf2\" data-element_type=\"widget\" data-e-type=\"widget\" data-widget_type=\"text-editor.default\">\n\t\t\t\t<div class=\"elementor-widget-container\">\n\t\t\t\t\t\t\t\t\t\n<p><span style=\"font-weight: 400;\">V j\u00fali sme boli s\u00fa\u010das\u0165ou projektu \u201eMlad\u00ed podnikatelia pre soci\u00e1lny rozvoj\u201c v Bruseli.<\/span><\/p>\n<p><span style=\"font-weight: 400;\">Sp\u00e4tn\u00e1 v\u00e4zba profesora Dr. Contact Hamdiho, www.hamditemel.com.tr<\/span><\/p>\n<p>\u00a0<\/p>\n<p><span style=\"font-weight: 400;\">Nech mlad\u00ed vl\u00e1dnu svetu!<\/span><\/p>\n<p>\u00a0<\/p>\n<p><span style=\"font-weight: 400;\">Turecko, Belgicko, Po\u013esko, Slovensko, Portugalsko a Severn\u00e9 Maced\u00f3nsko sa zapojili do projektu programu Erasmus + v Bruseli \u201eMlad\u00ed podnikatelia pre soci\u00e1lny rozvoj\u201c.<\/span><\/p>\n<p><span style=\"font-weight: 400;\">Z\u00fa\u010dastnil som sa projektu a v\u0161etk\u00fdch aktiv\u00edt.<\/span><\/p>\n<p>\u00a0<\/p>\n<p><span style=\"font-weight: 400;\">Po\u010das tohto projektu som sa sna\u017eil pochopi\u0165 a nau\u010di\u0165 sa, \u010do si mlad\u00ed \u013eudia myslia o podnikan\u00ed a neform\u00e1lnom vzdel\u00e1van\u00ed. Str\u00e1vil som 9 dn\u00ed so skupinou mlad\u00fdch \u00fa\u010dastn\u00edkov, ktor\u00fdch jazyky a n\u00e1bo\u017eenstvo, my\u0161lienky, stravovacie a pitn\u00e9 n\u00e1vyky boli odli\u0161n\u00e9 a ich n\u00e1zory boli odli\u0161n\u00e9. Ale ich srdcia boli jedno. Boli k sebe \u00factiv\u00ed. Usmievali sa a u\u017e\u00edvali si v\u0161etci spolu. Ich energia nikdy nedoch\u00e1dzala. Ve\u013ek\u00fdm pr\u00ednosom bola samozrejme skuto\u010dnos\u0165, \u017ee hos\u0165uj\u00faci t\u00edm bol bl\u00edzko k dokonalosti<\/span><\/p>\n<p>\u00a0<\/p>\n<p><span style=\"font-weight: 400;\">Tu by som chcel venova\u0165 osobitn\u00fd odsek tr\u00e9nerke Diane. Projekt bol na vysokej \u00farovni, \u010do sa t\u00fdka met\u00f3d a aktiv\u00edt u\u010denia. Z jej pr\u00edstupu bolo zrejm\u00e9, \u017ee je ve\u013emi sk\u00fasen\u00e1. Taktika prelomenia \u013eadu pred za\u010diatkom lekci\u00ed bola ve\u013emi d\u00f4le\u017eit\u00e1 a workshopy boli premyslen\u00e9, pokia\u013e ide o zbli\u017eovanie \u00fa\u010dastn\u00edkov. V\u017edy bola \u00factiv\u00e1. Vek \u00fa\u010dastn\u00edkov bol r\u00f4znorod\u00fd. Niektor\u00ed z nich mali 16, 17 rokov, niektor\u00ed boli vysoko\u0161kol\u00e1kov alebo absolventov.<\/span><\/p>\n<p>\u00a0<\/p>\n<p><span style=\"font-weight: 400;\">Spolo\u010dn\u00fdm jazykom projektu bola angli\u010dtina. Bola to perfektn\u00e1 pr\u00edle\u017eitos\u0165 zdokonali\u0165 v cudzom jazyku aj pre t\u00fdch, ktor\u00ed nehovorili plynule. T\u00ed, ktor\u00ed boli angli\u010dtine sebavedom\u00ed, boli v\u017edy o krok vpred v \u010dinnostiach a workshopoch na p\u00edsanie projektov. To op\u00e4\u0165 dokazuje ako ve\u013emi je angli\u010dtina v skuto\u010dnosti d\u00f4le\u017eit\u00e1. T\u00ed, ktor\u00ed nevedeli dobre po anglicky, mohli komunikova\u0165 re\u010dou tela.<\/span><\/p>\n<p>\u00a0<\/p>\n<p><span style=\"font-weight: 400;\">Bolo \u00fa\u017easn\u00e9, \u017ee ka\u017ed\u00e1 krajina vynalo\u017eila ve\u013ek\u00e9 \u00fasilie na propag\u00e1ciu svojej krajiny po\u010das vlastnej kult\u00farnej noci. V na\u0161u tureck\u00fa noc hral n\u00e1\u0161 brat Eren hru \u201eefe ve\u201c a mlad\u00ed \u013eudia mu vytv\u00e1rali \u00fa\u017easn\u00fa atmosf\u00e9ru.<\/span><\/p>\n<p><span style=\"font-weight: 400;\">\u00dasilie a seri\u00f3znu pr\u00e1cu \u0161tudentov pri pr\u00edprave a realiz\u00e1cii projektu bolo vidie\u0165 ve\u013emi dobre. Po\u010das podnikate\u013esk\u00fdch workshopov a pr\u00edpravy podnikate\u013esk\u00fdch pl\u00e1nov niektor\u00ed \u00fa\u010dastn\u00edci zoh\u013ead\u0148ovali chudobu sveta (star\u00e9 oble\u010denie alebo distrib\u00facia nov\u00e9ho oble\u010denia chudobn\u00fdm at\u010f.) \u010eal\u0161\u00ed sk\u00famali sociologick\u00e9 a psychologick\u00e9 podmienky sveta. Ke\u010f som po\u010d\u00faval n\u00e1pady, d\u00edval som sa na na\u0161u bud\u00facnos\u0165 s v\u00e4\u010d\u0161ou n\u00e1dejou.<\/span><\/p>\n<p>\u00a0<\/p>\n<p><span style=\"font-weight: 400;\">Jednoducho som si pomyslel \u201ePre\u010do nenecha\u0165 tieto deti riadi\u0165 n\u00e1\u0161 svet?\u201c<\/span><\/p>\n\t\t\t\t\t\t\t\t<\/div>\n\t\t\t\t<\/div>\n\t\t\t\t\t<\/div>\n\t\t<\/div>\n\t\t\t\t\t<\/div>\n\t\t<\/section>\n\t\t\t\t<\/div>\n\t\t","protected":false},"excerpt":{"rendered":"<p>V j\u00fali sme boli s\u00fa\u010das\u0165ou projektu \u201eMlad\u00ed podnikatelia pre soci\u00e1lny rozvoj\u201c v Bruseli. Sp\u00e4tn\u00e1 v\u00e4zba profesora Dr. Contact Hamdiho, www.hamditemel.com.tr \u00a0 Nech mlad\u00ed vl\u00e1dnu svetu! \u00a0 Turecko, Belgicko, Po\u013esko, Slovensko, Portugalsko a Severn\u00e9 Maced\u00f3nsko sa zapojili do projektu programu Erasmus + v Bruseli \u201eMlad\u00ed podnikatelia pre soci\u00e1lny rozvoj\u201c. Z\u00fa\u010dastnil som sa projektu a v\u0161etk\u00fdch aktiv\u00edt.&hellip;&nbsp;<a href=\"https:\/\/www.youthforequality.sk\/index.php\/2019\/07\/30\/let-the-youngsters-run-the-world\/\" class=\"\" rel=\"bookmark\">\u010c\u00edta\u0165 viac &raquo;<span class=\"screen-reader-text\">Let the youngsters run the world!<\/span><\/a><\/p>\n","protected":false},"author":1,"featured_media":0,"comment_status":"open","ping_status":"open","sticky":false,"template":"","format":"standard","meta":{"_uf_show_specific_survey":0,"_uf_disable_surveys":false,"neve_meta_sidebar":"","neve_meta_container":"","neve_meta_enable_content_width":"","neve_meta_content_width":0,"neve_meta_title_alignment":"","neve_meta_author_avatar":"","neve_post_elements_order":"","neve_meta_disable_header":"","neve_meta_disable_footer":"","neve_meta_disable_title":"","_themeisle_gutenberg_block_has_review":false,"footnotes":""},"categories":[3],"tags":[],"class_list":["post-1184","post","type-post","status-publish","format-standard","hentry","category-blog"],"yoast_head":"<!-- This site is optimized with the Yoast SEO plugin v27.4 - https:\/\/yoast.com\/product\/yoast-seo-wordpress\/ -->\n<title>Let the youngsters run the world! |<\/title>\n<meta name=\"robots\" content=\"index, follow, max-snippet:-1, max-image-preview:large, max-video-preview:-1\" \/>\n<link rel=\"canonical\" href=\"https:\/\/www.youthforequality.sk\/index.php\/2019\/07\/30\/let-the-youngsters-run-the-world\/\" \/>\n<meta property=\"og:locale\" content=\"sk_SK\" \/>\n<meta property=\"og:type\" content=\"article\" \/>\n<meta property=\"og:title\" content=\"Let the youngsters run the world! |\" \/>\n<meta property=\"og:description\" content=\"V j\u00fali sme boli s\u00fa\u010das\u0165ou projektu \u201eMlad\u00ed podnikatelia pre soci\u00e1lny rozvoj\u201c v Bruseli. Sp\u00e4tn\u00e1 v\u00e4zba profesora Dr. Contact Hamdiho, www.hamditemel.com.tr \u00a0 Nech mlad\u00ed vl\u00e1dnu svetu! \u00a0 Turecko, Belgicko, Po\u013esko, Slovensko, Portugalsko a Severn\u00e9 Maced\u00f3nsko sa zapojili do projektu programu Erasmus + v Bruseli \u201eMlad\u00ed podnikatelia pre soci\u00e1lny rozvoj\u201c. Z\u00fa\u010dastnil som sa projektu a v\u0161etk\u00fdch aktiv\u00edt.&hellip;&nbsp;\u010c\u00edta\u0165 viac &raquo;Let the youngsters run the world!\" \/>\n<meta property=\"og:url\" content=\"https:\/\/www.youthforequality.sk\/index.php\/2019\/07\/30\/let-the-youngsters-run-the-world\/\" \/>\n<meta property=\"article:publisher\" content=\"https:\/\/www.facebook.com\/yeslovakia\" \/>\n<meta property=\"article:published_time\" content=\"2019-07-30T10:00:00+00:00\" \/>\n<meta property=\"article:modified_time\" content=\"2021-04-12T18:42:55+00:00\" \/>\n<meta name=\"author\" content=\"Filip Ku\u017ema\" \/>\n<meta name=\"twitter:card\" content=\"summary_large_image\" \/>\n<meta name=\"twitter:label1\" content=\"Autor\" \/>\n\t<meta name=\"twitter:data1\" content=\"Filip Ku\u017ema\" \/>\n\t<meta name=\"twitter:label2\" content=\"Predpokladan\u00fd \u010das \u010d\u00edtania\" \/>\n\t<meta name=\"twitter:data2\" content=\"2 min\u00faty\" \/>\n<script type=\"application\/ld+json\" class=\"yoast-schema-graph\">{\"@context\":\"https:\\\/\\\/schema.org\",\"@graph\":[{\"@type\":\"Article\",\"@id\":\"https:\\\/\\\/www.youthforequality.sk\\\/index.php\\\/2019\\\/07\\\/30\\\/let-the-youngsters-run-the-world\\\/#article\",\"isPartOf\":{\"@id\":\"https:\\\/\\\/www.youthforequality.sk\\\/index.php\\\/2019\\\/07\\\/30\\\/let-the-youngsters-run-the-world\\\/\"},\"author\":{\"name\":\"Filip Ku\u017ema\",\"@id\":\"https:\\\/\\\/www.youthforequality.sk\\\/#\\\/schema\\\/person\\\/13a1342f9669c039035c15166bfaf7dd\"},\"headline\":\"Let the youngsters run the world!\",\"datePublished\":\"2019-07-30T10:00:00+00:00\",\"dateModified\":\"2021-04-12T18:42:55+00:00\",\"mainEntityOfPage\":{\"@id\":\"https:\\\/\\\/www.youthforequality.sk\\\/index.php\\\/2019\\\/07\\\/30\\\/let-the-youngsters-run-the-world\\\/\"},\"wordCount\":469,\"commentCount\":0,\"publisher\":{\"@id\":\"https:\\\/\\\/www.youthforequality.sk\\\/#organization\"},\"articleSection\":[\"Blog\"],\"inLanguage\":\"sk-SK\",\"potentialAction\":[{\"@type\":\"CommentAction\",\"name\":\"Comment\",\"target\":[\"https:\\\/\\\/www.youthforequality.sk\\\/index.php\\\/2019\\\/07\\\/30\\\/let-the-youngsters-run-the-world\\\/#respond\"]}]},{\"@type\":\"WebPage\",\"@id\":\"https:\\\/\\\/www.youthforequality.sk\\\/index.php\\\/2019\\\/07\\\/30\\\/let-the-youngsters-run-the-world\\\/\",\"url\":\"https:\\\/\\\/www.youthforequality.sk\\\/index.php\\\/2019\\\/07\\\/30\\\/let-the-youngsters-run-the-world\\\/\",\"name\":\"Let the youngsters run the world! |\",\"isPartOf\":{\"@id\":\"https:\\\/\\\/www.youthforequality.sk\\\/#website\"},\"datePublished\":\"2019-07-30T10:00:00+00:00\",\"dateModified\":\"2021-04-12T18:42:55+00:00\",\"breadcrumb\":{\"@id\":\"https:\\\/\\\/www.youthforequality.sk\\\/index.php\\\/2019\\\/07\\\/30\\\/let-the-youngsters-run-the-world\\\/#breadcrumb\"},\"inLanguage\":\"sk-SK\",\"potentialAction\":[{\"@type\":\"ReadAction\",\"target\":[\"https:\\\/\\\/www.youthforequality.sk\\\/index.php\\\/2019\\\/07\\\/30\\\/let-the-youngsters-run-the-world\\\/\"]}]},{\"@type\":\"BreadcrumbList\",\"@id\":\"https:\\\/\\\/www.youthforequality.sk\\\/index.php\\\/2019\\\/07\\\/30\\\/let-the-youngsters-run-the-world\\\/#breadcrumb\",\"itemListElement\":[{\"@type\":\"ListItem\",\"position\":1,\"name\":\"Home\",\"item\":\"https:\\\/\\\/www.youthforequality.sk\\\/\"},{\"@type\":\"ListItem\",\"position\":2,\"name\":\"Let the youngsters run the world!\"}]},{\"@type\":\"WebSite\",\"@id\":\"https:\\\/\\\/www.youthforequality.sk\\\/#website\",\"url\":\"https:\\\/\\\/www.youthforequality.sk\\\/\",\"name\":\"\",\"description\":\"\",\"publisher\":{\"@id\":\"https:\\\/\\\/www.youthforequality.sk\\\/#organization\"},\"potentialAction\":[{\"@type\":\"SearchAction\",\"target\":{\"@type\":\"EntryPoint\",\"urlTemplate\":\"https:\\\/\\\/www.youthforequality.sk\\\/?s={search_term_string}\"},\"query-input\":{\"@type\":\"PropertyValueSpecification\",\"valueRequired\":true,\"valueName\":\"search_term_string\"}}],\"inLanguage\":\"sk-SK\"},{\"@type\":\"Organization\",\"@id\":\"https:\\\/\\\/www.youthforequality.sk\\\/#organization\",\"name\":\"Youth for Equality\",\"url\":\"https:\\\/\\\/www.youthforequality.sk\\\/\",\"logo\":{\"@type\":\"ImageObject\",\"inLanguage\":\"sk-SK\",\"@id\":\"https:\\\/\\\/www.youthforequality.sk\\\/#\\\/schema\\\/logo\\\/image\\\/\",\"url\":\"https:\\\/\\\/www.youthforequality.sk\\\/wp-content\\\/uploads\\\/2021\\\/01\\\/vynovene-logo-nove-farby_modra-na-web.png\",\"contentUrl\":\"https:\\\/\\\/www.youthforequality.sk\\\/wp-content\\\/uploads\\\/2021\\\/01\\\/vynovene-logo-nove-farby_modra-na-web.png\",\"width\":1,\"height\":1,\"caption\":\"Youth for Equality\"},\"image\":{\"@id\":\"https:\\\/\\\/www.youthforequality.sk\\\/#\\\/schema\\\/logo\\\/image\\\/\"},\"sameAs\":[\"https:\\\/\\\/www.facebook.com\\\/yeslovakia\"]},{\"@type\":\"Person\",\"@id\":\"https:\\\/\\\/www.youthforequality.sk\\\/#\\\/schema\\\/person\\\/13a1342f9669c039035c15166bfaf7dd\",\"name\":\"Filip Ku\u017ema\",\"image\":{\"@type\":\"ImageObject\",\"inLanguage\":\"sk-SK\",\"@id\":\"https:\\\/\\\/secure.gravatar.com\\\/avatar\\\/5f16b953992f889ac33be959cbb81fab7225cec203e13cff27b25f35459dbc06?s=96&d=mm&r=g\",\"url\":\"https:\\\/\\\/secure.gravatar.com\\\/avatar\\\/5f16b953992f889ac33be959cbb81fab7225cec203e13cff27b25f35459dbc06?s=96&d=mm&r=g\",\"contentUrl\":\"https:\\\/\\\/secure.gravatar.com\\\/avatar\\\/5f16b953992f889ac33be959cbb81fab7225cec203e13cff27b25f35459dbc06?s=96&d=mm&r=g\",\"caption\":\"Filip Ku\u017ema\"},\"sameAs\":[\"https:\\\/\\\/www.youthforequality.sk\"],\"url\":\"https:\\\/\\\/www.youthforequality.sk\\\/index.php\\\/author\\\/filkuz\\\/\"}]}<\/script>\n<!-- \/ Yoast SEO plugin. -->","yoast_head_json":{"title":"Let the youngsters run the world! |","robots":{"index":"index","follow":"follow","max-snippet":"max-snippet:-1","max-image-preview":"max-image-preview:large","max-video-preview":"max-video-preview:-1"},"canonical":"https:\/\/www.youthforequality.sk\/index.php\/2019\/07\/30\/let-the-youngsters-run-the-world\/","og_locale":"sk_SK","og_type":"article","og_title":"Let the youngsters run the world! |","og_description":"V j\u00fali sme boli s\u00fa\u010das\u0165ou projektu \u201eMlad\u00ed podnikatelia pre soci\u00e1lny rozvoj\u201c v Bruseli. Sp\u00e4tn\u00e1 v\u00e4zba profesora Dr. Contact Hamdiho, www.hamditemel.com.tr \u00a0 Nech mlad\u00ed vl\u00e1dnu svetu! \u00a0 Turecko, Belgicko, Po\u013esko, Slovensko, Portugalsko a Severn\u00e9 Maced\u00f3nsko sa zapojili do projektu programu Erasmus + v Bruseli \u201eMlad\u00ed podnikatelia pre soci\u00e1lny rozvoj\u201c. Z\u00fa\u010dastnil som sa projektu a v\u0161etk\u00fdch aktiv\u00edt.&hellip;&nbsp;\u010c\u00edta\u0165 viac &raquo;Let the youngsters run the world!","og_url":"https:\/\/www.youthforequality.sk\/index.php\/2019\/07\/30\/let-the-youngsters-run-the-world\/","article_publisher":"https:\/\/www.facebook.com\/yeslovakia","article_published_time":"2019-07-30T10:00:00+00:00","article_modified_time":"2021-04-12T18:42:55+00:00","author":"Filip Ku\u017ema","twitter_card":"summary_large_image","twitter_misc":{"Autor":"Filip Ku\u017ema","Predpokladan\u00fd \u010das \u010d\u00edtania":"2 min\u00faty"},"schema":{"@context":"https:\/\/schema.org","@graph":[{"@type":"Article","@id":"https:\/\/www.youthforequality.sk\/index.php\/2019\/07\/30\/let-the-youngsters-run-the-world\/#article","isPartOf":{"@id":"https:\/\/www.youthforequality.sk\/index.php\/2019\/07\/30\/let-the-youngsters-run-the-world\/"},"author":{"name":"Filip Ku\u017ema","@id":"https:\/\/www.youthforequality.sk\/#\/schema\/person\/13a1342f9669c039035c15166bfaf7dd"},"headline":"Let the youngsters run the world!","datePublished":"2019-07-30T10:00:00+00:00","dateModified":"2021-04-12T18:42:55+00:00","mainEntityOfPage":{"@id":"https:\/\/www.youthforequality.sk\/index.php\/2019\/07\/30\/let-the-youngsters-run-the-world\/"},"wordCount":469,"commentCount":0,"publisher":{"@id":"https:\/\/www.youthforequality.sk\/#organization"},"articleSection":["Blog"],"inLanguage":"sk-SK","potentialAction":[{"@type":"CommentAction","name":"Comment","target":["https:\/\/www.youthforequality.sk\/index.php\/2019\/07\/30\/let-the-youngsters-run-the-world\/#respond"]}]},{"@type":"WebPage","@id":"https:\/\/www.youthforequality.sk\/index.php\/2019\/07\/30\/let-the-youngsters-run-the-world\/","url":"https:\/\/www.youthforequality.sk\/index.php\/2019\/07\/30\/let-the-youngsters-run-the-world\/","name":"Let the youngsters run the world! |","isPartOf":{"@id":"https:\/\/www.youthforequality.sk\/#website"},"datePublished":"2019-07-30T10:00:00+00:00","dateModified":"2021-04-12T18:42:55+00:00","breadcrumb":{"@id":"https:\/\/www.youthforequality.sk\/index.php\/2019\/07\/30\/let-the-youngsters-run-the-world\/#breadcrumb"},"inLanguage":"sk-SK","potentialAction":[{"@type":"ReadAction","target":["https:\/\/www.youthforequality.sk\/index.php\/2019\/07\/30\/let-the-youngsters-run-the-world\/"]}]},{"@type":"BreadcrumbList","@id":"https:\/\/www.youthforequality.sk\/index.php\/2019\/07\/30\/let-the-youngsters-run-the-world\/#breadcrumb","itemListElement":[{"@type":"ListItem","position":1,"name":"Home","item":"https:\/\/www.youthforequality.sk\/"},{"@type":"ListItem","position":2,"name":"Let the youngsters run the world!"}]},{"@type":"WebSite","@id":"https:\/\/www.youthforequality.sk\/#website","url":"https:\/\/www.youthforequality.sk\/","name":"","description":"","publisher":{"@id":"https:\/\/www.youthforequality.sk\/#organization"},"potentialAction":[{"@type":"SearchAction","target":{"@type":"EntryPoint","urlTemplate":"https:\/\/www.youthforequality.sk\/?s={search_term_string}"},"query-input":{"@type":"PropertyValueSpecification","valueRequired":true,"valueName":"search_term_string"}}],"inLanguage":"sk-SK"},{"@type":"Organization","@id":"https:\/\/www.youthforequality.sk\/#organization","name":"Youth for Equality","url":"https:\/\/www.youthforequality.sk\/","logo":{"@type":"ImageObject","inLanguage":"sk-SK","@id":"https:\/\/www.youthforequality.sk\/#\/schema\/logo\/image\/","url":"https:\/\/www.youthforequality.sk\/wp-content\/uploads\/2021\/01\/vynovene-logo-nove-farby_modra-na-web.png","contentUrl":"https:\/\/www.youthforequality.sk\/wp-content\/uploads\/2021\/01\/vynovene-logo-nove-farby_modra-na-web.png","width":1,"height":1,"caption":"Youth for Equality"},"image":{"@id":"https:\/\/www.youthforequality.sk\/#\/schema\/logo\/image\/"},"sameAs":["https:\/\/www.facebook.com\/yeslovakia"]},{"@type":"Person","@id":"https:\/\/www.youthforequality.sk\/#\/schema\/person\/13a1342f9669c039035c15166bfaf7dd","name":"Filip Ku\u017ema","image":{"@type":"ImageObject","inLanguage":"sk-SK","@id":"https:\/\/secure.gravatar.com\/avatar\/5f16b953992f889ac33be959cbb81fab7225cec203e13cff27b25f35459dbc06?s=96&d=mm&r=g","url":"https:\/\/secure.gravatar.com\/avatar\/5f16b953992f889ac33be959cbb81fab7225cec203e13cff27b25f35459dbc06?s=96&d=mm&r=g","contentUrl":"https:\/\/secure.gravatar.com\/avatar\/5f16b953992f889ac33be959cbb81fab7225cec203e13cff27b25f35459dbc06?s=96&d=mm&r=g","caption":"Filip Ku\u017ema"},"sameAs":["https:\/\/www.youthforequality.sk"],"url":"https:\/\/www.youthforequality.sk\/index.php\/author\/filkuz\/"}]}},"_links":{"self":[{"href":"https:\/\/www.youthforequality.sk\/index.php\/wp-json\/wp\/v2\/posts\/1184","targetHints":{"allow":["GET"]}}],"collection":[{"href":"https:\/\/www.youthforequality.sk\/index.php\/wp-json\/wp\/v2\/posts"}],"about":[{"href":"https:\/\/www.youthforequality.sk\/index.php\/wp-json\/wp\/v2\/types\/post"}],"author":[{"embeddable":true,"href":"https:\/\/www.youthforequality.sk\/index.php\/wp-json\/wp\/v2\/users\/1"}],"replies":[{"embeddable":true,"href":"https:\/\/www.youthforequality.sk\/index.php\/wp-json\/wp\/v2\/comments?post=1184"}],"version-history":[{"count":4,"href":"https:\/\/www.youthforequality.sk\/index.php\/wp-json\/wp\/v2\/posts\/1184\/revisions"}],"predecessor-version":[{"id":2893,"href":"https:\/\/www.youthforequality.sk\/index.php\/wp-json\/wp\/v2\/posts\/1184\/revisions\/2893"}],"wp:attachment":[{"href":"https:\/\/www.youthforequality.sk\/index.php\/wp-json\/wp\/v2\/media?parent=1184"}],"wp:term":[{"taxonomy":"category","embeddable":true,"href":"https:\/\/www.youthforequality.sk\/index.php\/wp-json\/wp\/v2\/categories?post=1184"},{"taxonomy":"post_tag","embeddable":true,"href":"https:\/\/www.youthforequality.sk\/index.php\/wp-json\/wp\/v2\/tags?post=1184"}],"curies":[{"name":"wp","href":"https:\/\/api.w.org\/{rel}","templated":true}]}}