{"id":1186,"date":"2019-08-22T10:00:00","date_gmt":"2019-08-22T10:00:00","guid":{"rendered":"https:\/\/www.youthforequality.sk\/index.php\/2020\/06\/24\/let-the-youngsters-run-the-world-copy\/"},"modified":"2020-10-26T16:34:42","modified_gmt":"2020-10-26T16:34:42","slug":"bezpecne-mimoskolne-pohladom-slovakov","status":"publish","type":"post","link":"https:\/\/www.youthforequality.sk\/index.php\/2019\/08\/22\/bezpecne-mimoskolne-pohladom-slovakov\/","title":{"rendered":"Bezpe\u010dn\u011b, mimo\u0161koln\u011b poh\u013eadom Slov\u00e1kov"},"content":{"rendered":"\n<p>D\u0148a 11.8.2019 sa v\u00fdprava 7 Slov\u00e1kov vydala na cestu do malebnej dedinky s n\u00e1zvom Velk\u00e9 Karlovice s cie\u013eom obozn\u00e1mi\u0165 sa s problematikou prvej pomoci a kr\u00edzovej intervencie. Hladn\u00ed po vedomostiach sme spolo\u010dne s \u00fa\u010dastn\u00edkmi z \u010ceskej republiky absolvovali obohacuj\u00faci tr\u00e9ningov\u00fd kurz v\u010faka projektu, ktor\u00fd bol organizovan\u00fd pod z\u00e1\u0161titou Erasmus+. Za\u010dali sme v duchu t\u00edmov\u00fdch hier, aby sa n\u00e1m po\u010das trvania kurzu lep\u0161ie spolupracovalo. Prv\u00fd ve\u010der sa niesol v duchu \u010desko-slovenskej spolupr\u00e1ce, kde sme si predstavili kult\u00faru, zvyky a trad\u00edcie t\u00fdchto dvoch kraj\u00edn, ktor\u00e9 sa dodnes pova\u017euj\u00fa za bratov. Ochutnali sme tradi\u010dn\u00e9 jedl\u00e1 a n\u00e1poje z jednotliv\u00fdch kraj\u00edn a pr\u00edjemn\u00fd ve\u010der sme ukon\u010dili spolo\u010dn\u00fdm spevom. \u010eal\u0161\u00ed de\u0148 sme sa obozn\u00e1mili s mo\u017enos\u0165ami, ktor\u00e9 pon\u00faka Erasmus+. Odborn\u00edci z kr\u00edzov\u00e9ho riadenia a prvej pomoci sa n\u00e1m akt\u00edvne venovali po cel\u00fd t\u00fd\u017ede\u0148. Mali sme mo\u017enos\u0165 dozvedie\u0165 sa nov\u00e9 inform\u00e1cie a z\u00e1\u017eitkovou formou sme si mnoho postupov aj sami vysk\u00fa\u0161ali. Ve\u013ek\u00fdm pr\u00ednosom bola aj predn\u00e1\u0161ka \u010dlena horskej slu\u017eby, kde sme sa dozvedeli nevyhnutn\u00e9 inform\u00e1cie pre pobyt v horskom prostred\u00ed. Posledn\u00fd de\u0148 bol vyhraden\u00fd na sk\u00fa\u0161ku vedomost\u00ed z prvej pomoci za \u00fa\u010delom obdr\u017eania zdravotn\u00edckeho certifik\u00e1tu. Tento kurz n\u00e1s obohatil nielen o nov\u00e9 vedomosti, zru\u010dnosti a profesijn\u00e9 kontakty, ale aj o nov\u00fdch priate\u013eov.<\/p>\n\n\n\n<p>\u010eakujeme za t\u00fato mo\u017enos\u0165!<\/p>\n\n\n\n<p>\u00da\u010dastn\u00edci projektu<\/p>\n\n\n\n<div class=\"wp-block-coblocks-gallery-carousel\"><div class=\"is-cropped coblocks-gallery has-no-alignment has-caption-style-dark has-horizontal-gutter\"><div class=\"has-carousel has-carousel-lrg\" style=\"height:400px\" data-flickity=\"{&quot;autoPlay&quot;:false,&quot;draggable&quot;:true,&quot;pageDots&quot;:false,&quot;prevNextButtons&quot;:true,&quot;wrapAround&quot;:true,&quot;cellAlign&quot;:&quot;center&quot;,&quot;pauseAutoPlayOnHover&quot;:false,&quot;freeScroll&quot;:false,&quot;arrowShape&quot;:{&quot;x0&quot;:10,&quot;x1&quot;:60,&quot;y1&quot;:50,&quot;x2&quot;:65,&quot;y2&quot;:45,&quot;x3&quot;:20},&quot;thumbnails&quot;:false,&quot;responsiveHeight&quot;:false}\"><div class=\"coblocks-gallery--item\"><figure class=\"coblocks-gallery--figure has-margin-left-5 has-margin-left-mobile-5 has-margin-right-5 has-margin-right-mobile-5\"><img fetchpriority=\"high\" decoding=\"async\" width=\"1024\" height=\"768\" src=\"https:\/\/www.youthforequality.sk\/wp-content\/uploads\/2020\/06\/bezpec\u030cne-2-1-1024x768.jpg\" alt=\"\" data-id=\"1189\" data-link=\"https:\/\/www.youthforequality.sk\/index.php\/2020\/06\/24\/let-the-youngsters-run-the-world-copy\/bezpecne-2-1\/\" class=\"wp-image-1189\" srcset=\"https:\/\/www.youthforequality.sk\/wp-content\/uploads\/2020\/06\/bezpec\u030cne-2-1-1024x768.jpg 1024w, https:\/\/www.youthforequality.sk\/wp-content\/uploads\/2020\/06\/bezpec\u030cne-2-1-300x225.jpg 300w, https:\/\/www.youthforequality.sk\/wp-content\/uploads\/2020\/06\/bezpec\u030cne-2-1-768x576.jpg 768w, https:\/\/www.youthforequality.sk\/wp-content\/uploads\/2020\/06\/bezpec\u030cne-2-1-1536x1152.jpg 1536w, https:\/\/www.youthforequality.sk\/wp-content\/uploads\/2020\/06\/bezpec\u030cne-2-1-540x405.jpg 540w, https:\/\/www.youthforequality.sk\/wp-content\/uploads\/2020\/06\/bezpec\u030cne-2-1-1080x810.jpg 1080w, https:\/\/www.youthforequality.sk\/wp-content\/uploads\/2020\/06\/bezpec\u030cne-2-1.jpg 1920w\" sizes=\"(max-width: 1024px) 100vw, 1024px\" \/><\/figure><\/div><div class=\"coblocks-gallery--item\"><figure class=\"coblocks-gallery--figure has-margin-left-5 has-margin-left-mobile-5 has-margin-right-5 has-margin-right-mobile-5\"><img decoding=\"async\" width=\"1024\" height=\"768\" src=\"https:\/\/www.youthforequality.sk\/wp-content\/uploads\/2020\/06\/bezpec\u030cne-3-1-1024x768.jpg\" alt=\"\" data-id=\"1191\" data-link=\"https:\/\/www.youthforequality.sk\/index.php\/2020\/06\/24\/let-the-youngsters-run-the-world-copy\/bezpecne-3-1\/\" class=\"wp-image-1191\" srcset=\"https:\/\/www.youthforequality.sk\/wp-content\/uploads\/2020\/06\/bezpec\u030cne-3-1-1024x768.jpg 1024w, https:\/\/www.youthforequality.sk\/wp-content\/uploads\/2020\/06\/bezpec\u030cne-3-1-300x225.jpg 300w, https:\/\/www.youthforequality.sk\/wp-content\/uploads\/2020\/06\/bezpec\u030cne-3-1-768x576.jpg 768w, https:\/\/www.youthforequality.sk\/wp-content\/uploads\/2020\/06\/bezpec\u030cne-3-1-1536x1152.jpg 1536w, https:\/\/www.youthforequality.sk\/wp-content\/uploads\/2020\/06\/bezpec\u030cne-3-1-540x405.jpg 540w, https:\/\/www.youthforequality.sk\/wp-content\/uploads\/2020\/06\/bezpec\u030cne-3-1-1080x810.jpg 1080w, https:\/\/www.youthforequality.sk\/wp-content\/uploads\/2020\/06\/bezpec\u030cne-3-1.jpg 1920w\" sizes=\"(max-width: 1024px) 100vw, 1024px\" \/><\/figure><\/div><div class=\"coblocks-gallery--item\"><figure class=\"coblocks-gallery--figure has-margin-left-5 has-margin-left-mobile-5 has-margin-right-5 has-margin-right-mobile-5\"><img decoding=\"async\" width=\"1024\" height=\"768\" src=\"https:\/\/www.youthforequality.sk\/wp-content\/uploads\/2020\/06\/bezpec\u030cne-4-1-1024x768.jpg\" alt=\"\" data-id=\"1193\" data-link=\"https:\/\/www.youthforequality.sk\/index.php\/2020\/06\/24\/let-the-youngsters-run-the-world-copy\/bezpecne-4-1\/\" class=\"wp-image-1193\" srcset=\"https:\/\/www.youthforequality.sk\/wp-content\/uploads\/2020\/06\/bezpec\u030cne-4-1-1024x768.jpg 1024w, https:\/\/www.youthforequality.sk\/wp-content\/uploads\/2020\/06\/bezpec\u030cne-4-1-300x225.jpg 300w, https:\/\/www.youthforequality.sk\/wp-content\/uploads\/2020\/06\/bezpec\u030cne-4-1-768x576.jpg 768w, https:\/\/www.youthforequality.sk\/wp-content\/uploads\/2020\/06\/bezpec\u030cne-4-1-1536x1152.jpg 1536w, https:\/\/www.youthforequality.sk\/wp-content\/uploads\/2020\/06\/bezpec\u030cne-4-1-540x405.jpg 540w, https:\/\/www.youthforequality.sk\/wp-content\/uploads\/2020\/06\/bezpec\u030cne-4-1-1080x810.jpg 1080w, https:\/\/www.youthforequality.sk\/wp-content\/uploads\/2020\/06\/bezpec\u030cne-4-1.jpg 1920w\" sizes=\"(max-width: 1024px) 100vw, 1024px\" \/><\/figure><\/div><div class=\"coblocks-gallery--item\"><figure class=\"coblocks-gallery--figure has-margin-left-5 has-margin-left-mobile-5 has-margin-right-5 has-margin-right-mobile-5\"><img loading=\"lazy\" decoding=\"async\" width=\"1024\" height=\"768\" src=\"https:\/\/www.youthforequality.sk\/wp-content\/uploads\/2020\/06\/bezpec\u030cne-5-1-1024x768.jpg\" alt=\"\" data-id=\"1195\" data-link=\"https:\/\/www.youthforequality.sk\/index.php\/2020\/06\/24\/let-the-youngsters-run-the-world-copy\/bezpecne-5-1\/\" class=\"wp-image-1195\" srcset=\"https:\/\/www.youthforequality.sk\/wp-content\/uploads\/2020\/06\/bezpec\u030cne-5-1-1024x768.jpg 1024w, https:\/\/www.youthforequality.sk\/wp-content\/uploads\/2020\/06\/bezpec\u030cne-5-1-300x225.jpg 300w, https:\/\/www.youthforequality.sk\/wp-content\/uploads\/2020\/06\/bezpec\u030cne-5-1-768x576.jpg 768w, https:\/\/www.youthforequality.sk\/wp-content\/uploads\/2020\/06\/bezpec\u030cne-5-1-1536x1152.jpg 1536w, https:\/\/www.youthforequality.sk\/wp-content\/uploads\/2020\/06\/bezpec\u030cne-5-1-540x405.jpg 540w, https:\/\/www.youthforequality.sk\/wp-content\/uploads\/2020\/06\/bezpec\u030cne-5-1-1080x810.jpg 1080w, https:\/\/www.youthforequality.sk\/wp-content\/uploads\/2020\/06\/bezpec\u030cne-5-1.jpg 1920w\" sizes=\"(max-width: 1024px) 100vw, 1024px\" \/><\/figure><\/div><div class=\"coblocks-gallery--item\"><figure class=\"coblocks-gallery--figure has-margin-left-5 has-margin-left-mobile-5 has-margin-right-5 has-margin-right-mobile-5\"><img loading=\"lazy\" decoding=\"async\" width=\"768\" height=\"1024\" src=\"https:\/\/www.youthforequality.sk\/wp-content\/uploads\/2020\/06\/bezpec\u030cne-6-1-768x1024.jpg\" alt=\"\" data-id=\"1197\" data-link=\"https:\/\/www.youthforequality.sk\/index.php\/2020\/06\/24\/let-the-youngsters-run-the-world-copy\/bezpecne-6-1\/\" class=\"wp-image-1197\" srcset=\"https:\/\/www.youthforequality.sk\/wp-content\/uploads\/2020\/06\/bezpec\u030cne-6-1-768x1024.jpg 768w, https:\/\/www.youthforequality.sk\/wp-content\/uploads\/2020\/06\/bezpec\u030cne-6-1-225x300.jpg 225w, https:\/\/www.youthforequality.sk\/wp-content\/uploads\/2020\/06\/bezpec\u030cne-6-1-1152x1536.jpg 1152w, https:\/\/www.youthforequality.sk\/wp-content\/uploads\/2020\/06\/bezpec\u030cne-6-1-540x720.jpg 540w, https:\/\/www.youthforequality.sk\/wp-content\/uploads\/2020\/06\/bezpec\u030cne-6-1-1080x1440.jpg 1080w, https:\/\/www.youthforequality.sk\/wp-content\/uploads\/2020\/06\/bezpec\u030cne-6-1.jpg 1440w\" sizes=\"(max-width: 768px) 100vw, 768px\" \/><\/figure><\/div><div class=\"coblocks-gallery--item\"><figure class=\"coblocks-gallery--figure has-margin-left-5 has-margin-left-mobile-5 has-margin-right-5 has-margin-right-mobile-5\"><img loading=\"lazy\" decoding=\"async\" width=\"1024\" height=\"768\" src=\"https:\/\/www.youthforequality.sk\/wp-content\/uploads\/2020\/06\/bezpec\u030cne-7-1-1024x768.jpg\" alt=\"\" data-id=\"1199\" data-link=\"https:\/\/www.youthforequality.sk\/index.php\/2020\/06\/24\/let-the-youngsters-run-the-world-copy\/bezpecne-7-1\/\" class=\"wp-image-1199\" srcset=\"https:\/\/www.youthforequality.sk\/wp-content\/uploads\/2020\/06\/bezpec\u030cne-7-1-1024x768.jpg 1024w, https:\/\/www.youthforequality.sk\/wp-content\/uploads\/2020\/06\/bezpec\u030cne-7-1-300x225.jpg 300w, https:\/\/www.youthforequality.sk\/wp-content\/uploads\/2020\/06\/bezpec\u030cne-7-1-768x576.jpg 768w, https:\/\/www.youthforequality.sk\/wp-content\/uploads\/2020\/06\/bezpec\u030cne-7-1-1536x1152.jpg 1536w, https:\/\/www.youthforequality.sk\/wp-content\/uploads\/2020\/06\/bezpec\u030cne-7-1-540x405.jpg 540w, https:\/\/www.youthforequality.sk\/wp-content\/uploads\/2020\/06\/bezpec\u030cne-7-1-1080x810.jpg 1080w, https:\/\/www.youthforequality.sk\/wp-content\/uploads\/2020\/06\/bezpec\u030cne-7-1.jpg 1920w\" sizes=\"(max-width: 1024px) 100vw, 1024px\" \/><\/figure><\/div><div class=\"coblocks-gallery--item\"><figure class=\"coblocks-gallery--figure has-margin-left-5 has-margin-left-mobile-5 has-margin-right-5 has-margin-right-mobile-5\"><img loading=\"lazy\" decoding=\"async\" width=\"1024\" height=\"576\" src=\"https:\/\/www.youthforequality.sk\/wp-content\/uploads\/2020\/06\/bezpec\u030cne-8-1-1024x576.jpg\" alt=\"\" data-id=\"1201\" data-link=\"https:\/\/www.youthforequality.sk\/index.php\/2020\/06\/24\/let-the-youngsters-run-the-world-copy\/bezpecne-8-1\/\" class=\"wp-image-1201\" srcset=\"https:\/\/www.youthforequality.sk\/wp-content\/uploads\/2020\/06\/bezpec\u030cne-8-1-1024x576.jpg 1024w, https:\/\/www.youthforequality.sk\/wp-content\/uploads\/2020\/06\/bezpec\u030cne-8-1-300x169.jpg 300w, https:\/\/www.youthforequality.sk\/wp-content\/uploads\/2020\/06\/bezpec\u030cne-8-1-768x432.jpg 768w, https:\/\/www.youthforequality.sk\/wp-content\/uploads\/2020\/06\/bezpec\u030cne-8-1-1536x864.jpg 1536w, https:\/\/www.youthforequality.sk\/wp-content\/uploads\/2020\/06\/bezpec\u030cne-8-1-540x304.jpg 540w, https:\/\/www.youthforequality.sk\/wp-content\/uploads\/2020\/06\/bezpec\u030cne-8-1-1080x608.jpg 1080w, https:\/\/www.youthforequality.sk\/wp-content\/uploads\/2020\/06\/bezpec\u030cne-8-1.jpg 1920w\" sizes=\"(max-width: 1024px) 100vw, 1024px\" \/><\/figure><\/div><div class=\"coblocks-gallery--item\"><figure class=\"coblocks-gallery--figure has-margin-left-5 has-margin-left-mobile-5 has-margin-right-5 has-margin-right-mobile-5\"><img loading=\"lazy\" decoding=\"async\" width=\"1024\" height=\"576\" src=\"https:\/\/www.youthforequality.sk\/wp-content\/uploads\/2020\/06\/bezpec\u030cne-9-1-1024x576.jpg\" alt=\"\" data-id=\"1203\" data-link=\"https:\/\/www.youthforequality.sk\/index.php\/2020\/06\/24\/let-the-youngsters-run-the-world-copy\/bezpecne-9-1\/\" class=\"wp-image-1203\" srcset=\"https:\/\/www.youthforequality.sk\/wp-content\/uploads\/2020\/06\/bezpec\u030cne-9-1-1024x576.jpg 1024w, https:\/\/www.youthforequality.sk\/wp-content\/uploads\/2020\/06\/bezpec\u030cne-9-1-300x169.jpg 300w, https:\/\/www.youthforequality.sk\/wp-content\/uploads\/2020\/06\/bezpec\u030cne-9-1-768x432.jpg 768w, https:\/\/www.youthforequality.sk\/wp-content\/uploads\/2020\/06\/bezpec\u030cne-9-1-1536x864.jpg 1536w, https:\/\/www.youthforequality.sk\/wp-content\/uploads\/2020\/06\/bezpec\u030cne-9-1-540x304.jpg 540w, https:\/\/www.youthforequality.sk\/wp-content\/uploads\/2020\/06\/bezpec\u030cne-9-1-1080x608.jpg 1080w, https:\/\/www.youthforequality.sk\/wp-content\/uploads\/2020\/06\/bezpec\u030cne-9-1.jpg 1920w\" sizes=\"(max-width: 1024px) 100vw, 1024px\" \/><\/figure><\/div><\/div><\/div><\/div>\n","protected":false},"excerpt":{"rendered":"<p>D\u0148a 11.8.2019 sa v\u00fdprava 7 Slov\u00e1kov vydala na cestu do malebnej dedinky s n\u00e1zvom Velk\u00e9 Karlovice s cie\u013eom obozn\u00e1mi\u0165 sa s problematikou prvej pomoci a kr\u00edzovej intervencie. Hladn\u00ed po vedomostiach sme spolo\u010dne s \u00fa\u010dastn\u00edkmi z \u010ceskej republiky absolvovali obohacuj\u00faci tr\u00e9ningov\u00fd kurz v\u010faka projektu, ktor\u00fd bol organizovan\u00fd pod z\u00e1\u0161titou Erasmus+. Za\u010dali sme v duchu t\u00edmov\u00fdch hier,&hellip;&nbsp;<a href=\"https:\/\/www.youthforequality.sk\/index.php\/2019\/08\/22\/bezpecne-mimoskolne-pohladom-slovakov\/\" class=\"\" rel=\"bookmark\">\u010c\u00edta\u0165 viac &raquo;<span class=\"screen-reader-text\">Bezpe\u010dn\u011b, mimo\u0161koln\u011b poh\u013eadom Slov\u00e1kov<\/span><\/a><\/p>\n","protected":false},"author":1,"featured_media":1187,"comment_status":"open","ping_status":"open","sticky":false,"template":"template-full-width.php","format":"standard","meta":{"_uf_show_specific_survey":0,"_uf_disable_surveys":false,"neve_meta_sidebar":"","neve_meta_container":"","neve_meta_enable_content_width":"","neve_meta_content_width":0,"neve_meta_title_alignment":"","neve_meta_author_avatar":"","neve_post_elements_order":"","neve_meta_disable_header":"","neve_meta_disable_footer":"","neve_meta_disable_title":"","_themeisle_gutenberg_block_has_review":false,"footnotes":""},"categories":[3],"tags":[],"class_list":["post-1186","post","type-post","status-publish","format-standard","has-post-thumbnail","hentry","category-blog"],"yoast_head":"<!-- This site is optimized with the Yoast SEO plugin v27.4 - https:\/\/yoast.com\/product\/yoast-seo-wordpress\/ -->\n<title>Bezpe\u010dn\u011b, mimo\u0161koln\u011b poh\u013eadom Slov\u00e1kov |<\/title>\n<meta name=\"robots\" content=\"index, follow, max-snippet:-1, max-image-preview:large, max-video-preview:-1\" \/>\n<link rel=\"canonical\" href=\"https:\/\/www.youthforequality.sk\/index.php\/2019\/08\/22\/bezpecne-mimoskolne-pohladom-slovakov\/\" \/>\n<meta property=\"og:locale\" content=\"sk_SK\" \/>\n<meta property=\"og:type\" content=\"article\" \/>\n<meta property=\"og:title\" content=\"Bezpe\u010dn\u011b, mimo\u0161koln\u011b poh\u013eadom Slov\u00e1kov |\" \/>\n<meta property=\"og:description\" content=\"D\u0148a 11.8.2019 sa v\u00fdprava 7 Slov\u00e1kov vydala na cestu do malebnej dedinky s n\u00e1zvom Velk\u00e9 Karlovice s cie\u013eom obozn\u00e1mi\u0165 sa s problematikou prvej pomoci a kr\u00edzovej intervencie. Hladn\u00ed po vedomostiach sme spolo\u010dne s \u00fa\u010dastn\u00edkmi z \u010ceskej republiky absolvovali obohacuj\u00faci tr\u00e9ningov\u00fd kurz v\u010faka projektu, ktor\u00fd bol organizovan\u00fd pod z\u00e1\u0161titou Erasmus+. Za\u010dali sme v duchu t\u00edmov\u00fdch hier,&hellip;&nbsp;\u010c\u00edta\u0165 viac &raquo;Bezpe\u010dn\u011b, mimo\u0161koln\u011b poh\u013eadom Slov\u00e1kov\" \/>\n<meta property=\"og:url\" content=\"https:\/\/www.youthforequality.sk\/index.php\/2019\/08\/22\/bezpecne-mimoskolne-pohladom-slovakov\/\" \/>\n<meta property=\"article:publisher\" content=\"https:\/\/www.facebook.com\/yeslovakia\" \/>\n<meta property=\"article:published_time\" content=\"2019-08-22T10:00:00+00:00\" \/>\n<meta property=\"article:modified_time\" content=\"2020-10-26T16:34:42+00:00\" \/>\n<meta property=\"og:image\" content=\"https:\/\/www.youthforequality.sk\/wp-content\/uploads\/2020\/06\/bezpec\u030cne-1.jpg\" \/>\n\t<meta property=\"og:image:width\" content=\"1920\" \/>\n\t<meta property=\"og:image:height\" content=\"1440\" \/>\n\t<meta property=\"og:image:type\" content=\"image\/jpeg\" \/>\n<meta name=\"author\" content=\"Filip Ku\u017ema\" \/>\n<meta name=\"twitter:card\" content=\"summary_large_image\" \/>\n<meta name=\"twitter:label1\" content=\"Autor\" \/>\n\t<meta name=\"twitter:data1\" content=\"Filip Ku\u017ema\" \/>\n\t<meta name=\"twitter:label2\" content=\"Predpokladan\u00fd \u010das \u010d\u00edtania\" \/>\n\t<meta name=\"twitter:data2\" content=\"1 min\u00fata\" \/>\n<script type=\"application\/ld+json\" class=\"yoast-schema-graph\">{\"@context\":\"https:\\\/\\\/schema.org\",\"@graph\":[{\"@type\":\"Article\",\"@id\":\"https:\\\/\\\/www.youthforequality.sk\\\/index.php\\\/2019\\\/08\\\/22\\\/bezpecne-mimoskolne-pohladom-slovakov\\\/#article\",\"isPartOf\":{\"@id\":\"https:\\\/\\\/www.youthforequality.sk\\\/index.php\\\/2019\\\/08\\\/22\\\/bezpecne-mimoskolne-pohladom-slovakov\\\/\"},\"author\":{\"name\":\"Filip Ku\u017ema\",\"@id\":\"https:\\\/\\\/www.youthforequality.sk\\\/#\\\/schema\\\/person\\\/13a1342f9669c039035c15166bfaf7dd\"},\"headline\":\"Bezpe\u010dn\u011b, mimo\u0161koln\u011b poh\u013eadom Slov\u00e1kov\",\"datePublished\":\"2019-08-22T10:00:00+00:00\",\"dateModified\":\"2020-10-26T16:34:42+00:00\",\"mainEntityOfPage\":{\"@id\":\"https:\\\/\\\/www.youthforequality.sk\\\/index.php\\\/2019\\\/08\\\/22\\\/bezpecne-mimoskolne-pohladom-slovakov\\\/\"},\"wordCount\":274,\"commentCount\":0,\"publisher\":{\"@id\":\"https:\\\/\\\/www.youthforequality.sk\\\/#organization\"},\"image\":{\"@id\":\"https:\\\/\\\/www.youthforequality.sk\\\/index.php\\\/2019\\\/08\\\/22\\\/bezpecne-mimoskolne-pohladom-slovakov\\\/#primaryimage\"},\"thumbnailUrl\":\"https:\\\/\\\/www.youthforequality.sk\\\/wp-content\\\/uploads\\\/2020\\\/06\\\/bezpec\u030cne-1.jpg\",\"articleSection\":[\"Blog\"],\"inLanguage\":\"sk-SK\",\"potentialAction\":[{\"@type\":\"CommentAction\",\"name\":\"Comment\",\"target\":[\"https:\\\/\\\/www.youthforequality.sk\\\/index.php\\\/2019\\\/08\\\/22\\\/bezpecne-mimoskolne-pohladom-slovakov\\\/#respond\"]}]},{\"@type\":\"WebPage\",\"@id\":\"https:\\\/\\\/www.youthforequality.sk\\\/index.php\\\/2019\\\/08\\\/22\\\/bezpecne-mimoskolne-pohladom-slovakov\\\/\",\"url\":\"https:\\\/\\\/www.youthforequality.sk\\\/index.php\\\/2019\\\/08\\\/22\\\/bezpecne-mimoskolne-pohladom-slovakov\\\/\",\"name\":\"Bezpe\u010dn\u011b, mimo\u0161koln\u011b poh\u013eadom Slov\u00e1kov |\",\"isPartOf\":{\"@id\":\"https:\\\/\\\/www.youthforequality.sk\\\/#website\"},\"primaryImageOfPage\":{\"@id\":\"https:\\\/\\\/www.youthforequality.sk\\\/index.php\\\/2019\\\/08\\\/22\\\/bezpecne-mimoskolne-pohladom-slovakov\\\/#primaryimage\"},\"image\":{\"@id\":\"https:\\\/\\\/www.youthforequality.sk\\\/index.php\\\/2019\\\/08\\\/22\\\/bezpecne-mimoskolne-pohladom-slovakov\\\/#primaryimage\"},\"thumbnailUrl\":\"https:\\\/\\\/www.youthforequality.sk\\\/wp-content\\\/uploads\\\/2020\\\/06\\\/bezpec\u030cne-1.jpg\",\"datePublished\":\"2019-08-22T10:00:00+00:00\",\"dateModified\":\"2020-10-26T16:34:42+00:00\",\"breadcrumb\":{\"@id\":\"https:\\\/\\\/www.youthforequality.sk\\\/index.php\\\/2019\\\/08\\\/22\\\/bezpecne-mimoskolne-pohladom-slovakov\\\/#breadcrumb\"},\"inLanguage\":\"sk-SK\",\"potentialAction\":[{\"@type\":\"ReadAction\",\"target\":[\"https:\\\/\\\/www.youthforequality.sk\\\/index.php\\\/2019\\\/08\\\/22\\\/bezpecne-mimoskolne-pohladom-slovakov\\\/\"]}]},{\"@type\":\"ImageObject\",\"inLanguage\":\"sk-SK\",\"@id\":\"https:\\\/\\\/www.youthforequality.sk\\\/index.php\\\/2019\\\/08\\\/22\\\/bezpecne-mimoskolne-pohladom-slovakov\\\/#primaryimage\",\"url\":\"https:\\\/\\\/www.youthforequality.sk\\\/wp-content\\\/uploads\\\/2020\\\/06\\\/bezpec\u030cne-1.jpg\",\"contentUrl\":\"https:\\\/\\\/www.youthforequality.sk\\\/wp-content\\\/uploads\\\/2020\\\/06\\\/bezpec\u030cne-1.jpg\",\"width\":1920,\"height\":1440},{\"@type\":\"BreadcrumbList\",\"@id\":\"https:\\\/\\\/www.youthforequality.sk\\\/index.php\\\/2019\\\/08\\\/22\\\/bezpecne-mimoskolne-pohladom-slovakov\\\/#breadcrumb\",\"itemListElement\":[{\"@type\":\"ListItem\",\"position\":1,\"name\":\"Home\",\"item\":\"https:\\\/\\\/www.youthforequality.sk\\\/\"},{\"@type\":\"ListItem\",\"position\":2,\"name\":\"Bezpe\u010dn\u011b, mimo\u0161koln\u011b poh\u013eadom Slov\u00e1kov\"}]},{\"@type\":\"WebSite\",\"@id\":\"https:\\\/\\\/www.youthforequality.sk\\\/#website\",\"url\":\"https:\\\/\\\/www.youthforequality.sk\\\/\",\"name\":\"\",\"description\":\"\",\"publisher\":{\"@id\":\"https:\\\/\\\/www.youthforequality.sk\\\/#organization\"},\"potentialAction\":[{\"@type\":\"SearchAction\",\"target\":{\"@type\":\"EntryPoint\",\"urlTemplate\":\"https:\\\/\\\/www.youthforequality.sk\\\/?s={search_term_string}\"},\"query-input\":{\"@type\":\"PropertyValueSpecification\",\"valueRequired\":true,\"valueName\":\"search_term_string\"}}],\"inLanguage\":\"sk-SK\"},{\"@type\":\"Organization\",\"@id\":\"https:\\\/\\\/www.youthforequality.sk\\\/#organization\",\"name\":\"Youth for Equality\",\"url\":\"https:\\\/\\\/www.youthforequality.sk\\\/\",\"logo\":{\"@type\":\"ImageObject\",\"inLanguage\":\"sk-SK\",\"@id\":\"https:\\\/\\\/www.youthforequality.sk\\\/#\\\/schema\\\/logo\\\/image\\\/\",\"url\":\"https:\\\/\\\/www.youthforequality.sk\\\/wp-content\\\/uploads\\\/2021\\\/01\\\/vynovene-logo-nove-farby_modra-na-web.png\",\"contentUrl\":\"https:\\\/\\\/www.youthforequality.sk\\\/wp-content\\\/uploads\\\/2021\\\/01\\\/vynovene-logo-nove-farby_modra-na-web.png\",\"width\":1,\"height\":1,\"caption\":\"Youth for Equality\"},\"image\":{\"@id\":\"https:\\\/\\\/www.youthforequality.sk\\\/#\\\/schema\\\/logo\\\/image\\\/\"},\"sameAs\":[\"https:\\\/\\\/www.facebook.com\\\/yeslovakia\"]},{\"@type\":\"Person\",\"@id\":\"https:\\\/\\\/www.youthforequality.sk\\\/#\\\/schema\\\/person\\\/13a1342f9669c039035c15166bfaf7dd\",\"name\":\"Filip Ku\u017ema\",\"image\":{\"@type\":\"ImageObject\",\"inLanguage\":\"sk-SK\",\"@id\":\"https:\\\/\\\/secure.gravatar.com\\\/avatar\\\/5f16b953992f889ac33be959cbb81fab7225cec203e13cff27b25f35459dbc06?s=96&d=mm&r=g\",\"url\":\"https:\\\/\\\/secure.gravatar.com\\\/avatar\\\/5f16b953992f889ac33be959cbb81fab7225cec203e13cff27b25f35459dbc06?s=96&d=mm&r=g\",\"contentUrl\":\"https:\\\/\\\/secure.gravatar.com\\\/avatar\\\/5f16b953992f889ac33be959cbb81fab7225cec203e13cff27b25f35459dbc06?s=96&d=mm&r=g\",\"caption\":\"Filip Ku\u017ema\"},\"sameAs\":[\"https:\\\/\\\/www.youthforequality.sk\"],\"url\":\"https:\\\/\\\/www.youthforequality.sk\\\/index.php\\\/author\\\/filkuz\\\/\"}]}<\/script>\n<!-- \/ Yoast SEO plugin. -->","yoast_head_json":{"title":"Bezpe\u010dn\u011b, mimo\u0161koln\u011b poh\u013eadom Slov\u00e1kov |","robots":{"index":"index","follow":"follow","max-snippet":"max-snippet:-1","max-image-preview":"max-image-preview:large","max-video-preview":"max-video-preview:-1"},"canonical":"https:\/\/www.youthforequality.sk\/index.php\/2019\/08\/22\/bezpecne-mimoskolne-pohladom-slovakov\/","og_locale":"sk_SK","og_type":"article","og_title":"Bezpe\u010dn\u011b, mimo\u0161koln\u011b poh\u013eadom Slov\u00e1kov |","og_description":"D\u0148a 11.8.2019 sa v\u00fdprava 7 Slov\u00e1kov vydala na cestu do malebnej dedinky s n\u00e1zvom Velk\u00e9 Karlovice s cie\u013eom obozn\u00e1mi\u0165 sa s problematikou prvej pomoci a kr\u00edzovej intervencie. Hladn\u00ed po vedomostiach sme spolo\u010dne s \u00fa\u010dastn\u00edkmi z \u010ceskej republiky absolvovali obohacuj\u00faci tr\u00e9ningov\u00fd kurz v\u010faka projektu, ktor\u00fd bol organizovan\u00fd pod z\u00e1\u0161titou Erasmus+. Za\u010dali sme v duchu t\u00edmov\u00fdch hier,&hellip;&nbsp;\u010c\u00edta\u0165 viac &raquo;Bezpe\u010dn\u011b, mimo\u0161koln\u011b poh\u013eadom Slov\u00e1kov","og_url":"https:\/\/www.youthforequality.sk\/index.php\/2019\/08\/22\/bezpecne-mimoskolne-pohladom-slovakov\/","article_publisher":"https:\/\/www.facebook.com\/yeslovakia","article_published_time":"2019-08-22T10:00:00+00:00","article_modified_time":"2020-10-26T16:34:42+00:00","og_image":[{"width":1920,"height":1440,"url":"https:\/\/www.youthforequality.sk\/wp-content\/uploads\/2020\/06\/bezpec\u030cne-1.jpg","type":"image\/jpeg"}],"author":"Filip Ku\u017ema","twitter_card":"summary_large_image","twitter_misc":{"Autor":"Filip Ku\u017ema","Predpokladan\u00fd \u010das \u010d\u00edtania":"1 min\u00fata"},"schema":{"@context":"https:\/\/schema.org","@graph":[{"@type":"Article","@id":"https:\/\/www.youthforequality.sk\/index.php\/2019\/08\/22\/bezpecne-mimoskolne-pohladom-slovakov\/#article","isPartOf":{"@id":"https:\/\/www.youthforequality.sk\/index.php\/2019\/08\/22\/bezpecne-mimoskolne-pohladom-slovakov\/"},"author":{"name":"Filip Ku\u017ema","@id":"https:\/\/www.youthforequality.sk\/#\/schema\/person\/13a1342f9669c039035c15166bfaf7dd"},"headline":"Bezpe\u010dn\u011b, mimo\u0161koln\u011b poh\u013eadom Slov\u00e1kov","datePublished":"2019-08-22T10:00:00+00:00","dateModified":"2020-10-26T16:34:42+00:00","mainEntityOfPage":{"@id":"https:\/\/www.youthforequality.sk\/index.php\/2019\/08\/22\/bezpecne-mimoskolne-pohladom-slovakov\/"},"wordCount":274,"commentCount":0,"publisher":{"@id":"https:\/\/www.youthforequality.sk\/#organization"},"image":{"@id":"https:\/\/www.youthforequality.sk\/index.php\/2019\/08\/22\/bezpecne-mimoskolne-pohladom-slovakov\/#primaryimage"},"thumbnailUrl":"https:\/\/www.youthforequality.sk\/wp-content\/uploads\/2020\/06\/bezpec\u030cne-1.jpg","articleSection":["Blog"],"inLanguage":"sk-SK","potentialAction":[{"@type":"CommentAction","name":"Comment","target":["https:\/\/www.youthforequality.sk\/index.php\/2019\/08\/22\/bezpecne-mimoskolne-pohladom-slovakov\/#respond"]}]},{"@type":"WebPage","@id":"https:\/\/www.youthforequality.sk\/index.php\/2019\/08\/22\/bezpecne-mimoskolne-pohladom-slovakov\/","url":"https:\/\/www.youthforequality.sk\/index.php\/2019\/08\/22\/bezpecne-mimoskolne-pohladom-slovakov\/","name":"Bezpe\u010dn\u011b, mimo\u0161koln\u011b poh\u013eadom Slov\u00e1kov |","isPartOf":{"@id":"https:\/\/www.youthforequality.sk\/#website"},"primaryImageOfPage":{"@id":"https:\/\/www.youthforequality.sk\/index.php\/2019\/08\/22\/bezpecne-mimoskolne-pohladom-slovakov\/#primaryimage"},"image":{"@id":"https:\/\/www.youthforequality.sk\/index.php\/2019\/08\/22\/bezpecne-mimoskolne-pohladom-slovakov\/#primaryimage"},"thumbnailUrl":"https:\/\/www.youthforequality.sk\/wp-content\/uploads\/2020\/06\/bezpec\u030cne-1.jpg","datePublished":"2019-08-22T10:00:00+00:00","dateModified":"2020-10-26T16:34:42+00:00","breadcrumb":{"@id":"https:\/\/www.youthforequality.sk\/index.php\/2019\/08\/22\/bezpecne-mimoskolne-pohladom-slovakov\/#breadcrumb"},"inLanguage":"sk-SK","potentialAction":[{"@type":"ReadAction","target":["https:\/\/www.youthforequality.sk\/index.php\/2019\/08\/22\/bezpecne-mimoskolne-pohladom-slovakov\/"]}]},{"@type":"ImageObject","inLanguage":"sk-SK","@id":"https:\/\/www.youthforequality.sk\/index.php\/2019\/08\/22\/bezpecne-mimoskolne-pohladom-slovakov\/#primaryimage","url":"https:\/\/www.youthforequality.sk\/wp-content\/uploads\/2020\/06\/bezpec\u030cne-1.jpg","contentUrl":"https:\/\/www.youthforequality.sk\/wp-content\/uploads\/2020\/06\/bezpec\u030cne-1.jpg","width":1920,"height":1440},{"@type":"BreadcrumbList","@id":"https:\/\/www.youthforequality.sk\/index.php\/2019\/08\/22\/bezpecne-mimoskolne-pohladom-slovakov\/#breadcrumb","itemListElement":[{"@type":"ListItem","position":1,"name":"Home","item":"https:\/\/www.youthforequality.sk\/"},{"@type":"ListItem","position":2,"name":"Bezpe\u010dn\u011b, mimo\u0161koln\u011b poh\u013eadom Slov\u00e1kov"}]},{"@type":"WebSite","@id":"https:\/\/www.youthforequality.sk\/#website","url":"https:\/\/www.youthforequality.sk\/","name":"","description":"","publisher":{"@id":"https:\/\/www.youthforequality.sk\/#organization"},"potentialAction":[{"@type":"SearchAction","target":{"@type":"EntryPoint","urlTemplate":"https:\/\/www.youthforequality.sk\/?s={search_term_string}"},"query-input":{"@type":"PropertyValueSpecification","valueRequired":true,"valueName":"search_term_string"}}],"inLanguage":"sk-SK"},{"@type":"Organization","@id":"https:\/\/www.youthforequality.sk\/#organization","name":"Youth for Equality","url":"https:\/\/www.youthforequality.sk\/","logo":{"@type":"ImageObject","inLanguage":"sk-SK","@id":"https:\/\/www.youthforequality.sk\/#\/schema\/logo\/image\/","url":"https:\/\/www.youthforequality.sk\/wp-content\/uploads\/2021\/01\/vynovene-logo-nove-farby_modra-na-web.png","contentUrl":"https:\/\/www.youthforequality.sk\/wp-content\/uploads\/2021\/01\/vynovene-logo-nove-farby_modra-na-web.png","width":1,"height":1,"caption":"Youth for Equality"},"image":{"@id":"https:\/\/www.youthforequality.sk\/#\/schema\/logo\/image\/"},"sameAs":["https:\/\/www.facebook.com\/yeslovakia"]},{"@type":"Person","@id":"https:\/\/www.youthforequality.sk\/#\/schema\/person\/13a1342f9669c039035c15166bfaf7dd","name":"Filip Ku\u017ema","image":{"@type":"ImageObject","inLanguage":"sk-SK","@id":"https:\/\/secure.gravatar.com\/avatar\/5f16b953992f889ac33be959cbb81fab7225cec203e13cff27b25f35459dbc06?s=96&d=mm&r=g","url":"https:\/\/secure.gravatar.com\/avatar\/5f16b953992f889ac33be959cbb81fab7225cec203e13cff27b25f35459dbc06?s=96&d=mm&r=g","contentUrl":"https:\/\/secure.gravatar.com\/avatar\/5f16b953992f889ac33be959cbb81fab7225cec203e13cff27b25f35459dbc06?s=96&d=mm&r=g","caption":"Filip Ku\u017ema"},"sameAs":["https:\/\/www.youthforequality.sk"],"url":"https:\/\/www.youthforequality.sk\/index.php\/author\/filkuz\/"}]}},"_links":{"self":[{"href":"https:\/\/www.youthforequality.sk\/index.php\/wp-json\/wp\/v2\/posts\/1186","targetHints":{"allow":["GET"]}}],"collection":[{"href":"https:\/\/www.youthforequality.sk\/index.php\/wp-json\/wp\/v2\/posts"}],"about":[{"href":"https:\/\/www.youthforequality.sk\/index.php\/wp-json\/wp\/v2\/types\/post"}],"author":[{"embeddable":true,"href":"https:\/\/www.youthforequality.sk\/index.php\/wp-json\/wp\/v2\/users\/1"}],"replies":[{"embeddable":true,"href":"https:\/\/www.youthforequality.sk\/index.php\/wp-json\/wp\/v2\/comments?post=1186"}],"version-history":[{"count":2,"href":"https:\/\/www.youthforequality.sk\/index.php\/wp-json\/wp\/v2\/posts\/1186\/revisions"}],"predecessor-version":[{"id":1205,"href":"https:\/\/www.youthforequality.sk\/index.php\/wp-json\/wp\/v2\/posts\/1186\/revisions\/1205"}],"wp:featuredmedia":[{"embeddable":true,"href":"https:\/\/www.youthforequality.sk\/index.php\/wp-json\/wp\/v2\/media\/1187"}],"wp:attachment":[{"href":"https:\/\/www.youthforequality.sk\/index.php\/wp-json\/wp\/v2\/media?parent=1186"}],"wp:term":[{"taxonomy":"category","embeddable":true,"href":"https:\/\/www.youthforequality.sk\/index.php\/wp-json\/wp\/v2\/categories?post=1186"},{"taxonomy":"post_tag","embeddable":true,"href":"https:\/\/www.youthforequality.sk\/index.php\/wp-json\/wp\/v2\/tags?post=1186"}],"curies":[{"name":"wp","href":"https:\/\/api.w.org\/{rel}","templated":true}]}}