{"id":1256,"date":"2019-09-30T10:00:00","date_gmt":"2019-09-30T10:00:00","guid":{"rendered":"https:\/\/www.youthforequality.sk\/index.php\/2020\/06\/24\/walking-towards-equal-opportunities-copy\/"},"modified":"2021-04-12T20:40:29","modified_gmt":"2021-04-12T18:40:29","slug":"creative-problem-solving","status":"publish","type":"post","link":"https:\/\/www.youthforequality.sk\/index.php\/2019\/09\/30\/creative-problem-solving\/","title":{"rendered":"Creative problem solving"},"content":{"rendered":"\t\t<div data-elementor-type=\"wp-post\" data-elementor-id=\"1256\" class=\"elementor elementor-1256\">\n\t\t\t\t\t\t<section class=\"elementor-section elementor-top-section elementor-element elementor-element-46f73e elementor-section-boxed elementor-section-height-default elementor-section-height-default\" data-id=\"46f73e\" data-element_type=\"section\" data-e-type=\"section\">\n\t\t\t\t\t\t<div class=\"elementor-container elementor-column-gap-default\">\n\t\t\t\t\t<div class=\"elementor-column elementor-col-100 elementor-top-column elementor-element elementor-element-2e129969\" data-id=\"2e129969\" data-element_type=\"column\" data-e-type=\"column\">\n\t\t\t<div class=\"elementor-widget-wrap elementor-element-populated\">\n\t\t\t\t\t\t<div class=\"elementor-element elementor-element-6b365700 elementor-widget elementor-widget-text-editor\" data-id=\"6b365700\" data-element_type=\"widget\" data-e-type=\"widget\" data-widget_type=\"text-editor.default\">\n\t\t\t\t<div class=\"elementor-widget-container\">\n\t\t\t\t\t\t\t\t\t\n<p><span style=\"font-weight: 400;\">V septembri sme sa z\u00fa\u010dastnili zauj\u00edmav\u00e9ho projektu Kreat\u00edvne rie\u0161enie probl\u00e9mov v integr\u00e1cii ute\u010dencov a pris\u0165ahovalcov s ml\u00e1de\u017eou, ktor\u00fd sa konal v litovskom Vilniuse. Projektu sa z\u00fa\u010dastnili \u00fa\u010dastn\u00edci z Gr\u00e9cka, Arm\u00e9nska, Talianska a Turecka. Prv\u00fd ve\u010der sme mali kult\u00farnu noc kde sa predstavili krajiny, ktor\u00e9 sa z\u00fa\u010dastnili a ka\u017ed\u00fd priniesol tradi\u010dn\u00e9 jedlo a ostatn\u00ed ho ochutnali. Vysk\u00fa\u0161ali sme v\u0161etky najob\u013e\u00fabenej\u0161ie a najtradi\u010dnej\u0161ie jedl\u00e1.\u00a0<\/span><\/p>\n<p>\u00a0<\/p>\n<p><span style=\"font-weight: 400;\">Taktie\u017e sme sa po\u010das projektu nau\u010dili pou\u017e\u00edva\u0165 ve\u013ea tvoriv\u00fdch techn\u00edk, napr\u00edklad vytv\u00e1ra\u0165 kol\u00e1\u017ee z \u00faryvkov \u010dasopisov na t\u00e9my t\u00fdkaj\u00face sa pris\u0165ahovalcov a ute\u010dencov, kresli\u0165, vytv\u00e1ra\u0165 postavy z r\u00f4znych materi\u00e1lov alebo modely z hliny. Tieto techniky n\u00e1m pomohli vc\u00edti\u0165 sa do ko\u017ee \u013eud\u00ed, ktor\u00ed museli opusti\u0165 svoje domovy a ktor\u00ed sa nevedia vyjadrova\u0165 inak ako prostredn\u00edctvom umenia. Po programe, ktor\u00fd pripravili organiz\u00e1tori, sme si u\u017eili ve\u013ea z\u00e1bavy &#8211; na ve\u010dern\u00fdch spolo\u010densk\u00fdch hr\u00e1ch. Absolvovali sme prehliadku mesta a po\u010das vo\u013en\u00e9ho \u010dasu sme nav\u0161t\u00edvili okolit\u00e9 mest\u00e1. Celkovo to bol kr\u00e1sny z\u00e1\u017eitok, ktor\u00fd bude trva\u0165 dlho po ukon\u010den\u00ed projektu.<\/span><\/p>\n<p>\u00a0<\/p>\n<p><span style=\"font-weight: 400;\">\u010eakujeme za t\u00fato pr\u00edle\u017eitos\u0165 Youth for Eqaulity.<\/span><\/p>\n<p>\u00a0<\/p>\n<p><span style=\"font-weight: 400;\">Hana, Dominika, Alexandru a Pavol<\/span><\/p>\n<p>\u00a0<\/p>\n\n<div class=\"wp-block-coblocks-gallery-carousel\">\n<div class=\"is-cropped coblocks-gallery has-no-alignment has-caption-style-dark has-horizontal-gutter\">\n<div class=\"has-carousel has-carousel-lrg\" style=\"height: 400px;\" draggable=\"\" data-flickity=\"{\">\n<div class=\"coblocks-gallery--item\">\n<figure class=\"coblocks-gallery--figure has-margin-left-5 has-margin-left-mobile-5 has-margin-right-5 has-margin-right-mobile-5\"><img fetchpriority=\"high\" decoding=\"async\" width=\"245\" height=\"433\" class=\"wp-image-1260\" src=\"https:\/\/www.youthforequality.sk\/wp-content\/uploads\/2020\/06\/Creative-1-1.jpg\" alt=\"\" data-id=\"1260\" data-link=\"https:\/\/www.youthforequality.sk\/index.php\/2020\/06\/24\/walking-towards-equal-opportunities-copy\/creative-1-1\/\" srcset=\"https:\/\/www.youthforequality.sk\/wp-content\/uploads\/2020\/06\/Creative-1-1.jpg 245w, https:\/\/www.youthforequality.sk\/wp-content\/uploads\/2020\/06\/Creative-1-1-170x300.jpg 170w\" sizes=\"(max-width: 245px) 100vw, 245px\" \/><\/figure>\n<\/div>\n<div class=\"coblocks-gallery--item\">\n<figure class=\"coblocks-gallery--figure has-margin-left-5 has-margin-left-mobile-5 has-margin-right-5 has-margin-right-mobile-5\"><img decoding=\"async\" width=\"322\" height=\"433\" class=\"wp-image-1262\" src=\"https:\/\/www.youthforequality.sk\/wp-content\/uploads\/2020\/06\/Creative-2-1.jpg\" alt=\"\" data-id=\"1262\" data-link=\"https:\/\/www.youthforequality.sk\/index.php\/2020\/06\/24\/walking-towards-equal-opportunities-copy\/creative-2-1\/\" srcset=\"https:\/\/www.youthforequality.sk\/wp-content\/uploads\/2020\/06\/Creative-2-1.jpg 322w, https:\/\/www.youthforequality.sk\/wp-content\/uploads\/2020\/06\/Creative-2-1-223x300.jpg 223w\" sizes=\"(max-width: 322px) 100vw, 322px\" \/><\/figure>\n<\/div>\n<div class=\"coblocks-gallery--item\">\n<figure class=\"coblocks-gallery--figure has-margin-left-5 has-margin-left-mobile-5 has-margin-right-5 has-margin-right-mobile-5\"><img decoding=\"async\" width=\"325\" height=\"433\" class=\"wp-image-1264\" src=\"https:\/\/www.youthforequality.sk\/wp-content\/uploads\/2020\/06\/Creative-3-1.jpg\" alt=\"\" data-id=\"1264\" data-link=\"https:\/\/www.youthforequality.sk\/index.php\/2020\/06\/24\/walking-towards-equal-opportunities-copy\/creative-3-1\/\" srcset=\"https:\/\/www.youthforequality.sk\/wp-content\/uploads\/2020\/06\/Creative-3-1.jpg 325w, https:\/\/www.youthforequality.sk\/wp-content\/uploads\/2020\/06\/Creative-3-1-225x300.jpg 225w\" sizes=\"(max-width: 325px) 100vw, 325px\" \/><\/figure>\n<\/div>\n<div class=\"coblocks-gallery--item\">\n<figure class=\"coblocks-gallery--figure has-margin-left-5 has-margin-left-mobile-5 has-margin-right-5 has-margin-right-mobile-5\"><img loading=\"lazy\" decoding=\"async\" width=\"325\" height=\"433\" class=\"wp-image-1266\" src=\"https:\/\/www.youthforequality.sk\/wp-content\/uploads\/2020\/06\/Creative-4-1.jpg\" alt=\"\" data-id=\"1266\" data-link=\"https:\/\/www.youthforequality.sk\/index.php\/2020\/06\/24\/walking-towards-equal-opportunities-copy\/creative-4-1\/\" srcset=\"https:\/\/www.youthforequality.sk\/wp-content\/uploads\/2020\/06\/Creative-4-1.jpg 325w, https:\/\/www.youthforequality.sk\/wp-content\/uploads\/2020\/06\/Creative-4-1-225x300.jpg 225w\" sizes=\"(max-width: 325px) 100vw, 325px\" \/><\/figure>\n<\/div>\n<div class=\"coblocks-gallery--item\">\n<figure class=\"coblocks-gallery--figure has-margin-left-5 has-margin-left-mobile-5 has-margin-right-5 has-margin-right-mobile-5\"><img loading=\"lazy\" decoding=\"async\" width=\"325\" height=\"433\" class=\"wp-image-1268\" src=\"https:\/\/www.youthforequality.sk\/wp-content\/uploads\/2020\/06\/Creative-5-1.jpg\" alt=\"\" data-id=\"1268\" data-link=\"https:\/\/www.youthforequality.sk\/index.php\/2020\/06\/24\/walking-towards-equal-opportunities-copy\/creative-5-1\/\" srcset=\"https:\/\/www.youthforequality.sk\/wp-content\/uploads\/2020\/06\/Creative-5-1.jpg 325w, https:\/\/www.youthforequality.sk\/wp-content\/uploads\/2020\/06\/Creative-5-1-225x300.jpg 225w\" sizes=\"(max-width: 325px) 100vw, 325px\" \/><\/figure>\n<\/div>\n<div class=\"coblocks-gallery--item\">\n<figure class=\"coblocks-gallery--figure has-margin-left-5 has-margin-left-mobile-5 has-margin-right-5 has-margin-right-mobile-5\"><img loading=\"lazy\" decoding=\"async\" width=\"578\" height=\"433\" class=\"wp-image-1270\" src=\"https:\/\/www.youthforequality.sk\/wp-content\/uploads\/2020\/06\/Creative-6-1.jpg\" alt=\"\" data-id=\"1270\" data-link=\"https:\/\/www.youthforequality.sk\/index.php\/2020\/06\/24\/walking-towards-equal-opportunities-copy\/creative-6-1\/\" srcset=\"https:\/\/www.youthforequality.sk\/wp-content\/uploads\/2020\/06\/Creative-6-1.jpg 578w, https:\/\/www.youthforequality.sk\/wp-content\/uploads\/2020\/06\/Creative-6-1-300x225.jpg 300w, https:\/\/www.youthforequality.sk\/wp-content\/uploads\/2020\/06\/Creative-6-1-540x405.jpg 540w\" sizes=\"(max-width: 578px) 100vw, 578px\" \/><\/figure>\n<\/div>\n<div class=\"coblocks-gallery--item\">\n<figure class=\"coblocks-gallery--figure has-margin-left-5 has-margin-left-mobile-5 has-margin-right-5 has-margin-right-mobile-5\"><img loading=\"lazy\" decoding=\"async\" width=\"629\" height=\"433\" class=\"wp-image-1272\" src=\"https:\/\/www.youthforequality.sk\/wp-content\/uploads\/2020\/06\/Creative-7-1.jpg\" alt=\"\" data-id=\"1272\" data-link=\"https:\/\/www.youthforequality.sk\/index.php\/2020\/06\/24\/walking-towards-equal-opportunities-copy\/creative-7-1\/\" srcset=\"https:\/\/www.youthforequality.sk\/wp-content\/uploads\/2020\/06\/Creative-7-1.jpg 629w, https:\/\/www.youthforequality.sk\/wp-content\/uploads\/2020\/06\/Creative-7-1-300x207.jpg 300w, https:\/\/www.youthforequality.sk\/wp-content\/uploads\/2020\/06\/Creative-7-1-540x372.jpg 540w\" sizes=\"(max-width: 629px) 100vw, 629px\" \/><\/figure>\n<\/div>\n<\/div>\n<\/div>\n<\/div>\n\n<p>\u00a0<\/p>\n\t\t\t\t\t\t\t\t<\/div>\n\t\t\t\t<\/div>\n\t\t\t\t\t<\/div>\n\t\t<\/div>\n\t\t\t\t\t<\/div>\n\t\t<\/section>\n\t\t\t\t<\/div>\n\t\t","protected":false},"excerpt":{"rendered":"<p>V septembri sme sa z\u00fa\u010dastnili zauj\u00edmav\u00e9ho projektu Kreat\u00edvne rie\u0161enie probl\u00e9mov v integr\u00e1cii ute\u010dencov a pris\u0165ahovalcov s ml\u00e1de\u017eou, ktor\u00fd sa konal v litovskom Vilniuse. Projektu sa z\u00fa\u010dastnili \u00fa\u010dastn\u00edci z Gr\u00e9cka, Arm\u00e9nska, Talianska a Turecka. Prv\u00fd ve\u010der sme mali kult\u00farnu noc kde sa predstavili krajiny, ktor\u00e9 sa z\u00fa\u010dastnili a ka\u017ed\u00fd priniesol tradi\u010dn\u00e9 jedlo a ostatn\u00ed ho ochutnali.&hellip;&nbsp;<a href=\"https:\/\/www.youthforequality.sk\/index.php\/2019\/09\/30\/creative-problem-solving\/\" class=\"\" rel=\"bookmark\">\u010c\u00edta\u0165 viac &raquo;<span class=\"screen-reader-text\">Creative problem solving<\/span><\/a><\/p>\n","protected":false},"author":1,"featured_media":1258,"comment_status":"open","ping_status":"open","sticky":false,"template":"","format":"standard","meta":{"_uf_show_specific_survey":0,"_uf_disable_surveys":false,"neve_meta_sidebar":"","neve_meta_container":"","neve_meta_enable_content_width":"","neve_meta_content_width":0,"neve_meta_title_alignment":"","neve_meta_author_avatar":"","neve_post_elements_order":"","neve_meta_disable_header":"","neve_meta_disable_footer":"","neve_meta_disable_title":"","_themeisle_gutenberg_block_has_review":false,"footnotes":""},"categories":[3],"tags":[],"class_list":["post-1256","post","type-post","status-publish","format-standard","has-post-thumbnail","hentry","category-blog"],"yoast_head":"<!-- This site is optimized with the Yoast SEO plugin v27.4 - https:\/\/yoast.com\/product\/yoast-seo-wordpress\/ -->\n<title>Creative problem solving |<\/title>\n<meta name=\"robots\" content=\"index, follow, max-snippet:-1, max-image-preview:large, max-video-preview:-1\" \/>\n<link rel=\"canonical\" href=\"https:\/\/www.youthforequality.sk\/index.php\/2019\/09\/30\/creative-problem-solving\/\" \/>\n<meta property=\"og:locale\" content=\"sk_SK\" \/>\n<meta property=\"og:type\" content=\"article\" \/>\n<meta property=\"og:title\" content=\"Creative problem solving |\" \/>\n<meta property=\"og:description\" content=\"V septembri sme sa z\u00fa\u010dastnili zauj\u00edmav\u00e9ho projektu Kreat\u00edvne rie\u0161enie probl\u00e9mov v integr\u00e1cii ute\u010dencov a pris\u0165ahovalcov s ml\u00e1de\u017eou, ktor\u00fd sa konal v litovskom Vilniuse. Projektu sa z\u00fa\u010dastnili \u00fa\u010dastn\u00edci z Gr\u00e9cka, Arm\u00e9nska, Talianska a Turecka. Prv\u00fd ve\u010der sme mali kult\u00farnu noc kde sa predstavili krajiny, ktor\u00e9 sa z\u00fa\u010dastnili a ka\u017ed\u00fd priniesol tradi\u010dn\u00e9 jedlo a ostatn\u00ed ho ochutnali.&hellip;&nbsp;\u010c\u00edta\u0165 viac &raquo;Creative problem solving\" \/>\n<meta property=\"og:url\" content=\"https:\/\/www.youthforequality.sk\/index.php\/2019\/09\/30\/creative-problem-solving\/\" \/>\n<meta property=\"article:publisher\" content=\"https:\/\/www.facebook.com\/yeslovakia\" \/>\n<meta property=\"article:published_time\" content=\"2019-09-30T10:00:00+00:00\" \/>\n<meta property=\"article:modified_time\" content=\"2021-04-12T18:40:29+00:00\" \/>\n<meta property=\"og:image\" content=\"https:\/\/www.youthforequality.sk\/wp-content\/uploads\/2020\/06\/Creative-8.jpg\" \/>\n\t<meta property=\"og:image:width\" content=\"1728\" \/>\n\t<meta property=\"og:image:height\" content=\"1296\" \/>\n\t<meta property=\"og:image:type\" content=\"image\/jpeg\" \/>\n<meta name=\"author\" content=\"Filip Ku\u017ema\" \/>\n<meta name=\"twitter:card\" content=\"summary_large_image\" \/>\n<meta name=\"twitter:label1\" content=\"Autor\" \/>\n\t<meta name=\"twitter:data1\" content=\"Filip Ku\u017ema\" \/>\n\t<meta name=\"twitter:label2\" content=\"Predpokladan\u00fd \u010das \u010d\u00edtania\" \/>\n\t<meta name=\"twitter:data2\" content=\"3 min\u00faty\" \/>\n<script type=\"application\/ld+json\" class=\"yoast-schema-graph\">{\"@context\":\"https:\\\/\\\/schema.org\",\"@graph\":[{\"@type\":\"Article\",\"@id\":\"https:\\\/\\\/www.youthforequality.sk\\\/index.php\\\/2019\\\/09\\\/30\\\/creative-problem-solving\\\/#article\",\"isPartOf\":{\"@id\":\"https:\\\/\\\/www.youthforequality.sk\\\/index.php\\\/2019\\\/09\\\/30\\\/creative-problem-solving\\\/\"},\"author\":{\"name\":\"Filip Ku\u017ema\",\"@id\":\"https:\\\/\\\/www.youthforequality.sk\\\/#\\\/schema\\\/person\\\/13a1342f9669c039035c15166bfaf7dd\"},\"headline\":\"Creative problem solving\",\"datePublished\":\"2019-09-30T10:00:00+00:00\",\"dateModified\":\"2021-04-12T18:40:29+00:00\",\"mainEntityOfPage\":{\"@id\":\"https:\\\/\\\/www.youthforequality.sk\\\/index.php\\\/2019\\\/09\\\/30\\\/creative-problem-solving\\\/\"},\"wordCount\":240,\"commentCount\":0,\"publisher\":{\"@id\":\"https:\\\/\\\/www.youthforequality.sk\\\/#organization\"},\"image\":{\"@id\":\"https:\\\/\\\/www.youthforequality.sk\\\/index.php\\\/2019\\\/09\\\/30\\\/creative-problem-solving\\\/#primaryimage\"},\"thumbnailUrl\":\"https:\\\/\\\/www.youthforequality.sk\\\/wp-content\\\/uploads\\\/2020\\\/06\\\/Creative-8.jpg\",\"articleSection\":[\"Blog\"],\"inLanguage\":\"sk-SK\",\"potentialAction\":[{\"@type\":\"CommentAction\",\"name\":\"Comment\",\"target\":[\"https:\\\/\\\/www.youthforequality.sk\\\/index.php\\\/2019\\\/09\\\/30\\\/creative-problem-solving\\\/#respond\"]}]},{\"@type\":\"WebPage\",\"@id\":\"https:\\\/\\\/www.youthforequality.sk\\\/index.php\\\/2019\\\/09\\\/30\\\/creative-problem-solving\\\/\",\"url\":\"https:\\\/\\\/www.youthforequality.sk\\\/index.php\\\/2019\\\/09\\\/30\\\/creative-problem-solving\\\/\",\"name\":\"Creative problem solving |\",\"isPartOf\":{\"@id\":\"https:\\\/\\\/www.youthforequality.sk\\\/#website\"},\"primaryImageOfPage\":{\"@id\":\"https:\\\/\\\/www.youthforequality.sk\\\/index.php\\\/2019\\\/09\\\/30\\\/creative-problem-solving\\\/#primaryimage\"},\"image\":{\"@id\":\"https:\\\/\\\/www.youthforequality.sk\\\/index.php\\\/2019\\\/09\\\/30\\\/creative-problem-solving\\\/#primaryimage\"},\"thumbnailUrl\":\"https:\\\/\\\/www.youthforequality.sk\\\/wp-content\\\/uploads\\\/2020\\\/06\\\/Creative-8.jpg\",\"datePublished\":\"2019-09-30T10:00:00+00:00\",\"dateModified\":\"2021-04-12T18:40:29+00:00\",\"breadcrumb\":{\"@id\":\"https:\\\/\\\/www.youthforequality.sk\\\/index.php\\\/2019\\\/09\\\/30\\\/creative-problem-solving\\\/#breadcrumb\"},\"inLanguage\":\"sk-SK\",\"potentialAction\":[{\"@type\":\"ReadAction\",\"target\":[\"https:\\\/\\\/www.youthforequality.sk\\\/index.php\\\/2019\\\/09\\\/30\\\/creative-problem-solving\\\/\"]}]},{\"@type\":\"ImageObject\",\"inLanguage\":\"sk-SK\",\"@id\":\"https:\\\/\\\/www.youthforequality.sk\\\/index.php\\\/2019\\\/09\\\/30\\\/creative-problem-solving\\\/#primaryimage\",\"url\":\"https:\\\/\\\/www.youthforequality.sk\\\/wp-content\\\/uploads\\\/2020\\\/06\\\/Creative-8.jpg\",\"contentUrl\":\"https:\\\/\\\/www.youthforequality.sk\\\/wp-content\\\/uploads\\\/2020\\\/06\\\/Creative-8.jpg\",\"width\":1728,\"height\":1296},{\"@type\":\"BreadcrumbList\",\"@id\":\"https:\\\/\\\/www.youthforequality.sk\\\/index.php\\\/2019\\\/09\\\/30\\\/creative-problem-solving\\\/#breadcrumb\",\"itemListElement\":[{\"@type\":\"ListItem\",\"position\":1,\"name\":\"Home\",\"item\":\"https:\\\/\\\/www.youthforequality.sk\\\/\"},{\"@type\":\"ListItem\",\"position\":2,\"name\":\"Creative problem solving\"}]},{\"@type\":\"WebSite\",\"@id\":\"https:\\\/\\\/www.youthforequality.sk\\\/#website\",\"url\":\"https:\\\/\\\/www.youthforequality.sk\\\/\",\"name\":\"\",\"description\":\"\",\"publisher\":{\"@id\":\"https:\\\/\\\/www.youthforequality.sk\\\/#organization\"},\"potentialAction\":[{\"@type\":\"SearchAction\",\"target\":{\"@type\":\"EntryPoint\",\"urlTemplate\":\"https:\\\/\\\/www.youthforequality.sk\\\/?s={search_term_string}\"},\"query-input\":{\"@type\":\"PropertyValueSpecification\",\"valueRequired\":true,\"valueName\":\"search_term_string\"}}],\"inLanguage\":\"sk-SK\"},{\"@type\":\"Organization\",\"@id\":\"https:\\\/\\\/www.youthforequality.sk\\\/#organization\",\"name\":\"Youth for Equality\",\"url\":\"https:\\\/\\\/www.youthforequality.sk\\\/\",\"logo\":{\"@type\":\"ImageObject\",\"inLanguage\":\"sk-SK\",\"@id\":\"https:\\\/\\\/www.youthforequality.sk\\\/#\\\/schema\\\/logo\\\/image\\\/\",\"url\":\"https:\\\/\\\/www.youthforequality.sk\\\/wp-content\\\/uploads\\\/2021\\\/01\\\/vynovene-logo-nove-farby_modra-na-web.png\",\"contentUrl\":\"https:\\\/\\\/www.youthforequality.sk\\\/wp-content\\\/uploads\\\/2021\\\/01\\\/vynovene-logo-nove-farby_modra-na-web.png\",\"width\":1,\"height\":1,\"caption\":\"Youth for Equality\"},\"image\":{\"@id\":\"https:\\\/\\\/www.youthforequality.sk\\\/#\\\/schema\\\/logo\\\/image\\\/\"},\"sameAs\":[\"https:\\\/\\\/www.facebook.com\\\/yeslovakia\"]},{\"@type\":\"Person\",\"@id\":\"https:\\\/\\\/www.youthforequality.sk\\\/#\\\/schema\\\/person\\\/13a1342f9669c039035c15166bfaf7dd\",\"name\":\"Filip Ku\u017ema\",\"image\":{\"@type\":\"ImageObject\",\"inLanguage\":\"sk-SK\",\"@id\":\"https:\\\/\\\/secure.gravatar.com\\\/avatar\\\/5f16b953992f889ac33be959cbb81fab7225cec203e13cff27b25f35459dbc06?s=96&d=mm&r=g\",\"url\":\"https:\\\/\\\/secure.gravatar.com\\\/avatar\\\/5f16b953992f889ac33be959cbb81fab7225cec203e13cff27b25f35459dbc06?s=96&d=mm&r=g\",\"contentUrl\":\"https:\\\/\\\/secure.gravatar.com\\\/avatar\\\/5f16b953992f889ac33be959cbb81fab7225cec203e13cff27b25f35459dbc06?s=96&d=mm&r=g\",\"caption\":\"Filip Ku\u017ema\"},\"sameAs\":[\"https:\\\/\\\/www.youthforequality.sk\"],\"url\":\"https:\\\/\\\/www.youthforequality.sk\\\/index.php\\\/author\\\/filkuz\\\/\"}]}<\/script>\n<!-- \/ Yoast SEO plugin. -->","yoast_head_json":{"title":"Creative problem solving |","robots":{"index":"index","follow":"follow","max-snippet":"max-snippet:-1","max-image-preview":"max-image-preview:large","max-video-preview":"max-video-preview:-1"},"canonical":"https:\/\/www.youthforequality.sk\/index.php\/2019\/09\/30\/creative-problem-solving\/","og_locale":"sk_SK","og_type":"article","og_title":"Creative problem solving |","og_description":"V septembri sme sa z\u00fa\u010dastnili zauj\u00edmav\u00e9ho projektu Kreat\u00edvne rie\u0161enie probl\u00e9mov v integr\u00e1cii ute\u010dencov a pris\u0165ahovalcov s ml\u00e1de\u017eou, ktor\u00fd sa konal v litovskom Vilniuse. Projektu sa z\u00fa\u010dastnili \u00fa\u010dastn\u00edci z Gr\u00e9cka, Arm\u00e9nska, Talianska a Turecka. Prv\u00fd ve\u010der sme mali kult\u00farnu noc kde sa predstavili krajiny, ktor\u00e9 sa z\u00fa\u010dastnili a ka\u017ed\u00fd priniesol tradi\u010dn\u00e9 jedlo a ostatn\u00ed ho ochutnali.&hellip;&nbsp;\u010c\u00edta\u0165 viac &raquo;Creative problem solving","og_url":"https:\/\/www.youthforequality.sk\/index.php\/2019\/09\/30\/creative-problem-solving\/","article_publisher":"https:\/\/www.facebook.com\/yeslovakia","article_published_time":"2019-09-30T10:00:00+00:00","article_modified_time":"2021-04-12T18:40:29+00:00","og_image":[{"width":1728,"height":1296,"url":"https:\/\/www.youthforequality.sk\/wp-content\/uploads\/2020\/06\/Creative-8.jpg","type":"image\/jpeg"}],"author":"Filip Ku\u017ema","twitter_card":"summary_large_image","twitter_misc":{"Autor":"Filip Ku\u017ema","Predpokladan\u00fd \u010das \u010d\u00edtania":"3 min\u00faty"},"schema":{"@context":"https:\/\/schema.org","@graph":[{"@type":"Article","@id":"https:\/\/www.youthforequality.sk\/index.php\/2019\/09\/30\/creative-problem-solving\/#article","isPartOf":{"@id":"https:\/\/www.youthforequality.sk\/index.php\/2019\/09\/30\/creative-problem-solving\/"},"author":{"name":"Filip Ku\u017ema","@id":"https:\/\/www.youthforequality.sk\/#\/schema\/person\/13a1342f9669c039035c15166bfaf7dd"},"headline":"Creative problem solving","datePublished":"2019-09-30T10:00:00+00:00","dateModified":"2021-04-12T18:40:29+00:00","mainEntityOfPage":{"@id":"https:\/\/www.youthforequality.sk\/index.php\/2019\/09\/30\/creative-problem-solving\/"},"wordCount":240,"commentCount":0,"publisher":{"@id":"https:\/\/www.youthforequality.sk\/#organization"},"image":{"@id":"https:\/\/www.youthforequality.sk\/index.php\/2019\/09\/30\/creative-problem-solving\/#primaryimage"},"thumbnailUrl":"https:\/\/www.youthforequality.sk\/wp-content\/uploads\/2020\/06\/Creative-8.jpg","articleSection":["Blog"],"inLanguage":"sk-SK","potentialAction":[{"@type":"CommentAction","name":"Comment","target":["https:\/\/www.youthforequality.sk\/index.php\/2019\/09\/30\/creative-problem-solving\/#respond"]}]},{"@type":"WebPage","@id":"https:\/\/www.youthforequality.sk\/index.php\/2019\/09\/30\/creative-problem-solving\/","url":"https:\/\/www.youthforequality.sk\/index.php\/2019\/09\/30\/creative-problem-solving\/","name":"Creative problem solving |","isPartOf":{"@id":"https:\/\/www.youthforequality.sk\/#website"},"primaryImageOfPage":{"@id":"https:\/\/www.youthforequality.sk\/index.php\/2019\/09\/30\/creative-problem-solving\/#primaryimage"},"image":{"@id":"https:\/\/www.youthforequality.sk\/index.php\/2019\/09\/30\/creative-problem-solving\/#primaryimage"},"thumbnailUrl":"https:\/\/www.youthforequality.sk\/wp-content\/uploads\/2020\/06\/Creative-8.jpg","datePublished":"2019-09-30T10:00:00+00:00","dateModified":"2021-04-12T18:40:29+00:00","breadcrumb":{"@id":"https:\/\/www.youthforequality.sk\/index.php\/2019\/09\/30\/creative-problem-solving\/#breadcrumb"},"inLanguage":"sk-SK","potentialAction":[{"@type":"ReadAction","target":["https:\/\/www.youthforequality.sk\/index.php\/2019\/09\/30\/creative-problem-solving\/"]}]},{"@type":"ImageObject","inLanguage":"sk-SK","@id":"https:\/\/www.youthforequality.sk\/index.php\/2019\/09\/30\/creative-problem-solving\/#primaryimage","url":"https:\/\/www.youthforequality.sk\/wp-content\/uploads\/2020\/06\/Creative-8.jpg","contentUrl":"https:\/\/www.youthforequality.sk\/wp-content\/uploads\/2020\/06\/Creative-8.jpg","width":1728,"height":1296},{"@type":"BreadcrumbList","@id":"https:\/\/www.youthforequality.sk\/index.php\/2019\/09\/30\/creative-problem-solving\/#breadcrumb","itemListElement":[{"@type":"ListItem","position":1,"name":"Home","item":"https:\/\/www.youthforequality.sk\/"},{"@type":"ListItem","position":2,"name":"Creative problem solving"}]},{"@type":"WebSite","@id":"https:\/\/www.youthforequality.sk\/#website","url":"https:\/\/www.youthforequality.sk\/","name":"","description":"","publisher":{"@id":"https:\/\/www.youthforequality.sk\/#organization"},"potentialAction":[{"@type":"SearchAction","target":{"@type":"EntryPoint","urlTemplate":"https:\/\/www.youthforequality.sk\/?s={search_term_string}"},"query-input":{"@type":"PropertyValueSpecification","valueRequired":true,"valueName":"search_term_string"}}],"inLanguage":"sk-SK"},{"@type":"Organization","@id":"https:\/\/www.youthforequality.sk\/#organization","name":"Youth for Equality","url":"https:\/\/www.youthforequality.sk\/","logo":{"@type":"ImageObject","inLanguage":"sk-SK","@id":"https:\/\/www.youthforequality.sk\/#\/schema\/logo\/image\/","url":"https:\/\/www.youthforequality.sk\/wp-content\/uploads\/2021\/01\/vynovene-logo-nove-farby_modra-na-web.png","contentUrl":"https:\/\/www.youthforequality.sk\/wp-content\/uploads\/2021\/01\/vynovene-logo-nove-farby_modra-na-web.png","width":1,"height":1,"caption":"Youth for Equality"},"image":{"@id":"https:\/\/www.youthforequality.sk\/#\/schema\/logo\/image\/"},"sameAs":["https:\/\/www.facebook.com\/yeslovakia"]},{"@type":"Person","@id":"https:\/\/www.youthforequality.sk\/#\/schema\/person\/13a1342f9669c039035c15166bfaf7dd","name":"Filip Ku\u017ema","image":{"@type":"ImageObject","inLanguage":"sk-SK","@id":"https:\/\/secure.gravatar.com\/avatar\/5f16b953992f889ac33be959cbb81fab7225cec203e13cff27b25f35459dbc06?s=96&d=mm&r=g","url":"https:\/\/secure.gravatar.com\/avatar\/5f16b953992f889ac33be959cbb81fab7225cec203e13cff27b25f35459dbc06?s=96&d=mm&r=g","contentUrl":"https:\/\/secure.gravatar.com\/avatar\/5f16b953992f889ac33be959cbb81fab7225cec203e13cff27b25f35459dbc06?s=96&d=mm&r=g","caption":"Filip Ku\u017ema"},"sameAs":["https:\/\/www.youthforequality.sk"],"url":"https:\/\/www.youthforequality.sk\/index.php\/author\/filkuz\/"}]}},"_links":{"self":[{"href":"https:\/\/www.youthforequality.sk\/index.php\/wp-json\/wp\/v2\/posts\/1256","targetHints":{"allow":["GET"]}}],"collection":[{"href":"https:\/\/www.youthforequality.sk\/index.php\/wp-json\/wp\/v2\/posts"}],"about":[{"href":"https:\/\/www.youthforequality.sk\/index.php\/wp-json\/wp\/v2\/types\/post"}],"author":[{"embeddable":true,"href":"https:\/\/www.youthforequality.sk\/index.php\/wp-json\/wp\/v2\/users\/1"}],"replies":[{"embeddable":true,"href":"https:\/\/www.youthforequality.sk\/index.php\/wp-json\/wp\/v2\/comments?post=1256"}],"version-history":[{"count":5,"href":"https:\/\/www.youthforequality.sk\/index.php\/wp-json\/wp\/v2\/posts\/1256\/revisions"}],"predecessor-version":[{"id":2890,"href":"https:\/\/www.youthforequality.sk\/index.php\/wp-json\/wp\/v2\/posts\/1256\/revisions\/2890"}],"wp:featuredmedia":[{"embeddable":true,"href":"https:\/\/www.youthforequality.sk\/index.php\/wp-json\/wp\/v2\/media\/1258"}],"wp:attachment":[{"href":"https:\/\/www.youthforequality.sk\/index.php\/wp-json\/wp\/v2\/media?parent=1256"}],"wp:term":[{"taxonomy":"category","embeddable":true,"href":"https:\/\/www.youthforequality.sk\/index.php\/wp-json\/wp\/v2\/categories?post=1256"},{"taxonomy":"post_tag","embeddable":true,"href":"https:\/\/www.youthforequality.sk\/index.php\/wp-json\/wp\/v2\/tags?post=1256"}],"curies":[{"name":"wp","href":"https:\/\/api.w.org\/{rel}","templated":true}]}}