{"id":1293,"date":"2019-10-21T10:00:35","date_gmt":"2019-10-21T10:00:35","guid":{"rendered":"https:\/\/www.youthforequality.sk\/index.php\/2020\/06\/24\/global-youth-copy\/"},"modified":"2021-04-12T20:36:16","modified_gmt":"2021-04-12T18:36:16","slug":"ecodaily","status":"publish","type":"post","link":"https:\/\/www.youthforequality.sk\/index.php\/2019\/10\/21\/ecodaily\/","title":{"rendered":"Ecodaily"},"content":{"rendered":"\t\t<div data-elementor-type=\"wp-post\" data-elementor-id=\"1293\" class=\"elementor elementor-1293\">\n\t\t\t\t\t\t<section class=\"elementor-section elementor-top-section elementor-element elementor-element-2048f92a elementor-section-boxed elementor-section-height-default elementor-section-height-default\" data-id=\"2048f92a\" data-element_type=\"section\" data-e-type=\"section\">\n\t\t\t\t\t\t<div class=\"elementor-container elementor-column-gap-default\">\n\t\t\t\t\t<div class=\"elementor-column elementor-col-100 elementor-top-column elementor-element elementor-element-513ae41a\" data-id=\"513ae41a\" data-element_type=\"column\" data-e-type=\"column\">\n\t\t\t<div class=\"elementor-widget-wrap elementor-element-populated\">\n\t\t\t\t\t\t<div class=\"elementor-element elementor-element-25b4006b elementor-widget elementor-widget-text-editor\" data-id=\"25b4006b\" data-element_type=\"widget\" data-e-type=\"widget\" data-widget_type=\"text-editor.default\">\n\t\t\t\t<div class=\"elementor-widget-container\">\n\t\t\t\t\t\t\t\t\t\n<p><span style=\"font-weight: 400;\">Prv\u00e1 ot\u00e1zka, ktor\u00e1 v\u00e1m napadne, ke\u010f sa chyst\u00e1te na medzin\u00e1rodn\u00fa ml\u00e1de\u017en\u00edcku v\u00fdmenu, je \u201ekto s\u00fa t\u00ed \u013eudia, s ktor\u00fdmi sa stretnem?\u201c. Druh\u00e9 je \u201em\u00e1m svoju pe\u0148a\u017eenku, l\u00edstky a identifika\u010dn\u00e9 \u010d\u00edslo?\u201c. Va\u0161e z\u00e1\u017eitky formuj\u00fa to, \u010do kedy rob\u00edte, \u013eudia, s ktor\u00fdmi to rob\u00edte. Slovensk\u00fd t\u00edm tvorili Radka, M\u00e1ria, Eva, Peter a Pavol. Traja nov\u00e1\u010dikovia a jeden sk\u00fasen\u00fd l\u00edder s viac ako 15 v\u00fdmenami za opaskom, \u010do len dokazuje, \u017ee to stoj\u00ed za to. \u010eal\u0161\u00edm d\u00f4kazom je, \u017ee napriek vzdialenosti a \u010dasu medzi nami s\u00fa v\u0161etci z projektu v kontakte a\u017e dodnes.<\/span><\/p>\n<p>\u00a0<\/p>\n<p><span style=\"font-weight: 400;\">Na\u0161ou hlavnou motiv\u00e1ciou bolo spozna\u0165 nov\u00fdch \u013eud\u00ed a nau\u010di\u0165 sa \u010do najviac. A to je to, \u010do sme urobili. T\u00e9mou bola ekol\u00f3gia. Dozvedeli sme sa o udr\u017eate\u013enosti, biologick\u00fdch farm\u00e1ch, odpadkovom umen\u00ed, spravodlivom obchode a probl\u00e9moch \u017eivotn\u00e9ho prostredia, ktor\u00fdm \u010delia eur\u00f3pske krajiny, ako aj o glob\u00e1lnej klimatickej kr\u00edze. V skupin\u00e1ch s na\u0161imi nov\u00fdmi priate\u013emi sme h\u013eadali odpovede a rie\u0161enia t\u00fdchto probl\u00e9mov. T\u00fdmto sme sa tie\u017e zdokonalili v angli\u010dtine, nau\u010dili sa jasne formulova\u0165 svoje n\u00e1pady a n\u00e1zory, argumentova\u0165, ale hlavne po\u010d\u00fava\u0165 a u\u010di\u0165 sa od svojich kolegov. Jeden by si myslel, \u017ee je to v\u00fdzva, ke\u010f sa stretn\u00fa r\u00f4zni \u013eudia z celej Eur\u00f3py, aby predstavili svoje probl\u00e9my a rie\u0161enia, ale uk\u00e1zalo sa to ako skvel\u00e1 z\u00e1le\u017eitos\u0165. By\u0165 v spolo\u010dnosti rovnako zm\u00fd\u0161\u013eaj\u00facich \u013eud\u00ed diskutuj\u00facich o v\u00e1\u017enych t\u00e9mach aj o \u201eob\u013e\u00faben\u00fdch supermarketoch v Gr\u00e9cku\u201c je z\u00e1\u017eitok na cel\u00fd \u017eivot.\u00a0<\/span><\/p>\n<p>\u00a0<\/p>\n<p><span style=\"font-weight: 400;\">Na\u0161e ubytovanie bola kr\u00e1sna mal\u00e1 chata a stany ne\u010faleko mesta Litija. V\u0161etci sme sa trochu ob\u00e1vali po\u010dasia, ale o v\u0161etko bolo postaran\u00e9. Nie je lep\u0161\u00ed pocit, ako sa zobudi\u0165, aby ste videli svie\u017ee lesy Slovinska a boli obklopen\u00ed skvel\u00fdmi \u013eu\u010fmi. A samozrejme ra\u0148ajky. Ka\u017ed\u00e9 r\u00e1no sme za\u010dali de\u0148 mal\u00fdm energetiz\u00e1torom. Nasledovala s\u00e9ria aktiv\u00edt zameran\u00fdch na vz\u00e1jomn\u00e9 spozn\u00e1vanie sa a t\u00e9mu ekol\u00f3gie.<\/span><\/p>\n<p>\u00a0<\/p>\n<p><span style=\"font-weight: 400;\">Okrem toho sme robili z\u00e1bavn\u00e9 aktivity ako trekking, lov na muchy, volejbal a ve\u013ea tanca. Jedn\u00e9ho d\u0148a n\u00e1s \u010dakala exkurzia na ekologick\u00fa bylinkov\u00fa farmu.<\/span><\/p>\n<p>\u00a0<\/p>\n<p><span style=\"font-weight: 400;\">N\u00e1\u0161 pobyt sme si u\u017eili nato\u013eko, \u017ee sk\u00f4r, ako sme si uvedomili, sa ch\u00fdli ku koncu. Posledn\u00fd de\u0148 tr\u00e1vime v \u013dub\u013eane. Na\u0161i \u00fa\u017easn\u00ed sprostredkovatelia pre n\u00e1s zabezpe\u010dili zauj\u00edmav\u00fa n\u00e1v\u0161tevu spravodliv\u00e9ho obchodu, kde n\u00e1m mil\u00e1 pani povedala v\u0161etko o tomto celkom novom koncepte a odpovedala na v\u0161etky na\u0161e zvedav\u00e9 ot\u00e1zky.<\/span><\/p>\n<p>\u00a0<\/p>\n<p><span style=\"font-weight: 400;\">U\u017eili sme si prehliadku kr\u00e1sneho mesta \u013dub\u013eana so sprievodcom a t\u00fdm sa n\u00e1\u0161 pobyt ch\u00fdlil ku koncu. Jedna posledn\u00e1 oslava a \u201ehaide\u201c spa\u0165. Rozi\u0161li sme sa s p\u00e1r slzami a pr\u00eds\u013eubmi, \u017ee sa e\u0161te uvid\u00edme. A samozrejme s kopou skvel\u00fdch spomienok, nov\u00fdch priate\u013eov a nezabudnute\u013en\u00fdm z\u00e1\u017eitkom, ak\u00fd nem\u00e1 obdoby.<\/span><\/p>\n<p>\u00a0<\/p>\n<p><span style=\"font-weight: 400;\">M\u00f4\u017eeme len po\u010fakova\u0165 mil\u00fdm \u013eu\u010fom z klubu KLI\u0160E, organiz\u00e1cii Ml\u00e1de\u017e za rovnos\u0165, Erazmus + a samozrejme Eur\u00f3pskej \u00fanii, ktor\u00ed to v\u0161etko umo\u017enili.<\/span><\/p>\n<p>\u00a0<\/p>\n<p><span style=\"font-weight: 400;\">Radka, M\u00e1ria, Eva, Peter a Pavol<\/span><\/p>\n\n<div class=\"wp-block-coblocks-gallery-carousel\">\n<div class=\"is-cropped coblocks-gallery has-no-alignment has-caption-style-dark has-horizontal-gutter\">\n<div class=\"has-carousel has-carousel-lrg\" style=\"height: 400px;\" draggable=\"\" data-flickity=\"{\">\n<div class=\"coblocks-gallery--item\">\n<figure class=\"coblocks-gallery--figure has-margin-left-5 has-margin-left-mobile-5 has-margin-right-5 has-margin-right-mobile-5\"><img fetchpriority=\"high\" decoding=\"async\" width=\"1024\" height=\"678\" class=\"wp-image-1296\" src=\"https:\/\/www.youthforequality.sk\/wp-content\/uploads\/2020\/06\/Ecodaily-1-1-1024x678.jpg\" alt=\"\" data-id=\"1296\" data-link=\"https:\/\/www.youthforequality.sk\/index.php\/2020\/06\/24\/global-youth-copy\/ecodaily-1-1\/\" srcset=\"https:\/\/www.youthforequality.sk\/wp-content\/uploads\/2020\/06\/Ecodaily-1-1-1024x678.jpg 1024w, https:\/\/www.youthforequality.sk\/wp-content\/uploads\/2020\/06\/Ecodaily-1-1-300x199.jpg 300w, https:\/\/www.youthforequality.sk\/wp-content\/uploads\/2020\/06\/Ecodaily-1-1-768x509.jpg 768w, https:\/\/www.youthforequality.sk\/wp-content\/uploads\/2020\/06\/Ecodaily-1-1-1536x1017.jpg 1536w, https:\/\/www.youthforequality.sk\/wp-content\/uploads\/2020\/06\/Ecodaily-1-1-540x358.jpg 540w, https:\/\/www.youthforequality.sk\/wp-content\/uploads\/2020\/06\/Ecodaily-1-1-1080x715.jpg 1080w, https:\/\/www.youthforequality.sk\/wp-content\/uploads\/2020\/06\/Ecodaily-1-1.jpg 1848w\" sizes=\"(max-width: 1024px) 100vw, 1024px\" \/><\/figure>\n<\/div>\n<div class=\"coblocks-gallery--item\">\n<figure class=\"coblocks-gallery--figure has-margin-left-5 has-margin-left-mobile-5 has-margin-right-5 has-margin-right-mobile-5\"><img decoding=\"async\" width=\"1024\" height=\"576\" class=\"wp-image-1298\" src=\"https:\/\/www.youthforequality.sk\/wp-content\/uploads\/2020\/06\/Ecodaily-2-1-1024x576.jpg\" alt=\"\" data-id=\"1298\" data-link=\"https:\/\/www.youthforequality.sk\/index.php\/2020\/06\/24\/global-youth-copy\/ecodaily-2-1\/\" srcset=\"https:\/\/www.youthforequality.sk\/wp-content\/uploads\/2020\/06\/Ecodaily-2-1-1024x576.jpg 1024w, https:\/\/www.youthforequality.sk\/wp-content\/uploads\/2020\/06\/Ecodaily-2-1-300x169.jpg 300w, https:\/\/www.youthforequality.sk\/wp-content\/uploads\/2020\/06\/Ecodaily-2-1-768x432.jpg 768w, https:\/\/www.youthforequality.sk\/wp-content\/uploads\/2020\/06\/Ecodaily-2-1-540x304.jpg 540w, https:\/\/www.youthforequality.sk\/wp-content\/uploads\/2020\/06\/Ecodaily-2-1-1080x607.jpg 1080w, https:\/\/www.youthforequality.sk\/wp-content\/uploads\/2020\/06\/Ecodaily-2-1.jpg 1384w\" sizes=\"(max-width: 1024px) 100vw, 1024px\" \/><\/figure>\n<\/div>\n<div class=\"coblocks-gallery--item\">\n<figure class=\"coblocks-gallery--figure has-margin-left-5 has-margin-left-mobile-5 has-margin-right-5 has-margin-right-mobile-5\"><img decoding=\"async\" width=\"1024\" height=\"678\" class=\"wp-image-1300\" src=\"https:\/\/www.youthforequality.sk\/wp-content\/uploads\/2020\/06\/Ecodaily-3-1-1024x678.jpg\" alt=\"\" data-id=\"1300\" data-link=\"https:\/\/www.youthforequality.sk\/index.php\/2020\/06\/24\/global-youth-copy\/ecodaily-3-1\/\" srcset=\"https:\/\/www.youthforequality.sk\/wp-content\/uploads\/2020\/06\/Ecodaily-3-1-1024x678.jpg 1024w, https:\/\/www.youthforequality.sk\/wp-content\/uploads\/2020\/06\/Ecodaily-3-1-300x199.jpg 300w, https:\/\/www.youthforequality.sk\/wp-content\/uploads\/2020\/06\/Ecodaily-3-1-768x509.jpg 768w, https:\/\/www.youthforequality.sk\/wp-content\/uploads\/2020\/06\/Ecodaily-3-1-1536x1018.jpg 1536w, https:\/\/www.youthforequality.sk\/wp-content\/uploads\/2020\/06\/Ecodaily-3-1-540x358.jpg 540w, https:\/\/www.youthforequality.sk\/wp-content\/uploads\/2020\/06\/Ecodaily-3-1-1080x716.jpg 1080w, https:\/\/www.youthforequality.sk\/wp-content\/uploads\/2020\/06\/Ecodaily-3-1.jpg 1716w\" sizes=\"(max-width: 1024px) 100vw, 1024px\" \/><\/figure>\n<\/div>\n<div class=\"coblocks-gallery--item\">\n<figure class=\"coblocks-gallery--figure has-margin-left-5 has-margin-left-mobile-5 has-margin-right-5 has-margin-right-mobile-5\"><img loading=\"lazy\" decoding=\"async\" width=\"454\" height=\"807\" class=\"wp-image-1302\" src=\"https:\/\/www.youthforequality.sk\/wp-content\/uploads\/2020\/06\/Ecodaily-4-1.jpg\" alt=\"\" data-id=\"1302\" data-link=\"https:\/\/www.youthforequality.sk\/index.php\/2020\/06\/24\/global-youth-copy\/ecodaily-4-1\/\" srcset=\"https:\/\/www.youthforequality.sk\/wp-content\/uploads\/2020\/06\/Ecodaily-4-1.jpg 454w, https:\/\/www.youthforequality.sk\/wp-content\/uploads\/2020\/06\/Ecodaily-4-1-169x300.jpg 169w\" sizes=\"(max-width: 454px) 100vw, 454px\" \/><\/figure>\n<\/div>\n<div class=\"coblocks-gallery--item\">\n<figure class=\"coblocks-gallery--figure has-margin-left-5 has-margin-left-mobile-5 has-margin-right-5 has-margin-right-mobile-5\"><img loading=\"lazy\" decoding=\"async\" width=\"433\" height=\"769\" class=\"wp-image-1304\" src=\"https:\/\/www.youthforequality.sk\/wp-content\/uploads\/2020\/06\/Ecodaily-5-1.jpg\" alt=\"\" data-id=\"1304\" data-link=\"https:\/\/www.youthforequality.sk\/index.php\/2020\/06\/24\/global-youth-copy\/ecodaily-5-1\/\" srcset=\"https:\/\/www.youthforequality.sk\/wp-content\/uploads\/2020\/06\/Ecodaily-5-1.jpg 433w, https:\/\/www.youthforequality.sk\/wp-content\/uploads\/2020\/06\/Ecodaily-5-1-169x300.jpg 169w\" sizes=\"(max-width: 433px) 100vw, 433px\" \/><\/figure>\n<\/div>\n<div class=\"coblocks-gallery--item\">\n<figure class=\"coblocks-gallery--figure has-margin-left-5 has-margin-left-mobile-5 has-margin-right-5 has-margin-right-mobile-5\"><img loading=\"lazy\" decoding=\"async\" width=\"1024\" height=\"679\" class=\"wp-image-1306\" src=\"https:\/\/www.youthforequality.sk\/wp-content\/uploads\/2020\/06\/Ecodaily-6-1-1024x679.jpg\" alt=\"\" data-id=\"1306\" data-link=\"https:\/\/www.youthforequality.sk\/index.php\/2020\/06\/24\/global-youth-copy\/ecodaily-6-1\/\" srcset=\"https:\/\/www.youthforequality.sk\/wp-content\/uploads\/2020\/06\/Ecodaily-6-1-1024x679.jpg 1024w, https:\/\/www.youthforequality.sk\/wp-content\/uploads\/2020\/06\/Ecodaily-6-1-300x199.jpg 300w, https:\/\/www.youthforequality.sk\/wp-content\/uploads\/2020\/06\/Ecodaily-6-1-768x509.jpg 768w, https:\/\/www.youthforequality.sk\/wp-content\/uploads\/2020\/06\/Ecodaily-6-1-540x358.jpg 540w, https:\/\/www.youthforequality.sk\/wp-content\/uploads\/2020\/06\/Ecodaily-6-1.jpg 1075w\" sizes=\"(max-width: 1024px) 100vw, 1024px\" \/><\/figure>\n<\/div>\n<div class=\"coblocks-gallery--item\">\n<figure class=\"coblocks-gallery--figure has-margin-left-5 has-margin-left-mobile-5 has-margin-right-5 has-margin-right-mobile-5\"><img loading=\"lazy\" decoding=\"async\" width=\"281\" height=\"500\" class=\"wp-image-1308\" src=\"https:\/\/www.youthforequality.sk\/wp-content\/uploads\/2020\/06\/Ecodaily-7-1.png\" alt=\"\" data-id=\"1308\" data-link=\"https:\/\/www.youthforequality.sk\/index.php\/2020\/06\/24\/global-youth-copy\/ecodaily-7-1\/\" srcset=\"https:\/\/www.youthforequality.sk\/wp-content\/uploads\/2020\/06\/Ecodaily-7-1.png 281w, https:\/\/www.youthforequality.sk\/wp-content\/uploads\/2020\/06\/Ecodaily-7-1-169x300.png 169w\" sizes=\"(max-width: 281px) 100vw, 281px\" \/><\/figure>\n<\/div>\n<div class=\"coblocks-gallery--item\">\n<figure class=\"coblocks-gallery--figure has-margin-left-5 has-margin-left-mobile-5 has-margin-right-5 has-margin-right-mobile-5\"><img loading=\"lazy\" decoding=\"async\" width=\"269\" height=\"479\" class=\"wp-image-1310\" src=\"https:\/\/www.youthforequality.sk\/wp-content\/uploads\/2020\/06\/Ecodaily-8-1.png\" alt=\"\" data-id=\"1310\" data-link=\"https:\/\/www.youthforequality.sk\/index.php\/2020\/06\/24\/global-youth-copy\/ecodaily-8-1\/\" srcset=\"https:\/\/www.youthforequality.sk\/wp-content\/uploads\/2020\/06\/Ecodaily-8-1.png 269w, https:\/\/www.youthforequality.sk\/wp-content\/uploads\/2020\/06\/Ecodaily-8-1-168x300.png 168w\" sizes=\"(max-width: 269px) 100vw, 269px\" \/><\/figure>\n<\/div>\n<div class=\"coblocks-gallery--item\">\n<figure class=\"coblocks-gallery--figure has-margin-left-5 has-margin-left-mobile-5 has-margin-right-5 has-margin-right-mobile-5\"><img loading=\"lazy\" decoding=\"async\" width=\"1024\" height=\"767\" class=\"wp-image-1312\" src=\"https:\/\/www.youthforequality.sk\/wp-content\/uploads\/2020\/06\/Ecodaily-9-1-1024x767.jpg\" alt=\"\" data-id=\"1312\" data-link=\"https:\/\/www.youthforequality.sk\/index.php\/2020\/06\/24\/global-youth-copy\/ecodaily-9-1\/\" srcset=\"https:\/\/www.youthforequality.sk\/wp-content\/uploads\/2020\/06\/Ecodaily-9-1-1024x767.jpg 1024w, https:\/\/www.youthforequality.sk\/wp-content\/uploads\/2020\/06\/Ecodaily-9-1-300x225.jpg 300w, https:\/\/www.youthforequality.sk\/wp-content\/uploads\/2020\/06\/Ecodaily-9-1-768x575.jpg 768w, https:\/\/www.youthforequality.sk\/wp-content\/uploads\/2020\/06\/Ecodaily-9-1-540x405.jpg 540w, https:\/\/www.youthforequality.sk\/wp-content\/uploads\/2020\/06\/Ecodaily-9-1-1080x809.jpg 1080w, https:\/\/www.youthforequality.sk\/wp-content\/uploads\/2020\/06\/Ecodaily-9-1.jpg 1145w\" sizes=\"(max-width: 1024px) 100vw, 1024px\" \/><\/figure>\n<\/div>\n<\/div>\n<\/div>\n<\/div>\n\t\t\t\t\t\t\t\t<\/div>\n\t\t\t\t<\/div>\n\t\t\t\t\t<\/div>\n\t\t<\/div>\n\t\t\t\t\t<\/div>\n\t\t<\/section>\n\t\t\t\t<\/div>\n\t\t","protected":false},"excerpt":{"rendered":"<p>Prv\u00e1 ot\u00e1zka, ktor\u00e1 v\u00e1m napadne, ke\u010f sa chyst\u00e1te na medzin\u00e1rodn\u00fa ml\u00e1de\u017en\u00edcku v\u00fdmenu, je \u201ekto s\u00fa t\u00ed \u013eudia, s ktor\u00fdmi sa stretnem?\u201c. Druh\u00e9 je \u201em\u00e1m svoju pe\u0148a\u017eenku, l\u00edstky a identifika\u010dn\u00e9 \u010d\u00edslo?\u201c. Va\u0161e z\u00e1\u017eitky formuj\u00fa to, \u010do kedy rob\u00edte, \u013eudia, s ktor\u00fdmi to rob\u00edte. Slovensk\u00fd t\u00edm tvorili Radka, M\u00e1ria, Eva, Peter a Pavol. Traja nov\u00e1\u010dikovia a jeden&hellip;&nbsp;<a href=\"https:\/\/www.youthforequality.sk\/index.php\/2019\/10\/21\/ecodaily\/\" class=\"\" rel=\"bookmark\">\u010c\u00edta\u0165 viac &raquo;<span class=\"screen-reader-text\">Ecodaily<\/span><\/a><\/p>\n","protected":false},"author":1,"featured_media":1294,"comment_status":"open","ping_status":"open","sticky":false,"template":"","format":"standard","meta":{"_uf_show_specific_survey":0,"_uf_disable_surveys":false,"neve_meta_sidebar":"","neve_meta_container":"","neve_meta_enable_content_width":"","neve_meta_content_width":0,"neve_meta_title_alignment":"","neve_meta_author_avatar":"","neve_post_elements_order":"","neve_meta_disable_header":"","neve_meta_disable_footer":"","neve_meta_disable_title":"","_themeisle_gutenberg_block_has_review":false,"footnotes":""},"categories":[3],"tags":[],"class_list":["post-1293","post","type-post","status-publish","format-standard","has-post-thumbnail","hentry","category-blog"],"yoast_head":"<!-- This site is optimized with the Yoast SEO plugin v27.4 - https:\/\/yoast.com\/product\/yoast-seo-wordpress\/ -->\n<title>Ecodaily |<\/title>\n<meta name=\"robots\" content=\"index, follow, max-snippet:-1, max-image-preview:large, max-video-preview:-1\" \/>\n<link rel=\"canonical\" href=\"https:\/\/www.youthforequality.sk\/index.php\/2019\/10\/21\/ecodaily\/\" \/>\n<meta property=\"og:locale\" content=\"sk_SK\" \/>\n<meta property=\"og:type\" content=\"article\" \/>\n<meta property=\"og:title\" content=\"Ecodaily |\" \/>\n<meta property=\"og:description\" content=\"Prv\u00e1 ot\u00e1zka, ktor\u00e1 v\u00e1m napadne, ke\u010f sa chyst\u00e1te na medzin\u00e1rodn\u00fa ml\u00e1de\u017en\u00edcku v\u00fdmenu, je \u201ekto s\u00fa t\u00ed \u013eudia, s ktor\u00fdmi sa stretnem?\u201c. Druh\u00e9 je \u201em\u00e1m svoju pe\u0148a\u017eenku, l\u00edstky a identifika\u010dn\u00e9 \u010d\u00edslo?\u201c. Va\u0161e z\u00e1\u017eitky formuj\u00fa to, \u010do kedy rob\u00edte, \u013eudia, s ktor\u00fdmi to rob\u00edte. Slovensk\u00fd t\u00edm tvorili Radka, M\u00e1ria, Eva, Peter a Pavol. Traja nov\u00e1\u010dikovia a jeden&hellip;&nbsp;\u010c\u00edta\u0165 viac &raquo;Ecodaily\" \/>\n<meta property=\"og:url\" content=\"https:\/\/www.youthforequality.sk\/index.php\/2019\/10\/21\/ecodaily\/\" \/>\n<meta property=\"article:publisher\" content=\"https:\/\/www.facebook.com\/yeslovakia\" \/>\n<meta property=\"article:published_time\" content=\"2019-10-21T10:00:35+00:00\" \/>\n<meta property=\"article:modified_time\" content=\"2021-04-12T18:36:16+00:00\" \/>\n<meta property=\"og:image\" content=\"https:\/\/www.youthforequality.sk\/wp-content\/uploads\/2020\/06\/Ecodaily-10.jpg\" \/>\n\t<meta property=\"og:image:width\" content=\"1080\" \/>\n\t<meta property=\"og:image:height\" content=\"716\" \/>\n\t<meta property=\"og:image:type\" content=\"image\/jpeg\" \/>\n<meta name=\"author\" content=\"Filip Ku\u017ema\" \/>\n<meta name=\"twitter:card\" content=\"summary_large_image\" \/>\n<meta name=\"twitter:label1\" content=\"Autor\" \/>\n\t<meta name=\"twitter:data1\" content=\"Filip Ku\u017ema\" \/>\n\t<meta name=\"twitter:label2\" content=\"Predpokladan\u00fd \u010das \u010d\u00edtania\" \/>\n\t<meta name=\"twitter:data2\" content=\"4 min\u00faty\" \/>\n<script type=\"application\/ld+json\" class=\"yoast-schema-graph\">{\"@context\":\"https:\\\/\\\/schema.org\",\"@graph\":[{\"@type\":\"Article\",\"@id\":\"https:\\\/\\\/www.youthforequality.sk\\\/index.php\\\/2019\\\/10\\\/21\\\/ecodaily\\\/#article\",\"isPartOf\":{\"@id\":\"https:\\\/\\\/www.youthforequality.sk\\\/index.php\\\/2019\\\/10\\\/21\\\/ecodaily\\\/\"},\"author\":{\"name\":\"Filip Ku\u017ema\",\"@id\":\"https:\\\/\\\/www.youthforequality.sk\\\/#\\\/schema\\\/person\\\/13a1342f9669c039035c15166bfaf7dd\"},\"headline\":\"Ecodaily\",\"datePublished\":\"2019-10-21T10:00:35+00:00\",\"dateModified\":\"2021-04-12T18:36:16+00:00\",\"mainEntityOfPage\":{\"@id\":\"https:\\\/\\\/www.youthforequality.sk\\\/index.php\\\/2019\\\/10\\\/21\\\/ecodaily\\\/\"},\"wordCount\":586,\"commentCount\":0,\"publisher\":{\"@id\":\"https:\\\/\\\/www.youthforequality.sk\\\/#organization\"},\"image\":{\"@id\":\"https:\\\/\\\/www.youthforequality.sk\\\/index.php\\\/2019\\\/10\\\/21\\\/ecodaily\\\/#primaryimage\"},\"thumbnailUrl\":\"https:\\\/\\\/www.youthforequality.sk\\\/wp-content\\\/uploads\\\/2020\\\/06\\\/Ecodaily-10.jpg\",\"articleSection\":[\"Blog\"],\"inLanguage\":\"sk-SK\",\"potentialAction\":[{\"@type\":\"CommentAction\",\"name\":\"Comment\",\"target\":[\"https:\\\/\\\/www.youthforequality.sk\\\/index.php\\\/2019\\\/10\\\/21\\\/ecodaily\\\/#respond\"]}]},{\"@type\":\"WebPage\",\"@id\":\"https:\\\/\\\/www.youthforequality.sk\\\/index.php\\\/2019\\\/10\\\/21\\\/ecodaily\\\/\",\"url\":\"https:\\\/\\\/www.youthforequality.sk\\\/index.php\\\/2019\\\/10\\\/21\\\/ecodaily\\\/\",\"name\":\"Ecodaily |\",\"isPartOf\":{\"@id\":\"https:\\\/\\\/www.youthforequality.sk\\\/#website\"},\"primaryImageOfPage\":{\"@id\":\"https:\\\/\\\/www.youthforequality.sk\\\/index.php\\\/2019\\\/10\\\/21\\\/ecodaily\\\/#primaryimage\"},\"image\":{\"@id\":\"https:\\\/\\\/www.youthforequality.sk\\\/index.php\\\/2019\\\/10\\\/21\\\/ecodaily\\\/#primaryimage\"},\"thumbnailUrl\":\"https:\\\/\\\/www.youthforequality.sk\\\/wp-content\\\/uploads\\\/2020\\\/06\\\/Ecodaily-10.jpg\",\"datePublished\":\"2019-10-21T10:00:35+00:00\",\"dateModified\":\"2021-04-12T18:36:16+00:00\",\"breadcrumb\":{\"@id\":\"https:\\\/\\\/www.youthforequality.sk\\\/index.php\\\/2019\\\/10\\\/21\\\/ecodaily\\\/#breadcrumb\"},\"inLanguage\":\"sk-SK\",\"potentialAction\":[{\"@type\":\"ReadAction\",\"target\":[\"https:\\\/\\\/www.youthforequality.sk\\\/index.php\\\/2019\\\/10\\\/21\\\/ecodaily\\\/\"]}]},{\"@type\":\"ImageObject\",\"inLanguage\":\"sk-SK\",\"@id\":\"https:\\\/\\\/www.youthforequality.sk\\\/index.php\\\/2019\\\/10\\\/21\\\/ecodaily\\\/#primaryimage\",\"url\":\"https:\\\/\\\/www.youthforequality.sk\\\/wp-content\\\/uploads\\\/2020\\\/06\\\/Ecodaily-10.jpg\",\"contentUrl\":\"https:\\\/\\\/www.youthforequality.sk\\\/wp-content\\\/uploads\\\/2020\\\/06\\\/Ecodaily-10.jpg\",\"width\":1080,\"height\":716},{\"@type\":\"BreadcrumbList\",\"@id\":\"https:\\\/\\\/www.youthforequality.sk\\\/index.php\\\/2019\\\/10\\\/21\\\/ecodaily\\\/#breadcrumb\",\"itemListElement\":[{\"@type\":\"ListItem\",\"position\":1,\"name\":\"Home\",\"item\":\"https:\\\/\\\/www.youthforequality.sk\\\/\"},{\"@type\":\"ListItem\",\"position\":2,\"name\":\"Ecodaily\"}]},{\"@type\":\"WebSite\",\"@id\":\"https:\\\/\\\/www.youthforequality.sk\\\/#website\",\"url\":\"https:\\\/\\\/www.youthforequality.sk\\\/\",\"name\":\"\",\"description\":\"\",\"publisher\":{\"@id\":\"https:\\\/\\\/www.youthforequality.sk\\\/#organization\"},\"potentialAction\":[{\"@type\":\"SearchAction\",\"target\":{\"@type\":\"EntryPoint\",\"urlTemplate\":\"https:\\\/\\\/www.youthforequality.sk\\\/?s={search_term_string}\"},\"query-input\":{\"@type\":\"PropertyValueSpecification\",\"valueRequired\":true,\"valueName\":\"search_term_string\"}}],\"inLanguage\":\"sk-SK\"},{\"@type\":\"Organization\",\"@id\":\"https:\\\/\\\/www.youthforequality.sk\\\/#organization\",\"name\":\"Youth for Equality\",\"url\":\"https:\\\/\\\/www.youthforequality.sk\\\/\",\"logo\":{\"@type\":\"ImageObject\",\"inLanguage\":\"sk-SK\",\"@id\":\"https:\\\/\\\/www.youthforequality.sk\\\/#\\\/schema\\\/logo\\\/image\\\/\",\"url\":\"https:\\\/\\\/www.youthforequality.sk\\\/wp-content\\\/uploads\\\/2021\\\/01\\\/vynovene-logo-nove-farby_modra-na-web.png\",\"contentUrl\":\"https:\\\/\\\/www.youthforequality.sk\\\/wp-content\\\/uploads\\\/2021\\\/01\\\/vynovene-logo-nove-farby_modra-na-web.png\",\"width\":1,\"height\":1,\"caption\":\"Youth for Equality\"},\"image\":{\"@id\":\"https:\\\/\\\/www.youthforequality.sk\\\/#\\\/schema\\\/logo\\\/image\\\/\"},\"sameAs\":[\"https:\\\/\\\/www.facebook.com\\\/yeslovakia\"]},{\"@type\":\"Person\",\"@id\":\"https:\\\/\\\/www.youthforequality.sk\\\/#\\\/schema\\\/person\\\/13a1342f9669c039035c15166bfaf7dd\",\"name\":\"Filip Ku\u017ema\",\"image\":{\"@type\":\"ImageObject\",\"inLanguage\":\"sk-SK\",\"@id\":\"https:\\\/\\\/secure.gravatar.com\\\/avatar\\\/5f16b953992f889ac33be959cbb81fab7225cec203e13cff27b25f35459dbc06?s=96&d=mm&r=g\",\"url\":\"https:\\\/\\\/secure.gravatar.com\\\/avatar\\\/5f16b953992f889ac33be959cbb81fab7225cec203e13cff27b25f35459dbc06?s=96&d=mm&r=g\",\"contentUrl\":\"https:\\\/\\\/secure.gravatar.com\\\/avatar\\\/5f16b953992f889ac33be959cbb81fab7225cec203e13cff27b25f35459dbc06?s=96&d=mm&r=g\",\"caption\":\"Filip Ku\u017ema\"},\"sameAs\":[\"https:\\\/\\\/www.youthforequality.sk\"],\"url\":\"https:\\\/\\\/www.youthforequality.sk\\\/index.php\\\/author\\\/filkuz\\\/\"}]}<\/script>\n<!-- \/ Yoast SEO plugin. -->","yoast_head_json":{"title":"Ecodaily |","robots":{"index":"index","follow":"follow","max-snippet":"max-snippet:-1","max-image-preview":"max-image-preview:large","max-video-preview":"max-video-preview:-1"},"canonical":"https:\/\/www.youthforequality.sk\/index.php\/2019\/10\/21\/ecodaily\/","og_locale":"sk_SK","og_type":"article","og_title":"Ecodaily |","og_description":"Prv\u00e1 ot\u00e1zka, ktor\u00e1 v\u00e1m napadne, ke\u010f sa chyst\u00e1te na medzin\u00e1rodn\u00fa ml\u00e1de\u017en\u00edcku v\u00fdmenu, je \u201ekto s\u00fa t\u00ed \u013eudia, s ktor\u00fdmi sa stretnem?\u201c. Druh\u00e9 je \u201em\u00e1m svoju pe\u0148a\u017eenku, l\u00edstky a identifika\u010dn\u00e9 \u010d\u00edslo?\u201c. Va\u0161e z\u00e1\u017eitky formuj\u00fa to, \u010do kedy rob\u00edte, \u013eudia, s ktor\u00fdmi to rob\u00edte. Slovensk\u00fd t\u00edm tvorili Radka, M\u00e1ria, Eva, Peter a Pavol. Traja nov\u00e1\u010dikovia a jeden&hellip;&nbsp;\u010c\u00edta\u0165 viac &raquo;Ecodaily","og_url":"https:\/\/www.youthforequality.sk\/index.php\/2019\/10\/21\/ecodaily\/","article_publisher":"https:\/\/www.facebook.com\/yeslovakia","article_published_time":"2019-10-21T10:00:35+00:00","article_modified_time":"2021-04-12T18:36:16+00:00","og_image":[{"width":1080,"height":716,"url":"https:\/\/www.youthforequality.sk\/wp-content\/uploads\/2020\/06\/Ecodaily-10.jpg","type":"image\/jpeg"}],"author":"Filip Ku\u017ema","twitter_card":"summary_large_image","twitter_misc":{"Autor":"Filip Ku\u017ema","Predpokladan\u00fd \u010das \u010d\u00edtania":"4 min\u00faty"},"schema":{"@context":"https:\/\/schema.org","@graph":[{"@type":"Article","@id":"https:\/\/www.youthforequality.sk\/index.php\/2019\/10\/21\/ecodaily\/#article","isPartOf":{"@id":"https:\/\/www.youthforequality.sk\/index.php\/2019\/10\/21\/ecodaily\/"},"author":{"name":"Filip Ku\u017ema","@id":"https:\/\/www.youthforequality.sk\/#\/schema\/person\/13a1342f9669c039035c15166bfaf7dd"},"headline":"Ecodaily","datePublished":"2019-10-21T10:00:35+00:00","dateModified":"2021-04-12T18:36:16+00:00","mainEntityOfPage":{"@id":"https:\/\/www.youthforequality.sk\/index.php\/2019\/10\/21\/ecodaily\/"},"wordCount":586,"commentCount":0,"publisher":{"@id":"https:\/\/www.youthforequality.sk\/#organization"},"image":{"@id":"https:\/\/www.youthforequality.sk\/index.php\/2019\/10\/21\/ecodaily\/#primaryimage"},"thumbnailUrl":"https:\/\/www.youthforequality.sk\/wp-content\/uploads\/2020\/06\/Ecodaily-10.jpg","articleSection":["Blog"],"inLanguage":"sk-SK","potentialAction":[{"@type":"CommentAction","name":"Comment","target":["https:\/\/www.youthforequality.sk\/index.php\/2019\/10\/21\/ecodaily\/#respond"]}]},{"@type":"WebPage","@id":"https:\/\/www.youthforequality.sk\/index.php\/2019\/10\/21\/ecodaily\/","url":"https:\/\/www.youthforequality.sk\/index.php\/2019\/10\/21\/ecodaily\/","name":"Ecodaily |","isPartOf":{"@id":"https:\/\/www.youthforequality.sk\/#website"},"primaryImageOfPage":{"@id":"https:\/\/www.youthforequality.sk\/index.php\/2019\/10\/21\/ecodaily\/#primaryimage"},"image":{"@id":"https:\/\/www.youthforequality.sk\/index.php\/2019\/10\/21\/ecodaily\/#primaryimage"},"thumbnailUrl":"https:\/\/www.youthforequality.sk\/wp-content\/uploads\/2020\/06\/Ecodaily-10.jpg","datePublished":"2019-10-21T10:00:35+00:00","dateModified":"2021-04-12T18:36:16+00:00","breadcrumb":{"@id":"https:\/\/www.youthforequality.sk\/index.php\/2019\/10\/21\/ecodaily\/#breadcrumb"},"inLanguage":"sk-SK","potentialAction":[{"@type":"ReadAction","target":["https:\/\/www.youthforequality.sk\/index.php\/2019\/10\/21\/ecodaily\/"]}]},{"@type":"ImageObject","inLanguage":"sk-SK","@id":"https:\/\/www.youthforequality.sk\/index.php\/2019\/10\/21\/ecodaily\/#primaryimage","url":"https:\/\/www.youthforequality.sk\/wp-content\/uploads\/2020\/06\/Ecodaily-10.jpg","contentUrl":"https:\/\/www.youthforequality.sk\/wp-content\/uploads\/2020\/06\/Ecodaily-10.jpg","width":1080,"height":716},{"@type":"BreadcrumbList","@id":"https:\/\/www.youthforequality.sk\/index.php\/2019\/10\/21\/ecodaily\/#breadcrumb","itemListElement":[{"@type":"ListItem","position":1,"name":"Home","item":"https:\/\/www.youthforequality.sk\/"},{"@type":"ListItem","position":2,"name":"Ecodaily"}]},{"@type":"WebSite","@id":"https:\/\/www.youthforequality.sk\/#website","url":"https:\/\/www.youthforequality.sk\/","name":"","description":"","publisher":{"@id":"https:\/\/www.youthforequality.sk\/#organization"},"potentialAction":[{"@type":"SearchAction","target":{"@type":"EntryPoint","urlTemplate":"https:\/\/www.youthforequality.sk\/?s={search_term_string}"},"query-input":{"@type":"PropertyValueSpecification","valueRequired":true,"valueName":"search_term_string"}}],"inLanguage":"sk-SK"},{"@type":"Organization","@id":"https:\/\/www.youthforequality.sk\/#organization","name":"Youth for Equality","url":"https:\/\/www.youthforequality.sk\/","logo":{"@type":"ImageObject","inLanguage":"sk-SK","@id":"https:\/\/www.youthforequality.sk\/#\/schema\/logo\/image\/","url":"https:\/\/www.youthforequality.sk\/wp-content\/uploads\/2021\/01\/vynovene-logo-nove-farby_modra-na-web.png","contentUrl":"https:\/\/www.youthforequality.sk\/wp-content\/uploads\/2021\/01\/vynovene-logo-nove-farby_modra-na-web.png","width":1,"height":1,"caption":"Youth for Equality"},"image":{"@id":"https:\/\/www.youthforequality.sk\/#\/schema\/logo\/image\/"},"sameAs":["https:\/\/www.facebook.com\/yeslovakia"]},{"@type":"Person","@id":"https:\/\/www.youthforequality.sk\/#\/schema\/person\/13a1342f9669c039035c15166bfaf7dd","name":"Filip Ku\u017ema","image":{"@type":"ImageObject","inLanguage":"sk-SK","@id":"https:\/\/secure.gravatar.com\/avatar\/5f16b953992f889ac33be959cbb81fab7225cec203e13cff27b25f35459dbc06?s=96&d=mm&r=g","url":"https:\/\/secure.gravatar.com\/avatar\/5f16b953992f889ac33be959cbb81fab7225cec203e13cff27b25f35459dbc06?s=96&d=mm&r=g","contentUrl":"https:\/\/secure.gravatar.com\/avatar\/5f16b953992f889ac33be959cbb81fab7225cec203e13cff27b25f35459dbc06?s=96&d=mm&r=g","caption":"Filip Ku\u017ema"},"sameAs":["https:\/\/www.youthforequality.sk"],"url":"https:\/\/www.youthforequality.sk\/index.php\/author\/filkuz\/"}]}},"_links":{"self":[{"href":"https:\/\/www.youthforequality.sk\/index.php\/wp-json\/wp\/v2\/posts\/1293","targetHints":{"allow":["GET"]}}],"collection":[{"href":"https:\/\/www.youthforequality.sk\/index.php\/wp-json\/wp\/v2\/posts"}],"about":[{"href":"https:\/\/www.youthforequality.sk\/index.php\/wp-json\/wp\/v2\/types\/post"}],"author":[{"embeddable":true,"href":"https:\/\/www.youthforequality.sk\/index.php\/wp-json\/wp\/v2\/users\/1"}],"replies":[{"embeddable":true,"href":"https:\/\/www.youthforequality.sk\/index.php\/wp-json\/wp\/v2\/comments?post=1293"}],"version-history":[{"count":5,"href":"https:\/\/www.youthforequality.sk\/index.php\/wp-json\/wp\/v2\/posts\/1293\/revisions"}],"predecessor-version":[{"id":2878,"href":"https:\/\/www.youthforequality.sk\/index.php\/wp-json\/wp\/v2\/posts\/1293\/revisions\/2878"}],"wp:featuredmedia":[{"embeddable":true,"href":"https:\/\/www.youthforequality.sk\/index.php\/wp-json\/wp\/v2\/media\/1294"}],"wp:attachment":[{"href":"https:\/\/www.youthforequality.sk\/index.php\/wp-json\/wp\/v2\/media?parent=1293"}],"wp:term":[{"taxonomy":"category","embeddable":true,"href":"https:\/\/www.youthforequality.sk\/index.php\/wp-json\/wp\/v2\/categories?post=1293"},{"taxonomy":"post_tag","embeddable":true,"href":"https:\/\/www.youthforequality.sk\/index.php\/wp-json\/wp\/v2\/tags?post=1293"}],"curies":[{"name":"wp","href":"https:\/\/api.w.org\/{rel}","templated":true}]}}