{"id":1432,"date":"2019-11-18T10:00:55","date_gmt":"2019-11-18T10:00:55","guid":{"rendered":"https:\/\/www.youthforequality.sk\/index.php\/2020\/06\/24\/plan-an-idea-grow-a-business-copy\/"},"modified":"2021-04-12T20:23:14","modified_gmt":"2021-04-12T18:23:14","slug":"help-the-homeless","status":"publish","type":"post","link":"https:\/\/www.youthforequality.sk\/index.php\/2019\/11\/18\/help-the-homeless\/","title":{"rendered":"Help the Homeless"},"content":{"rendered":"\t\t<div data-elementor-type=\"wp-post\" data-elementor-id=\"1432\" class=\"elementor elementor-1432\">\n\t\t\t\t\t\t<section class=\"elementor-section elementor-top-section elementor-element elementor-element-76ef7012 elementor-section-boxed elementor-section-height-default elementor-section-height-default\" data-id=\"76ef7012\" data-element_type=\"section\" data-e-type=\"section\">\n\t\t\t\t\t\t<div class=\"elementor-container elementor-column-gap-default\">\n\t\t\t\t\t<div class=\"elementor-column elementor-col-100 elementor-top-column elementor-element elementor-element-2a983dfc\" data-id=\"2a983dfc\" data-element_type=\"column\" data-e-type=\"column\">\n\t\t\t<div class=\"elementor-widget-wrap elementor-element-populated\">\n\t\t\t\t\t\t<div class=\"elementor-element elementor-element-5a9dc9dd elementor-widget elementor-widget-text-editor\" data-id=\"5a9dc9dd\" data-element_type=\"widget\" data-e-type=\"widget\" data-widget_type=\"text-editor.default\">\n\t\t\t\t<div class=\"elementor-widget-container\">\n\t\t\t\t\t\t\t\t\t\n<p><span style=\"font-weight: 400;\">Probl\u00e9m bezdomovectva neust\u00e1le rastie nielen v Eur\u00f3pskej \u00fanii, ale aj v celom svete. Z tohto d\u00f4vodu sme sa z\u00fa\u010dastnili projektu Pom\u00f4\u017ete bezdomovcom, ktor\u00fd sa konal v Birminghame vo Ve\u013ekej Brit\u00e1nii.<\/span><\/p>\n<p>\u00a0<\/p>\n<p><span style=\"font-weight: 400;\">Po nam\u00e1havej ceste s mal\u00fdmi probl\u00e9mami sme sa nakoniec dostali do p\u00f4vabn\u00e9ho mesta Birmingham, kde n\u00e1s v\u00edtalo typick\u00e9 anglick\u00e9 po\u010dasie. Slovensk\u00fd t\u00edm tvorili Karin, na\u0161a \u0161armantn\u00e1 ved\u00faca skupiny, Lenka, Peter, Jakub, Michael a ja, Katka. Dychtivo sme sk\u00famali bl\u00edzke okolie a r\u00fdchlo sme sa zozn\u00e1mili s ostatn\u00fdmi \u00fa\u010dastn\u00edkmi e\u0161te sk\u00f4r, ako v\u00f4bec za\u010dali s energiz\u00e9rmi. Tejto ml\u00e1de\u017en\u00edckej v\u00fdmeny sa z\u00fa\u010dastnilo \u010fal\u0161\u00edch \u0161es\u0165 kraj\u00edn &#8211; Spojen\u00e9 kr\u00e1\u013eovstvo, Bulharsko, Gr\u00e9cko, Portugalsko, Litva a na\u0161i susedia z Po\u013eska. R\u00fdchlo sme sa stali priate\u013emi. Zd\u00e1 sa, \u017ee ka\u017ed\u00fd mal po konci prv\u00e9ho d\u0148a aspo\u0148 nieko\u013eko nov\u00fdch priate\u013eov. Potom nastal \u010das pusti\u0165 sa do podnikania, biznisu boli vzdel\u00e1vanie a workshopy zameran\u00e9 na \u0161\u00edrenie n\u00e1le\u017eit\u00fdch inform\u00e1ci\u00ed o bezdomovectve.<\/span><\/p>\n<p>\u00a0<\/p>\n<p><span style=\"font-weight: 400;\">Aktivity, ktor\u00e9 sme robili, boli napr\u00edklad predstavenie o bezdomovectve v na\u0161ich domovsk\u00fdch krajin\u00e1ch, roleplay o pr\u00ed\u010din\u00e1ch bezdomovectva, vytvorili sme dvoj t\u00fd\u017ed\u0148ov\u00fd pl\u00e1n fungovania hypotetickej organiz\u00e1cie pre bezdomovcov, po\u010d\u00favali sme mnoho osobn\u00fdch pr\u00edbehov a vydali sme sa na celodenn\u00fd v\u00fdlet do hlavn\u00e9ho mesta Lond\u00fdn, ktor\u00fd n\u00e1hodou pripadol na dev\u00e4tn\u00e1ste narodeniny Michaela.<\/span><\/p>\n<p>\u00a0<\/p>\n<p><span style=\"font-weight: 400;\">Na rad pri\u0161iel n\u00e1\u0161 hlavn\u00fd projekt, video o r\u00f4znych t\u00e9mach dot\u00fdkaj\u00facich sa bezdomovectva. Boli sme rozdelen\u00ed do mal\u00fdch skup\u00edn pod\u013ea toho, \u010do n\u00e1s na tejto t\u00e9me zauj\u00edmalo. Niektor\u00ed z n\u00e1s sa i\u0161li porozpr\u00e1va\u0165 s bezdomovcami, vypo\u010duli si ich \u017eivotn\u00e9 pr\u00edbehy, niektor\u00ed zaujali umeleckej\u0161\u00ed pr\u00edstup a vyrozpr\u00e1vali pr\u00edbeb bezdomovectva prostredn\u00edctvom hudby a niektor\u00ed prerozpr\u00e1vali pr\u00edbehy \u010fal\u0161\u00edch \u013eud\u00ed bez domova.<\/span><\/p>\n<p>\u00a0<\/p>\n<p><span style=\"font-weight: 400;\">Na konci projektu sme z\u00edskali vedomosti o bezdomovectve, prech\u00e1dzali sme centrom mesta Birmingham dokola, ochutn\u00e1vali vynikaj\u00facu anglick\u00fa kuchy\u0148u, hlavne chlieb vo v\u0161etk\u00fdch tvaroch a podob\u00e1ch na ra\u0148ajky a obed, podnikli sme nieko\u013eko \u00fatokov na miestny Poundland a Primark a nadviazali sme aj nov\u00e9 priate\u013estv\u00e1, ktor\u00e9, d\u00fafam bud\u00fa dlhodob\u00e9 a \u017ee sa niekedy e\u0161te stretneme na niektor\u00fdch \u010fal\u0161\u00edch projektoch.\u00a0<\/span><\/p>\n<p><span style=\"font-weight: 400;\">Vyjadrujeme ve\u013ek\u00fa v\u010faku za t\u00fato pr\u00edle\u017eitos\u0165 a chceme sa po\u010fakova\u0165 v\u0161etk\u00fdm organiz\u00e1torom, sprostredkovate\u013eom a v neposlednom rade v\u0161etk\u00fdm z\u00fa\u010dastnen\u00fdm.<\/span><\/p>\n<p>\u00a0<\/p>\n<p><span style=\"font-weight: 400;\">Katka<\/span><\/p>\n<p>\u00a0<\/p>\n\n<p><a href=\"https:\/\/www.youtube.com\/watch?v=9PJPCnGJGkQ&amp;list=PLxIzCZ7jqR9O3EGs70SnUrnZzksGFSlAr&amp;index=19&amp;t=0s&amp;fbclid=IwAR2ewgsyMltn8BAofR-WsRCQz7UFEl0CVboxr6k2iEttDlttdSVrO_sERSU\">VIDEO\u00a0<\/a><\/p>\n\n<div class=\"wp-block-coblocks-gallery-carousel\">\n<div class=\"is-cropped coblocks-gallery has-no-alignment has-caption-style-dark has-horizontal-gutter\">\n<div class=\"has-carousel has-carousel-lrg\" style=\"height: 400px;\" draggable=\"\" data-flickity=\"{\">\n<div class=\"coblocks-gallery--item\">\n<figure class=\"coblocks-gallery--figure has-margin-left-5 has-margin-left-mobile-5 has-margin-right-5 has-margin-right-mobile-5\"><img fetchpriority=\"high\" decoding=\"async\" width=\"960\" height=\"720\" class=\"wp-image-1436\" src=\"https:\/\/www.youthforequality.sk\/wp-content\/uploads\/2020\/06\/Homeless-1-1.jpg\" alt=\"\" data-id=\"1436\" data-link=\"https:\/\/www.youthforequality.sk\/index.php\/2020\/06\/24\/plan-an-idea-grow-a-business-copy\/homeless-1-1\/\" srcset=\"https:\/\/www.youthforequality.sk\/wp-content\/uploads\/2020\/06\/Homeless-1-1.jpg 960w, https:\/\/www.youthforequality.sk\/wp-content\/uploads\/2020\/06\/Homeless-1-1-300x225.jpg 300w, https:\/\/www.youthforequality.sk\/wp-content\/uploads\/2020\/06\/Homeless-1-1-768x576.jpg 768w, https:\/\/www.youthforequality.sk\/wp-content\/uploads\/2020\/06\/Homeless-1-1-540x405.jpg 540w\" sizes=\"(max-width: 960px) 100vw, 960px\" \/><\/figure>\n<\/div>\n<div class=\"coblocks-gallery--item\">\n<figure class=\"coblocks-gallery--figure has-margin-left-5 has-margin-left-mobile-5 has-margin-right-5 has-margin-right-mobile-5\"><img decoding=\"async\" width=\"960\" height=\"720\" class=\"wp-image-1438\" src=\"https:\/\/www.youthforequality.sk\/wp-content\/uploads\/2020\/06\/Homeless-2-1.jpg\" alt=\"\" data-id=\"1438\" data-link=\"https:\/\/www.youthforequality.sk\/index.php\/2020\/06\/24\/plan-an-idea-grow-a-business-copy\/homeless-2-1\/\" srcset=\"https:\/\/www.youthforequality.sk\/wp-content\/uploads\/2020\/06\/Homeless-2-1.jpg 960w, https:\/\/www.youthforequality.sk\/wp-content\/uploads\/2020\/06\/Homeless-2-1-300x225.jpg 300w, https:\/\/www.youthforequality.sk\/wp-content\/uploads\/2020\/06\/Homeless-2-1-768x576.jpg 768w, https:\/\/www.youthforequality.sk\/wp-content\/uploads\/2020\/06\/Homeless-2-1-540x405.jpg 540w\" sizes=\"(max-width: 960px) 100vw, 960px\" \/><\/figure>\n<\/div>\n<div class=\"coblocks-gallery--item\">\n<figure class=\"coblocks-gallery--figure has-margin-left-5 has-margin-left-mobile-5 has-margin-right-5 has-margin-right-mobile-5\"><img decoding=\"async\" width=\"768\" height=\"1024\" class=\"wp-image-1440\" src=\"https:\/\/www.youthforequality.sk\/wp-content\/uploads\/2020\/06\/Homeless-3-1.jpg\" alt=\"\" data-id=\"1440\" data-link=\"https:\/\/www.youthforequality.sk\/index.php\/2020\/06\/24\/plan-an-idea-grow-a-business-copy\/homeless-3-1\/\" srcset=\"https:\/\/www.youthforequality.sk\/wp-content\/uploads\/2020\/06\/Homeless-3-1.jpg 768w, https:\/\/www.youthforequality.sk\/wp-content\/uploads\/2020\/06\/Homeless-3-1-225x300.jpg 225w, https:\/\/www.youthforequality.sk\/wp-content\/uploads\/2020\/06\/Homeless-3-1-540x720.jpg 540w\" sizes=\"(max-width: 768px) 100vw, 768px\" \/><\/figure>\n<\/div>\n<div class=\"coblocks-gallery--item\">\n<figure class=\"coblocks-gallery--figure has-margin-left-5 has-margin-left-mobile-5 has-margin-right-5 has-margin-right-mobile-5\"><img loading=\"lazy\" decoding=\"async\" width=\"1024\" height=\"768\" class=\"wp-image-1442\" src=\"https:\/\/www.youthforequality.sk\/wp-content\/uploads\/2020\/06\/Homeless-4-1.jpg\" alt=\"\" data-id=\"1442\" data-link=\"https:\/\/www.youthforequality.sk\/index.php\/2020\/06\/24\/plan-an-idea-grow-a-business-copy\/homeless-4-1\/\" srcset=\"https:\/\/www.youthforequality.sk\/wp-content\/uploads\/2020\/06\/Homeless-4-1.jpg 1024w, https:\/\/www.youthforequality.sk\/wp-content\/uploads\/2020\/06\/Homeless-4-1-300x225.jpg 300w, https:\/\/www.youthforequality.sk\/wp-content\/uploads\/2020\/06\/Homeless-4-1-768x576.jpg 768w, https:\/\/www.youthforequality.sk\/wp-content\/uploads\/2020\/06\/Homeless-4-1-540x405.jpg 540w\" sizes=\"(max-width: 1024px) 100vw, 1024px\" \/><\/figure>\n<\/div>\n<div class=\"coblocks-gallery--item\">\n<figure class=\"coblocks-gallery--figure has-margin-left-5 has-margin-left-mobile-5 has-margin-right-5 has-margin-right-mobile-5\"><img loading=\"lazy\" decoding=\"async\" width=\"1024\" height=\"768\" class=\"wp-image-1444\" src=\"https:\/\/www.youthforequality.sk\/wp-content\/uploads\/2020\/06\/Homeless-5-1-1024x768.jpg\" alt=\"\" data-id=\"1444\" data-link=\"https:\/\/www.youthforequality.sk\/index.php\/2020\/06\/24\/plan-an-idea-grow-a-business-copy\/homeless-5-1\/\" srcset=\"https:\/\/www.youthforequality.sk\/wp-content\/uploads\/2020\/06\/Homeless-5-1-1024x768.jpg 1024w, https:\/\/www.youthforequality.sk\/wp-content\/uploads\/2020\/06\/Homeless-5-1-300x225.jpg 300w, https:\/\/www.youthforequality.sk\/wp-content\/uploads\/2020\/06\/Homeless-5-1-768x576.jpg 768w, https:\/\/www.youthforequality.sk\/wp-content\/uploads\/2020\/06\/Homeless-5-1-1536x1152.jpg 1536w, https:\/\/www.youthforequality.sk\/wp-content\/uploads\/2020\/06\/Homeless-5-1-540x405.jpg 540w, https:\/\/www.youthforequality.sk\/wp-content\/uploads\/2020\/06\/Homeless-5-1-1080x810.jpg 1080w, https:\/\/www.youthforequality.sk\/wp-content\/uploads\/2020\/06\/Homeless-5-1.jpg 1920w\" sizes=\"(max-width: 1024px) 100vw, 1024px\" \/><\/figure>\n<\/div>\n<div class=\"coblocks-gallery--item\">\n<figure class=\"coblocks-gallery--figure has-margin-left-5 has-margin-left-mobile-5 has-margin-right-5 has-margin-right-mobile-5\"><img loading=\"lazy\" decoding=\"async\" width=\"1024\" height=\"768\" class=\"wp-image-1446\" src=\"https:\/\/www.youthforequality.sk\/wp-content\/uploads\/2020\/06\/Homeless-6-1.jpg\" alt=\"\" data-id=\"1446\" data-link=\"https:\/\/www.youthforequality.sk\/index.php\/2020\/06\/24\/plan-an-idea-grow-a-business-copy\/homeless-6-1\/\" srcset=\"https:\/\/www.youthforequality.sk\/wp-content\/uploads\/2020\/06\/Homeless-6-1.jpg 1024w, https:\/\/www.youthforequality.sk\/wp-content\/uploads\/2020\/06\/Homeless-6-1-300x225.jpg 300w, https:\/\/www.youthforequality.sk\/wp-content\/uploads\/2020\/06\/Homeless-6-1-768x576.jpg 768w, https:\/\/www.youthforequality.sk\/wp-content\/uploads\/2020\/06\/Homeless-6-1-540x405.jpg 540w\" sizes=\"(max-width: 1024px) 100vw, 1024px\" \/><\/figure>\n<\/div>\n<div class=\"coblocks-gallery--item\">\n<figure class=\"coblocks-gallery--figure has-margin-left-5 has-margin-left-mobile-5 has-margin-right-5 has-margin-right-mobile-5\"><img loading=\"lazy\" decoding=\"async\" width=\"1024\" height=\"768\" class=\"wp-image-1448\" src=\"https:\/\/www.youthforequality.sk\/wp-content\/uploads\/2020\/06\/Homeless-7-1.jpg\" alt=\"\" data-id=\"1448\" data-link=\"https:\/\/www.youthforequality.sk\/index.php\/2020\/06\/24\/plan-an-idea-grow-a-business-copy\/homeless-7-1\/\" srcset=\"https:\/\/www.youthforequality.sk\/wp-content\/uploads\/2020\/06\/Homeless-7-1.jpg 1024w, https:\/\/www.youthforequality.sk\/wp-content\/uploads\/2020\/06\/Homeless-7-1-300x225.jpg 300w, https:\/\/www.youthforequality.sk\/wp-content\/uploads\/2020\/06\/Homeless-7-1-768x576.jpg 768w, https:\/\/www.youthforequality.sk\/wp-content\/uploads\/2020\/06\/Homeless-7-1-540x405.jpg 540w\" sizes=\"(max-width: 1024px) 100vw, 1024px\" \/><\/figure>\n<\/div>\n<div class=\"coblocks-gallery--item\">\n<figure class=\"coblocks-gallery--figure has-margin-left-5 has-margin-left-mobile-5 has-margin-right-5 has-margin-right-mobile-5\"><img loading=\"lazy\" decoding=\"async\" width=\"1024\" height=\"768\" class=\"wp-image-1450\" src=\"https:\/\/www.youthforequality.sk\/wp-content\/uploads\/2020\/06\/Homeless-8-1.jpg\" alt=\"\" data-id=\"1450\" data-link=\"https:\/\/www.youthforequality.sk\/index.php\/2020\/06\/24\/plan-an-idea-grow-a-business-copy\/homeless-8-1\/\" srcset=\"https:\/\/www.youthforequality.sk\/wp-content\/uploads\/2020\/06\/Homeless-8-1.jpg 1024w, https:\/\/www.youthforequality.sk\/wp-content\/uploads\/2020\/06\/Homeless-8-1-300x225.jpg 300w, https:\/\/www.youthforequality.sk\/wp-content\/uploads\/2020\/06\/Homeless-8-1-768x576.jpg 768w, https:\/\/www.youthforequality.sk\/wp-content\/uploads\/2020\/06\/Homeless-8-1-540x405.jpg 540w\" sizes=\"(max-width: 1024px) 100vw, 1024px\" \/><\/figure>\n<\/div>\n<div class=\"coblocks-gallery--item\">\n<figure class=\"coblocks-gallery--figure has-margin-left-5 has-margin-left-mobile-5 has-margin-right-5 has-margin-right-mobile-5\"><img loading=\"lazy\" decoding=\"async\" width=\"960\" height=\"502\" class=\"wp-image-1452\" src=\"https:\/\/www.youthforequality.sk\/wp-content\/uploads\/2020\/06\/Homeless-9-1.jpg\" alt=\"\" data-id=\"1452\" data-link=\"https:\/\/www.youthforequality.sk\/index.php\/2020\/06\/24\/plan-an-idea-grow-a-business-copy\/homeless-9-1\/\" srcset=\"https:\/\/www.youthforequality.sk\/wp-content\/uploads\/2020\/06\/Homeless-9-1.jpg 960w, https:\/\/www.youthforequality.sk\/wp-content\/uploads\/2020\/06\/Homeless-9-1-300x157.jpg 300w, https:\/\/www.youthforequality.sk\/wp-content\/uploads\/2020\/06\/Homeless-9-1-768x402.jpg 768w, https:\/\/www.youthforequality.sk\/wp-content\/uploads\/2020\/06\/Homeless-9-1-540x282.jpg 540w\" sizes=\"(max-width: 960px) 100vw, 960px\" \/><\/figure>\n<\/div>\n<\/div>\n<\/div>\n<\/div>\n\t\t\t\t\t\t\t\t<\/div>\n\t\t\t\t<\/div>\n\t\t\t\t\t<\/div>\n\t\t<\/div>\n\t\t\t\t\t<\/div>\n\t\t<\/section>\n\t\t\t\t<\/div>\n\t\t","protected":false},"excerpt":{"rendered":"<p>Probl\u00e9m bezdomovectva neust\u00e1le rastie nielen v Eur\u00f3pskej \u00fanii, ale aj v celom svete. Z tohto d\u00f4vodu sme sa z\u00fa\u010dastnili projektu Pom\u00f4\u017ete bezdomovcom, ktor\u00fd sa konal v Birminghame vo Ve\u013ekej Brit\u00e1nii. \u00a0 Po nam\u00e1havej ceste s mal\u00fdmi probl\u00e9mami sme sa nakoniec dostali do p\u00f4vabn\u00e9ho mesta Birmingham, kde n\u00e1s v\u00edtalo typick\u00e9 anglick\u00e9 po\u010dasie. Slovensk\u00fd t\u00edm tvorili Karin,&hellip;&nbsp;<a href=\"https:\/\/www.youthforequality.sk\/index.php\/2019\/11\/18\/help-the-homeless\/\" class=\"\" rel=\"bookmark\">\u010c\u00edta\u0165 viac &raquo;<span class=\"screen-reader-text\">Help the Homeless<\/span><\/a><\/p>\n","protected":false},"author":1,"featured_media":1434,"comment_status":"open","ping_status":"open","sticky":false,"template":"","format":"standard","meta":{"_uf_show_specific_survey":0,"_uf_disable_surveys":false,"neve_meta_sidebar":"","neve_meta_container":"","neve_meta_enable_content_width":"","neve_meta_content_width":0,"neve_meta_title_alignment":"","neve_meta_author_avatar":"","neve_post_elements_order":"","neve_meta_disable_header":"","neve_meta_disable_footer":"","neve_meta_disable_title":"","_themeisle_gutenberg_block_has_review":false,"footnotes":""},"categories":[3],"tags":[],"class_list":["post-1432","post","type-post","status-publish","format-standard","has-post-thumbnail","hentry","category-blog"],"yoast_head":"<!-- This site is optimized with the Yoast SEO plugin v27.4 - https:\/\/yoast.com\/product\/yoast-seo-wordpress\/ -->\n<title>Help the Homeless |<\/title>\n<meta name=\"robots\" content=\"index, follow, max-snippet:-1, max-image-preview:large, max-video-preview:-1\" \/>\n<link rel=\"canonical\" href=\"https:\/\/www.youthforequality.sk\/index.php\/2019\/11\/18\/help-the-homeless\/\" \/>\n<meta property=\"og:locale\" content=\"sk_SK\" \/>\n<meta property=\"og:type\" content=\"article\" \/>\n<meta property=\"og:title\" content=\"Help the Homeless |\" \/>\n<meta property=\"og:description\" content=\"Probl\u00e9m bezdomovectva neust\u00e1le rastie nielen v Eur\u00f3pskej \u00fanii, ale aj v celom svete. Z tohto d\u00f4vodu sme sa z\u00fa\u010dastnili projektu Pom\u00f4\u017ete bezdomovcom, ktor\u00fd sa konal v Birminghame vo Ve\u013ekej Brit\u00e1nii. \u00a0 Po nam\u00e1havej ceste s mal\u00fdmi probl\u00e9mami sme sa nakoniec dostali do p\u00f4vabn\u00e9ho mesta Birmingham, kde n\u00e1s v\u00edtalo typick\u00e9 anglick\u00e9 po\u010dasie. Slovensk\u00fd t\u00edm tvorili Karin,&hellip;&nbsp;\u010c\u00edta\u0165 viac &raquo;Help the Homeless\" \/>\n<meta property=\"og:url\" content=\"https:\/\/www.youthforequality.sk\/index.php\/2019\/11\/18\/help-the-homeless\/\" \/>\n<meta property=\"article:publisher\" content=\"https:\/\/www.facebook.com\/yeslovakia\" \/>\n<meta property=\"article:published_time\" content=\"2019-11-18T10:00:55+00:00\" \/>\n<meta property=\"article:modified_time\" content=\"2021-04-12T18:23:14+00:00\" \/>\n<meta property=\"og:image\" content=\"https:\/\/www.youthforequality.sk\/wp-content\/uploads\/2020\/06\/Homeless-10.jpg\" \/>\n\t<meta property=\"og:image:width\" content=\"960\" \/>\n\t<meta property=\"og:image:height\" content=\"466\" \/>\n\t<meta property=\"og:image:type\" content=\"image\/jpeg\" \/>\n<meta name=\"author\" content=\"Filip Ku\u017ema\" \/>\n<meta name=\"twitter:card\" content=\"summary_large_image\" \/>\n<meta name=\"twitter:label1\" content=\"Autor\" \/>\n\t<meta name=\"twitter:data1\" content=\"Filip Ku\u017ema\" \/>\n\t<meta name=\"twitter:label2\" content=\"Predpokladan\u00fd \u010das \u010d\u00edtania\" \/>\n\t<meta name=\"twitter:data2\" content=\"4 min\u00faty\" \/>\n<script type=\"application\/ld+json\" class=\"yoast-schema-graph\">{\"@context\":\"https:\\\/\\\/schema.org\",\"@graph\":[{\"@type\":\"Article\",\"@id\":\"https:\\\/\\\/www.youthforequality.sk\\\/index.php\\\/2019\\\/11\\\/18\\\/help-the-homeless\\\/#article\",\"isPartOf\":{\"@id\":\"https:\\\/\\\/www.youthforequality.sk\\\/index.php\\\/2019\\\/11\\\/18\\\/help-the-homeless\\\/\"},\"author\":{\"name\":\"Filip Ku\u017ema\",\"@id\":\"https:\\\/\\\/www.youthforequality.sk\\\/#\\\/schema\\\/person\\\/13a1342f9669c039035c15166bfaf7dd\"},\"headline\":\"Help the Homeless\",\"datePublished\":\"2019-11-18T10:00:55+00:00\",\"dateModified\":\"2021-04-12T18:23:14+00:00\",\"mainEntityOfPage\":{\"@id\":\"https:\\\/\\\/www.youthforequality.sk\\\/index.php\\\/2019\\\/11\\\/18\\\/help-the-homeless\\\/\"},\"wordCount\":458,\"commentCount\":0,\"publisher\":{\"@id\":\"https:\\\/\\\/www.youthforequality.sk\\\/#organization\"},\"image\":{\"@id\":\"https:\\\/\\\/www.youthforequality.sk\\\/index.php\\\/2019\\\/11\\\/18\\\/help-the-homeless\\\/#primaryimage\"},\"thumbnailUrl\":\"https:\\\/\\\/www.youthforequality.sk\\\/wp-content\\\/uploads\\\/2020\\\/06\\\/Homeless-10.jpg\",\"articleSection\":[\"Blog\"],\"inLanguage\":\"sk-SK\",\"potentialAction\":[{\"@type\":\"CommentAction\",\"name\":\"Comment\",\"target\":[\"https:\\\/\\\/www.youthforequality.sk\\\/index.php\\\/2019\\\/11\\\/18\\\/help-the-homeless\\\/#respond\"]}]},{\"@type\":\"WebPage\",\"@id\":\"https:\\\/\\\/www.youthforequality.sk\\\/index.php\\\/2019\\\/11\\\/18\\\/help-the-homeless\\\/\",\"url\":\"https:\\\/\\\/www.youthforequality.sk\\\/index.php\\\/2019\\\/11\\\/18\\\/help-the-homeless\\\/\",\"name\":\"Help the Homeless |\",\"isPartOf\":{\"@id\":\"https:\\\/\\\/www.youthforequality.sk\\\/#website\"},\"primaryImageOfPage\":{\"@id\":\"https:\\\/\\\/www.youthforequality.sk\\\/index.php\\\/2019\\\/11\\\/18\\\/help-the-homeless\\\/#primaryimage\"},\"image\":{\"@id\":\"https:\\\/\\\/www.youthforequality.sk\\\/index.php\\\/2019\\\/11\\\/18\\\/help-the-homeless\\\/#primaryimage\"},\"thumbnailUrl\":\"https:\\\/\\\/www.youthforequality.sk\\\/wp-content\\\/uploads\\\/2020\\\/06\\\/Homeless-10.jpg\",\"datePublished\":\"2019-11-18T10:00:55+00:00\",\"dateModified\":\"2021-04-12T18:23:14+00:00\",\"breadcrumb\":{\"@id\":\"https:\\\/\\\/www.youthforequality.sk\\\/index.php\\\/2019\\\/11\\\/18\\\/help-the-homeless\\\/#breadcrumb\"},\"inLanguage\":\"sk-SK\",\"potentialAction\":[{\"@type\":\"ReadAction\",\"target\":[\"https:\\\/\\\/www.youthforequality.sk\\\/index.php\\\/2019\\\/11\\\/18\\\/help-the-homeless\\\/\"]}]},{\"@type\":\"ImageObject\",\"inLanguage\":\"sk-SK\",\"@id\":\"https:\\\/\\\/www.youthforequality.sk\\\/index.php\\\/2019\\\/11\\\/18\\\/help-the-homeless\\\/#primaryimage\",\"url\":\"https:\\\/\\\/www.youthforequality.sk\\\/wp-content\\\/uploads\\\/2020\\\/06\\\/Homeless-10.jpg\",\"contentUrl\":\"https:\\\/\\\/www.youthforequality.sk\\\/wp-content\\\/uploads\\\/2020\\\/06\\\/Homeless-10.jpg\",\"width\":960,\"height\":466},{\"@type\":\"BreadcrumbList\",\"@id\":\"https:\\\/\\\/www.youthforequality.sk\\\/index.php\\\/2019\\\/11\\\/18\\\/help-the-homeless\\\/#breadcrumb\",\"itemListElement\":[{\"@type\":\"ListItem\",\"position\":1,\"name\":\"Home\",\"item\":\"https:\\\/\\\/www.youthforequality.sk\\\/\"},{\"@type\":\"ListItem\",\"position\":2,\"name\":\"Help the Homeless\"}]},{\"@type\":\"WebSite\",\"@id\":\"https:\\\/\\\/www.youthforequality.sk\\\/#website\",\"url\":\"https:\\\/\\\/www.youthforequality.sk\\\/\",\"name\":\"\",\"description\":\"\",\"publisher\":{\"@id\":\"https:\\\/\\\/www.youthforequality.sk\\\/#organization\"},\"potentialAction\":[{\"@type\":\"SearchAction\",\"target\":{\"@type\":\"EntryPoint\",\"urlTemplate\":\"https:\\\/\\\/www.youthforequality.sk\\\/?s={search_term_string}\"},\"query-input\":{\"@type\":\"PropertyValueSpecification\",\"valueRequired\":true,\"valueName\":\"search_term_string\"}}],\"inLanguage\":\"sk-SK\"},{\"@type\":\"Organization\",\"@id\":\"https:\\\/\\\/www.youthforequality.sk\\\/#organization\",\"name\":\"Youth for Equality\",\"url\":\"https:\\\/\\\/www.youthforequality.sk\\\/\",\"logo\":{\"@type\":\"ImageObject\",\"inLanguage\":\"sk-SK\",\"@id\":\"https:\\\/\\\/www.youthforequality.sk\\\/#\\\/schema\\\/logo\\\/image\\\/\",\"url\":\"https:\\\/\\\/www.youthforequality.sk\\\/wp-content\\\/uploads\\\/2021\\\/01\\\/vynovene-logo-nove-farby_modra-na-web.png\",\"contentUrl\":\"https:\\\/\\\/www.youthforequality.sk\\\/wp-content\\\/uploads\\\/2021\\\/01\\\/vynovene-logo-nove-farby_modra-na-web.png\",\"width\":1,\"height\":1,\"caption\":\"Youth for Equality\"},\"image\":{\"@id\":\"https:\\\/\\\/www.youthforequality.sk\\\/#\\\/schema\\\/logo\\\/image\\\/\"},\"sameAs\":[\"https:\\\/\\\/www.facebook.com\\\/yeslovakia\"]},{\"@type\":\"Person\",\"@id\":\"https:\\\/\\\/www.youthforequality.sk\\\/#\\\/schema\\\/person\\\/13a1342f9669c039035c15166bfaf7dd\",\"name\":\"Filip Ku\u017ema\",\"image\":{\"@type\":\"ImageObject\",\"inLanguage\":\"sk-SK\",\"@id\":\"https:\\\/\\\/secure.gravatar.com\\\/avatar\\\/5f16b953992f889ac33be959cbb81fab7225cec203e13cff27b25f35459dbc06?s=96&d=mm&r=g\",\"url\":\"https:\\\/\\\/secure.gravatar.com\\\/avatar\\\/5f16b953992f889ac33be959cbb81fab7225cec203e13cff27b25f35459dbc06?s=96&d=mm&r=g\",\"contentUrl\":\"https:\\\/\\\/secure.gravatar.com\\\/avatar\\\/5f16b953992f889ac33be959cbb81fab7225cec203e13cff27b25f35459dbc06?s=96&d=mm&r=g\",\"caption\":\"Filip Ku\u017ema\"},\"sameAs\":[\"https:\\\/\\\/www.youthforequality.sk\"],\"url\":\"https:\\\/\\\/www.youthforequality.sk\\\/index.php\\\/author\\\/filkuz\\\/\"}]}<\/script>\n<!-- \/ Yoast SEO plugin. -->","yoast_head_json":{"title":"Help the Homeless |","robots":{"index":"index","follow":"follow","max-snippet":"max-snippet:-1","max-image-preview":"max-image-preview:large","max-video-preview":"max-video-preview:-1"},"canonical":"https:\/\/www.youthforequality.sk\/index.php\/2019\/11\/18\/help-the-homeless\/","og_locale":"sk_SK","og_type":"article","og_title":"Help the Homeless |","og_description":"Probl\u00e9m bezdomovectva neust\u00e1le rastie nielen v Eur\u00f3pskej \u00fanii, ale aj v celom svete. Z tohto d\u00f4vodu sme sa z\u00fa\u010dastnili projektu Pom\u00f4\u017ete bezdomovcom, ktor\u00fd sa konal v Birminghame vo Ve\u013ekej Brit\u00e1nii. \u00a0 Po nam\u00e1havej ceste s mal\u00fdmi probl\u00e9mami sme sa nakoniec dostali do p\u00f4vabn\u00e9ho mesta Birmingham, kde n\u00e1s v\u00edtalo typick\u00e9 anglick\u00e9 po\u010dasie. Slovensk\u00fd t\u00edm tvorili Karin,&hellip;&nbsp;\u010c\u00edta\u0165 viac &raquo;Help the Homeless","og_url":"https:\/\/www.youthforequality.sk\/index.php\/2019\/11\/18\/help-the-homeless\/","article_publisher":"https:\/\/www.facebook.com\/yeslovakia","article_published_time":"2019-11-18T10:00:55+00:00","article_modified_time":"2021-04-12T18:23:14+00:00","og_image":[{"width":960,"height":466,"url":"https:\/\/www.youthforequality.sk\/wp-content\/uploads\/2020\/06\/Homeless-10.jpg","type":"image\/jpeg"}],"author":"Filip Ku\u017ema","twitter_card":"summary_large_image","twitter_misc":{"Autor":"Filip Ku\u017ema","Predpokladan\u00fd \u010das \u010d\u00edtania":"4 min\u00faty"},"schema":{"@context":"https:\/\/schema.org","@graph":[{"@type":"Article","@id":"https:\/\/www.youthforequality.sk\/index.php\/2019\/11\/18\/help-the-homeless\/#article","isPartOf":{"@id":"https:\/\/www.youthforequality.sk\/index.php\/2019\/11\/18\/help-the-homeless\/"},"author":{"name":"Filip Ku\u017ema","@id":"https:\/\/www.youthforequality.sk\/#\/schema\/person\/13a1342f9669c039035c15166bfaf7dd"},"headline":"Help the Homeless","datePublished":"2019-11-18T10:00:55+00:00","dateModified":"2021-04-12T18:23:14+00:00","mainEntityOfPage":{"@id":"https:\/\/www.youthforequality.sk\/index.php\/2019\/11\/18\/help-the-homeless\/"},"wordCount":458,"commentCount":0,"publisher":{"@id":"https:\/\/www.youthforequality.sk\/#organization"},"image":{"@id":"https:\/\/www.youthforequality.sk\/index.php\/2019\/11\/18\/help-the-homeless\/#primaryimage"},"thumbnailUrl":"https:\/\/www.youthforequality.sk\/wp-content\/uploads\/2020\/06\/Homeless-10.jpg","articleSection":["Blog"],"inLanguage":"sk-SK","potentialAction":[{"@type":"CommentAction","name":"Comment","target":["https:\/\/www.youthforequality.sk\/index.php\/2019\/11\/18\/help-the-homeless\/#respond"]}]},{"@type":"WebPage","@id":"https:\/\/www.youthforequality.sk\/index.php\/2019\/11\/18\/help-the-homeless\/","url":"https:\/\/www.youthforequality.sk\/index.php\/2019\/11\/18\/help-the-homeless\/","name":"Help the Homeless |","isPartOf":{"@id":"https:\/\/www.youthforequality.sk\/#website"},"primaryImageOfPage":{"@id":"https:\/\/www.youthforequality.sk\/index.php\/2019\/11\/18\/help-the-homeless\/#primaryimage"},"image":{"@id":"https:\/\/www.youthforequality.sk\/index.php\/2019\/11\/18\/help-the-homeless\/#primaryimage"},"thumbnailUrl":"https:\/\/www.youthforequality.sk\/wp-content\/uploads\/2020\/06\/Homeless-10.jpg","datePublished":"2019-11-18T10:00:55+00:00","dateModified":"2021-04-12T18:23:14+00:00","breadcrumb":{"@id":"https:\/\/www.youthforequality.sk\/index.php\/2019\/11\/18\/help-the-homeless\/#breadcrumb"},"inLanguage":"sk-SK","potentialAction":[{"@type":"ReadAction","target":["https:\/\/www.youthforequality.sk\/index.php\/2019\/11\/18\/help-the-homeless\/"]}]},{"@type":"ImageObject","inLanguage":"sk-SK","@id":"https:\/\/www.youthforequality.sk\/index.php\/2019\/11\/18\/help-the-homeless\/#primaryimage","url":"https:\/\/www.youthforequality.sk\/wp-content\/uploads\/2020\/06\/Homeless-10.jpg","contentUrl":"https:\/\/www.youthforequality.sk\/wp-content\/uploads\/2020\/06\/Homeless-10.jpg","width":960,"height":466},{"@type":"BreadcrumbList","@id":"https:\/\/www.youthforequality.sk\/index.php\/2019\/11\/18\/help-the-homeless\/#breadcrumb","itemListElement":[{"@type":"ListItem","position":1,"name":"Home","item":"https:\/\/www.youthforequality.sk\/"},{"@type":"ListItem","position":2,"name":"Help the Homeless"}]},{"@type":"WebSite","@id":"https:\/\/www.youthforequality.sk\/#website","url":"https:\/\/www.youthforequality.sk\/","name":"","description":"","publisher":{"@id":"https:\/\/www.youthforequality.sk\/#organization"},"potentialAction":[{"@type":"SearchAction","target":{"@type":"EntryPoint","urlTemplate":"https:\/\/www.youthforequality.sk\/?s={search_term_string}"},"query-input":{"@type":"PropertyValueSpecification","valueRequired":true,"valueName":"search_term_string"}}],"inLanguage":"sk-SK"},{"@type":"Organization","@id":"https:\/\/www.youthforequality.sk\/#organization","name":"Youth for Equality","url":"https:\/\/www.youthforequality.sk\/","logo":{"@type":"ImageObject","inLanguage":"sk-SK","@id":"https:\/\/www.youthforequality.sk\/#\/schema\/logo\/image\/","url":"https:\/\/www.youthforequality.sk\/wp-content\/uploads\/2021\/01\/vynovene-logo-nove-farby_modra-na-web.png","contentUrl":"https:\/\/www.youthforequality.sk\/wp-content\/uploads\/2021\/01\/vynovene-logo-nove-farby_modra-na-web.png","width":1,"height":1,"caption":"Youth for Equality"},"image":{"@id":"https:\/\/www.youthforequality.sk\/#\/schema\/logo\/image\/"},"sameAs":["https:\/\/www.facebook.com\/yeslovakia"]},{"@type":"Person","@id":"https:\/\/www.youthforequality.sk\/#\/schema\/person\/13a1342f9669c039035c15166bfaf7dd","name":"Filip Ku\u017ema","image":{"@type":"ImageObject","inLanguage":"sk-SK","@id":"https:\/\/secure.gravatar.com\/avatar\/5f16b953992f889ac33be959cbb81fab7225cec203e13cff27b25f35459dbc06?s=96&d=mm&r=g","url":"https:\/\/secure.gravatar.com\/avatar\/5f16b953992f889ac33be959cbb81fab7225cec203e13cff27b25f35459dbc06?s=96&d=mm&r=g","contentUrl":"https:\/\/secure.gravatar.com\/avatar\/5f16b953992f889ac33be959cbb81fab7225cec203e13cff27b25f35459dbc06?s=96&d=mm&r=g","caption":"Filip Ku\u017ema"},"sameAs":["https:\/\/www.youthforequality.sk"],"url":"https:\/\/www.youthforequality.sk\/index.php\/author\/filkuz\/"}]}},"_links":{"self":[{"href":"https:\/\/www.youthforequality.sk\/index.php\/wp-json\/wp\/v2\/posts\/1432","targetHints":{"allow":["GET"]}}],"collection":[{"href":"https:\/\/www.youthforequality.sk\/index.php\/wp-json\/wp\/v2\/posts"}],"about":[{"href":"https:\/\/www.youthforequality.sk\/index.php\/wp-json\/wp\/v2\/types\/post"}],"author":[{"embeddable":true,"href":"https:\/\/www.youthforequality.sk\/index.php\/wp-json\/wp\/v2\/users\/1"}],"replies":[{"embeddable":true,"href":"https:\/\/www.youthforequality.sk\/index.php\/wp-json\/wp\/v2\/comments?post=1432"}],"version-history":[{"count":5,"href":"https:\/\/www.youthforequality.sk\/index.php\/wp-json\/wp\/v2\/posts\/1432\/revisions"}],"predecessor-version":[{"id":2855,"href":"https:\/\/www.youthforequality.sk\/index.php\/wp-json\/wp\/v2\/posts\/1432\/revisions\/2855"}],"wp:featuredmedia":[{"embeddable":true,"href":"https:\/\/www.youthforequality.sk\/index.php\/wp-json\/wp\/v2\/media\/1434"}],"wp:attachment":[{"href":"https:\/\/www.youthforequality.sk\/index.php\/wp-json\/wp\/v2\/media?parent=1432"}],"wp:term":[{"taxonomy":"category","embeddable":true,"href":"https:\/\/www.youthforequality.sk\/index.php\/wp-json\/wp\/v2\/categories?post=1432"},{"taxonomy":"post_tag","embeddable":true,"href":"https:\/\/www.youthforequality.sk\/index.php\/wp-json\/wp\/v2\/tags?post=1432"}],"curies":[{"name":"wp","href":"https:\/\/api.w.org\/{rel}","templated":true}]}}