{"id":208,"date":"2020-02-28T10:00:00","date_gmt":"2020-02-28T10:00:00","guid":{"rendered":"https:\/\/www.youthforequality.sk\/?p=208"},"modified":"2021-05-17T21:52:43","modified_gmt":"2021-05-17T19:52:43","slug":"future-we-want-model-united-nations-fwwmun-2020-in-new-york-city","status":"publish","type":"post","link":"https:\/\/www.youthforequality.sk\/index.php\/2020\/02\/28\/future-we-want-model-united-nations-fwwmun-2020-in-new-york-city\/","title":{"rendered":"Future We Want Model United Nations (FWWMUN) 2020 in New York City"},"content":{"rendered":"\t\t<div data-elementor-type=\"wp-post\" data-elementor-id=\"208\" class=\"elementor elementor-208\">\n\t\t\t\t\t\t<section class=\"elementor-section elementor-top-section elementor-element elementor-element-1578a5c5 elementor-section-boxed elementor-section-height-default elementor-section-height-default\" data-id=\"1578a5c5\" data-element_type=\"section\" data-e-type=\"section\">\n\t\t\t\t\t\t<div class=\"elementor-container elementor-column-gap-default\">\n\t\t\t\t\t<div class=\"elementor-column elementor-col-100 elementor-top-column elementor-element elementor-element-31db6e72\" data-id=\"31db6e72\" data-element_type=\"column\" data-e-type=\"column\">\n\t\t\t<div class=\"elementor-widget-wrap elementor-element-populated\">\n\t\t\t\t\t\t<div class=\"elementor-element elementor-element-393851d4 elementor-widget elementor-widget-text-editor\" data-id=\"393851d4\" data-element_type=\"widget\" data-e-type=\"widget\" data-widget_type=\"text-editor.default\">\n\t\t\t\t<div class=\"elementor-widget-container\">\n\t\t\t\t\t\t\t\t\t<p><\/p>\n<p><span style=\"font-weight: 400;\">V d\u0148och 20. a\u017e 23. febru\u00e1ra 2020 sa na\u0161a \u010dlenka Martina Pitrovsk\u00e1 z\u00fa\u010dastnila najinkluz\u00edvnej\u0161ej a najrozmanitej\u0161ej konferencie na svete &#8211; The Future We Want Model United Nations (FWWMUN) priamo v New Yorku.<\/span><\/p>\n<p>\u00a0<\/p>\n<p><span style=\"font-weight: 400;\">Konferencia sa stala prvou svojho druhu, ktor\u00e1 zapojila ml\u00e1de\u017e do v\u0161etk\u00fdch 17 cie\u013eov udr\u017eate\u013en\u00e9ho rozvoja. FWWMUN spojila bud\u00face gener\u00e1cie l\u00eddrov zo v\u0161etk\u00fdch k\u00fatov sveta, aby z\u00edskali sk\u00fasenosti z medzin\u00e1rodn\u00fdch vz\u0165ahov z prvej ruky, pripravili vysokokvalitn\u00e9 rezol\u00facie zameran\u00e9 na uskuto\u010dnenie vysnenej udr\u017eate\u013enej bud\u00facnosti a predlo\u017eili tieto rezol\u00facie pr\u00edslu\u0161n\u00fdm agent\u00faram OSN a svetu vodcov na zv\u00e1\u017eenie. FWWMUN sa za\u010dal s\u00e9riou workshopov s predstavite\u013emi OSN a diplomatmi o zapojen\u00ed ml\u00e1de\u017ee do tohto projektu. Po\u010das pobytu dostali tie\u017e pr\u00edle\u017eitos\u0165 nav\u0161t\u00edvi\u0165 St\u00e1lu misiu Slovenskej republiky pri OSN a diskutova\u0165 o potrebe \u0161\u00edrenia v\u00fdznamu cie\u013eov trvalo udr\u017eate\u013en\u00e9ho rozvoja pre slovensk\u00fa ml\u00e1de\u017e. <\/span><\/p>\n<p><\/p>\n<figure class=\"wp-block-gallery aligncenter columns-3 is-cropped wp-block-gallery-2 is-layout-flex wp-block-gallery-is-layout-flex\">\n<ul class=\"blocks-gallery-grid\">\n<li class=\"blocks-gallery-item\">\n<figure><img fetchpriority=\"high\" decoding=\"async\" width=\"768\" height=\"1024\" class=\"wp-image-212\" src=\"https:\/\/www.youthforequality.sk\/wp-content\/uploads\/2020\/04\/FWWMUN-4-768x1024.jpg\" alt=\"\" data-id=\"212\" data-full-url=\"https:\/\/www.youthforequality.sk\/wp-content\/uploads\/2020\/04\/FWWMUN-4.jpg\" data-link=\"https:\/\/www.youthforequality.sk\/?attachment_id=212\" srcset=\"https:\/\/www.youthforequality.sk\/wp-content\/uploads\/2020\/04\/FWWMUN-4-768x1024.jpg 768w, https:\/\/www.youthforequality.sk\/wp-content\/uploads\/2020\/04\/FWWMUN-4-225x300.jpg 225w, https:\/\/www.youthforequality.sk\/wp-content\/uploads\/2020\/04\/FWWMUN-4-1152x1536.jpg 1152w, https:\/\/www.youthforequality.sk\/wp-content\/uploads\/2020\/04\/FWWMUN-4-540x720.jpg 540w, https:\/\/www.youthforequality.sk\/wp-content\/uploads\/2020\/04\/FWWMUN-4-1080x1440.jpg 1080w, https:\/\/www.youthforequality.sk\/wp-content\/uploads\/2020\/04\/FWWMUN-4.jpg 1200w\" sizes=\"(max-width: 768px) 100vw, 768px\" \/><\/figure>\n<\/li>\n<li class=\"blocks-gallery-item\">\n<figure><img decoding=\"async\" width=\"768\" height=\"1024\" class=\"wp-image-213\" src=\"https:\/\/www.youthforequality.sk\/wp-content\/uploads\/2020\/04\/FWWMUN-5-768x1024.jpg\" alt=\"\" data-id=\"213\" data-full-url=\"https:\/\/www.youthforequality.sk\/wp-content\/uploads\/2020\/04\/FWWMUN-5.jpg\" data-link=\"https:\/\/www.youthforequality.sk\/?attachment_id=213\" srcset=\"https:\/\/www.youthforequality.sk\/wp-content\/uploads\/2020\/04\/FWWMUN-5-768x1024.jpg 768w, https:\/\/www.youthforequality.sk\/wp-content\/uploads\/2020\/04\/FWWMUN-5-225x300.jpg 225w, https:\/\/www.youthforequality.sk\/wp-content\/uploads\/2020\/04\/FWWMUN-5-1152x1536.jpg 1152w, https:\/\/www.youthforequality.sk\/wp-content\/uploads\/2020\/04\/FWWMUN-5-540x720.jpg 540w, https:\/\/www.youthforequality.sk\/wp-content\/uploads\/2020\/04\/FWWMUN-5-1080x1440.jpg 1080w, https:\/\/www.youthforequality.sk\/wp-content\/uploads\/2020\/04\/FWWMUN-5.jpg 1200w\" sizes=\"(max-width: 768px) 100vw, 768px\" \/><\/figure>\n<\/li>\n<li class=\"blocks-gallery-item\">\n<figure><img decoding=\"async\" width=\"768\" height=\"1024\" class=\"wp-image-211\" src=\"https:\/\/www.youthforequality.sk\/wp-content\/uploads\/2020\/04\/FWWMUN-3-768x1024.jpg\" alt=\"\" data-id=\"211\" data-full-url=\"https:\/\/www.youthforequality.sk\/wp-content\/uploads\/2020\/04\/FWWMUN-3.jpg\" data-link=\"https:\/\/www.youthforequality.sk\/?attachment_id=211\" srcset=\"https:\/\/www.youthforequality.sk\/wp-content\/uploads\/2020\/04\/FWWMUN-3-768x1024.jpg 768w, https:\/\/www.youthforequality.sk\/wp-content\/uploads\/2020\/04\/FWWMUN-3-225x300.jpg 225w, https:\/\/www.youthforequality.sk\/wp-content\/uploads\/2020\/04\/FWWMUN-3-1152x1536.jpg 1152w, https:\/\/www.youthforequality.sk\/wp-content\/uploads\/2020\/04\/FWWMUN-3-540x720.jpg 540w, https:\/\/www.youthforequality.sk\/wp-content\/uploads\/2020\/04\/FWWMUN-3-1080x1440.jpg 1080w, https:\/\/www.youthforequality.sk\/wp-content\/uploads\/2020\/04\/FWWMUN-3.jpg 1200w\" sizes=\"(max-width: 768px) 100vw, 768px\" \/><\/figure>\n<\/li>\n<li class=\"blocks-gallery-item\">\n<figure><img loading=\"lazy\" decoding=\"async\" width=\"902\" height=\"1024\" class=\"wp-image-209\" src=\"https:\/\/www.youthforequality.sk\/wp-content\/uploads\/2020\/04\/FWWMUN-1-1-902x1024.jpg\" alt=\"\" data-id=\"209\" data-full-url=\"https:\/\/www.youthforequality.sk\/wp-content\/uploads\/2020\/04\/FWWMUN-1-1.jpg\" data-link=\"https:\/\/www.youthforequality.sk\/?attachment_id=209\" srcset=\"https:\/\/www.youthforequality.sk\/wp-content\/uploads\/2020\/04\/FWWMUN-1-1-902x1024.jpg 902w, https:\/\/www.youthforequality.sk\/wp-content\/uploads\/2020\/04\/FWWMUN-1-1-264x300.jpg 264w, https:\/\/www.youthforequality.sk\/wp-content\/uploads\/2020\/04\/FWWMUN-1-1-768x872.jpg 768w, https:\/\/www.youthforequality.sk\/wp-content\/uploads\/2020\/04\/FWWMUN-1-1-540x613.jpg 540w, https:\/\/www.youthforequality.sk\/wp-content\/uploads\/2020\/04\/FWWMUN-1-1-1080x1227.jpg 1080w, https:\/\/www.youthforequality.sk\/wp-content\/uploads\/2020\/04\/FWWMUN-1-1.jpg 1200w\" sizes=\"(max-width: 902px) 100vw, 902px\" \/><\/figure>\n<\/li>\n<\/ul>\n<\/figure>\n<p><\/p>\t\t\t\t\t\t\t\t<\/div>\n\t\t\t\t<\/div>\n\t\t\t\t\t<\/div>\n\t\t<\/div>\n\t\t\t\t\t<\/div>\n\t\t<\/section>\n\t\t\t\t<\/div>\n\t\t","protected":false},"excerpt":{"rendered":"<p>V d\u0148och 20. a\u017e 23. febru\u00e1ra 2020 sa na\u0161a \u010dlenka Martina Pitrovsk\u00e1 z\u00fa\u010dastnila najinkluz\u00edvnej\u0161ej a najrozmanitej\u0161ej konferencie na svete &#8211; The Future We Want Model United Nations (FWWMUN) priamo v New Yorku. \u00a0 Konferencia sa stala prvou svojho druhu, ktor\u00e1 zapojila ml\u00e1de\u017e do v\u0161etk\u00fdch 17 cie\u013eov udr\u017eate\u013en\u00e9ho rozvoja. FWWMUN spojila bud\u00face gener\u00e1cie l\u00eddrov zo v\u0161etk\u00fdch&hellip;&nbsp;<a href=\"https:\/\/www.youthforequality.sk\/index.php\/2020\/02\/28\/future-we-want-model-united-nations-fwwmun-2020-in-new-york-city\/\" class=\"\" rel=\"bookmark\">\u010c\u00edta\u0165 viac &raquo;<span class=\"screen-reader-text\">Future We Want Model United Nations (FWWMUN) 2020 in New York City<\/span><\/a><\/p>\n","protected":false},"author":1,"featured_media":210,"comment_status":"open","ping_status":"open","sticky":false,"template":"","format":"standard","meta":{"_uf_show_specific_survey":0,"_uf_disable_surveys":false,"neve_meta_sidebar":"","neve_meta_container":"","neve_meta_enable_content_width":"","neve_meta_content_width":0,"neve_meta_title_alignment":"","neve_meta_author_avatar":"","neve_post_elements_order":"","neve_meta_disable_header":"","neve_meta_disable_footer":"","neve_meta_disable_title":"","_themeisle_gutenberg_block_has_review":false,"footnotes":""},"categories":[3],"tags":[],"class_list":["post-208","post","type-post","status-publish","format-standard","has-post-thumbnail","hentry","category-blog"],"yoast_head":"<!-- This site is optimized with the Yoast SEO plugin v27.4 - https:\/\/yoast.com\/product\/yoast-seo-wordpress\/ -->\n<title>Future We Want Model United Nations (FWWMUN) 2020 in New York City |<\/title>\n<meta name=\"robots\" content=\"index, follow, max-snippet:-1, max-image-preview:large, max-video-preview:-1\" \/>\n<link rel=\"canonical\" href=\"https:\/\/www.youthforequality.sk\/index.php\/2020\/02\/28\/future-we-want-model-united-nations-fwwmun-2020-in-new-york-city\/\" \/>\n<meta property=\"og:locale\" content=\"sk_SK\" \/>\n<meta property=\"og:type\" content=\"article\" \/>\n<meta property=\"og:title\" content=\"Future We Want Model United Nations (FWWMUN) 2020 in New York City |\" \/>\n<meta property=\"og:description\" content=\"V d\u0148och 20. a\u017e 23. febru\u00e1ra 2020 sa na\u0161a \u010dlenka Martina Pitrovsk\u00e1 z\u00fa\u010dastnila najinkluz\u00edvnej\u0161ej a najrozmanitej\u0161ej konferencie na svete &#8211; The Future We Want Model United Nations (FWWMUN) priamo v New Yorku. \u00a0 Konferencia sa stala prvou svojho druhu, ktor\u00e1 zapojila ml\u00e1de\u017e do v\u0161etk\u00fdch 17 cie\u013eov udr\u017eate\u013en\u00e9ho rozvoja. FWWMUN spojila bud\u00face gener\u00e1cie l\u00eddrov zo v\u0161etk\u00fdch&hellip;&nbsp;\u010c\u00edta\u0165 viac &raquo;Future We Want Model United Nations (FWWMUN) 2020 in New York City\" \/>\n<meta property=\"og:url\" content=\"https:\/\/www.youthforequality.sk\/index.php\/2020\/02\/28\/future-we-want-model-united-nations-fwwmun-2020-in-new-york-city\/\" \/>\n<meta property=\"article:publisher\" content=\"https:\/\/www.facebook.com\/yeslovakia\" \/>\n<meta property=\"article:published_time\" content=\"2020-02-28T10:00:00+00:00\" \/>\n<meta property=\"article:modified_time\" content=\"2021-05-17T19:52:43+00:00\" \/>\n<meta property=\"og:image\" content=\"https:\/\/www.youthforequality.sk\/wp-content\/uploads\/2020\/04\/FWWMUN-2.jpg\" \/>\n\t<meta property=\"og:image:width\" content=\"1920\" \/>\n\t<meta property=\"og:image:height\" content=\"1440\" \/>\n\t<meta property=\"og:image:type\" content=\"image\/jpeg\" \/>\n<meta name=\"author\" content=\"Filip Ku\u017ema\" \/>\n<meta name=\"twitter:card\" content=\"summary_large_image\" \/>\n<meta name=\"twitter:label1\" content=\"Autor\" \/>\n\t<meta name=\"twitter:data1\" content=\"Filip Ku\u017ema\" \/>\n\t<meta name=\"twitter:label2\" content=\"Predpokladan\u00fd \u010das \u010d\u00edtania\" \/>\n\t<meta name=\"twitter:data2\" content=\"2 min\u00faty\" \/>\n<script type=\"application\/ld+json\" class=\"yoast-schema-graph\">{\"@context\":\"https:\\\/\\\/schema.org\",\"@graph\":[{\"@type\":\"Article\",\"@id\":\"https:\\\/\\\/www.youthforequality.sk\\\/index.php\\\/2020\\\/02\\\/28\\\/future-we-want-model-united-nations-fwwmun-2020-in-new-york-city\\\/#article\",\"isPartOf\":{\"@id\":\"https:\\\/\\\/www.youthforequality.sk\\\/index.php\\\/2020\\\/02\\\/28\\\/future-we-want-model-united-nations-fwwmun-2020-in-new-york-city\\\/\"},\"author\":{\"name\":\"Filip Ku\u017ema\",\"@id\":\"https:\\\/\\\/www.youthforequality.sk\\\/#\\\/schema\\\/person\\\/13a1342f9669c039035c15166bfaf7dd\"},\"headline\":\"Future We Want Model United Nations (FWWMUN) 2020 in New York City\",\"datePublished\":\"2020-02-28T10:00:00+00:00\",\"dateModified\":\"2021-05-17T19:52:43+00:00\",\"mainEntityOfPage\":{\"@id\":\"https:\\\/\\\/www.youthforequality.sk\\\/index.php\\\/2020\\\/02\\\/28\\\/future-we-want-model-united-nations-fwwmun-2020-in-new-york-city\\\/\"},\"wordCount\":188,\"commentCount\":0,\"publisher\":{\"@id\":\"https:\\\/\\\/www.youthforequality.sk\\\/#organization\"},\"image\":{\"@id\":\"https:\\\/\\\/www.youthforequality.sk\\\/index.php\\\/2020\\\/02\\\/28\\\/future-we-want-model-united-nations-fwwmun-2020-in-new-york-city\\\/#primaryimage\"},\"thumbnailUrl\":\"https:\\\/\\\/www.youthforequality.sk\\\/wp-content\\\/uploads\\\/2020\\\/04\\\/FWWMUN-2.jpg\",\"articleSection\":[\"Blog\"],\"inLanguage\":\"sk-SK\",\"potentialAction\":[{\"@type\":\"CommentAction\",\"name\":\"Comment\",\"target\":[\"https:\\\/\\\/www.youthforequality.sk\\\/index.php\\\/2020\\\/02\\\/28\\\/future-we-want-model-united-nations-fwwmun-2020-in-new-york-city\\\/#respond\"]}]},{\"@type\":\"WebPage\",\"@id\":\"https:\\\/\\\/www.youthforequality.sk\\\/index.php\\\/2020\\\/02\\\/28\\\/future-we-want-model-united-nations-fwwmun-2020-in-new-york-city\\\/\",\"url\":\"https:\\\/\\\/www.youthforequality.sk\\\/index.php\\\/2020\\\/02\\\/28\\\/future-we-want-model-united-nations-fwwmun-2020-in-new-york-city\\\/\",\"name\":\"Future We Want Model United Nations (FWWMUN) 2020 in New York City |\",\"isPartOf\":{\"@id\":\"https:\\\/\\\/www.youthforequality.sk\\\/#website\"},\"primaryImageOfPage\":{\"@id\":\"https:\\\/\\\/www.youthforequality.sk\\\/index.php\\\/2020\\\/02\\\/28\\\/future-we-want-model-united-nations-fwwmun-2020-in-new-york-city\\\/#primaryimage\"},\"image\":{\"@id\":\"https:\\\/\\\/www.youthforequality.sk\\\/index.php\\\/2020\\\/02\\\/28\\\/future-we-want-model-united-nations-fwwmun-2020-in-new-york-city\\\/#primaryimage\"},\"thumbnailUrl\":\"https:\\\/\\\/www.youthforequality.sk\\\/wp-content\\\/uploads\\\/2020\\\/04\\\/FWWMUN-2.jpg\",\"datePublished\":\"2020-02-28T10:00:00+00:00\",\"dateModified\":\"2021-05-17T19:52:43+00:00\",\"breadcrumb\":{\"@id\":\"https:\\\/\\\/www.youthforequality.sk\\\/index.php\\\/2020\\\/02\\\/28\\\/future-we-want-model-united-nations-fwwmun-2020-in-new-york-city\\\/#breadcrumb\"},\"inLanguage\":\"sk-SK\",\"potentialAction\":[{\"@type\":\"ReadAction\",\"target\":[\"https:\\\/\\\/www.youthforequality.sk\\\/index.php\\\/2020\\\/02\\\/28\\\/future-we-want-model-united-nations-fwwmun-2020-in-new-york-city\\\/\"]}]},{\"@type\":\"ImageObject\",\"inLanguage\":\"sk-SK\",\"@id\":\"https:\\\/\\\/www.youthforequality.sk\\\/index.php\\\/2020\\\/02\\\/28\\\/future-we-want-model-united-nations-fwwmun-2020-in-new-york-city\\\/#primaryimage\",\"url\":\"https:\\\/\\\/www.youthforequality.sk\\\/wp-content\\\/uploads\\\/2020\\\/04\\\/FWWMUN-2.jpg\",\"contentUrl\":\"https:\\\/\\\/www.youthforequality.sk\\\/wp-content\\\/uploads\\\/2020\\\/04\\\/FWWMUN-2.jpg\",\"width\":1920,\"height\":1440},{\"@type\":\"BreadcrumbList\",\"@id\":\"https:\\\/\\\/www.youthforequality.sk\\\/index.php\\\/2020\\\/02\\\/28\\\/future-we-want-model-united-nations-fwwmun-2020-in-new-york-city\\\/#breadcrumb\",\"itemListElement\":[{\"@type\":\"ListItem\",\"position\":1,\"name\":\"Home\",\"item\":\"https:\\\/\\\/www.youthforequality.sk\\\/\"},{\"@type\":\"ListItem\",\"position\":2,\"name\":\"Future We Want Model United Nations (FWWMUN) 2020 in New York City\"}]},{\"@type\":\"WebSite\",\"@id\":\"https:\\\/\\\/www.youthforequality.sk\\\/#website\",\"url\":\"https:\\\/\\\/www.youthforequality.sk\\\/\",\"name\":\"\",\"description\":\"\",\"publisher\":{\"@id\":\"https:\\\/\\\/www.youthforequality.sk\\\/#organization\"},\"potentialAction\":[{\"@type\":\"SearchAction\",\"target\":{\"@type\":\"EntryPoint\",\"urlTemplate\":\"https:\\\/\\\/www.youthforequality.sk\\\/?s={search_term_string}\"},\"query-input\":{\"@type\":\"PropertyValueSpecification\",\"valueRequired\":true,\"valueName\":\"search_term_string\"}}],\"inLanguage\":\"sk-SK\"},{\"@type\":\"Organization\",\"@id\":\"https:\\\/\\\/www.youthforequality.sk\\\/#organization\",\"name\":\"Youth for Equality\",\"url\":\"https:\\\/\\\/www.youthforequality.sk\\\/\",\"logo\":{\"@type\":\"ImageObject\",\"inLanguage\":\"sk-SK\",\"@id\":\"https:\\\/\\\/www.youthforequality.sk\\\/#\\\/schema\\\/logo\\\/image\\\/\",\"url\":\"https:\\\/\\\/www.youthforequality.sk\\\/wp-content\\\/uploads\\\/2021\\\/01\\\/vynovene-logo-nove-farby_modra-na-web.png\",\"contentUrl\":\"https:\\\/\\\/www.youthforequality.sk\\\/wp-content\\\/uploads\\\/2021\\\/01\\\/vynovene-logo-nove-farby_modra-na-web.png\",\"width\":1,\"height\":1,\"caption\":\"Youth for Equality\"},\"image\":{\"@id\":\"https:\\\/\\\/www.youthforequality.sk\\\/#\\\/schema\\\/logo\\\/image\\\/\"},\"sameAs\":[\"https:\\\/\\\/www.facebook.com\\\/yeslovakia\"]},{\"@type\":\"Person\",\"@id\":\"https:\\\/\\\/www.youthforequality.sk\\\/#\\\/schema\\\/person\\\/13a1342f9669c039035c15166bfaf7dd\",\"name\":\"Filip Ku\u017ema\",\"image\":{\"@type\":\"ImageObject\",\"inLanguage\":\"sk-SK\",\"@id\":\"https:\\\/\\\/secure.gravatar.com\\\/avatar\\\/5f16b953992f889ac33be959cbb81fab7225cec203e13cff27b25f35459dbc06?s=96&d=mm&r=g\",\"url\":\"https:\\\/\\\/secure.gravatar.com\\\/avatar\\\/5f16b953992f889ac33be959cbb81fab7225cec203e13cff27b25f35459dbc06?s=96&d=mm&r=g\",\"contentUrl\":\"https:\\\/\\\/secure.gravatar.com\\\/avatar\\\/5f16b953992f889ac33be959cbb81fab7225cec203e13cff27b25f35459dbc06?s=96&d=mm&r=g\",\"caption\":\"Filip Ku\u017ema\"},\"sameAs\":[\"https:\\\/\\\/www.youthforequality.sk\"],\"url\":\"https:\\\/\\\/www.youthforequality.sk\\\/index.php\\\/author\\\/filkuz\\\/\"}]}<\/script>\n<!-- \/ Yoast SEO plugin. -->","yoast_head_json":{"title":"Future We Want Model United Nations (FWWMUN) 2020 in New York City |","robots":{"index":"index","follow":"follow","max-snippet":"max-snippet:-1","max-image-preview":"max-image-preview:large","max-video-preview":"max-video-preview:-1"},"canonical":"https:\/\/www.youthforequality.sk\/index.php\/2020\/02\/28\/future-we-want-model-united-nations-fwwmun-2020-in-new-york-city\/","og_locale":"sk_SK","og_type":"article","og_title":"Future We Want Model United Nations (FWWMUN) 2020 in New York City |","og_description":"V d\u0148och 20. a\u017e 23. febru\u00e1ra 2020 sa na\u0161a \u010dlenka Martina Pitrovsk\u00e1 z\u00fa\u010dastnila najinkluz\u00edvnej\u0161ej a najrozmanitej\u0161ej konferencie na svete &#8211; The Future We Want Model United Nations (FWWMUN) priamo v New Yorku. \u00a0 Konferencia sa stala prvou svojho druhu, ktor\u00e1 zapojila ml\u00e1de\u017e do v\u0161etk\u00fdch 17 cie\u013eov udr\u017eate\u013en\u00e9ho rozvoja. FWWMUN spojila bud\u00face gener\u00e1cie l\u00eddrov zo v\u0161etk\u00fdch&hellip;&nbsp;\u010c\u00edta\u0165 viac &raquo;Future We Want Model United Nations (FWWMUN) 2020 in New York City","og_url":"https:\/\/www.youthforequality.sk\/index.php\/2020\/02\/28\/future-we-want-model-united-nations-fwwmun-2020-in-new-york-city\/","article_publisher":"https:\/\/www.facebook.com\/yeslovakia","article_published_time":"2020-02-28T10:00:00+00:00","article_modified_time":"2021-05-17T19:52:43+00:00","og_image":[{"width":1920,"height":1440,"url":"https:\/\/www.youthforequality.sk\/wp-content\/uploads\/2020\/04\/FWWMUN-2.jpg","type":"image\/jpeg"}],"author":"Filip Ku\u017ema","twitter_card":"summary_large_image","twitter_misc":{"Autor":"Filip Ku\u017ema","Predpokladan\u00fd \u010das \u010d\u00edtania":"2 min\u00faty"},"schema":{"@context":"https:\/\/schema.org","@graph":[{"@type":"Article","@id":"https:\/\/www.youthforequality.sk\/index.php\/2020\/02\/28\/future-we-want-model-united-nations-fwwmun-2020-in-new-york-city\/#article","isPartOf":{"@id":"https:\/\/www.youthforequality.sk\/index.php\/2020\/02\/28\/future-we-want-model-united-nations-fwwmun-2020-in-new-york-city\/"},"author":{"name":"Filip Ku\u017ema","@id":"https:\/\/www.youthforequality.sk\/#\/schema\/person\/13a1342f9669c039035c15166bfaf7dd"},"headline":"Future We Want Model United Nations (FWWMUN) 2020 in New York City","datePublished":"2020-02-28T10:00:00+00:00","dateModified":"2021-05-17T19:52:43+00:00","mainEntityOfPage":{"@id":"https:\/\/www.youthforequality.sk\/index.php\/2020\/02\/28\/future-we-want-model-united-nations-fwwmun-2020-in-new-york-city\/"},"wordCount":188,"commentCount":0,"publisher":{"@id":"https:\/\/www.youthforequality.sk\/#organization"},"image":{"@id":"https:\/\/www.youthforequality.sk\/index.php\/2020\/02\/28\/future-we-want-model-united-nations-fwwmun-2020-in-new-york-city\/#primaryimage"},"thumbnailUrl":"https:\/\/www.youthforequality.sk\/wp-content\/uploads\/2020\/04\/FWWMUN-2.jpg","articleSection":["Blog"],"inLanguage":"sk-SK","potentialAction":[{"@type":"CommentAction","name":"Comment","target":["https:\/\/www.youthforequality.sk\/index.php\/2020\/02\/28\/future-we-want-model-united-nations-fwwmun-2020-in-new-york-city\/#respond"]}]},{"@type":"WebPage","@id":"https:\/\/www.youthforequality.sk\/index.php\/2020\/02\/28\/future-we-want-model-united-nations-fwwmun-2020-in-new-york-city\/","url":"https:\/\/www.youthforequality.sk\/index.php\/2020\/02\/28\/future-we-want-model-united-nations-fwwmun-2020-in-new-york-city\/","name":"Future We Want Model United Nations (FWWMUN) 2020 in New York City |","isPartOf":{"@id":"https:\/\/www.youthforequality.sk\/#website"},"primaryImageOfPage":{"@id":"https:\/\/www.youthforequality.sk\/index.php\/2020\/02\/28\/future-we-want-model-united-nations-fwwmun-2020-in-new-york-city\/#primaryimage"},"image":{"@id":"https:\/\/www.youthforequality.sk\/index.php\/2020\/02\/28\/future-we-want-model-united-nations-fwwmun-2020-in-new-york-city\/#primaryimage"},"thumbnailUrl":"https:\/\/www.youthforequality.sk\/wp-content\/uploads\/2020\/04\/FWWMUN-2.jpg","datePublished":"2020-02-28T10:00:00+00:00","dateModified":"2021-05-17T19:52:43+00:00","breadcrumb":{"@id":"https:\/\/www.youthforequality.sk\/index.php\/2020\/02\/28\/future-we-want-model-united-nations-fwwmun-2020-in-new-york-city\/#breadcrumb"},"inLanguage":"sk-SK","potentialAction":[{"@type":"ReadAction","target":["https:\/\/www.youthforequality.sk\/index.php\/2020\/02\/28\/future-we-want-model-united-nations-fwwmun-2020-in-new-york-city\/"]}]},{"@type":"ImageObject","inLanguage":"sk-SK","@id":"https:\/\/www.youthforequality.sk\/index.php\/2020\/02\/28\/future-we-want-model-united-nations-fwwmun-2020-in-new-york-city\/#primaryimage","url":"https:\/\/www.youthforequality.sk\/wp-content\/uploads\/2020\/04\/FWWMUN-2.jpg","contentUrl":"https:\/\/www.youthforequality.sk\/wp-content\/uploads\/2020\/04\/FWWMUN-2.jpg","width":1920,"height":1440},{"@type":"BreadcrumbList","@id":"https:\/\/www.youthforequality.sk\/index.php\/2020\/02\/28\/future-we-want-model-united-nations-fwwmun-2020-in-new-york-city\/#breadcrumb","itemListElement":[{"@type":"ListItem","position":1,"name":"Home","item":"https:\/\/www.youthforequality.sk\/"},{"@type":"ListItem","position":2,"name":"Future We Want Model United Nations (FWWMUN) 2020 in New York City"}]},{"@type":"WebSite","@id":"https:\/\/www.youthforequality.sk\/#website","url":"https:\/\/www.youthforequality.sk\/","name":"","description":"","publisher":{"@id":"https:\/\/www.youthforequality.sk\/#organization"},"potentialAction":[{"@type":"SearchAction","target":{"@type":"EntryPoint","urlTemplate":"https:\/\/www.youthforequality.sk\/?s={search_term_string}"},"query-input":{"@type":"PropertyValueSpecification","valueRequired":true,"valueName":"search_term_string"}}],"inLanguage":"sk-SK"},{"@type":"Organization","@id":"https:\/\/www.youthforequality.sk\/#organization","name":"Youth for Equality","url":"https:\/\/www.youthforequality.sk\/","logo":{"@type":"ImageObject","inLanguage":"sk-SK","@id":"https:\/\/www.youthforequality.sk\/#\/schema\/logo\/image\/","url":"https:\/\/www.youthforequality.sk\/wp-content\/uploads\/2021\/01\/vynovene-logo-nove-farby_modra-na-web.png","contentUrl":"https:\/\/www.youthforequality.sk\/wp-content\/uploads\/2021\/01\/vynovene-logo-nove-farby_modra-na-web.png","width":1,"height":1,"caption":"Youth for Equality"},"image":{"@id":"https:\/\/www.youthforequality.sk\/#\/schema\/logo\/image\/"},"sameAs":["https:\/\/www.facebook.com\/yeslovakia"]},{"@type":"Person","@id":"https:\/\/www.youthforequality.sk\/#\/schema\/person\/13a1342f9669c039035c15166bfaf7dd","name":"Filip Ku\u017ema","image":{"@type":"ImageObject","inLanguage":"sk-SK","@id":"https:\/\/secure.gravatar.com\/avatar\/5f16b953992f889ac33be959cbb81fab7225cec203e13cff27b25f35459dbc06?s=96&d=mm&r=g","url":"https:\/\/secure.gravatar.com\/avatar\/5f16b953992f889ac33be959cbb81fab7225cec203e13cff27b25f35459dbc06?s=96&d=mm&r=g","contentUrl":"https:\/\/secure.gravatar.com\/avatar\/5f16b953992f889ac33be959cbb81fab7225cec203e13cff27b25f35459dbc06?s=96&d=mm&r=g","caption":"Filip Ku\u017ema"},"sameAs":["https:\/\/www.youthforequality.sk"],"url":"https:\/\/www.youthforequality.sk\/index.php\/author\/filkuz\/"}]}},"_links":{"self":[{"href":"https:\/\/www.youthforequality.sk\/index.php\/wp-json\/wp\/v2\/posts\/208","targetHints":{"allow":["GET"]}}],"collection":[{"href":"https:\/\/www.youthforequality.sk\/index.php\/wp-json\/wp\/v2\/posts"}],"about":[{"href":"https:\/\/www.youthforequality.sk\/index.php\/wp-json\/wp\/v2\/types\/post"}],"author":[{"embeddable":true,"href":"https:\/\/www.youthforequality.sk\/index.php\/wp-json\/wp\/v2\/users\/1"}],"replies":[{"embeddable":true,"href":"https:\/\/www.youthforequality.sk\/index.php\/wp-json\/wp\/v2\/comments?post=208"}],"version-history":[{"count":18,"href":"https:\/\/www.youthforequality.sk\/index.php\/wp-json\/wp\/v2\/posts\/208\/revisions"}],"predecessor-version":[{"id":3048,"href":"https:\/\/www.youthforequality.sk\/index.php\/wp-json\/wp\/v2\/posts\/208\/revisions\/3048"}],"wp:featuredmedia":[{"embeddable":true,"href":"https:\/\/www.youthforequality.sk\/index.php\/wp-json\/wp\/v2\/media\/210"}],"wp:attachment":[{"href":"https:\/\/www.youthforequality.sk\/index.php\/wp-json\/wp\/v2\/media?parent=208"}],"wp:term":[{"taxonomy":"category","embeddable":true,"href":"https:\/\/www.youthforequality.sk\/index.php\/wp-json\/wp\/v2\/categories?post=208"},{"taxonomy":"post_tag","embeddable":true,"href":"https:\/\/www.youthforequality.sk\/index.php\/wp-json\/wp\/v2\/tags?post=208"}],"curies":[{"name":"wp","href":"https:\/\/api.w.org\/{rel}","templated":true}]}}