{"id":228,"date":"2019-07-11T10:00:48","date_gmt":"2019-07-11T10:00:48","guid":{"rendered":"https:\/\/www.youthforequality.sk\/?p=228"},"modified":"2020-04-16T20:25:59","modified_gmt":"2020-04-16T20:25:59","slug":"mini-cross-border-seminar","status":"publish","type":"post","link":"https:\/\/www.youthforequality.sk\/index.php\/2019\/07\/11\/mini-cross-border-seminar\/","title":{"rendered":"Mini Cross-Border Seminar"},"content":{"rendered":"\n<p>Ve \u010dtvrtek 13. \u010dervna se uskute\u010dnil ve m\u011bst\u011b Ostrava, \u010cesk\u00e1 republika semin\u00e1\u0159 &#8222;Mini Cross-Border Seminar&#8220;, neboli v p\u0159ekladu &#8222;Poradenstv\u00ed p\u0159ekra\u010duj\u00edc\u00ed hranice&#8220;. Tento p\u0159eshrani\u010dn\u00ed semin\u00e1\u0159 byl organizovan\u00fd organizac\u00ed Euroguidance, kde se setkali z\u00e1stupci jednotliv\u00fdch a\u0165 u\u017e neziskov\u00fdch organizac\u00ed, \u0161koln\u00edch instituc\u00ed (\u0159editelov\u00e9, u\u010ditel\u00e9, \u0161koln\u00ed psychologov\u00e9) nebo instituc\u00ed mnoh\u00fdch \u00fa\u0159ad\u016f pr\u00e1ce (z\u00e1stupci v oblasti Eures) z p\u0159\u00edhrani\u010dn\u00edch oblast\u00ed \u010cesk\u00e9 republiky, Slovensk\u00e9 republiky a Polska.&nbsp;<br>Semin\u00e1\u0159 byl hlavn\u011b zam\u011b\u0159en\u00fd na propojen\u00ed poradc\u016f z r\u016fzn\u00fdch oblast\u00ed, instituc\u00ed &#8211; v\u00fdm\u011bny dobr\u00e9 poradensk\u00e9 praxe a zku\u0161enost\u00ed v region\u011b \u010desko-polsk\u00e9ho-slovensk\u00e9ho pohrani\u010d\u00ed. Organizace Youth for Equality byla pozv\u00e1na za \u00fa\u010delem prezentace r\u016fznych mo\u017enost\u00ed pro ml\u00e1de\u017e a program\u016f pro organizace a instituce. Semin\u00e1\u0159 si kladl za c\u00edl:&nbsp;<br>\u2022 Ako predstavit t\u00e9mu zahrani\u010dn\u00ed mobility \u017e\u00e1kom \u010di z\u00e1ujemcem o zamestnanie?<br>\u2022 Ak\u00e9 poradensk\u00e9 aktivity im pon\u00faka\u0165?<br>\u2022 Ako prenies\u0165 in\u0161pir\u00e1ciu z okolit\u00fdch kraj\u00edn do svojej ka\u017edodennej pr\u00e1ce?<br>Po na\u0161em p\u0159\u00edjezdu okolo des\u00e1t\u00e9 hodiny \u010dekalo \u00fa\u010dastn\u00edky tohoto semin\u00e1\u0159e, aby si vyrobili sv\u00e9 jmenovky s r\u016fzn\u00fdch barevn\u00fdch pap\u00edru a materi\u00e1l\u016f. Pot\u00e9 n\u00e1sledovalo p\u0159edstaven\u00ed organizace Euroguidance a pot\u00e9 se m\u011bli v\u0161ichni p\u0159edstavit mezi sebou. N\u00e1sleduj\u00edc\u00ed hlavn\u00ed akci od des\u00e1t\u00e9 hodiny a\u017e do ob\u011bda, byly interaktivn\u00ed diskuse na r\u016fzn\u00e1 t\u00e9mata v oblasti poskytov\u00e1n\u00ed poradenstv\u00ed a propagace mobility. Cel\u00e9 diskuze byly rozpl\u00e1novan\u00e9 asi do \u0161esti stol\u016f, kde se diskutovalo o r\u016fzn\u00fdch ot\u00e1zk\u00e1ch, \u010deho\u017e v\u00fdsledkem byli my\u0161lenkov\u00e9 mapy. T\u011bmito ot\u00e1zkami byly nap\u0159\u00edklad: &#8220;Jak odhalovat ve studentech nebo v pracuj\u00edc\u00edch lidech jejich siln\u00e9 str\u00e1nky, na kter\u00fdch budou stav\u011bt svou budouc\u00ed kari\u00e9ru a \u017eivot? Jak motivovat pracuj\u00edc\u00ed a studenty k z\u00e1jmu o Erasmus mobility a pot\u00e9 se i o n\u011b postarat? Jak informovat tyto skupiny o r\u016fzn\u00fdch mo\u017enostech?<br>Po ob\u011bd\u011b se vedli r\u016fzn\u00e9 workshopy na r\u016fzn\u00e1 t\u00e9mata a na t\u011bchto workshopech se p\u0159edstavili r\u016fzn\u00e9 organizace. Jednou z t\u011bchto organizac\u00ed byla i organizace Youth for Equality, kde krom\u011b p\u0159edstavitel organizace, Diany Ja\u0161ekov\u00e9 a Martiny Pitrovsk\u00e9, jsem j\u00e1 Martin Nepevn\u00fd (Erasmus st\u00e1\u017eista) mluvil o r\u016fzn\u00fdch mo\u017enostech z vlastn\u00ed sku\u0161enosti &#8211; p\u0159edstavil jsem mo\u017enosti univerzitn\u00edch Erasmus st\u00e1\u017e\u00ed, ESC a solid\u00e1rn\u00ed projekty. Okolo t\u0159et\u00ed hodiny odpoledn\u00ed skon\u010dili workshopy s p\u0159edstavuj\u00edc\u00edmi se organizace a za\u010dal hodinov\u00fd networking mezi p\u0159\u00edtomn\u00fdmi lidmi. D\u00edky t\u00e9to akci nav\u00e1zala organizace Youth for Equality nov\u00e1 p\u0159\u00e1telstv\u00ed a spolupr\u00e1ce nap\u0159\u00ed\u010d hranicemi t\u0159\u00ed evropsk\u00fdch st\u00e1t\u016f.<\/p>\n\n\n\n<p>Zpr\u00e1vu zpracoval: Martin Nepevn\u00fd student Politick\u00e9 a kulturn\u00ed geografie na \u0161koln\u00ed Erasmus+ st\u00e1\u017e\u00ed v organizaci Youth for Equality<\/p>\n\n\n\n<p>V\u00edce informac\u00ed a tak\u00e9 fotografie z tohoto semin\u00e1\u0159e zde:&nbsp;<a href=\"https:\/\/www.euroguidance.sk\/index.php?sw=12&amp;blg=8&amp;fbclid=IwAR3RiW_djnboTtGNGevLY94OALXqsqliBJnq51VW6Wc-ZsIVu8tzrTRqoYI\">https:\/\/www.euroguidance.sk\/index.php?sw=12&amp;blg=8<\/a><\/p>\n","protected":false},"excerpt":{"rendered":"<p>Ve \u010dtvrtek 13. \u010dervna se uskute\u010dnil ve m\u011bst\u011b Ostrava, \u010cesk\u00e1 republika semin\u00e1\u0159 &#8222;Mini Cross-Border Seminar&#8220;, neboli v p\u0159ekladu &#8222;Poradenstv\u00ed p\u0159ekra\u010duj\u00edc\u00ed hranice&#8220;. Tento p\u0159eshrani\u010dn\u00ed semin\u00e1\u0159 byl organizovan\u00fd organizac\u00ed Euroguidance, kde se setkali z\u00e1stupci jednotliv\u00fdch a\u0165 u\u017e neziskov\u00fdch organizac\u00ed, \u0161koln\u00edch instituc\u00ed (\u0159editelov\u00e9, u\u010ditel\u00e9, \u0161koln\u00ed psychologov\u00e9) nebo instituc\u00ed mnoh\u00fdch \u00fa\u0159ad\u016f pr\u00e1ce (z\u00e1stupci v oblasti Eures) z p\u0159\u00edhrani\u010dn\u00edch oblast\u00ed&hellip;&nbsp;<a href=\"https:\/\/www.youthforequality.sk\/index.php\/2019\/07\/11\/mini-cross-border-seminar\/\" class=\"\" rel=\"bookmark\">\u010c\u00edta\u0165 viac &raquo;<span class=\"screen-reader-text\">Mini Cross-Border Seminar<\/span><\/a><\/p>\n","protected":false},"author":1,"featured_media":263,"comment_status":"open","ping_status":"open","sticky":false,"template":"template-full-width.php","format":"standard","meta":{"_uf_show_specific_survey":0,"_uf_disable_surveys":false,"neve_meta_sidebar":"","neve_meta_container":"","neve_meta_enable_content_width":"","neve_meta_content_width":0,"neve_meta_title_alignment":"","neve_meta_author_avatar":"","neve_post_elements_order":"","neve_meta_disable_header":"","neve_meta_disable_footer":"","neve_meta_disable_title":"","_themeisle_gutenberg_block_has_review":false,"footnotes":""},"categories":[3],"tags":[],"class_list":["post-228","post","type-post","status-publish","format-standard","has-post-thumbnail","hentry","category-blog"],"yoast_head":"<!-- This site is optimized with the Yoast SEO plugin v27.4 - https:\/\/yoast.com\/product\/yoast-seo-wordpress\/ -->\n<title>Mini Cross-Border Seminar |<\/title>\n<meta name=\"robots\" content=\"index, follow, max-snippet:-1, max-image-preview:large, max-video-preview:-1\" \/>\n<link rel=\"canonical\" href=\"https:\/\/www.youthforequality.sk\/index.php\/2019\/07\/11\/mini-cross-border-seminar\/\" \/>\n<meta property=\"og:locale\" content=\"sk_SK\" \/>\n<meta property=\"og:type\" content=\"article\" \/>\n<meta property=\"og:title\" content=\"Mini Cross-Border Seminar |\" \/>\n<meta property=\"og:description\" content=\"Ve \u010dtvrtek 13. \u010dervna se uskute\u010dnil ve m\u011bst\u011b Ostrava, \u010cesk\u00e1 republika semin\u00e1\u0159 &#8222;Mini Cross-Border Seminar&#8220;, neboli v p\u0159ekladu &#8222;Poradenstv\u00ed p\u0159ekra\u010duj\u00edc\u00ed hranice&#8220;. Tento p\u0159eshrani\u010dn\u00ed semin\u00e1\u0159 byl organizovan\u00fd organizac\u00ed Euroguidance, kde se setkali z\u00e1stupci jednotliv\u00fdch a\u0165 u\u017e neziskov\u00fdch organizac\u00ed, \u0161koln\u00edch instituc\u00ed (\u0159editelov\u00e9, u\u010ditel\u00e9, \u0161koln\u00ed psychologov\u00e9) nebo instituc\u00ed mnoh\u00fdch \u00fa\u0159ad\u016f pr\u00e1ce (z\u00e1stupci v oblasti Eures) z p\u0159\u00edhrani\u010dn\u00edch oblast\u00ed&hellip;&nbsp;\u010c\u00edta\u0165 viac &raquo;Mini Cross-Border Seminar\" \/>\n<meta property=\"og:url\" content=\"https:\/\/www.youthforequality.sk\/index.php\/2019\/07\/11\/mini-cross-border-seminar\/\" \/>\n<meta property=\"article:publisher\" content=\"https:\/\/www.facebook.com\/yeslovakia\" \/>\n<meta property=\"article:published_time\" content=\"2019-07-11T10:00:48+00:00\" \/>\n<meta property=\"article:modified_time\" content=\"2020-04-16T20:25:59+00:00\" \/>\n<meta property=\"og:image\" content=\"https:\/\/www.youthforequality.sk\/wp-content\/uploads\/2019\/07\/people-inside-a-cafe-with-tables-and-chairs-860227-scaled.jpg\" \/>\n\t<meta property=\"og:image:width\" content=\"2560\" \/>\n\t<meta property=\"og:image:height\" content=\"1707\" \/>\n\t<meta property=\"og:image:type\" content=\"image\/jpeg\" \/>\n<meta name=\"author\" content=\"Filip Ku\u017ema\" \/>\n<meta name=\"twitter:card\" content=\"summary_large_image\" \/>\n<meta name=\"twitter:label1\" content=\"Autor\" \/>\n\t<meta name=\"twitter:data1\" content=\"Filip Ku\u017ema\" \/>\n\t<meta name=\"twitter:label2\" content=\"Predpokladan\u00fd \u010das \u010d\u00edtania\" \/>\n\t<meta name=\"twitter:data2\" content=\"3 min\u00faty\" \/>\n<script type=\"application\/ld+json\" class=\"yoast-schema-graph\">{\"@context\":\"https:\\\/\\\/schema.org\",\"@graph\":[{\"@type\":\"Article\",\"@id\":\"https:\\\/\\\/www.youthforequality.sk\\\/index.php\\\/2019\\\/07\\\/11\\\/mini-cross-border-seminar\\\/#article\",\"isPartOf\":{\"@id\":\"https:\\\/\\\/www.youthforequality.sk\\\/index.php\\\/2019\\\/07\\\/11\\\/mini-cross-border-seminar\\\/\"},\"author\":{\"name\":\"Filip Ku\u017ema\",\"@id\":\"https:\\\/\\\/www.youthforequality.sk\\\/#\\\/schema\\\/person\\\/13a1342f9669c039035c15166bfaf7dd\"},\"headline\":\"Mini Cross-Border Seminar\",\"datePublished\":\"2019-07-11T10:00:48+00:00\",\"dateModified\":\"2020-04-16T20:25:59+00:00\",\"mainEntityOfPage\":{\"@id\":\"https:\\\/\\\/www.youthforequality.sk\\\/index.php\\\/2019\\\/07\\\/11\\\/mini-cross-border-seminar\\\/\"},\"wordCount\":512,\"commentCount\":0,\"publisher\":{\"@id\":\"https:\\\/\\\/www.youthforequality.sk\\\/#organization\"},\"image\":{\"@id\":\"https:\\\/\\\/www.youthforequality.sk\\\/index.php\\\/2019\\\/07\\\/11\\\/mini-cross-border-seminar\\\/#primaryimage\"},\"thumbnailUrl\":\"https:\\\/\\\/www.youthforequality.sk\\\/wp-content\\\/uploads\\\/2019\\\/07\\\/people-inside-a-cafe-with-tables-and-chairs-860227-scaled.jpg\",\"articleSection\":[\"Blog\"],\"inLanguage\":\"sk-SK\",\"potentialAction\":[{\"@type\":\"CommentAction\",\"name\":\"Comment\",\"target\":[\"https:\\\/\\\/www.youthforequality.sk\\\/index.php\\\/2019\\\/07\\\/11\\\/mini-cross-border-seminar\\\/#respond\"]}]},{\"@type\":\"WebPage\",\"@id\":\"https:\\\/\\\/www.youthforequality.sk\\\/index.php\\\/2019\\\/07\\\/11\\\/mini-cross-border-seminar\\\/\",\"url\":\"https:\\\/\\\/www.youthforequality.sk\\\/index.php\\\/2019\\\/07\\\/11\\\/mini-cross-border-seminar\\\/\",\"name\":\"Mini Cross-Border Seminar |\",\"isPartOf\":{\"@id\":\"https:\\\/\\\/www.youthforequality.sk\\\/#website\"},\"primaryImageOfPage\":{\"@id\":\"https:\\\/\\\/www.youthforequality.sk\\\/index.php\\\/2019\\\/07\\\/11\\\/mini-cross-border-seminar\\\/#primaryimage\"},\"image\":{\"@id\":\"https:\\\/\\\/www.youthforequality.sk\\\/index.php\\\/2019\\\/07\\\/11\\\/mini-cross-border-seminar\\\/#primaryimage\"},\"thumbnailUrl\":\"https:\\\/\\\/www.youthforequality.sk\\\/wp-content\\\/uploads\\\/2019\\\/07\\\/people-inside-a-cafe-with-tables-and-chairs-860227-scaled.jpg\",\"datePublished\":\"2019-07-11T10:00:48+00:00\",\"dateModified\":\"2020-04-16T20:25:59+00:00\",\"breadcrumb\":{\"@id\":\"https:\\\/\\\/www.youthforequality.sk\\\/index.php\\\/2019\\\/07\\\/11\\\/mini-cross-border-seminar\\\/#breadcrumb\"},\"inLanguage\":\"sk-SK\",\"potentialAction\":[{\"@type\":\"ReadAction\",\"target\":[\"https:\\\/\\\/www.youthforequality.sk\\\/index.php\\\/2019\\\/07\\\/11\\\/mini-cross-border-seminar\\\/\"]}]},{\"@type\":\"ImageObject\",\"inLanguage\":\"sk-SK\",\"@id\":\"https:\\\/\\\/www.youthforequality.sk\\\/index.php\\\/2019\\\/07\\\/11\\\/mini-cross-border-seminar\\\/#primaryimage\",\"url\":\"https:\\\/\\\/www.youthforequality.sk\\\/wp-content\\\/uploads\\\/2019\\\/07\\\/people-inside-a-cafe-with-tables-and-chairs-860227-scaled.jpg\",\"contentUrl\":\"https:\\\/\\\/www.youthforequality.sk\\\/wp-content\\\/uploads\\\/2019\\\/07\\\/people-inside-a-cafe-with-tables-and-chairs-860227-scaled.jpg\",\"width\":2560,\"height\":1707},{\"@type\":\"BreadcrumbList\",\"@id\":\"https:\\\/\\\/www.youthforequality.sk\\\/index.php\\\/2019\\\/07\\\/11\\\/mini-cross-border-seminar\\\/#breadcrumb\",\"itemListElement\":[{\"@type\":\"ListItem\",\"position\":1,\"name\":\"Home\",\"item\":\"https:\\\/\\\/www.youthforequality.sk\\\/\"},{\"@type\":\"ListItem\",\"position\":2,\"name\":\"Mini Cross-Border Seminar\"}]},{\"@type\":\"WebSite\",\"@id\":\"https:\\\/\\\/www.youthforequality.sk\\\/#website\",\"url\":\"https:\\\/\\\/www.youthforequality.sk\\\/\",\"name\":\"\",\"description\":\"\",\"publisher\":{\"@id\":\"https:\\\/\\\/www.youthforequality.sk\\\/#organization\"},\"potentialAction\":[{\"@type\":\"SearchAction\",\"target\":{\"@type\":\"EntryPoint\",\"urlTemplate\":\"https:\\\/\\\/www.youthforequality.sk\\\/?s={search_term_string}\"},\"query-input\":{\"@type\":\"PropertyValueSpecification\",\"valueRequired\":true,\"valueName\":\"search_term_string\"}}],\"inLanguage\":\"sk-SK\"},{\"@type\":\"Organization\",\"@id\":\"https:\\\/\\\/www.youthforequality.sk\\\/#organization\",\"name\":\"Youth for Equality\",\"url\":\"https:\\\/\\\/www.youthforequality.sk\\\/\",\"logo\":{\"@type\":\"ImageObject\",\"inLanguage\":\"sk-SK\",\"@id\":\"https:\\\/\\\/www.youthforequality.sk\\\/#\\\/schema\\\/logo\\\/image\\\/\",\"url\":\"https:\\\/\\\/www.youthforequality.sk\\\/wp-content\\\/uploads\\\/2021\\\/01\\\/vynovene-logo-nove-farby_modra-na-web.png\",\"contentUrl\":\"https:\\\/\\\/www.youthforequality.sk\\\/wp-content\\\/uploads\\\/2021\\\/01\\\/vynovene-logo-nove-farby_modra-na-web.png\",\"width\":1,\"height\":1,\"caption\":\"Youth for Equality\"},\"image\":{\"@id\":\"https:\\\/\\\/www.youthforequality.sk\\\/#\\\/schema\\\/logo\\\/image\\\/\"},\"sameAs\":[\"https:\\\/\\\/www.facebook.com\\\/yeslovakia\"]},{\"@type\":\"Person\",\"@id\":\"https:\\\/\\\/www.youthforequality.sk\\\/#\\\/schema\\\/person\\\/13a1342f9669c039035c15166bfaf7dd\",\"name\":\"Filip Ku\u017ema\",\"image\":{\"@type\":\"ImageObject\",\"inLanguage\":\"sk-SK\",\"@id\":\"https:\\\/\\\/secure.gravatar.com\\\/avatar\\\/5f16b953992f889ac33be959cbb81fab7225cec203e13cff27b25f35459dbc06?s=96&d=mm&r=g\",\"url\":\"https:\\\/\\\/secure.gravatar.com\\\/avatar\\\/5f16b953992f889ac33be959cbb81fab7225cec203e13cff27b25f35459dbc06?s=96&d=mm&r=g\",\"contentUrl\":\"https:\\\/\\\/secure.gravatar.com\\\/avatar\\\/5f16b953992f889ac33be959cbb81fab7225cec203e13cff27b25f35459dbc06?s=96&d=mm&r=g\",\"caption\":\"Filip Ku\u017ema\"},\"sameAs\":[\"https:\\\/\\\/www.youthforequality.sk\"],\"url\":\"https:\\\/\\\/www.youthforequality.sk\\\/index.php\\\/author\\\/filkuz\\\/\"}]}<\/script>\n<!-- \/ Yoast SEO plugin. -->","yoast_head_json":{"title":"Mini Cross-Border Seminar |","robots":{"index":"index","follow":"follow","max-snippet":"max-snippet:-1","max-image-preview":"max-image-preview:large","max-video-preview":"max-video-preview:-1"},"canonical":"https:\/\/www.youthforequality.sk\/index.php\/2019\/07\/11\/mini-cross-border-seminar\/","og_locale":"sk_SK","og_type":"article","og_title":"Mini Cross-Border Seminar |","og_description":"Ve \u010dtvrtek 13. \u010dervna se uskute\u010dnil ve m\u011bst\u011b Ostrava, \u010cesk\u00e1 republika semin\u00e1\u0159 &#8222;Mini Cross-Border Seminar&#8220;, neboli v p\u0159ekladu &#8222;Poradenstv\u00ed p\u0159ekra\u010duj\u00edc\u00ed hranice&#8220;. Tento p\u0159eshrani\u010dn\u00ed semin\u00e1\u0159 byl organizovan\u00fd organizac\u00ed Euroguidance, kde se setkali z\u00e1stupci jednotliv\u00fdch a\u0165 u\u017e neziskov\u00fdch organizac\u00ed, \u0161koln\u00edch instituc\u00ed (\u0159editelov\u00e9, u\u010ditel\u00e9, \u0161koln\u00ed psychologov\u00e9) nebo instituc\u00ed mnoh\u00fdch \u00fa\u0159ad\u016f pr\u00e1ce (z\u00e1stupci v oblasti Eures) z p\u0159\u00edhrani\u010dn\u00edch oblast\u00ed&hellip;&nbsp;\u010c\u00edta\u0165 viac &raquo;Mini Cross-Border Seminar","og_url":"https:\/\/www.youthforequality.sk\/index.php\/2019\/07\/11\/mini-cross-border-seminar\/","article_publisher":"https:\/\/www.facebook.com\/yeslovakia","article_published_time":"2019-07-11T10:00:48+00:00","article_modified_time":"2020-04-16T20:25:59+00:00","og_image":[{"width":2560,"height":1707,"url":"https:\/\/www.youthforequality.sk\/wp-content\/uploads\/2019\/07\/people-inside-a-cafe-with-tables-and-chairs-860227-scaled.jpg","type":"image\/jpeg"}],"author":"Filip Ku\u017ema","twitter_card":"summary_large_image","twitter_misc":{"Autor":"Filip Ku\u017ema","Predpokladan\u00fd \u010das \u010d\u00edtania":"3 min\u00faty"},"schema":{"@context":"https:\/\/schema.org","@graph":[{"@type":"Article","@id":"https:\/\/www.youthforequality.sk\/index.php\/2019\/07\/11\/mini-cross-border-seminar\/#article","isPartOf":{"@id":"https:\/\/www.youthforequality.sk\/index.php\/2019\/07\/11\/mini-cross-border-seminar\/"},"author":{"name":"Filip Ku\u017ema","@id":"https:\/\/www.youthforequality.sk\/#\/schema\/person\/13a1342f9669c039035c15166bfaf7dd"},"headline":"Mini Cross-Border Seminar","datePublished":"2019-07-11T10:00:48+00:00","dateModified":"2020-04-16T20:25:59+00:00","mainEntityOfPage":{"@id":"https:\/\/www.youthforequality.sk\/index.php\/2019\/07\/11\/mini-cross-border-seminar\/"},"wordCount":512,"commentCount":0,"publisher":{"@id":"https:\/\/www.youthforequality.sk\/#organization"},"image":{"@id":"https:\/\/www.youthforequality.sk\/index.php\/2019\/07\/11\/mini-cross-border-seminar\/#primaryimage"},"thumbnailUrl":"https:\/\/www.youthforequality.sk\/wp-content\/uploads\/2019\/07\/people-inside-a-cafe-with-tables-and-chairs-860227-scaled.jpg","articleSection":["Blog"],"inLanguage":"sk-SK","potentialAction":[{"@type":"CommentAction","name":"Comment","target":["https:\/\/www.youthforequality.sk\/index.php\/2019\/07\/11\/mini-cross-border-seminar\/#respond"]}]},{"@type":"WebPage","@id":"https:\/\/www.youthforequality.sk\/index.php\/2019\/07\/11\/mini-cross-border-seminar\/","url":"https:\/\/www.youthforequality.sk\/index.php\/2019\/07\/11\/mini-cross-border-seminar\/","name":"Mini Cross-Border Seminar |","isPartOf":{"@id":"https:\/\/www.youthforequality.sk\/#website"},"primaryImageOfPage":{"@id":"https:\/\/www.youthforequality.sk\/index.php\/2019\/07\/11\/mini-cross-border-seminar\/#primaryimage"},"image":{"@id":"https:\/\/www.youthforequality.sk\/index.php\/2019\/07\/11\/mini-cross-border-seminar\/#primaryimage"},"thumbnailUrl":"https:\/\/www.youthforequality.sk\/wp-content\/uploads\/2019\/07\/people-inside-a-cafe-with-tables-and-chairs-860227-scaled.jpg","datePublished":"2019-07-11T10:00:48+00:00","dateModified":"2020-04-16T20:25:59+00:00","breadcrumb":{"@id":"https:\/\/www.youthforequality.sk\/index.php\/2019\/07\/11\/mini-cross-border-seminar\/#breadcrumb"},"inLanguage":"sk-SK","potentialAction":[{"@type":"ReadAction","target":["https:\/\/www.youthforequality.sk\/index.php\/2019\/07\/11\/mini-cross-border-seminar\/"]}]},{"@type":"ImageObject","inLanguage":"sk-SK","@id":"https:\/\/www.youthforequality.sk\/index.php\/2019\/07\/11\/mini-cross-border-seminar\/#primaryimage","url":"https:\/\/www.youthforequality.sk\/wp-content\/uploads\/2019\/07\/people-inside-a-cafe-with-tables-and-chairs-860227-scaled.jpg","contentUrl":"https:\/\/www.youthforequality.sk\/wp-content\/uploads\/2019\/07\/people-inside-a-cafe-with-tables-and-chairs-860227-scaled.jpg","width":2560,"height":1707},{"@type":"BreadcrumbList","@id":"https:\/\/www.youthforequality.sk\/index.php\/2019\/07\/11\/mini-cross-border-seminar\/#breadcrumb","itemListElement":[{"@type":"ListItem","position":1,"name":"Home","item":"https:\/\/www.youthforequality.sk\/"},{"@type":"ListItem","position":2,"name":"Mini Cross-Border Seminar"}]},{"@type":"WebSite","@id":"https:\/\/www.youthforequality.sk\/#website","url":"https:\/\/www.youthforequality.sk\/","name":"","description":"","publisher":{"@id":"https:\/\/www.youthforequality.sk\/#organization"},"potentialAction":[{"@type":"SearchAction","target":{"@type":"EntryPoint","urlTemplate":"https:\/\/www.youthforequality.sk\/?s={search_term_string}"},"query-input":{"@type":"PropertyValueSpecification","valueRequired":true,"valueName":"search_term_string"}}],"inLanguage":"sk-SK"},{"@type":"Organization","@id":"https:\/\/www.youthforequality.sk\/#organization","name":"Youth for Equality","url":"https:\/\/www.youthforequality.sk\/","logo":{"@type":"ImageObject","inLanguage":"sk-SK","@id":"https:\/\/www.youthforequality.sk\/#\/schema\/logo\/image\/","url":"https:\/\/www.youthforequality.sk\/wp-content\/uploads\/2021\/01\/vynovene-logo-nove-farby_modra-na-web.png","contentUrl":"https:\/\/www.youthforequality.sk\/wp-content\/uploads\/2021\/01\/vynovene-logo-nove-farby_modra-na-web.png","width":1,"height":1,"caption":"Youth for Equality"},"image":{"@id":"https:\/\/www.youthforequality.sk\/#\/schema\/logo\/image\/"},"sameAs":["https:\/\/www.facebook.com\/yeslovakia"]},{"@type":"Person","@id":"https:\/\/www.youthforequality.sk\/#\/schema\/person\/13a1342f9669c039035c15166bfaf7dd","name":"Filip Ku\u017ema","image":{"@type":"ImageObject","inLanguage":"sk-SK","@id":"https:\/\/secure.gravatar.com\/avatar\/5f16b953992f889ac33be959cbb81fab7225cec203e13cff27b25f35459dbc06?s=96&d=mm&r=g","url":"https:\/\/secure.gravatar.com\/avatar\/5f16b953992f889ac33be959cbb81fab7225cec203e13cff27b25f35459dbc06?s=96&d=mm&r=g","contentUrl":"https:\/\/secure.gravatar.com\/avatar\/5f16b953992f889ac33be959cbb81fab7225cec203e13cff27b25f35459dbc06?s=96&d=mm&r=g","caption":"Filip Ku\u017ema"},"sameAs":["https:\/\/www.youthforequality.sk"],"url":"https:\/\/www.youthforequality.sk\/index.php\/author\/filkuz\/"}]}},"_links":{"self":[{"href":"https:\/\/www.youthforequality.sk\/index.php\/wp-json\/wp\/v2\/posts\/228","targetHints":{"allow":["GET"]}}],"collection":[{"href":"https:\/\/www.youthforequality.sk\/index.php\/wp-json\/wp\/v2\/posts"}],"about":[{"href":"https:\/\/www.youthforequality.sk\/index.php\/wp-json\/wp\/v2\/types\/post"}],"author":[{"embeddable":true,"href":"https:\/\/www.youthforequality.sk\/index.php\/wp-json\/wp\/v2\/users\/1"}],"replies":[{"embeddable":true,"href":"https:\/\/www.youthforequality.sk\/index.php\/wp-json\/wp\/v2\/comments?post=228"}],"version-history":[{"count":1,"href":"https:\/\/www.youthforequality.sk\/index.php\/wp-json\/wp\/v2\/posts\/228\/revisions"}],"predecessor-version":[{"id":229,"href":"https:\/\/www.youthforequality.sk\/index.php\/wp-json\/wp\/v2\/posts\/228\/revisions\/229"}],"wp:featuredmedia":[{"embeddable":true,"href":"https:\/\/www.youthforequality.sk\/index.php\/wp-json\/wp\/v2\/media\/263"}],"wp:attachment":[{"href":"https:\/\/www.youthforequality.sk\/index.php\/wp-json\/wp\/v2\/media?parent=228"}],"wp:term":[{"taxonomy":"category","embeddable":true,"href":"https:\/\/www.youthforequality.sk\/index.php\/wp-json\/wp\/v2\/categories?post=228"},{"taxonomy":"post_tag","embeddable":true,"href":"https:\/\/www.youthforequality.sk\/index.php\/wp-json\/wp\/v2\/tags?post=228"}],"curies":[{"name":"wp","href":"https:\/\/api.w.org\/{rel}","templated":true}]}}