{"id":236,"date":"2018-06-12T10:00:07","date_gmt":"2018-06-12T10:00:07","guid":{"rendered":"https:\/\/www.youthforequality.sk\/index.php\/2020\/04\/16\/mini-cross-border-seminar-copy-copy-copy\/"},"modified":"2020-04-17T14:52:51","modified_gmt":"2020-04-17T14:52:51","slug":"mapa-mobilit","status":"publish","type":"post","link":"https:\/\/www.youthforequality.sk\/index.php\/2018\/06\/12\/mapa-mobilit\/","title":{"rendered":"Mapa mobil\u00edt"},"content":{"rendered":"\n<p>Si \u017dIAK \u010di \u0160TUDENT a rozm\u00fd\u0161\u013ea\u0161 nad t\u00fdm, \u017ee by si r\u00e1d vycestoval a spozn\u00e1val in\u00e9 krajiny, z\u00edskal nov\u00e9 sk\u00fasenosti, zarobil si \u010di pomohol v r\u00e1mci dobrovo\u013en\u00edctva?PRACUJE\u0160, a rozm\u00fd\u0161\u013ea\u0161, \u017ee by si r\u00e1d zmenil t\u00fa ka\u017edodenn\u00fa rutinu a za\u017eil nie\u010do nov\u00e9?&nbsp;Pr\u00edpadne si NEZAMESTNAN\u00dd a ani nevie\u0161, \u017ee m\u00e1\u0161 r\u00f4zne mo\u017enosti v oblastiach, ktor\u00e9 \u0165a zauj\u00edmaj\u00fa, bez toho, \u017ee na to potrebuje\u0161 sk\u00fasenosti \u010di jazykov\u00e9 znalosti?Pozri si mapu mobil\u00edt, kde sa o r\u00f4znych mo\u017enostiach dozvie\u0161 viac a m\u00f4\u017ee\u0161 si napr\u00edklad napl\u00e1nova\u0165 aj bl\u00ed\u017eiace sa letn\u00e9 pr\u00e1zdniny pod\u013ea svojich snov \ud83d\ude42&nbsp;A nezab\u00fadajme: &#8222;Za dvadsa\u0165 rokov bude\u0161 viac sklaman\u00fd z vec\u00ed, ktor\u00e9 si neurobil, ne\u017e z t\u00fdch, ktor\u00e9 si urobil. Teda, odho\u010f kotvy. Odpl\u00e1vaj z bezpe\u010dn\u00e9ho pr\u00edstavu. Naber do plachiet priazniv\u00fd vietor. Sk\u00famaj. Sn\u00edvaj. Objavuj.&#8220;Nev\u00e1haj n\u00e1s kontaktova\u0165, v pr\u00edpade, \u017ee by si sa r\u00e1d dozvedel viac \ud83d\ude42&nbsp;<\/p>\n","protected":false},"excerpt":{"rendered":"<p>Si \u017dIAK \u010di \u0160TUDENT a rozm\u00fd\u0161\u013ea\u0161 nad t\u00fdm, \u017ee by si r\u00e1d vycestoval a spozn\u00e1val in\u00e9 krajiny, z\u00edskal nov\u00e9 sk\u00fasenosti, zarobil si \u010di pomohol v r\u00e1mci dobrovo\u013en\u00edctva?PRACUJE\u0160, a rozm\u00fd\u0161\u013ea\u0161, \u017ee by si r\u00e1d zmenil t\u00fa ka\u017edodenn\u00fa rutinu a za\u017eil nie\u010do nov\u00e9?&nbsp;Pr\u00edpadne si NEZAMESTNAN\u00dd a ani nevie\u0161, \u017ee m\u00e1\u0161 r\u00f4zne mo\u017enosti v oblastiach, ktor\u00e9 \u0165a zauj\u00edmaj\u00fa,&hellip;&nbsp;<a href=\"https:\/\/www.youthforequality.sk\/index.php\/2018\/06\/12\/mapa-mobilit\/\" class=\"\" rel=\"bookmark\">\u010c\u00edta\u0165 viac &raquo;<span class=\"screen-reader-text\">Mapa mobil\u00edt<\/span><\/a><\/p>\n","protected":false},"author":1,"featured_media":237,"comment_status":"open","ping_status":"open","sticky":false,"template":"template-full-width.php","format":"standard","meta":{"_uf_show_specific_survey":0,"_uf_disable_surveys":false,"neve_meta_sidebar":"","neve_meta_container":"","neve_meta_enable_content_width":"","neve_meta_content_width":0,"neve_meta_title_alignment":"","neve_meta_author_avatar":"","neve_post_elements_order":"","neve_meta_disable_header":"","neve_meta_disable_footer":"","neve_meta_disable_title":"","_themeisle_gutenberg_block_has_review":false,"footnotes":""},"categories":[3],"tags":[],"class_list":["post-236","post","type-post","status-publish","format-standard","has-post-thumbnail","hentry","category-blog"],"yoast_head":"<!-- This site is optimized with the Yoast SEO plugin v27.4 - https:\/\/yoast.com\/product\/yoast-seo-wordpress\/ -->\n<title>Mapa mobil\u00edt |<\/title>\n<meta name=\"robots\" content=\"index, follow, max-snippet:-1, max-image-preview:large, max-video-preview:-1\" \/>\n<link rel=\"canonical\" href=\"https:\/\/www.youthforequality.sk\/index.php\/2018\/06\/12\/mapa-mobilit\/\" \/>\n<meta property=\"og:locale\" content=\"sk_SK\" \/>\n<meta property=\"og:type\" content=\"article\" \/>\n<meta property=\"og:title\" content=\"Mapa mobil\u00edt |\" \/>\n<meta property=\"og:description\" content=\"Si \u017dIAK \u010di \u0160TUDENT a rozm\u00fd\u0161\u013ea\u0161 nad t\u00fdm, \u017ee by si r\u00e1d vycestoval a spozn\u00e1val in\u00e9 krajiny, z\u00edskal nov\u00e9 sk\u00fasenosti, zarobil si \u010di pomohol v r\u00e1mci dobrovo\u013en\u00edctva?PRACUJE\u0160, a rozm\u00fd\u0161\u013ea\u0161, \u017ee by si r\u00e1d zmenil t\u00fa ka\u017edodenn\u00fa rutinu a za\u017eil nie\u010do nov\u00e9?&nbsp;Pr\u00edpadne si NEZAMESTNAN\u00dd a ani nevie\u0161, \u017ee m\u00e1\u0161 r\u00f4zne mo\u017enosti v oblastiach, ktor\u00e9 \u0165a zauj\u00edmaj\u00fa,&hellip;&nbsp;\u010c\u00edta\u0165 viac &raquo;Mapa mobil\u00edt\" \/>\n<meta property=\"og:url\" content=\"https:\/\/www.youthforequality.sk\/index.php\/2018\/06\/12\/mapa-mobilit\/\" \/>\n<meta property=\"article:publisher\" content=\"https:\/\/www.facebook.com\/yeslovakia\" \/>\n<meta property=\"article:published_time\" content=\"2018-06-12T10:00:07+00:00\" \/>\n<meta property=\"article:modified_time\" content=\"2020-04-17T14:52:51+00:00\" \/>\n<meta property=\"og:image\" content=\"https:\/\/www.youthforequality.sk\/wp-content\/uploads\/2020\/04\/Mapa-Mobili\u0301t.jpg\" \/>\n\t<meta property=\"og:image:width\" content=\"691\" \/>\n\t<meta property=\"og:image:height\" content=\"960\" \/>\n\t<meta property=\"og:image:type\" content=\"image\/jpeg\" \/>\n<meta name=\"author\" content=\"Filip Ku\u017ema\" \/>\n<meta name=\"twitter:card\" content=\"summary_large_image\" \/>\n<meta name=\"twitter:label1\" content=\"Autor\" \/>\n\t<meta name=\"twitter:data1\" content=\"Filip Ku\u017ema\" \/>\n\t<meta name=\"twitter:label2\" content=\"Predpokladan\u00fd \u010das \u010d\u00edtania\" \/>\n\t<meta name=\"twitter:data2\" content=\"1 min\u00fata\" \/>\n<script type=\"application\/ld+json\" class=\"yoast-schema-graph\">{\"@context\":\"https:\\\/\\\/schema.org\",\"@graph\":[{\"@type\":\"Article\",\"@id\":\"https:\\\/\\\/www.youthforequality.sk\\\/index.php\\\/2018\\\/06\\\/12\\\/mapa-mobilit\\\/#article\",\"isPartOf\":{\"@id\":\"https:\\\/\\\/www.youthforequality.sk\\\/index.php\\\/2018\\\/06\\\/12\\\/mapa-mobilit\\\/\"},\"author\":{\"name\":\"Filip Ku\u017ema\",\"@id\":\"https:\\\/\\\/www.youthforequality.sk\\\/#\\\/schema\\\/person\\\/13a1342f9669c039035c15166bfaf7dd\"},\"headline\":\"Mapa mobil\u00edt\",\"datePublished\":\"2018-06-12T10:00:07+00:00\",\"dateModified\":\"2020-04-17T14:52:51+00:00\",\"mainEntityOfPage\":{\"@id\":\"https:\\\/\\\/www.youthforequality.sk\\\/index.php\\\/2018\\\/06\\\/12\\\/mapa-mobilit\\\/\"},\"wordCount\":183,\"commentCount\":0,\"publisher\":{\"@id\":\"https:\\\/\\\/www.youthforequality.sk\\\/#organization\"},\"image\":{\"@id\":\"https:\\\/\\\/www.youthforequality.sk\\\/index.php\\\/2018\\\/06\\\/12\\\/mapa-mobilit\\\/#primaryimage\"},\"thumbnailUrl\":\"https:\\\/\\\/www.youthforequality.sk\\\/wp-content\\\/uploads\\\/2020\\\/04\\\/Mapa-Mobili\u0301t.jpg\",\"articleSection\":[\"Blog\"],\"inLanguage\":\"sk-SK\",\"potentialAction\":[{\"@type\":\"CommentAction\",\"name\":\"Comment\",\"target\":[\"https:\\\/\\\/www.youthforequality.sk\\\/index.php\\\/2018\\\/06\\\/12\\\/mapa-mobilit\\\/#respond\"]}]},{\"@type\":\"WebPage\",\"@id\":\"https:\\\/\\\/www.youthforequality.sk\\\/index.php\\\/2018\\\/06\\\/12\\\/mapa-mobilit\\\/\",\"url\":\"https:\\\/\\\/www.youthforequality.sk\\\/index.php\\\/2018\\\/06\\\/12\\\/mapa-mobilit\\\/\",\"name\":\"Mapa mobil\u00edt |\",\"isPartOf\":{\"@id\":\"https:\\\/\\\/www.youthforequality.sk\\\/#website\"},\"primaryImageOfPage\":{\"@id\":\"https:\\\/\\\/www.youthforequality.sk\\\/index.php\\\/2018\\\/06\\\/12\\\/mapa-mobilit\\\/#primaryimage\"},\"image\":{\"@id\":\"https:\\\/\\\/www.youthforequality.sk\\\/index.php\\\/2018\\\/06\\\/12\\\/mapa-mobilit\\\/#primaryimage\"},\"thumbnailUrl\":\"https:\\\/\\\/www.youthforequality.sk\\\/wp-content\\\/uploads\\\/2020\\\/04\\\/Mapa-Mobili\u0301t.jpg\",\"datePublished\":\"2018-06-12T10:00:07+00:00\",\"dateModified\":\"2020-04-17T14:52:51+00:00\",\"breadcrumb\":{\"@id\":\"https:\\\/\\\/www.youthforequality.sk\\\/index.php\\\/2018\\\/06\\\/12\\\/mapa-mobilit\\\/#breadcrumb\"},\"inLanguage\":\"sk-SK\",\"potentialAction\":[{\"@type\":\"ReadAction\",\"target\":[\"https:\\\/\\\/www.youthforequality.sk\\\/index.php\\\/2018\\\/06\\\/12\\\/mapa-mobilit\\\/\"]}]},{\"@type\":\"ImageObject\",\"inLanguage\":\"sk-SK\",\"@id\":\"https:\\\/\\\/www.youthforequality.sk\\\/index.php\\\/2018\\\/06\\\/12\\\/mapa-mobilit\\\/#primaryimage\",\"url\":\"https:\\\/\\\/www.youthforequality.sk\\\/wp-content\\\/uploads\\\/2020\\\/04\\\/Mapa-Mobili\u0301t.jpg\",\"contentUrl\":\"https:\\\/\\\/www.youthforequality.sk\\\/wp-content\\\/uploads\\\/2020\\\/04\\\/Mapa-Mobili\u0301t.jpg\",\"width\":691,\"height\":960},{\"@type\":\"BreadcrumbList\",\"@id\":\"https:\\\/\\\/www.youthforequality.sk\\\/index.php\\\/2018\\\/06\\\/12\\\/mapa-mobilit\\\/#breadcrumb\",\"itemListElement\":[{\"@type\":\"ListItem\",\"position\":1,\"name\":\"Home\",\"item\":\"https:\\\/\\\/www.youthforequality.sk\\\/\"},{\"@type\":\"ListItem\",\"position\":2,\"name\":\"Mapa mobil\u00edt\"}]},{\"@type\":\"WebSite\",\"@id\":\"https:\\\/\\\/www.youthforequality.sk\\\/#website\",\"url\":\"https:\\\/\\\/www.youthforequality.sk\\\/\",\"name\":\"\",\"description\":\"\",\"publisher\":{\"@id\":\"https:\\\/\\\/www.youthforequality.sk\\\/#organization\"},\"potentialAction\":[{\"@type\":\"SearchAction\",\"target\":{\"@type\":\"EntryPoint\",\"urlTemplate\":\"https:\\\/\\\/www.youthforequality.sk\\\/?s={search_term_string}\"},\"query-input\":{\"@type\":\"PropertyValueSpecification\",\"valueRequired\":true,\"valueName\":\"search_term_string\"}}],\"inLanguage\":\"sk-SK\"},{\"@type\":\"Organization\",\"@id\":\"https:\\\/\\\/www.youthforequality.sk\\\/#organization\",\"name\":\"Youth for Equality\",\"url\":\"https:\\\/\\\/www.youthforequality.sk\\\/\",\"logo\":{\"@type\":\"ImageObject\",\"inLanguage\":\"sk-SK\",\"@id\":\"https:\\\/\\\/www.youthforequality.sk\\\/#\\\/schema\\\/logo\\\/image\\\/\",\"url\":\"https:\\\/\\\/www.youthforequality.sk\\\/wp-content\\\/uploads\\\/2021\\\/01\\\/vynovene-logo-nove-farby_modra-na-web.png\",\"contentUrl\":\"https:\\\/\\\/www.youthforequality.sk\\\/wp-content\\\/uploads\\\/2021\\\/01\\\/vynovene-logo-nove-farby_modra-na-web.png\",\"width\":1,\"height\":1,\"caption\":\"Youth for Equality\"},\"image\":{\"@id\":\"https:\\\/\\\/www.youthforequality.sk\\\/#\\\/schema\\\/logo\\\/image\\\/\"},\"sameAs\":[\"https:\\\/\\\/www.facebook.com\\\/yeslovakia\"]},{\"@type\":\"Person\",\"@id\":\"https:\\\/\\\/www.youthforequality.sk\\\/#\\\/schema\\\/person\\\/13a1342f9669c039035c15166bfaf7dd\",\"name\":\"Filip Ku\u017ema\",\"image\":{\"@type\":\"ImageObject\",\"inLanguage\":\"sk-SK\",\"@id\":\"https:\\\/\\\/secure.gravatar.com\\\/avatar\\\/5f16b953992f889ac33be959cbb81fab7225cec203e13cff27b25f35459dbc06?s=96&d=mm&r=g\",\"url\":\"https:\\\/\\\/secure.gravatar.com\\\/avatar\\\/5f16b953992f889ac33be959cbb81fab7225cec203e13cff27b25f35459dbc06?s=96&d=mm&r=g\",\"contentUrl\":\"https:\\\/\\\/secure.gravatar.com\\\/avatar\\\/5f16b953992f889ac33be959cbb81fab7225cec203e13cff27b25f35459dbc06?s=96&d=mm&r=g\",\"caption\":\"Filip Ku\u017ema\"},\"sameAs\":[\"https:\\\/\\\/www.youthforequality.sk\"],\"url\":\"https:\\\/\\\/www.youthforequality.sk\\\/index.php\\\/author\\\/filkuz\\\/\"}]}<\/script>\n<!-- \/ Yoast SEO plugin. -->","yoast_head_json":{"title":"Mapa mobil\u00edt |","robots":{"index":"index","follow":"follow","max-snippet":"max-snippet:-1","max-image-preview":"max-image-preview:large","max-video-preview":"max-video-preview:-1"},"canonical":"https:\/\/www.youthforequality.sk\/index.php\/2018\/06\/12\/mapa-mobilit\/","og_locale":"sk_SK","og_type":"article","og_title":"Mapa mobil\u00edt |","og_description":"Si \u017dIAK \u010di \u0160TUDENT a rozm\u00fd\u0161\u013ea\u0161 nad t\u00fdm, \u017ee by si r\u00e1d vycestoval a spozn\u00e1val in\u00e9 krajiny, z\u00edskal nov\u00e9 sk\u00fasenosti, zarobil si \u010di pomohol v r\u00e1mci dobrovo\u013en\u00edctva?PRACUJE\u0160, a rozm\u00fd\u0161\u013ea\u0161, \u017ee by si r\u00e1d zmenil t\u00fa ka\u017edodenn\u00fa rutinu a za\u017eil nie\u010do nov\u00e9?&nbsp;Pr\u00edpadne si NEZAMESTNAN\u00dd a ani nevie\u0161, \u017ee m\u00e1\u0161 r\u00f4zne mo\u017enosti v oblastiach, ktor\u00e9 \u0165a zauj\u00edmaj\u00fa,&hellip;&nbsp;\u010c\u00edta\u0165 viac &raquo;Mapa mobil\u00edt","og_url":"https:\/\/www.youthforequality.sk\/index.php\/2018\/06\/12\/mapa-mobilit\/","article_publisher":"https:\/\/www.facebook.com\/yeslovakia","article_published_time":"2018-06-12T10:00:07+00:00","article_modified_time":"2020-04-17T14:52:51+00:00","og_image":[{"width":691,"height":960,"url":"https:\/\/www.youthforequality.sk\/wp-content\/uploads\/2020\/04\/Mapa-Mobili\u0301t.jpg","type":"image\/jpeg"}],"author":"Filip Ku\u017ema","twitter_card":"summary_large_image","twitter_misc":{"Autor":"Filip Ku\u017ema","Predpokladan\u00fd \u010das \u010d\u00edtania":"1 min\u00fata"},"schema":{"@context":"https:\/\/schema.org","@graph":[{"@type":"Article","@id":"https:\/\/www.youthforequality.sk\/index.php\/2018\/06\/12\/mapa-mobilit\/#article","isPartOf":{"@id":"https:\/\/www.youthforequality.sk\/index.php\/2018\/06\/12\/mapa-mobilit\/"},"author":{"name":"Filip Ku\u017ema","@id":"https:\/\/www.youthforequality.sk\/#\/schema\/person\/13a1342f9669c039035c15166bfaf7dd"},"headline":"Mapa mobil\u00edt","datePublished":"2018-06-12T10:00:07+00:00","dateModified":"2020-04-17T14:52:51+00:00","mainEntityOfPage":{"@id":"https:\/\/www.youthforequality.sk\/index.php\/2018\/06\/12\/mapa-mobilit\/"},"wordCount":183,"commentCount":0,"publisher":{"@id":"https:\/\/www.youthforequality.sk\/#organization"},"image":{"@id":"https:\/\/www.youthforequality.sk\/index.php\/2018\/06\/12\/mapa-mobilit\/#primaryimage"},"thumbnailUrl":"https:\/\/www.youthforequality.sk\/wp-content\/uploads\/2020\/04\/Mapa-Mobili\u0301t.jpg","articleSection":["Blog"],"inLanguage":"sk-SK","potentialAction":[{"@type":"CommentAction","name":"Comment","target":["https:\/\/www.youthforequality.sk\/index.php\/2018\/06\/12\/mapa-mobilit\/#respond"]}]},{"@type":"WebPage","@id":"https:\/\/www.youthforequality.sk\/index.php\/2018\/06\/12\/mapa-mobilit\/","url":"https:\/\/www.youthforequality.sk\/index.php\/2018\/06\/12\/mapa-mobilit\/","name":"Mapa mobil\u00edt |","isPartOf":{"@id":"https:\/\/www.youthforequality.sk\/#website"},"primaryImageOfPage":{"@id":"https:\/\/www.youthforequality.sk\/index.php\/2018\/06\/12\/mapa-mobilit\/#primaryimage"},"image":{"@id":"https:\/\/www.youthforequality.sk\/index.php\/2018\/06\/12\/mapa-mobilit\/#primaryimage"},"thumbnailUrl":"https:\/\/www.youthforequality.sk\/wp-content\/uploads\/2020\/04\/Mapa-Mobili\u0301t.jpg","datePublished":"2018-06-12T10:00:07+00:00","dateModified":"2020-04-17T14:52:51+00:00","breadcrumb":{"@id":"https:\/\/www.youthforequality.sk\/index.php\/2018\/06\/12\/mapa-mobilit\/#breadcrumb"},"inLanguage":"sk-SK","potentialAction":[{"@type":"ReadAction","target":["https:\/\/www.youthforequality.sk\/index.php\/2018\/06\/12\/mapa-mobilit\/"]}]},{"@type":"ImageObject","inLanguage":"sk-SK","@id":"https:\/\/www.youthforequality.sk\/index.php\/2018\/06\/12\/mapa-mobilit\/#primaryimage","url":"https:\/\/www.youthforequality.sk\/wp-content\/uploads\/2020\/04\/Mapa-Mobili\u0301t.jpg","contentUrl":"https:\/\/www.youthforequality.sk\/wp-content\/uploads\/2020\/04\/Mapa-Mobili\u0301t.jpg","width":691,"height":960},{"@type":"BreadcrumbList","@id":"https:\/\/www.youthforequality.sk\/index.php\/2018\/06\/12\/mapa-mobilit\/#breadcrumb","itemListElement":[{"@type":"ListItem","position":1,"name":"Home","item":"https:\/\/www.youthforequality.sk\/"},{"@type":"ListItem","position":2,"name":"Mapa mobil\u00edt"}]},{"@type":"WebSite","@id":"https:\/\/www.youthforequality.sk\/#website","url":"https:\/\/www.youthforequality.sk\/","name":"","description":"","publisher":{"@id":"https:\/\/www.youthforequality.sk\/#organization"},"potentialAction":[{"@type":"SearchAction","target":{"@type":"EntryPoint","urlTemplate":"https:\/\/www.youthforequality.sk\/?s={search_term_string}"},"query-input":{"@type":"PropertyValueSpecification","valueRequired":true,"valueName":"search_term_string"}}],"inLanguage":"sk-SK"},{"@type":"Organization","@id":"https:\/\/www.youthforequality.sk\/#organization","name":"Youth for Equality","url":"https:\/\/www.youthforequality.sk\/","logo":{"@type":"ImageObject","inLanguage":"sk-SK","@id":"https:\/\/www.youthforequality.sk\/#\/schema\/logo\/image\/","url":"https:\/\/www.youthforequality.sk\/wp-content\/uploads\/2021\/01\/vynovene-logo-nove-farby_modra-na-web.png","contentUrl":"https:\/\/www.youthforequality.sk\/wp-content\/uploads\/2021\/01\/vynovene-logo-nove-farby_modra-na-web.png","width":1,"height":1,"caption":"Youth for Equality"},"image":{"@id":"https:\/\/www.youthforequality.sk\/#\/schema\/logo\/image\/"},"sameAs":["https:\/\/www.facebook.com\/yeslovakia"]},{"@type":"Person","@id":"https:\/\/www.youthforequality.sk\/#\/schema\/person\/13a1342f9669c039035c15166bfaf7dd","name":"Filip Ku\u017ema","image":{"@type":"ImageObject","inLanguage":"sk-SK","@id":"https:\/\/secure.gravatar.com\/avatar\/5f16b953992f889ac33be959cbb81fab7225cec203e13cff27b25f35459dbc06?s=96&d=mm&r=g","url":"https:\/\/secure.gravatar.com\/avatar\/5f16b953992f889ac33be959cbb81fab7225cec203e13cff27b25f35459dbc06?s=96&d=mm&r=g","contentUrl":"https:\/\/secure.gravatar.com\/avatar\/5f16b953992f889ac33be959cbb81fab7225cec203e13cff27b25f35459dbc06?s=96&d=mm&r=g","caption":"Filip Ku\u017ema"},"sameAs":["https:\/\/www.youthforequality.sk"],"url":"https:\/\/www.youthforequality.sk\/index.php\/author\/filkuz\/"}]}},"_links":{"self":[{"href":"https:\/\/www.youthforequality.sk\/index.php\/wp-json\/wp\/v2\/posts\/236","targetHints":{"allow":["GET"]}}],"collection":[{"href":"https:\/\/www.youthforequality.sk\/index.php\/wp-json\/wp\/v2\/posts"}],"about":[{"href":"https:\/\/www.youthforequality.sk\/index.php\/wp-json\/wp\/v2\/types\/post"}],"author":[{"embeddable":true,"href":"https:\/\/www.youthforequality.sk\/index.php\/wp-json\/wp\/v2\/users\/1"}],"replies":[{"embeddable":true,"href":"https:\/\/www.youthforequality.sk\/index.php\/wp-json\/wp\/v2\/comments?post=236"}],"version-history":[{"count":2,"href":"https:\/\/www.youthforequality.sk\/index.php\/wp-json\/wp\/v2\/posts\/236\/revisions"}],"predecessor-version":[{"id":944,"href":"https:\/\/www.youthforequality.sk\/index.php\/wp-json\/wp\/v2\/posts\/236\/revisions\/944"}],"wp:featuredmedia":[{"embeddable":true,"href":"https:\/\/www.youthforequality.sk\/index.php\/wp-json\/wp\/v2\/media\/237"}],"wp:attachment":[{"href":"https:\/\/www.youthforequality.sk\/index.php\/wp-json\/wp\/v2\/media?parent=236"}],"wp:term":[{"taxonomy":"category","embeddable":true,"href":"https:\/\/www.youthforequality.sk\/index.php\/wp-json\/wp\/v2\/categories?post=236"},{"taxonomy":"post_tag","embeddable":true,"href":"https:\/\/www.youthforequality.sk\/index.php\/wp-json\/wp\/v2\/tags?post=236"}],"curies":[{"name":"wp","href":"https:\/\/api.w.org\/{rel}","templated":true}]}}