{"id":243,"date":"2018-06-08T10:00:00","date_gmt":"2018-06-08T10:00:00","guid":{"rendered":"https:\/\/www.youthforequality.sk\/index.php\/2020\/04\/16\/mini-cross-border-seminar-copy-copy-2\/"},"modified":"2020-04-17T14:53:18","modified_gmt":"2020-04-17T14:53:18","slug":"myslime-na-nasu-buducnost","status":"publish","type":"post","link":"https:\/\/www.youthforequality.sk\/index.php\/2018\/06\/08\/myslime-na-nasu-buducnost\/","title":{"rendered":"Mysl\u00edme na na\u0161u bud\u00facnos\u0165?"},"content":{"rendered":"\n<p>V s\u00fa\u010dasnom svete sa n\u00e1m otv\u00e1ra nespo\u010detn\u00e9 mno\u017estvo mo\u017enost\u00ed, a to aj v r\u00e1mci cestovania. \u017denieme sa za skvel\u00fdmi z\u00e1\u017eitkami a nerie\u0161ime ak\u00e9 negat\u00edvne n\u00e1sledky vedomky\/nevedomky sp\u00f4sobujeme. \u010ci u\u017e s\u00fa to dovolenky, na ktor\u00e9 sa vyberieme \u010do i len raz ro\u010dne alebo vzdel\u00e1vacie programy kdeko\u013evek v zahrani\u010d\u00ed.<\/p>\n\n\n\n<p>V tom pocite slobody \u010di relaxu zrejme zab\u00fadame na to, \u017ee nejde len o to, nie\u010do si pln\u00fdmi d\u00fa\u0161kami vychutn\u00e1va\u0165 a nebra\u0165 oh\u013ead na ni\u010d in\u00e9 alebo na in\u00fdch.&nbsp;<\/p>\n\n\n\n<p>Napr\u00edklad aj pre to sme sa namiesto dovolenky na Islande z\u00fa\u010dastnili workcampov, kde sme nielen pomohli zachov\u00e1va\u0165 kr\u00e1su pr\u00edrody v n\u00e1vale turistov, ale urobili aj nie\u010do pre bud\u00facnos\u0165, preto\u017ee chceme, aby t\u00fato kr\u00e1su mohli za\u017ei\u0165 aj \u010fal\u0161ie gener\u00e1cie.&nbsp;<\/p>\n\n\n\n<p>D\u00fafame, \u017ee v dokonalom svete soci\u00e1lnych m\u00e9di\u00ed sa stane t\u00e1to fotka ak\u00fdmsi t\u0155\u0148om v oku a \u017ee sa nad \u0148ou pozastav\u00edme a sami si uvedom\u00edme, \u017ee dokonal\u00fdch miest na &#8222;selfie&#8220; \u010di fotiek na &#8222;instagram&#8220; bude zrejme len ub\u00fada\u0165.<\/p>\n\n\n\n<p>V roku 2014 bolo mno\u017estvo odpadu vyprodukovan\u00e9ho turizmom 4,8 mil ton, \u010do predstavuje 14% celkov\u00e9ho odpadu (UNEP). Pod\u013ea v\u00fdskumu Eunomia Research &amp; Consulting a\u017e 80% z 12,2mil ton plastov\u00e9ho odpadu skon\u010d\u00ed v mori!&nbsp;Ak\u00e9 s\u00fa tieto \u010d\u00edsla v s\u00fa\u010dasnosti?&#8220;<\/p>\n\n\n\n<p class=\"has-text-align-center\">Travel the world. And then change it for the better&#8220;&nbsp;<\/p>\n\n\n\n<figure class=\"wp-block-gallery columns-3 is-cropped wp-block-gallery-1 is-layout-flex wp-block-gallery-is-layout-flex\"><ul class=\"blocks-gallery-grid\"><li class=\"blocks-gallery-item\"><figure><img fetchpriority=\"high\" decoding=\"async\" width=\"636\" height=\"960\" src=\"https:\/\/www.youthforequality.sk\/wp-content\/uploads\/2020\/04\/Buducnost-2.jpg\" alt=\"\" data-id=\"246\" data-full-url=\"https:\/\/www.youthforequality.sk\/wp-content\/uploads\/2020\/04\/Buducnost-2.jpg\" data-link=\"https:\/\/www.youthforequality.sk\/index.php\/2018\/06\/08\/mini-cross-border-seminar-copy-copy-2\/buducnost-2\/\" class=\"wp-image-246\" srcset=\"https:\/\/www.youthforequality.sk\/wp-content\/uploads\/2020\/04\/Buducnost-2.jpg 636w, https:\/\/www.youthforequality.sk\/wp-content\/uploads\/2020\/04\/Buducnost-2-199x300.jpg 199w, https:\/\/www.youthforequality.sk\/wp-content\/uploads\/2020\/04\/Buducnost-2-540x815.jpg 540w\" sizes=\"(max-width: 636px) 100vw, 636px\" \/><\/figure><\/li><li class=\"blocks-gallery-item\"><figure><img decoding=\"async\" width=\"678\" height=\"960\" src=\"https:\/\/www.youthforequality.sk\/wp-content\/uploads\/2020\/04\/Buducnost-3.jpg\" alt=\"\" data-id=\"247\" data-full-url=\"https:\/\/www.youthforequality.sk\/wp-content\/uploads\/2020\/04\/Buducnost-3.jpg\" data-link=\"https:\/\/www.youthforequality.sk\/index.php\/2018\/06\/08\/mini-cross-border-seminar-copy-copy-2\/buducnost-3\/\" class=\"wp-image-247\" srcset=\"https:\/\/www.youthforequality.sk\/wp-content\/uploads\/2020\/04\/Buducnost-3.jpg 678w, https:\/\/www.youthforequality.sk\/wp-content\/uploads\/2020\/04\/Buducnost-3-212x300.jpg 212w, https:\/\/www.youthforequality.sk\/wp-content\/uploads\/2020\/04\/Buducnost-3-540x765.jpg 540w\" sizes=\"(max-width: 678px) 100vw, 678px\" \/><\/figure><\/li><li class=\"blocks-gallery-item\"><figure><img decoding=\"async\" width=\"694\" height=\"960\" src=\"https:\/\/www.youthforequality.sk\/wp-content\/uploads\/2020\/04\/Buducnost-4.jpg\" alt=\"\" data-id=\"248\" data-full-url=\"https:\/\/www.youthforequality.sk\/wp-content\/uploads\/2020\/04\/Buducnost-4.jpg\" data-link=\"https:\/\/www.youthforequality.sk\/index.php\/2018\/06\/08\/mini-cross-border-seminar-copy-copy-2\/buducnost-4\/\" class=\"wp-image-248\" srcset=\"https:\/\/www.youthforequality.sk\/wp-content\/uploads\/2020\/04\/Buducnost-4.jpg 694w, https:\/\/www.youthforequality.sk\/wp-content\/uploads\/2020\/04\/Buducnost-4-217x300.jpg 217w, https:\/\/www.youthforequality.sk\/wp-content\/uploads\/2020\/04\/Buducnost-4-540x747.jpg 540w\" sizes=\"(max-width: 694px) 100vw, 694px\" \/><\/figure><\/li><li class=\"blocks-gallery-item\"><figure><img loading=\"lazy\" decoding=\"async\" width=\"640\" height=\"960\" src=\"https:\/\/www.youthforequality.sk\/wp-content\/uploads\/2020\/04\/Buducnost-5.jpg\" alt=\"\" data-id=\"249\" data-full-url=\"https:\/\/www.youthforequality.sk\/wp-content\/uploads\/2020\/04\/Buducnost-5.jpg\" data-link=\"https:\/\/www.youthforequality.sk\/index.php\/2018\/06\/08\/mini-cross-border-seminar-copy-copy-2\/buducnost-5\/\" class=\"wp-image-249\" srcset=\"https:\/\/www.youthforequality.sk\/wp-content\/uploads\/2020\/04\/Buducnost-5.jpg 640w, https:\/\/www.youthforequality.sk\/wp-content\/uploads\/2020\/04\/Buducnost-5-200x300.jpg 200w, https:\/\/www.youthforequality.sk\/wp-content\/uploads\/2020\/04\/Buducnost-5-540x810.jpg 540w\" sizes=\"(max-width: 640px) 100vw, 640px\" \/><\/figure><\/li><li class=\"blocks-gallery-item\"><figure><img loading=\"lazy\" decoding=\"async\" width=\"714\" height=\"960\" src=\"https:\/\/www.youthforequality.sk\/wp-content\/uploads\/2020\/04\/Buducnost-6.jpg\" alt=\"\" data-id=\"250\" data-full-url=\"https:\/\/www.youthforequality.sk\/wp-content\/uploads\/2020\/04\/Buducnost-6.jpg\" data-link=\"https:\/\/www.youthforequality.sk\/index.php\/2018\/06\/08\/mini-cross-border-seminar-copy-copy-2\/buducnost-6\/\" class=\"wp-image-250\" srcset=\"https:\/\/www.youthforequality.sk\/wp-content\/uploads\/2020\/04\/Buducnost-6.jpg 714w, https:\/\/www.youthforequality.sk\/wp-content\/uploads\/2020\/04\/Buducnost-6-223x300.jpg 223w, https:\/\/www.youthforequality.sk\/wp-content\/uploads\/2020\/04\/Buducnost-6-540x726.jpg 540w\" sizes=\"(max-width: 714px) 100vw, 714px\" \/><\/figure><\/li><li class=\"blocks-gallery-item\"><figure><img loading=\"lazy\" decoding=\"async\" width=\"659\" height=\"960\" src=\"https:\/\/www.youthforequality.sk\/wp-content\/uploads\/2020\/04\/Buducnost-7.jpg\" alt=\"\" data-id=\"251\" data-full-url=\"https:\/\/www.youthforequality.sk\/wp-content\/uploads\/2020\/04\/Buducnost-7.jpg\" data-link=\"https:\/\/www.youthforequality.sk\/index.php\/2018\/06\/08\/mini-cross-border-seminar-copy-copy-2\/buducnost-7\/\" class=\"wp-image-251\" srcset=\"https:\/\/www.youthforequality.sk\/wp-content\/uploads\/2020\/04\/Buducnost-7.jpg 659w, https:\/\/www.youthforequality.sk\/wp-content\/uploads\/2020\/04\/Buducnost-7-206x300.jpg 206w, https:\/\/www.youthforequality.sk\/wp-content\/uploads\/2020\/04\/Buducnost-7-540x787.jpg 540w\" sizes=\"(max-width: 659px) 100vw, 659px\" \/><\/figure><\/li><\/ul><\/figure>\n","protected":false},"excerpt":{"rendered":"<p>V s\u00fa\u010dasnom svete sa n\u00e1m otv\u00e1ra nespo\u010detn\u00e9 mno\u017estvo mo\u017enost\u00ed, a to aj v r\u00e1mci cestovania. \u017denieme sa za skvel\u00fdmi z\u00e1\u017eitkami a nerie\u0161ime ak\u00e9 negat\u00edvne n\u00e1sledky vedomky\/nevedomky sp\u00f4sobujeme. \u010ci u\u017e s\u00fa to dovolenky, na ktor\u00e9 sa vyberieme \u010do i len raz ro\u010dne alebo vzdel\u00e1vacie programy kdeko\u013evek v zahrani\u010d\u00ed. V tom pocite slobody \u010di relaxu zrejme zab\u00fadame&hellip;&nbsp;<a href=\"https:\/\/www.youthforequality.sk\/index.php\/2018\/06\/08\/myslime-na-nasu-buducnost\/\" class=\"\" rel=\"bookmark\">\u010c\u00edta\u0165 viac &raquo;<span class=\"screen-reader-text\">Mysl\u00edme na na\u0161u bud\u00facnos\u0165?<\/span><\/a><\/p>\n","protected":false},"author":1,"featured_media":245,"comment_status":"open","ping_status":"open","sticky":false,"template":"template-full-width.php","format":"standard","meta":{"_uf_show_specific_survey":0,"_uf_disable_surveys":false,"neve_meta_sidebar":"","neve_meta_container":"","neve_meta_enable_content_width":"","neve_meta_content_width":0,"neve_meta_title_alignment":"","neve_meta_author_avatar":"","neve_post_elements_order":"","neve_meta_disable_header":"","neve_meta_disable_footer":"","neve_meta_disable_title":"","_themeisle_gutenberg_block_has_review":false,"footnotes":""},"categories":[3],"tags":[],"class_list":["post-243","post","type-post","status-publish","format-standard","has-post-thumbnail","hentry","category-blog"],"yoast_head":"<!-- This site is optimized with the Yoast SEO plugin v27.4 - https:\/\/yoast.com\/product\/yoast-seo-wordpress\/ -->\n<title>Mysl\u00edme na na\u0161u bud\u00facnos\u0165? |<\/title>\n<meta name=\"robots\" content=\"index, follow, max-snippet:-1, max-image-preview:large, max-video-preview:-1\" \/>\n<link rel=\"canonical\" href=\"https:\/\/www.youthforequality.sk\/index.php\/2018\/06\/08\/myslime-na-nasu-buducnost\/\" \/>\n<meta property=\"og:locale\" content=\"sk_SK\" \/>\n<meta property=\"og:type\" content=\"article\" \/>\n<meta property=\"og:title\" content=\"Mysl\u00edme na na\u0161u bud\u00facnos\u0165? |\" \/>\n<meta property=\"og:description\" content=\"V s\u00fa\u010dasnom svete sa n\u00e1m otv\u00e1ra nespo\u010detn\u00e9 mno\u017estvo mo\u017enost\u00ed, a to aj v r\u00e1mci cestovania. \u017denieme sa za skvel\u00fdmi z\u00e1\u017eitkami a nerie\u0161ime ak\u00e9 negat\u00edvne n\u00e1sledky vedomky\/nevedomky sp\u00f4sobujeme. \u010ci u\u017e s\u00fa to dovolenky, na ktor\u00e9 sa vyberieme \u010do i len raz ro\u010dne alebo vzdel\u00e1vacie programy kdeko\u013evek v zahrani\u010d\u00ed. V tom pocite slobody \u010di relaxu zrejme zab\u00fadame&hellip;&nbsp;\u010c\u00edta\u0165 viac &raquo;Mysl\u00edme na na\u0161u bud\u00facnos\u0165?\" \/>\n<meta property=\"og:url\" content=\"https:\/\/www.youthforequality.sk\/index.php\/2018\/06\/08\/myslime-na-nasu-buducnost\/\" \/>\n<meta property=\"article:publisher\" content=\"https:\/\/www.facebook.com\/yeslovakia\" \/>\n<meta property=\"article:published_time\" content=\"2018-06-08T10:00:00+00:00\" \/>\n<meta property=\"article:modified_time\" content=\"2020-04-17T14:53:18+00:00\" \/>\n<meta property=\"og:image\" content=\"https:\/\/www.youthforequality.sk\/wp-content\/uploads\/2018\/06\/Buducnost-1.jpg\" \/>\n\t<meta property=\"og:image:width\" content=\"636\" \/>\n\t<meta property=\"og:image:height\" content=\"960\" \/>\n\t<meta property=\"og:image:type\" content=\"image\/jpeg\" \/>\n<meta name=\"author\" content=\"Filip Ku\u017ema\" \/>\n<meta name=\"twitter:card\" content=\"summary_large_image\" \/>\n<meta name=\"twitter:label1\" content=\"Autor\" \/>\n\t<meta name=\"twitter:data1\" content=\"Filip Ku\u017ema\" \/>\n\t<meta name=\"twitter:label2\" content=\"Predpokladan\u00fd \u010das \u010d\u00edtania\" \/>\n\t<meta name=\"twitter:data2\" content=\"1 min\u00fata\" \/>\n<script type=\"application\/ld+json\" class=\"yoast-schema-graph\">{\"@context\":\"https:\\\/\\\/schema.org\",\"@graph\":[{\"@type\":\"Article\",\"@id\":\"https:\\\/\\\/www.youthforequality.sk\\\/index.php\\\/2018\\\/06\\\/08\\\/myslime-na-nasu-buducnost\\\/#article\",\"isPartOf\":{\"@id\":\"https:\\\/\\\/www.youthforequality.sk\\\/index.php\\\/2018\\\/06\\\/08\\\/myslime-na-nasu-buducnost\\\/\"},\"author\":{\"name\":\"Filip Ku\u017ema\",\"@id\":\"https:\\\/\\\/www.youthforequality.sk\\\/#\\\/schema\\\/person\\\/13a1342f9669c039035c15166bfaf7dd\"},\"headline\":\"Mysl\u00edme na na\u0161u bud\u00facnos\u0165?\",\"datePublished\":\"2018-06-08T10:00:00+00:00\",\"dateModified\":\"2020-04-17T14:53:18+00:00\",\"mainEntityOfPage\":{\"@id\":\"https:\\\/\\\/www.youthforequality.sk\\\/index.php\\\/2018\\\/06\\\/08\\\/myslime-na-nasu-buducnost\\\/\"},\"wordCount\":263,\"commentCount\":0,\"publisher\":{\"@id\":\"https:\\\/\\\/www.youthforequality.sk\\\/#organization\"},\"image\":{\"@id\":\"https:\\\/\\\/www.youthforequality.sk\\\/index.php\\\/2018\\\/06\\\/08\\\/myslime-na-nasu-buducnost\\\/#primaryimage\"},\"thumbnailUrl\":\"https:\\\/\\\/www.youthforequality.sk\\\/wp-content\\\/uploads\\\/2018\\\/06\\\/Buducnost-1.jpg\",\"articleSection\":[\"Blog\"],\"inLanguage\":\"sk-SK\",\"potentialAction\":[{\"@type\":\"CommentAction\",\"name\":\"Comment\",\"target\":[\"https:\\\/\\\/www.youthforequality.sk\\\/index.php\\\/2018\\\/06\\\/08\\\/myslime-na-nasu-buducnost\\\/#respond\"]}]},{\"@type\":\"WebPage\",\"@id\":\"https:\\\/\\\/www.youthforequality.sk\\\/index.php\\\/2018\\\/06\\\/08\\\/myslime-na-nasu-buducnost\\\/\",\"url\":\"https:\\\/\\\/www.youthforequality.sk\\\/index.php\\\/2018\\\/06\\\/08\\\/myslime-na-nasu-buducnost\\\/\",\"name\":\"Mysl\u00edme na na\u0161u bud\u00facnos\u0165? |\",\"isPartOf\":{\"@id\":\"https:\\\/\\\/www.youthforequality.sk\\\/#website\"},\"primaryImageOfPage\":{\"@id\":\"https:\\\/\\\/www.youthforequality.sk\\\/index.php\\\/2018\\\/06\\\/08\\\/myslime-na-nasu-buducnost\\\/#primaryimage\"},\"image\":{\"@id\":\"https:\\\/\\\/www.youthforequality.sk\\\/index.php\\\/2018\\\/06\\\/08\\\/myslime-na-nasu-buducnost\\\/#primaryimage\"},\"thumbnailUrl\":\"https:\\\/\\\/www.youthforequality.sk\\\/wp-content\\\/uploads\\\/2018\\\/06\\\/Buducnost-1.jpg\",\"datePublished\":\"2018-06-08T10:00:00+00:00\",\"dateModified\":\"2020-04-17T14:53:18+00:00\",\"breadcrumb\":{\"@id\":\"https:\\\/\\\/www.youthforequality.sk\\\/index.php\\\/2018\\\/06\\\/08\\\/myslime-na-nasu-buducnost\\\/#breadcrumb\"},\"inLanguage\":\"sk-SK\",\"potentialAction\":[{\"@type\":\"ReadAction\",\"target\":[\"https:\\\/\\\/www.youthforequality.sk\\\/index.php\\\/2018\\\/06\\\/08\\\/myslime-na-nasu-buducnost\\\/\"]}]},{\"@type\":\"ImageObject\",\"inLanguage\":\"sk-SK\",\"@id\":\"https:\\\/\\\/www.youthforequality.sk\\\/index.php\\\/2018\\\/06\\\/08\\\/myslime-na-nasu-buducnost\\\/#primaryimage\",\"url\":\"https:\\\/\\\/www.youthforequality.sk\\\/wp-content\\\/uploads\\\/2018\\\/06\\\/Buducnost-1.jpg\",\"contentUrl\":\"https:\\\/\\\/www.youthforequality.sk\\\/wp-content\\\/uploads\\\/2018\\\/06\\\/Buducnost-1.jpg\",\"width\":636,\"height\":960},{\"@type\":\"BreadcrumbList\",\"@id\":\"https:\\\/\\\/www.youthforequality.sk\\\/index.php\\\/2018\\\/06\\\/08\\\/myslime-na-nasu-buducnost\\\/#breadcrumb\",\"itemListElement\":[{\"@type\":\"ListItem\",\"position\":1,\"name\":\"Home\",\"item\":\"https:\\\/\\\/www.youthforequality.sk\\\/\"},{\"@type\":\"ListItem\",\"position\":2,\"name\":\"Mysl\u00edme na na\u0161u bud\u00facnos\u0165?\"}]},{\"@type\":\"WebSite\",\"@id\":\"https:\\\/\\\/www.youthforequality.sk\\\/#website\",\"url\":\"https:\\\/\\\/www.youthforequality.sk\\\/\",\"name\":\"\",\"description\":\"\",\"publisher\":{\"@id\":\"https:\\\/\\\/www.youthforequality.sk\\\/#organization\"},\"potentialAction\":[{\"@type\":\"SearchAction\",\"target\":{\"@type\":\"EntryPoint\",\"urlTemplate\":\"https:\\\/\\\/www.youthforequality.sk\\\/?s={search_term_string}\"},\"query-input\":{\"@type\":\"PropertyValueSpecification\",\"valueRequired\":true,\"valueName\":\"search_term_string\"}}],\"inLanguage\":\"sk-SK\"},{\"@type\":\"Organization\",\"@id\":\"https:\\\/\\\/www.youthforequality.sk\\\/#organization\",\"name\":\"Youth for Equality\",\"url\":\"https:\\\/\\\/www.youthforequality.sk\\\/\",\"logo\":{\"@type\":\"ImageObject\",\"inLanguage\":\"sk-SK\",\"@id\":\"https:\\\/\\\/www.youthforequality.sk\\\/#\\\/schema\\\/logo\\\/image\\\/\",\"url\":\"https:\\\/\\\/www.youthforequality.sk\\\/wp-content\\\/uploads\\\/2021\\\/01\\\/vynovene-logo-nove-farby_modra-na-web.png\",\"contentUrl\":\"https:\\\/\\\/www.youthforequality.sk\\\/wp-content\\\/uploads\\\/2021\\\/01\\\/vynovene-logo-nove-farby_modra-na-web.png\",\"width\":1,\"height\":1,\"caption\":\"Youth for Equality\"},\"image\":{\"@id\":\"https:\\\/\\\/www.youthforequality.sk\\\/#\\\/schema\\\/logo\\\/image\\\/\"},\"sameAs\":[\"https:\\\/\\\/www.facebook.com\\\/yeslovakia\"]},{\"@type\":\"Person\",\"@id\":\"https:\\\/\\\/www.youthforequality.sk\\\/#\\\/schema\\\/person\\\/13a1342f9669c039035c15166bfaf7dd\",\"name\":\"Filip Ku\u017ema\",\"image\":{\"@type\":\"ImageObject\",\"inLanguage\":\"sk-SK\",\"@id\":\"https:\\\/\\\/secure.gravatar.com\\\/avatar\\\/5f16b953992f889ac33be959cbb81fab7225cec203e13cff27b25f35459dbc06?s=96&d=mm&r=g\",\"url\":\"https:\\\/\\\/secure.gravatar.com\\\/avatar\\\/5f16b953992f889ac33be959cbb81fab7225cec203e13cff27b25f35459dbc06?s=96&d=mm&r=g\",\"contentUrl\":\"https:\\\/\\\/secure.gravatar.com\\\/avatar\\\/5f16b953992f889ac33be959cbb81fab7225cec203e13cff27b25f35459dbc06?s=96&d=mm&r=g\",\"caption\":\"Filip Ku\u017ema\"},\"sameAs\":[\"https:\\\/\\\/www.youthforequality.sk\"],\"url\":\"https:\\\/\\\/www.youthforequality.sk\\\/index.php\\\/author\\\/filkuz\\\/\"}]}<\/script>\n<!-- \/ Yoast SEO plugin. -->","yoast_head_json":{"title":"Mysl\u00edme na na\u0161u bud\u00facnos\u0165? |","robots":{"index":"index","follow":"follow","max-snippet":"max-snippet:-1","max-image-preview":"max-image-preview:large","max-video-preview":"max-video-preview:-1"},"canonical":"https:\/\/www.youthforequality.sk\/index.php\/2018\/06\/08\/myslime-na-nasu-buducnost\/","og_locale":"sk_SK","og_type":"article","og_title":"Mysl\u00edme na na\u0161u bud\u00facnos\u0165? |","og_description":"V s\u00fa\u010dasnom svete sa n\u00e1m otv\u00e1ra nespo\u010detn\u00e9 mno\u017estvo mo\u017enost\u00ed, a to aj v r\u00e1mci cestovania. \u017denieme sa za skvel\u00fdmi z\u00e1\u017eitkami a nerie\u0161ime ak\u00e9 negat\u00edvne n\u00e1sledky vedomky\/nevedomky sp\u00f4sobujeme. \u010ci u\u017e s\u00fa to dovolenky, na ktor\u00e9 sa vyberieme \u010do i len raz ro\u010dne alebo vzdel\u00e1vacie programy kdeko\u013evek v zahrani\u010d\u00ed. V tom pocite slobody \u010di relaxu zrejme zab\u00fadame&hellip;&nbsp;\u010c\u00edta\u0165 viac &raquo;Mysl\u00edme na na\u0161u bud\u00facnos\u0165?","og_url":"https:\/\/www.youthforequality.sk\/index.php\/2018\/06\/08\/myslime-na-nasu-buducnost\/","article_publisher":"https:\/\/www.facebook.com\/yeslovakia","article_published_time":"2018-06-08T10:00:00+00:00","article_modified_time":"2020-04-17T14:53:18+00:00","og_image":[{"width":636,"height":960,"url":"https:\/\/www.youthforequality.sk\/wp-content\/uploads\/2018\/06\/Buducnost-1.jpg","type":"image\/jpeg"}],"author":"Filip Ku\u017ema","twitter_card":"summary_large_image","twitter_misc":{"Autor":"Filip Ku\u017ema","Predpokladan\u00fd \u010das \u010d\u00edtania":"1 min\u00fata"},"schema":{"@context":"https:\/\/schema.org","@graph":[{"@type":"Article","@id":"https:\/\/www.youthforequality.sk\/index.php\/2018\/06\/08\/myslime-na-nasu-buducnost\/#article","isPartOf":{"@id":"https:\/\/www.youthforequality.sk\/index.php\/2018\/06\/08\/myslime-na-nasu-buducnost\/"},"author":{"name":"Filip Ku\u017ema","@id":"https:\/\/www.youthforequality.sk\/#\/schema\/person\/13a1342f9669c039035c15166bfaf7dd"},"headline":"Mysl\u00edme na na\u0161u bud\u00facnos\u0165?","datePublished":"2018-06-08T10:00:00+00:00","dateModified":"2020-04-17T14:53:18+00:00","mainEntityOfPage":{"@id":"https:\/\/www.youthforequality.sk\/index.php\/2018\/06\/08\/myslime-na-nasu-buducnost\/"},"wordCount":263,"commentCount":0,"publisher":{"@id":"https:\/\/www.youthforequality.sk\/#organization"},"image":{"@id":"https:\/\/www.youthforequality.sk\/index.php\/2018\/06\/08\/myslime-na-nasu-buducnost\/#primaryimage"},"thumbnailUrl":"https:\/\/www.youthforequality.sk\/wp-content\/uploads\/2018\/06\/Buducnost-1.jpg","articleSection":["Blog"],"inLanguage":"sk-SK","potentialAction":[{"@type":"CommentAction","name":"Comment","target":["https:\/\/www.youthforequality.sk\/index.php\/2018\/06\/08\/myslime-na-nasu-buducnost\/#respond"]}]},{"@type":"WebPage","@id":"https:\/\/www.youthforequality.sk\/index.php\/2018\/06\/08\/myslime-na-nasu-buducnost\/","url":"https:\/\/www.youthforequality.sk\/index.php\/2018\/06\/08\/myslime-na-nasu-buducnost\/","name":"Mysl\u00edme na na\u0161u bud\u00facnos\u0165? |","isPartOf":{"@id":"https:\/\/www.youthforequality.sk\/#website"},"primaryImageOfPage":{"@id":"https:\/\/www.youthforequality.sk\/index.php\/2018\/06\/08\/myslime-na-nasu-buducnost\/#primaryimage"},"image":{"@id":"https:\/\/www.youthforequality.sk\/index.php\/2018\/06\/08\/myslime-na-nasu-buducnost\/#primaryimage"},"thumbnailUrl":"https:\/\/www.youthforequality.sk\/wp-content\/uploads\/2018\/06\/Buducnost-1.jpg","datePublished":"2018-06-08T10:00:00+00:00","dateModified":"2020-04-17T14:53:18+00:00","breadcrumb":{"@id":"https:\/\/www.youthforequality.sk\/index.php\/2018\/06\/08\/myslime-na-nasu-buducnost\/#breadcrumb"},"inLanguage":"sk-SK","potentialAction":[{"@type":"ReadAction","target":["https:\/\/www.youthforequality.sk\/index.php\/2018\/06\/08\/myslime-na-nasu-buducnost\/"]}]},{"@type":"ImageObject","inLanguage":"sk-SK","@id":"https:\/\/www.youthforequality.sk\/index.php\/2018\/06\/08\/myslime-na-nasu-buducnost\/#primaryimage","url":"https:\/\/www.youthforequality.sk\/wp-content\/uploads\/2018\/06\/Buducnost-1.jpg","contentUrl":"https:\/\/www.youthforequality.sk\/wp-content\/uploads\/2018\/06\/Buducnost-1.jpg","width":636,"height":960},{"@type":"BreadcrumbList","@id":"https:\/\/www.youthforequality.sk\/index.php\/2018\/06\/08\/myslime-na-nasu-buducnost\/#breadcrumb","itemListElement":[{"@type":"ListItem","position":1,"name":"Home","item":"https:\/\/www.youthforequality.sk\/"},{"@type":"ListItem","position":2,"name":"Mysl\u00edme na na\u0161u bud\u00facnos\u0165?"}]},{"@type":"WebSite","@id":"https:\/\/www.youthforequality.sk\/#website","url":"https:\/\/www.youthforequality.sk\/","name":"","description":"","publisher":{"@id":"https:\/\/www.youthforequality.sk\/#organization"},"potentialAction":[{"@type":"SearchAction","target":{"@type":"EntryPoint","urlTemplate":"https:\/\/www.youthforequality.sk\/?s={search_term_string}"},"query-input":{"@type":"PropertyValueSpecification","valueRequired":true,"valueName":"search_term_string"}}],"inLanguage":"sk-SK"},{"@type":"Organization","@id":"https:\/\/www.youthforequality.sk\/#organization","name":"Youth for Equality","url":"https:\/\/www.youthforequality.sk\/","logo":{"@type":"ImageObject","inLanguage":"sk-SK","@id":"https:\/\/www.youthforequality.sk\/#\/schema\/logo\/image\/","url":"https:\/\/www.youthforequality.sk\/wp-content\/uploads\/2021\/01\/vynovene-logo-nove-farby_modra-na-web.png","contentUrl":"https:\/\/www.youthforequality.sk\/wp-content\/uploads\/2021\/01\/vynovene-logo-nove-farby_modra-na-web.png","width":1,"height":1,"caption":"Youth for Equality"},"image":{"@id":"https:\/\/www.youthforequality.sk\/#\/schema\/logo\/image\/"},"sameAs":["https:\/\/www.facebook.com\/yeslovakia"]},{"@type":"Person","@id":"https:\/\/www.youthforequality.sk\/#\/schema\/person\/13a1342f9669c039035c15166bfaf7dd","name":"Filip Ku\u017ema","image":{"@type":"ImageObject","inLanguage":"sk-SK","@id":"https:\/\/secure.gravatar.com\/avatar\/5f16b953992f889ac33be959cbb81fab7225cec203e13cff27b25f35459dbc06?s=96&d=mm&r=g","url":"https:\/\/secure.gravatar.com\/avatar\/5f16b953992f889ac33be959cbb81fab7225cec203e13cff27b25f35459dbc06?s=96&d=mm&r=g","contentUrl":"https:\/\/secure.gravatar.com\/avatar\/5f16b953992f889ac33be959cbb81fab7225cec203e13cff27b25f35459dbc06?s=96&d=mm&r=g","caption":"Filip Ku\u017ema"},"sameAs":["https:\/\/www.youthforequality.sk"],"url":"https:\/\/www.youthforequality.sk\/index.php\/author\/filkuz\/"}]}},"_links":{"self":[{"href":"https:\/\/www.youthforequality.sk\/index.php\/wp-json\/wp\/v2\/posts\/243","targetHints":{"allow":["GET"]}}],"collection":[{"href":"https:\/\/www.youthforequality.sk\/index.php\/wp-json\/wp\/v2\/posts"}],"about":[{"href":"https:\/\/www.youthforequality.sk\/index.php\/wp-json\/wp\/v2\/types\/post"}],"author":[{"embeddable":true,"href":"https:\/\/www.youthforequality.sk\/index.php\/wp-json\/wp\/v2\/users\/1"}],"replies":[{"embeddable":true,"href":"https:\/\/www.youthforequality.sk\/index.php\/wp-json\/wp\/v2\/comments?post=243"}],"version-history":[{"count":3,"href":"https:\/\/www.youthforequality.sk\/index.php\/wp-json\/wp\/v2\/posts\/243\/revisions"}],"predecessor-version":[{"id":945,"href":"https:\/\/www.youthforequality.sk\/index.php\/wp-json\/wp\/v2\/posts\/243\/revisions\/945"}],"wp:featuredmedia":[{"embeddable":true,"href":"https:\/\/www.youthforequality.sk\/index.php\/wp-json\/wp\/v2\/media\/245"}],"wp:attachment":[{"href":"https:\/\/www.youthforequality.sk\/index.php\/wp-json\/wp\/v2\/media?parent=243"}],"wp:term":[{"taxonomy":"category","embeddable":true,"href":"https:\/\/www.youthforequality.sk\/index.php\/wp-json\/wp\/v2\/categories?post=243"},{"taxonomy":"post_tag","embeddable":true,"href":"https:\/\/www.youthforequality.sk\/index.php\/wp-json\/wp\/v2\/tags?post=243"}],"curies":[{"name":"wp","href":"https:\/\/api.w.org\/{rel}","templated":true}]}}