{"id":2448,"date":"2022-01-18T19:37:00","date_gmt":"2022-01-18T18:37:00","guid":{"rendered":"https:\/\/www.youthforequality.sk\/?p=2448"},"modified":"2025-11-17T14:57:24","modified_gmt":"2025-11-17T13:57:24","slug":"think-globally-act-locally","status":"publish","type":"post","link":"https:\/\/www.youthforequality.sk\/index.php\/2022\/01\/18\/think-globally-act-locally\/","title":{"rendered":"Think globally, act locally &#8211; Solid\u00e1rny projekt v Trnave"},"content":{"rendered":"\t\t<div data-elementor-type=\"wp-post\" data-elementor-id=\"2448\" class=\"elementor elementor-2448\">\n\t\t\t\t\t\t<section class=\"elementor-section elementor-top-section elementor-element elementor-element-c947f08 elementor-section-boxed elementor-section-height-default elementor-section-height-default\" data-id=\"c947f08\" data-element_type=\"section\" data-e-type=\"section\">\n\t\t\t\t\t\t<div class=\"elementor-container elementor-column-gap-default\">\n\t\t\t\t\t<div class=\"elementor-column elementor-col-100 elementor-top-column elementor-element elementor-element-47913c6\" data-id=\"47913c6\" data-element_type=\"column\" data-e-type=\"column\">\n\t\t\t<div class=\"elementor-widget-wrap\">\n\t\t\t\t\t\t\t<\/div>\n\t\t<\/div>\n\t\t\t\t\t<\/div>\n\t\t<\/section>\n\t\t\t\t<section class=\"elementor-section elementor-top-section elementor-element elementor-element-dad9052 elementor-section-boxed elementor-section-height-default elementor-section-height-default\" data-id=\"dad9052\" data-element_type=\"section\" data-e-type=\"section\">\n\t\t\t\t\t\t<div class=\"elementor-container elementor-column-gap-default\">\n\t\t\t\t\t<div class=\"elementor-column elementor-col-100 elementor-top-column elementor-element elementor-element-81b6fb2\" data-id=\"81b6fb2\" data-element_type=\"column\" data-e-type=\"column\">\n\t\t\t<div class=\"elementor-widget-wrap elementor-element-populated\">\n\t\t\t\t\t\t<div class=\"elementor-element elementor-element-60f9f47 elementor-widget elementor-widget-text-editor\" data-id=\"60f9f47\" data-element_type=\"widget\" data-e-type=\"widget\" data-widget_type=\"text-editor.default\">\n\t\t\t\t<div class=\"elementor-widget-container\">\n\t\t\t\t\t\t\t\t\t<p><span style=\"font-weight: 400;\">V dne\u0161nej dobe vn\u00edmame, \u010d\u00edtame, po\u010dujeme a vid\u00edme spr\u00e1vy o ekologick\u00fdch katastrof\u00e1ch, hor\u00facom po\u010das\u00ed, po\u017eiaroch, ktor\u00e9 s\u00fa obrovsk\u00e9 ako na\u0161a krajina alebo e\u0161te v\u00e4\u010d\u0161ie. Odles\u0148ovanie, zne\u010distenie, zmena podnebia, po\u0161kodzovanie oz\u00f3novej vrstvy s\u00fa \u010fal\u0161ie probl\u00e9my na \u010diernej listine. \u010clovek hr\u00e1 k\u013e\u00fa\u010dov\u00fa \u00falohu pri udr\u017eiavan\u00ed ekologickej rovnov\u00e1hy, preto\u017ee m\u00e1 najv\u00e4\u010d\u0161iu schopnos\u0165 myslenia v porovnan\u00ed s in\u00fdmi \u017eiv\u00fdmi organizmami. Hovori\u0165 m\u00f4\u017ee ka\u017ed\u00fd, ale iba m\u00e1lo z n\u00e1s vyv\u00edja skuto\u010dn\u00fa iniciat\u00edvu. M\u00e1me iba jednu plan\u00e9tu a ak ju chceme zachr\u00e1ni\u0165, mus\u00edme kona\u0165 hne\u010f teraz a za\u010da\u0165 od seba, aby sme poskytli a uk\u00e1zali ostatn\u00fdm dobr\u00fd pr\u00edklad. My ako skupina 5 mlad\u00fdch aktivistov sme sa rozhodli pripravi\u0165 tento projekt, preto\u017ee vid\u00edme, \u017ee v na\u0161ej spolo\u010dnosti, najm\u00e4 v na\u0161om meste &#8211; Trnave je potrebn\u00fdch viacero opatren\u00ed.<\/span><\/p><p>Pripravili sme a zorganizovali 10 neform\u00e1lnych stretnut\u00ed\/workshopov\/aktiv\u00edt, ktor\u00e9 pomohli k zmen\u00e1m prostredia, z\u00fa\u010dastnen\u00fdch \u013eud\u00ed a aj n\u00e1s. Nau\u010dili sme sa, \u017ee mal\u00e9 kroky ved\u00fa k ve\u013ek\u00fdm zmen\u00e1m.\u00a0<\/p>\t\t\t\t\t\t\t\t<\/div>\n\t\t\t\t<\/div>\n\t\t\t\t\t<\/div>\n\t\t<\/div>\n\t\t\t\t\t<\/div>\n\t\t<\/section>\n\t\t\t\t<section class=\"elementor-section elementor-top-section elementor-element elementor-element-f356505 elementor-section-boxed elementor-section-height-default elementor-section-height-default\" data-id=\"f356505\" data-element_type=\"section\" data-e-type=\"section\">\n\t\t\t\t\t\t<div class=\"elementor-container elementor-column-gap-default\">\n\t\t\t\t\t<div class=\"elementor-column elementor-col-100 elementor-top-column elementor-element elementor-element-43eaf9b\" data-id=\"43eaf9b\" data-element_type=\"column\" data-e-type=\"column\">\n\t\t\t<div class=\"elementor-widget-wrap elementor-element-populated\">\n\t\t\t\t\t\t<div class=\"elementor-element elementor-element-214aeff elementor-widget elementor-widget-text-editor\" data-id=\"214aeff\" data-element_type=\"widget\" data-e-type=\"widget\" data-widget_type=\"text-editor.default\">\n\t\t\t\t<div class=\"elementor-widget-container\">\n\t\t\t\t\t\t\t\t\t<p>Viac inform\u00e1ci\u00ed spolu so v\u0161etk\u00fdmi aktivitami n\u00e1jdete na tomto <a href=\"https:\/\/www.thinkgloballyactlocally.eu\/\">WEBE\u00a0<\/a>a soci\u00e1lnych sie\u0165ach\u00a0<a href=\"https:\/\/www.facebook.com\/Think-globally-act-locally-Mysli-glob%C3%A1lne-konaj-lok%C3%A1lne-107275187675139\">Facebook, <\/a><a href=\"https:\/\/www.instagram.com\/thinkgloballyactlocally.ezs\/\">Instagram.<\/a><\/p>\t\t\t\t\t\t\t\t<\/div>\n\t\t\t\t<\/div>\n\t\t\t\t<div class=\"elementor-element elementor-element-f5b9eef elementor-widget elementor-widget-video\" data-id=\"f5b9eef\" data-element_type=\"widget\" data-e-type=\"widget\" data-settings=\"{&quot;video_type&quot;:&quot;hosted&quot;,&quot;controls&quot;:&quot;yes&quot;}\" data-widget_type=\"video.default\">\n\t\t\t\t<div class=\"elementor-widget-container\">\n\t\t\t\t\t\t\t<div class=\"e-hosted-video elementor-wrapper elementor-open-inline\">\n\t\t\t\t\t<video class=\"elementor-video\" src=\"https:\/\/www.youthforequality.sk\/wp-content\/uploads\/2021\/04\/Think-globally-act-locally-EZS.mp4\" controls=\"\" preload=\"metadata\" controlsList=\"nodownload\"><\/video>\n\t\t\t\t<\/div>\n\t\t\t\t\t\t<\/div>\n\t\t\t\t<\/div>\n\t\t\t\t\t<\/div>\n\t\t<\/div>\n\t\t\t\t\t<\/div>\n\t\t<\/section>\n\t\t\t\t<\/div>\n\t\t","protected":false},"excerpt":{"rendered":"<p>V dne\u0161nej dobe vn\u00edmame, \u010d\u00edtame, po\u010dujeme a vid\u00edme spr\u00e1vy o ekologick\u00fdch katastrof\u00e1ch, hor\u00facom po\u010das\u00ed, po\u017eiaroch, ktor\u00e9 s\u00fa obrovsk\u00e9 ako na\u0161a krajina alebo e\u0161te v\u00e4\u010d\u0161ie. Odles\u0148ovanie, zne\u010distenie, zmena podnebia, po\u0161kodzovanie oz\u00f3novej vrstvy s\u00fa \u010fal\u0161ie probl\u00e9my na \u010diernej listine. \u010clovek hr\u00e1 k\u013e\u00fa\u010dov\u00fa \u00falohu pri udr\u017eiavan\u00ed ekologickej rovnov\u00e1hy, preto\u017ee m\u00e1 najv\u00e4\u010d\u0161iu schopnos\u0165 myslenia v porovnan\u00ed s in\u00fdmi \u017eiv\u00fdmi&hellip;&nbsp;<a href=\"https:\/\/www.youthforequality.sk\/index.php\/2022\/01\/18\/think-globally-act-locally\/\" class=\"\" rel=\"bookmark\">\u010c\u00edta\u0165 viac &raquo;<span class=\"screen-reader-text\">Think globally, act locally &#8211; Solid\u00e1rny projekt v Trnave<\/span><\/a><\/p>\n","protected":false},"author":4,"featured_media":6289,"comment_status":"closed","ping_status":"open","sticky":false,"template":"","format":"standard","meta":{"_uf_show_specific_survey":0,"_uf_disable_surveys":false,"neve_meta_sidebar":"","neve_meta_container":"","neve_meta_enable_content_width":"off","neve_meta_content_width":70,"neve_meta_title_alignment":"","neve_meta_author_avatar":"","neve_post_elements_order":"","neve_meta_disable_header":"","neve_meta_disable_footer":"","neve_meta_disable_title":"","_themeisle_gutenberg_block_has_review":false,"footnotes":""},"categories":[3,53],"tags":[],"class_list":["post-2448","post","type-post","status-publish","format-standard","has-post-thumbnail","hentry","category-blog","category-miestne-projekty-predosle"],"yoast_head":"<!-- This site is optimized with the Yoast SEO plugin v27.4 - https:\/\/yoast.com\/product\/yoast-seo-wordpress\/ -->\n<title>Think globally, act locally - Solid\u00e1rny projekt v Trnave | - Ml\u00e1de\u017en\u00edcke projekty<\/title>\n<meta name=\"robots\" content=\"index, follow, max-snippet:-1, max-image-preview:large, max-video-preview:-1\" \/>\n<link rel=\"canonical\" href=\"https:\/\/www.youthforequality.sk\/index.php\/2022\/01\/18\/think-globally-act-locally\/\" \/>\n<meta property=\"og:locale\" content=\"sk_SK\" \/>\n<meta property=\"og:type\" content=\"article\" \/>\n<meta property=\"og:title\" content=\"Think globally, act locally - Solid\u00e1rny projekt v Trnave | - Ml\u00e1de\u017en\u00edcke projekty\" \/>\n<meta property=\"og:description\" content=\"V dne\u0161nej dobe vn\u00edmame, \u010d\u00edtame, po\u010dujeme a vid\u00edme spr\u00e1vy o ekologick\u00fdch katastrof\u00e1ch, hor\u00facom po\u010das\u00ed, po\u017eiaroch, ktor\u00e9 s\u00fa obrovsk\u00e9 ako na\u0161a krajina alebo e\u0161te v\u00e4\u010d\u0161ie. Odles\u0148ovanie, zne\u010distenie, zmena podnebia, po\u0161kodzovanie oz\u00f3novej vrstvy s\u00fa \u010fal\u0161ie probl\u00e9my na \u010diernej listine. \u010clovek hr\u00e1 k\u013e\u00fa\u010dov\u00fa \u00falohu pri udr\u017eiavan\u00ed ekologickej rovnov\u00e1hy, preto\u017ee m\u00e1 najv\u00e4\u010d\u0161iu schopnos\u0165 myslenia v porovnan\u00ed s in\u00fdmi \u017eiv\u00fdmi&hellip;&nbsp;\u010c\u00edta\u0165 viac &raquo;Think globally, act locally &#8211; Solid\u00e1rny projekt v Trnave\" \/>\n<meta property=\"og:url\" content=\"https:\/\/www.youthforequality.sk\/index.php\/2022\/01\/18\/think-globally-act-locally\/\" \/>\n<meta property=\"article:publisher\" content=\"https:\/\/www.facebook.com\/yeslovakia\" \/>\n<meta property=\"article:published_time\" content=\"2022-01-18T18:37:00+00:00\" \/>\n<meta property=\"article:modified_time\" content=\"2025-11-17T13:57:24+00:00\" \/>\n<meta property=\"og:image\" content=\"https:\/\/www.youthforequality.sk\/wp-content\/uploads\/2022\/01\/Green-Illustrated-Eco-Grocery-Banner-1-1024x512.png\" \/>\n\t<meta property=\"og:image:width\" content=\"1024\" \/>\n\t<meta property=\"og:image:height\" content=\"512\" \/>\n\t<meta property=\"og:image:type\" content=\"image\/png\" \/>\n<meta name=\"author\" content=\"D\u00e1vid Sont\u00e1g\" \/>\n<meta name=\"twitter:card\" content=\"summary_large_image\" \/>\n<meta name=\"twitter:label1\" content=\"Autor\" \/>\n\t<meta name=\"twitter:data1\" content=\"D\u00e1vid Sont\u00e1g\" \/>\n\t<meta name=\"twitter:label2\" content=\"Predpokladan\u00fd \u010das \u010d\u00edtania\" \/>\n\t<meta name=\"twitter:data2\" content=\"1 min\u00fata\" \/>\n<script type=\"application\/ld+json\" class=\"yoast-schema-graph\">{\"@context\":\"https:\\\/\\\/schema.org\",\"@graph\":[{\"@type\":\"Article\",\"@id\":\"https:\\\/\\\/www.youthforequality.sk\\\/index.php\\\/2022\\\/01\\\/18\\\/think-globally-act-locally\\\/#article\",\"isPartOf\":{\"@id\":\"https:\\\/\\\/www.youthforequality.sk\\\/index.php\\\/2022\\\/01\\\/18\\\/think-globally-act-locally\\\/\"},\"author\":{\"name\":\"D\u00e1vid Sont\u00e1g\",\"@id\":\"https:\\\/\\\/www.youthforequality.sk\\\/#\\\/schema\\\/person\\\/8c659d759c00eb743d317864891f0d3f\"},\"headline\":\"Think globally, act locally &#8211; Solid\u00e1rny projekt v Trnave\",\"datePublished\":\"2022-01-18T18:37:00+00:00\",\"dateModified\":\"2025-11-17T13:57:24+00:00\",\"mainEntityOfPage\":{\"@id\":\"https:\\\/\\\/www.youthforequality.sk\\\/index.php\\\/2022\\\/01\\\/18\\\/think-globally-act-locally\\\/\"},\"wordCount\":244,\"publisher\":{\"@id\":\"https:\\\/\\\/www.youthforequality.sk\\\/#organization\"},\"image\":{\"@id\":\"https:\\\/\\\/www.youthforequality.sk\\\/index.php\\\/2022\\\/01\\\/18\\\/think-globally-act-locally\\\/#primaryimage\"},\"thumbnailUrl\":\"https:\\\/\\\/www.youthforequality.sk\\\/wp-content\\\/uploads\\\/2022\\\/01\\\/Green-Illustrated-Eco-Grocery-Banner-1.png\",\"articleSection\":[\"Blog\",\"miestne projekty predosle\"],\"inLanguage\":\"sk-SK\"},{\"@type\":\"WebPage\",\"@id\":\"https:\\\/\\\/www.youthforequality.sk\\\/index.php\\\/2022\\\/01\\\/18\\\/think-globally-act-locally\\\/\",\"url\":\"https:\\\/\\\/www.youthforequality.sk\\\/index.php\\\/2022\\\/01\\\/18\\\/think-globally-act-locally\\\/\",\"name\":\"Think globally, act locally - Solid\u00e1rny projekt v Trnave | - Ml\u00e1de\u017en\u00edcke projekty\",\"isPartOf\":{\"@id\":\"https:\\\/\\\/www.youthforequality.sk\\\/#website\"},\"primaryImageOfPage\":{\"@id\":\"https:\\\/\\\/www.youthforequality.sk\\\/index.php\\\/2022\\\/01\\\/18\\\/think-globally-act-locally\\\/#primaryimage\"},\"image\":{\"@id\":\"https:\\\/\\\/www.youthforequality.sk\\\/index.php\\\/2022\\\/01\\\/18\\\/think-globally-act-locally\\\/#primaryimage\"},\"thumbnailUrl\":\"https:\\\/\\\/www.youthforequality.sk\\\/wp-content\\\/uploads\\\/2022\\\/01\\\/Green-Illustrated-Eco-Grocery-Banner-1.png\",\"datePublished\":\"2022-01-18T18:37:00+00:00\",\"dateModified\":\"2025-11-17T13:57:24+00:00\",\"breadcrumb\":{\"@id\":\"https:\\\/\\\/www.youthforequality.sk\\\/index.php\\\/2022\\\/01\\\/18\\\/think-globally-act-locally\\\/#breadcrumb\"},\"inLanguage\":\"sk-SK\",\"potentialAction\":[{\"@type\":\"ReadAction\",\"target\":[\"https:\\\/\\\/www.youthforequality.sk\\\/index.php\\\/2022\\\/01\\\/18\\\/think-globally-act-locally\\\/\"]}]},{\"@type\":\"ImageObject\",\"inLanguage\":\"sk-SK\",\"@id\":\"https:\\\/\\\/www.youthforequality.sk\\\/index.php\\\/2022\\\/01\\\/18\\\/think-globally-act-locally\\\/#primaryimage\",\"url\":\"https:\\\/\\\/www.youthforequality.sk\\\/wp-content\\\/uploads\\\/2022\\\/01\\\/Green-Illustrated-Eco-Grocery-Banner-1.png\",\"contentUrl\":\"https:\\\/\\\/www.youthforequality.sk\\\/wp-content\\\/uploads\\\/2022\\\/01\\\/Green-Illustrated-Eco-Grocery-Banner-1.png\",\"width\":6912,\"height\":3456},{\"@type\":\"BreadcrumbList\",\"@id\":\"https:\\\/\\\/www.youthforequality.sk\\\/index.php\\\/2022\\\/01\\\/18\\\/think-globally-act-locally\\\/#breadcrumb\",\"itemListElement\":[{\"@type\":\"ListItem\",\"position\":1,\"name\":\"Home\",\"item\":\"https:\\\/\\\/www.youthforequality.sk\\\/\"},{\"@type\":\"ListItem\",\"position\":2,\"name\":\"Think globally, act locally &#8211; Solid\u00e1rny projekt v Trnave\"}]},{\"@type\":\"WebSite\",\"@id\":\"https:\\\/\\\/www.youthforequality.sk\\\/#website\",\"url\":\"https:\\\/\\\/www.youthforequality.sk\\\/\",\"name\":\"\",\"description\":\"\",\"publisher\":{\"@id\":\"https:\\\/\\\/www.youthforequality.sk\\\/#organization\"},\"potentialAction\":[{\"@type\":\"SearchAction\",\"target\":{\"@type\":\"EntryPoint\",\"urlTemplate\":\"https:\\\/\\\/www.youthforequality.sk\\\/?s={search_term_string}\"},\"query-input\":{\"@type\":\"PropertyValueSpecification\",\"valueRequired\":true,\"valueName\":\"search_term_string\"}}],\"inLanguage\":\"sk-SK\"},{\"@type\":\"Organization\",\"@id\":\"https:\\\/\\\/www.youthforequality.sk\\\/#organization\",\"name\":\"Youth for Equality\",\"url\":\"https:\\\/\\\/www.youthforequality.sk\\\/\",\"logo\":{\"@type\":\"ImageObject\",\"inLanguage\":\"sk-SK\",\"@id\":\"https:\\\/\\\/www.youthforequality.sk\\\/#\\\/schema\\\/logo\\\/image\\\/\",\"url\":\"https:\\\/\\\/www.youthforequality.sk\\\/wp-content\\\/uploads\\\/2021\\\/01\\\/vynovene-logo-nove-farby_modra-na-web.png\",\"contentUrl\":\"https:\\\/\\\/www.youthforequality.sk\\\/wp-content\\\/uploads\\\/2021\\\/01\\\/vynovene-logo-nove-farby_modra-na-web.png\",\"width\":1,\"height\":1,\"caption\":\"Youth for Equality\"},\"image\":{\"@id\":\"https:\\\/\\\/www.youthforequality.sk\\\/#\\\/schema\\\/logo\\\/image\\\/\"},\"sameAs\":[\"https:\\\/\\\/www.facebook.com\\\/yeslovakia\"]},{\"@type\":\"Person\",\"@id\":\"https:\\\/\\\/www.youthforequality.sk\\\/#\\\/schema\\\/person\\\/8c659d759c00eb743d317864891f0d3f\",\"name\":\"D\u00e1vid Sont\u00e1g\",\"image\":{\"@type\":\"ImageObject\",\"inLanguage\":\"sk-SK\",\"@id\":\"https:\\\/\\\/secure.gravatar.com\\\/avatar\\\/03ad119eac9b3a0144cc444cf55880edaeaf4ccc92268fd77ec841147fb0cf7e?s=96&d=mm&r=g\",\"url\":\"https:\\\/\\\/secure.gravatar.com\\\/avatar\\\/03ad119eac9b3a0144cc444cf55880edaeaf4ccc92268fd77ec841147fb0cf7e?s=96&d=mm&r=g\",\"contentUrl\":\"https:\\\/\\\/secure.gravatar.com\\\/avatar\\\/03ad119eac9b3a0144cc444cf55880edaeaf4ccc92268fd77ec841147fb0cf7e?s=96&d=mm&r=g\",\"caption\":\"D\u00e1vid Sont\u00e1g\"},\"url\":\"https:\\\/\\\/www.youthforequality.sk\\\/index.php\\\/author\\\/davson\\\/\"}]}<\/script>\n<!-- \/ Yoast SEO plugin. -->","yoast_head_json":{"title":"Think globally, act locally - Solid\u00e1rny projekt v Trnave | - Ml\u00e1de\u017en\u00edcke projekty","robots":{"index":"index","follow":"follow","max-snippet":"max-snippet:-1","max-image-preview":"max-image-preview:large","max-video-preview":"max-video-preview:-1"},"canonical":"https:\/\/www.youthforequality.sk\/index.php\/2022\/01\/18\/think-globally-act-locally\/","og_locale":"sk_SK","og_type":"article","og_title":"Think globally, act locally - Solid\u00e1rny projekt v Trnave | - Ml\u00e1de\u017en\u00edcke projekty","og_description":"V dne\u0161nej dobe vn\u00edmame, \u010d\u00edtame, po\u010dujeme a vid\u00edme spr\u00e1vy o ekologick\u00fdch katastrof\u00e1ch, hor\u00facom po\u010das\u00ed, po\u017eiaroch, ktor\u00e9 s\u00fa obrovsk\u00e9 ako na\u0161a krajina alebo e\u0161te v\u00e4\u010d\u0161ie. Odles\u0148ovanie, zne\u010distenie, zmena podnebia, po\u0161kodzovanie oz\u00f3novej vrstvy s\u00fa \u010fal\u0161ie probl\u00e9my na \u010diernej listine. \u010clovek hr\u00e1 k\u013e\u00fa\u010dov\u00fa \u00falohu pri udr\u017eiavan\u00ed ekologickej rovnov\u00e1hy, preto\u017ee m\u00e1 najv\u00e4\u010d\u0161iu schopnos\u0165 myslenia v porovnan\u00ed s in\u00fdmi \u017eiv\u00fdmi&hellip;&nbsp;\u010c\u00edta\u0165 viac &raquo;Think globally, act locally &#8211; Solid\u00e1rny projekt v Trnave","og_url":"https:\/\/www.youthforequality.sk\/index.php\/2022\/01\/18\/think-globally-act-locally\/","article_publisher":"https:\/\/www.facebook.com\/yeslovakia","article_published_time":"2022-01-18T18:37:00+00:00","article_modified_time":"2025-11-17T13:57:24+00:00","og_image":[{"width":1024,"height":512,"url":"https:\/\/www.youthforequality.sk\/wp-content\/uploads\/2022\/01\/Green-Illustrated-Eco-Grocery-Banner-1-1024x512.png","type":"image\/png"}],"author":"D\u00e1vid Sont\u00e1g","twitter_card":"summary_large_image","twitter_misc":{"Autor":"D\u00e1vid Sont\u00e1g","Predpokladan\u00fd \u010das \u010d\u00edtania":"1 min\u00fata"},"schema":{"@context":"https:\/\/schema.org","@graph":[{"@type":"Article","@id":"https:\/\/www.youthforequality.sk\/index.php\/2022\/01\/18\/think-globally-act-locally\/#article","isPartOf":{"@id":"https:\/\/www.youthforequality.sk\/index.php\/2022\/01\/18\/think-globally-act-locally\/"},"author":{"name":"D\u00e1vid Sont\u00e1g","@id":"https:\/\/www.youthforequality.sk\/#\/schema\/person\/8c659d759c00eb743d317864891f0d3f"},"headline":"Think globally, act locally &#8211; Solid\u00e1rny projekt v Trnave","datePublished":"2022-01-18T18:37:00+00:00","dateModified":"2025-11-17T13:57:24+00:00","mainEntityOfPage":{"@id":"https:\/\/www.youthforequality.sk\/index.php\/2022\/01\/18\/think-globally-act-locally\/"},"wordCount":244,"publisher":{"@id":"https:\/\/www.youthforequality.sk\/#organization"},"image":{"@id":"https:\/\/www.youthforequality.sk\/index.php\/2022\/01\/18\/think-globally-act-locally\/#primaryimage"},"thumbnailUrl":"https:\/\/www.youthforequality.sk\/wp-content\/uploads\/2022\/01\/Green-Illustrated-Eco-Grocery-Banner-1.png","articleSection":["Blog","miestne projekty predosle"],"inLanguage":"sk-SK"},{"@type":"WebPage","@id":"https:\/\/www.youthforequality.sk\/index.php\/2022\/01\/18\/think-globally-act-locally\/","url":"https:\/\/www.youthforequality.sk\/index.php\/2022\/01\/18\/think-globally-act-locally\/","name":"Think globally, act locally - Solid\u00e1rny projekt v Trnave | - Ml\u00e1de\u017en\u00edcke projekty","isPartOf":{"@id":"https:\/\/www.youthforequality.sk\/#website"},"primaryImageOfPage":{"@id":"https:\/\/www.youthforequality.sk\/index.php\/2022\/01\/18\/think-globally-act-locally\/#primaryimage"},"image":{"@id":"https:\/\/www.youthforequality.sk\/index.php\/2022\/01\/18\/think-globally-act-locally\/#primaryimage"},"thumbnailUrl":"https:\/\/www.youthforequality.sk\/wp-content\/uploads\/2022\/01\/Green-Illustrated-Eco-Grocery-Banner-1.png","datePublished":"2022-01-18T18:37:00+00:00","dateModified":"2025-11-17T13:57:24+00:00","breadcrumb":{"@id":"https:\/\/www.youthforequality.sk\/index.php\/2022\/01\/18\/think-globally-act-locally\/#breadcrumb"},"inLanguage":"sk-SK","potentialAction":[{"@type":"ReadAction","target":["https:\/\/www.youthforequality.sk\/index.php\/2022\/01\/18\/think-globally-act-locally\/"]}]},{"@type":"ImageObject","inLanguage":"sk-SK","@id":"https:\/\/www.youthforequality.sk\/index.php\/2022\/01\/18\/think-globally-act-locally\/#primaryimage","url":"https:\/\/www.youthforequality.sk\/wp-content\/uploads\/2022\/01\/Green-Illustrated-Eco-Grocery-Banner-1.png","contentUrl":"https:\/\/www.youthforequality.sk\/wp-content\/uploads\/2022\/01\/Green-Illustrated-Eco-Grocery-Banner-1.png","width":6912,"height":3456},{"@type":"BreadcrumbList","@id":"https:\/\/www.youthforequality.sk\/index.php\/2022\/01\/18\/think-globally-act-locally\/#breadcrumb","itemListElement":[{"@type":"ListItem","position":1,"name":"Home","item":"https:\/\/www.youthforequality.sk\/"},{"@type":"ListItem","position":2,"name":"Think globally, act locally &#8211; Solid\u00e1rny projekt v Trnave"}]},{"@type":"WebSite","@id":"https:\/\/www.youthforequality.sk\/#website","url":"https:\/\/www.youthforequality.sk\/","name":"","description":"","publisher":{"@id":"https:\/\/www.youthforequality.sk\/#organization"},"potentialAction":[{"@type":"SearchAction","target":{"@type":"EntryPoint","urlTemplate":"https:\/\/www.youthforequality.sk\/?s={search_term_string}"},"query-input":{"@type":"PropertyValueSpecification","valueRequired":true,"valueName":"search_term_string"}}],"inLanguage":"sk-SK"},{"@type":"Organization","@id":"https:\/\/www.youthforequality.sk\/#organization","name":"Youth for Equality","url":"https:\/\/www.youthforequality.sk\/","logo":{"@type":"ImageObject","inLanguage":"sk-SK","@id":"https:\/\/www.youthforequality.sk\/#\/schema\/logo\/image\/","url":"https:\/\/www.youthforequality.sk\/wp-content\/uploads\/2021\/01\/vynovene-logo-nove-farby_modra-na-web.png","contentUrl":"https:\/\/www.youthforequality.sk\/wp-content\/uploads\/2021\/01\/vynovene-logo-nove-farby_modra-na-web.png","width":1,"height":1,"caption":"Youth for Equality"},"image":{"@id":"https:\/\/www.youthforequality.sk\/#\/schema\/logo\/image\/"},"sameAs":["https:\/\/www.facebook.com\/yeslovakia"]},{"@type":"Person","@id":"https:\/\/www.youthforequality.sk\/#\/schema\/person\/8c659d759c00eb743d317864891f0d3f","name":"D\u00e1vid Sont\u00e1g","image":{"@type":"ImageObject","inLanguage":"sk-SK","@id":"https:\/\/secure.gravatar.com\/avatar\/03ad119eac9b3a0144cc444cf55880edaeaf4ccc92268fd77ec841147fb0cf7e?s=96&d=mm&r=g","url":"https:\/\/secure.gravatar.com\/avatar\/03ad119eac9b3a0144cc444cf55880edaeaf4ccc92268fd77ec841147fb0cf7e?s=96&d=mm&r=g","contentUrl":"https:\/\/secure.gravatar.com\/avatar\/03ad119eac9b3a0144cc444cf55880edaeaf4ccc92268fd77ec841147fb0cf7e?s=96&d=mm&r=g","caption":"D\u00e1vid Sont\u00e1g"},"url":"https:\/\/www.youthforequality.sk\/index.php\/author\/davson\/"}]}},"_links":{"self":[{"href":"https:\/\/www.youthforequality.sk\/index.php\/wp-json\/wp\/v2\/posts\/2448","targetHints":{"allow":["GET"]}}],"collection":[{"href":"https:\/\/www.youthforequality.sk\/index.php\/wp-json\/wp\/v2\/posts"}],"about":[{"href":"https:\/\/www.youthforequality.sk\/index.php\/wp-json\/wp\/v2\/types\/post"}],"author":[{"embeddable":true,"href":"https:\/\/www.youthforequality.sk\/index.php\/wp-json\/wp\/v2\/users\/4"}],"replies":[{"embeddable":true,"href":"https:\/\/www.youthforequality.sk\/index.php\/wp-json\/wp\/v2\/comments?post=2448"}],"version-history":[{"count":22,"href":"https:\/\/www.youthforequality.sk\/index.php\/wp-json\/wp\/v2\/posts\/2448\/revisions"}],"predecessor-version":[{"id":6292,"href":"https:\/\/www.youthforequality.sk\/index.php\/wp-json\/wp\/v2\/posts\/2448\/revisions\/6292"}],"wp:featuredmedia":[{"embeddable":true,"href":"https:\/\/www.youthforequality.sk\/index.php\/wp-json\/wp\/v2\/media\/6289"}],"wp:attachment":[{"href":"https:\/\/www.youthforequality.sk\/index.php\/wp-json\/wp\/v2\/media?parent=2448"}],"wp:term":[{"taxonomy":"category","embeddable":true,"href":"https:\/\/www.youthforequality.sk\/index.php\/wp-json\/wp\/v2\/categories?post=2448"},{"taxonomy":"post_tag","embeddable":true,"href":"https:\/\/www.youthforequality.sk\/index.php\/wp-json\/wp\/v2\/tags?post=2448"}],"curies":[{"name":"wp","href":"https:\/\/api.w.org\/{rel}","templated":true}]}}