{"id":2516,"date":"2021-04-06T21:22:19","date_gmt":"2021-04-06T19:22:19","guid":{"rendered":"https:\/\/www.youthforequality.sk\/?p=2516"},"modified":"2023-11-27T13:29:44","modified_gmt":"2023-11-27T12:29:44","slug":"r-project","status":"publish","type":"post","link":"https:\/\/www.youthforequality.sk\/index.php\/2021\/04\/06\/r-project\/","title":{"rendered":"R-project"},"content":{"rendered":"\t\t<div data-elementor-type=\"wp-post\" data-elementor-id=\"2516\" class=\"elementor elementor-2516\">\n\t\t\t\t\t\t<section class=\"elementor-section elementor-top-section elementor-element elementor-element-282ed12 elementor-section-boxed elementor-section-height-default elementor-section-height-default\" data-id=\"282ed12\" data-element_type=\"section\" data-e-type=\"section\">\n\t\t\t\t\t\t<div class=\"elementor-container elementor-column-gap-default\">\n\t\t\t\t\t<div class=\"elementor-column elementor-col-100 elementor-top-column elementor-element elementor-element-9d84842\" data-id=\"9d84842\" data-element_type=\"column\" data-e-type=\"column\">\n\t\t\t<div class=\"elementor-widget-wrap elementor-element-populated\">\n\t\t\t\t\t\t<div class=\"elementor-element elementor-element-ffee3a9 elementor-widget elementor-widget-text-editor\" data-id=\"ffee3a9\" data-element_type=\"widget\" data-e-type=\"widget\" data-widget_type=\"text-editor.default\">\n\t\t\t\t<div class=\"elementor-widget-container\">\n\t\t\t\t\t\t\t\t\t<p><span style=\"font-weight: 400;\"><span style=\"vertical-align: inherit;\"><span style=\"vertical-align: inherit;\">The goal of the R-project was to educate young people about contemporary anti-Semitism, civil society and equality, human rights through interactive methods of informal education. <\/span><span style=\"vertical-align: inherit;\">In 2021, more than 50 young people participated in workshops based on informal and experiential learning. <\/span><span style=\"vertical-align: inherit;\">In addition, there was a visit to the Holocaust Memorial and the Jewish Community Association. <\/span><span style=\"vertical-align: inherit;\">Activity methods encourage interaction and dialogue between young people with an effort to overcome stereotypes and fight against prejudices. <\/span><span style=\"vertical-align: inherit;\">one of the activities was a structured dialogue, the aim of which was to take the opinion of young people into account when formulating European policies that concern them. <\/span><span style=\"vertical-align: inherit;\">The aim was to ensure a democratic approach to dialogue, during which all participants are given equal opportunities. <\/span><span style=\"vertical-align: inherit;\">An international two-day workshop in Greece to create the content and graphic form of the book &#8222;The Tale of Europe&#8220; was held in January 2022. Young people from different countries actively participated in the creation of characters and plot, and thus the cooperation between them stimulated multiculturalism and equality. <\/span><span style=\"vertical-align: inherit;\">The presentation of the commemorative book &#8222;The Tale of Europe&#8220; took place in Greece in June 2022 in the presence of all partners, youth workers, educators, the public, youth and representatives of the EU institutions.<\/span><\/span><\/span><\/p><p>\u00a0<\/p><p style=\"font-variant-numeric: normal; font-variant-east-asian: normal; font-stretch: normal; font-size: 11px; line-height: normal; font-family: Arial; color: #000000; -webkit-text-stroke-color: #000000;\"><span style=\"font-kerning: none;\"><b><span style=\"vertical-align: inherit;\"><span style=\"vertical-align: inherit;\">5 events have been carried out within this project: <\/span><\/span><br \/><\/b><br \/><\/span><span style=\"text-decoration-line: underline; font-kerning: none;\"><b><span style=\"vertical-align: inherit;\"><span style=\"vertical-align: inherit;\">Event 1<\/span><\/span><\/b><\/span><\/p><p style=\"font-variant-numeric: normal; font-variant-east-asian: normal; font-stretch: normal; font-size: 11px; line-height: normal; font-family: Arial; color: #000000; -webkit-text-stroke-color: #000000;\"><span style=\"font-kerning: none;\"><b><span style=\"vertical-align: inherit;\"><span style=\"vertical-align: inherit;\">Participation:<\/span><\/span><\/b><span style=\"vertical-align: inherit;\"><span style=\"vertical-align: inherit;\"> The event involved 176 citizens, including 25 participants from the city of Turku (Finland), 80 participants from the city of Poznan (Poland), 15 participants from the city Trnava (Slovakia) 21 participants from the city of Viterbo (Italy) , 20 participants from the city of Komotini (Greece) and 15 participants from the city of Jelgava (Latvia).<\/span><\/span><\/span><\/p><p style=\"font-variant-numeric: normal; font-variant-east-asian: normal; font-stretch: normal; font-size: 11px; line-height: normal; font-family: Arial; color: #000000; -webkit-text-stroke-color: #000000;\"><span style=\"font-kerning: none;\"><b><span style=\"vertical-align: inherit;\"><span style=\"vertical-align: inherit;\">Location \/ Dates:<\/span><\/span><\/b><span style=\"vertical-align: inherit;\"><span style=\"vertical-align: inherit;\"> The event took place in <\/span><\/span><\/span><span style=\"font-variant-numeric: normal; font-variant-east-asian: normal; font-stretch: normal; font-size: 10px; line-height: normal; font-family: 'Times New Roman'; font-kerning: none;\"><span style=\"vertical-align: inherit;\"><span style=\"vertical-align: inherit;\">:<\/span><\/span>\u00a0<\/span><\/p><p style=\"font-variant-numeric: normal; font-variant-east-asian: normal; font-stretch: normal; font-size: 11px; line-height: normal; font-family: Arial; color: #000000; -webkit-text-stroke-color: #000000;\"><span style=\"font-kerning: none;\"><span style=\"vertical-align: inherit;\"><span style=\"vertical-align: inherit;\">Turku, Finland <\/span><\/span><\/span><span style=\"vertical-align: inherit;\"><span style=\"font-kerning: none;\"><span style=\"vertical-align: inherit;\">from 09\/02\/2020 to 10\/02\/2020,<\/span><\/span><\/span> <span style=\"font-kerning: none;\">\u00a0<\/span><\/p><p style=\"font-variant-numeric: normal; font-variant-east-asian: normal; font-stretch: normal; font-size: 11px; line-height: normal; font-family: Arial; color: #000000; -webkit-text-stroke-color: #000000;\"><span style=\"font-kerning: none;\"><span style=\"vertical-align: inherit;\"><span style=\"vertical-align: inherit;\">Poznan, Poland from 03\/01\/2021 to 04\/01\/2021,<\/span><\/span>\u00a0<\/span><\/p><p style=\"font-variant-numeric: normal; font-variant-east-asian: normal; font-stretch: normal; font-size: 11px; line-height: normal; font-family: Arial; color: #000000; -webkit-text-stroke-color: #000000;\"><span style=\"font-kerning: none;\"><span style=\"vertical-align: inherit;\"><span style=\"vertical-align: inherit;\">Trnava, Slovakia on 25\/03\/2021<\/span><\/span><\/span><\/p><p style=\"font-variant-numeric: normal; font-variant-east-asian: normal; font-stretch: normal; font-size: 11px; line-height: normal; font-family: Arial; color: #000000; -webkit-text-stroke-color: #000000;\"><span style=\"font-kerning: none;\"><span style=\"vertical-align: inherit;\"><span style=\"vertical-align: inherit;\">Viterbo, Italy on 25\/08\/2021<\/span><\/span><\/span><\/p><p style=\"font-variant-numeric: normal; font-variant-east-asian: normal; font-stretch: normal; font-size: 11px; line-height: normal; font-family: Arial; color: #000000; -webkit-text-stroke-color: #000000;\"><span style=\"font-kerning: none;\"><span style=\"vertical-align: inherit;\"><span style=\"vertical-align: inherit;\">Komotini, Greece from 20\/02\/2020 to 21\/02\/2020<\/span><\/span><\/span><\/p><p style=\"font-variant-numeric: normal; font-variant-east-asian: normal; font-stretch: normal; font-size: 11px; line-height: normal; font-family: Arial; color: #000000; -webkit-text-stroke-color: #000000;\"><span style=\"font-kerning: none;\"><span style=\"vertical-align: inherit;\"><span style=\"vertical-align: inherit;\">Jelgava, Latvia on 12\/09\/2021 <\/span><\/span><br \/><b><span style=\"vertical-align: inherit;\"><span style=\"vertical-align: inherit;\">Short description:<\/span><\/span><\/b>\u00a0 <span style=\"vertical-align: inherit;\"><span style=\"vertical-align: inherit;\"> The aim of the event was for citizens to become aware of and understand the aspects of anti-Semitism and that it does not differ in its causes from any form of racism against &#8222;blacks&#8220; , the disabled, &#8222;Roma&#8220;, &#8222;gays&#8220;, against any minority.<\/span><\/span><\/span><\/p><p style=\"font-variant-numeric: normal; font-variant-east-asian: normal; font-stretch: normal; font-size: 11px; line-height: normal; font-family: Arial; color: #000000; -webkit-text-stroke-color: #000000;\"><span style=\"font-kerning: none;\"><span style=\"vertical-align: inherit;\"><span style=\"vertical-align: inherit;\">The workshops on Anti-Semitism today \/Civil society and equality\/, human rights, Case studies were based on interactive methods of non-formal education as defined by the EACEA as a basic learning tool.<\/span><\/span><\/span><\/p><p style=\"font-variant-numeric: normal; font-variant-east-asian: normal; font-stretch: normal; font-size: 11px; line-height: normal; font-family: Arial; color: #000000; -webkit-text-stroke-color: #000000;\"><span style=\"text-decoration-line: underline; font-kerning: none;\"><b><span style=\"vertical-align: inherit;\"><span style=\"vertical-align: inherit;\">Event 2 <\/span><\/span><br \/><\/b><\/span><span style=\"font-kerning: none;\"><b><span style=\"vertical-align: inherit;\"><span style=\"vertical-align: inherit;\">Participation:<\/span><\/span><\/b><span style=\"vertical-align: inherit;\"><span style=\"vertical-align: inherit;\"> The event involved 173 citizens, including 25 participants from the city of Turku (Finland), 80 participants from the city of Poznan (Poland), 12 participants from the city Trnava (Slovakia) 21 participants from the city of Viterbo ( Italy), 20 participants from the city of Komotini (Greece) and 15 participants from the city of Jelgava (Latvia).<\/span><\/span><\/span><\/p><p style=\"font-variant-numeric: normal; font-variant-east-asian: normal; font-stretch: normal; font-size: 11px; line-height: normal; font-family: Arial; color: #000000; -webkit-text-stroke-color: #000000;\"><span style=\"font-kerning: none;\"><b><span style=\"vertical-align: inherit;\"><span style=\"vertical-align: inherit;\">Location \/ Dates:<\/span><\/span><\/b><span style=\"vertical-align: inherit;\"><span style=\"vertical-align: inherit;\"> The event took place in <\/span><\/span><\/span><span style=\"font-variant-numeric: normal; font-variant-east-asian: normal; font-stretch: normal; font-size: 10px; line-height: normal; font-family: 'Times New Roman'; font-kerning: none;\"><span style=\"vertical-align: inherit;\"><span style=\"vertical-align: inherit;\">:<\/span><\/span>\u00a0<\/span><\/p><p style=\"font-variant-numeric: normal; font-variant-east-asian: normal; font-stretch: normal; font-size: 11px; line-height: normal; font-family: Arial; color: #000000; -webkit-text-stroke-color: #000000;\"><span style=\"font-kerning: none;\"><span style=\"vertical-align: inherit;\"><span style=\"vertical-align: inherit;\">Turku, Finland <\/span><\/span><\/span><span style=\"vertical-align: inherit;\"><span style=\"font-kerning: none;\"><span style=\"vertical-align: inherit;\">on 12\/06\/2021<\/span><\/span><\/span> <span style=\"font-kerning: none;\">\u00a0<\/span><\/p><p style=\"font-variant-numeric: normal; font-variant-east-asian: normal; font-stretch: normal; font-size: 11px; line-height: normal; font-family: Arial; color: #000000; -webkit-text-stroke-color: #000000;\"><span style=\"font-kerning: none;\"><span style=\"vertical-align: inherit;\"><span style=\"vertical-align: inherit;\">Poznan, Poland on 08\/10\/2021<\/span><\/span>\u00a0<\/span><\/p><p style=\"font-variant-numeric: normal; font-variant-east-asian: normal; font-stretch: normal; font-size: 11px; line-height: normal; font-family: Arial; color: #000000; -webkit-text-stroke-color: #000000;\"><span style=\"font-kerning: none;\"><span style=\"vertical-align: inherit;\"><span style=\"vertical-align: inherit;\">Trnava, Slovakia on 13\/08\/2021<\/span><\/span><\/span><\/p><p style=\"font-variant-numeric: normal; font-variant-east-asian: normal; font-stretch: normal; font-size: 11px; line-height: normal; font-family: Arial; color: #000000; -webkit-text-stroke-color: #000000;\"><span style=\"font-kerning: none;\"><span style=\"vertical-align: inherit;\"><span style=\"vertical-align: inherit;\">Viterbo, Italy on 26\/08\/2021<\/span><\/span><\/span><\/p><p style=\"font-variant-numeric: normal; font-variant-east-asian: normal; font-stretch: normal; font-size: 11px; line-height: normal; font-family: Arial; color: #000000; -webkit-text-stroke-color: #000000;\"><span style=\"font-kerning: none;\"><span style=\"vertical-align: inherit;\"><span style=\"vertical-align: inherit;\">Komotini, Greece on 10\/07\/2021<\/span><\/span><\/span><\/p><p style=\"font-variant-numeric: normal; font-variant-east-asian: normal; font-stretch: normal; font-size: 11px; line-height: normal; font-family: Arial; color: #000000; -webkit-text-stroke-color: #000000;\"><span style=\"font-kerning: none;\"><span style=\"vertical-align: inherit;\"><span style=\"vertical-align: inherit;\">Jelgava, Latvia on 05\/08\/2021 <\/span><\/span><\/span><\/p><p><b><span style=\"vertical-align: inherit;\"><span style=\"vertical-align: inherit;\">Short description:<\/span><\/span><\/b>\u00a0 <span style=\"vertical-align: inherit;\"><span style=\"vertical-align: inherit;\"> The aim of the event was to conduct Memory visits based on the experiential process for the participants. <\/span><span style=\"vertical-align: inherit;\">The visits took place at Holocaust memorials and Jewish community associations of each city. <\/span><span style=\"vertical-align: inherit;\">The method of visits encourages interaction and dialogue, through simplicity and willingness to communicate. <\/span><span style=\"vertical-align: inherit;\">The intention was to open a dialogue with the participants about racism in each country today, to break stereotypes and fight prejudices.<\/span><\/span><\/p><p style=\"font-variant-numeric: normal; font-variant-east-asian: normal; font-stretch: normal; font-size: 11px; line-height: normal; font-family: Arial; color: #000000; -webkit-text-stroke-color: #000000;\"><span style=\"text-decoration-line: underline; font-kerning: none;\"><b><span style=\"vertical-align: inherit;\"><span style=\"vertical-align: inherit;\">Event 3 <\/span><\/span><br \/><\/b><\/span><span style=\"font-kerning: none;\"><b><span style=\"vertical-align: inherit;\"><span style=\"vertical-align: inherit;\">Participation:<\/span><\/span><\/b><span style=\"vertical-align: inherit;\"><span style=\"vertical-align: inherit;\"> The event involved 171 citizens, including 25 participants from the city of Turku (Finland), 80 participants from the city of Poznan (Poland), 10 participants from the city of Trnava (Slovakia), 21 participants from the city of Viterbo (Italy), 20 participants from the city of Komotini (Greece) and 15 participants from the city of Jelgava (Latvia).<\/span><\/span><\/span><\/p><p style=\"font-variant-numeric: normal; font-variant-east-asian: normal; font-stretch: normal; font-size: 11px; line-height: normal; font-family: Arial; color: #000000; -webkit-text-stroke-color: #000000;\"><span style=\"font-kerning: none;\"><b><span style=\"vertical-align: inherit;\"><span style=\"vertical-align: inherit;\">Location \/ Dates:<\/span><\/span><\/b><span style=\"vertical-align: inherit;\"><span style=\"vertical-align: inherit;\"> The event took place in <\/span><\/span><\/span><span style=\"font-variant-numeric: normal; font-variant-east-asian: normal; font-stretch: normal; font-size: 10px; line-height: normal; font-family: 'Times New Roman'; font-kerning: none;\"><span style=\"vertical-align: inherit;\"><span style=\"vertical-align: inherit;\">:<\/span><\/span>\u00a0<\/span><\/p><p style=\"font-variant-numeric: normal; font-variant-east-asian: normal; font-stretch: normal; font-size: 11px; line-height: normal; font-family: Arial; color: #000000; -webkit-text-stroke-color: #000000;\"><span style=\"font-kerning: none;\"><span style=\"vertical-align: inherit;\"><span style=\"vertical-align: inherit;\">Turku, Finland <\/span><\/span><\/span><span style=\"vertical-align: inherit;\"><span style=\"font-kerning: none;\"><span style=\"vertical-align: inherit;\">from 25\/09\/2021 to 26\/09\/2021,<\/span><\/span><\/span> <span style=\"font-kerning: none;\">\u00a0<\/span><\/p><p style=\"font-variant-numeric: normal; font-variant-east-asian: normal; font-stretch: normal; font-size: 11px; line-height: normal; font-family: Arial; color: #000000; -webkit-text-stroke-color: #000000;\"><span style=\"font-kerning: none;\"><span style=\"vertical-align: inherit;\"><span style=\"vertical-align: inherit;\">Poznan, Poland from 22\/11\/2021 to 23\/11\/2021,<\/span><\/span>\u00a0<\/span><\/p><p style=\"font-variant-numeric: normal; font-variant-east-asian: normal; font-stretch: normal; font-size: 11px; line-height: normal; font-family: Arial; color: #000000; -webkit-text-stroke-color: #000000;\"><span style=\"font-kerning: none;\"><span style=\"vertical-align: inherit;\"><span style=\"vertical-align: inherit;\">Trnava, Slovakia on 15\/11\/2021<\/span><\/span><\/span><\/p><p style=\"font-variant-numeric: normal; font-variant-east-asian: normal; font-stretch: normal; font-size: 11px; line-height: normal; font-family: Arial; color: #000000; -webkit-text-stroke-color: #000000;\"><span style=\"font-kerning: none;\"><span style=\"vertical-align: inherit;\"><span style=\"vertical-align: inherit;\">Viterbo, Italy on 25\/08\/2021<\/span><\/span><\/span><\/p><p style=\"font-variant-numeric: normal; font-variant-east-asian: normal; font-stretch: normal; font-size: 11px; line-height: normal; font-family: Arial; color: #000000; -webkit-text-stroke-color: #000000;\"><span style=\"font-kerning: none;\"><span style=\"vertical-align: inherit;\"><span style=\"vertical-align: inherit;\">Komotini, Greece from 28\/10\/2021 to 29\/10\/2021<\/span><\/span><\/span><\/p><p style=\"font-variant-numeric: normal; font-variant-east-asian: normal; font-stretch: normal; font-size: 11px; line-height: normal; font-family: Arial; color: #000000; -webkit-text-stroke-color: #000000;\"><span style=\"font-kerning: none;\"><span style=\"vertical-align: inherit;\"><span style=\"vertical-align: inherit;\">Jelgava, Latvia <\/span><\/span>\u00a0 <span style=\"vertical-align: inherit;\"><span style=\"vertical-align: inherit;\">on 01\/11\/2021 <\/span><\/span><\/span><\/p><p><b><span style=\"vertical-align: inherit;\"><span style=\"vertical-align: inherit;\">Short description:<\/span><\/span><\/b>\u00a0 <span style=\"vertical-align: inherit;\"><span style=\"vertical-align: inherit;\"> The aim of the event was to promote structured dialogue as a tool to fight racism and discrimination as well as promote related policies. <\/span><span style=\"vertical-align: inherit;\">Participants understood its process that aims to hold discussions on various topics between the citizens and those responsible for policy making. <\/span><span style=\"vertical-align: inherit;\">As well as the purpose of this process and the importance to consider the opinion of citizens when shaping European policies that concern them.<\/span><\/span><\/p><p style=\"font-variant-numeric: normal; font-variant-east-asian: normal; font-stretch: normal; font-size: 11px; line-height: normal; font-family: Arial; color: #000000; -webkit-text-stroke-color: #000000;\"><span style=\"text-decoration-line: underline; font-kerning: none;\"><b><span style=\"vertical-align: inherit;\"><span style=\"vertical-align: inherit;\">Event 4 <\/span><\/span><br \/><\/b><\/span><span style=\"font-kerning: none;\"><b><span style=\"vertical-align: inherit;\"><span style=\"vertical-align: inherit;\">Participation:<\/span><\/span><\/b><span style=\"vertical-align: inherit;\"><span style=\"vertical-align: inherit;\"> The event involved 80 citizens, including 20 participants from the city of Turku (Finland), 6 participants from the city of Poznan (Poland), 12 participants from the city Trnava (Slovakia), 27 participants from the city of Komotini (Greece) and 15 participants from the city of Jelgava (Latvia).<\/span><\/span><\/span><\/p><p style=\"font-variant-numeric: normal; font-variant-east-asian: normal; font-stretch: normal; font-size: 11px; line-height: normal; font-family: Arial; color: #000000; -webkit-text-stroke-color: #000000;\"><span style=\"font-kerning: none;\"><b><span style=\"vertical-align: inherit;\"><span style=\"vertical-align: inherit;\">Location \/ Dates:<\/span><\/span><\/b><span style=\"vertical-align: inherit;\"><span style=\"vertical-align: inherit;\"> The event took place in <\/span><\/span><\/span><span style=\"font-variant-numeric: normal; font-variant-east-asian: normal; font-stretch: normal; font-size: 10px; line-height: normal; font-family: 'Times New Roman'; font-kerning: none;\"><span style=\"vertical-align: inherit;\"><span style=\"vertical-align: inherit;\">:<\/span><\/span>\u00a0<\/span><\/p><p style=\"font-variant-numeric: normal; font-variant-east-asian: normal; font-stretch: normal; font-size: 11px; line-height: normal; font-family: Arial; color: #000000; -webkit-text-stroke-color: #000000;\"><span style=\"font-kerning: none;\"><span style=\"vertical-align: inherit;\"><span style=\"vertical-align: inherit;\">Komotini, Greece from 21\/01\/2022 to 22\/01\/2022<\/span><\/span><\/span><\/p><p style=\"font-variant-numeric: normal; font-variant-east-asian: normal; font-stretch: normal; font-size: 11px; line-height: normal; font-family: Arial; color: #000000; -webkit-text-stroke-color: #000000;\">\u00a0<\/p><p><b><span style=\"vertical-align: inherit;\"><span style=\"vertical-align: inherit;\">Short description:<\/span><\/span><\/b>\u00a0 <span style=\"vertical-align: inherit;\"><span style=\"vertical-align: inherit;\"> The aim of the event was to create the fairytale &#8222;A fairy tale about Europe&#8220;. <\/span><span style=\"vertical-align: inherit;\">Participants used all the knowledge from the previous events to compose a fairy tale based on heroes of national fairytales.<\/span><\/span><\/p><p style=\"font-variant-numeric: normal; font-variant-east-asian: normal; font-stretch: normal; font-size: 11px; line-height: normal; font-family: Arial; color: #000000; -webkit-text-stroke-color: #000000;\"><span style=\"text-decoration-line: underline; font-kerning: none;\"><b><span style=\"vertical-align: inherit;\"><span class=\"\" style=\"vertical-align: inherit;\">Event 5 <\/span><\/span><br \/><\/b><\/span><span style=\"font-kerning: none;\"><b><span style=\"vertical-align: inherit;\"><span class=\"\" style=\"vertical-align: inherit;\">Participation:<\/span><\/span><\/b><span style=\"vertical-align: inherit;\"><span class=\"\" style=\"vertical-align: inherit;\"> The event involved 52 citizens, including 15 participants from the city of Turku (Finland), 2 participants from the city of Poznan (Poland), 6 participants from the city Trnava (Slovakia), 4 participants from the city of Viterbo (Italy), 15 participants from the city of Komotini (Greece) and 10 participants from the city of Jelgava (Latvia).<\/span><\/span><\/span><\/p><p style=\"font-variant-numeric: normal; font-variant-east-asian: normal; font-stretch: normal; font-size: 11px; line-height: normal; font-family: Arial; color: #000000; -webkit-text-stroke-color: #000000;\"><span style=\"font-kerning: none;\"><b><span style=\"vertical-align: inherit;\"><span style=\"vertical-align: inherit;\">Location \/ Dates:<\/span><\/span><\/b><span style=\"vertical-align: inherit;\"><span style=\"vertical-align: inherit;\"> The event took place in <\/span><\/span><\/span><span style=\"font-variant-numeric: normal; font-variant-east-asian: normal; font-stretch: normal; font-size: 10px; line-height: normal; font-family: 'Times New Roman'; font-kerning: none;\"><span style=\"vertical-align: inherit;\"><span style=\"vertical-align: inherit;\">:<\/span><\/span>\u00a0<\/span><\/p><p style=\"font-variant-numeric: normal; font-variant-east-asian: normal; font-stretch: normal; font-size: 11px; line-height: normal; font-family: Arial; color: #000000; -webkit-text-stroke-color: #000000;\"><span style=\"font-kerning: none;\"><span style=\"vertical-align: inherit;\"><span style=\"vertical-align: inherit;\">Komotini, Greece on 14\/05\/2022<\/span><\/span><\/span><\/p><p style=\"font-variant-numeric: normal; font-variant-east-asian: normal; font-stretch: normal; font-size: 11px; line-height: normal; font-family: Arial; color: #000000; -webkit-text-stroke-color: #000000;\">\u00a0<\/p><p><b><span style=\"vertical-align: inherit;\"><span style=\"vertical-align: inherit;\">Short description:<\/span><\/span><\/b>\u00a0 <span style=\"vertical-align: inherit;\"><span style=\"vertical-align: inherit;\"> The aim of the event was to present the fairytale and &#8222;A fairy Tale about Europe&#8220;. <\/span><span style=\"vertical-align: inherit;\">The event took place with the support of the Municipality of Komotini and the Director of Secondary Education of the Rhodope region.<\/span><\/span><\/p><p>\u00a0<\/p><p><span style=\"font-weight: 400;\"><span style=\"vertical-align: inherit;\"><span style=\"vertical-align: inherit;\">More information about the project and Tale of Europe <\/span><\/span><a href=\"https:\/\/www.r-project.online\/\"><span style=\"vertical-align: inherit;\"><span style=\"vertical-align: inherit;\">HERE<\/span><\/span><\/a><span style=\"vertical-align: inherit;\"><span style=\"vertical-align: inherit;\"> .<\/span><\/span><\/span><\/p><p><span style=\"font-weight: 400;\">\u00a0<\/span><\/p><p><span style=\"font-weight: bold; color: #000000; font-family: Arial; text-align: center; -webkit-text-stroke-color: #000000;\">The project \u00abThe R Project\u00bb was funded with the support of the European Union under the Program &#8222;Europe for Citizens&#8220;<\/span><\/p>\t\t\t\t\t\t\t\t<\/div>\n\t\t\t\t<\/div>\n\t\t\t\t\t<\/div>\n\t\t<\/div>\n\t\t\t\t\t<\/div>\n\t\t<\/section>\n\t\t\t\t<section class=\"elementor-section elementor-top-section elementor-element elementor-element-cc5dc8a elementor-section-boxed elementor-section-height-default elementor-section-height-default\" data-id=\"cc5dc8a\" data-element_type=\"section\" data-e-type=\"section\">\n\t\t\t\t\t\t<div class=\"elementor-container elementor-column-gap-default\">\n\t\t\t\t\t<div class=\"elementor-column elementor-col-100 elementor-top-column elementor-element elementor-element-02bb63a\" data-id=\"02bb63a\" data-element_type=\"column\" data-e-type=\"column\">\n\t\t\t<div class=\"elementor-widget-wrap elementor-element-populated\">\n\t\t\t\t\t\t<div class=\"elementor-element elementor-element-41f8b82 elementor-widget elementor-widget-image\" data-id=\"41f8b82\" data-element_type=\"widget\" data-e-type=\"widget\" data-widget_type=\"image.default\">\n\t\t\t\t<div class=\"elementor-widget-container\">\n\t\t\t\t\t\t\t\t\t\t\t\t\t\t\t<img fetchpriority=\"high\" decoding=\"async\" width=\"1024\" height=\"178\" src=\"https:\/\/www.youthforequality.sk\/wp-content\/uploads\/2021\/04\/Europe-for-Citizens-1024x178.png\" class=\"attachment-large size-large wp-image-4386\" alt=\"\" srcset=\"https:\/\/www.youthforequality.sk\/wp-content\/uploads\/2021\/04\/Europe-for-Citizens-1024x178.png 1024w, https:\/\/www.youthforequality.sk\/wp-content\/uploads\/2021\/04\/Europe-for-Citizens-300x52.png 300w, https:\/\/www.youthforequality.sk\/wp-content\/uploads\/2021\/04\/Europe-for-Citizens-768x133.png 768w, https:\/\/www.youthforequality.sk\/wp-content\/uploads\/2021\/04\/Europe-for-Citizens-1536x267.png 1536w, https:\/\/www.youthforequality.sk\/wp-content\/uploads\/2021\/04\/Europe-for-Citizens-2048x355.png 2048w\" sizes=\"(max-width: 1024px) 100vw, 1024px\" \/>\t\t\t\t\t\t\t\t\t\t\t\t\t\t\t<\/div>\n\t\t\t\t<\/div>\n\t\t\t\t\t<\/div>\n\t\t<\/div>\n\t\t\t\t\t<\/div>\n\t\t<\/section>\n\t\t\t\t<\/div>\n\t\t","protected":false},"excerpt":{"rendered":"<p>The goal of the R-project was to educate young people about contemporary anti-Semitism, civil society and equality, human rights through interactive methods of informal education. In 2021, more than 50 young people participated in workshops based on informal and experiential learning. In addition, there was a visit to the Holocaust Memorial and the Jewish Community&hellip;&nbsp;<a href=\"https:\/\/www.youthforequality.sk\/index.php\/2021\/04\/06\/r-project\/\" class=\"\" rel=\"bookmark\">\u010c\u00edta\u0165 viac &raquo;<span class=\"screen-reader-text\">R-project<\/span><\/a><\/p>\n","protected":false},"author":4,"featured_media":6297,"comment_status":"closed","ping_status":"open","sticky":false,"template":"","format":"standard","meta":{"_uf_show_specific_survey":0,"_uf_disable_surveys":false,"neve_meta_sidebar":"","neve_meta_container":"","neve_meta_enable_content_width":"off","neve_meta_content_width":70,"neve_meta_title_alignment":"","neve_meta_author_avatar":"","neve_post_elements_order":"","neve_meta_disable_header":"","neve_meta_disable_footer":"","neve_meta_disable_title":"","_themeisle_gutenberg_block_has_review":false,"footnotes":""},"categories":[32],"tags":[],"class_list":["post-2516","post","type-post","status-publish","format-standard","has-post-thumbnail","hentry","category-strukturovany-dialog-pripravujeme"],"yoast_head":"<!-- This site is optimized with the Yoast SEO plugin v27.4 - https:\/\/yoast.com\/product\/yoast-seo-wordpress\/ -->\n<title>R-project | \u0160trukt\u00farovan\u00fd dial\u00f3g |<\/title>\n<meta name=\"robots\" content=\"index, follow, max-snippet:-1, max-image-preview:large, max-video-preview:-1\" \/>\n<link rel=\"canonical\" href=\"https:\/\/www.youthforequality.sk\/index.php\/2021\/04\/06\/r-project\/\" \/>\n<meta property=\"og:locale\" content=\"sk_SK\" \/>\n<meta property=\"og:type\" content=\"article\" \/>\n<meta property=\"og:title\" content=\"R-project | \u0160trukt\u00farovan\u00fd dial\u00f3g |\" \/>\n<meta property=\"og:description\" content=\"The goal of the R-project was to educate young people about contemporary anti-Semitism, civil society and equality, human rights through interactive methods of informal education. In 2021, more than 50 young people participated in workshops based on informal and experiential learning. In addition, there was a visit to the Holocaust Memorial and the Jewish Community&hellip;&nbsp;\u010c\u00edta\u0165 viac &raquo;R-project\" \/>\n<meta property=\"og:url\" content=\"https:\/\/www.youthforequality.sk\/index.php\/2021\/04\/06\/r-project\/\" \/>\n<meta property=\"article:publisher\" content=\"https:\/\/www.facebook.com\/yeslovakia\" \/>\n<meta property=\"article:published_time\" content=\"2021-04-06T19:22:19+00:00\" \/>\n<meta property=\"article:modified_time\" content=\"2023-11-27T12:29:44+00:00\" \/>\n<meta property=\"og:image\" content=\"https:\/\/www.youthforequality.sk\/wp-content\/uploads\/2021\/04\/hannah-busing-Zyx1bK9mqmA-unsplash.jpg\" \/>\n\t<meta property=\"og:image:width\" content=\"1920\" \/>\n\t<meta property=\"og:image:height\" content=\"1280\" \/>\n\t<meta property=\"og:image:type\" content=\"image\/jpeg\" \/>\n<meta name=\"author\" content=\"D\u00e1vid Sont\u00e1g\" \/>\n<meta name=\"twitter:card\" content=\"summary_large_image\" \/>\n<meta name=\"twitter:label1\" content=\"Autor\" \/>\n\t<meta name=\"twitter:data1\" content=\"D\u00e1vid Sont\u00e1g\" \/>\n\t<meta name=\"twitter:label2\" content=\"Predpokladan\u00fd \u010das \u010d\u00edtania\" \/>\n\t<meta name=\"twitter:data2\" content=\"1 min\u00fata\" \/>\n<script type=\"application\/ld+json\" class=\"yoast-schema-graph\">{\"@context\":\"https:\\\/\\\/schema.org\",\"@graph\":[{\"@type\":\"Article\",\"@id\":\"https:\\\/\\\/www.youthforequality.sk\\\/index.php\\\/2021\\\/04\\\/06\\\/r-project\\\/#article\",\"isPartOf\":{\"@id\":\"https:\\\/\\\/www.youthforequality.sk\\\/index.php\\\/2021\\\/04\\\/06\\\/r-project\\\/\"},\"author\":{\"name\":\"D\u00e1vid Sont\u00e1g\",\"@id\":\"https:\\\/\\\/www.youthforequality.sk\\\/#\\\/schema\\\/person\\\/8c659d759c00eb743d317864891f0d3f\"},\"headline\":\"R-project\",\"datePublished\":\"2021-04-06T19:22:19+00:00\",\"dateModified\":\"2023-11-27T12:29:44+00:00\",\"mainEntityOfPage\":{\"@id\":\"https:\\\/\\\/www.youthforequality.sk\\\/index.php\\\/2021\\\/04\\\/06\\\/r-project\\\/\"},\"wordCount\":874,\"publisher\":{\"@id\":\"https:\\\/\\\/www.youthforequality.sk\\\/#organization\"},\"image\":{\"@id\":\"https:\\\/\\\/www.youthforequality.sk\\\/index.php\\\/2021\\\/04\\\/06\\\/r-project\\\/#primaryimage\"},\"thumbnailUrl\":\"https:\\\/\\\/www.youthforequality.sk\\\/wp-content\\\/uploads\\\/2021\\\/04\\\/Green-Illustrated-Eco-Grocery-Banner-3.png\",\"articleSection\":[\"\u0160trukt\u00farovan\u00fd dial\u00f3g-pripravujeme\"],\"inLanguage\":\"sk-SK\"},{\"@type\":\"WebPage\",\"@id\":\"https:\\\/\\\/www.youthforequality.sk\\\/index.php\\\/2021\\\/04\\\/06\\\/r-project\\\/\",\"url\":\"https:\\\/\\\/www.youthforequality.sk\\\/index.php\\\/2021\\\/04\\\/06\\\/r-project\\\/\",\"name\":\"R-project | \u0160trukt\u00farovan\u00fd dial\u00f3g |\",\"isPartOf\":{\"@id\":\"https:\\\/\\\/www.youthforequality.sk\\\/#website\"},\"primaryImageOfPage\":{\"@id\":\"https:\\\/\\\/www.youthforequality.sk\\\/index.php\\\/2021\\\/04\\\/06\\\/r-project\\\/#primaryimage\"},\"image\":{\"@id\":\"https:\\\/\\\/www.youthforequality.sk\\\/index.php\\\/2021\\\/04\\\/06\\\/r-project\\\/#primaryimage\"},\"thumbnailUrl\":\"https:\\\/\\\/www.youthforequality.sk\\\/wp-content\\\/uploads\\\/2021\\\/04\\\/Green-Illustrated-Eco-Grocery-Banner-3.png\",\"datePublished\":\"2021-04-06T19:22:19+00:00\",\"dateModified\":\"2023-11-27T12:29:44+00:00\",\"breadcrumb\":{\"@id\":\"https:\\\/\\\/www.youthforequality.sk\\\/index.php\\\/2021\\\/04\\\/06\\\/r-project\\\/#breadcrumb\"},\"inLanguage\":\"sk-SK\",\"potentialAction\":[{\"@type\":\"ReadAction\",\"target\":[\"https:\\\/\\\/www.youthforequality.sk\\\/index.php\\\/2021\\\/04\\\/06\\\/r-project\\\/\"]}]},{\"@type\":\"ImageObject\",\"inLanguage\":\"sk-SK\",\"@id\":\"https:\\\/\\\/www.youthforequality.sk\\\/index.php\\\/2021\\\/04\\\/06\\\/r-project\\\/#primaryimage\",\"url\":\"https:\\\/\\\/www.youthforequality.sk\\\/wp-content\\\/uploads\\\/2021\\\/04\\\/Green-Illustrated-Eco-Grocery-Banner-3.png\",\"contentUrl\":\"https:\\\/\\\/www.youthforequality.sk\\\/wp-content\\\/uploads\\\/2021\\\/04\\\/Green-Illustrated-Eco-Grocery-Banner-3.png\",\"width\":6912,\"height\":3456},{\"@type\":\"BreadcrumbList\",\"@id\":\"https:\\\/\\\/www.youthforequality.sk\\\/index.php\\\/2021\\\/04\\\/06\\\/r-project\\\/#breadcrumb\",\"itemListElement\":[{\"@type\":\"ListItem\",\"position\":1,\"name\":\"Home\",\"item\":\"https:\\\/\\\/www.youthforequality.sk\\\/\"},{\"@type\":\"ListItem\",\"position\":2,\"name\":\"R-project\"}]},{\"@type\":\"WebSite\",\"@id\":\"https:\\\/\\\/www.youthforequality.sk\\\/#website\",\"url\":\"https:\\\/\\\/www.youthforequality.sk\\\/\",\"name\":\"\",\"description\":\"\",\"publisher\":{\"@id\":\"https:\\\/\\\/www.youthforequality.sk\\\/#organization\"},\"potentialAction\":[{\"@type\":\"SearchAction\",\"target\":{\"@type\":\"EntryPoint\",\"urlTemplate\":\"https:\\\/\\\/www.youthforequality.sk\\\/?s={search_term_string}\"},\"query-input\":{\"@type\":\"PropertyValueSpecification\",\"valueRequired\":true,\"valueName\":\"search_term_string\"}}],\"inLanguage\":\"sk-SK\"},{\"@type\":\"Organization\",\"@id\":\"https:\\\/\\\/www.youthforequality.sk\\\/#organization\",\"name\":\"Youth for Equality\",\"url\":\"https:\\\/\\\/www.youthforequality.sk\\\/\",\"logo\":{\"@type\":\"ImageObject\",\"inLanguage\":\"sk-SK\",\"@id\":\"https:\\\/\\\/www.youthforequality.sk\\\/#\\\/schema\\\/logo\\\/image\\\/\",\"url\":\"https:\\\/\\\/www.youthforequality.sk\\\/wp-content\\\/uploads\\\/2021\\\/01\\\/vynovene-logo-nove-farby_modra-na-web.png\",\"contentUrl\":\"https:\\\/\\\/www.youthforequality.sk\\\/wp-content\\\/uploads\\\/2021\\\/01\\\/vynovene-logo-nove-farby_modra-na-web.png\",\"width\":1,\"height\":1,\"caption\":\"Youth for Equality\"},\"image\":{\"@id\":\"https:\\\/\\\/www.youthforequality.sk\\\/#\\\/schema\\\/logo\\\/image\\\/\"},\"sameAs\":[\"https:\\\/\\\/www.facebook.com\\\/yeslovakia\"]},{\"@type\":\"Person\",\"@id\":\"https:\\\/\\\/www.youthforequality.sk\\\/#\\\/schema\\\/person\\\/8c659d759c00eb743d317864891f0d3f\",\"name\":\"D\u00e1vid Sont\u00e1g\",\"image\":{\"@type\":\"ImageObject\",\"inLanguage\":\"sk-SK\",\"@id\":\"https:\\\/\\\/secure.gravatar.com\\\/avatar\\\/03ad119eac9b3a0144cc444cf55880edaeaf4ccc92268fd77ec841147fb0cf7e?s=96&d=mm&r=g\",\"url\":\"https:\\\/\\\/secure.gravatar.com\\\/avatar\\\/03ad119eac9b3a0144cc444cf55880edaeaf4ccc92268fd77ec841147fb0cf7e?s=96&d=mm&r=g\",\"contentUrl\":\"https:\\\/\\\/secure.gravatar.com\\\/avatar\\\/03ad119eac9b3a0144cc444cf55880edaeaf4ccc92268fd77ec841147fb0cf7e?s=96&d=mm&r=g\",\"caption\":\"D\u00e1vid Sont\u00e1g\"},\"url\":\"https:\\\/\\\/www.youthforequality.sk\\\/index.php\\\/author\\\/davson\\\/\"}]}<\/script>\n<!-- \/ Yoast SEO plugin. -->","yoast_head_json":{"title":"R-project | \u0160trukt\u00farovan\u00fd dial\u00f3g |","robots":{"index":"index","follow":"follow","max-snippet":"max-snippet:-1","max-image-preview":"max-image-preview:large","max-video-preview":"max-video-preview:-1"},"canonical":"https:\/\/www.youthforequality.sk\/index.php\/2021\/04\/06\/r-project\/","og_locale":"sk_SK","og_type":"article","og_title":"R-project | \u0160trukt\u00farovan\u00fd dial\u00f3g |","og_description":"The goal of the R-project was to educate young people about contemporary anti-Semitism, civil society and equality, human rights through interactive methods of informal education. In 2021, more than 50 young people participated in workshops based on informal and experiential learning. In addition, there was a visit to the Holocaust Memorial and the Jewish Community&hellip;&nbsp;\u010c\u00edta\u0165 viac &raquo;R-project","og_url":"https:\/\/www.youthforequality.sk\/index.php\/2021\/04\/06\/r-project\/","article_publisher":"https:\/\/www.facebook.com\/yeslovakia","article_published_time":"2021-04-06T19:22:19+00:00","article_modified_time":"2023-11-27T12:29:44+00:00","og_image":[{"width":1920,"height":1280,"url":"https:\/\/www.youthforequality.sk\/wp-content\/uploads\/2021\/04\/hannah-busing-Zyx1bK9mqmA-unsplash.jpg","type":"image\/jpeg"}],"author":"D\u00e1vid Sont\u00e1g","twitter_card":"summary_large_image","twitter_misc":{"Autor":"D\u00e1vid Sont\u00e1g","Predpokladan\u00fd \u010das \u010d\u00edtania":"1 min\u00fata"},"schema":{"@context":"https:\/\/schema.org","@graph":[{"@type":"Article","@id":"https:\/\/www.youthforequality.sk\/index.php\/2021\/04\/06\/r-project\/#article","isPartOf":{"@id":"https:\/\/www.youthforequality.sk\/index.php\/2021\/04\/06\/r-project\/"},"author":{"name":"D\u00e1vid Sont\u00e1g","@id":"https:\/\/www.youthforequality.sk\/#\/schema\/person\/8c659d759c00eb743d317864891f0d3f"},"headline":"R-project","datePublished":"2021-04-06T19:22:19+00:00","dateModified":"2023-11-27T12:29:44+00:00","mainEntityOfPage":{"@id":"https:\/\/www.youthforequality.sk\/index.php\/2021\/04\/06\/r-project\/"},"wordCount":874,"publisher":{"@id":"https:\/\/www.youthforequality.sk\/#organization"},"image":{"@id":"https:\/\/www.youthforequality.sk\/index.php\/2021\/04\/06\/r-project\/#primaryimage"},"thumbnailUrl":"https:\/\/www.youthforequality.sk\/wp-content\/uploads\/2021\/04\/Green-Illustrated-Eco-Grocery-Banner-3.png","articleSection":["\u0160trukt\u00farovan\u00fd dial\u00f3g-pripravujeme"],"inLanguage":"sk-SK"},{"@type":"WebPage","@id":"https:\/\/www.youthforequality.sk\/index.php\/2021\/04\/06\/r-project\/","url":"https:\/\/www.youthforequality.sk\/index.php\/2021\/04\/06\/r-project\/","name":"R-project | \u0160trukt\u00farovan\u00fd dial\u00f3g |","isPartOf":{"@id":"https:\/\/www.youthforequality.sk\/#website"},"primaryImageOfPage":{"@id":"https:\/\/www.youthforequality.sk\/index.php\/2021\/04\/06\/r-project\/#primaryimage"},"image":{"@id":"https:\/\/www.youthforequality.sk\/index.php\/2021\/04\/06\/r-project\/#primaryimage"},"thumbnailUrl":"https:\/\/www.youthforequality.sk\/wp-content\/uploads\/2021\/04\/Green-Illustrated-Eco-Grocery-Banner-3.png","datePublished":"2021-04-06T19:22:19+00:00","dateModified":"2023-11-27T12:29:44+00:00","breadcrumb":{"@id":"https:\/\/www.youthforequality.sk\/index.php\/2021\/04\/06\/r-project\/#breadcrumb"},"inLanguage":"sk-SK","potentialAction":[{"@type":"ReadAction","target":["https:\/\/www.youthforequality.sk\/index.php\/2021\/04\/06\/r-project\/"]}]},{"@type":"ImageObject","inLanguage":"sk-SK","@id":"https:\/\/www.youthforequality.sk\/index.php\/2021\/04\/06\/r-project\/#primaryimage","url":"https:\/\/www.youthforequality.sk\/wp-content\/uploads\/2021\/04\/Green-Illustrated-Eco-Grocery-Banner-3.png","contentUrl":"https:\/\/www.youthforequality.sk\/wp-content\/uploads\/2021\/04\/Green-Illustrated-Eco-Grocery-Banner-3.png","width":6912,"height":3456},{"@type":"BreadcrumbList","@id":"https:\/\/www.youthforequality.sk\/index.php\/2021\/04\/06\/r-project\/#breadcrumb","itemListElement":[{"@type":"ListItem","position":1,"name":"Home","item":"https:\/\/www.youthforequality.sk\/"},{"@type":"ListItem","position":2,"name":"R-project"}]},{"@type":"WebSite","@id":"https:\/\/www.youthforequality.sk\/#website","url":"https:\/\/www.youthforequality.sk\/","name":"","description":"","publisher":{"@id":"https:\/\/www.youthforequality.sk\/#organization"},"potentialAction":[{"@type":"SearchAction","target":{"@type":"EntryPoint","urlTemplate":"https:\/\/www.youthforequality.sk\/?s={search_term_string}"},"query-input":{"@type":"PropertyValueSpecification","valueRequired":true,"valueName":"search_term_string"}}],"inLanguage":"sk-SK"},{"@type":"Organization","@id":"https:\/\/www.youthforequality.sk\/#organization","name":"Youth for Equality","url":"https:\/\/www.youthforequality.sk\/","logo":{"@type":"ImageObject","inLanguage":"sk-SK","@id":"https:\/\/www.youthforequality.sk\/#\/schema\/logo\/image\/","url":"https:\/\/www.youthforequality.sk\/wp-content\/uploads\/2021\/01\/vynovene-logo-nove-farby_modra-na-web.png","contentUrl":"https:\/\/www.youthforequality.sk\/wp-content\/uploads\/2021\/01\/vynovene-logo-nove-farby_modra-na-web.png","width":1,"height":1,"caption":"Youth for Equality"},"image":{"@id":"https:\/\/www.youthforequality.sk\/#\/schema\/logo\/image\/"},"sameAs":["https:\/\/www.facebook.com\/yeslovakia"]},{"@type":"Person","@id":"https:\/\/www.youthforequality.sk\/#\/schema\/person\/8c659d759c00eb743d317864891f0d3f","name":"D\u00e1vid Sont\u00e1g","image":{"@type":"ImageObject","inLanguage":"sk-SK","@id":"https:\/\/secure.gravatar.com\/avatar\/03ad119eac9b3a0144cc444cf55880edaeaf4ccc92268fd77ec841147fb0cf7e?s=96&d=mm&r=g","url":"https:\/\/secure.gravatar.com\/avatar\/03ad119eac9b3a0144cc444cf55880edaeaf4ccc92268fd77ec841147fb0cf7e?s=96&d=mm&r=g","contentUrl":"https:\/\/secure.gravatar.com\/avatar\/03ad119eac9b3a0144cc444cf55880edaeaf4ccc92268fd77ec841147fb0cf7e?s=96&d=mm&r=g","caption":"D\u00e1vid Sont\u00e1g"},"url":"https:\/\/www.youthforequality.sk\/index.php\/author\/davson\/"}]}},"_links":{"self":[{"href":"https:\/\/www.youthforequality.sk\/index.php\/wp-json\/wp\/v2\/posts\/2516","targetHints":{"allow":["GET"]}}],"collection":[{"href":"https:\/\/www.youthforequality.sk\/index.php\/wp-json\/wp\/v2\/posts"}],"about":[{"href":"https:\/\/www.youthforequality.sk\/index.php\/wp-json\/wp\/v2\/types\/post"}],"author":[{"embeddable":true,"href":"https:\/\/www.youthforequality.sk\/index.php\/wp-json\/wp\/v2\/users\/4"}],"replies":[{"embeddable":true,"href":"https:\/\/www.youthforequality.sk\/index.php\/wp-json\/wp\/v2\/comments?post=2516"}],"version-history":[{"count":21,"href":"https:\/\/www.youthforequality.sk\/index.php\/wp-json\/wp\/v2\/posts\/2516\/revisions"}],"predecessor-version":[{"id":6300,"href":"https:\/\/www.youthforequality.sk\/index.php\/wp-json\/wp\/v2\/posts\/2516\/revisions\/6300"}],"wp:featuredmedia":[{"embeddable":true,"href":"https:\/\/www.youthforequality.sk\/index.php\/wp-json\/wp\/v2\/media\/6297"}],"wp:attachment":[{"href":"https:\/\/www.youthforequality.sk\/index.php\/wp-json\/wp\/v2\/media?parent=2516"}],"wp:term":[{"taxonomy":"category","embeddable":true,"href":"https:\/\/www.youthforequality.sk\/index.php\/wp-json\/wp\/v2\/categories?post=2516"},{"taxonomy":"post_tag","embeddable":true,"href":"https:\/\/www.youthforequality.sk\/index.php\/wp-json\/wp\/v2\/tags?post=2516"}],"curies":[{"name":"wp","href":"https:\/\/api.w.org\/{rel}","templated":true}]}}