{"id":253,"date":"2018-06-07T10:00:20","date_gmt":"2018-06-07T10:00:20","guid":{"rendered":"https:\/\/www.youthforequality.sk\/index.php\/2020\/04\/16\/mini-cross-border-seminar-copy-copy-copy-copy\/"},"modified":"2020-04-17T14:53:36","modified_gmt":"2020-04-17T14:53:36","slug":"co-je-to-youthpass-certifikat","status":"publish","type":"post","link":"https:\/\/www.youthforequality.sk\/index.php\/2018\/06\/07\/co-je-to-youthpass-certifikat\/","title":{"rendered":"\u010co je to Youthpass certifik\u00e1t?"},"content":{"rendered":"\n<p>D\u00f4le\u017eitou s\u00fa\u010das\u0165ou programu Erasmus+ je Youthpass. Dokument, ktor\u00fd uzn\u00e1va neform\u00e1lne vzdel\u00e1vanie a z\u00e1rove\u0148 n\u00e1stroj, ktor\u00fd sl\u00fa\u017ei na podporu uznania ml\u00e1de\u017en\u00edckej pr\u00e1ce a strat\u00e9gie celo\u017eivotn\u00e9ho vzdel\u00e1vania.<\/p>\n\n\n\n<p>Youthpass je ur\u010den\u00fd v\u0161etk\u00fdm t\u00fdm, ktor\u00ed sa z\u00fa\u010dastnili aktiv\u00edt v r\u00e1mci programu Erasmus+ a chc\u00fa z\u00edska\u0165 potvrdenie &#8211; certifik\u00e1t o z\u00edskan\u00fdch kompetenci\u00e1ch po\u010das trvania svojho projektu. V s\u00fa\u010dasnosti sa vyd\u00e1va v r\u00e1mci akci\u00ed:<\/p>\n\n\n\n<ul class=\"wp-block-list\"><li>&nbsp;Medzin\u00e1rodn\u00e9 ml\u00e1de\u017en\u00edcke v\u00fdmeny<\/li><li>&nbsp;Ml\u00e1de\u017en\u00edcke iniciat\u00edvy<\/li><li>&nbsp;Eur\u00f3pska dobrovo\u013en\u00edcka slu\u017eba<\/li><li>&nbsp;\u0160kolenia a projekty zameran\u00e9 na vytv\u00e1ranie siet\u00ed<\/li><\/ul>\n\n\n\n<p>Youthpass si vytvor\u00ed \u00fa\u010dastn\u00edk projektu s\u00e1m, za podpory organiz\u00e1tora &#8211; garanta projektu, ktor\u00fd zodpoved\u00e1 za pos\u00fadenie z\u00edskan\u00fdch zru\u010dnost\u00ed a kompetenci\u00ed.<\/p>\n\n\n\n<p>Youthpass certifik\u00e1t obsahuje kontaktn\u00e9 \u00fadaje, popis projektu a najm\u00e4 popis z\u00edskan\u00fdch kompetenci\u00ed, ktor\u00e9 definujeme ako kombin\u00e1ciu vedomost\u00ed, zru\u010dnost\u00ed a postojov. Najd\u00f4le\u017eitej\u0161ou s\u00fa\u010das\u0165ou Youthpassu je pr\u00e1ve&nbsp;<a href=\"https:\/\/youthforequality-sk.cms.webnode.sk\/aktuality\/\">8 k\u013e\u00fa\u010dov\u00fdch kompetenci\u00ed<\/a>.&nbsp;<\/p>\n\n\n\n<div class=\"wp-block-image\"><figure class=\"aligncenter size-large\"><img fetchpriority=\"high\" decoding=\"async\" width=\"450\" height=\"322\" src=\"https:\/\/www.youthforequality.sk\/wp-content\/uploads\/2020\/04\/eusa-evs_youthpass-rIVSSgFSUUN5hIH2KgP6N-ZwFi6a0Z1m.jpg\" alt=\"\" class=\"wp-image-254\" srcset=\"https:\/\/www.youthforequality.sk\/wp-content\/uploads\/2020\/04\/eusa-evs_youthpass-rIVSSgFSUUN5hIH2KgP6N-ZwFi6a0Z1m.jpg 450w, https:\/\/www.youthforequality.sk\/wp-content\/uploads\/2020\/04\/eusa-evs_youthpass-rIVSSgFSUUN5hIH2KgP6N-ZwFi6a0Z1m-300x215.jpg 300w\" sizes=\"(max-width: 450px) 100vw, 450px\" \/><\/figure><\/div>\n\n\n\n<blockquote class=\"wp-block-quote is-layout-flow wp-block-quote-is-layout-flow\"><p>Eli\u0161ka:&nbsp;&#8222;Svoj Youthpass som po ml\u00e1de\u017en\u00edckej v\u00fdmene prezentovala po\u010das pohovoru, ke\u010f som \u017eiadala o letn\u00fa st\u00e1\u017e v spolo\u010dnosti v Prahe. Certifik\u00e1t bol pre m\u0148a v\u00fdhodou oproti in\u00fdm uch\u00e1dza\u010dom a na st\u00e1\u017e ma vybrali.&#8220;<\/p><\/blockquote>\n\n\n\n<blockquote class=\"wp-block-quote is-layout-flow wp-block-quote-is-layout-flow\"><p>J\u00e1n:&nbsp;&#8222;Ke\u010f som sa hl\u00e1sil na magistersk\u00e9 \u0161t\u00fadium v D\u00e1nsku, pop\u00edsal som svoje sk\u00fasenosti a poznatky z predch\u00e1dzaj\u00facich projektov Erasmus+ a predlo\u017eil certifik\u00e1ty. Na \u0161t\u00fadium ma prijali a zd\u00f4raznili, \u017ee si cenia moju aktivitu.&#8220;<\/p><\/blockquote>\n\n\n\n<blockquote class=\"wp-block-quote is-layout-flow wp-block-quote-is-layout-flow\"><p>Diana:&nbsp;&#8222;Pri pohovore na pracovn\u00fa poz\u00edciu, ktor\u00e1 s\u00favisela s absolvovan\u00edm ml\u00e1de\u017en\u00edckej v\u00fdmeny a tr\u00e9ning kurzu Erasmus+, personalista netu\u0161il, \u010do je to Youthpass. Po op\u00edsan\u00ed vzdel\u00e1vac\u00edch v\u00fdstupov a prepojen\u00ed s pracovnou \u010dinnos\u0165ou, som zdokonca vniesla trochu inov\u00e1cie do pracovnej poz\u00edcie hne\u010f pri konan\u00ed pohovoru.&#8220;<\/p><\/blockquote>\n","protected":false},"excerpt":{"rendered":"<p>D\u00f4le\u017eitou s\u00fa\u010das\u0165ou programu Erasmus+ je Youthpass. Dokument, ktor\u00fd uzn\u00e1va neform\u00e1lne vzdel\u00e1vanie a z\u00e1rove\u0148 n\u00e1stroj, ktor\u00fd sl\u00fa\u017ei na podporu uznania ml\u00e1de\u017en\u00edckej pr\u00e1ce a strat\u00e9gie celo\u017eivotn\u00e9ho vzdel\u00e1vania. Youthpass je ur\u010den\u00fd v\u0161etk\u00fdm t\u00fdm, ktor\u00ed sa z\u00fa\u010dastnili aktiv\u00edt v r\u00e1mci programu Erasmus+ a chc\u00fa z\u00edska\u0165 potvrdenie &#8211; certifik\u00e1t o z\u00edskan\u00fdch kompetenci\u00e1ch po\u010das trvania svojho projektu. V s\u00fa\u010dasnosti sa vyd\u00e1va&hellip;&nbsp;<a href=\"https:\/\/www.youthforequality.sk\/index.php\/2018\/06\/07\/co-je-to-youthpass-certifikat\/\" class=\"\" rel=\"bookmark\">\u010c\u00edta\u0165 viac &raquo;<span class=\"screen-reader-text\">\u010co je to Youthpass certifik\u00e1t?<\/span><\/a><\/p>\n","protected":false},"author":1,"featured_media":256,"comment_status":"open","ping_status":"open","sticky":false,"template":"template-full-width.php","format":"standard","meta":{"_uf_show_specific_survey":0,"_uf_disable_surveys":false,"neve_meta_sidebar":"","neve_meta_container":"","neve_meta_enable_content_width":"","neve_meta_content_width":0,"neve_meta_title_alignment":"","neve_meta_author_avatar":"","neve_post_elements_order":"","neve_meta_disable_header":"","neve_meta_disable_footer":"","neve_meta_disable_title":"","_themeisle_gutenberg_block_has_review":false,"footnotes":""},"categories":[3],"tags":[],"class_list":["post-253","post","type-post","status-publish","format-standard","has-post-thumbnail","hentry","category-blog"],"yoast_head":"<!-- This site is optimized with the Yoast SEO plugin v27.4 - https:\/\/yoast.com\/product\/yoast-seo-wordpress\/ -->\n<title>\u010co je to Youthpass certifik\u00e1t? |<\/title>\n<meta name=\"robots\" content=\"index, follow, max-snippet:-1, max-image-preview:large, max-video-preview:-1\" \/>\n<link rel=\"canonical\" href=\"https:\/\/www.youthforequality.sk\/index.php\/2018\/06\/07\/co-je-to-youthpass-certifikat\/\" \/>\n<meta property=\"og:locale\" content=\"sk_SK\" \/>\n<meta property=\"og:type\" content=\"article\" \/>\n<meta property=\"og:title\" content=\"\u010co je to Youthpass certifik\u00e1t? |\" \/>\n<meta property=\"og:description\" content=\"D\u00f4le\u017eitou s\u00fa\u010das\u0165ou programu Erasmus+ je Youthpass. Dokument, ktor\u00fd uzn\u00e1va neform\u00e1lne vzdel\u00e1vanie a z\u00e1rove\u0148 n\u00e1stroj, ktor\u00fd sl\u00fa\u017ei na podporu uznania ml\u00e1de\u017en\u00edckej pr\u00e1ce a strat\u00e9gie celo\u017eivotn\u00e9ho vzdel\u00e1vania. Youthpass je ur\u010den\u00fd v\u0161etk\u00fdm t\u00fdm, ktor\u00ed sa z\u00fa\u010dastnili aktiv\u00edt v r\u00e1mci programu Erasmus+ a chc\u00fa z\u00edska\u0165 potvrdenie &#8211; certifik\u00e1t o z\u00edskan\u00fdch kompetenci\u00e1ch po\u010das trvania svojho projektu. V s\u00fa\u010dasnosti sa vyd\u00e1va&hellip;&nbsp;\u010c\u00edta\u0165 viac &raquo;\u010co je to Youthpass certifik\u00e1t?\" \/>\n<meta property=\"og:url\" content=\"https:\/\/www.youthforequality.sk\/index.php\/2018\/06\/07\/co-je-to-youthpass-certifikat\/\" \/>\n<meta property=\"article:publisher\" content=\"https:\/\/www.facebook.com\/yeslovakia\" \/>\n<meta property=\"article:published_time\" content=\"2018-06-07T10:00:20+00:00\" \/>\n<meta property=\"article:modified_time\" content=\"2020-04-17T14:53:36+00:00\" \/>\n<meta property=\"og:image\" content=\"https:\/\/www.youthforequality.sk\/wp-content\/uploads\/2018\/06\/silhouette-group-of-people-standing-on-grass-field-1250346-scaled.jpg\" \/>\n\t<meta property=\"og:image:width\" content=\"2560\" \/>\n\t<meta property=\"og:image:height\" content=\"1440\" \/>\n\t<meta property=\"og:image:type\" content=\"image\/jpeg\" \/>\n<meta name=\"author\" content=\"Filip Ku\u017ema\" \/>\n<meta name=\"twitter:card\" content=\"summary_large_image\" \/>\n<meta name=\"twitter:label1\" content=\"Autor\" \/>\n\t<meta name=\"twitter:data1\" content=\"Filip Ku\u017ema\" \/>\n\t<meta name=\"twitter:label2\" content=\"Predpokladan\u00fd \u010das \u010d\u00edtania\" \/>\n\t<meta name=\"twitter:data2\" content=\"2 min\u00faty\" \/>\n<script type=\"application\/ld+json\" class=\"yoast-schema-graph\">{\"@context\":\"https:\\\/\\\/schema.org\",\"@graph\":[{\"@type\":\"Article\",\"@id\":\"https:\\\/\\\/www.youthforequality.sk\\\/index.php\\\/2018\\\/06\\\/07\\\/co-je-to-youthpass-certifikat\\\/#article\",\"isPartOf\":{\"@id\":\"https:\\\/\\\/www.youthforequality.sk\\\/index.php\\\/2018\\\/06\\\/07\\\/co-je-to-youthpass-certifikat\\\/\"},\"author\":{\"name\":\"Filip Ku\u017ema\",\"@id\":\"https:\\\/\\\/www.youthforequality.sk\\\/#\\\/schema\\\/person\\\/13a1342f9669c039035c15166bfaf7dd\"},\"headline\":\"\u010co je to Youthpass certifik\u00e1t?\",\"datePublished\":\"2018-06-07T10:00:20+00:00\",\"dateModified\":\"2020-04-17T14:53:36+00:00\",\"mainEntityOfPage\":{\"@id\":\"https:\\\/\\\/www.youthforequality.sk\\\/index.php\\\/2018\\\/06\\\/07\\\/co-je-to-youthpass-certifikat\\\/\"},\"wordCount\":354,\"commentCount\":0,\"publisher\":{\"@id\":\"https:\\\/\\\/www.youthforequality.sk\\\/#organization\"},\"image\":{\"@id\":\"https:\\\/\\\/www.youthforequality.sk\\\/index.php\\\/2018\\\/06\\\/07\\\/co-je-to-youthpass-certifikat\\\/#primaryimage\"},\"thumbnailUrl\":\"https:\\\/\\\/www.youthforequality.sk\\\/wp-content\\\/uploads\\\/2018\\\/06\\\/silhouette-group-of-people-standing-on-grass-field-1250346-scaled.jpg\",\"articleSection\":[\"Blog\"],\"inLanguage\":\"sk-SK\",\"potentialAction\":[{\"@type\":\"CommentAction\",\"name\":\"Comment\",\"target\":[\"https:\\\/\\\/www.youthforequality.sk\\\/index.php\\\/2018\\\/06\\\/07\\\/co-je-to-youthpass-certifikat\\\/#respond\"]}]},{\"@type\":\"WebPage\",\"@id\":\"https:\\\/\\\/www.youthforequality.sk\\\/index.php\\\/2018\\\/06\\\/07\\\/co-je-to-youthpass-certifikat\\\/\",\"url\":\"https:\\\/\\\/www.youthforequality.sk\\\/index.php\\\/2018\\\/06\\\/07\\\/co-je-to-youthpass-certifikat\\\/\",\"name\":\"\u010co je to Youthpass certifik\u00e1t? |\",\"isPartOf\":{\"@id\":\"https:\\\/\\\/www.youthforequality.sk\\\/#website\"},\"primaryImageOfPage\":{\"@id\":\"https:\\\/\\\/www.youthforequality.sk\\\/index.php\\\/2018\\\/06\\\/07\\\/co-je-to-youthpass-certifikat\\\/#primaryimage\"},\"image\":{\"@id\":\"https:\\\/\\\/www.youthforequality.sk\\\/index.php\\\/2018\\\/06\\\/07\\\/co-je-to-youthpass-certifikat\\\/#primaryimage\"},\"thumbnailUrl\":\"https:\\\/\\\/www.youthforequality.sk\\\/wp-content\\\/uploads\\\/2018\\\/06\\\/silhouette-group-of-people-standing-on-grass-field-1250346-scaled.jpg\",\"datePublished\":\"2018-06-07T10:00:20+00:00\",\"dateModified\":\"2020-04-17T14:53:36+00:00\",\"breadcrumb\":{\"@id\":\"https:\\\/\\\/www.youthforequality.sk\\\/index.php\\\/2018\\\/06\\\/07\\\/co-je-to-youthpass-certifikat\\\/#breadcrumb\"},\"inLanguage\":\"sk-SK\",\"potentialAction\":[{\"@type\":\"ReadAction\",\"target\":[\"https:\\\/\\\/www.youthforequality.sk\\\/index.php\\\/2018\\\/06\\\/07\\\/co-je-to-youthpass-certifikat\\\/\"]}]},{\"@type\":\"ImageObject\",\"inLanguage\":\"sk-SK\",\"@id\":\"https:\\\/\\\/www.youthforequality.sk\\\/index.php\\\/2018\\\/06\\\/07\\\/co-je-to-youthpass-certifikat\\\/#primaryimage\",\"url\":\"https:\\\/\\\/www.youthforequality.sk\\\/wp-content\\\/uploads\\\/2018\\\/06\\\/silhouette-group-of-people-standing-on-grass-field-1250346-scaled.jpg\",\"contentUrl\":\"https:\\\/\\\/www.youthforequality.sk\\\/wp-content\\\/uploads\\\/2018\\\/06\\\/silhouette-group-of-people-standing-on-grass-field-1250346-scaled.jpg\",\"width\":2560,\"height\":1440},{\"@type\":\"BreadcrumbList\",\"@id\":\"https:\\\/\\\/www.youthforequality.sk\\\/index.php\\\/2018\\\/06\\\/07\\\/co-je-to-youthpass-certifikat\\\/#breadcrumb\",\"itemListElement\":[{\"@type\":\"ListItem\",\"position\":1,\"name\":\"Home\",\"item\":\"https:\\\/\\\/www.youthforequality.sk\\\/\"},{\"@type\":\"ListItem\",\"position\":2,\"name\":\"\u010co je to Youthpass certifik\u00e1t?\"}]},{\"@type\":\"WebSite\",\"@id\":\"https:\\\/\\\/www.youthforequality.sk\\\/#website\",\"url\":\"https:\\\/\\\/www.youthforequality.sk\\\/\",\"name\":\"\",\"description\":\"\",\"publisher\":{\"@id\":\"https:\\\/\\\/www.youthforequality.sk\\\/#organization\"},\"potentialAction\":[{\"@type\":\"SearchAction\",\"target\":{\"@type\":\"EntryPoint\",\"urlTemplate\":\"https:\\\/\\\/www.youthforequality.sk\\\/?s={search_term_string}\"},\"query-input\":{\"@type\":\"PropertyValueSpecification\",\"valueRequired\":true,\"valueName\":\"search_term_string\"}}],\"inLanguage\":\"sk-SK\"},{\"@type\":\"Organization\",\"@id\":\"https:\\\/\\\/www.youthforequality.sk\\\/#organization\",\"name\":\"Youth for Equality\",\"url\":\"https:\\\/\\\/www.youthforequality.sk\\\/\",\"logo\":{\"@type\":\"ImageObject\",\"inLanguage\":\"sk-SK\",\"@id\":\"https:\\\/\\\/www.youthforequality.sk\\\/#\\\/schema\\\/logo\\\/image\\\/\",\"url\":\"https:\\\/\\\/www.youthforequality.sk\\\/wp-content\\\/uploads\\\/2021\\\/01\\\/vynovene-logo-nove-farby_modra-na-web.png\",\"contentUrl\":\"https:\\\/\\\/www.youthforequality.sk\\\/wp-content\\\/uploads\\\/2021\\\/01\\\/vynovene-logo-nove-farby_modra-na-web.png\",\"width\":1,\"height\":1,\"caption\":\"Youth for Equality\"},\"image\":{\"@id\":\"https:\\\/\\\/www.youthforequality.sk\\\/#\\\/schema\\\/logo\\\/image\\\/\"},\"sameAs\":[\"https:\\\/\\\/www.facebook.com\\\/yeslovakia\"]},{\"@type\":\"Person\",\"@id\":\"https:\\\/\\\/www.youthforequality.sk\\\/#\\\/schema\\\/person\\\/13a1342f9669c039035c15166bfaf7dd\",\"name\":\"Filip Ku\u017ema\",\"image\":{\"@type\":\"ImageObject\",\"inLanguage\":\"sk-SK\",\"@id\":\"https:\\\/\\\/secure.gravatar.com\\\/avatar\\\/5f16b953992f889ac33be959cbb81fab7225cec203e13cff27b25f35459dbc06?s=96&d=mm&r=g\",\"url\":\"https:\\\/\\\/secure.gravatar.com\\\/avatar\\\/5f16b953992f889ac33be959cbb81fab7225cec203e13cff27b25f35459dbc06?s=96&d=mm&r=g\",\"contentUrl\":\"https:\\\/\\\/secure.gravatar.com\\\/avatar\\\/5f16b953992f889ac33be959cbb81fab7225cec203e13cff27b25f35459dbc06?s=96&d=mm&r=g\",\"caption\":\"Filip Ku\u017ema\"},\"sameAs\":[\"https:\\\/\\\/www.youthforequality.sk\"],\"url\":\"https:\\\/\\\/www.youthforequality.sk\\\/index.php\\\/author\\\/filkuz\\\/\"}]}<\/script>\n<!-- \/ Yoast SEO plugin. -->","yoast_head_json":{"title":"\u010co je to Youthpass certifik\u00e1t? |","robots":{"index":"index","follow":"follow","max-snippet":"max-snippet:-1","max-image-preview":"max-image-preview:large","max-video-preview":"max-video-preview:-1"},"canonical":"https:\/\/www.youthforequality.sk\/index.php\/2018\/06\/07\/co-je-to-youthpass-certifikat\/","og_locale":"sk_SK","og_type":"article","og_title":"\u010co je to Youthpass certifik\u00e1t? |","og_description":"D\u00f4le\u017eitou s\u00fa\u010das\u0165ou programu Erasmus+ je Youthpass. Dokument, ktor\u00fd uzn\u00e1va neform\u00e1lne vzdel\u00e1vanie a z\u00e1rove\u0148 n\u00e1stroj, ktor\u00fd sl\u00fa\u017ei na podporu uznania ml\u00e1de\u017en\u00edckej pr\u00e1ce a strat\u00e9gie celo\u017eivotn\u00e9ho vzdel\u00e1vania. Youthpass je ur\u010den\u00fd v\u0161etk\u00fdm t\u00fdm, ktor\u00ed sa z\u00fa\u010dastnili aktiv\u00edt v r\u00e1mci programu Erasmus+ a chc\u00fa z\u00edska\u0165 potvrdenie &#8211; certifik\u00e1t o z\u00edskan\u00fdch kompetenci\u00e1ch po\u010das trvania svojho projektu. V s\u00fa\u010dasnosti sa vyd\u00e1va&hellip;&nbsp;\u010c\u00edta\u0165 viac &raquo;\u010co je to Youthpass certifik\u00e1t?","og_url":"https:\/\/www.youthforequality.sk\/index.php\/2018\/06\/07\/co-je-to-youthpass-certifikat\/","article_publisher":"https:\/\/www.facebook.com\/yeslovakia","article_published_time":"2018-06-07T10:00:20+00:00","article_modified_time":"2020-04-17T14:53:36+00:00","og_image":[{"width":2560,"height":1440,"url":"https:\/\/www.youthforequality.sk\/wp-content\/uploads\/2018\/06\/silhouette-group-of-people-standing-on-grass-field-1250346-scaled.jpg","type":"image\/jpeg"}],"author":"Filip Ku\u017ema","twitter_card":"summary_large_image","twitter_misc":{"Autor":"Filip Ku\u017ema","Predpokladan\u00fd \u010das \u010d\u00edtania":"2 min\u00faty"},"schema":{"@context":"https:\/\/schema.org","@graph":[{"@type":"Article","@id":"https:\/\/www.youthforequality.sk\/index.php\/2018\/06\/07\/co-je-to-youthpass-certifikat\/#article","isPartOf":{"@id":"https:\/\/www.youthforequality.sk\/index.php\/2018\/06\/07\/co-je-to-youthpass-certifikat\/"},"author":{"name":"Filip Ku\u017ema","@id":"https:\/\/www.youthforequality.sk\/#\/schema\/person\/13a1342f9669c039035c15166bfaf7dd"},"headline":"\u010co je to Youthpass certifik\u00e1t?","datePublished":"2018-06-07T10:00:20+00:00","dateModified":"2020-04-17T14:53:36+00:00","mainEntityOfPage":{"@id":"https:\/\/www.youthforequality.sk\/index.php\/2018\/06\/07\/co-je-to-youthpass-certifikat\/"},"wordCount":354,"commentCount":0,"publisher":{"@id":"https:\/\/www.youthforequality.sk\/#organization"},"image":{"@id":"https:\/\/www.youthforequality.sk\/index.php\/2018\/06\/07\/co-je-to-youthpass-certifikat\/#primaryimage"},"thumbnailUrl":"https:\/\/www.youthforequality.sk\/wp-content\/uploads\/2018\/06\/silhouette-group-of-people-standing-on-grass-field-1250346-scaled.jpg","articleSection":["Blog"],"inLanguage":"sk-SK","potentialAction":[{"@type":"CommentAction","name":"Comment","target":["https:\/\/www.youthforequality.sk\/index.php\/2018\/06\/07\/co-je-to-youthpass-certifikat\/#respond"]}]},{"@type":"WebPage","@id":"https:\/\/www.youthforequality.sk\/index.php\/2018\/06\/07\/co-je-to-youthpass-certifikat\/","url":"https:\/\/www.youthforequality.sk\/index.php\/2018\/06\/07\/co-je-to-youthpass-certifikat\/","name":"\u010co je to Youthpass certifik\u00e1t? |","isPartOf":{"@id":"https:\/\/www.youthforequality.sk\/#website"},"primaryImageOfPage":{"@id":"https:\/\/www.youthforequality.sk\/index.php\/2018\/06\/07\/co-je-to-youthpass-certifikat\/#primaryimage"},"image":{"@id":"https:\/\/www.youthforequality.sk\/index.php\/2018\/06\/07\/co-je-to-youthpass-certifikat\/#primaryimage"},"thumbnailUrl":"https:\/\/www.youthforequality.sk\/wp-content\/uploads\/2018\/06\/silhouette-group-of-people-standing-on-grass-field-1250346-scaled.jpg","datePublished":"2018-06-07T10:00:20+00:00","dateModified":"2020-04-17T14:53:36+00:00","breadcrumb":{"@id":"https:\/\/www.youthforequality.sk\/index.php\/2018\/06\/07\/co-je-to-youthpass-certifikat\/#breadcrumb"},"inLanguage":"sk-SK","potentialAction":[{"@type":"ReadAction","target":["https:\/\/www.youthforequality.sk\/index.php\/2018\/06\/07\/co-je-to-youthpass-certifikat\/"]}]},{"@type":"ImageObject","inLanguage":"sk-SK","@id":"https:\/\/www.youthforequality.sk\/index.php\/2018\/06\/07\/co-je-to-youthpass-certifikat\/#primaryimage","url":"https:\/\/www.youthforequality.sk\/wp-content\/uploads\/2018\/06\/silhouette-group-of-people-standing-on-grass-field-1250346-scaled.jpg","contentUrl":"https:\/\/www.youthforequality.sk\/wp-content\/uploads\/2018\/06\/silhouette-group-of-people-standing-on-grass-field-1250346-scaled.jpg","width":2560,"height":1440},{"@type":"BreadcrumbList","@id":"https:\/\/www.youthforequality.sk\/index.php\/2018\/06\/07\/co-je-to-youthpass-certifikat\/#breadcrumb","itemListElement":[{"@type":"ListItem","position":1,"name":"Home","item":"https:\/\/www.youthforequality.sk\/"},{"@type":"ListItem","position":2,"name":"\u010co je to Youthpass certifik\u00e1t?"}]},{"@type":"WebSite","@id":"https:\/\/www.youthforequality.sk\/#website","url":"https:\/\/www.youthforequality.sk\/","name":"","description":"","publisher":{"@id":"https:\/\/www.youthforequality.sk\/#organization"},"potentialAction":[{"@type":"SearchAction","target":{"@type":"EntryPoint","urlTemplate":"https:\/\/www.youthforequality.sk\/?s={search_term_string}"},"query-input":{"@type":"PropertyValueSpecification","valueRequired":true,"valueName":"search_term_string"}}],"inLanguage":"sk-SK"},{"@type":"Organization","@id":"https:\/\/www.youthforequality.sk\/#organization","name":"Youth for Equality","url":"https:\/\/www.youthforequality.sk\/","logo":{"@type":"ImageObject","inLanguage":"sk-SK","@id":"https:\/\/www.youthforequality.sk\/#\/schema\/logo\/image\/","url":"https:\/\/www.youthforequality.sk\/wp-content\/uploads\/2021\/01\/vynovene-logo-nove-farby_modra-na-web.png","contentUrl":"https:\/\/www.youthforequality.sk\/wp-content\/uploads\/2021\/01\/vynovene-logo-nove-farby_modra-na-web.png","width":1,"height":1,"caption":"Youth for Equality"},"image":{"@id":"https:\/\/www.youthforequality.sk\/#\/schema\/logo\/image\/"},"sameAs":["https:\/\/www.facebook.com\/yeslovakia"]},{"@type":"Person","@id":"https:\/\/www.youthforequality.sk\/#\/schema\/person\/13a1342f9669c039035c15166bfaf7dd","name":"Filip Ku\u017ema","image":{"@type":"ImageObject","inLanguage":"sk-SK","@id":"https:\/\/secure.gravatar.com\/avatar\/5f16b953992f889ac33be959cbb81fab7225cec203e13cff27b25f35459dbc06?s=96&d=mm&r=g","url":"https:\/\/secure.gravatar.com\/avatar\/5f16b953992f889ac33be959cbb81fab7225cec203e13cff27b25f35459dbc06?s=96&d=mm&r=g","contentUrl":"https:\/\/secure.gravatar.com\/avatar\/5f16b953992f889ac33be959cbb81fab7225cec203e13cff27b25f35459dbc06?s=96&d=mm&r=g","caption":"Filip Ku\u017ema"},"sameAs":["https:\/\/www.youthforequality.sk"],"url":"https:\/\/www.youthforequality.sk\/index.php\/author\/filkuz\/"}]}},"_links":{"self":[{"href":"https:\/\/www.youthforequality.sk\/index.php\/wp-json\/wp\/v2\/posts\/253","targetHints":{"allow":["GET"]}}],"collection":[{"href":"https:\/\/www.youthforequality.sk\/index.php\/wp-json\/wp\/v2\/posts"}],"about":[{"href":"https:\/\/www.youthforequality.sk\/index.php\/wp-json\/wp\/v2\/types\/post"}],"author":[{"embeddable":true,"href":"https:\/\/www.youthforequality.sk\/index.php\/wp-json\/wp\/v2\/users\/1"}],"replies":[{"embeddable":true,"href":"https:\/\/www.youthforequality.sk\/index.php\/wp-json\/wp\/v2\/comments?post=253"}],"version-history":[{"count":2,"href":"https:\/\/www.youthforequality.sk\/index.php\/wp-json\/wp\/v2\/posts\/253\/revisions"}],"predecessor-version":[{"id":257,"href":"https:\/\/www.youthforequality.sk\/index.php\/wp-json\/wp\/v2\/posts\/253\/revisions\/257"}],"wp:featuredmedia":[{"embeddable":true,"href":"https:\/\/www.youthforequality.sk\/index.php\/wp-json\/wp\/v2\/media\/256"}],"wp:attachment":[{"href":"https:\/\/www.youthforequality.sk\/index.php\/wp-json\/wp\/v2\/media?parent=253"}],"wp:term":[{"taxonomy":"category","embeddable":true,"href":"https:\/\/www.youthforequality.sk\/index.php\/wp-json\/wp\/v2\/categories?post=253"},{"taxonomy":"post_tag","embeddable":true,"href":"https:\/\/www.youthforequality.sk\/index.php\/wp-json\/wp\/v2\/tags?post=253"}],"curies":[{"name":"wp","href":"https:\/\/api.w.org\/{rel}","templated":true}]}}