{"id":2541,"date":"2021-04-07T17:52:07","date_gmt":"2021-04-07T15:52:07","guid":{"rendered":"https:\/\/www.youthforequality.sk\/?p=2541"},"modified":"2023-10-29T21:30:11","modified_gmt":"2023-10-29T20:30:11","slug":"holocaust-building-bridges-for-a-common-future","status":"publish","type":"post","link":"https:\/\/www.youthforequality.sk\/index.php\/2021\/04\/07\/holocaust-building-bridges-for-a-common-future\/","title":{"rendered":"Holocaust \u2013 Building Bridges for a common future"},"content":{"rendered":"\t\t<div data-elementor-type=\"wp-post\" data-elementor-id=\"2541\" class=\"elementor elementor-2541\">\n\t\t\t\t\t\t<section class=\"elementor-section elementor-top-section elementor-element elementor-element-d4be77f elementor-section-boxed elementor-section-height-default elementor-section-height-default\" data-id=\"d4be77f\" data-element_type=\"section\" data-e-type=\"section\">\n\t\t\t\t\t\t<div class=\"elementor-container elementor-column-gap-default\">\n\t\t\t\t\t<div class=\"elementor-column elementor-col-100 elementor-top-column elementor-element elementor-element-9289038\" data-id=\"9289038\" data-element_type=\"column\" data-e-type=\"column\">\n\t\t\t<div class=\"elementor-widget-wrap elementor-element-populated\">\n\t\t\t\t\t\t<div class=\"elementor-element elementor-element-ea9a2b5 elementor-widget elementor-widget-text-editor\" data-id=\"ea9a2b5\" data-element_type=\"widget\" data-e-type=\"widget\" data-widget_type=\"text-editor.default\">\n\t\t\t\t<div class=\"elementor-widget-container\">\n\t\t\t\t\t\t\t\t\t<p><span style=\"font-weight: 400;\">Projekt je zameran\u00fd na pamiatku \u017eidovsk\u00e9ho holokaustu a podporuje porozumenie minulosti a posilnenie dial\u00f3gu o bud\u00facnosti Eur\u00f3pskej \u00fanie. Projekt sa prostredn\u00edctvom svojich aktiv\u00edt sna\u017e\u00ed zv\u00fd\u0161i\u0165 povedomie o pamiatke, vyzdvihn\u00fa\u0165 hodnoty \u00danie t\u00fdkaj\u00face sa solidarity, tolerancie a mieru a tie\u017e podpori\u0165 povedomie o ob\u010dianskej \u00fa\u010dasti a medzikult\u00farnom zapojen\u00ed. Vych\u00e1dzaj\u00fac z vyvra\u017e\u010fovania \u017didov je cie\u013eom projektu tie\u017e pripomen\u00fa\u0165 si jeho obete a zv\u00fd\u0161i\u0165 toleranciu vo\u010di rozmanitosti.<\/span><\/p><p>\u00a0<\/p><p><span style=\"font-weight: 400;\">V\u0161etci partneri projektu poch\u00e1dzaj\u00fa z miest so spolo\u010dn\u00fdm historick\u00fdm bodom, kde bolo miestne obyvate\u013estvo obe\u0165ou vlny antisemitizmu a po\u010das druhej svetovej vojny utrpelo ve\u013ek\u00e9 straty. Cie\u013eom projektu je rozv\u00edja\u0165 vedomosti a zru\u010dnosti mlad\u00fdch \u013eud\u00ed v t\u00e9me, a tak formova\u0165 postoje smerom k tolerancii a re\u0161pektu a predch\u00e1dza\u0165 radikaliz\u00e1cii. Konzorcium projektu pozost\u00e1va zo 4 organiz\u00e1ci\u00ed Iz Gr\u00e9cka, Nemecka, Po\u013eska a Slovenska, pri\u010dom v\u0161etky zdie\u013eaj\u00fa spolo\u010dn\u00fd historick\u00fd bod, kde bolo miestne obyvate\u013estvo obe\u0165ou vlny antisemitizmu a po\u010das druhej svetovej vojny utrpelo ve\u013ek\u00e9 straty.<\/span><\/p><p>\u00a0<\/p><p><span style=\"font-weight: 400;\">V r\u00e1mci projektu sa realizuje nieko\u013eko aktiv\u00edt. 20. okt\u00f3bra 2020 sa uskuto\u010dnil interakt\u00edvny online workshop pre 90 mlade\u017en\u00edkov zameran\u00fd na paradigmu holokaustu a na to, ako jeho trosky st\u00e1le ovplyv\u0148uj\u00fa \u013eud\u00ed smerom k stereotypom a xenof\u00f3bii. Po\u010das workshopu mlad\u00ed \u00fa\u010dastn\u00edci sk\u00famali d\u00f4sledky rozmachu krajne pravicov\u00fdch re\u017eimov a sp\u00f4soby, ktor\u00fdm \u010delia od za\u010diatku druhej svetovej vojny od dne\u0161n\u00e9ho d\u0148a. \u00da\u010dastn\u00edci prostredn\u00edctvom tejto aktivity tie\u017e zistili, ako hodnoty slobody, rozmanitosti a za\u010dlenenia v E\u00da zmenili spolo\u010dnosti na tolerantn\u00e9 a inkluz\u00edvne spolo\u010denstv\u00e1. 4. decembra o 12:00 a 14:00 sa uskuto\u010dnila aktivita \u0161trukt\u00farovan\u00e9ho dial\u00f3gu, ktor\u00e1 zah\u0155\u0148ala diskusie medzi tvorcami polit\u00edk N\u00e1rodnej rady Slovenskej republiky, M\u00fazea \u017eidovskej kult\u00fary a pre\u017eiv\u0161\u00edmi po holokauste, profesorkou Univerzity Komensk\u00e9ho, predstavite\u013ekou Nad\u00e1cie Milana \u0160ime\u010dku a mlad\u00fdch \u013eud\u00ed. Po\u010das \u0161trukt\u00farovan\u00e9ho dial\u00f3gu \u00fa\u010dastn\u00edci diskutovali a porovn\u00e1vali pr\u00ed\u010diny antisemitizmu, ktor\u00e9 vy\u00fastili do holokaustu, so s\u00fa\u010dasn\u00fdmi trendmi diskrimin\u00e1cie a rasizmu, ktor\u00e9 sa vyskytuj\u00fa v E\u00da. Zatia\u013e posledn\u00e1 aktivita \u013eudsk\u00e1 kni\u017enica sa uskuto\u010dnila 12. febru\u00e1ra, kde sme si mohli vypo\u010du\u0165 mno\u017estvo siln\u00fdch pr\u00edbehov. Po\u010d\u00favan\u00edm skuto\u010dn\u00fdch pr\u00edbehov sme si mohli pripomen\u00fa\u0165 obete holokaustu. Kni\u017enica pozost\u00e1vala zo \u0161tyroch \u013eudsk\u00fdch kn\u00edh a pr\u00edhovoru \u010fal\u0161\u00edch osobnost\u00ed. Kni\u017enica za\u010dala prejavom predsedu kraja Ionnina v Gr\u00e9cku, ktor\u00fd stratil svojich pr\u00edbuzn\u00fdch v koncentra\u010dn\u00fdch t\u00e1boroch. Hovoril o tom, ak\u00fd to malo na neho dopad. P\u00e1n Cipin, ktor\u00fd pre\u017eil holokaust, je Slov\u00e1k, naroden\u00fd v B\u00e1novciach nad Bebravou \u017eij\u00faci v Kanade rozpr\u00e1val jeho osobn\u00fa \u017eivotn\u00fa sk\u00fasenos\u0165. \u010eal\u0161\u00ed dvaja re\u010dn\u00edci boli \u0161pecialisti na antisemitizmus a umelec zaoberaj\u00faci sa t\u00e9mou r\u00f3mskeho holokaustu. S ka\u017ed\u00fdm re\u010dn\u00edkom sme str\u00e1vili 15 min\u00fat vo virtu\u00e1lnych miestnostiach, kl\u00e1dli ot\u00e1zky a z\u00fa\u010dast\u0148ovali sa diskusie. V m\u00e1ji bud\u00fa mlad\u00ed \u013eudia ako dobrovo\u013en\u00edci \u0161\u00edri\u0165 osvetu na svojich \u0161kol\u00e1ch a zapoja sa aj do virtu\u00e1lnej exhib\u00edcie.<\/span><\/p><p>\u00a0<\/p><p><a href=\"http:\/\/www.rememberholocaust.eu\"><span style=\"font-weight: 400;\">www.rememberholocaust.eu<\/span><\/a><\/p><p><a href=\"https:\/\/www.facebook.com\/Remember-Holocaust-Building-Bridges-for-a-Common-Future-105688940910464\">Facebook<\/a><\/p><p>\u00a0<\/p><p><span style=\"font-weight: 400;\"><strong>H\u013ead\u00e1me:<\/strong> \u00fa\u010dastn\u00edkov od 15 rokov<\/span><\/p><p><span style=\"font-weight: 400;\"><strong>Deadline:<\/strong> (pripravujeme)<\/span><\/p><p>\u00a0<\/p>\t\t\t\t\t\t\t\t<\/div>\n\t\t\t\t<\/div>\n\t\t\t\t\t<\/div>\n\t\t<\/div>\n\t\t\t\t\t<\/div>\n\t\t<\/section>\n\t\t\t\t<\/div>\n\t\t","protected":false},"excerpt":{"rendered":"<p>Projekt je zameran\u00fd na pamiatku \u017eidovsk\u00e9ho holokaustu a podporuje porozumenie minulosti a posilnenie dial\u00f3gu o bud\u00facnosti Eur\u00f3pskej \u00fanie. Projekt sa prostredn\u00edctvom svojich aktiv\u00edt sna\u017e\u00ed zv\u00fd\u0161i\u0165 povedomie o pamiatke, vyzdvihn\u00fa\u0165 hodnoty \u00danie t\u00fdkaj\u00face sa solidarity, tolerancie a mieru a tie\u017e podpori\u0165 povedomie o ob\u010dianskej \u00fa\u010dasti a medzikult\u00farnom zapojen\u00ed. Vych\u00e1dzaj\u00fac z vyvra\u017e\u010fovania \u017didov je cie\u013eom projektu tie\u017e&hellip;&nbsp;<a href=\"https:\/\/www.youthforequality.sk\/index.php\/2021\/04\/07\/holocaust-building-bridges-for-a-common-future\/\" class=\"\" rel=\"bookmark\">\u010c\u00edta\u0165 viac &raquo;<span class=\"screen-reader-text\">Holocaust \u2013 Building Bridges for a common future<\/span><\/a><\/p>\n","protected":false},"author":4,"featured_media":1666,"comment_status":"closed","ping_status":"open","sticky":false,"template":"","format":"standard","meta":{"_uf_show_specific_survey":0,"_uf_disable_surveys":false,"neve_meta_sidebar":"","neve_meta_container":"","neve_meta_enable_content_width":"off","neve_meta_content_width":70,"neve_meta_title_alignment":"","neve_meta_author_avatar":"","neve_post_elements_order":"","neve_meta_disable_header":"","neve_meta_disable_footer":"","neve_meta_disable_title":"","_themeisle_gutenberg_block_has_review":false,"footnotes":""},"categories":[32,1],"tags":[],"class_list":["post-2541","post","type-post","status-publish","format-standard","has-post-thumbnail","hentry","category-strukturovany-dialog-pripravujeme","category-uncategorized"],"yoast_head":"<!-- This site is optimized with the Yoast SEO plugin v27.4 - https:\/\/yoast.com\/product\/yoast-seo-wordpress\/ -->\n<title>Holocaust \u2013 Building Bridges for a common future |<\/title>\n<meta name=\"robots\" content=\"index, follow, max-snippet:-1, max-image-preview:large, max-video-preview:-1\" \/>\n<link rel=\"canonical\" href=\"https:\/\/www.youthforequality.sk\/index.php\/2021\/04\/07\/holocaust-building-bridges-for-a-common-future\/\" \/>\n<meta property=\"og:locale\" content=\"sk_SK\" \/>\n<meta property=\"og:type\" content=\"article\" \/>\n<meta property=\"og:title\" content=\"Holocaust \u2013 Building Bridges for a common future |\" \/>\n<meta property=\"og:description\" content=\"Projekt je zameran\u00fd na pamiatku \u017eidovsk\u00e9ho holokaustu a podporuje porozumenie minulosti a posilnenie dial\u00f3gu o bud\u00facnosti Eur\u00f3pskej \u00fanie. Projekt sa prostredn\u00edctvom svojich aktiv\u00edt sna\u017e\u00ed zv\u00fd\u0161i\u0165 povedomie o pamiatke, vyzdvihn\u00fa\u0165 hodnoty \u00danie t\u00fdkaj\u00face sa solidarity, tolerancie a mieru a tie\u017e podpori\u0165 povedomie o ob\u010dianskej \u00fa\u010dasti a medzikult\u00farnom zapojen\u00ed. Vych\u00e1dzaj\u00fac z vyvra\u017e\u010fovania \u017didov je cie\u013eom projektu tie\u017e&hellip;&nbsp;\u010c\u00edta\u0165 viac &raquo;Holocaust \u2013 Building Bridges for a common future\" \/>\n<meta property=\"og:url\" content=\"https:\/\/www.youthforequality.sk\/index.php\/2021\/04\/07\/holocaust-building-bridges-for-a-common-future\/\" \/>\n<meta property=\"article:publisher\" content=\"https:\/\/www.facebook.com\/yeslovakia\" \/>\n<meta property=\"article:published_time\" content=\"2021-04-07T15:52:07+00:00\" \/>\n<meta property=\"article:modified_time\" content=\"2023-10-29T20:30:11+00:00\" \/>\n<meta property=\"og:image\" content=\"https:\/\/www.youthforequality.sk\/wp-content\/uploads\/2020\/11\/insta-call-1-1.jpg\" \/>\n\t<meta property=\"og:image:width\" content=\"1280\" \/>\n\t<meta property=\"og:image:height\" content=\"1280\" \/>\n\t<meta property=\"og:image:type\" content=\"image\/jpeg\" \/>\n<meta name=\"author\" content=\"D\u00e1vid Sont\u00e1g\" \/>\n<meta name=\"twitter:card\" content=\"summary_large_image\" \/>\n<meta name=\"twitter:label1\" content=\"Autor\" \/>\n\t<meta name=\"twitter:data1\" content=\"D\u00e1vid Sont\u00e1g\" \/>\n\t<meta name=\"twitter:label2\" content=\"Predpokladan\u00fd \u010das \u010d\u00edtania\" \/>\n\t<meta name=\"twitter:data2\" content=\"2 min\u00faty\" \/>\n<script type=\"application\/ld+json\" class=\"yoast-schema-graph\">{\"@context\":\"https:\\\/\\\/schema.org\",\"@graph\":[{\"@type\":\"Article\",\"@id\":\"https:\\\/\\\/www.youthforequality.sk\\\/index.php\\\/2021\\\/04\\\/07\\\/holocaust-building-bridges-for-a-common-future\\\/#article\",\"isPartOf\":{\"@id\":\"https:\\\/\\\/www.youthforequality.sk\\\/index.php\\\/2021\\\/04\\\/07\\\/holocaust-building-bridges-for-a-common-future\\\/\"},\"author\":{\"name\":\"D\u00e1vid Sont\u00e1g\",\"@id\":\"https:\\\/\\\/www.youthforequality.sk\\\/#\\\/schema\\\/person\\\/8c659d759c00eb743d317864891f0d3f\"},\"headline\":\"Holocaust \u2013 Building Bridges for a common future\",\"datePublished\":\"2021-04-07T15:52:07+00:00\",\"dateModified\":\"2023-10-29T20:30:11+00:00\",\"mainEntityOfPage\":{\"@id\":\"https:\\\/\\\/www.youthforequality.sk\\\/index.php\\\/2021\\\/04\\\/07\\\/holocaust-building-bridges-for-a-common-future\\\/\"},\"wordCount\":583,\"publisher\":{\"@id\":\"https:\\\/\\\/www.youthforequality.sk\\\/#organization\"},\"image\":{\"@id\":\"https:\\\/\\\/www.youthforequality.sk\\\/index.php\\\/2021\\\/04\\\/07\\\/holocaust-building-bridges-for-a-common-future\\\/#primaryimage\"},\"thumbnailUrl\":\"https:\\\/\\\/www.youthforequality.sk\\\/wp-content\\\/uploads\\\/2020\\\/11\\\/insta-call-1-1.jpg\",\"articleSection\":[\"\u0160trukt\u00farovan\u00fd dial\u00f3g-pripravujeme\",\"Uncategorized\"],\"inLanguage\":\"sk-SK\"},{\"@type\":\"WebPage\",\"@id\":\"https:\\\/\\\/www.youthforequality.sk\\\/index.php\\\/2021\\\/04\\\/07\\\/holocaust-building-bridges-for-a-common-future\\\/\",\"url\":\"https:\\\/\\\/www.youthforequality.sk\\\/index.php\\\/2021\\\/04\\\/07\\\/holocaust-building-bridges-for-a-common-future\\\/\",\"name\":\"Holocaust \u2013 Building Bridges for a common future |\",\"isPartOf\":{\"@id\":\"https:\\\/\\\/www.youthforequality.sk\\\/#website\"},\"primaryImageOfPage\":{\"@id\":\"https:\\\/\\\/www.youthforequality.sk\\\/index.php\\\/2021\\\/04\\\/07\\\/holocaust-building-bridges-for-a-common-future\\\/#primaryimage\"},\"image\":{\"@id\":\"https:\\\/\\\/www.youthforequality.sk\\\/index.php\\\/2021\\\/04\\\/07\\\/holocaust-building-bridges-for-a-common-future\\\/#primaryimage\"},\"thumbnailUrl\":\"https:\\\/\\\/www.youthforequality.sk\\\/wp-content\\\/uploads\\\/2020\\\/11\\\/insta-call-1-1.jpg\",\"datePublished\":\"2021-04-07T15:52:07+00:00\",\"dateModified\":\"2023-10-29T20:30:11+00:00\",\"breadcrumb\":{\"@id\":\"https:\\\/\\\/www.youthforequality.sk\\\/index.php\\\/2021\\\/04\\\/07\\\/holocaust-building-bridges-for-a-common-future\\\/#breadcrumb\"},\"inLanguage\":\"sk-SK\",\"potentialAction\":[{\"@type\":\"ReadAction\",\"target\":[\"https:\\\/\\\/www.youthforequality.sk\\\/index.php\\\/2021\\\/04\\\/07\\\/holocaust-building-bridges-for-a-common-future\\\/\"]}]},{\"@type\":\"ImageObject\",\"inLanguage\":\"sk-SK\",\"@id\":\"https:\\\/\\\/www.youthforequality.sk\\\/index.php\\\/2021\\\/04\\\/07\\\/holocaust-building-bridges-for-a-common-future\\\/#primaryimage\",\"url\":\"https:\\\/\\\/www.youthforequality.sk\\\/wp-content\\\/uploads\\\/2020\\\/11\\\/insta-call-1-1.jpg\",\"contentUrl\":\"https:\\\/\\\/www.youthforequality.sk\\\/wp-content\\\/uploads\\\/2020\\\/11\\\/insta-call-1-1.jpg\",\"width\":1280,\"height\":1280},{\"@type\":\"BreadcrumbList\",\"@id\":\"https:\\\/\\\/www.youthforequality.sk\\\/index.php\\\/2021\\\/04\\\/07\\\/holocaust-building-bridges-for-a-common-future\\\/#breadcrumb\",\"itemListElement\":[{\"@type\":\"ListItem\",\"position\":1,\"name\":\"Home\",\"item\":\"https:\\\/\\\/www.youthforequality.sk\\\/\"},{\"@type\":\"ListItem\",\"position\":2,\"name\":\"Holocaust \u2013 Building Bridges for a common future\"}]},{\"@type\":\"WebSite\",\"@id\":\"https:\\\/\\\/www.youthforequality.sk\\\/#website\",\"url\":\"https:\\\/\\\/www.youthforequality.sk\\\/\",\"name\":\"\",\"description\":\"\",\"publisher\":{\"@id\":\"https:\\\/\\\/www.youthforequality.sk\\\/#organization\"},\"potentialAction\":[{\"@type\":\"SearchAction\",\"target\":{\"@type\":\"EntryPoint\",\"urlTemplate\":\"https:\\\/\\\/www.youthforequality.sk\\\/?s={search_term_string}\"},\"query-input\":{\"@type\":\"PropertyValueSpecification\",\"valueRequired\":true,\"valueName\":\"search_term_string\"}}],\"inLanguage\":\"sk-SK\"},{\"@type\":\"Organization\",\"@id\":\"https:\\\/\\\/www.youthforequality.sk\\\/#organization\",\"name\":\"Youth for Equality\",\"url\":\"https:\\\/\\\/www.youthforequality.sk\\\/\",\"logo\":{\"@type\":\"ImageObject\",\"inLanguage\":\"sk-SK\",\"@id\":\"https:\\\/\\\/www.youthforequality.sk\\\/#\\\/schema\\\/logo\\\/image\\\/\",\"url\":\"https:\\\/\\\/www.youthforequality.sk\\\/wp-content\\\/uploads\\\/2021\\\/01\\\/vynovene-logo-nove-farby_modra-na-web.png\",\"contentUrl\":\"https:\\\/\\\/www.youthforequality.sk\\\/wp-content\\\/uploads\\\/2021\\\/01\\\/vynovene-logo-nove-farby_modra-na-web.png\",\"width\":1,\"height\":1,\"caption\":\"Youth for Equality\"},\"image\":{\"@id\":\"https:\\\/\\\/www.youthforequality.sk\\\/#\\\/schema\\\/logo\\\/image\\\/\"},\"sameAs\":[\"https:\\\/\\\/www.facebook.com\\\/yeslovakia\"]},{\"@type\":\"Person\",\"@id\":\"https:\\\/\\\/www.youthforequality.sk\\\/#\\\/schema\\\/person\\\/8c659d759c00eb743d317864891f0d3f\",\"name\":\"D\u00e1vid Sont\u00e1g\",\"image\":{\"@type\":\"ImageObject\",\"inLanguage\":\"sk-SK\",\"@id\":\"https:\\\/\\\/secure.gravatar.com\\\/avatar\\\/03ad119eac9b3a0144cc444cf55880edaeaf4ccc92268fd77ec841147fb0cf7e?s=96&d=mm&r=g\",\"url\":\"https:\\\/\\\/secure.gravatar.com\\\/avatar\\\/03ad119eac9b3a0144cc444cf55880edaeaf4ccc92268fd77ec841147fb0cf7e?s=96&d=mm&r=g\",\"contentUrl\":\"https:\\\/\\\/secure.gravatar.com\\\/avatar\\\/03ad119eac9b3a0144cc444cf55880edaeaf4ccc92268fd77ec841147fb0cf7e?s=96&d=mm&r=g\",\"caption\":\"D\u00e1vid Sont\u00e1g\"},\"url\":\"https:\\\/\\\/www.youthforequality.sk\\\/index.php\\\/author\\\/davson\\\/\"}]}<\/script>\n<!-- \/ Yoast SEO plugin. -->","yoast_head_json":{"title":"Holocaust \u2013 Building Bridges for a common future |","robots":{"index":"index","follow":"follow","max-snippet":"max-snippet:-1","max-image-preview":"max-image-preview:large","max-video-preview":"max-video-preview:-1"},"canonical":"https:\/\/www.youthforequality.sk\/index.php\/2021\/04\/07\/holocaust-building-bridges-for-a-common-future\/","og_locale":"sk_SK","og_type":"article","og_title":"Holocaust \u2013 Building Bridges for a common future |","og_description":"Projekt je zameran\u00fd na pamiatku \u017eidovsk\u00e9ho holokaustu a podporuje porozumenie minulosti a posilnenie dial\u00f3gu o bud\u00facnosti Eur\u00f3pskej \u00fanie. Projekt sa prostredn\u00edctvom svojich aktiv\u00edt sna\u017e\u00ed zv\u00fd\u0161i\u0165 povedomie o pamiatke, vyzdvihn\u00fa\u0165 hodnoty \u00danie t\u00fdkaj\u00face sa solidarity, tolerancie a mieru a tie\u017e podpori\u0165 povedomie o ob\u010dianskej \u00fa\u010dasti a medzikult\u00farnom zapojen\u00ed. Vych\u00e1dzaj\u00fac z vyvra\u017e\u010fovania \u017didov je cie\u013eom projektu tie\u017e&hellip;&nbsp;\u010c\u00edta\u0165 viac &raquo;Holocaust \u2013 Building Bridges for a common future","og_url":"https:\/\/www.youthforequality.sk\/index.php\/2021\/04\/07\/holocaust-building-bridges-for-a-common-future\/","article_publisher":"https:\/\/www.facebook.com\/yeslovakia","article_published_time":"2021-04-07T15:52:07+00:00","article_modified_time":"2023-10-29T20:30:11+00:00","og_image":[{"width":1280,"height":1280,"url":"https:\/\/www.youthforequality.sk\/wp-content\/uploads\/2020\/11\/insta-call-1-1.jpg","type":"image\/jpeg"}],"author":"D\u00e1vid Sont\u00e1g","twitter_card":"summary_large_image","twitter_misc":{"Autor":"D\u00e1vid Sont\u00e1g","Predpokladan\u00fd \u010das \u010d\u00edtania":"2 min\u00faty"},"schema":{"@context":"https:\/\/schema.org","@graph":[{"@type":"Article","@id":"https:\/\/www.youthforequality.sk\/index.php\/2021\/04\/07\/holocaust-building-bridges-for-a-common-future\/#article","isPartOf":{"@id":"https:\/\/www.youthforequality.sk\/index.php\/2021\/04\/07\/holocaust-building-bridges-for-a-common-future\/"},"author":{"name":"D\u00e1vid Sont\u00e1g","@id":"https:\/\/www.youthforequality.sk\/#\/schema\/person\/8c659d759c00eb743d317864891f0d3f"},"headline":"Holocaust \u2013 Building Bridges for a common future","datePublished":"2021-04-07T15:52:07+00:00","dateModified":"2023-10-29T20:30:11+00:00","mainEntityOfPage":{"@id":"https:\/\/www.youthforequality.sk\/index.php\/2021\/04\/07\/holocaust-building-bridges-for-a-common-future\/"},"wordCount":583,"publisher":{"@id":"https:\/\/www.youthforequality.sk\/#organization"},"image":{"@id":"https:\/\/www.youthforequality.sk\/index.php\/2021\/04\/07\/holocaust-building-bridges-for-a-common-future\/#primaryimage"},"thumbnailUrl":"https:\/\/www.youthforequality.sk\/wp-content\/uploads\/2020\/11\/insta-call-1-1.jpg","articleSection":["\u0160trukt\u00farovan\u00fd dial\u00f3g-pripravujeme","Uncategorized"],"inLanguage":"sk-SK"},{"@type":"WebPage","@id":"https:\/\/www.youthforequality.sk\/index.php\/2021\/04\/07\/holocaust-building-bridges-for-a-common-future\/","url":"https:\/\/www.youthforequality.sk\/index.php\/2021\/04\/07\/holocaust-building-bridges-for-a-common-future\/","name":"Holocaust \u2013 Building Bridges for a common future |","isPartOf":{"@id":"https:\/\/www.youthforequality.sk\/#website"},"primaryImageOfPage":{"@id":"https:\/\/www.youthforequality.sk\/index.php\/2021\/04\/07\/holocaust-building-bridges-for-a-common-future\/#primaryimage"},"image":{"@id":"https:\/\/www.youthforequality.sk\/index.php\/2021\/04\/07\/holocaust-building-bridges-for-a-common-future\/#primaryimage"},"thumbnailUrl":"https:\/\/www.youthforequality.sk\/wp-content\/uploads\/2020\/11\/insta-call-1-1.jpg","datePublished":"2021-04-07T15:52:07+00:00","dateModified":"2023-10-29T20:30:11+00:00","breadcrumb":{"@id":"https:\/\/www.youthforequality.sk\/index.php\/2021\/04\/07\/holocaust-building-bridges-for-a-common-future\/#breadcrumb"},"inLanguage":"sk-SK","potentialAction":[{"@type":"ReadAction","target":["https:\/\/www.youthforequality.sk\/index.php\/2021\/04\/07\/holocaust-building-bridges-for-a-common-future\/"]}]},{"@type":"ImageObject","inLanguage":"sk-SK","@id":"https:\/\/www.youthforequality.sk\/index.php\/2021\/04\/07\/holocaust-building-bridges-for-a-common-future\/#primaryimage","url":"https:\/\/www.youthforequality.sk\/wp-content\/uploads\/2020\/11\/insta-call-1-1.jpg","contentUrl":"https:\/\/www.youthforequality.sk\/wp-content\/uploads\/2020\/11\/insta-call-1-1.jpg","width":1280,"height":1280},{"@type":"BreadcrumbList","@id":"https:\/\/www.youthforequality.sk\/index.php\/2021\/04\/07\/holocaust-building-bridges-for-a-common-future\/#breadcrumb","itemListElement":[{"@type":"ListItem","position":1,"name":"Home","item":"https:\/\/www.youthforequality.sk\/"},{"@type":"ListItem","position":2,"name":"Holocaust \u2013 Building Bridges for a common future"}]},{"@type":"WebSite","@id":"https:\/\/www.youthforequality.sk\/#website","url":"https:\/\/www.youthforequality.sk\/","name":"","description":"","publisher":{"@id":"https:\/\/www.youthforequality.sk\/#organization"},"potentialAction":[{"@type":"SearchAction","target":{"@type":"EntryPoint","urlTemplate":"https:\/\/www.youthforequality.sk\/?s={search_term_string}"},"query-input":{"@type":"PropertyValueSpecification","valueRequired":true,"valueName":"search_term_string"}}],"inLanguage":"sk-SK"},{"@type":"Organization","@id":"https:\/\/www.youthforequality.sk\/#organization","name":"Youth for Equality","url":"https:\/\/www.youthforequality.sk\/","logo":{"@type":"ImageObject","inLanguage":"sk-SK","@id":"https:\/\/www.youthforequality.sk\/#\/schema\/logo\/image\/","url":"https:\/\/www.youthforequality.sk\/wp-content\/uploads\/2021\/01\/vynovene-logo-nove-farby_modra-na-web.png","contentUrl":"https:\/\/www.youthforequality.sk\/wp-content\/uploads\/2021\/01\/vynovene-logo-nove-farby_modra-na-web.png","width":1,"height":1,"caption":"Youth for Equality"},"image":{"@id":"https:\/\/www.youthforequality.sk\/#\/schema\/logo\/image\/"},"sameAs":["https:\/\/www.facebook.com\/yeslovakia"]},{"@type":"Person","@id":"https:\/\/www.youthforequality.sk\/#\/schema\/person\/8c659d759c00eb743d317864891f0d3f","name":"D\u00e1vid Sont\u00e1g","image":{"@type":"ImageObject","inLanguage":"sk-SK","@id":"https:\/\/secure.gravatar.com\/avatar\/03ad119eac9b3a0144cc444cf55880edaeaf4ccc92268fd77ec841147fb0cf7e?s=96&d=mm&r=g","url":"https:\/\/secure.gravatar.com\/avatar\/03ad119eac9b3a0144cc444cf55880edaeaf4ccc92268fd77ec841147fb0cf7e?s=96&d=mm&r=g","contentUrl":"https:\/\/secure.gravatar.com\/avatar\/03ad119eac9b3a0144cc444cf55880edaeaf4ccc92268fd77ec841147fb0cf7e?s=96&d=mm&r=g","caption":"D\u00e1vid Sont\u00e1g"},"url":"https:\/\/www.youthforequality.sk\/index.php\/author\/davson\/"}]}},"_links":{"self":[{"href":"https:\/\/www.youthforequality.sk\/index.php\/wp-json\/wp\/v2\/posts\/2541","targetHints":{"allow":["GET"]}}],"collection":[{"href":"https:\/\/www.youthforequality.sk\/index.php\/wp-json\/wp\/v2\/posts"}],"about":[{"href":"https:\/\/www.youthforequality.sk\/index.php\/wp-json\/wp\/v2\/types\/post"}],"author":[{"embeddable":true,"href":"https:\/\/www.youthforequality.sk\/index.php\/wp-json\/wp\/v2\/users\/4"}],"replies":[{"embeddable":true,"href":"https:\/\/www.youthforequality.sk\/index.php\/wp-json\/wp\/v2\/comments?post=2541"}],"version-history":[{"count":5,"href":"https:\/\/www.youthforequality.sk\/index.php\/wp-json\/wp\/v2\/posts\/2541\/revisions"}],"predecessor-version":[{"id":4640,"href":"https:\/\/www.youthforequality.sk\/index.php\/wp-json\/wp\/v2\/posts\/2541\/revisions\/4640"}],"wp:featuredmedia":[{"embeddable":true,"href":"https:\/\/www.youthforequality.sk\/index.php\/wp-json\/wp\/v2\/media\/1666"}],"wp:attachment":[{"href":"https:\/\/www.youthforequality.sk\/index.php\/wp-json\/wp\/v2\/media?parent=2541"}],"wp:term":[{"taxonomy":"category","embeddable":true,"href":"https:\/\/www.youthforequality.sk\/index.php\/wp-json\/wp\/v2\/categories?post=2541"},{"taxonomy":"post_tag","embeddable":true,"href":"https:\/\/www.youthforequality.sk\/index.php\/wp-json\/wp\/v2\/tags?post=2541"}],"curies":[{"name":"wp","href":"https:\/\/api.w.org\/{rel}","templated":true}]}}