{"id":2600,"date":"2021-04-09T09:37:28","date_gmt":"2021-04-09T07:37:28","guid":{"rendered":"https:\/\/www.youthforequality.sk\/?p=2600"},"modified":"2021-11-25T13:11:48","modified_gmt":"2021-11-25T12:11:48","slug":"be-the-leader-luznice-ceska-republika-1-10-7-2021","status":"publish","type":"post","link":"https:\/\/www.youthforequality.sk\/index.php\/2021\/04\/09\/be-the-leader-luznice-ceska-republika-1-10-7-2021\/","title":{"rendered":"Be the leader! Lu\u017enice \u010cesk\u00e1 Republika 1. &#8211; 10.7.2021"},"content":{"rendered":"\t\t<div data-elementor-type=\"wp-post\" data-elementor-id=\"2600\" class=\"elementor elementor-2600\">\n\t\t\t\t\t\t<section class=\"elementor-section elementor-top-section elementor-element elementor-element-98c3afa elementor-section-boxed elementor-section-height-default elementor-section-height-default\" data-id=\"98c3afa\" data-element_type=\"section\" data-e-type=\"section\">\n\t\t\t\t\t\t<div class=\"elementor-container elementor-column-gap-default\">\n\t\t\t\t\t<div class=\"elementor-column elementor-col-100 elementor-top-column elementor-element elementor-element-aef3157\" data-id=\"aef3157\" data-element_type=\"column\" data-e-type=\"column\">\n\t\t\t<div class=\"elementor-widget-wrap elementor-element-populated\">\n\t\t\t\t\t\t<div class=\"elementor-element elementor-element-205df92 elementor-widget elementor-widget-text-editor\" data-id=\"205df92\" data-element_type=\"widget\" data-e-type=\"widget\" data-widget_type=\"text-editor.default\">\n\t\t\t\t<div class=\"elementor-widget-container\">\n\t\t\t\t\t\t\t\t\t<p><span style=\"font-weight: 400;\">Po\u010das \u0161kolenia \u00fa\u010dastn\u00edci spoznaj\u00fa met\u00f3dy neform\u00e1lneho vzdel\u00e1vania a za\u017eij\u00fa konkr\u00e9tne \u010dinnosti, ktor\u00e9 m\u00f4\u017eu vyu\u017ei\u0165 pri svojej pr\u00e1ci s ml\u00e1de\u017eou. Budeme venova\u0165 osobitn\u00fa pozornos\u0165 pr\u00e1ci s de\u0165mi v pr\u00edrode a spozn\u00e1va\u0165 aktivity, ktor\u00e9 pom\u00e1haj\u00fa de\u0165om u\u010di\u0165 sa a o pr\u00edrode. Budeme tie\u017e diskutova\u0165 praktick\u00fa str\u00e1nku letn\u00fdch t\u00e1borov a ako sa organizuj\u00fa podobn\u00e9 outdoorov\u00e9 aktivity. Projekt sa bude zameriava\u0165 na praktick\u00e9 zru\u010dnosti &#8211; ke\u010f\u017ee v rovnakom \u010dase bude prebieha\u0165 letn\u00fd t\u00e1bor, \u00fa\u010dastn\u00edci bud\u00fa ma\u0165 jedine\u010dn\u00fa pr\u00edle\u017eitos\u0165 priamo pracova\u0165 s de\u0165mi a vysk\u00fa\u0161a\u0165 si pripravovan\u00e9 aktivity. Bud\u00fa m\u00f4c\u0165 str\u00e1vi\u0165 \u010das s de\u0165mi a u\u017ei\u0165 si n\u00e1dhern\u00e9 leto v t\u00e1borovom duchu. Viac detailov <a href=\"http:\/\/dumanci.cz\/priloha\/infopack%20-%20be%20the%20leader!.pdf\">TU<\/a>.<\/span><\/p>\n<p><b>H\u013ead\u00e1me:<\/b><span style=\"font-weight: 400;\"> 3 \u00fa\u010dastn\u00edkov od 18 rokov<\/span><\/p>\n<p><b>Deadline: <\/b>6<span style=\"font-weight: 400;\">.6.2021<\/span><\/p>\t\t\t\t\t\t\t\t<\/div>\n\t\t\t\t<\/div>\n\t\t\t\t\t<\/div>\n\t\t<\/div>\n\t\t\t\t\t<\/div>\n\t\t<\/section>\n\t\t\t\t<\/div>\n\t\t","protected":false},"excerpt":{"rendered":"<p>Po\u010das \u0161kolenia \u00fa\u010dastn\u00edci spoznaj\u00fa met\u00f3dy neform\u00e1lneho vzdel\u00e1vania a za\u017eij\u00fa konkr\u00e9tne \u010dinnosti, ktor\u00e9 m\u00f4\u017eu vyu\u017ei\u0165 pri svojej pr\u00e1ci s ml\u00e1de\u017eou. Budeme venova\u0165 osobitn\u00fa pozornos\u0165 pr\u00e1ci s de\u0165mi v pr\u00edrode a spozn\u00e1va\u0165 aktivity, ktor\u00e9 pom\u00e1haj\u00fa de\u0165om u\u010di\u0165 sa a o pr\u00edrode. Budeme tie\u017e diskutova\u0165 praktick\u00fa str\u00e1nku letn\u00fdch t\u00e1borov a ako sa organizuj\u00fa podobn\u00e9 outdoorov\u00e9 aktivity. Projekt sa&hellip;&nbsp;<a href=\"https:\/\/www.youthforequality.sk\/index.php\/2021\/04\/09\/be-the-leader-luznice-ceska-republika-1-10-7-2021\/\" class=\"\" rel=\"bookmark\">\u010c\u00edta\u0165 viac &raquo;<span class=\"screen-reader-text\">Be the leader! Lu\u017enice \u010cesk\u00e1 Republika 1. &#8211; 10.7.2021<\/span><\/a><\/p>\n","protected":false},"author":2,"featured_media":2605,"comment_status":"closed","ping_status":"open","sticky":false,"template":"","format":"standard","meta":{"_uf_show_specific_survey":0,"_uf_disable_surveys":false,"neve_meta_sidebar":"","neve_meta_container":"","neve_meta_enable_content_width":"","neve_meta_content_width":0,"neve_meta_title_alignment":"","neve_meta_author_avatar":"","neve_post_elements_order":"","neve_meta_disable_header":"","neve_meta_disable_footer":"","neve_meta_disable_title":"","_themeisle_gutenberg_block_has_review":false,"footnotes":""},"categories":[1],"tags":[],"class_list":["post-2600","post","type-post","status-publish","format-standard","has-post-thumbnail","hentry","category-uncategorized"],"yoast_head":"<!-- This site is optimized with the Yoast SEO plugin v27.4 - https:\/\/yoast.com\/product\/yoast-seo-wordpress\/ -->\n<title>Be the leader! Lu\u017enice \u010cesk\u00e1 Republika 1. - 10.7.2021 |<\/title>\n<meta name=\"description\" content=\"\u0160kolenie pr\u010de pracovn\u00edkov s ml\u00e1de\u017eou met\u00f3dami neform\u00e1lneho vzdel\u00e1vania Erasmus+ v \u010ceskej republike Be the leader!\" \/>\n<meta name=\"robots\" content=\"index, follow, max-snippet:-1, max-image-preview:large, max-video-preview:-1\" \/>\n<link rel=\"canonical\" href=\"https:\/\/www.youthforequality.sk\/index.php\/2021\/04\/09\/be-the-leader-luznice-ceska-republika-1-10-7-2021\/\" \/>\n<meta property=\"og:locale\" content=\"sk_SK\" \/>\n<meta property=\"og:type\" content=\"article\" \/>\n<meta property=\"og:title\" content=\"Be the leader! Lu\u017enice \u010cesk\u00e1 Republika 1. - 10.7.2021 |\" \/>\n<meta property=\"og:description\" content=\"\u0160kolenie pr\u010de pracovn\u00edkov s ml\u00e1de\u017eou met\u00f3dami neform\u00e1lneho vzdel\u00e1vania Erasmus+ v \u010ceskej republike Be the leader!\" \/>\n<meta property=\"og:url\" content=\"https:\/\/www.youthforequality.sk\/index.php\/2021\/04\/09\/be-the-leader-luznice-ceska-republika-1-10-7-2021\/\" \/>\n<meta property=\"article:publisher\" content=\"https:\/\/www.facebook.com\/yeslovakia\" \/>\n<meta property=\"article:published_time\" content=\"2021-04-09T07:37:28+00:00\" \/>\n<meta property=\"article:modified_time\" content=\"2021-11-25T12:11:48+00:00\" \/>\n<meta property=\"og:image\" content=\"https:\/\/www.youthforequality.sk\/wp-content\/uploads\/2021\/04\/be-the-leader.jpeg\" \/>\n\t<meta property=\"og:image:width\" content=\"940\" \/>\n\t<meta property=\"og:image:height\" content=\"788\" \/>\n\t<meta property=\"og:image:type\" content=\"image\/jpeg\" \/>\n<meta name=\"author\" content=\"Diana Ja\u0161ekov\u00e1\" \/>\n<meta name=\"twitter:card\" content=\"summary_large_image\" \/>\n<meta name=\"twitter:label1\" content=\"Autor\" \/>\n\t<meta name=\"twitter:data1\" content=\"Diana Ja\u0161ekov\u00e1\" \/>\n\t<meta name=\"twitter:label2\" content=\"Predpokladan\u00fd \u010das \u010d\u00edtania\" \/>\n\t<meta name=\"twitter:data2\" content=\"1 min\u00fata\" \/>\n<script type=\"application\/ld+json\" class=\"yoast-schema-graph\">{\"@context\":\"https:\\\/\\\/schema.org\",\"@graph\":[{\"@type\":\"Article\",\"@id\":\"https:\\\/\\\/www.youthforequality.sk\\\/index.php\\\/2021\\\/04\\\/09\\\/be-the-leader-luznice-ceska-republika-1-10-7-2021\\\/#article\",\"isPartOf\":{\"@id\":\"https:\\\/\\\/www.youthforequality.sk\\\/index.php\\\/2021\\\/04\\\/09\\\/be-the-leader-luznice-ceska-republika-1-10-7-2021\\\/\"},\"author\":{\"name\":\"Diana Ja\u0161ekov\u00e1\",\"@id\":\"https:\\\/\\\/www.youthforequality.sk\\\/#\\\/schema\\\/person\\\/be8fe75a4ed9c28400bc99a029218b24\"},\"headline\":\"Be the leader! Lu\u017enice \u010cesk\u00e1 Republika 1. &#8211; 10.7.2021\",\"datePublished\":\"2021-04-09T07:37:28+00:00\",\"dateModified\":\"2021-11-25T12:11:48+00:00\",\"mainEntityOfPage\":{\"@id\":\"https:\\\/\\\/www.youthforequality.sk\\\/index.php\\\/2021\\\/04\\\/09\\\/be-the-leader-luznice-ceska-republika-1-10-7-2021\\\/\"},\"wordCount\":154,\"publisher\":{\"@id\":\"https:\\\/\\\/www.youthforequality.sk\\\/#organization\"},\"image\":{\"@id\":\"https:\\\/\\\/www.youthforequality.sk\\\/index.php\\\/2021\\\/04\\\/09\\\/be-the-leader-luznice-ceska-republika-1-10-7-2021\\\/#primaryimage\"},\"thumbnailUrl\":\"https:\\\/\\\/www.youthforequality.sk\\\/wp-content\\\/uploads\\\/2021\\\/04\\\/be-the-leader.jpeg\",\"articleSection\":[\"Uncategorized\"],\"inLanguage\":\"sk-SK\"},{\"@type\":\"WebPage\",\"@id\":\"https:\\\/\\\/www.youthforequality.sk\\\/index.php\\\/2021\\\/04\\\/09\\\/be-the-leader-luznice-ceska-republika-1-10-7-2021\\\/\",\"url\":\"https:\\\/\\\/www.youthforequality.sk\\\/index.php\\\/2021\\\/04\\\/09\\\/be-the-leader-luznice-ceska-republika-1-10-7-2021\\\/\",\"name\":\"Be the leader! Lu\u017enice \u010cesk\u00e1 Republika 1. - 10.7.2021 |\",\"isPartOf\":{\"@id\":\"https:\\\/\\\/www.youthforequality.sk\\\/#website\"},\"primaryImageOfPage\":{\"@id\":\"https:\\\/\\\/www.youthforequality.sk\\\/index.php\\\/2021\\\/04\\\/09\\\/be-the-leader-luznice-ceska-republika-1-10-7-2021\\\/#primaryimage\"},\"image\":{\"@id\":\"https:\\\/\\\/www.youthforequality.sk\\\/index.php\\\/2021\\\/04\\\/09\\\/be-the-leader-luznice-ceska-republika-1-10-7-2021\\\/#primaryimage\"},\"thumbnailUrl\":\"https:\\\/\\\/www.youthforequality.sk\\\/wp-content\\\/uploads\\\/2021\\\/04\\\/be-the-leader.jpeg\",\"datePublished\":\"2021-04-09T07:37:28+00:00\",\"dateModified\":\"2021-11-25T12:11:48+00:00\",\"description\":\"\u0160kolenie pr\u010de pracovn\u00edkov s ml\u00e1de\u017eou met\u00f3dami neform\u00e1lneho vzdel\u00e1vania Erasmus+ v \u010ceskej republike Be the leader!\",\"breadcrumb\":{\"@id\":\"https:\\\/\\\/www.youthforequality.sk\\\/index.php\\\/2021\\\/04\\\/09\\\/be-the-leader-luznice-ceska-republika-1-10-7-2021\\\/#breadcrumb\"},\"inLanguage\":\"sk-SK\",\"potentialAction\":[{\"@type\":\"ReadAction\",\"target\":[\"https:\\\/\\\/www.youthforequality.sk\\\/index.php\\\/2021\\\/04\\\/09\\\/be-the-leader-luznice-ceska-republika-1-10-7-2021\\\/\"]}]},{\"@type\":\"ImageObject\",\"inLanguage\":\"sk-SK\",\"@id\":\"https:\\\/\\\/www.youthforequality.sk\\\/index.php\\\/2021\\\/04\\\/09\\\/be-the-leader-luznice-ceska-republika-1-10-7-2021\\\/#primaryimage\",\"url\":\"https:\\\/\\\/www.youthforequality.sk\\\/wp-content\\\/uploads\\\/2021\\\/04\\\/be-the-leader.jpeg\",\"contentUrl\":\"https:\\\/\\\/www.youthforequality.sk\\\/wp-content\\\/uploads\\\/2021\\\/04\\\/be-the-leader.jpeg\",\"width\":940,\"height\":788},{\"@type\":\"BreadcrumbList\",\"@id\":\"https:\\\/\\\/www.youthforequality.sk\\\/index.php\\\/2021\\\/04\\\/09\\\/be-the-leader-luznice-ceska-republika-1-10-7-2021\\\/#breadcrumb\",\"itemListElement\":[{\"@type\":\"ListItem\",\"position\":1,\"name\":\"Home\",\"item\":\"https:\\\/\\\/www.youthforequality.sk\\\/\"},{\"@type\":\"ListItem\",\"position\":2,\"name\":\"Be the leader! Lu\u017enice \u010cesk\u00e1 Republika 1. &#8211; 10.7.2021\"}]},{\"@type\":\"WebSite\",\"@id\":\"https:\\\/\\\/www.youthforequality.sk\\\/#website\",\"url\":\"https:\\\/\\\/www.youthforequality.sk\\\/\",\"name\":\"\",\"description\":\"\",\"publisher\":{\"@id\":\"https:\\\/\\\/www.youthforequality.sk\\\/#organization\"},\"potentialAction\":[{\"@type\":\"SearchAction\",\"target\":{\"@type\":\"EntryPoint\",\"urlTemplate\":\"https:\\\/\\\/www.youthforequality.sk\\\/?s={search_term_string}\"},\"query-input\":{\"@type\":\"PropertyValueSpecification\",\"valueRequired\":true,\"valueName\":\"search_term_string\"}}],\"inLanguage\":\"sk-SK\"},{\"@type\":\"Organization\",\"@id\":\"https:\\\/\\\/www.youthforequality.sk\\\/#organization\",\"name\":\"Youth for Equality\",\"url\":\"https:\\\/\\\/www.youthforequality.sk\\\/\",\"logo\":{\"@type\":\"ImageObject\",\"inLanguage\":\"sk-SK\",\"@id\":\"https:\\\/\\\/www.youthforequality.sk\\\/#\\\/schema\\\/logo\\\/image\\\/\",\"url\":\"https:\\\/\\\/www.youthforequality.sk\\\/wp-content\\\/uploads\\\/2021\\\/01\\\/vynovene-logo-nove-farby_modra-na-web.png\",\"contentUrl\":\"https:\\\/\\\/www.youthforequality.sk\\\/wp-content\\\/uploads\\\/2021\\\/01\\\/vynovene-logo-nove-farby_modra-na-web.png\",\"width\":1,\"height\":1,\"caption\":\"Youth for Equality\"},\"image\":{\"@id\":\"https:\\\/\\\/www.youthforequality.sk\\\/#\\\/schema\\\/logo\\\/image\\\/\"},\"sameAs\":[\"https:\\\/\\\/www.facebook.com\\\/yeslovakia\"]},{\"@type\":\"Person\",\"@id\":\"https:\\\/\\\/www.youthforequality.sk\\\/#\\\/schema\\\/person\\\/be8fe75a4ed9c28400bc99a029218b24\",\"name\":\"Diana Ja\u0161ekov\u00e1\",\"image\":{\"@type\":\"ImageObject\",\"inLanguage\":\"sk-SK\",\"@id\":\"https:\\\/\\\/secure.gravatar.com\\\/avatar\\\/8c7454049523c9673804cf321f89b38fd4fcd5aa5ad8961f32caaf292dfd996f?s=96&d=mm&r=g\",\"url\":\"https:\\\/\\\/secure.gravatar.com\\\/avatar\\\/8c7454049523c9673804cf321f89b38fd4fcd5aa5ad8961f32caaf292dfd996f?s=96&d=mm&r=g\",\"contentUrl\":\"https:\\\/\\\/secure.gravatar.com\\\/avatar\\\/8c7454049523c9673804cf321f89b38fd4fcd5aa5ad8961f32caaf292dfd996f?s=96&d=mm&r=g\",\"caption\":\"Diana Ja\u0161ekov\u00e1\"},\"url\":\"https:\\\/\\\/www.youthforequality.sk\\\/index.php\\\/author\\\/diajas\\\/\"}]}<\/script>\n<!-- \/ Yoast SEO plugin. -->","yoast_head_json":{"title":"Be the leader! Lu\u017enice \u010cesk\u00e1 Republika 1. - 10.7.2021 |","description":"\u0160kolenie pr\u010de pracovn\u00edkov s ml\u00e1de\u017eou met\u00f3dami neform\u00e1lneho vzdel\u00e1vania Erasmus+ v \u010ceskej republike Be the leader!","robots":{"index":"index","follow":"follow","max-snippet":"max-snippet:-1","max-image-preview":"max-image-preview:large","max-video-preview":"max-video-preview:-1"},"canonical":"https:\/\/www.youthforequality.sk\/index.php\/2021\/04\/09\/be-the-leader-luznice-ceska-republika-1-10-7-2021\/","og_locale":"sk_SK","og_type":"article","og_title":"Be the leader! Lu\u017enice \u010cesk\u00e1 Republika 1. - 10.7.2021 |","og_description":"\u0160kolenie pr\u010de pracovn\u00edkov s ml\u00e1de\u017eou met\u00f3dami neform\u00e1lneho vzdel\u00e1vania Erasmus+ v \u010ceskej republike Be the leader!","og_url":"https:\/\/www.youthforequality.sk\/index.php\/2021\/04\/09\/be-the-leader-luznice-ceska-republika-1-10-7-2021\/","article_publisher":"https:\/\/www.facebook.com\/yeslovakia","article_published_time":"2021-04-09T07:37:28+00:00","article_modified_time":"2021-11-25T12:11:48+00:00","og_image":[{"width":940,"height":788,"url":"https:\/\/www.youthforequality.sk\/wp-content\/uploads\/2021\/04\/be-the-leader.jpeg","type":"image\/jpeg"}],"author":"Diana Ja\u0161ekov\u00e1","twitter_card":"summary_large_image","twitter_misc":{"Autor":"Diana Ja\u0161ekov\u00e1","Predpokladan\u00fd \u010das \u010d\u00edtania":"1 min\u00fata"},"schema":{"@context":"https:\/\/schema.org","@graph":[{"@type":"Article","@id":"https:\/\/www.youthforequality.sk\/index.php\/2021\/04\/09\/be-the-leader-luznice-ceska-republika-1-10-7-2021\/#article","isPartOf":{"@id":"https:\/\/www.youthforequality.sk\/index.php\/2021\/04\/09\/be-the-leader-luznice-ceska-republika-1-10-7-2021\/"},"author":{"name":"Diana Ja\u0161ekov\u00e1","@id":"https:\/\/www.youthforequality.sk\/#\/schema\/person\/be8fe75a4ed9c28400bc99a029218b24"},"headline":"Be the leader! Lu\u017enice \u010cesk\u00e1 Republika 1. &#8211; 10.7.2021","datePublished":"2021-04-09T07:37:28+00:00","dateModified":"2021-11-25T12:11:48+00:00","mainEntityOfPage":{"@id":"https:\/\/www.youthforequality.sk\/index.php\/2021\/04\/09\/be-the-leader-luznice-ceska-republika-1-10-7-2021\/"},"wordCount":154,"publisher":{"@id":"https:\/\/www.youthforequality.sk\/#organization"},"image":{"@id":"https:\/\/www.youthforequality.sk\/index.php\/2021\/04\/09\/be-the-leader-luznice-ceska-republika-1-10-7-2021\/#primaryimage"},"thumbnailUrl":"https:\/\/www.youthforequality.sk\/wp-content\/uploads\/2021\/04\/be-the-leader.jpeg","articleSection":["Uncategorized"],"inLanguage":"sk-SK"},{"@type":"WebPage","@id":"https:\/\/www.youthforequality.sk\/index.php\/2021\/04\/09\/be-the-leader-luznice-ceska-republika-1-10-7-2021\/","url":"https:\/\/www.youthforequality.sk\/index.php\/2021\/04\/09\/be-the-leader-luznice-ceska-republika-1-10-7-2021\/","name":"Be the leader! Lu\u017enice \u010cesk\u00e1 Republika 1. - 10.7.2021 |","isPartOf":{"@id":"https:\/\/www.youthforequality.sk\/#website"},"primaryImageOfPage":{"@id":"https:\/\/www.youthforequality.sk\/index.php\/2021\/04\/09\/be-the-leader-luznice-ceska-republika-1-10-7-2021\/#primaryimage"},"image":{"@id":"https:\/\/www.youthforequality.sk\/index.php\/2021\/04\/09\/be-the-leader-luznice-ceska-republika-1-10-7-2021\/#primaryimage"},"thumbnailUrl":"https:\/\/www.youthforequality.sk\/wp-content\/uploads\/2021\/04\/be-the-leader.jpeg","datePublished":"2021-04-09T07:37:28+00:00","dateModified":"2021-11-25T12:11:48+00:00","description":"\u0160kolenie pr\u010de pracovn\u00edkov s ml\u00e1de\u017eou met\u00f3dami neform\u00e1lneho vzdel\u00e1vania Erasmus+ v \u010ceskej republike Be the leader!","breadcrumb":{"@id":"https:\/\/www.youthforequality.sk\/index.php\/2021\/04\/09\/be-the-leader-luznice-ceska-republika-1-10-7-2021\/#breadcrumb"},"inLanguage":"sk-SK","potentialAction":[{"@type":"ReadAction","target":["https:\/\/www.youthforequality.sk\/index.php\/2021\/04\/09\/be-the-leader-luznice-ceska-republika-1-10-7-2021\/"]}]},{"@type":"ImageObject","inLanguage":"sk-SK","@id":"https:\/\/www.youthforequality.sk\/index.php\/2021\/04\/09\/be-the-leader-luznice-ceska-republika-1-10-7-2021\/#primaryimage","url":"https:\/\/www.youthforequality.sk\/wp-content\/uploads\/2021\/04\/be-the-leader.jpeg","contentUrl":"https:\/\/www.youthforequality.sk\/wp-content\/uploads\/2021\/04\/be-the-leader.jpeg","width":940,"height":788},{"@type":"BreadcrumbList","@id":"https:\/\/www.youthforequality.sk\/index.php\/2021\/04\/09\/be-the-leader-luznice-ceska-republika-1-10-7-2021\/#breadcrumb","itemListElement":[{"@type":"ListItem","position":1,"name":"Home","item":"https:\/\/www.youthforequality.sk\/"},{"@type":"ListItem","position":2,"name":"Be the leader! Lu\u017enice \u010cesk\u00e1 Republika 1. &#8211; 10.7.2021"}]},{"@type":"WebSite","@id":"https:\/\/www.youthforequality.sk\/#website","url":"https:\/\/www.youthforequality.sk\/","name":"","description":"","publisher":{"@id":"https:\/\/www.youthforequality.sk\/#organization"},"potentialAction":[{"@type":"SearchAction","target":{"@type":"EntryPoint","urlTemplate":"https:\/\/www.youthforequality.sk\/?s={search_term_string}"},"query-input":{"@type":"PropertyValueSpecification","valueRequired":true,"valueName":"search_term_string"}}],"inLanguage":"sk-SK"},{"@type":"Organization","@id":"https:\/\/www.youthforequality.sk\/#organization","name":"Youth for Equality","url":"https:\/\/www.youthforequality.sk\/","logo":{"@type":"ImageObject","inLanguage":"sk-SK","@id":"https:\/\/www.youthforequality.sk\/#\/schema\/logo\/image\/","url":"https:\/\/www.youthforequality.sk\/wp-content\/uploads\/2021\/01\/vynovene-logo-nove-farby_modra-na-web.png","contentUrl":"https:\/\/www.youthforequality.sk\/wp-content\/uploads\/2021\/01\/vynovene-logo-nove-farby_modra-na-web.png","width":1,"height":1,"caption":"Youth for Equality"},"image":{"@id":"https:\/\/www.youthforequality.sk\/#\/schema\/logo\/image\/"},"sameAs":["https:\/\/www.facebook.com\/yeslovakia"]},{"@type":"Person","@id":"https:\/\/www.youthforequality.sk\/#\/schema\/person\/be8fe75a4ed9c28400bc99a029218b24","name":"Diana Ja\u0161ekov\u00e1","image":{"@type":"ImageObject","inLanguage":"sk-SK","@id":"https:\/\/secure.gravatar.com\/avatar\/8c7454049523c9673804cf321f89b38fd4fcd5aa5ad8961f32caaf292dfd996f?s=96&d=mm&r=g","url":"https:\/\/secure.gravatar.com\/avatar\/8c7454049523c9673804cf321f89b38fd4fcd5aa5ad8961f32caaf292dfd996f?s=96&d=mm&r=g","contentUrl":"https:\/\/secure.gravatar.com\/avatar\/8c7454049523c9673804cf321f89b38fd4fcd5aa5ad8961f32caaf292dfd996f?s=96&d=mm&r=g","caption":"Diana Ja\u0161ekov\u00e1"},"url":"https:\/\/www.youthforequality.sk\/index.php\/author\/diajas\/"}]}},"_links":{"self":[{"href":"https:\/\/www.youthforequality.sk\/index.php\/wp-json\/wp\/v2\/posts\/2600","targetHints":{"allow":["GET"]}}],"collection":[{"href":"https:\/\/www.youthforequality.sk\/index.php\/wp-json\/wp\/v2\/posts"}],"about":[{"href":"https:\/\/www.youthforequality.sk\/index.php\/wp-json\/wp\/v2\/types\/post"}],"author":[{"embeddable":true,"href":"https:\/\/www.youthforequality.sk\/index.php\/wp-json\/wp\/v2\/users\/2"}],"replies":[{"embeddable":true,"href":"https:\/\/www.youthforequality.sk\/index.php\/wp-json\/wp\/v2\/comments?post=2600"}],"version-history":[{"count":17,"href":"https:\/\/www.youthforequality.sk\/index.php\/wp-json\/wp\/v2\/posts\/2600\/revisions"}],"predecessor-version":[{"id":3511,"href":"https:\/\/www.youthforequality.sk\/index.php\/wp-json\/wp\/v2\/posts\/2600\/revisions\/3511"}],"wp:featuredmedia":[{"embeddable":true,"href":"https:\/\/www.youthforequality.sk\/index.php\/wp-json\/wp\/v2\/media\/2605"}],"wp:attachment":[{"href":"https:\/\/www.youthforequality.sk\/index.php\/wp-json\/wp\/v2\/media?parent=2600"}],"wp:term":[{"taxonomy":"category","embeddable":true,"href":"https:\/\/www.youthforequality.sk\/index.php\/wp-json\/wp\/v2\/categories?post=2600"},{"taxonomy":"post_tag","embeddable":true,"href":"https:\/\/www.youthforequality.sk\/index.php\/wp-json\/wp\/v2\/tags?post=2600"}],"curies":[{"name":"wp","href":"https:\/\/api.w.org\/{rel}","templated":true}]}}