{"id":2607,"date":"2021-04-09T09:51:31","date_gmt":"2021-04-09T07:51:31","guid":{"rendered":"https:\/\/www.youthforequality.sk\/?p=2607"},"modified":"2021-11-25T13:08:47","modified_gmt":"2021-11-25T12:08:47","slug":"digital-youth-jerevan-armensko-14-24-5-2021","status":"publish","type":"post","link":"https:\/\/www.youthforequality.sk\/index.php\/2021\/04\/09\/digital-youth-jerevan-armensko-14-24-5-2021\/","title":{"rendered":"Digital Youth Jerevan Arm\u00e9nsko 14. &#8211; 24. 5. 2021"},"content":{"rendered":"\t\t<div data-elementor-type=\"wp-post\" data-elementor-id=\"2607\" class=\"elementor elementor-2607\">\n\t\t\t\t\t\t<section class=\"elementor-section elementor-top-section elementor-element elementor-element-afd2735 elementor-section-boxed elementor-section-height-default elementor-section-height-default\" data-id=\"afd2735\" data-element_type=\"section\" data-e-type=\"section\">\n\t\t\t\t\t\t<div class=\"elementor-container elementor-column-gap-default\">\n\t\t\t\t\t<div class=\"elementor-column elementor-col-100 elementor-top-column elementor-element elementor-element-e8675a3\" data-id=\"e8675a3\" data-element_type=\"column\" data-e-type=\"column\">\n\t\t\t<div class=\"elementor-widget-wrap elementor-element-populated\">\n\t\t\t\t\t\t<div class=\"elementor-element elementor-element-d5856f2 elementor-widget elementor-widget-text-editor\" data-id=\"d5856f2\" data-element_type=\"widget\" data-e-type=\"widget\" data-widget_type=\"text-editor.default\">\n\t\t\t\t<div class=\"elementor-widget-container\">\n\t\t\t\t\t\t\t\t\t<p><span style=\"font-weight: 400;\">V dne\u0161nej digit\u00e1lnej dobe by pracovn\u00edci s ml\u00e1de\u017eou by\u0165 schopn\u00ed a pripraven\u00ed reagova\u0165 na nov\u00e9 po\u017eiadavky, v\u00fdzvy a pr\u00edle\u017eitosti, ktor\u00e9 prin\u00e1\u0161a. St\u00e1va sa \u010doraz d\u00f4le\u017eitej\u0161ie by\u0165 schopn\u00fd pracova\u0165 s audiovizu\u00e1lnym materi\u00e1lmi,\u00a0 dokumentova\u0165 profesion\u00e1lne aktivity v pr\u00e1ci s ml\u00e1de\u017eou. Audiovizu\u00e1lne materi\u00e1ly nie s\u00fa len sp\u00f4sobom na podporu pr\u00e1ce s ml\u00e1de\u017eou, ale aj ve\u013emi efekt\u00edvny n\u00e1stroj &#8211; aktivity nat\u00e1\u010dania vide\u00ed alebo fotografovania s\u00fa \u010doraz be\u017enej\u0161ie. Po\u010das \u0161kolenia sa \u00fa\u010dastn\u00edci nau\u010dia z\u00e1klady fotografovania, tvorby vide\u00ed, \u00fapravy materi\u00e1lov, pou\u017eitie anim\u00e1ci\u00ed a r\u00f4znych profesion\u00e1lnych zariaden\u00ed. \u00da\u010dastn\u00edci bud\u00fa po\u010das projektu to\u010di\u0165 svoje vlastn\u00e9 filmy, za\u017eij\u00fa cel\u00fd proces tvorby filmu od za\u010diatku do konca &#8211; od predstavenia n\u00e1padu \/ pr\u00edbehu a\u017e po ofici\u00e1lnu premi\u00e9ru v posledn\u00fd de\u0148. T\u00fato my\u0161lienku potom budeme \u0161\u00edri\u0165 organizovan\u00edm \u010fal\u0161\u00edch projektov v spolupr\u00e1ci s \u00fa\u010dastn\u00edkmi tohto \u0161kolenia. \u00da\u010dastn\u00edci tie\u017e vykon\u00e1va\u0165 n\u00e1sledn\u00e9 \u010dinnosti v r\u00e1mci svojich vysielaj\u00facich organiz\u00e1ci\u00ed, aby sa podelili o svoje sk\u00fasenosti so svojimi kolegami a cie\u013eov\u00fdmi skupinami.<\/span><\/p><p><span style=\"font-weight: 400;\">\u00a0<\/span><\/p><p><b>H\u013ead\u00e1me:<\/b><span style=\"font-weight: 400;\"> 2 pracovn\u00edkov s ml\u00e1de\u017eou od 18 rokov<\/span><\/p><p><b>Deadline:<\/b><span style=\"font-weight: 400;\"> 15.4.2021<\/span><\/p>\t\t\t\t\t\t\t\t<\/div>\n\t\t\t\t<\/div>\n\t\t\t\t\t<\/div>\n\t\t<\/div>\n\t\t\t\t\t<\/div>\n\t\t<\/section>\n\t\t\t\t<\/div>\n\t\t","protected":false},"excerpt":{"rendered":"<p>V dne\u0161nej digit\u00e1lnej dobe by pracovn\u00edci s ml\u00e1de\u017eou by\u0165 schopn\u00ed a pripraven\u00ed reagova\u0165 na nov\u00e9 po\u017eiadavky, v\u00fdzvy a pr\u00edle\u017eitosti, ktor\u00e9 prin\u00e1\u0161a. St\u00e1va sa \u010doraz d\u00f4le\u017eitej\u0161ie by\u0165 schopn\u00fd pracova\u0165 s audiovizu\u00e1lnym materi\u00e1lmi,&nbsp; dokumentova\u0165 profesion\u00e1lne aktivity v pr\u00e1ci s ml\u00e1de\u017eou. Audiovizu\u00e1lne materi\u00e1ly nie s\u00fa len sp\u00f4sobom na podporu pr\u00e1ce s ml\u00e1de\u017eou, ale aj ve\u013emi efekt\u00edvny n\u00e1stroj &#8211;&hellip;&nbsp;<a href=\"https:\/\/www.youthforequality.sk\/index.php\/2021\/04\/09\/digital-youth-jerevan-armensko-14-24-5-2021\/\" class=\"\" rel=\"bookmark\">\u010c\u00edta\u0165 viac &raquo;<span class=\"screen-reader-text\">Digital Youth Jerevan Arm\u00e9nsko 14. &#8211; 24. 5. 2021<\/span><\/a><\/p>\n","protected":false},"author":2,"featured_media":2612,"comment_status":"closed","ping_status":"open","sticky":false,"template":"","format":"standard","meta":{"_uf_show_specific_survey":0,"_uf_disable_surveys":false,"neve_meta_sidebar":"","neve_meta_container":"","neve_meta_enable_content_width":"","neve_meta_content_width":0,"neve_meta_title_alignment":"","neve_meta_author_avatar":"","neve_post_elements_order":"","neve_meta_disable_header":"","neve_meta_disable_footer":"","neve_meta_disable_title":"","_themeisle_gutenberg_block_has_review":false,"footnotes":""},"categories":[1],"tags":[],"class_list":["post-2607","post","type-post","status-publish","format-standard","has-post-thumbnail","hentry","category-uncategorized"],"yoast_head":"<!-- This site is optimized with the Yoast SEO plugin v27.4 - https:\/\/yoast.com\/product\/yoast-seo-wordpress\/ -->\n<title>Digital Youth Jerevan Arm\u00e9nsko 14. - 24. 5. 2021 |<\/title>\n<meta name=\"description\" content=\"\u0160kolenie Erasmus+ pre pracovn\u00edkov s ml\u00e1de\u017eou v oblasti digit\u00e1lnych zru\u010dnost\u00ed met\u00f3dami neform\u00e1lneho vzdel\u00e1vania.\" \/>\n<meta name=\"robots\" content=\"index, follow, max-snippet:-1, max-image-preview:large, max-video-preview:-1\" \/>\n<link rel=\"canonical\" href=\"https:\/\/www.youthforequality.sk\/index.php\/2021\/04\/09\/digital-youth-jerevan-armensko-14-24-5-2021\/\" \/>\n<meta property=\"og:locale\" content=\"sk_SK\" \/>\n<meta property=\"og:type\" content=\"article\" \/>\n<meta property=\"og:title\" content=\"Digital Youth Jerevan Arm\u00e9nsko 14. - 24. 5. 2021 |\" \/>\n<meta property=\"og:description\" content=\"\u0160kolenie Erasmus+ pre pracovn\u00edkov s ml\u00e1de\u017eou v oblasti digit\u00e1lnych zru\u010dnost\u00ed met\u00f3dami neform\u00e1lneho vzdel\u00e1vania.\" \/>\n<meta property=\"og:url\" content=\"https:\/\/www.youthforequality.sk\/index.php\/2021\/04\/09\/digital-youth-jerevan-armensko-14-24-5-2021\/\" \/>\n<meta property=\"article:publisher\" content=\"https:\/\/www.facebook.com\/yeslovakia\" \/>\n<meta property=\"article:published_time\" content=\"2021-04-09T07:51:31+00:00\" \/>\n<meta property=\"article:modified_time\" content=\"2021-11-25T12:08:47+00:00\" \/>\n<meta property=\"og:image\" content=\"https:\/\/www.youthforequality.sk\/wp-content\/uploads\/2021\/04\/digital-youth.jpeg\" \/>\n\t<meta property=\"og:image:width\" content=\"940\" \/>\n\t<meta property=\"og:image:height\" content=\"788\" \/>\n\t<meta property=\"og:image:type\" content=\"image\/jpeg\" \/>\n<meta name=\"author\" content=\"Diana Ja\u0161ekov\u00e1\" \/>\n<meta name=\"twitter:card\" content=\"summary_large_image\" \/>\n<meta name=\"twitter:label1\" content=\"Autor\" \/>\n\t<meta name=\"twitter:data1\" content=\"Diana Ja\u0161ekov\u00e1\" \/>\n\t<meta name=\"twitter:label2\" content=\"Predpokladan\u00fd \u010das \u010d\u00edtania\" \/>\n\t<meta name=\"twitter:data2\" content=\"1 min\u00fata\" \/>\n<script type=\"application\/ld+json\" class=\"yoast-schema-graph\">{\"@context\":\"https:\\\/\\\/schema.org\",\"@graph\":[{\"@type\":\"Article\",\"@id\":\"https:\\\/\\\/www.youthforequality.sk\\\/index.php\\\/2021\\\/04\\\/09\\\/digital-youth-jerevan-armensko-14-24-5-2021\\\/#article\",\"isPartOf\":{\"@id\":\"https:\\\/\\\/www.youthforequality.sk\\\/index.php\\\/2021\\\/04\\\/09\\\/digital-youth-jerevan-armensko-14-24-5-2021\\\/\"},\"author\":{\"name\":\"Diana Ja\u0161ekov\u00e1\",\"@id\":\"https:\\\/\\\/www.youthforequality.sk\\\/#\\\/schema\\\/person\\\/be8fe75a4ed9c28400bc99a029218b24\"},\"headline\":\"Digital Youth Jerevan Arm\u00e9nsko 14. &#8211; 24. 5. 2021\",\"datePublished\":\"2021-04-09T07:51:31+00:00\",\"dateModified\":\"2021-11-25T12:08:47+00:00\",\"mainEntityOfPage\":{\"@id\":\"https:\\\/\\\/www.youthforequality.sk\\\/index.php\\\/2021\\\/04\\\/09\\\/digital-youth-jerevan-armensko-14-24-5-2021\\\/\"},\"wordCount\":229,\"publisher\":{\"@id\":\"https:\\\/\\\/www.youthforequality.sk\\\/#organization\"},\"image\":{\"@id\":\"https:\\\/\\\/www.youthforequality.sk\\\/index.php\\\/2021\\\/04\\\/09\\\/digital-youth-jerevan-armensko-14-24-5-2021\\\/#primaryimage\"},\"thumbnailUrl\":\"https:\\\/\\\/www.youthforequality.sk\\\/wp-content\\\/uploads\\\/2021\\\/04\\\/digital-youth.jpeg\",\"articleSection\":[\"Uncategorized\"],\"inLanguage\":\"sk-SK\"},{\"@type\":\"WebPage\",\"@id\":\"https:\\\/\\\/www.youthforequality.sk\\\/index.php\\\/2021\\\/04\\\/09\\\/digital-youth-jerevan-armensko-14-24-5-2021\\\/\",\"url\":\"https:\\\/\\\/www.youthforequality.sk\\\/index.php\\\/2021\\\/04\\\/09\\\/digital-youth-jerevan-armensko-14-24-5-2021\\\/\",\"name\":\"Digital Youth Jerevan Arm\u00e9nsko 14. - 24. 5. 2021 |\",\"isPartOf\":{\"@id\":\"https:\\\/\\\/www.youthforequality.sk\\\/#website\"},\"primaryImageOfPage\":{\"@id\":\"https:\\\/\\\/www.youthforequality.sk\\\/index.php\\\/2021\\\/04\\\/09\\\/digital-youth-jerevan-armensko-14-24-5-2021\\\/#primaryimage\"},\"image\":{\"@id\":\"https:\\\/\\\/www.youthforequality.sk\\\/index.php\\\/2021\\\/04\\\/09\\\/digital-youth-jerevan-armensko-14-24-5-2021\\\/#primaryimage\"},\"thumbnailUrl\":\"https:\\\/\\\/www.youthforequality.sk\\\/wp-content\\\/uploads\\\/2021\\\/04\\\/digital-youth.jpeg\",\"datePublished\":\"2021-04-09T07:51:31+00:00\",\"dateModified\":\"2021-11-25T12:08:47+00:00\",\"description\":\"\u0160kolenie Erasmus+ pre pracovn\u00edkov s ml\u00e1de\u017eou v oblasti digit\u00e1lnych zru\u010dnost\u00ed met\u00f3dami neform\u00e1lneho vzdel\u00e1vania.\",\"breadcrumb\":{\"@id\":\"https:\\\/\\\/www.youthforequality.sk\\\/index.php\\\/2021\\\/04\\\/09\\\/digital-youth-jerevan-armensko-14-24-5-2021\\\/#breadcrumb\"},\"inLanguage\":\"sk-SK\",\"potentialAction\":[{\"@type\":\"ReadAction\",\"target\":[\"https:\\\/\\\/www.youthforequality.sk\\\/index.php\\\/2021\\\/04\\\/09\\\/digital-youth-jerevan-armensko-14-24-5-2021\\\/\"]}]},{\"@type\":\"ImageObject\",\"inLanguage\":\"sk-SK\",\"@id\":\"https:\\\/\\\/www.youthforequality.sk\\\/index.php\\\/2021\\\/04\\\/09\\\/digital-youth-jerevan-armensko-14-24-5-2021\\\/#primaryimage\",\"url\":\"https:\\\/\\\/www.youthforequality.sk\\\/wp-content\\\/uploads\\\/2021\\\/04\\\/digital-youth.jpeg\",\"contentUrl\":\"https:\\\/\\\/www.youthforequality.sk\\\/wp-content\\\/uploads\\\/2021\\\/04\\\/digital-youth.jpeg\",\"width\":940,\"height\":788},{\"@type\":\"BreadcrumbList\",\"@id\":\"https:\\\/\\\/www.youthforequality.sk\\\/index.php\\\/2021\\\/04\\\/09\\\/digital-youth-jerevan-armensko-14-24-5-2021\\\/#breadcrumb\",\"itemListElement\":[{\"@type\":\"ListItem\",\"position\":1,\"name\":\"Home\",\"item\":\"https:\\\/\\\/www.youthforequality.sk\\\/\"},{\"@type\":\"ListItem\",\"position\":2,\"name\":\"Digital Youth Jerevan Arm\u00e9nsko 14. &#8211; 24. 5. 2021\"}]},{\"@type\":\"WebSite\",\"@id\":\"https:\\\/\\\/www.youthforequality.sk\\\/#website\",\"url\":\"https:\\\/\\\/www.youthforequality.sk\\\/\",\"name\":\"\",\"description\":\"\",\"publisher\":{\"@id\":\"https:\\\/\\\/www.youthforequality.sk\\\/#organization\"},\"potentialAction\":[{\"@type\":\"SearchAction\",\"target\":{\"@type\":\"EntryPoint\",\"urlTemplate\":\"https:\\\/\\\/www.youthforequality.sk\\\/?s={search_term_string}\"},\"query-input\":{\"@type\":\"PropertyValueSpecification\",\"valueRequired\":true,\"valueName\":\"search_term_string\"}}],\"inLanguage\":\"sk-SK\"},{\"@type\":\"Organization\",\"@id\":\"https:\\\/\\\/www.youthforequality.sk\\\/#organization\",\"name\":\"Youth for Equality\",\"url\":\"https:\\\/\\\/www.youthforequality.sk\\\/\",\"logo\":{\"@type\":\"ImageObject\",\"inLanguage\":\"sk-SK\",\"@id\":\"https:\\\/\\\/www.youthforequality.sk\\\/#\\\/schema\\\/logo\\\/image\\\/\",\"url\":\"https:\\\/\\\/www.youthforequality.sk\\\/wp-content\\\/uploads\\\/2021\\\/01\\\/vynovene-logo-nove-farby_modra-na-web.png\",\"contentUrl\":\"https:\\\/\\\/www.youthforequality.sk\\\/wp-content\\\/uploads\\\/2021\\\/01\\\/vynovene-logo-nove-farby_modra-na-web.png\",\"width\":1,\"height\":1,\"caption\":\"Youth for Equality\"},\"image\":{\"@id\":\"https:\\\/\\\/www.youthforequality.sk\\\/#\\\/schema\\\/logo\\\/image\\\/\"},\"sameAs\":[\"https:\\\/\\\/www.facebook.com\\\/yeslovakia\"]},{\"@type\":\"Person\",\"@id\":\"https:\\\/\\\/www.youthforequality.sk\\\/#\\\/schema\\\/person\\\/be8fe75a4ed9c28400bc99a029218b24\",\"name\":\"Diana Ja\u0161ekov\u00e1\",\"image\":{\"@type\":\"ImageObject\",\"inLanguage\":\"sk-SK\",\"@id\":\"https:\\\/\\\/secure.gravatar.com\\\/avatar\\\/8c7454049523c9673804cf321f89b38fd4fcd5aa5ad8961f32caaf292dfd996f?s=96&d=mm&r=g\",\"url\":\"https:\\\/\\\/secure.gravatar.com\\\/avatar\\\/8c7454049523c9673804cf321f89b38fd4fcd5aa5ad8961f32caaf292dfd996f?s=96&d=mm&r=g\",\"contentUrl\":\"https:\\\/\\\/secure.gravatar.com\\\/avatar\\\/8c7454049523c9673804cf321f89b38fd4fcd5aa5ad8961f32caaf292dfd996f?s=96&d=mm&r=g\",\"caption\":\"Diana Ja\u0161ekov\u00e1\"},\"url\":\"https:\\\/\\\/www.youthforequality.sk\\\/index.php\\\/author\\\/diajas\\\/\"}]}<\/script>\n<!-- \/ Yoast SEO plugin. -->","yoast_head_json":{"title":"Digital Youth Jerevan Arm\u00e9nsko 14. - 24. 5. 2021 |","description":"\u0160kolenie Erasmus+ pre pracovn\u00edkov s ml\u00e1de\u017eou v oblasti digit\u00e1lnych zru\u010dnost\u00ed met\u00f3dami neform\u00e1lneho vzdel\u00e1vania.","robots":{"index":"index","follow":"follow","max-snippet":"max-snippet:-1","max-image-preview":"max-image-preview:large","max-video-preview":"max-video-preview:-1"},"canonical":"https:\/\/www.youthforequality.sk\/index.php\/2021\/04\/09\/digital-youth-jerevan-armensko-14-24-5-2021\/","og_locale":"sk_SK","og_type":"article","og_title":"Digital Youth Jerevan Arm\u00e9nsko 14. - 24. 5. 2021 |","og_description":"\u0160kolenie Erasmus+ pre pracovn\u00edkov s ml\u00e1de\u017eou v oblasti digit\u00e1lnych zru\u010dnost\u00ed met\u00f3dami neform\u00e1lneho vzdel\u00e1vania.","og_url":"https:\/\/www.youthforequality.sk\/index.php\/2021\/04\/09\/digital-youth-jerevan-armensko-14-24-5-2021\/","article_publisher":"https:\/\/www.facebook.com\/yeslovakia","article_published_time":"2021-04-09T07:51:31+00:00","article_modified_time":"2021-11-25T12:08:47+00:00","og_image":[{"width":940,"height":788,"url":"https:\/\/www.youthforequality.sk\/wp-content\/uploads\/2021\/04\/digital-youth.jpeg","type":"image\/jpeg"}],"author":"Diana Ja\u0161ekov\u00e1","twitter_card":"summary_large_image","twitter_misc":{"Autor":"Diana Ja\u0161ekov\u00e1","Predpokladan\u00fd \u010das \u010d\u00edtania":"1 min\u00fata"},"schema":{"@context":"https:\/\/schema.org","@graph":[{"@type":"Article","@id":"https:\/\/www.youthforequality.sk\/index.php\/2021\/04\/09\/digital-youth-jerevan-armensko-14-24-5-2021\/#article","isPartOf":{"@id":"https:\/\/www.youthforequality.sk\/index.php\/2021\/04\/09\/digital-youth-jerevan-armensko-14-24-5-2021\/"},"author":{"name":"Diana Ja\u0161ekov\u00e1","@id":"https:\/\/www.youthforequality.sk\/#\/schema\/person\/be8fe75a4ed9c28400bc99a029218b24"},"headline":"Digital Youth Jerevan Arm\u00e9nsko 14. &#8211; 24. 5. 2021","datePublished":"2021-04-09T07:51:31+00:00","dateModified":"2021-11-25T12:08:47+00:00","mainEntityOfPage":{"@id":"https:\/\/www.youthforequality.sk\/index.php\/2021\/04\/09\/digital-youth-jerevan-armensko-14-24-5-2021\/"},"wordCount":229,"publisher":{"@id":"https:\/\/www.youthforequality.sk\/#organization"},"image":{"@id":"https:\/\/www.youthforequality.sk\/index.php\/2021\/04\/09\/digital-youth-jerevan-armensko-14-24-5-2021\/#primaryimage"},"thumbnailUrl":"https:\/\/www.youthforequality.sk\/wp-content\/uploads\/2021\/04\/digital-youth.jpeg","articleSection":["Uncategorized"],"inLanguage":"sk-SK"},{"@type":"WebPage","@id":"https:\/\/www.youthforequality.sk\/index.php\/2021\/04\/09\/digital-youth-jerevan-armensko-14-24-5-2021\/","url":"https:\/\/www.youthforequality.sk\/index.php\/2021\/04\/09\/digital-youth-jerevan-armensko-14-24-5-2021\/","name":"Digital Youth Jerevan Arm\u00e9nsko 14. - 24. 5. 2021 |","isPartOf":{"@id":"https:\/\/www.youthforequality.sk\/#website"},"primaryImageOfPage":{"@id":"https:\/\/www.youthforequality.sk\/index.php\/2021\/04\/09\/digital-youth-jerevan-armensko-14-24-5-2021\/#primaryimage"},"image":{"@id":"https:\/\/www.youthforequality.sk\/index.php\/2021\/04\/09\/digital-youth-jerevan-armensko-14-24-5-2021\/#primaryimage"},"thumbnailUrl":"https:\/\/www.youthforequality.sk\/wp-content\/uploads\/2021\/04\/digital-youth.jpeg","datePublished":"2021-04-09T07:51:31+00:00","dateModified":"2021-11-25T12:08:47+00:00","description":"\u0160kolenie Erasmus+ pre pracovn\u00edkov s ml\u00e1de\u017eou v oblasti digit\u00e1lnych zru\u010dnost\u00ed met\u00f3dami neform\u00e1lneho vzdel\u00e1vania.","breadcrumb":{"@id":"https:\/\/www.youthforequality.sk\/index.php\/2021\/04\/09\/digital-youth-jerevan-armensko-14-24-5-2021\/#breadcrumb"},"inLanguage":"sk-SK","potentialAction":[{"@type":"ReadAction","target":["https:\/\/www.youthforequality.sk\/index.php\/2021\/04\/09\/digital-youth-jerevan-armensko-14-24-5-2021\/"]}]},{"@type":"ImageObject","inLanguage":"sk-SK","@id":"https:\/\/www.youthforequality.sk\/index.php\/2021\/04\/09\/digital-youth-jerevan-armensko-14-24-5-2021\/#primaryimage","url":"https:\/\/www.youthforequality.sk\/wp-content\/uploads\/2021\/04\/digital-youth.jpeg","contentUrl":"https:\/\/www.youthforequality.sk\/wp-content\/uploads\/2021\/04\/digital-youth.jpeg","width":940,"height":788},{"@type":"BreadcrumbList","@id":"https:\/\/www.youthforequality.sk\/index.php\/2021\/04\/09\/digital-youth-jerevan-armensko-14-24-5-2021\/#breadcrumb","itemListElement":[{"@type":"ListItem","position":1,"name":"Home","item":"https:\/\/www.youthforequality.sk\/"},{"@type":"ListItem","position":2,"name":"Digital Youth Jerevan Arm\u00e9nsko 14. &#8211; 24. 5. 2021"}]},{"@type":"WebSite","@id":"https:\/\/www.youthforequality.sk\/#website","url":"https:\/\/www.youthforequality.sk\/","name":"","description":"","publisher":{"@id":"https:\/\/www.youthforequality.sk\/#organization"},"potentialAction":[{"@type":"SearchAction","target":{"@type":"EntryPoint","urlTemplate":"https:\/\/www.youthforequality.sk\/?s={search_term_string}"},"query-input":{"@type":"PropertyValueSpecification","valueRequired":true,"valueName":"search_term_string"}}],"inLanguage":"sk-SK"},{"@type":"Organization","@id":"https:\/\/www.youthforequality.sk\/#organization","name":"Youth for Equality","url":"https:\/\/www.youthforequality.sk\/","logo":{"@type":"ImageObject","inLanguage":"sk-SK","@id":"https:\/\/www.youthforequality.sk\/#\/schema\/logo\/image\/","url":"https:\/\/www.youthforequality.sk\/wp-content\/uploads\/2021\/01\/vynovene-logo-nove-farby_modra-na-web.png","contentUrl":"https:\/\/www.youthforequality.sk\/wp-content\/uploads\/2021\/01\/vynovene-logo-nove-farby_modra-na-web.png","width":1,"height":1,"caption":"Youth for Equality"},"image":{"@id":"https:\/\/www.youthforequality.sk\/#\/schema\/logo\/image\/"},"sameAs":["https:\/\/www.facebook.com\/yeslovakia"]},{"@type":"Person","@id":"https:\/\/www.youthforequality.sk\/#\/schema\/person\/be8fe75a4ed9c28400bc99a029218b24","name":"Diana Ja\u0161ekov\u00e1","image":{"@type":"ImageObject","inLanguage":"sk-SK","@id":"https:\/\/secure.gravatar.com\/avatar\/8c7454049523c9673804cf321f89b38fd4fcd5aa5ad8961f32caaf292dfd996f?s=96&d=mm&r=g","url":"https:\/\/secure.gravatar.com\/avatar\/8c7454049523c9673804cf321f89b38fd4fcd5aa5ad8961f32caaf292dfd996f?s=96&d=mm&r=g","contentUrl":"https:\/\/secure.gravatar.com\/avatar\/8c7454049523c9673804cf321f89b38fd4fcd5aa5ad8961f32caaf292dfd996f?s=96&d=mm&r=g","caption":"Diana Ja\u0161ekov\u00e1"},"url":"https:\/\/www.youthforequality.sk\/index.php\/author\/diajas\/"}]}},"_links":{"self":[{"href":"https:\/\/www.youthforequality.sk\/index.php\/wp-json\/wp\/v2\/posts\/2607","targetHints":{"allow":["GET"]}}],"collection":[{"href":"https:\/\/www.youthforequality.sk\/index.php\/wp-json\/wp\/v2\/posts"}],"about":[{"href":"https:\/\/www.youthforequality.sk\/index.php\/wp-json\/wp\/v2\/types\/post"}],"author":[{"embeddable":true,"href":"https:\/\/www.youthforequality.sk\/index.php\/wp-json\/wp\/v2\/users\/2"}],"replies":[{"embeddable":true,"href":"https:\/\/www.youthforequality.sk\/index.php\/wp-json\/wp\/v2\/comments?post=2607"}],"version-history":[{"count":5,"href":"https:\/\/www.youthforequality.sk\/index.php\/wp-json\/wp\/v2\/posts\/2607\/revisions"}],"predecessor-version":[{"id":2614,"href":"https:\/\/www.youthforequality.sk\/index.php\/wp-json\/wp\/v2\/posts\/2607\/revisions\/2614"}],"wp:featuredmedia":[{"embeddable":true,"href":"https:\/\/www.youthforequality.sk\/index.php\/wp-json\/wp\/v2\/media\/2612"}],"wp:attachment":[{"href":"https:\/\/www.youthforequality.sk\/index.php\/wp-json\/wp\/v2\/media?parent=2607"}],"wp:term":[{"taxonomy":"category","embeddable":true,"href":"https:\/\/www.youthforequality.sk\/index.php\/wp-json\/wp\/v2\/categories?post=2607"},{"taxonomy":"post_tag","embeddable":true,"href":"https:\/\/www.youthforequality.sk\/index.php\/wp-json\/wp\/v2\/tags?post=2607"}],"curies":[{"name":"wp","href":"https:\/\/api.w.org\/{rel}","templated":true}]}}