{"id":2621,"date":"2021-04-09T10:03:17","date_gmt":"2021-04-09T08:03:17","guid":{"rendered":"https:\/\/www.youthforequality.sk\/?p=2621"},"modified":"2021-11-25T12:58:31","modified_gmt":"2021-11-25T11:58:31","slug":"shape-of-youth-work-bad-laer-nemecko","status":"publish","type":"post","link":"https:\/\/www.youthforequality.sk\/index.php\/2021\/04\/09\/shape-of-youth-work-bad-laer-nemecko\/","title":{"rendered":"SHAPE OF YOUTH WORK | Bad Laer, Nemecko | 1. &#8211; 8.8.2021"},"content":{"rendered":"\t\t<div data-elementor-type=\"wp-post\" data-elementor-id=\"2621\" class=\"elementor elementor-2621\">\n\t\t\t\t\t\t<section class=\"elementor-section elementor-top-section elementor-element elementor-element-8df1d89 elementor-section-boxed elementor-section-height-default elementor-section-height-default\" data-id=\"8df1d89\" data-element_type=\"section\" data-e-type=\"section\">\n\t\t\t\t\t\t<div class=\"elementor-container elementor-column-gap-default\">\n\t\t\t\t\t<div class=\"elementor-column elementor-col-100 elementor-top-column elementor-element elementor-element-b0c2601\" data-id=\"b0c2601\" data-element_type=\"column\" data-e-type=\"column\">\n\t\t\t<div class=\"elementor-widget-wrap elementor-element-populated\">\n\t\t\t\t\t\t<div class=\"elementor-element elementor-element-fb542b8 elementor-widget elementor-widget-text-editor\" data-id=\"fb542b8\" data-element_type=\"widget\" data-e-type=\"widget\" data-widget_type=\"text-editor.default\">\n\t\t\t\t<div class=\"elementor-widget-container\">\n\t\t\t\t\t\t\t\t\t<p><span style=\"font-weight: 400;\">Cie\u013eom projektu je zmeni\u0165 vn\u00edmanie konfliktu, probl\u00e9mov a \u0165a\u017ekost\u00ed v pr\u00e1ci s ml\u00e1de\u017eou a z\u00e1rove\u0148a analyzova\u0165 ako tento konflikt zapad\u00e1 do \u0161ir\u0161ieho kontextu, ako ho rie\u0161i\u0165 a v\u00fdchov\u00e1va\u0165 k budovaniu mieru. Projekt vedie \u00fa\u010dastn\u00edkov k objaveniu bezpe\u010dn\u00e9ho priestoru, v ktorom m\u00f4\u017eu vo\u013ene vyjadri\u0165 svoje n\u00e1zory oh\u013eadom konfliktov a o tom, ako tieto situ\u00e1cie ovplyv\u0148uj\u00fa ich \u017eivot a navies\u0165 ich na potenci\u00e1lne rie\u0161enia. S\u00fa\u010das\u0165ou tohto procesu je aj n\u00e1vod ako vies\u0165 kon\u0161trukt\u00edvne debaty, ktor\u00e9 umo\u017enia \u00fa\u010dastn\u00edkom nazrie\u0165 na konflikt nielen z osobn\u00e9ho h\u013eadiska, ale hlavne z h\u013eadiska ostatn\u00fdch str\u00e1n. V r\u00e1mci projektu sa rie\u0161ia 2 hlavn\u00e9 aktivity, a to <\/span><span style=\"font-weight: 400;\">tr\u00e9ningov\u00fd kurz a semin\u00e1r. <\/span><span style=\"font-weight: 400;\">\u00da\u010dastn\u00edci s\u00fa povinn\u00ed z\u00fa\u010dastni\u0165 sa na oboch aktivit\u00e1ch.\u00a0<\/span><\/p><p><span style=\"font-weight: 400;\">\u00a0<\/span><\/p><p><b>H\u013ead\u00e1me:<\/b><span style=\"font-weight: 400;\"> 3 \u00fa\u010dastn\u00edkov od 18 rokov<\/span><\/p><p><b>Deadline: <\/b>30.6.2021<\/p>\t\t\t\t\t\t\t\t<\/div>\n\t\t\t\t<\/div>\n\t\t\t\t\t<\/div>\n\t\t<\/div>\n\t\t\t\t\t<\/div>\n\t\t<\/section>\n\t\t\t\t<\/div>\n\t\t","protected":false},"excerpt":{"rendered":"<p>Cie\u013eom projektu je zmeni\u0165 vn\u00edmanie konfliktu, probl\u00e9mov a \u0165a\u017ekost\u00ed v pr\u00e1ci s ml\u00e1de\u017eou a z\u00e1rove\u0148a analyzova\u0165 ako tento konflikt zapad\u00e1 do \u0161ir\u0161ieho kontextu, ako ho rie\u0161i\u0165 a v\u00fdchov\u00e1va\u0165 k budovaniu mieru. Projekt vedie \u00fa\u010dastn\u00edkov k objaveniu bezpe\u010dn\u00e9ho priestoru, v ktorom m\u00f4\u017eu vo\u013ene vyjadri\u0165 svoje n\u00e1zory oh\u013eadom konfliktov a o tom, ako tieto situ\u00e1cie ovplyv\u0148uj\u00fa ich&hellip;&nbsp;<a href=\"https:\/\/www.youthforequality.sk\/index.php\/2021\/04\/09\/shape-of-youth-work-bad-laer-nemecko\/\" class=\"\" rel=\"bookmark\">\u010c\u00edta\u0165 viac &raquo;<span class=\"screen-reader-text\">SHAPE OF YOUTH WORK | Bad Laer, Nemecko | 1. &#8211; 8.8.2021<\/span><\/a><\/p>\n","protected":false},"author":2,"featured_media":261,"comment_status":"closed","ping_status":"open","sticky":false,"template":"","format":"standard","meta":{"_uf_show_specific_survey":0,"_uf_disable_surveys":false,"neve_meta_sidebar":"","neve_meta_container":"","neve_meta_enable_content_width":"","neve_meta_content_width":0,"neve_meta_title_alignment":"","neve_meta_author_avatar":"","neve_post_elements_order":"","neve_meta_disable_header":"","neve_meta_disable_footer":"","neve_meta_disable_title":"","_themeisle_gutenberg_block_has_review":false,"footnotes":""},"categories":[1],"tags":[],"class_list":["post-2621","post","type-post","status-publish","format-standard","has-post-thumbnail","hentry","category-uncategorized"],"yoast_head":"<!-- This site is optimized with the Yoast SEO plugin v27.4 - https:\/\/yoast.com\/product\/yoast-seo-wordpress\/ -->\n<title>SHAPE OF YOUTH WORK | Bad Laer, Nemecko | 1. - 8.8.2021 |<\/title>\n<meta name=\"description\" content=\"\u0160kolenie pre pracovn\u00edkov s ml\u00e1de\u017eou Erasmus+ met\u00f3dami neform\u00e1lneho vzdel\u00e1vania konaj\u00face sa v Nemecku na t\u00e9mu konfliktov.\" \/>\n<meta name=\"robots\" content=\"index, follow, max-snippet:-1, max-image-preview:large, max-video-preview:-1\" \/>\n<link rel=\"canonical\" href=\"https:\/\/www.youthforequality.sk\/index.php\/2021\/04\/09\/shape-of-youth-work-bad-laer-nemecko\/\" \/>\n<meta property=\"og:locale\" content=\"sk_SK\" \/>\n<meta property=\"og:type\" content=\"article\" \/>\n<meta property=\"og:title\" content=\"SHAPE OF YOUTH WORK | Bad Laer, Nemecko | 1. - 8.8.2021 |\" \/>\n<meta property=\"og:description\" content=\"\u0160kolenie pre pracovn\u00edkov s ml\u00e1de\u017eou Erasmus+ met\u00f3dami neform\u00e1lneho vzdel\u00e1vania konaj\u00face sa v Nemecku na t\u00e9mu konfliktov.\" \/>\n<meta property=\"og:url\" content=\"https:\/\/www.youthforequality.sk\/index.php\/2021\/04\/09\/shape-of-youth-work-bad-laer-nemecko\/\" \/>\n<meta property=\"article:publisher\" content=\"https:\/\/www.facebook.com\/yeslovakia\" \/>\n<meta property=\"article:published_time\" content=\"2021-04-09T08:03:17+00:00\" \/>\n<meta property=\"article:modified_time\" content=\"2021-11-25T11:58:31+00:00\" \/>\n<meta property=\"og:image\" content=\"https:\/\/www.youthforequality.sk\/wp-content\/uploads\/2018\/06\/people-coffee-meeting-team-7096-scaled.jpg\" \/>\n\t<meta property=\"og:image:width\" content=\"2560\" \/>\n\t<meta property=\"og:image:height\" content=\"1707\" \/>\n\t<meta property=\"og:image:type\" content=\"image\/jpeg\" \/>\n<meta name=\"author\" content=\"Diana Ja\u0161ekov\u00e1\" \/>\n<meta name=\"twitter:card\" content=\"summary_large_image\" \/>\n<meta name=\"twitter:label1\" content=\"Autor\" \/>\n\t<meta name=\"twitter:data1\" content=\"Diana Ja\u0161ekov\u00e1\" \/>\n\t<meta name=\"twitter:label2\" content=\"Predpokladan\u00fd \u010das \u010d\u00edtania\" \/>\n\t<meta name=\"twitter:data2\" content=\"1 min\u00fata\" \/>\n<script type=\"application\/ld+json\" class=\"yoast-schema-graph\">{\"@context\":\"https:\\\/\\\/schema.org\",\"@graph\":[{\"@type\":\"Article\",\"@id\":\"https:\\\/\\\/www.youthforequality.sk\\\/index.php\\\/2021\\\/04\\\/09\\\/shape-of-youth-work-bad-laer-nemecko\\\/#article\",\"isPartOf\":{\"@id\":\"https:\\\/\\\/www.youthforequality.sk\\\/index.php\\\/2021\\\/04\\\/09\\\/shape-of-youth-work-bad-laer-nemecko\\\/\"},\"author\":{\"name\":\"Diana Ja\u0161ekov\u00e1\",\"@id\":\"https:\\\/\\\/www.youthforequality.sk\\\/#\\\/schema\\\/person\\\/be8fe75a4ed9c28400bc99a029218b24\"},\"headline\":\"SHAPE OF YOUTH WORK | Bad Laer, Nemecko | 1. &#8211; 8.8.2021\",\"datePublished\":\"2021-04-09T08:03:17+00:00\",\"dateModified\":\"2021-11-25T11:58:31+00:00\",\"mainEntityOfPage\":{\"@id\":\"https:\\\/\\\/www.youthforequality.sk\\\/index.php\\\/2021\\\/04\\\/09\\\/shape-of-youth-work-bad-laer-nemecko\\\/\"},\"wordCount\":169,\"publisher\":{\"@id\":\"https:\\\/\\\/www.youthforequality.sk\\\/#organization\"},\"image\":{\"@id\":\"https:\\\/\\\/www.youthforequality.sk\\\/index.php\\\/2021\\\/04\\\/09\\\/shape-of-youth-work-bad-laer-nemecko\\\/#primaryimage\"},\"thumbnailUrl\":\"https:\\\/\\\/www.youthforequality.sk\\\/wp-content\\\/uploads\\\/2018\\\/06\\\/people-coffee-meeting-team-7096-scaled.jpg\",\"articleSection\":[\"Uncategorized\"],\"inLanguage\":\"sk-SK\"},{\"@type\":\"WebPage\",\"@id\":\"https:\\\/\\\/www.youthforequality.sk\\\/index.php\\\/2021\\\/04\\\/09\\\/shape-of-youth-work-bad-laer-nemecko\\\/\",\"url\":\"https:\\\/\\\/www.youthforequality.sk\\\/index.php\\\/2021\\\/04\\\/09\\\/shape-of-youth-work-bad-laer-nemecko\\\/\",\"name\":\"SHAPE OF YOUTH WORK | Bad Laer, Nemecko | 1. - 8.8.2021 |\",\"isPartOf\":{\"@id\":\"https:\\\/\\\/www.youthforequality.sk\\\/#website\"},\"primaryImageOfPage\":{\"@id\":\"https:\\\/\\\/www.youthforequality.sk\\\/index.php\\\/2021\\\/04\\\/09\\\/shape-of-youth-work-bad-laer-nemecko\\\/#primaryimage\"},\"image\":{\"@id\":\"https:\\\/\\\/www.youthforequality.sk\\\/index.php\\\/2021\\\/04\\\/09\\\/shape-of-youth-work-bad-laer-nemecko\\\/#primaryimage\"},\"thumbnailUrl\":\"https:\\\/\\\/www.youthforequality.sk\\\/wp-content\\\/uploads\\\/2018\\\/06\\\/people-coffee-meeting-team-7096-scaled.jpg\",\"datePublished\":\"2021-04-09T08:03:17+00:00\",\"dateModified\":\"2021-11-25T11:58:31+00:00\",\"description\":\"\u0160kolenie pre pracovn\u00edkov s ml\u00e1de\u017eou Erasmus+ met\u00f3dami neform\u00e1lneho vzdel\u00e1vania konaj\u00face sa v Nemecku na t\u00e9mu konfliktov.\",\"breadcrumb\":{\"@id\":\"https:\\\/\\\/www.youthforequality.sk\\\/index.php\\\/2021\\\/04\\\/09\\\/shape-of-youth-work-bad-laer-nemecko\\\/#breadcrumb\"},\"inLanguage\":\"sk-SK\",\"potentialAction\":[{\"@type\":\"ReadAction\",\"target\":[\"https:\\\/\\\/www.youthforequality.sk\\\/index.php\\\/2021\\\/04\\\/09\\\/shape-of-youth-work-bad-laer-nemecko\\\/\"]}]},{\"@type\":\"ImageObject\",\"inLanguage\":\"sk-SK\",\"@id\":\"https:\\\/\\\/www.youthforequality.sk\\\/index.php\\\/2021\\\/04\\\/09\\\/shape-of-youth-work-bad-laer-nemecko\\\/#primaryimage\",\"url\":\"https:\\\/\\\/www.youthforequality.sk\\\/wp-content\\\/uploads\\\/2018\\\/06\\\/people-coffee-meeting-team-7096-scaled.jpg\",\"contentUrl\":\"https:\\\/\\\/www.youthforequality.sk\\\/wp-content\\\/uploads\\\/2018\\\/06\\\/people-coffee-meeting-team-7096-scaled.jpg\",\"width\":2560,\"height\":1707},{\"@type\":\"BreadcrumbList\",\"@id\":\"https:\\\/\\\/www.youthforequality.sk\\\/index.php\\\/2021\\\/04\\\/09\\\/shape-of-youth-work-bad-laer-nemecko\\\/#breadcrumb\",\"itemListElement\":[{\"@type\":\"ListItem\",\"position\":1,\"name\":\"Home\",\"item\":\"https:\\\/\\\/www.youthforequality.sk\\\/\"},{\"@type\":\"ListItem\",\"position\":2,\"name\":\"SHAPE OF YOUTH WORK | Bad Laer, Nemecko | 1. &#8211; 8.8.2021\"}]},{\"@type\":\"WebSite\",\"@id\":\"https:\\\/\\\/www.youthforequality.sk\\\/#website\",\"url\":\"https:\\\/\\\/www.youthforequality.sk\\\/\",\"name\":\"\",\"description\":\"\",\"publisher\":{\"@id\":\"https:\\\/\\\/www.youthforequality.sk\\\/#organization\"},\"potentialAction\":[{\"@type\":\"SearchAction\",\"target\":{\"@type\":\"EntryPoint\",\"urlTemplate\":\"https:\\\/\\\/www.youthforequality.sk\\\/?s={search_term_string}\"},\"query-input\":{\"@type\":\"PropertyValueSpecification\",\"valueRequired\":true,\"valueName\":\"search_term_string\"}}],\"inLanguage\":\"sk-SK\"},{\"@type\":\"Organization\",\"@id\":\"https:\\\/\\\/www.youthforequality.sk\\\/#organization\",\"name\":\"Youth for Equality\",\"url\":\"https:\\\/\\\/www.youthforequality.sk\\\/\",\"logo\":{\"@type\":\"ImageObject\",\"inLanguage\":\"sk-SK\",\"@id\":\"https:\\\/\\\/www.youthforequality.sk\\\/#\\\/schema\\\/logo\\\/image\\\/\",\"url\":\"https:\\\/\\\/www.youthforequality.sk\\\/wp-content\\\/uploads\\\/2021\\\/01\\\/vynovene-logo-nove-farby_modra-na-web.png\",\"contentUrl\":\"https:\\\/\\\/www.youthforequality.sk\\\/wp-content\\\/uploads\\\/2021\\\/01\\\/vynovene-logo-nove-farby_modra-na-web.png\",\"width\":1,\"height\":1,\"caption\":\"Youth for Equality\"},\"image\":{\"@id\":\"https:\\\/\\\/www.youthforequality.sk\\\/#\\\/schema\\\/logo\\\/image\\\/\"},\"sameAs\":[\"https:\\\/\\\/www.facebook.com\\\/yeslovakia\"]},{\"@type\":\"Person\",\"@id\":\"https:\\\/\\\/www.youthforequality.sk\\\/#\\\/schema\\\/person\\\/be8fe75a4ed9c28400bc99a029218b24\",\"name\":\"Diana Ja\u0161ekov\u00e1\",\"image\":{\"@type\":\"ImageObject\",\"inLanguage\":\"sk-SK\",\"@id\":\"https:\\\/\\\/secure.gravatar.com\\\/avatar\\\/8c7454049523c9673804cf321f89b38fd4fcd5aa5ad8961f32caaf292dfd996f?s=96&d=mm&r=g\",\"url\":\"https:\\\/\\\/secure.gravatar.com\\\/avatar\\\/8c7454049523c9673804cf321f89b38fd4fcd5aa5ad8961f32caaf292dfd996f?s=96&d=mm&r=g\",\"contentUrl\":\"https:\\\/\\\/secure.gravatar.com\\\/avatar\\\/8c7454049523c9673804cf321f89b38fd4fcd5aa5ad8961f32caaf292dfd996f?s=96&d=mm&r=g\",\"caption\":\"Diana Ja\u0161ekov\u00e1\"},\"url\":\"https:\\\/\\\/www.youthforequality.sk\\\/index.php\\\/author\\\/diajas\\\/\"}]}<\/script>\n<!-- \/ Yoast SEO plugin. -->","yoast_head_json":{"title":"SHAPE OF YOUTH WORK | Bad Laer, Nemecko | 1. - 8.8.2021 |","description":"\u0160kolenie pre pracovn\u00edkov s ml\u00e1de\u017eou Erasmus+ met\u00f3dami neform\u00e1lneho vzdel\u00e1vania konaj\u00face sa v Nemecku na t\u00e9mu konfliktov.","robots":{"index":"index","follow":"follow","max-snippet":"max-snippet:-1","max-image-preview":"max-image-preview:large","max-video-preview":"max-video-preview:-1"},"canonical":"https:\/\/www.youthforequality.sk\/index.php\/2021\/04\/09\/shape-of-youth-work-bad-laer-nemecko\/","og_locale":"sk_SK","og_type":"article","og_title":"SHAPE OF YOUTH WORK | Bad Laer, Nemecko | 1. - 8.8.2021 |","og_description":"\u0160kolenie pre pracovn\u00edkov s ml\u00e1de\u017eou Erasmus+ met\u00f3dami neform\u00e1lneho vzdel\u00e1vania konaj\u00face sa v Nemecku na t\u00e9mu konfliktov.","og_url":"https:\/\/www.youthforequality.sk\/index.php\/2021\/04\/09\/shape-of-youth-work-bad-laer-nemecko\/","article_publisher":"https:\/\/www.facebook.com\/yeslovakia","article_published_time":"2021-04-09T08:03:17+00:00","article_modified_time":"2021-11-25T11:58:31+00:00","og_image":[{"width":2560,"height":1707,"url":"https:\/\/www.youthforequality.sk\/wp-content\/uploads\/2018\/06\/people-coffee-meeting-team-7096-scaled.jpg","type":"image\/jpeg"}],"author":"Diana Ja\u0161ekov\u00e1","twitter_card":"summary_large_image","twitter_misc":{"Autor":"Diana Ja\u0161ekov\u00e1","Predpokladan\u00fd \u010das \u010d\u00edtania":"1 min\u00fata"},"schema":{"@context":"https:\/\/schema.org","@graph":[{"@type":"Article","@id":"https:\/\/www.youthforequality.sk\/index.php\/2021\/04\/09\/shape-of-youth-work-bad-laer-nemecko\/#article","isPartOf":{"@id":"https:\/\/www.youthforequality.sk\/index.php\/2021\/04\/09\/shape-of-youth-work-bad-laer-nemecko\/"},"author":{"name":"Diana Ja\u0161ekov\u00e1","@id":"https:\/\/www.youthforequality.sk\/#\/schema\/person\/be8fe75a4ed9c28400bc99a029218b24"},"headline":"SHAPE OF YOUTH WORK | Bad Laer, Nemecko | 1. &#8211; 8.8.2021","datePublished":"2021-04-09T08:03:17+00:00","dateModified":"2021-11-25T11:58:31+00:00","mainEntityOfPage":{"@id":"https:\/\/www.youthforequality.sk\/index.php\/2021\/04\/09\/shape-of-youth-work-bad-laer-nemecko\/"},"wordCount":169,"publisher":{"@id":"https:\/\/www.youthforequality.sk\/#organization"},"image":{"@id":"https:\/\/www.youthforequality.sk\/index.php\/2021\/04\/09\/shape-of-youth-work-bad-laer-nemecko\/#primaryimage"},"thumbnailUrl":"https:\/\/www.youthforequality.sk\/wp-content\/uploads\/2018\/06\/people-coffee-meeting-team-7096-scaled.jpg","articleSection":["Uncategorized"],"inLanguage":"sk-SK"},{"@type":"WebPage","@id":"https:\/\/www.youthforequality.sk\/index.php\/2021\/04\/09\/shape-of-youth-work-bad-laer-nemecko\/","url":"https:\/\/www.youthforequality.sk\/index.php\/2021\/04\/09\/shape-of-youth-work-bad-laer-nemecko\/","name":"SHAPE OF YOUTH WORK | Bad Laer, Nemecko | 1. - 8.8.2021 |","isPartOf":{"@id":"https:\/\/www.youthforequality.sk\/#website"},"primaryImageOfPage":{"@id":"https:\/\/www.youthforequality.sk\/index.php\/2021\/04\/09\/shape-of-youth-work-bad-laer-nemecko\/#primaryimage"},"image":{"@id":"https:\/\/www.youthforequality.sk\/index.php\/2021\/04\/09\/shape-of-youth-work-bad-laer-nemecko\/#primaryimage"},"thumbnailUrl":"https:\/\/www.youthforequality.sk\/wp-content\/uploads\/2018\/06\/people-coffee-meeting-team-7096-scaled.jpg","datePublished":"2021-04-09T08:03:17+00:00","dateModified":"2021-11-25T11:58:31+00:00","description":"\u0160kolenie pre pracovn\u00edkov s ml\u00e1de\u017eou Erasmus+ met\u00f3dami neform\u00e1lneho vzdel\u00e1vania konaj\u00face sa v Nemecku na t\u00e9mu konfliktov.","breadcrumb":{"@id":"https:\/\/www.youthforequality.sk\/index.php\/2021\/04\/09\/shape-of-youth-work-bad-laer-nemecko\/#breadcrumb"},"inLanguage":"sk-SK","potentialAction":[{"@type":"ReadAction","target":["https:\/\/www.youthforequality.sk\/index.php\/2021\/04\/09\/shape-of-youth-work-bad-laer-nemecko\/"]}]},{"@type":"ImageObject","inLanguage":"sk-SK","@id":"https:\/\/www.youthforequality.sk\/index.php\/2021\/04\/09\/shape-of-youth-work-bad-laer-nemecko\/#primaryimage","url":"https:\/\/www.youthforequality.sk\/wp-content\/uploads\/2018\/06\/people-coffee-meeting-team-7096-scaled.jpg","contentUrl":"https:\/\/www.youthforequality.sk\/wp-content\/uploads\/2018\/06\/people-coffee-meeting-team-7096-scaled.jpg","width":2560,"height":1707},{"@type":"BreadcrumbList","@id":"https:\/\/www.youthforequality.sk\/index.php\/2021\/04\/09\/shape-of-youth-work-bad-laer-nemecko\/#breadcrumb","itemListElement":[{"@type":"ListItem","position":1,"name":"Home","item":"https:\/\/www.youthforequality.sk\/"},{"@type":"ListItem","position":2,"name":"SHAPE OF YOUTH WORK | Bad Laer, Nemecko | 1. &#8211; 8.8.2021"}]},{"@type":"WebSite","@id":"https:\/\/www.youthforequality.sk\/#website","url":"https:\/\/www.youthforequality.sk\/","name":"","description":"","publisher":{"@id":"https:\/\/www.youthforequality.sk\/#organization"},"potentialAction":[{"@type":"SearchAction","target":{"@type":"EntryPoint","urlTemplate":"https:\/\/www.youthforequality.sk\/?s={search_term_string}"},"query-input":{"@type":"PropertyValueSpecification","valueRequired":true,"valueName":"search_term_string"}}],"inLanguage":"sk-SK"},{"@type":"Organization","@id":"https:\/\/www.youthforequality.sk\/#organization","name":"Youth for Equality","url":"https:\/\/www.youthforequality.sk\/","logo":{"@type":"ImageObject","inLanguage":"sk-SK","@id":"https:\/\/www.youthforequality.sk\/#\/schema\/logo\/image\/","url":"https:\/\/www.youthforequality.sk\/wp-content\/uploads\/2021\/01\/vynovene-logo-nove-farby_modra-na-web.png","contentUrl":"https:\/\/www.youthforequality.sk\/wp-content\/uploads\/2021\/01\/vynovene-logo-nove-farby_modra-na-web.png","width":1,"height":1,"caption":"Youth for Equality"},"image":{"@id":"https:\/\/www.youthforequality.sk\/#\/schema\/logo\/image\/"},"sameAs":["https:\/\/www.facebook.com\/yeslovakia"]},{"@type":"Person","@id":"https:\/\/www.youthforequality.sk\/#\/schema\/person\/be8fe75a4ed9c28400bc99a029218b24","name":"Diana Ja\u0161ekov\u00e1","image":{"@type":"ImageObject","inLanguage":"sk-SK","@id":"https:\/\/secure.gravatar.com\/avatar\/8c7454049523c9673804cf321f89b38fd4fcd5aa5ad8961f32caaf292dfd996f?s=96&d=mm&r=g","url":"https:\/\/secure.gravatar.com\/avatar\/8c7454049523c9673804cf321f89b38fd4fcd5aa5ad8961f32caaf292dfd996f?s=96&d=mm&r=g","contentUrl":"https:\/\/secure.gravatar.com\/avatar\/8c7454049523c9673804cf321f89b38fd4fcd5aa5ad8961f32caaf292dfd996f?s=96&d=mm&r=g","caption":"Diana Ja\u0161ekov\u00e1"},"url":"https:\/\/www.youthforequality.sk\/index.php\/author\/diajas\/"}]}},"_links":{"self":[{"href":"https:\/\/www.youthforequality.sk\/index.php\/wp-json\/wp\/v2\/posts\/2621","targetHints":{"allow":["GET"]}}],"collection":[{"href":"https:\/\/www.youthforequality.sk\/index.php\/wp-json\/wp\/v2\/posts"}],"about":[{"href":"https:\/\/www.youthforequality.sk\/index.php\/wp-json\/wp\/v2\/types\/post"}],"author":[{"embeddable":true,"href":"https:\/\/www.youthforequality.sk\/index.php\/wp-json\/wp\/v2\/users\/2"}],"replies":[{"embeddable":true,"href":"https:\/\/www.youthforequality.sk\/index.php\/wp-json\/wp\/v2\/comments?post=2621"}],"version-history":[{"count":9,"href":"https:\/\/www.youthforequality.sk\/index.php\/wp-json\/wp\/v2\/posts\/2621\/revisions"}],"predecessor-version":[{"id":3505,"href":"https:\/\/www.youthforequality.sk\/index.php\/wp-json\/wp\/v2\/posts\/2621\/revisions\/3505"}],"wp:featuredmedia":[{"embeddable":true,"href":"https:\/\/www.youthforequality.sk\/index.php\/wp-json\/wp\/v2\/media\/261"}],"wp:attachment":[{"href":"https:\/\/www.youthforequality.sk\/index.php\/wp-json\/wp\/v2\/media?parent=2621"}],"wp:term":[{"taxonomy":"category","embeddable":true,"href":"https:\/\/www.youthforequality.sk\/index.php\/wp-json\/wp\/v2\/categories?post=2621"},{"taxonomy":"post_tag","embeddable":true,"href":"https:\/\/www.youthforequality.sk\/index.php\/wp-json\/wp\/v2\/tags?post=2621"}],"curies":[{"name":"wp","href":"https:\/\/api.w.org\/{rel}","templated":true}]}}