{"id":2627,"date":"2021-04-09T10:11:14","date_gmt":"2021-04-09T08:11:14","guid":{"rendered":"https:\/\/www.youthforequality.sk\/?p=2627"},"modified":"2023-11-27T13:44:17","modified_gmt":"2023-11-27T12:44:17","slug":"green-way-of-social-entrepreneurship-trnava-slovensko","status":"publish","type":"post","link":"https:\/\/www.youthforequality.sk\/index.php\/2021\/04\/09\/green-way-of-social-entrepreneurship-trnava-slovensko\/","title":{"rendered":"Green way of Social entrepreneurship | Trnava, Slovensko | 11. &#8211; 17.10.2021"},"content":{"rendered":"\t\t<div data-elementor-type=\"wp-post\" data-elementor-id=\"2627\" class=\"elementor elementor-2627\">\n\t\t\t\t\t\t<section class=\"elementor-section elementor-top-section elementor-element elementor-element-81e542f elementor-section-boxed elementor-section-height-default elementor-section-height-default\" data-id=\"81e542f\" data-element_type=\"section\" data-e-type=\"section\">\n\t\t\t\t\t\t<div class=\"elementor-container elementor-column-gap-default\">\n\t\t\t\t\t<div class=\"elementor-column elementor-col-100 elementor-top-column elementor-element elementor-element-23bfd6a\" data-id=\"23bfd6a\" data-element_type=\"column\" data-e-type=\"column\">\n\t\t\t<div class=\"elementor-widget-wrap elementor-element-populated\">\n\t\t\t\t\t\t<div class=\"elementor-element elementor-element-0ecae55 elementor-widget elementor-widget-text-editor\" data-id=\"0ecae55\" data-element_type=\"widget\" data-e-type=\"widget\" data-widget_type=\"text-editor.default\">\n\t\t\t\t<div class=\"elementor-widget-container\">\n\t\t\t\t\t\t\t\t\t<p><span style=\"font-weight: 400;\">Pracovn\u00edci s ml\u00e1de\u017eou s\u00fa t\u00ed, ktor\u00ed pracuj\u00fa s mlad\u00fdmi \u013eu\u010fmi, a preto je potrebn\u00e9 ich vedomosti a zru\u010dnosti aktualizova\u0165, aby mohli podporova\u0165 a vies\u0165 mlad\u00fdch \u013eud\u00ed v oblasti trhu pr\u00e1ce. Po\u017eiadavky sa menia r\u00fdchlej\u0161ie ako kedyko\u013evek predt\u00fdm, a preto mus\u00edme reagova\u0165 na aktu\u00e1lnu situ\u00e1ciu. V tomto projekte sa zameriavame na soci\u00e1lne podnikanie a pr\u00edle\u017eitosti spojen\u00e9 najm\u00e4 s aspektami, ktor\u00e9 podporuj\u00fa environment\u00e1lnu udr\u017eate\u013enos\u0165. Jedn\u00fdm z cie\u013eov je zdie\u013ea\u0165 pr\u00edklady ekologicky priazniv\u00fdch soci\u00e1lnych podnikov v r\u00f4znych krajin\u00e1ch a vytvori\u0165 podnikate\u013esk\u00fd pl\u00e1n, ktor\u00fd sa d\u00e1 uplatni\u0165 v mestsk\u00fdch oblastiach. Na\u0161imi partnermi s\u00fa soci\u00e1lne podniky a mimovl\u00e1dne organiz\u00e1cie z Gr\u00e9cka, Bulharska, Turecka, \u010ceskej republiky, Po\u013eska, Rumunska a Slovenska. Hlavnou aktivitou bude 7-d\u0148ov\u00fd \u0161koliaci kurz realizovan\u00fd na Slovensku v okt\u00f3bri 2021. Aktivity bud\u00fa zalo\u017een\u00e9 na princ\u00edpoch neform\u00e1lneho vzdel\u00e1vania. Medzi met\u00f3dy, ktor\u00e9 sa bud\u00fa pou\u017e\u00edva\u0165 na \u0161kolen\u00ed, patria &#8211; formy brainstormingu, workshopy, interakt\u00edvne prezent\u00e1cie, predn\u00e1\u0161ky, r\u00f4zne hodnotiace met\u00f3dy, energiz\u00e9ry, aktivity zameran\u00e9 na budovanie t\u00edmu a \u010fal\u0161ie met\u00f3dy neform\u00e1lneho vzdel\u00e1vania.<\/span><\/p>\n<p><span style=\"font-weight: 400;\">&nbsp;<\/span><\/p>\t\t\t\t\t\t\t\t<\/div>\n\t\t\t\t<\/div>\n\t\t\t\t\t<\/div>\n\t\t<\/div>\n\t\t\t\t\t<\/div>\n\t\t<\/section>\n\t\t\t\t<\/div>\n\t\t","protected":false},"excerpt":{"rendered":"<p>Pracovn\u00edci s ml\u00e1de\u017eou s\u00fa t\u00ed, ktor\u00ed pracuj\u00fa s mlad\u00fdmi \u013eu\u010fmi, a preto je potrebn\u00e9 ich vedomosti a zru\u010dnosti aktualizova\u0165, aby mohli podporova\u0165 a vies\u0165 mlad\u00fdch \u013eud\u00ed v oblasti trhu pr\u00e1ce. Po\u017eiadavky sa menia r\u00fdchlej\u0161ie ako kedyko\u013evek predt\u00fdm, a preto mus\u00edme reagova\u0165 na aktu\u00e1lnu situ\u00e1ciu. V tomto projekte sa zameriavame na soci\u00e1lne podnikanie a pr\u00edle\u017eitosti spojen\u00e9&hellip;&nbsp;<a href=\"https:\/\/www.youthforequality.sk\/index.php\/2021\/04\/09\/green-way-of-social-entrepreneurship-trnava-slovensko\/\" class=\"\" rel=\"bookmark\">\u010c\u00edta\u0165 viac &raquo;<span class=\"screen-reader-text\">Green way of Social entrepreneurship | Trnava, Slovensko | 11. &#8211; 17.10.2021<\/span><\/a><\/p>\n","protected":false},"author":2,"featured_media":6313,"comment_status":"closed","ping_status":"open","sticky":false,"template":"","format":"standard","meta":{"_uf_show_specific_survey":0,"_uf_disable_surveys":false,"neve_meta_sidebar":"","neve_meta_container":"","neve_meta_enable_content_width":"","neve_meta_content_width":0,"neve_meta_title_alignment":"","neve_meta_author_avatar":"","neve_post_elements_order":"","neve_meta_disable_header":"","neve_meta_disable_footer":"","neve_meta_disable_title":"","_themeisle_gutenberg_block_has_review":false,"footnotes":""},"categories":[37],"tags":[],"class_list":["post-2627","post","type-post","status-publish","format-standard","has-post-thumbnail","hentry","category-skolenia-pre-pracovnikov-s-mladezou-predosle-projekty"],"yoast_head":"<!-- This site is optimized with the Yoast SEO plugin v27.4 - https:\/\/yoast.com\/product\/yoast-seo-wordpress\/ -->\n<title>Green way of Social entrepreneurship | Trnava, Slovensko | 11. - 17.10.2021 |<\/title>\n<meta name=\"description\" content=\"\u0160kolenie pracovn\u00edkov s ml\u00e1de\u017eou Erasmus+ ktor\u00e9 je zameran\u00e9 na t\u00e9mu soci\u00e1lneho podnikania a ekologickej udr\u017eate\u013enosti.\" \/>\n<meta name=\"robots\" content=\"index, follow, max-snippet:-1, max-image-preview:large, max-video-preview:-1\" \/>\n<link rel=\"canonical\" href=\"https:\/\/www.youthforequality.sk\/index.php\/2021\/04\/09\/green-way-of-social-entrepreneurship-trnava-slovensko\/\" \/>\n<meta property=\"og:locale\" content=\"sk_SK\" \/>\n<meta property=\"og:type\" content=\"article\" \/>\n<meta property=\"og:title\" content=\"Green way of Social entrepreneurship | Trnava, Slovensko | 11. - 17.10.2021 |\" \/>\n<meta property=\"og:description\" content=\"\u0160kolenie pracovn\u00edkov s ml\u00e1de\u017eou Erasmus+ ktor\u00e9 je zameran\u00e9 na t\u00e9mu soci\u00e1lneho podnikania a ekologickej udr\u017eate\u013enosti.\" \/>\n<meta property=\"og:url\" content=\"https:\/\/www.youthforequality.sk\/index.php\/2021\/04\/09\/green-way-of-social-entrepreneurship-trnava-slovensko\/\" \/>\n<meta property=\"article:publisher\" content=\"https:\/\/www.facebook.com\/yeslovakia\" \/>\n<meta property=\"article:published_time\" content=\"2021-04-09T08:11:14+00:00\" \/>\n<meta property=\"article:modified_time\" content=\"2023-11-27T12:44:17+00:00\" \/>\n<meta property=\"og:image\" content=\"https:\/\/www.youthforequality.sk\/wp-content\/uploads\/2021\/04\/social-entre.jpeg\" \/>\n\t<meta property=\"og:image:width\" content=\"1600\" \/>\n\t<meta property=\"og:image:height\" content=\"1062\" \/>\n\t<meta property=\"og:image:type\" content=\"image\/jpeg\" \/>\n<meta name=\"author\" content=\"Diana Ja\u0161ekov\u00e1\" \/>\n<meta name=\"twitter:card\" content=\"summary_large_image\" \/>\n<meta name=\"twitter:label1\" content=\"Autor\" \/>\n\t<meta name=\"twitter:data1\" content=\"Diana Ja\u0161ekov\u00e1\" \/>\n\t<meta name=\"twitter:label2\" content=\"Predpokladan\u00fd \u010das \u010d\u00edtania\" \/>\n\t<meta name=\"twitter:data2\" content=\"1 min\u00fata\" \/>\n<script type=\"application\/ld+json\" class=\"yoast-schema-graph\">{\"@context\":\"https:\\\/\\\/schema.org\",\"@graph\":[{\"@type\":\"Article\",\"@id\":\"https:\\\/\\\/www.youthforequality.sk\\\/index.php\\\/2021\\\/04\\\/09\\\/green-way-of-social-entrepreneurship-trnava-slovensko\\\/#article\",\"isPartOf\":{\"@id\":\"https:\\\/\\\/www.youthforequality.sk\\\/index.php\\\/2021\\\/04\\\/09\\\/green-way-of-social-entrepreneurship-trnava-slovensko\\\/\"},\"author\":{\"name\":\"Diana Ja\u0161ekov\u00e1\",\"@id\":\"https:\\\/\\\/www.youthforequality.sk\\\/#\\\/schema\\\/person\\\/be8fe75a4ed9c28400bc99a029218b24\"},\"headline\":\"Green way of Social entrepreneurship | Trnava, Slovensko | 11. &#8211; 17.10.2021\",\"datePublished\":\"2021-04-09T08:11:14+00:00\",\"dateModified\":\"2023-11-27T12:44:17+00:00\",\"mainEntityOfPage\":{\"@id\":\"https:\\\/\\\/www.youthforequality.sk\\\/index.php\\\/2021\\\/04\\\/09\\\/green-way-of-social-entrepreneurship-trnava-slovensko\\\/\"},\"wordCount\":219,\"publisher\":{\"@id\":\"https:\\\/\\\/www.youthforequality.sk\\\/#organization\"},\"image\":{\"@id\":\"https:\\\/\\\/www.youthforequality.sk\\\/index.php\\\/2021\\\/04\\\/09\\\/green-way-of-social-entrepreneurship-trnava-slovensko\\\/#primaryimage\"},\"thumbnailUrl\":\"https:\\\/\\\/www.youthforequality.sk\\\/wp-content\\\/uploads\\\/2021\\\/04\\\/Green-Illustrated-Eco-Grocery-Banner-6.png\",\"articleSection\":[\"\u0160kolenia pre pracovn\u00edkov s ml\u00e1de\u017eou - predo\u0161l\u00e9 projekty\"],\"inLanguage\":\"sk-SK\"},{\"@type\":\"WebPage\",\"@id\":\"https:\\\/\\\/www.youthforequality.sk\\\/index.php\\\/2021\\\/04\\\/09\\\/green-way-of-social-entrepreneurship-trnava-slovensko\\\/\",\"url\":\"https:\\\/\\\/www.youthforequality.sk\\\/index.php\\\/2021\\\/04\\\/09\\\/green-way-of-social-entrepreneurship-trnava-slovensko\\\/\",\"name\":\"Green way of Social entrepreneurship | Trnava, Slovensko | 11. - 17.10.2021 |\",\"isPartOf\":{\"@id\":\"https:\\\/\\\/www.youthforequality.sk\\\/#website\"},\"primaryImageOfPage\":{\"@id\":\"https:\\\/\\\/www.youthforequality.sk\\\/index.php\\\/2021\\\/04\\\/09\\\/green-way-of-social-entrepreneurship-trnava-slovensko\\\/#primaryimage\"},\"image\":{\"@id\":\"https:\\\/\\\/www.youthforequality.sk\\\/index.php\\\/2021\\\/04\\\/09\\\/green-way-of-social-entrepreneurship-trnava-slovensko\\\/#primaryimage\"},\"thumbnailUrl\":\"https:\\\/\\\/www.youthforequality.sk\\\/wp-content\\\/uploads\\\/2021\\\/04\\\/Green-Illustrated-Eco-Grocery-Banner-6.png\",\"datePublished\":\"2021-04-09T08:11:14+00:00\",\"dateModified\":\"2023-11-27T12:44:17+00:00\",\"description\":\"\u0160kolenie pracovn\u00edkov s ml\u00e1de\u017eou Erasmus+ ktor\u00e9 je zameran\u00e9 na t\u00e9mu soci\u00e1lneho podnikania a ekologickej udr\u017eate\u013enosti.\",\"breadcrumb\":{\"@id\":\"https:\\\/\\\/www.youthforequality.sk\\\/index.php\\\/2021\\\/04\\\/09\\\/green-way-of-social-entrepreneurship-trnava-slovensko\\\/#breadcrumb\"},\"inLanguage\":\"sk-SK\",\"potentialAction\":[{\"@type\":\"ReadAction\",\"target\":[\"https:\\\/\\\/www.youthforequality.sk\\\/index.php\\\/2021\\\/04\\\/09\\\/green-way-of-social-entrepreneurship-trnava-slovensko\\\/\"]}]},{\"@type\":\"ImageObject\",\"inLanguage\":\"sk-SK\",\"@id\":\"https:\\\/\\\/www.youthforequality.sk\\\/index.php\\\/2021\\\/04\\\/09\\\/green-way-of-social-entrepreneurship-trnava-slovensko\\\/#primaryimage\",\"url\":\"https:\\\/\\\/www.youthforequality.sk\\\/wp-content\\\/uploads\\\/2021\\\/04\\\/Green-Illustrated-Eco-Grocery-Banner-6.png\",\"contentUrl\":\"https:\\\/\\\/www.youthforequality.sk\\\/wp-content\\\/uploads\\\/2021\\\/04\\\/Green-Illustrated-Eco-Grocery-Banner-6.png\",\"width\":6912,\"height\":3456},{\"@type\":\"BreadcrumbList\",\"@id\":\"https:\\\/\\\/www.youthforequality.sk\\\/index.php\\\/2021\\\/04\\\/09\\\/green-way-of-social-entrepreneurship-trnava-slovensko\\\/#breadcrumb\",\"itemListElement\":[{\"@type\":\"ListItem\",\"position\":1,\"name\":\"Home\",\"item\":\"https:\\\/\\\/www.youthforequality.sk\\\/\"},{\"@type\":\"ListItem\",\"position\":2,\"name\":\"Green way of Social entrepreneurship | Trnava, Slovensko | 11. &#8211; 17.10.2021\"}]},{\"@type\":\"WebSite\",\"@id\":\"https:\\\/\\\/www.youthforequality.sk\\\/#website\",\"url\":\"https:\\\/\\\/www.youthforequality.sk\\\/\",\"name\":\"\",\"description\":\"\",\"publisher\":{\"@id\":\"https:\\\/\\\/www.youthforequality.sk\\\/#organization\"},\"potentialAction\":[{\"@type\":\"SearchAction\",\"target\":{\"@type\":\"EntryPoint\",\"urlTemplate\":\"https:\\\/\\\/www.youthforequality.sk\\\/?s={search_term_string}\"},\"query-input\":{\"@type\":\"PropertyValueSpecification\",\"valueRequired\":true,\"valueName\":\"search_term_string\"}}],\"inLanguage\":\"sk-SK\"},{\"@type\":\"Organization\",\"@id\":\"https:\\\/\\\/www.youthforequality.sk\\\/#organization\",\"name\":\"Youth for Equality\",\"url\":\"https:\\\/\\\/www.youthforequality.sk\\\/\",\"logo\":{\"@type\":\"ImageObject\",\"inLanguage\":\"sk-SK\",\"@id\":\"https:\\\/\\\/www.youthforequality.sk\\\/#\\\/schema\\\/logo\\\/image\\\/\",\"url\":\"https:\\\/\\\/www.youthforequality.sk\\\/wp-content\\\/uploads\\\/2021\\\/01\\\/vynovene-logo-nove-farby_modra-na-web.png\",\"contentUrl\":\"https:\\\/\\\/www.youthforequality.sk\\\/wp-content\\\/uploads\\\/2021\\\/01\\\/vynovene-logo-nove-farby_modra-na-web.png\",\"width\":1,\"height\":1,\"caption\":\"Youth for Equality\"},\"image\":{\"@id\":\"https:\\\/\\\/www.youthforequality.sk\\\/#\\\/schema\\\/logo\\\/image\\\/\"},\"sameAs\":[\"https:\\\/\\\/www.facebook.com\\\/yeslovakia\"]},{\"@type\":\"Person\",\"@id\":\"https:\\\/\\\/www.youthforequality.sk\\\/#\\\/schema\\\/person\\\/be8fe75a4ed9c28400bc99a029218b24\",\"name\":\"Diana Ja\u0161ekov\u00e1\",\"image\":{\"@type\":\"ImageObject\",\"inLanguage\":\"sk-SK\",\"@id\":\"https:\\\/\\\/secure.gravatar.com\\\/avatar\\\/8c7454049523c9673804cf321f89b38fd4fcd5aa5ad8961f32caaf292dfd996f?s=96&d=mm&r=g\",\"url\":\"https:\\\/\\\/secure.gravatar.com\\\/avatar\\\/8c7454049523c9673804cf321f89b38fd4fcd5aa5ad8961f32caaf292dfd996f?s=96&d=mm&r=g\",\"contentUrl\":\"https:\\\/\\\/secure.gravatar.com\\\/avatar\\\/8c7454049523c9673804cf321f89b38fd4fcd5aa5ad8961f32caaf292dfd996f?s=96&d=mm&r=g\",\"caption\":\"Diana Ja\u0161ekov\u00e1\"},\"url\":\"https:\\\/\\\/www.youthforequality.sk\\\/index.php\\\/author\\\/diajas\\\/\"}]}<\/script>\n<!-- \/ Yoast SEO plugin. -->","yoast_head_json":{"title":"Green way of Social entrepreneurship | Trnava, Slovensko | 11. - 17.10.2021 |","description":"\u0160kolenie pracovn\u00edkov s ml\u00e1de\u017eou Erasmus+ ktor\u00e9 je zameran\u00e9 na t\u00e9mu soci\u00e1lneho podnikania a ekologickej udr\u017eate\u013enosti.","robots":{"index":"index","follow":"follow","max-snippet":"max-snippet:-1","max-image-preview":"max-image-preview:large","max-video-preview":"max-video-preview:-1"},"canonical":"https:\/\/www.youthforequality.sk\/index.php\/2021\/04\/09\/green-way-of-social-entrepreneurship-trnava-slovensko\/","og_locale":"sk_SK","og_type":"article","og_title":"Green way of Social entrepreneurship | Trnava, Slovensko | 11. - 17.10.2021 |","og_description":"\u0160kolenie pracovn\u00edkov s ml\u00e1de\u017eou Erasmus+ ktor\u00e9 je zameran\u00e9 na t\u00e9mu soci\u00e1lneho podnikania a ekologickej udr\u017eate\u013enosti.","og_url":"https:\/\/www.youthforequality.sk\/index.php\/2021\/04\/09\/green-way-of-social-entrepreneurship-trnava-slovensko\/","article_publisher":"https:\/\/www.facebook.com\/yeslovakia","article_published_time":"2021-04-09T08:11:14+00:00","article_modified_time":"2023-11-27T12:44:17+00:00","og_image":[{"width":1600,"height":1062,"url":"https:\/\/www.youthforequality.sk\/wp-content\/uploads\/2021\/04\/social-entre.jpeg","type":"image\/jpeg"}],"author":"Diana Ja\u0161ekov\u00e1","twitter_card":"summary_large_image","twitter_misc":{"Autor":"Diana Ja\u0161ekov\u00e1","Predpokladan\u00fd \u010das \u010d\u00edtania":"1 min\u00fata"},"schema":{"@context":"https:\/\/schema.org","@graph":[{"@type":"Article","@id":"https:\/\/www.youthforequality.sk\/index.php\/2021\/04\/09\/green-way-of-social-entrepreneurship-trnava-slovensko\/#article","isPartOf":{"@id":"https:\/\/www.youthforequality.sk\/index.php\/2021\/04\/09\/green-way-of-social-entrepreneurship-trnava-slovensko\/"},"author":{"name":"Diana Ja\u0161ekov\u00e1","@id":"https:\/\/www.youthforequality.sk\/#\/schema\/person\/be8fe75a4ed9c28400bc99a029218b24"},"headline":"Green way of Social entrepreneurship | Trnava, Slovensko | 11. &#8211; 17.10.2021","datePublished":"2021-04-09T08:11:14+00:00","dateModified":"2023-11-27T12:44:17+00:00","mainEntityOfPage":{"@id":"https:\/\/www.youthforequality.sk\/index.php\/2021\/04\/09\/green-way-of-social-entrepreneurship-trnava-slovensko\/"},"wordCount":219,"publisher":{"@id":"https:\/\/www.youthforequality.sk\/#organization"},"image":{"@id":"https:\/\/www.youthforequality.sk\/index.php\/2021\/04\/09\/green-way-of-social-entrepreneurship-trnava-slovensko\/#primaryimage"},"thumbnailUrl":"https:\/\/www.youthforequality.sk\/wp-content\/uploads\/2021\/04\/Green-Illustrated-Eco-Grocery-Banner-6.png","articleSection":["\u0160kolenia pre pracovn\u00edkov s ml\u00e1de\u017eou - predo\u0161l\u00e9 projekty"],"inLanguage":"sk-SK"},{"@type":"WebPage","@id":"https:\/\/www.youthforequality.sk\/index.php\/2021\/04\/09\/green-way-of-social-entrepreneurship-trnava-slovensko\/","url":"https:\/\/www.youthforequality.sk\/index.php\/2021\/04\/09\/green-way-of-social-entrepreneurship-trnava-slovensko\/","name":"Green way of Social entrepreneurship | Trnava, Slovensko | 11. - 17.10.2021 |","isPartOf":{"@id":"https:\/\/www.youthforequality.sk\/#website"},"primaryImageOfPage":{"@id":"https:\/\/www.youthforequality.sk\/index.php\/2021\/04\/09\/green-way-of-social-entrepreneurship-trnava-slovensko\/#primaryimage"},"image":{"@id":"https:\/\/www.youthforequality.sk\/index.php\/2021\/04\/09\/green-way-of-social-entrepreneurship-trnava-slovensko\/#primaryimage"},"thumbnailUrl":"https:\/\/www.youthforequality.sk\/wp-content\/uploads\/2021\/04\/Green-Illustrated-Eco-Grocery-Banner-6.png","datePublished":"2021-04-09T08:11:14+00:00","dateModified":"2023-11-27T12:44:17+00:00","description":"\u0160kolenie pracovn\u00edkov s ml\u00e1de\u017eou Erasmus+ ktor\u00e9 je zameran\u00e9 na t\u00e9mu soci\u00e1lneho podnikania a ekologickej udr\u017eate\u013enosti.","breadcrumb":{"@id":"https:\/\/www.youthforequality.sk\/index.php\/2021\/04\/09\/green-way-of-social-entrepreneurship-trnava-slovensko\/#breadcrumb"},"inLanguage":"sk-SK","potentialAction":[{"@type":"ReadAction","target":["https:\/\/www.youthforequality.sk\/index.php\/2021\/04\/09\/green-way-of-social-entrepreneurship-trnava-slovensko\/"]}]},{"@type":"ImageObject","inLanguage":"sk-SK","@id":"https:\/\/www.youthforequality.sk\/index.php\/2021\/04\/09\/green-way-of-social-entrepreneurship-trnava-slovensko\/#primaryimage","url":"https:\/\/www.youthforequality.sk\/wp-content\/uploads\/2021\/04\/Green-Illustrated-Eco-Grocery-Banner-6.png","contentUrl":"https:\/\/www.youthforequality.sk\/wp-content\/uploads\/2021\/04\/Green-Illustrated-Eco-Grocery-Banner-6.png","width":6912,"height":3456},{"@type":"BreadcrumbList","@id":"https:\/\/www.youthforequality.sk\/index.php\/2021\/04\/09\/green-way-of-social-entrepreneurship-trnava-slovensko\/#breadcrumb","itemListElement":[{"@type":"ListItem","position":1,"name":"Home","item":"https:\/\/www.youthforequality.sk\/"},{"@type":"ListItem","position":2,"name":"Green way of Social entrepreneurship | Trnava, Slovensko | 11. &#8211; 17.10.2021"}]},{"@type":"WebSite","@id":"https:\/\/www.youthforequality.sk\/#website","url":"https:\/\/www.youthforequality.sk\/","name":"","description":"","publisher":{"@id":"https:\/\/www.youthforequality.sk\/#organization"},"potentialAction":[{"@type":"SearchAction","target":{"@type":"EntryPoint","urlTemplate":"https:\/\/www.youthforequality.sk\/?s={search_term_string}"},"query-input":{"@type":"PropertyValueSpecification","valueRequired":true,"valueName":"search_term_string"}}],"inLanguage":"sk-SK"},{"@type":"Organization","@id":"https:\/\/www.youthforequality.sk\/#organization","name":"Youth for Equality","url":"https:\/\/www.youthforequality.sk\/","logo":{"@type":"ImageObject","inLanguage":"sk-SK","@id":"https:\/\/www.youthforequality.sk\/#\/schema\/logo\/image\/","url":"https:\/\/www.youthforequality.sk\/wp-content\/uploads\/2021\/01\/vynovene-logo-nove-farby_modra-na-web.png","contentUrl":"https:\/\/www.youthforequality.sk\/wp-content\/uploads\/2021\/01\/vynovene-logo-nove-farby_modra-na-web.png","width":1,"height":1,"caption":"Youth for Equality"},"image":{"@id":"https:\/\/www.youthforequality.sk\/#\/schema\/logo\/image\/"},"sameAs":["https:\/\/www.facebook.com\/yeslovakia"]},{"@type":"Person","@id":"https:\/\/www.youthforequality.sk\/#\/schema\/person\/be8fe75a4ed9c28400bc99a029218b24","name":"Diana Ja\u0161ekov\u00e1","image":{"@type":"ImageObject","inLanguage":"sk-SK","@id":"https:\/\/secure.gravatar.com\/avatar\/8c7454049523c9673804cf321f89b38fd4fcd5aa5ad8961f32caaf292dfd996f?s=96&d=mm&r=g","url":"https:\/\/secure.gravatar.com\/avatar\/8c7454049523c9673804cf321f89b38fd4fcd5aa5ad8961f32caaf292dfd996f?s=96&d=mm&r=g","contentUrl":"https:\/\/secure.gravatar.com\/avatar\/8c7454049523c9673804cf321f89b38fd4fcd5aa5ad8961f32caaf292dfd996f?s=96&d=mm&r=g","caption":"Diana Ja\u0161ekov\u00e1"},"url":"https:\/\/www.youthforequality.sk\/index.php\/author\/diajas\/"}]}},"_links":{"self":[{"href":"https:\/\/www.youthforequality.sk\/index.php\/wp-json\/wp\/v2\/posts\/2627","targetHints":{"allow":["GET"]}}],"collection":[{"href":"https:\/\/www.youthforequality.sk\/index.php\/wp-json\/wp\/v2\/posts"}],"about":[{"href":"https:\/\/www.youthforequality.sk\/index.php\/wp-json\/wp\/v2\/types\/post"}],"author":[{"embeddable":true,"href":"https:\/\/www.youthforequality.sk\/index.php\/wp-json\/wp\/v2\/users\/2"}],"replies":[{"embeddable":true,"href":"https:\/\/www.youthforequality.sk\/index.php\/wp-json\/wp\/v2\/comments?post=2627"}],"version-history":[{"count":15,"href":"https:\/\/www.youthforequality.sk\/index.php\/wp-json\/wp\/v2\/posts\/2627\/revisions"}],"predecessor-version":[{"id":6316,"href":"https:\/\/www.youthforequality.sk\/index.php\/wp-json\/wp\/v2\/posts\/2627\/revisions\/6316"}],"wp:featuredmedia":[{"embeddable":true,"href":"https:\/\/www.youthforequality.sk\/index.php\/wp-json\/wp\/v2\/media\/6313"}],"wp:attachment":[{"href":"https:\/\/www.youthforequality.sk\/index.php\/wp-json\/wp\/v2\/media?parent=2627"}],"wp:term":[{"taxonomy":"category","embeddable":true,"href":"https:\/\/www.youthforequality.sk\/index.php\/wp-json\/wp\/v2\/categories?post=2627"},{"taxonomy":"post_tag","embeddable":true,"href":"https:\/\/www.youthforequality.sk\/index.php\/wp-json\/wp\/v2\/tags?post=2627"}],"curies":[{"name":"wp","href":"https:\/\/api.w.org\/{rel}","templated":true}]}}