{"id":2638,"date":"2021-04-09T10:29:55","date_gmt":"2021-04-09T08:29:55","guid":{"rendered":"https:\/\/www.youthforequality.sk\/?p=2638"},"modified":"2023-11-27T13:41:18","modified_gmt":"2023-11-27T12:41:18","slug":"treat-yourself-trnava-slovensko","status":"publish","type":"post","link":"https:\/\/www.youthforequality.sk\/index.php\/2021\/04\/09\/treat-yourself-trnava-slovensko\/","title":{"rendered":"Treat Yourself | Trnava, Slovensko | 7. &#8211; 14.8.2021"},"content":{"rendered":"\t\t<div data-elementor-type=\"wp-post\" data-elementor-id=\"2638\" class=\"elementor elementor-2638\">\n\t\t\t\t\t\t<section class=\"elementor-section elementor-top-section elementor-element elementor-element-22e501f elementor-section-boxed elementor-section-height-default elementor-section-height-default\" data-id=\"22e501f\" data-element_type=\"section\" data-e-type=\"section\">\n\t\t\t\t\t\t<div class=\"elementor-container elementor-column-gap-default\">\n\t\t\t\t\t<div class=\"elementor-column elementor-col-100 elementor-top-column elementor-element elementor-element-3c48e89\" data-id=\"3c48e89\" data-element_type=\"column\" data-e-type=\"column\">\n\t\t\t<div class=\"elementor-widget-wrap elementor-element-populated\">\n\t\t\t\t\t\t<div class=\"elementor-element elementor-element-c81f37a elementor-widget elementor-widget-text-editor\" data-id=\"c81f37a\" data-element_type=\"widget\" data-e-type=\"widget\" data-widget_type=\"text-editor.default\">\n\t\t\t\t<div class=\"elementor-widget-container\">\n\t\t\t\t\t\t\t\t\t<p><span style=\"font-weight: 400;\">Najkritickej\u0161\u00edm \u017eivotn\u00fdm obdob\u00edm je dospievanie. Adolescenti pre\u017e\u00edvaj\u00fa biologick\u00e9, kognit\u00edvne a psychosoci\u00e1lne v\u00fdvojov\u00e9 procesy v d\u00f4sledku biologick\u00fdch zmien, sexu\u00e1lneho a telesn\u00e9ho v\u00fdvoja, ktor\u00e9 ovplyv\u0148uj\u00fa koncentr\u00e1ciu, sebakontrolu, prejavuj\u00fa sa r\u00fdchlej\u0161ie a citlivej\u0161ie sp\u00f4soby reakci\u00ed. T\u00e1to rozhoduj\u00faca etapa \u013eudsk\u00e9ho \u017eivota si vy\u017eaduje starostlivos\u0165, vedenie a empatiu. D\u00f4le\u017eit\u00fa \u00falohu tu zohr\u00e1vaj\u00fa pracovn\u00edci s ml\u00e1de\u017eou. Od pracovn\u00edkov s ml\u00e1de\u017eou sa o\u010dak\u00e1va, \u017ee porozumej\u00fa kult\u00fare ml\u00e1de\u017ee a jej potreb\u00e1m, bud\u00fa formova\u0165 postoje a rozv\u00edja\u0165 profesion\u00e1lne pl\u00e1ny, prekon\u00e1va\u0165 konflikty, emo\u010dn\u00e9 a z\u00e1\u0165a\u017eov\u00e9 situ\u00e1cie. Pod\u013ea Kompraxu je minim\u00e1lnym r\u00e1mcom kompetenci\u00ed pracovn\u00edkov s ml\u00e1de\u017eou &#8211; motiv\u00e1cia, pl\u00e1novanie a organiz\u00e1cia, interakcia s \u013eu\u010fmi, t\u00edmov\u00e1 pr\u00e1ca, tvoriv\u00e9 myslenie, flexibilita v myslen\u00ed a spr\u00e1van\u00ed, riadenie a vedenie \u013eud\u00ed, anal\u00fdza a rie\u0161enie probl\u00e9mov, legislat\u00edva, neform\u00e1lne vzdel\u00e1vanie. Aj ke\u010f sa defin\u00edcie pracovn\u00edkov s ml\u00e1de\u017eou v jednotliv\u00fdch krajin\u00e1ch l\u00ed\u0161ia, vyjadruj\u00fa to ist\u00e9 jadro &#8211; o\u010dak\u00e1va sa od n\u00e1s, \u017ee budeme t\u00edmov\u00fdmi mana\u017e\u00e9rmi a pracovn\u00edkmi, u\u010dite\u013emi a \u0161kolite\u013emi, poradcami a mentormi, sociol\u00f3gmi a psychol\u00f3gmi, vedcami a facilit\u00e1tormi. Pri v\u0161etk\u00fdch t\u00fdchto povinnostiach a ka\u017edodennom tlaku pracovn\u00edci s ml\u00e1de\u017eou \u010dasto zab\u00fadaj\u00fa na svoje vlastn\u00e9 potreby. Pr\u00edli\u0161 ve\u013ea po\u017eiadaviek a stresuj\u00face prostredie, ktor\u00e9 v kombin\u00e1cii s osobn\u00fdmi a profesion\u00e1lnymi probl\u00e9mami m\u00f4\u017ee vies\u0165 k depresi\u00e1m a vyhoreniu, s\u00fa na celom svete na vzostupe. Z tohto d\u00f4vodu je cie\u013eom n\u00e1\u0161ho projektu udr\u017eiava\u0165 pohodu a podporova\u0165 starostlivos\u0165 o du\u0161evn\u00e9 zdravie pracovn\u00edkov s ml\u00e1de\u017eou. Projekt poskytuje pracovn\u00edkom s ml\u00e1de\u017eou zru\u010dnosti v kr\u00edzovom mana\u017emente na externaliz\u00e1ciu spr\u00e1vania a schopnosti v\u0161\u00edmavosti, zni\u017eovania stresu a zlep\u0161ovania odolnosti a motiv\u00e1cie. Na\u0161e partnersk\u00e9 organiz\u00e1cie poch\u00e1dzaj\u00fa z Bulharska, Gr\u00e9cka, Turecka, Rumunska, F\u00ednska, Ve\u013ekej Brit\u00e1nie, Talianska. 7-d\u0148ov\u00e9 \u0161kolenie sa bude na Slovensku kona\u0165 v j\u00fali 2021.<\/span><\/p>\n<p><span style=\"font-weight: 400;\"><br><\/span><\/p>\n<p><span style=\"font-weight: 400;\">Tento projekt je podporen\u00fd grantom Erasmus+ KA1 mobilita pracovn\u00edkov s ml\u00e1de\u017eou.&nbsp;<\/span><\/p>\n<p><span style=\"font-weight: 400;\">&nbsp;<\/span><\/p>\n<p><br><\/p>\t\t\t\t\t\t\t\t<\/div>\n\t\t\t\t<\/div>\n\t\t\t\t\t<\/div>\n\t\t<\/div>\n\t\t\t\t\t<\/div>\n\t\t<\/section>\n\t\t\t\t<\/div>\n\t\t","protected":false},"excerpt":{"rendered":"<p>Najkritickej\u0161\u00edm \u017eivotn\u00fdm obdob\u00edm je dospievanie. Adolescenti pre\u017e\u00edvaj\u00fa biologick\u00e9, kognit\u00edvne a psychosoci\u00e1lne v\u00fdvojov\u00e9 procesy v d\u00f4sledku biologick\u00fdch zmien, sexu\u00e1lneho a telesn\u00e9ho v\u00fdvoja, ktor\u00e9 ovplyv\u0148uj\u00fa koncentr\u00e1ciu, sebakontrolu, prejavuj\u00fa sa r\u00fdchlej\u0161ie a citlivej\u0161ie sp\u00f4soby reakci\u00ed. T\u00e1to rozhoduj\u00faca etapa \u013eudsk\u00e9ho \u017eivota si vy\u017eaduje starostlivos\u0165, vedenie a empatiu. D\u00f4le\u017eit\u00fa \u00falohu tu zohr\u00e1vaj\u00fa pracovn\u00edci s ml\u00e1de\u017eou. Od pracovn\u00edkov s ml\u00e1de\u017eou sa&hellip;&nbsp;<a href=\"https:\/\/www.youthforequality.sk\/index.php\/2021\/04\/09\/treat-yourself-trnava-slovensko\/\" class=\"\" rel=\"bookmark\">\u010c\u00edta\u0165 viac &raquo;<span class=\"screen-reader-text\">Treat Yourself | Trnava, Slovensko | 7. &#8211; 14.8.2021<\/span><\/a><\/p>\n","protected":false},"author":2,"featured_media":6305,"comment_status":"closed","ping_status":"open","sticky":false,"template":"","format":"standard","meta":{"_uf_show_specific_survey":0,"_uf_disable_surveys":false,"neve_meta_sidebar":"","neve_meta_container":"","neve_meta_enable_content_width":"","neve_meta_content_width":0,"neve_meta_title_alignment":"","neve_meta_author_avatar":"","neve_post_elements_order":"","neve_meta_disable_header":"","neve_meta_disable_footer":"","neve_meta_disable_title":"","_themeisle_gutenberg_block_has_review":false,"footnotes":""},"categories":[37],"tags":[],"class_list":["post-2638","post","type-post","status-publish","format-standard","has-post-thumbnail","hentry","category-skolenia-pre-pracovnikov-s-mladezou-predosle-projekty"],"yoast_head":"<!-- This site is optimized with the Yoast SEO plugin v27.4 - https:\/\/yoast.com\/product\/yoast-seo-wordpress\/ -->\n<title>Treat Yourself | Trnava, Slovensko | 7. - 14.8.2021 |<\/title>\n<meta name=\"description\" content=\"\u0160kolenie, ktor\u00e9ho cie\u013eom je udr\u017eiava\u0165 pohodu a podporova\u0165 starostlivos\u0165 o du\u0161evn\u00e9 zdravie pracovn\u00edkov s ml\u00e1de\u017eou.\" \/>\n<meta name=\"robots\" content=\"index, follow, max-snippet:-1, max-image-preview:large, max-video-preview:-1\" \/>\n<link rel=\"canonical\" href=\"https:\/\/www.youthforequality.sk\/index.php\/2021\/04\/09\/treat-yourself-trnava-slovensko\/\" \/>\n<meta property=\"og:locale\" content=\"sk_SK\" \/>\n<meta property=\"og:type\" content=\"article\" \/>\n<meta property=\"og:title\" content=\"Treat Yourself | Trnava, Slovensko | 7. - 14.8.2021 |\" \/>\n<meta property=\"og:description\" content=\"\u0160kolenie, ktor\u00e9ho cie\u013eom je udr\u017eiava\u0165 pohodu a podporova\u0165 starostlivos\u0165 o du\u0161evn\u00e9 zdravie pracovn\u00edkov s ml\u00e1de\u017eou.\" \/>\n<meta property=\"og:url\" content=\"https:\/\/www.youthforequality.sk\/index.php\/2021\/04\/09\/treat-yourself-trnava-slovensko\/\" \/>\n<meta property=\"article:publisher\" content=\"https:\/\/www.facebook.com\/yeslovakia\" \/>\n<meta property=\"article:published_time\" content=\"2021-04-09T08:29:55+00:00\" \/>\n<meta property=\"article:modified_time\" content=\"2023-11-27T12:41:18+00:00\" \/>\n<meta property=\"og:image\" content=\"https:\/\/www.youthforequality.sk\/wp-content\/uploads\/2021\/04\/treat-yourself.jpeg\" \/>\n\t<meta property=\"og:image:width\" content=\"1600\" \/>\n\t<meta property=\"og:image:height\" content=\"1070\" \/>\n\t<meta property=\"og:image:type\" content=\"image\/jpeg\" \/>\n<meta name=\"author\" content=\"Diana Ja\u0161ekov\u00e1\" \/>\n<meta name=\"twitter:card\" content=\"summary_large_image\" \/>\n<meta name=\"twitter:label1\" content=\"Autor\" \/>\n\t<meta name=\"twitter:data1\" content=\"Diana Ja\u0161ekov\u00e1\" \/>\n\t<meta name=\"twitter:label2\" content=\"Predpokladan\u00fd \u010das \u010d\u00edtania\" \/>\n\t<meta name=\"twitter:data2\" content=\"2 min\u00faty\" \/>\n<script type=\"application\/ld+json\" class=\"yoast-schema-graph\">{\"@context\":\"https:\\\/\\\/schema.org\",\"@graph\":[{\"@type\":\"Article\",\"@id\":\"https:\\\/\\\/www.youthforequality.sk\\\/index.php\\\/2021\\\/04\\\/09\\\/treat-yourself-trnava-slovensko\\\/#article\",\"isPartOf\":{\"@id\":\"https:\\\/\\\/www.youthforequality.sk\\\/index.php\\\/2021\\\/04\\\/09\\\/treat-yourself-trnava-slovensko\\\/\"},\"author\":{\"name\":\"Diana Ja\u0161ekov\u00e1\",\"@id\":\"https:\\\/\\\/www.youthforequality.sk\\\/#\\\/schema\\\/person\\\/be8fe75a4ed9c28400bc99a029218b24\"},\"headline\":\"Treat Yourself | Trnava, Slovensko | 7. &#8211; 14.8.2021\",\"datePublished\":\"2021-04-09T08:29:55+00:00\",\"dateModified\":\"2023-11-27T12:41:18+00:00\",\"mainEntityOfPage\":{\"@id\":\"https:\\\/\\\/www.youthforequality.sk\\\/index.php\\\/2021\\\/04\\\/09\\\/treat-yourself-trnava-slovensko\\\/\"},\"wordCount\":407,\"publisher\":{\"@id\":\"https:\\\/\\\/www.youthforequality.sk\\\/#organization\"},\"image\":{\"@id\":\"https:\\\/\\\/www.youthforequality.sk\\\/index.php\\\/2021\\\/04\\\/09\\\/treat-yourself-trnava-slovensko\\\/#primaryimage\"},\"thumbnailUrl\":\"https:\\\/\\\/www.youthforequality.sk\\\/wp-content\\\/uploads\\\/2021\\\/04\\\/Green-Illustrated-Eco-Grocery-Banner-5.png\",\"articleSection\":[\"\u0160kolenia pre pracovn\u00edkov s ml\u00e1de\u017eou - predo\u0161l\u00e9 projekty\"],\"inLanguage\":\"sk-SK\"},{\"@type\":\"WebPage\",\"@id\":\"https:\\\/\\\/www.youthforequality.sk\\\/index.php\\\/2021\\\/04\\\/09\\\/treat-yourself-trnava-slovensko\\\/\",\"url\":\"https:\\\/\\\/www.youthforequality.sk\\\/index.php\\\/2021\\\/04\\\/09\\\/treat-yourself-trnava-slovensko\\\/\",\"name\":\"Treat Yourself | Trnava, Slovensko | 7. - 14.8.2021 |\",\"isPartOf\":{\"@id\":\"https:\\\/\\\/www.youthforequality.sk\\\/#website\"},\"primaryImageOfPage\":{\"@id\":\"https:\\\/\\\/www.youthforequality.sk\\\/index.php\\\/2021\\\/04\\\/09\\\/treat-yourself-trnava-slovensko\\\/#primaryimage\"},\"image\":{\"@id\":\"https:\\\/\\\/www.youthforequality.sk\\\/index.php\\\/2021\\\/04\\\/09\\\/treat-yourself-trnava-slovensko\\\/#primaryimage\"},\"thumbnailUrl\":\"https:\\\/\\\/www.youthforequality.sk\\\/wp-content\\\/uploads\\\/2021\\\/04\\\/Green-Illustrated-Eco-Grocery-Banner-5.png\",\"datePublished\":\"2021-04-09T08:29:55+00:00\",\"dateModified\":\"2023-11-27T12:41:18+00:00\",\"description\":\"\u0160kolenie, ktor\u00e9ho cie\u013eom je udr\u017eiava\u0165 pohodu a podporova\u0165 starostlivos\u0165 o du\u0161evn\u00e9 zdravie pracovn\u00edkov s ml\u00e1de\u017eou.\",\"breadcrumb\":{\"@id\":\"https:\\\/\\\/www.youthforequality.sk\\\/index.php\\\/2021\\\/04\\\/09\\\/treat-yourself-trnava-slovensko\\\/#breadcrumb\"},\"inLanguage\":\"sk-SK\",\"potentialAction\":[{\"@type\":\"ReadAction\",\"target\":[\"https:\\\/\\\/www.youthforequality.sk\\\/index.php\\\/2021\\\/04\\\/09\\\/treat-yourself-trnava-slovensko\\\/\"]}]},{\"@type\":\"ImageObject\",\"inLanguage\":\"sk-SK\",\"@id\":\"https:\\\/\\\/www.youthforequality.sk\\\/index.php\\\/2021\\\/04\\\/09\\\/treat-yourself-trnava-slovensko\\\/#primaryimage\",\"url\":\"https:\\\/\\\/www.youthforequality.sk\\\/wp-content\\\/uploads\\\/2021\\\/04\\\/Green-Illustrated-Eco-Grocery-Banner-5.png\",\"contentUrl\":\"https:\\\/\\\/www.youthforequality.sk\\\/wp-content\\\/uploads\\\/2021\\\/04\\\/Green-Illustrated-Eco-Grocery-Banner-5.png\",\"width\":6912,\"height\":3456},{\"@type\":\"BreadcrumbList\",\"@id\":\"https:\\\/\\\/www.youthforequality.sk\\\/index.php\\\/2021\\\/04\\\/09\\\/treat-yourself-trnava-slovensko\\\/#breadcrumb\",\"itemListElement\":[{\"@type\":\"ListItem\",\"position\":1,\"name\":\"Home\",\"item\":\"https:\\\/\\\/www.youthforequality.sk\\\/\"},{\"@type\":\"ListItem\",\"position\":2,\"name\":\"Treat Yourself | Trnava, Slovensko | 7. &#8211; 14.8.2021\"}]},{\"@type\":\"WebSite\",\"@id\":\"https:\\\/\\\/www.youthforequality.sk\\\/#website\",\"url\":\"https:\\\/\\\/www.youthforequality.sk\\\/\",\"name\":\"\",\"description\":\"\",\"publisher\":{\"@id\":\"https:\\\/\\\/www.youthforequality.sk\\\/#organization\"},\"potentialAction\":[{\"@type\":\"SearchAction\",\"target\":{\"@type\":\"EntryPoint\",\"urlTemplate\":\"https:\\\/\\\/www.youthforequality.sk\\\/?s={search_term_string}\"},\"query-input\":{\"@type\":\"PropertyValueSpecification\",\"valueRequired\":true,\"valueName\":\"search_term_string\"}}],\"inLanguage\":\"sk-SK\"},{\"@type\":\"Organization\",\"@id\":\"https:\\\/\\\/www.youthforequality.sk\\\/#organization\",\"name\":\"Youth for Equality\",\"url\":\"https:\\\/\\\/www.youthforequality.sk\\\/\",\"logo\":{\"@type\":\"ImageObject\",\"inLanguage\":\"sk-SK\",\"@id\":\"https:\\\/\\\/www.youthforequality.sk\\\/#\\\/schema\\\/logo\\\/image\\\/\",\"url\":\"https:\\\/\\\/www.youthforequality.sk\\\/wp-content\\\/uploads\\\/2021\\\/01\\\/vynovene-logo-nove-farby_modra-na-web.png\",\"contentUrl\":\"https:\\\/\\\/www.youthforequality.sk\\\/wp-content\\\/uploads\\\/2021\\\/01\\\/vynovene-logo-nove-farby_modra-na-web.png\",\"width\":1,\"height\":1,\"caption\":\"Youth for Equality\"},\"image\":{\"@id\":\"https:\\\/\\\/www.youthforequality.sk\\\/#\\\/schema\\\/logo\\\/image\\\/\"},\"sameAs\":[\"https:\\\/\\\/www.facebook.com\\\/yeslovakia\"]},{\"@type\":\"Person\",\"@id\":\"https:\\\/\\\/www.youthforequality.sk\\\/#\\\/schema\\\/person\\\/be8fe75a4ed9c28400bc99a029218b24\",\"name\":\"Diana Ja\u0161ekov\u00e1\",\"image\":{\"@type\":\"ImageObject\",\"inLanguage\":\"sk-SK\",\"@id\":\"https:\\\/\\\/secure.gravatar.com\\\/avatar\\\/8c7454049523c9673804cf321f89b38fd4fcd5aa5ad8961f32caaf292dfd996f?s=96&d=mm&r=g\",\"url\":\"https:\\\/\\\/secure.gravatar.com\\\/avatar\\\/8c7454049523c9673804cf321f89b38fd4fcd5aa5ad8961f32caaf292dfd996f?s=96&d=mm&r=g\",\"contentUrl\":\"https:\\\/\\\/secure.gravatar.com\\\/avatar\\\/8c7454049523c9673804cf321f89b38fd4fcd5aa5ad8961f32caaf292dfd996f?s=96&d=mm&r=g\",\"caption\":\"Diana Ja\u0161ekov\u00e1\"},\"url\":\"https:\\\/\\\/www.youthforequality.sk\\\/index.php\\\/author\\\/diajas\\\/\"}]}<\/script>\n<!-- \/ Yoast SEO plugin. -->","yoast_head_json":{"title":"Treat Yourself | Trnava, Slovensko | 7. - 14.8.2021 |","description":"\u0160kolenie, ktor\u00e9ho cie\u013eom je udr\u017eiava\u0165 pohodu a podporova\u0165 starostlivos\u0165 o du\u0161evn\u00e9 zdravie pracovn\u00edkov s ml\u00e1de\u017eou.","robots":{"index":"index","follow":"follow","max-snippet":"max-snippet:-1","max-image-preview":"max-image-preview:large","max-video-preview":"max-video-preview:-1"},"canonical":"https:\/\/www.youthforequality.sk\/index.php\/2021\/04\/09\/treat-yourself-trnava-slovensko\/","og_locale":"sk_SK","og_type":"article","og_title":"Treat Yourself | Trnava, Slovensko | 7. - 14.8.2021 |","og_description":"\u0160kolenie, ktor\u00e9ho cie\u013eom je udr\u017eiava\u0165 pohodu a podporova\u0165 starostlivos\u0165 o du\u0161evn\u00e9 zdravie pracovn\u00edkov s ml\u00e1de\u017eou.","og_url":"https:\/\/www.youthforequality.sk\/index.php\/2021\/04\/09\/treat-yourself-trnava-slovensko\/","article_publisher":"https:\/\/www.facebook.com\/yeslovakia","article_published_time":"2021-04-09T08:29:55+00:00","article_modified_time":"2023-11-27T12:41:18+00:00","og_image":[{"width":1600,"height":1070,"url":"https:\/\/www.youthforequality.sk\/wp-content\/uploads\/2021\/04\/treat-yourself.jpeg","type":"image\/jpeg"}],"author":"Diana Ja\u0161ekov\u00e1","twitter_card":"summary_large_image","twitter_misc":{"Autor":"Diana Ja\u0161ekov\u00e1","Predpokladan\u00fd \u010das \u010d\u00edtania":"2 min\u00faty"},"schema":{"@context":"https:\/\/schema.org","@graph":[{"@type":"Article","@id":"https:\/\/www.youthforequality.sk\/index.php\/2021\/04\/09\/treat-yourself-trnava-slovensko\/#article","isPartOf":{"@id":"https:\/\/www.youthforequality.sk\/index.php\/2021\/04\/09\/treat-yourself-trnava-slovensko\/"},"author":{"name":"Diana Ja\u0161ekov\u00e1","@id":"https:\/\/www.youthforequality.sk\/#\/schema\/person\/be8fe75a4ed9c28400bc99a029218b24"},"headline":"Treat Yourself | Trnava, Slovensko | 7. &#8211; 14.8.2021","datePublished":"2021-04-09T08:29:55+00:00","dateModified":"2023-11-27T12:41:18+00:00","mainEntityOfPage":{"@id":"https:\/\/www.youthforequality.sk\/index.php\/2021\/04\/09\/treat-yourself-trnava-slovensko\/"},"wordCount":407,"publisher":{"@id":"https:\/\/www.youthforequality.sk\/#organization"},"image":{"@id":"https:\/\/www.youthforequality.sk\/index.php\/2021\/04\/09\/treat-yourself-trnava-slovensko\/#primaryimage"},"thumbnailUrl":"https:\/\/www.youthforequality.sk\/wp-content\/uploads\/2021\/04\/Green-Illustrated-Eco-Grocery-Banner-5.png","articleSection":["\u0160kolenia pre pracovn\u00edkov s ml\u00e1de\u017eou - predo\u0161l\u00e9 projekty"],"inLanguage":"sk-SK"},{"@type":"WebPage","@id":"https:\/\/www.youthforequality.sk\/index.php\/2021\/04\/09\/treat-yourself-trnava-slovensko\/","url":"https:\/\/www.youthforequality.sk\/index.php\/2021\/04\/09\/treat-yourself-trnava-slovensko\/","name":"Treat Yourself | Trnava, Slovensko | 7. - 14.8.2021 |","isPartOf":{"@id":"https:\/\/www.youthforequality.sk\/#website"},"primaryImageOfPage":{"@id":"https:\/\/www.youthforequality.sk\/index.php\/2021\/04\/09\/treat-yourself-trnava-slovensko\/#primaryimage"},"image":{"@id":"https:\/\/www.youthforequality.sk\/index.php\/2021\/04\/09\/treat-yourself-trnava-slovensko\/#primaryimage"},"thumbnailUrl":"https:\/\/www.youthforequality.sk\/wp-content\/uploads\/2021\/04\/Green-Illustrated-Eco-Grocery-Banner-5.png","datePublished":"2021-04-09T08:29:55+00:00","dateModified":"2023-11-27T12:41:18+00:00","description":"\u0160kolenie, ktor\u00e9ho cie\u013eom je udr\u017eiava\u0165 pohodu a podporova\u0165 starostlivos\u0165 o du\u0161evn\u00e9 zdravie pracovn\u00edkov s ml\u00e1de\u017eou.","breadcrumb":{"@id":"https:\/\/www.youthforequality.sk\/index.php\/2021\/04\/09\/treat-yourself-trnava-slovensko\/#breadcrumb"},"inLanguage":"sk-SK","potentialAction":[{"@type":"ReadAction","target":["https:\/\/www.youthforequality.sk\/index.php\/2021\/04\/09\/treat-yourself-trnava-slovensko\/"]}]},{"@type":"ImageObject","inLanguage":"sk-SK","@id":"https:\/\/www.youthforequality.sk\/index.php\/2021\/04\/09\/treat-yourself-trnava-slovensko\/#primaryimage","url":"https:\/\/www.youthforequality.sk\/wp-content\/uploads\/2021\/04\/Green-Illustrated-Eco-Grocery-Banner-5.png","contentUrl":"https:\/\/www.youthforequality.sk\/wp-content\/uploads\/2021\/04\/Green-Illustrated-Eco-Grocery-Banner-5.png","width":6912,"height":3456},{"@type":"BreadcrumbList","@id":"https:\/\/www.youthforequality.sk\/index.php\/2021\/04\/09\/treat-yourself-trnava-slovensko\/#breadcrumb","itemListElement":[{"@type":"ListItem","position":1,"name":"Home","item":"https:\/\/www.youthforequality.sk\/"},{"@type":"ListItem","position":2,"name":"Treat Yourself | Trnava, Slovensko | 7. &#8211; 14.8.2021"}]},{"@type":"WebSite","@id":"https:\/\/www.youthforequality.sk\/#website","url":"https:\/\/www.youthforequality.sk\/","name":"","description":"","publisher":{"@id":"https:\/\/www.youthforequality.sk\/#organization"},"potentialAction":[{"@type":"SearchAction","target":{"@type":"EntryPoint","urlTemplate":"https:\/\/www.youthforequality.sk\/?s={search_term_string}"},"query-input":{"@type":"PropertyValueSpecification","valueRequired":true,"valueName":"search_term_string"}}],"inLanguage":"sk-SK"},{"@type":"Organization","@id":"https:\/\/www.youthforequality.sk\/#organization","name":"Youth for Equality","url":"https:\/\/www.youthforequality.sk\/","logo":{"@type":"ImageObject","inLanguage":"sk-SK","@id":"https:\/\/www.youthforequality.sk\/#\/schema\/logo\/image\/","url":"https:\/\/www.youthforequality.sk\/wp-content\/uploads\/2021\/01\/vynovene-logo-nove-farby_modra-na-web.png","contentUrl":"https:\/\/www.youthforequality.sk\/wp-content\/uploads\/2021\/01\/vynovene-logo-nove-farby_modra-na-web.png","width":1,"height":1,"caption":"Youth for Equality"},"image":{"@id":"https:\/\/www.youthforequality.sk\/#\/schema\/logo\/image\/"},"sameAs":["https:\/\/www.facebook.com\/yeslovakia"]},{"@type":"Person","@id":"https:\/\/www.youthforequality.sk\/#\/schema\/person\/be8fe75a4ed9c28400bc99a029218b24","name":"Diana Ja\u0161ekov\u00e1","image":{"@type":"ImageObject","inLanguage":"sk-SK","@id":"https:\/\/secure.gravatar.com\/avatar\/8c7454049523c9673804cf321f89b38fd4fcd5aa5ad8961f32caaf292dfd996f?s=96&d=mm&r=g","url":"https:\/\/secure.gravatar.com\/avatar\/8c7454049523c9673804cf321f89b38fd4fcd5aa5ad8961f32caaf292dfd996f?s=96&d=mm&r=g","contentUrl":"https:\/\/secure.gravatar.com\/avatar\/8c7454049523c9673804cf321f89b38fd4fcd5aa5ad8961f32caaf292dfd996f?s=96&d=mm&r=g","caption":"Diana Ja\u0161ekov\u00e1"},"url":"https:\/\/www.youthforequality.sk\/index.php\/author\/diajas\/"}]}},"_links":{"self":[{"href":"https:\/\/www.youthforequality.sk\/index.php\/wp-json\/wp\/v2\/posts\/2638","targetHints":{"allow":["GET"]}}],"collection":[{"href":"https:\/\/www.youthforequality.sk\/index.php\/wp-json\/wp\/v2\/posts"}],"about":[{"href":"https:\/\/www.youthforequality.sk\/index.php\/wp-json\/wp\/v2\/types\/post"}],"author":[{"embeddable":true,"href":"https:\/\/www.youthforequality.sk\/index.php\/wp-json\/wp\/v2\/users\/2"}],"replies":[{"embeddable":true,"href":"https:\/\/www.youthforequality.sk\/index.php\/wp-json\/wp\/v2\/comments?post=2638"}],"version-history":[{"count":16,"href":"https:\/\/www.youthforequality.sk\/index.php\/wp-json\/wp\/v2\/posts\/2638\/revisions"}],"predecessor-version":[{"id":6308,"href":"https:\/\/www.youthforequality.sk\/index.php\/wp-json\/wp\/v2\/posts\/2638\/revisions\/6308"}],"wp:featuredmedia":[{"embeddable":true,"href":"https:\/\/www.youthforequality.sk\/index.php\/wp-json\/wp\/v2\/media\/6305"}],"wp:attachment":[{"href":"https:\/\/www.youthforequality.sk\/index.php\/wp-json\/wp\/v2\/media?parent=2638"}],"wp:term":[{"taxonomy":"category","embeddable":true,"href":"https:\/\/www.youthforequality.sk\/index.php\/wp-json\/wp\/v2\/categories?post=2638"},{"taxonomy":"post_tag","embeddable":true,"href":"https:\/\/www.youthforequality.sk\/index.php\/wp-json\/wp\/v2\/tags?post=2638"}],"curies":[{"name":"wp","href":"https:\/\/api.w.org\/{rel}","templated":true}]}}