{"id":2646,"date":"2021-04-09T10:40:25","date_gmt":"2021-04-09T08:40:25","guid":{"rendered":"https:\/\/www.youthforequality.sk\/?p=2646"},"modified":"2023-01-15T16:46:41","modified_gmt":"2023-01-15T15:46:41","slug":"move-in-a-green-way-turecko-litva-ceska-republika-madarsko-a-slovensko","status":"publish","type":"post","link":"https:\/\/www.youthforequality.sk\/index.php\/2021\/04\/09\/move-in-a-green-way-turecko-litva-ceska-republika-madarsko-a-slovensko\/","title":{"rendered":"Move in a green way"},"content":{"rendered":"\t\t<div data-elementor-type=\"wp-post\" data-elementor-id=\"2646\" class=\"elementor elementor-2646\">\n\t\t\t\t\t\t<section class=\"elementor-section elementor-top-section elementor-element elementor-element-7191cd4 elementor-section-boxed elementor-section-height-default elementor-section-height-default\" data-id=\"7191cd4\" data-element_type=\"section\" data-e-type=\"section\">\n\t\t\t\t\t\t<div class=\"elementor-container elementor-column-gap-default\">\n\t\t\t\t\t<div class=\"elementor-column elementor-col-100 elementor-top-column elementor-element elementor-element-89cd731\" data-id=\"89cd731\" data-element_type=\"column\" data-e-type=\"column\">\n\t\t\t<div class=\"elementor-widget-wrap elementor-element-populated\">\n\t\t\t\t\t\t<div class=\"elementor-element elementor-element-5affb34 elementor-widget elementor-widget-text-editor\" data-id=\"5affb34\" data-element_type=\"widget\" data-e-type=\"widget\" data-widget_type=\"text-editor.default\">\n\t\t\t\t<div class=\"elementor-widget-container\">\n\t\t\t\t\t\t\t\t\t<p><span style=\"font-weight: 400;\">Ke\u010f\u017ee fyzick\u00e9 a \u0161portov\u00e9 kult\u00farne aktivity vpl\u00fdvaj\u00fa na \u017eivotn\u00e9 prostredie, je potrebn\u00e9, aby \u0161portov\u00e9 organiz\u00e1cie, kluby rozv\u00edjali a propagovali svoje snahy o fungovanie udr\u017eate\u013enej\u0161\u00edm a ekologickej\u0161\u00edm sp\u00f4sobom. Medzi tieto snahy patr\u00ed napr\u00edklad vytv\u00e1ranie alebo moderniz\u00e1cia \u0161portov\u00edsk sp\u00f4sobmi, ktor\u00e9 zni\u017euj\u00fa negat\u00edvne dopady na \u017eivotn\u00e9 prostredie, organizovanie \u0161portov\u00fdch udalost\u00ed so zni\u017eovan\u00edm energie a zachovan\u00edm recykl\u00e1cie odpadu, v\u00fdroba \u0161portov\u00e9ho tovaru a odevov z udr\u017eate\u013enej\u0161\u00edch materi\u00e1lov.<\/span><\/p><p>\u00a0<\/p><p><span style=\"font-weight: 400;\">T\u00fdmto projektom by sme chceli v\u00fdmenou sk\u00fasenost\u00ed dok\u00e1za\u0165, ako je mo\u017en\u00e9 zmeni\u0165 existuj\u00face procesy sp\u00f4sobom, v\u010faka ktor\u00e9mu bude v\u00fdroba a spotreba \u201e\u010distej\u0161ia\u201c a udr\u017eate\u013enej\u0161ia.<\/span><\/p><p><span style=\"font-weight: 400;\">Za t\u00fdmto \u00fa\u010delom sme uskuto\u010dnili \u0161koliaci semin\u00e1r v Istanbule, zrealizovali lok\u00e1lne workshopy a konferencie na Slovensku, v Ma\u010farsku, \u010cesku, Turecku a postupne vytv\u00e1rame pr\u00edru\u010dku ako zmeni\u0165 \u0161portov\u00e9 udalosti, \u0161portov\u00e9 materi\u00e1ly \u010di vybavenie na udr\u017eate\u013enej\u0161ie.\u00a0<\/span><\/p><p>\u00a0<\/p><p>Prejs\u0165 na str\u00e1nku projektu: <a href=\"https:\/\/www.moveinagreenway.eu\/\"><strong>www.moveinagreenway.eu<\/strong><\/a><\/p>\t\t\t\t\t\t\t\t<\/div>\n\t\t\t\t<\/div>\n\t\t\t\t\t<\/div>\n\t\t<\/div>\n\t\t\t\t\t<\/div>\n\t\t<\/section>\n\t\t\t\t<section class=\"elementor-section elementor-top-section elementor-element elementor-element-027d0ae elementor-section-boxed elementor-section-height-default elementor-section-height-default\" data-id=\"027d0ae\" data-element_type=\"section\" data-e-type=\"section\">\n\t\t\t\t\t\t<div class=\"elementor-container elementor-column-gap-default\">\n\t\t\t\t\t<div class=\"elementor-column elementor-col-100 elementor-top-column elementor-element elementor-element-f399927\" data-id=\"f399927\" data-element_type=\"column\" data-e-type=\"column\">\n\t\t\t<div class=\"elementor-widget-wrap elementor-element-populated\">\n\t\t\t\t\t\t<div class=\"elementor-element elementor-element-1e06a40 elementor-widget elementor-widget-image\" data-id=\"1e06a40\" data-element_type=\"widget\" data-e-type=\"widget\" data-widget_type=\"image.default\">\n\t\t\t\t<div class=\"elementor-widget-container\">\n\t\t\t\t\t\t\t\t\t\t\t\t\t\t\t<img fetchpriority=\"high\" decoding=\"async\" width=\"724\" height=\"1024\" src=\"https:\/\/www.youthforequality.sk\/wp-content\/uploads\/2021\/04\/SK-Move-in-a-green-way-local-workshop-newsletter-724x1024.png\" class=\"attachment-large size-large wp-image-4536\" alt=\"\" srcset=\"https:\/\/www.youthforequality.sk\/wp-content\/uploads\/2021\/04\/SK-Move-in-a-green-way-local-workshop-newsletter-724x1024.png 724w, https:\/\/www.youthforequality.sk\/wp-content\/uploads\/2021\/04\/SK-Move-in-a-green-way-local-workshop-newsletter-212x300.png 212w, https:\/\/www.youthforequality.sk\/wp-content\/uploads\/2021\/04\/SK-Move-in-a-green-way-local-workshop-newsletter-768x1086.png 768w, https:\/\/www.youthforequality.sk\/wp-content\/uploads\/2021\/04\/SK-Move-in-a-green-way-local-workshop-newsletter-1086x1536.png 1086w, https:\/\/www.youthforequality.sk\/wp-content\/uploads\/2021\/04\/SK-Move-in-a-green-way-local-workshop-newsletter.png 1414w\" sizes=\"(max-width: 724px) 100vw, 724px\" \/>\t\t\t\t\t\t\t\t\t\t\t\t\t\t\t<\/div>\n\t\t\t\t<\/div>\n\t\t\t\t\t<\/div>\n\t\t<\/div>\n\t\t\t\t\t<\/div>\n\t\t<\/section>\n\t\t\t\t<section class=\"elementor-section elementor-top-section elementor-element elementor-element-e697aff elementor-section-boxed elementor-section-height-default elementor-section-height-default\" data-id=\"e697aff\" data-element_type=\"section\" data-e-type=\"section\">\n\t\t\t\t\t\t<div class=\"elementor-container elementor-column-gap-default\">\n\t\t\t\t\t<div class=\"elementor-column elementor-col-100 elementor-top-column elementor-element elementor-element-68ee72c\" data-id=\"68ee72c\" data-element_type=\"column\" data-e-type=\"column\">\n\t\t\t<div class=\"elementor-widget-wrap elementor-element-populated\">\n\t\t\t\t\t\t<div class=\"elementor-element elementor-element-053a451 elementor-widget elementor-widget-image\" data-id=\"053a451\" data-element_type=\"widget\" data-e-type=\"widget\" data-widget_type=\"image.default\">\n\t\t\t\t<div class=\"elementor-widget-container\">\n\t\t\t\t\t\t\t\t\t\t\t\t\t\t\t<img decoding=\"async\" width=\"724\" height=\"1024\" src=\"https:\/\/www.youthforequality.sk\/wp-content\/uploads\/2021\/04\/SK-724x1024.png\" class=\"attachment-large size-large wp-image-4071\" alt=\"\" srcset=\"https:\/\/www.youthforequality.sk\/wp-content\/uploads\/2021\/04\/SK-724x1024.png 724w, https:\/\/www.youthforequality.sk\/wp-content\/uploads\/2021\/04\/SK-212x300.png 212w, https:\/\/www.youthforequality.sk\/wp-content\/uploads\/2021\/04\/SK-768x1086.png 768w, https:\/\/www.youthforequality.sk\/wp-content\/uploads\/2021\/04\/SK-1086x1536.png 1086w, https:\/\/www.youthforequality.sk\/wp-content\/uploads\/2021\/04\/SK.png 1414w\" sizes=\"(max-width: 724px) 100vw, 724px\" \/>\t\t\t\t\t\t\t\t\t\t\t\t\t\t\t<\/div>\n\t\t\t\t<\/div>\n\t\t\t\t\t<\/div>\n\t\t<\/div>\n\t\t\t\t\t<\/div>\n\t\t<\/section>\n\t\t\t\t<\/div>\n\t\t","protected":false},"excerpt":{"rendered":"<p>Ke\u010f\u017ee fyzick\u00e9 a \u0161portov\u00e9 kult\u00farne aktivity vpl\u00fdvaj\u00fa na \u017eivotn\u00e9 prostredie, je potrebn\u00e9, aby \u0161portov\u00e9 organiz\u00e1cie, kluby rozv\u00edjali a propagovali svoje snahy o fungovanie udr\u017eate\u013enej\u0161\u00edm a ekologickej\u0161\u00edm sp\u00f4sobom. Medzi tieto snahy patr\u00ed napr\u00edklad vytv\u00e1ranie alebo moderniz\u00e1cia \u0161portov\u00edsk sp\u00f4sobmi, ktor\u00e9 zni\u017euj\u00fa negat\u00edvne dopady na \u017eivotn\u00e9 prostredie, organizovanie \u0161portov\u00fdch udalost\u00ed so zni\u017eovan\u00edm energie a zachovan\u00edm recykl\u00e1cie odpadu, v\u00fdroba&hellip;&nbsp;<a href=\"https:\/\/www.youthforequality.sk\/index.php\/2021\/04\/09\/move-in-a-green-way-turecko-litva-ceska-republika-madarsko-a-slovensko\/\" class=\"\" rel=\"bookmark\">\u010c\u00edta\u0165 viac &raquo;<span class=\"screen-reader-text\">Move in a green way<\/span><\/a><\/p>\n","protected":false},"author":2,"featured_media":4511,"comment_status":"closed","ping_status":"open","sticky":false,"template":"","format":"standard","meta":{"_uf_show_specific_survey":0,"_uf_disable_surveys":false,"neve_meta_sidebar":"","neve_meta_container":"","neve_meta_enable_content_width":"off","neve_meta_content_width":70,"neve_meta_title_alignment":"","neve_meta_author_avatar":"","neve_post_elements_order":"","neve_meta_disable_header":"","neve_meta_disable_footer":"","neve_meta_disable_title":"","_themeisle_gutenberg_block_has_review":false,"footnotes":""},"categories":[37],"tags":[],"class_list":["post-2646","post","type-post","status-publish","format-standard","has-post-thumbnail","hentry","category-skolenia-pre-pracovnikov-s-mladezou-predosle-projekty"],"yoast_head":"<!-- This site is optimized with the Yoast SEO plugin v27.4 - https:\/\/yoast.com\/product\/yoast-seo-wordpress\/ -->\n<title>Move in a green way |<\/title>\n<meta name=\"description\" content=\"Erasmus+ projekt v oblasti \u0161portu zaoberaj\u00faci sa ekologickou udr\u017eate\u013enos\u0165ou v krajin\u00e1ch Eur\u00f3pskej \u00danie a Turecku.\" \/>\n<meta name=\"robots\" content=\"index, follow, max-snippet:-1, max-image-preview:large, max-video-preview:-1\" \/>\n<link rel=\"canonical\" href=\"https:\/\/www.youthforequality.sk\/index.php\/2021\/04\/09\/move-in-a-green-way-turecko-litva-ceska-republika-madarsko-a-slovensko\/\" \/>\n<meta property=\"og:locale\" content=\"sk_SK\" \/>\n<meta property=\"og:type\" content=\"article\" \/>\n<meta property=\"og:title\" content=\"Move in a green way |\" \/>\n<meta property=\"og:description\" content=\"Erasmus+ projekt v oblasti \u0161portu zaoberaj\u00faci sa ekologickou udr\u017eate\u013enos\u0165ou v krajin\u00e1ch Eur\u00f3pskej \u00danie a Turecku.\" \/>\n<meta property=\"og:url\" content=\"https:\/\/www.youthforequality.sk\/index.php\/2021\/04\/09\/move-in-a-green-way-turecko-litva-ceska-republika-madarsko-a-slovensko\/\" \/>\n<meta property=\"article:publisher\" content=\"https:\/\/www.facebook.com\/yeslovakia\" \/>\n<meta property=\"article:published_time\" content=\"2021-04-09T08:40:25+00:00\" \/>\n<meta property=\"article:modified_time\" content=\"2023-01-15T15:46:41+00:00\" \/>\n<meta property=\"og:image\" content=\"https:\/\/www.youthforequality.sk\/wp-content\/uploads\/2021\/04\/move-in-green-way.jpeg\" \/>\n\t<meta property=\"og:image:width\" content=\"1600\" \/>\n\t<meta property=\"og:image:height\" content=\"1067\" \/>\n\t<meta property=\"og:image:type\" content=\"image\/jpeg\" \/>\n<meta name=\"author\" content=\"Diana Ja\u0161ekov\u00e1\" \/>\n<meta name=\"twitter:card\" content=\"summary_large_image\" \/>\n<meta name=\"twitter:label1\" content=\"Autor\" \/>\n\t<meta name=\"twitter:data1\" content=\"Diana Ja\u0161ekov\u00e1\" \/>\n\t<meta name=\"twitter:label2\" content=\"Predpokladan\u00fd \u010das \u010d\u00edtania\" \/>\n\t<meta name=\"twitter:data2\" content=\"1 min\u00fata\" \/>\n<script type=\"application\/ld+json\" class=\"yoast-schema-graph\">{\"@context\":\"https:\\\/\\\/schema.org\",\"@graph\":[{\"@type\":\"Article\",\"@id\":\"https:\\\/\\\/www.youthforequality.sk\\\/index.php\\\/2021\\\/04\\\/09\\\/move-in-a-green-way-turecko-litva-ceska-republika-madarsko-a-slovensko\\\/#article\",\"isPartOf\":{\"@id\":\"https:\\\/\\\/www.youthforequality.sk\\\/index.php\\\/2021\\\/04\\\/09\\\/move-in-a-green-way-turecko-litva-ceska-republika-madarsko-a-slovensko\\\/\"},\"author\":{\"name\":\"Diana Ja\u0161ekov\u00e1\",\"@id\":\"https:\\\/\\\/www.youthforequality.sk\\\/#\\\/schema\\\/person\\\/be8fe75a4ed9c28400bc99a029218b24\"},\"headline\":\"Move in a green way\",\"datePublished\":\"2021-04-09T08:40:25+00:00\",\"dateModified\":\"2023-01-15T15:46:41+00:00\",\"mainEntityOfPage\":{\"@id\":\"https:\\\/\\\/www.youthforequality.sk\\\/index.php\\\/2021\\\/04\\\/09\\\/move-in-a-green-way-turecko-litva-ceska-republika-madarsko-a-slovensko\\\/\"},\"wordCount\":187,\"publisher\":{\"@id\":\"https:\\\/\\\/www.youthforequality.sk\\\/#organization\"},\"image\":{\"@id\":\"https:\\\/\\\/www.youthforequality.sk\\\/index.php\\\/2021\\\/04\\\/09\\\/move-in-a-green-way-turecko-litva-ceska-republika-madarsko-a-slovensko\\\/#primaryimage\"},\"thumbnailUrl\":\"https:\\\/\\\/www.youthforequality.sk\\\/wp-content\\\/uploads\\\/2021\\\/04\\\/Screen-Shot-2022-12-01-at-19.39.20.png\",\"articleSection\":[\"\u0160kolenia pre pracovn\u00edkov s ml\u00e1de\u017eou - predo\u0161l\u00e9 projekty\"],\"inLanguage\":\"sk-SK\"},{\"@type\":\"WebPage\",\"@id\":\"https:\\\/\\\/www.youthforequality.sk\\\/index.php\\\/2021\\\/04\\\/09\\\/move-in-a-green-way-turecko-litva-ceska-republika-madarsko-a-slovensko\\\/\",\"url\":\"https:\\\/\\\/www.youthforequality.sk\\\/index.php\\\/2021\\\/04\\\/09\\\/move-in-a-green-way-turecko-litva-ceska-republika-madarsko-a-slovensko\\\/\",\"name\":\"Move in a green way |\",\"isPartOf\":{\"@id\":\"https:\\\/\\\/www.youthforequality.sk\\\/#website\"},\"primaryImageOfPage\":{\"@id\":\"https:\\\/\\\/www.youthforequality.sk\\\/index.php\\\/2021\\\/04\\\/09\\\/move-in-a-green-way-turecko-litva-ceska-republika-madarsko-a-slovensko\\\/#primaryimage\"},\"image\":{\"@id\":\"https:\\\/\\\/www.youthforequality.sk\\\/index.php\\\/2021\\\/04\\\/09\\\/move-in-a-green-way-turecko-litva-ceska-republika-madarsko-a-slovensko\\\/#primaryimage\"},\"thumbnailUrl\":\"https:\\\/\\\/www.youthforequality.sk\\\/wp-content\\\/uploads\\\/2021\\\/04\\\/Screen-Shot-2022-12-01-at-19.39.20.png\",\"datePublished\":\"2021-04-09T08:40:25+00:00\",\"dateModified\":\"2023-01-15T15:46:41+00:00\",\"description\":\"Erasmus+ projekt v oblasti \u0161portu zaoberaj\u00faci sa ekologickou udr\u017eate\u013enos\u0165ou v krajin\u00e1ch Eur\u00f3pskej \u00danie a Turecku.\",\"breadcrumb\":{\"@id\":\"https:\\\/\\\/www.youthforequality.sk\\\/index.php\\\/2021\\\/04\\\/09\\\/move-in-a-green-way-turecko-litva-ceska-republika-madarsko-a-slovensko\\\/#breadcrumb\"},\"inLanguage\":\"sk-SK\",\"potentialAction\":[{\"@type\":\"ReadAction\",\"target\":[\"https:\\\/\\\/www.youthforequality.sk\\\/index.php\\\/2021\\\/04\\\/09\\\/move-in-a-green-way-turecko-litva-ceska-republika-madarsko-a-slovensko\\\/\"]}]},{\"@type\":\"ImageObject\",\"inLanguage\":\"sk-SK\",\"@id\":\"https:\\\/\\\/www.youthforequality.sk\\\/index.php\\\/2021\\\/04\\\/09\\\/move-in-a-green-way-turecko-litva-ceska-republika-madarsko-a-slovensko\\\/#primaryimage\",\"url\":\"https:\\\/\\\/www.youthforequality.sk\\\/wp-content\\\/uploads\\\/2021\\\/04\\\/Screen-Shot-2022-12-01-at-19.39.20.png\",\"contentUrl\":\"https:\\\/\\\/www.youthforequality.sk\\\/wp-content\\\/uploads\\\/2021\\\/04\\\/Screen-Shot-2022-12-01-at-19.39.20.png\",\"width\":1172,\"height\":842},{\"@type\":\"BreadcrumbList\",\"@id\":\"https:\\\/\\\/www.youthforequality.sk\\\/index.php\\\/2021\\\/04\\\/09\\\/move-in-a-green-way-turecko-litva-ceska-republika-madarsko-a-slovensko\\\/#breadcrumb\",\"itemListElement\":[{\"@type\":\"ListItem\",\"position\":1,\"name\":\"Home\",\"item\":\"https:\\\/\\\/www.youthforequality.sk\\\/\"},{\"@type\":\"ListItem\",\"position\":2,\"name\":\"Move in a green way\"}]},{\"@type\":\"WebSite\",\"@id\":\"https:\\\/\\\/www.youthforequality.sk\\\/#website\",\"url\":\"https:\\\/\\\/www.youthforequality.sk\\\/\",\"name\":\"\",\"description\":\"\",\"publisher\":{\"@id\":\"https:\\\/\\\/www.youthforequality.sk\\\/#organization\"},\"potentialAction\":[{\"@type\":\"SearchAction\",\"target\":{\"@type\":\"EntryPoint\",\"urlTemplate\":\"https:\\\/\\\/www.youthforequality.sk\\\/?s={search_term_string}\"},\"query-input\":{\"@type\":\"PropertyValueSpecification\",\"valueRequired\":true,\"valueName\":\"search_term_string\"}}],\"inLanguage\":\"sk-SK\"},{\"@type\":\"Organization\",\"@id\":\"https:\\\/\\\/www.youthforequality.sk\\\/#organization\",\"name\":\"Youth for Equality\",\"url\":\"https:\\\/\\\/www.youthforequality.sk\\\/\",\"logo\":{\"@type\":\"ImageObject\",\"inLanguage\":\"sk-SK\",\"@id\":\"https:\\\/\\\/www.youthforequality.sk\\\/#\\\/schema\\\/logo\\\/image\\\/\",\"url\":\"https:\\\/\\\/www.youthforequality.sk\\\/wp-content\\\/uploads\\\/2021\\\/01\\\/vynovene-logo-nove-farby_modra-na-web.png\",\"contentUrl\":\"https:\\\/\\\/www.youthforequality.sk\\\/wp-content\\\/uploads\\\/2021\\\/01\\\/vynovene-logo-nove-farby_modra-na-web.png\",\"width\":1,\"height\":1,\"caption\":\"Youth for Equality\"},\"image\":{\"@id\":\"https:\\\/\\\/www.youthforequality.sk\\\/#\\\/schema\\\/logo\\\/image\\\/\"},\"sameAs\":[\"https:\\\/\\\/www.facebook.com\\\/yeslovakia\"]},{\"@type\":\"Person\",\"@id\":\"https:\\\/\\\/www.youthforequality.sk\\\/#\\\/schema\\\/person\\\/be8fe75a4ed9c28400bc99a029218b24\",\"name\":\"Diana Ja\u0161ekov\u00e1\",\"image\":{\"@type\":\"ImageObject\",\"inLanguage\":\"sk-SK\",\"@id\":\"https:\\\/\\\/secure.gravatar.com\\\/avatar\\\/8c7454049523c9673804cf321f89b38fd4fcd5aa5ad8961f32caaf292dfd996f?s=96&d=mm&r=g\",\"url\":\"https:\\\/\\\/secure.gravatar.com\\\/avatar\\\/8c7454049523c9673804cf321f89b38fd4fcd5aa5ad8961f32caaf292dfd996f?s=96&d=mm&r=g\",\"contentUrl\":\"https:\\\/\\\/secure.gravatar.com\\\/avatar\\\/8c7454049523c9673804cf321f89b38fd4fcd5aa5ad8961f32caaf292dfd996f?s=96&d=mm&r=g\",\"caption\":\"Diana Ja\u0161ekov\u00e1\"},\"url\":\"https:\\\/\\\/www.youthforequality.sk\\\/index.php\\\/author\\\/diajas\\\/\"}]}<\/script>\n<!-- \/ Yoast SEO plugin. -->","yoast_head_json":{"title":"Move in a green way |","description":"Erasmus+ projekt v oblasti \u0161portu zaoberaj\u00faci sa ekologickou udr\u017eate\u013enos\u0165ou v krajin\u00e1ch Eur\u00f3pskej \u00danie a Turecku.","robots":{"index":"index","follow":"follow","max-snippet":"max-snippet:-1","max-image-preview":"max-image-preview:large","max-video-preview":"max-video-preview:-1"},"canonical":"https:\/\/www.youthforequality.sk\/index.php\/2021\/04\/09\/move-in-a-green-way-turecko-litva-ceska-republika-madarsko-a-slovensko\/","og_locale":"sk_SK","og_type":"article","og_title":"Move in a green way |","og_description":"Erasmus+ projekt v oblasti \u0161portu zaoberaj\u00faci sa ekologickou udr\u017eate\u013enos\u0165ou v krajin\u00e1ch Eur\u00f3pskej \u00danie a Turecku.","og_url":"https:\/\/www.youthforequality.sk\/index.php\/2021\/04\/09\/move-in-a-green-way-turecko-litva-ceska-republika-madarsko-a-slovensko\/","article_publisher":"https:\/\/www.facebook.com\/yeslovakia","article_published_time":"2021-04-09T08:40:25+00:00","article_modified_time":"2023-01-15T15:46:41+00:00","og_image":[{"width":1600,"height":1067,"url":"https:\/\/www.youthforequality.sk\/wp-content\/uploads\/2021\/04\/move-in-green-way.jpeg","type":"image\/jpeg"}],"author":"Diana Ja\u0161ekov\u00e1","twitter_card":"summary_large_image","twitter_misc":{"Autor":"Diana Ja\u0161ekov\u00e1","Predpokladan\u00fd \u010das \u010d\u00edtania":"1 min\u00fata"},"schema":{"@context":"https:\/\/schema.org","@graph":[{"@type":"Article","@id":"https:\/\/www.youthforequality.sk\/index.php\/2021\/04\/09\/move-in-a-green-way-turecko-litva-ceska-republika-madarsko-a-slovensko\/#article","isPartOf":{"@id":"https:\/\/www.youthforequality.sk\/index.php\/2021\/04\/09\/move-in-a-green-way-turecko-litva-ceska-republika-madarsko-a-slovensko\/"},"author":{"name":"Diana Ja\u0161ekov\u00e1","@id":"https:\/\/www.youthforequality.sk\/#\/schema\/person\/be8fe75a4ed9c28400bc99a029218b24"},"headline":"Move in a green way","datePublished":"2021-04-09T08:40:25+00:00","dateModified":"2023-01-15T15:46:41+00:00","mainEntityOfPage":{"@id":"https:\/\/www.youthforequality.sk\/index.php\/2021\/04\/09\/move-in-a-green-way-turecko-litva-ceska-republika-madarsko-a-slovensko\/"},"wordCount":187,"publisher":{"@id":"https:\/\/www.youthforequality.sk\/#organization"},"image":{"@id":"https:\/\/www.youthforequality.sk\/index.php\/2021\/04\/09\/move-in-a-green-way-turecko-litva-ceska-republika-madarsko-a-slovensko\/#primaryimage"},"thumbnailUrl":"https:\/\/www.youthforequality.sk\/wp-content\/uploads\/2021\/04\/Screen-Shot-2022-12-01-at-19.39.20.png","articleSection":["\u0160kolenia pre pracovn\u00edkov s ml\u00e1de\u017eou - predo\u0161l\u00e9 projekty"],"inLanguage":"sk-SK"},{"@type":"WebPage","@id":"https:\/\/www.youthforequality.sk\/index.php\/2021\/04\/09\/move-in-a-green-way-turecko-litva-ceska-republika-madarsko-a-slovensko\/","url":"https:\/\/www.youthforequality.sk\/index.php\/2021\/04\/09\/move-in-a-green-way-turecko-litva-ceska-republika-madarsko-a-slovensko\/","name":"Move in a green way |","isPartOf":{"@id":"https:\/\/www.youthforequality.sk\/#website"},"primaryImageOfPage":{"@id":"https:\/\/www.youthforequality.sk\/index.php\/2021\/04\/09\/move-in-a-green-way-turecko-litva-ceska-republika-madarsko-a-slovensko\/#primaryimage"},"image":{"@id":"https:\/\/www.youthforequality.sk\/index.php\/2021\/04\/09\/move-in-a-green-way-turecko-litva-ceska-republika-madarsko-a-slovensko\/#primaryimage"},"thumbnailUrl":"https:\/\/www.youthforequality.sk\/wp-content\/uploads\/2021\/04\/Screen-Shot-2022-12-01-at-19.39.20.png","datePublished":"2021-04-09T08:40:25+00:00","dateModified":"2023-01-15T15:46:41+00:00","description":"Erasmus+ projekt v oblasti \u0161portu zaoberaj\u00faci sa ekologickou udr\u017eate\u013enos\u0165ou v krajin\u00e1ch Eur\u00f3pskej \u00danie a Turecku.","breadcrumb":{"@id":"https:\/\/www.youthforequality.sk\/index.php\/2021\/04\/09\/move-in-a-green-way-turecko-litva-ceska-republika-madarsko-a-slovensko\/#breadcrumb"},"inLanguage":"sk-SK","potentialAction":[{"@type":"ReadAction","target":["https:\/\/www.youthforequality.sk\/index.php\/2021\/04\/09\/move-in-a-green-way-turecko-litva-ceska-republika-madarsko-a-slovensko\/"]}]},{"@type":"ImageObject","inLanguage":"sk-SK","@id":"https:\/\/www.youthforequality.sk\/index.php\/2021\/04\/09\/move-in-a-green-way-turecko-litva-ceska-republika-madarsko-a-slovensko\/#primaryimage","url":"https:\/\/www.youthforequality.sk\/wp-content\/uploads\/2021\/04\/Screen-Shot-2022-12-01-at-19.39.20.png","contentUrl":"https:\/\/www.youthforequality.sk\/wp-content\/uploads\/2021\/04\/Screen-Shot-2022-12-01-at-19.39.20.png","width":1172,"height":842},{"@type":"BreadcrumbList","@id":"https:\/\/www.youthforequality.sk\/index.php\/2021\/04\/09\/move-in-a-green-way-turecko-litva-ceska-republika-madarsko-a-slovensko\/#breadcrumb","itemListElement":[{"@type":"ListItem","position":1,"name":"Home","item":"https:\/\/www.youthforequality.sk\/"},{"@type":"ListItem","position":2,"name":"Move in a green way"}]},{"@type":"WebSite","@id":"https:\/\/www.youthforequality.sk\/#website","url":"https:\/\/www.youthforequality.sk\/","name":"","description":"","publisher":{"@id":"https:\/\/www.youthforequality.sk\/#organization"},"potentialAction":[{"@type":"SearchAction","target":{"@type":"EntryPoint","urlTemplate":"https:\/\/www.youthforequality.sk\/?s={search_term_string}"},"query-input":{"@type":"PropertyValueSpecification","valueRequired":true,"valueName":"search_term_string"}}],"inLanguage":"sk-SK"},{"@type":"Organization","@id":"https:\/\/www.youthforequality.sk\/#organization","name":"Youth for Equality","url":"https:\/\/www.youthforequality.sk\/","logo":{"@type":"ImageObject","inLanguage":"sk-SK","@id":"https:\/\/www.youthforequality.sk\/#\/schema\/logo\/image\/","url":"https:\/\/www.youthforequality.sk\/wp-content\/uploads\/2021\/01\/vynovene-logo-nove-farby_modra-na-web.png","contentUrl":"https:\/\/www.youthforequality.sk\/wp-content\/uploads\/2021\/01\/vynovene-logo-nove-farby_modra-na-web.png","width":1,"height":1,"caption":"Youth for Equality"},"image":{"@id":"https:\/\/www.youthforequality.sk\/#\/schema\/logo\/image\/"},"sameAs":["https:\/\/www.facebook.com\/yeslovakia"]},{"@type":"Person","@id":"https:\/\/www.youthforequality.sk\/#\/schema\/person\/be8fe75a4ed9c28400bc99a029218b24","name":"Diana Ja\u0161ekov\u00e1","image":{"@type":"ImageObject","inLanguage":"sk-SK","@id":"https:\/\/secure.gravatar.com\/avatar\/8c7454049523c9673804cf321f89b38fd4fcd5aa5ad8961f32caaf292dfd996f?s=96&d=mm&r=g","url":"https:\/\/secure.gravatar.com\/avatar\/8c7454049523c9673804cf321f89b38fd4fcd5aa5ad8961f32caaf292dfd996f?s=96&d=mm&r=g","contentUrl":"https:\/\/secure.gravatar.com\/avatar\/8c7454049523c9673804cf321f89b38fd4fcd5aa5ad8961f32caaf292dfd996f?s=96&d=mm&r=g","caption":"Diana Ja\u0161ekov\u00e1"},"url":"https:\/\/www.youthforequality.sk\/index.php\/author\/diajas\/"}]}},"_links":{"self":[{"href":"https:\/\/www.youthforequality.sk\/index.php\/wp-json\/wp\/v2\/posts\/2646","targetHints":{"allow":["GET"]}}],"collection":[{"href":"https:\/\/www.youthforequality.sk\/index.php\/wp-json\/wp\/v2\/posts"}],"about":[{"href":"https:\/\/www.youthforequality.sk\/index.php\/wp-json\/wp\/v2\/types\/post"}],"author":[{"embeddable":true,"href":"https:\/\/www.youthforequality.sk\/index.php\/wp-json\/wp\/v2\/users\/2"}],"replies":[{"embeddable":true,"href":"https:\/\/www.youthforequality.sk\/index.php\/wp-json\/wp\/v2\/comments?post=2646"}],"version-history":[{"count":25,"href":"https:\/\/www.youthforequality.sk\/index.php\/wp-json\/wp\/v2\/posts\/2646\/revisions"}],"predecessor-version":[{"id":4644,"href":"https:\/\/www.youthforequality.sk\/index.php\/wp-json\/wp\/v2\/posts\/2646\/revisions\/4644"}],"wp:featuredmedia":[{"embeddable":true,"href":"https:\/\/www.youthforequality.sk\/index.php\/wp-json\/wp\/v2\/media\/4511"}],"wp:attachment":[{"href":"https:\/\/www.youthforequality.sk\/index.php\/wp-json\/wp\/v2\/media?parent=2646"}],"wp:term":[{"taxonomy":"category","embeddable":true,"href":"https:\/\/www.youthforequality.sk\/index.php\/wp-json\/wp\/v2\/categories?post=2646"},{"taxonomy":"post_tag","embeddable":true,"href":"https:\/\/www.youthforequality.sk\/index.php\/wp-json\/wp\/v2\/tags?post=2646"}],"curies":[{"name":"wp","href":"https:\/\/api.w.org\/{rel}","templated":true}]}}