{"id":2657,"date":"2021-04-09T10:46:21","date_gmt":"2021-04-09T08:46:21","guid":{"rendered":"https:\/\/www.youthforequality.sk\/?p=2657"},"modified":"2023-11-27T13:37:18","modified_gmt":"2023-11-27T12:37:18","slug":"wise-mind-turecko-holandsko-taliansko-grecko-bulharsko-a-slovensko","status":"publish","type":"post","link":"https:\/\/www.youthforequality.sk\/index.php\/2021\/04\/09\/wise-mind-turecko-holandsko-taliansko-grecko-bulharsko-a-slovensko\/","title":{"rendered":"Wise Mind Project"},"content":{"rendered":"\t\t<div data-elementor-type=\"wp-post\" data-elementor-id=\"2657\" class=\"elementor elementor-2657\">\n\t\t\t\t\t\t<section class=\"elementor-section elementor-top-section elementor-element elementor-element-8be510c elementor-section-boxed elementor-section-height-default elementor-section-height-default\" data-id=\"8be510c\" data-element_type=\"section\" data-e-type=\"section\">\n\t\t\t\t\t\t<div class=\"elementor-container elementor-column-gap-default\">\n\t\t\t\t\t<div class=\"elementor-column elementor-col-100 elementor-top-column elementor-element elementor-element-fdca88b\" data-id=\"fdca88b\" data-element_type=\"column\" data-e-type=\"column\">\n\t\t\t<div class=\"elementor-widget-wrap elementor-element-populated\">\n\t\t\t\t\t\t<div class=\"elementor-element elementor-element-8d5e1ff elementor-widget elementor-widget-text-editor\" data-id=\"8d5e1ff\" data-element_type=\"widget\" data-e-type=\"widget\" data-widget_type=\"text-editor.default\">\n\t\t\t\t<div class=\"elementor-widget-container\">\n\t\t\t\t\t\t\t\t\t<p><span style=\"font-weight: 400;\">Mlad\u00ed \u013eudia m\u00f4\u017eu ma\u0165 v ka\u017edodennom \u017eivote emo\u010dn\u00e9, fyzick\u00e9 a psychologick\u00e9 \u0165a\u017ekosti sp\u00f4soben\u00e9 traumou, ktor\u00fa za\u017eili. T\u00e1to situ\u00e1cia m\u00f4\u017ee ma\u0165 vplyv aj na pracovn\u00edkov s ml\u00e1de\u017eou, ktor\u00ed s nimi pracuj\u00fa psychologicky, fyzicky a emocion\u00e1lne. Pracovn\u00edci s ml\u00e1de\u017eou zohr\u00e1vaj\u00fa akt\u00edvnu \u00falohu pri rie\u0161en\u00ed probl\u00e9mov znev\u00fdhodnen\u00fdch mlad\u00fdch \u013eud\u00ed v spolo\u010dnosti. Aby bolo mo\u017en\u00e9 v tomto procese n\u00e1js\u0165 efekt\u00edvne rie\u0161enie, mus\u00ed by\u0165 pracovn\u00edk s ml\u00e1de\u017eou duchovne, fyzicky a soci\u00e1lne sebesta\u010dn\u00fd. Pracovn\u00edci s ml\u00e1de\u017eou v\u0161ak pri ka\u017edodennom stresovom za\u0165a\u017een\u00ed a intenz\u00edvnom pracovnom tlaku nevedia, ako sa spr\u00e1va\u0165 v \u010dase kr\u00edzy, v d\u00f4sledku \u010doho sa pova\u017euj\u00fa za nedostato\u010dn\u00fdch pri rie\u0161en\u00ed probl\u00e9mov mlad\u00fdch jednotlivcov a c\u00edtia sa vy\u010derpan\u00ed. Pracovn\u00edci s ml\u00e1de\u017eou sa musia nau\u010di\u0165, ako riadi\u0165 proces blaha mlad\u00fdch \u013eud\u00ed aj ich samotn\u00fdch. Preto\u017ee neexistuje \u017eiadna met\u00f3da, ktor\u00e1 by sa mala dodr\u017eiava\u0165 v situ\u00e1ci\u00e1ch, ako s\u00fa kr\u00edzov\u00e9 situ\u00e1cie a zvl\u00e1danie stresu, nem\u00f4\u017eu efekt\u00edvne reagova\u0165 na po\u017eiadavky mlad\u00fdch \u013eud\u00ed.<\/span><\/p><p>\u00a0<\/p><p><span style=\"font-weight: 400;\"> Na zlep\u0161enie t\u00fdchto situ\u00e1ci\u00ed bolo potrebn\u00e9 pripravi\u0165 sprievodcu, ktor\u00fd je mo\u017en\u00e9 pou\u017ei\u0165 v mnoh\u00fdch oblastiach. Cie\u013eov\u00fdmi skupinami projektu Wise Mind s\u00fa traumatizovan\u00ed mlad\u00ed \u013eudia a pracovn\u00edci s ml\u00e1de\u017eou, ktor\u00ed s nimi pracuj\u00fa.\u00a0<\/span><span style=\"font-weight: 400;\">V\u00fdsledkami projektu s\u00fa: zvl\u00e1danie probl\u00e9mov, ktor\u00e9 maj\u00fa v ka\u017edodennom \u017eivote, pomocou osobitn\u00fdch techn\u00edk kr\u00edzov\u00e9ho riadenia, rozv\u00edjanie zru\u010dnost\u00ed na zn\u00ed\u017eenie frekvencie a z\u00e1va\u017enosti kr\u00edz v spr\u00e1van\u00ed, pr\u00edprava pr\u00edru\u010dky pre kr\u00edzov\u00e9 riadenie, ktor\u00fa m\u00f4\u017eu odborn\u00edci (pracovn\u00edci s ml\u00e1de\u017eou) vyu\u017ei\u0165 na u\u013eah\u010denie \u017eivota znev\u00fdhodnen\u00fdch mlad\u00fdch \u013eud\u00ed v spolo\u010dnosti s cie\u013eom umo\u017eni\u0165 im efekt\u00edvne \u010deli\u0165 probl\u00e9mom, zvy\u0161ovanie psychickej, fyzickej a soci\u00e1lnej odolnosti odborn\u00edkov (pracovn\u00edkov s ml\u00e1de\u017eou), aby lep\u0161ie zvl\u00e1dli kr\u00edzov\u00fd okamih a \u00faspe\u0161ne zvl\u00e1dali stres. <\/span><\/p><p>\u00a0<\/p><p><span style=\"font-weight: 400;\">Za t\u00fdmto \u00fa\u010delom s\u00fa vytvoren\u00e9 <strong>tri intelektu\u00e1lne v\u00fdstupy<\/strong>:<\/span><\/p><p>\u00a0<\/p><p class=\"_04xlpA direction-ltr align-justify para-style-body\"><span class=\"JsGRdQ\">1. <\/span><span class=\"JsGRdQ\">Definovanie zru\u010dnost\u00ed potrebn\u00fdch na zvl\u00e1danie kr\u00edzov\u00fdch situ\u00e1ci\u00ed<\/span><span class=\"JsGRdQ\"> potrebn\u00fdch v profesi\u00e1ch ako vzdel\u00e1vanie ml\u00e1de\u017ee, soci\u00e1lna pr\u00e1ca, kou\u010ding, psychol\u00f3gia a podobne<\/span><\/p><p class=\"_04xlpA direction-ltr align-justify para-style-body\">\u00a0<\/p><p class=\"_04xlpA direction-ltr align-justify para-style-body\"><span class=\"JsGRdQ\">2. <\/span><span class=\"JsGRdQ\">V\u00fdvoj holistick\u00e9ho syst\u00e9mu starostlivosti o seba &#8211; \u201cWise Mind\u201d<\/span><span class=\"JsGRdQ\">. Kompletn\u00fd tr\u00e9ningov\u00fd materi\u00e1l a pr\u00edru\u010dka o neurosekven\u010dnom modele mozgu, z\u00e1kladoch a pr\u00ed\u010din\u00e1ch traumy a stresu, starostlivosti o seba za \u00fa\u010delom odolnosti pri \u010dastej kr\u00edzovej intervencii pre soci\u00e1lnych pracovn\u00edkov a obdobn\u00fdch profesi\u00ed.<\/span><\/p><p class=\"_04xlpA direction-ltr align-justify para-style-body\">\u00a0<\/p><p class=\"_04xlpA direction-ltr align-justify para-style-body\"><span class=\"JsGRdQ\">3. <\/span><span class=\"JsGRdQ\">E-platforma pr\u00edpadov\u00fdch \u0161t\u00fadi\u00ed kr\u00edzov\u00e9ho mana\u017ementu<\/span><span class=\"JsGRdQ\"> v intervencii s de\u0165mi\/ml\u00e1de\u017eou prez\u00edvaj\u00facimi r\u00f4zne druhy traumy.<\/span><\/p><p>\u00a0<\/p><p><span style=\"font-weight: 400;\">M\u00e1 celkovo 9 partnerov: Istanbulsk\u00e1 univerzita &#8211; Cerrahpa\u015fa, Baslangic (Medzin\u00e1rodn\u00e1 asoci\u00e1cia nov\u00fdch za\u010diatkov prevencie a lie\u010dby traumy), YOUNET (Taliansko), Youth for Equality (Slovensko), Anata Foundation (Holandsko) , Drosostalida (Gr\u00e9cko) a Human &amp; Longevity (Bulharsko).<\/span><\/p><p><span style=\"font-weight: 400;\">\u00a0<\/span><\/p><p>Prejs\u0165 na str\u00e1nku projektu:\u00a0<strong><a href=\"http:\/\/www.wisemindproject.eu\">\u00a0www.wisemindproject.eu<\/a><\/strong><\/p>\t\t\t\t\t\t\t\t<\/div>\n\t\t\t\t<\/div>\n\t\t\t\t\t<\/div>\n\t\t<\/div>\n\t\t\t\t\t<\/div>\n\t\t<\/section>\n\t\t\t\t<section class=\"elementor-section elementor-top-section elementor-element elementor-element-54738f5 elementor-section-boxed elementor-section-height-default elementor-section-height-default\" data-id=\"54738f5\" data-element_type=\"section\" data-e-type=\"section\">\n\t\t\t\t\t\t<div class=\"elementor-container elementor-column-gap-default\">\n\t\t\t\t\t<div class=\"elementor-column elementor-col-100 elementor-top-column elementor-element elementor-element-563f9ce\" data-id=\"563f9ce\" data-element_type=\"column\" data-e-type=\"column\">\n\t\t\t<div class=\"elementor-widget-wrap elementor-element-populated\">\n\t\t\t\t\t\t<div class=\"elementor-element elementor-element-1338142 elementor-widget elementor-widget-text-editor\" data-id=\"1338142\" data-element_type=\"widget\" data-e-type=\"widget\" data-widget_type=\"text-editor.default\">\n\t\t\t\t<div class=\"elementor-widget-container\">\n\t\t\t\t\t\t\t\t\t<p>Vr\u00e1mci projektu sa uskuto\u010dnil vzdel\u00e1vac\u00ed semin\u00e1r v Istanbule, na ktorom sa prezentovali v\u0161etky v\u00fdstupy spolu s praktick\u00fdmi met\u00f3dami pre pracovn\u00edkov s ml\u00e1de\u017eou. Viac o semin\u00e1ri si m\u00f4\u017eete pre\u010d\u00edta\u0165 od jednej z \u00fa\u010dastn\u00ed\u010dok v na\u0161om <a href=\"https:\/\/www.youthforequality.sk\/index.php\/2022\/03\/04\/istanbul-je-uplne-ina-dimenzia\/\">blogu<\/a>.<\/p>\t\t\t\t\t\t\t\t<\/div>\n\t\t\t\t<\/div>\n\t\t\t\t<div class=\"elementor-element elementor-element-874e3fa elementor-arrows-position-inside elementor-pagination-position-outside elementor-widget elementor-widget-image-carousel\" data-id=\"874e3fa\" data-element_type=\"widget\" data-e-type=\"widget\" data-settings=\"{&quot;navigation&quot;:&quot;both&quot;,&quot;autoplay&quot;:&quot;yes&quot;,&quot;pause_on_hover&quot;:&quot;yes&quot;,&quot;pause_on_interaction&quot;:&quot;yes&quot;,&quot;autoplay_speed&quot;:5000,&quot;infinite&quot;:&quot;yes&quot;,&quot;speed&quot;:500}\" data-widget_type=\"image-carousel.default\">\n\t\t\t\t<div class=\"elementor-widget-container\">\n\t\t\t\t\t\t\t<div class=\"elementor-image-carousel-wrapper swiper\" role=\"region\" aria-roledescription=\"carousel\" aria-label=\"Obr\u00e1zkov\u00fd kot\u00fa\u010d\" dir=\"ltr\">\n\t\t\t<div class=\"elementor-image-carousel swiper-wrapper\" aria-live=\"off\">\n\t\t\t\t\t\t\t\t<div class=\"swiper-slide\" role=\"group\" aria-roledescription=\"slide\" aria-label=\"1 of 4\"><figure class=\"swiper-slide-inner\"><img decoding=\"async\" class=\"swiper-slide-image\" src=\"https:\/\/www.youthforequality.sk\/wp-content\/uploads\/2021\/04\/02_4-150x150.jpg\" alt=\"02_4\" \/><\/figure><\/div><div class=\"swiper-slide\" role=\"group\" aria-roledescription=\"slide\" aria-label=\"2 of 4\"><figure class=\"swiper-slide-inner\"><img decoding=\"async\" class=\"swiper-slide-image\" src=\"https:\/\/www.youthforequality.sk\/wp-content\/uploads\/2021\/04\/02_3-150x150.jpg\" alt=\"02_3\" \/><\/figure><\/div><div class=\"swiper-slide\" role=\"group\" aria-roledescription=\"slide\" aria-label=\"3 of 4\"><figure class=\"swiper-slide-inner\"><img decoding=\"async\" class=\"swiper-slide-image\" src=\"https:\/\/www.youthforequality.sk\/wp-content\/uploads\/2021\/04\/02_2-150x150.jpg\" alt=\"02_2\" \/><\/figure><\/div><div class=\"swiper-slide\" role=\"group\" aria-roledescription=\"slide\" aria-label=\"4 of 4\"><figure class=\"swiper-slide-inner\"><img decoding=\"async\" class=\"swiper-slide-image\" src=\"https:\/\/www.youthforequality.sk\/wp-content\/uploads\/2021\/04\/02_1-150x150.jpg\" alt=\"02_1\" \/><\/figure><\/div>\t\t\t<\/div>\n\t\t\t\t\t\t\t\t\t\t\t\t<div class=\"elementor-swiper-button elementor-swiper-button-prev\" role=\"button\" tabindex=\"0\">\n\t\t\t\t\t\t<i aria-hidden=\"true\" class=\"eicon-chevron-left\"><\/i>\t\t\t\t\t<\/div>\n\t\t\t\t\t<div class=\"elementor-swiper-button elementor-swiper-button-next\" role=\"button\" tabindex=\"0\">\n\t\t\t\t\t\t<i aria-hidden=\"true\" class=\"eicon-chevron-right\"><\/i>\t\t\t\t\t<\/div>\n\t\t\t\t\n\t\t\t\t\t\t\t\t\t<div class=\"swiper-pagination\"><\/div>\n\t\t\t\t\t\t\t\t\t<\/div>\n\t\t\t\t\t\t<\/div>\n\t\t\t\t<\/div>\n\t\t\t\t\t<\/div>\n\t\t<\/div>\n\t\t\t\t\t<\/div>\n\t\t<\/section>\n\t\t\t\t<section class=\"elementor-section elementor-top-section elementor-element elementor-element-3b825e3 elementor-section-boxed elementor-section-height-default elementor-section-height-default\" data-id=\"3b825e3\" data-element_type=\"section\" data-e-type=\"section\">\n\t\t\t\t\t\t<div class=\"elementor-container elementor-column-gap-default\">\n\t\t\t\t\t<div class=\"elementor-column elementor-col-100 elementor-top-column elementor-element elementor-element-0c5e37e\" data-id=\"0c5e37e\" data-element_type=\"column\" data-e-type=\"column\">\n\t\t\t<div class=\"elementor-widget-wrap elementor-element-populated\">\n\t\t\t\t\t\t<div class=\"elementor-element elementor-element-71cb728 elementor-widget elementor-widget-text-editor\" data-id=\"71cb728\" data-element_type=\"widget\" data-e-type=\"widget\" data-widget_type=\"text-editor.default\">\n\t\t\t\t<div class=\"elementor-widget-container\">\n\t\t\t\t\t\t\t\t\t<p>Z\u00e1vere\u010dnou udalos\u0165ou pre ka\u017ed\u00fa krajinu bola prezent\u00e1cia pre lok\u00e1lnu odborn\u00fa aj laick\u00fa komunitu. My sme usporiadali v Trnave stretnutie na t\u00e9mu vyhorenia v spolupr\u00e1ci s arteterapeutkou <a href=\"https:\/\/www.arteterapia-canisterapia.sk\/\">Andreou Geseovou<\/a>.\u00a0<\/p>\t\t\t\t\t\t\t\t<\/div>\n\t\t\t\t<\/div>\n\t\t\t\t\t<\/div>\n\t\t<\/div>\n\t\t\t\t\t<\/div>\n\t\t<\/section>\n\t\t\t\t<section class=\"elementor-section elementor-top-section elementor-element elementor-element-418a567 elementor-section-boxed elementor-section-height-default elementor-section-height-default\" data-id=\"418a567\" data-element_type=\"section\" data-e-type=\"section\">\n\t\t\t\t\t\t<div class=\"elementor-container elementor-column-gap-default\">\n\t\t\t\t\t<div class=\"elementor-column elementor-col-100 elementor-top-column elementor-element elementor-element-14dbaa4\" data-id=\"14dbaa4\" data-element_type=\"column\" data-e-type=\"column\">\n\t\t\t<div class=\"elementor-widget-wrap elementor-element-populated\">\n\t\t\t\t\t\t<div class=\"elementor-element elementor-element-52b918b elementor-arrows-position-inside elementor-pagination-position-outside elementor-widget elementor-widget-image-carousel\" data-id=\"52b918b\" data-element_type=\"widget\" data-e-type=\"widget\" data-settings=\"{&quot;navigation&quot;:&quot;both&quot;,&quot;autoplay&quot;:&quot;yes&quot;,&quot;pause_on_hover&quot;:&quot;yes&quot;,&quot;pause_on_interaction&quot;:&quot;yes&quot;,&quot;autoplay_speed&quot;:5000,&quot;infinite&quot;:&quot;yes&quot;,&quot;speed&quot;:500}\" data-widget_type=\"image-carousel.default\">\n\t\t\t\t<div class=\"elementor-widget-container\">\n\t\t\t\t\t\t\t<div class=\"elementor-image-carousel-wrapper swiper\" role=\"region\" aria-roledescription=\"carousel\" aria-label=\"Obr\u00e1zkov\u00fd kot\u00fa\u010d\" dir=\"ltr\">\n\t\t\t<div class=\"elementor-image-carousel swiper-wrapper\" aria-live=\"off\">\n\t\t\t\t\t\t\t\t<div class=\"swiper-slide\" role=\"group\" aria-roledescription=\"slide\" aria-label=\"1 of 5\"><figure class=\"swiper-slide-inner\"><img decoding=\"async\" class=\"swiper-slide-image\" src=\"https:\/\/www.youthforequality.sk\/wp-content\/uploads\/2021\/04\/IMG_4839-150x150.jpg\" alt=\"IMG_4839\" \/><\/figure><\/div><div class=\"swiper-slide\" role=\"group\" aria-roledescription=\"slide\" aria-label=\"2 of 5\"><figure class=\"swiper-slide-inner\"><img decoding=\"async\" class=\"swiper-slide-image\" src=\"https:\/\/www.youthforequality.sk\/wp-content\/uploads\/2021\/04\/sssdfsdf-150x150.png\" alt=\"sssdfsdf\" \/><\/figure><\/div><div class=\"swiper-slide\" role=\"group\" aria-roledescription=\"slide\" aria-label=\"3 of 5\"><figure class=\"swiper-slide-inner\"><img decoding=\"async\" class=\"swiper-slide-image\" src=\"https:\/\/www.youthforequality.sk\/wp-content\/uploads\/2021\/04\/sadfsfd-150x150.png\" alt=\"sadfsfd\" \/><\/figure><\/div><div class=\"swiper-slide\" role=\"group\" aria-roledescription=\"slide\" aria-label=\"4 of 5\"><figure class=\"swiper-slide-inner\"><img decoding=\"async\" class=\"swiper-slide-image\" src=\"https:\/\/www.youthforequality.sk\/wp-content\/uploads\/2021\/04\/ertete-150x150.png\" alt=\"ertete\" \/><\/figure><\/div><div class=\"swiper-slide\" role=\"group\" aria-roledescription=\"slide\" aria-label=\"5 of 5\"><figure class=\"swiper-slide-inner\"><img decoding=\"async\" class=\"swiper-slide-image\" src=\"https:\/\/www.youthforequality.sk\/wp-content\/uploads\/2021\/04\/arte-vyhorenie-1-150x150.png\" alt=\"arte vyhorenie (1)\" \/><\/figure><\/div>\t\t\t<\/div>\n\t\t\t\t\t\t\t\t\t\t\t\t<div class=\"elementor-swiper-button elementor-swiper-button-prev\" role=\"button\" tabindex=\"0\">\n\t\t\t\t\t\t<i aria-hidden=\"true\" class=\"eicon-chevron-left\"><\/i>\t\t\t\t\t<\/div>\n\t\t\t\t\t<div class=\"elementor-swiper-button elementor-swiper-button-next\" role=\"button\" tabindex=\"0\">\n\t\t\t\t\t\t<i aria-hidden=\"true\" class=\"eicon-chevron-right\"><\/i>\t\t\t\t\t<\/div>\n\t\t\t\t\n\t\t\t\t\t\t\t\t\t<div class=\"swiper-pagination\"><\/div>\n\t\t\t\t\t\t\t\t\t<\/div>\n\t\t\t\t\t\t<\/div>\n\t\t\t\t<\/div>\n\t\t\t\t\t<\/div>\n\t\t<\/div>\n\t\t\t\t\t<\/div>\n\t\t<\/section>\n\t\t\t\t<\/div>\n\t\t","protected":false},"excerpt":{"rendered":"<p>Mlad\u00ed \u013eudia m\u00f4\u017eu ma\u0165 v ka\u017edodennom \u017eivote emo\u010dn\u00e9, fyzick\u00e9 a psychologick\u00e9 \u0165a\u017ekosti sp\u00f4soben\u00e9 traumou, ktor\u00fa za\u017eili. T\u00e1to situ\u00e1cia m\u00f4\u017ee ma\u0165 vplyv aj na pracovn\u00edkov s ml\u00e1de\u017eou, ktor\u00ed s nimi pracuj\u00fa psychologicky, fyzicky a emocion\u00e1lne. Pracovn\u00edci s ml\u00e1de\u017eou zohr\u00e1vaj\u00fa akt\u00edvnu \u00falohu pri rie\u0161en\u00ed probl\u00e9mov znev\u00fdhodnen\u00fdch mlad\u00fdch \u013eud\u00ed v spolo\u010dnosti. Aby bolo mo\u017en\u00e9 v tomto procese n\u00e1js\u0165&hellip;&nbsp;<a href=\"https:\/\/www.youthforequality.sk\/index.php\/2021\/04\/09\/wise-mind-turecko-holandsko-taliansko-grecko-bulharsko-a-slovensko\/\" class=\"\" rel=\"bookmark\">\u010c\u00edta\u0165 viac &raquo;<span class=\"screen-reader-text\">Wise Mind Project<\/span><\/a><\/p>\n","protected":false},"author":2,"featured_media":6301,"comment_status":"closed","ping_status":"open","sticky":false,"template":"","format":"standard","meta":{"_uf_show_specific_survey":0,"_uf_disable_surveys":false,"neve_meta_sidebar":"","neve_meta_container":"","neve_meta_enable_content_width":"off","neve_meta_content_width":70,"neve_meta_title_alignment":"","neve_meta_author_avatar":"","neve_post_elements_order":"","neve_meta_disable_header":"","neve_meta_disable_footer":"","neve_meta_disable_title":"","_themeisle_gutenberg_block_has_review":false,"footnotes":""},"categories":[37,1],"tags":[],"class_list":["post-2657","post","type-post","status-publish","format-standard","has-post-thumbnail","hentry","category-skolenia-pre-pracovnikov-s-mladezou-predosle-projekty","category-uncategorized"],"yoast_head":"<!-- This site is optimized with the Yoast SEO plugin v27.4 - https:\/\/yoast.com\/product\/yoast-seo-wordpress\/ -->\n<title>Wise Mind Project |<\/title>\n<meta name=\"description\" content=\"Cie\u013eov\u00fdmi skupinami projektu Wise Mind s\u00fa traumatizovan\u00ed mlad\u00ed \u013eudia a pracovn\u00edci s ml\u00e1de\u017eou, ktor\u00ed s nimi pracuj\u00fa.\" \/>\n<meta name=\"robots\" content=\"index, follow, max-snippet:-1, max-image-preview:large, max-video-preview:-1\" \/>\n<link rel=\"canonical\" href=\"https:\/\/www.youthforequality.sk\/index.php\/2021\/04\/09\/wise-mind-turecko-holandsko-taliansko-grecko-bulharsko-a-slovensko\/\" \/>\n<meta property=\"og:locale\" content=\"sk_SK\" \/>\n<meta property=\"og:type\" content=\"article\" \/>\n<meta property=\"og:title\" content=\"Wise Mind Project |\" \/>\n<meta property=\"og:description\" content=\"Cie\u013eov\u00fdmi skupinami projektu Wise Mind s\u00fa traumatizovan\u00ed mlad\u00ed \u013eudia a pracovn\u00edci s ml\u00e1de\u017eou, ktor\u00ed s nimi pracuj\u00fa.\" \/>\n<meta property=\"og:url\" content=\"https:\/\/www.youthforequality.sk\/index.php\/2021\/04\/09\/wise-mind-turecko-holandsko-taliansko-grecko-bulharsko-a-slovensko\/\" \/>\n<meta property=\"article:publisher\" content=\"https:\/\/www.facebook.com\/yeslovakia\" \/>\n<meta property=\"article:published_time\" content=\"2021-04-09T08:46:21+00:00\" \/>\n<meta property=\"article:modified_time\" content=\"2023-11-27T12:37:18+00:00\" \/>\n<meta property=\"og:image\" content=\"https:\/\/www.youthforequality.sk\/wp-content\/uploads\/2021\/04\/wisemind.jpeg\" \/>\n\t<meta property=\"og:image:width\" content=\"1600\" \/>\n\t<meta property=\"og:image:height\" content=\"1067\" \/>\n\t<meta property=\"og:image:type\" content=\"image\/jpeg\" \/>\n<meta name=\"author\" content=\"Diana Ja\u0161ekov\u00e1\" \/>\n<meta name=\"twitter:card\" content=\"summary_large_image\" \/>\n<meta name=\"twitter:label1\" content=\"Autor\" \/>\n\t<meta name=\"twitter:data1\" content=\"Diana Ja\u0161ekov\u00e1\" \/>\n\t<meta name=\"twitter:label2\" content=\"Predpokladan\u00fd \u010das \u010d\u00edtania\" \/>\n\t<meta name=\"twitter:data2\" content=\"7 min\u00fat\" \/>\n<script type=\"application\/ld+json\" class=\"yoast-schema-graph\">{\"@context\":\"https:\\\/\\\/schema.org\",\"@graph\":[{\"@type\":\"Article\",\"@id\":\"https:\\\/\\\/www.youthforequality.sk\\\/index.php\\\/2021\\\/04\\\/09\\\/wise-mind-turecko-holandsko-taliansko-grecko-bulharsko-a-slovensko\\\/#article\",\"isPartOf\":{\"@id\":\"https:\\\/\\\/www.youthforequality.sk\\\/index.php\\\/2021\\\/04\\\/09\\\/wise-mind-turecko-holandsko-taliansko-grecko-bulharsko-a-slovensko\\\/\"},\"author\":{\"name\":\"Diana Ja\u0161ekov\u00e1\",\"@id\":\"https:\\\/\\\/www.youthforequality.sk\\\/#\\\/schema\\\/person\\\/be8fe75a4ed9c28400bc99a029218b24\"},\"headline\":\"Wise Mind Project\",\"datePublished\":\"2021-04-09T08:46:21+00:00\",\"dateModified\":\"2023-11-27T12:37:18+00:00\",\"mainEntityOfPage\":{\"@id\":\"https:\\\/\\\/www.youthforequality.sk\\\/index.php\\\/2021\\\/04\\\/09\\\/wise-mind-turecko-holandsko-taliansko-grecko-bulharsko-a-slovensko\\\/\"},\"wordCount\":635,\"publisher\":{\"@id\":\"https:\\\/\\\/www.youthforequality.sk\\\/#organization\"},\"image\":{\"@id\":\"https:\\\/\\\/www.youthforequality.sk\\\/index.php\\\/2021\\\/04\\\/09\\\/wise-mind-turecko-holandsko-taliansko-grecko-bulharsko-a-slovensko\\\/#primaryimage\"},\"thumbnailUrl\":\"https:\\\/\\\/www.youthforequality.sk\\\/wp-content\\\/uploads\\\/2021\\\/04\\\/Green-Illustrated-Eco-Grocery-Banner-4.png\",\"articleSection\":[\"\u0160kolenia pre pracovn\u00edkov s ml\u00e1de\u017eou - predo\u0161l\u00e9 projekty\",\"Uncategorized\"],\"inLanguage\":\"sk-SK\"},{\"@type\":\"WebPage\",\"@id\":\"https:\\\/\\\/www.youthforequality.sk\\\/index.php\\\/2021\\\/04\\\/09\\\/wise-mind-turecko-holandsko-taliansko-grecko-bulharsko-a-slovensko\\\/\",\"url\":\"https:\\\/\\\/www.youthforequality.sk\\\/index.php\\\/2021\\\/04\\\/09\\\/wise-mind-turecko-holandsko-taliansko-grecko-bulharsko-a-slovensko\\\/\",\"name\":\"Wise Mind Project |\",\"isPartOf\":{\"@id\":\"https:\\\/\\\/www.youthforequality.sk\\\/#website\"},\"primaryImageOfPage\":{\"@id\":\"https:\\\/\\\/www.youthforequality.sk\\\/index.php\\\/2021\\\/04\\\/09\\\/wise-mind-turecko-holandsko-taliansko-grecko-bulharsko-a-slovensko\\\/#primaryimage\"},\"image\":{\"@id\":\"https:\\\/\\\/www.youthforequality.sk\\\/index.php\\\/2021\\\/04\\\/09\\\/wise-mind-turecko-holandsko-taliansko-grecko-bulharsko-a-slovensko\\\/#primaryimage\"},\"thumbnailUrl\":\"https:\\\/\\\/www.youthforequality.sk\\\/wp-content\\\/uploads\\\/2021\\\/04\\\/Green-Illustrated-Eco-Grocery-Banner-4.png\",\"datePublished\":\"2021-04-09T08:46:21+00:00\",\"dateModified\":\"2023-11-27T12:37:18+00:00\",\"description\":\"Cie\u013eov\u00fdmi skupinami projektu Wise Mind s\u00fa traumatizovan\u00ed mlad\u00ed \u013eudia a pracovn\u00edci s ml\u00e1de\u017eou, ktor\u00ed s nimi pracuj\u00fa.\",\"breadcrumb\":{\"@id\":\"https:\\\/\\\/www.youthforequality.sk\\\/index.php\\\/2021\\\/04\\\/09\\\/wise-mind-turecko-holandsko-taliansko-grecko-bulharsko-a-slovensko\\\/#breadcrumb\"},\"inLanguage\":\"sk-SK\",\"potentialAction\":[{\"@type\":\"ReadAction\",\"target\":[\"https:\\\/\\\/www.youthforequality.sk\\\/index.php\\\/2021\\\/04\\\/09\\\/wise-mind-turecko-holandsko-taliansko-grecko-bulharsko-a-slovensko\\\/\"]}]},{\"@type\":\"ImageObject\",\"inLanguage\":\"sk-SK\",\"@id\":\"https:\\\/\\\/www.youthforequality.sk\\\/index.php\\\/2021\\\/04\\\/09\\\/wise-mind-turecko-holandsko-taliansko-grecko-bulharsko-a-slovensko\\\/#primaryimage\",\"url\":\"https:\\\/\\\/www.youthforequality.sk\\\/wp-content\\\/uploads\\\/2021\\\/04\\\/Green-Illustrated-Eco-Grocery-Banner-4.png\",\"contentUrl\":\"https:\\\/\\\/www.youthforequality.sk\\\/wp-content\\\/uploads\\\/2021\\\/04\\\/Green-Illustrated-Eco-Grocery-Banner-4.png\",\"width\":6912,\"height\":3456},{\"@type\":\"BreadcrumbList\",\"@id\":\"https:\\\/\\\/www.youthforequality.sk\\\/index.php\\\/2021\\\/04\\\/09\\\/wise-mind-turecko-holandsko-taliansko-grecko-bulharsko-a-slovensko\\\/#breadcrumb\",\"itemListElement\":[{\"@type\":\"ListItem\",\"position\":1,\"name\":\"Home\",\"item\":\"https:\\\/\\\/www.youthforequality.sk\\\/\"},{\"@type\":\"ListItem\",\"position\":2,\"name\":\"Wise Mind Project\"}]},{\"@type\":\"WebSite\",\"@id\":\"https:\\\/\\\/www.youthforequality.sk\\\/#website\",\"url\":\"https:\\\/\\\/www.youthforequality.sk\\\/\",\"name\":\"\",\"description\":\"\",\"publisher\":{\"@id\":\"https:\\\/\\\/www.youthforequality.sk\\\/#organization\"},\"potentialAction\":[{\"@type\":\"SearchAction\",\"target\":{\"@type\":\"EntryPoint\",\"urlTemplate\":\"https:\\\/\\\/www.youthforequality.sk\\\/?s={search_term_string}\"},\"query-input\":{\"@type\":\"PropertyValueSpecification\",\"valueRequired\":true,\"valueName\":\"search_term_string\"}}],\"inLanguage\":\"sk-SK\"},{\"@type\":\"Organization\",\"@id\":\"https:\\\/\\\/www.youthforequality.sk\\\/#organization\",\"name\":\"Youth for Equality\",\"url\":\"https:\\\/\\\/www.youthforequality.sk\\\/\",\"logo\":{\"@type\":\"ImageObject\",\"inLanguage\":\"sk-SK\",\"@id\":\"https:\\\/\\\/www.youthforequality.sk\\\/#\\\/schema\\\/logo\\\/image\\\/\",\"url\":\"https:\\\/\\\/www.youthforequality.sk\\\/wp-content\\\/uploads\\\/2021\\\/01\\\/vynovene-logo-nove-farby_modra-na-web.png\",\"contentUrl\":\"https:\\\/\\\/www.youthforequality.sk\\\/wp-content\\\/uploads\\\/2021\\\/01\\\/vynovene-logo-nove-farby_modra-na-web.png\",\"width\":1,\"height\":1,\"caption\":\"Youth for Equality\"},\"image\":{\"@id\":\"https:\\\/\\\/www.youthforequality.sk\\\/#\\\/schema\\\/logo\\\/image\\\/\"},\"sameAs\":[\"https:\\\/\\\/www.facebook.com\\\/yeslovakia\"]},{\"@type\":\"Person\",\"@id\":\"https:\\\/\\\/www.youthforequality.sk\\\/#\\\/schema\\\/person\\\/be8fe75a4ed9c28400bc99a029218b24\",\"name\":\"Diana Ja\u0161ekov\u00e1\",\"image\":{\"@type\":\"ImageObject\",\"inLanguage\":\"sk-SK\",\"@id\":\"https:\\\/\\\/secure.gravatar.com\\\/avatar\\\/8c7454049523c9673804cf321f89b38fd4fcd5aa5ad8961f32caaf292dfd996f?s=96&d=mm&r=g\",\"url\":\"https:\\\/\\\/secure.gravatar.com\\\/avatar\\\/8c7454049523c9673804cf321f89b38fd4fcd5aa5ad8961f32caaf292dfd996f?s=96&d=mm&r=g\",\"contentUrl\":\"https:\\\/\\\/secure.gravatar.com\\\/avatar\\\/8c7454049523c9673804cf321f89b38fd4fcd5aa5ad8961f32caaf292dfd996f?s=96&d=mm&r=g\",\"caption\":\"Diana Ja\u0161ekov\u00e1\"},\"url\":\"https:\\\/\\\/www.youthforequality.sk\\\/index.php\\\/author\\\/diajas\\\/\"}]}<\/script>\n<!-- \/ Yoast SEO plugin. -->","yoast_head_json":{"title":"Wise Mind Project |","description":"Cie\u013eov\u00fdmi skupinami projektu Wise Mind s\u00fa traumatizovan\u00ed mlad\u00ed \u013eudia a pracovn\u00edci s ml\u00e1de\u017eou, ktor\u00ed s nimi pracuj\u00fa.","robots":{"index":"index","follow":"follow","max-snippet":"max-snippet:-1","max-image-preview":"max-image-preview:large","max-video-preview":"max-video-preview:-1"},"canonical":"https:\/\/www.youthforequality.sk\/index.php\/2021\/04\/09\/wise-mind-turecko-holandsko-taliansko-grecko-bulharsko-a-slovensko\/","og_locale":"sk_SK","og_type":"article","og_title":"Wise Mind Project |","og_description":"Cie\u013eov\u00fdmi skupinami projektu Wise Mind s\u00fa traumatizovan\u00ed mlad\u00ed \u013eudia a pracovn\u00edci s ml\u00e1de\u017eou, ktor\u00ed s nimi pracuj\u00fa.","og_url":"https:\/\/www.youthforequality.sk\/index.php\/2021\/04\/09\/wise-mind-turecko-holandsko-taliansko-grecko-bulharsko-a-slovensko\/","article_publisher":"https:\/\/www.facebook.com\/yeslovakia","article_published_time":"2021-04-09T08:46:21+00:00","article_modified_time":"2023-11-27T12:37:18+00:00","og_image":[{"width":1600,"height":1067,"url":"https:\/\/www.youthforequality.sk\/wp-content\/uploads\/2021\/04\/wisemind.jpeg","type":"image\/jpeg"}],"author":"Diana Ja\u0161ekov\u00e1","twitter_card":"summary_large_image","twitter_misc":{"Autor":"Diana Ja\u0161ekov\u00e1","Predpokladan\u00fd \u010das \u010d\u00edtania":"7 min\u00fat"},"schema":{"@context":"https:\/\/schema.org","@graph":[{"@type":"Article","@id":"https:\/\/www.youthforequality.sk\/index.php\/2021\/04\/09\/wise-mind-turecko-holandsko-taliansko-grecko-bulharsko-a-slovensko\/#article","isPartOf":{"@id":"https:\/\/www.youthforequality.sk\/index.php\/2021\/04\/09\/wise-mind-turecko-holandsko-taliansko-grecko-bulharsko-a-slovensko\/"},"author":{"name":"Diana Ja\u0161ekov\u00e1","@id":"https:\/\/www.youthforequality.sk\/#\/schema\/person\/be8fe75a4ed9c28400bc99a029218b24"},"headline":"Wise Mind Project","datePublished":"2021-04-09T08:46:21+00:00","dateModified":"2023-11-27T12:37:18+00:00","mainEntityOfPage":{"@id":"https:\/\/www.youthforequality.sk\/index.php\/2021\/04\/09\/wise-mind-turecko-holandsko-taliansko-grecko-bulharsko-a-slovensko\/"},"wordCount":635,"publisher":{"@id":"https:\/\/www.youthforequality.sk\/#organization"},"image":{"@id":"https:\/\/www.youthforequality.sk\/index.php\/2021\/04\/09\/wise-mind-turecko-holandsko-taliansko-grecko-bulharsko-a-slovensko\/#primaryimage"},"thumbnailUrl":"https:\/\/www.youthforequality.sk\/wp-content\/uploads\/2021\/04\/Green-Illustrated-Eco-Grocery-Banner-4.png","articleSection":["\u0160kolenia pre pracovn\u00edkov s ml\u00e1de\u017eou - predo\u0161l\u00e9 projekty","Uncategorized"],"inLanguage":"sk-SK"},{"@type":"WebPage","@id":"https:\/\/www.youthforequality.sk\/index.php\/2021\/04\/09\/wise-mind-turecko-holandsko-taliansko-grecko-bulharsko-a-slovensko\/","url":"https:\/\/www.youthforequality.sk\/index.php\/2021\/04\/09\/wise-mind-turecko-holandsko-taliansko-grecko-bulharsko-a-slovensko\/","name":"Wise Mind Project |","isPartOf":{"@id":"https:\/\/www.youthforequality.sk\/#website"},"primaryImageOfPage":{"@id":"https:\/\/www.youthforequality.sk\/index.php\/2021\/04\/09\/wise-mind-turecko-holandsko-taliansko-grecko-bulharsko-a-slovensko\/#primaryimage"},"image":{"@id":"https:\/\/www.youthforequality.sk\/index.php\/2021\/04\/09\/wise-mind-turecko-holandsko-taliansko-grecko-bulharsko-a-slovensko\/#primaryimage"},"thumbnailUrl":"https:\/\/www.youthforequality.sk\/wp-content\/uploads\/2021\/04\/Green-Illustrated-Eco-Grocery-Banner-4.png","datePublished":"2021-04-09T08:46:21+00:00","dateModified":"2023-11-27T12:37:18+00:00","description":"Cie\u013eov\u00fdmi skupinami projektu Wise Mind s\u00fa traumatizovan\u00ed mlad\u00ed \u013eudia a pracovn\u00edci s ml\u00e1de\u017eou, ktor\u00ed s nimi pracuj\u00fa.","breadcrumb":{"@id":"https:\/\/www.youthforequality.sk\/index.php\/2021\/04\/09\/wise-mind-turecko-holandsko-taliansko-grecko-bulharsko-a-slovensko\/#breadcrumb"},"inLanguage":"sk-SK","potentialAction":[{"@type":"ReadAction","target":["https:\/\/www.youthforequality.sk\/index.php\/2021\/04\/09\/wise-mind-turecko-holandsko-taliansko-grecko-bulharsko-a-slovensko\/"]}]},{"@type":"ImageObject","inLanguage":"sk-SK","@id":"https:\/\/www.youthforequality.sk\/index.php\/2021\/04\/09\/wise-mind-turecko-holandsko-taliansko-grecko-bulharsko-a-slovensko\/#primaryimage","url":"https:\/\/www.youthforequality.sk\/wp-content\/uploads\/2021\/04\/Green-Illustrated-Eco-Grocery-Banner-4.png","contentUrl":"https:\/\/www.youthforequality.sk\/wp-content\/uploads\/2021\/04\/Green-Illustrated-Eco-Grocery-Banner-4.png","width":6912,"height":3456},{"@type":"BreadcrumbList","@id":"https:\/\/www.youthforequality.sk\/index.php\/2021\/04\/09\/wise-mind-turecko-holandsko-taliansko-grecko-bulharsko-a-slovensko\/#breadcrumb","itemListElement":[{"@type":"ListItem","position":1,"name":"Home","item":"https:\/\/www.youthforequality.sk\/"},{"@type":"ListItem","position":2,"name":"Wise Mind Project"}]},{"@type":"WebSite","@id":"https:\/\/www.youthforequality.sk\/#website","url":"https:\/\/www.youthforequality.sk\/","name":"","description":"","publisher":{"@id":"https:\/\/www.youthforequality.sk\/#organization"},"potentialAction":[{"@type":"SearchAction","target":{"@type":"EntryPoint","urlTemplate":"https:\/\/www.youthforequality.sk\/?s={search_term_string}"},"query-input":{"@type":"PropertyValueSpecification","valueRequired":true,"valueName":"search_term_string"}}],"inLanguage":"sk-SK"},{"@type":"Organization","@id":"https:\/\/www.youthforequality.sk\/#organization","name":"Youth for Equality","url":"https:\/\/www.youthforequality.sk\/","logo":{"@type":"ImageObject","inLanguage":"sk-SK","@id":"https:\/\/www.youthforequality.sk\/#\/schema\/logo\/image\/","url":"https:\/\/www.youthforequality.sk\/wp-content\/uploads\/2021\/01\/vynovene-logo-nove-farby_modra-na-web.png","contentUrl":"https:\/\/www.youthforequality.sk\/wp-content\/uploads\/2021\/01\/vynovene-logo-nove-farby_modra-na-web.png","width":1,"height":1,"caption":"Youth for Equality"},"image":{"@id":"https:\/\/www.youthforequality.sk\/#\/schema\/logo\/image\/"},"sameAs":["https:\/\/www.facebook.com\/yeslovakia"]},{"@type":"Person","@id":"https:\/\/www.youthforequality.sk\/#\/schema\/person\/be8fe75a4ed9c28400bc99a029218b24","name":"Diana Ja\u0161ekov\u00e1","image":{"@type":"ImageObject","inLanguage":"sk-SK","@id":"https:\/\/secure.gravatar.com\/avatar\/8c7454049523c9673804cf321f89b38fd4fcd5aa5ad8961f32caaf292dfd996f?s=96&d=mm&r=g","url":"https:\/\/secure.gravatar.com\/avatar\/8c7454049523c9673804cf321f89b38fd4fcd5aa5ad8961f32caaf292dfd996f?s=96&d=mm&r=g","contentUrl":"https:\/\/secure.gravatar.com\/avatar\/8c7454049523c9673804cf321f89b38fd4fcd5aa5ad8961f32caaf292dfd996f?s=96&d=mm&r=g","caption":"Diana Ja\u0161ekov\u00e1"},"url":"https:\/\/www.youthforequality.sk\/index.php\/author\/diajas\/"}]}},"_links":{"self":[{"href":"https:\/\/www.youthforequality.sk\/index.php\/wp-json\/wp\/v2\/posts\/2657","targetHints":{"allow":["GET"]}}],"collection":[{"href":"https:\/\/www.youthforequality.sk\/index.php\/wp-json\/wp\/v2\/posts"}],"about":[{"href":"https:\/\/www.youthforequality.sk\/index.php\/wp-json\/wp\/v2\/types\/post"}],"author":[{"embeddable":true,"href":"https:\/\/www.youthforequality.sk\/index.php\/wp-json\/wp\/v2\/users\/2"}],"replies":[{"embeddable":true,"href":"https:\/\/www.youthforequality.sk\/index.php\/wp-json\/wp\/v2\/comments?post=2657"}],"version-history":[{"count":14,"href":"https:\/\/www.youthforequality.sk\/index.php\/wp-json\/wp\/v2\/posts\/2657\/revisions"}],"predecessor-version":[{"id":6304,"href":"https:\/\/www.youthforequality.sk\/index.php\/wp-json\/wp\/v2\/posts\/2657\/revisions\/6304"}],"wp:featuredmedia":[{"embeddable":true,"href":"https:\/\/www.youthforequality.sk\/index.php\/wp-json\/wp\/v2\/media\/6301"}],"wp:attachment":[{"href":"https:\/\/www.youthforequality.sk\/index.php\/wp-json\/wp\/v2\/media?parent=2657"}],"wp:term":[{"taxonomy":"category","embeddable":true,"href":"https:\/\/www.youthforequality.sk\/index.php\/wp-json\/wp\/v2\/categories?post=2657"},{"taxonomy":"post_tag","embeddable":true,"href":"https:\/\/www.youthforequality.sk\/index.php\/wp-json\/wp\/v2\/tags?post=2657"}],"curies":[{"name":"wp","href":"https:\/\/api.w.org\/{rel}","templated":true}]}}