{"id":2668,"date":"2021-04-09T10:59:14","date_gmt":"2021-04-09T08:59:14","guid":{"rendered":"https:\/\/www.youthforequality.sk\/?p=2668"},"modified":"2021-04-09T11:05:05","modified_gmt":"2021-04-09T09:05:05","slug":"volunteer-united-in-diversity-ateny-grecko","status":"publish","type":"post","link":"https:\/\/www.youthforequality.sk\/index.php\/2021\/04\/09\/volunteer-united-in-diversity-ateny-grecko\/","title":{"rendered":"Volunteer United in Diversity At\u00e9ny Gr\u00e9cko"},"content":{"rendered":"\t\t<div data-elementor-type=\"wp-post\" data-elementor-id=\"2668\" class=\"elementor elementor-2668\">\n\t\t\t\t\t\t<section class=\"elementor-section elementor-top-section elementor-element elementor-element-a04c385 elementor-section-boxed elementor-section-height-default elementor-section-height-default\" data-id=\"a04c385\" data-element_type=\"section\" data-e-type=\"section\">\n\t\t\t\t\t\t<div class=\"elementor-container elementor-column-gap-default\">\n\t\t\t\t\t<div class=\"elementor-column elementor-col-100 elementor-top-column elementor-element elementor-element-79dcbf6\" data-id=\"79dcbf6\" data-element_type=\"column\" data-e-type=\"column\">\n\t\t\t<div class=\"elementor-widget-wrap elementor-element-populated\">\n\t\t\t\t\t\t<div class=\"elementor-element elementor-element-e925fa6 elementor-widget elementor-widget-text-editor\" data-id=\"e925fa6\" data-element_type=\"widget\" data-e-type=\"widget\" data-widget_type=\"text-editor.default\">\n\t\t\t\t<div class=\"elementor-widget-container\">\n\t\t\t\t\t\t\t\t\t<p>\u201eDobrovo\u013en\u00edci zjednoten\u00ed v rozmanitosti\u201c bol 6-mesa\u010dn\u00fd projekt, ktor\u00e9ho cie\u013eom bolo zapoji\u0165 dobrovo\u013en\u00edkov do ml\u00e1de\u017en\u00edckych aktiv\u00edt a projektov realizovan\u00fdch hostite\u013eskou organiz\u00e1ciou IRTEA v At\u00e9nach v oblastiach particip\u00e1cie ml\u00e1de\u017ee, \u013eudsk\u00fdch pr\u00e1v a demokracie, m\u00e9di\u00ed a \u0161trukt\u00farovan\u00e9ho dial\u00f3gu. Dobrovo\u013en\u00edci sa z\u00fa\u010dastnili na s\u00e9rii aktiv\u00edt zameran\u00fdch na podporu \u00fa\u010dasti mlad\u00fdch \u013eud\u00ed a akt\u00edvneho zapojenia sa do ich spolo\u010dnosti, najm\u00e4 mlad\u00fdch \u013eud\u00ed, ktor\u00ed nemaj\u00fa dostatok pr\u00edle\u017eitost\u00ed. Dobrovo\u013en\u00edci svojou \u00fa\u010das\u0165ou podporovali miestnu ml\u00e1de\u017e a prispeli k celkov\u00e9mu cie\u013eu hostite\u013eskej organiz\u00e1cie, ktor\u00fdm je zlep\u0161enie ka\u017edodenn\u00e9ho \u017eivota mlad\u00fdch \u013eud\u00ed. Dobrovo\u013en\u00edci riadili miestne aktivity, pripravovali obsah na soci\u00e1lne m\u00e9di\u00e1 a web, p\u00edsali blogy, rozv\u00edjali vlastn\u00e9 n\u00e1pady a medzin\u00e1rodn\u00e9 projekty v angli\u010dtine.<\/p>\t\t\t\t\t\t\t\t<\/div>\n\t\t\t\t<\/div>\n\t\t\t\t\t<\/div>\n\t\t<\/div>\n\t\t\t\t\t<\/div>\n\t\t<\/section>\n\t\t\t\t<section class=\"elementor-section elementor-top-section elementor-element elementor-element-59adc79 elementor-section-boxed elementor-section-height-default elementor-section-height-default\" data-id=\"59adc79\" data-element_type=\"section\" data-e-type=\"section\">\n\t\t\t\t\t\t<div class=\"elementor-container elementor-column-gap-default\">\n\t\t\t\t\t<div class=\"elementor-column elementor-col-100 elementor-top-column elementor-element elementor-element-80caee6\" data-id=\"80caee6\" data-element_type=\"column\" data-e-type=\"column\">\n\t\t\t<div class=\"elementor-widget-wrap elementor-element-populated\">\n\t\t\t\t\t\t\t<\/div>\n\t\t<\/div>\n\t\t\t\t\t<\/div>\n\t\t<\/section>\n\t\t\t\t<\/div>\n\t\t","protected":false},"excerpt":{"rendered":"<p>\u201eDobrovo\u013en\u00edci zjednoten\u00ed v rozmanitosti\u201c bol 6-mesa\u010dn\u00fd projekt, ktor\u00e9ho cie\u013eom bolo zapoji\u0165 dobrovo\u013en\u00edkov do ml\u00e1de\u017en\u00edckych aktiv\u00edt a projektov realizovan\u00fdch hostite\u013eskou organiz\u00e1ciou IRTEA v At\u00e9nach v oblastiach particip\u00e1cie ml\u00e1de\u017ee, \u013eudsk\u00fdch pr\u00e1v a demokracie, m\u00e9di\u00ed a \u0161trukt\u00farovan\u00e9ho dial\u00f3gu. Dobrovo\u013en\u00edci sa z\u00fa\u010dastnili na s\u00e9rii aktiv\u00edt zameran\u00fdch na podporu \u00fa\u010dasti mlad\u00fdch \u013eud\u00ed a akt\u00edvneho zapojenia sa do ich spolo\u010dnosti, najm\u00e4&hellip;&nbsp;<a href=\"https:\/\/www.youthforequality.sk\/index.php\/2021\/04\/09\/volunteer-united-in-diversity-ateny-grecko\/\" class=\"\" rel=\"bookmark\">\u010c\u00edta\u0165 viac &raquo;<span class=\"screen-reader-text\">Volunteer United in Diversity At\u00e9ny Gr\u00e9cko<\/span><\/a><\/p>\n","protected":false},"author":2,"featured_media":2674,"comment_status":"closed","ping_status":"open","sticky":false,"template":"","format":"standard","meta":{"_uf_show_specific_survey":0,"_uf_disable_surveys":false,"neve_meta_sidebar":"","neve_meta_container":"","neve_meta_enable_content_width":"","neve_meta_content_width":0,"neve_meta_title_alignment":"","neve_meta_author_avatar":"","neve_post_elements_order":"","neve_meta_disable_header":"","neve_meta_disable_footer":"","neve_meta_disable_title":"","_themeisle_gutenberg_block_has_review":false,"footnotes":""},"categories":[34],"tags":[],"class_list":["post-2668","post","type-post","status-publish","format-standard","has-post-thumbnail","hentry","category-dobrovolnictvo-predosle-projekty"],"yoast_head":"<!-- This site is optimized with the Yoast SEO plugin v27.4 - https:\/\/yoast.com\/product\/yoast-seo-wordpress\/ -->\n<title>Volunteer United in Diversity At\u00e9ny Gr\u00e9cko |<\/title>\n<meta name=\"description\" content=\"Dobrovo\u013en\u00edctvo v oblastiach particip\u00e1cie ml\u00e1de\u017ee, \u013eudsk\u00fdch pr\u00e1v a demokracie, m\u00e9di\u00ed a \u0161trukt\u00farovan\u00e9ho dial\u00f3gu.\" \/>\n<meta name=\"robots\" content=\"index, follow, max-snippet:-1, max-image-preview:large, max-video-preview:-1\" \/>\n<link rel=\"canonical\" href=\"https:\/\/www.youthforequality.sk\/index.php\/2021\/04\/09\/volunteer-united-in-diversity-ateny-grecko\/\" \/>\n<meta property=\"og:locale\" content=\"sk_SK\" \/>\n<meta property=\"og:type\" content=\"article\" \/>\n<meta property=\"og:title\" content=\"Volunteer United in Diversity At\u00e9ny Gr\u00e9cko |\" \/>\n<meta property=\"og:description\" content=\"Dobrovo\u013en\u00edctvo v oblastiach particip\u00e1cie ml\u00e1de\u017ee, \u013eudsk\u00fdch pr\u00e1v a demokracie, m\u00e9di\u00ed a \u0161trukt\u00farovan\u00e9ho dial\u00f3gu.\" \/>\n<meta property=\"og:url\" content=\"https:\/\/www.youthforequality.sk\/index.php\/2021\/04\/09\/volunteer-united-in-diversity-ateny-grecko\/\" \/>\n<meta property=\"article:publisher\" content=\"https:\/\/www.facebook.com\/yeslovakia\" \/>\n<meta property=\"article:published_time\" content=\"2021-04-09T08:59:14+00:00\" \/>\n<meta property=\"article:modified_time\" content=\"2021-04-09T09:05:05+00:00\" \/>\n<meta property=\"og:image\" content=\"https:\/\/www.youthforequality.sk\/wp-content\/uploads\/2021\/04\/united-in-diversity.jpeg\" \/>\n\t<meta property=\"og:image:width\" content=\"1600\" \/>\n\t<meta property=\"og:image:height\" content=\"1067\" \/>\n\t<meta property=\"og:image:type\" content=\"image\/jpeg\" \/>\n<meta name=\"author\" content=\"Diana Ja\u0161ekov\u00e1\" \/>\n<meta name=\"twitter:card\" content=\"summary_large_image\" \/>\n<meta name=\"twitter:label1\" content=\"Autor\" \/>\n\t<meta name=\"twitter:data1\" content=\"Diana Ja\u0161ekov\u00e1\" \/>\n\t<meta name=\"twitter:label2\" content=\"Predpokladan\u00fd \u010das \u010d\u00edtania\" \/>\n\t<meta name=\"twitter:data2\" content=\"1 min\u00fata\" \/>\n<script type=\"application\/ld+json\" class=\"yoast-schema-graph\">{\"@context\":\"https:\\\/\\\/schema.org\",\"@graph\":[{\"@type\":\"Article\",\"@id\":\"https:\\\/\\\/www.youthforequality.sk\\\/index.php\\\/2021\\\/04\\\/09\\\/volunteer-united-in-diversity-ateny-grecko\\\/#article\",\"isPartOf\":{\"@id\":\"https:\\\/\\\/www.youthforequality.sk\\\/index.php\\\/2021\\\/04\\\/09\\\/volunteer-united-in-diversity-ateny-grecko\\\/\"},\"author\":{\"name\":\"Diana Ja\u0161ekov\u00e1\",\"@id\":\"https:\\\/\\\/www.youthforequality.sk\\\/#\\\/schema\\\/person\\\/be8fe75a4ed9c28400bc99a029218b24\"},\"headline\":\"Volunteer United in Diversity At\u00e9ny Gr\u00e9cko\",\"datePublished\":\"2021-04-09T08:59:14+00:00\",\"dateModified\":\"2021-04-09T09:05:05+00:00\",\"mainEntityOfPage\":{\"@id\":\"https:\\\/\\\/www.youthforequality.sk\\\/index.php\\\/2021\\\/04\\\/09\\\/volunteer-united-in-diversity-ateny-grecko\\\/\"},\"wordCount\":168,\"publisher\":{\"@id\":\"https:\\\/\\\/www.youthforequality.sk\\\/#organization\"},\"image\":{\"@id\":\"https:\\\/\\\/www.youthforequality.sk\\\/index.php\\\/2021\\\/04\\\/09\\\/volunteer-united-in-diversity-ateny-grecko\\\/#primaryimage\"},\"thumbnailUrl\":\"https:\\\/\\\/www.youthforequality.sk\\\/wp-content\\\/uploads\\\/2021\\\/04\\\/united-in-diversity.jpeg\",\"articleSection\":[\"Dobrovo\u013en\u00edctvo - predo\u0161l\u00e9 projekty\"],\"inLanguage\":\"sk-SK\"},{\"@type\":\"WebPage\",\"@id\":\"https:\\\/\\\/www.youthforequality.sk\\\/index.php\\\/2021\\\/04\\\/09\\\/volunteer-united-in-diversity-ateny-grecko\\\/\",\"url\":\"https:\\\/\\\/www.youthforequality.sk\\\/index.php\\\/2021\\\/04\\\/09\\\/volunteer-united-in-diversity-ateny-grecko\\\/\",\"name\":\"Volunteer United in Diversity At\u00e9ny Gr\u00e9cko |\",\"isPartOf\":{\"@id\":\"https:\\\/\\\/www.youthforequality.sk\\\/#website\"},\"primaryImageOfPage\":{\"@id\":\"https:\\\/\\\/www.youthforequality.sk\\\/index.php\\\/2021\\\/04\\\/09\\\/volunteer-united-in-diversity-ateny-grecko\\\/#primaryimage\"},\"image\":{\"@id\":\"https:\\\/\\\/www.youthforequality.sk\\\/index.php\\\/2021\\\/04\\\/09\\\/volunteer-united-in-diversity-ateny-grecko\\\/#primaryimage\"},\"thumbnailUrl\":\"https:\\\/\\\/www.youthforequality.sk\\\/wp-content\\\/uploads\\\/2021\\\/04\\\/united-in-diversity.jpeg\",\"datePublished\":\"2021-04-09T08:59:14+00:00\",\"dateModified\":\"2021-04-09T09:05:05+00:00\",\"description\":\"Dobrovo\u013en\u00edctvo v oblastiach particip\u00e1cie ml\u00e1de\u017ee, \u013eudsk\u00fdch pr\u00e1v a demokracie, m\u00e9di\u00ed a \u0161trukt\u00farovan\u00e9ho dial\u00f3gu.\",\"breadcrumb\":{\"@id\":\"https:\\\/\\\/www.youthforequality.sk\\\/index.php\\\/2021\\\/04\\\/09\\\/volunteer-united-in-diversity-ateny-grecko\\\/#breadcrumb\"},\"inLanguage\":\"sk-SK\",\"potentialAction\":[{\"@type\":\"ReadAction\",\"target\":[\"https:\\\/\\\/www.youthforequality.sk\\\/index.php\\\/2021\\\/04\\\/09\\\/volunteer-united-in-diversity-ateny-grecko\\\/\"]}]},{\"@type\":\"ImageObject\",\"inLanguage\":\"sk-SK\",\"@id\":\"https:\\\/\\\/www.youthforequality.sk\\\/index.php\\\/2021\\\/04\\\/09\\\/volunteer-united-in-diversity-ateny-grecko\\\/#primaryimage\",\"url\":\"https:\\\/\\\/www.youthforequality.sk\\\/wp-content\\\/uploads\\\/2021\\\/04\\\/united-in-diversity.jpeg\",\"contentUrl\":\"https:\\\/\\\/www.youthforequality.sk\\\/wp-content\\\/uploads\\\/2021\\\/04\\\/united-in-diversity.jpeg\",\"width\":1600,\"height\":1067},{\"@type\":\"BreadcrumbList\",\"@id\":\"https:\\\/\\\/www.youthforequality.sk\\\/index.php\\\/2021\\\/04\\\/09\\\/volunteer-united-in-diversity-ateny-grecko\\\/#breadcrumb\",\"itemListElement\":[{\"@type\":\"ListItem\",\"position\":1,\"name\":\"Home\",\"item\":\"https:\\\/\\\/www.youthforequality.sk\\\/\"},{\"@type\":\"ListItem\",\"position\":2,\"name\":\"Volunteer United in Diversity At\u00e9ny Gr\u00e9cko\"}]},{\"@type\":\"WebSite\",\"@id\":\"https:\\\/\\\/www.youthforequality.sk\\\/#website\",\"url\":\"https:\\\/\\\/www.youthforequality.sk\\\/\",\"name\":\"\",\"description\":\"\",\"publisher\":{\"@id\":\"https:\\\/\\\/www.youthforequality.sk\\\/#organization\"},\"potentialAction\":[{\"@type\":\"SearchAction\",\"target\":{\"@type\":\"EntryPoint\",\"urlTemplate\":\"https:\\\/\\\/www.youthforequality.sk\\\/?s={search_term_string}\"},\"query-input\":{\"@type\":\"PropertyValueSpecification\",\"valueRequired\":true,\"valueName\":\"search_term_string\"}}],\"inLanguage\":\"sk-SK\"},{\"@type\":\"Organization\",\"@id\":\"https:\\\/\\\/www.youthforequality.sk\\\/#organization\",\"name\":\"Youth for Equality\",\"url\":\"https:\\\/\\\/www.youthforequality.sk\\\/\",\"logo\":{\"@type\":\"ImageObject\",\"inLanguage\":\"sk-SK\",\"@id\":\"https:\\\/\\\/www.youthforequality.sk\\\/#\\\/schema\\\/logo\\\/image\\\/\",\"url\":\"https:\\\/\\\/www.youthforequality.sk\\\/wp-content\\\/uploads\\\/2021\\\/01\\\/vynovene-logo-nove-farby_modra-na-web.png\",\"contentUrl\":\"https:\\\/\\\/www.youthforequality.sk\\\/wp-content\\\/uploads\\\/2021\\\/01\\\/vynovene-logo-nove-farby_modra-na-web.png\",\"width\":1,\"height\":1,\"caption\":\"Youth for Equality\"},\"image\":{\"@id\":\"https:\\\/\\\/www.youthforequality.sk\\\/#\\\/schema\\\/logo\\\/image\\\/\"},\"sameAs\":[\"https:\\\/\\\/www.facebook.com\\\/yeslovakia\"]},{\"@type\":\"Person\",\"@id\":\"https:\\\/\\\/www.youthforequality.sk\\\/#\\\/schema\\\/person\\\/be8fe75a4ed9c28400bc99a029218b24\",\"name\":\"Diana Ja\u0161ekov\u00e1\",\"image\":{\"@type\":\"ImageObject\",\"inLanguage\":\"sk-SK\",\"@id\":\"https:\\\/\\\/secure.gravatar.com\\\/avatar\\\/8c7454049523c9673804cf321f89b38fd4fcd5aa5ad8961f32caaf292dfd996f?s=96&d=mm&r=g\",\"url\":\"https:\\\/\\\/secure.gravatar.com\\\/avatar\\\/8c7454049523c9673804cf321f89b38fd4fcd5aa5ad8961f32caaf292dfd996f?s=96&d=mm&r=g\",\"contentUrl\":\"https:\\\/\\\/secure.gravatar.com\\\/avatar\\\/8c7454049523c9673804cf321f89b38fd4fcd5aa5ad8961f32caaf292dfd996f?s=96&d=mm&r=g\",\"caption\":\"Diana Ja\u0161ekov\u00e1\"},\"url\":\"https:\\\/\\\/www.youthforequality.sk\\\/index.php\\\/author\\\/diajas\\\/\"}]}<\/script>\n<!-- \/ Yoast SEO plugin. -->","yoast_head_json":{"title":"Volunteer United in Diversity At\u00e9ny Gr\u00e9cko |","description":"Dobrovo\u013en\u00edctvo v oblastiach particip\u00e1cie ml\u00e1de\u017ee, \u013eudsk\u00fdch pr\u00e1v a demokracie, m\u00e9di\u00ed a \u0161trukt\u00farovan\u00e9ho dial\u00f3gu.","robots":{"index":"index","follow":"follow","max-snippet":"max-snippet:-1","max-image-preview":"max-image-preview:large","max-video-preview":"max-video-preview:-1"},"canonical":"https:\/\/www.youthforequality.sk\/index.php\/2021\/04\/09\/volunteer-united-in-diversity-ateny-grecko\/","og_locale":"sk_SK","og_type":"article","og_title":"Volunteer United in Diversity At\u00e9ny Gr\u00e9cko |","og_description":"Dobrovo\u013en\u00edctvo v oblastiach particip\u00e1cie ml\u00e1de\u017ee, \u013eudsk\u00fdch pr\u00e1v a demokracie, m\u00e9di\u00ed a \u0161trukt\u00farovan\u00e9ho dial\u00f3gu.","og_url":"https:\/\/www.youthforequality.sk\/index.php\/2021\/04\/09\/volunteer-united-in-diversity-ateny-grecko\/","article_publisher":"https:\/\/www.facebook.com\/yeslovakia","article_published_time":"2021-04-09T08:59:14+00:00","article_modified_time":"2021-04-09T09:05:05+00:00","og_image":[{"width":1600,"height":1067,"url":"https:\/\/www.youthforequality.sk\/wp-content\/uploads\/2021\/04\/united-in-diversity.jpeg","type":"image\/jpeg"}],"author":"Diana Ja\u0161ekov\u00e1","twitter_card":"summary_large_image","twitter_misc":{"Autor":"Diana Ja\u0161ekov\u00e1","Predpokladan\u00fd \u010das \u010d\u00edtania":"1 min\u00fata"},"schema":{"@context":"https:\/\/schema.org","@graph":[{"@type":"Article","@id":"https:\/\/www.youthforequality.sk\/index.php\/2021\/04\/09\/volunteer-united-in-diversity-ateny-grecko\/#article","isPartOf":{"@id":"https:\/\/www.youthforequality.sk\/index.php\/2021\/04\/09\/volunteer-united-in-diversity-ateny-grecko\/"},"author":{"name":"Diana Ja\u0161ekov\u00e1","@id":"https:\/\/www.youthforequality.sk\/#\/schema\/person\/be8fe75a4ed9c28400bc99a029218b24"},"headline":"Volunteer United in Diversity At\u00e9ny Gr\u00e9cko","datePublished":"2021-04-09T08:59:14+00:00","dateModified":"2021-04-09T09:05:05+00:00","mainEntityOfPage":{"@id":"https:\/\/www.youthforequality.sk\/index.php\/2021\/04\/09\/volunteer-united-in-diversity-ateny-grecko\/"},"wordCount":168,"publisher":{"@id":"https:\/\/www.youthforequality.sk\/#organization"},"image":{"@id":"https:\/\/www.youthforequality.sk\/index.php\/2021\/04\/09\/volunteer-united-in-diversity-ateny-grecko\/#primaryimage"},"thumbnailUrl":"https:\/\/www.youthforequality.sk\/wp-content\/uploads\/2021\/04\/united-in-diversity.jpeg","articleSection":["Dobrovo\u013en\u00edctvo - predo\u0161l\u00e9 projekty"],"inLanguage":"sk-SK"},{"@type":"WebPage","@id":"https:\/\/www.youthforequality.sk\/index.php\/2021\/04\/09\/volunteer-united-in-diversity-ateny-grecko\/","url":"https:\/\/www.youthforequality.sk\/index.php\/2021\/04\/09\/volunteer-united-in-diversity-ateny-grecko\/","name":"Volunteer United in Diversity At\u00e9ny Gr\u00e9cko |","isPartOf":{"@id":"https:\/\/www.youthforequality.sk\/#website"},"primaryImageOfPage":{"@id":"https:\/\/www.youthforequality.sk\/index.php\/2021\/04\/09\/volunteer-united-in-diversity-ateny-grecko\/#primaryimage"},"image":{"@id":"https:\/\/www.youthforequality.sk\/index.php\/2021\/04\/09\/volunteer-united-in-diversity-ateny-grecko\/#primaryimage"},"thumbnailUrl":"https:\/\/www.youthforequality.sk\/wp-content\/uploads\/2021\/04\/united-in-diversity.jpeg","datePublished":"2021-04-09T08:59:14+00:00","dateModified":"2021-04-09T09:05:05+00:00","description":"Dobrovo\u013en\u00edctvo v oblastiach particip\u00e1cie ml\u00e1de\u017ee, \u013eudsk\u00fdch pr\u00e1v a demokracie, m\u00e9di\u00ed a \u0161trukt\u00farovan\u00e9ho dial\u00f3gu.","breadcrumb":{"@id":"https:\/\/www.youthforequality.sk\/index.php\/2021\/04\/09\/volunteer-united-in-diversity-ateny-grecko\/#breadcrumb"},"inLanguage":"sk-SK","potentialAction":[{"@type":"ReadAction","target":["https:\/\/www.youthforequality.sk\/index.php\/2021\/04\/09\/volunteer-united-in-diversity-ateny-grecko\/"]}]},{"@type":"ImageObject","inLanguage":"sk-SK","@id":"https:\/\/www.youthforequality.sk\/index.php\/2021\/04\/09\/volunteer-united-in-diversity-ateny-grecko\/#primaryimage","url":"https:\/\/www.youthforequality.sk\/wp-content\/uploads\/2021\/04\/united-in-diversity.jpeg","contentUrl":"https:\/\/www.youthforequality.sk\/wp-content\/uploads\/2021\/04\/united-in-diversity.jpeg","width":1600,"height":1067},{"@type":"BreadcrumbList","@id":"https:\/\/www.youthforequality.sk\/index.php\/2021\/04\/09\/volunteer-united-in-diversity-ateny-grecko\/#breadcrumb","itemListElement":[{"@type":"ListItem","position":1,"name":"Home","item":"https:\/\/www.youthforequality.sk\/"},{"@type":"ListItem","position":2,"name":"Volunteer United in Diversity At\u00e9ny Gr\u00e9cko"}]},{"@type":"WebSite","@id":"https:\/\/www.youthforequality.sk\/#website","url":"https:\/\/www.youthforequality.sk\/","name":"","description":"","publisher":{"@id":"https:\/\/www.youthforequality.sk\/#organization"},"potentialAction":[{"@type":"SearchAction","target":{"@type":"EntryPoint","urlTemplate":"https:\/\/www.youthforequality.sk\/?s={search_term_string}"},"query-input":{"@type":"PropertyValueSpecification","valueRequired":true,"valueName":"search_term_string"}}],"inLanguage":"sk-SK"},{"@type":"Organization","@id":"https:\/\/www.youthforequality.sk\/#organization","name":"Youth for Equality","url":"https:\/\/www.youthforequality.sk\/","logo":{"@type":"ImageObject","inLanguage":"sk-SK","@id":"https:\/\/www.youthforequality.sk\/#\/schema\/logo\/image\/","url":"https:\/\/www.youthforequality.sk\/wp-content\/uploads\/2021\/01\/vynovene-logo-nove-farby_modra-na-web.png","contentUrl":"https:\/\/www.youthforequality.sk\/wp-content\/uploads\/2021\/01\/vynovene-logo-nove-farby_modra-na-web.png","width":1,"height":1,"caption":"Youth for Equality"},"image":{"@id":"https:\/\/www.youthforequality.sk\/#\/schema\/logo\/image\/"},"sameAs":["https:\/\/www.facebook.com\/yeslovakia"]},{"@type":"Person","@id":"https:\/\/www.youthforequality.sk\/#\/schema\/person\/be8fe75a4ed9c28400bc99a029218b24","name":"Diana Ja\u0161ekov\u00e1","image":{"@type":"ImageObject","inLanguage":"sk-SK","@id":"https:\/\/secure.gravatar.com\/avatar\/8c7454049523c9673804cf321f89b38fd4fcd5aa5ad8961f32caaf292dfd996f?s=96&d=mm&r=g","url":"https:\/\/secure.gravatar.com\/avatar\/8c7454049523c9673804cf321f89b38fd4fcd5aa5ad8961f32caaf292dfd996f?s=96&d=mm&r=g","contentUrl":"https:\/\/secure.gravatar.com\/avatar\/8c7454049523c9673804cf321f89b38fd4fcd5aa5ad8961f32caaf292dfd996f?s=96&d=mm&r=g","caption":"Diana Ja\u0161ekov\u00e1"},"url":"https:\/\/www.youthforequality.sk\/index.php\/author\/diajas\/"}]}},"_links":{"self":[{"href":"https:\/\/www.youthforequality.sk\/index.php\/wp-json\/wp\/v2\/posts\/2668","targetHints":{"allow":["GET"]}}],"collection":[{"href":"https:\/\/www.youthforequality.sk\/index.php\/wp-json\/wp\/v2\/posts"}],"about":[{"href":"https:\/\/www.youthforequality.sk\/index.php\/wp-json\/wp\/v2\/types\/post"}],"author":[{"embeddable":true,"href":"https:\/\/www.youthforequality.sk\/index.php\/wp-json\/wp\/v2\/users\/2"}],"replies":[{"embeddable":true,"href":"https:\/\/www.youthforequality.sk\/index.php\/wp-json\/wp\/v2\/comments?post=2668"}],"version-history":[{"count":5,"href":"https:\/\/www.youthforequality.sk\/index.php\/wp-json\/wp\/v2\/posts\/2668\/revisions"}],"predecessor-version":[{"id":2675,"href":"https:\/\/www.youthforequality.sk\/index.php\/wp-json\/wp\/v2\/posts\/2668\/revisions\/2675"}],"wp:featuredmedia":[{"embeddable":true,"href":"https:\/\/www.youthforequality.sk\/index.php\/wp-json\/wp\/v2\/media\/2674"}],"wp:attachment":[{"href":"https:\/\/www.youthforequality.sk\/index.php\/wp-json\/wp\/v2\/media?parent=2668"}],"wp:term":[{"taxonomy":"category","embeddable":true,"href":"https:\/\/www.youthforequality.sk\/index.php\/wp-json\/wp\/v2\/categories?post=2668"},{"taxonomy":"post_tag","embeddable":true,"href":"https:\/\/www.youthforequality.sk\/index.php\/wp-json\/wp\/v2\/tags?post=2668"}],"curies":[{"name":"wp","href":"https:\/\/api.w.org\/{rel}","templated":true}]}}