{"id":2684,"date":"2021-04-09T11:08:46","date_gmt":"2021-04-09T09:08:46","guid":{"rendered":"https:\/\/www.youthforequality.sk\/?p=2684"},"modified":"2021-04-09T11:11:20","modified_gmt":"2021-04-09T09:11:20","slug":"youth-of-green-town-komotini-grecko","status":"publish","type":"post","link":"https:\/\/www.youthforequality.sk\/index.php\/2021\/04\/09\/youth-of-green-town-komotini-grecko\/","title":{"rendered":"Youth of Green Town Komotini Gr\u00e9cko"},"content":{"rendered":"\t\t<div data-elementor-type=\"wp-post\" data-elementor-id=\"2684\" class=\"elementor elementor-2684\">\n\t\t\t\t\t\t<section class=\"elementor-section elementor-top-section elementor-element elementor-element-facbf3f elementor-section-boxed elementor-section-height-default elementor-section-height-default\" data-id=\"facbf3f\" data-element_type=\"section\" data-e-type=\"section\">\n\t\t\t\t\t\t<div class=\"elementor-container elementor-column-gap-default\">\n\t\t\t\t\t<div class=\"elementor-column elementor-col-100 elementor-top-column elementor-element elementor-element-b727c13\" data-id=\"b727c13\" data-element_type=\"column\" data-e-type=\"column\">\n\t\t\t<div class=\"elementor-widget-wrap elementor-element-populated\">\n\t\t\t\t\t\t<div class=\"elementor-element elementor-element-1457c0b elementor-widget elementor-widget-text-editor\" data-id=\"1457c0b\" data-element_type=\"widget\" data-e-type=\"widget\" data-widget_type=\"text-editor.default\">\n\t\t\t\t<div class=\"elementor-widget-container\">\n\t\t\t\t\t\t\t\t\t<p><span style=\"font-weight: 400;\">Dobrovo\u013en\u00edcky projekt sa konal v meste Komotini v Gr\u00e9cku od m\u00e1ja 2019 a trval 10 mesiacov.Z\u00fa\u010dastnili sa ho traja<\/span><span style=\"color: var(--nv-text-color); font-family: Roboto, var(--nv-fallback-ff); letter-spacing: 0px; background-color: var(--nv-site-bg);\">\u00a0\u00fa\u010dastn\u00edci zo Slovenska. <\/span><span style=\"color: var(--nv-text-color); font-family: Roboto, var(--nv-fallback-ff); letter-spacing: 0px; background-color: var(--nv-site-bg);\">V r\u00e1mci projektu dobrovo\u013en\u00edci organizovali workshopy, festivaly a aktivity t\u00fdkaj\u00face sa najm\u00e4 ekol\u00f3gie. Usporiadavali piatkov\u00e9 ve\u010dery pre miestnych \u013eud\u00ed, jazykov\u00e9 kurzy, eventy ako \u013dudsk\u00e1 kni\u017enica, Zelen\u00e9 olympijsk\u00e9 dni, \u0161kolenia \u010di ml\u00e1de\u017en\u00edcke v\u00fdmeny, ktor\u00fdch sa z\u00fa\u010dastnili \u010di zorganizovali v r\u00e1mci cel\u00e9ho Gr\u00e9cka. Dobrovo\u013en\u00edci zlep\u0161ili svoje m\u00e4kk\u00e9 zru\u010dnosti, pracovali v t\u00edme, nadobudli l\u00edderske zru\u010dnosti, vytvorili si medzin\u00e1rodn\u00e9 kontakty, komunikovali v cudzom jazyku, zlep\u0161ili si angli\u010dtinu a nau\u010dili sa gr\u00e9\u010dtinu, spolupracovali s r\u00f4znymi in\u0161tit\u00faciami a mlad\u00fdmi \u013eu\u010fmi, pracovali v multikult\u00farnom prostred\u00ed, kde sa vy\u017eadovala tolerancia, r\u010de\u0161pekt a porozumenie, zv\u00fd\u0161ili si sebavedomie a samostatnos\u0165, nadobudli konkr\u00e9tne poznatky v r\u00f4znych t\u00e9mach v s\u00favislosti s ot\u00e1zkami EU a ekol\u00f3giou, dozvedeli sa o mnoh\u00fdch \u010fal\u0161\u00edch vzdel\u00e1vac\u00edch a kari\u00e9rnych pr\u00edle\u017eitostiach, z\u00edskali zru\u010dnosti v oblasti projektov\u00e9ho mana\u017ementu, z\u00edskali pracovn\u00e9 sk\u00fasenosti, ktor\u00e9 im pom\u00f4\u017eu uplatni\u0165 sa na trhu pr\u00e1ce a prispeli k zlep\u0161eniu \u017eivota v komunite.<\/span><\/p>\t\t\t\t\t\t\t\t<\/div>\n\t\t\t\t<\/div>\n\t\t\t\t\t<\/div>\n\t\t<\/div>\n\t\t\t\t\t<\/div>\n\t\t<\/section>\n\t\t\t\t<\/div>\n\t\t","protected":false},"excerpt":{"rendered":"<p>Dobrovo\u013en\u00edcky projekt sa konal v meste Komotini v Gr\u00e9cku od m\u00e1ja 2019 a trval 10 mesiacov.Z\u00fa\u010dastnili sa ho traja&nbsp;\u00fa\u010dastn\u00edci zo Slovenska. V r\u00e1mci projektu dobrovo\u013en\u00edci organizovali workshopy, festivaly a aktivity t\u00fdkaj\u00face sa najm\u00e4 ekol\u00f3gie. Usporiadavali piatkov\u00e9 ve\u010dery pre miestnych \u013eud\u00ed, jazykov\u00e9 kurzy, eventy ako \u013dudsk\u00e1 kni\u017enica, Zelen\u00e9 olympijsk\u00e9 dni, \u0161kolenia \u010di ml\u00e1de\u017en\u00edcke v\u00fdmeny, ktor\u00fdch sa&hellip;&nbsp;<a href=\"https:\/\/www.youthforequality.sk\/index.php\/2021\/04\/09\/youth-of-green-town-komotini-grecko\/\" class=\"\" rel=\"bookmark\">\u010c\u00edta\u0165 viac &raquo;<span class=\"screen-reader-text\">Youth of Green Town Komotini Gr\u00e9cko<\/span><\/a><\/p>\n","protected":false},"author":2,"featured_media":2689,"comment_status":"closed","ping_status":"open","sticky":false,"template":"","format":"standard","meta":{"_uf_show_specific_survey":0,"_uf_disable_surveys":false,"neve_meta_sidebar":"","neve_meta_container":"","neve_meta_enable_content_width":"","neve_meta_content_width":0,"neve_meta_title_alignment":"","neve_meta_author_avatar":"","neve_post_elements_order":"","neve_meta_disable_header":"","neve_meta_disable_footer":"","neve_meta_disable_title":"","_themeisle_gutenberg_block_has_review":false,"footnotes":""},"categories":[34],"tags":[],"class_list":["post-2684","post","type-post","status-publish","format-standard","has-post-thumbnail","hentry","category-dobrovolnictvo-predosle-projekty"],"yoast_head":"<!-- This site is optimized with the Yoast SEO plugin v27.4 - https:\/\/yoast.com\/product\/yoast-seo-wordpress\/ -->\n<title>Youth of Green Town Komotini Gr\u00e9cko |<\/title>\n<meta name=\"description\" content=\"Po\u010das dobrovo\u013en\u00edckeho projektu dobrovo\u013en\u00edci organizovali workshopy, festivaly a aktivity t\u00fdkaj\u00face sa najm\u00e4 ekol\u00f3gie.\" \/>\n<meta name=\"robots\" content=\"index, follow, max-snippet:-1, max-image-preview:large, max-video-preview:-1\" \/>\n<link rel=\"canonical\" href=\"https:\/\/www.youthforequality.sk\/index.php\/2021\/04\/09\/youth-of-green-town-komotini-grecko\/\" \/>\n<meta property=\"og:locale\" content=\"sk_SK\" \/>\n<meta property=\"og:type\" content=\"article\" \/>\n<meta property=\"og:title\" content=\"Youth of Green Town Komotini Gr\u00e9cko |\" \/>\n<meta property=\"og:description\" content=\"Po\u010das dobrovo\u013en\u00edckeho projektu dobrovo\u013en\u00edci organizovali workshopy, festivaly a aktivity t\u00fdkaj\u00face sa najm\u00e4 ekol\u00f3gie.\" \/>\n<meta property=\"og:url\" content=\"https:\/\/www.youthforequality.sk\/index.php\/2021\/04\/09\/youth-of-green-town-komotini-grecko\/\" \/>\n<meta property=\"article:publisher\" content=\"https:\/\/www.facebook.com\/yeslovakia\" \/>\n<meta property=\"article:published_time\" content=\"2021-04-09T09:08:46+00:00\" \/>\n<meta property=\"article:modified_time\" content=\"2021-04-09T09:11:20+00:00\" \/>\n<meta property=\"og:image\" content=\"https:\/\/www.youthforequality.sk\/wp-content\/uploads\/2021\/04\/youth-of-green-town.jpeg\" \/>\n\t<meta property=\"og:image:width\" content=\"1600\" \/>\n\t<meta property=\"og:image:height\" content=\"1067\" \/>\n\t<meta property=\"og:image:type\" content=\"image\/jpeg\" \/>\n<meta name=\"author\" content=\"Diana Ja\u0161ekov\u00e1\" \/>\n<meta name=\"twitter:card\" content=\"summary_large_image\" \/>\n<meta name=\"twitter:label1\" content=\"Autor\" \/>\n\t<meta name=\"twitter:data1\" content=\"Diana Ja\u0161ekov\u00e1\" \/>\n\t<meta name=\"twitter:label2\" content=\"Predpokladan\u00fd \u010das \u010d\u00edtania\" \/>\n\t<meta name=\"twitter:data2\" content=\"1 min\u00fata\" \/>\n<script type=\"application\/ld+json\" class=\"yoast-schema-graph\">{\"@context\":\"https:\\\/\\\/schema.org\",\"@graph\":[{\"@type\":\"Article\",\"@id\":\"https:\\\/\\\/www.youthforequality.sk\\\/index.php\\\/2021\\\/04\\\/09\\\/youth-of-green-town-komotini-grecko\\\/#article\",\"isPartOf\":{\"@id\":\"https:\\\/\\\/www.youthforequality.sk\\\/index.php\\\/2021\\\/04\\\/09\\\/youth-of-green-town-komotini-grecko\\\/\"},\"author\":{\"name\":\"Diana Ja\u0161ekov\u00e1\",\"@id\":\"https:\\\/\\\/www.youthforequality.sk\\\/#\\\/schema\\\/person\\\/be8fe75a4ed9c28400bc99a029218b24\"},\"headline\":\"Youth of Green Town Komotini Gr\u00e9cko\",\"datePublished\":\"2021-04-09T09:08:46+00:00\",\"dateModified\":\"2021-04-09T09:11:20+00:00\",\"mainEntityOfPage\":{\"@id\":\"https:\\\/\\\/www.youthforequality.sk\\\/index.php\\\/2021\\\/04\\\/09\\\/youth-of-green-town-komotini-grecko\\\/\"},\"wordCount\":233,\"publisher\":{\"@id\":\"https:\\\/\\\/www.youthforequality.sk\\\/#organization\"},\"image\":{\"@id\":\"https:\\\/\\\/www.youthforequality.sk\\\/index.php\\\/2021\\\/04\\\/09\\\/youth-of-green-town-komotini-grecko\\\/#primaryimage\"},\"thumbnailUrl\":\"https:\\\/\\\/www.youthforequality.sk\\\/wp-content\\\/uploads\\\/2021\\\/04\\\/youth-of-green-town.jpeg\",\"articleSection\":[\"Dobrovo\u013en\u00edctvo - predo\u0161l\u00e9 projekty\"],\"inLanguage\":\"sk-SK\"},{\"@type\":\"WebPage\",\"@id\":\"https:\\\/\\\/www.youthforequality.sk\\\/index.php\\\/2021\\\/04\\\/09\\\/youth-of-green-town-komotini-grecko\\\/\",\"url\":\"https:\\\/\\\/www.youthforequality.sk\\\/index.php\\\/2021\\\/04\\\/09\\\/youth-of-green-town-komotini-grecko\\\/\",\"name\":\"Youth of Green Town Komotini Gr\u00e9cko |\",\"isPartOf\":{\"@id\":\"https:\\\/\\\/www.youthforequality.sk\\\/#website\"},\"primaryImageOfPage\":{\"@id\":\"https:\\\/\\\/www.youthforequality.sk\\\/index.php\\\/2021\\\/04\\\/09\\\/youth-of-green-town-komotini-grecko\\\/#primaryimage\"},\"image\":{\"@id\":\"https:\\\/\\\/www.youthforequality.sk\\\/index.php\\\/2021\\\/04\\\/09\\\/youth-of-green-town-komotini-grecko\\\/#primaryimage\"},\"thumbnailUrl\":\"https:\\\/\\\/www.youthforequality.sk\\\/wp-content\\\/uploads\\\/2021\\\/04\\\/youth-of-green-town.jpeg\",\"datePublished\":\"2021-04-09T09:08:46+00:00\",\"dateModified\":\"2021-04-09T09:11:20+00:00\",\"description\":\"Po\u010das dobrovo\u013en\u00edckeho projektu dobrovo\u013en\u00edci organizovali workshopy, festivaly a aktivity t\u00fdkaj\u00face sa najm\u00e4 ekol\u00f3gie.\",\"breadcrumb\":{\"@id\":\"https:\\\/\\\/www.youthforequality.sk\\\/index.php\\\/2021\\\/04\\\/09\\\/youth-of-green-town-komotini-grecko\\\/#breadcrumb\"},\"inLanguage\":\"sk-SK\",\"potentialAction\":[{\"@type\":\"ReadAction\",\"target\":[\"https:\\\/\\\/www.youthforequality.sk\\\/index.php\\\/2021\\\/04\\\/09\\\/youth-of-green-town-komotini-grecko\\\/\"]}]},{\"@type\":\"ImageObject\",\"inLanguage\":\"sk-SK\",\"@id\":\"https:\\\/\\\/www.youthforequality.sk\\\/index.php\\\/2021\\\/04\\\/09\\\/youth-of-green-town-komotini-grecko\\\/#primaryimage\",\"url\":\"https:\\\/\\\/www.youthforequality.sk\\\/wp-content\\\/uploads\\\/2021\\\/04\\\/youth-of-green-town.jpeg\",\"contentUrl\":\"https:\\\/\\\/www.youthforequality.sk\\\/wp-content\\\/uploads\\\/2021\\\/04\\\/youth-of-green-town.jpeg\",\"width\":1600,\"height\":1067},{\"@type\":\"BreadcrumbList\",\"@id\":\"https:\\\/\\\/www.youthforequality.sk\\\/index.php\\\/2021\\\/04\\\/09\\\/youth-of-green-town-komotini-grecko\\\/#breadcrumb\",\"itemListElement\":[{\"@type\":\"ListItem\",\"position\":1,\"name\":\"Home\",\"item\":\"https:\\\/\\\/www.youthforequality.sk\\\/\"},{\"@type\":\"ListItem\",\"position\":2,\"name\":\"Youth of Green Town Komotini Gr\u00e9cko\"}]},{\"@type\":\"WebSite\",\"@id\":\"https:\\\/\\\/www.youthforequality.sk\\\/#website\",\"url\":\"https:\\\/\\\/www.youthforequality.sk\\\/\",\"name\":\"\",\"description\":\"\",\"publisher\":{\"@id\":\"https:\\\/\\\/www.youthforequality.sk\\\/#organization\"},\"potentialAction\":[{\"@type\":\"SearchAction\",\"target\":{\"@type\":\"EntryPoint\",\"urlTemplate\":\"https:\\\/\\\/www.youthforequality.sk\\\/?s={search_term_string}\"},\"query-input\":{\"@type\":\"PropertyValueSpecification\",\"valueRequired\":true,\"valueName\":\"search_term_string\"}}],\"inLanguage\":\"sk-SK\"},{\"@type\":\"Organization\",\"@id\":\"https:\\\/\\\/www.youthforequality.sk\\\/#organization\",\"name\":\"Youth for Equality\",\"url\":\"https:\\\/\\\/www.youthforequality.sk\\\/\",\"logo\":{\"@type\":\"ImageObject\",\"inLanguage\":\"sk-SK\",\"@id\":\"https:\\\/\\\/www.youthforequality.sk\\\/#\\\/schema\\\/logo\\\/image\\\/\",\"url\":\"https:\\\/\\\/www.youthforequality.sk\\\/wp-content\\\/uploads\\\/2021\\\/01\\\/vynovene-logo-nove-farby_modra-na-web.png\",\"contentUrl\":\"https:\\\/\\\/www.youthforequality.sk\\\/wp-content\\\/uploads\\\/2021\\\/01\\\/vynovene-logo-nove-farby_modra-na-web.png\",\"width\":1,\"height\":1,\"caption\":\"Youth for Equality\"},\"image\":{\"@id\":\"https:\\\/\\\/www.youthforequality.sk\\\/#\\\/schema\\\/logo\\\/image\\\/\"},\"sameAs\":[\"https:\\\/\\\/www.facebook.com\\\/yeslovakia\"]},{\"@type\":\"Person\",\"@id\":\"https:\\\/\\\/www.youthforequality.sk\\\/#\\\/schema\\\/person\\\/be8fe75a4ed9c28400bc99a029218b24\",\"name\":\"Diana Ja\u0161ekov\u00e1\",\"image\":{\"@type\":\"ImageObject\",\"inLanguage\":\"sk-SK\",\"@id\":\"https:\\\/\\\/secure.gravatar.com\\\/avatar\\\/8c7454049523c9673804cf321f89b38fd4fcd5aa5ad8961f32caaf292dfd996f?s=96&d=mm&r=g\",\"url\":\"https:\\\/\\\/secure.gravatar.com\\\/avatar\\\/8c7454049523c9673804cf321f89b38fd4fcd5aa5ad8961f32caaf292dfd996f?s=96&d=mm&r=g\",\"contentUrl\":\"https:\\\/\\\/secure.gravatar.com\\\/avatar\\\/8c7454049523c9673804cf321f89b38fd4fcd5aa5ad8961f32caaf292dfd996f?s=96&d=mm&r=g\",\"caption\":\"Diana Ja\u0161ekov\u00e1\"},\"url\":\"https:\\\/\\\/www.youthforequality.sk\\\/index.php\\\/author\\\/diajas\\\/\"}]}<\/script>\n<!-- \/ Yoast SEO plugin. -->","yoast_head_json":{"title":"Youth of Green Town Komotini Gr\u00e9cko |","description":"Po\u010das dobrovo\u013en\u00edckeho projektu dobrovo\u013en\u00edci organizovali workshopy, festivaly a aktivity t\u00fdkaj\u00face sa najm\u00e4 ekol\u00f3gie.","robots":{"index":"index","follow":"follow","max-snippet":"max-snippet:-1","max-image-preview":"max-image-preview:large","max-video-preview":"max-video-preview:-1"},"canonical":"https:\/\/www.youthforequality.sk\/index.php\/2021\/04\/09\/youth-of-green-town-komotini-grecko\/","og_locale":"sk_SK","og_type":"article","og_title":"Youth of Green Town Komotini Gr\u00e9cko |","og_description":"Po\u010das dobrovo\u013en\u00edckeho projektu dobrovo\u013en\u00edci organizovali workshopy, festivaly a aktivity t\u00fdkaj\u00face sa najm\u00e4 ekol\u00f3gie.","og_url":"https:\/\/www.youthforequality.sk\/index.php\/2021\/04\/09\/youth-of-green-town-komotini-grecko\/","article_publisher":"https:\/\/www.facebook.com\/yeslovakia","article_published_time":"2021-04-09T09:08:46+00:00","article_modified_time":"2021-04-09T09:11:20+00:00","og_image":[{"width":1600,"height":1067,"url":"https:\/\/www.youthforequality.sk\/wp-content\/uploads\/2021\/04\/youth-of-green-town.jpeg","type":"image\/jpeg"}],"author":"Diana Ja\u0161ekov\u00e1","twitter_card":"summary_large_image","twitter_misc":{"Autor":"Diana Ja\u0161ekov\u00e1","Predpokladan\u00fd \u010das \u010d\u00edtania":"1 min\u00fata"},"schema":{"@context":"https:\/\/schema.org","@graph":[{"@type":"Article","@id":"https:\/\/www.youthforequality.sk\/index.php\/2021\/04\/09\/youth-of-green-town-komotini-grecko\/#article","isPartOf":{"@id":"https:\/\/www.youthforequality.sk\/index.php\/2021\/04\/09\/youth-of-green-town-komotini-grecko\/"},"author":{"name":"Diana Ja\u0161ekov\u00e1","@id":"https:\/\/www.youthforequality.sk\/#\/schema\/person\/be8fe75a4ed9c28400bc99a029218b24"},"headline":"Youth of Green Town Komotini Gr\u00e9cko","datePublished":"2021-04-09T09:08:46+00:00","dateModified":"2021-04-09T09:11:20+00:00","mainEntityOfPage":{"@id":"https:\/\/www.youthforequality.sk\/index.php\/2021\/04\/09\/youth-of-green-town-komotini-grecko\/"},"wordCount":233,"publisher":{"@id":"https:\/\/www.youthforequality.sk\/#organization"},"image":{"@id":"https:\/\/www.youthforequality.sk\/index.php\/2021\/04\/09\/youth-of-green-town-komotini-grecko\/#primaryimage"},"thumbnailUrl":"https:\/\/www.youthforequality.sk\/wp-content\/uploads\/2021\/04\/youth-of-green-town.jpeg","articleSection":["Dobrovo\u013en\u00edctvo - predo\u0161l\u00e9 projekty"],"inLanguage":"sk-SK"},{"@type":"WebPage","@id":"https:\/\/www.youthforequality.sk\/index.php\/2021\/04\/09\/youth-of-green-town-komotini-grecko\/","url":"https:\/\/www.youthforequality.sk\/index.php\/2021\/04\/09\/youth-of-green-town-komotini-grecko\/","name":"Youth of Green Town Komotini Gr\u00e9cko |","isPartOf":{"@id":"https:\/\/www.youthforequality.sk\/#website"},"primaryImageOfPage":{"@id":"https:\/\/www.youthforequality.sk\/index.php\/2021\/04\/09\/youth-of-green-town-komotini-grecko\/#primaryimage"},"image":{"@id":"https:\/\/www.youthforequality.sk\/index.php\/2021\/04\/09\/youth-of-green-town-komotini-grecko\/#primaryimage"},"thumbnailUrl":"https:\/\/www.youthforequality.sk\/wp-content\/uploads\/2021\/04\/youth-of-green-town.jpeg","datePublished":"2021-04-09T09:08:46+00:00","dateModified":"2021-04-09T09:11:20+00:00","description":"Po\u010das dobrovo\u013en\u00edckeho projektu dobrovo\u013en\u00edci organizovali workshopy, festivaly a aktivity t\u00fdkaj\u00face sa najm\u00e4 ekol\u00f3gie.","breadcrumb":{"@id":"https:\/\/www.youthforequality.sk\/index.php\/2021\/04\/09\/youth-of-green-town-komotini-grecko\/#breadcrumb"},"inLanguage":"sk-SK","potentialAction":[{"@type":"ReadAction","target":["https:\/\/www.youthforequality.sk\/index.php\/2021\/04\/09\/youth-of-green-town-komotini-grecko\/"]}]},{"@type":"ImageObject","inLanguage":"sk-SK","@id":"https:\/\/www.youthforequality.sk\/index.php\/2021\/04\/09\/youth-of-green-town-komotini-grecko\/#primaryimage","url":"https:\/\/www.youthforequality.sk\/wp-content\/uploads\/2021\/04\/youth-of-green-town.jpeg","contentUrl":"https:\/\/www.youthforequality.sk\/wp-content\/uploads\/2021\/04\/youth-of-green-town.jpeg","width":1600,"height":1067},{"@type":"BreadcrumbList","@id":"https:\/\/www.youthforequality.sk\/index.php\/2021\/04\/09\/youth-of-green-town-komotini-grecko\/#breadcrumb","itemListElement":[{"@type":"ListItem","position":1,"name":"Home","item":"https:\/\/www.youthforequality.sk\/"},{"@type":"ListItem","position":2,"name":"Youth of Green Town Komotini Gr\u00e9cko"}]},{"@type":"WebSite","@id":"https:\/\/www.youthforequality.sk\/#website","url":"https:\/\/www.youthforequality.sk\/","name":"","description":"","publisher":{"@id":"https:\/\/www.youthforequality.sk\/#organization"},"potentialAction":[{"@type":"SearchAction","target":{"@type":"EntryPoint","urlTemplate":"https:\/\/www.youthforequality.sk\/?s={search_term_string}"},"query-input":{"@type":"PropertyValueSpecification","valueRequired":true,"valueName":"search_term_string"}}],"inLanguage":"sk-SK"},{"@type":"Organization","@id":"https:\/\/www.youthforequality.sk\/#organization","name":"Youth for Equality","url":"https:\/\/www.youthforequality.sk\/","logo":{"@type":"ImageObject","inLanguage":"sk-SK","@id":"https:\/\/www.youthforequality.sk\/#\/schema\/logo\/image\/","url":"https:\/\/www.youthforequality.sk\/wp-content\/uploads\/2021\/01\/vynovene-logo-nove-farby_modra-na-web.png","contentUrl":"https:\/\/www.youthforequality.sk\/wp-content\/uploads\/2021\/01\/vynovene-logo-nove-farby_modra-na-web.png","width":1,"height":1,"caption":"Youth for Equality"},"image":{"@id":"https:\/\/www.youthforequality.sk\/#\/schema\/logo\/image\/"},"sameAs":["https:\/\/www.facebook.com\/yeslovakia"]},{"@type":"Person","@id":"https:\/\/www.youthforequality.sk\/#\/schema\/person\/be8fe75a4ed9c28400bc99a029218b24","name":"Diana Ja\u0161ekov\u00e1","image":{"@type":"ImageObject","inLanguage":"sk-SK","@id":"https:\/\/secure.gravatar.com\/avatar\/8c7454049523c9673804cf321f89b38fd4fcd5aa5ad8961f32caaf292dfd996f?s=96&d=mm&r=g","url":"https:\/\/secure.gravatar.com\/avatar\/8c7454049523c9673804cf321f89b38fd4fcd5aa5ad8961f32caaf292dfd996f?s=96&d=mm&r=g","contentUrl":"https:\/\/secure.gravatar.com\/avatar\/8c7454049523c9673804cf321f89b38fd4fcd5aa5ad8961f32caaf292dfd996f?s=96&d=mm&r=g","caption":"Diana Ja\u0161ekov\u00e1"},"url":"https:\/\/www.youthforequality.sk\/index.php\/author\/diajas\/"}]}},"_links":{"self":[{"href":"https:\/\/www.youthforequality.sk\/index.php\/wp-json\/wp\/v2\/posts\/2684","targetHints":{"allow":["GET"]}}],"collection":[{"href":"https:\/\/www.youthforequality.sk\/index.php\/wp-json\/wp\/v2\/posts"}],"about":[{"href":"https:\/\/www.youthforequality.sk\/index.php\/wp-json\/wp\/v2\/types\/post"}],"author":[{"embeddable":true,"href":"https:\/\/www.youthforequality.sk\/index.php\/wp-json\/wp\/v2\/users\/2"}],"replies":[{"embeddable":true,"href":"https:\/\/www.youthforequality.sk\/index.php\/wp-json\/wp\/v2\/comments?post=2684"}],"version-history":[{"count":5,"href":"https:\/\/www.youthforequality.sk\/index.php\/wp-json\/wp\/v2\/posts\/2684\/revisions"}],"predecessor-version":[{"id":2691,"href":"https:\/\/www.youthforequality.sk\/index.php\/wp-json\/wp\/v2\/posts\/2684\/revisions\/2691"}],"wp:featuredmedia":[{"embeddable":true,"href":"https:\/\/www.youthforequality.sk\/index.php\/wp-json\/wp\/v2\/media\/2689"}],"wp:attachment":[{"href":"https:\/\/www.youthforequality.sk\/index.php\/wp-json\/wp\/v2\/media?parent=2684"}],"wp:term":[{"taxonomy":"category","embeddable":true,"href":"https:\/\/www.youthforequality.sk\/index.php\/wp-json\/wp\/v2\/categories?post=2684"},{"taxonomy":"post_tag","embeddable":true,"href":"https:\/\/www.youthforequality.sk\/index.php\/wp-json\/wp\/v2\/tags?post=2684"}],"curies":[{"name":"wp","href":"https:\/\/api.w.org\/{rel}","templated":true}]}}