{"id":2717,"date":"2021-04-09T11:36:48","date_gmt":"2021-04-09T09:36:48","guid":{"rendered":"https:\/\/www.youthforequality.sk\/?p=2717"},"modified":"2021-04-09T11:39:42","modified_gmt":"2021-04-09T09:39:42","slug":"skolenie-training-course-take-a-step-towards-creativity-bratislava-slovensko","status":"publish","type":"post","link":"https:\/\/www.youthforequality.sk\/index.php\/2021\/04\/09\/skolenie-training-course-take-a-step-towards-creativity-bratislava-slovensko\/","title":{"rendered":"\u0160kolenie\/Training course \u201eTake a Step Towards Creativity\u201c Bratislava Slovensko"},"content":{"rendered":"\t\t<div data-elementor-type=\"wp-post\" data-elementor-id=\"2717\" class=\"elementor elementor-2717\">\n\t\t\t\t\t\t<section class=\"elementor-section elementor-top-section elementor-element elementor-element-d5d389f elementor-section-boxed elementor-section-height-default elementor-section-height-default\" data-id=\"d5d389f\" data-element_type=\"section\" data-e-type=\"section\">\n\t\t\t\t\t\t<div class=\"elementor-container elementor-column-gap-default\">\n\t\t\t\t\t<div class=\"elementor-column elementor-col-100 elementor-top-column elementor-element elementor-element-adaa390\" data-id=\"adaa390\" data-element_type=\"column\" data-e-type=\"column\">\n\t\t\t<div class=\"elementor-widget-wrap elementor-element-populated\">\n\t\t\t\t\t\t<div class=\"elementor-element elementor-element-1a7f0cc elementor-widget elementor-widget-text-editor\" data-id=\"1a7f0cc\" data-element_type=\"widget\" data-e-type=\"widget\" data-widget_type=\"text-editor.default\">\n\t\t\t\t<div class=\"elementor-widget-container\">\n\t\t\t\t\t\t\t\t\t<div class=\"wp-block-image\"><figure class=\"alignleft is-resized\"><img decoding=\"async\" src=\"https:\/\/youthforequality-sk.webnode.sk\/_files\/200000214-79c017abe9\/200\/vlajka-slovenska-png-6.png\" alt=\"\" width=\"100\" height=\"84\" \/><\/figure><\/div><p>OPIS PROJEKTU<\/p><p>Iniciat\u00edva v oblasti kult\u00fary a umenia sa za\u010d\u00edna v ranom detstve a vzdel\u00e1vanie by sa malo v celej E\u00da uzna\u0165 ako nevyhnutn\u00e1 s\u00fa\u010das\u0165 u\u010debn\u00fdch osnov. Umenie sa d\u00e1 vyu\u017ei\u0165 aj na zlep\u0161enie z\u00edskavania kompetenci\u00ed, ktor\u00e9 s\u00fa rozhoduj\u00face pre podporu kreativity a pocitu uznania kult\u00farnej rozmanitosti. Ich pou\u017eitie m\u00f4\u017ee prispie\u0165 k rozvoju cel\u00e9ho s\u00faboru k\u013e\u00fa\u010dov\u00fdch kompetenci\u00ed, od z\u00e1kladn\u00fdch (t.j. jazykov\u00fdch zru\u010dnost\u00ed prostredn\u00edctvom konania) a\u017e po prierezov\u00e9 zru\u010dnosti (t.j. logiku prostredn\u00edctvom h\u013eadania faktov a s\u00favislost\u00ed) u mlad\u00fdch \u013eud\u00ed. To znamen\u00e1, \u017ee potrebujeme dobre vy\u0161kolen\u00fdch pracovn\u00edkov s ml\u00e1de\u017eou, aby im oni mohli \u010falej dod\u00e1va\u0165 tieto po\u017eadovan\u00e9 zru\u010dnosti. Z tohto d\u00f4vodu je potrebn\u00e9 zlep\u0161i\u0165 pr\u00e1cu s ml\u00e1de\u017eou prostredn\u00edctvom odbornej pr\u00edpravy, ktor\u00e1 im pribl\u00ed\u017ei d\u00f4le\u017eitos\u0165 kult\u00fary a uprednostn\u00ed ich tvoriv\u00e9 a umeleck\u00e9 \u010dinnosti.\u00a0<\/p><p>Projektu Take a step towards Creativity, ktor\u00fd organizovalo ob\u010dianske zdru\u017eenie Youth for Equality sa z\u00fa\u010dastnilo 24 pracovn\u00edkov s ml\u00e1de\u017eou, ml\u00e1de\u017en\u00edckych l\u00eddrov, pedag\u00f3gov, soci\u00e1lnych pracovn\u00edkov, psychol\u00f3gov z kraj\u00edn Gr\u00e9cko, Turecko, \u0160panielsko, Taliansko, Ve\u013ek\u00e1 Brit\u00e1nia, Litva, Po\u013esko a Slovensko. Hlavn\u00e1 aktivita sa konala v Bratislave 1.\u00a0 \u2013 10. decembra 2019.\u00a0<\/p><p>Projekt zd\u00f4raz\u0148oval aj k\u013e\u00fa\u010dov\u00fa \u00falohu kult\u00fary pri roz\u0161irovan\u00ed pr\u00edstupu k celo\u017eivotn\u00e9mu vzdel\u00e1vaniu, najm\u00e4 pre znev\u00fdhodnen\u00e9 skupiny, s ktor\u00fdmi na\u0161i partneri \u010dasto pracuj\u00fa. V tomto oh\u013eade bolo nevyhnutn\u00e9 prepoji\u0165 vzdel\u00e1vacie i kult\u00farne strat\u00e9gie a politiky na \u00farovni E\u00da s cie\u013eom zv\u00fd\u0161i\u0165 kvalifik\u00e1ciu na\u0161ich mlad\u00fdch \u013eud\u00ed, zv\u00fd\u0161i\u0165 ich zamestnanos\u0165 a najm\u00e4 soci\u00e1lne za\u010dlenenie. Tieto oblasti s\u00fa vz\u00e1jomne prepojen\u00e9 a vz\u00e1jomne sa ovplyv\u0148uj\u00fa. Aby bola pr\u00e1ca s ml\u00e1de\u017eou \u00fa\u010dinn\u00e1, mus\u00ed sa neust\u00e1le prisp\u00f4sobova\u0165 r\u00fdchlo sa meniacim inov\u00e1ci\u00e1m. T\u00fdmto projektom sme medzi pracovn\u00edkmi s ml\u00e1de\u017eou zdie\u013eali sk\u00fasenosti a osved\u010den\u00e9 postupy z oblasti kult\u00fary a tvorivosti a spolo\u010dne sme sk\u00famali, ako sa daj\u00fa uplatni\u0165 pri pr\u00e1ci s mlad\u00fdmi \u013eu\u010fmi. Ne\u0161lo iba o umenie a tvoriv\u00e9 vyjadrenie sa, ale aj o pomoc ka\u017ed\u00e9mu jednotlivcovi n\u00e1js\u0165 SVOJ autentick\u00fd sp\u00f4sob kult\u00farnej identity a podpori\u0165 tak kult\u00farnu rozmanitos\u0165 pri interakcii s ostatn\u00fdmi.<\/p><p>Aktivity \u2013 brainstormingy, my\u0161lienkov\u00e9 mapy, diskusie na t\u00e9mu kult\u00fara a kult\u00farna identita, simul\u00e1cia a pr\u00e1ca so znev\u00fdhodnen\u00fdmi, stretnutia a n\u00e1v\u0161teva V\u0160MU (divadeln\u00e1 a telev\u00edzna fakulta), workshop arteterapia, workshop kreat\u00edvne p\u00edsanie, workshop tvorba posterov, n\u00e1v\u0161teva gal\u00e9rie, pr\u00e1ca v skupin\u00e1ch, rozhovory s lok\u00e1lnymi, tvorba aktiv\u00edt na rozvoj kreativity vyu\u017eit\u00edm neform\u00e1lnych met\u00f3d, implement\u00e1cia aktiv\u00edt na strednej \u0161kole so \u0161tudentami.<\/p><p>PARTNERI:<\/p><p>TOPLUMSAL KULTUR VE GELISIM DERNEGI \u2013 Turecko<\/p><p>SINDESMOS SISTIMA KAI GENIA \u2013 Gr\u00e9cko<\/p><p>Asociaci\u00f3n Cultural Gremio Luna \u2013 \u0160panielsko<\/p><p>ASOCIACIJA APKABINK EUROPA \u2013 Litva<\/p><p>Youth Innovation Ltd \u2013 Ve\u013ek\u00e1 Brit\u00e1nia<\/p><p>EURODEMOS YOUTH MOBILITY \u2013 Taliansko<\/p><p>Zachodniopomorska Wojew\u00f3dzka Komenda Ochotniczych Hufc\u00f3w Pracy w Szczecinie \u2013 Po\u013esko<\/p><p>Tento projekt je podporen\u00fd grantom EU.<\/p><p>\u00a0<\/p><p>\u00a0<\/p><p>\u00a0<\/p><div class=\"wp-block-image\"><figure class=\"alignleft is-resized\"><img decoding=\"async\" src=\"https:\/\/youthforequality-sk.webnode.sk\/_files\/200000216-b5519b64b8\/200\/angvlajka.png\" alt=\"\" width=\"100\" height=\"65\" \/><\/figure><\/div><p>DESCRIPTION OF THE PROJECT<\/p><p>Initiation to culture and the arts start from early childhood education should be acknowledged across the EU as an essential part of the curricula. Arts can also be used to improve the acquisition of competences, crucial to foster one\u2019s creativity and sense of appreciation of cultural diversity. Their use can contribute to develop a whole set of key competences, from basic (i.e. language skills through acting) to transversal skills (i.e. logic through juggling) in young individuals. This means we need good trained youth workers in order to be deliver these required skills in youth. For this reason the improvement of youth workers is needed by a training which sensitize them to the importance of culture and favour their activities with creativity and art. The project emphasises also the crucial role of culture in broadening the access to lifelong learning, especially for the disadvantaged groups who our partners often work with. Bridging education and culture strategies and policies at EU level to upgrade our young people\u2019s skills, increase their employability and especially make them socially included, fulfilled individuals and active citizens is essential in that respect. These areas ARE interlinked and influence each other. To be effective, youth work needs to be more self critical and constantly look for innovations. With this project we discovered experiences and good practices from the field of culture and creativity and explored how to apply it to work with young people. It was not only about art and creative expression, but it was also about helping each person to find their OWN authentic way of cultural identity and supporting cultural diversity while interacting with others.<\/p><p>PARTNERS:\u00a0<\/p><p>TOPLUMSAL KULTUR VE GELISIM DERNEGI \u2013 Turkey<\/p><p>SINDESMOS SISTIMA KAI GENIA \u2013 Greece<\/p><p>Asociaci\u00f3n Cultural Gremio Luna \u2013 Spain<\/p><p>ASOCIACIJA APKABINK EUROPA \u2013 Lithuania<\/p><p>Youth Innovation Ltd \u2013 UK<\/p><p>EURODEMOS YOUTH MOBILITY \u2013 Italy<\/p><p>Zachodniopomorska Wojew\u00f3dzka Komenda Ochotniczych Hufc\u00f3w Pracy w Szczecinie \u2013 Poland<\/p>\t\t\t\t\t\t\t\t<\/div>\n\t\t\t\t<\/div>\n\t\t\t\t\t<\/div>\n\t\t<\/div>\n\t\t\t\t\t<\/div>\n\t\t<\/section>\n\t\t\t\t<section class=\"elementor-section elementor-top-section elementor-element elementor-element-45fb83e elementor-section-boxed elementor-section-height-default elementor-section-height-default\" data-id=\"45fb83e\" data-element_type=\"section\" data-e-type=\"section\">\n\t\t\t\t\t\t<div class=\"elementor-container elementor-column-gap-default\">\n\t\t\t\t\t<div class=\"elementor-column elementor-col-50 elementor-top-column elementor-element elementor-element-8270c1b\" data-id=\"8270c1b\" data-element_type=\"column\" data-e-type=\"column\">\n\t\t\t<div class=\"elementor-widget-wrap\">\n\t\t\t\t\t\t\t<\/div>\n\t\t<\/div>\n\t\t\t\t<div class=\"elementor-column elementor-col-50 elementor-top-column elementor-element elementor-element-12615ba\" data-id=\"12615ba\" data-element_type=\"column\" data-e-type=\"column\">\n\t\t\t<div class=\"elementor-widget-wrap\">\n\t\t\t\t\t\t\t<\/div>\n\t\t<\/div>\n\t\t\t\t\t<\/div>\n\t\t<\/section>\n\t\t\t\t<\/div>\n\t\t","protected":false},"excerpt":{"rendered":"<p>OPIS PROJEKTU Iniciat\u00edva v oblasti kult\u00fary a umenia sa za\u010d\u00edna v ranom detstve a vzdel\u00e1vanie by sa malo v celej E\u00da uzna\u0165 ako nevyhnutn\u00e1 s\u00fa\u010das\u0165 u\u010debn\u00fdch osnov. Umenie sa d\u00e1 vyu\u017ei\u0165 aj na zlep\u0161enie z\u00edskavania kompetenci\u00ed, ktor\u00e9 s\u00fa rozhoduj\u00face pre podporu kreativity a pocitu uznania kult\u00farnej rozmanitosti. Ich pou\u017eitie m\u00f4\u017ee prispie\u0165 k rozvoju cel\u00e9ho s\u00faboru&hellip;&nbsp;<a href=\"https:\/\/www.youthforequality.sk\/index.php\/2021\/04\/09\/skolenie-training-course-take-a-step-towards-creativity-bratislava-slovensko\/\" class=\"\" rel=\"bookmark\">\u010c\u00edta\u0165 viac &raquo;<span class=\"screen-reader-text\">\u0160kolenie\/Training course \u201eTake a Step Towards Creativity\u201c Bratislava Slovensko<\/span><\/a><\/p>\n","protected":false},"author":2,"featured_media":596,"comment_status":"closed","ping_status":"open","sticky":false,"template":"","format":"standard","meta":{"_uf_show_specific_survey":0,"_uf_disable_surveys":false,"neve_meta_sidebar":"","neve_meta_container":"","neve_meta_enable_content_width":"","neve_meta_content_width":0,"neve_meta_title_alignment":"","neve_meta_author_avatar":"","neve_post_elements_order":"","neve_meta_disable_header":"","neve_meta_disable_footer":"","neve_meta_disable_title":"","_themeisle_gutenberg_block_has_review":false,"footnotes":""},"categories":[37],"tags":[],"class_list":["post-2717","post","type-post","status-publish","format-standard","has-post-thumbnail","hentry","category-skolenia-pre-pracovnikov-s-mladezou-predosle-projekty"],"yoast_head":"<!-- This site is optimized with the Yoast SEO plugin v27.4 - https:\/\/yoast.com\/product\/yoast-seo-wordpress\/ -->\n<title>\u0160kolenie\/Training course \u201eTake a Step Towards Creativity\u201c Bratislava Slovensko |<\/title>\n<meta name=\"robots\" content=\"index, follow, max-snippet:-1, max-image-preview:large, max-video-preview:-1\" \/>\n<link rel=\"canonical\" href=\"https:\/\/www.youthforequality.sk\/index.php\/2021\/04\/09\/skolenie-training-course-take-a-step-towards-creativity-bratislava-slovensko\/\" \/>\n<meta property=\"og:locale\" content=\"sk_SK\" \/>\n<meta property=\"og:type\" content=\"article\" \/>\n<meta property=\"og:title\" content=\"\u0160kolenie\/Training course \u201eTake a Step Towards Creativity\u201c Bratislava Slovensko |\" \/>\n<meta property=\"og:description\" content=\"OPIS PROJEKTU Iniciat\u00edva v oblasti kult\u00fary a umenia sa za\u010d\u00edna v ranom detstve a vzdel\u00e1vanie by sa malo v celej E\u00da uzna\u0165 ako nevyhnutn\u00e1 s\u00fa\u010das\u0165 u\u010debn\u00fdch osnov. Umenie sa d\u00e1 vyu\u017ei\u0165 aj na zlep\u0161enie z\u00edskavania kompetenci\u00ed, ktor\u00e9 s\u00fa rozhoduj\u00face pre podporu kreativity a pocitu uznania kult\u00farnej rozmanitosti. Ich pou\u017eitie m\u00f4\u017ee prispie\u0165 k rozvoju cel\u00e9ho s\u00faboru&hellip;&nbsp;\u010c\u00edta\u0165 viac &raquo;\u0160kolenie\/Training course \u201eTake a Step Towards Creativity\u201c Bratislava Slovensko\" \/>\n<meta property=\"og:url\" content=\"https:\/\/www.youthforequality.sk\/index.php\/2021\/04\/09\/skolenie-training-course-take-a-step-towards-creativity-bratislava-slovensko\/\" \/>\n<meta property=\"article:publisher\" content=\"https:\/\/www.facebook.com\/yeslovakia\" \/>\n<meta property=\"article:published_time\" content=\"2021-04-09T09:36:48+00:00\" \/>\n<meta property=\"article:modified_time\" content=\"2021-04-09T09:39:42+00:00\" \/>\n<meta property=\"og:image\" content=\"https:\/\/www.youthforequality.sk\/wp-content\/uploads\/2020\/04\/Creativity-Poster.jpg\" \/>\n\t<meta property=\"og:image:width\" content=\"495\" \/>\n\t<meta property=\"og:image:height\" content=\"700\" \/>\n\t<meta property=\"og:image:type\" content=\"image\/jpeg\" \/>\n<meta name=\"author\" content=\"Diana Ja\u0161ekov\u00e1\" \/>\n<meta name=\"twitter:card\" content=\"summary_large_image\" \/>\n<meta name=\"twitter:label1\" content=\"Autor\" \/>\n\t<meta name=\"twitter:data1\" content=\"Diana Ja\u0161ekov\u00e1\" \/>\n\t<meta name=\"twitter:label2\" content=\"Predpokladan\u00fd \u010das \u010d\u00edtania\" \/>\n\t<meta name=\"twitter:data2\" content=\"4 min\u00faty\" \/>\n<script type=\"application\/ld+json\" class=\"yoast-schema-graph\">{\"@context\":\"https:\\\/\\\/schema.org\",\"@graph\":[{\"@type\":\"Article\",\"@id\":\"https:\\\/\\\/www.youthforequality.sk\\\/index.php\\\/2021\\\/04\\\/09\\\/skolenie-training-course-take-a-step-towards-creativity-bratislava-slovensko\\\/#article\",\"isPartOf\":{\"@id\":\"https:\\\/\\\/www.youthforequality.sk\\\/index.php\\\/2021\\\/04\\\/09\\\/skolenie-training-course-take-a-step-towards-creativity-bratislava-slovensko\\\/\"},\"author\":{\"name\":\"Diana Ja\u0161ekov\u00e1\",\"@id\":\"https:\\\/\\\/www.youthforequality.sk\\\/#\\\/schema\\\/person\\\/be8fe75a4ed9c28400bc99a029218b24\"},\"headline\":\"\u0160kolenie\\\/Training course \u201eTake a Step Towards Creativity\u201c Bratislava Slovensko\",\"datePublished\":\"2021-04-09T09:36:48+00:00\",\"dateModified\":\"2021-04-09T09:39:42+00:00\",\"mainEntityOfPage\":{\"@id\":\"https:\\\/\\\/www.youthforequality.sk\\\/index.php\\\/2021\\\/04\\\/09\\\/skolenie-training-course-take-a-step-towards-creativity-bratislava-slovensko\\\/\"},\"wordCount\":887,\"publisher\":{\"@id\":\"https:\\\/\\\/www.youthforequality.sk\\\/#organization\"},\"image\":{\"@id\":\"https:\\\/\\\/www.youthforequality.sk\\\/index.php\\\/2021\\\/04\\\/09\\\/skolenie-training-course-take-a-step-towards-creativity-bratislava-slovensko\\\/#primaryimage\"},\"thumbnailUrl\":\"https:\\\/\\\/www.youthforequality.sk\\\/wp-content\\\/uploads\\\/2020\\\/04\\\/Creativity-Poster.jpg\",\"articleSection\":[\"\u0160kolenia pre pracovn\u00edkov s ml\u00e1de\u017eou - predo\u0161l\u00e9 projekty\"],\"inLanguage\":\"sk-SK\"},{\"@type\":\"WebPage\",\"@id\":\"https:\\\/\\\/www.youthforequality.sk\\\/index.php\\\/2021\\\/04\\\/09\\\/skolenie-training-course-take-a-step-towards-creativity-bratislava-slovensko\\\/\",\"url\":\"https:\\\/\\\/www.youthforequality.sk\\\/index.php\\\/2021\\\/04\\\/09\\\/skolenie-training-course-take-a-step-towards-creativity-bratislava-slovensko\\\/\",\"name\":\"\u0160kolenie\\\/Training course \u201eTake a Step Towards Creativity\u201c Bratislava Slovensko |\",\"isPartOf\":{\"@id\":\"https:\\\/\\\/www.youthforequality.sk\\\/#website\"},\"primaryImageOfPage\":{\"@id\":\"https:\\\/\\\/www.youthforequality.sk\\\/index.php\\\/2021\\\/04\\\/09\\\/skolenie-training-course-take-a-step-towards-creativity-bratislava-slovensko\\\/#primaryimage\"},\"image\":{\"@id\":\"https:\\\/\\\/www.youthforequality.sk\\\/index.php\\\/2021\\\/04\\\/09\\\/skolenie-training-course-take-a-step-towards-creativity-bratislava-slovensko\\\/#primaryimage\"},\"thumbnailUrl\":\"https:\\\/\\\/www.youthforequality.sk\\\/wp-content\\\/uploads\\\/2020\\\/04\\\/Creativity-Poster.jpg\",\"datePublished\":\"2021-04-09T09:36:48+00:00\",\"dateModified\":\"2021-04-09T09:39:42+00:00\",\"breadcrumb\":{\"@id\":\"https:\\\/\\\/www.youthforequality.sk\\\/index.php\\\/2021\\\/04\\\/09\\\/skolenie-training-course-take-a-step-towards-creativity-bratislava-slovensko\\\/#breadcrumb\"},\"inLanguage\":\"sk-SK\",\"potentialAction\":[{\"@type\":\"ReadAction\",\"target\":[\"https:\\\/\\\/www.youthforequality.sk\\\/index.php\\\/2021\\\/04\\\/09\\\/skolenie-training-course-take-a-step-towards-creativity-bratislava-slovensko\\\/\"]}]},{\"@type\":\"ImageObject\",\"inLanguage\":\"sk-SK\",\"@id\":\"https:\\\/\\\/www.youthforequality.sk\\\/index.php\\\/2021\\\/04\\\/09\\\/skolenie-training-course-take-a-step-towards-creativity-bratislava-slovensko\\\/#primaryimage\",\"url\":\"https:\\\/\\\/www.youthforequality.sk\\\/wp-content\\\/uploads\\\/2020\\\/04\\\/Creativity-Poster.jpg\",\"contentUrl\":\"https:\\\/\\\/www.youthforequality.sk\\\/wp-content\\\/uploads\\\/2020\\\/04\\\/Creativity-Poster.jpg\",\"width\":495,\"height\":700},{\"@type\":\"BreadcrumbList\",\"@id\":\"https:\\\/\\\/www.youthforequality.sk\\\/index.php\\\/2021\\\/04\\\/09\\\/skolenie-training-course-take-a-step-towards-creativity-bratislava-slovensko\\\/#breadcrumb\",\"itemListElement\":[{\"@type\":\"ListItem\",\"position\":1,\"name\":\"Home\",\"item\":\"https:\\\/\\\/www.youthforequality.sk\\\/\"},{\"@type\":\"ListItem\",\"position\":2,\"name\":\"\u0160kolenie\\\/Training course \u201eTake a Step Towards Creativity\u201c Bratislava Slovensko\"}]},{\"@type\":\"WebSite\",\"@id\":\"https:\\\/\\\/www.youthforequality.sk\\\/#website\",\"url\":\"https:\\\/\\\/www.youthforequality.sk\\\/\",\"name\":\"\",\"description\":\"\",\"publisher\":{\"@id\":\"https:\\\/\\\/www.youthforequality.sk\\\/#organization\"},\"potentialAction\":[{\"@type\":\"SearchAction\",\"target\":{\"@type\":\"EntryPoint\",\"urlTemplate\":\"https:\\\/\\\/www.youthforequality.sk\\\/?s={search_term_string}\"},\"query-input\":{\"@type\":\"PropertyValueSpecification\",\"valueRequired\":true,\"valueName\":\"search_term_string\"}}],\"inLanguage\":\"sk-SK\"},{\"@type\":\"Organization\",\"@id\":\"https:\\\/\\\/www.youthforequality.sk\\\/#organization\",\"name\":\"Youth for Equality\",\"url\":\"https:\\\/\\\/www.youthforequality.sk\\\/\",\"logo\":{\"@type\":\"ImageObject\",\"inLanguage\":\"sk-SK\",\"@id\":\"https:\\\/\\\/www.youthforequality.sk\\\/#\\\/schema\\\/logo\\\/image\\\/\",\"url\":\"https:\\\/\\\/www.youthforequality.sk\\\/wp-content\\\/uploads\\\/2021\\\/01\\\/vynovene-logo-nove-farby_modra-na-web.png\",\"contentUrl\":\"https:\\\/\\\/www.youthforequality.sk\\\/wp-content\\\/uploads\\\/2021\\\/01\\\/vynovene-logo-nove-farby_modra-na-web.png\",\"width\":1,\"height\":1,\"caption\":\"Youth for Equality\"},\"image\":{\"@id\":\"https:\\\/\\\/www.youthforequality.sk\\\/#\\\/schema\\\/logo\\\/image\\\/\"},\"sameAs\":[\"https:\\\/\\\/www.facebook.com\\\/yeslovakia\"]},{\"@type\":\"Person\",\"@id\":\"https:\\\/\\\/www.youthforequality.sk\\\/#\\\/schema\\\/person\\\/be8fe75a4ed9c28400bc99a029218b24\",\"name\":\"Diana Ja\u0161ekov\u00e1\",\"image\":{\"@type\":\"ImageObject\",\"inLanguage\":\"sk-SK\",\"@id\":\"https:\\\/\\\/secure.gravatar.com\\\/avatar\\\/8c7454049523c9673804cf321f89b38fd4fcd5aa5ad8961f32caaf292dfd996f?s=96&d=mm&r=g\",\"url\":\"https:\\\/\\\/secure.gravatar.com\\\/avatar\\\/8c7454049523c9673804cf321f89b38fd4fcd5aa5ad8961f32caaf292dfd996f?s=96&d=mm&r=g\",\"contentUrl\":\"https:\\\/\\\/secure.gravatar.com\\\/avatar\\\/8c7454049523c9673804cf321f89b38fd4fcd5aa5ad8961f32caaf292dfd996f?s=96&d=mm&r=g\",\"caption\":\"Diana Ja\u0161ekov\u00e1\"},\"url\":\"https:\\\/\\\/www.youthforequality.sk\\\/index.php\\\/author\\\/diajas\\\/\"}]}<\/script>\n<!-- \/ Yoast SEO plugin. -->","yoast_head_json":{"title":"\u0160kolenie\/Training course \u201eTake a Step Towards Creativity\u201c Bratislava Slovensko |","robots":{"index":"index","follow":"follow","max-snippet":"max-snippet:-1","max-image-preview":"max-image-preview:large","max-video-preview":"max-video-preview:-1"},"canonical":"https:\/\/www.youthforequality.sk\/index.php\/2021\/04\/09\/skolenie-training-course-take-a-step-towards-creativity-bratislava-slovensko\/","og_locale":"sk_SK","og_type":"article","og_title":"\u0160kolenie\/Training course \u201eTake a Step Towards Creativity\u201c Bratislava Slovensko |","og_description":"OPIS PROJEKTU Iniciat\u00edva v oblasti kult\u00fary a umenia sa za\u010d\u00edna v ranom detstve a vzdel\u00e1vanie by sa malo v celej E\u00da uzna\u0165 ako nevyhnutn\u00e1 s\u00fa\u010das\u0165 u\u010debn\u00fdch osnov. Umenie sa d\u00e1 vyu\u017ei\u0165 aj na zlep\u0161enie z\u00edskavania kompetenci\u00ed, ktor\u00e9 s\u00fa rozhoduj\u00face pre podporu kreativity a pocitu uznania kult\u00farnej rozmanitosti. Ich pou\u017eitie m\u00f4\u017ee prispie\u0165 k rozvoju cel\u00e9ho s\u00faboru&hellip;&nbsp;\u010c\u00edta\u0165 viac &raquo;\u0160kolenie\/Training course \u201eTake a Step Towards Creativity\u201c Bratislava Slovensko","og_url":"https:\/\/www.youthforequality.sk\/index.php\/2021\/04\/09\/skolenie-training-course-take-a-step-towards-creativity-bratislava-slovensko\/","article_publisher":"https:\/\/www.facebook.com\/yeslovakia","article_published_time":"2021-04-09T09:36:48+00:00","article_modified_time":"2021-04-09T09:39:42+00:00","og_image":[{"width":495,"height":700,"url":"https:\/\/www.youthforequality.sk\/wp-content\/uploads\/2020\/04\/Creativity-Poster.jpg","type":"image\/jpeg"}],"author":"Diana Ja\u0161ekov\u00e1","twitter_card":"summary_large_image","twitter_misc":{"Autor":"Diana Ja\u0161ekov\u00e1","Predpokladan\u00fd \u010das \u010d\u00edtania":"4 min\u00faty"},"schema":{"@context":"https:\/\/schema.org","@graph":[{"@type":"Article","@id":"https:\/\/www.youthforequality.sk\/index.php\/2021\/04\/09\/skolenie-training-course-take-a-step-towards-creativity-bratislava-slovensko\/#article","isPartOf":{"@id":"https:\/\/www.youthforequality.sk\/index.php\/2021\/04\/09\/skolenie-training-course-take-a-step-towards-creativity-bratislava-slovensko\/"},"author":{"name":"Diana Ja\u0161ekov\u00e1","@id":"https:\/\/www.youthforequality.sk\/#\/schema\/person\/be8fe75a4ed9c28400bc99a029218b24"},"headline":"\u0160kolenie\/Training course \u201eTake a Step Towards Creativity\u201c Bratislava Slovensko","datePublished":"2021-04-09T09:36:48+00:00","dateModified":"2021-04-09T09:39:42+00:00","mainEntityOfPage":{"@id":"https:\/\/www.youthforequality.sk\/index.php\/2021\/04\/09\/skolenie-training-course-take-a-step-towards-creativity-bratislava-slovensko\/"},"wordCount":887,"publisher":{"@id":"https:\/\/www.youthforequality.sk\/#organization"},"image":{"@id":"https:\/\/www.youthforequality.sk\/index.php\/2021\/04\/09\/skolenie-training-course-take-a-step-towards-creativity-bratislava-slovensko\/#primaryimage"},"thumbnailUrl":"https:\/\/www.youthforequality.sk\/wp-content\/uploads\/2020\/04\/Creativity-Poster.jpg","articleSection":["\u0160kolenia pre pracovn\u00edkov s ml\u00e1de\u017eou - predo\u0161l\u00e9 projekty"],"inLanguage":"sk-SK"},{"@type":"WebPage","@id":"https:\/\/www.youthforequality.sk\/index.php\/2021\/04\/09\/skolenie-training-course-take-a-step-towards-creativity-bratislava-slovensko\/","url":"https:\/\/www.youthforequality.sk\/index.php\/2021\/04\/09\/skolenie-training-course-take-a-step-towards-creativity-bratislava-slovensko\/","name":"\u0160kolenie\/Training course \u201eTake a Step Towards Creativity\u201c Bratislava Slovensko |","isPartOf":{"@id":"https:\/\/www.youthforequality.sk\/#website"},"primaryImageOfPage":{"@id":"https:\/\/www.youthforequality.sk\/index.php\/2021\/04\/09\/skolenie-training-course-take-a-step-towards-creativity-bratislava-slovensko\/#primaryimage"},"image":{"@id":"https:\/\/www.youthforequality.sk\/index.php\/2021\/04\/09\/skolenie-training-course-take-a-step-towards-creativity-bratislava-slovensko\/#primaryimage"},"thumbnailUrl":"https:\/\/www.youthforequality.sk\/wp-content\/uploads\/2020\/04\/Creativity-Poster.jpg","datePublished":"2021-04-09T09:36:48+00:00","dateModified":"2021-04-09T09:39:42+00:00","breadcrumb":{"@id":"https:\/\/www.youthforequality.sk\/index.php\/2021\/04\/09\/skolenie-training-course-take-a-step-towards-creativity-bratislava-slovensko\/#breadcrumb"},"inLanguage":"sk-SK","potentialAction":[{"@type":"ReadAction","target":["https:\/\/www.youthforequality.sk\/index.php\/2021\/04\/09\/skolenie-training-course-take-a-step-towards-creativity-bratislava-slovensko\/"]}]},{"@type":"ImageObject","inLanguage":"sk-SK","@id":"https:\/\/www.youthforequality.sk\/index.php\/2021\/04\/09\/skolenie-training-course-take-a-step-towards-creativity-bratislava-slovensko\/#primaryimage","url":"https:\/\/www.youthforequality.sk\/wp-content\/uploads\/2020\/04\/Creativity-Poster.jpg","contentUrl":"https:\/\/www.youthforequality.sk\/wp-content\/uploads\/2020\/04\/Creativity-Poster.jpg","width":495,"height":700},{"@type":"BreadcrumbList","@id":"https:\/\/www.youthforequality.sk\/index.php\/2021\/04\/09\/skolenie-training-course-take-a-step-towards-creativity-bratislava-slovensko\/#breadcrumb","itemListElement":[{"@type":"ListItem","position":1,"name":"Home","item":"https:\/\/www.youthforequality.sk\/"},{"@type":"ListItem","position":2,"name":"\u0160kolenie\/Training course \u201eTake a Step Towards Creativity\u201c Bratislava Slovensko"}]},{"@type":"WebSite","@id":"https:\/\/www.youthforequality.sk\/#website","url":"https:\/\/www.youthforequality.sk\/","name":"","description":"","publisher":{"@id":"https:\/\/www.youthforequality.sk\/#organization"},"potentialAction":[{"@type":"SearchAction","target":{"@type":"EntryPoint","urlTemplate":"https:\/\/www.youthforequality.sk\/?s={search_term_string}"},"query-input":{"@type":"PropertyValueSpecification","valueRequired":true,"valueName":"search_term_string"}}],"inLanguage":"sk-SK"},{"@type":"Organization","@id":"https:\/\/www.youthforequality.sk\/#organization","name":"Youth for Equality","url":"https:\/\/www.youthforequality.sk\/","logo":{"@type":"ImageObject","inLanguage":"sk-SK","@id":"https:\/\/www.youthforequality.sk\/#\/schema\/logo\/image\/","url":"https:\/\/www.youthforequality.sk\/wp-content\/uploads\/2021\/01\/vynovene-logo-nove-farby_modra-na-web.png","contentUrl":"https:\/\/www.youthforequality.sk\/wp-content\/uploads\/2021\/01\/vynovene-logo-nove-farby_modra-na-web.png","width":1,"height":1,"caption":"Youth for Equality"},"image":{"@id":"https:\/\/www.youthforequality.sk\/#\/schema\/logo\/image\/"},"sameAs":["https:\/\/www.facebook.com\/yeslovakia"]},{"@type":"Person","@id":"https:\/\/www.youthforequality.sk\/#\/schema\/person\/be8fe75a4ed9c28400bc99a029218b24","name":"Diana Ja\u0161ekov\u00e1","image":{"@type":"ImageObject","inLanguage":"sk-SK","@id":"https:\/\/secure.gravatar.com\/avatar\/8c7454049523c9673804cf321f89b38fd4fcd5aa5ad8961f32caaf292dfd996f?s=96&d=mm&r=g","url":"https:\/\/secure.gravatar.com\/avatar\/8c7454049523c9673804cf321f89b38fd4fcd5aa5ad8961f32caaf292dfd996f?s=96&d=mm&r=g","contentUrl":"https:\/\/secure.gravatar.com\/avatar\/8c7454049523c9673804cf321f89b38fd4fcd5aa5ad8961f32caaf292dfd996f?s=96&d=mm&r=g","caption":"Diana Ja\u0161ekov\u00e1"},"url":"https:\/\/www.youthforequality.sk\/index.php\/author\/diajas\/"}]}},"_links":{"self":[{"href":"https:\/\/www.youthforequality.sk\/index.php\/wp-json\/wp\/v2\/posts\/2717","targetHints":{"allow":["GET"]}}],"collection":[{"href":"https:\/\/www.youthforequality.sk\/index.php\/wp-json\/wp\/v2\/posts"}],"about":[{"href":"https:\/\/www.youthforequality.sk\/index.php\/wp-json\/wp\/v2\/types\/post"}],"author":[{"embeddable":true,"href":"https:\/\/www.youthforequality.sk\/index.php\/wp-json\/wp\/v2\/users\/2"}],"replies":[{"embeddable":true,"href":"https:\/\/www.youthforequality.sk\/index.php\/wp-json\/wp\/v2\/comments?post=2717"}],"version-history":[{"count":5,"href":"https:\/\/www.youthforequality.sk\/index.php\/wp-json\/wp\/v2\/posts\/2717\/revisions"}],"predecessor-version":[{"id":2722,"href":"https:\/\/www.youthforequality.sk\/index.php\/wp-json\/wp\/v2\/posts\/2717\/revisions\/2722"}],"wp:featuredmedia":[{"embeddable":true,"href":"https:\/\/www.youthforequality.sk\/index.php\/wp-json\/wp\/v2\/media\/596"}],"wp:attachment":[{"href":"https:\/\/www.youthforequality.sk\/index.php\/wp-json\/wp\/v2\/media?parent=2717"}],"wp:term":[{"taxonomy":"category","embeddable":true,"href":"https:\/\/www.youthforequality.sk\/index.php\/wp-json\/wp\/v2\/categories?post=2717"},{"taxonomy":"post_tag","embeddable":true,"href":"https:\/\/www.youthforequality.sk\/index.php\/wp-json\/wp\/v2\/tags?post=2717"}],"curies":[{"name":"wp","href":"https:\/\/api.w.org\/{rel}","templated":true}]}}