{"id":2813,"date":"2021-04-10T10:26:21","date_gmt":"2021-04-10T08:26:21","guid":{"rendered":"https:\/\/www.youthforequality.sk\/?p=2813"},"modified":"2021-04-10T10:52:17","modified_gmt":"2021-04-10T08:52:17","slug":"a","status":"publish","type":"post","link":"https:\/\/www.youthforequality.sk\/index.php\/2021\/04\/10\/a\/","title":{"rendered":"&#8222;Je to pr\u00e1ve o t\u00fdch ka\u017edodenn\u00fdch mali\u010dkostiach, ktor\u00e9 si postupne osvoj\u00edm.&#8220;"},"content":{"rendered":"\t\t<div data-elementor-type=\"wp-post\" data-elementor-id=\"2813\" class=\"elementor elementor-2813\">\n\t\t\t\t\t\t<section class=\"elementor-section elementor-top-section elementor-element elementor-element-54fcaa3 elementor-section-boxed elementor-section-height-default elementor-section-height-default\" data-id=\"54fcaa3\" data-element_type=\"section\" data-e-type=\"section\">\n\t\t\t\t\t\t<div class=\"elementor-container elementor-column-gap-default\">\n\t\t\t\t\t<div class=\"elementor-column elementor-col-100 elementor-top-column elementor-element elementor-element-4d6cd82\" data-id=\"4d6cd82\" data-element_type=\"column\" data-e-type=\"column\">\n\t\t\t<div class=\"elementor-widget-wrap elementor-element-populated\">\n\t\t\t\t\t\t<div class=\"elementor-element elementor-element-c465c1b elementor-widget elementor-widget-text-editor\" data-id=\"c465c1b\" data-element_type=\"widget\" data-e-type=\"widget\" data-widget_type=\"text-editor.default\">\n\t\t\t\t<div class=\"elementor-widget-container\">\n\t\t\t\t\t\t\t\t\t<p><span style=\"font-weight: 400;\">U\u017e od za\u010diatku strednej \u0161koly som sa za\u010dala viac zauj\u00edma\u0165 o\u00a0udr\u017eate\u013enos\u0165, sna\u017eila som sa n\u00e1js\u0165 sp\u00f4soby,\u00a0 ako pom\u00f4c\u0165 na\u0161ej plan\u00e9te, no \u010dasto som zlyhala, preto\u017ee som si nadstavila nere\u00e1lne ciele, ktor\u00e9 som nikdy nedosiahla. Ve\u013ea sa zmenilo, ke\u010f sme spolu so skupinkou \u010fal\u0161\u00edch mlad\u00fdch \u013eud\u00ed vymysleli projekt Think globally, act locally \u2013 \u010do v\u00a0preklade znamen\u00e1 \u2013 Mysli glob\u00e1lne, konaj lok\u00e1lne. Cie\u013eom tohto projektu je organizova\u0165 r\u00f4zne predn\u00e1\u0161ky, podujatia \u010di workshopy, v\u00a0ktor\u00fdch hovor\u00edme o\u00a0sp\u00f4soboch, ako \u017ei\u0165 udr\u017eatelnej\u0161ie. Z\u00a0osobnej sk\u00fasenosti m\u00f4\u017eem poveda\u0165, \u017ee ma tento projekt naozaj \u201cnakopol\u201d a\u00a0uvedomila som si, \u017ee nemus\u00edm robi\u0165 obrovsk\u00e9 veci, aby som bola o\u00a0krok bli\u017e\u0161ie k\u00a0udr\u017eate\u013en\u00e9mu \u017eivotu, ale, \u017ee je to pr\u00e1ve o\u00a0t\u00fdch ka\u017edodenn\u00fdch mali\u010dkostiach, ktor\u00e9 si postupne osvoj\u00edm a\u00a0stan\u00fa sa s\u00fa\u010das\u0165ou m\u00f4jho \u017eivotn\u00e9ho \u0161t\u00fdlu. Ako \u010fal\u0161ie pozit\u00edvum tohto projektu hodnot\u00edm to, \u017ee som spoznala mno\u017estvo \u013eud\u00ed, ktor\u00ed sa zauj\u00edmaj\u00fa o\u00a0podobn\u00e9 problematiky ako ja. \u00daprimne som si nikdy nemyslela, \u017ee to\u013eko \u013eud\u00ed v\u00a0mojom okol\u00ed vn\u00edma t\u00e9mu udr\u017eate\u013enosti podobne a\u00a0sna\u017e\u00ed sa urobi\u0165 nie\u010do pre na\u0161u plan\u00e9tu. Zo za\u010diatku bolo s\u00edce n\u00e1ro\u010dnej\u0161ie oslovi\u0165 \u0161ir\u0161iu verejnos\u0165, aby sa \u013eudia z\u00fa\u010dastnili na na\u0161ich aktivit\u00e1ch, no po \u010dase sme zistili, ako sa dosta\u0165 viac do povedomia a\u00a0zv\u00fd\u0161i\u0165 tak \u00fa\u010das\u0165 na akci\u00e1ch. Som v\u010fa\u010dn\u00e1, \u017ee m\u00e1m mo\u017enos\u0165 v\u010faka organiz\u00e1cii Youth for Equality realizova\u0165 svoje n\u00e1pady spolu s\u00a0\u010fal\u0161\u00edmi mlad\u00fdmi \u013eu\u010fmi a\u00a0svoj vo\u013en\u00fd \u010das efekt\u00edvne vyu\u017e\u00edva\u0165.<\/span><\/p><p>\u00a0<\/p><p><span style=\"font-weight: 400;\">Zuzka Dziv\u00e1kov\u00e1, Bilingv\u00e1lne gymn\u00e1zium J\u00e1na Holl\u00e9ho, Trnava<\/span><\/p><p>\u00a0<\/p><p>Pre\u010d\u00edtajte si viac o projektoch <a href=\"http:\/\/www.thinkgloballyactlocally.eu\">Think globally, act locally<\/a> a <a href=\"https:\/\/www.youthforequality.sk\/index.php\/2021\/04\/06\/eco-bridge-for-caribbean\/\">Eco-bridge for Caribbean<\/a>, na ktor\u00fdch sa Zuzka podie\u013ea.\u00a0<\/p>\t\t\t\t\t\t\t\t<\/div>\n\t\t\t\t<\/div>\n\t\t\t\t\t<\/div>\n\t\t<\/div>\n\t\t\t\t\t<\/div>\n\t\t<\/section>\n\t\t\t\t<\/div>\n\t\t","protected":false},"excerpt":{"rendered":"<p>U\u017e od za\u010diatku strednej \u0161koly som sa za\u010dala viac zauj\u00edma\u0165 o&nbsp;udr\u017eate\u013enos\u0165, sna\u017eila som sa n\u00e1js\u0165 sp\u00f4soby,&nbsp; ako pom\u00f4c\u0165 na\u0161ej plan\u00e9te, no \u010dasto som zlyhala, preto\u017ee som si nadstavila nere\u00e1lne ciele, ktor\u00e9 som nikdy nedosiahla. Ve\u013ea sa zmenilo, ke\u010f sme spolu so skupinkou \u010fal\u0161\u00edch mlad\u00fdch \u013eud\u00ed vymysleli projekt Think globally, act locally \u2013 \u010do v&nbsp;preklade znamen\u00e1&hellip;&nbsp;<a href=\"https:\/\/www.youthforequality.sk\/index.php\/2021\/04\/10\/a\/\" class=\"\" rel=\"bookmark\">\u010c\u00edta\u0165 viac &raquo;<span class=\"screen-reader-text\">&#8222;Je to pr\u00e1ve o t\u00fdch ka\u017edodenn\u00fdch mali\u010dkostiach, ktor\u00e9 si postupne osvoj\u00edm.&#8220;<\/span><\/a><\/p>\n","protected":false},"author":2,"featured_media":2822,"comment_status":"closed","ping_status":"open","sticky":false,"template":"","format":"standard","meta":{"_uf_show_specific_survey":0,"_uf_disable_surveys":false,"neve_meta_sidebar":"","neve_meta_container":"","neve_meta_enable_content_width":"","neve_meta_content_width":0,"neve_meta_title_alignment":"","neve_meta_author_avatar":"","neve_post_elements_order":"","neve_meta_disable_header":"","neve_meta_disable_footer":"","neve_meta_disable_title":"","_themeisle_gutenberg_block_has_review":false,"footnotes":""},"categories":[3],"tags":[],"class_list":["post-2813","post","type-post","status-publish","format-standard","has-post-thumbnail","hentry","category-blog"],"yoast_head":"<!-- This site is optimized with the Yoast SEO plugin v27.4 - https:\/\/yoast.com\/product\/yoast-seo-wordpress\/ -->\n<title>&quot;Je to pr\u00e1ve o t\u00fdch ka\u017edodenn\u00fdch mali\u010dkostiach, ktor\u00e9 si postupne osvoj\u00edm.&quot; |<\/title>\n<meta name=\"robots\" content=\"index, follow, max-snippet:-1, max-image-preview:large, max-video-preview:-1\" \/>\n<link rel=\"canonical\" href=\"https:\/\/www.youthforequality.sk\/index.php\/2021\/04\/10\/a\/\" \/>\n<meta property=\"og:locale\" content=\"sk_SK\" \/>\n<meta property=\"og:type\" content=\"article\" \/>\n<meta property=\"og:title\" content=\"&quot;Je to pr\u00e1ve o t\u00fdch ka\u017edodenn\u00fdch mali\u010dkostiach, ktor\u00e9 si postupne osvoj\u00edm.&quot; |\" \/>\n<meta property=\"og:description\" content=\"U\u017e od za\u010diatku strednej \u0161koly som sa za\u010dala viac zauj\u00edma\u0165 o&nbsp;udr\u017eate\u013enos\u0165, sna\u017eila som sa n\u00e1js\u0165 sp\u00f4soby,&nbsp; ako pom\u00f4c\u0165 na\u0161ej plan\u00e9te, no \u010dasto som zlyhala, preto\u017ee som si nadstavila nere\u00e1lne ciele, ktor\u00e9 som nikdy nedosiahla. Ve\u013ea sa zmenilo, ke\u010f sme spolu so skupinkou \u010fal\u0161\u00edch mlad\u00fdch \u013eud\u00ed vymysleli projekt Think globally, act locally \u2013 \u010do v&nbsp;preklade znamen\u00e1&hellip;&nbsp;\u010c\u00edta\u0165 viac &raquo;&#8222;Je to pr\u00e1ve o t\u00fdch ka\u017edodenn\u00fdch mali\u010dkostiach, ktor\u00e9 si postupne osvoj\u00edm.&#8220;\" \/>\n<meta property=\"og:url\" content=\"https:\/\/www.youthforequality.sk\/index.php\/2021\/04\/10\/a\/\" \/>\n<meta property=\"article:publisher\" content=\"https:\/\/www.facebook.com\/yeslovakia\" \/>\n<meta property=\"article:published_time\" content=\"2021-04-10T08:26:21+00:00\" \/>\n<meta property=\"article:modified_time\" content=\"2021-04-10T08:52:17+00:00\" \/>\n<meta property=\"og:image\" content=\"https:\/\/www.youthforequality.sk\/wp-content\/uploads\/2021\/04\/testimoniall.jpeg\" \/>\n\t<meta property=\"og:image:width\" content=\"1600\" \/>\n\t<meta property=\"og:image:height\" content=\"1067\" \/>\n\t<meta property=\"og:image:type\" content=\"image\/jpeg\" \/>\n<meta name=\"author\" content=\"Diana Ja\u0161ekov\u00e1\" \/>\n<meta name=\"twitter:card\" content=\"summary_large_image\" \/>\n<meta name=\"twitter:label1\" content=\"Autor\" \/>\n\t<meta name=\"twitter:data1\" content=\"Diana Ja\u0161ekov\u00e1\" \/>\n\t<meta name=\"twitter:label2\" content=\"Predpokladan\u00fd \u010das \u010d\u00edtania\" \/>\n\t<meta name=\"twitter:data2\" content=\"2 min\u00faty\" \/>\n<script type=\"application\/ld+json\" class=\"yoast-schema-graph\">{\"@context\":\"https:\\\/\\\/schema.org\",\"@graph\":[{\"@type\":\"Article\",\"@id\":\"https:\\\/\\\/www.youthforequality.sk\\\/index.php\\\/2021\\\/04\\\/10\\\/a\\\/#article\",\"isPartOf\":{\"@id\":\"https:\\\/\\\/www.youthforequality.sk\\\/index.php\\\/2021\\\/04\\\/10\\\/a\\\/\"},\"author\":{\"name\":\"Diana Ja\u0161ekov\u00e1\",\"@id\":\"https:\\\/\\\/www.youthforequality.sk\\\/#\\\/schema\\\/person\\\/be8fe75a4ed9c28400bc99a029218b24\"},\"headline\":\"&#8222;Je to pr\u00e1ve o t\u00fdch ka\u017edodenn\u00fdch mali\u010dkostiach, ktor\u00e9 si postupne osvoj\u00edm.&#8220;\",\"datePublished\":\"2021-04-10T08:26:21+00:00\",\"dateModified\":\"2021-04-10T08:52:17+00:00\",\"mainEntityOfPage\":{\"@id\":\"https:\\\/\\\/www.youthforequality.sk\\\/index.php\\\/2021\\\/04\\\/10\\\/a\\\/\"},\"wordCount\":375,\"publisher\":{\"@id\":\"https:\\\/\\\/www.youthforequality.sk\\\/#organization\"},\"image\":{\"@id\":\"https:\\\/\\\/www.youthforequality.sk\\\/index.php\\\/2021\\\/04\\\/10\\\/a\\\/#primaryimage\"},\"thumbnailUrl\":\"https:\\\/\\\/www.youthforequality.sk\\\/wp-content\\\/uploads\\\/2021\\\/04\\\/testimoniall.jpeg\",\"articleSection\":[\"Blog\"],\"inLanguage\":\"sk-SK\"},{\"@type\":\"WebPage\",\"@id\":\"https:\\\/\\\/www.youthforequality.sk\\\/index.php\\\/2021\\\/04\\\/10\\\/a\\\/\",\"url\":\"https:\\\/\\\/www.youthforequality.sk\\\/index.php\\\/2021\\\/04\\\/10\\\/a\\\/\",\"name\":\"\\\"Je to pr\u00e1ve o t\u00fdch ka\u017edodenn\u00fdch mali\u010dkostiach, ktor\u00e9 si postupne osvoj\u00edm.\\\" |\",\"isPartOf\":{\"@id\":\"https:\\\/\\\/www.youthforequality.sk\\\/#website\"},\"primaryImageOfPage\":{\"@id\":\"https:\\\/\\\/www.youthforequality.sk\\\/index.php\\\/2021\\\/04\\\/10\\\/a\\\/#primaryimage\"},\"image\":{\"@id\":\"https:\\\/\\\/www.youthforequality.sk\\\/index.php\\\/2021\\\/04\\\/10\\\/a\\\/#primaryimage\"},\"thumbnailUrl\":\"https:\\\/\\\/www.youthforequality.sk\\\/wp-content\\\/uploads\\\/2021\\\/04\\\/testimoniall.jpeg\",\"datePublished\":\"2021-04-10T08:26:21+00:00\",\"dateModified\":\"2021-04-10T08:52:17+00:00\",\"breadcrumb\":{\"@id\":\"https:\\\/\\\/www.youthforequality.sk\\\/index.php\\\/2021\\\/04\\\/10\\\/a\\\/#breadcrumb\"},\"inLanguage\":\"sk-SK\",\"potentialAction\":[{\"@type\":\"ReadAction\",\"target\":[\"https:\\\/\\\/www.youthforequality.sk\\\/index.php\\\/2021\\\/04\\\/10\\\/a\\\/\"]}]},{\"@type\":\"ImageObject\",\"inLanguage\":\"sk-SK\",\"@id\":\"https:\\\/\\\/www.youthforequality.sk\\\/index.php\\\/2021\\\/04\\\/10\\\/a\\\/#primaryimage\",\"url\":\"https:\\\/\\\/www.youthforequality.sk\\\/wp-content\\\/uploads\\\/2021\\\/04\\\/testimoniall.jpeg\",\"contentUrl\":\"https:\\\/\\\/www.youthforequality.sk\\\/wp-content\\\/uploads\\\/2021\\\/04\\\/testimoniall.jpeg\",\"width\":1600,\"height\":1067},{\"@type\":\"BreadcrumbList\",\"@id\":\"https:\\\/\\\/www.youthforequality.sk\\\/index.php\\\/2021\\\/04\\\/10\\\/a\\\/#breadcrumb\",\"itemListElement\":[{\"@type\":\"ListItem\",\"position\":1,\"name\":\"Home\",\"item\":\"https:\\\/\\\/www.youthforequality.sk\\\/\"},{\"@type\":\"ListItem\",\"position\":2,\"name\":\"&#8222;Je to pr\u00e1ve o t\u00fdch ka\u017edodenn\u00fdch mali\u010dkostiach, ktor\u00e9 si postupne osvoj\u00edm.&#8220;\"}]},{\"@type\":\"WebSite\",\"@id\":\"https:\\\/\\\/www.youthforequality.sk\\\/#website\",\"url\":\"https:\\\/\\\/www.youthforequality.sk\\\/\",\"name\":\"\",\"description\":\"\",\"publisher\":{\"@id\":\"https:\\\/\\\/www.youthforequality.sk\\\/#organization\"},\"potentialAction\":[{\"@type\":\"SearchAction\",\"target\":{\"@type\":\"EntryPoint\",\"urlTemplate\":\"https:\\\/\\\/www.youthforequality.sk\\\/?s={search_term_string}\"},\"query-input\":{\"@type\":\"PropertyValueSpecification\",\"valueRequired\":true,\"valueName\":\"search_term_string\"}}],\"inLanguage\":\"sk-SK\"},{\"@type\":\"Organization\",\"@id\":\"https:\\\/\\\/www.youthforequality.sk\\\/#organization\",\"name\":\"Youth for Equality\",\"url\":\"https:\\\/\\\/www.youthforequality.sk\\\/\",\"logo\":{\"@type\":\"ImageObject\",\"inLanguage\":\"sk-SK\",\"@id\":\"https:\\\/\\\/www.youthforequality.sk\\\/#\\\/schema\\\/logo\\\/image\\\/\",\"url\":\"https:\\\/\\\/www.youthforequality.sk\\\/wp-content\\\/uploads\\\/2021\\\/01\\\/vynovene-logo-nove-farby_modra-na-web.png\",\"contentUrl\":\"https:\\\/\\\/www.youthforequality.sk\\\/wp-content\\\/uploads\\\/2021\\\/01\\\/vynovene-logo-nove-farby_modra-na-web.png\",\"width\":1,\"height\":1,\"caption\":\"Youth for Equality\"},\"image\":{\"@id\":\"https:\\\/\\\/www.youthforequality.sk\\\/#\\\/schema\\\/logo\\\/image\\\/\"},\"sameAs\":[\"https:\\\/\\\/www.facebook.com\\\/yeslovakia\"]},{\"@type\":\"Person\",\"@id\":\"https:\\\/\\\/www.youthforequality.sk\\\/#\\\/schema\\\/person\\\/be8fe75a4ed9c28400bc99a029218b24\",\"name\":\"Diana Ja\u0161ekov\u00e1\",\"image\":{\"@type\":\"ImageObject\",\"inLanguage\":\"sk-SK\",\"@id\":\"https:\\\/\\\/secure.gravatar.com\\\/avatar\\\/8c7454049523c9673804cf321f89b38fd4fcd5aa5ad8961f32caaf292dfd996f?s=96&d=mm&r=g\",\"url\":\"https:\\\/\\\/secure.gravatar.com\\\/avatar\\\/8c7454049523c9673804cf321f89b38fd4fcd5aa5ad8961f32caaf292dfd996f?s=96&d=mm&r=g\",\"contentUrl\":\"https:\\\/\\\/secure.gravatar.com\\\/avatar\\\/8c7454049523c9673804cf321f89b38fd4fcd5aa5ad8961f32caaf292dfd996f?s=96&d=mm&r=g\",\"caption\":\"Diana Ja\u0161ekov\u00e1\"},\"url\":\"https:\\\/\\\/www.youthforequality.sk\\\/index.php\\\/author\\\/diajas\\\/\"}]}<\/script>\n<!-- \/ Yoast SEO plugin. -->","yoast_head_json":{"title":"\"Je to pr\u00e1ve o t\u00fdch ka\u017edodenn\u00fdch mali\u010dkostiach, ktor\u00e9 si postupne osvoj\u00edm.\" |","robots":{"index":"index","follow":"follow","max-snippet":"max-snippet:-1","max-image-preview":"max-image-preview:large","max-video-preview":"max-video-preview:-1"},"canonical":"https:\/\/www.youthforequality.sk\/index.php\/2021\/04\/10\/a\/","og_locale":"sk_SK","og_type":"article","og_title":"\"Je to pr\u00e1ve o t\u00fdch ka\u017edodenn\u00fdch mali\u010dkostiach, ktor\u00e9 si postupne osvoj\u00edm.\" |","og_description":"U\u017e od za\u010diatku strednej \u0161koly som sa za\u010dala viac zauj\u00edma\u0165 o&nbsp;udr\u017eate\u013enos\u0165, sna\u017eila som sa n\u00e1js\u0165 sp\u00f4soby,&nbsp; ako pom\u00f4c\u0165 na\u0161ej plan\u00e9te, no \u010dasto som zlyhala, preto\u017ee som si nadstavila nere\u00e1lne ciele, ktor\u00e9 som nikdy nedosiahla. Ve\u013ea sa zmenilo, ke\u010f sme spolu so skupinkou \u010fal\u0161\u00edch mlad\u00fdch \u013eud\u00ed vymysleli projekt Think globally, act locally \u2013 \u010do v&nbsp;preklade znamen\u00e1&hellip;&nbsp;\u010c\u00edta\u0165 viac &raquo;&#8222;Je to pr\u00e1ve o t\u00fdch ka\u017edodenn\u00fdch mali\u010dkostiach, ktor\u00e9 si postupne osvoj\u00edm.&#8220;","og_url":"https:\/\/www.youthforequality.sk\/index.php\/2021\/04\/10\/a\/","article_publisher":"https:\/\/www.facebook.com\/yeslovakia","article_published_time":"2021-04-10T08:26:21+00:00","article_modified_time":"2021-04-10T08:52:17+00:00","og_image":[{"width":1600,"height":1067,"url":"https:\/\/www.youthforequality.sk\/wp-content\/uploads\/2021\/04\/testimoniall.jpeg","type":"image\/jpeg"}],"author":"Diana Ja\u0161ekov\u00e1","twitter_card":"summary_large_image","twitter_misc":{"Autor":"Diana Ja\u0161ekov\u00e1","Predpokladan\u00fd \u010das \u010d\u00edtania":"2 min\u00faty"},"schema":{"@context":"https:\/\/schema.org","@graph":[{"@type":"Article","@id":"https:\/\/www.youthforequality.sk\/index.php\/2021\/04\/10\/a\/#article","isPartOf":{"@id":"https:\/\/www.youthforequality.sk\/index.php\/2021\/04\/10\/a\/"},"author":{"name":"Diana Ja\u0161ekov\u00e1","@id":"https:\/\/www.youthforequality.sk\/#\/schema\/person\/be8fe75a4ed9c28400bc99a029218b24"},"headline":"&#8222;Je to pr\u00e1ve o t\u00fdch ka\u017edodenn\u00fdch mali\u010dkostiach, ktor\u00e9 si postupne osvoj\u00edm.&#8220;","datePublished":"2021-04-10T08:26:21+00:00","dateModified":"2021-04-10T08:52:17+00:00","mainEntityOfPage":{"@id":"https:\/\/www.youthforequality.sk\/index.php\/2021\/04\/10\/a\/"},"wordCount":375,"publisher":{"@id":"https:\/\/www.youthforequality.sk\/#organization"},"image":{"@id":"https:\/\/www.youthforequality.sk\/index.php\/2021\/04\/10\/a\/#primaryimage"},"thumbnailUrl":"https:\/\/www.youthforequality.sk\/wp-content\/uploads\/2021\/04\/testimoniall.jpeg","articleSection":["Blog"],"inLanguage":"sk-SK"},{"@type":"WebPage","@id":"https:\/\/www.youthforequality.sk\/index.php\/2021\/04\/10\/a\/","url":"https:\/\/www.youthforequality.sk\/index.php\/2021\/04\/10\/a\/","name":"\"Je to pr\u00e1ve o t\u00fdch ka\u017edodenn\u00fdch mali\u010dkostiach, ktor\u00e9 si postupne osvoj\u00edm.\" |","isPartOf":{"@id":"https:\/\/www.youthforequality.sk\/#website"},"primaryImageOfPage":{"@id":"https:\/\/www.youthforequality.sk\/index.php\/2021\/04\/10\/a\/#primaryimage"},"image":{"@id":"https:\/\/www.youthforequality.sk\/index.php\/2021\/04\/10\/a\/#primaryimage"},"thumbnailUrl":"https:\/\/www.youthforequality.sk\/wp-content\/uploads\/2021\/04\/testimoniall.jpeg","datePublished":"2021-04-10T08:26:21+00:00","dateModified":"2021-04-10T08:52:17+00:00","breadcrumb":{"@id":"https:\/\/www.youthforequality.sk\/index.php\/2021\/04\/10\/a\/#breadcrumb"},"inLanguage":"sk-SK","potentialAction":[{"@type":"ReadAction","target":["https:\/\/www.youthforequality.sk\/index.php\/2021\/04\/10\/a\/"]}]},{"@type":"ImageObject","inLanguage":"sk-SK","@id":"https:\/\/www.youthforequality.sk\/index.php\/2021\/04\/10\/a\/#primaryimage","url":"https:\/\/www.youthforequality.sk\/wp-content\/uploads\/2021\/04\/testimoniall.jpeg","contentUrl":"https:\/\/www.youthforequality.sk\/wp-content\/uploads\/2021\/04\/testimoniall.jpeg","width":1600,"height":1067},{"@type":"BreadcrumbList","@id":"https:\/\/www.youthforequality.sk\/index.php\/2021\/04\/10\/a\/#breadcrumb","itemListElement":[{"@type":"ListItem","position":1,"name":"Home","item":"https:\/\/www.youthforequality.sk\/"},{"@type":"ListItem","position":2,"name":"&#8222;Je to pr\u00e1ve o t\u00fdch ka\u017edodenn\u00fdch mali\u010dkostiach, ktor\u00e9 si postupne osvoj\u00edm.&#8220;"}]},{"@type":"WebSite","@id":"https:\/\/www.youthforequality.sk\/#website","url":"https:\/\/www.youthforequality.sk\/","name":"","description":"","publisher":{"@id":"https:\/\/www.youthforequality.sk\/#organization"},"potentialAction":[{"@type":"SearchAction","target":{"@type":"EntryPoint","urlTemplate":"https:\/\/www.youthforequality.sk\/?s={search_term_string}"},"query-input":{"@type":"PropertyValueSpecification","valueRequired":true,"valueName":"search_term_string"}}],"inLanguage":"sk-SK"},{"@type":"Organization","@id":"https:\/\/www.youthforequality.sk\/#organization","name":"Youth for Equality","url":"https:\/\/www.youthforequality.sk\/","logo":{"@type":"ImageObject","inLanguage":"sk-SK","@id":"https:\/\/www.youthforequality.sk\/#\/schema\/logo\/image\/","url":"https:\/\/www.youthforequality.sk\/wp-content\/uploads\/2021\/01\/vynovene-logo-nove-farby_modra-na-web.png","contentUrl":"https:\/\/www.youthforequality.sk\/wp-content\/uploads\/2021\/01\/vynovene-logo-nove-farby_modra-na-web.png","width":1,"height":1,"caption":"Youth for Equality"},"image":{"@id":"https:\/\/www.youthforequality.sk\/#\/schema\/logo\/image\/"},"sameAs":["https:\/\/www.facebook.com\/yeslovakia"]},{"@type":"Person","@id":"https:\/\/www.youthforequality.sk\/#\/schema\/person\/be8fe75a4ed9c28400bc99a029218b24","name":"Diana Ja\u0161ekov\u00e1","image":{"@type":"ImageObject","inLanguage":"sk-SK","@id":"https:\/\/secure.gravatar.com\/avatar\/8c7454049523c9673804cf321f89b38fd4fcd5aa5ad8961f32caaf292dfd996f?s=96&d=mm&r=g","url":"https:\/\/secure.gravatar.com\/avatar\/8c7454049523c9673804cf321f89b38fd4fcd5aa5ad8961f32caaf292dfd996f?s=96&d=mm&r=g","contentUrl":"https:\/\/secure.gravatar.com\/avatar\/8c7454049523c9673804cf321f89b38fd4fcd5aa5ad8961f32caaf292dfd996f?s=96&d=mm&r=g","caption":"Diana Ja\u0161ekov\u00e1"},"url":"https:\/\/www.youthforequality.sk\/index.php\/author\/diajas\/"}]}},"_links":{"self":[{"href":"https:\/\/www.youthforequality.sk\/index.php\/wp-json\/wp\/v2\/posts\/2813","targetHints":{"allow":["GET"]}}],"collection":[{"href":"https:\/\/www.youthforequality.sk\/index.php\/wp-json\/wp\/v2\/posts"}],"about":[{"href":"https:\/\/www.youthforequality.sk\/index.php\/wp-json\/wp\/v2\/types\/post"}],"author":[{"embeddable":true,"href":"https:\/\/www.youthforequality.sk\/index.php\/wp-json\/wp\/v2\/users\/2"}],"replies":[{"embeddable":true,"href":"https:\/\/www.youthforequality.sk\/index.php\/wp-json\/wp\/v2\/comments?post=2813"}],"version-history":[{"count":7,"href":"https:\/\/www.youthforequality.sk\/index.php\/wp-json\/wp\/v2\/posts\/2813\/revisions"}],"predecessor-version":[{"id":2823,"href":"https:\/\/www.youthforequality.sk\/index.php\/wp-json\/wp\/v2\/posts\/2813\/revisions\/2823"}],"wp:featuredmedia":[{"embeddable":true,"href":"https:\/\/www.youthforequality.sk\/index.php\/wp-json\/wp\/v2\/media\/2822"}],"wp:attachment":[{"href":"https:\/\/www.youthforequality.sk\/index.php\/wp-json\/wp\/v2\/media?parent=2813"}],"wp:term":[{"taxonomy":"category","embeddable":true,"href":"https:\/\/www.youthforequality.sk\/index.php\/wp-json\/wp\/v2\/categories?post=2813"},{"taxonomy":"post_tag","embeddable":true,"href":"https:\/\/www.youthforequality.sk\/index.php\/wp-json\/wp\/v2\/tags?post=2813"}],"curies":[{"name":"wp","href":"https:\/\/api.w.org\/{rel}","templated":true}]}}